{"id":151138,"date":"2026-03-13T11:30:00","date_gmt":"2026-03-13T10:30:00","guid":{"rendered":"https:\/\/www.immo-invest.ch\/?p=151138"},"modified":"2026-03-11T10:16:33","modified_gmt":"2026-03-11T09:16:33","slug":"temporaerbau-spezialist-expandiert-in-den-westbalkan","status":"publish","type":"post","link":"https:\/\/www.immo-invest.ch\/fr\/temporaerbau-spezialist-expandiert-in-den-westbalkan\/","title":{"rendered":"Le sp\u00e9cialiste de la construction temporaire s&rsquo;\u00e9tend dans les Balkans occidentaux"},"content":{"rendered":"<p class=\"bodytext\"><a href=\"https:\/\/www.nussli.com\/de\/\" target=\"_blank\" rel=\"noopener\">La soci&eacute;t&eacute; N&uuml;ssli<\/a>, bas&eacute;e &agrave; H&uuml;ttwilen, a ouvert son propre bureau dans la capitale serbe, Belgrade. Avec cette initiative, l&rsquo;entreprise sp&eacute;cialis&eacute;e dans les constructions temporaires souhaite &eacute;tendre sa pr&eacute;sence dans les Balkans occidentaux. L&rsquo;ouverture du bureau sert &eacute;galement &agrave; pr&eacute;parer <a href=\"https:\/\/expobelgrade2027.org\/en\/intro\" target=\"_blank\" rel=\"noopener\">l&rsquo;Expo 2027<\/a>, qui se tiendra &agrave; Belgrade du 15 mai au 15 ao&ucirc;t 2027, selon un <a href=\"https:\/\/www.nussli.com\/de\/news\/nussli-eroffnet-buro-in-belgrad-vorbereitung-auf-die-expo-2027-lauft\" target=\"_blank\" rel=\"noopener\">communiqu&eacute;<\/a>.<\/p>\n<p class=\"bodytext\">L&rsquo;Expo 2027 aura pour th&egrave;me &laquo; Play for Humanity &ndash; Sport and Music for All &raquo;. Avec ses &eacute;quipes exp&eacute;riment&eacute;es, N&uuml;ssli propose d&rsquo;accompagner les pays et les organisations en tant que partenaire global, de la conception &agrave; la r&eacute;alisation de pavillons et de projets. L&rsquo;entreprise thurgovienne propose des services d&rsquo;architecture de pavillons, de conception d&rsquo;expositions et des solutions sp&eacute;ciales telles que la conception de fa&ccedil;ades, de sculptures et d&rsquo;expositions, qui permettent de mettre en valeur les pr&eacute;sentations des pays sur le plan visuel et spatial.<\/p>\n<p class=\"bodytext\">Pour l&rsquo;Expo 2025 &agrave; Osaka, N&uuml;ssli &eacute;tait responsable de cinq pavillons nationaux. Quatre d&rsquo;entre eux ont re&ccedil;u, &agrave; la fin de l&rsquo;Expo, les Official Participant Awards d&eacute;cern&eacute;s par le Bureau International des Expositions (<a href=\"https:\/\/www.bie-paris.org\/site\/en\/what-is-the-bie\" target=\"_blank\" rel=\"noopener\">BIE<\/a>).<\/p>\n","protected":false},"excerpt":{"rendered":"<p>La soci\u00e9t\u00e9 N\u00fcssli (Suisse) AG, sp\u00e9cialis\u00e9e dans les constructions temporaires, a ouvert un bureau \u00e0 Belgrade. Avec son si\u00e8ge dans la capitale serbe, N\u00fcssli souhaite \u00e9largir son portefeuille dans les Balkans occidentaux et se pr\u00e9parer \u00e0 l&rsquo;Expo qui se tiendra du 15 mai au 15 ao\u00fbt 2027.<\/p>\n","protected":false},"author":2,"featured_media":151139,"comment_status":"open","ping_status":"open","sticky":false,"template":"","format":"standard","meta":{"pmpro_default_level":"","inline_featured_image":false,"_monsterinsights_skip_tracking":false,"footnotes":""},"categories":[22696,743,22357,55970],"tags":[57725,872,3931,12805,2002,57726],"class_list":["post-151138","post","type-post","status-publish","format-standard","has-post-thumbnail","hentry","category-entreprise","category-immonews-fr","category-industrie-du-batiment","category-transactions-deals","tag-expo-architektur","tag-immoinvest-fr","tag-immonews-fr","tag-internationalisierung-fr","tag-news-fr","tag-temporaerbauten","pmpro-has-access"],"acf":{"bild_mit_ki_erstellt_worden":["Ja"],"lead":"La soci\u00e9t\u00e9 N\u00fcssli (Suisse) AG, sp\u00e9cialis\u00e9e dans les constructions temporaires, a ouvert un bureau \u00e0 Belgrade. Avec son si\u00e8ge dans la capitale serbe, N\u00fcssli souhaite \u00e9largir son portefeuille dans les Balkans occidentaux et se pr\u00e9parer \u00e0 l'Expo qui se tiendra du 15 mai au 15 ao\u00fbt 2027.","autor":"ce\/ww","ort":"H\u00fcttwilen TG\/Belgrad","bildunterschrift":"","bild_im_grid":false,"gallerie":"","newsim":""},"aioseo_notices":[],"aioseo_head":"\n\t\t<!-- All in One SEO 5.0.0.1 - aioseo.com -->\n\t<meta name=\"description\" content=\"La soci\u00e9t\u00e9 N\u00fcssli (Suisse) AG, sp\u00e9cialis\u00e9e dans les constructions temporaires, a ouvert un bureau \u00e0 Belgrade. Avec son si\u00e8ge dans la capitale serbe, N\u00fcssli souhaite \u00e9largir son portefeuille dans les Balkans occidentaux et se pr\u00e9parer \u00e0 l&#039;Expo qui se tiendra du 15 mai au 15 ao\u00fbt 2027.\" \/>\n\t<meta name=\"robots\" content=\"max-image-preview:large\" \/>\n\t<meta name=\"author\" content=\"immovestuser\"\/>\n\t<meta name=\"google-site-verification\" content=\"fHJKvgWpZCR2zVBHWfkQeFXC11qieUSff0HGNYfuyLA\" \/>\n\t<link rel=\"canonical\" href=\"https:\/\/www.immo-invest.ch\/fr\/temporaerbau-spezialist-expandiert-in-den-westbalkan\/\" \/>\n\t<meta name=\"generator\" content=\"All in One SEO (AIOSEO) 5.0.0.1\" \/>\n\t\t<meta property=\"og:locale\" content=\"fr_FR\" \/>\n\t\t<meta property=\"og:site_name\" content=\"immo!nvest - Die Plattform f\u00fcr Standorte und Immobilien - Die\u00a0Plattform f\u00fcr Standorte und Immobilien\" \/>\n\t\t<meta property=\"og:type\" content=\"article\" \/>\n\t\t<meta property=\"og:title\" content=\"Le sp\u00e9cialiste de la construction temporaire s\u2019\u00e9tend dans les Balkans occidentaux - immo!nvest - Die Plattform f\u00fcr Standorte und Immobilien\" \/>\n\t\t<meta property=\"og:description\" content=\"La soci\u00e9t\u00e9 N\u00fcssli (Suisse) AG, sp\u00e9cialis\u00e9e dans les constructions temporaires, a ouvert un bureau \u00e0 Belgrade. Avec son si\u00e8ge dans la capitale serbe, N\u00fcssli souhaite \u00e9largir son portefeuille dans les Balkans occidentaux et se pr\u00e9parer \u00e0 l&#039;Expo qui se tiendra du 15 mai au 15 ao\u00fbt 2027.\" \/>\n\t\t<meta property=\"og:url\" content=\"https:\/\/www.immo-invest.ch\/fr\/temporaerbau-spezialist-expandiert-in-den-westbalkan\/\" \/>\n\t\t<meta property=\"og:image\" content=\"https:\/\/www.immo-invest.ch\/wp-content\/uploads\/2026\/03\/banoviag_modern_international_expo_pavilion_architecture_with_31aba665-fb3b-4df1-ba9a-09511a4824d8_0.png\" \/>\n\t\t<meta property=\"og:image:secure_url\" content=\"https:\/\/www.immo-invest.ch\/wp-content\/uploads\/2026\/03\/banoviag_modern_international_expo_pavilion_architecture_with_31aba665-fb3b-4df1-ba9a-09511a4824d8_0.png\" \/>\n\t\t<meta property=\"og:image:width\" content=\"1536\" \/>\n\t\t<meta property=\"og:image:height\" content=\"768\" \/>\n\t\t<meta property=\"article:published_time\" content=\"2026-03-13T10:30:00+00:00\" \/>\n\t\t<meta property=\"article:modified_time\" content=\"2026-03-11T09:16:33+00:00\" \/>\n\t\t<meta property=\"article:publisher\" content=\"https:\/\/www.facebook.com\/people\/Immoinvest\/100077962920504\/\" \/>\n\t\t<meta name=\"twitter:card\" content=\"summary_large_image\" \/>\n\t\t<meta name=\"twitter:site\" content=\"@i\" \/>\n\t\t<meta name=\"twitter:title\" content=\"Le sp\u00e9cialiste de la construction temporaire s\u2019\u00e9tend dans les Balkans occidentaux - immo!nvest - Die Plattform f\u00fcr Standorte und Immobilien\" \/>\n\t\t<meta name=\"twitter:description\" content=\"La soci\u00e9t\u00e9 N\u00fcssli (Suisse) AG, sp\u00e9cialis\u00e9e dans les constructions temporaires, a ouvert un bureau \u00e0 Belgrade. Avec son si\u00e8ge dans la capitale serbe, N\u00fcssli souhaite \u00e9largir son portefeuille dans les Balkans occidentaux et se pr\u00e9parer \u00e0 l&#039;Expo qui se tiendra du 15 mai au 15 ao\u00fbt 2027.\" \/>\n\t\t<meta name=\"twitter:creator\" content=\"@i\" \/>\n\t\t<meta name=\"twitter:image\" content=\"https:\/\/www.immo-invest.ch\/wp-content\/uploads\/2026\/03\/banoviag_modern_international_expo_pavilion_architecture_with_31aba665-fb3b-4df1-ba9a-09511a4824d8_0.png\" \/>\n\t\t<script type=\"application\/ld+json\" class=\"aioseo-schema\">\n\t\t\t{\"@context\":\"https:\\\/\\\/schema.org\",\"@graph\":[{\"@type\":\"BlogPosting\",\"@id\":\"https:\\\/\\\/www.immo-invest.ch\\\/fr\\\/temporaerbau-spezialist-expandiert-in-den-westbalkan\\\/#blogposting\",\"name\":\"Le sp\\u00e9cialiste de la construction temporaire s\\u2019\\u00e9tend dans les Balkans occidentaux - immo!nvest - Die Plattform f\\u00fcr Standorte und Immobilien\",\"headline\":\"Le sp\\u00e9cialiste de la construction temporaire s&rsquo;\\u00e9tend dans les Balkans occidentaux\",\"author\":{\"@id\":\"https:\\\/\\\/www.immo-invest.ch\\\/fr\\\/author\\\/immovestuser\\\/#author\"},\"publisher\":{\"@id\":\"https:\\\/\\\/www.immo-invest.ch\\\/fr\\\/#organization\"},\"image\":{\"@type\":\"ImageObject\",\"url\":\"https:\\\/\\\/www.immo-invest.ch\\\/wp-content\\\/uploads\\\/2026\\\/03\\\/banoviag_modern_international_expo_pavilion_architecture_with_31aba665-fb3b-4df1-ba9a-09511a4824d8_0.png\",\"width\":1536,\"height\":768},\"datePublished\":\"2026-03-13T11:30:00+01:00\",\"dateModified\":\"2026-03-11T10:16:33+01:00\",\"inLanguage\":\"fr-FR\",\"mainEntityOfPage\":{\"@id\":\"https:\\\/\\\/www.immo-invest.ch\\\/fr\\\/temporaerbau-spezialist-expandiert-in-den-westbalkan\\\/#webpage\"},\"isPartOf\":{\"@id\":\"https:\\\/\\\/www.immo-invest.ch\\\/fr\\\/temporaerbau-spezialist-expandiert-in-den-westbalkan\\\/#webpage\"},\"articleSection\":\"Entreprise, immoNews, Industrie du b\\u00e2timent, Transactions \\\/ Deals, Expo Architektur, Immoinvest, immoNews, Internationalisierung, News, Tempor\\u00e4rbauten, Facultatif\"},{\"@type\":\"BreadcrumbList\",\"@id\":\"https:\\\/\\\/www.immo-invest.ch\\\/fr\\\/temporaerbau-spezialist-expandiert-in-den-westbalkan\\\/#breadcrumblist\",\"itemListElement\":[{\"@type\":\"ListItem\",\"@id\":\"https:\\\/\\\/www.immo-invest.ch\\\/fr\\\/#listItem\",\"position\":1,\"name\":\"Home\",\"item\":\"https:\\\/\\\/www.immo-invest.ch\\\/fr\\\/\",\"nextItem\":{\"@type\":\"ListItem\",\"@id\":\"https:\\\/\\\/www.immo-invest.ch\\\/fr\\\/categories\\\/trends-fr\\\/#listItem\",\"name\":\"Trends\"}},{\"@type\":\"ListItem\",\"@id\":\"https:\\\/\\\/www.immo-invest.ch\\\/fr\\\/categories\\\/trends-fr\\\/#listItem\",\"position\":2,\"name\":\"Trends\",\"item\":\"https:\\\/\\\/www.immo-invest.ch\\\/fr\\\/categories\\\/trends-fr\\\/\",\"nextItem\":{\"@type\":\"ListItem\",\"@id\":\"https:\\\/\\\/www.immo-invest.ch\\\/fr\\\/categories\\\/trends-fr\\\/industrie-du-batiment\\\/#listItem\",\"name\":\"Industrie du b\\u00e2timent\"},\"previousItem\":{\"@type\":\"ListItem\",\"@id\":\"https:\\\/\\\/www.immo-invest.ch\\\/fr\\\/#listItem\",\"name\":\"Home\"}},{\"@type\":\"ListItem\",\"@id\":\"https:\\\/\\\/www.immo-invest.ch\\\/fr\\\/categories\\\/trends-fr\\\/industrie-du-batiment\\\/#listItem\",\"position\":3,\"name\":\"Industrie du b\\u00e2timent\",\"item\":\"https:\\\/\\\/www.immo-invest.ch\\\/fr\\\/categories\\\/trends-fr\\\/industrie-du-batiment\\\/\",\"nextItem\":{\"@type\":\"ListItem\",\"@id\":\"https:\\\/\\\/www.immo-invest.ch\\\/fr\\\/temporaerbau-spezialist-expandiert-in-den-westbalkan\\\/#listItem\",\"name\":\"Le sp\\u00e9cialiste de la construction temporaire s&rsquo;\\u00e9tend dans les Balkans occidentaux\"},\"previousItem\":{\"@type\":\"ListItem\",\"@id\":\"https:\\\/\\\/www.immo-invest.ch\\\/fr\\\/categories\\\/trends-fr\\\/#listItem\",\"name\":\"Trends\"}},{\"@type\":\"ListItem\",\"@id\":\"https:\\\/\\\/www.immo-invest.ch\\\/fr\\\/temporaerbau-spezialist-expandiert-in-den-westbalkan\\\/#listItem\",\"position\":4,\"name\":\"Le sp\\u00e9cialiste de la construction temporaire s&rsquo;\\u00e9tend dans les Balkans occidentaux\",\"previousItem\":{\"@type\":\"ListItem\",\"@id\":\"https:\\\/\\\/www.immo-invest.ch\\\/fr\\\/categories\\\/trends-fr\\\/industrie-du-batiment\\\/#listItem\",\"name\":\"Industrie du b\\u00e2timent\"}}]},{\"@type\":\"Organization\",\"@id\":\"https:\\\/\\\/www.immo-invest.ch\\\/fr\\\/#organization\",\"name\":\"immo!nvest - Die Plattform f\\u00fcr Standorte und Immobilien\",\"description\":\"Die\\u00a0Plattform f\\u00fcr Standorte und Immobilien\",\"url\":\"https:\\\/\\\/www.immo-invest.ch\\\/fr\\\/\",\"email\":\"admin@immomedia.ag\",\"telephone\":\"+41444420002\",\"logo\":{\"@type\":\"ImageObject\",\"url\":\"https:\\\/\\\/www.immo-invest.ch\\\/wp-content\\\/uploads\\\/2024\\\/09\\\/immoinvest_sm-scaled.jpg\",\"@id\":\"https:\\\/\\\/www.immo-invest.ch\\\/fr\\\/temporaerbau-spezialist-expandiert-in-den-westbalkan\\\/#organizationLogo\",\"width\":2560,\"height\":1340},\"image\":{\"@id\":\"https:\\\/\\\/www.immo-invest.ch\\\/fr\\\/temporaerbau-spezialist-expandiert-in-den-westbalkan\\\/#organizationLogo\"},\"sameAs\":[\"https:\\\/\\\/www.facebook.com\\\/people\\\/Immoinvest\\\/100077962920504\\\/\",\"https:\\\/\\\/x.com\\\/i\\\/flow\\\/login?redirect_after_login=immoinvest_ch\",\"https:\\\/\\\/www.instagram.com\\\/immoinvest_ch\\\/\",\"https:\\\/\\\/www.linkedin.com\\\/company\\\/immoinvest-swiss\"]},{\"@type\":\"Person\",\"@id\":\"https:\\\/\\\/www.immo-invest.ch\\\/fr\\\/author\\\/immovestuser\\\/#author\",\"url\":\"https:\\\/\\\/www.immo-invest.ch\\\/fr\\\/author\\\/immovestuser\\\/\",\"name\":\"immovestuser\",\"image\":{\"@type\":\"ImageObject\",\"@id\":\"https:\\\/\\\/www.immo-invest.ch\\\/fr\\\/temporaerbau-spezialist-expandiert-in-den-westbalkan\\\/#authorImage\",\"url\":\"https:\\\/\\\/secure.gravatar.com\\\/avatar\\\/8e01f4d99f2eeea7a362ebb93305e1172a70e9293ba250f897a65c39f54cdd1e?s=96&d=mm&r=g\",\"width\":96,\"height\":96,\"caption\":\"immovestuser\"}},{\"@type\":\"WebPage\",\"@id\":\"https:\\\/\\\/www.immo-invest.ch\\\/fr\\\/temporaerbau-spezialist-expandiert-in-den-westbalkan\\\/#webpage\",\"url\":\"https:\\\/\\\/www.immo-invest.ch\\\/fr\\\/temporaerbau-spezialist-expandiert-in-den-westbalkan\\\/\",\"name\":\"Le sp\\u00e9cialiste de la construction temporaire s\\u2019\\u00e9tend dans les Balkans occidentaux - immo!nvest - Die Plattform f\\u00fcr Standorte und Immobilien\",\"description\":\"La soci\\u00e9t\\u00e9 N\\u00fcssli (Suisse) AG, sp\\u00e9cialis\\u00e9e dans les constructions temporaires, a ouvert un bureau \\u00e0 Belgrade. Avec son si\\u00e8ge dans la capitale serbe, N\\u00fcssli souhaite \\u00e9largir son portefeuille dans les Balkans occidentaux et se pr\\u00e9parer \\u00e0 l'Expo qui se tiendra du 15 mai au 15 ao\\u00fbt 2027.\",\"inLanguage\":\"fr-FR\",\"isPartOf\":{\"@id\":\"https:\\\/\\\/www.immo-invest.ch\\\/fr\\\/#website\"},\"breadcrumb\":{\"@id\":\"https:\\\/\\\/www.immo-invest.ch\\\/fr\\\/temporaerbau-spezialist-expandiert-in-den-westbalkan\\\/#breadcrumblist\"},\"author\":{\"@id\":\"https:\\\/\\\/www.immo-invest.ch\\\/fr\\\/author\\\/immovestuser\\\/#author\"},\"creator\":{\"@id\":\"https:\\\/\\\/www.immo-invest.ch\\\/fr\\\/author\\\/immovestuser\\\/#author\"},\"image\":{\"@type\":\"ImageObject\",\"url\":\"https:\\\/\\\/www.immo-invest.ch\\\/wp-content\\\/uploads\\\/2026\\\/03\\\/banoviag_modern_international_expo_pavilion_architecture_with_31aba665-fb3b-4df1-ba9a-09511a4824d8_0.png\",\"@id\":\"https:\\\/\\\/www.immo-invest.ch\\\/fr\\\/temporaerbau-spezialist-expandiert-in-den-westbalkan\\\/#mainImage\",\"width\":1536,\"height\":768},\"primaryImageOfPage\":{\"@id\":\"https:\\\/\\\/www.immo-invest.ch\\\/fr\\\/temporaerbau-spezialist-expandiert-in-den-westbalkan\\\/#mainImage\"},\"datePublished\":\"2026-03-13T11:30:00+01:00\",\"dateModified\":\"2026-03-11T10:16:33+01:00\"},{\"@type\":\"WebSite\",\"@id\":\"https:\\\/\\\/www.immo-invest.ch\\\/fr\\\/#website\",\"url\":\"https:\\\/\\\/www.immo-invest.ch\\\/fr\\\/\",\"name\":\"immo!nvest - Die Plattform f\\u00fcr Standorte und Immobilien\",\"description\":\"Die\\u00a0Plattform f\\u00fcr Standorte und Immobilien\",\"inLanguage\":\"fr-FR\",\"publisher\":{\"@id\":\"https:\\\/\\\/www.immo-invest.ch\\\/fr\\\/#organization\"}}]}\n\t\t<\/script>\n\t\t<!-- All in One SEO -->\n\n","aioseo_head_json":{"title":"Le sp\u00e9cialiste de la construction temporaire s\u2019\u00e9tend dans les Balkans occidentaux - immo!nvest - Die Plattform f\u00fcr Standorte und Immobilien","description":"La soci\u00e9t\u00e9 N\u00fcssli (Suisse) AG, sp\u00e9cialis\u00e9e dans les constructions temporaires, a ouvert un bureau \u00e0 Belgrade. Avec son si\u00e8ge dans la capitale serbe, N\u00fcssli souhaite \u00e9largir son portefeuille dans les Balkans occidentaux et se pr\u00e9parer \u00e0 l'Expo qui se tiendra du 15 mai au 15 ao\u00fbt 2027.","canonical_url":"https:\/\/www.immo-invest.ch\/fr\/temporaerbau-spezialist-expandiert-in-den-westbalkan\/","robots":"max-image-preview:large","keywords":"","webmasterTools":{"google-site-verification":"fHJKvgWpZCR2zVBHWfkQeFXC11qieUSff0HGNYfuyLA","miscellaneous":""},"schema":{"@context":"https:\/\/schema.org","@graph":[{"@type":"BlogPosting","@id":"https:\/\/www.immo-invest.ch\/fr\/temporaerbau-spezialist-expandiert-in-den-westbalkan\/#blogposting","name":"Le sp\u00e9cialiste de la construction temporaire s\u2019\u00e9tend dans les Balkans occidentaux - immo!nvest - Die Plattform f\u00fcr Standorte und Immobilien","headline":"Le sp\u00e9cialiste de la construction temporaire s&rsquo;\u00e9tend dans les Balkans occidentaux","author":{"@id":"https:\/\/www.immo-invest.ch\/fr\/author\/immovestuser\/#author"},"publisher":{"@id":"https:\/\/www.immo-invest.ch\/fr\/#organization"},"image":{"@type":"ImageObject","url":"https:\/\/www.immo-invest.ch\/wp-content\/uploads\/2026\/03\/banoviag_modern_international_expo_pavilion_architecture_with_31aba665-fb3b-4df1-ba9a-09511a4824d8_0.png","width":1536,"height":768},"datePublished":"2026-03-13T11:30:00+01:00","dateModified":"2026-03-11T10:16:33+01:00","inLanguage":"fr-FR","mainEntityOfPage":{"@id":"https:\/\/www.immo-invest.ch\/fr\/temporaerbau-spezialist-expandiert-in-den-westbalkan\/#webpage"},"isPartOf":{"@id":"https:\/\/www.immo-invest.ch\/fr\/temporaerbau-spezialist-expandiert-in-den-westbalkan\/#webpage"},"articleSection":"Entreprise, immoNews, Industrie du b\u00e2timent, Transactions \/ Deals, Expo Architektur, Immoinvest, immoNews, Internationalisierung, News, Tempor\u00e4rbauten, Facultatif"},{"@type":"BreadcrumbList","@id":"https:\/\/www.immo-invest.ch\/fr\/temporaerbau-spezialist-expandiert-in-den-westbalkan\/#breadcrumblist","itemListElement":[{"@type":"ListItem","@id":"https:\/\/www.immo-invest.ch\/fr\/#listItem","position":1,"name":"Home","item":"https:\/\/www.immo-invest.ch\/fr\/","nextItem":{"@type":"ListItem","@id":"https:\/\/www.immo-invest.ch\/fr\/categories\/trends-fr\/#listItem","name":"Trends"}},{"@type":"ListItem","@id":"https:\/\/www.immo-invest.ch\/fr\/categories\/trends-fr\/#listItem","position":2,"name":"Trends","item":"https:\/\/www.immo-invest.ch\/fr\/categories\/trends-fr\/","nextItem":{"@type":"ListItem","@id":"https:\/\/www.immo-invest.ch\/fr\/categories\/trends-fr\/industrie-du-batiment\/#listItem","name":"Industrie du b\u00e2timent"},"previousItem":{"@type":"ListItem","@id":"https:\/\/www.immo-invest.ch\/fr\/#listItem","name":"Home"}},{"@type":"ListItem","@id":"https:\/\/www.immo-invest.ch\/fr\/categories\/trends-fr\/industrie-du-batiment\/#listItem","position":3,"name":"Industrie du b\u00e2timent","item":"https:\/\/www.immo-invest.ch\/fr\/categories\/trends-fr\/industrie-du-batiment\/","nextItem":{"@type":"ListItem","@id":"https:\/\/www.immo-invest.ch\/fr\/temporaerbau-spezialist-expandiert-in-den-westbalkan\/#listItem","name":"Le sp\u00e9cialiste de la construction temporaire s&rsquo;\u00e9tend dans les Balkans occidentaux"},"previousItem":{"@type":"ListItem","@id":"https:\/\/www.immo-invest.ch\/fr\/categories\/trends-fr\/#listItem","name":"Trends"}},{"@type":"ListItem","@id":"https:\/\/www.immo-invest.ch\/fr\/temporaerbau-spezialist-expandiert-in-den-westbalkan\/#listItem","position":4,"name":"Le sp\u00e9cialiste de la construction temporaire s&rsquo;\u00e9tend dans les Balkans occidentaux","previousItem":{"@type":"ListItem","@id":"https:\/\/www.immo-invest.ch\/fr\/categories\/trends-fr\/industrie-du-batiment\/#listItem","name":"Industrie du b\u00e2timent"}}]},{"@type":"Organization","@id":"https:\/\/www.immo-invest.ch\/fr\/#organization","name":"immo!nvest - Die Plattform f\u00fcr Standorte und Immobilien","description":"Die\u00a0Plattform f\u00fcr Standorte und Immobilien","url":"https:\/\/www.immo-invest.ch\/fr\/","email":"admin@immomedia.ag","telephone":"+41444420002","logo":{"@type":"ImageObject","url":"https:\/\/www.immo-invest.ch\/wp-content\/uploads\/2024\/09\/immoinvest_sm-scaled.jpg","@id":"https:\/\/www.immo-invest.ch\/fr\/temporaerbau-spezialist-expandiert-in-den-westbalkan\/#organizationLogo","width":2560,"height":1340},"image":{"@id":"https:\/\/www.immo-invest.ch\/fr\/temporaerbau-spezialist-expandiert-in-den-westbalkan\/#organizationLogo"},"sameAs":["https:\/\/www.facebook.com\/people\/Immoinvest\/100077962920504\/","https:\/\/x.com\/i\/flow\/login?redirect_after_login=immoinvest_ch","https:\/\/www.instagram.com\/immoinvest_ch\/","https:\/\/www.linkedin.com\/company\/immoinvest-swiss"]},{"@type":"Person","@id":"https:\/\/www.immo-invest.ch\/fr\/author\/immovestuser\/#author","url":"https:\/\/www.immo-invest.ch\/fr\/author\/immovestuser\/","name":"immovestuser","image":{"@type":"ImageObject","@id":"https:\/\/www.immo-invest.ch\/fr\/temporaerbau-spezialist-expandiert-in-den-westbalkan\/#authorImage","url":"https:\/\/secure.gravatar.com\/avatar\/8e01f4d99f2eeea7a362ebb93305e1172a70e9293ba250f897a65c39f54cdd1e?s=96&d=mm&r=g","width":96,"height":96,"caption":"immovestuser"}},{"@type":"WebPage","@id":"https:\/\/www.immo-invest.ch\/fr\/temporaerbau-spezialist-expandiert-in-den-westbalkan\/#webpage","url":"https:\/\/www.immo-invest.ch\/fr\/temporaerbau-spezialist-expandiert-in-den-westbalkan\/","name":"Le sp\u00e9cialiste de la construction temporaire s\u2019\u00e9tend dans les Balkans occidentaux - immo!nvest - Die Plattform f\u00fcr Standorte und Immobilien","description":"La soci\u00e9t\u00e9 N\u00fcssli (Suisse) AG, sp\u00e9cialis\u00e9e dans les constructions temporaires, a ouvert un bureau \u00e0 Belgrade. Avec son si\u00e8ge dans la capitale serbe, N\u00fcssli souhaite \u00e9largir son portefeuille dans les Balkans occidentaux et se pr\u00e9parer \u00e0 l'Expo qui se tiendra du 15 mai au 15 ao\u00fbt 2027.","inLanguage":"fr-FR","isPartOf":{"@id":"https:\/\/www.immo-invest.ch\/fr\/#website"},"breadcrumb":{"@id":"https:\/\/www.immo-invest.ch\/fr\/temporaerbau-spezialist-expandiert-in-den-westbalkan\/#breadcrumblist"},"author":{"@id":"https:\/\/www.immo-invest.ch\/fr\/author\/immovestuser\/#author"},"creator":{"@id":"https:\/\/www.immo-invest.ch\/fr\/author\/immovestuser\/#author"},"image":{"@type":"ImageObject","url":"https:\/\/www.immo-invest.ch\/wp-content\/uploads\/2026\/03\/banoviag_modern_international_expo_pavilion_architecture_with_31aba665-fb3b-4df1-ba9a-09511a4824d8_0.png","@id":"https:\/\/www.immo-invest.ch\/fr\/temporaerbau-spezialist-expandiert-in-den-westbalkan\/#mainImage","width":1536,"height":768},"primaryImageOfPage":{"@id":"https:\/\/www.immo-invest.ch\/fr\/temporaerbau-spezialist-expandiert-in-den-westbalkan\/#mainImage"},"datePublished":"2026-03-13T11:30:00+01:00","dateModified":"2026-03-11T10:16:33+01:00"},{"@type":"WebSite","@id":"https:\/\/www.immo-invest.ch\/fr\/#website","url":"https:\/\/www.immo-invest.ch\/fr\/","name":"immo!nvest - Die Plattform f\u00fcr Standorte und Immobilien","description":"Die\u00a0Plattform f\u00fcr Standorte und Immobilien","inLanguage":"fr-FR","publisher":{"@id":"https:\/\/www.immo-invest.ch\/fr\/#organization"}}]},"og:locale":"fr_FR","og:site_name":"immo!nvest - Die Plattform f\u00fcr Standorte und Immobilien - Die\u00a0Plattform f\u00fcr Standorte und Immobilien","og:type":"article","og:title":"Le sp\u00e9cialiste de la construction temporaire s\u2019\u00e9tend dans les Balkans occidentaux - immo!nvest - Die Plattform f\u00fcr Standorte und Immobilien","og:description":"La soci\u00e9t\u00e9 N\u00fcssli (Suisse) AG, sp\u00e9cialis\u00e9e dans les constructions temporaires, a ouvert un bureau \u00e0 Belgrade. Avec son si\u00e8ge dans la capitale serbe, N\u00fcssli souhaite \u00e9largir son portefeuille dans les Balkans occidentaux et se pr\u00e9parer \u00e0 l'Expo qui se tiendra du 15 mai au 15 ao\u00fbt 2027.","og:url":"https:\/\/www.immo-invest.ch\/fr\/temporaerbau-spezialist-expandiert-in-den-westbalkan\/","og:image":"https:\/\/www.immo-invest.ch\/wp-content\/uploads\/2026\/03\/banoviag_modern_international_expo_pavilion_architecture_with_31aba665-fb3b-4df1-ba9a-09511a4824d8_0.png","og:image:secure_url":"https:\/\/www.immo-invest.ch\/wp-content\/uploads\/2026\/03\/banoviag_modern_international_expo_pavilion_architecture_with_31aba665-fb3b-4df1-ba9a-09511a4824d8_0.png","og:image:width":1536,"og:image:height":768,"article:published_time":"2026-03-13T10:30:00+00:00","article:modified_time":"2026-03-11T09:16:33+00:00","article:publisher":"https:\/\/www.facebook.com\/people\/Immoinvest\/100077962920504\/","twitter:card":"summary_large_image","twitter:site":"@i","twitter:title":"Le sp\u00e9cialiste de la construction temporaire s\u2019\u00e9tend dans les Balkans occidentaux - immo!nvest - Die Plattform f\u00fcr Standorte und Immobilien","twitter:description":"La soci\u00e9t\u00e9 N\u00fcssli (Suisse) AG, sp\u00e9cialis\u00e9e dans les constructions temporaires, a ouvert un bureau \u00e0 Belgrade. Avec son si\u00e8ge dans la capitale serbe, N\u00fcssli souhaite \u00e9largir son portefeuille dans les Balkans occidentaux et se pr\u00e9parer \u00e0 l'Expo qui se tiendra du 15 mai au 15 ao\u00fbt 2027.","twitter:creator":"@i","twitter:image":"https:\/\/www.immo-invest.ch\/wp-content\/uploads\/2026\/03\/banoviag_modern_international_expo_pavilion_architecture_with_31aba665-fb3b-4df1-ba9a-09511a4824d8_0.png"},"aioseo_meta_data":{"post_id":"151138","title":null,"description":null,"keywords":null,"keyphrases":{"focus":{"keyphrase":"","score":0,"analysis":{"keyphraseInTitle":{"score":0,"maxScore":9,"error":1}}},"additional":[]},"primary_term":null,"canonical_url":null,"og_title":null,"og_description":null,"og_object_type":"default","og_image_type":"default","og_image_url":null,"og_image_width":null,"og_image_height":null,"og_image_custom_url":null,"og_image_custom_fields":null,"og_video":"","og_custom_url":null,"og_article_section":null,"og_article_tags":null,"twitter_use_og":false,"twitter_card":"default","twitter_image_type":"default","twitter_image_url":null,"twitter_image_custom_url":null,"twitter_image_custom_fields":null,"twitter_title":null,"twitter_description":null,"schema":{"blockGraphs":[],"customGraphs":[],"default":{"data":{"Article":[],"Course":[],"Dataset":[],"FAQPage":[],"Movie":[],"Person":[],"Product":[],"ProductReview":[],"Car":[],"Recipe":[],"Service":[],"SoftwareApplication":[],"WebPage":[]},"graphName":"BlogPosting","isEnabled":true},"graphs":[]},"schema_type":"default","schema_type_options":null,"pillar_content":false,"robots_default":true,"robots_noindex":false,"robots_noarchive":false,"robots_nosnippet":false,"robots_nofollow":false,"robots_noimageindex":false,"robots_noodp":false,"robots_notranslate":false,"robots_max_snippet":"-1","robots_max_videopreview":"-1","robots_max_imagepreview":"large","priority":null,"frequency":"default","local_seo":null,"breadcrumb_settings":null,"limit_modified_date":false,"ai":{"faqs":[],"keyPoints":[],"titles":[],"descriptions":[],"socialPosts":{"email":[],"linkedin":[],"twitter":[],"facebook":[],"instagram":[]}},"created":"2026-03-11 09:16:38","updated":"2026-03-13 10:39:39","seo_analyzer_scan_date":null,"focus_keyword":null,"additional_keywords":null,"truseo_locale":null},"aioseo_breadcrumb":"<div class=\"aioseo-breadcrumbs\"><span class=\"aioseo-breadcrumb\">\n\t\t\t<a href=\"https:\/\/www.immo-invest.ch\/fr\/\" title=\"Home\">Home<\/a>\n\t\t<\/span><span class=\"aioseo-breadcrumb-separator\">&raquo;<\/span><span class=\"aioseo-breadcrumb\">\n\t\t\t<a href=\"https:\/\/www.immo-invest.ch\/fr\/categories\/trends-fr\/\" title=\"Trends\">Trends<\/a>\n\t\t<\/span><span class=\"aioseo-breadcrumb-separator\">&raquo;<\/span><span class=\"aioseo-breadcrumb\">\n\t\t\t<a href=\"https:\/\/www.immo-invest.ch\/fr\/categories\/trends-fr\/industrie-du-batiment\/\" title=\"Industrie du b\u00e2timent\">Industrie du b\u00e2timent<\/a>\n\t\t<\/span><span class=\"aioseo-breadcrumb-separator\">&raquo;<\/span><span class=\"aioseo-breadcrumb\">\n\t\t\tLe sp\u00e9cialiste de la construction temporaire s\u2019\u00e9tend dans les Balkans occidentaux\n\t\t<\/span><\/div>","aioseo_breadcrumb_json":[{"label":"Home","link":"https:\/\/www.immo-invest.ch\/fr\/"},{"label":"Trends","link":"https:\/\/www.immo-invest.ch\/fr\/categories\/trends-fr\/"},{"label":"Industrie du b\u00e2timent","link":"https:\/\/www.immo-invest.ch\/fr\/categories\/trends-fr\/industrie-du-batiment\/"},{"label":"Le sp\u00e9cialiste de la construction temporaire s&rsquo;\u00e9tend dans les Balkans occidentaux","link":"https:\/\/www.immo-invest.ch\/fr\/temporaerbau-spezialist-expandiert-in-den-westbalkan\/"}],"featured_image_src":"https:\/\/www.immo-invest.ch\/wp-content\/uploads\/2026\/03\/banoviag_modern_international_expo_pavilion_architecture_with_31aba665-fb3b-4df1-ba9a-09511a4824d8_0-336x168.png","_links":{"self":[{"href":"https:\/\/www.immo-invest.ch\/fr\/wp-json\/wp\/v2\/posts\/151138","targetHints":{"allow":["GET"]}}],"collection":[{"href":"https:\/\/www.immo-invest.ch\/fr\/wp-json\/wp\/v2\/posts"}],"about":[{"href":"https:\/\/www.immo-invest.ch\/fr\/wp-json\/wp\/v2\/types\/post"}],"author":[{"embeddable":true,"href":"https:\/\/www.immo-invest.ch\/fr\/wp-json\/wp\/v2\/users\/2"}],"replies":[{"embeddable":true,"href":"https:\/\/www.immo-invest.ch\/fr\/wp-json\/wp\/v2\/comments?post=151138"}],"version-history":[{"count":2,"href":"https:\/\/www.immo-invest.ch\/fr\/wp-json\/wp\/v2\/posts\/151138\/revisions"}],"predecessor-version":[{"id":151148,"href":"https:\/\/www.immo-invest.ch\/fr\/wp-json\/wp\/v2\/posts\/151138\/revisions\/151148"}],"wp:featuredmedia":[{"embeddable":true,"href":"https:\/\/www.immo-invest.ch\/fr\/wp-json\/wp\/v2\/media\/151139"}],"wp:attachment":[{"href":"https:\/\/www.immo-invest.ch\/fr\/wp-json\/wp\/v2\/media?parent=151138"}],"wp:term":[{"taxonomy":"category","embeddable":true,"href":"https:\/\/www.immo-invest.ch\/fr\/wp-json\/wp\/v2\/categories?post=151138"},{"taxonomy":"post_tag","embeddable":true,"href":"https:\/\/www.immo-invest.ch\/fr\/wp-json\/wp\/v2\/tags?post=151138"}],"curies":[{"name":"wp","href":"https:\/\/api.w.org\/{rel}","templated":true}]}}