{"id":151115,"date":"2026-03-13T08:20:00","date_gmt":"2026-03-13T07:20:00","guid":{"rendered":"https:\/\/www.immo-invest.ch\/?p=151115"},"modified":"2026-03-11T09:45:17","modified_gmt":"2026-03-11T08:45:17","slug":"telekommunikationsanbieter-staerkt-regionale-digitalinfrastruktur","status":"publish","type":"post","link":"https:\/\/www.immo-invest.ch\/fr\/telekommunikationsanbieter-staerkt-regionale-digitalinfrastruktur\/","title":{"rendered":"Un op\u00e9rateur t\u00e9l\u00e9com renforce l&rsquo;infrastructure num\u00e9rique r\u00e9gionale"},"content":{"rendered":"<p class=\"bodytext\">Depuis le 23 f&eacute;vrier, la soci&eacute;t&eacute; <a href=\"https:\/\/datapark.ch\/\" target=\"_blank\" rel=\"noopener\">Datapark AG<\/a>, dont le si&egrave;ge se trouve &agrave; Wil, appartient &agrave; <a href=\"https:\/\/www.ekt.ch\/\" target=\"_blank\" rel=\"noopener\">EKT Holding AG<\/a>, dont le si&egrave;ge se trouve &agrave; Arbon. Le fournisseur d&rsquo;&eacute;nergie thurgovien examine &eacute;galement la fusion avec EKT et l&rsquo;int&eacute;gration de Datapark dans son secteur d&rsquo;activit&eacute; Digital Services. Les onze emplois &agrave; Wil seront maintenus.<\/p>\n<p class=\"bodytext\">En tant que fournisseur d&rsquo;acc&egrave;s Internet, Datapark dispose de sa propre dorsale qui fait partie de l&rsquo;Internet en Suisse orientale. Elle propose des services aux c&acirc;blo-op&eacute;rateurs, notamment la planification de r&eacute;seaux, la connexion Internet, la mise en r&eacute;seau de sites et les syst&egrave;mes de gestion de la client&egrave;le.<\/p>\n<p class=\"bodytext\">Datapark a &eacute;t&eacute; fond&eacute;e en 1997 par Andr&eacute; Otto et reprise en 2020 par Martin Kaiser. Ce dernier r&egrave;gle d&eacute;sormais sa propre succession avec le rachat de l&rsquo;entreprise par EKT Holding. &laquo; L&rsquo;int&eacute;gration dans le groupe EKT offre plusieurs avantages &raquo;, d&eacute;clare-t-il dans le communiqu&eacute;. &laquo; D&rsquo;une part, nous pouvons continuer &agrave; d&eacute;velopper nos atouts en mati&egrave;re d&rsquo;exploitation, de technologie r&eacute;seau et de solutions sp&eacute;cialis&eacute;es et, d&rsquo;autre part, nous b&eacute;n&eacute;ficions de la forte position du groupe EKT sur le march&eacute;. Ensemble, nous cr&eacute;ons pour nos clients une offre num&eacute;rique encore plus performante et ancr&eacute;e dans la r&eacute;gion. &raquo;<\/p>\n<p class=\"bodytext\">Andreas Pl&uuml;er souhaite la bienvenue &agrave; Datapark au sein du groupe EKT. &laquo; Avec cette entreprise traditionnelle, nous gagnons un partenaire qui, depuis des ann&eacute;es, fait r&eacute;f&eacute;rence en mati&egrave;re de technologie r&eacute;seau, d&rsquo;exploitation et de service &agrave; la client&egrave;le en Suisse orientale &raquo;, d&eacute;clare le directeur du d&eacute;partement Digital Services d&rsquo;EKT dans le communiqu&eacute;. Apr&egrave;s le rachat, le groupe EKT emploie 200 personnes.<\/p>\n","protected":false},"excerpt":{"rendered":"<p>EKT Holding AG a rachet\u00e9 Datapark AG dans le cadre d&rsquo;une solution de succession . Le fournisseur d&rsquo;\u00e9nergie thurgovien continuera dans un premier temps \u00e0 exploiter le prestataire de services li\u00e9s aux r\u00e9seaux c\u00e2bl\u00e9s sous l&rsquo;\u00e9gide de sa holding. Les onze emplois \u00e0 Wil seront maintenus.<\/p>\n","protected":false},"author":2,"featured_media":151116,"comment_status":"open","ping_status":"open","sticky":false,"template":"","format":"standard","meta":{"pmpro_default_level":"","inline_featured_image":false,"_monsterinsights_skip_tracking":false,"footnotes":""},"categories":[22696,743,8735,55970],"tags":[57710,872,3931,57711,2002,56088],"class_list":["post-151115","post","type-post","status-publish","format-standard","has-post-thumbnail","hentry","category-entreprise","category-immonews-fr","category-proptech-fr","category-transactions-deals","tag-digitalinfrastruktur","tag-immoinvest-fr","tag-immonews-fr","tag-internetprovider","tag-news-fr","tag-unternehmensuebernahme-2","pmpro-has-access"],"acf":{"bild_mit_ki_erstellt_worden":["Ja"],"lead":"Die EKT Holding AG hat die Datapark AG im Rahmen einer Nachfolgel\u00f6sung \u00fcbernommen. Der Thurgauer Energieversorger wird den Dienstleister rund um Kabelnetze zun\u00e4chst unter seinem Holding-Dach weiterf\u00fchren. Die elf Arbeitspl\u00e4tze in Wil bleiben erhalten.","autor":"ce\/ug","ort":"Arbon TG\/Wil SG","bildunterschrift":"","bild_im_grid":false,"gallerie":"","newsim":""},"aioseo_notices":[],"aioseo_head":"\n\t\t<!-- All in One SEO 5.0.0.1 - aioseo.com -->\n\t<meta name=\"description\" content=\"EKT Holding AG a rachet\u00e9 Datapark AG dans le cadre d&#039;une solution de succession . Le fournisseur d&#039;\u00e9nergie thurgovien continuera dans un premier temps \u00e0 exploiter le prestataire de services li\u00e9s aux r\u00e9seaux c\u00e2bl\u00e9s sous l&#039;\u00e9gide de sa holding. Les onze emplois \u00e0 Wil seront maintenus.\" \/>\n\t<meta name=\"robots\" content=\"max-image-preview:large\" \/>\n\t<meta name=\"author\" content=\"immovestuser\"\/>\n\t<meta name=\"google-site-verification\" content=\"fHJKvgWpZCR2zVBHWfkQeFXC11qieUSff0HGNYfuyLA\" \/>\n\t<link rel=\"canonical\" href=\"https:\/\/www.immo-invest.ch\/fr\/telekommunikationsanbieter-staerkt-regionale-digitalinfrastruktur\/\" \/>\n\t<meta name=\"generator\" content=\"All in One SEO (AIOSEO) 5.0.0.1\" \/>\n\t\t<meta property=\"og:locale\" content=\"fr_FR\" \/>\n\t\t<meta property=\"og:site_name\" content=\"immo!nvest - Die Plattform f\u00fcr Standorte und Immobilien - Die\u00a0Plattform f\u00fcr Standorte und Immobilien\" \/>\n\t\t<meta property=\"og:type\" content=\"article\" \/>\n\t\t<meta property=\"og:title\" content=\"Un op\u00e9rateur t\u00e9l\u00e9com renforce l\u2019infrastructure num\u00e9rique r\u00e9gionale - immo!nvest - Die Plattform f\u00fcr Standorte und Immobilien\" \/>\n\t\t<meta property=\"og:description\" content=\"EKT Holding AG a rachet\u00e9 Datapark AG dans le cadre d&#039;une solution de succession . Le fournisseur d&#039;\u00e9nergie thurgovien continuera dans un premier temps \u00e0 exploiter le prestataire de services li\u00e9s aux r\u00e9seaux c\u00e2bl\u00e9s sous l&#039;\u00e9gide de sa holding. Les onze emplois \u00e0 Wil seront maintenus.\" \/>\n\t\t<meta property=\"og:url\" content=\"https:\/\/www.immo-invest.ch\/fr\/telekommunikationsanbieter-staerkt-regionale-digitalinfrastruktur\/\" \/>\n\t\t<meta property=\"og:image\" content=\"https:\/\/www.immo-invest.ch\/wp-content\/uploads\/2026\/02\/banoviag_modern_digital_infrastructure_and_data_network_conce_8b5d9bcd-28bf-459f-a4a7-0c17ca967131_1.png\" \/>\n\t\t<meta property=\"og:image:secure_url\" content=\"https:\/\/www.immo-invest.ch\/wp-content\/uploads\/2026\/02\/banoviag_modern_digital_infrastructure_and_data_network_conce_8b5d9bcd-28bf-459f-a4a7-0c17ca967131_1.png\" \/>\n\t\t<meta property=\"og:image:width\" content=\"1536\" \/>\n\t\t<meta property=\"og:image:height\" content=\"768\" \/>\n\t\t<meta property=\"article:published_time\" content=\"2026-03-13T07:20:00+00:00\" \/>\n\t\t<meta property=\"article:modified_time\" content=\"2026-03-11T08:45:17+00:00\" \/>\n\t\t<meta property=\"article:publisher\" content=\"https:\/\/www.facebook.com\/people\/Immoinvest\/100077962920504\/\" \/>\n\t\t<meta name=\"twitter:card\" content=\"summary_large_image\" \/>\n\t\t<meta name=\"twitter:site\" content=\"@i\" \/>\n\t\t<meta name=\"twitter:title\" content=\"Un op\u00e9rateur t\u00e9l\u00e9com renforce l\u2019infrastructure num\u00e9rique r\u00e9gionale - immo!nvest - Die Plattform f\u00fcr Standorte und Immobilien\" \/>\n\t\t<meta name=\"twitter:description\" content=\"EKT Holding AG a rachet\u00e9 Datapark AG dans le cadre d&#039;une solution de succession . Le fournisseur d&#039;\u00e9nergie thurgovien continuera dans un premier temps \u00e0 exploiter le prestataire de services li\u00e9s aux r\u00e9seaux c\u00e2bl\u00e9s sous l&#039;\u00e9gide de sa holding. Les onze emplois \u00e0 Wil seront maintenus.\" \/>\n\t\t<meta name=\"twitter:creator\" content=\"@i\" \/>\n\t\t<meta name=\"twitter:image\" content=\"https:\/\/www.immo-invest.ch\/wp-content\/uploads\/2026\/02\/banoviag_modern_digital_infrastructure_and_data_network_conce_8b5d9bcd-28bf-459f-a4a7-0c17ca967131_1.png\" \/>\n\t\t<script type=\"application\/ld+json\" class=\"aioseo-schema\">\n\t\t\t{\"@context\":\"https:\\\/\\\/schema.org\",\"@graph\":[{\"@type\":\"BlogPosting\",\"@id\":\"https:\\\/\\\/www.immo-invest.ch\\\/fr\\\/telekommunikationsanbieter-staerkt-regionale-digitalinfrastruktur\\\/#blogposting\",\"name\":\"Un op\\u00e9rateur t\\u00e9l\\u00e9com renforce l\\u2019infrastructure num\\u00e9rique r\\u00e9gionale - immo!nvest - Die Plattform f\\u00fcr Standorte und Immobilien\",\"headline\":\"Un op\\u00e9rateur t\\u00e9l\\u00e9com renforce l&rsquo;infrastructure num\\u00e9rique r\\u00e9gionale\",\"author\":{\"@id\":\"https:\\\/\\\/www.immo-invest.ch\\\/fr\\\/author\\\/immovestuser\\\/#author\"},\"publisher\":{\"@id\":\"https:\\\/\\\/www.immo-invest.ch\\\/fr\\\/#organization\"},\"image\":{\"@type\":\"ImageObject\",\"url\":\"https:\\\/\\\/www.immo-invest.ch\\\/wp-content\\\/uploads\\\/2026\\\/02\\\/banoviag_modern_digital_infrastructure_and_data_network_conce_8b5d9bcd-28bf-459f-a4a7-0c17ca967131_1.png\",\"width\":1536,\"height\":768},\"datePublished\":\"2026-03-13T08:20:00+01:00\",\"dateModified\":\"2026-03-11T09:45:17+01:00\",\"inLanguage\":\"fr-FR\",\"mainEntityOfPage\":{\"@id\":\"https:\\\/\\\/www.immo-invest.ch\\\/fr\\\/telekommunikationsanbieter-staerkt-regionale-digitalinfrastruktur\\\/#webpage\"},\"isPartOf\":{\"@id\":\"https:\\\/\\\/www.immo-invest.ch\\\/fr\\\/telekommunikationsanbieter-staerkt-regionale-digitalinfrastruktur\\\/#webpage\"},\"articleSection\":\"Entreprise, immoNews, propTech, Transactions \\\/ Deals, Digitalinfrastruktur, Immoinvest, immoNews, Internetprovider, News, Unternehmensuebernahme, Facultatif\"},{\"@type\":\"BreadcrumbList\",\"@id\":\"https:\\\/\\\/www.immo-invest.ch\\\/fr\\\/telekommunikationsanbieter-staerkt-regionale-digitalinfrastruktur\\\/#breadcrumblist\",\"itemListElement\":[{\"@type\":\"ListItem\",\"@id\":\"https:\\\/\\\/www.immo-invest.ch\\\/fr\\\/#listItem\",\"position\":1,\"name\":\"Home\",\"item\":\"https:\\\/\\\/www.immo-invest.ch\\\/fr\\\/\",\"nextItem\":{\"@type\":\"ListItem\",\"@id\":\"https:\\\/\\\/www.immo-invest.ch\\\/fr\\\/categories\\\/trends-fr\\\/#listItem\",\"name\":\"Trends\"}},{\"@type\":\"ListItem\",\"@id\":\"https:\\\/\\\/www.immo-invest.ch\\\/fr\\\/categories\\\/trends-fr\\\/#listItem\",\"position\":2,\"name\":\"Trends\",\"item\":\"https:\\\/\\\/www.immo-invest.ch\\\/fr\\\/categories\\\/trends-fr\\\/\",\"nextItem\":{\"@type\":\"ListItem\",\"@id\":\"https:\\\/\\\/www.immo-invest.ch\\\/fr\\\/categories\\\/trends-fr\\\/proptech-fr\\\/#listItem\",\"name\":\"propTech\"},\"previousItem\":{\"@type\":\"ListItem\",\"@id\":\"https:\\\/\\\/www.immo-invest.ch\\\/fr\\\/#listItem\",\"name\":\"Home\"}},{\"@type\":\"ListItem\",\"@id\":\"https:\\\/\\\/www.immo-invest.ch\\\/fr\\\/categories\\\/trends-fr\\\/proptech-fr\\\/#listItem\",\"position\":3,\"name\":\"propTech\",\"item\":\"https:\\\/\\\/www.immo-invest.ch\\\/fr\\\/categories\\\/trends-fr\\\/proptech-fr\\\/\",\"nextItem\":{\"@type\":\"ListItem\",\"@id\":\"https:\\\/\\\/www.immo-invest.ch\\\/fr\\\/telekommunikationsanbieter-staerkt-regionale-digitalinfrastruktur\\\/#listItem\",\"name\":\"Un op\\u00e9rateur t\\u00e9l\\u00e9com renforce l&rsquo;infrastructure num\\u00e9rique r\\u00e9gionale\"},\"previousItem\":{\"@type\":\"ListItem\",\"@id\":\"https:\\\/\\\/www.immo-invest.ch\\\/fr\\\/categories\\\/trends-fr\\\/#listItem\",\"name\":\"Trends\"}},{\"@type\":\"ListItem\",\"@id\":\"https:\\\/\\\/www.immo-invest.ch\\\/fr\\\/telekommunikationsanbieter-staerkt-regionale-digitalinfrastruktur\\\/#listItem\",\"position\":4,\"name\":\"Un op\\u00e9rateur t\\u00e9l\\u00e9com renforce l&rsquo;infrastructure num\\u00e9rique r\\u00e9gionale\",\"previousItem\":{\"@type\":\"ListItem\",\"@id\":\"https:\\\/\\\/www.immo-invest.ch\\\/fr\\\/categories\\\/trends-fr\\\/proptech-fr\\\/#listItem\",\"name\":\"propTech\"}}]},{\"@type\":\"Organization\",\"@id\":\"https:\\\/\\\/www.immo-invest.ch\\\/fr\\\/#organization\",\"name\":\"immo!nvest - Die Plattform f\\u00fcr Standorte und Immobilien\",\"description\":\"Die\\u00a0Plattform f\\u00fcr Standorte und Immobilien\",\"url\":\"https:\\\/\\\/www.immo-invest.ch\\\/fr\\\/\",\"email\":\"admin@immomedia.ag\",\"telephone\":\"+41444420002\",\"logo\":{\"@type\":\"ImageObject\",\"url\":\"https:\\\/\\\/www.immo-invest.ch\\\/wp-content\\\/uploads\\\/2024\\\/09\\\/immoinvest_sm-scaled.jpg\",\"@id\":\"https:\\\/\\\/www.immo-invest.ch\\\/fr\\\/telekommunikationsanbieter-staerkt-regionale-digitalinfrastruktur\\\/#organizationLogo\",\"width\":2560,\"height\":1340},\"image\":{\"@id\":\"https:\\\/\\\/www.immo-invest.ch\\\/fr\\\/telekommunikationsanbieter-staerkt-regionale-digitalinfrastruktur\\\/#organizationLogo\"},\"sameAs\":[\"https:\\\/\\\/www.facebook.com\\\/people\\\/Immoinvest\\\/100077962920504\\\/\",\"https:\\\/\\\/x.com\\\/i\\\/flow\\\/login?redirect_after_login=immoinvest_ch\",\"https:\\\/\\\/www.instagram.com\\\/immoinvest_ch\\\/\",\"https:\\\/\\\/www.linkedin.com\\\/company\\\/immoinvest-swiss\"]},{\"@type\":\"Person\",\"@id\":\"https:\\\/\\\/www.immo-invest.ch\\\/fr\\\/author\\\/immovestuser\\\/#author\",\"url\":\"https:\\\/\\\/www.immo-invest.ch\\\/fr\\\/author\\\/immovestuser\\\/\",\"name\":\"immovestuser\",\"image\":{\"@type\":\"ImageObject\",\"@id\":\"https:\\\/\\\/www.immo-invest.ch\\\/fr\\\/telekommunikationsanbieter-staerkt-regionale-digitalinfrastruktur\\\/#authorImage\",\"url\":\"https:\\\/\\\/secure.gravatar.com\\\/avatar\\\/8e01f4d99f2eeea7a362ebb93305e1172a70e9293ba250f897a65c39f54cdd1e?s=96&d=mm&r=g\",\"width\":96,\"height\":96,\"caption\":\"immovestuser\"}},{\"@type\":\"WebPage\",\"@id\":\"https:\\\/\\\/www.immo-invest.ch\\\/fr\\\/telekommunikationsanbieter-staerkt-regionale-digitalinfrastruktur\\\/#webpage\",\"url\":\"https:\\\/\\\/www.immo-invest.ch\\\/fr\\\/telekommunikationsanbieter-staerkt-regionale-digitalinfrastruktur\\\/\",\"name\":\"Un op\\u00e9rateur t\\u00e9l\\u00e9com renforce l\\u2019infrastructure num\\u00e9rique r\\u00e9gionale - immo!nvest - Die Plattform f\\u00fcr Standorte und Immobilien\",\"description\":\"EKT Holding AG a rachet\\u00e9 Datapark AG dans le cadre d'une solution de succession . Le fournisseur d'\\u00e9nergie thurgovien continuera dans un premier temps \\u00e0 exploiter le prestataire de services li\\u00e9s aux r\\u00e9seaux c\\u00e2bl\\u00e9s sous l'\\u00e9gide de sa holding. Les onze emplois \\u00e0 Wil seront maintenus.\",\"inLanguage\":\"fr-FR\",\"isPartOf\":{\"@id\":\"https:\\\/\\\/www.immo-invest.ch\\\/fr\\\/#website\"},\"breadcrumb\":{\"@id\":\"https:\\\/\\\/www.immo-invest.ch\\\/fr\\\/telekommunikationsanbieter-staerkt-regionale-digitalinfrastruktur\\\/#breadcrumblist\"},\"author\":{\"@id\":\"https:\\\/\\\/www.immo-invest.ch\\\/fr\\\/author\\\/immovestuser\\\/#author\"},\"creator\":{\"@id\":\"https:\\\/\\\/www.immo-invest.ch\\\/fr\\\/author\\\/immovestuser\\\/#author\"},\"image\":{\"@type\":\"ImageObject\",\"url\":\"https:\\\/\\\/www.immo-invest.ch\\\/wp-content\\\/uploads\\\/2026\\\/02\\\/banoviag_modern_digital_infrastructure_and_data_network_conce_8b5d9bcd-28bf-459f-a4a7-0c17ca967131_1.png\",\"@id\":\"https:\\\/\\\/www.immo-invest.ch\\\/fr\\\/telekommunikationsanbieter-staerkt-regionale-digitalinfrastruktur\\\/#mainImage\",\"width\":1536,\"height\":768},\"primaryImageOfPage\":{\"@id\":\"https:\\\/\\\/www.immo-invest.ch\\\/fr\\\/telekommunikationsanbieter-staerkt-regionale-digitalinfrastruktur\\\/#mainImage\"},\"datePublished\":\"2026-03-13T08:20:00+01:00\",\"dateModified\":\"2026-03-11T09:45:17+01:00\"},{\"@type\":\"WebSite\",\"@id\":\"https:\\\/\\\/www.immo-invest.ch\\\/fr\\\/#website\",\"url\":\"https:\\\/\\\/www.immo-invest.ch\\\/fr\\\/\",\"name\":\"immo!nvest - Die Plattform f\\u00fcr Standorte und Immobilien\",\"description\":\"Die\\u00a0Plattform f\\u00fcr Standorte und Immobilien\",\"inLanguage\":\"fr-FR\",\"publisher\":{\"@id\":\"https:\\\/\\\/www.immo-invest.ch\\\/fr\\\/#organization\"}}]}\n\t\t<\/script>\n\t\t<!-- All in One SEO -->\n\n","aioseo_head_json":{"title":"Un op\u00e9rateur t\u00e9l\u00e9com renforce l\u2019infrastructure num\u00e9rique r\u00e9gionale - immo!nvest - Die Plattform f\u00fcr Standorte und Immobilien","description":"EKT Holding AG a rachet\u00e9 Datapark AG dans le cadre d'une solution de succession . Le fournisseur d'\u00e9nergie thurgovien continuera dans un premier temps \u00e0 exploiter le prestataire de services li\u00e9s aux r\u00e9seaux c\u00e2bl\u00e9s sous l'\u00e9gide de sa holding. Les onze emplois \u00e0 Wil seront maintenus.","canonical_url":"https:\/\/www.immo-invest.ch\/fr\/telekommunikationsanbieter-staerkt-regionale-digitalinfrastruktur\/","robots":"max-image-preview:large","keywords":"","webmasterTools":{"google-site-verification":"fHJKvgWpZCR2zVBHWfkQeFXC11qieUSff0HGNYfuyLA","miscellaneous":""},"schema":{"@context":"https:\/\/schema.org","@graph":[{"@type":"BlogPosting","@id":"https:\/\/www.immo-invest.ch\/fr\/telekommunikationsanbieter-staerkt-regionale-digitalinfrastruktur\/#blogposting","name":"Un op\u00e9rateur t\u00e9l\u00e9com renforce l\u2019infrastructure num\u00e9rique r\u00e9gionale - immo!nvest - Die Plattform f\u00fcr Standorte und Immobilien","headline":"Un op\u00e9rateur t\u00e9l\u00e9com renforce l&rsquo;infrastructure num\u00e9rique r\u00e9gionale","author":{"@id":"https:\/\/www.immo-invest.ch\/fr\/author\/immovestuser\/#author"},"publisher":{"@id":"https:\/\/www.immo-invest.ch\/fr\/#organization"},"image":{"@type":"ImageObject","url":"https:\/\/www.immo-invest.ch\/wp-content\/uploads\/2026\/02\/banoviag_modern_digital_infrastructure_and_data_network_conce_8b5d9bcd-28bf-459f-a4a7-0c17ca967131_1.png","width":1536,"height":768},"datePublished":"2026-03-13T08:20:00+01:00","dateModified":"2026-03-11T09:45:17+01:00","inLanguage":"fr-FR","mainEntityOfPage":{"@id":"https:\/\/www.immo-invest.ch\/fr\/telekommunikationsanbieter-staerkt-regionale-digitalinfrastruktur\/#webpage"},"isPartOf":{"@id":"https:\/\/www.immo-invest.ch\/fr\/telekommunikationsanbieter-staerkt-regionale-digitalinfrastruktur\/#webpage"},"articleSection":"Entreprise, immoNews, propTech, Transactions \/ Deals, Digitalinfrastruktur, Immoinvest, immoNews, Internetprovider, News, Unternehmensuebernahme, Facultatif"},{"@type":"BreadcrumbList","@id":"https:\/\/www.immo-invest.ch\/fr\/telekommunikationsanbieter-staerkt-regionale-digitalinfrastruktur\/#breadcrumblist","itemListElement":[{"@type":"ListItem","@id":"https:\/\/www.immo-invest.ch\/fr\/#listItem","position":1,"name":"Home","item":"https:\/\/www.immo-invest.ch\/fr\/","nextItem":{"@type":"ListItem","@id":"https:\/\/www.immo-invest.ch\/fr\/categories\/trends-fr\/#listItem","name":"Trends"}},{"@type":"ListItem","@id":"https:\/\/www.immo-invest.ch\/fr\/categories\/trends-fr\/#listItem","position":2,"name":"Trends","item":"https:\/\/www.immo-invest.ch\/fr\/categories\/trends-fr\/","nextItem":{"@type":"ListItem","@id":"https:\/\/www.immo-invest.ch\/fr\/categories\/trends-fr\/proptech-fr\/#listItem","name":"propTech"},"previousItem":{"@type":"ListItem","@id":"https:\/\/www.immo-invest.ch\/fr\/#listItem","name":"Home"}},{"@type":"ListItem","@id":"https:\/\/www.immo-invest.ch\/fr\/categories\/trends-fr\/proptech-fr\/#listItem","position":3,"name":"propTech","item":"https:\/\/www.immo-invest.ch\/fr\/categories\/trends-fr\/proptech-fr\/","nextItem":{"@type":"ListItem","@id":"https:\/\/www.immo-invest.ch\/fr\/telekommunikationsanbieter-staerkt-regionale-digitalinfrastruktur\/#listItem","name":"Un op\u00e9rateur t\u00e9l\u00e9com renforce l&rsquo;infrastructure num\u00e9rique r\u00e9gionale"},"previousItem":{"@type":"ListItem","@id":"https:\/\/www.immo-invest.ch\/fr\/categories\/trends-fr\/#listItem","name":"Trends"}},{"@type":"ListItem","@id":"https:\/\/www.immo-invest.ch\/fr\/telekommunikationsanbieter-staerkt-regionale-digitalinfrastruktur\/#listItem","position":4,"name":"Un op\u00e9rateur t\u00e9l\u00e9com renforce l&rsquo;infrastructure num\u00e9rique r\u00e9gionale","previousItem":{"@type":"ListItem","@id":"https:\/\/www.immo-invest.ch\/fr\/categories\/trends-fr\/proptech-fr\/#listItem","name":"propTech"}}]},{"@type":"Organization","@id":"https:\/\/www.immo-invest.ch\/fr\/#organization","name":"immo!nvest - Die Plattform f\u00fcr Standorte und Immobilien","description":"Die\u00a0Plattform f\u00fcr Standorte und Immobilien","url":"https:\/\/www.immo-invest.ch\/fr\/","email":"admin@immomedia.ag","telephone":"+41444420002","logo":{"@type":"ImageObject","url":"https:\/\/www.immo-invest.ch\/wp-content\/uploads\/2024\/09\/immoinvest_sm-scaled.jpg","@id":"https:\/\/www.immo-invest.ch\/fr\/telekommunikationsanbieter-staerkt-regionale-digitalinfrastruktur\/#organizationLogo","width":2560,"height":1340},"image":{"@id":"https:\/\/www.immo-invest.ch\/fr\/telekommunikationsanbieter-staerkt-regionale-digitalinfrastruktur\/#organizationLogo"},"sameAs":["https:\/\/www.facebook.com\/people\/Immoinvest\/100077962920504\/","https:\/\/x.com\/i\/flow\/login?redirect_after_login=immoinvest_ch","https:\/\/www.instagram.com\/immoinvest_ch\/","https:\/\/www.linkedin.com\/company\/immoinvest-swiss"]},{"@type":"Person","@id":"https:\/\/www.immo-invest.ch\/fr\/author\/immovestuser\/#author","url":"https:\/\/www.immo-invest.ch\/fr\/author\/immovestuser\/","name":"immovestuser","image":{"@type":"ImageObject","@id":"https:\/\/www.immo-invest.ch\/fr\/telekommunikationsanbieter-staerkt-regionale-digitalinfrastruktur\/#authorImage","url":"https:\/\/secure.gravatar.com\/avatar\/8e01f4d99f2eeea7a362ebb93305e1172a70e9293ba250f897a65c39f54cdd1e?s=96&d=mm&r=g","width":96,"height":96,"caption":"immovestuser"}},{"@type":"WebPage","@id":"https:\/\/www.immo-invest.ch\/fr\/telekommunikationsanbieter-staerkt-regionale-digitalinfrastruktur\/#webpage","url":"https:\/\/www.immo-invest.ch\/fr\/telekommunikationsanbieter-staerkt-regionale-digitalinfrastruktur\/","name":"Un op\u00e9rateur t\u00e9l\u00e9com renforce l\u2019infrastructure num\u00e9rique r\u00e9gionale - immo!nvest - Die Plattform f\u00fcr Standorte und Immobilien","description":"EKT Holding AG a rachet\u00e9 Datapark AG dans le cadre d'une solution de succession . Le fournisseur d'\u00e9nergie thurgovien continuera dans un premier temps \u00e0 exploiter le prestataire de services li\u00e9s aux r\u00e9seaux c\u00e2bl\u00e9s sous l'\u00e9gide de sa holding. Les onze emplois \u00e0 Wil seront maintenus.","inLanguage":"fr-FR","isPartOf":{"@id":"https:\/\/www.immo-invest.ch\/fr\/#website"},"breadcrumb":{"@id":"https:\/\/www.immo-invest.ch\/fr\/telekommunikationsanbieter-staerkt-regionale-digitalinfrastruktur\/#breadcrumblist"},"author":{"@id":"https:\/\/www.immo-invest.ch\/fr\/author\/immovestuser\/#author"},"creator":{"@id":"https:\/\/www.immo-invest.ch\/fr\/author\/immovestuser\/#author"},"image":{"@type":"ImageObject","url":"https:\/\/www.immo-invest.ch\/wp-content\/uploads\/2026\/02\/banoviag_modern_digital_infrastructure_and_data_network_conce_8b5d9bcd-28bf-459f-a4a7-0c17ca967131_1.png","@id":"https:\/\/www.immo-invest.ch\/fr\/telekommunikationsanbieter-staerkt-regionale-digitalinfrastruktur\/#mainImage","width":1536,"height":768},"primaryImageOfPage":{"@id":"https:\/\/www.immo-invest.ch\/fr\/telekommunikationsanbieter-staerkt-regionale-digitalinfrastruktur\/#mainImage"},"datePublished":"2026-03-13T08:20:00+01:00","dateModified":"2026-03-11T09:45:17+01:00"},{"@type":"WebSite","@id":"https:\/\/www.immo-invest.ch\/fr\/#website","url":"https:\/\/www.immo-invest.ch\/fr\/","name":"immo!nvest - Die Plattform f\u00fcr Standorte und Immobilien","description":"Die\u00a0Plattform f\u00fcr Standorte und Immobilien","inLanguage":"fr-FR","publisher":{"@id":"https:\/\/www.immo-invest.ch\/fr\/#organization"}}]},"og:locale":"fr_FR","og:site_name":"immo!nvest - Die Plattform f\u00fcr Standorte und Immobilien - Die\u00a0Plattform f\u00fcr Standorte und Immobilien","og:type":"article","og:title":"Un op\u00e9rateur t\u00e9l\u00e9com renforce l\u2019infrastructure num\u00e9rique r\u00e9gionale - immo!nvest - Die Plattform f\u00fcr Standorte und Immobilien","og:description":"EKT Holding AG a rachet\u00e9 Datapark AG dans le cadre d'une solution de succession . Le fournisseur d'\u00e9nergie thurgovien continuera dans un premier temps \u00e0 exploiter le prestataire de services li\u00e9s aux r\u00e9seaux c\u00e2bl\u00e9s sous l'\u00e9gide de sa holding. Les onze emplois \u00e0 Wil seront maintenus.","og:url":"https:\/\/www.immo-invest.ch\/fr\/telekommunikationsanbieter-staerkt-regionale-digitalinfrastruktur\/","og:image":"https:\/\/www.immo-invest.ch\/wp-content\/uploads\/2026\/02\/banoviag_modern_digital_infrastructure_and_data_network_conce_8b5d9bcd-28bf-459f-a4a7-0c17ca967131_1.png","og:image:secure_url":"https:\/\/www.immo-invest.ch\/wp-content\/uploads\/2026\/02\/banoviag_modern_digital_infrastructure_and_data_network_conce_8b5d9bcd-28bf-459f-a4a7-0c17ca967131_1.png","og:image:width":1536,"og:image:height":768,"article:published_time":"2026-03-13T07:20:00+00:00","article:modified_time":"2026-03-11T08:45:17+00:00","article:publisher":"https:\/\/www.facebook.com\/people\/Immoinvest\/100077962920504\/","twitter:card":"summary_large_image","twitter:site":"@i","twitter:title":"Un op\u00e9rateur t\u00e9l\u00e9com renforce l\u2019infrastructure num\u00e9rique r\u00e9gionale - immo!nvest - Die Plattform f\u00fcr Standorte und Immobilien","twitter:description":"EKT Holding AG a rachet\u00e9 Datapark AG dans le cadre d'une solution de succession . Le fournisseur d'\u00e9nergie thurgovien continuera dans un premier temps \u00e0 exploiter le prestataire de services li\u00e9s aux r\u00e9seaux c\u00e2bl\u00e9s sous l'\u00e9gide de sa holding. Les onze emplois \u00e0 Wil seront maintenus.","twitter:creator":"@i","twitter:image":"https:\/\/www.immo-invest.ch\/wp-content\/uploads\/2026\/02\/banoviag_modern_digital_infrastructure_and_data_network_conce_8b5d9bcd-28bf-459f-a4a7-0c17ca967131_1.png"},"aioseo_meta_data":{"post_id":"151115","title":null,"description":null,"keywords":null,"keyphrases":null,"primary_term":null,"canonical_url":null,"og_title":null,"og_description":null,"og_object_type":"default","og_image_type":"default","og_image_url":null,"og_image_width":null,"og_image_height":null,"og_image_custom_url":null,"og_image_custom_fields":null,"og_video":null,"og_custom_url":null,"og_article_section":null,"og_article_tags":null,"twitter_use_og":false,"twitter_card":"default","twitter_image_type":"default","twitter_image_url":null,"twitter_image_custom_url":null,"twitter_image_custom_fields":null,"twitter_title":null,"twitter_description":null,"schema":{"blockGraphs":[],"customGraphs":[],"default":{"data":{"Article":[],"Course":[],"Dataset":[],"FAQPage":[],"Movie":[],"Person":[],"Product":[],"ProductReview":[],"Car":[],"Recipe":[],"Service":[],"SoftwareApplication":[],"WebPage":[]},"graphName":"","isEnabled":true},"graphs":[]},"schema_type":"default","schema_type_options":null,"pillar_content":false,"robots_default":true,"robots_noindex":false,"robots_noarchive":false,"robots_nosnippet":false,"robots_nofollow":false,"robots_noimageindex":false,"robots_noodp":false,"robots_notranslate":false,"robots_max_snippet":null,"robots_max_videopreview":null,"robots_max_imagepreview":"large","priority":null,"frequency":null,"local_seo":null,"breadcrumb_settings":null,"limit_modified_date":false,"ai":null,"created":"2026-03-13 07:32:03","updated":"2026-03-13 07:32:03","seo_analyzer_scan_date":null,"focus_keyword":null,"additional_keywords":null,"truseo_locale":null},"aioseo_breadcrumb":"<div class=\"aioseo-breadcrumbs\"><span class=\"aioseo-breadcrumb\">\n\t\t\t<a href=\"https:\/\/www.immo-invest.ch\/fr\/\" title=\"Home\">Home<\/a>\n\t\t<\/span><span class=\"aioseo-breadcrumb-separator\">&raquo;<\/span><span class=\"aioseo-breadcrumb\">\n\t\t\t<a href=\"https:\/\/www.immo-invest.ch\/fr\/categories\/trends-fr\/\" title=\"Trends\">Trends<\/a>\n\t\t<\/span><span class=\"aioseo-breadcrumb-separator\">&raquo;<\/span><span class=\"aioseo-breadcrumb\">\n\t\t\t<a href=\"https:\/\/www.immo-invest.ch\/fr\/categories\/trends-fr\/proptech-fr\/\" title=\"propTech\">propTech<\/a>\n\t\t<\/span><span class=\"aioseo-breadcrumb-separator\">&raquo;<\/span><span class=\"aioseo-breadcrumb\">\n\t\t\tUn op\u00e9rateur t\u00e9l\u00e9com renforce l\u2019infrastructure num\u00e9rique r\u00e9gionale\n\t\t<\/span><\/div>","aioseo_breadcrumb_json":[{"label":"Home","link":"https:\/\/www.immo-invest.ch\/fr\/"},{"label":"Trends","link":"https:\/\/www.immo-invest.ch\/fr\/categories\/trends-fr\/"},{"label":"propTech","link":"https:\/\/www.immo-invest.ch\/fr\/categories\/trends-fr\/proptech-fr\/"},{"label":"Un op\u00e9rateur t\u00e9l\u00e9com renforce l&rsquo;infrastructure num\u00e9rique r\u00e9gionale","link":"https:\/\/www.immo-invest.ch\/fr\/telekommunikationsanbieter-staerkt-regionale-digitalinfrastruktur\/"}],"featured_image_src":"https:\/\/www.immo-invest.ch\/wp-content\/uploads\/2026\/02\/banoviag_modern_digital_infrastructure_and_data_network_conce_8b5d9bcd-28bf-459f-a4a7-0c17ca967131_1-336x168.png","_links":{"self":[{"href":"https:\/\/www.immo-invest.ch\/fr\/wp-json\/wp\/v2\/posts\/151115","targetHints":{"allow":["GET"]}}],"collection":[{"href":"https:\/\/www.immo-invest.ch\/fr\/wp-json\/wp\/v2\/posts"}],"about":[{"href":"https:\/\/www.immo-invest.ch\/fr\/wp-json\/wp\/v2\/types\/post"}],"author":[{"embeddable":true,"href":"https:\/\/www.immo-invest.ch\/fr\/wp-json\/wp\/v2\/users\/2"}],"replies":[{"embeddable":true,"href":"https:\/\/www.immo-invest.ch\/fr\/wp-json\/wp\/v2\/comments?post=151115"}],"version-history":[{"count":1,"href":"https:\/\/www.immo-invest.ch\/fr\/wp-json\/wp\/v2\/posts\/151115\/revisions"}],"predecessor-version":[{"id":151120,"href":"https:\/\/www.immo-invest.ch\/fr\/wp-json\/wp\/v2\/posts\/151115\/revisions\/151120"}],"wp:featuredmedia":[{"embeddable":true,"href":"https:\/\/www.immo-invest.ch\/fr\/wp-json\/wp\/v2\/media\/151116"}],"wp:attachment":[{"href":"https:\/\/www.immo-invest.ch\/fr\/wp-json\/wp\/v2\/media?parent=151115"}],"wp:term":[{"taxonomy":"category","embeddable":true,"href":"https:\/\/www.immo-invest.ch\/fr\/wp-json\/wp\/v2\/categories?post=151115"},{"taxonomy":"post_tag","embeddable":true,"href":"https:\/\/www.immo-invest.ch\/fr\/wp-json\/wp\/v2\/tags?post=151115"}],"curies":[{"name":"wp","href":"https:\/\/api.w.org\/{rel}","templated":true}]}}