{"id":150900,"date":"2026-03-10T09:31:16","date_gmt":"2026-03-10T08:31:16","guid":{"rendered":"https:\/\/www.immo-invest.ch\/?p=150900"},"modified":"2026-03-10T09:31:20","modified_gmt":"2026-03-10T08:31:20","slug":"tour-invictus-nouveau-visage-pour-fribourg","status":"publish","type":"post","link":"https:\/\/www.immo-invest.ch\/fr\/tour-invictus-nouveau-visage-pour-fribourg\/","title":{"rendered":"Tour Invictus nouveau visage pour Fribourg"},"content":{"rendered":"<p class=\"wp-block-paragraph\">La Tour Invictus marque un tournant dans le d&eacute;veloppement urbain de Fribourg. Elle densifie l&rsquo;habitat en hauteur au lieu de continuer &agrave; s&rsquo;&eacute;tendre en surface. Le projet r&eacute;agit ainsi &agrave; la rar&eacute;faction du sol, &agrave; l&rsquo;&eacute;volution des structures des m&eacute;nages et au vieillissement de la population.<\/p>\n\n\n\n\n\n<p class=\"wp-block-paragraph\">En m&ecirc;me temps, la tour pose la question de l&rsquo;identit&eacute;. Combien de &laquo;&nbsp;tours&nbsp;&raquo; une ville suisse de taille moyenne peut-elle supporter ? Le b&acirc;timent sera visible, depuis la ville et de loin. Il deviendra ainsi le symbole d&rsquo;une nouvelle phase de d&eacute;veloppement urbain qui r&eacute;&eacute;quilibre densit&eacute;, mobilit&eacute; et qualit&eacute; de vie.<\/p>\n\n\n\n\n\n<p class=\"wp-block-paragraph\"><strong>Nouvelles formes d&rsquo;habitat au lieu de l&rsquo;&icirc;lot classique<br><\/strong>La mixit&eacute; des usages est clairement ax&eacute;e sur l&rsquo;habitat, mais finement &eacute;chelonn&eacute;e en interne. Les &eacute;tages inf&eacute;rieurs sont occup&eacute;s par des appartements adapt&eacute;s aux personnes &acirc;g&eacute;es et b&eacute;n&eacute;ficiant d&rsquo;un environnement encadr&eacute;. Les &eacute;tages sup&eacute;rieurs sont occup&eacute;s par des appartements en copropri&eacute;t&eacute; financ&eacute;s librement, avec une large vue et une grande qualit&eacute; de s&eacute;jour.<\/p>\n\n\n\n\n\n<p class=\"wp-block-paragraph\">Cette mixit&eacute; verticale remplace l&rsquo;&icirc;lot classique avec des maisons s&eacute;par&eacute;es pour diff&eacute;rents groupes cibles. Elle r&eacute;unit dans le m&ecirc;me immeuble des personnes ayant des projets de vie diff&eacute;rents. Pour les exploitants, les propri&eacute;taires et l&rsquo;urbanisme, cela ouvre de nouvelles options en mati&egrave;re de services, de lien avec le <span class=\"glossaryLink\" aria-describedby=\"tt\" data-cmtooltip=\"&lt;div class=glossaryItemTitle&gt;Quartier&lt;\/div&gt;&lt;div class=glossaryItemBody&gt;Amtliches, historisches, soziales oder stadtplanerisches Stadtviertel&lt;\/div&gt;\" data-mobile-support=\"0\" data-gt-translate-attributes='[{\"attribute\":\"data-cmtooltip\", \"format\":\"html\"}]' tabindex=\"0\" role=\"link\">quartier<\/span> et de cr&eacute;ation de communaut&eacute;s.<\/p>\n\n\n\n\n\n<p class=\"wp-block-paragraph\"><strong>Cr&eacute;er une qualit&eacute; de s&eacute;jour doit<br><\/strong>Une tour de cette hauteur provoque toujours la m&ecirc;me question. La densit&eacute; devient-elle une contrainte ou une qualit&eacute; ? L&rsquo;am&eacute;nagement des transitions est d&eacute;cisif. Le niveau de la rue, le rez-de-chauss&eacute;e et les alentours doivent rester &agrave; l&rsquo;&eacute;chelle des pi&eacute;tons. Des espaces ext&eacute;rieurs verdoyants, des adresses claires et des entr&eacute;es bien lisibles d&eacute;terminent si la tour est per&ccedil;ue comme un corps &eacute;tranger ou comme une partie &eacute;vidente du <span class=\"glossaryLink\" aria-describedby=\"tt\" data-cmtooltip=\"&lt;div class=glossaryItemTitle&gt;Quartier&lt;\/div&gt;&lt;div class=glossaryItemBody&gt;Amtliches, historisches, soziales oder stadtplanerisches Stadtviertel&lt;\/div&gt;\" data-mobile-support=\"0\" data-gt-translate-attributes='[{\"attribute\":\"data-cmtooltip\", \"format\":\"html\"}]' tabindex=\"0\" role=\"link\">quartier<\/span>.<\/p>\n\n\n\n\n\n<p class=\"wp-block-paragraph\">A l&rsquo;int&eacute;rieur, c&rsquo;est la g&eacute;n&eacute;rosit&eacute; v&eacute;cue qui compte. La lumi&egrave;re du jour, la hauteur des pi&egrave;ces, les espaces ext&eacute;rieurs priv&eacute;s et les vues font contrepoids au nombre &eacute;lev&eacute; d&rsquo;unit&eacute;s. Lorsque les espaces libres sont d&eacute;lib&eacute;r&eacute;ment plac&eacute;s dans l&rsquo;immeuble, par exemple avec des salles communes, des terrasses sur les toits ou des coursives utilisables, l&rsquo;identification prend le pas sur l&rsquo;anonymat.<\/p>\n\n\n\n\n\n<p class=\"wp-block-paragraph\"><strong>Opportunit&eacute;s pour la ville<br><\/strong>Pour la ville de Fribourg, la Tour Invictus est &agrave; la fois une opportunit&eacute; et un test. Elle montre comment les investisseurs, les planificateurs et les autorit&eacute;s g&egrave;rent les objectifs de densification. La gestion du trafic, de la desserte, de l&rsquo;ombre et du voisinage sera observ&eacute;e de pr&egrave;s. Si le projet r&eacute;ussit, il renforcera l&rsquo;acceptation de nouvelles densifications verticales.<\/p>\n\n\n\n\n\n<p class=\"wp-block-paragraph\">En m&ecirc;me temps, le champ de tensions reste visible. Un immeuble de grande hauteur d&eacute;clenche des discussions sur la ligne d&rsquo;horizon, le caract&egrave;re et la mixit&eacute; sociale. Les cadres de l&rsquo;administration et du secteur immobilier sont appel&eacute;s &agrave; mod&eacute;rer activement ce d&eacute;bat. Il faut des r&eacute;cits clairs expliquant pourquoi la densit&eacute; n&rsquo;est pas synonyme de renoncement, mais permet de nouvelles formes d&rsquo;urbanit&eacute;.<\/p>\n\n","protected":false},"excerpt":{"rendered":"<p>A Fribourg, la Tour Invictus, une tour d&rsquo;habitation de 60 m\u00e8tres de haut, s&rsquo;\u00e9l\u00e8ve vers le ciel. Elle symbolise la densification de l&rsquo;habitat, les nouvelles formes de logement pour les personnes \u00e2g\u00e9es et la question de savoir jusqu&rsquo;o\u00f9 une ville veut s&rsquo;\u00e9tendre et dans quelle direction.<\/p>\n","protected":false},"author":2,"featured_media":150911,"comment_status":"open","ping_status":"open","sticky":false,"template":"","format":"standard","meta":{"pmpro_default_level":"","inline_featured_image":false,"_monsterinsights_skip_tracking":false,"footnotes":""},"categories":[22699,49707,56027,56003],"tags":[57653,872,3931,2002,57654,57655],"class_list":["post-150900","post","type-post","status-publish","format-standard","has-post-thumbnail","hentry","category-durabilite","category-freiburg-fr","category-planification-developpement","category-residentiel","tag-hochhauswohnen","tag-immoinvest-fr","tag-immonews-fr","tag-news-fr","tag-stadtverdichtung","tag-wohnentwicklung","pmpro-has-access"],"acf":{"bild_mit_ki_erstellt_worden":"","lead":"A Fribourg, la Tour Invictus, une tour d'habitation de 60 m\u00e8tres de haut, s'\u00e9l\u00e8ve vers le ciel. Elle symbolise la densification de l'habitat, les nouvelles formes de logement pour les personnes \u00e2g\u00e9es et la question de savoir jusqu'o\u00f9 une ville veut s'\u00e9tendre et dans quelle direction.","autor":"Quelle immo!nvest","ort":"","bildunterschrift":"","bild_im_grid":false,"gallerie":"","newsim":""},"aioseo_notices":[],"aioseo_head":"\n\t\t<!-- All in One SEO 5.0.0.1 - aioseo.com -->\n\t<meta name=\"description\" content=\"A Fribourg, la Tour Invictus, une tour d&#039;habitation de 60 m\u00e8tres de haut, s&#039;\u00e9l\u00e8ve vers le ciel. Elle symbolise la densification de l&#039;habitat, les nouvelles formes de logement pour les personnes \u00e2g\u00e9es et la question de savoir jusqu&#039;o\u00f9 une ville veut s&#039;\u00e9tendre et dans quelle direction.\" \/>\n\t<meta name=\"robots\" content=\"max-image-preview:large\" \/>\n\t<meta name=\"author\" content=\"immovestuser\"\/>\n\t<meta name=\"google-site-verification\" content=\"fHJKvgWpZCR2zVBHWfkQeFXC11qieUSff0HGNYfuyLA\" \/>\n\t<link rel=\"canonical\" href=\"https:\/\/www.immo-invest.ch\/fr\/tour-invictus-nouveau-visage-pour-fribourg\/\" \/>\n\t<meta name=\"generator\" content=\"All in One SEO (AIOSEO) 5.0.0.1\" \/>\n\t\t<meta property=\"og:locale\" content=\"fr_FR\" \/>\n\t\t<meta property=\"og:site_name\" content=\"immo!nvest - Die Plattform f\u00fcr Standorte und Immobilien - Die\u00a0Plattform f\u00fcr Standorte und Immobilien\" \/>\n\t\t<meta property=\"og:type\" content=\"article\" \/>\n\t\t<meta property=\"og:title\" content=\"Tour Invictus nouveau visage pour Fribourg - immo!nvest - Die Plattform f\u00fcr Standorte und Immobilien\" \/>\n\t\t<meta property=\"og:description\" content=\"A Fribourg, la Tour Invictus, une tour d&#039;habitation de 60 m\u00e8tres de haut, s&#039;\u00e9l\u00e8ve vers le ciel. Elle symbolise la densification de l&#039;habitat, les nouvelles formes de logement pour les personnes \u00e2g\u00e9es et la question de savoir jusqu&#039;o\u00f9 une ville veut s&#039;\u00e9tendre et dans quelle direction.\" \/>\n\t\t<meta property=\"og:url\" content=\"https:\/\/www.immo-invest.ch\/fr\/tour-invictus-nouveau-visage-pour-fribourg\/\" \/>\n\t\t<meta property=\"og:image\" content=\"https:\/\/www.immo-invest.ch\/wp-content\/uploads\/2026\/03\/tourinvictus_16x9.jpg\" \/>\n\t\t<meta property=\"og:image:secure_url\" content=\"https:\/\/www.immo-invest.ch\/wp-content\/uploads\/2026\/03\/tourinvictus_16x9.jpg\" \/>\n\t\t<meta property=\"og:image:width\" content=\"1920\" \/>\n\t\t<meta property=\"og:image:height\" content=\"1080\" \/>\n\t\t<meta property=\"article:published_time\" content=\"2026-03-10T08:31:16+00:00\" \/>\n\t\t<meta property=\"article:modified_time\" content=\"2026-03-10T08:31:20+00:00\" \/>\n\t\t<meta property=\"article:publisher\" content=\"https:\/\/www.facebook.com\/people\/Immoinvest\/100077962920504\/\" \/>\n\t\t<meta name=\"twitter:card\" content=\"summary_large_image\" \/>\n\t\t<meta name=\"twitter:site\" content=\"@i\" \/>\n\t\t<meta name=\"twitter:title\" content=\"Tour Invictus nouveau visage pour Fribourg - immo!nvest - Die Plattform f\u00fcr Standorte und Immobilien\" \/>\n\t\t<meta name=\"twitter:description\" content=\"A Fribourg, la Tour Invictus, une tour d&#039;habitation de 60 m\u00e8tres de haut, s&#039;\u00e9l\u00e8ve vers le ciel. Elle symbolise la densification de l&#039;habitat, les nouvelles formes de logement pour les personnes \u00e2g\u00e9es et la question de savoir jusqu&#039;o\u00f9 une ville veut s&#039;\u00e9tendre et dans quelle direction.\" \/>\n\t\t<meta name=\"twitter:creator\" content=\"@i\" \/>\n\t\t<meta name=\"twitter:image\" content=\"https:\/\/www.immo-invest.ch\/wp-content\/uploads\/2026\/03\/tourinvictus_16x9.jpg\" \/>\n\t\t<script type=\"application\/ld+json\" class=\"aioseo-schema\">\n\t\t\t{\"@context\":\"https:\\\/\\\/schema.org\",\"@graph\":[{\"@type\":\"BlogPosting\",\"@id\":\"https:\\\/\\\/www.immo-invest.ch\\\/fr\\\/tour-invictus-nouveau-visage-pour-fribourg\\\/#blogposting\",\"name\":\"Tour Invictus nouveau visage pour Fribourg - immo!nvest - Die Plattform f\\u00fcr Standorte und Immobilien\",\"headline\":\"Tour Invictus nouveau visage pour Fribourg\",\"author\":{\"@id\":\"https:\\\/\\\/www.immo-invest.ch\\\/fr\\\/author\\\/immovestuser\\\/#author\"},\"publisher\":{\"@id\":\"https:\\\/\\\/www.immo-invest.ch\\\/fr\\\/#organization\"},\"image\":{\"@type\":\"ImageObject\",\"url\":\"https:\\\/\\\/www.immo-invest.ch\\\/wp-content\\\/uploads\\\/2026\\\/03\\\/tourinvictus_16x9.jpg\",\"width\":1920,\"height\":1080},\"datePublished\":\"2026-03-10T09:31:16+01:00\",\"dateModified\":\"2026-03-10T09:31:20+01:00\",\"inLanguage\":\"fr-FR\",\"mainEntityOfPage\":{\"@id\":\"https:\\\/\\\/www.immo-invest.ch\\\/fr\\\/tour-invictus-nouveau-visage-pour-fribourg\\\/#webpage\"},\"isPartOf\":{\"@id\":\"https:\\\/\\\/www.immo-invest.ch\\\/fr\\\/tour-invictus-nouveau-visage-pour-fribourg\\\/#webpage\"},\"articleSection\":\"Durabilit\\u00e9, Freiburg, Planification \\\/ D\\u00e9veloppement, R\\u00e9sidentiel, Hochhauswohnen, Immoinvest, immoNews, News, Stadtverdichtung, Wohnentwicklung, Facultatif\"},{\"@type\":\"BreadcrumbList\",\"@id\":\"https:\\\/\\\/www.immo-invest.ch\\\/fr\\\/tour-invictus-nouveau-visage-pour-fribourg\\\/#breadcrumblist\",\"itemListElement\":[{\"@type\":\"ListItem\",\"@id\":\"https:\\\/\\\/www.immo-invest.ch\\\/fr\\\/#listItem\",\"position\":1,\"name\":\"Home\",\"item\":\"https:\\\/\\\/www.immo-invest.ch\\\/fr\\\/\",\"nextItem\":{\"@type\":\"ListItem\",\"@id\":\"https:\\\/\\\/www.immo-invest.ch\\\/fr\\\/categories\\\/regions\\\/#listItem\",\"name\":\"R\\u00e9gions\"}},{\"@type\":\"ListItem\",\"@id\":\"https:\\\/\\\/www.immo-invest.ch\\\/fr\\\/categories\\\/regions\\\/#listItem\",\"position\":2,\"name\":\"R\\u00e9gions\",\"item\":\"https:\\\/\\\/www.immo-invest.ch\\\/fr\\\/categories\\\/regions\\\/\",\"nextItem\":{\"@type\":\"ListItem\",\"@id\":\"https:\\\/\\\/www.immo-invest.ch\\\/fr\\\/categories\\\/regions\\\/suisse\\\/#listItem\",\"name\":\"Suisse\"},\"previousItem\":{\"@type\":\"ListItem\",\"@id\":\"https:\\\/\\\/www.immo-invest.ch\\\/fr\\\/#listItem\",\"name\":\"Home\"}},{\"@type\":\"ListItem\",\"@id\":\"https:\\\/\\\/www.immo-invest.ch\\\/fr\\\/categories\\\/regions\\\/suisse\\\/#listItem\",\"position\":3,\"name\":\"Suisse\",\"item\":\"https:\\\/\\\/www.immo-invest.ch\\\/fr\\\/categories\\\/regions\\\/suisse\\\/\",\"nextItem\":{\"@type\":\"ListItem\",\"@id\":\"https:\\\/\\\/www.immo-invest.ch\\\/fr\\\/categories\\\/regions\\\/suisse\\\/espace-mittelland\\\/#listItem\",\"name\":\"Espace Mittelland\"},\"previousItem\":{\"@type\":\"ListItem\",\"@id\":\"https:\\\/\\\/www.immo-invest.ch\\\/fr\\\/categories\\\/regions\\\/#listItem\",\"name\":\"R\\u00e9gions\"}},{\"@type\":\"ListItem\",\"@id\":\"https:\\\/\\\/www.immo-invest.ch\\\/fr\\\/categories\\\/regions\\\/suisse\\\/espace-mittelland\\\/#listItem\",\"position\":4,\"name\":\"Espace Mittelland\",\"item\":\"https:\\\/\\\/www.immo-invest.ch\\\/fr\\\/categories\\\/regions\\\/suisse\\\/espace-mittelland\\\/\",\"nextItem\":{\"@type\":\"ListItem\",\"@id\":\"https:\\\/\\\/www.immo-invest.ch\\\/fr\\\/categories\\\/regions\\\/suisse\\\/espace-mittelland\\\/freiburg-fr\\\/#listItem\",\"name\":\"Freiburg\"},\"previousItem\":{\"@type\":\"ListItem\",\"@id\":\"https:\\\/\\\/www.immo-invest.ch\\\/fr\\\/categories\\\/regions\\\/suisse\\\/#listItem\",\"name\":\"Suisse\"}},{\"@type\":\"ListItem\",\"@id\":\"https:\\\/\\\/www.immo-invest.ch\\\/fr\\\/categories\\\/regions\\\/suisse\\\/espace-mittelland\\\/freiburg-fr\\\/#listItem\",\"position\":5,\"name\":\"Freiburg\",\"item\":\"https:\\\/\\\/www.immo-invest.ch\\\/fr\\\/categories\\\/regions\\\/suisse\\\/espace-mittelland\\\/freiburg-fr\\\/\",\"nextItem\":{\"@type\":\"ListItem\",\"@id\":\"https:\\\/\\\/www.immo-invest.ch\\\/fr\\\/tour-invictus-nouveau-visage-pour-fribourg\\\/#listItem\",\"name\":\"Tour Invictus nouveau visage pour Fribourg\"},\"previousItem\":{\"@type\":\"ListItem\",\"@id\":\"https:\\\/\\\/www.immo-invest.ch\\\/fr\\\/categories\\\/regions\\\/suisse\\\/espace-mittelland\\\/#listItem\",\"name\":\"Espace Mittelland\"}},{\"@type\":\"ListItem\",\"@id\":\"https:\\\/\\\/www.immo-invest.ch\\\/fr\\\/tour-invictus-nouveau-visage-pour-fribourg\\\/#listItem\",\"position\":6,\"name\":\"Tour Invictus nouveau visage pour Fribourg\",\"previousItem\":{\"@type\":\"ListItem\",\"@id\":\"https:\\\/\\\/www.immo-invest.ch\\\/fr\\\/categories\\\/regions\\\/suisse\\\/espace-mittelland\\\/freiburg-fr\\\/#listItem\",\"name\":\"Freiburg\"}}]},{\"@type\":\"Organization\",\"@id\":\"https:\\\/\\\/www.immo-invest.ch\\\/fr\\\/#organization\",\"name\":\"immo!nvest - Die Plattform f\\u00fcr Standorte und Immobilien\",\"description\":\"Die\\u00a0Plattform f\\u00fcr Standorte und Immobilien\",\"url\":\"https:\\\/\\\/www.immo-invest.ch\\\/fr\\\/\",\"email\":\"admin@immomedia.ag\",\"telephone\":\"+41444420002\",\"logo\":{\"@type\":\"ImageObject\",\"url\":\"https:\\\/\\\/www.immo-invest.ch\\\/wp-content\\\/uploads\\\/2024\\\/09\\\/immoinvest_sm-scaled.jpg\",\"@id\":\"https:\\\/\\\/www.immo-invest.ch\\\/fr\\\/tour-invictus-nouveau-visage-pour-fribourg\\\/#organizationLogo\",\"width\":2560,\"height\":1340},\"image\":{\"@id\":\"https:\\\/\\\/www.immo-invest.ch\\\/fr\\\/tour-invictus-nouveau-visage-pour-fribourg\\\/#organizationLogo\"},\"sameAs\":[\"https:\\\/\\\/www.facebook.com\\\/people\\\/Immoinvest\\\/100077962920504\\\/\",\"https:\\\/\\\/x.com\\\/i\\\/flow\\\/login?redirect_after_login=immoinvest_ch\",\"https:\\\/\\\/www.instagram.com\\\/immoinvest_ch\\\/\",\"https:\\\/\\\/www.linkedin.com\\\/company\\\/immoinvest-swiss\"]},{\"@type\":\"Person\",\"@id\":\"https:\\\/\\\/www.immo-invest.ch\\\/fr\\\/author\\\/immovestuser\\\/#author\",\"url\":\"https:\\\/\\\/www.immo-invest.ch\\\/fr\\\/author\\\/immovestuser\\\/\",\"name\":\"immovestuser\",\"image\":{\"@type\":\"ImageObject\",\"@id\":\"https:\\\/\\\/www.immo-invest.ch\\\/fr\\\/tour-invictus-nouveau-visage-pour-fribourg\\\/#authorImage\",\"url\":\"https:\\\/\\\/secure.gravatar.com\\\/avatar\\\/8e01f4d99f2eeea7a362ebb93305e1172a70e9293ba250f897a65c39f54cdd1e?s=96&d=mm&r=g\",\"width\":96,\"height\":96,\"caption\":\"immovestuser\"}},{\"@type\":\"WebPage\",\"@id\":\"https:\\\/\\\/www.immo-invest.ch\\\/fr\\\/tour-invictus-nouveau-visage-pour-fribourg\\\/#webpage\",\"url\":\"https:\\\/\\\/www.immo-invest.ch\\\/fr\\\/tour-invictus-nouveau-visage-pour-fribourg\\\/\",\"name\":\"Tour Invictus nouveau visage pour Fribourg - immo!nvest - Die Plattform f\\u00fcr Standorte und Immobilien\",\"description\":\"A Fribourg, la Tour Invictus, une tour d'habitation de 60 m\\u00e8tres de haut, s'\\u00e9l\\u00e8ve vers le ciel. Elle symbolise la densification de l'habitat, les nouvelles formes de logement pour les personnes \\u00e2g\\u00e9es et la question de savoir jusqu'o\\u00f9 une ville veut s'\\u00e9tendre et dans quelle direction.\",\"inLanguage\":\"fr-FR\",\"isPartOf\":{\"@id\":\"https:\\\/\\\/www.immo-invest.ch\\\/fr\\\/#website\"},\"breadcrumb\":{\"@id\":\"https:\\\/\\\/www.immo-invest.ch\\\/fr\\\/tour-invictus-nouveau-visage-pour-fribourg\\\/#breadcrumblist\"},\"author\":{\"@id\":\"https:\\\/\\\/www.immo-invest.ch\\\/fr\\\/author\\\/immovestuser\\\/#author\"},\"creator\":{\"@id\":\"https:\\\/\\\/www.immo-invest.ch\\\/fr\\\/author\\\/immovestuser\\\/#author\"},\"image\":{\"@type\":\"ImageObject\",\"url\":\"https:\\\/\\\/www.immo-invest.ch\\\/wp-content\\\/uploads\\\/2026\\\/03\\\/tourinvictus_16x9.jpg\",\"@id\":\"https:\\\/\\\/www.immo-invest.ch\\\/fr\\\/tour-invictus-nouveau-visage-pour-fribourg\\\/#mainImage\",\"width\":1920,\"height\":1080},\"primaryImageOfPage\":{\"@id\":\"https:\\\/\\\/www.immo-invest.ch\\\/fr\\\/tour-invictus-nouveau-visage-pour-fribourg\\\/#mainImage\"},\"datePublished\":\"2026-03-10T09:31:16+01:00\",\"dateModified\":\"2026-03-10T09:31:20+01:00\"},{\"@type\":\"WebSite\",\"@id\":\"https:\\\/\\\/www.immo-invest.ch\\\/fr\\\/#website\",\"url\":\"https:\\\/\\\/www.immo-invest.ch\\\/fr\\\/\",\"name\":\"immo!nvest - Die Plattform f\\u00fcr Standorte und Immobilien\",\"description\":\"Die\\u00a0Plattform f\\u00fcr Standorte und Immobilien\",\"inLanguage\":\"fr-FR\",\"publisher\":{\"@id\":\"https:\\\/\\\/www.immo-invest.ch\\\/fr\\\/#organization\"}}]}\n\t\t<\/script>\n\t\t<!-- All in One SEO -->\n\n","aioseo_head_json":{"title":"Tour Invictus nouveau visage pour Fribourg - immo!nvest - Die Plattform f\u00fcr Standorte und Immobilien","description":"A Fribourg, la Tour Invictus, une tour d'habitation de 60 m\u00e8tres de haut, s'\u00e9l\u00e8ve vers le ciel. Elle symbolise la densification de l'habitat, les nouvelles formes de logement pour les personnes \u00e2g\u00e9es et la question de savoir jusqu'o\u00f9 une ville veut s'\u00e9tendre et dans quelle direction.","canonical_url":"https:\/\/www.immo-invest.ch\/fr\/tour-invictus-nouveau-visage-pour-fribourg\/","robots":"max-image-preview:large","keywords":"","webmasterTools":{"google-site-verification":"fHJKvgWpZCR2zVBHWfkQeFXC11qieUSff0HGNYfuyLA","miscellaneous":""},"schema":{"@context":"https:\/\/schema.org","@graph":[{"@type":"BlogPosting","@id":"https:\/\/www.immo-invest.ch\/fr\/tour-invictus-nouveau-visage-pour-fribourg\/#blogposting","name":"Tour Invictus nouveau visage pour Fribourg - immo!nvest - Die Plattform f\u00fcr Standorte und Immobilien","headline":"Tour Invictus nouveau visage pour Fribourg","author":{"@id":"https:\/\/www.immo-invest.ch\/fr\/author\/immovestuser\/#author"},"publisher":{"@id":"https:\/\/www.immo-invest.ch\/fr\/#organization"},"image":{"@type":"ImageObject","url":"https:\/\/www.immo-invest.ch\/wp-content\/uploads\/2026\/03\/tourinvictus_16x9.jpg","width":1920,"height":1080},"datePublished":"2026-03-10T09:31:16+01:00","dateModified":"2026-03-10T09:31:20+01:00","inLanguage":"fr-FR","mainEntityOfPage":{"@id":"https:\/\/www.immo-invest.ch\/fr\/tour-invictus-nouveau-visage-pour-fribourg\/#webpage"},"isPartOf":{"@id":"https:\/\/www.immo-invest.ch\/fr\/tour-invictus-nouveau-visage-pour-fribourg\/#webpage"},"articleSection":"Durabilit\u00e9, Freiburg, Planification \/ D\u00e9veloppement, R\u00e9sidentiel, Hochhauswohnen, Immoinvest, immoNews, News, Stadtverdichtung, Wohnentwicklung, Facultatif"},{"@type":"BreadcrumbList","@id":"https:\/\/www.immo-invest.ch\/fr\/tour-invictus-nouveau-visage-pour-fribourg\/#breadcrumblist","itemListElement":[{"@type":"ListItem","@id":"https:\/\/www.immo-invest.ch\/fr\/#listItem","position":1,"name":"Home","item":"https:\/\/www.immo-invest.ch\/fr\/","nextItem":{"@type":"ListItem","@id":"https:\/\/www.immo-invest.ch\/fr\/categories\/regions\/#listItem","name":"R\u00e9gions"}},{"@type":"ListItem","@id":"https:\/\/www.immo-invest.ch\/fr\/categories\/regions\/#listItem","position":2,"name":"R\u00e9gions","item":"https:\/\/www.immo-invest.ch\/fr\/categories\/regions\/","nextItem":{"@type":"ListItem","@id":"https:\/\/www.immo-invest.ch\/fr\/categories\/regions\/suisse\/#listItem","name":"Suisse"},"previousItem":{"@type":"ListItem","@id":"https:\/\/www.immo-invest.ch\/fr\/#listItem","name":"Home"}},{"@type":"ListItem","@id":"https:\/\/www.immo-invest.ch\/fr\/categories\/regions\/suisse\/#listItem","position":3,"name":"Suisse","item":"https:\/\/www.immo-invest.ch\/fr\/categories\/regions\/suisse\/","nextItem":{"@type":"ListItem","@id":"https:\/\/www.immo-invest.ch\/fr\/categories\/regions\/suisse\/espace-mittelland\/#listItem","name":"Espace Mittelland"},"previousItem":{"@type":"ListItem","@id":"https:\/\/www.immo-invest.ch\/fr\/categories\/regions\/#listItem","name":"R\u00e9gions"}},{"@type":"ListItem","@id":"https:\/\/www.immo-invest.ch\/fr\/categories\/regions\/suisse\/espace-mittelland\/#listItem","position":4,"name":"Espace Mittelland","item":"https:\/\/www.immo-invest.ch\/fr\/categories\/regions\/suisse\/espace-mittelland\/","nextItem":{"@type":"ListItem","@id":"https:\/\/www.immo-invest.ch\/fr\/categories\/regions\/suisse\/espace-mittelland\/freiburg-fr\/#listItem","name":"Freiburg"},"previousItem":{"@type":"ListItem","@id":"https:\/\/www.immo-invest.ch\/fr\/categories\/regions\/suisse\/#listItem","name":"Suisse"}},{"@type":"ListItem","@id":"https:\/\/www.immo-invest.ch\/fr\/categories\/regions\/suisse\/espace-mittelland\/freiburg-fr\/#listItem","position":5,"name":"Freiburg","item":"https:\/\/www.immo-invest.ch\/fr\/categories\/regions\/suisse\/espace-mittelland\/freiburg-fr\/","nextItem":{"@type":"ListItem","@id":"https:\/\/www.immo-invest.ch\/fr\/tour-invictus-nouveau-visage-pour-fribourg\/#listItem","name":"Tour Invictus nouveau visage pour Fribourg"},"previousItem":{"@type":"ListItem","@id":"https:\/\/www.immo-invest.ch\/fr\/categories\/regions\/suisse\/espace-mittelland\/#listItem","name":"Espace Mittelland"}},{"@type":"ListItem","@id":"https:\/\/www.immo-invest.ch\/fr\/tour-invictus-nouveau-visage-pour-fribourg\/#listItem","position":6,"name":"Tour Invictus nouveau visage pour Fribourg","previousItem":{"@type":"ListItem","@id":"https:\/\/www.immo-invest.ch\/fr\/categories\/regions\/suisse\/espace-mittelland\/freiburg-fr\/#listItem","name":"Freiburg"}}]},{"@type":"Organization","@id":"https:\/\/www.immo-invest.ch\/fr\/#organization","name":"immo!nvest - Die Plattform f\u00fcr Standorte und Immobilien","description":"Die\u00a0Plattform f\u00fcr Standorte und Immobilien","url":"https:\/\/www.immo-invest.ch\/fr\/","email":"admin@immomedia.ag","telephone":"+41444420002","logo":{"@type":"ImageObject","url":"https:\/\/www.immo-invest.ch\/wp-content\/uploads\/2024\/09\/immoinvest_sm-scaled.jpg","@id":"https:\/\/www.immo-invest.ch\/fr\/tour-invictus-nouveau-visage-pour-fribourg\/#organizationLogo","width":2560,"height":1340},"image":{"@id":"https:\/\/www.immo-invest.ch\/fr\/tour-invictus-nouveau-visage-pour-fribourg\/#organizationLogo"},"sameAs":["https:\/\/www.facebook.com\/people\/Immoinvest\/100077962920504\/","https:\/\/x.com\/i\/flow\/login?redirect_after_login=immoinvest_ch","https:\/\/www.instagram.com\/immoinvest_ch\/","https:\/\/www.linkedin.com\/company\/immoinvest-swiss"]},{"@type":"Person","@id":"https:\/\/www.immo-invest.ch\/fr\/author\/immovestuser\/#author","url":"https:\/\/www.immo-invest.ch\/fr\/author\/immovestuser\/","name":"immovestuser","image":{"@type":"ImageObject","@id":"https:\/\/www.immo-invest.ch\/fr\/tour-invictus-nouveau-visage-pour-fribourg\/#authorImage","url":"https:\/\/secure.gravatar.com\/avatar\/8e01f4d99f2eeea7a362ebb93305e1172a70e9293ba250f897a65c39f54cdd1e?s=96&d=mm&r=g","width":96,"height":96,"caption":"immovestuser"}},{"@type":"WebPage","@id":"https:\/\/www.immo-invest.ch\/fr\/tour-invictus-nouveau-visage-pour-fribourg\/#webpage","url":"https:\/\/www.immo-invest.ch\/fr\/tour-invictus-nouveau-visage-pour-fribourg\/","name":"Tour Invictus nouveau visage pour Fribourg - immo!nvest - Die Plattform f\u00fcr Standorte und Immobilien","description":"A Fribourg, la Tour Invictus, une tour d'habitation de 60 m\u00e8tres de haut, s'\u00e9l\u00e8ve vers le ciel. Elle symbolise la densification de l'habitat, les nouvelles formes de logement pour les personnes \u00e2g\u00e9es et la question de savoir jusqu'o\u00f9 une ville veut s'\u00e9tendre et dans quelle direction.","inLanguage":"fr-FR","isPartOf":{"@id":"https:\/\/www.immo-invest.ch\/fr\/#website"},"breadcrumb":{"@id":"https:\/\/www.immo-invest.ch\/fr\/tour-invictus-nouveau-visage-pour-fribourg\/#breadcrumblist"},"author":{"@id":"https:\/\/www.immo-invest.ch\/fr\/author\/immovestuser\/#author"},"creator":{"@id":"https:\/\/www.immo-invest.ch\/fr\/author\/immovestuser\/#author"},"image":{"@type":"ImageObject","url":"https:\/\/www.immo-invest.ch\/wp-content\/uploads\/2026\/03\/tourinvictus_16x9.jpg","@id":"https:\/\/www.immo-invest.ch\/fr\/tour-invictus-nouveau-visage-pour-fribourg\/#mainImage","width":1920,"height":1080},"primaryImageOfPage":{"@id":"https:\/\/www.immo-invest.ch\/fr\/tour-invictus-nouveau-visage-pour-fribourg\/#mainImage"},"datePublished":"2026-03-10T09:31:16+01:00","dateModified":"2026-03-10T09:31:20+01:00"},{"@type":"WebSite","@id":"https:\/\/www.immo-invest.ch\/fr\/#website","url":"https:\/\/www.immo-invest.ch\/fr\/","name":"immo!nvest - Die Plattform f\u00fcr Standorte und Immobilien","description":"Die\u00a0Plattform f\u00fcr Standorte und Immobilien","inLanguage":"fr-FR","publisher":{"@id":"https:\/\/www.immo-invest.ch\/fr\/#organization"}}]},"og:locale":"fr_FR","og:site_name":"immo!nvest - Die Plattform f\u00fcr Standorte und Immobilien - Die\u00a0Plattform f\u00fcr Standorte und Immobilien","og:type":"article","og:title":"Tour Invictus nouveau visage pour Fribourg - immo!nvest - Die Plattform f\u00fcr Standorte und Immobilien","og:description":"A Fribourg, la Tour Invictus, une tour d'habitation de 60 m\u00e8tres de haut, s'\u00e9l\u00e8ve vers le ciel. Elle symbolise la densification de l'habitat, les nouvelles formes de logement pour les personnes \u00e2g\u00e9es et la question de savoir jusqu'o\u00f9 une ville veut s'\u00e9tendre et dans quelle direction.","og:url":"https:\/\/www.immo-invest.ch\/fr\/tour-invictus-nouveau-visage-pour-fribourg\/","og:image":"https:\/\/www.immo-invest.ch\/wp-content\/uploads\/2026\/03\/tourinvictus_16x9.jpg","og:image:secure_url":"https:\/\/www.immo-invest.ch\/wp-content\/uploads\/2026\/03\/tourinvictus_16x9.jpg","og:image:width":1920,"og:image:height":1080,"article:published_time":"2026-03-10T08:31:16+00:00","article:modified_time":"2026-03-10T08:31:20+00:00","article:publisher":"https:\/\/www.facebook.com\/people\/Immoinvest\/100077962920504\/","twitter:card":"summary_large_image","twitter:site":"@i","twitter:title":"Tour Invictus nouveau visage pour Fribourg - immo!nvest - Die Plattform f\u00fcr Standorte und Immobilien","twitter:description":"A Fribourg, la Tour Invictus, une tour d'habitation de 60 m\u00e8tres de haut, s'\u00e9l\u00e8ve vers le ciel. Elle symbolise la densification de l'habitat, les nouvelles formes de logement pour les personnes \u00e2g\u00e9es et la question de savoir jusqu'o\u00f9 une ville veut s'\u00e9tendre et dans quelle direction.","twitter:creator":"@i","twitter:image":"https:\/\/www.immo-invest.ch\/wp-content\/uploads\/2026\/03\/tourinvictus_16x9.jpg"},"aioseo_meta_data":{"post_id":"150900","title":null,"description":null,"keywords":null,"keyphrases":{"focus":{"keyphrase":"","score":0,"analysis":{"keyphraseInTitle":{"score":0,"maxScore":9,"error":1}}},"additional":[]},"primary_term":null,"canonical_url":null,"og_title":null,"og_description":null,"og_object_type":"default","og_image_type":"default","og_image_url":null,"og_image_width":null,"og_image_height":null,"og_image_custom_url":null,"og_image_custom_fields":null,"og_video":"","og_custom_url":null,"og_article_section":null,"og_article_tags":null,"twitter_use_og":false,"twitter_card":"default","twitter_image_type":"default","twitter_image_url":null,"twitter_image_custom_url":null,"twitter_image_custom_fields":null,"twitter_title":null,"twitter_description":null,"schema":{"blockGraphs":[],"customGraphs":[],"default":{"data":{"Article":[],"Course":[],"Dataset":[],"FAQPage":[],"Movie":[],"Person":[],"Product":[],"ProductReview":[],"Car":[],"Recipe":[],"Service":[],"SoftwareApplication":[],"WebPage":[]},"graphName":"BlogPosting","isEnabled":true},"graphs":[]},"schema_type":"default","schema_type_options":null,"pillar_content":false,"robots_default":true,"robots_noindex":false,"robots_noarchive":false,"robots_nosnippet":false,"robots_nofollow":false,"robots_noimageindex":false,"robots_noodp":false,"robots_notranslate":false,"robots_max_snippet":"-1","robots_max_videopreview":"-1","robots_max_imagepreview":"large","priority":null,"frequency":"default","local_seo":null,"breadcrumb_settings":null,"limit_modified_date":false,"ai":{"faqs":[],"keyPoints":[],"titles":[],"descriptions":[],"socialPosts":{"email":[],"linkedin":[],"twitter":[],"facebook":[],"instagram":[]}},"created":"2026-03-10 08:24:21","updated":"2026-03-10 08:54:42","seo_analyzer_scan_date":null,"focus_keyword":null,"additional_keywords":null,"truseo_locale":null},"aioseo_breadcrumb":"<div class=\"aioseo-breadcrumbs\"><span class=\"aioseo-breadcrumb\">\n\t\t\t<a href=\"https:\/\/www.immo-invest.ch\/fr\/\" title=\"Home\">Home<\/a>\n\t\t<\/span><span class=\"aioseo-breadcrumb-separator\">&raquo;<\/span><span class=\"aioseo-breadcrumb\">\n\t\t\t<a href=\"https:\/\/www.immo-invest.ch\/fr\/categories\/regions\/\" title=\"R\u00e9gions\">R\u00e9gions<\/a>\n\t\t<\/span><span class=\"aioseo-breadcrumb-separator\">&raquo;<\/span><span class=\"aioseo-breadcrumb\">\n\t\t\t<a href=\"https:\/\/www.immo-invest.ch\/fr\/categories\/regions\/suisse\/\" title=\"Suisse\">Suisse<\/a>\n\t\t<\/span><span class=\"aioseo-breadcrumb-separator\">&raquo;<\/span><span class=\"aioseo-breadcrumb\">\n\t\t\t<a href=\"https:\/\/www.immo-invest.ch\/fr\/categories\/regions\/suisse\/espace-mittelland\/\" title=\"Espace Mittelland\">Espace Mittelland<\/a>\n\t\t<\/span><span class=\"aioseo-breadcrumb-separator\">&raquo;<\/span><span class=\"aioseo-breadcrumb\">\n\t\t\t<a href=\"https:\/\/www.immo-invest.ch\/fr\/categories\/regions\/suisse\/espace-mittelland\/freiburg-fr\/\" title=\"Freiburg\">Freiburg<\/a>\n\t\t<\/span><span class=\"aioseo-breadcrumb-separator\">&raquo;<\/span><span class=\"aioseo-breadcrumb\">\n\t\t\tTour Invictus nouveau visage pour Fribourg\n\t\t<\/span><\/div>","aioseo_breadcrumb_json":[{"label":"Home","link":"https:\/\/www.immo-invest.ch\/fr\/"},{"label":"R\u00e9gions","link":"https:\/\/www.immo-invest.ch\/fr\/categories\/regions\/"},{"label":"Suisse","link":"https:\/\/www.immo-invest.ch\/fr\/categories\/regions\/suisse\/"},{"label":"Espace Mittelland","link":"https:\/\/www.immo-invest.ch\/fr\/categories\/regions\/suisse\/espace-mittelland\/"},{"label":"Freiburg","link":"https:\/\/www.immo-invest.ch\/fr\/categories\/regions\/suisse\/espace-mittelland\/freiburg-fr\/"},{"label":"Tour Invictus nouveau visage pour Fribourg","link":"https:\/\/www.immo-invest.ch\/fr\/tour-invictus-nouveau-visage-pour-fribourg\/"}],"featured_image_src":"https:\/\/www.immo-invest.ch\/wp-content\/uploads\/2026\/03\/tourinvictus_16x9-336x168.jpg","_links":{"self":[{"href":"https:\/\/www.immo-invest.ch\/fr\/wp-json\/wp\/v2\/posts\/150900","targetHints":{"allow":["GET"]}}],"collection":[{"href":"https:\/\/www.immo-invest.ch\/fr\/wp-json\/wp\/v2\/posts"}],"about":[{"href":"https:\/\/www.immo-invest.ch\/fr\/wp-json\/wp\/v2\/types\/post"}],"author":[{"embeddable":true,"href":"https:\/\/www.immo-invest.ch\/fr\/wp-json\/wp\/v2\/users\/2"}],"replies":[{"embeddable":true,"href":"https:\/\/www.immo-invest.ch\/fr\/wp-json\/wp\/v2\/comments?post=150900"}],"version-history":[{"count":2,"href":"https:\/\/www.immo-invest.ch\/fr\/wp-json\/wp\/v2\/posts\/150900\/revisions"}],"predecessor-version":[{"id":150905,"href":"https:\/\/www.immo-invest.ch\/fr\/wp-json\/wp\/v2\/posts\/150900\/revisions\/150905"}],"wp:featuredmedia":[{"embeddable":true,"href":"https:\/\/www.immo-invest.ch\/fr\/wp-json\/wp\/v2\/media\/150911"}],"wp:attachment":[{"href":"https:\/\/www.immo-invest.ch\/fr\/wp-json\/wp\/v2\/media?parent=150900"}],"wp:term":[{"taxonomy":"category","embeddable":true,"href":"https:\/\/www.immo-invest.ch\/fr\/wp-json\/wp\/v2\/categories?post=150900"},{"taxonomy":"post_tag","embeddable":true,"href":"https:\/\/www.immo-invest.ch\/fr\/wp-json\/wp\/v2\/tags?post=150900"}],"curies":[{"name":"wp","href":"https:\/\/api.w.org\/{rel}","templated":true}]}}