{"id":150816,"date":"2026-03-10T07:00:00","date_gmt":"2026-03-10T06:00:00","guid":{"rendered":"https:\/\/www.immo-invest.ch\/?p=150816"},"modified":"2026-03-09T15:52:41","modified_gmt":"2026-03-09T14:52:41","slug":"neuer-ckw-hauptsitz-staerkt-emmen","status":"publish","type":"post","link":"https:\/\/www.immo-invest.ch\/fr\/neuer-ckw-hauptsitz-staerkt-emmen\/","title":{"rendered":"Le nouveau si\u00e8ge de CKW renforce Emmen"},"content":{"rendered":"<p class=\"wp-block-paragraph\">Avec le projet &laquo;&nbsp;EnergiePark Emmen&nbsp;&raquo;, CKW veut continuer &agrave; d&eacute;velopper son site actuel sur l&rsquo;&icirc;le de la Reuss. La pi&egrave;ce ma&icirc;tresse est un nouveau b&acirc;timent pour les secteurs d&rsquo;activit&eacute; R&eacute;seaux et Technique du b&acirc;timent, y compris le centre de renfort pour la construction, l&rsquo;exploitation et l&rsquo;entretien du r&eacute;seau &eacute;lectrique dans l&rsquo;agglom&eacute;ration de Lucerne. Les collaborateurs qui travaillaient jusqu&rsquo;&agrave; pr&eacute;sent &agrave; Reussb&uuml;hl auront ainsi des postes de travail modernes &agrave; Emmen, et les processus seront regroup&eacute;s en termes d&rsquo;espace et d&rsquo;organisation.<\/p>\n\n\n\n\n\n<p class=\"wp-block-paragraph\"><strong>Un engagement en faveur d&rsquo;Emmen et davantage d&rsquo;emplois<br><\/strong>L&rsquo;&icirc;le de la Reuss est le lieu d&rsquo;origine historique de CKW, c&rsquo;est ici que la premi&egrave;re centrale &eacute;lectrique a &eacute;t&eacute; mise en service en 1894. Avec le transfert pr&eacute;vu du si&egrave;ge social, CKW renoue avec ces racines et s&rsquo;engage &agrave; long terme en faveur du site d&rsquo;Emmen. Le nombre de collaborateurs sur l&rsquo;&icirc;le de la Reuss devrait passer d&rsquo;environ 600 aujourd&rsquo;hui &agrave; pr&egrave;s de 1 000, ce qui g&eacute;n&eacute;rera des recettes fiscales suppl&eacute;mentaires et renforcera le d&eacute;veloppement &eacute;conomique de la commune.<\/p>\n\n\n\n\n\n<p class=\"wp-block-paragraph\"><strong>Planification minutieuse et densification vers l&rsquo;int&eacute;rieur<br><\/strong>Le projet indicatif est n&eacute; d&rsquo;un processus de planification de plusieurs ann&eacute;es avec la commune d&rsquo;Emmen et d&rsquo;un mandat d&rsquo;&eacute;tude avec cinq &eacute;quipes de planification. C&rsquo;est le projet &laquo;&nbsp;Compakt&nbsp;&raquo; de Penzel Valier AG avec Maurus Schifferli Landschaftsarchitekten qui a &eacute;t&eacute; retenu, notamment pour sa qualit&eacute; urbanistique et son int&eacute;gration sensible dans le paysage. Le projet mise r&eacute;solument sur la densification vers l&rsquo;int&eacute;rieur. Le pr&eacute;cieux espace naturel de l&rsquo;&icirc;le de la Reuss reste intact, des b&acirc;timents suppl&eacute;mentaires ne sont pr&eacute;vus qu&rsquo;en tant que r&eacute;serve &agrave; long terme.<\/p>\n\n\n\n\n\n<p class=\"wp-block-paragraph\"><strong>Transport, desserte et prochaines &eacute;tapes<br><\/strong>La desserte et la gestion du trafic constituent un &eacute;l&eacute;ment important du projet. Des mesures de mobilit&eacute; sont pr&eacute;vues en commun avec Emmen et Ebikon, notamment un nouvel arr&ecirc;t de bus dans la zone de Rathausen, des adaptations de l&rsquo;infrastructure routi&egrave;re ainsi qu&rsquo;une gestion de la mobilit&eacute; avec des plafonds de trajets et une r&eacute;partition &eacute;quilibr&eacute;e du trafic. Sur la base du projet indicatif, la commune d&rsquo;Emmen &eacute;labore maintenant le plan d&rsquo;am&eacute;nagement en impliquant activement la population. Selon le calendrier actuel, des projets de construction concrets pourraient &ecirc;tre autoris&eacute;s et r&eacute;alis&eacute;s &agrave; partir de 2030.<\/p>\n\n","protected":false},"excerpt":{"rendered":"<p>CKW pr\u00e9voit de transf\u00e9rer ses secteurs d&rsquo;activit\u00e9 de Reussb\u00fchl \u00e0 Emmen et de d\u00e9placer son si\u00e8ge social de Lucerne \u00e0 l&rsquo;\u00eele de la Reuss. Le nouveau \u00ab\u00a0EnergiePark Emmen\u00a0\u00bb renforcera l&rsquo;approvisionnement r\u00e9gional en \u00e9lectricit\u00e9, apportera jusqu&rsquo;\u00e0 1&rsquo;000 emplois sur le site et cr\u00e9era une valeur ajout\u00e9e suppl\u00e9mentaire pour la commune d&rsquo;Emmen.<\/p>\n","protected":false},"author":2,"featured_media":150817,"comment_status":"open","ping_status":"open","sticky":false,"template":"","format":"standard","meta":{"pmpro_default_level":"","inline_featured_image":false,"_monsterinsights_skip_tracking":false,"footnotes":""},"categories":[55994,8747,9437,55979],"tags":[49203,57629,872,3931,2002,52893],"class_list":["post-150816","post","type-post","status-publish","format-standard","has-post-thumbnail","hentry","category-bureaux-commercial","category-energie","category-region-lucerne","category-promotion-du-site","tag-energieinfrastruktur-fr","tag-gewerbeentwicklung","tag-immoinvest-fr","tag-immonews-fr","tag-news-fr","tag-unternehmensstandort-fr","pmpro-has-access"],"acf":{"bild_mit_ki_erstellt_worden":"","lead":"CKW pr\u00e9voit de transf\u00e9rer ses secteurs d'activit\u00e9 de Reussb\u00fchl \u00e0 Emmen et de d\u00e9placer son si\u00e8ge social de Lucerne \u00e0 l'\u00eele de la Reuss. Le nouveau \"EnergiePark Emmen\" renforcera l'approvisionnement r\u00e9gional en \u00e9lectricit\u00e9, apportera jusqu'\u00e0 1'000 emplois sur le site et cr\u00e9era une valeur ajout\u00e9e suppl\u00e9mentaire pour la commune d'Emmen.","autor":"Quelle CKW","ort":"","bildunterschrift":"Source : CKW AG (<a href=\"https:\/\/www.ckw.ch\/ueber-ckw\/medienstelle\/medienmitteilungen\/2026\/ckw-plant-neuen-hauptsitz-in-emmen\" target=\"_blank\">ckw.ch<\/a>)","bild_im_grid":false,"gallerie":"","newsim":""},"aioseo_notices":[],"aioseo_head":"\n\t\t<!-- All in One SEO 5.0.0.1 - aioseo.com -->\n\t<meta name=\"description\" content=\"CKW pr\u00e9voit de transf\u00e9rer ses secteurs d&#039;activit\u00e9 de Reussb\u00fchl \u00e0 Emmen et de d\u00e9placer son si\u00e8ge social de Lucerne \u00e0 l&#039;\u00eele de la Reuss. Le nouveau &quot;EnergiePark Emmen&quot; renforcera l&#039;approvisionnement r\u00e9gional en \u00e9lectricit\u00e9, apportera jusqu&#039;\u00e0 1&#039;000 emplois sur le site et cr\u00e9era une valeur ajout\u00e9e suppl\u00e9mentaire pour la commune d&#039;Emmen.\" \/>\n\t<meta name=\"robots\" content=\"max-image-preview:large\" \/>\n\t<meta name=\"author\" content=\"immovestuser\"\/>\n\t<meta name=\"google-site-verification\" content=\"fHJKvgWpZCR2zVBHWfkQeFXC11qieUSff0HGNYfuyLA\" \/>\n\t<link rel=\"canonical\" href=\"https:\/\/www.immo-invest.ch\/fr\/neuer-ckw-hauptsitz-staerkt-emmen\/\" \/>\n\t<meta name=\"generator\" content=\"All in One SEO (AIOSEO) 5.0.0.1\" \/>\n\t\t<meta property=\"og:locale\" content=\"fr_FR\" \/>\n\t\t<meta property=\"og:site_name\" content=\"immo!nvest - Die Plattform f\u00fcr Standorte und Immobilien - Die\u00a0Plattform f\u00fcr Standorte und Immobilien\" \/>\n\t\t<meta property=\"og:type\" content=\"article\" \/>\n\t\t<meta property=\"og:title\" content=\"Le nouveau si\u00e8ge de CKW renforce Emmen - immo!nvest - Die Plattform f\u00fcr Standorte und Immobilien\" \/>\n\t\t<meta property=\"og:description\" content=\"CKW pr\u00e9voit de transf\u00e9rer ses secteurs d&#039;activit\u00e9 de Reussb\u00fchl \u00e0 Emmen et de d\u00e9placer son si\u00e8ge social de Lucerne \u00e0 l&#039;\u00eele de la Reuss. Le nouveau &quot;EnergiePark Emmen&quot; renforcera l&#039;approvisionnement r\u00e9gional en \u00e9lectricit\u00e9, apportera jusqu&#039;\u00e0 1&#039;000 emplois sur le site et cr\u00e9era une valeur ajout\u00e9e suppl\u00e9mentaire pour la commune d&#039;Emmen.\" \/>\n\t\t<meta property=\"og:url\" content=\"https:\/\/www.immo-invest.ch\/fr\/neuer-ckw-hauptsitz-staerkt-emmen\/\" \/>\n\t\t<meta property=\"og:image\" content=\"https:\/\/www.immo-invest.ch\/wp-content\/uploads\/2026\/03\/CKW-Rathausen-Richtprojekt-Reuss.png\" \/>\n\t\t<meta property=\"og:image:secure_url\" content=\"https:\/\/www.immo-invest.ch\/wp-content\/uploads\/2026\/03\/CKW-Rathausen-Richtprojekt-Reuss.png\" \/>\n\t\t<meta property=\"og:image:width\" content=\"890\" \/>\n\t\t<meta property=\"og:image:height\" content=\"508\" \/>\n\t\t<meta property=\"article:published_time\" content=\"2026-03-10T06:00:00+00:00\" \/>\n\t\t<meta property=\"article:modified_time\" content=\"2026-03-09T14:52:41+00:00\" \/>\n\t\t<meta property=\"article:publisher\" content=\"https:\/\/www.facebook.com\/people\/Immoinvest\/100077962920504\/\" \/>\n\t\t<meta name=\"twitter:card\" content=\"summary_large_image\" \/>\n\t\t<meta name=\"twitter:site\" content=\"@i\" \/>\n\t\t<meta name=\"twitter:title\" content=\"Le nouveau si\u00e8ge de CKW renforce Emmen - immo!nvest - Die Plattform f\u00fcr Standorte und Immobilien\" \/>\n\t\t<meta name=\"twitter:description\" content=\"CKW pr\u00e9voit de transf\u00e9rer ses secteurs d&#039;activit\u00e9 de Reussb\u00fchl \u00e0 Emmen et de d\u00e9placer son si\u00e8ge social de Lucerne \u00e0 l&#039;\u00eele de la Reuss. Le nouveau &quot;EnergiePark Emmen&quot; renforcera l&#039;approvisionnement r\u00e9gional en \u00e9lectricit\u00e9, apportera jusqu&#039;\u00e0 1&#039;000 emplois sur le site et cr\u00e9era une valeur ajout\u00e9e suppl\u00e9mentaire pour la commune d&#039;Emmen.\" \/>\n\t\t<meta name=\"twitter:creator\" content=\"@i\" \/>\n\t\t<meta name=\"twitter:image\" content=\"https:\/\/www.immo-invest.ch\/wp-content\/uploads\/2026\/03\/CKW-Rathausen-Richtprojekt-Reuss.png\" \/>\n\t\t<script type=\"application\/ld+json\" class=\"aioseo-schema\">\n\t\t\t{\"@context\":\"https:\\\/\\\/schema.org\",\"@graph\":[{\"@type\":\"BlogPosting\",\"@id\":\"https:\\\/\\\/www.immo-invest.ch\\\/fr\\\/neuer-ckw-hauptsitz-staerkt-emmen\\\/#blogposting\",\"name\":\"Le nouveau si\\u00e8ge de CKW renforce Emmen - immo!nvest - Die Plattform f\\u00fcr Standorte und Immobilien\",\"headline\":\"Le nouveau si\\u00e8ge de CKW renforce Emmen\",\"author\":{\"@id\":\"https:\\\/\\\/www.immo-invest.ch\\\/fr\\\/author\\\/immovestuser\\\/#author\"},\"publisher\":{\"@id\":\"https:\\\/\\\/www.immo-invest.ch\\\/fr\\\/#organization\"},\"image\":{\"@type\":\"ImageObject\",\"url\":\"https:\\\/\\\/www.immo-invest.ch\\\/wp-content\\\/uploads\\\/2026\\\/03\\\/CKW-Rathausen-Richtprojekt-Reuss.png\",\"width\":890,\"height\":508},\"datePublished\":\"2026-03-10T07:00:00+01:00\",\"dateModified\":\"2026-03-09T15:52:41+01:00\",\"inLanguage\":\"fr-FR\",\"mainEntityOfPage\":{\"@id\":\"https:\\\/\\\/www.immo-invest.ch\\\/fr\\\/neuer-ckw-hauptsitz-staerkt-emmen\\\/#webpage\"},\"isPartOf\":{\"@id\":\"https:\\\/\\\/www.immo-invest.ch\\\/fr\\\/neuer-ckw-hauptsitz-staerkt-emmen\\\/#webpage\"},\"articleSection\":\"Bureaux \\\/ Commercial, \\u00c9nergie, Lucerne, Promotion du site, Energieinfrastruktur, Gewerbeentwicklung, Immoinvest, immoNews, News, Unternehmensstandort, Facultatif\"},{\"@type\":\"BreadcrumbList\",\"@id\":\"https:\\\/\\\/www.immo-invest.ch\\\/fr\\\/neuer-ckw-hauptsitz-staerkt-emmen\\\/#breadcrumblist\",\"itemListElement\":[{\"@type\":\"ListItem\",\"@id\":\"https:\\\/\\\/www.immo-invest.ch\\\/fr\\\/#listItem\",\"position\":1,\"name\":\"Home\",\"item\":\"https:\\\/\\\/www.immo-invest.ch\\\/fr\\\/\",\"nextItem\":{\"@type\":\"ListItem\",\"@id\":\"https:\\\/\\\/www.immo-invest.ch\\\/fr\\\/categories\\\/regions\\\/#listItem\",\"name\":\"R\\u00e9gions\"}},{\"@type\":\"ListItem\",\"@id\":\"https:\\\/\\\/www.immo-invest.ch\\\/fr\\\/categories\\\/regions\\\/#listItem\",\"position\":2,\"name\":\"R\\u00e9gions\",\"item\":\"https:\\\/\\\/www.immo-invest.ch\\\/fr\\\/categories\\\/regions\\\/\",\"nextItem\":{\"@type\":\"ListItem\",\"@id\":\"https:\\\/\\\/www.immo-invest.ch\\\/fr\\\/categories\\\/regions\\\/suisse\\\/#listItem\",\"name\":\"Suisse\"},\"previousItem\":{\"@type\":\"ListItem\",\"@id\":\"https:\\\/\\\/www.immo-invest.ch\\\/fr\\\/#listItem\",\"name\":\"Home\"}},{\"@type\":\"ListItem\",\"@id\":\"https:\\\/\\\/www.immo-invest.ch\\\/fr\\\/categories\\\/regions\\\/suisse\\\/#listItem\",\"position\":3,\"name\":\"Suisse\",\"item\":\"https:\\\/\\\/www.immo-invest.ch\\\/fr\\\/categories\\\/regions\\\/suisse\\\/\",\"nextItem\":{\"@type\":\"ListItem\",\"@id\":\"https:\\\/\\\/www.immo-invest.ch\\\/fr\\\/categories\\\/regions\\\/suisse\\\/region-zentralschweiz\\\/#listItem\",\"name\":\"Zentralschweiz\"},\"previousItem\":{\"@type\":\"ListItem\",\"@id\":\"https:\\\/\\\/www.immo-invest.ch\\\/fr\\\/categories\\\/regions\\\/#listItem\",\"name\":\"R\\u00e9gions\"}},{\"@type\":\"ListItem\",\"@id\":\"https:\\\/\\\/www.immo-invest.ch\\\/fr\\\/categories\\\/regions\\\/suisse\\\/region-zentralschweiz\\\/#listItem\",\"position\":4,\"name\":\"Zentralschweiz\",\"item\":\"https:\\\/\\\/www.immo-invest.ch\\\/fr\\\/categories\\\/regions\\\/suisse\\\/region-zentralschweiz\\\/\",\"nextItem\":{\"@type\":\"ListItem\",\"@id\":\"https:\\\/\\\/www.immo-invest.ch\\\/fr\\\/categories\\\/regions\\\/suisse\\\/region-zentralschweiz\\\/region-lucerne\\\/#listItem\",\"name\":\"Lucerne\"},\"previousItem\":{\"@type\":\"ListItem\",\"@id\":\"https:\\\/\\\/www.immo-invest.ch\\\/fr\\\/categories\\\/regions\\\/suisse\\\/#listItem\",\"name\":\"Suisse\"}},{\"@type\":\"ListItem\",\"@id\":\"https:\\\/\\\/www.immo-invest.ch\\\/fr\\\/categories\\\/regions\\\/suisse\\\/region-zentralschweiz\\\/region-lucerne\\\/#listItem\",\"position\":5,\"name\":\"Lucerne\",\"item\":\"https:\\\/\\\/www.immo-invest.ch\\\/fr\\\/categories\\\/regions\\\/suisse\\\/region-zentralschweiz\\\/region-lucerne\\\/\",\"nextItem\":{\"@type\":\"ListItem\",\"@id\":\"https:\\\/\\\/www.immo-invest.ch\\\/fr\\\/neuer-ckw-hauptsitz-staerkt-emmen\\\/#listItem\",\"name\":\"Le nouveau si\\u00e8ge de CKW renforce Emmen\"},\"previousItem\":{\"@type\":\"ListItem\",\"@id\":\"https:\\\/\\\/www.immo-invest.ch\\\/fr\\\/categories\\\/regions\\\/suisse\\\/region-zentralschweiz\\\/#listItem\",\"name\":\"Zentralschweiz\"}},{\"@type\":\"ListItem\",\"@id\":\"https:\\\/\\\/www.immo-invest.ch\\\/fr\\\/neuer-ckw-hauptsitz-staerkt-emmen\\\/#listItem\",\"position\":6,\"name\":\"Le nouveau si\\u00e8ge de CKW renforce Emmen\",\"previousItem\":{\"@type\":\"ListItem\",\"@id\":\"https:\\\/\\\/www.immo-invest.ch\\\/fr\\\/categories\\\/regions\\\/suisse\\\/region-zentralschweiz\\\/region-lucerne\\\/#listItem\",\"name\":\"Lucerne\"}}]},{\"@type\":\"Organization\",\"@id\":\"https:\\\/\\\/www.immo-invest.ch\\\/fr\\\/#organization\",\"name\":\"immo!nvest - Die Plattform f\\u00fcr Standorte und Immobilien\",\"description\":\"Die\\u00a0Plattform f\\u00fcr Standorte und Immobilien\",\"url\":\"https:\\\/\\\/www.immo-invest.ch\\\/fr\\\/\",\"email\":\"admin@immomedia.ag\",\"telephone\":\"+41444420002\",\"logo\":{\"@type\":\"ImageObject\",\"url\":\"https:\\\/\\\/www.immo-invest.ch\\\/wp-content\\\/uploads\\\/2024\\\/09\\\/immoinvest_sm-scaled.jpg\",\"@id\":\"https:\\\/\\\/www.immo-invest.ch\\\/fr\\\/neuer-ckw-hauptsitz-staerkt-emmen\\\/#organizationLogo\",\"width\":2560,\"height\":1340},\"image\":{\"@id\":\"https:\\\/\\\/www.immo-invest.ch\\\/fr\\\/neuer-ckw-hauptsitz-staerkt-emmen\\\/#organizationLogo\"},\"sameAs\":[\"https:\\\/\\\/www.facebook.com\\\/people\\\/Immoinvest\\\/100077962920504\\\/\",\"https:\\\/\\\/x.com\\\/i\\\/flow\\\/login?redirect_after_login=immoinvest_ch\",\"https:\\\/\\\/www.instagram.com\\\/immoinvest_ch\\\/\",\"https:\\\/\\\/www.linkedin.com\\\/company\\\/immoinvest-swiss\"]},{\"@type\":\"Person\",\"@id\":\"https:\\\/\\\/www.immo-invest.ch\\\/fr\\\/author\\\/immovestuser\\\/#author\",\"url\":\"https:\\\/\\\/www.immo-invest.ch\\\/fr\\\/author\\\/immovestuser\\\/\",\"name\":\"immovestuser\",\"image\":{\"@type\":\"ImageObject\",\"@id\":\"https:\\\/\\\/www.immo-invest.ch\\\/fr\\\/neuer-ckw-hauptsitz-staerkt-emmen\\\/#authorImage\",\"url\":\"https:\\\/\\\/secure.gravatar.com\\\/avatar\\\/8e01f4d99f2eeea7a362ebb93305e1172a70e9293ba250f897a65c39f54cdd1e?s=96&d=mm&r=g\",\"width\":96,\"height\":96,\"caption\":\"immovestuser\"}},{\"@type\":\"WebPage\",\"@id\":\"https:\\\/\\\/www.immo-invest.ch\\\/fr\\\/neuer-ckw-hauptsitz-staerkt-emmen\\\/#webpage\",\"url\":\"https:\\\/\\\/www.immo-invest.ch\\\/fr\\\/neuer-ckw-hauptsitz-staerkt-emmen\\\/\",\"name\":\"Le nouveau si\\u00e8ge de CKW renforce Emmen - immo!nvest - Die Plattform f\\u00fcr Standorte und Immobilien\",\"description\":\"CKW pr\\u00e9voit de transf\\u00e9rer ses secteurs d'activit\\u00e9 de Reussb\\u00fchl \\u00e0 Emmen et de d\\u00e9placer son si\\u00e8ge social de Lucerne \\u00e0 l'\\u00eele de la Reuss. Le nouveau \\\"EnergiePark Emmen\\\" renforcera l'approvisionnement r\\u00e9gional en \\u00e9lectricit\\u00e9, apportera jusqu'\\u00e0 1'000 emplois sur le site et cr\\u00e9era une valeur ajout\\u00e9e suppl\\u00e9mentaire pour la commune d'Emmen.\",\"inLanguage\":\"fr-FR\",\"isPartOf\":{\"@id\":\"https:\\\/\\\/www.immo-invest.ch\\\/fr\\\/#website\"},\"breadcrumb\":{\"@id\":\"https:\\\/\\\/www.immo-invest.ch\\\/fr\\\/neuer-ckw-hauptsitz-staerkt-emmen\\\/#breadcrumblist\"},\"author\":{\"@id\":\"https:\\\/\\\/www.immo-invest.ch\\\/fr\\\/author\\\/immovestuser\\\/#author\"},\"creator\":{\"@id\":\"https:\\\/\\\/www.immo-invest.ch\\\/fr\\\/author\\\/immovestuser\\\/#author\"},\"image\":{\"@type\":\"ImageObject\",\"url\":\"https:\\\/\\\/www.immo-invest.ch\\\/wp-content\\\/uploads\\\/2026\\\/03\\\/CKW-Rathausen-Richtprojekt-Reuss.png\",\"@id\":\"https:\\\/\\\/www.immo-invest.ch\\\/fr\\\/neuer-ckw-hauptsitz-staerkt-emmen\\\/#mainImage\",\"width\":890,\"height\":508},\"primaryImageOfPage\":{\"@id\":\"https:\\\/\\\/www.immo-invest.ch\\\/fr\\\/neuer-ckw-hauptsitz-staerkt-emmen\\\/#mainImage\"},\"datePublished\":\"2026-03-10T07:00:00+01:00\",\"dateModified\":\"2026-03-09T15:52:41+01:00\"},{\"@type\":\"WebSite\",\"@id\":\"https:\\\/\\\/www.immo-invest.ch\\\/fr\\\/#website\",\"url\":\"https:\\\/\\\/www.immo-invest.ch\\\/fr\\\/\",\"name\":\"immo!nvest - Die Plattform f\\u00fcr Standorte und Immobilien\",\"description\":\"Die\\u00a0Plattform f\\u00fcr Standorte und Immobilien\",\"inLanguage\":\"fr-FR\",\"publisher\":{\"@id\":\"https:\\\/\\\/www.immo-invest.ch\\\/fr\\\/#organization\"}}]}\n\t\t<\/script>\n\t\t<!-- All in One SEO -->\n\n","aioseo_head_json":{"title":"Le nouveau si\u00e8ge de CKW renforce Emmen - immo!nvest - Die Plattform f\u00fcr Standorte und Immobilien","description":"CKW pr\u00e9voit de transf\u00e9rer ses secteurs d'activit\u00e9 de Reussb\u00fchl \u00e0 Emmen et de d\u00e9placer son si\u00e8ge social de Lucerne \u00e0 l'\u00eele de la Reuss. Le nouveau \"EnergiePark Emmen\" renforcera l'approvisionnement r\u00e9gional en \u00e9lectricit\u00e9, apportera jusqu'\u00e0 1'000 emplois sur le site et cr\u00e9era une valeur ajout\u00e9e suppl\u00e9mentaire pour la commune d'Emmen.","canonical_url":"https:\/\/www.immo-invest.ch\/fr\/neuer-ckw-hauptsitz-staerkt-emmen\/","robots":"max-image-preview:large","keywords":"","webmasterTools":{"google-site-verification":"fHJKvgWpZCR2zVBHWfkQeFXC11qieUSff0HGNYfuyLA","miscellaneous":""},"schema":{"@context":"https:\/\/schema.org","@graph":[{"@type":"BlogPosting","@id":"https:\/\/www.immo-invest.ch\/fr\/neuer-ckw-hauptsitz-staerkt-emmen\/#blogposting","name":"Le nouveau si\u00e8ge de CKW renforce Emmen - immo!nvest - Die Plattform f\u00fcr Standorte und Immobilien","headline":"Le nouveau si\u00e8ge de CKW renforce Emmen","author":{"@id":"https:\/\/www.immo-invest.ch\/fr\/author\/immovestuser\/#author"},"publisher":{"@id":"https:\/\/www.immo-invest.ch\/fr\/#organization"},"image":{"@type":"ImageObject","url":"https:\/\/www.immo-invest.ch\/wp-content\/uploads\/2026\/03\/CKW-Rathausen-Richtprojekt-Reuss.png","width":890,"height":508},"datePublished":"2026-03-10T07:00:00+01:00","dateModified":"2026-03-09T15:52:41+01:00","inLanguage":"fr-FR","mainEntityOfPage":{"@id":"https:\/\/www.immo-invest.ch\/fr\/neuer-ckw-hauptsitz-staerkt-emmen\/#webpage"},"isPartOf":{"@id":"https:\/\/www.immo-invest.ch\/fr\/neuer-ckw-hauptsitz-staerkt-emmen\/#webpage"},"articleSection":"Bureaux \/ Commercial, \u00c9nergie, Lucerne, Promotion du site, Energieinfrastruktur, Gewerbeentwicklung, Immoinvest, immoNews, News, Unternehmensstandort, Facultatif"},{"@type":"BreadcrumbList","@id":"https:\/\/www.immo-invest.ch\/fr\/neuer-ckw-hauptsitz-staerkt-emmen\/#breadcrumblist","itemListElement":[{"@type":"ListItem","@id":"https:\/\/www.immo-invest.ch\/fr\/#listItem","position":1,"name":"Home","item":"https:\/\/www.immo-invest.ch\/fr\/","nextItem":{"@type":"ListItem","@id":"https:\/\/www.immo-invest.ch\/fr\/categories\/regions\/#listItem","name":"R\u00e9gions"}},{"@type":"ListItem","@id":"https:\/\/www.immo-invest.ch\/fr\/categories\/regions\/#listItem","position":2,"name":"R\u00e9gions","item":"https:\/\/www.immo-invest.ch\/fr\/categories\/regions\/","nextItem":{"@type":"ListItem","@id":"https:\/\/www.immo-invest.ch\/fr\/categories\/regions\/suisse\/#listItem","name":"Suisse"},"previousItem":{"@type":"ListItem","@id":"https:\/\/www.immo-invest.ch\/fr\/#listItem","name":"Home"}},{"@type":"ListItem","@id":"https:\/\/www.immo-invest.ch\/fr\/categories\/regions\/suisse\/#listItem","position":3,"name":"Suisse","item":"https:\/\/www.immo-invest.ch\/fr\/categories\/regions\/suisse\/","nextItem":{"@type":"ListItem","@id":"https:\/\/www.immo-invest.ch\/fr\/categories\/regions\/suisse\/region-zentralschweiz\/#listItem","name":"Zentralschweiz"},"previousItem":{"@type":"ListItem","@id":"https:\/\/www.immo-invest.ch\/fr\/categories\/regions\/#listItem","name":"R\u00e9gions"}},{"@type":"ListItem","@id":"https:\/\/www.immo-invest.ch\/fr\/categories\/regions\/suisse\/region-zentralschweiz\/#listItem","position":4,"name":"Zentralschweiz","item":"https:\/\/www.immo-invest.ch\/fr\/categories\/regions\/suisse\/region-zentralschweiz\/","nextItem":{"@type":"ListItem","@id":"https:\/\/www.immo-invest.ch\/fr\/categories\/regions\/suisse\/region-zentralschweiz\/region-lucerne\/#listItem","name":"Lucerne"},"previousItem":{"@type":"ListItem","@id":"https:\/\/www.immo-invest.ch\/fr\/categories\/regions\/suisse\/#listItem","name":"Suisse"}},{"@type":"ListItem","@id":"https:\/\/www.immo-invest.ch\/fr\/categories\/regions\/suisse\/region-zentralschweiz\/region-lucerne\/#listItem","position":5,"name":"Lucerne","item":"https:\/\/www.immo-invest.ch\/fr\/categories\/regions\/suisse\/region-zentralschweiz\/region-lucerne\/","nextItem":{"@type":"ListItem","@id":"https:\/\/www.immo-invest.ch\/fr\/neuer-ckw-hauptsitz-staerkt-emmen\/#listItem","name":"Le nouveau si\u00e8ge de CKW renforce Emmen"},"previousItem":{"@type":"ListItem","@id":"https:\/\/www.immo-invest.ch\/fr\/categories\/regions\/suisse\/region-zentralschweiz\/#listItem","name":"Zentralschweiz"}},{"@type":"ListItem","@id":"https:\/\/www.immo-invest.ch\/fr\/neuer-ckw-hauptsitz-staerkt-emmen\/#listItem","position":6,"name":"Le nouveau si\u00e8ge de CKW renforce Emmen","previousItem":{"@type":"ListItem","@id":"https:\/\/www.immo-invest.ch\/fr\/categories\/regions\/suisse\/region-zentralschweiz\/region-lucerne\/#listItem","name":"Lucerne"}}]},{"@type":"Organization","@id":"https:\/\/www.immo-invest.ch\/fr\/#organization","name":"immo!nvest - Die Plattform f\u00fcr Standorte und Immobilien","description":"Die\u00a0Plattform f\u00fcr Standorte und Immobilien","url":"https:\/\/www.immo-invest.ch\/fr\/","email":"admin@immomedia.ag","telephone":"+41444420002","logo":{"@type":"ImageObject","url":"https:\/\/www.immo-invest.ch\/wp-content\/uploads\/2024\/09\/immoinvest_sm-scaled.jpg","@id":"https:\/\/www.immo-invest.ch\/fr\/neuer-ckw-hauptsitz-staerkt-emmen\/#organizationLogo","width":2560,"height":1340},"image":{"@id":"https:\/\/www.immo-invest.ch\/fr\/neuer-ckw-hauptsitz-staerkt-emmen\/#organizationLogo"},"sameAs":["https:\/\/www.facebook.com\/people\/Immoinvest\/100077962920504\/","https:\/\/x.com\/i\/flow\/login?redirect_after_login=immoinvest_ch","https:\/\/www.instagram.com\/immoinvest_ch\/","https:\/\/www.linkedin.com\/company\/immoinvest-swiss"]},{"@type":"Person","@id":"https:\/\/www.immo-invest.ch\/fr\/author\/immovestuser\/#author","url":"https:\/\/www.immo-invest.ch\/fr\/author\/immovestuser\/","name":"immovestuser","image":{"@type":"ImageObject","@id":"https:\/\/www.immo-invest.ch\/fr\/neuer-ckw-hauptsitz-staerkt-emmen\/#authorImage","url":"https:\/\/secure.gravatar.com\/avatar\/8e01f4d99f2eeea7a362ebb93305e1172a70e9293ba250f897a65c39f54cdd1e?s=96&d=mm&r=g","width":96,"height":96,"caption":"immovestuser"}},{"@type":"WebPage","@id":"https:\/\/www.immo-invest.ch\/fr\/neuer-ckw-hauptsitz-staerkt-emmen\/#webpage","url":"https:\/\/www.immo-invest.ch\/fr\/neuer-ckw-hauptsitz-staerkt-emmen\/","name":"Le nouveau si\u00e8ge de CKW renforce Emmen - immo!nvest - Die Plattform f\u00fcr Standorte und Immobilien","description":"CKW pr\u00e9voit de transf\u00e9rer ses secteurs d'activit\u00e9 de Reussb\u00fchl \u00e0 Emmen et de d\u00e9placer son si\u00e8ge social de Lucerne \u00e0 l'\u00eele de la Reuss. Le nouveau \"EnergiePark Emmen\" renforcera l'approvisionnement r\u00e9gional en \u00e9lectricit\u00e9, apportera jusqu'\u00e0 1'000 emplois sur le site et cr\u00e9era une valeur ajout\u00e9e suppl\u00e9mentaire pour la commune d'Emmen.","inLanguage":"fr-FR","isPartOf":{"@id":"https:\/\/www.immo-invest.ch\/fr\/#website"},"breadcrumb":{"@id":"https:\/\/www.immo-invest.ch\/fr\/neuer-ckw-hauptsitz-staerkt-emmen\/#breadcrumblist"},"author":{"@id":"https:\/\/www.immo-invest.ch\/fr\/author\/immovestuser\/#author"},"creator":{"@id":"https:\/\/www.immo-invest.ch\/fr\/author\/immovestuser\/#author"},"image":{"@type":"ImageObject","url":"https:\/\/www.immo-invest.ch\/wp-content\/uploads\/2026\/03\/CKW-Rathausen-Richtprojekt-Reuss.png","@id":"https:\/\/www.immo-invest.ch\/fr\/neuer-ckw-hauptsitz-staerkt-emmen\/#mainImage","width":890,"height":508},"primaryImageOfPage":{"@id":"https:\/\/www.immo-invest.ch\/fr\/neuer-ckw-hauptsitz-staerkt-emmen\/#mainImage"},"datePublished":"2026-03-10T07:00:00+01:00","dateModified":"2026-03-09T15:52:41+01:00"},{"@type":"WebSite","@id":"https:\/\/www.immo-invest.ch\/fr\/#website","url":"https:\/\/www.immo-invest.ch\/fr\/","name":"immo!nvest - Die Plattform f\u00fcr Standorte und Immobilien","description":"Die\u00a0Plattform f\u00fcr Standorte und Immobilien","inLanguage":"fr-FR","publisher":{"@id":"https:\/\/www.immo-invest.ch\/fr\/#organization"}}]},"og:locale":"fr_FR","og:site_name":"immo!nvest - Die Plattform f\u00fcr Standorte und Immobilien - Die\u00a0Plattform f\u00fcr Standorte und Immobilien","og:type":"article","og:title":"Le nouveau si\u00e8ge de CKW renforce Emmen - immo!nvest - Die Plattform f\u00fcr Standorte und Immobilien","og:description":"CKW pr\u00e9voit de transf\u00e9rer ses secteurs d'activit\u00e9 de Reussb\u00fchl \u00e0 Emmen et de d\u00e9placer son si\u00e8ge social de Lucerne \u00e0 l'\u00eele de la Reuss. Le nouveau &quot;EnergiePark Emmen&quot; renforcera l'approvisionnement r\u00e9gional en \u00e9lectricit\u00e9, apportera jusqu'\u00e0 1'000 emplois sur le site et cr\u00e9era une valeur ajout\u00e9e suppl\u00e9mentaire pour la commune d'Emmen.","og:url":"https:\/\/www.immo-invest.ch\/fr\/neuer-ckw-hauptsitz-staerkt-emmen\/","og:image":"https:\/\/www.immo-invest.ch\/wp-content\/uploads\/2026\/03\/CKW-Rathausen-Richtprojekt-Reuss.png","og:image:secure_url":"https:\/\/www.immo-invest.ch\/wp-content\/uploads\/2026\/03\/CKW-Rathausen-Richtprojekt-Reuss.png","og:image:width":890,"og:image:height":508,"article:published_time":"2026-03-10T06:00:00+00:00","article:modified_time":"2026-03-09T14:52:41+00:00","article:publisher":"https:\/\/www.facebook.com\/people\/Immoinvest\/100077962920504\/","twitter:card":"summary_large_image","twitter:site":"@i","twitter:title":"Le nouveau si\u00e8ge de CKW renforce Emmen - immo!nvest - Die Plattform f\u00fcr Standorte und Immobilien","twitter:description":"CKW pr\u00e9voit de transf\u00e9rer ses secteurs d'activit\u00e9 de Reussb\u00fchl \u00e0 Emmen et de d\u00e9placer son si\u00e8ge social de Lucerne \u00e0 l'\u00eele de la Reuss. Le nouveau &quot;EnergiePark Emmen&quot; renforcera l'approvisionnement r\u00e9gional en \u00e9lectricit\u00e9, apportera jusqu'\u00e0 1'000 emplois sur le site et cr\u00e9era une valeur ajout\u00e9e suppl\u00e9mentaire pour la commune d'Emmen.","twitter:creator":"@i","twitter:image":"https:\/\/www.immo-invest.ch\/wp-content\/uploads\/2026\/03\/CKW-Rathausen-Richtprojekt-Reuss.png"},"aioseo_meta_data":{"post_id":"150816","title":null,"description":null,"keywords":null,"keyphrases":{"focus":{"keyphrase":"","score":0,"analysis":{"keyphraseInTitle":{"score":0,"maxScore":9,"error":1}}},"additional":[]},"primary_term":null,"canonical_url":null,"og_title":null,"og_description":null,"og_object_type":"default","og_image_type":"default","og_image_url":null,"og_image_width":null,"og_image_height":null,"og_image_custom_url":null,"og_image_custom_fields":null,"og_video":"","og_custom_url":null,"og_article_section":null,"og_article_tags":null,"twitter_use_og":false,"twitter_card":"default","twitter_image_type":"default","twitter_image_url":null,"twitter_image_custom_url":null,"twitter_image_custom_fields":null,"twitter_title":null,"twitter_description":null,"schema":{"blockGraphs":[],"customGraphs":[],"default":{"data":{"Article":[],"Course":[],"Dataset":[],"FAQPage":[],"Movie":[],"Person":[],"Product":[],"ProductReview":[],"Car":[],"Recipe":[],"Service":[],"SoftwareApplication":[],"WebPage":[]},"graphName":"BlogPosting","isEnabled":true},"graphs":[]},"schema_type":"default","schema_type_options":null,"pillar_content":false,"robots_default":true,"robots_noindex":false,"robots_noarchive":false,"robots_nosnippet":false,"robots_nofollow":false,"robots_noimageindex":false,"robots_noodp":false,"robots_notranslate":false,"robots_max_snippet":"-1","robots_max_videopreview":"-1","robots_max_imagepreview":"large","priority":null,"frequency":"default","local_seo":null,"breadcrumb_settings":null,"limit_modified_date":false,"ai":{"faqs":[],"keyPoints":[],"titles":[],"descriptions":[],"socialPosts":{"email":[],"linkedin":[],"twitter":[],"facebook":[],"instagram":[]}},"created":"2026-03-09 14:52:43","updated":"2026-03-10 06:16:58","seo_analyzer_scan_date":null,"focus_keyword":null,"additional_keywords":null,"truseo_locale":null},"aioseo_breadcrumb":"<div class=\"aioseo-breadcrumbs\"><span class=\"aioseo-breadcrumb\">\n\t\t\t<a href=\"https:\/\/www.immo-invest.ch\/fr\/\" title=\"Home\">Home<\/a>\n\t\t<\/span><span class=\"aioseo-breadcrumb-separator\">&raquo;<\/span><span class=\"aioseo-breadcrumb\">\n\t\t\t<a href=\"https:\/\/www.immo-invest.ch\/fr\/categories\/regions\/\" title=\"R\u00e9gions\">R\u00e9gions<\/a>\n\t\t<\/span><span class=\"aioseo-breadcrumb-separator\">&raquo;<\/span><span class=\"aioseo-breadcrumb\">\n\t\t\t<a href=\"https:\/\/www.immo-invest.ch\/fr\/categories\/regions\/suisse\/\" title=\"Suisse\">Suisse<\/a>\n\t\t<\/span><span class=\"aioseo-breadcrumb-separator\">&raquo;<\/span><span class=\"aioseo-breadcrumb\">\n\t\t\t<a href=\"https:\/\/www.immo-invest.ch\/fr\/categories\/regions\/suisse\/region-zentralschweiz\/\" title=\"Zentralschweiz\">Zentralschweiz<\/a>\n\t\t<\/span><span class=\"aioseo-breadcrumb-separator\">&raquo;<\/span><span class=\"aioseo-breadcrumb\">\n\t\t\t<a href=\"https:\/\/www.immo-invest.ch\/fr\/categories\/regions\/suisse\/region-zentralschweiz\/region-lucerne\/\" title=\"Lucerne\">Lucerne<\/a>\n\t\t<\/span><span class=\"aioseo-breadcrumb-separator\">&raquo;<\/span><span class=\"aioseo-breadcrumb\">\n\t\t\tLe nouveau si\u00e8ge de CKW renforce Emmen\n\t\t<\/span><\/div>","aioseo_breadcrumb_json":[{"label":"Home","link":"https:\/\/www.immo-invest.ch\/fr\/"},{"label":"R\u00e9gions","link":"https:\/\/www.immo-invest.ch\/fr\/categories\/regions\/"},{"label":"Suisse","link":"https:\/\/www.immo-invest.ch\/fr\/categories\/regions\/suisse\/"},{"label":"Zentralschweiz","link":"https:\/\/www.immo-invest.ch\/fr\/categories\/regions\/suisse\/region-zentralschweiz\/"},{"label":"Lucerne","link":"https:\/\/www.immo-invest.ch\/fr\/categories\/regions\/suisse\/region-zentralschweiz\/region-lucerne\/"},{"label":"Le nouveau si\u00e8ge de CKW renforce Emmen","link":"https:\/\/www.immo-invest.ch\/fr\/neuer-ckw-hauptsitz-staerkt-emmen\/"}],"featured_image_src":"https:\/\/www.immo-invest.ch\/wp-content\/uploads\/2026\/03\/CKW-Rathausen-Richtprojekt-Reuss-336x168.png","_links":{"self":[{"href":"https:\/\/www.immo-invest.ch\/fr\/wp-json\/wp\/v2\/posts\/150816","targetHints":{"allow":["GET"]}}],"collection":[{"href":"https:\/\/www.immo-invest.ch\/fr\/wp-json\/wp\/v2\/posts"}],"about":[{"href":"https:\/\/www.immo-invest.ch\/fr\/wp-json\/wp\/v2\/types\/post"}],"author":[{"embeddable":true,"href":"https:\/\/www.immo-invest.ch\/fr\/wp-json\/wp\/v2\/users\/2"}],"replies":[{"embeddable":true,"href":"https:\/\/www.immo-invest.ch\/fr\/wp-json\/wp\/v2\/comments?post=150816"}],"version-history":[{"count":2,"href":"https:\/\/www.immo-invest.ch\/fr\/wp-json\/wp\/v2\/posts\/150816\/revisions"}],"predecessor-version":[{"id":150824,"href":"https:\/\/www.immo-invest.ch\/fr\/wp-json\/wp\/v2\/posts\/150816\/revisions\/150824"}],"wp:featuredmedia":[{"embeddable":true,"href":"https:\/\/www.immo-invest.ch\/fr\/wp-json\/wp\/v2\/media\/150817"}],"wp:attachment":[{"href":"https:\/\/www.immo-invest.ch\/fr\/wp-json\/wp\/v2\/media?parent=150816"}],"wp:term":[{"taxonomy":"category","embeddable":true,"href":"https:\/\/www.immo-invest.ch\/fr\/wp-json\/wp\/v2\/categories?post=150816"},{"taxonomy":"post_tag","embeddable":true,"href":"https:\/\/www.immo-invest.ch\/fr\/wp-json\/wp\/v2\/tags?post=150816"}],"curies":[{"name":"wp","href":"https:\/\/api.w.org\/{rel}","templated":true}]}}