{"id":150787,"date":"2026-03-11T16:20:00","date_gmt":"2026-03-11T15:20:00","guid":{"rendered":"https:\/\/www.immo-invest.ch\/?p=150787"},"modified":"2026-03-06T10:47:37","modified_gmt":"2026-03-06T09:47:37","slug":"architekt-uebernimmt-operative-leitung-im-unternehmen","status":"publish","type":"post","link":"https:\/\/www.immo-invest.ch\/fr\/architekt-uebernimmt-operative-leitung-im-unternehmen\/","title":{"rendered":"Un architecte prend la direction op\u00e9rationnelle de l&rsquo;entreprise"},"content":{"rendered":"<p class=\"bodytext\">La soci&eacute;t&eacute; <a href=\"https:\/\/www.fsp-architekten.ch\/firma\/\" target=\"_blank\" rel=\"noopener\">fsp Architekten AG<\/a> a nomm&eacute; Raman Misinovic au poste de directeur des op&eacute;rations. Il assumera, aux c&ocirc;t&eacute;s du PDG et propri&eacute;taire Christoph Kaech ainsi que de Selim Manjusak, directeur num&eacute;rique et directeur des ressources humaines, la responsabilit&eacute; du d&eacute;veloppement strat&eacute;gique et op&eacute;rationnel de l&rsquo;entreprise, selon un <a href=\"https:\/\/www.fsp-architekten.ch\/news\/\" target=\"_blank\" rel=\"noopener\">communiqu&eacute;<\/a>. Misinovic a pr&eacute;c&eacute;demment occup&eacute; pendant plusieurs ann&eacute;es le poste de chef de projet et d&rsquo;&eacute;quipe chez fsp, puis a travaill&eacute; comme architecte ind&eacute;pendant.<\/p>\n<p class=\"bodytext\">&laquo; Raman nous conna&icirc;t depuis de nombreuses ann&eacute;es &raquo;, indique le communiqu&eacute;. &laquo; Son exp&eacute;rience en architecture, son sens des affaires et sa compr&eacute;hension des processus int&eacute;gr&eacute;s caract&eacute;risent son travail. Au cours des derni&egrave;res ann&eacute;es, il a affin&eacute; ces perspectives et les met d&eacute;sormais &agrave; profit dans son nouveau r&ocirc;le chez fsp. &raquo;<\/p>\n<p class=\"bodytext\">Raman Misinovic a obtenu sa licence en architecture &agrave; la Haute &eacute;cole des sciences appliqu&eacute;es de Zurich (<a href=\"https:\/\/www.zhaw.ch\/de\/hochschule\" target=\"_blank\" rel=\"noopener\">ZHAW<\/a>) en 2012. Il a ensuite poursuivi ses &eacute;tudes &agrave; la Haute &eacute;cole sp&eacute;cialis&eacute;e du nord-ouest de la Suisse (<a href=\"https:\/\/www.fhnw.ch\/de\" target=\"_blank\" rel=\"noopener\">FHNW<\/a>) et &agrave; <a href=\"https:\/\/www.stanford.edu\/\" target=\"_blank\" rel=\"noopener\">l&rsquo;universit&eacute; de Stanford<\/a>, avant d&rsquo;obtenir en 2016 un master en conception et construction virtuelles et en construction num&eacute;rique &agrave; la FHNW.<\/p>\n<p class=\"bodytext\">Misinovic a travaill&eacute; chez fsp en tant que chef de projet et chef d&rsquo;&eacute;quipe entre 2013 et 2021. Il a ensuite travaill&eacute; comme propri&eacute;taire et architecte ind&eacute;pendant chez RAUMKO GmbH et IMMOMIS GmbH. Il souhaite d&eacute;sormais mettre ses connaissances approfondies en architecture, en organisation et en processus au service de la direction de fsp Architekten. &laquo; Avec Christoph Kaech et Selim Manjusak, nous fa&ccedil;onnons le d&eacute;veloppement futur de fsp &ndash; en r&eacute;seau, dans un esprit entrepreneurial et avec une exigence claire en mati&egrave;re de qualit&eacute; et de collaboration &raquo;, explique-t-il dans un <a href=\"https:\/\/www.linkedin.com\/feed\/update\/urn:li:activity:7432733692390772736\/?originTrackingId=c3xPW8sEFi\/VIhacGdGwEQ==\" target=\"_blank\" rel=\"noopener\">communiqu&eacute;<\/a>.<\/p>\n","protected":false},"excerpt":{"rendered":"<p>Raman Misinovic rejoint la direction de fsp Architekten en tant que nouveau directeur g\u00e9n\u00e9ral. Misinovic a pr\u00e9c\u00e9demment occup\u00e9 pendant plusieurs ann\u00e9es les fonctions de chef de projet et de chef d&rsquo;\u00e9quipe chez fsp et a derni\u00e8rement travaill\u00e9 en tant qu&rsquo;architecte ind\u00e9pendant.<\/p>\n","protected":false},"author":2,"featured_media":150788,"comment_status":"open","ping_status":"open","sticky":false,"template":"","format":"standard","meta":{"pmpro_default_level":"","inline_featured_image":false,"_monsterinsights_skip_tracking":false,"footnotes":""},"categories":[22696,4464,743,56027],"tags":[57624,55621,872,3931,2002,57625],"class_list":["post-150787","post","type-post","status-publish","format-standard","has-post-thumbnail","hentry","category-entreprise","category-gens","category-immonews-fr","category-planification-developpement","tag-architekturbuero-2","tag-fuehrungswechsel-2","tag-immoinvest-fr","tag-immonews-fr","tag-news-fr","tag-unternehmensentwicklung","pmpro-has-access"],"acf":{"bild_mit_ki_erstellt_worden":["Ja"],"lead":"Raman Misinovic rejoint la direction de fsp Architekten en tant que nouveau directeur g\u00e9n\u00e9ral. Misinovic a pr\u00e9c\u00e9demment occup\u00e9 pendant plusieurs ann\u00e9es les fonctions de chef de projet et de chef d'\u00e9quipe chez fsp et a derni\u00e8rement travaill\u00e9 en tant qu'architecte ind\u00e9pendant.","autor":"ce\/nta","ort":"Spreitenbach AG","bildunterschrift":"","bild_im_grid":false,"gallerie":"","newsim":""},"aioseo_notices":[],"aioseo_head":"\n\t\t<!-- All in One SEO 5.0.0.1 - aioseo.com -->\n\t<meta name=\"description\" content=\"Raman Misinovic rejoint la direction de fsp Architekten en tant que nouveau directeur g\u00e9n\u00e9ral. Misinovic a pr\u00e9c\u00e9demment occup\u00e9 pendant plusieurs ann\u00e9es les fonctions de chef de projet et de chef d&#039;\u00e9quipe chez fsp et a derni\u00e8rement travaill\u00e9 en tant qu&#039;architecte ind\u00e9pendant.\" \/>\n\t<meta name=\"robots\" content=\"max-image-preview:large\" \/>\n\t<meta name=\"author\" content=\"immovestuser\"\/>\n\t<meta name=\"google-site-verification\" content=\"fHJKvgWpZCR2zVBHWfkQeFXC11qieUSff0HGNYfuyLA\" \/>\n\t<link rel=\"canonical\" href=\"https:\/\/www.immo-invest.ch\/fr\/architekt-uebernimmt-operative-leitung-im-unternehmen\/\" \/>\n\t<meta name=\"generator\" content=\"All in One SEO (AIOSEO) 5.0.0.1\" \/>\n\t\t<meta property=\"og:locale\" content=\"fr_FR\" \/>\n\t\t<meta property=\"og:site_name\" content=\"immo!nvest - Die Plattform f\u00fcr Standorte und Immobilien - Die\u00a0Plattform f\u00fcr Standorte und Immobilien\" \/>\n\t\t<meta property=\"og:type\" content=\"article\" \/>\n\t\t<meta property=\"og:title\" content=\"Un architecte prend la direction op\u00e9rationnelle de l\u2019entreprise - immo!nvest - Die Plattform f\u00fcr Standorte und Immobilien\" \/>\n\t\t<meta property=\"og:description\" content=\"Raman Misinovic rejoint la direction de fsp Architekten en tant que nouveau directeur g\u00e9n\u00e9ral. Misinovic a pr\u00e9c\u00e9demment occup\u00e9 pendant plusieurs ann\u00e9es les fonctions de chef de projet et de chef d&#039;\u00e9quipe chez fsp et a derni\u00e8rement travaill\u00e9 en tant qu&#039;architecte ind\u00e9pendant.\" \/>\n\t\t<meta property=\"og:url\" content=\"https:\/\/www.immo-invest.ch\/fr\/architekt-uebernimmt-operative-leitung-im-unternehmen\/\" \/>\n\t\t<meta property=\"og:image\" content=\"https:\/\/www.immo-invest.ch\/wp-content\/uploads\/2026\/02\/banoviag_modern_architecture_studio_interior_with_architects__7c6f97c3-50bc-4f00-a77c-8029938dbc62_2.png\" \/>\n\t\t<meta property=\"og:image:secure_url\" content=\"https:\/\/www.immo-invest.ch\/wp-content\/uploads\/2026\/02\/banoviag_modern_architecture_studio_interior_with_architects__7c6f97c3-50bc-4f00-a77c-8029938dbc62_2.png\" \/>\n\t\t<meta property=\"og:image:width\" content=\"1536\" \/>\n\t\t<meta property=\"og:image:height\" content=\"768\" \/>\n\t\t<meta property=\"article:published_time\" content=\"2026-03-11T15:20:00+00:00\" \/>\n\t\t<meta property=\"article:modified_time\" content=\"2026-03-06T09:47:37+00:00\" \/>\n\t\t<meta property=\"article:publisher\" content=\"https:\/\/www.facebook.com\/people\/Immoinvest\/100077962920504\/\" \/>\n\t\t<meta name=\"twitter:card\" content=\"summary_large_image\" \/>\n\t\t<meta name=\"twitter:site\" content=\"@i\" \/>\n\t\t<meta name=\"twitter:title\" content=\"Un architecte prend la direction op\u00e9rationnelle de l\u2019entreprise - immo!nvest - Die Plattform f\u00fcr Standorte und Immobilien\" \/>\n\t\t<meta name=\"twitter:description\" content=\"Raman Misinovic rejoint la direction de fsp Architekten en tant que nouveau directeur g\u00e9n\u00e9ral. Misinovic a pr\u00e9c\u00e9demment occup\u00e9 pendant plusieurs ann\u00e9es les fonctions de chef de projet et de chef d&#039;\u00e9quipe chez fsp et a derni\u00e8rement travaill\u00e9 en tant qu&#039;architecte ind\u00e9pendant.\" \/>\n\t\t<meta name=\"twitter:creator\" content=\"@i\" \/>\n\t\t<meta name=\"twitter:image\" content=\"https:\/\/www.immo-invest.ch\/wp-content\/uploads\/2026\/02\/banoviag_modern_architecture_studio_interior_with_architects__7c6f97c3-50bc-4f00-a77c-8029938dbc62_2.png\" \/>\n\t\t<script type=\"application\/ld+json\" class=\"aioseo-schema\">\n\t\t\t{\"@context\":\"https:\\\/\\\/schema.org\",\"@graph\":[{\"@type\":\"BlogPosting\",\"@id\":\"https:\\\/\\\/www.immo-invest.ch\\\/fr\\\/architekt-uebernimmt-operative-leitung-im-unternehmen\\\/#blogposting\",\"name\":\"Un architecte prend la direction op\\u00e9rationnelle de l\\u2019entreprise - immo!nvest - Die Plattform f\\u00fcr Standorte und Immobilien\",\"headline\":\"Un architecte prend la direction op\\u00e9rationnelle de l&rsquo;entreprise\",\"author\":{\"@id\":\"https:\\\/\\\/www.immo-invest.ch\\\/fr\\\/author\\\/immovestuser\\\/#author\"},\"publisher\":{\"@id\":\"https:\\\/\\\/www.immo-invest.ch\\\/fr\\\/#organization\"},\"image\":{\"@type\":\"ImageObject\",\"url\":\"https:\\\/\\\/www.immo-invest.ch\\\/wp-content\\\/uploads\\\/2026\\\/02\\\/banoviag_modern_architecture_studio_interior_with_architects__7c6f97c3-50bc-4f00-a77c-8029938dbc62_2.png\",\"width\":1536,\"height\":768},\"datePublished\":\"2026-03-11T16:20:00+01:00\",\"dateModified\":\"2026-03-06T10:47:37+01:00\",\"inLanguage\":\"fr-FR\",\"mainEntityOfPage\":{\"@id\":\"https:\\\/\\\/www.immo-invest.ch\\\/fr\\\/architekt-uebernimmt-operative-leitung-im-unternehmen\\\/#webpage\"},\"isPartOf\":{\"@id\":\"https:\\\/\\\/www.immo-invest.ch\\\/fr\\\/architekt-uebernimmt-operative-leitung-im-unternehmen\\\/#webpage\"},\"articleSection\":\"Entreprise, Gens, immoNews, Planification \\\/ D\\u00e9veloppement, Architekturbuero, Fuehrungswechsel, Immoinvest, immoNews, News, unternehmensentwicklung, Facultatif\"},{\"@type\":\"BreadcrumbList\",\"@id\":\"https:\\\/\\\/www.immo-invest.ch\\\/fr\\\/architekt-uebernimmt-operative-leitung-im-unternehmen\\\/#breadcrumblist\",\"itemListElement\":[{\"@type\":\"ListItem\",\"@id\":\"https:\\\/\\\/www.immo-invest.ch\\\/fr\\\/#listItem\",\"position\":1,\"name\":\"Home\",\"item\":\"https:\\\/\\\/www.immo-invest.ch\\\/fr\\\/\",\"nextItem\":{\"@type\":\"ListItem\",\"@id\":\"https:\\\/\\\/www.immo-invest.ch\\\/fr\\\/categories\\\/personnes\\\/#listItem\",\"name\":\"Personnes\"}},{\"@type\":\"ListItem\",\"@id\":\"https:\\\/\\\/www.immo-invest.ch\\\/fr\\\/categories\\\/personnes\\\/#listItem\",\"position\":2,\"name\":\"Personnes\",\"item\":\"https:\\\/\\\/www.immo-invest.ch\\\/fr\\\/categories\\\/personnes\\\/\",\"nextItem\":{\"@type\":\"ListItem\",\"@id\":\"https:\\\/\\\/www.immo-invest.ch\\\/fr\\\/categories\\\/personnes\\\/gens\\\/#listItem\",\"name\":\"Gens\"},\"previousItem\":{\"@type\":\"ListItem\",\"@id\":\"https:\\\/\\\/www.immo-invest.ch\\\/fr\\\/#listItem\",\"name\":\"Home\"}},{\"@type\":\"ListItem\",\"@id\":\"https:\\\/\\\/www.immo-invest.ch\\\/fr\\\/categories\\\/personnes\\\/gens\\\/#listItem\",\"position\":3,\"name\":\"Gens\",\"item\":\"https:\\\/\\\/www.immo-invest.ch\\\/fr\\\/categories\\\/personnes\\\/gens\\\/\",\"nextItem\":{\"@type\":\"ListItem\",\"@id\":\"https:\\\/\\\/www.immo-invest.ch\\\/fr\\\/architekt-uebernimmt-operative-leitung-im-unternehmen\\\/#listItem\",\"name\":\"Un architecte prend la direction op\\u00e9rationnelle de l&rsquo;entreprise\"},\"previousItem\":{\"@type\":\"ListItem\",\"@id\":\"https:\\\/\\\/www.immo-invest.ch\\\/fr\\\/categories\\\/personnes\\\/#listItem\",\"name\":\"Personnes\"}},{\"@type\":\"ListItem\",\"@id\":\"https:\\\/\\\/www.immo-invest.ch\\\/fr\\\/architekt-uebernimmt-operative-leitung-im-unternehmen\\\/#listItem\",\"position\":4,\"name\":\"Un architecte prend la direction op\\u00e9rationnelle de l&rsquo;entreprise\",\"previousItem\":{\"@type\":\"ListItem\",\"@id\":\"https:\\\/\\\/www.immo-invest.ch\\\/fr\\\/categories\\\/personnes\\\/gens\\\/#listItem\",\"name\":\"Gens\"}}]},{\"@type\":\"Organization\",\"@id\":\"https:\\\/\\\/www.immo-invest.ch\\\/fr\\\/#organization\",\"name\":\"immo!nvest - Die Plattform f\\u00fcr Standorte und Immobilien\",\"description\":\"Die\\u00a0Plattform f\\u00fcr Standorte und Immobilien\",\"url\":\"https:\\\/\\\/www.immo-invest.ch\\\/fr\\\/\",\"email\":\"admin@immomedia.ag\",\"telephone\":\"+41444420002\",\"logo\":{\"@type\":\"ImageObject\",\"url\":\"https:\\\/\\\/www.immo-invest.ch\\\/wp-content\\\/uploads\\\/2024\\\/09\\\/immoinvest_sm-scaled.jpg\",\"@id\":\"https:\\\/\\\/www.immo-invest.ch\\\/fr\\\/architekt-uebernimmt-operative-leitung-im-unternehmen\\\/#organizationLogo\",\"width\":2560,\"height\":1340},\"image\":{\"@id\":\"https:\\\/\\\/www.immo-invest.ch\\\/fr\\\/architekt-uebernimmt-operative-leitung-im-unternehmen\\\/#organizationLogo\"},\"sameAs\":[\"https:\\\/\\\/www.facebook.com\\\/people\\\/Immoinvest\\\/100077962920504\\\/\",\"https:\\\/\\\/x.com\\\/i\\\/flow\\\/login?redirect_after_login=immoinvest_ch\",\"https:\\\/\\\/www.instagram.com\\\/immoinvest_ch\\\/\",\"https:\\\/\\\/www.linkedin.com\\\/company\\\/immoinvest-swiss\"]},{\"@type\":\"Person\",\"@id\":\"https:\\\/\\\/www.immo-invest.ch\\\/fr\\\/author\\\/immovestuser\\\/#author\",\"url\":\"https:\\\/\\\/www.immo-invest.ch\\\/fr\\\/author\\\/immovestuser\\\/\",\"name\":\"immovestuser\",\"image\":{\"@type\":\"ImageObject\",\"@id\":\"https:\\\/\\\/www.immo-invest.ch\\\/fr\\\/architekt-uebernimmt-operative-leitung-im-unternehmen\\\/#authorImage\",\"url\":\"https:\\\/\\\/secure.gravatar.com\\\/avatar\\\/8e01f4d99f2eeea7a362ebb93305e1172a70e9293ba250f897a65c39f54cdd1e?s=96&d=mm&r=g\",\"width\":96,\"height\":96,\"caption\":\"immovestuser\"}},{\"@type\":\"WebPage\",\"@id\":\"https:\\\/\\\/www.immo-invest.ch\\\/fr\\\/architekt-uebernimmt-operative-leitung-im-unternehmen\\\/#webpage\",\"url\":\"https:\\\/\\\/www.immo-invest.ch\\\/fr\\\/architekt-uebernimmt-operative-leitung-im-unternehmen\\\/\",\"name\":\"Un architecte prend la direction op\\u00e9rationnelle de l\\u2019entreprise - immo!nvest - Die Plattform f\\u00fcr Standorte und Immobilien\",\"description\":\"Raman Misinovic rejoint la direction de fsp Architekten en tant que nouveau directeur g\\u00e9n\\u00e9ral. Misinovic a pr\\u00e9c\\u00e9demment occup\\u00e9 pendant plusieurs ann\\u00e9es les fonctions de chef de projet et de chef d'\\u00e9quipe chez fsp et a derni\\u00e8rement travaill\\u00e9 en tant qu'architecte ind\\u00e9pendant.\",\"inLanguage\":\"fr-FR\",\"isPartOf\":{\"@id\":\"https:\\\/\\\/www.immo-invest.ch\\\/fr\\\/#website\"},\"breadcrumb\":{\"@id\":\"https:\\\/\\\/www.immo-invest.ch\\\/fr\\\/architekt-uebernimmt-operative-leitung-im-unternehmen\\\/#breadcrumblist\"},\"author\":{\"@id\":\"https:\\\/\\\/www.immo-invest.ch\\\/fr\\\/author\\\/immovestuser\\\/#author\"},\"creator\":{\"@id\":\"https:\\\/\\\/www.immo-invest.ch\\\/fr\\\/author\\\/immovestuser\\\/#author\"},\"image\":{\"@type\":\"ImageObject\",\"url\":\"https:\\\/\\\/www.immo-invest.ch\\\/wp-content\\\/uploads\\\/2026\\\/02\\\/banoviag_modern_architecture_studio_interior_with_architects__7c6f97c3-50bc-4f00-a77c-8029938dbc62_2.png\",\"@id\":\"https:\\\/\\\/www.immo-invest.ch\\\/fr\\\/architekt-uebernimmt-operative-leitung-im-unternehmen\\\/#mainImage\",\"width\":1536,\"height\":768},\"primaryImageOfPage\":{\"@id\":\"https:\\\/\\\/www.immo-invest.ch\\\/fr\\\/architekt-uebernimmt-operative-leitung-im-unternehmen\\\/#mainImage\"},\"datePublished\":\"2026-03-11T16:20:00+01:00\",\"dateModified\":\"2026-03-06T10:47:37+01:00\"},{\"@type\":\"WebSite\",\"@id\":\"https:\\\/\\\/www.immo-invest.ch\\\/fr\\\/#website\",\"url\":\"https:\\\/\\\/www.immo-invest.ch\\\/fr\\\/\",\"name\":\"immo!nvest - Die Plattform f\\u00fcr Standorte und Immobilien\",\"description\":\"Die\\u00a0Plattform f\\u00fcr Standorte und Immobilien\",\"inLanguage\":\"fr-FR\",\"publisher\":{\"@id\":\"https:\\\/\\\/www.immo-invest.ch\\\/fr\\\/#organization\"}}]}\n\t\t<\/script>\n\t\t<!-- All in One SEO -->\n\n","aioseo_head_json":{"title":"Un architecte prend la direction op\u00e9rationnelle de l\u2019entreprise - immo!nvest - Die Plattform f\u00fcr Standorte und Immobilien","description":"Raman Misinovic rejoint la direction de fsp Architekten en tant que nouveau directeur g\u00e9n\u00e9ral. Misinovic a pr\u00e9c\u00e9demment occup\u00e9 pendant plusieurs ann\u00e9es les fonctions de chef de projet et de chef d'\u00e9quipe chez fsp et a derni\u00e8rement travaill\u00e9 en tant qu'architecte ind\u00e9pendant.","canonical_url":"https:\/\/www.immo-invest.ch\/fr\/architekt-uebernimmt-operative-leitung-im-unternehmen\/","robots":"max-image-preview:large","keywords":"","webmasterTools":{"google-site-verification":"fHJKvgWpZCR2zVBHWfkQeFXC11qieUSff0HGNYfuyLA","miscellaneous":""},"schema":{"@context":"https:\/\/schema.org","@graph":[{"@type":"BlogPosting","@id":"https:\/\/www.immo-invest.ch\/fr\/architekt-uebernimmt-operative-leitung-im-unternehmen\/#blogposting","name":"Un architecte prend la direction op\u00e9rationnelle de l\u2019entreprise - immo!nvest - Die Plattform f\u00fcr Standorte und Immobilien","headline":"Un architecte prend la direction op\u00e9rationnelle de l&rsquo;entreprise","author":{"@id":"https:\/\/www.immo-invest.ch\/fr\/author\/immovestuser\/#author"},"publisher":{"@id":"https:\/\/www.immo-invest.ch\/fr\/#organization"},"image":{"@type":"ImageObject","url":"https:\/\/www.immo-invest.ch\/wp-content\/uploads\/2026\/02\/banoviag_modern_architecture_studio_interior_with_architects__7c6f97c3-50bc-4f00-a77c-8029938dbc62_2.png","width":1536,"height":768},"datePublished":"2026-03-11T16:20:00+01:00","dateModified":"2026-03-06T10:47:37+01:00","inLanguage":"fr-FR","mainEntityOfPage":{"@id":"https:\/\/www.immo-invest.ch\/fr\/architekt-uebernimmt-operative-leitung-im-unternehmen\/#webpage"},"isPartOf":{"@id":"https:\/\/www.immo-invest.ch\/fr\/architekt-uebernimmt-operative-leitung-im-unternehmen\/#webpage"},"articleSection":"Entreprise, Gens, immoNews, Planification \/ D\u00e9veloppement, Architekturbuero, Fuehrungswechsel, Immoinvest, immoNews, News, unternehmensentwicklung, Facultatif"},{"@type":"BreadcrumbList","@id":"https:\/\/www.immo-invest.ch\/fr\/architekt-uebernimmt-operative-leitung-im-unternehmen\/#breadcrumblist","itemListElement":[{"@type":"ListItem","@id":"https:\/\/www.immo-invest.ch\/fr\/#listItem","position":1,"name":"Home","item":"https:\/\/www.immo-invest.ch\/fr\/","nextItem":{"@type":"ListItem","@id":"https:\/\/www.immo-invest.ch\/fr\/categories\/personnes\/#listItem","name":"Personnes"}},{"@type":"ListItem","@id":"https:\/\/www.immo-invest.ch\/fr\/categories\/personnes\/#listItem","position":2,"name":"Personnes","item":"https:\/\/www.immo-invest.ch\/fr\/categories\/personnes\/","nextItem":{"@type":"ListItem","@id":"https:\/\/www.immo-invest.ch\/fr\/categories\/personnes\/gens\/#listItem","name":"Gens"},"previousItem":{"@type":"ListItem","@id":"https:\/\/www.immo-invest.ch\/fr\/#listItem","name":"Home"}},{"@type":"ListItem","@id":"https:\/\/www.immo-invest.ch\/fr\/categories\/personnes\/gens\/#listItem","position":3,"name":"Gens","item":"https:\/\/www.immo-invest.ch\/fr\/categories\/personnes\/gens\/","nextItem":{"@type":"ListItem","@id":"https:\/\/www.immo-invest.ch\/fr\/architekt-uebernimmt-operative-leitung-im-unternehmen\/#listItem","name":"Un architecte prend la direction op\u00e9rationnelle de l&rsquo;entreprise"},"previousItem":{"@type":"ListItem","@id":"https:\/\/www.immo-invest.ch\/fr\/categories\/personnes\/#listItem","name":"Personnes"}},{"@type":"ListItem","@id":"https:\/\/www.immo-invest.ch\/fr\/architekt-uebernimmt-operative-leitung-im-unternehmen\/#listItem","position":4,"name":"Un architecte prend la direction op\u00e9rationnelle de l&rsquo;entreprise","previousItem":{"@type":"ListItem","@id":"https:\/\/www.immo-invest.ch\/fr\/categories\/personnes\/gens\/#listItem","name":"Gens"}}]},{"@type":"Organization","@id":"https:\/\/www.immo-invest.ch\/fr\/#organization","name":"immo!nvest - Die Plattform f\u00fcr Standorte und Immobilien","description":"Die\u00a0Plattform f\u00fcr Standorte und Immobilien","url":"https:\/\/www.immo-invest.ch\/fr\/","email":"admin@immomedia.ag","telephone":"+41444420002","logo":{"@type":"ImageObject","url":"https:\/\/www.immo-invest.ch\/wp-content\/uploads\/2024\/09\/immoinvest_sm-scaled.jpg","@id":"https:\/\/www.immo-invest.ch\/fr\/architekt-uebernimmt-operative-leitung-im-unternehmen\/#organizationLogo","width":2560,"height":1340},"image":{"@id":"https:\/\/www.immo-invest.ch\/fr\/architekt-uebernimmt-operative-leitung-im-unternehmen\/#organizationLogo"},"sameAs":["https:\/\/www.facebook.com\/people\/Immoinvest\/100077962920504\/","https:\/\/x.com\/i\/flow\/login?redirect_after_login=immoinvest_ch","https:\/\/www.instagram.com\/immoinvest_ch\/","https:\/\/www.linkedin.com\/company\/immoinvest-swiss"]},{"@type":"Person","@id":"https:\/\/www.immo-invest.ch\/fr\/author\/immovestuser\/#author","url":"https:\/\/www.immo-invest.ch\/fr\/author\/immovestuser\/","name":"immovestuser","image":{"@type":"ImageObject","@id":"https:\/\/www.immo-invest.ch\/fr\/architekt-uebernimmt-operative-leitung-im-unternehmen\/#authorImage","url":"https:\/\/secure.gravatar.com\/avatar\/8e01f4d99f2eeea7a362ebb93305e1172a70e9293ba250f897a65c39f54cdd1e?s=96&d=mm&r=g","width":96,"height":96,"caption":"immovestuser"}},{"@type":"WebPage","@id":"https:\/\/www.immo-invest.ch\/fr\/architekt-uebernimmt-operative-leitung-im-unternehmen\/#webpage","url":"https:\/\/www.immo-invest.ch\/fr\/architekt-uebernimmt-operative-leitung-im-unternehmen\/","name":"Un architecte prend la direction op\u00e9rationnelle de l\u2019entreprise - immo!nvest - Die Plattform f\u00fcr Standorte und Immobilien","description":"Raman Misinovic rejoint la direction de fsp Architekten en tant que nouveau directeur g\u00e9n\u00e9ral. Misinovic a pr\u00e9c\u00e9demment occup\u00e9 pendant plusieurs ann\u00e9es les fonctions de chef de projet et de chef d'\u00e9quipe chez fsp et a derni\u00e8rement travaill\u00e9 en tant qu'architecte ind\u00e9pendant.","inLanguage":"fr-FR","isPartOf":{"@id":"https:\/\/www.immo-invest.ch\/fr\/#website"},"breadcrumb":{"@id":"https:\/\/www.immo-invest.ch\/fr\/architekt-uebernimmt-operative-leitung-im-unternehmen\/#breadcrumblist"},"author":{"@id":"https:\/\/www.immo-invest.ch\/fr\/author\/immovestuser\/#author"},"creator":{"@id":"https:\/\/www.immo-invest.ch\/fr\/author\/immovestuser\/#author"},"image":{"@type":"ImageObject","url":"https:\/\/www.immo-invest.ch\/wp-content\/uploads\/2026\/02\/banoviag_modern_architecture_studio_interior_with_architects__7c6f97c3-50bc-4f00-a77c-8029938dbc62_2.png","@id":"https:\/\/www.immo-invest.ch\/fr\/architekt-uebernimmt-operative-leitung-im-unternehmen\/#mainImage","width":1536,"height":768},"primaryImageOfPage":{"@id":"https:\/\/www.immo-invest.ch\/fr\/architekt-uebernimmt-operative-leitung-im-unternehmen\/#mainImage"},"datePublished":"2026-03-11T16:20:00+01:00","dateModified":"2026-03-06T10:47:37+01:00"},{"@type":"WebSite","@id":"https:\/\/www.immo-invest.ch\/fr\/#website","url":"https:\/\/www.immo-invest.ch\/fr\/","name":"immo!nvest - Die Plattform f\u00fcr Standorte und Immobilien","description":"Die\u00a0Plattform f\u00fcr Standorte und Immobilien","inLanguage":"fr-FR","publisher":{"@id":"https:\/\/www.immo-invest.ch\/fr\/#organization"}}]},"og:locale":"fr_FR","og:site_name":"immo!nvest - Die Plattform f\u00fcr Standorte und Immobilien - Die\u00a0Plattform f\u00fcr Standorte und Immobilien","og:type":"article","og:title":"Un architecte prend la direction op\u00e9rationnelle de l\u2019entreprise - immo!nvest - Die Plattform f\u00fcr Standorte und Immobilien","og:description":"Raman Misinovic rejoint la direction de fsp Architekten en tant que nouveau directeur g\u00e9n\u00e9ral. Misinovic a pr\u00e9c\u00e9demment occup\u00e9 pendant plusieurs ann\u00e9es les fonctions de chef de projet et de chef d'\u00e9quipe chez fsp et a derni\u00e8rement travaill\u00e9 en tant qu'architecte ind\u00e9pendant.","og:url":"https:\/\/www.immo-invest.ch\/fr\/architekt-uebernimmt-operative-leitung-im-unternehmen\/","og:image":"https:\/\/www.immo-invest.ch\/wp-content\/uploads\/2026\/02\/banoviag_modern_architecture_studio_interior_with_architects__7c6f97c3-50bc-4f00-a77c-8029938dbc62_2.png","og:image:secure_url":"https:\/\/www.immo-invest.ch\/wp-content\/uploads\/2026\/02\/banoviag_modern_architecture_studio_interior_with_architects__7c6f97c3-50bc-4f00-a77c-8029938dbc62_2.png","og:image:width":1536,"og:image:height":768,"article:published_time":"2026-03-11T15:20:00+00:00","article:modified_time":"2026-03-06T09:47:37+00:00","article:publisher":"https:\/\/www.facebook.com\/people\/Immoinvest\/100077962920504\/","twitter:card":"summary_large_image","twitter:site":"@i","twitter:title":"Un architecte prend la direction op\u00e9rationnelle de l\u2019entreprise - immo!nvest - Die Plattform f\u00fcr Standorte und Immobilien","twitter:description":"Raman Misinovic rejoint la direction de fsp Architekten en tant que nouveau directeur g\u00e9n\u00e9ral. Misinovic a pr\u00e9c\u00e9demment occup\u00e9 pendant plusieurs ann\u00e9es les fonctions de chef de projet et de chef d'\u00e9quipe chez fsp et a derni\u00e8rement travaill\u00e9 en tant qu'architecte ind\u00e9pendant.","twitter:creator":"@i","twitter:image":"https:\/\/www.immo-invest.ch\/wp-content\/uploads\/2026\/02\/banoviag_modern_architecture_studio_interior_with_architects__7c6f97c3-50bc-4f00-a77c-8029938dbc62_2.png"},"aioseo_meta_data":{"post_id":"150787","title":null,"description":null,"keywords":null,"keyphrases":{"focus":{"keyphrase":"","score":0,"analysis":{"keyphraseInTitle":{"score":0,"maxScore":9,"error":1}}},"additional":[]},"primary_term":null,"canonical_url":null,"og_title":null,"og_description":null,"og_object_type":"default","og_image_type":"default","og_image_url":null,"og_image_width":null,"og_image_height":null,"og_image_custom_url":null,"og_image_custom_fields":null,"og_video":"","og_custom_url":null,"og_article_section":null,"og_article_tags":null,"twitter_use_og":false,"twitter_card":"default","twitter_image_type":"default","twitter_image_url":null,"twitter_image_custom_url":null,"twitter_image_custom_fields":null,"twitter_title":null,"twitter_description":null,"schema":{"blockGraphs":[],"customGraphs":[],"default":{"data":{"Article":[],"Course":[],"Dataset":[],"FAQPage":[],"Movie":[],"Person":[],"Product":[],"ProductReview":[],"Car":[],"Recipe":[],"Service":[],"SoftwareApplication":[],"WebPage":[]},"graphName":"BlogPosting","isEnabled":true},"graphs":[]},"schema_type":"default","schema_type_options":null,"pillar_content":false,"robots_default":true,"robots_noindex":false,"robots_noarchive":false,"robots_nosnippet":false,"robots_nofollow":false,"robots_noimageindex":false,"robots_noodp":false,"robots_notranslate":false,"robots_max_snippet":"-1","robots_max_videopreview":"-1","robots_max_imagepreview":"large","priority":null,"frequency":"default","local_seo":null,"breadcrumb_settings":null,"limit_modified_date":false,"ai":{"faqs":[],"keyPoints":[],"titles":[],"descriptions":[],"socialPosts":{"email":[],"linkedin":[],"twitter":[],"facebook":[],"instagram":[]}},"created":"2026-03-06 09:47:38","updated":"2026-03-11 15:30:42","seo_analyzer_scan_date":null,"focus_keyword":null,"additional_keywords":null,"truseo_locale":null},"aioseo_breadcrumb":"<div class=\"aioseo-breadcrumbs\"><span class=\"aioseo-breadcrumb\">\n\t\t\t<a href=\"https:\/\/www.immo-invest.ch\/fr\/\" title=\"Home\">Home<\/a>\n\t\t<\/span><span class=\"aioseo-breadcrumb-separator\">&raquo;<\/span><span class=\"aioseo-breadcrumb\">\n\t\t\t<a href=\"https:\/\/www.immo-invest.ch\/fr\/categories\/personnes\/\" title=\"Personnes\">Personnes<\/a>\n\t\t<\/span><span class=\"aioseo-breadcrumb-separator\">&raquo;<\/span><span class=\"aioseo-breadcrumb\">\n\t\t\t<a href=\"https:\/\/www.immo-invest.ch\/fr\/categories\/personnes\/gens\/\" title=\"Gens\">Gens<\/a>\n\t\t<\/span><span class=\"aioseo-breadcrumb-separator\">&raquo;<\/span><span class=\"aioseo-breadcrumb\">\n\t\t\tUn architecte prend la direction op\u00e9rationnelle de l\u2019entreprise\n\t\t<\/span><\/div>","aioseo_breadcrumb_json":[{"label":"Home","link":"https:\/\/www.immo-invest.ch\/fr\/"},{"label":"Personnes","link":"https:\/\/www.immo-invest.ch\/fr\/categories\/personnes\/"},{"label":"Gens","link":"https:\/\/www.immo-invest.ch\/fr\/categories\/personnes\/gens\/"},{"label":"Un architecte prend la direction op\u00e9rationnelle de l&rsquo;entreprise","link":"https:\/\/www.immo-invest.ch\/fr\/architekt-uebernimmt-operative-leitung-im-unternehmen\/"}],"featured_image_src":"https:\/\/www.immo-invest.ch\/wp-content\/uploads\/2026\/02\/banoviag_modern_architecture_studio_interior_with_architects__7c6f97c3-50bc-4f00-a77c-8029938dbc62_2-336x168.png","_links":{"self":[{"href":"https:\/\/www.immo-invest.ch\/fr\/wp-json\/wp\/v2\/posts\/150787","targetHints":{"allow":["GET"]}}],"collection":[{"href":"https:\/\/www.immo-invest.ch\/fr\/wp-json\/wp\/v2\/posts"}],"about":[{"href":"https:\/\/www.immo-invest.ch\/fr\/wp-json\/wp\/v2\/types\/post"}],"author":[{"embeddable":true,"href":"https:\/\/www.immo-invest.ch\/fr\/wp-json\/wp\/v2\/users\/2"}],"replies":[{"embeddable":true,"href":"https:\/\/www.immo-invest.ch\/fr\/wp-json\/wp\/v2\/comments?post=150787"}],"version-history":[{"count":2,"href":"https:\/\/www.immo-invest.ch\/fr\/wp-json\/wp\/v2\/posts\/150787\/revisions"}],"predecessor-version":[{"id":150796,"href":"https:\/\/www.immo-invest.ch\/fr\/wp-json\/wp\/v2\/posts\/150787\/revisions\/150796"}],"wp:featuredmedia":[{"embeddable":true,"href":"https:\/\/www.immo-invest.ch\/fr\/wp-json\/wp\/v2\/media\/150788"}],"wp:attachment":[{"href":"https:\/\/www.immo-invest.ch\/fr\/wp-json\/wp\/v2\/media?parent=150787"}],"wp:term":[{"taxonomy":"category","embeddable":true,"href":"https:\/\/www.immo-invest.ch\/fr\/wp-json\/wp\/v2\/categories?post=150787"},{"taxonomy":"post_tag","embeddable":true,"href":"https:\/\/www.immo-invest.ch\/fr\/wp-json\/wp\/v2\/tags?post=150787"}],"curies":[{"name":"wp","href":"https:\/\/api.w.org\/{rel}","templated":true}]}}