{"id":150769,"date":"2026-03-11T13:30:00","date_gmt":"2026-03-11T12:30:00","guid":{"rendered":"https:\/\/www.immo-invest.ch\/?p=150769"},"modified":"2026-03-06T10:27:45","modified_gmt":"2026-03-06T09:27:45","slug":"dekarbonisierung-setzt-kuenftig-auf-waermepumpen","status":"publish","type":"post","link":"https:\/\/www.immo-invest.ch\/fr\/dekarbonisierung-setzt-kuenftig-auf-waermepumpen\/","title":{"rendered":"La d\u00e9carbonisation mise \u00e0 l&rsquo;avenir sur les pompes \u00e0 chaleur"},"content":{"rendered":"<p class=\"bodytext\">Le <a href=\"https:\/\/www.baspo.admin.ch\/de\/nationales-sportzentrum-magglingen\" target=\"_blank\" rel=\"noopener\">Centre sportif national<\/a> de Macolin ne sera finalement pas chauff&eacute; &agrave; l&rsquo;aide de la chaleur provenant des profondeurs du sous-sol. Selon un communiqu&eacute;, l&rsquo;Office f&eacute;d&eacute;ral des constructions et de la logistique (<a href=\"https:\/\/www.bbl.admin.ch\/\" target=\"_blank\" rel=\"noopener\">OFCL<\/a>) a d&eacute;cid&eacute; d&rsquo;abandonner le projet. Le sous-sol s&rsquo;est av&eacute;r&eacute; trop complexe. Les forages profonds auraient donc entra&icirc;n&eacute; des co&ucirc;ts plus &eacute;lev&eacute;s que pr&eacute;vu.<\/p>\n<p class=\"bodytext\">L&rsquo;OFCL a lanc&eacute; le <a href=\"https:\/\/www.waermeverbund-baspo-magglingen.ch\/\" target=\"_blank\" rel=\"noopener\">projet g&eacute;othermique<\/a> en 2018. Des &eacute;tudes avaient montr&eacute; en 2023 un potentiel pour l&rsquo;eau chaude &agrave; une profondeur de 1500 &agrave; 2000 m&egrave;tres. L&rsquo;exploitation de ce potentiel &eacute;tait d&eacute;j&agrave; pr&eacute;vue pour 2029.<\/p>\n<p class=\"bodytext\">L&rsquo;OFCL maintient toutefois son intention de d&eacute;carboner l&rsquo;approvisionnement en chaleur du centre sportif. Pour ce faire, il souhaite recourir &agrave; la g&eacute;othermie plus proche de la surface et &agrave; des pompes &agrave; chaleur. Celles-ci devraient remplacer le gaz naturel et les granul&eacute;s de bois comme principales sources de chaleur. Toutefois, cela ne devrait &ecirc;tre possible qu&rsquo;en 2031 au plus t&ocirc;t, selon le communiqu&eacute;.<\/p>\n","protected":false},"excerpt":{"rendered":"<p>L&rsquo;Office f\u00e9d\u00e9ral des constructions et de la logistique suspend le projet pr\u00e9vu d&rsquo;utilisation de la g\u00e9othermie profonde pour le Centre sportif national de Macolin. Les co\u00fbts des forages profonds sont plus \u00e9lev\u00e9s que pr\u00e9vu. \u00c0 la place, on utilisera la g\u00e9othermie plus proche de la surface et des pompes \u00e0 chaleur.<\/p>\n","protected":false},"author":2,"featured_media":150770,"comment_status":"open","ping_status":"open","sticky":false,"template":"","format":"standard","meta":{"pmpro_default_level":"","inline_featured_image":false,"_monsterinsights_skip_tracking":false,"footnotes":""},"categories":[22699,8747,743,56027],"tags":[57619,4293,872,3931,2002],"class_list":["post-150769","post","type-post","status-publish","format-standard","has-post-thumbnail","hentry","category-durabilite","category-energie","category-immonews-fr","category-planification-developpement","tag-energieversorgung-gebaeude","tag-geothermie-fr","tag-immoinvest-fr","tag-immonews-fr","tag-news-fr","pmpro-has-access"],"acf":{"bild_mit_ki_erstellt_worden":["Ja"],"lead":"L'Office f\u00e9d\u00e9ral des constructions et de la logistique suspend le projet pr\u00e9vu d'utilisation de la g\u00e9othermie profonde pour le Centre sportif national de Macolin. Les co\u00fbts des forages profonds sont plus \u00e9lev\u00e9s que pr\u00e9vu. \u00c0 la place, on utilisera la g\u00e9othermie plus proche de la surface et des pompes \u00e0 chaleur.","autor":"ce\/ug","ort":"Magglingen BE","bildunterschrift":"","bild_im_grid":false,"gallerie":"","newsim":""},"aioseo_notices":[],"aioseo_head":"\n\t\t<!-- All in One SEO 5.0.0.1 - aioseo.com -->\n\t<meta name=\"description\" content=\"L&#039;Office f\u00e9d\u00e9ral des constructions et de la logistique suspend le projet pr\u00e9vu d&#039;utilisation de la g\u00e9othermie profonde pour le Centre sportif national de Macolin. Les co\u00fbts des forages profonds sont plus \u00e9lev\u00e9s que pr\u00e9vu. \u00c0 la place, on utilisera la g\u00e9othermie plus proche de la surface et des pompes \u00e0 chaleur.\" \/>\n\t<meta name=\"robots\" content=\"max-image-preview:large\" \/>\n\t<meta name=\"author\" content=\"immovestuser\"\/>\n\t<meta name=\"google-site-verification\" content=\"fHJKvgWpZCR2zVBHWfkQeFXC11qieUSff0HGNYfuyLA\" \/>\n\t<link rel=\"canonical\" href=\"https:\/\/www.immo-invest.ch\/fr\/dekarbonisierung-setzt-kuenftig-auf-waermepumpen\/\" \/>\n\t<meta name=\"generator\" content=\"All in One SEO (AIOSEO) 5.0.0.1\" \/>\n\t\t<meta property=\"og:locale\" content=\"fr_FR\" \/>\n\t\t<meta property=\"og:site_name\" content=\"immo!nvest - Die Plattform f\u00fcr Standorte und Immobilien - Die\u00a0Plattform f\u00fcr Standorte und Immobilien\" \/>\n\t\t<meta property=\"og:type\" content=\"article\" \/>\n\t\t<meta property=\"og:title\" content=\"La d\u00e9carbonisation mise \u00e0 l\u2019avenir sur les pompes \u00e0 chaleur - immo!nvest - Die Plattform f\u00fcr Standorte und Immobilien\" \/>\n\t\t<meta property=\"og:description\" content=\"L&#039;Office f\u00e9d\u00e9ral des constructions et de la logistique suspend le projet pr\u00e9vu d&#039;utilisation de la g\u00e9othermie profonde pour le Centre sportif national de Macolin. Les co\u00fbts des forages profonds sont plus \u00e9lev\u00e9s que pr\u00e9vu. \u00c0 la place, on utilisera la g\u00e9othermie plus proche de la surface et des pompes \u00e0 chaleur.\" \/>\n\t\t<meta property=\"og:url\" content=\"https:\/\/www.immo-invest.ch\/fr\/dekarbonisierung-setzt-kuenftig-auf-waermepumpen\/\" \/>\n\t\t<meta property=\"og:image\" content=\"https:\/\/www.immo-invest.ch\/wp-content\/uploads\/2026\/02\/banoviag_modern_sports_training_center_complex_in_alpine_Swis_a67eacad-b1d3-4a5c-ba98-53302db90347_1.png\" \/>\n\t\t<meta property=\"og:image:secure_url\" content=\"https:\/\/www.immo-invest.ch\/wp-content\/uploads\/2026\/02\/banoviag_modern_sports_training_center_complex_in_alpine_Swis_a67eacad-b1d3-4a5c-ba98-53302db90347_1.png\" \/>\n\t\t<meta property=\"og:image:width\" content=\"1536\" \/>\n\t\t<meta property=\"og:image:height\" content=\"768\" \/>\n\t\t<meta property=\"article:published_time\" content=\"2026-03-11T12:30:00+00:00\" \/>\n\t\t<meta property=\"article:modified_time\" content=\"2026-03-06T09:27:45+00:00\" \/>\n\t\t<meta property=\"article:publisher\" content=\"https:\/\/www.facebook.com\/people\/Immoinvest\/100077962920504\/\" \/>\n\t\t<meta name=\"twitter:card\" content=\"summary_large_image\" \/>\n\t\t<meta name=\"twitter:site\" content=\"@i\" \/>\n\t\t<meta name=\"twitter:title\" content=\"La d\u00e9carbonisation mise \u00e0 l\u2019avenir sur les pompes \u00e0 chaleur - immo!nvest - Die Plattform f\u00fcr Standorte und Immobilien\" \/>\n\t\t<meta name=\"twitter:description\" content=\"L&#039;Office f\u00e9d\u00e9ral des constructions et de la logistique suspend le projet pr\u00e9vu d&#039;utilisation de la g\u00e9othermie profonde pour le Centre sportif national de Macolin. Les co\u00fbts des forages profonds sont plus \u00e9lev\u00e9s que pr\u00e9vu. \u00c0 la place, on utilisera la g\u00e9othermie plus proche de la surface et des pompes \u00e0 chaleur.\" \/>\n\t\t<meta name=\"twitter:creator\" content=\"@i\" \/>\n\t\t<meta name=\"twitter:image\" content=\"https:\/\/www.immo-invest.ch\/wp-content\/uploads\/2026\/02\/banoviag_modern_sports_training_center_complex_in_alpine_Swis_a67eacad-b1d3-4a5c-ba98-53302db90347_1.png\" \/>\n\t\t<script type=\"application\/ld+json\" class=\"aioseo-schema\">\n\t\t\t{\"@context\":\"https:\\\/\\\/schema.org\",\"@graph\":[{\"@type\":\"BlogPosting\",\"@id\":\"https:\\\/\\\/www.immo-invest.ch\\\/fr\\\/dekarbonisierung-setzt-kuenftig-auf-waermepumpen\\\/#blogposting\",\"name\":\"La d\\u00e9carbonisation mise \\u00e0 l\\u2019avenir sur les pompes \\u00e0 chaleur - immo!nvest - Die Plattform f\\u00fcr Standorte und Immobilien\",\"headline\":\"La d\\u00e9carbonisation mise \\u00e0 l&rsquo;avenir sur les pompes \\u00e0 chaleur\",\"author\":{\"@id\":\"https:\\\/\\\/www.immo-invest.ch\\\/fr\\\/author\\\/immovestuser\\\/#author\"},\"publisher\":{\"@id\":\"https:\\\/\\\/www.immo-invest.ch\\\/fr\\\/#organization\"},\"image\":{\"@type\":\"ImageObject\",\"url\":\"https:\\\/\\\/www.immo-invest.ch\\\/wp-content\\\/uploads\\\/2026\\\/02\\\/banoviag_modern_sports_training_center_complex_in_alpine_Swis_a67eacad-b1d3-4a5c-ba98-53302db90347_1.png\",\"width\":1536,\"height\":768},\"datePublished\":\"2026-03-11T13:30:00+01:00\",\"dateModified\":\"2026-03-06T10:27:45+01:00\",\"inLanguage\":\"fr-FR\",\"mainEntityOfPage\":{\"@id\":\"https:\\\/\\\/www.immo-invest.ch\\\/fr\\\/dekarbonisierung-setzt-kuenftig-auf-waermepumpen\\\/#webpage\"},\"isPartOf\":{\"@id\":\"https:\\\/\\\/www.immo-invest.ch\\\/fr\\\/dekarbonisierung-setzt-kuenftig-auf-waermepumpen\\\/#webpage\"},\"articleSection\":\"Durabilit\\u00e9, \\u00c9nergie, immoNews, Planification \\\/ D\\u00e9veloppement, Energieversorgung Gebaeude, Geothermie, Immoinvest, immoNews, News, Facultatif\"},{\"@type\":\"BreadcrumbList\",\"@id\":\"https:\\\/\\\/www.immo-invest.ch\\\/fr\\\/dekarbonisierung-setzt-kuenftig-auf-waermepumpen\\\/#breadcrumblist\",\"itemListElement\":[{\"@type\":\"ListItem\",\"@id\":\"https:\\\/\\\/www.immo-invest.ch\\\/fr\\\/#listItem\",\"position\":1,\"name\":\"Home\",\"item\":\"https:\\\/\\\/www.immo-invest.ch\\\/fr\\\/\",\"nextItem\":{\"@type\":\"ListItem\",\"@id\":\"https:\\\/\\\/www.immo-invest.ch\\\/fr\\\/categories\\\/trends-fr\\\/#listItem\",\"name\":\"Trends\"}},{\"@type\":\"ListItem\",\"@id\":\"https:\\\/\\\/www.immo-invest.ch\\\/fr\\\/categories\\\/trends-fr\\\/#listItem\",\"position\":2,\"name\":\"Trends\",\"item\":\"https:\\\/\\\/www.immo-invest.ch\\\/fr\\\/categories\\\/trends-fr\\\/\",\"nextItem\":{\"@type\":\"ListItem\",\"@id\":\"https:\\\/\\\/www.immo-invest.ch\\\/fr\\\/categories\\\/trends-fr\\\/durabilite\\\/#listItem\",\"name\":\"Durabilit\\u00e9\"},\"previousItem\":{\"@type\":\"ListItem\",\"@id\":\"https:\\\/\\\/www.immo-invest.ch\\\/fr\\\/#listItem\",\"name\":\"Home\"}},{\"@type\":\"ListItem\",\"@id\":\"https:\\\/\\\/www.immo-invest.ch\\\/fr\\\/categories\\\/trends-fr\\\/durabilite\\\/#listItem\",\"position\":3,\"name\":\"Durabilit\\u00e9\",\"item\":\"https:\\\/\\\/www.immo-invest.ch\\\/fr\\\/categories\\\/trends-fr\\\/durabilite\\\/\",\"nextItem\":{\"@type\":\"ListItem\",\"@id\":\"https:\\\/\\\/www.immo-invest.ch\\\/fr\\\/dekarbonisierung-setzt-kuenftig-auf-waermepumpen\\\/#listItem\",\"name\":\"La d\\u00e9carbonisation mise \\u00e0 l&rsquo;avenir sur les pompes \\u00e0 chaleur\"},\"previousItem\":{\"@type\":\"ListItem\",\"@id\":\"https:\\\/\\\/www.immo-invest.ch\\\/fr\\\/categories\\\/trends-fr\\\/#listItem\",\"name\":\"Trends\"}},{\"@type\":\"ListItem\",\"@id\":\"https:\\\/\\\/www.immo-invest.ch\\\/fr\\\/dekarbonisierung-setzt-kuenftig-auf-waermepumpen\\\/#listItem\",\"position\":4,\"name\":\"La d\\u00e9carbonisation mise \\u00e0 l&rsquo;avenir sur les pompes \\u00e0 chaleur\",\"previousItem\":{\"@type\":\"ListItem\",\"@id\":\"https:\\\/\\\/www.immo-invest.ch\\\/fr\\\/categories\\\/trends-fr\\\/durabilite\\\/#listItem\",\"name\":\"Durabilit\\u00e9\"}}]},{\"@type\":\"Organization\",\"@id\":\"https:\\\/\\\/www.immo-invest.ch\\\/fr\\\/#organization\",\"name\":\"immo!nvest - Die Plattform f\\u00fcr Standorte und Immobilien\",\"description\":\"Die\\u00a0Plattform f\\u00fcr Standorte und Immobilien\",\"url\":\"https:\\\/\\\/www.immo-invest.ch\\\/fr\\\/\",\"email\":\"admin@immomedia.ag\",\"telephone\":\"+41444420002\",\"logo\":{\"@type\":\"ImageObject\",\"url\":\"https:\\\/\\\/www.immo-invest.ch\\\/wp-content\\\/uploads\\\/2024\\\/09\\\/immoinvest_sm-scaled.jpg\",\"@id\":\"https:\\\/\\\/www.immo-invest.ch\\\/fr\\\/dekarbonisierung-setzt-kuenftig-auf-waermepumpen\\\/#organizationLogo\",\"width\":2560,\"height\":1340},\"image\":{\"@id\":\"https:\\\/\\\/www.immo-invest.ch\\\/fr\\\/dekarbonisierung-setzt-kuenftig-auf-waermepumpen\\\/#organizationLogo\"},\"sameAs\":[\"https:\\\/\\\/www.facebook.com\\\/people\\\/Immoinvest\\\/100077962920504\\\/\",\"https:\\\/\\\/x.com\\\/i\\\/flow\\\/login?redirect_after_login=immoinvest_ch\",\"https:\\\/\\\/www.instagram.com\\\/immoinvest_ch\\\/\",\"https:\\\/\\\/www.linkedin.com\\\/company\\\/immoinvest-swiss\"]},{\"@type\":\"Person\",\"@id\":\"https:\\\/\\\/www.immo-invest.ch\\\/fr\\\/author\\\/immovestuser\\\/#author\",\"url\":\"https:\\\/\\\/www.immo-invest.ch\\\/fr\\\/author\\\/immovestuser\\\/\",\"name\":\"immovestuser\",\"image\":{\"@type\":\"ImageObject\",\"@id\":\"https:\\\/\\\/www.immo-invest.ch\\\/fr\\\/dekarbonisierung-setzt-kuenftig-auf-waermepumpen\\\/#authorImage\",\"url\":\"https:\\\/\\\/secure.gravatar.com\\\/avatar\\\/8e01f4d99f2eeea7a362ebb93305e1172a70e9293ba250f897a65c39f54cdd1e?s=96&d=mm&r=g\",\"width\":96,\"height\":96,\"caption\":\"immovestuser\"}},{\"@type\":\"WebPage\",\"@id\":\"https:\\\/\\\/www.immo-invest.ch\\\/fr\\\/dekarbonisierung-setzt-kuenftig-auf-waermepumpen\\\/#webpage\",\"url\":\"https:\\\/\\\/www.immo-invest.ch\\\/fr\\\/dekarbonisierung-setzt-kuenftig-auf-waermepumpen\\\/\",\"name\":\"La d\\u00e9carbonisation mise \\u00e0 l\\u2019avenir sur les pompes \\u00e0 chaleur - immo!nvest - Die Plattform f\\u00fcr Standorte und Immobilien\",\"description\":\"L'Office f\\u00e9d\\u00e9ral des constructions et de la logistique suspend le projet pr\\u00e9vu d'utilisation de la g\\u00e9othermie profonde pour le Centre sportif national de Macolin. Les co\\u00fbts des forages profonds sont plus \\u00e9lev\\u00e9s que pr\\u00e9vu. \\u00c0 la place, on utilisera la g\\u00e9othermie plus proche de la surface et des pompes \\u00e0 chaleur.\",\"inLanguage\":\"fr-FR\",\"isPartOf\":{\"@id\":\"https:\\\/\\\/www.immo-invest.ch\\\/fr\\\/#website\"},\"breadcrumb\":{\"@id\":\"https:\\\/\\\/www.immo-invest.ch\\\/fr\\\/dekarbonisierung-setzt-kuenftig-auf-waermepumpen\\\/#breadcrumblist\"},\"author\":{\"@id\":\"https:\\\/\\\/www.immo-invest.ch\\\/fr\\\/author\\\/immovestuser\\\/#author\"},\"creator\":{\"@id\":\"https:\\\/\\\/www.immo-invest.ch\\\/fr\\\/author\\\/immovestuser\\\/#author\"},\"image\":{\"@type\":\"ImageObject\",\"url\":\"https:\\\/\\\/www.immo-invest.ch\\\/wp-content\\\/uploads\\\/2026\\\/02\\\/banoviag_modern_sports_training_center_complex_in_alpine_Swis_a67eacad-b1d3-4a5c-ba98-53302db90347_1.png\",\"@id\":\"https:\\\/\\\/www.immo-invest.ch\\\/fr\\\/dekarbonisierung-setzt-kuenftig-auf-waermepumpen\\\/#mainImage\",\"width\":1536,\"height\":768},\"primaryImageOfPage\":{\"@id\":\"https:\\\/\\\/www.immo-invest.ch\\\/fr\\\/dekarbonisierung-setzt-kuenftig-auf-waermepumpen\\\/#mainImage\"},\"datePublished\":\"2026-03-11T13:30:00+01:00\",\"dateModified\":\"2026-03-06T10:27:45+01:00\"},{\"@type\":\"WebSite\",\"@id\":\"https:\\\/\\\/www.immo-invest.ch\\\/fr\\\/#website\",\"url\":\"https:\\\/\\\/www.immo-invest.ch\\\/fr\\\/\",\"name\":\"immo!nvest - Die Plattform f\\u00fcr Standorte und Immobilien\",\"description\":\"Die\\u00a0Plattform f\\u00fcr Standorte und Immobilien\",\"inLanguage\":\"fr-FR\",\"publisher\":{\"@id\":\"https:\\\/\\\/www.immo-invest.ch\\\/fr\\\/#organization\"}}]}\n\t\t<\/script>\n\t\t<!-- All in One SEO -->\n\n","aioseo_head_json":{"title":"La d\u00e9carbonisation mise \u00e0 l\u2019avenir sur les pompes \u00e0 chaleur - immo!nvest - Die Plattform f\u00fcr Standorte und Immobilien","description":"L'Office f\u00e9d\u00e9ral des constructions et de la logistique suspend le projet pr\u00e9vu d'utilisation de la g\u00e9othermie profonde pour le Centre sportif national de Macolin. Les co\u00fbts des forages profonds sont plus \u00e9lev\u00e9s que pr\u00e9vu. \u00c0 la place, on utilisera la g\u00e9othermie plus proche de la surface et des pompes \u00e0 chaleur.","canonical_url":"https:\/\/www.immo-invest.ch\/fr\/dekarbonisierung-setzt-kuenftig-auf-waermepumpen\/","robots":"max-image-preview:large","keywords":"","webmasterTools":{"google-site-verification":"fHJKvgWpZCR2zVBHWfkQeFXC11qieUSff0HGNYfuyLA","miscellaneous":""},"schema":{"@context":"https:\/\/schema.org","@graph":[{"@type":"BlogPosting","@id":"https:\/\/www.immo-invest.ch\/fr\/dekarbonisierung-setzt-kuenftig-auf-waermepumpen\/#blogposting","name":"La d\u00e9carbonisation mise \u00e0 l\u2019avenir sur les pompes \u00e0 chaleur - immo!nvest - Die Plattform f\u00fcr Standorte und Immobilien","headline":"La d\u00e9carbonisation mise \u00e0 l&rsquo;avenir sur les pompes \u00e0 chaleur","author":{"@id":"https:\/\/www.immo-invest.ch\/fr\/author\/immovestuser\/#author"},"publisher":{"@id":"https:\/\/www.immo-invest.ch\/fr\/#organization"},"image":{"@type":"ImageObject","url":"https:\/\/www.immo-invest.ch\/wp-content\/uploads\/2026\/02\/banoviag_modern_sports_training_center_complex_in_alpine_Swis_a67eacad-b1d3-4a5c-ba98-53302db90347_1.png","width":1536,"height":768},"datePublished":"2026-03-11T13:30:00+01:00","dateModified":"2026-03-06T10:27:45+01:00","inLanguage":"fr-FR","mainEntityOfPage":{"@id":"https:\/\/www.immo-invest.ch\/fr\/dekarbonisierung-setzt-kuenftig-auf-waermepumpen\/#webpage"},"isPartOf":{"@id":"https:\/\/www.immo-invest.ch\/fr\/dekarbonisierung-setzt-kuenftig-auf-waermepumpen\/#webpage"},"articleSection":"Durabilit\u00e9, \u00c9nergie, immoNews, Planification \/ D\u00e9veloppement, Energieversorgung Gebaeude, Geothermie, Immoinvest, immoNews, News, Facultatif"},{"@type":"BreadcrumbList","@id":"https:\/\/www.immo-invest.ch\/fr\/dekarbonisierung-setzt-kuenftig-auf-waermepumpen\/#breadcrumblist","itemListElement":[{"@type":"ListItem","@id":"https:\/\/www.immo-invest.ch\/fr\/#listItem","position":1,"name":"Home","item":"https:\/\/www.immo-invest.ch\/fr\/","nextItem":{"@type":"ListItem","@id":"https:\/\/www.immo-invest.ch\/fr\/categories\/trends-fr\/#listItem","name":"Trends"}},{"@type":"ListItem","@id":"https:\/\/www.immo-invest.ch\/fr\/categories\/trends-fr\/#listItem","position":2,"name":"Trends","item":"https:\/\/www.immo-invest.ch\/fr\/categories\/trends-fr\/","nextItem":{"@type":"ListItem","@id":"https:\/\/www.immo-invest.ch\/fr\/categories\/trends-fr\/durabilite\/#listItem","name":"Durabilit\u00e9"},"previousItem":{"@type":"ListItem","@id":"https:\/\/www.immo-invest.ch\/fr\/#listItem","name":"Home"}},{"@type":"ListItem","@id":"https:\/\/www.immo-invest.ch\/fr\/categories\/trends-fr\/durabilite\/#listItem","position":3,"name":"Durabilit\u00e9","item":"https:\/\/www.immo-invest.ch\/fr\/categories\/trends-fr\/durabilite\/","nextItem":{"@type":"ListItem","@id":"https:\/\/www.immo-invest.ch\/fr\/dekarbonisierung-setzt-kuenftig-auf-waermepumpen\/#listItem","name":"La d\u00e9carbonisation mise \u00e0 l&rsquo;avenir sur les pompes \u00e0 chaleur"},"previousItem":{"@type":"ListItem","@id":"https:\/\/www.immo-invest.ch\/fr\/categories\/trends-fr\/#listItem","name":"Trends"}},{"@type":"ListItem","@id":"https:\/\/www.immo-invest.ch\/fr\/dekarbonisierung-setzt-kuenftig-auf-waermepumpen\/#listItem","position":4,"name":"La d\u00e9carbonisation mise \u00e0 l&rsquo;avenir sur les pompes \u00e0 chaleur","previousItem":{"@type":"ListItem","@id":"https:\/\/www.immo-invest.ch\/fr\/categories\/trends-fr\/durabilite\/#listItem","name":"Durabilit\u00e9"}}]},{"@type":"Organization","@id":"https:\/\/www.immo-invest.ch\/fr\/#organization","name":"immo!nvest - Die Plattform f\u00fcr Standorte und Immobilien","description":"Die\u00a0Plattform f\u00fcr Standorte und Immobilien","url":"https:\/\/www.immo-invest.ch\/fr\/","email":"admin@immomedia.ag","telephone":"+41444420002","logo":{"@type":"ImageObject","url":"https:\/\/www.immo-invest.ch\/wp-content\/uploads\/2024\/09\/immoinvest_sm-scaled.jpg","@id":"https:\/\/www.immo-invest.ch\/fr\/dekarbonisierung-setzt-kuenftig-auf-waermepumpen\/#organizationLogo","width":2560,"height":1340},"image":{"@id":"https:\/\/www.immo-invest.ch\/fr\/dekarbonisierung-setzt-kuenftig-auf-waermepumpen\/#organizationLogo"},"sameAs":["https:\/\/www.facebook.com\/people\/Immoinvest\/100077962920504\/","https:\/\/x.com\/i\/flow\/login?redirect_after_login=immoinvest_ch","https:\/\/www.instagram.com\/immoinvest_ch\/","https:\/\/www.linkedin.com\/company\/immoinvest-swiss"]},{"@type":"Person","@id":"https:\/\/www.immo-invest.ch\/fr\/author\/immovestuser\/#author","url":"https:\/\/www.immo-invest.ch\/fr\/author\/immovestuser\/","name":"immovestuser","image":{"@type":"ImageObject","@id":"https:\/\/www.immo-invest.ch\/fr\/dekarbonisierung-setzt-kuenftig-auf-waermepumpen\/#authorImage","url":"https:\/\/secure.gravatar.com\/avatar\/8e01f4d99f2eeea7a362ebb93305e1172a70e9293ba250f897a65c39f54cdd1e?s=96&d=mm&r=g","width":96,"height":96,"caption":"immovestuser"}},{"@type":"WebPage","@id":"https:\/\/www.immo-invest.ch\/fr\/dekarbonisierung-setzt-kuenftig-auf-waermepumpen\/#webpage","url":"https:\/\/www.immo-invest.ch\/fr\/dekarbonisierung-setzt-kuenftig-auf-waermepumpen\/","name":"La d\u00e9carbonisation mise \u00e0 l\u2019avenir sur les pompes \u00e0 chaleur - immo!nvest - Die Plattform f\u00fcr Standorte und Immobilien","description":"L'Office f\u00e9d\u00e9ral des constructions et de la logistique suspend le projet pr\u00e9vu d'utilisation de la g\u00e9othermie profonde pour le Centre sportif national de Macolin. Les co\u00fbts des forages profonds sont plus \u00e9lev\u00e9s que pr\u00e9vu. \u00c0 la place, on utilisera la g\u00e9othermie plus proche de la surface et des pompes \u00e0 chaleur.","inLanguage":"fr-FR","isPartOf":{"@id":"https:\/\/www.immo-invest.ch\/fr\/#website"},"breadcrumb":{"@id":"https:\/\/www.immo-invest.ch\/fr\/dekarbonisierung-setzt-kuenftig-auf-waermepumpen\/#breadcrumblist"},"author":{"@id":"https:\/\/www.immo-invest.ch\/fr\/author\/immovestuser\/#author"},"creator":{"@id":"https:\/\/www.immo-invest.ch\/fr\/author\/immovestuser\/#author"},"image":{"@type":"ImageObject","url":"https:\/\/www.immo-invest.ch\/wp-content\/uploads\/2026\/02\/banoviag_modern_sports_training_center_complex_in_alpine_Swis_a67eacad-b1d3-4a5c-ba98-53302db90347_1.png","@id":"https:\/\/www.immo-invest.ch\/fr\/dekarbonisierung-setzt-kuenftig-auf-waermepumpen\/#mainImage","width":1536,"height":768},"primaryImageOfPage":{"@id":"https:\/\/www.immo-invest.ch\/fr\/dekarbonisierung-setzt-kuenftig-auf-waermepumpen\/#mainImage"},"datePublished":"2026-03-11T13:30:00+01:00","dateModified":"2026-03-06T10:27:45+01:00"},{"@type":"WebSite","@id":"https:\/\/www.immo-invest.ch\/fr\/#website","url":"https:\/\/www.immo-invest.ch\/fr\/","name":"immo!nvest - Die Plattform f\u00fcr Standorte und Immobilien","description":"Die\u00a0Plattform f\u00fcr Standorte und Immobilien","inLanguage":"fr-FR","publisher":{"@id":"https:\/\/www.immo-invest.ch\/fr\/#organization"}}]},"og:locale":"fr_FR","og:site_name":"immo!nvest - Die Plattform f\u00fcr Standorte und Immobilien - Die\u00a0Plattform f\u00fcr Standorte und Immobilien","og:type":"article","og:title":"La d\u00e9carbonisation mise \u00e0 l\u2019avenir sur les pompes \u00e0 chaleur - immo!nvest - Die Plattform f\u00fcr Standorte und Immobilien","og:description":"L'Office f\u00e9d\u00e9ral des constructions et de la logistique suspend le projet pr\u00e9vu d'utilisation de la g\u00e9othermie profonde pour le Centre sportif national de Macolin. Les co\u00fbts des forages profonds sont plus \u00e9lev\u00e9s que pr\u00e9vu. \u00c0 la place, on utilisera la g\u00e9othermie plus proche de la surface et des pompes \u00e0 chaleur.","og:url":"https:\/\/www.immo-invest.ch\/fr\/dekarbonisierung-setzt-kuenftig-auf-waermepumpen\/","og:image":"https:\/\/www.immo-invest.ch\/wp-content\/uploads\/2026\/02\/banoviag_modern_sports_training_center_complex_in_alpine_Swis_a67eacad-b1d3-4a5c-ba98-53302db90347_1.png","og:image:secure_url":"https:\/\/www.immo-invest.ch\/wp-content\/uploads\/2026\/02\/banoviag_modern_sports_training_center_complex_in_alpine_Swis_a67eacad-b1d3-4a5c-ba98-53302db90347_1.png","og:image:width":1536,"og:image:height":768,"article:published_time":"2026-03-11T12:30:00+00:00","article:modified_time":"2026-03-06T09:27:45+00:00","article:publisher":"https:\/\/www.facebook.com\/people\/Immoinvest\/100077962920504\/","twitter:card":"summary_large_image","twitter:site":"@i","twitter:title":"La d\u00e9carbonisation mise \u00e0 l\u2019avenir sur les pompes \u00e0 chaleur - immo!nvest - Die Plattform f\u00fcr Standorte und Immobilien","twitter:description":"L'Office f\u00e9d\u00e9ral des constructions et de la logistique suspend le projet pr\u00e9vu d'utilisation de la g\u00e9othermie profonde pour le Centre sportif national de Macolin. Les co\u00fbts des forages profonds sont plus \u00e9lev\u00e9s que pr\u00e9vu. \u00c0 la place, on utilisera la g\u00e9othermie plus proche de la surface et des pompes \u00e0 chaleur.","twitter:creator":"@i","twitter:image":"https:\/\/www.immo-invest.ch\/wp-content\/uploads\/2026\/02\/banoviag_modern_sports_training_center_complex_in_alpine_Swis_a67eacad-b1d3-4a5c-ba98-53302db90347_1.png"},"aioseo_meta_data":{"post_id":"150769","title":null,"description":null,"keywords":null,"keyphrases":{"focus":{"keyphrase":"","score":0,"analysis":{"keyphraseInTitle":{"score":0,"maxScore":9,"error":1}}},"additional":[]},"primary_term":null,"canonical_url":null,"og_title":null,"og_description":null,"og_object_type":"default","og_image_type":"default","og_image_url":null,"og_image_width":null,"og_image_height":null,"og_image_custom_url":null,"og_image_custom_fields":null,"og_video":"","og_custom_url":null,"og_article_section":null,"og_article_tags":null,"twitter_use_og":false,"twitter_card":"default","twitter_image_type":"default","twitter_image_url":null,"twitter_image_custom_url":null,"twitter_image_custom_fields":null,"twitter_title":null,"twitter_description":null,"schema":{"blockGraphs":[],"customGraphs":[],"default":{"data":{"Article":[],"Course":[],"Dataset":[],"FAQPage":[],"Movie":[],"Person":[],"Product":[],"ProductReview":[],"Car":[],"Recipe":[],"Service":[],"SoftwareApplication":[],"WebPage":[]},"graphName":"BlogPosting","isEnabled":true},"graphs":[]},"schema_type":"default","schema_type_options":null,"pillar_content":false,"robots_default":true,"robots_noindex":false,"robots_noarchive":false,"robots_nosnippet":false,"robots_nofollow":false,"robots_noimageindex":false,"robots_noodp":false,"robots_notranslate":false,"robots_max_snippet":"-1","robots_max_videopreview":"-1","robots_max_imagepreview":"large","priority":null,"frequency":"default","local_seo":null,"breadcrumb_settings":null,"limit_modified_date":false,"ai":{"faqs":[],"keyPoints":[],"titles":[],"descriptions":[],"socialPosts":{"email":[],"linkedin":[],"twitter":[],"facebook":[],"instagram":[]}},"created":"2026-03-06 09:27:46","updated":"2026-03-11 12:55:02","seo_analyzer_scan_date":null,"focus_keyword":null,"additional_keywords":null,"truseo_locale":null},"aioseo_breadcrumb":"<div class=\"aioseo-breadcrumbs\"><span class=\"aioseo-breadcrumb\">\n\t\t\t<a href=\"https:\/\/www.immo-invest.ch\/fr\/\" title=\"Home\">Home<\/a>\n\t\t<\/span><span class=\"aioseo-breadcrumb-separator\">&raquo;<\/span><span class=\"aioseo-breadcrumb\">\n\t\t\t<a href=\"https:\/\/www.immo-invest.ch\/fr\/categories\/trends-fr\/\" title=\"Trends\">Trends<\/a>\n\t\t<\/span><span class=\"aioseo-breadcrumb-separator\">&raquo;<\/span><span class=\"aioseo-breadcrumb\">\n\t\t\t<a href=\"https:\/\/www.immo-invest.ch\/fr\/categories\/trends-fr\/durabilite\/\" title=\"Durabilit\u00e9\">Durabilit\u00e9<\/a>\n\t\t<\/span><span class=\"aioseo-breadcrumb-separator\">&raquo;<\/span><span class=\"aioseo-breadcrumb\">\n\t\t\tLa d\u00e9carbonisation mise \u00e0 l\u2019avenir sur les pompes \u00e0 chaleur\n\t\t<\/span><\/div>","aioseo_breadcrumb_json":[{"label":"Home","link":"https:\/\/www.immo-invest.ch\/fr\/"},{"label":"Trends","link":"https:\/\/www.immo-invest.ch\/fr\/categories\/trends-fr\/"},{"label":"Durabilit\u00e9","link":"https:\/\/www.immo-invest.ch\/fr\/categories\/trends-fr\/durabilite\/"},{"label":"La d\u00e9carbonisation mise \u00e0 l&rsquo;avenir sur les pompes \u00e0 chaleur","link":"https:\/\/www.immo-invest.ch\/fr\/dekarbonisierung-setzt-kuenftig-auf-waermepumpen\/"}],"featured_image_src":"https:\/\/www.immo-invest.ch\/wp-content\/uploads\/2026\/02\/banoviag_modern_sports_training_center_complex_in_alpine_Swis_a67eacad-b1d3-4a5c-ba98-53302db90347_1-336x168.png","_links":{"self":[{"href":"https:\/\/www.immo-invest.ch\/fr\/wp-json\/wp\/v2\/posts\/150769","targetHints":{"allow":["GET"]}}],"collection":[{"href":"https:\/\/www.immo-invest.ch\/fr\/wp-json\/wp\/v2\/posts"}],"about":[{"href":"https:\/\/www.immo-invest.ch\/fr\/wp-json\/wp\/v2\/types\/post"}],"author":[{"embeddable":true,"href":"https:\/\/www.immo-invest.ch\/fr\/wp-json\/wp\/v2\/users\/2"}],"replies":[{"embeddable":true,"href":"https:\/\/www.immo-invest.ch\/fr\/wp-json\/wp\/v2\/comments?post=150769"}],"version-history":[{"count":2,"href":"https:\/\/www.immo-invest.ch\/fr\/wp-json\/wp\/v2\/posts\/150769\/revisions"}],"predecessor-version":[{"id":150777,"href":"https:\/\/www.immo-invest.ch\/fr\/wp-json\/wp\/v2\/posts\/150769\/revisions\/150777"}],"wp:featuredmedia":[{"embeddable":true,"href":"https:\/\/www.immo-invest.ch\/fr\/wp-json\/wp\/v2\/media\/150770"}],"wp:attachment":[{"href":"https:\/\/www.immo-invest.ch\/fr\/wp-json\/wp\/v2\/media?parent=150769"}],"wp:term":[{"taxonomy":"category","embeddable":true,"href":"https:\/\/www.immo-invest.ch\/fr\/wp-json\/wp\/v2\/categories?post=150769"},{"taxonomy":"post_tag","embeddable":true,"href":"https:\/\/www.immo-invest.ch\/fr\/wp-json\/wp\/v2\/tags?post=150769"}],"curies":[{"name":"wp","href":"https:\/\/api.w.org\/{rel}","templated":true}]}}