{"id":150744,"date":"2026-03-11T11:30:00","date_gmt":"2026-03-11T10:30:00","guid":{"rendered":"https:\/\/www.immo-invest.ch\/?p=150744"},"modified":"2026-03-06T10:15:13","modified_gmt":"2026-03-06T09:15:13","slug":"raumplanung-wird-im-unterricht-praxisnah-vermittelt","status":"publish","type":"post","link":"https:\/\/www.immo-invest.ch\/fr\/raumplanung-wird-im-unterricht-praxisnah-vermittelt\/","title":{"rendered":"L&rsquo;am\u00e9nagement du territoire est enseign\u00e9 de mani\u00e8re pratique"},"content":{"rendered":"<p class=\"bodytext\">Les responsables de la planification de <a href=\"https:\/\/www.baden-regio.ch\/\" target=\"_blank\" rel=\"noopener\">Baden Regio<\/a> ont lanc&eacute; &agrave; l&rsquo;automne 2025 un projet d&rsquo;am&eacute;nagement du territoire avec les &eacute;l&egrave;ves de <a href=\"https:\/\/www.kanti-wettingen.ch\/\" target=\"_blank\" rel=\"noopener\">l&rsquo;&eacute;cole cantonale de Wettingen<\/a>. Selon un <a href=\"https:\/\/www.baden-regio.ch\/fileadmin\/downloads\/baden-regio\/Medienmitteilung\/2026-02-24_Medienmitteilung_Zusammenarbeit_mit_Kantonsschule.pdf\" target=\"_blank\" rel=\"noopener\">communiqu&eacute;<\/a>, les planificateurs ont con&ccedil;u trois blocs de cours dans le cadre de la mati&egrave;re principale &laquo; sciences humaines et sociales &raquo;. Ils ont pr&eacute;sent&eacute; des m&eacute;thodes de travail et des outils de planification et expliqu&eacute; les possibilit&eacute;s de participation de la population.<\/p>\n<p class=\"bodytext\">Dans le cadre de projets pratiques, les &eacute;l&egrave;ves ont analys&eacute; l&rsquo;environnement proche de leur &eacute;cole, puis &eacute;labor&eacute; des propositions pour l&rsquo;am&eacute;nagement de la partie ouest de la p&eacute;ninsule du monast&egrave;re. Au cours d&rsquo;autres le&ccedil;ons, les jeunes ont &eacute;tudi&eacute; avec leurs enseignants diff&eacute;rents concepts d&rsquo;habitat, les besoins en mati&egrave;re de logement et leur influence sur le d&eacute;veloppement urbain. L&rsquo;accent a &eacute;t&eacute; mis sur les aspects sociaux.<\/p>\n<p class=\"bodytext\">&laquo; L&rsquo;approche pratique et le savoir-faire approfondi des intervenants de Baden Regio ont ouvert de nouvelles perspectives pr&eacute;cieuses aux &eacute;l&egrave;ves et aux enseignants &raquo;, d&eacute;clare Oliver Schneider, professeur au lyc&eacute;e cantonal de Wettingen, dans le communiqu&eacute;. &laquo; Gr&acirc;ce &agrave; l&rsquo;interaction vivante entre les bases th&eacute;oriques et leur application directe &agrave; un exemple concret, le th&egrave;me de l&rsquo;am&eacute;nagement du territoire a &eacute;t&eacute; pr&eacute;sent&eacute; de mani&egrave;re tangible et claire. Cela a &eacute;veill&eacute; la curiosit&eacute;, favoris&eacute; la r&eacute;flexion en r&eacute;seau et encourag&eacute; les &eacute;l&egrave;ves &agrave; regarder au-del&agrave; des fronti&egrave;res habituelles. &raquo;<\/p>\n<p class=\"bodytext\">Les participants de Baden Regio et le corps enseignant ont constat&eacute; que la cohabitation entre les personnes &eacute;tait particuli&egrave;rement importante pour les &eacute;l&egrave;ves.<\/p>\n","protected":false},"excerpt":{"rendered":"<p>Baden Regio et l&rsquo;\u00e9cole cantonale de Wettingen ont men\u00e9 un projet commun d&rsquo;am\u00e9nagement du territoire. Il en ressort clairement que la cohabitation entre les personnes joue un r\u00f4le important dans la planification des environnements r\u00e9sidentiels et professionnels.<\/p>\n","protected":false},"author":2,"featured_media":150745,"comment_status":"open","ping_status":"open","sticky":false,"template":"","format":"standard","meta":{"pmpro_default_level":"","inline_featured_image":false,"_monsterinsights_skip_tracking":false,"footnotes":""},"categories":[55982,743,56027,55979],"tags":[872,3931,2002,6535,57614,39703],"class_list":["post-150744","post","type-post","status-publish","format-standard","has-post-thumbnail","hentry","category-associations","category-immonews-fr","category-planification-developpement","category-promotion-du-site","tag-immoinvest-fr","tag-immonews-fr","tag-news-fr","tag-partizipation-fr","tag-raumplanung-bildung","tag-stadtentwicklung-fr","pmpro-has-access"],"acf":{"bild_mit_ki_erstellt_worden":["Ja"],"lead":"Baden Regio et l'\u00e9cole cantonale de Wettingen ont men\u00e9 un projet commun d'am\u00e9nagement du territoire. Il en ressort clairement que la cohabitation entre les personnes joue un r\u00f4le important dans la planification des environnements r\u00e9sidentiels et professionnels.","autor":"ce\/ww","ort":"Fislibach\/Wettingen AG","bildunterschrift":"","bild_im_grid":false,"gallerie":"","newsim":""},"aioseo_notices":[],"aioseo_head":"\n\t\t<!-- All in One SEO 5.0.0.1 - aioseo.com -->\n\t<meta name=\"description\" content=\"Baden Regio et l&#039;\u00e9cole cantonale de Wettingen ont men\u00e9 un projet commun d&#039;am\u00e9nagement du territoire. Il en ressort clairement que la cohabitation entre les personnes joue un r\u00f4le important dans la planification des environnements r\u00e9sidentiels et professionnels.\" \/>\n\t<meta name=\"robots\" content=\"max-image-preview:large\" \/>\n\t<meta name=\"author\" content=\"immovestuser\"\/>\n\t<meta name=\"google-site-verification\" content=\"fHJKvgWpZCR2zVBHWfkQeFXC11qieUSff0HGNYfuyLA\" \/>\n\t<link rel=\"canonical\" href=\"https:\/\/www.immo-invest.ch\/fr\/raumplanung-wird-im-unterricht-praxisnah-vermittelt\/\" \/>\n\t<meta name=\"generator\" content=\"All in One SEO (AIOSEO) 5.0.0.1\" \/>\n\t\t<meta property=\"og:locale\" content=\"fr_FR\" \/>\n\t\t<meta property=\"og:site_name\" content=\"immo!nvest - Die Plattform f\u00fcr Standorte und Immobilien - Die\u00a0Plattform f\u00fcr Standorte und Immobilien\" \/>\n\t\t<meta property=\"og:type\" content=\"article\" \/>\n\t\t<meta property=\"og:title\" content=\"L\u2019am\u00e9nagement du territoire est enseign\u00e9 de mani\u00e8re pratique - immo!nvest - Die Plattform f\u00fcr Standorte und Immobilien\" \/>\n\t\t<meta property=\"og:description\" content=\"Baden Regio et l&#039;\u00e9cole cantonale de Wettingen ont men\u00e9 un projet commun d&#039;am\u00e9nagement du territoire. Il en ressort clairement que la cohabitation entre les personnes joue un r\u00f4le important dans la planification des environnements r\u00e9sidentiels et professionnels.\" \/>\n\t\t<meta property=\"og:url\" content=\"https:\/\/www.immo-invest.ch\/fr\/raumplanung-wird-im-unterricht-praxisnah-vermittelt\/\" \/>\n\t\t<meta property=\"og:image\" content=\"https:\/\/www.immo-invest.ch\/wp-content\/uploads\/2026\/02\/banoviag_students_collaborating_with_urban_planners_around_la_a6261be3-4027-4aa8-a0e3-1d647cbd0214_2.png\" \/>\n\t\t<meta property=\"og:image:secure_url\" content=\"https:\/\/www.immo-invest.ch\/wp-content\/uploads\/2026\/02\/banoviag_students_collaborating_with_urban_planners_around_la_a6261be3-4027-4aa8-a0e3-1d647cbd0214_2.png\" \/>\n\t\t<meta property=\"og:image:width\" content=\"1536\" \/>\n\t\t<meta property=\"og:image:height\" content=\"768\" \/>\n\t\t<meta property=\"article:published_time\" content=\"2026-03-11T10:30:00+00:00\" \/>\n\t\t<meta property=\"article:modified_time\" content=\"2026-03-06T09:15:13+00:00\" \/>\n\t\t<meta property=\"article:publisher\" content=\"https:\/\/www.facebook.com\/people\/Immoinvest\/100077962920504\/\" \/>\n\t\t<meta name=\"twitter:card\" content=\"summary_large_image\" \/>\n\t\t<meta name=\"twitter:site\" content=\"@i\" \/>\n\t\t<meta name=\"twitter:title\" content=\"L\u2019am\u00e9nagement du territoire est enseign\u00e9 de mani\u00e8re pratique - immo!nvest - Die Plattform f\u00fcr Standorte und Immobilien\" \/>\n\t\t<meta name=\"twitter:description\" content=\"Baden Regio et l&#039;\u00e9cole cantonale de Wettingen ont men\u00e9 un projet commun d&#039;am\u00e9nagement du territoire. Il en ressort clairement que la cohabitation entre les personnes joue un r\u00f4le important dans la planification des environnements r\u00e9sidentiels et professionnels.\" \/>\n\t\t<meta name=\"twitter:creator\" content=\"@i\" \/>\n\t\t<meta name=\"twitter:image\" content=\"https:\/\/www.immo-invest.ch\/wp-content\/uploads\/2026\/02\/banoviag_students_collaborating_with_urban_planners_around_la_a6261be3-4027-4aa8-a0e3-1d647cbd0214_2.png\" \/>\n\t\t<script type=\"application\/ld+json\" class=\"aioseo-schema\">\n\t\t\t{\"@context\":\"https:\\\/\\\/schema.org\",\"@graph\":[{\"@type\":\"BlogPosting\",\"@id\":\"https:\\\/\\\/www.immo-invest.ch\\\/fr\\\/raumplanung-wird-im-unterricht-praxisnah-vermittelt\\\/#blogposting\",\"name\":\"L\\u2019am\\u00e9nagement du territoire est enseign\\u00e9 de mani\\u00e8re pratique - immo!nvest - Die Plattform f\\u00fcr Standorte und Immobilien\",\"headline\":\"L&rsquo;am\\u00e9nagement du territoire est enseign\\u00e9 de mani\\u00e8re pratique\",\"author\":{\"@id\":\"https:\\\/\\\/www.immo-invest.ch\\\/fr\\\/author\\\/immovestuser\\\/#author\"},\"publisher\":{\"@id\":\"https:\\\/\\\/www.immo-invest.ch\\\/fr\\\/#organization\"},\"image\":{\"@type\":\"ImageObject\",\"url\":\"https:\\\/\\\/www.immo-invest.ch\\\/wp-content\\\/uploads\\\/2026\\\/02\\\/banoviag_students_collaborating_with_urban_planners_around_la_a6261be3-4027-4aa8-a0e3-1d647cbd0214_2.png\",\"width\":1536,\"height\":768},\"datePublished\":\"2026-03-11T11:30:00+01:00\",\"dateModified\":\"2026-03-06T10:15:13+01:00\",\"inLanguage\":\"fr-FR\",\"mainEntityOfPage\":{\"@id\":\"https:\\\/\\\/www.immo-invest.ch\\\/fr\\\/raumplanung-wird-im-unterricht-praxisnah-vermittelt\\\/#webpage\"},\"isPartOf\":{\"@id\":\"https:\\\/\\\/www.immo-invest.ch\\\/fr\\\/raumplanung-wird-im-unterricht-praxisnah-vermittelt\\\/#webpage\"},\"articleSection\":\"Associations, immoNews, Planification \\\/ D\\u00e9veloppement, Promotion du site, Immoinvest, immoNews, News, Partizipation, Raumplanung Bildung, Stadtentwicklung, Facultatif\"},{\"@type\":\"BreadcrumbList\",\"@id\":\"https:\\\/\\\/www.immo-invest.ch\\\/fr\\\/raumplanung-wird-im-unterricht-praxisnah-vermittelt\\\/#breadcrumblist\",\"itemListElement\":[{\"@type\":\"ListItem\",\"@id\":\"https:\\\/\\\/www.immo-invest.ch\\\/fr\\\/#listItem\",\"position\":1,\"name\":\"Home\",\"item\":\"https:\\\/\\\/www.immo-invest.ch\\\/fr\\\/\",\"nextItem\":{\"@type\":\"ListItem\",\"@id\":\"https:\\\/\\\/www.immo-invest.ch\\\/fr\\\/categories\\\/institutions-formation\\\/#listItem\",\"name\":\"Institutions &amp; Formation\"}},{\"@type\":\"ListItem\",\"@id\":\"https:\\\/\\\/www.immo-invest.ch\\\/fr\\\/categories\\\/institutions-formation\\\/#listItem\",\"position\":2,\"name\":\"Institutions &amp; Formation\",\"item\":\"https:\\\/\\\/www.immo-invest.ch\\\/fr\\\/categories\\\/institutions-formation\\\/\",\"nextItem\":{\"@type\":\"ListItem\",\"@id\":\"https:\\\/\\\/www.immo-invest.ch\\\/fr\\\/categories\\\/institutions-formation\\\/promotion-du-site\\\/#listItem\",\"name\":\"Promotion du site\"},\"previousItem\":{\"@type\":\"ListItem\",\"@id\":\"https:\\\/\\\/www.immo-invest.ch\\\/fr\\\/#listItem\",\"name\":\"Home\"}},{\"@type\":\"ListItem\",\"@id\":\"https:\\\/\\\/www.immo-invest.ch\\\/fr\\\/categories\\\/institutions-formation\\\/promotion-du-site\\\/#listItem\",\"position\":3,\"name\":\"Promotion du site\",\"item\":\"https:\\\/\\\/www.immo-invest.ch\\\/fr\\\/categories\\\/institutions-formation\\\/promotion-du-site\\\/\",\"nextItem\":{\"@type\":\"ListItem\",\"@id\":\"https:\\\/\\\/www.immo-invest.ch\\\/fr\\\/raumplanung-wird-im-unterricht-praxisnah-vermittelt\\\/#listItem\",\"name\":\"L&rsquo;am\\u00e9nagement du territoire est enseign\\u00e9 de mani\\u00e8re pratique\"},\"previousItem\":{\"@type\":\"ListItem\",\"@id\":\"https:\\\/\\\/www.immo-invest.ch\\\/fr\\\/categories\\\/institutions-formation\\\/#listItem\",\"name\":\"Institutions &amp; Formation\"}},{\"@type\":\"ListItem\",\"@id\":\"https:\\\/\\\/www.immo-invest.ch\\\/fr\\\/raumplanung-wird-im-unterricht-praxisnah-vermittelt\\\/#listItem\",\"position\":4,\"name\":\"L&rsquo;am\\u00e9nagement du territoire est enseign\\u00e9 de mani\\u00e8re pratique\",\"previousItem\":{\"@type\":\"ListItem\",\"@id\":\"https:\\\/\\\/www.immo-invest.ch\\\/fr\\\/categories\\\/institutions-formation\\\/promotion-du-site\\\/#listItem\",\"name\":\"Promotion du site\"}}]},{\"@type\":\"Organization\",\"@id\":\"https:\\\/\\\/www.immo-invest.ch\\\/fr\\\/#organization\",\"name\":\"immo!nvest - Die Plattform f\\u00fcr Standorte und Immobilien\",\"description\":\"Die\\u00a0Plattform f\\u00fcr Standorte und Immobilien\",\"url\":\"https:\\\/\\\/www.immo-invest.ch\\\/fr\\\/\",\"email\":\"admin@immomedia.ag\",\"telephone\":\"+41444420002\",\"logo\":{\"@type\":\"ImageObject\",\"url\":\"https:\\\/\\\/www.immo-invest.ch\\\/wp-content\\\/uploads\\\/2024\\\/09\\\/immoinvest_sm-scaled.jpg\",\"@id\":\"https:\\\/\\\/www.immo-invest.ch\\\/fr\\\/raumplanung-wird-im-unterricht-praxisnah-vermittelt\\\/#organizationLogo\",\"width\":2560,\"height\":1340},\"image\":{\"@id\":\"https:\\\/\\\/www.immo-invest.ch\\\/fr\\\/raumplanung-wird-im-unterricht-praxisnah-vermittelt\\\/#organizationLogo\"},\"sameAs\":[\"https:\\\/\\\/www.facebook.com\\\/people\\\/Immoinvest\\\/100077962920504\\\/\",\"https:\\\/\\\/x.com\\\/i\\\/flow\\\/login?redirect_after_login=immoinvest_ch\",\"https:\\\/\\\/www.instagram.com\\\/immoinvest_ch\\\/\",\"https:\\\/\\\/www.linkedin.com\\\/company\\\/immoinvest-swiss\"]},{\"@type\":\"Person\",\"@id\":\"https:\\\/\\\/www.immo-invest.ch\\\/fr\\\/author\\\/immovestuser\\\/#author\",\"url\":\"https:\\\/\\\/www.immo-invest.ch\\\/fr\\\/author\\\/immovestuser\\\/\",\"name\":\"immovestuser\",\"image\":{\"@type\":\"ImageObject\",\"@id\":\"https:\\\/\\\/www.immo-invest.ch\\\/fr\\\/raumplanung-wird-im-unterricht-praxisnah-vermittelt\\\/#authorImage\",\"url\":\"https:\\\/\\\/secure.gravatar.com\\\/avatar\\\/8e01f4d99f2eeea7a362ebb93305e1172a70e9293ba250f897a65c39f54cdd1e?s=96&d=mm&r=g\",\"width\":96,\"height\":96,\"caption\":\"immovestuser\"}},{\"@type\":\"WebPage\",\"@id\":\"https:\\\/\\\/www.immo-invest.ch\\\/fr\\\/raumplanung-wird-im-unterricht-praxisnah-vermittelt\\\/#webpage\",\"url\":\"https:\\\/\\\/www.immo-invest.ch\\\/fr\\\/raumplanung-wird-im-unterricht-praxisnah-vermittelt\\\/\",\"name\":\"L\\u2019am\\u00e9nagement du territoire est enseign\\u00e9 de mani\\u00e8re pratique - immo!nvest - Die Plattform f\\u00fcr Standorte und Immobilien\",\"description\":\"Baden Regio et l'\\u00e9cole cantonale de Wettingen ont men\\u00e9 un projet commun d'am\\u00e9nagement du territoire. Il en ressort clairement que la cohabitation entre les personnes joue un r\\u00f4le important dans la planification des environnements r\\u00e9sidentiels et professionnels.\",\"inLanguage\":\"fr-FR\",\"isPartOf\":{\"@id\":\"https:\\\/\\\/www.immo-invest.ch\\\/fr\\\/#website\"},\"breadcrumb\":{\"@id\":\"https:\\\/\\\/www.immo-invest.ch\\\/fr\\\/raumplanung-wird-im-unterricht-praxisnah-vermittelt\\\/#breadcrumblist\"},\"author\":{\"@id\":\"https:\\\/\\\/www.immo-invest.ch\\\/fr\\\/author\\\/immovestuser\\\/#author\"},\"creator\":{\"@id\":\"https:\\\/\\\/www.immo-invest.ch\\\/fr\\\/author\\\/immovestuser\\\/#author\"},\"image\":{\"@type\":\"ImageObject\",\"url\":\"https:\\\/\\\/www.immo-invest.ch\\\/wp-content\\\/uploads\\\/2026\\\/02\\\/banoviag_students_collaborating_with_urban_planners_around_la_a6261be3-4027-4aa8-a0e3-1d647cbd0214_2.png\",\"@id\":\"https:\\\/\\\/www.immo-invest.ch\\\/fr\\\/raumplanung-wird-im-unterricht-praxisnah-vermittelt\\\/#mainImage\",\"width\":1536,\"height\":768},\"primaryImageOfPage\":{\"@id\":\"https:\\\/\\\/www.immo-invest.ch\\\/fr\\\/raumplanung-wird-im-unterricht-praxisnah-vermittelt\\\/#mainImage\"},\"datePublished\":\"2026-03-11T11:30:00+01:00\",\"dateModified\":\"2026-03-06T10:15:13+01:00\"},{\"@type\":\"WebSite\",\"@id\":\"https:\\\/\\\/www.immo-invest.ch\\\/fr\\\/#website\",\"url\":\"https:\\\/\\\/www.immo-invest.ch\\\/fr\\\/\",\"name\":\"immo!nvest - Die Plattform f\\u00fcr Standorte und Immobilien\",\"description\":\"Die\\u00a0Plattform f\\u00fcr Standorte und Immobilien\",\"inLanguage\":\"fr-FR\",\"publisher\":{\"@id\":\"https:\\\/\\\/www.immo-invest.ch\\\/fr\\\/#organization\"}}]}\n\t\t<\/script>\n\t\t<!-- All in One SEO -->\n\n","aioseo_head_json":{"title":"L\u2019am\u00e9nagement du territoire est enseign\u00e9 de mani\u00e8re pratique - immo!nvest - Die Plattform f\u00fcr Standorte und Immobilien","description":"Baden Regio et l'\u00e9cole cantonale de Wettingen ont men\u00e9 un projet commun d'am\u00e9nagement du territoire. Il en ressort clairement que la cohabitation entre les personnes joue un r\u00f4le important dans la planification des environnements r\u00e9sidentiels et professionnels.","canonical_url":"https:\/\/www.immo-invest.ch\/fr\/raumplanung-wird-im-unterricht-praxisnah-vermittelt\/","robots":"max-image-preview:large","keywords":"","webmasterTools":{"google-site-verification":"fHJKvgWpZCR2zVBHWfkQeFXC11qieUSff0HGNYfuyLA","miscellaneous":""},"schema":{"@context":"https:\/\/schema.org","@graph":[{"@type":"BlogPosting","@id":"https:\/\/www.immo-invest.ch\/fr\/raumplanung-wird-im-unterricht-praxisnah-vermittelt\/#blogposting","name":"L\u2019am\u00e9nagement du territoire est enseign\u00e9 de mani\u00e8re pratique - immo!nvest - Die Plattform f\u00fcr Standorte und Immobilien","headline":"L&rsquo;am\u00e9nagement du territoire est enseign\u00e9 de mani\u00e8re pratique","author":{"@id":"https:\/\/www.immo-invest.ch\/fr\/author\/immovestuser\/#author"},"publisher":{"@id":"https:\/\/www.immo-invest.ch\/fr\/#organization"},"image":{"@type":"ImageObject","url":"https:\/\/www.immo-invest.ch\/wp-content\/uploads\/2026\/02\/banoviag_students_collaborating_with_urban_planners_around_la_a6261be3-4027-4aa8-a0e3-1d647cbd0214_2.png","width":1536,"height":768},"datePublished":"2026-03-11T11:30:00+01:00","dateModified":"2026-03-06T10:15:13+01:00","inLanguage":"fr-FR","mainEntityOfPage":{"@id":"https:\/\/www.immo-invest.ch\/fr\/raumplanung-wird-im-unterricht-praxisnah-vermittelt\/#webpage"},"isPartOf":{"@id":"https:\/\/www.immo-invest.ch\/fr\/raumplanung-wird-im-unterricht-praxisnah-vermittelt\/#webpage"},"articleSection":"Associations, immoNews, Planification \/ D\u00e9veloppement, Promotion du site, Immoinvest, immoNews, News, Partizipation, Raumplanung Bildung, Stadtentwicklung, Facultatif"},{"@type":"BreadcrumbList","@id":"https:\/\/www.immo-invest.ch\/fr\/raumplanung-wird-im-unterricht-praxisnah-vermittelt\/#breadcrumblist","itemListElement":[{"@type":"ListItem","@id":"https:\/\/www.immo-invest.ch\/fr\/#listItem","position":1,"name":"Home","item":"https:\/\/www.immo-invest.ch\/fr\/","nextItem":{"@type":"ListItem","@id":"https:\/\/www.immo-invest.ch\/fr\/categories\/institutions-formation\/#listItem","name":"Institutions &amp; Formation"}},{"@type":"ListItem","@id":"https:\/\/www.immo-invest.ch\/fr\/categories\/institutions-formation\/#listItem","position":2,"name":"Institutions &amp; Formation","item":"https:\/\/www.immo-invest.ch\/fr\/categories\/institutions-formation\/","nextItem":{"@type":"ListItem","@id":"https:\/\/www.immo-invest.ch\/fr\/categories\/institutions-formation\/promotion-du-site\/#listItem","name":"Promotion du site"},"previousItem":{"@type":"ListItem","@id":"https:\/\/www.immo-invest.ch\/fr\/#listItem","name":"Home"}},{"@type":"ListItem","@id":"https:\/\/www.immo-invest.ch\/fr\/categories\/institutions-formation\/promotion-du-site\/#listItem","position":3,"name":"Promotion du site","item":"https:\/\/www.immo-invest.ch\/fr\/categories\/institutions-formation\/promotion-du-site\/","nextItem":{"@type":"ListItem","@id":"https:\/\/www.immo-invest.ch\/fr\/raumplanung-wird-im-unterricht-praxisnah-vermittelt\/#listItem","name":"L&rsquo;am\u00e9nagement du territoire est enseign\u00e9 de mani\u00e8re pratique"},"previousItem":{"@type":"ListItem","@id":"https:\/\/www.immo-invest.ch\/fr\/categories\/institutions-formation\/#listItem","name":"Institutions &amp; Formation"}},{"@type":"ListItem","@id":"https:\/\/www.immo-invest.ch\/fr\/raumplanung-wird-im-unterricht-praxisnah-vermittelt\/#listItem","position":4,"name":"L&rsquo;am\u00e9nagement du territoire est enseign\u00e9 de mani\u00e8re pratique","previousItem":{"@type":"ListItem","@id":"https:\/\/www.immo-invest.ch\/fr\/categories\/institutions-formation\/promotion-du-site\/#listItem","name":"Promotion du site"}}]},{"@type":"Organization","@id":"https:\/\/www.immo-invest.ch\/fr\/#organization","name":"immo!nvest - Die Plattform f\u00fcr Standorte und Immobilien","description":"Die\u00a0Plattform f\u00fcr Standorte und Immobilien","url":"https:\/\/www.immo-invest.ch\/fr\/","email":"admin@immomedia.ag","telephone":"+41444420002","logo":{"@type":"ImageObject","url":"https:\/\/www.immo-invest.ch\/wp-content\/uploads\/2024\/09\/immoinvest_sm-scaled.jpg","@id":"https:\/\/www.immo-invest.ch\/fr\/raumplanung-wird-im-unterricht-praxisnah-vermittelt\/#organizationLogo","width":2560,"height":1340},"image":{"@id":"https:\/\/www.immo-invest.ch\/fr\/raumplanung-wird-im-unterricht-praxisnah-vermittelt\/#organizationLogo"},"sameAs":["https:\/\/www.facebook.com\/people\/Immoinvest\/100077962920504\/","https:\/\/x.com\/i\/flow\/login?redirect_after_login=immoinvest_ch","https:\/\/www.instagram.com\/immoinvest_ch\/","https:\/\/www.linkedin.com\/company\/immoinvest-swiss"]},{"@type":"Person","@id":"https:\/\/www.immo-invest.ch\/fr\/author\/immovestuser\/#author","url":"https:\/\/www.immo-invest.ch\/fr\/author\/immovestuser\/","name":"immovestuser","image":{"@type":"ImageObject","@id":"https:\/\/www.immo-invest.ch\/fr\/raumplanung-wird-im-unterricht-praxisnah-vermittelt\/#authorImage","url":"https:\/\/secure.gravatar.com\/avatar\/8e01f4d99f2eeea7a362ebb93305e1172a70e9293ba250f897a65c39f54cdd1e?s=96&d=mm&r=g","width":96,"height":96,"caption":"immovestuser"}},{"@type":"WebPage","@id":"https:\/\/www.immo-invest.ch\/fr\/raumplanung-wird-im-unterricht-praxisnah-vermittelt\/#webpage","url":"https:\/\/www.immo-invest.ch\/fr\/raumplanung-wird-im-unterricht-praxisnah-vermittelt\/","name":"L\u2019am\u00e9nagement du territoire est enseign\u00e9 de mani\u00e8re pratique - immo!nvest - Die Plattform f\u00fcr Standorte und Immobilien","description":"Baden Regio et l'\u00e9cole cantonale de Wettingen ont men\u00e9 un projet commun d'am\u00e9nagement du territoire. Il en ressort clairement que la cohabitation entre les personnes joue un r\u00f4le important dans la planification des environnements r\u00e9sidentiels et professionnels.","inLanguage":"fr-FR","isPartOf":{"@id":"https:\/\/www.immo-invest.ch\/fr\/#website"},"breadcrumb":{"@id":"https:\/\/www.immo-invest.ch\/fr\/raumplanung-wird-im-unterricht-praxisnah-vermittelt\/#breadcrumblist"},"author":{"@id":"https:\/\/www.immo-invest.ch\/fr\/author\/immovestuser\/#author"},"creator":{"@id":"https:\/\/www.immo-invest.ch\/fr\/author\/immovestuser\/#author"},"image":{"@type":"ImageObject","url":"https:\/\/www.immo-invest.ch\/wp-content\/uploads\/2026\/02\/banoviag_students_collaborating_with_urban_planners_around_la_a6261be3-4027-4aa8-a0e3-1d647cbd0214_2.png","@id":"https:\/\/www.immo-invest.ch\/fr\/raumplanung-wird-im-unterricht-praxisnah-vermittelt\/#mainImage","width":1536,"height":768},"primaryImageOfPage":{"@id":"https:\/\/www.immo-invest.ch\/fr\/raumplanung-wird-im-unterricht-praxisnah-vermittelt\/#mainImage"},"datePublished":"2026-03-11T11:30:00+01:00","dateModified":"2026-03-06T10:15:13+01:00"},{"@type":"WebSite","@id":"https:\/\/www.immo-invest.ch\/fr\/#website","url":"https:\/\/www.immo-invest.ch\/fr\/","name":"immo!nvest - Die Plattform f\u00fcr Standorte und Immobilien","description":"Die\u00a0Plattform f\u00fcr Standorte und Immobilien","inLanguage":"fr-FR","publisher":{"@id":"https:\/\/www.immo-invest.ch\/fr\/#organization"}}]},"og:locale":"fr_FR","og:site_name":"immo!nvest - Die Plattform f\u00fcr Standorte und Immobilien - Die\u00a0Plattform f\u00fcr Standorte und Immobilien","og:type":"article","og:title":"L\u2019am\u00e9nagement du territoire est enseign\u00e9 de mani\u00e8re pratique - immo!nvest - Die Plattform f\u00fcr Standorte und Immobilien","og:description":"Baden Regio et l'\u00e9cole cantonale de Wettingen ont men\u00e9 un projet commun d'am\u00e9nagement du territoire. Il en ressort clairement que la cohabitation entre les personnes joue un r\u00f4le important dans la planification des environnements r\u00e9sidentiels et professionnels.","og:url":"https:\/\/www.immo-invest.ch\/fr\/raumplanung-wird-im-unterricht-praxisnah-vermittelt\/","og:image":"https:\/\/www.immo-invest.ch\/wp-content\/uploads\/2026\/02\/banoviag_students_collaborating_with_urban_planners_around_la_a6261be3-4027-4aa8-a0e3-1d647cbd0214_2.png","og:image:secure_url":"https:\/\/www.immo-invest.ch\/wp-content\/uploads\/2026\/02\/banoviag_students_collaborating_with_urban_planners_around_la_a6261be3-4027-4aa8-a0e3-1d647cbd0214_2.png","og:image:width":1536,"og:image:height":768,"article:published_time":"2026-03-11T10:30:00+00:00","article:modified_time":"2026-03-06T09:15:13+00:00","article:publisher":"https:\/\/www.facebook.com\/people\/Immoinvest\/100077962920504\/","twitter:card":"summary_large_image","twitter:site":"@i","twitter:title":"L\u2019am\u00e9nagement du territoire est enseign\u00e9 de mani\u00e8re pratique - immo!nvest - Die Plattform f\u00fcr Standorte und Immobilien","twitter:description":"Baden Regio et l'\u00e9cole cantonale de Wettingen ont men\u00e9 un projet commun d'am\u00e9nagement du territoire. Il en ressort clairement que la cohabitation entre les personnes joue un r\u00f4le important dans la planification des environnements r\u00e9sidentiels et professionnels.","twitter:creator":"@i","twitter:image":"https:\/\/www.immo-invest.ch\/wp-content\/uploads\/2026\/02\/banoviag_students_collaborating_with_urban_planners_around_la_a6261be3-4027-4aa8-a0e3-1d647cbd0214_2.png"},"aioseo_meta_data":{"post_id":"150744","title":null,"description":null,"keywords":null,"keyphrases":{"focus":{"keyphrase":"","score":0,"analysis":{"keyphraseInTitle":{"score":0,"maxScore":9,"error":1}}},"additional":[]},"primary_term":null,"canonical_url":null,"og_title":null,"og_description":null,"og_object_type":"default","og_image_type":"default","og_image_url":null,"og_image_width":null,"og_image_height":null,"og_image_custom_url":null,"og_image_custom_fields":null,"og_video":"","og_custom_url":null,"og_article_section":null,"og_article_tags":null,"twitter_use_og":false,"twitter_card":"default","twitter_image_type":"default","twitter_image_url":null,"twitter_image_custom_url":null,"twitter_image_custom_fields":null,"twitter_title":null,"twitter_description":null,"schema":{"blockGraphs":[],"customGraphs":[],"default":{"data":{"Article":[],"Course":[],"Dataset":[],"FAQPage":[],"Movie":[],"Person":[],"Product":[],"ProductReview":[],"Car":[],"Recipe":[],"Service":[],"SoftwareApplication":[],"WebPage":[]},"graphName":"BlogPosting","isEnabled":true},"graphs":[]},"schema_type":"default","schema_type_options":null,"pillar_content":false,"robots_default":true,"robots_noindex":false,"robots_noarchive":false,"robots_nosnippet":false,"robots_nofollow":false,"robots_noimageindex":false,"robots_noodp":false,"robots_notranslate":false,"robots_max_snippet":"-1","robots_max_videopreview":"-1","robots_max_imagepreview":"large","priority":null,"frequency":"default","local_seo":null,"breadcrumb_settings":null,"limit_modified_date":false,"ai":{"faqs":[],"keyPoints":[],"titles":[],"descriptions":[],"socialPosts":{"email":[],"linkedin":[],"twitter":[],"facebook":[],"instagram":[]}},"created":"2026-03-06 09:14:25","updated":"2026-03-11 10:39:03","seo_analyzer_scan_date":null,"focus_keyword":null,"additional_keywords":null,"truseo_locale":null},"aioseo_breadcrumb":"<div class=\"aioseo-breadcrumbs\"><span class=\"aioseo-breadcrumb\">\n\t\t\t<a href=\"https:\/\/www.immo-invest.ch\/fr\/\" title=\"Home\">Home<\/a>\n\t\t<\/span><span class=\"aioseo-breadcrumb-separator\">&raquo;<\/span><span class=\"aioseo-breadcrumb\">\n\t\t\t<a href=\"https:\/\/www.immo-invest.ch\/fr\/categories\/institutions-formation\/\" title=\"Institutions &amp; Formation\">Institutions &amp; Formation<\/a>\n\t\t<\/span><span class=\"aioseo-breadcrumb-separator\">&raquo;<\/span><span class=\"aioseo-breadcrumb\">\n\t\t\t<a href=\"https:\/\/www.immo-invest.ch\/fr\/categories\/institutions-formation\/promotion-du-site\/\" title=\"Promotion du site\">Promotion du site<\/a>\n\t\t<\/span><span class=\"aioseo-breadcrumb-separator\">&raquo;<\/span><span class=\"aioseo-breadcrumb\">\n\t\t\tL\u2019am\u00e9nagement du territoire est enseign\u00e9 de mani\u00e8re pratique\n\t\t<\/span><\/div>","aioseo_breadcrumb_json":[{"label":"Home","link":"https:\/\/www.immo-invest.ch\/fr\/"},{"label":"Institutions &amp; Formation","link":"https:\/\/www.immo-invest.ch\/fr\/categories\/institutions-formation\/"},{"label":"Promotion du site","link":"https:\/\/www.immo-invest.ch\/fr\/categories\/institutions-formation\/promotion-du-site\/"},{"label":"L&rsquo;am\u00e9nagement du territoire est enseign\u00e9 de mani\u00e8re pratique","link":"https:\/\/www.immo-invest.ch\/fr\/raumplanung-wird-im-unterricht-praxisnah-vermittelt\/"}],"featured_image_src":"https:\/\/www.immo-invest.ch\/wp-content\/uploads\/2026\/02\/banoviag_students_collaborating_with_urban_planners_around_la_a6261be3-4027-4aa8-a0e3-1d647cbd0214_2-336x168.png","_links":{"self":[{"href":"https:\/\/www.immo-invest.ch\/fr\/wp-json\/wp\/v2\/posts\/150744","targetHints":{"allow":["GET"]}}],"collection":[{"href":"https:\/\/www.immo-invest.ch\/fr\/wp-json\/wp\/v2\/posts"}],"about":[{"href":"https:\/\/www.immo-invest.ch\/fr\/wp-json\/wp\/v2\/types\/post"}],"author":[{"embeddable":true,"href":"https:\/\/www.immo-invest.ch\/fr\/wp-json\/wp\/v2\/users\/2"}],"replies":[{"embeddable":true,"href":"https:\/\/www.immo-invest.ch\/fr\/wp-json\/wp\/v2\/comments?post=150744"}],"version-history":[{"count":4,"href":"https:\/\/www.immo-invest.ch\/fr\/wp-json\/wp\/v2\/posts\/150744\/revisions"}],"predecessor-version":[{"id":150759,"href":"https:\/\/www.immo-invest.ch\/fr\/wp-json\/wp\/v2\/posts\/150744\/revisions\/150759"}],"wp:featuredmedia":[{"embeddable":true,"href":"https:\/\/www.immo-invest.ch\/fr\/wp-json\/wp\/v2\/media\/150745"}],"wp:attachment":[{"href":"https:\/\/www.immo-invest.ch\/fr\/wp-json\/wp\/v2\/media?parent=150744"}],"wp:term":[{"taxonomy":"category","embeddable":true,"href":"https:\/\/www.immo-invest.ch\/fr\/wp-json\/wp\/v2\/categories?post=150744"},{"taxonomy":"post_tag","embeddable":true,"href":"https:\/\/www.immo-invest.ch\/fr\/wp-json\/wp\/v2\/tags?post=150744"}],"curies":[{"name":"wp","href":"https:\/\/api.w.org\/{rel}","templated":true}]}}