{"id":150723,"date":"2026-03-11T08:20:00","date_gmt":"2026-03-11T07:20:00","guid":{"rendered":"https:\/\/www.immo-invest.ch\/?p=150723"},"modified":"2026-03-06T10:00:52","modified_gmt":"2026-03-06T09:00:52","slug":"transformation-zum-raumklimaspezialisten-zeigt-wirkung","status":"publish","type":"post","link":"https:\/\/www.immo-invest.ch\/fr\/transformation-zum-raumklimaspezialisten-zeigt-wirkung\/","title":{"rendered":"La transformation en sp\u00e9cialiste du climat int\u00e9rieur porte ses fruits"},"content":{"rendered":"<p class=\"bodytext\">Selon un <a href=\"https:\/\/www.zehndergroup.com\/de\/investor-relations\/mitteilungen#1-1\" target=\"_blank\" rel=\"noopener\">communiqu&eacute;<\/a>, le <a href=\"https:\/\/www.zehndergroup.com\/de\" target=\"_blank\" rel=\"noopener\">groupe Zehnder<\/a> a augment&eacute; son chiffre d&rsquo;affaires de 8 % au cours de l&rsquo;exercice 2025, pour atteindre 760,7 millions d&rsquo;euros. Le segment de la ventilation a notamment enregistr&eacute; une forte demande, tandis que le chiffre d&rsquo;affaires du segment des radiateurs a continu&eacute; de baisser. L&rsquo;EBIT (b&eacute;n&eacute;fice avant int&eacute;r&ecirc;ts et imp&ocirc;ts) du groupe a augment&eacute; de 348 % pour atteindre 63,4 millions d&rsquo;euros. L&rsquo;ann&eacute;e pr&eacute;c&eacute;dente, des effets ponctuels d&rsquo;un montant de 35,9 millions d&rsquo;euros li&eacute;s &agrave; des ajustements cibl&eacute;s du portefeuille et &agrave; des d&eacute;localisations de production avaient pes&eacute; sur le r&eacute;sultat. Le b&eacute;n&eacute;fice net s&rsquo;est &eacute;lev&eacute; &agrave; 47,8 millions d&rsquo;euros en 2025, apr&egrave;s une perte nette de 2,4 millions d&rsquo;euros l&rsquo;ann&eacute;e pr&eacute;c&eacute;dente. Le flux de tr&eacute;sorerie op&eacute;rationnel s&rsquo;est &eacute;galement nettement am&eacute;lior&eacute;, atteignant 80,0 millions d&rsquo;euros.<\/p>\n<p class=\"bodytext\">Le segment de la ventilation a &eacute;t&eacute; le principal moteur de la croissance. Son chiffre d&rsquo;affaires a augment&eacute; de 18 % en 2025 pour atteindre 501,7 millions d&rsquo;euros. L&rsquo;acquisition de Siber en 2024 a contribu&eacute; &agrave; hauteur d&rsquo;environ 5 % &agrave; la croissance du segment. La part du segment de la ventilation dans le chiffre d&rsquo;affaires total est ainsi pass&eacute;e &agrave; 66 %, contre 60 % l&rsquo;ann&eacute;e pr&eacute;c&eacute;dente. Au niveau r&eacute;gional, le chiffre d&rsquo;affaires a augment&eacute; de 23 % dans la r&eacute;gion EMEA (Europe, Moyen-Orient, Afrique) pour atteindre 403,3 millions d&rsquo;euros, et de 7 % en Am&eacute;rique du Nord pour atteindre 76,1 millions d&rsquo;euros. En Asie-Pacifique, en revanche, le chiffre d&rsquo;affaires a baiss&eacute; de 10 % pour atteindre 22,3 millions d&rsquo;euros.<\/p>\n<p class=\"bodytext\">Le segment des radiateurs a quant &agrave; lui enregistr&eacute; une baisse de 8 % de son chiffre d&rsquo;affaires, qui s&rsquo;est &eacute;tabli &agrave; 259,0 millions d&rsquo;euros. Sa part dans le chiffre d&rsquo;affaires total est pass&eacute;e de 40 &agrave; 34 %. Cette &eacute;volution s&rsquo;explique notamment par un ralentissement des activit&eacute;s de r&eacute;novation en Europe et par une tendance &agrave; privil&eacute;gier les mod&egrave;les de radiateurs moins chers.<\/p>\n<p class=\"bodytext\">Pour l&rsquo;exercice en cours, Zehnder table sur une demande toujours croissante en solutions de climatisation &eacute;co&eacute;nerg&eacute;tiques. Apr&egrave;s avoir acc&eacute;l&eacute;r&eacute; sa transformation de fabricant de radiateurs &agrave; fournisseur leader de solutions de climatisation, l&rsquo;entreprise entend, selon le communiqu&eacute;, exploiter syst&eacute;matiquement les opportunit&eacute;s du march&eacute; de la ventilation. &Agrave; moyen terme, Zehnder table sur une croissance annuelle moyenne de son chiffre d&rsquo;affaires d&rsquo;environ 5 % et sur une <span class=\"glossaryLink\"  aria-describedby=\"tt\"  data-cmtooltip=\"&lt;div class=glossaryItemTitle&gt;Marge&lt;\/div&gt;&lt;div class=glossaryItemBody&gt;Gewinnspanne, prozentualer Gewinn je Leistungseinheit; Handel: Handelsspanne, Differenz zwischen An- und Verkaufspreis&lt;\/div&gt;\"  data-mobile-support=\"0\"  data-gt-translate-attributes='[{\"attribute\":\"data-cmtooltip\", \"format\":\"html\"}]' tabindex='0' role='link'>marge<\/span> EBIT avant effets exceptionnels de 9 &agrave; 11 %.<\/p>\n","protected":false},"excerpt":{"rendered":"<p>Le groupe Zehnder, actif dans le domaine du climat int\u00e9rieur, a augment\u00e9 son chiffre d&rsquo;affaires \u00e0 760,7 millions d&rsquo;euros au cours de l&rsquo;exercice 2025, soit une hausse de 8 % par rapport \u00e0 l&rsquo;ann\u00e9e pr\u00e9c\u00e9dente. Le segment de la ventilation a notamment enregistr\u00e9 une forte demande, tandis que le chiffre d&rsquo;affaires du segment des radiateurs a continu\u00e9 de baisser.<\/p>\n","protected":false},"author":2,"featured_media":150724,"comment_status":"open","ping_status":"open","sticky":false,"template":"","format":"standard","meta":{"pmpro_default_level":"","inline_featured_image":false,"_monsterinsights_skip_tracking":false,"footnotes":""},"categories":[8747,22696,743,22357],"tags":[57606,872,3931,57607,2002,57608],"class_list":["post-150723","post","type-post","status-publish","format-standard","has-post-thumbnail","hentry","category-energie","category-entreprise","category-immonews-fr","category-industrie-du-batiment","tag-energieeffizienz-gebaeude","tag-immoinvest-fr","tag-immonews-fr","tag-lueftungssysteme-2","tag-news-fr","tag-raumklimatechnik","pmpro-has-access"],"acf":{"bild_mit_ki_erstellt_worden":["Ja"],"lead":"Le groupe Zehnder, actif dans le domaine du climat int\u00e9rieur, a augment\u00e9 son chiffre d'affaires \u00e0 760,7 millions d'euros au cours de l'exercice 2025, soit une hausse de 8 % par rapport \u00e0 l'ann\u00e9e pr\u00e9c\u00e9dente. Le segment de la ventilation a notamment enregistr\u00e9 une forte demande, tandis que le chiffre d'affaires du segment des radiateurs a continu\u00e9 de baisser.","autor":"ce\/ja","ort":"Gr\u00e4nichen AG","bildunterschrift":"","bild_im_grid":false,"gallerie":"","newsim":""},"aioseo_notices":[],"aioseo_head":"\n\t\t<!-- All in One SEO 5.0.0.1 - aioseo.com -->\n\t<meta name=\"description\" content=\"Le groupe Zehnder, actif dans le domaine du climat int\u00e9rieur, a augment\u00e9 son chiffre d&#039;affaires \u00e0 760,7 millions d&#039;euros au cours de l&#039;exercice 2025, soit une hausse de 8 % par rapport \u00e0 l&#039;ann\u00e9e pr\u00e9c\u00e9dente. Le segment de la ventilation a notamment enregistr\u00e9 une forte demande, tandis que le chiffre d&#039;affaires du segment des radiateurs a continu\u00e9 de baisser.\" \/>\n\t<meta name=\"robots\" content=\"max-image-preview:large\" \/>\n\t<meta name=\"author\" content=\"immovestuser\"\/>\n\t<meta name=\"google-site-verification\" content=\"fHJKvgWpZCR2zVBHWfkQeFXC11qieUSff0HGNYfuyLA\" \/>\n\t<link rel=\"canonical\" href=\"https:\/\/www.immo-invest.ch\/fr\/transformation-zum-raumklimaspezialisten-zeigt-wirkung\/\" \/>\n\t<meta name=\"generator\" content=\"All in One SEO (AIOSEO) 5.0.0.1\" \/>\n\t\t<meta property=\"og:locale\" content=\"fr_FR\" \/>\n\t\t<meta property=\"og:site_name\" content=\"immo!nvest - Die Plattform f\u00fcr Standorte und Immobilien - Die\u00a0Plattform f\u00fcr Standorte und Immobilien\" \/>\n\t\t<meta property=\"og:type\" content=\"article\" \/>\n\t\t<meta property=\"og:title\" content=\"La transformation en sp\u00e9cialiste du climat int\u00e9rieur porte ses fruits - immo!nvest - Die Plattform f\u00fcr Standorte und Immobilien\" \/>\n\t\t<meta property=\"og:description\" content=\"Le groupe Zehnder, actif dans le domaine du climat int\u00e9rieur, a augment\u00e9 son chiffre d&#039;affaires \u00e0 760,7 millions d&#039;euros au cours de l&#039;exercice 2025, soit une hausse de 8 % par rapport \u00e0 l&#039;ann\u00e9e pr\u00e9c\u00e9dente. Le segment de la ventilation a notamment enregistr\u00e9 une forte demande, tandis que le chiffre d&#039;affaires du segment des radiateurs a continu\u00e9 de baisser.\" \/>\n\t\t<meta property=\"og:url\" content=\"https:\/\/www.immo-invest.ch\/fr\/transformation-zum-raumklimaspezialisten-zeigt-wirkung\/\" \/>\n\t\t<meta property=\"og:image\" content=\"https:\/\/www.immo-invest.ch\/wp-content\/uploads\/2026\/02\/banoviag_modern_building_ventilation_system_installation_in_c_edb16c4e-4418-40c5-aaee-828ec45ac0e2_1.png\" \/>\n\t\t<meta property=\"og:image:secure_url\" content=\"https:\/\/www.immo-invest.ch\/wp-content\/uploads\/2026\/02\/banoviag_modern_building_ventilation_system_installation_in_c_edb16c4e-4418-40c5-aaee-828ec45ac0e2_1.png\" \/>\n\t\t<meta property=\"og:image:width\" content=\"1536\" \/>\n\t\t<meta property=\"og:image:height\" content=\"768\" \/>\n\t\t<meta property=\"article:published_time\" content=\"2026-03-11T07:20:00+00:00\" \/>\n\t\t<meta property=\"article:modified_time\" content=\"2026-03-06T09:00:52+00:00\" \/>\n\t\t<meta property=\"article:publisher\" content=\"https:\/\/www.facebook.com\/people\/Immoinvest\/100077962920504\/\" \/>\n\t\t<meta name=\"twitter:card\" content=\"summary_large_image\" \/>\n\t\t<meta name=\"twitter:site\" content=\"@i\" \/>\n\t\t<meta name=\"twitter:title\" content=\"La transformation en sp\u00e9cialiste du climat int\u00e9rieur porte ses fruits - immo!nvest - Die Plattform f\u00fcr Standorte und Immobilien\" \/>\n\t\t<meta name=\"twitter:description\" content=\"Le groupe Zehnder, actif dans le domaine du climat int\u00e9rieur, a augment\u00e9 son chiffre d&#039;affaires \u00e0 760,7 millions d&#039;euros au cours de l&#039;exercice 2025, soit une hausse de 8 % par rapport \u00e0 l&#039;ann\u00e9e pr\u00e9c\u00e9dente. Le segment de la ventilation a notamment enregistr\u00e9 une forte demande, tandis que le chiffre d&#039;affaires du segment des radiateurs a continu\u00e9 de baisser.\" \/>\n\t\t<meta name=\"twitter:creator\" content=\"@i\" \/>\n\t\t<meta name=\"twitter:image\" content=\"https:\/\/www.immo-invest.ch\/wp-content\/uploads\/2026\/02\/banoviag_modern_building_ventilation_system_installation_in_c_edb16c4e-4418-40c5-aaee-828ec45ac0e2_1.png\" \/>\n\t\t<script type=\"application\/ld+json\" class=\"aioseo-schema\">\n\t\t\t{\"@context\":\"https:\\\/\\\/schema.org\",\"@graph\":[{\"@type\":\"BlogPosting\",\"@id\":\"https:\\\/\\\/www.immo-invest.ch\\\/fr\\\/transformation-zum-raumklimaspezialisten-zeigt-wirkung\\\/#blogposting\",\"name\":\"La transformation en sp\\u00e9cialiste du climat int\\u00e9rieur porte ses fruits - immo!nvest - Die Plattform f\\u00fcr Standorte und Immobilien\",\"headline\":\"La transformation en sp\\u00e9cialiste du climat int\\u00e9rieur porte ses fruits\",\"author\":{\"@id\":\"https:\\\/\\\/www.immo-invest.ch\\\/fr\\\/author\\\/immovestuser\\\/#author\"},\"publisher\":{\"@id\":\"https:\\\/\\\/www.immo-invest.ch\\\/fr\\\/#organization\"},\"image\":{\"@type\":\"ImageObject\",\"url\":\"https:\\\/\\\/www.immo-invest.ch\\\/wp-content\\\/uploads\\\/2026\\\/02\\\/banoviag_modern_building_ventilation_system_installation_in_c_edb16c4e-4418-40c5-aaee-828ec45ac0e2_1.png\",\"width\":1536,\"height\":768},\"datePublished\":\"2026-03-11T08:20:00+01:00\",\"dateModified\":\"2026-03-06T10:00:52+01:00\",\"inLanguage\":\"fr-FR\",\"mainEntityOfPage\":{\"@id\":\"https:\\\/\\\/www.immo-invest.ch\\\/fr\\\/transformation-zum-raumklimaspezialisten-zeigt-wirkung\\\/#webpage\"},\"isPartOf\":{\"@id\":\"https:\\\/\\\/www.immo-invest.ch\\\/fr\\\/transformation-zum-raumklimaspezialisten-zeigt-wirkung\\\/#webpage\"},\"articleSection\":\"\\u00c9nergie, Entreprise, immoNews, Industrie du b\\u00e2timent, Energieeffizienz Gebaeude, Immoinvest, immoNews, Lueftungssysteme, News, Raumklimatechnik, Facultatif\"},{\"@type\":\"BreadcrumbList\",\"@id\":\"https:\\\/\\\/www.immo-invest.ch\\\/fr\\\/transformation-zum-raumklimaspezialisten-zeigt-wirkung\\\/#breadcrumblist\",\"itemListElement\":[{\"@type\":\"ListItem\",\"@id\":\"https:\\\/\\\/www.immo-invest.ch\\\/fr\\\/#listItem\",\"position\":1,\"name\":\"Home\",\"item\":\"https:\\\/\\\/www.immo-invest.ch\\\/fr\\\/\",\"nextItem\":{\"@type\":\"ListItem\",\"@id\":\"https:\\\/\\\/www.immo-invest.ch\\\/fr\\\/categories\\\/trends-fr\\\/#listItem\",\"name\":\"Trends\"}},{\"@type\":\"ListItem\",\"@id\":\"https:\\\/\\\/www.immo-invest.ch\\\/fr\\\/categories\\\/trends-fr\\\/#listItem\",\"position\":2,\"name\":\"Trends\",\"item\":\"https:\\\/\\\/www.immo-invest.ch\\\/fr\\\/categories\\\/trends-fr\\\/\",\"nextItem\":{\"@type\":\"ListItem\",\"@id\":\"https:\\\/\\\/www.immo-invest.ch\\\/fr\\\/categories\\\/trends-fr\\\/industrie-du-batiment\\\/#listItem\",\"name\":\"Industrie du b\\u00e2timent\"},\"previousItem\":{\"@type\":\"ListItem\",\"@id\":\"https:\\\/\\\/www.immo-invest.ch\\\/fr\\\/#listItem\",\"name\":\"Home\"}},{\"@type\":\"ListItem\",\"@id\":\"https:\\\/\\\/www.immo-invest.ch\\\/fr\\\/categories\\\/trends-fr\\\/industrie-du-batiment\\\/#listItem\",\"position\":3,\"name\":\"Industrie du b\\u00e2timent\",\"item\":\"https:\\\/\\\/www.immo-invest.ch\\\/fr\\\/categories\\\/trends-fr\\\/industrie-du-batiment\\\/\",\"nextItem\":{\"@type\":\"ListItem\",\"@id\":\"https:\\\/\\\/www.immo-invest.ch\\\/fr\\\/transformation-zum-raumklimaspezialisten-zeigt-wirkung\\\/#listItem\",\"name\":\"La transformation en sp\\u00e9cialiste du climat int\\u00e9rieur porte ses fruits\"},\"previousItem\":{\"@type\":\"ListItem\",\"@id\":\"https:\\\/\\\/www.immo-invest.ch\\\/fr\\\/categories\\\/trends-fr\\\/#listItem\",\"name\":\"Trends\"}},{\"@type\":\"ListItem\",\"@id\":\"https:\\\/\\\/www.immo-invest.ch\\\/fr\\\/transformation-zum-raumklimaspezialisten-zeigt-wirkung\\\/#listItem\",\"position\":4,\"name\":\"La transformation en sp\\u00e9cialiste du climat int\\u00e9rieur porte ses fruits\",\"previousItem\":{\"@type\":\"ListItem\",\"@id\":\"https:\\\/\\\/www.immo-invest.ch\\\/fr\\\/categories\\\/trends-fr\\\/industrie-du-batiment\\\/#listItem\",\"name\":\"Industrie du b\\u00e2timent\"}}]},{\"@type\":\"Organization\",\"@id\":\"https:\\\/\\\/www.immo-invest.ch\\\/fr\\\/#organization\",\"name\":\"immo!nvest - Die Plattform f\\u00fcr Standorte und Immobilien\",\"description\":\"Die\\u00a0Plattform f\\u00fcr Standorte und Immobilien\",\"url\":\"https:\\\/\\\/www.immo-invest.ch\\\/fr\\\/\",\"email\":\"admin@immomedia.ag\",\"telephone\":\"+41444420002\",\"logo\":{\"@type\":\"ImageObject\",\"url\":\"https:\\\/\\\/www.immo-invest.ch\\\/wp-content\\\/uploads\\\/2024\\\/09\\\/immoinvest_sm-scaled.jpg\",\"@id\":\"https:\\\/\\\/www.immo-invest.ch\\\/fr\\\/transformation-zum-raumklimaspezialisten-zeigt-wirkung\\\/#organizationLogo\",\"width\":2560,\"height\":1340},\"image\":{\"@id\":\"https:\\\/\\\/www.immo-invest.ch\\\/fr\\\/transformation-zum-raumklimaspezialisten-zeigt-wirkung\\\/#organizationLogo\"},\"sameAs\":[\"https:\\\/\\\/www.facebook.com\\\/people\\\/Immoinvest\\\/100077962920504\\\/\",\"https:\\\/\\\/x.com\\\/i\\\/flow\\\/login?redirect_after_login=immoinvest_ch\",\"https:\\\/\\\/www.instagram.com\\\/immoinvest_ch\\\/\",\"https:\\\/\\\/www.linkedin.com\\\/company\\\/immoinvest-swiss\"]},{\"@type\":\"Person\",\"@id\":\"https:\\\/\\\/www.immo-invest.ch\\\/fr\\\/author\\\/immovestuser\\\/#author\",\"url\":\"https:\\\/\\\/www.immo-invest.ch\\\/fr\\\/author\\\/immovestuser\\\/\",\"name\":\"immovestuser\",\"image\":{\"@type\":\"ImageObject\",\"@id\":\"https:\\\/\\\/www.immo-invest.ch\\\/fr\\\/transformation-zum-raumklimaspezialisten-zeigt-wirkung\\\/#authorImage\",\"url\":\"https:\\\/\\\/secure.gravatar.com\\\/avatar\\\/8e01f4d99f2eeea7a362ebb93305e1172a70e9293ba250f897a65c39f54cdd1e?s=96&d=mm&r=g\",\"width\":96,\"height\":96,\"caption\":\"immovestuser\"}},{\"@type\":\"WebPage\",\"@id\":\"https:\\\/\\\/www.immo-invest.ch\\\/fr\\\/transformation-zum-raumklimaspezialisten-zeigt-wirkung\\\/#webpage\",\"url\":\"https:\\\/\\\/www.immo-invest.ch\\\/fr\\\/transformation-zum-raumklimaspezialisten-zeigt-wirkung\\\/\",\"name\":\"La transformation en sp\\u00e9cialiste du climat int\\u00e9rieur porte ses fruits - immo!nvest - Die Plattform f\\u00fcr Standorte und Immobilien\",\"description\":\"Le groupe Zehnder, actif dans le domaine du climat int\\u00e9rieur, a augment\\u00e9 son chiffre d'affaires \\u00e0 760,7 millions d'euros au cours de l'exercice 2025, soit une hausse de 8 % par rapport \\u00e0 l'ann\\u00e9e pr\\u00e9c\\u00e9dente. Le segment de la ventilation a notamment enregistr\\u00e9 une forte demande, tandis que le chiffre d'affaires du segment des radiateurs a continu\\u00e9 de baisser.\",\"inLanguage\":\"fr-FR\",\"isPartOf\":{\"@id\":\"https:\\\/\\\/www.immo-invest.ch\\\/fr\\\/#website\"},\"breadcrumb\":{\"@id\":\"https:\\\/\\\/www.immo-invest.ch\\\/fr\\\/transformation-zum-raumklimaspezialisten-zeigt-wirkung\\\/#breadcrumblist\"},\"author\":{\"@id\":\"https:\\\/\\\/www.immo-invest.ch\\\/fr\\\/author\\\/immovestuser\\\/#author\"},\"creator\":{\"@id\":\"https:\\\/\\\/www.immo-invest.ch\\\/fr\\\/author\\\/immovestuser\\\/#author\"},\"image\":{\"@type\":\"ImageObject\",\"url\":\"https:\\\/\\\/www.immo-invest.ch\\\/wp-content\\\/uploads\\\/2026\\\/02\\\/banoviag_modern_building_ventilation_system_installation_in_c_edb16c4e-4418-40c5-aaee-828ec45ac0e2_1.png\",\"@id\":\"https:\\\/\\\/www.immo-invest.ch\\\/fr\\\/transformation-zum-raumklimaspezialisten-zeigt-wirkung\\\/#mainImage\",\"width\":1536,\"height\":768},\"primaryImageOfPage\":{\"@id\":\"https:\\\/\\\/www.immo-invest.ch\\\/fr\\\/transformation-zum-raumklimaspezialisten-zeigt-wirkung\\\/#mainImage\"},\"datePublished\":\"2026-03-11T08:20:00+01:00\",\"dateModified\":\"2026-03-06T10:00:52+01:00\"},{\"@type\":\"WebSite\",\"@id\":\"https:\\\/\\\/www.immo-invest.ch\\\/fr\\\/#website\",\"url\":\"https:\\\/\\\/www.immo-invest.ch\\\/fr\\\/\",\"name\":\"immo!nvest - Die Plattform f\\u00fcr Standorte und Immobilien\",\"description\":\"Die\\u00a0Plattform f\\u00fcr Standorte und Immobilien\",\"inLanguage\":\"fr-FR\",\"publisher\":{\"@id\":\"https:\\\/\\\/www.immo-invest.ch\\\/fr\\\/#organization\"}}]}\n\t\t<\/script>\n\t\t<!-- All in One SEO -->\n\n","aioseo_head_json":{"title":"La transformation en sp\u00e9cialiste du climat int\u00e9rieur porte ses fruits - immo!nvest - Die Plattform f\u00fcr Standorte und Immobilien","description":"Le groupe Zehnder, actif dans le domaine du climat int\u00e9rieur, a augment\u00e9 son chiffre d'affaires \u00e0 760,7 millions d'euros au cours de l'exercice 2025, soit une hausse de 8 % par rapport \u00e0 l'ann\u00e9e pr\u00e9c\u00e9dente. Le segment de la ventilation a notamment enregistr\u00e9 une forte demande, tandis que le chiffre d'affaires du segment des radiateurs a continu\u00e9 de baisser.","canonical_url":"https:\/\/www.immo-invest.ch\/fr\/transformation-zum-raumklimaspezialisten-zeigt-wirkung\/","robots":"max-image-preview:large","keywords":"","webmasterTools":{"google-site-verification":"fHJKvgWpZCR2zVBHWfkQeFXC11qieUSff0HGNYfuyLA","miscellaneous":""},"schema":{"@context":"https:\/\/schema.org","@graph":[{"@type":"BlogPosting","@id":"https:\/\/www.immo-invest.ch\/fr\/transformation-zum-raumklimaspezialisten-zeigt-wirkung\/#blogposting","name":"La transformation en sp\u00e9cialiste du climat int\u00e9rieur porte ses fruits - immo!nvest - Die Plattform f\u00fcr Standorte und Immobilien","headline":"La transformation en sp\u00e9cialiste du climat int\u00e9rieur porte ses fruits","author":{"@id":"https:\/\/www.immo-invest.ch\/fr\/author\/immovestuser\/#author"},"publisher":{"@id":"https:\/\/www.immo-invest.ch\/fr\/#organization"},"image":{"@type":"ImageObject","url":"https:\/\/www.immo-invest.ch\/wp-content\/uploads\/2026\/02\/banoviag_modern_building_ventilation_system_installation_in_c_edb16c4e-4418-40c5-aaee-828ec45ac0e2_1.png","width":1536,"height":768},"datePublished":"2026-03-11T08:20:00+01:00","dateModified":"2026-03-06T10:00:52+01:00","inLanguage":"fr-FR","mainEntityOfPage":{"@id":"https:\/\/www.immo-invest.ch\/fr\/transformation-zum-raumklimaspezialisten-zeigt-wirkung\/#webpage"},"isPartOf":{"@id":"https:\/\/www.immo-invest.ch\/fr\/transformation-zum-raumklimaspezialisten-zeigt-wirkung\/#webpage"},"articleSection":"\u00c9nergie, Entreprise, immoNews, Industrie du b\u00e2timent, Energieeffizienz Gebaeude, Immoinvest, immoNews, Lueftungssysteme, News, Raumklimatechnik, Facultatif"},{"@type":"BreadcrumbList","@id":"https:\/\/www.immo-invest.ch\/fr\/transformation-zum-raumklimaspezialisten-zeigt-wirkung\/#breadcrumblist","itemListElement":[{"@type":"ListItem","@id":"https:\/\/www.immo-invest.ch\/fr\/#listItem","position":1,"name":"Home","item":"https:\/\/www.immo-invest.ch\/fr\/","nextItem":{"@type":"ListItem","@id":"https:\/\/www.immo-invest.ch\/fr\/categories\/trends-fr\/#listItem","name":"Trends"}},{"@type":"ListItem","@id":"https:\/\/www.immo-invest.ch\/fr\/categories\/trends-fr\/#listItem","position":2,"name":"Trends","item":"https:\/\/www.immo-invest.ch\/fr\/categories\/trends-fr\/","nextItem":{"@type":"ListItem","@id":"https:\/\/www.immo-invest.ch\/fr\/categories\/trends-fr\/industrie-du-batiment\/#listItem","name":"Industrie du b\u00e2timent"},"previousItem":{"@type":"ListItem","@id":"https:\/\/www.immo-invest.ch\/fr\/#listItem","name":"Home"}},{"@type":"ListItem","@id":"https:\/\/www.immo-invest.ch\/fr\/categories\/trends-fr\/industrie-du-batiment\/#listItem","position":3,"name":"Industrie du b\u00e2timent","item":"https:\/\/www.immo-invest.ch\/fr\/categories\/trends-fr\/industrie-du-batiment\/","nextItem":{"@type":"ListItem","@id":"https:\/\/www.immo-invest.ch\/fr\/transformation-zum-raumklimaspezialisten-zeigt-wirkung\/#listItem","name":"La transformation en sp\u00e9cialiste du climat int\u00e9rieur porte ses fruits"},"previousItem":{"@type":"ListItem","@id":"https:\/\/www.immo-invest.ch\/fr\/categories\/trends-fr\/#listItem","name":"Trends"}},{"@type":"ListItem","@id":"https:\/\/www.immo-invest.ch\/fr\/transformation-zum-raumklimaspezialisten-zeigt-wirkung\/#listItem","position":4,"name":"La transformation en sp\u00e9cialiste du climat int\u00e9rieur porte ses fruits","previousItem":{"@type":"ListItem","@id":"https:\/\/www.immo-invest.ch\/fr\/categories\/trends-fr\/industrie-du-batiment\/#listItem","name":"Industrie du b\u00e2timent"}}]},{"@type":"Organization","@id":"https:\/\/www.immo-invest.ch\/fr\/#organization","name":"immo!nvest - Die Plattform f\u00fcr Standorte und Immobilien","description":"Die\u00a0Plattform f\u00fcr Standorte und Immobilien","url":"https:\/\/www.immo-invest.ch\/fr\/","email":"admin@immomedia.ag","telephone":"+41444420002","logo":{"@type":"ImageObject","url":"https:\/\/www.immo-invest.ch\/wp-content\/uploads\/2024\/09\/immoinvest_sm-scaled.jpg","@id":"https:\/\/www.immo-invest.ch\/fr\/transformation-zum-raumklimaspezialisten-zeigt-wirkung\/#organizationLogo","width":2560,"height":1340},"image":{"@id":"https:\/\/www.immo-invest.ch\/fr\/transformation-zum-raumklimaspezialisten-zeigt-wirkung\/#organizationLogo"},"sameAs":["https:\/\/www.facebook.com\/people\/Immoinvest\/100077962920504\/","https:\/\/x.com\/i\/flow\/login?redirect_after_login=immoinvest_ch","https:\/\/www.instagram.com\/immoinvest_ch\/","https:\/\/www.linkedin.com\/company\/immoinvest-swiss"]},{"@type":"Person","@id":"https:\/\/www.immo-invest.ch\/fr\/author\/immovestuser\/#author","url":"https:\/\/www.immo-invest.ch\/fr\/author\/immovestuser\/","name":"immovestuser","image":{"@type":"ImageObject","@id":"https:\/\/www.immo-invest.ch\/fr\/transformation-zum-raumklimaspezialisten-zeigt-wirkung\/#authorImage","url":"https:\/\/secure.gravatar.com\/avatar\/8e01f4d99f2eeea7a362ebb93305e1172a70e9293ba250f897a65c39f54cdd1e?s=96&d=mm&r=g","width":96,"height":96,"caption":"immovestuser"}},{"@type":"WebPage","@id":"https:\/\/www.immo-invest.ch\/fr\/transformation-zum-raumklimaspezialisten-zeigt-wirkung\/#webpage","url":"https:\/\/www.immo-invest.ch\/fr\/transformation-zum-raumklimaspezialisten-zeigt-wirkung\/","name":"La transformation en sp\u00e9cialiste du climat int\u00e9rieur porte ses fruits - immo!nvest - Die Plattform f\u00fcr Standorte und Immobilien","description":"Le groupe Zehnder, actif dans le domaine du climat int\u00e9rieur, a augment\u00e9 son chiffre d'affaires \u00e0 760,7 millions d'euros au cours de l'exercice 2025, soit une hausse de 8 % par rapport \u00e0 l'ann\u00e9e pr\u00e9c\u00e9dente. Le segment de la ventilation a notamment enregistr\u00e9 une forte demande, tandis que le chiffre d'affaires du segment des radiateurs a continu\u00e9 de baisser.","inLanguage":"fr-FR","isPartOf":{"@id":"https:\/\/www.immo-invest.ch\/fr\/#website"},"breadcrumb":{"@id":"https:\/\/www.immo-invest.ch\/fr\/transformation-zum-raumklimaspezialisten-zeigt-wirkung\/#breadcrumblist"},"author":{"@id":"https:\/\/www.immo-invest.ch\/fr\/author\/immovestuser\/#author"},"creator":{"@id":"https:\/\/www.immo-invest.ch\/fr\/author\/immovestuser\/#author"},"image":{"@type":"ImageObject","url":"https:\/\/www.immo-invest.ch\/wp-content\/uploads\/2026\/02\/banoviag_modern_building_ventilation_system_installation_in_c_edb16c4e-4418-40c5-aaee-828ec45ac0e2_1.png","@id":"https:\/\/www.immo-invest.ch\/fr\/transformation-zum-raumklimaspezialisten-zeigt-wirkung\/#mainImage","width":1536,"height":768},"primaryImageOfPage":{"@id":"https:\/\/www.immo-invest.ch\/fr\/transformation-zum-raumklimaspezialisten-zeigt-wirkung\/#mainImage"},"datePublished":"2026-03-11T08:20:00+01:00","dateModified":"2026-03-06T10:00:52+01:00"},{"@type":"WebSite","@id":"https:\/\/www.immo-invest.ch\/fr\/#website","url":"https:\/\/www.immo-invest.ch\/fr\/","name":"immo!nvest - Die Plattform f\u00fcr Standorte und Immobilien","description":"Die\u00a0Plattform f\u00fcr Standorte und Immobilien","inLanguage":"fr-FR","publisher":{"@id":"https:\/\/www.immo-invest.ch\/fr\/#organization"}}]},"og:locale":"fr_FR","og:site_name":"immo!nvest - Die Plattform f\u00fcr Standorte und Immobilien - Die\u00a0Plattform f\u00fcr Standorte und Immobilien","og:type":"article","og:title":"La transformation en sp\u00e9cialiste du climat int\u00e9rieur porte ses fruits - immo!nvest - Die Plattform f\u00fcr Standorte und Immobilien","og:description":"Le groupe Zehnder, actif dans le domaine du climat int\u00e9rieur, a augment\u00e9 son chiffre d'affaires \u00e0 760,7 millions d'euros au cours de l'exercice 2025, soit une hausse de 8 % par rapport \u00e0 l'ann\u00e9e pr\u00e9c\u00e9dente. Le segment de la ventilation a notamment enregistr\u00e9 une forte demande, tandis que le chiffre d'affaires du segment des radiateurs a continu\u00e9 de baisser.","og:url":"https:\/\/www.immo-invest.ch\/fr\/transformation-zum-raumklimaspezialisten-zeigt-wirkung\/","og:image":"https:\/\/www.immo-invest.ch\/wp-content\/uploads\/2026\/02\/banoviag_modern_building_ventilation_system_installation_in_c_edb16c4e-4418-40c5-aaee-828ec45ac0e2_1.png","og:image:secure_url":"https:\/\/www.immo-invest.ch\/wp-content\/uploads\/2026\/02\/banoviag_modern_building_ventilation_system_installation_in_c_edb16c4e-4418-40c5-aaee-828ec45ac0e2_1.png","og:image:width":1536,"og:image:height":768,"article:published_time":"2026-03-11T07:20:00+00:00","article:modified_time":"2026-03-06T09:00:52+00:00","article:publisher":"https:\/\/www.facebook.com\/people\/Immoinvest\/100077962920504\/","twitter:card":"summary_large_image","twitter:site":"@i","twitter:title":"La transformation en sp\u00e9cialiste du climat int\u00e9rieur porte ses fruits - immo!nvest - Die Plattform f\u00fcr Standorte und Immobilien","twitter:description":"Le groupe Zehnder, actif dans le domaine du climat int\u00e9rieur, a augment\u00e9 son chiffre d'affaires \u00e0 760,7 millions d'euros au cours de l'exercice 2025, soit une hausse de 8 % par rapport \u00e0 l'ann\u00e9e pr\u00e9c\u00e9dente. Le segment de la ventilation a notamment enregistr\u00e9 une forte demande, tandis que le chiffre d'affaires du segment des radiateurs a continu\u00e9 de baisser.","twitter:creator":"@i","twitter:image":"https:\/\/www.immo-invest.ch\/wp-content\/uploads\/2026\/02\/banoviag_modern_building_ventilation_system_installation_in_c_edb16c4e-4418-40c5-aaee-828ec45ac0e2_1.png"},"aioseo_meta_data":{"post_id":"150723","title":null,"description":null,"keywords":null,"keyphrases":{"focus":{"keyphrase":"","score":0,"analysis":{"keyphraseInTitle":{"score":0,"maxScore":9,"error":1}}},"additional":[]},"primary_term":null,"canonical_url":null,"og_title":null,"og_description":null,"og_object_type":"default","og_image_type":"default","og_image_url":null,"og_image_width":null,"og_image_height":null,"og_image_custom_url":null,"og_image_custom_fields":null,"og_video":"","og_custom_url":null,"og_article_section":null,"og_article_tags":null,"twitter_use_og":false,"twitter_card":"default","twitter_image_type":"default","twitter_image_url":null,"twitter_image_custom_url":null,"twitter_image_custom_fields":null,"twitter_title":null,"twitter_description":null,"schema":{"blockGraphs":[],"customGraphs":[],"default":{"data":{"Article":[],"Course":[],"Dataset":[],"FAQPage":[],"Movie":[],"Person":[],"Product":[],"ProductReview":[],"Car":[],"Recipe":[],"Service":[],"SoftwareApplication":[],"WebPage":[]},"graphName":"BlogPosting","isEnabled":true},"graphs":[]},"schema_type":"default","schema_type_options":null,"pillar_content":false,"robots_default":true,"robots_noindex":false,"robots_noarchive":false,"robots_nosnippet":false,"robots_nofollow":false,"robots_noimageindex":false,"robots_noodp":false,"robots_notranslate":false,"robots_max_snippet":"-1","robots_max_videopreview":"-1","robots_max_imagepreview":"large","priority":null,"frequency":"default","local_seo":null,"breadcrumb_settings":null,"limit_modified_date":false,"ai":{"faqs":[],"keyPoints":[],"titles":[],"descriptions":[],"socialPosts":{"email":[],"linkedin":[],"twitter":[],"facebook":[],"instagram":[]}},"created":"2026-03-06 09:00:53","updated":"2026-03-11 07:22:10","seo_analyzer_scan_date":null,"focus_keyword":null,"additional_keywords":null,"truseo_locale":null},"aioseo_breadcrumb":"<div class=\"aioseo-breadcrumbs\"><span class=\"aioseo-breadcrumb\">\n\t\t\t<a href=\"https:\/\/www.immo-invest.ch\/fr\/\" title=\"Home\">Home<\/a>\n\t\t<\/span><span class=\"aioseo-breadcrumb-separator\">&raquo;<\/span><span class=\"aioseo-breadcrumb\">\n\t\t\t<a href=\"https:\/\/www.immo-invest.ch\/fr\/categories\/trends-fr\/\" title=\"Trends\">Trends<\/a>\n\t\t<\/span><span class=\"aioseo-breadcrumb-separator\">&raquo;<\/span><span class=\"aioseo-breadcrumb\">\n\t\t\t<a href=\"https:\/\/www.immo-invest.ch\/fr\/categories\/trends-fr\/industrie-du-batiment\/\" title=\"Industrie du b\u00e2timent\">Industrie du b\u00e2timent<\/a>\n\t\t<\/span><span class=\"aioseo-breadcrumb-separator\">&raquo;<\/span><span class=\"aioseo-breadcrumb\">\n\t\t\tLa transformation en sp\u00e9cialiste du climat int\u00e9rieur porte ses fruits\n\t\t<\/span><\/div>","aioseo_breadcrumb_json":[{"label":"Home","link":"https:\/\/www.immo-invest.ch\/fr\/"},{"label":"Trends","link":"https:\/\/www.immo-invest.ch\/fr\/categories\/trends-fr\/"},{"label":"Industrie du b\u00e2timent","link":"https:\/\/www.immo-invest.ch\/fr\/categories\/trends-fr\/industrie-du-batiment\/"},{"label":"La transformation en sp\u00e9cialiste du climat int\u00e9rieur porte ses fruits","link":"https:\/\/www.immo-invest.ch\/fr\/transformation-zum-raumklimaspezialisten-zeigt-wirkung\/"}],"featured_image_src":"https:\/\/www.immo-invest.ch\/wp-content\/uploads\/2026\/02\/banoviag_modern_building_ventilation_system_installation_in_c_edb16c4e-4418-40c5-aaee-828ec45ac0e2_1-336x168.png","_links":{"self":[{"href":"https:\/\/www.immo-invest.ch\/fr\/wp-json\/wp\/v2\/posts\/150723","targetHints":{"allow":["GET"]}}],"collection":[{"href":"https:\/\/www.immo-invest.ch\/fr\/wp-json\/wp\/v2\/posts"}],"about":[{"href":"https:\/\/www.immo-invest.ch\/fr\/wp-json\/wp\/v2\/types\/post"}],"author":[{"embeddable":true,"href":"https:\/\/www.immo-invest.ch\/fr\/wp-json\/wp\/v2\/users\/2"}],"replies":[{"embeddable":true,"href":"https:\/\/www.immo-invest.ch\/fr\/wp-json\/wp\/v2\/comments?post=150723"}],"version-history":[{"count":3,"href":"https:\/\/www.immo-invest.ch\/fr\/wp-json\/wp\/v2\/posts\/150723\/revisions"}],"predecessor-version":[{"id":150733,"href":"https:\/\/www.immo-invest.ch\/fr\/wp-json\/wp\/v2\/posts\/150723\/revisions\/150733"}],"wp:featuredmedia":[{"embeddable":true,"href":"https:\/\/www.immo-invest.ch\/fr\/wp-json\/wp\/v2\/media\/150724"}],"wp:attachment":[{"href":"https:\/\/www.immo-invest.ch\/fr\/wp-json\/wp\/v2\/media?parent=150723"}],"wp:term":[{"taxonomy":"category","embeddable":true,"href":"https:\/\/www.immo-invest.ch\/fr\/wp-json\/wp\/v2\/categories?post=150723"},{"taxonomy":"post_tag","embeddable":true,"href":"https:\/\/www.immo-invest.ch\/fr\/wp-json\/wp\/v2\/tags?post=150723"}],"curies":[{"name":"wp","href":"https:\/\/api.w.org\/{rel}","templated":true}]}}