{"id":150689,"date":"2026-03-09T13:30:00","date_gmt":"2026-03-09T12:30:00","guid":{"rendered":"https:\/\/www.immo-invest.ch\/?p=150689"},"modified":"2026-03-06T09:40:22","modified_gmt":"2026-03-06T08:40:22","slug":"solarprojekt-verbindet-eigenstrom-und-regionale-investitionen","status":"publish","type":"post","link":"https:\/\/www.immo-invest.ch\/fr\/solarprojekt-verbindet-eigenstrom-und-regionale-investitionen\/","title":{"rendered":"Un projet solaire allie \u00e9lectricit\u00e9 autoproduite et investissements r\u00e9gionaux"},"content":{"rendered":"<p class=\"bodytext\">Selon un communiqu&eacute;, la <a href=\"https:\/\/www.gehoerlosendorf.ch\/\" target=\"_blank\" rel=\"noopener\">Fondation Schloss Turbenthal<\/a> permet aux particuliers et aux entreprises de participer &agrave; sa nouvelle installation solaire. Cette installation est en cours de construction sur les toits du village pour sourds. Avec 150 modules solaires, elle devrait produire 66 000 kilowattheures d&rsquo;&eacute;lectricit&eacute; par an. La moiti&eacute; de l&rsquo;&eacute;lectricit&eacute; sera consomm&eacute;e par la fondation elle-m&ecirc;me.<\/p>\n<p class=\"bodytext\">Une grande batterie d&rsquo;une puissance de 100 kilowatts permettra de stocker l&rsquo;&eacute;lectricit&eacute; les jours o&ugrave; l&rsquo;ensoleillement est important et la demande faible. Cette &eacute;lectricit&eacute; pourra ensuite &ecirc;tre utilis&eacute;e comme &eacute;nergie de r&eacute;glage par la fondation et par la soci&eacute;t&eacute; Swissgrid.<\/p>\n<p class=\"bodytext\">Les particuliers et les entreprises peuvent participer &agrave; l&rsquo;installation via la plateforme <a href=\"https:\/\/solarify.ch\/\" target=\"_blank\" rel=\"noopener\">solarify.ch<\/a>. Ils re&ccedil;oivent des paiements trimestriels sur leur investissement. &laquo; Avec ce projet, nous apportons une contribution concr&egrave;te &agrave; la durabilit&eacute; et permettons &agrave; la population de la r&eacute;gion de participer &raquo;, d&eacute;clare Marc Basler, directeur g&eacute;n&eacute;ral de la fondation Schloss Turbenthal, dans le communiqu&eacute;.<\/p>\n<p class=\"bodytext\">La soci&eacute;t&eacute; Solarify GmbH, bas&eacute;e &agrave; Berne, se charge &eacute;galement de la gestion du projet, de l&rsquo;exploitation, de l&rsquo;assurance et de l&rsquo;entretien de l&rsquo;installation, ainsi que de la commercialisation de l&rsquo;&eacute;lectricit&eacute;.<\/p>\n","protected":false},"excerpt":{"rendered":"<p>La fondation Schloss Turbenthal construit une centrale solaire sur les toits de son village pour sourds. Les personnes int\u00e9ress\u00e9es peuvent participer \u00e0 l&rsquo;installation de plus de 150 panneaux solaires via la plateforme solarify.ch. Celle-ci devrait produire 66 000 kilowattheures d&rsquo;\u00e9lectricit\u00e9 par an.<\/p>\n","protected":false},"author":2,"featured_media":150690,"comment_status":"open","ping_status":"open","sticky":false,"template":"","format":"standard","meta":{"pmpro_default_level":"","inline_featured_image":false,"_monsterinsights_skip_tracking":false,"footnotes":""},"categories":[22699,8747,743,55964],"tags":[57596,40205,872,3931,2002,57597],"class_list":["post-150689","post","type-post","status-publish","format-standard","has-post-thumbnail","hentry","category-durabilite","category-energie","category-immonews-fr","category-strategies-de-financement","tag-buergerbeteiligung-2","tag-energiespeicher-fr","tag-immoinvest-fr","tag-immonews-fr","tag-news-fr","tag-photovoltaikprojekt","pmpro-has-access"],"acf":{"bild_mit_ki_erstellt_worden":["Ja"],"lead":"La fondation Schloss Turbenthal construit une centrale solaire sur les toits de son village pour sourds. Les personnes int\u00e9ress\u00e9es peuvent participer \u00e0 l'installation de plus de 150 panneaux solaires via la plateforme solarify.ch. Celle-ci devrait produire 66 000 kilowattheures d'\u00e9lectricit\u00e9 par an.","autor":"ce\/ug","ort":"Turbenthal ZH","bildunterschrift":"","bild_im_grid":false,"gallerie":"","newsim":""},"aioseo_notices":[],"aioseo_head":"\n\t\t<!-- All in One SEO 5.0.0.1 - aioseo.com -->\n\t<meta name=\"description\" content=\"La fondation Schloss Turbenthal construit une centrale solaire sur les toits de son village pour sourds. Les personnes int\u00e9ress\u00e9es peuvent participer \u00e0 l&#039;installation de plus de 150 panneaux solaires via la plateforme solarify.ch. Celle-ci devrait produire 66 000 kilowattheures d&#039;\u00e9lectricit\u00e9 par an.\" \/>\n\t<meta name=\"robots\" content=\"max-image-preview:large\" \/>\n\t<meta name=\"author\" content=\"immovestuser\"\/>\n\t<meta name=\"google-site-verification\" content=\"fHJKvgWpZCR2zVBHWfkQeFXC11qieUSff0HGNYfuyLA\" \/>\n\t<link rel=\"canonical\" href=\"https:\/\/www.immo-invest.ch\/fr\/solarprojekt-verbindet-eigenstrom-und-regionale-investitionen\/\" \/>\n\t<meta name=\"generator\" content=\"All in One SEO (AIOSEO) 5.0.0.1\" \/>\n\t\t<meta property=\"og:locale\" content=\"fr_FR\" \/>\n\t\t<meta property=\"og:site_name\" content=\"immo!nvest - Die Plattform f\u00fcr Standorte und Immobilien - Die\u00a0Plattform f\u00fcr Standorte und Immobilien\" \/>\n\t\t<meta property=\"og:type\" content=\"article\" \/>\n\t\t<meta property=\"og:title\" content=\"Un projet solaire allie \u00e9lectricit\u00e9 autoproduite et investissements r\u00e9gionaux - immo!nvest - Die Plattform f\u00fcr Standorte und Immobilien\" \/>\n\t\t<meta property=\"og:description\" content=\"La fondation Schloss Turbenthal construit une centrale solaire sur les toits de son village pour sourds. Les personnes int\u00e9ress\u00e9es peuvent participer \u00e0 l&#039;installation de plus de 150 panneaux solaires via la plateforme solarify.ch. Celle-ci devrait produire 66 000 kilowattheures d&#039;\u00e9lectricit\u00e9 par an.\" \/>\n\t\t<meta property=\"og:url\" content=\"https:\/\/www.immo-invest.ch\/fr\/solarprojekt-verbindet-eigenstrom-und-regionale-investitionen\/\" \/>\n\t\t<meta property=\"og:image\" content=\"https:\/\/www.immo-invest.ch\/wp-content\/uploads\/2026\/02\/banoviag_solar_panels_installed_on_historic_building_rooftops_d9475c8e-d733-48e5-8860-7b8fbd7ffa18_3.png\" \/>\n\t\t<meta property=\"og:image:secure_url\" content=\"https:\/\/www.immo-invest.ch\/wp-content\/uploads\/2026\/02\/banoviag_solar_panels_installed_on_historic_building_rooftops_d9475c8e-d733-48e5-8860-7b8fbd7ffa18_3.png\" \/>\n\t\t<meta property=\"og:image:width\" content=\"1536\" \/>\n\t\t<meta property=\"og:image:height\" content=\"768\" \/>\n\t\t<meta property=\"article:published_time\" content=\"2026-03-09T12:30:00+00:00\" \/>\n\t\t<meta property=\"article:modified_time\" content=\"2026-03-06T08:40:22+00:00\" \/>\n\t\t<meta property=\"article:publisher\" content=\"https:\/\/www.facebook.com\/people\/Immoinvest\/100077962920504\/\" \/>\n\t\t<meta name=\"twitter:card\" content=\"summary_large_image\" \/>\n\t\t<meta name=\"twitter:site\" content=\"@i\" \/>\n\t\t<meta name=\"twitter:title\" content=\"Un projet solaire allie \u00e9lectricit\u00e9 autoproduite et investissements r\u00e9gionaux - immo!nvest - Die Plattform f\u00fcr Standorte und Immobilien\" \/>\n\t\t<meta name=\"twitter:description\" content=\"La fondation Schloss Turbenthal construit une centrale solaire sur les toits de son village pour sourds. Les personnes int\u00e9ress\u00e9es peuvent participer \u00e0 l&#039;installation de plus de 150 panneaux solaires via la plateforme solarify.ch. Celle-ci devrait produire 66 000 kilowattheures d&#039;\u00e9lectricit\u00e9 par an.\" \/>\n\t\t<meta name=\"twitter:creator\" content=\"@i\" \/>\n\t\t<meta name=\"twitter:image\" content=\"https:\/\/www.immo-invest.ch\/wp-content\/uploads\/2026\/02\/banoviag_solar_panels_installed_on_historic_building_rooftops_d9475c8e-d733-48e5-8860-7b8fbd7ffa18_3.png\" \/>\n\t\t<script type=\"application\/ld+json\" class=\"aioseo-schema\">\n\t\t\t{\"@context\":\"https:\\\/\\\/schema.org\",\"@graph\":[{\"@type\":\"BlogPosting\",\"@id\":\"https:\\\/\\\/www.immo-invest.ch\\\/fr\\\/solarprojekt-verbindet-eigenstrom-und-regionale-investitionen\\\/#blogposting\",\"name\":\"Un projet solaire allie \\u00e9lectricit\\u00e9 autoproduite et investissements r\\u00e9gionaux - immo!nvest - Die Plattform f\\u00fcr Standorte und Immobilien\",\"headline\":\"Un projet solaire allie \\u00e9lectricit\\u00e9 autoproduite et investissements r\\u00e9gionaux\",\"author\":{\"@id\":\"https:\\\/\\\/www.immo-invest.ch\\\/fr\\\/author\\\/immovestuser\\\/#author\"},\"publisher\":{\"@id\":\"https:\\\/\\\/www.immo-invest.ch\\\/fr\\\/#organization\"},\"image\":{\"@type\":\"ImageObject\",\"url\":\"https:\\\/\\\/www.immo-invest.ch\\\/wp-content\\\/uploads\\\/2026\\\/02\\\/banoviag_solar_panels_installed_on_historic_building_rooftops_d9475c8e-d733-48e5-8860-7b8fbd7ffa18_3.png\",\"width\":1536,\"height\":768},\"datePublished\":\"2026-03-09T13:30:00+01:00\",\"dateModified\":\"2026-03-06T09:40:22+01:00\",\"inLanguage\":\"fr-FR\",\"mainEntityOfPage\":{\"@id\":\"https:\\\/\\\/www.immo-invest.ch\\\/fr\\\/solarprojekt-verbindet-eigenstrom-und-regionale-investitionen\\\/#webpage\"},\"isPartOf\":{\"@id\":\"https:\\\/\\\/www.immo-invest.ch\\\/fr\\\/solarprojekt-verbindet-eigenstrom-und-regionale-investitionen\\\/#webpage\"},\"articleSection\":\"Durabilit\\u00e9, \\u00c9nergie, immoNews, Strat\\u00e9gies de financement, Buergerbeteiligung, Energiespeicher, Immoinvest, immoNews, News, Photovoltaikprojekt, Facultatif\"},{\"@type\":\"BreadcrumbList\",\"@id\":\"https:\\\/\\\/www.immo-invest.ch\\\/fr\\\/solarprojekt-verbindet-eigenstrom-und-regionale-investitionen\\\/#breadcrumblist\",\"itemListElement\":[{\"@type\":\"ListItem\",\"@id\":\"https:\\\/\\\/www.immo-invest.ch\\\/fr\\\/#listItem\",\"position\":1,\"name\":\"Home\",\"item\":\"https:\\\/\\\/www.immo-invest.ch\\\/fr\\\/\",\"nextItem\":{\"@type\":\"ListItem\",\"@id\":\"https:\\\/\\\/www.immo-invest.ch\\\/fr\\\/categories\\\/trends-fr\\\/#listItem\",\"name\":\"Trends\"}},{\"@type\":\"ListItem\",\"@id\":\"https:\\\/\\\/www.immo-invest.ch\\\/fr\\\/categories\\\/trends-fr\\\/#listItem\",\"position\":2,\"name\":\"Trends\",\"item\":\"https:\\\/\\\/www.immo-invest.ch\\\/fr\\\/categories\\\/trends-fr\\\/\",\"nextItem\":{\"@type\":\"ListItem\",\"@id\":\"https:\\\/\\\/www.immo-invest.ch\\\/fr\\\/categories\\\/trends-fr\\\/durabilite\\\/#listItem\",\"name\":\"Durabilit\\u00e9\"},\"previousItem\":{\"@type\":\"ListItem\",\"@id\":\"https:\\\/\\\/www.immo-invest.ch\\\/fr\\\/#listItem\",\"name\":\"Home\"}},{\"@type\":\"ListItem\",\"@id\":\"https:\\\/\\\/www.immo-invest.ch\\\/fr\\\/categories\\\/trends-fr\\\/durabilite\\\/#listItem\",\"position\":3,\"name\":\"Durabilit\\u00e9\",\"item\":\"https:\\\/\\\/www.immo-invest.ch\\\/fr\\\/categories\\\/trends-fr\\\/durabilite\\\/\",\"nextItem\":{\"@type\":\"ListItem\",\"@id\":\"https:\\\/\\\/www.immo-invest.ch\\\/fr\\\/solarprojekt-verbindet-eigenstrom-und-regionale-investitionen\\\/#listItem\",\"name\":\"Un projet solaire allie \\u00e9lectricit\\u00e9 autoproduite et investissements r\\u00e9gionaux\"},\"previousItem\":{\"@type\":\"ListItem\",\"@id\":\"https:\\\/\\\/www.immo-invest.ch\\\/fr\\\/categories\\\/trends-fr\\\/#listItem\",\"name\":\"Trends\"}},{\"@type\":\"ListItem\",\"@id\":\"https:\\\/\\\/www.immo-invest.ch\\\/fr\\\/solarprojekt-verbindet-eigenstrom-und-regionale-investitionen\\\/#listItem\",\"position\":4,\"name\":\"Un projet solaire allie \\u00e9lectricit\\u00e9 autoproduite et investissements r\\u00e9gionaux\",\"previousItem\":{\"@type\":\"ListItem\",\"@id\":\"https:\\\/\\\/www.immo-invest.ch\\\/fr\\\/categories\\\/trends-fr\\\/durabilite\\\/#listItem\",\"name\":\"Durabilit\\u00e9\"}}]},{\"@type\":\"Organization\",\"@id\":\"https:\\\/\\\/www.immo-invest.ch\\\/fr\\\/#organization\",\"name\":\"immo!nvest - Die Plattform f\\u00fcr Standorte und Immobilien\",\"description\":\"Die\\u00a0Plattform f\\u00fcr Standorte und Immobilien\",\"url\":\"https:\\\/\\\/www.immo-invest.ch\\\/fr\\\/\",\"email\":\"admin@immomedia.ag\",\"telephone\":\"+41444420002\",\"logo\":{\"@type\":\"ImageObject\",\"url\":\"https:\\\/\\\/www.immo-invest.ch\\\/wp-content\\\/uploads\\\/2024\\\/09\\\/immoinvest_sm-scaled.jpg\",\"@id\":\"https:\\\/\\\/www.immo-invest.ch\\\/fr\\\/solarprojekt-verbindet-eigenstrom-und-regionale-investitionen\\\/#organizationLogo\",\"width\":2560,\"height\":1340},\"image\":{\"@id\":\"https:\\\/\\\/www.immo-invest.ch\\\/fr\\\/solarprojekt-verbindet-eigenstrom-und-regionale-investitionen\\\/#organizationLogo\"},\"sameAs\":[\"https:\\\/\\\/www.facebook.com\\\/people\\\/Immoinvest\\\/100077962920504\\\/\",\"https:\\\/\\\/x.com\\\/i\\\/flow\\\/login?redirect_after_login=immoinvest_ch\",\"https:\\\/\\\/www.instagram.com\\\/immoinvest_ch\\\/\",\"https:\\\/\\\/www.linkedin.com\\\/company\\\/immoinvest-swiss\"]},{\"@type\":\"Person\",\"@id\":\"https:\\\/\\\/www.immo-invest.ch\\\/fr\\\/author\\\/immovestuser\\\/#author\",\"url\":\"https:\\\/\\\/www.immo-invest.ch\\\/fr\\\/author\\\/immovestuser\\\/\",\"name\":\"immovestuser\",\"image\":{\"@type\":\"ImageObject\",\"@id\":\"https:\\\/\\\/www.immo-invest.ch\\\/fr\\\/solarprojekt-verbindet-eigenstrom-und-regionale-investitionen\\\/#authorImage\",\"url\":\"https:\\\/\\\/secure.gravatar.com\\\/avatar\\\/8e01f4d99f2eeea7a362ebb93305e1172a70e9293ba250f897a65c39f54cdd1e?s=96&d=mm&r=g\",\"width\":96,\"height\":96,\"caption\":\"immovestuser\"}},{\"@type\":\"WebPage\",\"@id\":\"https:\\\/\\\/www.immo-invest.ch\\\/fr\\\/solarprojekt-verbindet-eigenstrom-und-regionale-investitionen\\\/#webpage\",\"url\":\"https:\\\/\\\/www.immo-invest.ch\\\/fr\\\/solarprojekt-verbindet-eigenstrom-und-regionale-investitionen\\\/\",\"name\":\"Un projet solaire allie \\u00e9lectricit\\u00e9 autoproduite et investissements r\\u00e9gionaux - immo!nvest - Die Plattform f\\u00fcr Standorte und Immobilien\",\"description\":\"La fondation Schloss Turbenthal construit une centrale solaire sur les toits de son village pour sourds. Les personnes int\\u00e9ress\\u00e9es peuvent participer \\u00e0 l'installation de plus de 150 panneaux solaires via la plateforme solarify.ch. Celle-ci devrait produire 66 000 kilowattheures d'\\u00e9lectricit\\u00e9 par an.\",\"inLanguage\":\"fr-FR\",\"isPartOf\":{\"@id\":\"https:\\\/\\\/www.immo-invest.ch\\\/fr\\\/#website\"},\"breadcrumb\":{\"@id\":\"https:\\\/\\\/www.immo-invest.ch\\\/fr\\\/solarprojekt-verbindet-eigenstrom-und-regionale-investitionen\\\/#breadcrumblist\"},\"author\":{\"@id\":\"https:\\\/\\\/www.immo-invest.ch\\\/fr\\\/author\\\/immovestuser\\\/#author\"},\"creator\":{\"@id\":\"https:\\\/\\\/www.immo-invest.ch\\\/fr\\\/author\\\/immovestuser\\\/#author\"},\"image\":{\"@type\":\"ImageObject\",\"url\":\"https:\\\/\\\/www.immo-invest.ch\\\/wp-content\\\/uploads\\\/2026\\\/02\\\/banoviag_solar_panels_installed_on_historic_building_rooftops_d9475c8e-d733-48e5-8860-7b8fbd7ffa18_3.png\",\"@id\":\"https:\\\/\\\/www.immo-invest.ch\\\/fr\\\/solarprojekt-verbindet-eigenstrom-und-regionale-investitionen\\\/#mainImage\",\"width\":1536,\"height\":768},\"primaryImageOfPage\":{\"@id\":\"https:\\\/\\\/www.immo-invest.ch\\\/fr\\\/solarprojekt-verbindet-eigenstrom-und-regionale-investitionen\\\/#mainImage\"},\"datePublished\":\"2026-03-09T13:30:00+01:00\",\"dateModified\":\"2026-03-06T09:40:22+01:00\"},{\"@type\":\"WebSite\",\"@id\":\"https:\\\/\\\/www.immo-invest.ch\\\/fr\\\/#website\",\"url\":\"https:\\\/\\\/www.immo-invest.ch\\\/fr\\\/\",\"name\":\"immo!nvest - Die Plattform f\\u00fcr Standorte und Immobilien\",\"description\":\"Die\\u00a0Plattform f\\u00fcr Standorte und Immobilien\",\"inLanguage\":\"fr-FR\",\"publisher\":{\"@id\":\"https:\\\/\\\/www.immo-invest.ch\\\/fr\\\/#organization\"}}]}\n\t\t<\/script>\n\t\t<!-- All in One SEO -->\n\n","aioseo_head_json":{"title":"Un projet solaire allie \u00e9lectricit\u00e9 autoproduite et investissements r\u00e9gionaux - immo!nvest - Die Plattform f\u00fcr Standorte und Immobilien","description":"La fondation Schloss Turbenthal construit une centrale solaire sur les toits de son village pour sourds. Les personnes int\u00e9ress\u00e9es peuvent participer \u00e0 l'installation de plus de 150 panneaux solaires via la plateforme solarify.ch. Celle-ci devrait produire 66 000 kilowattheures d'\u00e9lectricit\u00e9 par an.","canonical_url":"https:\/\/www.immo-invest.ch\/fr\/solarprojekt-verbindet-eigenstrom-und-regionale-investitionen\/","robots":"max-image-preview:large","keywords":"","webmasterTools":{"google-site-verification":"fHJKvgWpZCR2zVBHWfkQeFXC11qieUSff0HGNYfuyLA","miscellaneous":""},"schema":{"@context":"https:\/\/schema.org","@graph":[{"@type":"BlogPosting","@id":"https:\/\/www.immo-invest.ch\/fr\/solarprojekt-verbindet-eigenstrom-und-regionale-investitionen\/#blogposting","name":"Un projet solaire allie \u00e9lectricit\u00e9 autoproduite et investissements r\u00e9gionaux - immo!nvest - Die Plattform f\u00fcr Standorte und Immobilien","headline":"Un projet solaire allie \u00e9lectricit\u00e9 autoproduite et investissements r\u00e9gionaux","author":{"@id":"https:\/\/www.immo-invest.ch\/fr\/author\/immovestuser\/#author"},"publisher":{"@id":"https:\/\/www.immo-invest.ch\/fr\/#organization"},"image":{"@type":"ImageObject","url":"https:\/\/www.immo-invest.ch\/wp-content\/uploads\/2026\/02\/banoviag_solar_panels_installed_on_historic_building_rooftops_d9475c8e-d733-48e5-8860-7b8fbd7ffa18_3.png","width":1536,"height":768},"datePublished":"2026-03-09T13:30:00+01:00","dateModified":"2026-03-06T09:40:22+01:00","inLanguage":"fr-FR","mainEntityOfPage":{"@id":"https:\/\/www.immo-invest.ch\/fr\/solarprojekt-verbindet-eigenstrom-und-regionale-investitionen\/#webpage"},"isPartOf":{"@id":"https:\/\/www.immo-invest.ch\/fr\/solarprojekt-verbindet-eigenstrom-und-regionale-investitionen\/#webpage"},"articleSection":"Durabilit\u00e9, \u00c9nergie, immoNews, Strat\u00e9gies de financement, Buergerbeteiligung, Energiespeicher, Immoinvest, immoNews, News, Photovoltaikprojekt, Facultatif"},{"@type":"BreadcrumbList","@id":"https:\/\/www.immo-invest.ch\/fr\/solarprojekt-verbindet-eigenstrom-und-regionale-investitionen\/#breadcrumblist","itemListElement":[{"@type":"ListItem","@id":"https:\/\/www.immo-invest.ch\/fr\/#listItem","position":1,"name":"Home","item":"https:\/\/www.immo-invest.ch\/fr\/","nextItem":{"@type":"ListItem","@id":"https:\/\/www.immo-invest.ch\/fr\/categories\/trends-fr\/#listItem","name":"Trends"}},{"@type":"ListItem","@id":"https:\/\/www.immo-invest.ch\/fr\/categories\/trends-fr\/#listItem","position":2,"name":"Trends","item":"https:\/\/www.immo-invest.ch\/fr\/categories\/trends-fr\/","nextItem":{"@type":"ListItem","@id":"https:\/\/www.immo-invest.ch\/fr\/categories\/trends-fr\/durabilite\/#listItem","name":"Durabilit\u00e9"},"previousItem":{"@type":"ListItem","@id":"https:\/\/www.immo-invest.ch\/fr\/#listItem","name":"Home"}},{"@type":"ListItem","@id":"https:\/\/www.immo-invest.ch\/fr\/categories\/trends-fr\/durabilite\/#listItem","position":3,"name":"Durabilit\u00e9","item":"https:\/\/www.immo-invest.ch\/fr\/categories\/trends-fr\/durabilite\/","nextItem":{"@type":"ListItem","@id":"https:\/\/www.immo-invest.ch\/fr\/solarprojekt-verbindet-eigenstrom-und-regionale-investitionen\/#listItem","name":"Un projet solaire allie \u00e9lectricit\u00e9 autoproduite et investissements r\u00e9gionaux"},"previousItem":{"@type":"ListItem","@id":"https:\/\/www.immo-invest.ch\/fr\/categories\/trends-fr\/#listItem","name":"Trends"}},{"@type":"ListItem","@id":"https:\/\/www.immo-invest.ch\/fr\/solarprojekt-verbindet-eigenstrom-und-regionale-investitionen\/#listItem","position":4,"name":"Un projet solaire allie \u00e9lectricit\u00e9 autoproduite et investissements r\u00e9gionaux","previousItem":{"@type":"ListItem","@id":"https:\/\/www.immo-invest.ch\/fr\/categories\/trends-fr\/durabilite\/#listItem","name":"Durabilit\u00e9"}}]},{"@type":"Organization","@id":"https:\/\/www.immo-invest.ch\/fr\/#organization","name":"immo!nvest - Die Plattform f\u00fcr Standorte und Immobilien","description":"Die\u00a0Plattform f\u00fcr Standorte und Immobilien","url":"https:\/\/www.immo-invest.ch\/fr\/","email":"admin@immomedia.ag","telephone":"+41444420002","logo":{"@type":"ImageObject","url":"https:\/\/www.immo-invest.ch\/wp-content\/uploads\/2024\/09\/immoinvest_sm-scaled.jpg","@id":"https:\/\/www.immo-invest.ch\/fr\/solarprojekt-verbindet-eigenstrom-und-regionale-investitionen\/#organizationLogo","width":2560,"height":1340},"image":{"@id":"https:\/\/www.immo-invest.ch\/fr\/solarprojekt-verbindet-eigenstrom-und-regionale-investitionen\/#organizationLogo"},"sameAs":["https:\/\/www.facebook.com\/people\/Immoinvest\/100077962920504\/","https:\/\/x.com\/i\/flow\/login?redirect_after_login=immoinvest_ch","https:\/\/www.instagram.com\/immoinvest_ch\/","https:\/\/www.linkedin.com\/company\/immoinvest-swiss"]},{"@type":"Person","@id":"https:\/\/www.immo-invest.ch\/fr\/author\/immovestuser\/#author","url":"https:\/\/www.immo-invest.ch\/fr\/author\/immovestuser\/","name":"immovestuser","image":{"@type":"ImageObject","@id":"https:\/\/www.immo-invest.ch\/fr\/solarprojekt-verbindet-eigenstrom-und-regionale-investitionen\/#authorImage","url":"https:\/\/secure.gravatar.com\/avatar\/8e01f4d99f2eeea7a362ebb93305e1172a70e9293ba250f897a65c39f54cdd1e?s=96&d=mm&r=g","width":96,"height":96,"caption":"immovestuser"}},{"@type":"WebPage","@id":"https:\/\/www.immo-invest.ch\/fr\/solarprojekt-verbindet-eigenstrom-und-regionale-investitionen\/#webpage","url":"https:\/\/www.immo-invest.ch\/fr\/solarprojekt-verbindet-eigenstrom-und-regionale-investitionen\/","name":"Un projet solaire allie \u00e9lectricit\u00e9 autoproduite et investissements r\u00e9gionaux - immo!nvest - Die Plattform f\u00fcr Standorte und Immobilien","description":"La fondation Schloss Turbenthal construit une centrale solaire sur les toits de son village pour sourds. Les personnes int\u00e9ress\u00e9es peuvent participer \u00e0 l'installation de plus de 150 panneaux solaires via la plateforme solarify.ch. Celle-ci devrait produire 66 000 kilowattheures d'\u00e9lectricit\u00e9 par an.","inLanguage":"fr-FR","isPartOf":{"@id":"https:\/\/www.immo-invest.ch\/fr\/#website"},"breadcrumb":{"@id":"https:\/\/www.immo-invest.ch\/fr\/solarprojekt-verbindet-eigenstrom-und-regionale-investitionen\/#breadcrumblist"},"author":{"@id":"https:\/\/www.immo-invest.ch\/fr\/author\/immovestuser\/#author"},"creator":{"@id":"https:\/\/www.immo-invest.ch\/fr\/author\/immovestuser\/#author"},"image":{"@type":"ImageObject","url":"https:\/\/www.immo-invest.ch\/wp-content\/uploads\/2026\/02\/banoviag_solar_panels_installed_on_historic_building_rooftops_d9475c8e-d733-48e5-8860-7b8fbd7ffa18_3.png","@id":"https:\/\/www.immo-invest.ch\/fr\/solarprojekt-verbindet-eigenstrom-und-regionale-investitionen\/#mainImage","width":1536,"height":768},"primaryImageOfPage":{"@id":"https:\/\/www.immo-invest.ch\/fr\/solarprojekt-verbindet-eigenstrom-und-regionale-investitionen\/#mainImage"},"datePublished":"2026-03-09T13:30:00+01:00","dateModified":"2026-03-06T09:40:22+01:00"},{"@type":"WebSite","@id":"https:\/\/www.immo-invest.ch\/fr\/#website","url":"https:\/\/www.immo-invest.ch\/fr\/","name":"immo!nvest - Die Plattform f\u00fcr Standorte und Immobilien","description":"Die\u00a0Plattform f\u00fcr Standorte und Immobilien","inLanguage":"fr-FR","publisher":{"@id":"https:\/\/www.immo-invest.ch\/fr\/#organization"}}]},"og:locale":"fr_FR","og:site_name":"immo!nvest - Die Plattform f\u00fcr Standorte und Immobilien - Die\u00a0Plattform f\u00fcr Standorte und Immobilien","og:type":"article","og:title":"Un projet solaire allie \u00e9lectricit\u00e9 autoproduite et investissements r\u00e9gionaux - immo!nvest - Die Plattform f\u00fcr Standorte und Immobilien","og:description":"La fondation Schloss Turbenthal construit une centrale solaire sur les toits de son village pour sourds. Les personnes int\u00e9ress\u00e9es peuvent participer \u00e0 l'installation de plus de 150 panneaux solaires via la plateforme solarify.ch. Celle-ci devrait produire 66 000 kilowattheures d'\u00e9lectricit\u00e9 par an.","og:url":"https:\/\/www.immo-invest.ch\/fr\/solarprojekt-verbindet-eigenstrom-und-regionale-investitionen\/","og:image":"https:\/\/www.immo-invest.ch\/wp-content\/uploads\/2026\/02\/banoviag_solar_panels_installed_on_historic_building_rooftops_d9475c8e-d733-48e5-8860-7b8fbd7ffa18_3.png","og:image:secure_url":"https:\/\/www.immo-invest.ch\/wp-content\/uploads\/2026\/02\/banoviag_solar_panels_installed_on_historic_building_rooftops_d9475c8e-d733-48e5-8860-7b8fbd7ffa18_3.png","og:image:width":1536,"og:image:height":768,"article:published_time":"2026-03-09T12:30:00+00:00","article:modified_time":"2026-03-06T08:40:22+00:00","article:publisher":"https:\/\/www.facebook.com\/people\/Immoinvest\/100077962920504\/","twitter:card":"summary_large_image","twitter:site":"@i","twitter:title":"Un projet solaire allie \u00e9lectricit\u00e9 autoproduite et investissements r\u00e9gionaux - immo!nvest - Die Plattform f\u00fcr Standorte und Immobilien","twitter:description":"La fondation Schloss Turbenthal construit une centrale solaire sur les toits de son village pour sourds. Les personnes int\u00e9ress\u00e9es peuvent participer \u00e0 l'installation de plus de 150 panneaux solaires via la plateforme solarify.ch. Celle-ci devrait produire 66 000 kilowattheures d'\u00e9lectricit\u00e9 par an.","twitter:creator":"@i","twitter:image":"https:\/\/www.immo-invest.ch\/wp-content\/uploads\/2026\/02\/banoviag_solar_panels_installed_on_historic_building_rooftops_d9475c8e-d733-48e5-8860-7b8fbd7ffa18_3.png"},"aioseo_meta_data":{"post_id":"150689","title":null,"description":null,"keywords":null,"keyphrases":{"focus":{"keyphrase":"","score":0,"analysis":{"keyphraseInTitle":{"score":0,"maxScore":9,"error":1}}},"additional":[]},"primary_term":null,"canonical_url":null,"og_title":null,"og_description":null,"og_object_type":"default","og_image_type":"default","og_image_url":null,"og_image_width":null,"og_image_height":null,"og_image_custom_url":null,"og_image_custom_fields":null,"og_video":"","og_custom_url":null,"og_article_section":null,"og_article_tags":null,"twitter_use_og":false,"twitter_card":"default","twitter_image_type":"default","twitter_image_url":null,"twitter_image_custom_url":null,"twitter_image_custom_fields":null,"twitter_title":null,"twitter_description":null,"schema":{"blockGraphs":[],"customGraphs":[],"default":{"data":{"Article":[],"Course":[],"Dataset":[],"FAQPage":[],"Movie":[],"Person":[],"Product":[],"ProductReview":[],"Car":[],"Recipe":[],"Service":[],"SoftwareApplication":[],"WebPage":[]},"graphName":"BlogPosting","isEnabled":true},"graphs":[]},"schema_type":"default","schema_type_options":null,"pillar_content":false,"robots_default":true,"robots_noindex":false,"robots_noarchive":false,"robots_nosnippet":false,"robots_nofollow":false,"robots_noimageindex":false,"robots_noodp":false,"robots_notranslate":false,"robots_max_snippet":"-1","robots_max_videopreview":"-1","robots_max_imagepreview":"large","priority":null,"frequency":"default","local_seo":null,"breadcrumb_settings":null,"limit_modified_date":false,"ai":{"faqs":[],"keyPoints":[],"titles":[],"descriptions":[],"socialPosts":{"email":[],"linkedin":[],"twitter":[],"facebook":[],"instagram":[]}},"created":"2026-03-06 08:40:24","updated":"2026-03-09 12:44:21","seo_analyzer_scan_date":null,"focus_keyword":null,"additional_keywords":null,"truseo_locale":null},"aioseo_breadcrumb":"<div class=\"aioseo-breadcrumbs\"><span class=\"aioseo-breadcrumb\">\n\t\t\t<a href=\"https:\/\/www.immo-invest.ch\/fr\/\" title=\"Home\">Home<\/a>\n\t\t<\/span><span class=\"aioseo-breadcrumb-separator\">&raquo;<\/span><span class=\"aioseo-breadcrumb\">\n\t\t\t<a href=\"https:\/\/www.immo-invest.ch\/fr\/categories\/trends-fr\/\" title=\"Trends\">Trends<\/a>\n\t\t<\/span><span class=\"aioseo-breadcrumb-separator\">&raquo;<\/span><span class=\"aioseo-breadcrumb\">\n\t\t\t<a href=\"https:\/\/www.immo-invest.ch\/fr\/categories\/trends-fr\/durabilite\/\" title=\"Durabilit\u00e9\">Durabilit\u00e9<\/a>\n\t\t<\/span><span class=\"aioseo-breadcrumb-separator\">&raquo;<\/span><span class=\"aioseo-breadcrumb\">\n\t\t\tUn projet solaire allie \u00e9lectricit\u00e9 autoproduite et investissements r\u00e9gionaux\n\t\t<\/span><\/div>","aioseo_breadcrumb_json":[{"label":"Home","link":"https:\/\/www.immo-invest.ch\/fr\/"},{"label":"Trends","link":"https:\/\/www.immo-invest.ch\/fr\/categories\/trends-fr\/"},{"label":"Durabilit\u00e9","link":"https:\/\/www.immo-invest.ch\/fr\/categories\/trends-fr\/durabilite\/"},{"label":"Un projet solaire allie \u00e9lectricit\u00e9 autoproduite et investissements r\u00e9gionaux","link":"https:\/\/www.immo-invest.ch\/fr\/solarprojekt-verbindet-eigenstrom-und-regionale-investitionen\/"}],"featured_image_src":"https:\/\/www.immo-invest.ch\/wp-content\/uploads\/2026\/02\/banoviag_solar_panels_installed_on_historic_building_rooftops_d9475c8e-d733-48e5-8860-7b8fbd7ffa18_3-336x168.png","_links":{"self":[{"href":"https:\/\/www.immo-invest.ch\/fr\/wp-json\/wp\/v2\/posts\/150689","targetHints":{"allow":["GET"]}}],"collection":[{"href":"https:\/\/www.immo-invest.ch\/fr\/wp-json\/wp\/v2\/posts"}],"about":[{"href":"https:\/\/www.immo-invest.ch\/fr\/wp-json\/wp\/v2\/types\/post"}],"author":[{"embeddable":true,"href":"https:\/\/www.immo-invest.ch\/fr\/wp-json\/wp\/v2\/users\/2"}],"replies":[{"embeddable":true,"href":"https:\/\/www.immo-invest.ch\/fr\/wp-json\/wp\/v2\/comments?post=150689"}],"version-history":[{"count":2,"href":"https:\/\/www.immo-invest.ch\/fr\/wp-json\/wp\/v2\/posts\/150689\/revisions"}],"predecessor-version":[{"id":150697,"href":"https:\/\/www.immo-invest.ch\/fr\/wp-json\/wp\/v2\/posts\/150689\/revisions\/150697"}],"wp:featuredmedia":[{"embeddable":true,"href":"https:\/\/www.immo-invest.ch\/fr\/wp-json\/wp\/v2\/media\/150690"}],"wp:attachment":[{"href":"https:\/\/www.immo-invest.ch\/fr\/wp-json\/wp\/v2\/media?parent=150689"}],"wp:term":[{"taxonomy":"category","embeddable":true,"href":"https:\/\/www.immo-invest.ch\/fr\/wp-json\/wp\/v2\/categories?post=150689"},{"taxonomy":"post_tag","embeddable":true,"href":"https:\/\/www.immo-invest.ch\/fr\/wp-json\/wp\/v2\/tags?post=150689"}],"curies":[{"name":"wp","href":"https:\/\/api.w.org\/{rel}","templated":true}]}}