{"id":150506,"date":"2026-03-05T11:30:00","date_gmt":"2026-03-05T10:30:00","guid":{"rendered":"https:\/\/www.immo-invest.ch\/?p=150506"},"modified":"2026-03-04T09:04:45","modified_gmt":"2026-03-04T08:04:45","slug":"baustelle-fuer-alterszentrum-in-schlieren-wird-im-maerz-eingerichtet","status":"publish","type":"post","link":"https:\/\/www.immo-invest.ch\/fr\/baustelle-fuer-alterszentrum-in-schlieren-wird-im-maerz-eingerichtet\/","title":{"rendered":"Le chantier du centre pour personnes \u00e2g\u00e9es \u00e0 Schlieren sera mis en place en mars"},"content":{"rendered":"<p class=\"bodytext\">&Agrave; partir de d&eacute;but mars 2026, le chantier du nouveau centre pour personnes &acirc;g&eacute;es &laquo;<a href=\"https:\/\/www.schlieren.ch\/schluesselprojekte\/16712\" target=\"_blank\" rel=\"noopener\">Wohnen am Stadtpark &raquo;<\/a>&agrave; Schlieren sera visible pour la population. Les travaux pr&eacute;paratoires commenceront alors. Deux recours ont entra&icirc;n&eacute; un retard d&rsquo;un an, mais ils ont &eacute;t&eacute; retir&eacute;s en d&eacute;cembre 2025. Les proc&eacute;dures judiciaires sont d&eacute;sormais closes. Selon un <a href=\"https:\/\/m.schlieren.ch\/index.php?ref=search&amp;refid=383514312&amp;apid=1983925452&amp;jsr=1\" target=\"_blank\" rel=\"noopener\">communiqu&eacute;<\/a> de <a href=\"https:\/\/m.schlieren.ch\/index.php?apid=7126247\" target=\"_blank\" rel=\"noopener\">la ville de Schlieren<\/a>, le chantier peut donc &ecirc;tre mis en place et les premiers travaux de construction et de pr&eacute;paration peuvent commencer. Le premier coup de pioche officiel est pr&eacute;vu pour avril 2026. Les travaux de construction devraient &ecirc;tre termin&eacute;s fin 2028.<\/p>\n<p class=\"bodytext\">Dans le cadre du lancement des travaux, l&rsquo;aire de jeux situ&eacute;e &agrave; l&rsquo;extr&eacute;mit&eacute; ouest du parc municipal sera &eacute;galement d&eacute;mantel&eacute;e &agrave; partir de d&eacute;but mars. Comme l&rsquo;indique la ville, une nouvelle aire de jeux municipale est d&eacute;j&agrave; en cours de construction pr&egrave;s du St&uuml;rmeierhuus. Elle devrait &ecirc;tre termin&eacute;e en avril.<\/p>\n<p class=\"bodytext\">Lors du r&eacute;f&eacute;rendum du 12 mars 2023, un cr&eacute;dit de 44,32 millions de francs pour la construction du nouveau centre pour personnes &acirc;g&eacute;es a &eacute;t&eacute; clairement approuv&eacute; avec 76,6 % de voix favorables. Comme le souligne la ville, il &laquo; contribue de mani&egrave;re importante &agrave; garantir des soins et une prise en charge modernes, adapt&eacute;s aux besoins et proches du lieu de r&eacute;sidence des personnes &acirc;g&eacute;es &raquo;.<\/p>\n","protected":false},"excerpt":{"rendered":"<p>Les travaux pr\u00e9paratoires pour le nouveau centre pour personnes \u00e2g\u00e9es \u00ab Wohnen am Stadtpark \u00bb \u00e0 Schlieren d\u00e9buteront en mars. Le retrait de deux recours en d\u00e9cembre 2025 a ouvert la voie \u00e0 ce projet. Le premier coup de pioche officiel est pr\u00e9vu en avril. <\/p>\n","protected":false},"author":2,"featured_media":150507,"comment_status":"open","ping_status":"open","sticky":false,"template":"","format":"standard","meta":{"pmpro_default_level":"","inline_featured_image":false,"_monsterinsights_skip_tracking":false,"footnotes":""},"categories":[743,9824,56027,55979],"tags":[7853,872,3931,22943,2002,57563],"class_list":["post-150506","post","type-post","status-publish","format-standard","has-post-thumbnail","hentry","category-immonews-fr","category-nouvelle-construction","category-planification-developpement","category-promotion-du-site","tag-alterszentrum-fr","tag-immoinvest-fr","tag-immonews-fr","tag-neubauprojekt-fr","tag-news-fr","tag-pflegeinfrastruktur","pmpro-has-access"],"acf":{"bild_mit_ki_erstellt_worden":["Ja"],"lead":"Les travaux pr\u00e9paratoires pour le nouveau centre pour personnes \u00e2g\u00e9es \u00ab Wohnen am Stadtpark \u00bb \u00e0 Schlieren d\u00e9buteront en mars. Le retrait de deux recours en d\u00e9cembre 2025 a ouvert la voie \u00e0 ce projet. Le premier coup de pioche officiel est pr\u00e9vu en avril. ","autor":"ce\/mm","ort":"Schlieren ZH","bildunterschrift":"","bild_im_grid":false,"gallerie":"","newsim":""},"aioseo_notices":[],"aioseo_head":"\n\t\t<!-- All in One SEO 5.0.0.1 - aioseo.com -->\n\t<meta name=\"description\" content=\"Les travaux pr\u00e9paratoires pour le nouveau centre pour personnes \u00e2g\u00e9es \u00ab Wohnen am Stadtpark \u00bb \u00e0 Schlieren d\u00e9buteront en mars. Le retrait de deux recours en d\u00e9cembre 2025 a ouvert la voie \u00e0 ce projet. Le premier coup de pioche officiel est pr\u00e9vu en avril.\" \/>\n\t<meta name=\"robots\" content=\"max-image-preview:large\" \/>\n\t<meta name=\"author\" content=\"immovestuser\"\/>\n\t<meta name=\"google-site-verification\" content=\"fHJKvgWpZCR2zVBHWfkQeFXC11qieUSff0HGNYfuyLA\" \/>\n\t<link rel=\"canonical\" href=\"https:\/\/www.immo-invest.ch\/fr\/baustelle-fuer-alterszentrum-in-schlieren-wird-im-maerz-eingerichtet\/\" \/>\n\t<meta name=\"generator\" content=\"All in One SEO (AIOSEO) 5.0.0.1\" \/>\n\t\t<meta property=\"og:locale\" content=\"fr_FR\" \/>\n\t\t<meta property=\"og:site_name\" content=\"immo!nvest - Die Plattform f\u00fcr Standorte und Immobilien - Die\u00a0Plattform f\u00fcr Standorte und Immobilien\" \/>\n\t\t<meta property=\"og:type\" content=\"article\" \/>\n\t\t<meta property=\"og:title\" content=\"Le chantier du centre pour personnes \u00e2g\u00e9es \u00e0 Schlieren sera mis en place en mars - immo!nvest - Die Plattform f\u00fcr Standorte und Immobilien\" \/>\n\t\t<meta property=\"og:description\" content=\"Les travaux pr\u00e9paratoires pour le nouveau centre pour personnes \u00e2g\u00e9es \u00ab Wohnen am Stadtpark \u00bb \u00e0 Schlieren d\u00e9buteront en mars. Le retrait de deux recours en d\u00e9cembre 2025 a ouvert la voie \u00e0 ce projet. Le premier coup de pioche officiel est pr\u00e9vu en avril.\" \/>\n\t\t<meta property=\"og:url\" content=\"https:\/\/www.immo-invest.ch\/fr\/baustelle-fuer-alterszentrum-in-schlieren-wird-im-maerz-eingerichtet\/\" \/>\n\t\t<meta property=\"og:image\" content=\"https:\/\/www.immo-invest.ch\/wp-content\/uploads\/2026\/03\/banoviag_modern_senior_living_and_care_residence_building_nex_f77cc725-a45d-417f-a2bc-357bb3cc0802_2.png\" \/>\n\t\t<meta property=\"og:image:secure_url\" content=\"https:\/\/www.immo-invest.ch\/wp-content\/uploads\/2026\/03\/banoviag_modern_senior_living_and_care_residence_building_nex_f77cc725-a45d-417f-a2bc-357bb3cc0802_2.png\" \/>\n\t\t<meta property=\"og:image:width\" content=\"1536\" \/>\n\t\t<meta property=\"og:image:height\" content=\"768\" \/>\n\t\t<meta property=\"article:published_time\" content=\"2026-03-05T10:30:00+00:00\" \/>\n\t\t<meta property=\"article:modified_time\" content=\"2026-03-04T08:04:45+00:00\" \/>\n\t\t<meta property=\"article:publisher\" content=\"https:\/\/www.facebook.com\/people\/Immoinvest\/100077962920504\/\" \/>\n\t\t<meta name=\"twitter:card\" content=\"summary_large_image\" \/>\n\t\t<meta name=\"twitter:site\" content=\"@i\" \/>\n\t\t<meta name=\"twitter:title\" content=\"Le chantier du centre pour personnes \u00e2g\u00e9es \u00e0 Schlieren sera mis en place en mars - immo!nvest - Die Plattform f\u00fcr Standorte und Immobilien\" \/>\n\t\t<meta name=\"twitter:description\" content=\"Les travaux pr\u00e9paratoires pour le nouveau centre pour personnes \u00e2g\u00e9es \u00ab Wohnen am Stadtpark \u00bb \u00e0 Schlieren d\u00e9buteront en mars. Le retrait de deux recours en d\u00e9cembre 2025 a ouvert la voie \u00e0 ce projet. Le premier coup de pioche officiel est pr\u00e9vu en avril.\" \/>\n\t\t<meta name=\"twitter:creator\" content=\"@i\" \/>\n\t\t<meta name=\"twitter:image\" content=\"https:\/\/www.immo-invest.ch\/wp-content\/uploads\/2026\/03\/banoviag_modern_senior_living_and_care_residence_building_nex_f77cc725-a45d-417f-a2bc-357bb3cc0802_2.png\" \/>\n\t\t<script type=\"application\/ld+json\" class=\"aioseo-schema\">\n\t\t\t{\"@context\":\"https:\\\/\\\/schema.org\",\"@graph\":[{\"@type\":\"BlogPosting\",\"@id\":\"https:\\\/\\\/www.immo-invest.ch\\\/fr\\\/baustelle-fuer-alterszentrum-in-schlieren-wird-im-maerz-eingerichtet\\\/#blogposting\",\"name\":\"Le chantier du centre pour personnes \\u00e2g\\u00e9es \\u00e0 Schlieren sera mis en place en mars - immo!nvest - Die Plattform f\\u00fcr Standorte und Immobilien\",\"headline\":\"Le chantier du centre pour personnes \\u00e2g\\u00e9es \\u00e0 Schlieren sera mis en place en mars\",\"author\":{\"@id\":\"https:\\\/\\\/www.immo-invest.ch\\\/fr\\\/author\\\/immovestuser\\\/#author\"},\"publisher\":{\"@id\":\"https:\\\/\\\/www.immo-invest.ch\\\/fr\\\/#organization\"},\"image\":{\"@type\":\"ImageObject\",\"url\":\"https:\\\/\\\/www.immo-invest.ch\\\/wp-content\\\/uploads\\\/2026\\\/03\\\/banoviag_modern_senior_living_and_care_residence_building_nex_f77cc725-a45d-417f-a2bc-357bb3cc0802_2.png\",\"width\":1536,\"height\":768},\"datePublished\":\"2026-03-05T11:30:00+01:00\",\"dateModified\":\"2026-03-04T09:04:45+01:00\",\"inLanguage\":\"fr-FR\",\"mainEntityOfPage\":{\"@id\":\"https:\\\/\\\/www.immo-invest.ch\\\/fr\\\/baustelle-fuer-alterszentrum-in-schlieren-wird-im-maerz-eingerichtet\\\/#webpage\"},\"isPartOf\":{\"@id\":\"https:\\\/\\\/www.immo-invest.ch\\\/fr\\\/baustelle-fuer-alterszentrum-in-schlieren-wird-im-maerz-eingerichtet\\\/#webpage\"},\"articleSection\":\"immoNews, Nouvelle construction, Planification \\\/ D\\u00e9veloppement, Promotion du site, Alterszentrum, Immoinvest, immoNews, Neubauprojekt, News, Pflegeinfrastruktur, Facultatif\"},{\"@type\":\"BreadcrumbList\",\"@id\":\"https:\\\/\\\/www.immo-invest.ch\\\/fr\\\/baustelle-fuer-alterszentrum-in-schlieren-wird-im-maerz-eingerichtet\\\/#breadcrumblist\",\"itemListElement\":[{\"@type\":\"ListItem\",\"@id\":\"https:\\\/\\\/www.immo-invest.ch\\\/fr\\\/#listItem\",\"position\":1,\"name\":\"Home\",\"item\":\"https:\\\/\\\/www.immo-invest.ch\\\/fr\\\/\",\"nextItem\":{\"@type\":\"ListItem\",\"@id\":\"https:\\\/\\\/www.immo-invest.ch\\\/fr\\\/categories\\\/projects\\\/#listItem\",\"name\":\"Projects\"}},{\"@type\":\"ListItem\",\"@id\":\"https:\\\/\\\/www.immo-invest.ch\\\/fr\\\/categories\\\/projects\\\/#listItem\",\"position\":2,\"name\":\"Projects\",\"item\":\"https:\\\/\\\/www.immo-invest.ch\\\/fr\\\/categories\\\/projects\\\/\",\"nextItem\":{\"@type\":\"ListItem\",\"@id\":\"https:\\\/\\\/www.immo-invest.ch\\\/fr\\\/categories\\\/projects\\\/nouvelle-construction\\\/#listItem\",\"name\":\"Nouvelle construction\"},\"previousItem\":{\"@type\":\"ListItem\",\"@id\":\"https:\\\/\\\/www.immo-invest.ch\\\/fr\\\/#listItem\",\"name\":\"Home\"}},{\"@type\":\"ListItem\",\"@id\":\"https:\\\/\\\/www.immo-invest.ch\\\/fr\\\/categories\\\/projects\\\/nouvelle-construction\\\/#listItem\",\"position\":3,\"name\":\"Nouvelle construction\",\"item\":\"https:\\\/\\\/www.immo-invest.ch\\\/fr\\\/categories\\\/projects\\\/nouvelle-construction\\\/\",\"nextItem\":{\"@type\":\"ListItem\",\"@id\":\"https:\\\/\\\/www.immo-invest.ch\\\/fr\\\/baustelle-fuer-alterszentrum-in-schlieren-wird-im-maerz-eingerichtet\\\/#listItem\",\"name\":\"Le chantier du centre pour personnes \\u00e2g\\u00e9es \\u00e0 Schlieren sera mis en place en mars\"},\"previousItem\":{\"@type\":\"ListItem\",\"@id\":\"https:\\\/\\\/www.immo-invest.ch\\\/fr\\\/categories\\\/projects\\\/#listItem\",\"name\":\"Projects\"}},{\"@type\":\"ListItem\",\"@id\":\"https:\\\/\\\/www.immo-invest.ch\\\/fr\\\/baustelle-fuer-alterszentrum-in-schlieren-wird-im-maerz-eingerichtet\\\/#listItem\",\"position\":4,\"name\":\"Le chantier du centre pour personnes \\u00e2g\\u00e9es \\u00e0 Schlieren sera mis en place en mars\",\"previousItem\":{\"@type\":\"ListItem\",\"@id\":\"https:\\\/\\\/www.immo-invest.ch\\\/fr\\\/categories\\\/projects\\\/nouvelle-construction\\\/#listItem\",\"name\":\"Nouvelle construction\"}}]},{\"@type\":\"Organization\",\"@id\":\"https:\\\/\\\/www.immo-invest.ch\\\/fr\\\/#organization\",\"name\":\"immo!nvest - Die Plattform f\\u00fcr Standorte und Immobilien\",\"description\":\"Die\\u00a0Plattform f\\u00fcr Standorte und Immobilien\",\"url\":\"https:\\\/\\\/www.immo-invest.ch\\\/fr\\\/\",\"email\":\"admin@immomedia.ag\",\"telephone\":\"+41444420002\",\"logo\":{\"@type\":\"ImageObject\",\"url\":\"https:\\\/\\\/www.immo-invest.ch\\\/wp-content\\\/uploads\\\/2024\\\/09\\\/immoinvest_sm-scaled.jpg\",\"@id\":\"https:\\\/\\\/www.immo-invest.ch\\\/fr\\\/baustelle-fuer-alterszentrum-in-schlieren-wird-im-maerz-eingerichtet\\\/#organizationLogo\",\"width\":2560,\"height\":1340},\"image\":{\"@id\":\"https:\\\/\\\/www.immo-invest.ch\\\/fr\\\/baustelle-fuer-alterszentrum-in-schlieren-wird-im-maerz-eingerichtet\\\/#organizationLogo\"},\"sameAs\":[\"https:\\\/\\\/www.facebook.com\\\/people\\\/Immoinvest\\\/100077962920504\\\/\",\"https:\\\/\\\/x.com\\\/i\\\/flow\\\/login?redirect_after_login=immoinvest_ch\",\"https:\\\/\\\/www.instagram.com\\\/immoinvest_ch\\\/\",\"https:\\\/\\\/www.linkedin.com\\\/company\\\/immoinvest-swiss\"]},{\"@type\":\"Person\",\"@id\":\"https:\\\/\\\/www.immo-invest.ch\\\/fr\\\/author\\\/immovestuser\\\/#author\",\"url\":\"https:\\\/\\\/www.immo-invest.ch\\\/fr\\\/author\\\/immovestuser\\\/\",\"name\":\"immovestuser\",\"image\":{\"@type\":\"ImageObject\",\"@id\":\"https:\\\/\\\/www.immo-invest.ch\\\/fr\\\/baustelle-fuer-alterszentrum-in-schlieren-wird-im-maerz-eingerichtet\\\/#authorImage\",\"url\":\"https:\\\/\\\/secure.gravatar.com\\\/avatar\\\/8e01f4d99f2eeea7a362ebb93305e1172a70e9293ba250f897a65c39f54cdd1e?s=96&d=mm&r=g\",\"width\":96,\"height\":96,\"caption\":\"immovestuser\"}},{\"@type\":\"WebPage\",\"@id\":\"https:\\\/\\\/www.immo-invest.ch\\\/fr\\\/baustelle-fuer-alterszentrum-in-schlieren-wird-im-maerz-eingerichtet\\\/#webpage\",\"url\":\"https:\\\/\\\/www.immo-invest.ch\\\/fr\\\/baustelle-fuer-alterszentrum-in-schlieren-wird-im-maerz-eingerichtet\\\/\",\"name\":\"Le chantier du centre pour personnes \\u00e2g\\u00e9es \\u00e0 Schlieren sera mis en place en mars - immo!nvest - Die Plattform f\\u00fcr Standorte und Immobilien\",\"description\":\"Les travaux pr\\u00e9paratoires pour le nouveau centre pour personnes \\u00e2g\\u00e9es \\u00ab Wohnen am Stadtpark \\u00bb \\u00e0 Schlieren d\\u00e9buteront en mars. Le retrait de deux recours en d\\u00e9cembre 2025 a ouvert la voie \\u00e0 ce projet. Le premier coup de pioche officiel est pr\\u00e9vu en avril.\",\"inLanguage\":\"fr-FR\",\"isPartOf\":{\"@id\":\"https:\\\/\\\/www.immo-invest.ch\\\/fr\\\/#website\"},\"breadcrumb\":{\"@id\":\"https:\\\/\\\/www.immo-invest.ch\\\/fr\\\/baustelle-fuer-alterszentrum-in-schlieren-wird-im-maerz-eingerichtet\\\/#breadcrumblist\"},\"author\":{\"@id\":\"https:\\\/\\\/www.immo-invest.ch\\\/fr\\\/author\\\/immovestuser\\\/#author\"},\"creator\":{\"@id\":\"https:\\\/\\\/www.immo-invest.ch\\\/fr\\\/author\\\/immovestuser\\\/#author\"},\"image\":{\"@type\":\"ImageObject\",\"url\":\"https:\\\/\\\/www.immo-invest.ch\\\/wp-content\\\/uploads\\\/2026\\\/03\\\/banoviag_modern_senior_living_and_care_residence_building_nex_f77cc725-a45d-417f-a2bc-357bb3cc0802_2.png\",\"@id\":\"https:\\\/\\\/www.immo-invest.ch\\\/fr\\\/baustelle-fuer-alterszentrum-in-schlieren-wird-im-maerz-eingerichtet\\\/#mainImage\",\"width\":1536,\"height\":768},\"primaryImageOfPage\":{\"@id\":\"https:\\\/\\\/www.immo-invest.ch\\\/fr\\\/baustelle-fuer-alterszentrum-in-schlieren-wird-im-maerz-eingerichtet\\\/#mainImage\"},\"datePublished\":\"2026-03-05T11:30:00+01:00\",\"dateModified\":\"2026-03-04T09:04:45+01:00\"},{\"@type\":\"WebSite\",\"@id\":\"https:\\\/\\\/www.immo-invest.ch\\\/fr\\\/#website\",\"url\":\"https:\\\/\\\/www.immo-invest.ch\\\/fr\\\/\",\"name\":\"immo!nvest - Die Plattform f\\u00fcr Standorte und Immobilien\",\"description\":\"Die\\u00a0Plattform f\\u00fcr Standorte und Immobilien\",\"inLanguage\":\"fr-FR\",\"publisher\":{\"@id\":\"https:\\\/\\\/www.immo-invest.ch\\\/fr\\\/#organization\"}}]}\n\t\t<\/script>\n\t\t<!-- All in One SEO -->\n\n","aioseo_head_json":{"title":"Le chantier du centre pour personnes \u00e2g\u00e9es \u00e0 Schlieren sera mis en place en mars - immo!nvest - Die Plattform f\u00fcr Standorte und Immobilien","description":"Les travaux pr\u00e9paratoires pour le nouveau centre pour personnes \u00e2g\u00e9es \u00ab Wohnen am Stadtpark \u00bb \u00e0 Schlieren d\u00e9buteront en mars. Le retrait de deux recours en d\u00e9cembre 2025 a ouvert la voie \u00e0 ce projet. Le premier coup de pioche officiel est pr\u00e9vu en avril.","canonical_url":"https:\/\/www.immo-invest.ch\/fr\/baustelle-fuer-alterszentrum-in-schlieren-wird-im-maerz-eingerichtet\/","robots":"max-image-preview:large","keywords":"","webmasterTools":{"google-site-verification":"fHJKvgWpZCR2zVBHWfkQeFXC11qieUSff0HGNYfuyLA","miscellaneous":""},"schema":{"@context":"https:\/\/schema.org","@graph":[{"@type":"BlogPosting","@id":"https:\/\/www.immo-invest.ch\/fr\/baustelle-fuer-alterszentrum-in-schlieren-wird-im-maerz-eingerichtet\/#blogposting","name":"Le chantier du centre pour personnes \u00e2g\u00e9es \u00e0 Schlieren sera mis en place en mars - immo!nvest - Die Plattform f\u00fcr Standorte und Immobilien","headline":"Le chantier du centre pour personnes \u00e2g\u00e9es \u00e0 Schlieren sera mis en place en mars","author":{"@id":"https:\/\/www.immo-invest.ch\/fr\/author\/immovestuser\/#author"},"publisher":{"@id":"https:\/\/www.immo-invest.ch\/fr\/#organization"},"image":{"@type":"ImageObject","url":"https:\/\/www.immo-invest.ch\/wp-content\/uploads\/2026\/03\/banoviag_modern_senior_living_and_care_residence_building_nex_f77cc725-a45d-417f-a2bc-357bb3cc0802_2.png","width":1536,"height":768},"datePublished":"2026-03-05T11:30:00+01:00","dateModified":"2026-03-04T09:04:45+01:00","inLanguage":"fr-FR","mainEntityOfPage":{"@id":"https:\/\/www.immo-invest.ch\/fr\/baustelle-fuer-alterszentrum-in-schlieren-wird-im-maerz-eingerichtet\/#webpage"},"isPartOf":{"@id":"https:\/\/www.immo-invest.ch\/fr\/baustelle-fuer-alterszentrum-in-schlieren-wird-im-maerz-eingerichtet\/#webpage"},"articleSection":"immoNews, Nouvelle construction, Planification \/ D\u00e9veloppement, Promotion du site, Alterszentrum, Immoinvest, immoNews, Neubauprojekt, News, Pflegeinfrastruktur, Facultatif"},{"@type":"BreadcrumbList","@id":"https:\/\/www.immo-invest.ch\/fr\/baustelle-fuer-alterszentrum-in-schlieren-wird-im-maerz-eingerichtet\/#breadcrumblist","itemListElement":[{"@type":"ListItem","@id":"https:\/\/www.immo-invest.ch\/fr\/#listItem","position":1,"name":"Home","item":"https:\/\/www.immo-invest.ch\/fr\/","nextItem":{"@type":"ListItem","@id":"https:\/\/www.immo-invest.ch\/fr\/categories\/projects\/#listItem","name":"Projects"}},{"@type":"ListItem","@id":"https:\/\/www.immo-invest.ch\/fr\/categories\/projects\/#listItem","position":2,"name":"Projects","item":"https:\/\/www.immo-invest.ch\/fr\/categories\/projects\/","nextItem":{"@type":"ListItem","@id":"https:\/\/www.immo-invest.ch\/fr\/categories\/projects\/nouvelle-construction\/#listItem","name":"Nouvelle construction"},"previousItem":{"@type":"ListItem","@id":"https:\/\/www.immo-invest.ch\/fr\/#listItem","name":"Home"}},{"@type":"ListItem","@id":"https:\/\/www.immo-invest.ch\/fr\/categories\/projects\/nouvelle-construction\/#listItem","position":3,"name":"Nouvelle construction","item":"https:\/\/www.immo-invest.ch\/fr\/categories\/projects\/nouvelle-construction\/","nextItem":{"@type":"ListItem","@id":"https:\/\/www.immo-invest.ch\/fr\/baustelle-fuer-alterszentrum-in-schlieren-wird-im-maerz-eingerichtet\/#listItem","name":"Le chantier du centre pour personnes \u00e2g\u00e9es \u00e0 Schlieren sera mis en place en mars"},"previousItem":{"@type":"ListItem","@id":"https:\/\/www.immo-invest.ch\/fr\/categories\/projects\/#listItem","name":"Projects"}},{"@type":"ListItem","@id":"https:\/\/www.immo-invest.ch\/fr\/baustelle-fuer-alterszentrum-in-schlieren-wird-im-maerz-eingerichtet\/#listItem","position":4,"name":"Le chantier du centre pour personnes \u00e2g\u00e9es \u00e0 Schlieren sera mis en place en mars","previousItem":{"@type":"ListItem","@id":"https:\/\/www.immo-invest.ch\/fr\/categories\/projects\/nouvelle-construction\/#listItem","name":"Nouvelle construction"}}]},{"@type":"Organization","@id":"https:\/\/www.immo-invest.ch\/fr\/#organization","name":"immo!nvest - Die Plattform f\u00fcr Standorte und Immobilien","description":"Die\u00a0Plattform f\u00fcr Standorte und Immobilien","url":"https:\/\/www.immo-invest.ch\/fr\/","email":"admin@immomedia.ag","telephone":"+41444420002","logo":{"@type":"ImageObject","url":"https:\/\/www.immo-invest.ch\/wp-content\/uploads\/2024\/09\/immoinvest_sm-scaled.jpg","@id":"https:\/\/www.immo-invest.ch\/fr\/baustelle-fuer-alterszentrum-in-schlieren-wird-im-maerz-eingerichtet\/#organizationLogo","width":2560,"height":1340},"image":{"@id":"https:\/\/www.immo-invest.ch\/fr\/baustelle-fuer-alterszentrum-in-schlieren-wird-im-maerz-eingerichtet\/#organizationLogo"},"sameAs":["https:\/\/www.facebook.com\/people\/Immoinvest\/100077962920504\/","https:\/\/x.com\/i\/flow\/login?redirect_after_login=immoinvest_ch","https:\/\/www.instagram.com\/immoinvest_ch\/","https:\/\/www.linkedin.com\/company\/immoinvest-swiss"]},{"@type":"Person","@id":"https:\/\/www.immo-invest.ch\/fr\/author\/immovestuser\/#author","url":"https:\/\/www.immo-invest.ch\/fr\/author\/immovestuser\/","name":"immovestuser","image":{"@type":"ImageObject","@id":"https:\/\/www.immo-invest.ch\/fr\/baustelle-fuer-alterszentrum-in-schlieren-wird-im-maerz-eingerichtet\/#authorImage","url":"https:\/\/secure.gravatar.com\/avatar\/8e01f4d99f2eeea7a362ebb93305e1172a70e9293ba250f897a65c39f54cdd1e?s=96&d=mm&r=g","width":96,"height":96,"caption":"immovestuser"}},{"@type":"WebPage","@id":"https:\/\/www.immo-invest.ch\/fr\/baustelle-fuer-alterszentrum-in-schlieren-wird-im-maerz-eingerichtet\/#webpage","url":"https:\/\/www.immo-invest.ch\/fr\/baustelle-fuer-alterszentrum-in-schlieren-wird-im-maerz-eingerichtet\/","name":"Le chantier du centre pour personnes \u00e2g\u00e9es \u00e0 Schlieren sera mis en place en mars - immo!nvest - Die Plattform f\u00fcr Standorte und Immobilien","description":"Les travaux pr\u00e9paratoires pour le nouveau centre pour personnes \u00e2g\u00e9es \u00ab Wohnen am Stadtpark \u00bb \u00e0 Schlieren d\u00e9buteront en mars. Le retrait de deux recours en d\u00e9cembre 2025 a ouvert la voie \u00e0 ce projet. Le premier coup de pioche officiel est pr\u00e9vu en avril.","inLanguage":"fr-FR","isPartOf":{"@id":"https:\/\/www.immo-invest.ch\/fr\/#website"},"breadcrumb":{"@id":"https:\/\/www.immo-invest.ch\/fr\/baustelle-fuer-alterszentrum-in-schlieren-wird-im-maerz-eingerichtet\/#breadcrumblist"},"author":{"@id":"https:\/\/www.immo-invest.ch\/fr\/author\/immovestuser\/#author"},"creator":{"@id":"https:\/\/www.immo-invest.ch\/fr\/author\/immovestuser\/#author"},"image":{"@type":"ImageObject","url":"https:\/\/www.immo-invest.ch\/wp-content\/uploads\/2026\/03\/banoviag_modern_senior_living_and_care_residence_building_nex_f77cc725-a45d-417f-a2bc-357bb3cc0802_2.png","@id":"https:\/\/www.immo-invest.ch\/fr\/baustelle-fuer-alterszentrum-in-schlieren-wird-im-maerz-eingerichtet\/#mainImage","width":1536,"height":768},"primaryImageOfPage":{"@id":"https:\/\/www.immo-invest.ch\/fr\/baustelle-fuer-alterszentrum-in-schlieren-wird-im-maerz-eingerichtet\/#mainImage"},"datePublished":"2026-03-05T11:30:00+01:00","dateModified":"2026-03-04T09:04:45+01:00"},{"@type":"WebSite","@id":"https:\/\/www.immo-invest.ch\/fr\/#website","url":"https:\/\/www.immo-invest.ch\/fr\/","name":"immo!nvest - Die Plattform f\u00fcr Standorte und Immobilien","description":"Die\u00a0Plattform f\u00fcr Standorte und Immobilien","inLanguage":"fr-FR","publisher":{"@id":"https:\/\/www.immo-invest.ch\/fr\/#organization"}}]},"og:locale":"fr_FR","og:site_name":"immo!nvest - Die Plattform f\u00fcr Standorte und Immobilien - Die\u00a0Plattform f\u00fcr Standorte und Immobilien","og:type":"article","og:title":"Le chantier du centre pour personnes \u00e2g\u00e9es \u00e0 Schlieren sera mis en place en mars - immo!nvest - Die Plattform f\u00fcr Standorte und Immobilien","og:description":"Les travaux pr\u00e9paratoires pour le nouveau centre pour personnes \u00e2g\u00e9es \u00ab Wohnen am Stadtpark \u00bb \u00e0 Schlieren d\u00e9buteront en mars. Le retrait de deux recours en d\u00e9cembre 2025 a ouvert la voie \u00e0 ce projet. Le premier coup de pioche officiel est pr\u00e9vu en avril.","og:url":"https:\/\/www.immo-invest.ch\/fr\/baustelle-fuer-alterszentrum-in-schlieren-wird-im-maerz-eingerichtet\/","og:image":"https:\/\/www.immo-invest.ch\/wp-content\/uploads\/2026\/03\/banoviag_modern_senior_living_and_care_residence_building_nex_f77cc725-a45d-417f-a2bc-357bb3cc0802_2.png","og:image:secure_url":"https:\/\/www.immo-invest.ch\/wp-content\/uploads\/2026\/03\/banoviag_modern_senior_living_and_care_residence_building_nex_f77cc725-a45d-417f-a2bc-357bb3cc0802_2.png","og:image:width":1536,"og:image:height":768,"article:published_time":"2026-03-05T10:30:00+00:00","article:modified_time":"2026-03-04T08:04:45+00:00","article:publisher":"https:\/\/www.facebook.com\/people\/Immoinvest\/100077962920504\/","twitter:card":"summary_large_image","twitter:site":"@i","twitter:title":"Le chantier du centre pour personnes \u00e2g\u00e9es \u00e0 Schlieren sera mis en place en mars - immo!nvest - Die Plattform f\u00fcr Standorte und Immobilien","twitter:description":"Les travaux pr\u00e9paratoires pour le nouveau centre pour personnes \u00e2g\u00e9es \u00ab Wohnen am Stadtpark \u00bb \u00e0 Schlieren d\u00e9buteront en mars. Le retrait de deux recours en d\u00e9cembre 2025 a ouvert la voie \u00e0 ce projet. Le premier coup de pioche officiel est pr\u00e9vu en avril.","twitter:creator":"@i","twitter:image":"https:\/\/www.immo-invest.ch\/wp-content\/uploads\/2026\/03\/banoviag_modern_senior_living_and_care_residence_building_nex_f77cc725-a45d-417f-a2bc-357bb3cc0802_2.png"},"aioseo_meta_data":{"post_id":"150506","title":null,"description":null,"keywords":null,"keyphrases":{"focus":{"keyphrase":"","score":0,"analysis":{"keyphraseInTitle":{"score":0,"maxScore":9,"error":1}}},"additional":[]},"primary_term":null,"canonical_url":null,"og_title":null,"og_description":null,"og_object_type":"default","og_image_type":"default","og_image_url":null,"og_image_width":null,"og_image_height":null,"og_image_custom_url":null,"og_image_custom_fields":null,"og_video":"","og_custom_url":null,"og_article_section":null,"og_article_tags":null,"twitter_use_og":false,"twitter_card":"default","twitter_image_type":"default","twitter_image_url":null,"twitter_image_custom_url":null,"twitter_image_custom_fields":null,"twitter_title":null,"twitter_description":null,"schema":{"blockGraphs":[],"customGraphs":[],"default":{"data":{"Article":[],"Course":[],"Dataset":[],"FAQPage":[],"Movie":[],"Person":[],"Product":[],"ProductReview":[],"Car":[],"Recipe":[],"Service":[],"SoftwareApplication":[],"WebPage":[]},"graphName":"BlogPosting","isEnabled":true},"graphs":[]},"schema_type":"default","schema_type_options":null,"pillar_content":false,"robots_default":true,"robots_noindex":false,"robots_noarchive":false,"robots_nosnippet":false,"robots_nofollow":false,"robots_noimageindex":false,"robots_noodp":false,"robots_notranslate":false,"robots_max_snippet":"-1","robots_max_videopreview":"-1","robots_max_imagepreview":"large","priority":null,"frequency":"default","local_seo":null,"breadcrumb_settings":null,"limit_modified_date":false,"ai":{"faqs":[],"keyPoints":[],"titles":[],"descriptions":[],"socialPosts":{"email":[],"linkedin":[],"twitter":[],"facebook":[],"instagram":[]}},"created":"2026-03-04 08:04:46","updated":"2026-03-05 10:36:55","seo_analyzer_scan_date":null,"focus_keyword":null,"additional_keywords":null,"truseo_locale":null},"aioseo_breadcrumb":"<div class=\"aioseo-breadcrumbs\"><span class=\"aioseo-breadcrumb\">\n\t\t\t<a href=\"https:\/\/www.immo-invest.ch\/fr\/\" title=\"Home\">Home<\/a>\n\t\t<\/span><span class=\"aioseo-breadcrumb-separator\">&raquo;<\/span><span class=\"aioseo-breadcrumb\">\n\t\t\t<a href=\"https:\/\/www.immo-invest.ch\/fr\/categories\/projects\/\" title=\"Projects\">Projects<\/a>\n\t\t<\/span><span class=\"aioseo-breadcrumb-separator\">&raquo;<\/span><span class=\"aioseo-breadcrumb\">\n\t\t\t<a href=\"https:\/\/www.immo-invest.ch\/fr\/categories\/projects\/nouvelle-construction\/\" title=\"Nouvelle construction\">Nouvelle construction<\/a>\n\t\t<\/span><span class=\"aioseo-breadcrumb-separator\">&raquo;<\/span><span class=\"aioseo-breadcrumb\">\n\t\t\tLe chantier du centre pour personnes \u00e2g\u00e9es \u00e0 Schlieren sera mis en place en mars\n\t\t<\/span><\/div>","aioseo_breadcrumb_json":[{"label":"Home","link":"https:\/\/www.immo-invest.ch\/fr\/"},{"label":"Projects","link":"https:\/\/www.immo-invest.ch\/fr\/categories\/projects\/"},{"label":"Nouvelle construction","link":"https:\/\/www.immo-invest.ch\/fr\/categories\/projects\/nouvelle-construction\/"},{"label":"Le chantier du centre pour personnes \u00e2g\u00e9es \u00e0 Schlieren sera mis en place en mars","link":"https:\/\/www.immo-invest.ch\/fr\/baustelle-fuer-alterszentrum-in-schlieren-wird-im-maerz-eingerichtet\/"}],"featured_image_src":"https:\/\/www.immo-invest.ch\/wp-content\/uploads\/2026\/03\/banoviag_modern_senior_living_and_care_residence_building_nex_f77cc725-a45d-417f-a2bc-357bb3cc0802_2-336x168.png","_links":{"self":[{"href":"https:\/\/www.immo-invest.ch\/fr\/wp-json\/wp\/v2\/posts\/150506","targetHints":{"allow":["GET"]}}],"collection":[{"href":"https:\/\/www.immo-invest.ch\/fr\/wp-json\/wp\/v2\/posts"}],"about":[{"href":"https:\/\/www.immo-invest.ch\/fr\/wp-json\/wp\/v2\/types\/post"}],"author":[{"embeddable":true,"href":"https:\/\/www.immo-invest.ch\/fr\/wp-json\/wp\/v2\/users\/2"}],"replies":[{"embeddable":true,"href":"https:\/\/www.immo-invest.ch\/fr\/wp-json\/wp\/v2\/comments?post=150506"}],"version-history":[{"count":2,"href":"https:\/\/www.immo-invest.ch\/fr\/wp-json\/wp\/v2\/posts\/150506\/revisions"}],"predecessor-version":[{"id":150513,"href":"https:\/\/www.immo-invest.ch\/fr\/wp-json\/wp\/v2\/posts\/150506\/revisions\/150513"}],"wp:featuredmedia":[{"embeddable":true,"href":"https:\/\/www.immo-invest.ch\/fr\/wp-json\/wp\/v2\/media\/150507"}],"wp:attachment":[{"href":"https:\/\/www.immo-invest.ch\/fr\/wp-json\/wp\/v2\/media?parent=150506"}],"wp:term":[{"taxonomy":"category","embeddable":true,"href":"https:\/\/www.immo-invest.ch\/fr\/wp-json\/wp\/v2\/categories?post=150506"},{"taxonomy":"post_tag","embeddable":true,"href":"https:\/\/www.immo-invest.ch\/fr\/wp-json\/wp\/v2\/tags?post=150506"}],"curies":[{"name":"wp","href":"https:\/\/api.w.org\/{rel}","templated":true}]}}