{"id":150065,"date":"2026-02-27T13:30:00","date_gmt":"2026-02-27T12:30:00","guid":{"rendered":"https:\/\/www.immo-invest.ch\/?p=150065"},"modified":"2026-02-25T11:15:20","modified_gmt":"2026-02-25T10:15:20","slug":"energieabsatz-entwickelt-sich-regional-unterschiedlich","status":"publish","type":"post","link":"https:\/\/www.immo-invest.ch\/fr\/energieabsatz-entwickelt-sich-regional-unterschiedlich\/","title":{"rendered":"Les ventes d&rsquo;\u00e9nergie \u00e9voluent diff\u00e9remment selon les r\u00e9gions"},"content":{"rendered":"<p class=\"bodytext\">En 2025, la soci&eacute;t&eacute; Industrielle Betriebe Interlaken AG (<a href=\"https:\/\/www.ibi.ch\" target=\"_blank\" rel=\"noopener\">IBI<\/a>) a distribu&eacute; environ 96 millions de kilowattheures d&rsquo;&eacute;lectricit&eacute; sur son r&eacute;seau. Cela correspond &agrave; une l&eacute;g&egrave;re baisse de 0,9 % par rapport &agrave; l&rsquo;ann&eacute;e pr&eacute;c&eacute;dente. Avec 13,2 millions de kilowattheures, la production propre a &eacute;t&eacute; inf&eacute;rieure de 12 % &agrave; celle de l&rsquo;ann&eacute;e pr&eacute;c&eacute;dente. Selon <a href=\"https:\/\/www.ibi.ch\/download\/pictures\/4c\/g0c8m7ble3yv21e8hjc5dofsn1bqsp\/20260212_medienmitteilung_ibi_absatzzahlen_2025.pdf\" target=\"_blank\" rel=\"noopener\">le communiqu&eacute;<\/a> du fournisseur d&rsquo;&eacute;nergie et d&rsquo;eau de la r&eacute;gion d&rsquo;Interlaken, cela s&rsquo;explique par des travaux de garantie effectu&eacute;s sur la centrale hydro&eacute;lectrique du canal navigable.<\/p>\n<p class=\"bodytext\">La baisse a &eacute;t&eacute; plus marqu&eacute;e pour le gaz. Les ventes ont chut&eacute; &agrave; 35,9 millions de kilowattheures, soit une baisse de 19,7 %. Selon IBI, les gros clients auraient notamment optimis&eacute; leurs installations ou seraient pass&eacute;s &agrave; des syst&egrave;mes de chauffage alternatifs.<\/p>\n<p class=\"bodytext\">En revanche, les ventes d&rsquo;eau ont augment&eacute; de 1,1 % par rapport &agrave; l&rsquo;ann&eacute;e pr&eacute;c&eacute;dente, pour atteindre environ 1,8 million de m&egrave;tres cubes en 2025. La part de l&rsquo;eau de source s&rsquo;&eacute;levait &agrave; 97 %, contre 99,4 % l&rsquo;ann&eacute;e pr&eacute;c&eacute;dente. Cette baisse s&rsquo;explique par des travaux de nettoyage et de r&eacute;vision sur les infrastructures de la vall&eacute;e de Saxettal.<\/p>\n<p class=\"bodytext\">Au cours de l&rsquo;ann&eacute;e sous revue, IBI a baiss&eacute; ses prix de l&rsquo;&eacute;lectricit&eacute; d&rsquo;environ 24 %. En effet, apr&egrave;s les hausses de prix observ&eacute;es &agrave; partir de mi-2022, l&rsquo;entreprise a pu &agrave; nouveau acheter de l&rsquo;&eacute;nergie &agrave; un prix plus avantageux pour 2025. De plus, la soci&eacute;t&eacute; nationale <a href=\"https:\/\/www.swissgrid.ch\/\" target=\"_blank\" rel=\"noopener\">Swissgrid<\/a> a &eacute;galement r&eacute;duit les co&ucirc;ts des services syst&egrave;me et de la r&eacute;serve d&rsquo;&eacute;lectricit&eacute;.<\/p>\n<p class=\"bodytext\">IBI est pass&eacute;e d&rsquo;un tarif double &agrave; un tarif unique au d&eacute;but de l&rsquo;ann&eacute;e 2026. Le tarif double en vigueur depuis les ann&eacute;es 60 a d&eacute;plac&eacute; une partie de la consommation d&rsquo;&eacute;lectricit&eacute; vers la nuit. Le fort d&eacute;veloppement du photovolta&iuml;que a d&eacute;sormais modifi&eacute; la logique de la production et de la consommation d&rsquo;&eacute;lectricit&eacute;, l&rsquo;&eacute;lectricit&eacute; solaire &eacute;tant inject&eacute;e dans le r&eacute;seau pendant la journ&eacute;e.<\/p>\n","protected":false},"excerpt":{"rendered":"<p>En 2025, les services industriels d&rsquo;Interlaken (IBI) ont vendu un peu moins d&rsquo;\u00e9lectricit\u00e9 et beaucoup moins de gaz. Par contre, les ventes d&rsquo;eau ont augment\u00e9. L&rsquo;entreprise a aussi baiss\u00e9 ses prix d&rsquo;\u00e9lectricit\u00e9 d&rsquo;environ 24 % et va supprimer le double tarif en 2026.<\/p>\n","protected":false},"author":2,"featured_media":150066,"comment_status":"open","ping_status":"open","sticky":false,"template":"","format":"standard","meta":{"pmpro_default_level":"","inline_featured_image":false,"_monsterinsights_skip_tracking":false,"footnotes":""},"categories":[22699,8747,743,22357],"tags":[6340,872,3931,2002,873,57466],"class_list":["post-150065","post","type-post","status-publish","format-standard","has-post-thumbnail","hentry","category-durabilite","category-energie","category-immonews-fr","category-industrie-du-batiment","tag-energieversorgung-fr","tag-immoinvest-fr","tag-immonews-fr","tag-news-fr","tag-photovoltaik-fr","tag-stromabsatz","pmpro-has-access"],"acf":{"bild_mit_ki_erstellt_worden":["Ja"],"lead":"En 2025, les services industriels d'Interlaken (IBI) ont vendu un peu moins d'\u00e9lectricit\u00e9 et beaucoup moins de gaz. Par contre, les ventes d'eau ont augment\u00e9. L'entreprise a aussi baiss\u00e9 ses prix d'\u00e9lectricit\u00e9 d'environ 24 % et va supprimer le double tarif en 2026.","autor":"ce\/as","ort":"Interlaken BE","bildunterschrift":"","bild_im_grid":false,"gallerie":"","newsim":""},"aioseo_notices":[],"aioseo_head":"\n\t\t<!-- All in One SEO 5.0.0.1 - aioseo.com -->\n\t<meta name=\"description\" content=\"En 2025, les services industriels d&#039;Interlaken (IBI) ont vendu un peu moins d&#039;\u00e9lectricit\u00e9 et beaucoup moins de gaz. Par contre, les ventes d&#039;eau ont augment\u00e9. L&#039;entreprise a aussi baiss\u00e9 ses prix d&#039;\u00e9lectricit\u00e9 d&#039;environ 24 % et va supprimer le double tarif en 2026.\" \/>\n\t<meta name=\"robots\" content=\"max-image-preview:large\" \/>\n\t<meta name=\"author\" content=\"immovestuser\"\/>\n\t<meta name=\"google-site-verification\" content=\"fHJKvgWpZCR2zVBHWfkQeFXC11qieUSff0HGNYfuyLA\" \/>\n\t<link rel=\"canonical\" href=\"https:\/\/www.immo-invest.ch\/fr\/energieabsatz-entwickelt-sich-regional-unterschiedlich\/\" \/>\n\t<meta name=\"generator\" content=\"All in One SEO (AIOSEO) 5.0.0.1\" \/>\n\t\t<meta property=\"og:locale\" content=\"fr_FR\" \/>\n\t\t<meta property=\"og:site_name\" content=\"immo!nvest - Die Plattform f\u00fcr Standorte und Immobilien - Die\u00a0Plattform f\u00fcr Standorte und Immobilien\" \/>\n\t\t<meta property=\"og:type\" content=\"article\" \/>\n\t\t<meta property=\"og:title\" content=\"Les ventes d\u2019\u00e9nergie \u00e9voluent diff\u00e9remment selon les r\u00e9gions - immo!nvest - Die Plattform f\u00fcr Standorte und Immobilien\" \/>\n\t\t<meta property=\"og:description\" content=\"En 2025, les services industriels d&#039;Interlaken (IBI) ont vendu un peu moins d&#039;\u00e9lectricit\u00e9 et beaucoup moins de gaz. Par contre, les ventes d&#039;eau ont augment\u00e9. L&#039;entreprise a aussi baiss\u00e9 ses prix d&#039;\u00e9lectricit\u00e9 d&#039;environ 24 % et va supprimer le double tarif en 2026.\" \/>\n\t\t<meta property=\"og:url\" content=\"https:\/\/www.immo-invest.ch\/fr\/energieabsatz-entwickelt-sich-regional-unterschiedlich\/\" \/>\n\t\t<meta property=\"og:image\" content=\"https:\/\/www.immo-invest.ch\/wp-content\/uploads\/2026\/02\/banoviag_regional_energy_utility_infrastructure_with_power_li_6c6d627e-af9a-4492-833c-d7d949a47173_2.png\" \/>\n\t\t<meta property=\"og:image:secure_url\" content=\"https:\/\/www.immo-invest.ch\/wp-content\/uploads\/2026\/02\/banoviag_regional_energy_utility_infrastructure_with_power_li_6c6d627e-af9a-4492-833c-d7d949a47173_2.png\" \/>\n\t\t<meta property=\"og:image:width\" content=\"1536\" \/>\n\t\t<meta property=\"og:image:height\" content=\"768\" \/>\n\t\t<meta property=\"article:published_time\" content=\"2026-02-27T12:30:00+00:00\" \/>\n\t\t<meta property=\"article:modified_time\" content=\"2026-02-25T10:15:20+00:00\" \/>\n\t\t<meta property=\"article:publisher\" content=\"https:\/\/www.facebook.com\/people\/Immoinvest\/100077962920504\/\" \/>\n\t\t<meta name=\"twitter:card\" content=\"summary_large_image\" \/>\n\t\t<meta name=\"twitter:site\" content=\"@i\" \/>\n\t\t<meta name=\"twitter:title\" content=\"Les ventes d\u2019\u00e9nergie \u00e9voluent diff\u00e9remment selon les r\u00e9gions - immo!nvest - Die Plattform f\u00fcr Standorte und Immobilien\" \/>\n\t\t<meta name=\"twitter:description\" content=\"En 2025, les services industriels d&#039;Interlaken (IBI) ont vendu un peu moins d&#039;\u00e9lectricit\u00e9 et beaucoup moins de gaz. Par contre, les ventes d&#039;eau ont augment\u00e9. L&#039;entreprise a aussi baiss\u00e9 ses prix d&#039;\u00e9lectricit\u00e9 d&#039;environ 24 % et va supprimer le double tarif en 2026.\" \/>\n\t\t<meta name=\"twitter:creator\" content=\"@i\" \/>\n\t\t<meta name=\"twitter:image\" content=\"https:\/\/www.immo-invest.ch\/wp-content\/uploads\/2026\/02\/banoviag_regional_energy_utility_infrastructure_with_power_li_6c6d627e-af9a-4492-833c-d7d949a47173_2.png\" \/>\n\t\t<script type=\"application\/ld+json\" class=\"aioseo-schema\">\n\t\t\t{\"@context\":\"https:\\\/\\\/schema.org\",\"@graph\":[{\"@type\":\"BlogPosting\",\"@id\":\"https:\\\/\\\/www.immo-invest.ch\\\/fr\\\/energieabsatz-entwickelt-sich-regional-unterschiedlich\\\/#blogposting\",\"name\":\"Les ventes d\\u2019\\u00e9nergie \\u00e9voluent diff\\u00e9remment selon les r\\u00e9gions - immo!nvest - Die Plattform f\\u00fcr Standorte und Immobilien\",\"headline\":\"Les ventes d&rsquo;\\u00e9nergie \\u00e9voluent diff\\u00e9remment selon les r\\u00e9gions\",\"author\":{\"@id\":\"https:\\\/\\\/www.immo-invest.ch\\\/fr\\\/author\\\/immovestuser\\\/#author\"},\"publisher\":{\"@id\":\"https:\\\/\\\/www.immo-invest.ch\\\/fr\\\/#organization\"},\"image\":{\"@type\":\"ImageObject\",\"url\":\"https:\\\/\\\/www.immo-invest.ch\\\/wp-content\\\/uploads\\\/2026\\\/02\\\/banoviag_regional_energy_utility_infrastructure_with_power_li_6c6d627e-af9a-4492-833c-d7d949a47173_2.png\",\"width\":1536,\"height\":768},\"datePublished\":\"2026-02-27T13:30:00+01:00\",\"dateModified\":\"2026-02-25T11:15:20+01:00\",\"inLanguage\":\"fr-FR\",\"mainEntityOfPage\":{\"@id\":\"https:\\\/\\\/www.immo-invest.ch\\\/fr\\\/energieabsatz-entwickelt-sich-regional-unterschiedlich\\\/#webpage\"},\"isPartOf\":{\"@id\":\"https:\\\/\\\/www.immo-invest.ch\\\/fr\\\/energieabsatz-entwickelt-sich-regional-unterschiedlich\\\/#webpage\"},\"articleSection\":\"Durabilit\\u00e9, \\u00c9nergie, immoNews, Industrie du b\\u00e2timent, Energieversorgung, Immoinvest, immoNews, News, Photovoltaik, Stromabsatz, Facultatif\"},{\"@type\":\"BreadcrumbList\",\"@id\":\"https:\\\/\\\/www.immo-invest.ch\\\/fr\\\/energieabsatz-entwickelt-sich-regional-unterschiedlich\\\/#breadcrumblist\",\"itemListElement\":[{\"@type\":\"ListItem\",\"@id\":\"https:\\\/\\\/www.immo-invest.ch\\\/fr\\\/#listItem\",\"position\":1,\"name\":\"Home\",\"item\":\"https:\\\/\\\/www.immo-invest.ch\\\/fr\\\/\",\"nextItem\":{\"@type\":\"ListItem\",\"@id\":\"https:\\\/\\\/www.immo-invest.ch\\\/fr\\\/categories\\\/trends-fr\\\/#listItem\",\"name\":\"Trends\"}},{\"@type\":\"ListItem\",\"@id\":\"https:\\\/\\\/www.immo-invest.ch\\\/fr\\\/categories\\\/trends-fr\\\/#listItem\",\"position\":2,\"name\":\"Trends\",\"item\":\"https:\\\/\\\/www.immo-invest.ch\\\/fr\\\/categories\\\/trends-fr\\\/\",\"nextItem\":{\"@type\":\"ListItem\",\"@id\":\"https:\\\/\\\/www.immo-invest.ch\\\/fr\\\/categories\\\/trends-fr\\\/industrie-du-batiment\\\/#listItem\",\"name\":\"Industrie du b\\u00e2timent\"},\"previousItem\":{\"@type\":\"ListItem\",\"@id\":\"https:\\\/\\\/www.immo-invest.ch\\\/fr\\\/#listItem\",\"name\":\"Home\"}},{\"@type\":\"ListItem\",\"@id\":\"https:\\\/\\\/www.immo-invest.ch\\\/fr\\\/categories\\\/trends-fr\\\/industrie-du-batiment\\\/#listItem\",\"position\":3,\"name\":\"Industrie du b\\u00e2timent\",\"item\":\"https:\\\/\\\/www.immo-invest.ch\\\/fr\\\/categories\\\/trends-fr\\\/industrie-du-batiment\\\/\",\"nextItem\":{\"@type\":\"ListItem\",\"@id\":\"https:\\\/\\\/www.immo-invest.ch\\\/fr\\\/energieabsatz-entwickelt-sich-regional-unterschiedlich\\\/#listItem\",\"name\":\"Les ventes d&rsquo;\\u00e9nergie \\u00e9voluent diff\\u00e9remment selon les r\\u00e9gions\"},\"previousItem\":{\"@type\":\"ListItem\",\"@id\":\"https:\\\/\\\/www.immo-invest.ch\\\/fr\\\/categories\\\/trends-fr\\\/#listItem\",\"name\":\"Trends\"}},{\"@type\":\"ListItem\",\"@id\":\"https:\\\/\\\/www.immo-invest.ch\\\/fr\\\/energieabsatz-entwickelt-sich-regional-unterschiedlich\\\/#listItem\",\"position\":4,\"name\":\"Les ventes d&rsquo;\\u00e9nergie \\u00e9voluent diff\\u00e9remment selon les r\\u00e9gions\",\"previousItem\":{\"@type\":\"ListItem\",\"@id\":\"https:\\\/\\\/www.immo-invest.ch\\\/fr\\\/categories\\\/trends-fr\\\/industrie-du-batiment\\\/#listItem\",\"name\":\"Industrie du b\\u00e2timent\"}}]},{\"@type\":\"Organization\",\"@id\":\"https:\\\/\\\/www.immo-invest.ch\\\/fr\\\/#organization\",\"name\":\"immo!nvest - Die Plattform f\\u00fcr Standorte und Immobilien\",\"description\":\"Die\\u00a0Plattform f\\u00fcr Standorte und Immobilien\",\"url\":\"https:\\\/\\\/www.immo-invest.ch\\\/fr\\\/\",\"email\":\"admin@immomedia.ag\",\"telephone\":\"+41444420002\",\"logo\":{\"@type\":\"ImageObject\",\"url\":\"https:\\\/\\\/www.immo-invest.ch\\\/wp-content\\\/uploads\\\/2024\\\/09\\\/immoinvest_sm-scaled.jpg\",\"@id\":\"https:\\\/\\\/www.immo-invest.ch\\\/fr\\\/energieabsatz-entwickelt-sich-regional-unterschiedlich\\\/#organizationLogo\",\"width\":2560,\"height\":1340},\"image\":{\"@id\":\"https:\\\/\\\/www.immo-invest.ch\\\/fr\\\/energieabsatz-entwickelt-sich-regional-unterschiedlich\\\/#organizationLogo\"},\"sameAs\":[\"https:\\\/\\\/www.facebook.com\\\/people\\\/Immoinvest\\\/100077962920504\\\/\",\"https:\\\/\\\/x.com\\\/i\\\/flow\\\/login?redirect_after_login=immoinvest_ch\",\"https:\\\/\\\/www.instagram.com\\\/immoinvest_ch\\\/\",\"https:\\\/\\\/www.linkedin.com\\\/company\\\/immoinvest-swiss\"]},{\"@type\":\"Person\",\"@id\":\"https:\\\/\\\/www.immo-invest.ch\\\/fr\\\/author\\\/immovestuser\\\/#author\",\"url\":\"https:\\\/\\\/www.immo-invest.ch\\\/fr\\\/author\\\/immovestuser\\\/\",\"name\":\"immovestuser\",\"image\":{\"@type\":\"ImageObject\",\"@id\":\"https:\\\/\\\/www.immo-invest.ch\\\/fr\\\/energieabsatz-entwickelt-sich-regional-unterschiedlich\\\/#authorImage\",\"url\":\"https:\\\/\\\/secure.gravatar.com\\\/avatar\\\/8e01f4d99f2eeea7a362ebb93305e1172a70e9293ba250f897a65c39f54cdd1e?s=96&d=mm&r=g\",\"width\":96,\"height\":96,\"caption\":\"immovestuser\"}},{\"@type\":\"WebPage\",\"@id\":\"https:\\\/\\\/www.immo-invest.ch\\\/fr\\\/energieabsatz-entwickelt-sich-regional-unterschiedlich\\\/#webpage\",\"url\":\"https:\\\/\\\/www.immo-invest.ch\\\/fr\\\/energieabsatz-entwickelt-sich-regional-unterschiedlich\\\/\",\"name\":\"Les ventes d\\u2019\\u00e9nergie \\u00e9voluent diff\\u00e9remment selon les r\\u00e9gions - immo!nvest - Die Plattform f\\u00fcr Standorte und Immobilien\",\"description\":\"En 2025, les services industriels d'Interlaken (IBI) ont vendu un peu moins d'\\u00e9lectricit\\u00e9 et beaucoup moins de gaz. Par contre, les ventes d'eau ont augment\\u00e9. L'entreprise a aussi baiss\\u00e9 ses prix d'\\u00e9lectricit\\u00e9 d'environ 24 % et va supprimer le double tarif en 2026.\",\"inLanguage\":\"fr-FR\",\"isPartOf\":{\"@id\":\"https:\\\/\\\/www.immo-invest.ch\\\/fr\\\/#website\"},\"breadcrumb\":{\"@id\":\"https:\\\/\\\/www.immo-invest.ch\\\/fr\\\/energieabsatz-entwickelt-sich-regional-unterschiedlich\\\/#breadcrumblist\"},\"author\":{\"@id\":\"https:\\\/\\\/www.immo-invest.ch\\\/fr\\\/author\\\/immovestuser\\\/#author\"},\"creator\":{\"@id\":\"https:\\\/\\\/www.immo-invest.ch\\\/fr\\\/author\\\/immovestuser\\\/#author\"},\"image\":{\"@type\":\"ImageObject\",\"url\":\"https:\\\/\\\/www.immo-invest.ch\\\/wp-content\\\/uploads\\\/2026\\\/02\\\/banoviag_regional_energy_utility_infrastructure_with_power_li_6c6d627e-af9a-4492-833c-d7d949a47173_2.png\",\"@id\":\"https:\\\/\\\/www.immo-invest.ch\\\/fr\\\/energieabsatz-entwickelt-sich-regional-unterschiedlich\\\/#mainImage\",\"width\":1536,\"height\":768},\"primaryImageOfPage\":{\"@id\":\"https:\\\/\\\/www.immo-invest.ch\\\/fr\\\/energieabsatz-entwickelt-sich-regional-unterschiedlich\\\/#mainImage\"},\"datePublished\":\"2026-02-27T13:30:00+01:00\",\"dateModified\":\"2026-02-25T11:15:20+01:00\"},{\"@type\":\"WebSite\",\"@id\":\"https:\\\/\\\/www.immo-invest.ch\\\/fr\\\/#website\",\"url\":\"https:\\\/\\\/www.immo-invest.ch\\\/fr\\\/\",\"name\":\"immo!nvest - Die Plattform f\\u00fcr Standorte und Immobilien\",\"description\":\"Die\\u00a0Plattform f\\u00fcr Standorte und Immobilien\",\"inLanguage\":\"fr-FR\",\"publisher\":{\"@id\":\"https:\\\/\\\/www.immo-invest.ch\\\/fr\\\/#organization\"}}]}\n\t\t<\/script>\n\t\t<!-- All in One SEO -->\n\n","aioseo_head_json":{"title":"Les ventes d\u2019\u00e9nergie \u00e9voluent diff\u00e9remment selon les r\u00e9gions - immo!nvest - Die Plattform f\u00fcr Standorte und Immobilien","description":"En 2025, les services industriels d'Interlaken (IBI) ont vendu un peu moins d'\u00e9lectricit\u00e9 et beaucoup moins de gaz. Par contre, les ventes d'eau ont augment\u00e9. L'entreprise a aussi baiss\u00e9 ses prix d'\u00e9lectricit\u00e9 d'environ 24 % et va supprimer le double tarif en 2026.","canonical_url":"https:\/\/www.immo-invest.ch\/fr\/energieabsatz-entwickelt-sich-regional-unterschiedlich\/","robots":"max-image-preview:large","keywords":"","webmasterTools":{"google-site-verification":"fHJKvgWpZCR2zVBHWfkQeFXC11qieUSff0HGNYfuyLA","miscellaneous":""},"schema":{"@context":"https:\/\/schema.org","@graph":[{"@type":"BlogPosting","@id":"https:\/\/www.immo-invest.ch\/fr\/energieabsatz-entwickelt-sich-regional-unterschiedlich\/#blogposting","name":"Les ventes d\u2019\u00e9nergie \u00e9voluent diff\u00e9remment selon les r\u00e9gions - immo!nvest - Die Plattform f\u00fcr Standorte und Immobilien","headline":"Les ventes d&rsquo;\u00e9nergie \u00e9voluent diff\u00e9remment selon les r\u00e9gions","author":{"@id":"https:\/\/www.immo-invest.ch\/fr\/author\/immovestuser\/#author"},"publisher":{"@id":"https:\/\/www.immo-invest.ch\/fr\/#organization"},"image":{"@type":"ImageObject","url":"https:\/\/www.immo-invest.ch\/wp-content\/uploads\/2026\/02\/banoviag_regional_energy_utility_infrastructure_with_power_li_6c6d627e-af9a-4492-833c-d7d949a47173_2.png","width":1536,"height":768},"datePublished":"2026-02-27T13:30:00+01:00","dateModified":"2026-02-25T11:15:20+01:00","inLanguage":"fr-FR","mainEntityOfPage":{"@id":"https:\/\/www.immo-invest.ch\/fr\/energieabsatz-entwickelt-sich-regional-unterschiedlich\/#webpage"},"isPartOf":{"@id":"https:\/\/www.immo-invest.ch\/fr\/energieabsatz-entwickelt-sich-regional-unterschiedlich\/#webpage"},"articleSection":"Durabilit\u00e9, \u00c9nergie, immoNews, Industrie du b\u00e2timent, Energieversorgung, Immoinvest, immoNews, News, Photovoltaik, Stromabsatz, Facultatif"},{"@type":"BreadcrumbList","@id":"https:\/\/www.immo-invest.ch\/fr\/energieabsatz-entwickelt-sich-regional-unterschiedlich\/#breadcrumblist","itemListElement":[{"@type":"ListItem","@id":"https:\/\/www.immo-invest.ch\/fr\/#listItem","position":1,"name":"Home","item":"https:\/\/www.immo-invest.ch\/fr\/","nextItem":{"@type":"ListItem","@id":"https:\/\/www.immo-invest.ch\/fr\/categories\/trends-fr\/#listItem","name":"Trends"}},{"@type":"ListItem","@id":"https:\/\/www.immo-invest.ch\/fr\/categories\/trends-fr\/#listItem","position":2,"name":"Trends","item":"https:\/\/www.immo-invest.ch\/fr\/categories\/trends-fr\/","nextItem":{"@type":"ListItem","@id":"https:\/\/www.immo-invest.ch\/fr\/categories\/trends-fr\/industrie-du-batiment\/#listItem","name":"Industrie du b\u00e2timent"},"previousItem":{"@type":"ListItem","@id":"https:\/\/www.immo-invest.ch\/fr\/#listItem","name":"Home"}},{"@type":"ListItem","@id":"https:\/\/www.immo-invest.ch\/fr\/categories\/trends-fr\/industrie-du-batiment\/#listItem","position":3,"name":"Industrie du b\u00e2timent","item":"https:\/\/www.immo-invest.ch\/fr\/categories\/trends-fr\/industrie-du-batiment\/","nextItem":{"@type":"ListItem","@id":"https:\/\/www.immo-invest.ch\/fr\/energieabsatz-entwickelt-sich-regional-unterschiedlich\/#listItem","name":"Les ventes d&rsquo;\u00e9nergie \u00e9voluent diff\u00e9remment selon les r\u00e9gions"},"previousItem":{"@type":"ListItem","@id":"https:\/\/www.immo-invest.ch\/fr\/categories\/trends-fr\/#listItem","name":"Trends"}},{"@type":"ListItem","@id":"https:\/\/www.immo-invest.ch\/fr\/energieabsatz-entwickelt-sich-regional-unterschiedlich\/#listItem","position":4,"name":"Les ventes d&rsquo;\u00e9nergie \u00e9voluent diff\u00e9remment selon les r\u00e9gions","previousItem":{"@type":"ListItem","@id":"https:\/\/www.immo-invest.ch\/fr\/categories\/trends-fr\/industrie-du-batiment\/#listItem","name":"Industrie du b\u00e2timent"}}]},{"@type":"Organization","@id":"https:\/\/www.immo-invest.ch\/fr\/#organization","name":"immo!nvest - Die Plattform f\u00fcr Standorte und Immobilien","description":"Die\u00a0Plattform f\u00fcr Standorte und Immobilien","url":"https:\/\/www.immo-invest.ch\/fr\/","email":"admin@immomedia.ag","telephone":"+41444420002","logo":{"@type":"ImageObject","url":"https:\/\/www.immo-invest.ch\/wp-content\/uploads\/2024\/09\/immoinvest_sm-scaled.jpg","@id":"https:\/\/www.immo-invest.ch\/fr\/energieabsatz-entwickelt-sich-regional-unterschiedlich\/#organizationLogo","width":2560,"height":1340},"image":{"@id":"https:\/\/www.immo-invest.ch\/fr\/energieabsatz-entwickelt-sich-regional-unterschiedlich\/#organizationLogo"},"sameAs":["https:\/\/www.facebook.com\/people\/Immoinvest\/100077962920504\/","https:\/\/x.com\/i\/flow\/login?redirect_after_login=immoinvest_ch","https:\/\/www.instagram.com\/immoinvest_ch\/","https:\/\/www.linkedin.com\/company\/immoinvest-swiss"]},{"@type":"Person","@id":"https:\/\/www.immo-invest.ch\/fr\/author\/immovestuser\/#author","url":"https:\/\/www.immo-invest.ch\/fr\/author\/immovestuser\/","name":"immovestuser","image":{"@type":"ImageObject","@id":"https:\/\/www.immo-invest.ch\/fr\/energieabsatz-entwickelt-sich-regional-unterschiedlich\/#authorImage","url":"https:\/\/secure.gravatar.com\/avatar\/8e01f4d99f2eeea7a362ebb93305e1172a70e9293ba250f897a65c39f54cdd1e?s=96&d=mm&r=g","width":96,"height":96,"caption":"immovestuser"}},{"@type":"WebPage","@id":"https:\/\/www.immo-invest.ch\/fr\/energieabsatz-entwickelt-sich-regional-unterschiedlich\/#webpage","url":"https:\/\/www.immo-invest.ch\/fr\/energieabsatz-entwickelt-sich-regional-unterschiedlich\/","name":"Les ventes d\u2019\u00e9nergie \u00e9voluent diff\u00e9remment selon les r\u00e9gions - immo!nvest - Die Plattform f\u00fcr Standorte und Immobilien","description":"En 2025, les services industriels d'Interlaken (IBI) ont vendu un peu moins d'\u00e9lectricit\u00e9 et beaucoup moins de gaz. Par contre, les ventes d'eau ont augment\u00e9. L'entreprise a aussi baiss\u00e9 ses prix d'\u00e9lectricit\u00e9 d'environ 24 % et va supprimer le double tarif en 2026.","inLanguage":"fr-FR","isPartOf":{"@id":"https:\/\/www.immo-invest.ch\/fr\/#website"},"breadcrumb":{"@id":"https:\/\/www.immo-invest.ch\/fr\/energieabsatz-entwickelt-sich-regional-unterschiedlich\/#breadcrumblist"},"author":{"@id":"https:\/\/www.immo-invest.ch\/fr\/author\/immovestuser\/#author"},"creator":{"@id":"https:\/\/www.immo-invest.ch\/fr\/author\/immovestuser\/#author"},"image":{"@type":"ImageObject","url":"https:\/\/www.immo-invest.ch\/wp-content\/uploads\/2026\/02\/banoviag_regional_energy_utility_infrastructure_with_power_li_6c6d627e-af9a-4492-833c-d7d949a47173_2.png","@id":"https:\/\/www.immo-invest.ch\/fr\/energieabsatz-entwickelt-sich-regional-unterschiedlich\/#mainImage","width":1536,"height":768},"primaryImageOfPage":{"@id":"https:\/\/www.immo-invest.ch\/fr\/energieabsatz-entwickelt-sich-regional-unterschiedlich\/#mainImage"},"datePublished":"2026-02-27T13:30:00+01:00","dateModified":"2026-02-25T11:15:20+01:00"},{"@type":"WebSite","@id":"https:\/\/www.immo-invest.ch\/fr\/#website","url":"https:\/\/www.immo-invest.ch\/fr\/","name":"immo!nvest - Die Plattform f\u00fcr Standorte und Immobilien","description":"Die\u00a0Plattform f\u00fcr Standorte und Immobilien","inLanguage":"fr-FR","publisher":{"@id":"https:\/\/www.immo-invest.ch\/fr\/#organization"}}]},"og:locale":"fr_FR","og:site_name":"immo!nvest - Die Plattform f\u00fcr Standorte und Immobilien - Die\u00a0Plattform f\u00fcr Standorte und Immobilien","og:type":"article","og:title":"Les ventes d\u2019\u00e9nergie \u00e9voluent diff\u00e9remment selon les r\u00e9gions - immo!nvest - Die Plattform f\u00fcr Standorte und Immobilien","og:description":"En 2025, les services industriels d'Interlaken (IBI) ont vendu un peu moins d'\u00e9lectricit\u00e9 et beaucoup moins de gaz. Par contre, les ventes d'eau ont augment\u00e9. L'entreprise a aussi baiss\u00e9 ses prix d'\u00e9lectricit\u00e9 d'environ 24 % et va supprimer le double tarif en 2026.","og:url":"https:\/\/www.immo-invest.ch\/fr\/energieabsatz-entwickelt-sich-regional-unterschiedlich\/","og:image":"https:\/\/www.immo-invest.ch\/wp-content\/uploads\/2026\/02\/banoviag_regional_energy_utility_infrastructure_with_power_li_6c6d627e-af9a-4492-833c-d7d949a47173_2.png","og:image:secure_url":"https:\/\/www.immo-invest.ch\/wp-content\/uploads\/2026\/02\/banoviag_regional_energy_utility_infrastructure_with_power_li_6c6d627e-af9a-4492-833c-d7d949a47173_2.png","og:image:width":1536,"og:image:height":768,"article:published_time":"2026-02-27T12:30:00+00:00","article:modified_time":"2026-02-25T10:15:20+00:00","article:publisher":"https:\/\/www.facebook.com\/people\/Immoinvest\/100077962920504\/","twitter:card":"summary_large_image","twitter:site":"@i","twitter:title":"Les ventes d\u2019\u00e9nergie \u00e9voluent diff\u00e9remment selon les r\u00e9gions - immo!nvest - Die Plattform f\u00fcr Standorte und Immobilien","twitter:description":"En 2025, les services industriels d'Interlaken (IBI) ont vendu un peu moins d'\u00e9lectricit\u00e9 et beaucoup moins de gaz. Par contre, les ventes d'eau ont augment\u00e9. L'entreprise a aussi baiss\u00e9 ses prix d'\u00e9lectricit\u00e9 d'environ 24 % et va supprimer le double tarif en 2026.","twitter:creator":"@i","twitter:image":"https:\/\/www.immo-invest.ch\/wp-content\/uploads\/2026\/02\/banoviag_regional_energy_utility_infrastructure_with_power_li_6c6d627e-af9a-4492-833c-d7d949a47173_2.png"},"aioseo_meta_data":{"post_id":"150065","title":null,"description":null,"keywords":null,"keyphrases":{"focus":{"keyphrase":"","score":0,"analysis":{"keyphraseInTitle":{"score":0,"maxScore":9,"error":1}}},"additional":[]},"primary_term":null,"canonical_url":null,"og_title":null,"og_description":null,"og_object_type":"default","og_image_type":"default","og_image_url":null,"og_image_width":null,"og_image_height":null,"og_image_custom_url":null,"og_image_custom_fields":null,"og_video":"","og_custom_url":null,"og_article_section":null,"og_article_tags":null,"twitter_use_og":false,"twitter_card":"default","twitter_image_type":"default","twitter_image_url":null,"twitter_image_custom_url":null,"twitter_image_custom_fields":null,"twitter_title":null,"twitter_description":null,"schema":{"blockGraphs":[],"customGraphs":[],"default":{"data":{"Article":[],"Course":[],"Dataset":[],"FAQPage":[],"Movie":[],"Person":[],"Product":[],"ProductReview":[],"Car":[],"Recipe":[],"Service":[],"SoftwareApplication":[],"WebPage":[]},"graphName":"BlogPosting","isEnabled":true},"graphs":[]},"schema_type":"default","schema_type_options":null,"pillar_content":false,"robots_default":true,"robots_noindex":false,"robots_noarchive":false,"robots_nosnippet":false,"robots_nofollow":false,"robots_noimageindex":false,"robots_noodp":false,"robots_notranslate":false,"robots_max_snippet":"-1","robots_max_videopreview":"-1","robots_max_imagepreview":"large","priority":null,"frequency":"default","local_seo":null,"breadcrumb_settings":null,"limit_modified_date":false,"ai":{"faqs":[],"keyPoints":[],"titles":[],"descriptions":[],"socialPosts":{"email":[],"linkedin":[],"twitter":[],"facebook":[],"instagram":[]}},"created":"2026-02-25 10:15:23","updated":"2026-02-27 12:39:18","seo_analyzer_scan_date":null,"focus_keyword":null,"additional_keywords":null,"truseo_locale":null},"aioseo_breadcrumb":"<div class=\"aioseo-breadcrumbs\"><span class=\"aioseo-breadcrumb\">\n\t\t\t<a href=\"https:\/\/www.immo-invest.ch\/fr\/\" title=\"Home\">Home<\/a>\n\t\t<\/span><span class=\"aioseo-breadcrumb-separator\">&raquo;<\/span><span class=\"aioseo-breadcrumb\">\n\t\t\t<a href=\"https:\/\/www.immo-invest.ch\/fr\/categories\/trends-fr\/\" title=\"Trends\">Trends<\/a>\n\t\t<\/span><span class=\"aioseo-breadcrumb-separator\">&raquo;<\/span><span class=\"aioseo-breadcrumb\">\n\t\t\t<a href=\"https:\/\/www.immo-invest.ch\/fr\/categories\/trends-fr\/industrie-du-batiment\/\" title=\"Industrie du b\u00e2timent\">Industrie du b\u00e2timent<\/a>\n\t\t<\/span><span class=\"aioseo-breadcrumb-separator\">&raquo;<\/span><span class=\"aioseo-breadcrumb\">\n\t\t\tLes ventes d\u2019\u00e9nergie \u00e9voluent diff\u00e9remment selon les r\u00e9gions\n\t\t<\/span><\/div>","aioseo_breadcrumb_json":[{"label":"Home","link":"https:\/\/www.immo-invest.ch\/fr\/"},{"label":"Trends","link":"https:\/\/www.immo-invest.ch\/fr\/categories\/trends-fr\/"},{"label":"Industrie du b\u00e2timent","link":"https:\/\/www.immo-invest.ch\/fr\/categories\/trends-fr\/industrie-du-batiment\/"},{"label":"Les ventes d&rsquo;\u00e9nergie \u00e9voluent diff\u00e9remment selon les r\u00e9gions","link":"https:\/\/www.immo-invest.ch\/fr\/energieabsatz-entwickelt-sich-regional-unterschiedlich\/"}],"featured_image_src":"https:\/\/www.immo-invest.ch\/wp-content\/uploads\/2026\/02\/banoviag_regional_energy_utility_infrastructure_with_power_li_6c6d627e-af9a-4492-833c-d7d949a47173_2-336x168.png","_links":{"self":[{"href":"https:\/\/www.immo-invest.ch\/fr\/wp-json\/wp\/v2\/posts\/150065","targetHints":{"allow":["GET"]}}],"collection":[{"href":"https:\/\/www.immo-invest.ch\/fr\/wp-json\/wp\/v2\/posts"}],"about":[{"href":"https:\/\/www.immo-invest.ch\/fr\/wp-json\/wp\/v2\/types\/post"}],"author":[{"embeddable":true,"href":"https:\/\/www.immo-invest.ch\/fr\/wp-json\/wp\/v2\/users\/2"}],"replies":[{"embeddable":true,"href":"https:\/\/www.immo-invest.ch\/fr\/wp-json\/wp\/v2\/comments?post=150065"}],"version-history":[{"count":2,"href":"https:\/\/www.immo-invest.ch\/fr\/wp-json\/wp\/v2\/posts\/150065\/revisions"}],"predecessor-version":[{"id":150073,"href":"https:\/\/www.immo-invest.ch\/fr\/wp-json\/wp\/v2\/posts\/150065\/revisions\/150073"}],"wp:featuredmedia":[{"embeddable":true,"href":"https:\/\/www.immo-invest.ch\/fr\/wp-json\/wp\/v2\/media\/150066"}],"wp:attachment":[{"href":"https:\/\/www.immo-invest.ch\/fr\/wp-json\/wp\/v2\/media?parent=150065"}],"wp:term":[{"taxonomy":"category","embeddable":true,"href":"https:\/\/www.immo-invest.ch\/fr\/wp-json\/wp\/v2\/categories?post=150065"},{"taxonomy":"post_tag","embeddable":true,"href":"https:\/\/www.immo-invest.ch\/fr\/wp-json\/wp\/v2\/tags?post=150065"}],"curies":[{"name":"wp","href":"https:\/\/api.w.org\/{rel}","templated":true}]}}