{"id":149764,"date":"2026-02-23T13:30:00","date_gmt":"2026-02-23T12:30:00","guid":{"rendered":"https:\/\/www.immo-invest.ch\/?p=149764"},"modified":"2026-02-20T09:53:00","modified_gmt":"2026-02-20T08:53:00","slug":"areale-in-basel-stadt-als-motor-der-zukunft","status":"publish","type":"post","link":"https:\/\/www.immo-invest.ch\/fr\/areale-in-basel-stadt-als-motor-der-zukunft\/","title":{"rendered":"Les zones industrielles de B\u00e2le-Ville, moteurs de l&rsquo;avenir"},"content":{"rendered":"<p class=\"wp-block-paragraph\">B&acirc;le-Ville est un exemple embl&eacute;matique de la transformation durable des r&eacute;gions industrielles europ&eacute;ennes. Une nouvelle culture urbaine, alliant densit&eacute;, diversit&eacute; et participation, se d&eacute;veloppe sur d&rsquo;anciens sites industriels d&eacute;saffect&eacute;s. Des zones telles que VoltaNord cr&eacute;ent des logements abordables et favorisent la mixit&eacute; sociale. Klybeckplus et Klybeckquai ouvrent la zone du Rhin &agrave; l&rsquo;habitat, &agrave; l&rsquo;&eacute;ducation et aux loisirs. Une &eacute;tape importante pour la mise en r&eacute;seau urbaine d&rsquo;ici 2037.<br><br>Le paysage urbain change &eacute;galement en p&eacute;riph&eacute;rie. Le site Dreispitz-Nord associe commerce et habitat urbain, tandis que le site Wolf et le Walkeweg donnent naissance &agrave; de nouvelles formes de quartiers &eacute;conomes en &eacute;nergie et conviviaux. Au nord, le <span class=\"glossaryLink\" aria-describedby=\"tt\" data-cmtooltip=\"&lt;div class=glossaryItemTitle&gt;Quartier&lt;\/div&gt;&lt;div class=glossaryItemBody&gt;Amtliches, historisches, soziales oder stadtplanerisches Stadtviertel&lt;\/div&gt;\" data-mobile-support=\"0\" data-gt-translate-attributes='[{\"attribute\":\"data-cmtooltip\", \"format\":\"html\"}]' tabindex=\"0\" role=\"link\">quartier<\/span> Vordere St. Johann, avec son campus, son universit&eacute; et son h&ocirc;pital, devient le centre r&eacute;gional du savoir et de la sant&eacute;. Des projets tels que Westfeld cr&eacute;ent des lieux de vie commune qui allient culture architecturale, durabilit&eacute; et <span class=\"glossaryLink\" aria-describedby=\"tt\" data-cmtooltip=\"&lt;div class=glossaryItemTitle&gt;Innovation&lt;\/div&gt;&lt;div class=glossaryItemBody&gt;Innovation in der heutigen Immobilienwelt bedeutet vor allem Digitalisierung von Prozessen. Zum Beispiel das Eliminieren von Tausenden von Excel-Bl&auml;ttern f&uuml;r Portfolio- und Asset-Manager oder das Erstellen einer Anwendung (App) f&uuml;r alle Formalit&auml;ten rund um die Beziehung zwischen Immobilieneigent&uuml;mern, - verwaltung und -mietern.&lt;\/div&gt;\" data-mobile-support=\"0\" data-gt-translate-attributes='[{\"attribute\":\"data-cmtooltip\", \"format\":\"html\"}]' tabindex=\"0\" role=\"link\">innovation<\/span> sociale.<br><br>B&acirc;le devient ainsi un laboratoire pour l&rsquo;avenir urbain, caract&eacute;ris&eacute; par la coop&eacute;ration, le pragmatisme et la clairvoyance.<br><br><strong>Rosental Mitte<\/strong><br>Rosental Mitte passe d&rsquo;une zone industrielle ferm&eacute;e &agrave; un site &eacute;conomique perm&eacute;able et diversifi&eacute;. Outre des espaces de travail, le canton de B&acirc;le-Ville cr&eacute;e progressivement de nouveaux espaces pour le logement et les loisirs. Les structures existantes sont respectueusement conserv&eacute;es, les &eacute;l&eacute;ments historiques sont pr&eacute;serv&eacute;s comme ancrage de l&rsquo;identit&eacute;. Les voies publiques et les espaces verts relient les quartiers, favorisent les rencontres et la mobilit&eacute;. Un tiers des logements sont construits dans le segment abordable. Rosental Mitte est synonyme de d&eacute;veloppement urbain tourn&eacute; vers l&rsquo;avenir et de qualit&eacute; de vie urbaine durable.<br><a href=\"http:\/\/rosentalmitte.ch\" title=\"\">rosentalmitte.ch<\/a><br><br><strong>VoltaNord<\/strong><br>Sur l&rsquo;ancien site de Lysb&uuml;chel, au nord de B&acirc;le, VoltaNord est en train de devenir un <span class=\"glossaryLink\" aria-describedby=\"tt\" data-cmtooltip=\"&lt;div class=glossaryItemTitle&gt;Quartier&lt;\/div&gt;&lt;div class=glossaryItemBody&gt;Amtliches, historisches, soziales oder stadtplanerisches Stadtviertel&lt;\/div&gt;\" data-mobile-support=\"0\" data-gt-translate-attributes='[{\"attribute\":\"data-cmtooltip\", \"format\":\"html\"}]' tabindex=\"0\" role=\"link\">quartier<\/span> anim&eacute; pouvant accueillir environ 1 500 &agrave; 2 000 habitants et jusqu&rsquo;&agrave; 2 500 emplois. Deux tiers des nouveaux logements sont abordables et favorisent la diversit&eacute; sociale. Le d&eacute;veloppement combine travail et habitat densifi&eacute;s avec une valeur ajout&eacute;e qualitative pour le <span class=\"glossaryLink\" aria-describedby=\"tt\" data-cmtooltip=\"&lt;div class=glossaryItemTitle&gt;Quartier&lt;\/div&gt;&lt;div class=glossaryItemBody&gt;Amtliches, historisches, soziales oder stadtplanerisches Stadtviertel&lt;\/div&gt;\" data-mobile-support=\"0\" data-gt-translate-attributes='[{\"attribute\":\"data-cmtooltip\", \"format\":\"html\"}]' tabindex=\"0\" role=\"link\">quartier<\/span> St. Johann. Une nouvelle &eacute;cole primaire et des espaces libres attrayants font de ce site un lieu d&rsquo;avenir pour vivre, apprendre et travailler.<br><a href=\"http:\/\/voltanord.ch\" title=\"\">voltanord.ch<\/a><br><br><strong>klybeckplus<\/strong><br>L&rsquo;ancienne zone industrielle au nord de B&acirc;le se transforme en un <span class=\"glossaryLink\" aria-describedby=\"tt\" data-cmtooltip=\"&lt;div class=glossaryItemTitle&gt;Quartier&lt;\/div&gt;&lt;div class=glossaryItemBody&gt;Amtliches, historisches, soziales oder stadtplanerisches Stadtviertel&lt;\/div&gt;\" data-mobile-support=\"0\" data-gt-translate-attributes='[{\"attribute\":\"data-cmtooltip\", \"format\":\"html\"}]' tabindex=\"0\" role=\"link\">quartier<\/span> urbain mixte entre le Rhin et la Wiese. Sur environ 300 000 m&egrave;tres carr&eacute;s, un espace d&eacute;di&eacute; &agrave; l&rsquo;habitat, au travail et &agrave; la vie quotidienne pour jusqu&rsquo;&agrave; 15 000 personnes est en cours de cr&eacute;ation. Les propri&eacute;taires Rhystadt AG et Swiss Life AG d&eacute;veloppent le site en collaboration avec le canton de B&acirc;le-Ville. Le mod&egrave;le d&rsquo;urbanisme de 2022 en constitue la base. De nouvelles lignes de tramway, des routes, des parcs et des &eacute;coles cr&eacute;ent le r&eacute;seau d&rsquo;un <span class=\"glossaryLink\" aria-describedby=\"tt\" data-cmtooltip=\"&lt;div class=glossaryItemTitle&gt;Quartier&lt;\/div&gt;&lt;div class=glossaryItemBody&gt;Amtliches, historisches, soziales oder stadtplanerisches Stadtviertel&lt;\/div&gt;\" data-mobile-support=\"0\" data-gt-translate-attributes='[{\"attribute\":\"data-cmtooltip\", \"format\":\"html\"}]' tabindex=\"0\" role=\"link\">quartier<\/span> tourn&eacute; vers l&rsquo;avenir et au caract&egrave;re urbain.<br><a href=\"http:\/\/klybeckplus.ch\" title=\"\">klybeckplus.ch<\/a><br><br><strong>Klybeckquai &amp; Westquai<\/strong><br>Le Klybeckquai et le Westquai se transforment de zones portuaires &agrave; caract&egrave;re industriel en paysages urbains anim&eacute;s au bord du Rhin. Le d&eacute;placement de la voie ferr&eacute;e du port lib&egrave;re de l&rsquo;espace pour de nouvelles utilisations et ouvre l&rsquo;urbanisme vers l&rsquo;eau. Un <span class=\"glossaryLink\" aria-describedby=\"tt\" data-cmtooltip=\"&lt;div class=glossaryItemTitle&gt;Quartier&lt;\/div&gt;&lt;div class=glossaryItemBody&gt;Amtliches, historisches, soziales oder stadtplanerisches Stadtviertel&lt;\/div&gt;\" data-mobile-support=\"0\" data-gt-translate-attributes='[{\"attribute\":\"data-cmtooltip\", \"format\":\"html\"}]' tabindex=\"0\" role=\"link\">quartier<\/span> r&eacute;sidentiel mixte avec des &eacute;coles, des cr&egrave;ches et des cours int&eacute;rieures verdoyantes se d&eacute;veloppe sur le Klybeckquai. Apr&egrave;s 2029, le Westquai deviendra un lieu diversifi&eacute; d&eacute;di&eacute; au travail, &agrave; la culture, aux loisirs et &agrave; la nature. Les deux zones se d&eacute;veloppent dans le sens de l&rsquo;objectif &laquo; z&eacute;ro &eacute;mission nette 2037 &raquo; pour devenir des quartiers urbains durables et tourn&eacute;s vers l&rsquo;avenir.<br><a href=\"http:\/\/klybeck-kleinh%C3%BCningen.ch\" title=\"\">klybeck-kleinh&uuml;ningen.ch<\/a><br><br><strong>Dreispitz Nord<\/strong><br>Le site Dreispitz Nord, &agrave; la limite est de Gundeldingen, est en pleine mutation : l&agrave; o&ugrave; se trouvent aujourd&rsquo;hui le centre commercial MParc, le magasin de bricolage et de jardinage OBI et d&rsquo;autres entreprises commerciales, un nouveau <span class=\"glossaryLink\" aria-describedby=\"tt\" data-cmtooltip=\"&lt;div class=glossaryItemTitle&gt;Quartier&lt;\/div&gt;&lt;div class=glossaryItemBody&gt;Amtliches, historisches, soziales oder stadtplanerisches Stadtviertel&lt;\/div&gt;\" data-mobile-support=\"0\" data-gt-translate-attributes='[{\"attribute\":\"data-cmtooltip\", \"format\":\"html\"}]' tabindex=\"0\" role=\"link\">quartier<\/span> polyvalent est en train de voir le jour. La Fondation Christoph Merian et la coop&eacute;rative Migros B&acirc;le fa&ccedil;onnent ensemble l&rsquo;avenir du site. Le concept urbanistique de Herzog &amp; de Meuron permet le d&eacute;veloppement de logements, d&rsquo;espaces verts et d&rsquo;espaces libres attrayants et favorise la cr&eacute;ation d&rsquo;un <span class=\"glossaryLink\" aria-describedby=\"tt\" data-cmtooltip=\"&lt;div class=glossaryItemTitle&gt;Quartier&lt;\/div&gt;&lt;div class=glossaryItemBody&gt;Amtliches, historisches, soziales oder stadtplanerisches Stadtviertel&lt;\/div&gt;\" data-mobile-support=\"0\" data-gt-translate-attributes='[{\"attribute\":\"data-cmtooltip\", \"format\":\"html\"}]' tabindex=\"0\" role=\"link\">quartier<\/span> urbain mixte, tourn&eacute; vers l&rsquo;avenir et au caract&egrave;re vivant.<br><a href=\"http:\/\/dreispitznord.ch\" title=\"\">dreispitznord.ch<br><\/a><br><strong>Site Walkeweg<\/strong><br>Le site Walkeweg, d&rsquo;une superficie de six hectares, situ&eacute; au sud de B&acirc;le, se transforme en un <span class=\"glossaryLink\" aria-describedby=\"tt\" data-cmtooltip=\"&lt;div class=glossaryItemTitle&gt;Quartier&lt;\/div&gt;&lt;div class=glossaryItemBody&gt;Amtliches, historisches, soziales oder stadtplanerisches Stadtviertel&lt;\/div&gt;\" data-mobile-support=\"0\" data-gt-translate-attributes='[{\"attribute\":\"data-cmtooltip\", \"format\":\"html\"}]' tabindex=\"0\" role=\"link\">quartier<\/span> r&eacute;sidentiel vivant et familial. Jusqu&rsquo;&agrave; 650 personnes pourront y vivre &agrave; un prix abordable et dans des logements &eacute;conomes en &eacute;nergie. Le canton et les CFF r&eacute;alisent, en collaboration avec des coop&eacute;ratives de construction, une offre vari&eacute;e d&rsquo;appartements compacts et abordables. Une nouvelle &eacute;cole primaire, de vastes espaces naturels, des cours communes ainsi qu&rsquo;une place de <span class=\"glossaryLink\" aria-describedby=\"tt\" data-cmtooltip=\"&lt;div class=glossaryItemTitle&gt;Quartier&lt;\/div&gt;&lt;div class=glossaryItemBody&gt;Amtliches, historisches, soziales oder stadtplanerisches Stadtviertel&lt;\/div&gt;\" data-mobile-support=\"0\" data-gt-translate-attributes='[{\"attribute\":\"data-cmtooltip\", \"format\":\"html\"}]' tabindex=\"0\" role=\"link\">quartier<\/span> et un parc verdoyants cr&eacute;ent un espace propice aux rencontres sociales et &agrave; une qualit&eacute; de vie durable. La construction suit le principe &laquo; Low Cost &ndash; Low Energy &raquo;.<br><a href=\"http:\/\/areal-walkeweg.ch\" title=\"\">areal-walkeweg.ch<\/a><br><br><strong>Site Wolf<\/strong><br>Le site Wolf se transforme d&rsquo;une gare de marchandises en un <span class=\"glossaryLink\" aria-describedby=\"tt\" data-cmtooltip=\"&lt;div class=glossaryItemTitle&gt;Quartier&lt;\/div&gt;&lt;div class=glossaryItemBody&gt;Amtliches, historisches, soziales oder stadtplanerisches Stadtviertel&lt;\/div&gt;\" data-mobile-support=\"0\" data-gt-translate-attributes='[{\"attribute\":\"data-cmtooltip\", \"format\":\"html\"}]' tabindex=\"0\" role=\"link\">quartier<\/span> urbain aux utilisations vari&eacute;es. &Agrave; l&rsquo;ouest, environ 550 appartements, dont un tiers &agrave; prix mod&eacute;r&eacute;, sont en cours de construction, tandis qu&rsquo;&agrave; l&rsquo;est, des bureaux, des espaces logistiques et commerciaux ainsi que des &eacute;quipements publics voient le jour. Les b&acirc;timents historiques sont conserv&eacute;s et int&eacute;gr&eacute;s dans la nouvelle structure de la cour, qui accorde une importance particuli&egrave;re aux concepts de bruit et d&rsquo;espace. En tant que propri&eacute;taire, les CFF d&eacute;veloppent et investissent dans ce projet, cr&eacute;ant ainsi des espaces de vie socialement mixtes et durables sur environ dix hectares au c&oelig;ur de B&acirc;le.<br><a href=\"http:\/\/wolf-basel.ch\" title=\"\">wolf-basel.ch<\/a><br><br><strong>Vorderes St. Johann<\/strong><br>Le <span class=\"glossaryLink\" aria-describedby=\"tt\" data-cmtooltip=\"&lt;div class=glossaryItemTitle&gt;Quartier&lt;\/div&gt;&lt;div class=glossaryItemBody&gt;Amtliches, historisches, soziales oder stadtplanerisches Stadtviertel&lt;\/div&gt;\" data-mobile-support=\"0\" data-gt-translate-attributes='[{\"attribute\":\"data-cmtooltip\", \"format\":\"html\"}]' tabindex=\"0\" role=\"link\">quartier<\/span> de Vorderes St. Johann, au nord de B&acirc;le, est en train de devenir un site important pour la recherche, la formation et la sant&eacute;. Autour du campus Sch&auml;llem&auml;tteli et de l&rsquo;h&ocirc;pital universitaire, de nouveaux b&acirc;timents destin&eacute;s &agrave; accueillir une clinique, une universit&eacute;, une biblioth&egrave;que et des instituts de recherche priv&eacute;s verront le jour au cours des prochaines ann&eacute;es. Le canton poursuit &eacute;galement le d&eacute;veloppement du <span class=\"glossaryLink\" aria-describedby=\"tt\" data-cmtooltip=\"&lt;div class=glossaryItemTitle&gt;Quartier&lt;\/div&gt;&lt;div class=glossaryItemBody&gt;Amtliches, historisches, soziales oder stadtplanerisches Stadtviertel&lt;\/div&gt;\" data-mobile-support=\"0\" data-gt-translate-attributes='[{\"attribute\":\"data-cmtooltip\", \"format\":\"html\"}]' tabindex=\"0\" role=\"link\">quartier<\/span> avec de nouvelles lignes de tramway et des projets de transport. Au total, 16 projets de construction et d&rsquo;infrastructure sont r&eacute;alis&eacute;s, soutenus par des acteurs priv&eacute;s et publics, qui garantissent l&rsquo;avenir du <span class=\"glossaryLink\" aria-describedby=\"tt\" data-cmtooltip=\"&lt;div class=glossaryItemTitle&gt;Quartier&lt;\/div&gt;&lt;div class=glossaryItemBody&gt;Amtliches, historisches, soziales oder stadtplanerisches Stadtviertel&lt;\/div&gt;\" data-mobile-support=\"0\" data-gt-translate-attributes='[{\"attribute\":\"data-cmtooltip\", \"format\":\"html\"}]' tabindex=\"0\" role=\"link\">quartier<\/span> en tant que centre de connaissances et de sant&eacute;.<br><a href=\"http:\/\/vorderes-stjohann.ch\" title=\"\">vorderes-stjohann.ch<\/a><br><br><strong>H&ocirc;pital universitaire de B&acirc;le : Campus Sant&eacute;<\/strong><br>Avec le Campus Sant&eacute;, l&rsquo;h&ocirc;pital universitaire de B&acirc;le poursuit un plan de d&eacute;veloppement global visant &agrave; garantir sa comp&eacute;titivit&eacute; et &agrave; faire face &agrave; la pression croissante li&eacute;e &agrave; son utilisation. De nouveaux b&acirc;timents tels que la clinique 2 de Giuliani H&ouml;nger et la clinique 3 de Herzog &amp; de Meuron offrent une utilisation flexible, des processus modernes et une qualit&eacute; urbanistique. Un nouveau plan d&rsquo;am&eacute;nagement r&eacute;git le d&eacute;veloppement de l&rsquo;ensemble du site, y compris les espaces verts et la protection des monuments historiques. Les projets de construction devraient &ecirc;tre r&eacute;alis&eacute;s d&rsquo;ici 2039 et renforceront &agrave; long terme la position de B&acirc;le en tant que p&ocirc;le de sant&eacute;.<br><a href=\"http:\/\/unispital-basel.ch\" title=\"\">unispital-basel.ch<\/a><br><br><strong>Westfeld<\/strong><br>Sur l&rsquo;ancien site de l&rsquo;h&ocirc;pital Felix Platter, dans le <span class=\"glossaryLink\" aria-describedby=\"tt\" data-cmtooltip=\"&lt;div class=glossaryItemTitle&gt;Quartier&lt;\/div&gt;&lt;div class=glossaryItemBody&gt;Amtliches, historisches, soziales oder stadtplanerisches Stadtviertel&lt;\/div&gt;\" data-mobile-support=\"0\" data-gt-translate-attributes='[{\"attribute\":\"data-cmtooltip\", \"format\":\"html\"}]' tabindex=\"0\" role=\"link\">quartier<\/span> d&rsquo;Iselin, Westfeld est en train de devenir un <span class=\"glossaryLink\" aria-describedby=\"tt\" data-cmtooltip=\"&lt;div class=glossaryItemTitle&gt;Quartier&lt;\/div&gt;&lt;div class=glossaryItemBody&gt;Amtliches, historisches, soziales oder stadtplanerisches Stadtviertel&lt;\/div&gt;\" data-mobile-support=\"0\" data-gt-translate-attributes='[{\"attribute\":\"data-cmtooltip\", \"format\":\"html\"}]' tabindex=\"0\" role=\"link\">quartier<\/span> urbain diversifi&eacute; avec 525 nouveaux appartements, des b&acirc;timents existants r&eacute;am&eacute;nag&eacute;s et des espaces destin&eacute;s &agrave; des activit&eacute;s commerciales et sociales. La coop&eacute;rative wohnen&amp;mehr mise sur la construction durable et encourage de nouveaux mod&egrave;les d&rsquo;habitat ainsi que la vie en communaut&eacute; gr&acirc;ce &agrave; un jardin de <span class=\"glossaryLink\" aria-describedby=\"tt\" data-cmtooltip=\"&lt;div class=glossaryItemTitle&gt;Quartier&lt;\/div&gt;&lt;div class=glossaryItemBody&gt;Amtliches, historisches, soziales oder stadtplanerisches Stadtviertel&lt;\/div&gt;\" data-mobile-support=\"0\" data-gt-translate-attributes='[{\"attribute\":\"data-cmtooltip\", \"format\":\"html\"}]' tabindex=\"0\" role=\"link\">quartier<\/span>, la Westfeldplatz et des services locaux. La deuxi&egrave;me phase de construction pr&eacute;voit la cr&eacute;ation d&rsquo;appartements suppl&eacute;mentaires, d&rsquo;espaces commerciaux et d&rsquo;un pavillon pour v&eacute;los. Le Westfeld cr&eacute;e de nouveaux lieux de rencontre et enrichit durablement le <span class=\"glossaryLink\" aria-describedby=\"tt\" data-cmtooltip=\"&lt;div class=glossaryItemTitle&gt;Quartier&lt;\/div&gt;&lt;div class=glossaryItemBody&gt;Amtliches, historisches, soziales oder stadtplanerisches Stadtviertel&lt;\/div&gt;\" data-mobile-support=\"0\" data-gt-translate-attributes='[{\"attribute\":\"data-cmtooltip\", \"format\":\"html\"}]' tabindex=\"0\" role=\"link\">quartier<\/span>.<br><a href=\"http:\/\/wohnen-mehr.ch\" title=\"wohnen-mehr.ch\">wohnen-mehr.ch<\/a><\/p>\n\n\n\n\n\n<p class=\"wp-block-paragraph\"><br><\/p>\n\n\n\n\n\n<p class=\"wp-block-paragraph\"><br><\/p>\n\n","protected":false},"excerpt":{"rendered":"<p>L\u00e0 o\u00f9 autrefois la production dominait, se d\u00e9veloppent aujourd&rsquo;hui des quartiers diversifi\u00e9s o\u00f9 se m\u00ealent habitat, travail et loisirs. La durabilit\u00e9 et la mise en r\u00e9seau innovante caract\u00e9risent l&rsquo;avenir de B\u00e2le. B\u00e2le transforme les zones industrielles en espaces de vie urbains.<\/p>\n","protected":false},"author":57,"featured_media":149937,"comment_status":"open","ping_status":"open","sticky":false,"template":"","format":"standard","meta":{"pmpro_default_level":"","inline_featured_image":false,"_monsterinsights_skip_tracking":false,"footnotes":""},"categories":[22699,56027,55991],"tags":[57346,872,3931,57347,2002,57348],"class_list":["post-149764","post","type-post","status-publish","format-standard","has-post-thumbnail","hentry","category-durabilite","category-planification-developpement","category-quartiers-zones","tag-arealtransformation-schweiz","tag-immoinvest-fr","tag-immonews-fr","tag-nachhaltige-quartierentwicklung","tag-news-fr","tag-stadtentwicklung-basel","pmpro-has-access"],"acf":{"bild_mit_ki_erstellt_worden":["Ja"],"lead":"L\u00e0 o\u00f9 autrefois la production dominait, se d\u00e9veloppent aujourd'hui des quartiers diversifi\u00e9s o\u00f9 se m\u00ealent habitat, travail et loisirs. La durabilit\u00e9 et la mise en r\u00e9seau innovante caract\u00e9risent l'avenir de B\u00e2le. B\u00e2le transforme les zones industrielles en espaces de vie urbains.","autor":"immoMedia","ort":"","bildunterschrift":"","bild_im_grid":false,"gallerie":"","newsim":""},"aioseo_notices":[],"aioseo_head":"\n\t\t<!-- All in One SEO 5.0.0.1 - aioseo.com -->\n\t<meta name=\"description\" content=\"L\u00e0 o\u00f9 autrefois la production dominait, se d\u00e9veloppent aujourd&#039;hui des quartiers diversifi\u00e9s o\u00f9 se m\u00ealent habitat, travail et loisirs. La durabilit\u00e9 et la mise en r\u00e9seau innovante caract\u00e9risent l&#039;avenir de B\u00e2le. B\u00e2le transforme les zones industrielles en espaces de vie urbains.\" \/>\n\t<meta name=\"robots\" content=\"max-image-preview:large\" \/>\n\t<meta name=\"author\" content=\"immoinv_redakteur\"\/>\n\t<meta name=\"google-site-verification\" content=\"fHJKvgWpZCR2zVBHWfkQeFXC11qieUSff0HGNYfuyLA\" \/>\n\t<link rel=\"canonical\" href=\"https:\/\/www.immo-invest.ch\/fr\/areale-in-basel-stadt-als-motor-der-zukunft\/\" \/>\n\t<meta name=\"generator\" content=\"All in One SEO (AIOSEO) 5.0.0.1\" \/>\n\t\t<meta property=\"og:locale\" content=\"fr_FR\" \/>\n\t\t<meta property=\"og:site_name\" content=\"immo!nvest - Die Plattform f\u00fcr Standorte und Immobilien - Die\u00a0Plattform f\u00fcr Standorte und Immobilien\" \/>\n\t\t<meta property=\"og:type\" content=\"article\" \/>\n\t\t<meta property=\"og:title\" content=\"Les zones industrielles de B\u00e2le-Ville, moteurs de l\u2019avenir - immo!nvest - Die Plattform f\u00fcr Standorte und Immobilien\" \/>\n\t\t<meta property=\"og:description\" content=\"L\u00e0 o\u00f9 autrefois la production dominait, se d\u00e9veloppent aujourd&#039;hui des quartiers diversifi\u00e9s o\u00f9 se m\u00ealent habitat, travail et loisirs. La durabilit\u00e9 et la mise en r\u00e9seau innovante caract\u00e9risent l&#039;avenir de B\u00e2le. B\u00e2le transforme les zones industrielles en espaces de vie urbains.\" \/>\n\t\t<meta property=\"og:url\" content=\"https:\/\/www.immo-invest.ch\/fr\/areale-in-basel-stadt-als-motor-der-zukunft\/\" \/>\n\t\t<meta property=\"og:image\" content=\"https:\/\/www.immo-invest.ch\/wp-content\/uploads\/2026\/02\/basel-switzerland-sunrise-2025-03-24-01-10-50-utc-scaled-e1771933025566.jpg\" \/>\n\t\t<meta property=\"og:image:secure_url\" content=\"https:\/\/www.immo-invest.ch\/wp-content\/uploads\/2026\/02\/basel-switzerland-sunrise-2025-03-24-01-10-50-utc-scaled-e1771933025566.jpg\" \/>\n\t\t<meta property=\"og:image:width\" content=\"2560\" \/>\n\t\t<meta property=\"og:image:height\" content=\"1442\" \/>\n\t\t<meta property=\"article:published_time\" content=\"2026-02-23T12:30:00+00:00\" \/>\n\t\t<meta property=\"article:modified_time\" content=\"2026-02-20T08:53:00+00:00\" \/>\n\t\t<meta property=\"article:publisher\" content=\"https:\/\/www.facebook.com\/people\/Immoinvest\/100077962920504\/\" \/>\n\t\t<meta name=\"twitter:card\" content=\"summary_large_image\" \/>\n\t\t<meta name=\"twitter:site\" content=\"@i\" \/>\n\t\t<meta name=\"twitter:title\" content=\"Les zones industrielles de B\u00e2le-Ville, moteurs de l\u2019avenir - immo!nvest - Die Plattform f\u00fcr Standorte und Immobilien\" \/>\n\t\t<meta name=\"twitter:description\" content=\"L\u00e0 o\u00f9 autrefois la production dominait, se d\u00e9veloppent aujourd&#039;hui des quartiers diversifi\u00e9s o\u00f9 se m\u00ealent habitat, travail et loisirs. La durabilit\u00e9 et la mise en r\u00e9seau innovante caract\u00e9risent l&#039;avenir de B\u00e2le. B\u00e2le transforme les zones industrielles en espaces de vie urbains.\" \/>\n\t\t<meta name=\"twitter:creator\" content=\"@i\" \/>\n\t\t<meta name=\"twitter:image\" content=\"https:\/\/www.immo-invest.ch\/wp-content\/uploads\/2026\/02\/basel-switzerland-sunrise-2025-03-24-01-10-50-utc-scaled-e1771933025566.jpg\" \/>\n\t\t<script type=\"application\/ld+json\" class=\"aioseo-schema\">\n\t\t\t{\"@context\":\"https:\\\/\\\/schema.org\",\"@graph\":[{\"@type\":\"BlogPosting\",\"@id\":\"https:\\\/\\\/www.immo-invest.ch\\\/fr\\\/areale-in-basel-stadt-als-motor-der-zukunft\\\/#blogposting\",\"name\":\"Les zones industrielles de B\\u00e2le-Ville, moteurs de l\\u2019avenir - immo!nvest - Die Plattform f\\u00fcr Standorte und Immobilien\",\"headline\":\"Les zones industrielles de B\\u00e2le-Ville, moteurs de l&rsquo;avenir\",\"author\":{\"@id\":\"https:\\\/\\\/www.immo-invest.ch\\\/fr\\\/author\\\/immoinv_redakteur\\\/#author\"},\"publisher\":{\"@id\":\"https:\\\/\\\/www.immo-invest.ch\\\/fr\\\/#organization\"},\"image\":{\"@type\":\"ImageObject\",\"url\":\"https:\\\/\\\/www.immo-invest.ch\\\/wp-content\\\/uploads\\\/2026\\\/02\\\/basel-switzerland-sunrise-2025-03-24-01-10-50-utc-scaled-e1771933025566.jpg\",\"width\":2560,\"height\":1442,\"caption\":\"Basel, Switzerland sunrise over the Rhine River.\"},\"datePublished\":\"2026-02-23T13:30:00+01:00\",\"dateModified\":\"2026-02-20T09:53:00+01:00\",\"inLanguage\":\"fr-FR\",\"mainEntityOfPage\":{\"@id\":\"https:\\\/\\\/www.immo-invest.ch\\\/fr\\\/areale-in-basel-stadt-als-motor-der-zukunft\\\/#webpage\"},\"isPartOf\":{\"@id\":\"https:\\\/\\\/www.immo-invest.ch\\\/fr\\\/areale-in-basel-stadt-als-motor-der-zukunft\\\/#webpage\"},\"articleSection\":\"Durabilit\\u00e9, Planification \\\/ D\\u00e9veloppement, Quartiers \\\/ Zones, Arealtransformation Schweiz, Immoinvest, immoNews, nachhaltige Quartierentwicklung, News, Stadtentwicklung Basel, Facultatif\"},{\"@type\":\"BreadcrumbList\",\"@id\":\"https:\\\/\\\/www.immo-invest.ch\\\/fr\\\/areale-in-basel-stadt-als-motor-der-zukunft\\\/#breadcrumblist\",\"itemListElement\":[{\"@type\":\"ListItem\",\"@id\":\"https:\\\/\\\/www.immo-invest.ch\\\/fr\\\/#listItem\",\"position\":1,\"name\":\"Home\",\"item\":\"https:\\\/\\\/www.immo-invest.ch\\\/fr\\\/\",\"nextItem\":{\"@type\":\"ListItem\",\"@id\":\"https:\\\/\\\/www.immo-invest.ch\\\/fr\\\/categories\\\/trends-fr\\\/#listItem\",\"name\":\"Trends\"}},{\"@type\":\"ListItem\",\"@id\":\"https:\\\/\\\/www.immo-invest.ch\\\/fr\\\/categories\\\/trends-fr\\\/#listItem\",\"position\":2,\"name\":\"Trends\",\"item\":\"https:\\\/\\\/www.immo-invest.ch\\\/fr\\\/categories\\\/trends-fr\\\/\",\"nextItem\":{\"@type\":\"ListItem\",\"@id\":\"https:\\\/\\\/www.immo-invest.ch\\\/fr\\\/categories\\\/trends-fr\\\/durabilite\\\/#listItem\",\"name\":\"Durabilit\\u00e9\"},\"previousItem\":{\"@type\":\"ListItem\",\"@id\":\"https:\\\/\\\/www.immo-invest.ch\\\/fr\\\/#listItem\",\"name\":\"Home\"}},{\"@type\":\"ListItem\",\"@id\":\"https:\\\/\\\/www.immo-invest.ch\\\/fr\\\/categories\\\/trends-fr\\\/durabilite\\\/#listItem\",\"position\":3,\"name\":\"Durabilit\\u00e9\",\"item\":\"https:\\\/\\\/www.immo-invest.ch\\\/fr\\\/categories\\\/trends-fr\\\/durabilite\\\/\",\"nextItem\":{\"@type\":\"ListItem\",\"@id\":\"https:\\\/\\\/www.immo-invest.ch\\\/fr\\\/areale-in-basel-stadt-als-motor-der-zukunft\\\/#listItem\",\"name\":\"Les zones industrielles de B\\u00e2le-Ville, moteurs de l&rsquo;avenir\"},\"previousItem\":{\"@type\":\"ListItem\",\"@id\":\"https:\\\/\\\/www.immo-invest.ch\\\/fr\\\/categories\\\/trends-fr\\\/#listItem\",\"name\":\"Trends\"}},{\"@type\":\"ListItem\",\"@id\":\"https:\\\/\\\/www.immo-invest.ch\\\/fr\\\/areale-in-basel-stadt-als-motor-der-zukunft\\\/#listItem\",\"position\":4,\"name\":\"Les zones industrielles de B\\u00e2le-Ville, moteurs de l&rsquo;avenir\",\"previousItem\":{\"@type\":\"ListItem\",\"@id\":\"https:\\\/\\\/www.immo-invest.ch\\\/fr\\\/categories\\\/trends-fr\\\/durabilite\\\/#listItem\",\"name\":\"Durabilit\\u00e9\"}}]},{\"@type\":\"Organization\",\"@id\":\"https:\\\/\\\/www.immo-invest.ch\\\/fr\\\/#organization\",\"name\":\"immo!nvest - Die Plattform f\\u00fcr Standorte und Immobilien\",\"description\":\"Die\\u00a0Plattform f\\u00fcr Standorte und Immobilien\",\"url\":\"https:\\\/\\\/www.immo-invest.ch\\\/fr\\\/\",\"email\":\"admin@immomedia.ag\",\"telephone\":\"+41444420002\",\"logo\":{\"@type\":\"ImageObject\",\"url\":\"https:\\\/\\\/www.immo-invest.ch\\\/wp-content\\\/uploads\\\/2024\\\/09\\\/immoinvest_sm-scaled.jpg\",\"@id\":\"https:\\\/\\\/www.immo-invest.ch\\\/fr\\\/areale-in-basel-stadt-als-motor-der-zukunft\\\/#organizationLogo\",\"width\":2560,\"height\":1340},\"image\":{\"@id\":\"https:\\\/\\\/www.immo-invest.ch\\\/fr\\\/areale-in-basel-stadt-als-motor-der-zukunft\\\/#organizationLogo\"},\"sameAs\":[\"https:\\\/\\\/www.facebook.com\\\/people\\\/Immoinvest\\\/100077962920504\\\/\",\"https:\\\/\\\/x.com\\\/i\\\/flow\\\/login?redirect_after_login=immoinvest_ch\",\"https:\\\/\\\/www.instagram.com\\\/immoinvest_ch\\\/\",\"https:\\\/\\\/www.linkedin.com\\\/company\\\/immoinvest-swiss\"]},{\"@type\":\"Person\",\"@id\":\"https:\\\/\\\/www.immo-invest.ch\\\/fr\\\/author\\\/immoinv_redakteur\\\/#author\",\"url\":\"https:\\\/\\\/www.immo-invest.ch\\\/fr\\\/author\\\/immoinv_redakteur\\\/\",\"name\":\"immoinv_redakteur\",\"image\":{\"@type\":\"ImageObject\",\"@id\":\"https:\\\/\\\/www.immo-invest.ch\\\/fr\\\/areale-in-basel-stadt-als-motor-der-zukunft\\\/#authorImage\",\"url\":\"https:\\\/\\\/secure.gravatar.com\\\/avatar\\\/c880e25d853edfb649661cf7cf8a7571fd0af3883a77197f45a3f15520d284a3?s=96&d=mm&r=g\",\"width\":96,\"height\":96,\"caption\":\"immoinv_redakteur\"}},{\"@type\":\"WebPage\",\"@id\":\"https:\\\/\\\/www.immo-invest.ch\\\/fr\\\/areale-in-basel-stadt-als-motor-der-zukunft\\\/#webpage\",\"url\":\"https:\\\/\\\/www.immo-invest.ch\\\/fr\\\/areale-in-basel-stadt-als-motor-der-zukunft\\\/\",\"name\":\"Les zones industrielles de B\\u00e2le-Ville, moteurs de l\\u2019avenir - immo!nvest - Die Plattform f\\u00fcr Standorte und Immobilien\",\"description\":\"L\\u00e0 o\\u00f9 autrefois la production dominait, se d\\u00e9veloppent aujourd'hui des quartiers diversifi\\u00e9s o\\u00f9 se m\\u00ealent habitat, travail et loisirs. La durabilit\\u00e9 et la mise en r\\u00e9seau innovante caract\\u00e9risent l'avenir de B\\u00e2le. B\\u00e2le transforme les zones industrielles en espaces de vie urbains.\",\"inLanguage\":\"fr-FR\",\"isPartOf\":{\"@id\":\"https:\\\/\\\/www.immo-invest.ch\\\/fr\\\/#website\"},\"breadcrumb\":{\"@id\":\"https:\\\/\\\/www.immo-invest.ch\\\/fr\\\/areale-in-basel-stadt-als-motor-der-zukunft\\\/#breadcrumblist\"},\"author\":{\"@id\":\"https:\\\/\\\/www.immo-invest.ch\\\/fr\\\/author\\\/immoinv_redakteur\\\/#author\"},\"creator\":{\"@id\":\"https:\\\/\\\/www.immo-invest.ch\\\/fr\\\/author\\\/immoinv_redakteur\\\/#author\"},\"image\":{\"@type\":\"ImageObject\",\"url\":\"https:\\\/\\\/www.immo-invest.ch\\\/wp-content\\\/uploads\\\/2026\\\/02\\\/basel-switzerland-sunrise-2025-03-24-01-10-50-utc-scaled-e1771933025566.jpg\",\"@id\":\"https:\\\/\\\/www.immo-invest.ch\\\/fr\\\/areale-in-basel-stadt-als-motor-der-zukunft\\\/#mainImage\",\"width\":2560,\"height\":1442,\"caption\":\"Basel, Switzerland sunrise over the Rhine River.\"},\"primaryImageOfPage\":{\"@id\":\"https:\\\/\\\/www.immo-invest.ch\\\/fr\\\/areale-in-basel-stadt-als-motor-der-zukunft\\\/#mainImage\"},\"datePublished\":\"2026-02-23T13:30:00+01:00\",\"dateModified\":\"2026-02-20T09:53:00+01:00\"},{\"@type\":\"WebSite\",\"@id\":\"https:\\\/\\\/www.immo-invest.ch\\\/fr\\\/#website\",\"url\":\"https:\\\/\\\/www.immo-invest.ch\\\/fr\\\/\",\"name\":\"immo!nvest - Die Plattform f\\u00fcr Standorte und Immobilien\",\"description\":\"Die\\u00a0Plattform f\\u00fcr Standorte und Immobilien\",\"inLanguage\":\"fr-FR\",\"publisher\":{\"@id\":\"https:\\\/\\\/www.immo-invest.ch\\\/fr\\\/#organization\"}}]}\n\t\t<\/script>\n\t\t<!-- All in One SEO -->\n\n","aioseo_head_json":{"title":"Les zones industrielles de B\u00e2le-Ville, moteurs de l\u2019avenir - immo!nvest - Die Plattform f\u00fcr Standorte und Immobilien","description":"L\u00e0 o\u00f9 autrefois la production dominait, se d\u00e9veloppent aujourd'hui des quartiers diversifi\u00e9s o\u00f9 se m\u00ealent habitat, travail et loisirs. La durabilit\u00e9 et la mise en r\u00e9seau innovante caract\u00e9risent l'avenir de B\u00e2le. B\u00e2le transforme les zones industrielles en espaces de vie urbains.","canonical_url":"https:\/\/www.immo-invest.ch\/fr\/areale-in-basel-stadt-als-motor-der-zukunft\/","robots":"max-image-preview:large","keywords":"","webmasterTools":{"google-site-verification":"fHJKvgWpZCR2zVBHWfkQeFXC11qieUSff0HGNYfuyLA","miscellaneous":""},"schema":{"@context":"https:\/\/schema.org","@graph":[{"@type":"BlogPosting","@id":"https:\/\/www.immo-invest.ch\/fr\/areale-in-basel-stadt-als-motor-der-zukunft\/#blogposting","name":"Les zones industrielles de B\u00e2le-Ville, moteurs de l\u2019avenir - immo!nvest - Die Plattform f\u00fcr Standorte und Immobilien","headline":"Les zones industrielles de B\u00e2le-Ville, moteurs de l&rsquo;avenir","author":{"@id":"https:\/\/www.immo-invest.ch\/fr\/author\/immoinv_redakteur\/#author"},"publisher":{"@id":"https:\/\/www.immo-invest.ch\/fr\/#organization"},"image":{"@type":"ImageObject","url":"https:\/\/www.immo-invest.ch\/wp-content\/uploads\/2026\/02\/basel-switzerland-sunrise-2025-03-24-01-10-50-utc-scaled-e1771933025566.jpg","width":2560,"height":1442,"caption":"Basel, Switzerland sunrise over the Rhine River."},"datePublished":"2026-02-23T13:30:00+01:00","dateModified":"2026-02-20T09:53:00+01:00","inLanguage":"fr-FR","mainEntityOfPage":{"@id":"https:\/\/www.immo-invest.ch\/fr\/areale-in-basel-stadt-als-motor-der-zukunft\/#webpage"},"isPartOf":{"@id":"https:\/\/www.immo-invest.ch\/fr\/areale-in-basel-stadt-als-motor-der-zukunft\/#webpage"},"articleSection":"Durabilit\u00e9, Planification \/ D\u00e9veloppement, Quartiers \/ Zones, Arealtransformation Schweiz, Immoinvest, immoNews, nachhaltige Quartierentwicklung, News, Stadtentwicklung Basel, Facultatif"},{"@type":"BreadcrumbList","@id":"https:\/\/www.immo-invest.ch\/fr\/areale-in-basel-stadt-als-motor-der-zukunft\/#breadcrumblist","itemListElement":[{"@type":"ListItem","@id":"https:\/\/www.immo-invest.ch\/fr\/#listItem","position":1,"name":"Home","item":"https:\/\/www.immo-invest.ch\/fr\/","nextItem":{"@type":"ListItem","@id":"https:\/\/www.immo-invest.ch\/fr\/categories\/trends-fr\/#listItem","name":"Trends"}},{"@type":"ListItem","@id":"https:\/\/www.immo-invest.ch\/fr\/categories\/trends-fr\/#listItem","position":2,"name":"Trends","item":"https:\/\/www.immo-invest.ch\/fr\/categories\/trends-fr\/","nextItem":{"@type":"ListItem","@id":"https:\/\/www.immo-invest.ch\/fr\/categories\/trends-fr\/durabilite\/#listItem","name":"Durabilit\u00e9"},"previousItem":{"@type":"ListItem","@id":"https:\/\/www.immo-invest.ch\/fr\/#listItem","name":"Home"}},{"@type":"ListItem","@id":"https:\/\/www.immo-invest.ch\/fr\/categories\/trends-fr\/durabilite\/#listItem","position":3,"name":"Durabilit\u00e9","item":"https:\/\/www.immo-invest.ch\/fr\/categories\/trends-fr\/durabilite\/","nextItem":{"@type":"ListItem","@id":"https:\/\/www.immo-invest.ch\/fr\/areale-in-basel-stadt-als-motor-der-zukunft\/#listItem","name":"Les zones industrielles de B\u00e2le-Ville, moteurs de l&rsquo;avenir"},"previousItem":{"@type":"ListItem","@id":"https:\/\/www.immo-invest.ch\/fr\/categories\/trends-fr\/#listItem","name":"Trends"}},{"@type":"ListItem","@id":"https:\/\/www.immo-invest.ch\/fr\/areale-in-basel-stadt-als-motor-der-zukunft\/#listItem","position":4,"name":"Les zones industrielles de B\u00e2le-Ville, moteurs de l&rsquo;avenir","previousItem":{"@type":"ListItem","@id":"https:\/\/www.immo-invest.ch\/fr\/categories\/trends-fr\/durabilite\/#listItem","name":"Durabilit\u00e9"}}]},{"@type":"Organization","@id":"https:\/\/www.immo-invest.ch\/fr\/#organization","name":"immo!nvest - Die Plattform f\u00fcr Standorte und Immobilien","description":"Die\u00a0Plattform f\u00fcr Standorte und Immobilien","url":"https:\/\/www.immo-invest.ch\/fr\/","email":"admin@immomedia.ag","telephone":"+41444420002","logo":{"@type":"ImageObject","url":"https:\/\/www.immo-invest.ch\/wp-content\/uploads\/2024\/09\/immoinvest_sm-scaled.jpg","@id":"https:\/\/www.immo-invest.ch\/fr\/areale-in-basel-stadt-als-motor-der-zukunft\/#organizationLogo","width":2560,"height":1340},"image":{"@id":"https:\/\/www.immo-invest.ch\/fr\/areale-in-basel-stadt-als-motor-der-zukunft\/#organizationLogo"},"sameAs":["https:\/\/www.facebook.com\/people\/Immoinvest\/100077962920504\/","https:\/\/x.com\/i\/flow\/login?redirect_after_login=immoinvest_ch","https:\/\/www.instagram.com\/immoinvest_ch\/","https:\/\/www.linkedin.com\/company\/immoinvest-swiss"]},{"@type":"Person","@id":"https:\/\/www.immo-invest.ch\/fr\/author\/immoinv_redakteur\/#author","url":"https:\/\/www.immo-invest.ch\/fr\/author\/immoinv_redakteur\/","name":"immoinv_redakteur","image":{"@type":"ImageObject","@id":"https:\/\/www.immo-invest.ch\/fr\/areale-in-basel-stadt-als-motor-der-zukunft\/#authorImage","url":"https:\/\/secure.gravatar.com\/avatar\/c880e25d853edfb649661cf7cf8a7571fd0af3883a77197f45a3f15520d284a3?s=96&d=mm&r=g","width":96,"height":96,"caption":"immoinv_redakteur"}},{"@type":"WebPage","@id":"https:\/\/www.immo-invest.ch\/fr\/areale-in-basel-stadt-als-motor-der-zukunft\/#webpage","url":"https:\/\/www.immo-invest.ch\/fr\/areale-in-basel-stadt-als-motor-der-zukunft\/","name":"Les zones industrielles de B\u00e2le-Ville, moteurs de l\u2019avenir - immo!nvest - Die Plattform f\u00fcr Standorte und Immobilien","description":"L\u00e0 o\u00f9 autrefois la production dominait, se d\u00e9veloppent aujourd'hui des quartiers diversifi\u00e9s o\u00f9 se m\u00ealent habitat, travail et loisirs. La durabilit\u00e9 et la mise en r\u00e9seau innovante caract\u00e9risent l'avenir de B\u00e2le. B\u00e2le transforme les zones industrielles en espaces de vie urbains.","inLanguage":"fr-FR","isPartOf":{"@id":"https:\/\/www.immo-invest.ch\/fr\/#website"},"breadcrumb":{"@id":"https:\/\/www.immo-invest.ch\/fr\/areale-in-basel-stadt-als-motor-der-zukunft\/#breadcrumblist"},"author":{"@id":"https:\/\/www.immo-invest.ch\/fr\/author\/immoinv_redakteur\/#author"},"creator":{"@id":"https:\/\/www.immo-invest.ch\/fr\/author\/immoinv_redakteur\/#author"},"image":{"@type":"ImageObject","url":"https:\/\/www.immo-invest.ch\/wp-content\/uploads\/2026\/02\/basel-switzerland-sunrise-2025-03-24-01-10-50-utc-scaled-e1771933025566.jpg","@id":"https:\/\/www.immo-invest.ch\/fr\/areale-in-basel-stadt-als-motor-der-zukunft\/#mainImage","width":2560,"height":1442,"caption":"Basel, Switzerland sunrise over the Rhine River."},"primaryImageOfPage":{"@id":"https:\/\/www.immo-invest.ch\/fr\/areale-in-basel-stadt-als-motor-der-zukunft\/#mainImage"},"datePublished":"2026-02-23T13:30:00+01:00","dateModified":"2026-02-20T09:53:00+01:00"},{"@type":"WebSite","@id":"https:\/\/www.immo-invest.ch\/fr\/#website","url":"https:\/\/www.immo-invest.ch\/fr\/","name":"immo!nvest - Die Plattform f\u00fcr Standorte und Immobilien","description":"Die\u00a0Plattform f\u00fcr Standorte und Immobilien","inLanguage":"fr-FR","publisher":{"@id":"https:\/\/www.immo-invest.ch\/fr\/#organization"}}]},"og:locale":"fr_FR","og:site_name":"immo!nvest - Die Plattform f\u00fcr Standorte und Immobilien - Die\u00a0Plattform f\u00fcr Standorte und Immobilien","og:type":"article","og:title":"Les zones industrielles de B\u00e2le-Ville, moteurs de l\u2019avenir - immo!nvest - Die Plattform f\u00fcr Standorte und Immobilien","og:description":"L\u00e0 o\u00f9 autrefois la production dominait, se d\u00e9veloppent aujourd'hui des quartiers diversifi\u00e9s o\u00f9 se m\u00ealent habitat, travail et loisirs. La durabilit\u00e9 et la mise en r\u00e9seau innovante caract\u00e9risent l'avenir de B\u00e2le. B\u00e2le transforme les zones industrielles en espaces de vie urbains.","og:url":"https:\/\/www.immo-invest.ch\/fr\/areale-in-basel-stadt-als-motor-der-zukunft\/","og:image":"https:\/\/www.immo-invest.ch\/wp-content\/uploads\/2026\/02\/basel-switzerland-sunrise-2025-03-24-01-10-50-utc-scaled-e1771933025566.jpg","og:image:secure_url":"https:\/\/www.immo-invest.ch\/wp-content\/uploads\/2026\/02\/basel-switzerland-sunrise-2025-03-24-01-10-50-utc-scaled-e1771933025566.jpg","og:image:width":2560,"og:image:height":1442,"article:published_time":"2026-02-23T12:30:00+00:00","article:modified_time":"2026-02-20T08:53:00+00:00","article:publisher":"https:\/\/www.facebook.com\/people\/Immoinvest\/100077962920504\/","twitter:card":"summary_large_image","twitter:site":"@i","twitter:title":"Les zones industrielles de B\u00e2le-Ville, moteurs de l\u2019avenir - immo!nvest - Die Plattform f\u00fcr Standorte und Immobilien","twitter:description":"L\u00e0 o\u00f9 autrefois la production dominait, se d\u00e9veloppent aujourd'hui des quartiers diversifi\u00e9s o\u00f9 se m\u00ealent habitat, travail et loisirs. La durabilit\u00e9 et la mise en r\u00e9seau innovante caract\u00e9risent l'avenir de B\u00e2le. B\u00e2le transforme les zones industrielles en espaces de vie urbains.","twitter:creator":"@i","twitter:image":"https:\/\/www.immo-invest.ch\/wp-content\/uploads\/2026\/02\/basel-switzerland-sunrise-2025-03-24-01-10-50-utc-scaled-e1771933025566.jpg"},"aioseo_meta_data":{"post_id":"149764","title":null,"description":null,"keywords":null,"keyphrases":{"focus":{"keyphrase":"","score":0,"analysis":{"keyphraseInTitle":{"score":0,"maxScore":9,"error":1}}},"additional":[]},"primary_term":null,"canonical_url":null,"og_title":null,"og_description":null,"og_object_type":"default","og_image_type":"default","og_image_url":null,"og_image_width":null,"og_image_height":null,"og_image_custom_url":null,"og_image_custom_fields":null,"og_video":"","og_custom_url":null,"og_article_section":null,"og_article_tags":null,"twitter_use_og":false,"twitter_card":"default","twitter_image_type":"default","twitter_image_url":null,"twitter_image_custom_url":null,"twitter_image_custom_fields":null,"twitter_title":null,"twitter_description":null,"schema":{"blockGraphs":[],"customGraphs":[],"default":{"data":{"Article":[],"Course":[],"Dataset":[],"FAQPage":[],"Movie":[],"Person":[],"Product":[],"ProductReview":[],"Car":[],"Recipe":[],"Service":[],"SoftwareApplication":[],"WebPage":[]},"graphName":"BlogPosting","isEnabled":true},"graphs":[]},"schema_type":"default","schema_type_options":null,"pillar_content":false,"robots_default":true,"robots_noindex":false,"robots_noarchive":false,"robots_nosnippet":false,"robots_nofollow":false,"robots_noimageindex":false,"robots_noodp":false,"robots_notranslate":false,"robots_max_snippet":"-1","robots_max_videopreview":"-1","robots_max_imagepreview":"large","priority":null,"frequency":"default","local_seo":null,"breadcrumb_settings":null,"limit_modified_date":false,"ai":{"faqs":[],"keyPoints":[],"titles":[],"descriptions":[],"socialPosts":{"email":[],"linkedin":[],"twitter":[],"facebook":[],"instagram":[]}},"created":"2026-02-20 08:53:04","updated":"2026-02-23 12:34:39","seo_analyzer_scan_date":null,"focus_keyword":null,"additional_keywords":null,"truseo_locale":null},"aioseo_breadcrumb":"<div class=\"aioseo-breadcrumbs\"><span class=\"aioseo-breadcrumb\">\n\t\t\t<a href=\"https:\/\/www.immo-invest.ch\/fr\/\" title=\"Home\">Home<\/a>\n\t\t<\/span><span class=\"aioseo-breadcrumb-separator\">&raquo;<\/span><span class=\"aioseo-breadcrumb\">\n\t\t\t<a href=\"https:\/\/www.immo-invest.ch\/fr\/categories\/trends-fr\/\" title=\"Trends\">Trends<\/a>\n\t\t<\/span><span class=\"aioseo-breadcrumb-separator\">&raquo;<\/span><span class=\"aioseo-breadcrumb\">\n\t\t\t<a href=\"https:\/\/www.immo-invest.ch\/fr\/categories\/trends-fr\/durabilite\/\" title=\"Durabilit\u00e9\">Durabilit\u00e9<\/a>\n\t\t<\/span><span class=\"aioseo-breadcrumb-separator\">&raquo;<\/span><span class=\"aioseo-breadcrumb\">\n\t\t\tLes zones industrielles de B\u00e2le-Ville, moteurs de l\u2019avenir\n\t\t<\/span><\/div>","aioseo_breadcrumb_json":[{"label":"Home","link":"https:\/\/www.immo-invest.ch\/fr\/"},{"label":"Trends","link":"https:\/\/www.immo-invest.ch\/fr\/categories\/trends-fr\/"},{"label":"Durabilit\u00e9","link":"https:\/\/www.immo-invest.ch\/fr\/categories\/trends-fr\/durabilite\/"},{"label":"Les zones industrielles de B\u00e2le-Ville, moteurs de l&rsquo;avenir","link":"https:\/\/www.immo-invest.ch\/fr\/areale-in-basel-stadt-als-motor-der-zukunft\/"}],"featured_image_src":"https:\/\/www.immo-invest.ch\/wp-content\/uploads\/2026\/02\/basel-switzerland-sunrise-2025-03-24-01-10-50-utc-scaled-e1771933025566-336x168.jpg","_links":{"self":[{"href":"https:\/\/www.immo-invest.ch\/fr\/wp-json\/wp\/v2\/posts\/149764","targetHints":{"allow":["GET"]}}],"collection":[{"href":"https:\/\/www.immo-invest.ch\/fr\/wp-json\/wp\/v2\/posts"}],"about":[{"href":"https:\/\/www.immo-invest.ch\/fr\/wp-json\/wp\/v2\/types\/post"}],"author":[{"embeddable":true,"href":"https:\/\/www.immo-invest.ch\/fr\/wp-json\/wp\/v2\/users\/57"}],"replies":[{"embeddable":true,"href":"https:\/\/www.immo-invest.ch\/fr\/wp-json\/wp\/v2\/comments?post=149764"}],"version-history":[{"count":2,"href":"https:\/\/www.immo-invest.ch\/fr\/wp-json\/wp\/v2\/posts\/149764\/revisions"}],"predecessor-version":[{"id":149773,"href":"https:\/\/www.immo-invest.ch\/fr\/wp-json\/wp\/v2\/posts\/149764\/revisions\/149773"}],"wp:featuredmedia":[{"embeddable":true,"href":"https:\/\/www.immo-invest.ch\/fr\/wp-json\/wp\/v2\/media\/149937"}],"wp:attachment":[{"href":"https:\/\/www.immo-invest.ch\/fr\/wp-json\/wp\/v2\/media?parent=149764"}],"wp:term":[{"taxonomy":"category","embeddable":true,"href":"https:\/\/www.immo-invest.ch\/fr\/wp-json\/wp\/v2\/categories?post=149764"},{"taxonomy":"post_tag","embeddable":true,"href":"https:\/\/www.immo-invest.ch\/fr\/wp-json\/wp\/v2\/tags?post=149764"}],"curies":[{"name":"wp","href":"https:\/\/api.w.org\/{rel}","templated":true}]}}