{"id":149551,"date":"2026-02-17T12:09:44","date_gmt":"2026-02-17T11:09:44","guid":{"rendered":"https:\/\/www.immo-invest.ch\/wohnraumfoerderung-im-bund\/"},"modified":"2026-02-17T12:16:14","modified_gmt":"2026-02-17T11:16:14","slug":"wohnraumfoerderung-im-bund","status":"publish","type":"post","link":"https:\/\/www.immo-invest.ch\/fr\/wohnraumfoerderung-im-bund\/","title":{"rendered":"Aide au logement au niveau f\u00e9d\u00e9ral"},"content":{"rendered":"<p class=\"wp-block-paragraph\">L&rsquo;aide au logement de la Conf&eacute;d&eacute;ration est sur le point d&rsquo;&ecirc;tre prolong&eacute;e. Une majorit&eacute; de la Commission de l&rsquo;&eacute;conomie du Conseil national soutient le projet du Conseil f&eacute;d&eacute;ral de continuer &agrave; alimenter le Fonds de roulement en faveur de la construction de logements d&rsquo;utilit&eacute; publique &agrave; partir de 2030. Ainsi que de renouveler le cr&eacute;dit d&rsquo;engagement pour les engagements conditionnels dans l&rsquo;aide au logement pour les ann&eacute;es 2027 &agrave; 2033. Les coop&eacute;ratives et autres organismes d&rsquo;utilit&eacute; publique sont soutenus dans la construction, la r&eacute;novation et l&rsquo;acquisition de logements &agrave; loyer mod&eacute;r&eacute; par le biais de pr&ecirc;ts remboursables &agrave; taux d&rsquo;int&eacute;r&ecirc;t avantageux.<\/p>\n\n\n\n\n\n<p class=\"wp-block-paragraph\">La majorit&eacute; de la Commission y voit des leviers &eacute;prouv&eacute;s et bien cibl&eacute;s pour lutter contre la situation tendue sur de nombreux march&eacute;s du logement, dans les villes comme dans les r&eacute;gions touristiques. Les demandes d&rsquo;une augmentation plus importante du fonds de roulement ou d&rsquo;une augmentation du cr&eacute;dit d&rsquo;engagement ont toutefois &eacute;chou&eacute; en raison des finances f&eacute;d&eacute;rales limit&eacute;es. Une minorit&eacute; de la commission ne veut m&ecirc;me pas entrer en mati&egrave;re sur les projets et renvoie &agrave; la forte immigration comme cause principale de la p&eacute;nurie de logements. De leur point de vue, la question du logement doit &ecirc;tre r&eacute;solue par la politique migratoire plut&ocirc;t que par des aides suppl&eacute;mentaires.<\/p>\n\n\n\n\n\n<p class=\"wp-block-paragraph\">La situation est nettement plus compliqu&eacute;e en ce qui concerne le mod&egrave;le de loyer bas&eacute; sur les co&ucirc;ts pr&eacute;vu dans la loi sur le logement. Le Conseil f&eacute;d&eacute;ral veut introduire, pour les logements d&rsquo;utilit&eacute; publique b&eacute;n&eacute;ficiant d&rsquo;un soutien indirect, un mod&egrave;le de loyer bas&eacute; sur les co&ucirc;ts simplifi&eacute; et clairement &eacute;tay&eacute; sur le plan juridique, qui oriente syst&eacute;matiquement les loyers vers les co&ucirc;ts de financement et d&rsquo;exploitation effectifs et renforce le contr&ocirc;le &eacute;tatique des loyers. La commission n&rsquo;a toutefois pas pr&eacute;cis&eacute; comment ce mod&egrave;le devait fonctionner en d&eacute;tail. En particulier, quelles m&eacute;thodes de calcul, quels forfaits et quelles marges de man&oelig;uvre doivent &ecirc;tre appliqu&eacute;s par les organismes responsables. Comme le Conseil f&eacute;d&eacute;ral souhaite r&eacute;gler l&rsquo;am&eacute;nagement au niveau de l&rsquo;ordonnance, la commission exige plus de clart&eacute; avant de prendre une d&eacute;cision de d&eacute;l&eacute;gation. Apr&egrave;s avoir entendu les associations sectorielles, les cantons et les experts, elle a suspendu les d&eacute;lib&eacute;rations jusqu&rsquo;&agrave; ce que le mod&egrave;le de loyer bas&eacute; sur les co&ucirc;ts soit en grande partie d&eacute;fini. Une reprise est pr&eacute;vue pour le troisi&egrave;me trimestre 2026. L&rsquo;encouragement indirect par le biais de fonds de roulement et de cautionnements devrait se poursuivre, tandis que les jalons d&rsquo;un nouveau r&eacute;gime de loyer bas&eacute; sur les co&ucirc;ts pour la construction de logements d&rsquo;utilit&eacute; publique doivent encore &ecirc;tre pos&eacute;s.<\/p>\n\n","protected":false},"excerpt":{"rendered":"<p>La Commission de l&rsquo;\u00e9conomie du Conseil national veut poursuivre l&rsquo;aide au logement de la Conf\u00e9d\u00e9ration qui a fait ses preuves. Le Fonds de roulement et les engagements conditionnels devraient \u00eatre prolong\u00e9s et l\u00e9g\u00e8rement renforc\u00e9s, mais le nouveau mod\u00e8le de loyer bas\u00e9 sur les co\u00fbts reste controvers\u00e9.<\/p>\n","protected":false},"author":2,"featured_media":149552,"comment_status":"open","ping_status":"open","sticky":false,"template":"","format":"standard","meta":{"pmpro_default_level":"","inline_featured_image":false,"_monsterinsights_skip_tracking":false,"footnotes":""},"categories":[55982,9430,55976,56027,55964,22438],"tags":[57241,872,3931,57242,2002,57243],"class_list":["post-149551","post","type-post","status-publish","format-standard","has-post-thumbnail","hentry","category-associations","category-business-fr","category-institutions-formation","category-planification-developpement","category-strategies-de-financement","category-trends-fr","tag-fonds-de-roulement","tag-immoinvest-fr","tag-immonews-fr","tag-kostenmietmodell","tag-news-fr","tag-wohnraumfoerderung-2","pmpro-has-access"],"acf":{"bild_mit_ki_erstellt_worden":["Ja"],"lead":"La Commission de l'\u00e9conomie du Conseil national veut poursuivre l'aide au logement de la Conf\u00e9d\u00e9ration qui a fait ses preuves. Le Fonds de roulement et les engagements conditionnels devraient \u00eatre prolong\u00e9s et l\u00e9g\u00e8rement renforc\u00e9s, mais le nouveau mod\u00e8le de loyer bas\u00e9 sur les co\u00fbts reste controvers\u00e9.","autor":"Quelle: Parlament","ort":"","bildunterschrift":"","bild_im_grid":false,"gallerie":"","newsim":""},"aioseo_notices":[],"aioseo_head":"\n\t\t<!-- All in One SEO 5.0.0.1 - aioseo.com -->\n\t<meta name=\"description\" content=\"La Commission de l&#039;\u00e9conomie du Conseil national veut poursuivre l&#039;aide au logement de la Conf\u00e9d\u00e9ration qui a fait ses preuves. Le Fonds de roulement et les engagements conditionnels devraient \u00eatre prolong\u00e9s et l\u00e9g\u00e8rement renforc\u00e9s, mais le nouveau mod\u00e8le de loyer bas\u00e9 sur les co\u00fbts reste controvers\u00e9.\" \/>\n\t<meta name=\"robots\" content=\"max-image-preview:large\" \/>\n\t<meta name=\"author\" content=\"immovestuser\"\/>\n\t<meta name=\"google-site-verification\" content=\"fHJKvgWpZCR2zVBHWfkQeFXC11qieUSff0HGNYfuyLA\" \/>\n\t<link rel=\"canonical\" href=\"https:\/\/www.immo-invest.ch\/fr\/wohnraumfoerderung-im-bund\/\" \/>\n\t<meta name=\"generator\" content=\"All in One SEO (AIOSEO) 5.0.0.1\" \/>\n\t\t<meta property=\"og:locale\" content=\"fr_FR\" \/>\n\t\t<meta property=\"og:site_name\" content=\"immo!nvest - Die Plattform f\u00fcr Standorte und Immobilien - Die\u00a0Plattform f\u00fcr Standorte und Immobilien\" \/>\n\t\t<meta property=\"og:type\" content=\"article\" \/>\n\t\t<meta property=\"og:title\" content=\"Aide au logement au niveau f\u00e9d\u00e9ral - immo!nvest - Die Plattform f\u00fcr Standorte und Immobilien\" \/>\n\t\t<meta property=\"og:description\" content=\"La Commission de l&#039;\u00e9conomie du Conseil national veut poursuivre l&#039;aide au logement de la Conf\u00e9d\u00e9ration qui a fait ses preuves. Le Fonds de roulement et les engagements conditionnels devraient \u00eatre prolong\u00e9s et l\u00e9g\u00e8rement renforc\u00e9s, mais le nouveau mod\u00e8le de loyer bas\u00e9 sur les co\u00fbts reste controvers\u00e9.\" \/>\n\t\t<meta property=\"og:url\" content=\"https:\/\/www.immo-invest.ch\/fr\/wohnraumfoerderung-im-bund\/\" \/>\n\t\t<meta property=\"og:image\" content=\"https:\/\/www.immo-invest.ch\/wp-content\/uploads\/2026\/02\/banoviag_realistic_Swiss_residential_development_planning_scene_d2ee1a00-e1f8-4f8c-9352-0e03c177cb16-scaled.png\" \/>\n\t\t<meta property=\"og:image:secure_url\" content=\"https:\/\/www.immo-invest.ch\/wp-content\/uploads\/2026\/02\/banoviag_realistic_Swiss_residential_development_planning_scene_d2ee1a00-e1f8-4f8c-9352-0e03c177cb16-scaled.png\" \/>\n\t\t<meta property=\"og:image:width\" content=\"2560\" \/>\n\t\t<meta property=\"og:image:height\" content=\"1280\" \/>\n\t\t<meta property=\"article:published_time\" content=\"2026-02-17T11:09:44+00:00\" \/>\n\t\t<meta property=\"article:modified_time\" content=\"2026-02-17T11:16:14+00:00\" \/>\n\t\t<meta property=\"article:publisher\" content=\"https:\/\/www.facebook.com\/people\/Immoinvest\/100077962920504\/\" \/>\n\t\t<meta name=\"twitter:card\" content=\"summary_large_image\" \/>\n\t\t<meta name=\"twitter:site\" content=\"@i\" \/>\n\t\t<meta name=\"twitter:title\" content=\"Aide au logement au niveau f\u00e9d\u00e9ral - immo!nvest - Die Plattform f\u00fcr Standorte und Immobilien\" \/>\n\t\t<meta name=\"twitter:description\" content=\"La Commission de l&#039;\u00e9conomie du Conseil national veut poursuivre l&#039;aide au logement de la Conf\u00e9d\u00e9ration qui a fait ses preuves. Le Fonds de roulement et les engagements conditionnels devraient \u00eatre prolong\u00e9s et l\u00e9g\u00e8rement renforc\u00e9s, mais le nouveau mod\u00e8le de loyer bas\u00e9 sur les co\u00fbts reste controvers\u00e9.\" \/>\n\t\t<meta name=\"twitter:creator\" content=\"@i\" \/>\n\t\t<meta name=\"twitter:image\" content=\"https:\/\/www.immo-invest.ch\/wp-content\/uploads\/2026\/02\/banoviag_realistic_Swiss_residential_development_planning_scene_d2ee1a00-e1f8-4f8c-9352-0e03c177cb16-scaled.png\" \/>\n\t\t<script type=\"application\/ld+json\" class=\"aioseo-schema\">\n\t\t\t{\"@context\":\"https:\\\/\\\/schema.org\",\"@graph\":[{\"@type\":\"BlogPosting\",\"@id\":\"https:\\\/\\\/www.immo-invest.ch\\\/fr\\\/wohnraumfoerderung-im-bund\\\/#blogposting\",\"name\":\"Aide au logement au niveau f\\u00e9d\\u00e9ral - immo!nvest - Die Plattform f\\u00fcr Standorte und Immobilien\",\"headline\":\"Aide au logement au niveau f\\u00e9d\\u00e9ral\",\"author\":{\"@id\":\"https:\\\/\\\/www.immo-invest.ch\\\/fr\\\/author\\\/immovestuser\\\/#author\"},\"publisher\":{\"@id\":\"https:\\\/\\\/www.immo-invest.ch\\\/fr\\\/#organization\"},\"image\":{\"@type\":\"ImageObject\",\"url\":\"https:\\\/\\\/www.immo-invest.ch\\\/wp-content\\\/uploads\\\/2026\\\/02\\\/banoviag_realistic_Swiss_residential_development_planning_scene_d2ee1a00-e1f8-4f8c-9352-0e03c177cb16-scaled.png\",\"width\":2560,\"height\":1280},\"datePublished\":\"2026-02-17T12:09:44+01:00\",\"dateModified\":\"2026-02-17T12:16:14+01:00\",\"inLanguage\":\"fr-FR\",\"mainEntityOfPage\":{\"@id\":\"https:\\\/\\\/www.immo-invest.ch\\\/fr\\\/wohnraumfoerderung-im-bund\\\/#webpage\"},\"isPartOf\":{\"@id\":\"https:\\\/\\\/www.immo-invest.ch\\\/fr\\\/wohnraumfoerderung-im-bund\\\/#webpage\"},\"articleSection\":\"Associations, Business, Institutions &amp; Formation, Planification \\\/ D\\u00e9veloppement, Strat\\u00e9gies de financement, Trends, Fonds de Roulement, Immoinvest, immoNews, Kostenmietmodell, News, Wohnraumfoerderung, Facultatif\"},{\"@type\":\"BreadcrumbList\",\"@id\":\"https:\\\/\\\/www.immo-invest.ch\\\/fr\\\/wohnraumfoerderung-im-bund\\\/#breadcrumblist\",\"itemListElement\":[{\"@type\":\"ListItem\",\"@id\":\"https:\\\/\\\/www.immo-invest.ch\\\/fr\\\/#listItem\",\"position\":1,\"name\":\"Home\",\"item\":\"https:\\\/\\\/www.immo-invest.ch\\\/fr\\\/\",\"nextItem\":{\"@type\":\"ListItem\",\"@id\":\"https:\\\/\\\/www.immo-invest.ch\\\/fr\\\/categories\\\/business-fr\\\/#listItem\",\"name\":\"Business\"}},{\"@type\":\"ListItem\",\"@id\":\"https:\\\/\\\/www.immo-invest.ch\\\/fr\\\/categories\\\/business-fr\\\/#listItem\",\"position\":2,\"name\":\"Business\",\"item\":\"https:\\\/\\\/www.immo-invest.ch\\\/fr\\\/categories\\\/business-fr\\\/\",\"nextItem\":{\"@type\":\"ListItem\",\"@id\":\"https:\\\/\\\/www.immo-invest.ch\\\/fr\\\/categories\\\/business-fr\\\/strategies-de-financement\\\/#listItem\",\"name\":\"Strat\\u00e9gies de financement\"},\"previousItem\":{\"@type\":\"ListItem\",\"@id\":\"https:\\\/\\\/www.immo-invest.ch\\\/fr\\\/#listItem\",\"name\":\"Home\"}},{\"@type\":\"ListItem\",\"@id\":\"https:\\\/\\\/www.immo-invest.ch\\\/fr\\\/categories\\\/business-fr\\\/strategies-de-financement\\\/#listItem\",\"position\":3,\"name\":\"Strat\\u00e9gies de financement\",\"item\":\"https:\\\/\\\/www.immo-invest.ch\\\/fr\\\/categories\\\/business-fr\\\/strategies-de-financement\\\/\",\"nextItem\":{\"@type\":\"ListItem\",\"@id\":\"https:\\\/\\\/www.immo-invest.ch\\\/fr\\\/wohnraumfoerderung-im-bund\\\/#listItem\",\"name\":\"Aide au logement au niveau f\\u00e9d\\u00e9ral\"},\"previousItem\":{\"@type\":\"ListItem\",\"@id\":\"https:\\\/\\\/www.immo-invest.ch\\\/fr\\\/categories\\\/business-fr\\\/#listItem\",\"name\":\"Business\"}},{\"@type\":\"ListItem\",\"@id\":\"https:\\\/\\\/www.immo-invest.ch\\\/fr\\\/wohnraumfoerderung-im-bund\\\/#listItem\",\"position\":4,\"name\":\"Aide au logement au niveau f\\u00e9d\\u00e9ral\",\"previousItem\":{\"@type\":\"ListItem\",\"@id\":\"https:\\\/\\\/www.immo-invest.ch\\\/fr\\\/categories\\\/business-fr\\\/strategies-de-financement\\\/#listItem\",\"name\":\"Strat\\u00e9gies de financement\"}}]},{\"@type\":\"Organization\",\"@id\":\"https:\\\/\\\/www.immo-invest.ch\\\/fr\\\/#organization\",\"name\":\"immo!nvest - Die Plattform f\\u00fcr Standorte und Immobilien\",\"description\":\"Die\\u00a0Plattform f\\u00fcr Standorte und Immobilien\",\"url\":\"https:\\\/\\\/www.immo-invest.ch\\\/fr\\\/\",\"email\":\"admin@immomedia.ag\",\"telephone\":\"+41444420002\",\"logo\":{\"@type\":\"ImageObject\",\"url\":\"https:\\\/\\\/www.immo-invest.ch\\\/wp-content\\\/uploads\\\/2024\\\/09\\\/immoinvest_sm-scaled.jpg\",\"@id\":\"https:\\\/\\\/www.immo-invest.ch\\\/fr\\\/wohnraumfoerderung-im-bund\\\/#organizationLogo\",\"width\":2560,\"height\":1340},\"image\":{\"@id\":\"https:\\\/\\\/www.immo-invest.ch\\\/fr\\\/wohnraumfoerderung-im-bund\\\/#organizationLogo\"},\"sameAs\":[\"https:\\\/\\\/www.facebook.com\\\/people\\\/Immoinvest\\\/100077962920504\\\/\",\"https:\\\/\\\/x.com\\\/i\\\/flow\\\/login?redirect_after_login=immoinvest_ch\",\"https:\\\/\\\/www.instagram.com\\\/immoinvest_ch\\\/\",\"https:\\\/\\\/www.linkedin.com\\\/company\\\/immoinvest-swiss\"]},{\"@type\":\"Person\",\"@id\":\"https:\\\/\\\/www.immo-invest.ch\\\/fr\\\/author\\\/immovestuser\\\/#author\",\"url\":\"https:\\\/\\\/www.immo-invest.ch\\\/fr\\\/author\\\/immovestuser\\\/\",\"name\":\"immovestuser\",\"image\":{\"@type\":\"ImageObject\",\"@id\":\"https:\\\/\\\/www.immo-invest.ch\\\/fr\\\/wohnraumfoerderung-im-bund\\\/#authorImage\",\"url\":\"https:\\\/\\\/secure.gravatar.com\\\/avatar\\\/8e01f4d99f2eeea7a362ebb93305e1172a70e9293ba250f897a65c39f54cdd1e?s=96&d=mm&r=g\",\"width\":96,\"height\":96,\"caption\":\"immovestuser\"}},{\"@type\":\"WebPage\",\"@id\":\"https:\\\/\\\/www.immo-invest.ch\\\/fr\\\/wohnraumfoerderung-im-bund\\\/#webpage\",\"url\":\"https:\\\/\\\/www.immo-invest.ch\\\/fr\\\/wohnraumfoerderung-im-bund\\\/\",\"name\":\"Aide au logement au niveau f\\u00e9d\\u00e9ral - immo!nvest - Die Plattform f\\u00fcr Standorte und Immobilien\",\"description\":\"La Commission de l'\\u00e9conomie du Conseil national veut poursuivre l'aide au logement de la Conf\\u00e9d\\u00e9ration qui a fait ses preuves. Le Fonds de roulement et les engagements conditionnels devraient \\u00eatre prolong\\u00e9s et l\\u00e9g\\u00e8rement renforc\\u00e9s, mais le nouveau mod\\u00e8le de loyer bas\\u00e9 sur les co\\u00fbts reste controvers\\u00e9.\",\"inLanguage\":\"fr-FR\",\"isPartOf\":{\"@id\":\"https:\\\/\\\/www.immo-invest.ch\\\/fr\\\/#website\"},\"breadcrumb\":{\"@id\":\"https:\\\/\\\/www.immo-invest.ch\\\/fr\\\/wohnraumfoerderung-im-bund\\\/#breadcrumblist\"},\"author\":{\"@id\":\"https:\\\/\\\/www.immo-invest.ch\\\/fr\\\/author\\\/immovestuser\\\/#author\"},\"creator\":{\"@id\":\"https:\\\/\\\/www.immo-invest.ch\\\/fr\\\/author\\\/immovestuser\\\/#author\"},\"image\":{\"@type\":\"ImageObject\",\"url\":\"https:\\\/\\\/www.immo-invest.ch\\\/wp-content\\\/uploads\\\/2026\\\/02\\\/banoviag_realistic_Swiss_residential_development_planning_scene_d2ee1a00-e1f8-4f8c-9352-0e03c177cb16-scaled.png\",\"@id\":\"https:\\\/\\\/www.immo-invest.ch\\\/fr\\\/wohnraumfoerderung-im-bund\\\/#mainImage\",\"width\":2560,\"height\":1280},\"primaryImageOfPage\":{\"@id\":\"https:\\\/\\\/www.immo-invest.ch\\\/fr\\\/wohnraumfoerderung-im-bund\\\/#mainImage\"},\"datePublished\":\"2026-02-17T12:09:44+01:00\",\"dateModified\":\"2026-02-17T12:16:14+01:00\"},{\"@type\":\"WebSite\",\"@id\":\"https:\\\/\\\/www.immo-invest.ch\\\/fr\\\/#website\",\"url\":\"https:\\\/\\\/www.immo-invest.ch\\\/fr\\\/\",\"name\":\"immo!nvest - Die Plattform f\\u00fcr Standorte und Immobilien\",\"description\":\"Die\\u00a0Plattform f\\u00fcr Standorte und Immobilien\",\"inLanguage\":\"fr-FR\",\"publisher\":{\"@id\":\"https:\\\/\\\/www.immo-invest.ch\\\/fr\\\/#organization\"}}]}\n\t\t<\/script>\n\t\t<!-- All in One SEO -->\n\n","aioseo_head_json":{"title":"Aide au logement au niveau f\u00e9d\u00e9ral - immo!nvest - Die Plattform f\u00fcr Standorte und Immobilien","description":"La Commission de l'\u00e9conomie du Conseil national veut poursuivre l'aide au logement de la Conf\u00e9d\u00e9ration qui a fait ses preuves. Le Fonds de roulement et les engagements conditionnels devraient \u00eatre prolong\u00e9s et l\u00e9g\u00e8rement renforc\u00e9s, mais le nouveau mod\u00e8le de loyer bas\u00e9 sur les co\u00fbts reste controvers\u00e9.","canonical_url":"https:\/\/www.immo-invest.ch\/fr\/wohnraumfoerderung-im-bund\/","robots":"max-image-preview:large","keywords":"","webmasterTools":{"google-site-verification":"fHJKvgWpZCR2zVBHWfkQeFXC11qieUSff0HGNYfuyLA","miscellaneous":""},"schema":{"@context":"https:\/\/schema.org","@graph":[{"@type":"BlogPosting","@id":"https:\/\/www.immo-invest.ch\/fr\/wohnraumfoerderung-im-bund\/#blogposting","name":"Aide au logement au niveau f\u00e9d\u00e9ral - immo!nvest - Die Plattform f\u00fcr Standorte und Immobilien","headline":"Aide au logement au niveau f\u00e9d\u00e9ral","author":{"@id":"https:\/\/www.immo-invest.ch\/fr\/author\/immovestuser\/#author"},"publisher":{"@id":"https:\/\/www.immo-invest.ch\/fr\/#organization"},"image":{"@type":"ImageObject","url":"https:\/\/www.immo-invest.ch\/wp-content\/uploads\/2026\/02\/banoviag_realistic_Swiss_residential_development_planning_scene_d2ee1a00-e1f8-4f8c-9352-0e03c177cb16-scaled.png","width":2560,"height":1280},"datePublished":"2026-02-17T12:09:44+01:00","dateModified":"2026-02-17T12:16:14+01:00","inLanguage":"fr-FR","mainEntityOfPage":{"@id":"https:\/\/www.immo-invest.ch\/fr\/wohnraumfoerderung-im-bund\/#webpage"},"isPartOf":{"@id":"https:\/\/www.immo-invest.ch\/fr\/wohnraumfoerderung-im-bund\/#webpage"},"articleSection":"Associations, Business, Institutions &amp; Formation, Planification \/ D\u00e9veloppement, Strat\u00e9gies de financement, Trends, Fonds de Roulement, Immoinvest, immoNews, Kostenmietmodell, News, Wohnraumfoerderung, Facultatif"},{"@type":"BreadcrumbList","@id":"https:\/\/www.immo-invest.ch\/fr\/wohnraumfoerderung-im-bund\/#breadcrumblist","itemListElement":[{"@type":"ListItem","@id":"https:\/\/www.immo-invest.ch\/fr\/#listItem","position":1,"name":"Home","item":"https:\/\/www.immo-invest.ch\/fr\/","nextItem":{"@type":"ListItem","@id":"https:\/\/www.immo-invest.ch\/fr\/categories\/business-fr\/#listItem","name":"Business"}},{"@type":"ListItem","@id":"https:\/\/www.immo-invest.ch\/fr\/categories\/business-fr\/#listItem","position":2,"name":"Business","item":"https:\/\/www.immo-invest.ch\/fr\/categories\/business-fr\/","nextItem":{"@type":"ListItem","@id":"https:\/\/www.immo-invest.ch\/fr\/categories\/business-fr\/strategies-de-financement\/#listItem","name":"Strat\u00e9gies de financement"},"previousItem":{"@type":"ListItem","@id":"https:\/\/www.immo-invest.ch\/fr\/#listItem","name":"Home"}},{"@type":"ListItem","@id":"https:\/\/www.immo-invest.ch\/fr\/categories\/business-fr\/strategies-de-financement\/#listItem","position":3,"name":"Strat\u00e9gies de financement","item":"https:\/\/www.immo-invest.ch\/fr\/categories\/business-fr\/strategies-de-financement\/","nextItem":{"@type":"ListItem","@id":"https:\/\/www.immo-invest.ch\/fr\/wohnraumfoerderung-im-bund\/#listItem","name":"Aide au logement au niveau f\u00e9d\u00e9ral"},"previousItem":{"@type":"ListItem","@id":"https:\/\/www.immo-invest.ch\/fr\/categories\/business-fr\/#listItem","name":"Business"}},{"@type":"ListItem","@id":"https:\/\/www.immo-invest.ch\/fr\/wohnraumfoerderung-im-bund\/#listItem","position":4,"name":"Aide au logement au niveau f\u00e9d\u00e9ral","previousItem":{"@type":"ListItem","@id":"https:\/\/www.immo-invest.ch\/fr\/categories\/business-fr\/strategies-de-financement\/#listItem","name":"Strat\u00e9gies de financement"}}]},{"@type":"Organization","@id":"https:\/\/www.immo-invest.ch\/fr\/#organization","name":"immo!nvest - Die Plattform f\u00fcr Standorte und Immobilien","description":"Die\u00a0Plattform f\u00fcr Standorte und Immobilien","url":"https:\/\/www.immo-invest.ch\/fr\/","email":"admin@immomedia.ag","telephone":"+41444420002","logo":{"@type":"ImageObject","url":"https:\/\/www.immo-invest.ch\/wp-content\/uploads\/2024\/09\/immoinvest_sm-scaled.jpg","@id":"https:\/\/www.immo-invest.ch\/fr\/wohnraumfoerderung-im-bund\/#organizationLogo","width":2560,"height":1340},"image":{"@id":"https:\/\/www.immo-invest.ch\/fr\/wohnraumfoerderung-im-bund\/#organizationLogo"},"sameAs":["https:\/\/www.facebook.com\/people\/Immoinvest\/100077962920504\/","https:\/\/x.com\/i\/flow\/login?redirect_after_login=immoinvest_ch","https:\/\/www.instagram.com\/immoinvest_ch\/","https:\/\/www.linkedin.com\/company\/immoinvest-swiss"]},{"@type":"Person","@id":"https:\/\/www.immo-invest.ch\/fr\/author\/immovestuser\/#author","url":"https:\/\/www.immo-invest.ch\/fr\/author\/immovestuser\/","name":"immovestuser","image":{"@type":"ImageObject","@id":"https:\/\/www.immo-invest.ch\/fr\/wohnraumfoerderung-im-bund\/#authorImage","url":"https:\/\/secure.gravatar.com\/avatar\/8e01f4d99f2eeea7a362ebb93305e1172a70e9293ba250f897a65c39f54cdd1e?s=96&d=mm&r=g","width":96,"height":96,"caption":"immovestuser"}},{"@type":"WebPage","@id":"https:\/\/www.immo-invest.ch\/fr\/wohnraumfoerderung-im-bund\/#webpage","url":"https:\/\/www.immo-invest.ch\/fr\/wohnraumfoerderung-im-bund\/","name":"Aide au logement au niveau f\u00e9d\u00e9ral - immo!nvest - Die Plattform f\u00fcr Standorte und Immobilien","description":"La Commission de l'\u00e9conomie du Conseil national veut poursuivre l'aide au logement de la Conf\u00e9d\u00e9ration qui a fait ses preuves. Le Fonds de roulement et les engagements conditionnels devraient \u00eatre prolong\u00e9s et l\u00e9g\u00e8rement renforc\u00e9s, mais le nouveau mod\u00e8le de loyer bas\u00e9 sur les co\u00fbts reste controvers\u00e9.","inLanguage":"fr-FR","isPartOf":{"@id":"https:\/\/www.immo-invest.ch\/fr\/#website"},"breadcrumb":{"@id":"https:\/\/www.immo-invest.ch\/fr\/wohnraumfoerderung-im-bund\/#breadcrumblist"},"author":{"@id":"https:\/\/www.immo-invest.ch\/fr\/author\/immovestuser\/#author"},"creator":{"@id":"https:\/\/www.immo-invest.ch\/fr\/author\/immovestuser\/#author"},"image":{"@type":"ImageObject","url":"https:\/\/www.immo-invest.ch\/wp-content\/uploads\/2026\/02\/banoviag_realistic_Swiss_residential_development_planning_scene_d2ee1a00-e1f8-4f8c-9352-0e03c177cb16-scaled.png","@id":"https:\/\/www.immo-invest.ch\/fr\/wohnraumfoerderung-im-bund\/#mainImage","width":2560,"height":1280},"primaryImageOfPage":{"@id":"https:\/\/www.immo-invest.ch\/fr\/wohnraumfoerderung-im-bund\/#mainImage"},"datePublished":"2026-02-17T12:09:44+01:00","dateModified":"2026-02-17T12:16:14+01:00"},{"@type":"WebSite","@id":"https:\/\/www.immo-invest.ch\/fr\/#website","url":"https:\/\/www.immo-invest.ch\/fr\/","name":"immo!nvest - Die Plattform f\u00fcr Standorte und Immobilien","description":"Die\u00a0Plattform f\u00fcr Standorte und Immobilien","inLanguage":"fr-FR","publisher":{"@id":"https:\/\/www.immo-invest.ch\/fr\/#organization"}}]},"og:locale":"fr_FR","og:site_name":"immo!nvest - Die Plattform f\u00fcr Standorte und Immobilien - Die\u00a0Plattform f\u00fcr Standorte und Immobilien","og:type":"article","og:title":"Aide au logement au niveau f\u00e9d\u00e9ral - immo!nvest - Die Plattform f\u00fcr Standorte und Immobilien","og:description":"La Commission de l'\u00e9conomie du Conseil national veut poursuivre l'aide au logement de la Conf\u00e9d\u00e9ration qui a fait ses preuves. Le Fonds de roulement et les engagements conditionnels devraient \u00eatre prolong\u00e9s et l\u00e9g\u00e8rement renforc\u00e9s, mais le nouveau mod\u00e8le de loyer bas\u00e9 sur les co\u00fbts reste controvers\u00e9.","og:url":"https:\/\/www.immo-invest.ch\/fr\/wohnraumfoerderung-im-bund\/","og:image":"https:\/\/www.immo-invest.ch\/wp-content\/uploads\/2026\/02\/banoviag_realistic_Swiss_residential_development_planning_scene_d2ee1a00-e1f8-4f8c-9352-0e03c177cb16-scaled.png","og:image:secure_url":"https:\/\/www.immo-invest.ch\/wp-content\/uploads\/2026\/02\/banoviag_realistic_Swiss_residential_development_planning_scene_d2ee1a00-e1f8-4f8c-9352-0e03c177cb16-scaled.png","og:image:width":2560,"og:image:height":1280,"article:published_time":"2026-02-17T11:09:44+00:00","article:modified_time":"2026-02-17T11:16:14+00:00","article:publisher":"https:\/\/www.facebook.com\/people\/Immoinvest\/100077962920504\/","twitter:card":"summary_large_image","twitter:site":"@i","twitter:title":"Aide au logement au niveau f\u00e9d\u00e9ral - immo!nvest - Die Plattform f\u00fcr Standorte und Immobilien","twitter:description":"La Commission de l'\u00e9conomie du Conseil national veut poursuivre l'aide au logement de la Conf\u00e9d\u00e9ration qui a fait ses preuves. Le Fonds de roulement et les engagements conditionnels devraient \u00eatre prolong\u00e9s et l\u00e9g\u00e8rement renforc\u00e9s, mais le nouveau mod\u00e8le de loyer bas\u00e9 sur les co\u00fbts reste controvers\u00e9.","twitter:creator":"@i","twitter:image":"https:\/\/www.immo-invest.ch\/wp-content\/uploads\/2026\/02\/banoviag_realistic_Swiss_residential_development_planning_scene_d2ee1a00-e1f8-4f8c-9352-0e03c177cb16-scaled.png"},"aioseo_meta_data":{"post_id":"149551","title":null,"description":null,"keywords":null,"keyphrases":{"focus":{"keyphrase":"","score":0,"analysis":{"keyphraseInTitle":{"score":0,"maxScore":9,"error":1}}},"additional":[]},"primary_term":null,"canonical_url":null,"og_title":null,"og_description":null,"og_object_type":"default","og_image_type":"default","og_image_url":null,"og_image_width":null,"og_image_height":null,"og_image_custom_url":null,"og_image_custom_fields":null,"og_video":"","og_custom_url":null,"og_article_section":null,"og_article_tags":null,"twitter_use_og":false,"twitter_card":"default","twitter_image_type":"default","twitter_image_url":null,"twitter_image_custom_url":null,"twitter_image_custom_fields":null,"twitter_title":null,"twitter_description":null,"schema":{"blockGraphs":[],"customGraphs":[],"default":{"data":{"Article":[],"Course":[],"Dataset":[],"FAQPage":[],"Movie":[],"Person":[],"Product":[],"ProductReview":[],"Car":[],"Recipe":[],"Service":[],"SoftwareApplication":[],"WebPage":[]},"graphName":"BlogPosting","isEnabled":true},"graphs":[]},"schema_type":"default","schema_type_options":null,"pillar_content":false,"robots_default":true,"robots_noindex":false,"robots_noarchive":false,"robots_nosnippet":false,"robots_nofollow":false,"robots_noimageindex":false,"robots_noodp":false,"robots_notranslate":false,"robots_max_snippet":"-1","robots_max_videopreview":"-1","robots_max_imagepreview":"large","priority":null,"frequency":"default","local_seo":null,"breadcrumb_settings":null,"limit_modified_date":false,"ai":{"faqs":[],"keyPoints":[],"titles":[],"descriptions":[],"socialPosts":{"email":[],"linkedin":[],"twitter":[],"facebook":[],"instagram":[]}},"created":"2026-02-17 11:16:16","updated":"2026-02-17 11:18:40","seo_analyzer_scan_date":null,"focus_keyword":null,"additional_keywords":null,"truseo_locale":null},"aioseo_breadcrumb":"<div class=\"aioseo-breadcrumbs\"><span class=\"aioseo-breadcrumb\">\n\t\t\t<a href=\"https:\/\/www.immo-invest.ch\/fr\/\" title=\"Home\">Home<\/a>\n\t\t<\/span><span class=\"aioseo-breadcrumb-separator\">&raquo;<\/span><span class=\"aioseo-breadcrumb\">\n\t\t\t<a href=\"https:\/\/www.immo-invest.ch\/fr\/categories\/business-fr\/\" title=\"Business\">Business<\/a>\n\t\t<\/span><span class=\"aioseo-breadcrumb-separator\">&raquo;<\/span><span class=\"aioseo-breadcrumb\">\n\t\t\t<a href=\"https:\/\/www.immo-invest.ch\/fr\/categories\/business-fr\/strategies-de-financement\/\" title=\"Strat\u00e9gies de financement\">Strat\u00e9gies de financement<\/a>\n\t\t<\/span><span class=\"aioseo-breadcrumb-separator\">&raquo;<\/span><span class=\"aioseo-breadcrumb\">\n\t\t\tAide au logement au niveau f\u00e9d\u00e9ral\n\t\t<\/span><\/div>","aioseo_breadcrumb_json":[{"label":"Home","link":"https:\/\/www.immo-invest.ch\/fr\/"},{"label":"Business","link":"https:\/\/www.immo-invest.ch\/fr\/categories\/business-fr\/"},{"label":"Strat\u00e9gies de financement","link":"https:\/\/www.immo-invest.ch\/fr\/categories\/business-fr\/strategies-de-financement\/"},{"label":"Aide au logement au niveau f\u00e9d\u00e9ral","link":"https:\/\/www.immo-invest.ch\/fr\/wohnraumfoerderung-im-bund\/"}],"featured_image_src":"https:\/\/www.immo-invest.ch\/wp-content\/uploads\/2026\/02\/banoviag_realistic_Swiss_residential_development_planning_scene_d2ee1a00-e1f8-4f8c-9352-0e03c177cb16-336x168.png","_links":{"self":[{"href":"https:\/\/www.immo-invest.ch\/fr\/wp-json\/wp\/v2\/posts\/149551","targetHints":{"allow":["GET"]}}],"collection":[{"href":"https:\/\/www.immo-invest.ch\/fr\/wp-json\/wp\/v2\/posts"}],"about":[{"href":"https:\/\/www.immo-invest.ch\/fr\/wp-json\/wp\/v2\/types\/post"}],"author":[{"embeddable":true,"href":"https:\/\/www.immo-invest.ch\/fr\/wp-json\/wp\/v2\/users\/2"}],"replies":[{"embeddable":true,"href":"https:\/\/www.immo-invest.ch\/fr\/wp-json\/wp\/v2\/comments?post=149551"}],"version-history":[{"count":2,"href":"https:\/\/www.immo-invest.ch\/fr\/wp-json\/wp\/v2\/posts\/149551\/revisions"}],"predecessor-version":[{"id":149559,"href":"https:\/\/www.immo-invest.ch\/fr\/wp-json\/wp\/v2\/posts\/149551\/revisions\/149559"}],"wp:featuredmedia":[{"embeddable":true,"href":"https:\/\/www.immo-invest.ch\/fr\/wp-json\/wp\/v2\/media\/149552"}],"wp:attachment":[{"href":"https:\/\/www.immo-invest.ch\/fr\/wp-json\/wp\/v2\/media?parent=149551"}],"wp:term":[{"taxonomy":"category","embeddable":true,"href":"https:\/\/www.immo-invest.ch\/fr\/wp-json\/wp\/v2\/categories?post=149551"},{"taxonomy":"post_tag","embeddable":true,"href":"https:\/\/www.immo-invest.ch\/fr\/wp-json\/wp\/v2\/tags?post=149551"}],"curies":[{"name":"wp","href":"https:\/\/api.w.org\/{rel}","templated":true}]}}