{"id":149464,"date":"2026-02-17T10:00:00","date_gmt":"2026-02-17T09:00:00","guid":{"rendered":"https:\/\/www.immo-invest.ch\/?p=149464"},"modified":"2026-02-16T15:10:36","modified_gmt":"2026-02-16T14:10:36","slug":"kanton-zuerich-waechst-weiter","status":"publish","type":"post","link":"https:\/\/www.immo-invest.ch\/fr\/kanton-zuerich-waechst-weiter\/","title":{"rendered":"Le canton de Zurich poursuit sa croissance"},"content":{"rendered":"<p class=\"wp-block-paragraph\">Le canton de Zurich continue de cro&icirc;tre, mais la grande pouss&eacute;e de croissance des ann&eacute;es pr&eacute;c&eacute;dentes est pour l&rsquo;instant termin&eacute;e. Fin 2025, la population r&eacute;sidente selon le droit civil comptait 1 628 081 personnes &ndash; une augmentation de pr&egrave;s de 13 000 habitants ou 0,8 pour cent par rapport &agrave; l&rsquo;ann&eacute;e pr&eacute;c&eacute;dente. Hormis les ann&eacute;es Corona, il s&rsquo;agit de la plus faible augmentation depuis 2005, ce qui indique clairement une phase de dynamique plus mod&eacute;r&eacute;e.<\/p>\n\n\n\n\n\n<p class=\"wp-block-paragraph\"><strong>L&rsquo;immigration, principal moteur de la croissance<br><\/strong>La croissance d&eacute;mographique continue d&rsquo;&ecirc;tre port&eacute;e principalement par l&rsquo;immigration en provenance de l&rsquo;&eacute;tranger. Plus de 80 pour cent de l&rsquo;augmentation est due &agrave; des personnes de nationalit&eacute; &eacute;trang&egrave;re qui s&rsquo;installent dans le canton. Le solde migratoire avec l&rsquo;&eacute;tranger a certes l&eacute;g&egrave;rement diminu&eacute; par rapport &agrave; l&rsquo;ann&eacute;e pr&eacute;c&eacute;dente, mais il se situe &agrave; nouveau &agrave; peu pr&egrave;s au m&ecirc;me niveau qu&rsquo;avant la guerre en Ukraine. Le solde migratoire interne avec les autres cantons reste l&eacute;g&egrave;rement n&eacute;gatif et n&rsquo;&eacute;volue plus gu&egrave;re depuis quelques ann&eacute;es. Zurich perd &agrave; peu pr&egrave;s autant de personnes qu&rsquo;elle en gagne au sein de la Suisse.<\/p>\n\n\n\n\n\n<p class=\"wp-block-paragraph\"><strong>Naissances et d&eacute;c&egrave;s<br><\/strong>Le solde des naissances repr&eacute;sente moins d&rsquo;un cinqui&egrave;me de la croissance. Les premi&egrave;res estimations montrent certes une l&eacute;g&egrave;re augmentation des naissances et un nombre de d&eacute;c&egrave;s l&eacute;g&egrave;rement inf&eacute;rieur, mais l&rsquo;exc&eacute;dent reste globalement faible. Cela confirme la tendance selon laquelle la population augmente surtout &laquo;&nbsp;de l&rsquo;ext&eacute;rieur&nbsp;&raquo;, tandis que la dynamique d&eacute;mographique s&rsquo;affaiblit &agrave; l&rsquo;int&eacute;rieur.<\/p>\n\n\n\n\n\n<p class=\"wp-block-paragraph\"><strong>Les villes et les petites communes connaissent la plus forte croissance<br><\/strong>Sur le plan spatial, l&rsquo;<span class=\"glossaryLink\"  aria-describedby=\"tt\"  data-cmtooltip=\"&lt;div class=glossaryItemTitle&gt;Image&lt;\/div&gt;&lt;div class=glossaryItemBody&gt;Individuelles Vorstellungsbild, das Dritte von einer Marke, einem Produkt oder einer Unternehmung haben. Aus Marketingsicht wird zwischen einem gegenw&auml;rtigen (Ist-Image) und einem anzustrebenden Image (Soll-Image) unterschieden&lt;\/div&gt;\"  data-mobile-support=\"0\"  data-gt-translate-attributes='[{\"attribute\":\"data-cmtooltip\", \"format\":\"html\"}]' tabindex='0' role='link'>image<\/span> est partag&eacute;e en deux. Plus des deux tiers de la croissance sont le fait des villes de plus de 10 000 habitants. La ville de Zurich absorbe &agrave; elle seule pr&egrave;s d&rsquo;un tiers de l&rsquo;augmentation cantonale et cro&icirc;t de 4&rsquo;008 personnes. Elle est suivie par D&uuml;bendorf et Uster, tandis que Winterthur, avec une augmentation de 355 personnes, enregistre la plus faible croissance depuis le d&eacute;but du mill&eacute;naire.<\/p>\n\n\n\n\n\n<p class=\"wp-block-paragraph\">Par rapport &agrave; la taille de la commune, ce sont en revanche les petites communes qui augmentent le plus. Flaach, H&uuml;ntwangen et Wila enregistrent des taux de croissance compris entre 4 et 5 pour cent, soulignant ainsi que m&ecirc;me les communes &agrave; caract&egrave;re rural du canton peuvent profiter de l&rsquo;immigration.<\/p>\n\n\n\n\n\n<p class=\"wp-block-paragraph\"><strong>Les r&eacute;gions se d&eacute;placent<br><\/strong>Toutes les r&eacute;gions du canton croissent, mais &agrave; des rythmes diff&eacute;rents. Le Weinland et le Furttal sont en t&ecirc;te avec des taux de croissance de 1,1 et 1,0 pour cent. Deux fois plus que dans la r&eacute;gion de Winterthur, qui sera en queue de peloton en 2025. Alors que ce sont surtout les r&eacute;gions proches de la ville au nord et &agrave; l&rsquo;est qui ont connu une croissance sup&eacute;rieure &agrave; la moyenne, la ville de Zurich et la vall&eacute;e de la Limmat se situent d&eacute;sormais au-dessus de la moyenne cantonale, tandis que la vall&eacute;e de la Glatt et la r&eacute;gion de Winterthour sont &agrave; la tra&icirc;ne.<\/p>\n\n\n\n\n\n<p class=\"wp-block-paragraph\"><strong>Une population &eacute;trang&egrave;re fortement marqu&eacute;e par l&rsquo;Europe<br><\/strong>Fin 2025, environ 472 000 personnes de nationalit&eacute; &eacute;trang&egrave;re vivaient dans le canton. Une part de 29 pour cent de la population totale. Leur nombre continue d&rsquo;augmenter, m&ecirc;me si, avec 1,5 pour cent, il a rarement &eacute;t&eacute; aussi lent depuis l&rsquo;introduction de la libre circulation compl&egrave;te des personnes avec l&rsquo;UE en 2007. Pr&egrave;s des deux tiers sont originaires d&rsquo;un pays de l&rsquo;UE ou de l&rsquo;AELE, et plus de 80 pour cent sont europ&eacute;ens.<\/p>\n\n\n\n\n\n<p class=\"wp-block-paragraph\"><\/p>\n\n","protected":false},"excerpt":{"rendered":"<p>Fin 2025, 1,63 million de personnes vivaient dans le canton de Zurich, soit environ 13 000 de plus qu&rsquo;un an auparavant. La croissance reste nettement positive, mais elle ralentit et se concentre davantage sur les villes, les r\u00e9gions bien desservies et la population \u00e9trang\u00e8re en provenance d&rsquo;Europe. <\/p>\n","protected":false},"author":2,"featured_media":149465,"comment_status":"open","ping_status":"open","sticky":false,"template":"","format":"standard","meta":{"pmpro_default_level":"","inline_featured_image":false,"_monsterinsights_skip_tracking":false,"footnotes":""},"categories":[9430,22696,55961,56027,22438],"tags":[57210,872,3931,2002,57049,55550],"class_list":["post-149464","post","type-post","status-publish","format-standard","has-post-thumbnail","hentry","category-business-fr","category-entreprise","category-evaluations-analyses-de-marche","category-planification-developpement","category-trends-fr","tag-bevoelkerungsentwicklung","tag-immoinvest-fr","tag-immonews-fr","tag-news-fr","tag-wohnraumnachfrage","tag-zuwanderung","pmpro-has-access"],"acf":{"bild_mit_ki_erstellt_worden":["Ja"],"lead":"Fin 2025, 1,63 million de personnes vivaient dans le canton de Zurich, soit environ 13 000 de plus qu'un an auparavant. La croissance reste nettement positive, mais elle ralentit et se concentre davantage sur les villes, les r\u00e9gions bien desservies et la population \u00e9trang\u00e8re en provenance d'Europe. ","autor":"Quelle: Z\u00fcrich","ort":"","bildunterschrift":"","bild_im_grid":false,"gallerie":"","newsim":""},"aioseo_notices":[],"aioseo_head":"\n\t\t<!-- All in One SEO 5.0.1.1 - aioseo.com -->\n\t<meta name=\"description\" content=\"Fin 2025, 1,63 million de personnes vivaient dans le canton de Zurich, soit environ 13 000 de plus qu&#039;un an auparavant. La croissance reste nettement positive, mais elle ralentit et se concentre davantage sur les villes, les r\u00e9gions bien desservies et la population \u00e9trang\u00e8re en provenance d&#039;Europe.\" \/>\n\t<meta name=\"robots\" content=\"max-image-preview:large\" \/>\n\t<meta name=\"author\" content=\"immovestuser\"\/>\n\t<meta name=\"google-site-verification\" content=\"fHJKvgWpZCR2zVBHWfkQeFXC11qieUSff0HGNYfuyLA\" \/>\n\t<link rel=\"canonical\" href=\"https:\/\/www.immo-invest.ch\/fr\/kanton-zuerich-waechst-weiter\/\" \/>\n\t<meta name=\"generator\" content=\"All in One SEO (AIOSEO) 5.0.1.1\" \/>\n\t\t<meta property=\"og:locale\" content=\"fr_FR\" \/>\n\t\t<meta property=\"og:site_name\" content=\"immo!nvest - Die Plattform f\u00fcr Standorte und Immobilien - Die\u00a0Plattform f\u00fcr Standorte und Immobilien\" \/>\n\t\t<meta property=\"og:type\" content=\"article\" \/>\n\t\t<meta property=\"og:title\" content=\"Le canton de Zurich poursuit sa croissance - immo!nvest - Die Plattform f\u00fcr Standorte und Immobilien\" \/>\n\t\t<meta property=\"og:description\" content=\"Fin 2025, 1,63 million de personnes vivaient dans le canton de Zurich, soit environ 13 000 de plus qu&#039;un an auparavant. La croissance reste nettement positive, mais elle ralentit et se concentre davantage sur les villes, les r\u00e9gions bien desservies et la population \u00e9trang\u00e8re en provenance d&#039;Europe.\" \/>\n\t\t<meta property=\"og:url\" content=\"https:\/\/www.immo-invest.ch\/fr\/kanton-zuerich-waechst-weiter\/\" \/>\n\t\t<meta property=\"og:image\" content=\"https:\/\/www.immo-invest.ch\/wp-content\/uploads\/2026\/02\/banoviag_realistic_aerial_view_of_Zurich_metropolitan_region__ad1d65a6-0bb4-47ca-aaa3-758f613694e5_3.png\" \/>\n\t\t<meta property=\"og:image:secure_url\" content=\"https:\/\/www.immo-invest.ch\/wp-content\/uploads\/2026\/02\/banoviag_realistic_aerial_view_of_Zurich_metropolitan_region__ad1d65a6-0bb4-47ca-aaa3-758f613694e5_3.png\" \/>\n\t\t<meta property=\"og:image:width\" content=\"1536\" \/>\n\t\t<meta property=\"og:image:height\" content=\"768\" \/>\n\t\t<meta property=\"article:published_time\" content=\"2026-02-17T09:00:00+00:00\" \/>\n\t\t<meta property=\"article:modified_time\" content=\"2026-02-16T14:10:36+00:00\" \/>\n\t\t<meta property=\"article:publisher\" content=\"https:\/\/www.facebook.com\/people\/Immoinvest\/100077962920504\/\" \/>\n\t\t<meta name=\"twitter:card\" content=\"summary_large_image\" \/>\n\t\t<meta name=\"twitter:site\" content=\"@i\" \/>\n\t\t<meta name=\"twitter:title\" content=\"Le canton de Zurich poursuit sa croissance - immo!nvest - Die Plattform f\u00fcr Standorte und Immobilien\" \/>\n\t\t<meta name=\"twitter:description\" content=\"Fin 2025, 1,63 million de personnes vivaient dans le canton de Zurich, soit environ 13 000 de plus qu&#039;un an auparavant. La croissance reste nettement positive, mais elle ralentit et se concentre davantage sur les villes, les r\u00e9gions bien desservies et la population \u00e9trang\u00e8re en provenance d&#039;Europe.\" \/>\n\t\t<meta name=\"twitter:creator\" content=\"@i\" \/>\n\t\t<meta name=\"twitter:image\" content=\"https:\/\/www.immo-invest.ch\/wp-content\/uploads\/2026\/02\/banoviag_realistic_aerial_view_of_Zurich_metropolitan_region__ad1d65a6-0bb4-47ca-aaa3-758f613694e5_3.png\" \/>\n\t\t<script type=\"application\/ld+json\" class=\"aioseo-schema\">\n\t\t\t{\"@context\":\"https:\\\/\\\/schema.org\",\"@graph\":[{\"@type\":\"BlogPosting\",\"@id\":\"https:\\\/\\\/www.immo-invest.ch\\\/fr\\\/kanton-zuerich-waechst-weiter\\\/#blogposting\",\"name\":\"Le canton de Zurich poursuit sa croissance - immo!nvest - Die Plattform f\\u00fcr Standorte und Immobilien\",\"headline\":\"Le canton de Zurich poursuit sa croissance\",\"author\":{\"@id\":\"https:\\\/\\\/www.immo-invest.ch\\\/fr\\\/author\\\/immovestuser\\\/#author\"},\"publisher\":{\"@id\":\"https:\\\/\\\/www.immo-invest.ch\\\/fr\\\/#organization\"},\"image\":{\"@type\":\"ImageObject\",\"url\":\"https:\\\/\\\/www.immo-invest.ch\\\/wp-content\\\/uploads\\\/2026\\\/02\\\/banoviag_realistic_aerial_view_of_Zurich_metropolitan_region__ad1d65a6-0bb4-47ca-aaa3-758f613694e5_3.png\",\"width\":1536,\"height\":768},\"datePublished\":\"2026-02-17T10:00:00+01:00\",\"dateModified\":\"2026-02-16T15:10:36+01:00\",\"inLanguage\":\"fr-FR\",\"mainEntityOfPage\":{\"@id\":\"https:\\\/\\\/www.immo-invest.ch\\\/fr\\\/kanton-zuerich-waechst-weiter\\\/#webpage\"},\"isPartOf\":{\"@id\":\"https:\\\/\\\/www.immo-invest.ch\\\/fr\\\/kanton-zuerich-waechst-weiter\\\/#webpage\"},\"articleSection\":\"Business, Entreprise, \\u00c9valuations &amp; analyses de march\\u00e9, Planification \\\/ D\\u00e9veloppement, Trends, Bevoelkerungsentwicklung, Immoinvest, immoNews, News, Wohnraumnachfrage, Zuwanderung, Facultatif\"},{\"@type\":\"BreadcrumbList\",\"@id\":\"https:\\\/\\\/www.immo-invest.ch\\\/fr\\\/kanton-zuerich-waechst-weiter\\\/#breadcrumblist\",\"itemListElement\":[{\"@type\":\"ListItem\",\"@id\":\"https:\\\/\\\/www.immo-invest.ch\\\/fr\\\/#listItem\",\"position\":1,\"name\":\"Home\",\"item\":\"https:\\\/\\\/www.immo-invest.ch\\\/fr\\\/\",\"nextItem\":{\"@type\":\"ListItem\",\"@id\":\"https:\\\/\\\/www.immo-invest.ch\\\/fr\\\/categories\\\/trends-fr\\\/#listItem\",\"name\":\"Trends\"}},{\"@type\":\"ListItem\",\"@id\":\"https:\\\/\\\/www.immo-invest.ch\\\/fr\\\/categories\\\/trends-fr\\\/#listItem\",\"position\":2,\"name\":\"Trends\",\"item\":\"https:\\\/\\\/www.immo-invest.ch\\\/fr\\\/categories\\\/trends-fr\\\/\",\"nextItem\":{\"@type\":\"ListItem\",\"@id\":\"https:\\\/\\\/www.immo-invest.ch\\\/fr\\\/categories\\\/trends-fr\\\/entreprise\\\/#listItem\",\"name\":\"Entreprise\"},\"previousItem\":{\"@type\":\"ListItem\",\"@id\":\"https:\\\/\\\/www.immo-invest.ch\\\/fr\\\/#listItem\",\"name\":\"Home\"}},{\"@type\":\"ListItem\",\"@id\":\"https:\\\/\\\/www.immo-invest.ch\\\/fr\\\/categories\\\/trends-fr\\\/entreprise\\\/#listItem\",\"position\":3,\"name\":\"Entreprise\",\"item\":\"https:\\\/\\\/www.immo-invest.ch\\\/fr\\\/categories\\\/trends-fr\\\/entreprise\\\/\",\"nextItem\":{\"@type\":\"ListItem\",\"@id\":\"https:\\\/\\\/www.immo-invest.ch\\\/fr\\\/kanton-zuerich-waechst-weiter\\\/#listItem\",\"name\":\"Le canton de Zurich poursuit sa croissance\"},\"previousItem\":{\"@type\":\"ListItem\",\"@id\":\"https:\\\/\\\/www.immo-invest.ch\\\/fr\\\/categories\\\/trends-fr\\\/#listItem\",\"name\":\"Trends\"}},{\"@type\":\"ListItem\",\"@id\":\"https:\\\/\\\/www.immo-invest.ch\\\/fr\\\/kanton-zuerich-waechst-weiter\\\/#listItem\",\"position\":4,\"name\":\"Le canton de Zurich poursuit sa croissance\",\"previousItem\":{\"@type\":\"ListItem\",\"@id\":\"https:\\\/\\\/www.immo-invest.ch\\\/fr\\\/categories\\\/trends-fr\\\/entreprise\\\/#listItem\",\"name\":\"Entreprise\"}}]},{\"@type\":\"Organization\",\"@id\":\"https:\\\/\\\/www.immo-invest.ch\\\/fr\\\/#organization\",\"name\":\"immo!nvest - Die Plattform f\\u00fcr Standorte und Immobilien\",\"description\":\"Die\\u00a0Plattform f\\u00fcr Standorte und Immobilien\",\"url\":\"https:\\\/\\\/www.immo-invest.ch\\\/fr\\\/\",\"email\":\"admin@immomedia.ag\",\"telephone\":\"+41444420002\",\"logo\":{\"@type\":\"ImageObject\",\"url\":\"https:\\\/\\\/www.immo-invest.ch\\\/wp-content\\\/uploads\\\/2024\\\/09\\\/immoinvest_sm-scaled.jpg\",\"@id\":\"https:\\\/\\\/www.immo-invest.ch\\\/fr\\\/kanton-zuerich-waechst-weiter\\\/#organizationLogo\",\"width\":2560,\"height\":1340},\"image\":{\"@id\":\"https:\\\/\\\/www.immo-invest.ch\\\/fr\\\/kanton-zuerich-waechst-weiter\\\/#organizationLogo\"},\"sameAs\":[\"https:\\\/\\\/www.facebook.com\\\/people\\\/Immoinvest\\\/100077962920504\\\/\",\"https:\\\/\\\/x.com\\\/i\\\/flow\\\/login?redirect_after_login=immoinvest_ch\",\"https:\\\/\\\/www.instagram.com\\\/immoinvest_ch\\\/\",\"https:\\\/\\\/www.linkedin.com\\\/company\\\/immoinvest-swiss\"]},{\"@type\":\"Person\",\"@id\":\"https:\\\/\\\/www.immo-invest.ch\\\/fr\\\/author\\\/immovestuser\\\/#author\",\"url\":\"https:\\\/\\\/www.immo-invest.ch\\\/fr\\\/author\\\/immovestuser\\\/\",\"name\":\"immovestuser\",\"image\":{\"@type\":\"ImageObject\",\"@id\":\"https:\\\/\\\/www.immo-invest.ch\\\/fr\\\/kanton-zuerich-waechst-weiter\\\/#authorImage\",\"url\":\"https:\\\/\\\/secure.gravatar.com\\\/avatar\\\/8e01f4d99f2eeea7a362ebb93305e1172a70e9293ba250f897a65c39f54cdd1e?s=96&d=mm&r=g\",\"width\":96,\"height\":96,\"caption\":\"immovestuser\"}},{\"@type\":\"WebPage\",\"@id\":\"https:\\\/\\\/www.immo-invest.ch\\\/fr\\\/kanton-zuerich-waechst-weiter\\\/#webpage\",\"url\":\"https:\\\/\\\/www.immo-invest.ch\\\/fr\\\/kanton-zuerich-waechst-weiter\\\/\",\"name\":\"Le canton de Zurich poursuit sa croissance - immo!nvest - Die Plattform f\\u00fcr Standorte und Immobilien\",\"description\":\"Fin 2025, 1,63 million de personnes vivaient dans le canton de Zurich, soit environ 13 000 de plus qu'un an auparavant. La croissance reste nettement positive, mais elle ralentit et se concentre davantage sur les villes, les r\\u00e9gions bien desservies et la population \\u00e9trang\\u00e8re en provenance d'Europe.\",\"inLanguage\":\"fr-FR\",\"isPartOf\":{\"@id\":\"https:\\\/\\\/www.immo-invest.ch\\\/fr\\\/#website\"},\"breadcrumb\":{\"@id\":\"https:\\\/\\\/www.immo-invest.ch\\\/fr\\\/kanton-zuerich-waechst-weiter\\\/#breadcrumblist\"},\"author\":{\"@id\":\"https:\\\/\\\/www.immo-invest.ch\\\/fr\\\/author\\\/immovestuser\\\/#author\"},\"creator\":{\"@id\":\"https:\\\/\\\/www.immo-invest.ch\\\/fr\\\/author\\\/immovestuser\\\/#author\"},\"image\":{\"@type\":\"ImageObject\",\"url\":\"https:\\\/\\\/www.immo-invest.ch\\\/wp-content\\\/uploads\\\/2026\\\/02\\\/banoviag_realistic_aerial_view_of_Zurich_metropolitan_region__ad1d65a6-0bb4-47ca-aaa3-758f613694e5_3.png\",\"@id\":\"https:\\\/\\\/www.immo-invest.ch\\\/fr\\\/kanton-zuerich-waechst-weiter\\\/#mainImage\",\"width\":1536,\"height\":768},\"primaryImageOfPage\":{\"@id\":\"https:\\\/\\\/www.immo-invest.ch\\\/fr\\\/kanton-zuerich-waechst-weiter\\\/#mainImage\"},\"datePublished\":\"2026-02-17T10:00:00+01:00\",\"dateModified\":\"2026-02-16T15:10:36+01:00\"},{\"@type\":\"WebSite\",\"@id\":\"https:\\\/\\\/www.immo-invest.ch\\\/fr\\\/#website\",\"url\":\"https:\\\/\\\/www.immo-invest.ch\\\/fr\\\/\",\"name\":\"immo!nvest - Die Plattform f\\u00fcr Standorte und Immobilien\",\"description\":\"Die\\u00a0Plattform f\\u00fcr Standorte und Immobilien\",\"inLanguage\":\"fr-FR\",\"publisher\":{\"@id\":\"https:\\\/\\\/www.immo-invest.ch\\\/fr\\\/#organization\"}}]}\n\t\t<\/script>\n\t\t<!-- All in One SEO -->\n\n","aioseo_head_json":{"title":"Le canton de Zurich poursuit sa croissance - immo!nvest - Die Plattform f\u00fcr Standorte und Immobilien","description":"Fin 2025, 1,63 million de personnes vivaient dans le canton de Zurich, soit environ 13 000 de plus qu'un an auparavant. La croissance reste nettement positive, mais elle ralentit et se concentre davantage sur les villes, les r\u00e9gions bien desservies et la population \u00e9trang\u00e8re en provenance d'Europe.","canonical_url":"https:\/\/www.immo-invest.ch\/fr\/kanton-zuerich-waechst-weiter\/","robots":"max-image-preview:large","keywords":"","webmasterTools":{"google-site-verification":"fHJKvgWpZCR2zVBHWfkQeFXC11qieUSff0HGNYfuyLA","miscellaneous":""},"schema":{"@context":"https:\/\/schema.org","@graph":[{"@type":"BlogPosting","@id":"https:\/\/www.immo-invest.ch\/fr\/kanton-zuerich-waechst-weiter\/#blogposting","name":"Le canton de Zurich poursuit sa croissance - immo!nvest - Die Plattform f\u00fcr Standorte und Immobilien","headline":"Le canton de Zurich poursuit sa croissance","author":{"@id":"https:\/\/www.immo-invest.ch\/fr\/author\/immovestuser\/#author"},"publisher":{"@id":"https:\/\/www.immo-invest.ch\/fr\/#organization"},"image":{"@type":"ImageObject","url":"https:\/\/www.immo-invest.ch\/wp-content\/uploads\/2026\/02\/banoviag_realistic_aerial_view_of_Zurich_metropolitan_region__ad1d65a6-0bb4-47ca-aaa3-758f613694e5_3.png","width":1536,"height":768},"datePublished":"2026-02-17T10:00:00+01:00","dateModified":"2026-02-16T15:10:36+01:00","inLanguage":"fr-FR","mainEntityOfPage":{"@id":"https:\/\/www.immo-invest.ch\/fr\/kanton-zuerich-waechst-weiter\/#webpage"},"isPartOf":{"@id":"https:\/\/www.immo-invest.ch\/fr\/kanton-zuerich-waechst-weiter\/#webpage"},"articleSection":"Business, Entreprise, \u00c9valuations &amp; analyses de march\u00e9, Planification \/ D\u00e9veloppement, Trends, Bevoelkerungsentwicklung, Immoinvest, immoNews, News, Wohnraumnachfrage, Zuwanderung, Facultatif"},{"@type":"BreadcrumbList","@id":"https:\/\/www.immo-invest.ch\/fr\/kanton-zuerich-waechst-weiter\/#breadcrumblist","itemListElement":[{"@type":"ListItem","@id":"https:\/\/www.immo-invest.ch\/fr\/#listItem","position":1,"name":"Home","item":"https:\/\/www.immo-invest.ch\/fr\/","nextItem":{"@type":"ListItem","@id":"https:\/\/www.immo-invest.ch\/fr\/categories\/trends-fr\/#listItem","name":"Trends"}},{"@type":"ListItem","@id":"https:\/\/www.immo-invest.ch\/fr\/categories\/trends-fr\/#listItem","position":2,"name":"Trends","item":"https:\/\/www.immo-invest.ch\/fr\/categories\/trends-fr\/","nextItem":{"@type":"ListItem","@id":"https:\/\/www.immo-invest.ch\/fr\/categories\/trends-fr\/entreprise\/#listItem","name":"Entreprise"},"previousItem":{"@type":"ListItem","@id":"https:\/\/www.immo-invest.ch\/fr\/#listItem","name":"Home"}},{"@type":"ListItem","@id":"https:\/\/www.immo-invest.ch\/fr\/categories\/trends-fr\/entreprise\/#listItem","position":3,"name":"Entreprise","item":"https:\/\/www.immo-invest.ch\/fr\/categories\/trends-fr\/entreprise\/","nextItem":{"@type":"ListItem","@id":"https:\/\/www.immo-invest.ch\/fr\/kanton-zuerich-waechst-weiter\/#listItem","name":"Le canton de Zurich poursuit sa croissance"},"previousItem":{"@type":"ListItem","@id":"https:\/\/www.immo-invest.ch\/fr\/categories\/trends-fr\/#listItem","name":"Trends"}},{"@type":"ListItem","@id":"https:\/\/www.immo-invest.ch\/fr\/kanton-zuerich-waechst-weiter\/#listItem","position":4,"name":"Le canton de Zurich poursuit sa croissance","previousItem":{"@type":"ListItem","@id":"https:\/\/www.immo-invest.ch\/fr\/categories\/trends-fr\/entreprise\/#listItem","name":"Entreprise"}}]},{"@type":"Organization","@id":"https:\/\/www.immo-invest.ch\/fr\/#organization","name":"immo!nvest - Die Plattform f\u00fcr Standorte und Immobilien","description":"Die\u00a0Plattform f\u00fcr Standorte und Immobilien","url":"https:\/\/www.immo-invest.ch\/fr\/","email":"admin@immomedia.ag","telephone":"+41444420002","logo":{"@type":"ImageObject","url":"https:\/\/www.immo-invest.ch\/wp-content\/uploads\/2024\/09\/immoinvest_sm-scaled.jpg","@id":"https:\/\/www.immo-invest.ch\/fr\/kanton-zuerich-waechst-weiter\/#organizationLogo","width":2560,"height":1340},"image":{"@id":"https:\/\/www.immo-invest.ch\/fr\/kanton-zuerich-waechst-weiter\/#organizationLogo"},"sameAs":["https:\/\/www.facebook.com\/people\/Immoinvest\/100077962920504\/","https:\/\/x.com\/i\/flow\/login?redirect_after_login=immoinvest_ch","https:\/\/www.instagram.com\/immoinvest_ch\/","https:\/\/www.linkedin.com\/company\/immoinvest-swiss"]},{"@type":"Person","@id":"https:\/\/www.immo-invest.ch\/fr\/author\/immovestuser\/#author","url":"https:\/\/www.immo-invest.ch\/fr\/author\/immovestuser\/","name":"immovestuser","image":{"@type":"ImageObject","@id":"https:\/\/www.immo-invest.ch\/fr\/kanton-zuerich-waechst-weiter\/#authorImage","url":"https:\/\/secure.gravatar.com\/avatar\/8e01f4d99f2eeea7a362ebb93305e1172a70e9293ba250f897a65c39f54cdd1e?s=96&d=mm&r=g","width":96,"height":96,"caption":"immovestuser"}},{"@type":"WebPage","@id":"https:\/\/www.immo-invest.ch\/fr\/kanton-zuerich-waechst-weiter\/#webpage","url":"https:\/\/www.immo-invest.ch\/fr\/kanton-zuerich-waechst-weiter\/","name":"Le canton de Zurich poursuit sa croissance - immo!nvest - Die Plattform f\u00fcr Standorte und Immobilien","description":"Fin 2025, 1,63 million de personnes vivaient dans le canton de Zurich, soit environ 13 000 de plus qu'un an auparavant. La croissance reste nettement positive, mais elle ralentit et se concentre davantage sur les villes, les r\u00e9gions bien desservies et la population \u00e9trang\u00e8re en provenance d'Europe.","inLanguage":"fr-FR","isPartOf":{"@id":"https:\/\/www.immo-invest.ch\/fr\/#website"},"breadcrumb":{"@id":"https:\/\/www.immo-invest.ch\/fr\/kanton-zuerich-waechst-weiter\/#breadcrumblist"},"author":{"@id":"https:\/\/www.immo-invest.ch\/fr\/author\/immovestuser\/#author"},"creator":{"@id":"https:\/\/www.immo-invest.ch\/fr\/author\/immovestuser\/#author"},"image":{"@type":"ImageObject","url":"https:\/\/www.immo-invest.ch\/wp-content\/uploads\/2026\/02\/banoviag_realistic_aerial_view_of_Zurich_metropolitan_region__ad1d65a6-0bb4-47ca-aaa3-758f613694e5_3.png","@id":"https:\/\/www.immo-invest.ch\/fr\/kanton-zuerich-waechst-weiter\/#mainImage","width":1536,"height":768},"primaryImageOfPage":{"@id":"https:\/\/www.immo-invest.ch\/fr\/kanton-zuerich-waechst-weiter\/#mainImage"},"datePublished":"2026-02-17T10:00:00+01:00","dateModified":"2026-02-16T15:10:36+01:00"},{"@type":"WebSite","@id":"https:\/\/www.immo-invest.ch\/fr\/#website","url":"https:\/\/www.immo-invest.ch\/fr\/","name":"immo!nvest - Die Plattform f\u00fcr Standorte und Immobilien","description":"Die\u00a0Plattform f\u00fcr Standorte und Immobilien","inLanguage":"fr-FR","publisher":{"@id":"https:\/\/www.immo-invest.ch\/fr\/#organization"}}]},"og:locale":"fr_FR","og:site_name":"immo!nvest - Die Plattform f\u00fcr Standorte und Immobilien - Die\u00a0Plattform f\u00fcr Standorte und Immobilien","og:type":"article","og:title":"Le canton de Zurich poursuit sa croissance - immo!nvest - Die Plattform f\u00fcr Standorte und Immobilien","og:description":"Fin 2025, 1,63 million de personnes vivaient dans le canton de Zurich, soit environ 13 000 de plus qu'un an auparavant. La croissance reste nettement positive, mais elle ralentit et se concentre davantage sur les villes, les r\u00e9gions bien desservies et la population \u00e9trang\u00e8re en provenance d'Europe.","og:url":"https:\/\/www.immo-invest.ch\/fr\/kanton-zuerich-waechst-weiter\/","og:image":"https:\/\/www.immo-invest.ch\/wp-content\/uploads\/2026\/02\/banoviag_realistic_aerial_view_of_Zurich_metropolitan_region__ad1d65a6-0bb4-47ca-aaa3-758f613694e5_3.png","og:image:secure_url":"https:\/\/www.immo-invest.ch\/wp-content\/uploads\/2026\/02\/banoviag_realistic_aerial_view_of_Zurich_metropolitan_region__ad1d65a6-0bb4-47ca-aaa3-758f613694e5_3.png","og:image:width":1536,"og:image:height":768,"article:published_time":"2026-02-17T09:00:00+00:00","article:modified_time":"2026-02-16T14:10:36+00:00","article:publisher":"https:\/\/www.facebook.com\/people\/Immoinvest\/100077962920504\/","twitter:card":"summary_large_image","twitter:site":"@i","twitter:title":"Le canton de Zurich poursuit sa croissance - immo!nvest - Die Plattform f\u00fcr Standorte und Immobilien","twitter:description":"Fin 2025, 1,63 million de personnes vivaient dans le canton de Zurich, soit environ 13 000 de plus qu'un an auparavant. La croissance reste nettement positive, mais elle ralentit et se concentre davantage sur les villes, les r\u00e9gions bien desservies et la population \u00e9trang\u00e8re en provenance d'Europe.","twitter:creator":"@i","twitter:image":"https:\/\/www.immo-invest.ch\/wp-content\/uploads\/2026\/02\/banoviag_realistic_aerial_view_of_Zurich_metropolitan_region__ad1d65a6-0bb4-47ca-aaa3-758f613694e5_3.png"},"aioseo_meta_data":{"post_id":"149464","title":null,"description":null,"keywords":null,"keyphrases":{"focus":{"keyphrase":"","score":0,"analysis":{"keyphraseInTitle":{"score":0,"maxScore":9,"error":1}}},"additional":[]},"primary_term":null,"canonical_url":null,"og_title":null,"og_description":null,"og_object_type":"default","og_image_type":"default","og_image_url":null,"og_image_width":null,"og_image_height":null,"og_image_custom_url":null,"og_image_custom_fields":null,"og_video":"","og_custom_url":null,"og_article_section":null,"og_article_tags":null,"twitter_use_og":false,"twitter_card":"default","twitter_image_type":"default","twitter_image_url":null,"twitter_image_custom_url":null,"twitter_image_custom_fields":null,"twitter_title":null,"twitter_description":null,"schema":{"blockGraphs":[],"customGraphs":[],"default":{"data":{"Article":[],"Course":[],"Dataset":[],"FAQPage":[],"Movie":[],"Person":[],"Product":[],"ProductReview":[],"Car":[],"Recipe":[],"Service":[],"SoftwareApplication":[],"WebPage":[]},"graphName":"BlogPosting","isEnabled":true},"graphs":[]},"schema_type":"default","schema_type_options":null,"pillar_content":false,"robots_default":true,"robots_noindex":false,"robots_noarchive":false,"robots_nosnippet":false,"robots_nofollow":false,"robots_noimageindex":false,"robots_noodp":false,"robots_notranslate":false,"robots_max_snippet":"-1","robots_max_videopreview":"-1","robots_max_imagepreview":"large","priority":null,"frequency":"default","local_seo":null,"breadcrumb_settings":null,"limit_modified_date":false,"ai":{"faqs":[],"keyPoints":[],"titles":[],"descriptions":[],"socialPosts":{"email":[],"linkedin":[],"twitter":[],"facebook":[],"instagram":[]}},"created":"2026-02-16 14:10:37","updated":"2026-02-17 09:14:36","seo_analyzer_scan_date":null,"focus_keyword":null,"additional_keywords":null,"truseo_locale":null},"aioseo_breadcrumb":"<div class=\"aioseo-breadcrumbs\"><span class=\"aioseo-breadcrumb\">\n\t\t\t<a href=\"https:\/\/www.immo-invest.ch\/fr\/\" title=\"Home\">Home<\/a>\n\t\t<\/span><span class=\"aioseo-breadcrumb-separator\">&raquo;<\/span><span class=\"aioseo-breadcrumb\">\n\t\t\t<a href=\"https:\/\/www.immo-invest.ch\/fr\/categories\/trends-fr\/\" title=\"Trends\">Trends<\/a>\n\t\t<\/span><span class=\"aioseo-breadcrumb-separator\">&raquo;<\/span><span class=\"aioseo-breadcrumb\">\n\t\t\t<a href=\"https:\/\/www.immo-invest.ch\/fr\/categories\/trends-fr\/entreprise\/\" title=\"Entreprise\">Entreprise<\/a>\n\t\t<\/span><span class=\"aioseo-breadcrumb-separator\">&raquo;<\/span><span class=\"aioseo-breadcrumb\">\n\t\t\tLe canton de Zurich poursuit sa croissance\n\t\t<\/span><\/div>","aioseo_breadcrumb_json":[{"label":"Home","link":"https:\/\/www.immo-invest.ch\/fr\/"},{"label":"Trends","link":"https:\/\/www.immo-invest.ch\/fr\/categories\/trends-fr\/"},{"label":"Entreprise","link":"https:\/\/www.immo-invest.ch\/fr\/categories\/trends-fr\/entreprise\/"},{"label":"Le canton de Zurich poursuit sa croissance","link":"https:\/\/www.immo-invest.ch\/fr\/kanton-zuerich-waechst-weiter\/"}],"featured_image_src":"https:\/\/www.immo-invest.ch\/wp-content\/uploads\/2026\/02\/banoviag_realistic_aerial_view_of_Zurich_metropolitan_region__ad1d65a6-0bb4-47ca-aaa3-758f613694e5_3-336x168.png","_links":{"self":[{"href":"https:\/\/www.immo-invest.ch\/fr\/wp-json\/wp\/v2\/posts\/149464","targetHints":{"allow":["GET"]}}],"collection":[{"href":"https:\/\/www.immo-invest.ch\/fr\/wp-json\/wp\/v2\/posts"}],"about":[{"href":"https:\/\/www.immo-invest.ch\/fr\/wp-json\/wp\/v2\/types\/post"}],"author":[{"embeddable":true,"href":"https:\/\/www.immo-invest.ch\/fr\/wp-json\/wp\/v2\/users\/2"}],"replies":[{"embeddable":true,"href":"https:\/\/www.immo-invest.ch\/fr\/wp-json\/wp\/v2\/comments?post=149464"}],"version-history":[{"count":2,"href":"https:\/\/www.immo-invest.ch\/fr\/wp-json\/wp\/v2\/posts\/149464\/revisions"}],"predecessor-version":[{"id":149472,"href":"https:\/\/www.immo-invest.ch\/fr\/wp-json\/wp\/v2\/posts\/149464\/revisions\/149472"}],"wp:featuredmedia":[{"embeddable":true,"href":"https:\/\/www.immo-invest.ch\/fr\/wp-json\/wp\/v2\/media\/149465"}],"wp:attachment":[{"href":"https:\/\/www.immo-invest.ch\/fr\/wp-json\/wp\/v2\/media?parent=149464"}],"wp:term":[{"taxonomy":"category","embeddable":true,"href":"https:\/\/www.immo-invest.ch\/fr\/wp-json\/wp\/v2\/categories?post=149464"},{"taxonomy":"post_tag","embeddable":true,"href":"https:\/\/www.immo-invest.ch\/fr\/wp-json\/wp\/v2\/tags?post=149464"}],"curies":[{"name":"wp","href":"https:\/\/api.w.org\/{rel}","templated":true}]}}