{"id":149357,"date":"2026-02-16T16:20:00","date_gmt":"2026-02-16T15:20:00","guid":{"rendered":"https:\/\/www.immo-invest.ch\/?p=149357"},"modified":"2026-02-13T10:21:27","modified_gmt":"2026-02-13T09:21:27","slug":"generationswechsel-staerkt-engagement-fuer-energiewende","status":"publish","type":"post","link":"https:\/\/www.immo-invest.ch\/fr\/generationswechsel-staerkt-engagement-fuer-energiewende\/","title":{"rendered":"Le changement de g\u00e9n\u00e9ration renforce l&rsquo;engagement en faveur de la transition \u00e9nerg\u00e9tique"},"content":{"rendered":"<p class=\"bodytext\">Reto Trittibach est le nouveau propri&eacute;taire et directeur g&eacute;n&eacute;ral <a href=\"http:\/\/www.ines-energy.ch\" target=\"_blank\" rel=\"noopener\">d&rsquo;INES Energieplanung GmbH<\/a>. Selon un communiqu&eacute;, Andr&eacute; Joosten sera son adjoint. Avec cette nouvelle nomination, le fournisseur bernois de solutions d&rsquo;approvisionnement &eacute;nerg&eacute;tique fond&eacute; il y a 14 ans souhaite assurer la continuit&eacute;.<\/p>\n<p class=\"bodytext\">L&rsquo;objectif d&rsquo;INES Energieplanung est de &laquo; soutenir la transition &eacute;nerg&eacute;tique avec son savoir-faire et toutes ses forces &raquo;. L&rsquo;entreprise d&eacute;veloppe des concepts &eacute;nerg&eacute;tiques pour des sites et des projets de r&eacute;seaux de chauffage. Selon les informations fournies par l&rsquo;entreprise, INES apporte son expertise non seulement dans la planification et la construction d&rsquo;installations &eacute;nerg&eacute;tiques, mais aussi dans la conception d&rsquo;installations. INES est &eacute;galement consultant en &eacute;nergie pour la ville de Berne.<\/p>\n<p class=\"bodytext\">INES est active dans la ville et l&rsquo;agglom&eacute;ration de Berne. Parmi ses principaux clients et partenaires de coop&eacute;ration figurent <a href=\"http:\/\/www.waermeverbund.ch\" target=\"_blank\" rel=\"noopener\">Marzili W&auml;rmeverbund AG<\/a> et la ville de Berne.<\/p>\n<p class=\"bodytext\">Le fondateur Bruno Liesch a marqu&eacute; INES de son empreinte en mettant l&rsquo;accent sur les solutions &eacute;nerg&eacute;tiques durables, les r&eacute;seaux de chaleur et la planification &eacute;nerg&eacute;tique tourn&eacute;e vers l&rsquo;avenir. Selon le communiqu&eacute;, il continuera &agrave; apporter son exp&eacute;rience dans le d&eacute;veloppement de projets &agrave; temps partiel jusqu&rsquo;&agrave; fin 2026.<\/p>\n","protected":false},"excerpt":{"rendered":"<p>Reto Trittibach est le nouveau propri\u00e9taire et directeur g\u00e9n\u00e9ral d&rsquo;INES Energieplanung. L&rsquo;entreprise vise ainsi la continuit\u00e9, avec pour objectif des solutions respectueuses de l&rsquo;environnement pour l&rsquo;approvisionnement \u00e9nerg\u00e9tique. Andr\u00e9 Joosten est son adjoint.<\/p>\n","protected":false},"author":2,"featured_media":149358,"comment_status":"open","ping_status":"open","sticky":false,"template":"","format":"standard","meta":{"pmpro_default_level":"","inline_featured_image":false,"_monsterinsights_skip_tracking":false,"footnotes":""},"categories":[8747,22696,4464,743],"tags":[47130,4856,872,3931,2002,15889],"class_list":["post-149357","post","type-post","status-publish","format-standard","has-post-thumbnail","hentry","category-energie","category-entreprise","category-gens","category-immonews-fr","tag-energieplanung-fr","tag-energiewende-2-fr","tag-immoinvest-fr","tag-immonews-fr","tag-news-fr","tag-waermeverbund-fr","pmpro-has-access"],"acf":{"bild_mit_ki_erstellt_worden":["Ja"],"lead":"Reto Trittibach ist neuer Inhaber und Gesch\u00e4ftsleiter der INES Energieplanung. Die Firma strebt damit Kontinuit\u00e4t an, mit dem Ziel umweltfreundlicher L\u00f6sungen f\u00fcr die Energieversorgung. Stellvertreter ist Andr\u00e9 Joosten.","autor":"ce\/heg","ort":"Bern","bildunterschrift":"","bild_im_grid":false,"gallerie":"","newsim":""},"aioseo_notices":[],"aioseo_head":"\n\t\t<!-- All in One SEO 5.0.0.1 - aioseo.com -->\n\t<meta name=\"description\" content=\"Reto Trittibach est le nouveau propri\u00e9taire et directeur g\u00e9n\u00e9ral d&#039;INES Energieplanung. L&#039;entreprise vise ainsi la continuit\u00e9, avec pour objectif des solutions respectueuses de l&#039;environnement pour l&#039;approvisionnement \u00e9nerg\u00e9tique. Andr\u00e9 Joosten est son adjoint.\" \/>\n\t<meta name=\"robots\" content=\"max-image-preview:large\" \/>\n\t<meta name=\"author\" content=\"immovestuser\"\/>\n\t<meta name=\"google-site-verification\" content=\"fHJKvgWpZCR2zVBHWfkQeFXC11qieUSff0HGNYfuyLA\" \/>\n\t<link rel=\"canonical\" href=\"https:\/\/www.immo-invest.ch\/fr\/generationswechsel-staerkt-engagement-fuer-energiewende\/\" \/>\n\t<meta name=\"generator\" content=\"All in One SEO (AIOSEO) 5.0.0.1\" \/>\n\t\t<meta property=\"og:locale\" content=\"fr_FR\" \/>\n\t\t<meta property=\"og:site_name\" content=\"immo!nvest - Die Plattform f\u00fcr Standorte und Immobilien - Die\u00a0Plattform f\u00fcr Standorte und Immobilien\" \/>\n\t\t<meta property=\"og:type\" content=\"article\" \/>\n\t\t<meta property=\"og:title\" content=\"Le changement de g\u00e9n\u00e9ration renforce l\u2019engagement en faveur de la transition \u00e9nerg\u00e9tique - immo!nvest - Die Plattform f\u00fcr Standorte und Immobilien\" \/>\n\t\t<meta property=\"og:description\" content=\"Reto Trittibach est le nouveau propri\u00e9taire et directeur g\u00e9n\u00e9ral d&#039;INES Energieplanung. L&#039;entreprise vise ainsi la continuit\u00e9, avec pour objectif des solutions respectueuses de l&#039;environnement pour l&#039;approvisionnement \u00e9nerg\u00e9tique. Andr\u00e9 Joosten est son adjoint.\" \/>\n\t\t<meta property=\"og:url\" content=\"https:\/\/www.immo-invest.ch\/fr\/generationswechsel-staerkt-engagement-fuer-energiewende\/\" \/>\n\t\t<meta property=\"og:image\" content=\"https:\/\/www.immo-invest.ch\/wp-content\/uploads\/2026\/02\/banoviag_realistic_urban_energy_infrastructure_scene_with_dis_3fd94ac5-bd4a-48b2-83e7-1b59109b80c3_3.png\" \/>\n\t\t<meta property=\"og:image:secure_url\" content=\"https:\/\/www.immo-invest.ch\/wp-content\/uploads\/2026\/02\/banoviag_realistic_urban_energy_infrastructure_scene_with_dis_3fd94ac5-bd4a-48b2-83e7-1b59109b80c3_3.png\" \/>\n\t\t<meta property=\"og:image:width\" content=\"1536\" \/>\n\t\t<meta property=\"og:image:height\" content=\"768\" \/>\n\t\t<meta property=\"article:published_time\" content=\"2026-02-16T15:20:00+00:00\" \/>\n\t\t<meta property=\"article:modified_time\" content=\"2026-02-13T09:21:27+00:00\" \/>\n\t\t<meta property=\"article:publisher\" content=\"https:\/\/www.facebook.com\/people\/Immoinvest\/100077962920504\/\" \/>\n\t\t<meta name=\"twitter:card\" content=\"summary_large_image\" \/>\n\t\t<meta name=\"twitter:site\" content=\"@i\" \/>\n\t\t<meta name=\"twitter:title\" content=\"Le changement de g\u00e9n\u00e9ration renforce l\u2019engagement en faveur de la transition \u00e9nerg\u00e9tique - immo!nvest - Die Plattform f\u00fcr Standorte und Immobilien\" \/>\n\t\t<meta name=\"twitter:description\" content=\"Reto Trittibach est le nouveau propri\u00e9taire et directeur g\u00e9n\u00e9ral d&#039;INES Energieplanung. L&#039;entreprise vise ainsi la continuit\u00e9, avec pour objectif des solutions respectueuses de l&#039;environnement pour l&#039;approvisionnement \u00e9nerg\u00e9tique. Andr\u00e9 Joosten est son adjoint.\" \/>\n\t\t<meta name=\"twitter:creator\" content=\"@i\" \/>\n\t\t<meta name=\"twitter:image\" content=\"https:\/\/www.immo-invest.ch\/wp-content\/uploads\/2026\/02\/banoviag_realistic_urban_energy_infrastructure_scene_with_dis_3fd94ac5-bd4a-48b2-83e7-1b59109b80c3_3.png\" \/>\n\t\t<script type=\"application\/ld+json\" class=\"aioseo-schema\">\n\t\t\t{\"@context\":\"https:\\\/\\\/schema.org\",\"@graph\":[{\"@type\":\"BlogPosting\",\"@id\":\"https:\\\/\\\/www.immo-invest.ch\\\/fr\\\/generationswechsel-staerkt-engagement-fuer-energiewende\\\/#blogposting\",\"name\":\"Le changement de g\\u00e9n\\u00e9ration renforce l\\u2019engagement en faveur de la transition \\u00e9nerg\\u00e9tique - immo!nvest - Die Plattform f\\u00fcr Standorte und Immobilien\",\"headline\":\"Le changement de g\\u00e9n\\u00e9ration renforce l&rsquo;engagement en faveur de la transition \\u00e9nerg\\u00e9tique\",\"author\":{\"@id\":\"https:\\\/\\\/www.immo-invest.ch\\\/fr\\\/author\\\/immovestuser\\\/#author\"},\"publisher\":{\"@id\":\"https:\\\/\\\/www.immo-invest.ch\\\/fr\\\/#organization\"},\"image\":{\"@type\":\"ImageObject\",\"url\":\"https:\\\/\\\/www.immo-invest.ch\\\/wp-content\\\/uploads\\\/2026\\\/02\\\/banoviag_realistic_urban_energy_infrastructure_scene_with_dis_3fd94ac5-bd4a-48b2-83e7-1b59109b80c3_3.png\",\"width\":1536,\"height\":768},\"datePublished\":\"2026-02-16T16:20:00+01:00\",\"dateModified\":\"2026-02-13T10:21:27+01:00\",\"inLanguage\":\"fr-FR\",\"mainEntityOfPage\":{\"@id\":\"https:\\\/\\\/www.immo-invest.ch\\\/fr\\\/generationswechsel-staerkt-engagement-fuer-energiewende\\\/#webpage\"},\"isPartOf\":{\"@id\":\"https:\\\/\\\/www.immo-invest.ch\\\/fr\\\/generationswechsel-staerkt-engagement-fuer-energiewende\\\/#webpage\"},\"articleSection\":\"\\u00c9nergie, Entreprise, Gens, immoNews, Energieplanung, energiewende, Immoinvest, immoNews, News, W\\u00e4rmeverbund, Facultatif\"},{\"@type\":\"BreadcrumbList\",\"@id\":\"https:\\\/\\\/www.immo-invest.ch\\\/fr\\\/generationswechsel-staerkt-engagement-fuer-energiewende\\\/#breadcrumblist\",\"itemListElement\":[{\"@type\":\"ListItem\",\"@id\":\"https:\\\/\\\/www.immo-invest.ch\\\/fr\\\/#listItem\",\"position\":1,\"name\":\"Home\",\"item\":\"https:\\\/\\\/www.immo-invest.ch\\\/fr\\\/\",\"nextItem\":{\"@type\":\"ListItem\",\"@id\":\"https:\\\/\\\/www.immo-invest.ch\\\/fr\\\/categories\\\/personnes\\\/#listItem\",\"name\":\"Personnes\"}},{\"@type\":\"ListItem\",\"@id\":\"https:\\\/\\\/www.immo-invest.ch\\\/fr\\\/categories\\\/personnes\\\/#listItem\",\"position\":2,\"name\":\"Personnes\",\"item\":\"https:\\\/\\\/www.immo-invest.ch\\\/fr\\\/categories\\\/personnes\\\/\",\"nextItem\":{\"@type\":\"ListItem\",\"@id\":\"https:\\\/\\\/www.immo-invest.ch\\\/fr\\\/categories\\\/personnes\\\/gens\\\/#listItem\",\"name\":\"Gens\"},\"previousItem\":{\"@type\":\"ListItem\",\"@id\":\"https:\\\/\\\/www.immo-invest.ch\\\/fr\\\/#listItem\",\"name\":\"Home\"}},{\"@type\":\"ListItem\",\"@id\":\"https:\\\/\\\/www.immo-invest.ch\\\/fr\\\/categories\\\/personnes\\\/gens\\\/#listItem\",\"position\":3,\"name\":\"Gens\",\"item\":\"https:\\\/\\\/www.immo-invest.ch\\\/fr\\\/categories\\\/personnes\\\/gens\\\/\",\"nextItem\":{\"@type\":\"ListItem\",\"@id\":\"https:\\\/\\\/www.immo-invest.ch\\\/fr\\\/generationswechsel-staerkt-engagement-fuer-energiewende\\\/#listItem\",\"name\":\"Le changement de g\\u00e9n\\u00e9ration renforce l&rsquo;engagement en faveur de la transition \\u00e9nerg\\u00e9tique\"},\"previousItem\":{\"@type\":\"ListItem\",\"@id\":\"https:\\\/\\\/www.immo-invest.ch\\\/fr\\\/categories\\\/personnes\\\/#listItem\",\"name\":\"Personnes\"}},{\"@type\":\"ListItem\",\"@id\":\"https:\\\/\\\/www.immo-invest.ch\\\/fr\\\/generationswechsel-staerkt-engagement-fuer-energiewende\\\/#listItem\",\"position\":4,\"name\":\"Le changement de g\\u00e9n\\u00e9ration renforce l&rsquo;engagement en faveur de la transition \\u00e9nerg\\u00e9tique\",\"previousItem\":{\"@type\":\"ListItem\",\"@id\":\"https:\\\/\\\/www.immo-invest.ch\\\/fr\\\/categories\\\/personnes\\\/gens\\\/#listItem\",\"name\":\"Gens\"}}]},{\"@type\":\"Organization\",\"@id\":\"https:\\\/\\\/www.immo-invest.ch\\\/fr\\\/#organization\",\"name\":\"immo!nvest - Die Plattform f\\u00fcr Standorte und Immobilien\",\"description\":\"Die\\u00a0Plattform f\\u00fcr Standorte und Immobilien\",\"url\":\"https:\\\/\\\/www.immo-invest.ch\\\/fr\\\/\",\"email\":\"admin@immomedia.ag\",\"telephone\":\"+41444420002\",\"logo\":{\"@type\":\"ImageObject\",\"url\":\"https:\\\/\\\/www.immo-invest.ch\\\/wp-content\\\/uploads\\\/2024\\\/09\\\/immoinvest_sm-scaled.jpg\",\"@id\":\"https:\\\/\\\/www.immo-invest.ch\\\/fr\\\/generationswechsel-staerkt-engagement-fuer-energiewende\\\/#organizationLogo\",\"width\":2560,\"height\":1340},\"image\":{\"@id\":\"https:\\\/\\\/www.immo-invest.ch\\\/fr\\\/generationswechsel-staerkt-engagement-fuer-energiewende\\\/#organizationLogo\"},\"sameAs\":[\"https:\\\/\\\/www.facebook.com\\\/people\\\/Immoinvest\\\/100077962920504\\\/\",\"https:\\\/\\\/x.com\\\/i\\\/flow\\\/login?redirect_after_login=immoinvest_ch\",\"https:\\\/\\\/www.instagram.com\\\/immoinvest_ch\\\/\",\"https:\\\/\\\/www.linkedin.com\\\/company\\\/immoinvest-swiss\"]},{\"@type\":\"Person\",\"@id\":\"https:\\\/\\\/www.immo-invest.ch\\\/fr\\\/author\\\/immovestuser\\\/#author\",\"url\":\"https:\\\/\\\/www.immo-invest.ch\\\/fr\\\/author\\\/immovestuser\\\/\",\"name\":\"immovestuser\",\"image\":{\"@type\":\"ImageObject\",\"@id\":\"https:\\\/\\\/www.immo-invest.ch\\\/fr\\\/generationswechsel-staerkt-engagement-fuer-energiewende\\\/#authorImage\",\"url\":\"https:\\\/\\\/secure.gravatar.com\\\/avatar\\\/8e01f4d99f2eeea7a362ebb93305e1172a70e9293ba250f897a65c39f54cdd1e?s=96&d=mm&r=g\",\"width\":96,\"height\":96,\"caption\":\"immovestuser\"}},{\"@type\":\"WebPage\",\"@id\":\"https:\\\/\\\/www.immo-invest.ch\\\/fr\\\/generationswechsel-staerkt-engagement-fuer-energiewende\\\/#webpage\",\"url\":\"https:\\\/\\\/www.immo-invest.ch\\\/fr\\\/generationswechsel-staerkt-engagement-fuer-energiewende\\\/\",\"name\":\"Le changement de g\\u00e9n\\u00e9ration renforce l\\u2019engagement en faveur de la transition \\u00e9nerg\\u00e9tique - immo!nvest - Die Plattform f\\u00fcr Standorte und Immobilien\",\"description\":\"Reto Trittibach est le nouveau propri\\u00e9taire et directeur g\\u00e9n\\u00e9ral d'INES Energieplanung. L'entreprise vise ainsi la continuit\\u00e9, avec pour objectif des solutions respectueuses de l'environnement pour l'approvisionnement \\u00e9nerg\\u00e9tique. Andr\\u00e9 Joosten est son adjoint.\",\"inLanguage\":\"fr-FR\",\"isPartOf\":{\"@id\":\"https:\\\/\\\/www.immo-invest.ch\\\/fr\\\/#website\"},\"breadcrumb\":{\"@id\":\"https:\\\/\\\/www.immo-invest.ch\\\/fr\\\/generationswechsel-staerkt-engagement-fuer-energiewende\\\/#breadcrumblist\"},\"author\":{\"@id\":\"https:\\\/\\\/www.immo-invest.ch\\\/fr\\\/author\\\/immovestuser\\\/#author\"},\"creator\":{\"@id\":\"https:\\\/\\\/www.immo-invest.ch\\\/fr\\\/author\\\/immovestuser\\\/#author\"},\"image\":{\"@type\":\"ImageObject\",\"url\":\"https:\\\/\\\/www.immo-invest.ch\\\/wp-content\\\/uploads\\\/2026\\\/02\\\/banoviag_realistic_urban_energy_infrastructure_scene_with_dis_3fd94ac5-bd4a-48b2-83e7-1b59109b80c3_3.png\",\"@id\":\"https:\\\/\\\/www.immo-invest.ch\\\/fr\\\/generationswechsel-staerkt-engagement-fuer-energiewende\\\/#mainImage\",\"width\":1536,\"height\":768},\"primaryImageOfPage\":{\"@id\":\"https:\\\/\\\/www.immo-invest.ch\\\/fr\\\/generationswechsel-staerkt-engagement-fuer-energiewende\\\/#mainImage\"},\"datePublished\":\"2026-02-16T16:20:00+01:00\",\"dateModified\":\"2026-02-13T10:21:27+01:00\"},{\"@type\":\"WebSite\",\"@id\":\"https:\\\/\\\/www.immo-invest.ch\\\/fr\\\/#website\",\"url\":\"https:\\\/\\\/www.immo-invest.ch\\\/fr\\\/\",\"name\":\"immo!nvest - Die Plattform f\\u00fcr Standorte und Immobilien\",\"description\":\"Die\\u00a0Plattform f\\u00fcr Standorte und Immobilien\",\"inLanguage\":\"fr-FR\",\"publisher\":{\"@id\":\"https:\\\/\\\/www.immo-invest.ch\\\/fr\\\/#organization\"}}]}\n\t\t<\/script>\n\t\t<!-- All in One SEO -->\n\n","aioseo_head_json":{"title":"Le changement de g\u00e9n\u00e9ration renforce l\u2019engagement en faveur de la transition \u00e9nerg\u00e9tique - immo!nvest - Die Plattform f\u00fcr Standorte und Immobilien","description":"Reto Trittibach est le nouveau propri\u00e9taire et directeur g\u00e9n\u00e9ral d'INES Energieplanung. L'entreprise vise ainsi la continuit\u00e9, avec pour objectif des solutions respectueuses de l'environnement pour l'approvisionnement \u00e9nerg\u00e9tique. Andr\u00e9 Joosten est son adjoint.","canonical_url":"https:\/\/www.immo-invest.ch\/fr\/generationswechsel-staerkt-engagement-fuer-energiewende\/","robots":"max-image-preview:large","keywords":"","webmasterTools":{"google-site-verification":"fHJKvgWpZCR2zVBHWfkQeFXC11qieUSff0HGNYfuyLA","miscellaneous":""},"schema":{"@context":"https:\/\/schema.org","@graph":[{"@type":"BlogPosting","@id":"https:\/\/www.immo-invest.ch\/fr\/generationswechsel-staerkt-engagement-fuer-energiewende\/#blogposting","name":"Le changement de g\u00e9n\u00e9ration renforce l\u2019engagement en faveur de la transition \u00e9nerg\u00e9tique - immo!nvest - Die Plattform f\u00fcr Standorte und Immobilien","headline":"Le changement de g\u00e9n\u00e9ration renforce l&rsquo;engagement en faveur de la transition \u00e9nerg\u00e9tique","author":{"@id":"https:\/\/www.immo-invest.ch\/fr\/author\/immovestuser\/#author"},"publisher":{"@id":"https:\/\/www.immo-invest.ch\/fr\/#organization"},"image":{"@type":"ImageObject","url":"https:\/\/www.immo-invest.ch\/wp-content\/uploads\/2026\/02\/banoviag_realistic_urban_energy_infrastructure_scene_with_dis_3fd94ac5-bd4a-48b2-83e7-1b59109b80c3_3.png","width":1536,"height":768},"datePublished":"2026-02-16T16:20:00+01:00","dateModified":"2026-02-13T10:21:27+01:00","inLanguage":"fr-FR","mainEntityOfPage":{"@id":"https:\/\/www.immo-invest.ch\/fr\/generationswechsel-staerkt-engagement-fuer-energiewende\/#webpage"},"isPartOf":{"@id":"https:\/\/www.immo-invest.ch\/fr\/generationswechsel-staerkt-engagement-fuer-energiewende\/#webpage"},"articleSection":"\u00c9nergie, Entreprise, Gens, immoNews, Energieplanung, energiewende, Immoinvest, immoNews, News, W\u00e4rmeverbund, Facultatif"},{"@type":"BreadcrumbList","@id":"https:\/\/www.immo-invest.ch\/fr\/generationswechsel-staerkt-engagement-fuer-energiewende\/#breadcrumblist","itemListElement":[{"@type":"ListItem","@id":"https:\/\/www.immo-invest.ch\/fr\/#listItem","position":1,"name":"Home","item":"https:\/\/www.immo-invest.ch\/fr\/","nextItem":{"@type":"ListItem","@id":"https:\/\/www.immo-invest.ch\/fr\/categories\/personnes\/#listItem","name":"Personnes"}},{"@type":"ListItem","@id":"https:\/\/www.immo-invest.ch\/fr\/categories\/personnes\/#listItem","position":2,"name":"Personnes","item":"https:\/\/www.immo-invest.ch\/fr\/categories\/personnes\/","nextItem":{"@type":"ListItem","@id":"https:\/\/www.immo-invest.ch\/fr\/categories\/personnes\/gens\/#listItem","name":"Gens"},"previousItem":{"@type":"ListItem","@id":"https:\/\/www.immo-invest.ch\/fr\/#listItem","name":"Home"}},{"@type":"ListItem","@id":"https:\/\/www.immo-invest.ch\/fr\/categories\/personnes\/gens\/#listItem","position":3,"name":"Gens","item":"https:\/\/www.immo-invest.ch\/fr\/categories\/personnes\/gens\/","nextItem":{"@type":"ListItem","@id":"https:\/\/www.immo-invest.ch\/fr\/generationswechsel-staerkt-engagement-fuer-energiewende\/#listItem","name":"Le changement de g\u00e9n\u00e9ration renforce l&rsquo;engagement en faveur de la transition \u00e9nerg\u00e9tique"},"previousItem":{"@type":"ListItem","@id":"https:\/\/www.immo-invest.ch\/fr\/categories\/personnes\/#listItem","name":"Personnes"}},{"@type":"ListItem","@id":"https:\/\/www.immo-invest.ch\/fr\/generationswechsel-staerkt-engagement-fuer-energiewende\/#listItem","position":4,"name":"Le changement de g\u00e9n\u00e9ration renforce l&rsquo;engagement en faveur de la transition \u00e9nerg\u00e9tique","previousItem":{"@type":"ListItem","@id":"https:\/\/www.immo-invest.ch\/fr\/categories\/personnes\/gens\/#listItem","name":"Gens"}}]},{"@type":"Organization","@id":"https:\/\/www.immo-invest.ch\/fr\/#organization","name":"immo!nvest - Die Plattform f\u00fcr Standorte und Immobilien","description":"Die\u00a0Plattform f\u00fcr Standorte und Immobilien","url":"https:\/\/www.immo-invest.ch\/fr\/","email":"admin@immomedia.ag","telephone":"+41444420002","logo":{"@type":"ImageObject","url":"https:\/\/www.immo-invest.ch\/wp-content\/uploads\/2024\/09\/immoinvest_sm-scaled.jpg","@id":"https:\/\/www.immo-invest.ch\/fr\/generationswechsel-staerkt-engagement-fuer-energiewende\/#organizationLogo","width":2560,"height":1340},"image":{"@id":"https:\/\/www.immo-invest.ch\/fr\/generationswechsel-staerkt-engagement-fuer-energiewende\/#organizationLogo"},"sameAs":["https:\/\/www.facebook.com\/people\/Immoinvest\/100077962920504\/","https:\/\/x.com\/i\/flow\/login?redirect_after_login=immoinvest_ch","https:\/\/www.instagram.com\/immoinvest_ch\/","https:\/\/www.linkedin.com\/company\/immoinvest-swiss"]},{"@type":"Person","@id":"https:\/\/www.immo-invest.ch\/fr\/author\/immovestuser\/#author","url":"https:\/\/www.immo-invest.ch\/fr\/author\/immovestuser\/","name":"immovestuser","image":{"@type":"ImageObject","@id":"https:\/\/www.immo-invest.ch\/fr\/generationswechsel-staerkt-engagement-fuer-energiewende\/#authorImage","url":"https:\/\/secure.gravatar.com\/avatar\/8e01f4d99f2eeea7a362ebb93305e1172a70e9293ba250f897a65c39f54cdd1e?s=96&d=mm&r=g","width":96,"height":96,"caption":"immovestuser"}},{"@type":"WebPage","@id":"https:\/\/www.immo-invest.ch\/fr\/generationswechsel-staerkt-engagement-fuer-energiewende\/#webpage","url":"https:\/\/www.immo-invest.ch\/fr\/generationswechsel-staerkt-engagement-fuer-energiewende\/","name":"Le changement de g\u00e9n\u00e9ration renforce l\u2019engagement en faveur de la transition \u00e9nerg\u00e9tique - immo!nvest - Die Plattform f\u00fcr Standorte und Immobilien","description":"Reto Trittibach est le nouveau propri\u00e9taire et directeur g\u00e9n\u00e9ral d'INES Energieplanung. L'entreprise vise ainsi la continuit\u00e9, avec pour objectif des solutions respectueuses de l'environnement pour l'approvisionnement \u00e9nerg\u00e9tique. Andr\u00e9 Joosten est son adjoint.","inLanguage":"fr-FR","isPartOf":{"@id":"https:\/\/www.immo-invest.ch\/fr\/#website"},"breadcrumb":{"@id":"https:\/\/www.immo-invest.ch\/fr\/generationswechsel-staerkt-engagement-fuer-energiewende\/#breadcrumblist"},"author":{"@id":"https:\/\/www.immo-invest.ch\/fr\/author\/immovestuser\/#author"},"creator":{"@id":"https:\/\/www.immo-invest.ch\/fr\/author\/immovestuser\/#author"},"image":{"@type":"ImageObject","url":"https:\/\/www.immo-invest.ch\/wp-content\/uploads\/2026\/02\/banoviag_realistic_urban_energy_infrastructure_scene_with_dis_3fd94ac5-bd4a-48b2-83e7-1b59109b80c3_3.png","@id":"https:\/\/www.immo-invest.ch\/fr\/generationswechsel-staerkt-engagement-fuer-energiewende\/#mainImage","width":1536,"height":768},"primaryImageOfPage":{"@id":"https:\/\/www.immo-invest.ch\/fr\/generationswechsel-staerkt-engagement-fuer-energiewende\/#mainImage"},"datePublished":"2026-02-16T16:20:00+01:00","dateModified":"2026-02-13T10:21:27+01:00"},{"@type":"WebSite","@id":"https:\/\/www.immo-invest.ch\/fr\/#website","url":"https:\/\/www.immo-invest.ch\/fr\/","name":"immo!nvest - Die Plattform f\u00fcr Standorte und Immobilien","description":"Die\u00a0Plattform f\u00fcr Standorte und Immobilien","inLanguage":"fr-FR","publisher":{"@id":"https:\/\/www.immo-invest.ch\/fr\/#organization"}}]},"og:locale":"fr_FR","og:site_name":"immo!nvest - Die Plattform f\u00fcr Standorte und Immobilien - Die\u00a0Plattform f\u00fcr Standorte und Immobilien","og:type":"article","og:title":"Le changement de g\u00e9n\u00e9ration renforce l\u2019engagement en faveur de la transition \u00e9nerg\u00e9tique - immo!nvest - Die Plattform f\u00fcr Standorte und Immobilien","og:description":"Reto Trittibach est le nouveau propri\u00e9taire et directeur g\u00e9n\u00e9ral d'INES Energieplanung. L'entreprise vise ainsi la continuit\u00e9, avec pour objectif des solutions respectueuses de l'environnement pour l'approvisionnement \u00e9nerg\u00e9tique. Andr\u00e9 Joosten est son adjoint.","og:url":"https:\/\/www.immo-invest.ch\/fr\/generationswechsel-staerkt-engagement-fuer-energiewende\/","og:image":"https:\/\/www.immo-invest.ch\/wp-content\/uploads\/2026\/02\/banoviag_realistic_urban_energy_infrastructure_scene_with_dis_3fd94ac5-bd4a-48b2-83e7-1b59109b80c3_3.png","og:image:secure_url":"https:\/\/www.immo-invest.ch\/wp-content\/uploads\/2026\/02\/banoviag_realistic_urban_energy_infrastructure_scene_with_dis_3fd94ac5-bd4a-48b2-83e7-1b59109b80c3_3.png","og:image:width":1536,"og:image:height":768,"article:published_time":"2026-02-16T15:20:00+00:00","article:modified_time":"2026-02-13T09:21:27+00:00","article:publisher":"https:\/\/www.facebook.com\/people\/Immoinvest\/100077962920504\/","twitter:card":"summary_large_image","twitter:site":"@i","twitter:title":"Le changement de g\u00e9n\u00e9ration renforce l\u2019engagement en faveur de la transition \u00e9nerg\u00e9tique - immo!nvest - Die Plattform f\u00fcr Standorte und Immobilien","twitter:description":"Reto Trittibach est le nouveau propri\u00e9taire et directeur g\u00e9n\u00e9ral d'INES Energieplanung. L'entreprise vise ainsi la continuit\u00e9, avec pour objectif des solutions respectueuses de l'environnement pour l'approvisionnement \u00e9nerg\u00e9tique. Andr\u00e9 Joosten est son adjoint.","twitter:creator":"@i","twitter:image":"https:\/\/www.immo-invest.ch\/wp-content\/uploads\/2026\/02\/banoviag_realistic_urban_energy_infrastructure_scene_with_dis_3fd94ac5-bd4a-48b2-83e7-1b59109b80c3_3.png"},"aioseo_meta_data":{"post_id":"149357","title":null,"description":null,"keywords":null,"keyphrases":null,"primary_term":null,"canonical_url":null,"og_title":null,"og_description":null,"og_object_type":"default","og_image_type":"default","og_image_url":null,"og_image_width":null,"og_image_height":null,"og_image_custom_url":null,"og_image_custom_fields":null,"og_video":null,"og_custom_url":null,"og_article_section":null,"og_article_tags":null,"twitter_use_og":false,"twitter_card":"default","twitter_image_type":"default","twitter_image_url":null,"twitter_image_custom_url":null,"twitter_image_custom_fields":null,"twitter_title":null,"twitter_description":null,"schema":{"blockGraphs":[],"customGraphs":[],"default":{"data":{"Article":[],"Course":[],"Dataset":[],"FAQPage":[],"Movie":[],"Person":[],"Product":[],"ProductReview":[],"Car":[],"Recipe":[],"Service":[],"SoftwareApplication":[],"WebPage":[]},"graphName":"","isEnabled":true},"graphs":[]},"schema_type":"default","schema_type_options":null,"pillar_content":false,"robots_default":true,"robots_noindex":false,"robots_noarchive":false,"robots_nosnippet":false,"robots_nofollow":false,"robots_noimageindex":false,"robots_noodp":false,"robots_notranslate":false,"robots_max_snippet":null,"robots_max_videopreview":null,"robots_max_imagepreview":"large","priority":null,"frequency":null,"local_seo":null,"breadcrumb_settings":null,"limit_modified_date":false,"ai":null,"created":"2026-02-16 15:27:30","updated":"2026-02-16 15:27:30","seo_analyzer_scan_date":null,"focus_keyword":null,"additional_keywords":null,"truseo_locale":null},"aioseo_breadcrumb":"<div class=\"aioseo-breadcrumbs\"><span class=\"aioseo-breadcrumb\">\n\t\t\t<a href=\"https:\/\/www.immo-invest.ch\/fr\/\" title=\"Home\">Home<\/a>\n\t\t<\/span><span class=\"aioseo-breadcrumb-separator\">&raquo;<\/span><span class=\"aioseo-breadcrumb\">\n\t\t\t<a href=\"https:\/\/www.immo-invest.ch\/fr\/categories\/personnes\/\" title=\"Personnes\">Personnes<\/a>\n\t\t<\/span><span class=\"aioseo-breadcrumb-separator\">&raquo;<\/span><span class=\"aioseo-breadcrumb\">\n\t\t\t<a href=\"https:\/\/www.immo-invest.ch\/fr\/categories\/personnes\/gens\/\" title=\"Gens\">Gens<\/a>\n\t\t<\/span><span class=\"aioseo-breadcrumb-separator\">&raquo;<\/span><span class=\"aioseo-breadcrumb\">\n\t\t\tLe changement de g\u00e9n\u00e9ration renforce l\u2019engagement en faveur de la transition \u00e9nerg\u00e9tique\n\t\t<\/span><\/div>","aioseo_breadcrumb_json":[{"label":"Home","link":"https:\/\/www.immo-invest.ch\/fr\/"},{"label":"Personnes","link":"https:\/\/www.immo-invest.ch\/fr\/categories\/personnes\/"},{"label":"Gens","link":"https:\/\/www.immo-invest.ch\/fr\/categories\/personnes\/gens\/"},{"label":"Le changement de g\u00e9n\u00e9ration renforce l&rsquo;engagement en faveur de la transition \u00e9nerg\u00e9tique","link":"https:\/\/www.immo-invest.ch\/fr\/generationswechsel-staerkt-engagement-fuer-energiewende\/"}],"featured_image_src":"https:\/\/www.immo-invest.ch\/wp-content\/uploads\/2026\/02\/banoviag_realistic_urban_energy_infrastructure_scene_with_dis_3fd94ac5-bd4a-48b2-83e7-1b59109b80c3_3-336x168.png","_links":{"self":[{"href":"https:\/\/www.immo-invest.ch\/fr\/wp-json\/wp\/v2\/posts\/149357","targetHints":{"allow":["GET"]}}],"collection":[{"href":"https:\/\/www.immo-invest.ch\/fr\/wp-json\/wp\/v2\/posts"}],"about":[{"href":"https:\/\/www.immo-invest.ch\/fr\/wp-json\/wp\/v2\/types\/post"}],"author":[{"embeddable":true,"href":"https:\/\/www.immo-invest.ch\/fr\/wp-json\/wp\/v2\/users\/2"}],"replies":[{"embeddable":true,"href":"https:\/\/www.immo-invest.ch\/fr\/wp-json\/wp\/v2\/comments?post=149357"}],"version-history":[{"count":1,"href":"https:\/\/www.immo-invest.ch\/fr\/wp-json\/wp\/v2\/posts\/149357\/revisions"}],"predecessor-version":[{"id":149362,"href":"https:\/\/www.immo-invest.ch\/fr\/wp-json\/wp\/v2\/posts\/149357\/revisions\/149362"}],"wp:featuredmedia":[{"embeddable":true,"href":"https:\/\/www.immo-invest.ch\/fr\/wp-json\/wp\/v2\/media\/149358"}],"wp:attachment":[{"href":"https:\/\/www.immo-invest.ch\/fr\/wp-json\/wp\/v2\/media?parent=149357"}],"wp:term":[{"taxonomy":"category","embeddable":true,"href":"https:\/\/www.immo-invest.ch\/fr\/wp-json\/wp\/v2\/categories?post=149357"},{"taxonomy":"post_tag","embeddable":true,"href":"https:\/\/www.immo-invest.ch\/fr\/wp-json\/wp\/v2\/tags?post=149357"}],"curies":[{"name":"wp","href":"https:\/\/api.w.org\/{rel}","templated":true}]}}