{"id":149315,"date":"2026-02-16T11:30:00","date_gmt":"2026-02-16T10:30:00","guid":{"rendered":"https:\/\/www.immo-invest.ch\/?p=149315"},"modified":"2026-02-13T09:44:50","modified_gmt":"2026-02-13T08:44:50","slug":"neubau-der-froeschmatt-schule-pratteln","status":"publish","type":"post","link":"https:\/\/www.immo-invest.ch\/fr\/neubau-der-froeschmatt-schule-pratteln\/","title":{"rendered":"Nouvelle construction de l&rsquo;\u00e9cole Fr\u00f6schmatt \u00e0 Pratteln"},"content":{"rendered":"<p class=\"wp-block-paragraph\">L&rsquo;&eacute;cole Fr&ouml;schmatt est l&rsquo;&eacute;cole secondaire centrale de Pratteln et se trouve &agrave; un tournant. En raison de l&rsquo;augmentation significative du nombre d&rsquo;&eacute;l&egrave;ves et des r&eacute;novations n&eacute;cessaires depuis longtemps, l&rsquo;un des complexes scolaires les plus grands et les plus modernes du canton de B&acirc;le-Campagne est en cours de construction. Avec un volume d&rsquo;investissement de pr&egrave;s de 119 millions de francs, un nouveau b&acirc;timent durable pouvant accueillir environ 36 classes et r&eacute;pondant aux exigences p&eacute;dagogiques les plus modernes sera construit sur le site existant. Le concours ouvert a &eacute;t&eacute; remport&eacute; par le projet &laquo; Lungo &raquo; de Burckhardt Architekten AG, qui int&egrave;gre de mani&egrave;re optimale le complexe scolaire dans son environnement semblable &agrave; un parc.<br><br><strong>Une architecture innovante et une utilisation flexible<\/strong><br>L&rsquo;ensemble des b&acirc;timents est clairement structur&eacute;. Au centre du terrain, l&rsquo;&eacute;cole offre un espace d&eacute;di&eacute; &agrave; l&rsquo;apprentissage, aux rencontres et au d&eacute;veloppement. Les gymnases situ&eacute;s au nord-est, y compris le terrain tout temps sur le toit, sont construits sous forme de pavillons ind&eacute;pendants. La construction hybride en bois ultramoderne et les espaces int&eacute;rieurs modulables r&eacute;pondent aux exigences de durabilit&eacute; et de viabilit&eacute;. Des balcons p&eacute;riph&eacute;riques prot&egrave;gent du soleil et deviennent des terrasses anim&eacute;es.<br><br><strong>Une planification tourn&eacute;e vers la r&eacute;gion<\/strong><br>Le calendrier est ambitieux. La construction du b&acirc;timent principal d&eacute;butera en 2026 et l&rsquo;emm&eacute;nagement aura lieu en 2029. Les gymnases seront achev&eacute;s d&rsquo;ici 2031. Pendant ce temps, les cours continueront d&rsquo;&ecirc;tre assur&eacute;s sans interruption gr&acirc;ce &agrave; des locaux provisoires durables sp&eacute;cialement construits &agrave; cet effet sur la Hexmattwiese et dans certaines parties de l&rsquo;ancien b&acirc;timent. L&rsquo;ensemble du complexe favorise non seulement un enseignement moderne, mais renforce &eacute;galement l&rsquo;attractivit&eacute; et les perspectives de d&eacute;veloppement de Pratteln.<\/p>\n\n","protected":false},"excerpt":{"rendered":"<p>La nouvelle construction qui remplace l&rsquo;\u00e9cole Fr\u00f6schmatt \u00e9tablit de nouvelles normes pour les locaux scolaires dans la r\u00e9gion de B\u00e2le et garantit la qualit\u00e9 de l&rsquo;enseignement \u00e0 Pratteln \u00e0 long terme. Ce projet est embl\u00e9matique d&rsquo;une architecture tourn\u00e9e vers l&rsquo;avenir et du d\u00e9veloppement durable dans le secteur public de l&rsquo;\u00e9ducation.<\/p>\n","protected":false},"author":57,"featured_media":149316,"comment_status":"open","ping_status":"open","sticky":false,"template":"","format":"standard","meta":{"pmpro_default_level":"","inline_featured_image":false,"_monsterinsights_skip_tracking":false,"footnotes":""},"categories":[55982,22699,9824],"tags":[51746,54415,872,3931,2002,57184],"class_list":["post-149315","post","type-post","status-publish","format-standard","has-post-thumbnail","hentry","category-associations","category-durabilite","category-nouvelle-construction","tag-bildungsinfrastruktur-fr","tag-holzhybridbau-fr","tag-immoinvest-fr","tag-immonews-fr","tag-news-fr","tag-schulneubau","pmpro-has-access"],"acf":{"bild_mit_ki_erstellt_worden":"","lead":"La nouvelle construction qui remplace l'\u00e9cole Fr\u00f6schmatt \u00e9tablit de nouvelles normes pour les locaux scolaires dans la r\u00e9gion de B\u00e2le et garantit la qualit\u00e9 de l'enseignement \u00e0 Pratteln \u00e0 long terme. Ce projet est embl\u00e9matique d'une architecture tourn\u00e9e vers l'avenir et du d\u00e9veloppement durable dans le secteur public de l'\u00e9ducation.","autor":"Christoph Gr\u00fcninger","ort":"","bildunterschrift":"","bild_im_grid":false,"gallerie":"","newsim":""},"aioseo_notices":[],"aioseo_head":"\n\t\t<!-- All in One SEO 5.0.0.1 - aioseo.com -->\n\t<meta name=\"description\" content=\"La nouvelle construction qui remplace l&#039;\u00e9cole Fr\u00f6schmatt \u00e9tablit de nouvelles normes pour les locaux scolaires dans la r\u00e9gion de B\u00e2le et garantit la qualit\u00e9 de l&#039;enseignement \u00e0 Pratteln \u00e0 long terme. Ce projet est embl\u00e9matique d&#039;une architecture tourn\u00e9e vers l&#039;avenir et du d\u00e9veloppement durable dans le secteur public de l&#039;\u00e9ducation.\" \/>\n\t<meta name=\"robots\" content=\"max-image-preview:large\" \/>\n\t<meta name=\"author\" content=\"immoinv_redakteur\"\/>\n\t<meta name=\"google-site-verification\" content=\"fHJKvgWpZCR2zVBHWfkQeFXC11qieUSff0HGNYfuyLA\" \/>\n\t<link rel=\"canonical\" href=\"https:\/\/www.immo-invest.ch\/fr\/neubau-der-froeschmatt-schule-pratteln\/\" \/>\n\t<meta name=\"generator\" content=\"All in One SEO (AIOSEO) 5.0.0.1\" \/>\n\t\t<meta property=\"og:locale\" content=\"fr_FR\" \/>\n\t\t<meta property=\"og:site_name\" content=\"immo!nvest - Die Plattform f\u00fcr Standorte und Immobilien - Die\u00a0Plattform f\u00fcr Standorte und Immobilien\" \/>\n\t\t<meta property=\"og:type\" content=\"article\" \/>\n\t\t<meta property=\"og:title\" content=\"Nouvelle construction de l\u2019\u00e9cole Fr\u00f6schmatt \u00e0 Pratteln - immo!nvest - Die Plattform f\u00fcr Standorte und Immobilien\" \/>\n\t\t<meta property=\"og:description\" content=\"La nouvelle construction qui remplace l&#039;\u00e9cole Fr\u00f6schmatt \u00e9tablit de nouvelles normes pour les locaux scolaires dans la r\u00e9gion de B\u00e2le et garantit la qualit\u00e9 de l&#039;enseignement \u00e0 Pratteln \u00e0 long terme. Ce projet est embl\u00e9matique d&#039;une architecture tourn\u00e9e vers l&#039;avenir et du d\u00e9veloppement durable dans le secteur public de l&#039;\u00e9ducation.\" \/>\n\t\t<meta property=\"og:url\" content=\"https:\/\/www.immo-invest.ch\/fr\/neubau-der-froeschmatt-schule-pratteln\/\" \/>\n\t\t<meta property=\"og:image\" content=\"https:\/\/www.immo-invest.ch\/wp-content\/uploads\/2026\/02\/image-800-8354dd162cb300958c109e513bca248d-e1770971791979.jpeg\" \/>\n\t\t<meta property=\"og:image:secure_url\" content=\"https:\/\/www.immo-invest.ch\/wp-content\/uploads\/2026\/02\/image-800-8354dd162cb300958c109e513bca248d-e1770971791979.jpeg\" \/>\n\t\t<meta property=\"og:image:width\" content=\"800\" \/>\n\t\t<meta property=\"og:image:height\" content=\"400\" \/>\n\t\t<meta property=\"article:published_time\" content=\"2026-02-16T10:30:00+00:00\" \/>\n\t\t<meta property=\"article:modified_time\" content=\"2026-02-13T08:44:50+00:00\" \/>\n\t\t<meta property=\"article:publisher\" content=\"https:\/\/www.facebook.com\/people\/Immoinvest\/100077962920504\/\" \/>\n\t\t<meta name=\"twitter:card\" content=\"summary_large_image\" \/>\n\t\t<meta name=\"twitter:site\" content=\"@i\" \/>\n\t\t<meta name=\"twitter:title\" content=\"Nouvelle construction de l\u2019\u00e9cole Fr\u00f6schmatt \u00e0 Pratteln - immo!nvest - Die Plattform f\u00fcr Standorte und Immobilien\" \/>\n\t\t<meta name=\"twitter:description\" content=\"La nouvelle construction qui remplace l&#039;\u00e9cole Fr\u00f6schmatt \u00e9tablit de nouvelles normes pour les locaux scolaires dans la r\u00e9gion de B\u00e2le et garantit la qualit\u00e9 de l&#039;enseignement \u00e0 Pratteln \u00e0 long terme. Ce projet est embl\u00e9matique d&#039;une architecture tourn\u00e9e vers l&#039;avenir et du d\u00e9veloppement durable dans le secteur public de l&#039;\u00e9ducation.\" \/>\n\t\t<meta name=\"twitter:creator\" content=\"@i\" \/>\n\t\t<meta name=\"twitter:image\" content=\"https:\/\/www.immo-invest.ch\/wp-content\/uploads\/2026\/02\/image-800-8354dd162cb300958c109e513bca248d-e1770971791979.jpeg\" \/>\n\t\t<script type=\"application\/ld+json\" class=\"aioseo-schema\">\n\t\t\t{\"@context\":\"https:\\\/\\\/schema.org\",\"@graph\":[{\"@type\":\"BlogPosting\",\"@id\":\"https:\\\/\\\/www.immo-invest.ch\\\/fr\\\/neubau-der-froeschmatt-schule-pratteln\\\/#blogposting\",\"name\":\"Nouvelle construction de l\\u2019\\u00e9cole Fr\\u00f6schmatt \\u00e0 Pratteln - immo!nvest - Die Plattform f\\u00fcr Standorte und Immobilien\",\"headline\":\"Nouvelle construction de l&rsquo;\\u00e9cole Fr\\u00f6schmatt \\u00e0 Pratteln\",\"author\":{\"@id\":\"https:\\\/\\\/www.immo-invest.ch\\\/fr\\\/author\\\/immoinv_redakteur\\\/#author\"},\"publisher\":{\"@id\":\"https:\\\/\\\/www.immo-invest.ch\\\/fr\\\/#organization\"},\"image\":{\"@type\":\"ImageObject\",\"url\":\"https:\\\/\\\/www.immo-invest.ch\\\/wp-content\\\/uploads\\\/2026\\\/02\\\/image-800-8354dd162cb300958c109e513bca248d-e1770971791979.jpeg\",\"width\":800,\"height\":400},\"datePublished\":\"2026-02-16T11:30:00+01:00\",\"dateModified\":\"2026-02-13T09:44:50+01:00\",\"inLanguage\":\"fr-FR\",\"mainEntityOfPage\":{\"@id\":\"https:\\\/\\\/www.immo-invest.ch\\\/fr\\\/neubau-der-froeschmatt-schule-pratteln\\\/#webpage\"},\"isPartOf\":{\"@id\":\"https:\\\/\\\/www.immo-invest.ch\\\/fr\\\/neubau-der-froeschmatt-schule-pratteln\\\/#webpage\"},\"articleSection\":\"Associations, Durabilit\\u00e9, Nouvelle construction, Bildungsinfrastruktur, Holzhybridbau, Immoinvest, immoNews, News, Schulneubau, Facultatif\"},{\"@type\":\"BreadcrumbList\",\"@id\":\"https:\\\/\\\/www.immo-invest.ch\\\/fr\\\/neubau-der-froeschmatt-schule-pratteln\\\/#breadcrumblist\",\"itemListElement\":[{\"@type\":\"ListItem\",\"@id\":\"https:\\\/\\\/www.immo-invest.ch\\\/fr\\\/#listItem\",\"position\":1,\"name\":\"Home\",\"item\":\"https:\\\/\\\/www.immo-invest.ch\\\/fr\\\/\",\"nextItem\":{\"@type\":\"ListItem\",\"@id\":\"https:\\\/\\\/www.immo-invest.ch\\\/fr\\\/categories\\\/projects\\\/#listItem\",\"name\":\"Projects\"}},{\"@type\":\"ListItem\",\"@id\":\"https:\\\/\\\/www.immo-invest.ch\\\/fr\\\/categories\\\/projects\\\/#listItem\",\"position\":2,\"name\":\"Projects\",\"item\":\"https:\\\/\\\/www.immo-invest.ch\\\/fr\\\/categories\\\/projects\\\/\",\"nextItem\":{\"@type\":\"ListItem\",\"@id\":\"https:\\\/\\\/www.immo-invest.ch\\\/fr\\\/categories\\\/projects\\\/nouvelle-construction\\\/#listItem\",\"name\":\"Nouvelle construction\"},\"previousItem\":{\"@type\":\"ListItem\",\"@id\":\"https:\\\/\\\/www.immo-invest.ch\\\/fr\\\/#listItem\",\"name\":\"Home\"}},{\"@type\":\"ListItem\",\"@id\":\"https:\\\/\\\/www.immo-invest.ch\\\/fr\\\/categories\\\/projects\\\/nouvelle-construction\\\/#listItem\",\"position\":3,\"name\":\"Nouvelle construction\",\"item\":\"https:\\\/\\\/www.immo-invest.ch\\\/fr\\\/categories\\\/projects\\\/nouvelle-construction\\\/\",\"nextItem\":{\"@type\":\"ListItem\",\"@id\":\"https:\\\/\\\/www.immo-invest.ch\\\/fr\\\/neubau-der-froeschmatt-schule-pratteln\\\/#listItem\",\"name\":\"Nouvelle construction de l&rsquo;\\u00e9cole Fr\\u00f6schmatt \\u00e0 Pratteln\"},\"previousItem\":{\"@type\":\"ListItem\",\"@id\":\"https:\\\/\\\/www.immo-invest.ch\\\/fr\\\/categories\\\/projects\\\/#listItem\",\"name\":\"Projects\"}},{\"@type\":\"ListItem\",\"@id\":\"https:\\\/\\\/www.immo-invest.ch\\\/fr\\\/neubau-der-froeschmatt-schule-pratteln\\\/#listItem\",\"position\":4,\"name\":\"Nouvelle construction de l&rsquo;\\u00e9cole Fr\\u00f6schmatt \\u00e0 Pratteln\",\"previousItem\":{\"@type\":\"ListItem\",\"@id\":\"https:\\\/\\\/www.immo-invest.ch\\\/fr\\\/categories\\\/projects\\\/nouvelle-construction\\\/#listItem\",\"name\":\"Nouvelle construction\"}}]},{\"@type\":\"Organization\",\"@id\":\"https:\\\/\\\/www.immo-invest.ch\\\/fr\\\/#organization\",\"name\":\"immo!nvest - Die Plattform f\\u00fcr Standorte und Immobilien\",\"description\":\"Die\\u00a0Plattform f\\u00fcr Standorte und Immobilien\",\"url\":\"https:\\\/\\\/www.immo-invest.ch\\\/fr\\\/\",\"email\":\"admin@immomedia.ag\",\"telephone\":\"+41444420002\",\"logo\":{\"@type\":\"ImageObject\",\"url\":\"https:\\\/\\\/www.immo-invest.ch\\\/wp-content\\\/uploads\\\/2024\\\/09\\\/immoinvest_sm-scaled.jpg\",\"@id\":\"https:\\\/\\\/www.immo-invest.ch\\\/fr\\\/neubau-der-froeschmatt-schule-pratteln\\\/#organizationLogo\",\"width\":2560,\"height\":1340},\"image\":{\"@id\":\"https:\\\/\\\/www.immo-invest.ch\\\/fr\\\/neubau-der-froeschmatt-schule-pratteln\\\/#organizationLogo\"},\"sameAs\":[\"https:\\\/\\\/www.facebook.com\\\/people\\\/Immoinvest\\\/100077962920504\\\/\",\"https:\\\/\\\/x.com\\\/i\\\/flow\\\/login?redirect_after_login=immoinvest_ch\",\"https:\\\/\\\/www.instagram.com\\\/immoinvest_ch\\\/\",\"https:\\\/\\\/www.linkedin.com\\\/company\\\/immoinvest-swiss\"]},{\"@type\":\"Person\",\"@id\":\"https:\\\/\\\/www.immo-invest.ch\\\/fr\\\/author\\\/immoinv_redakteur\\\/#author\",\"url\":\"https:\\\/\\\/www.immo-invest.ch\\\/fr\\\/author\\\/immoinv_redakteur\\\/\",\"name\":\"immoinv_redakteur\",\"image\":{\"@type\":\"ImageObject\",\"@id\":\"https:\\\/\\\/www.immo-invest.ch\\\/fr\\\/neubau-der-froeschmatt-schule-pratteln\\\/#authorImage\",\"url\":\"https:\\\/\\\/secure.gravatar.com\\\/avatar\\\/c880e25d853edfb649661cf7cf8a7571fd0af3883a77197f45a3f15520d284a3?s=96&d=mm&r=g\",\"width\":96,\"height\":96,\"caption\":\"immoinv_redakteur\"}},{\"@type\":\"WebPage\",\"@id\":\"https:\\\/\\\/www.immo-invest.ch\\\/fr\\\/neubau-der-froeschmatt-schule-pratteln\\\/#webpage\",\"url\":\"https:\\\/\\\/www.immo-invest.ch\\\/fr\\\/neubau-der-froeschmatt-schule-pratteln\\\/\",\"name\":\"Nouvelle construction de l\\u2019\\u00e9cole Fr\\u00f6schmatt \\u00e0 Pratteln - immo!nvest - Die Plattform f\\u00fcr Standorte und Immobilien\",\"description\":\"La nouvelle construction qui remplace l'\\u00e9cole Fr\\u00f6schmatt \\u00e9tablit de nouvelles normes pour les locaux scolaires dans la r\\u00e9gion de B\\u00e2le et garantit la qualit\\u00e9 de l'enseignement \\u00e0 Pratteln \\u00e0 long terme. Ce projet est embl\\u00e9matique d'une architecture tourn\\u00e9e vers l'avenir et du d\\u00e9veloppement durable dans le secteur public de l'\\u00e9ducation.\",\"inLanguage\":\"fr-FR\",\"isPartOf\":{\"@id\":\"https:\\\/\\\/www.immo-invest.ch\\\/fr\\\/#website\"},\"breadcrumb\":{\"@id\":\"https:\\\/\\\/www.immo-invest.ch\\\/fr\\\/neubau-der-froeschmatt-schule-pratteln\\\/#breadcrumblist\"},\"author\":{\"@id\":\"https:\\\/\\\/www.immo-invest.ch\\\/fr\\\/author\\\/immoinv_redakteur\\\/#author\"},\"creator\":{\"@id\":\"https:\\\/\\\/www.immo-invest.ch\\\/fr\\\/author\\\/immoinv_redakteur\\\/#author\"},\"image\":{\"@type\":\"ImageObject\",\"url\":\"https:\\\/\\\/www.immo-invest.ch\\\/wp-content\\\/uploads\\\/2026\\\/02\\\/image-800-8354dd162cb300958c109e513bca248d-e1770971791979.jpeg\",\"@id\":\"https:\\\/\\\/www.immo-invest.ch\\\/fr\\\/neubau-der-froeschmatt-schule-pratteln\\\/#mainImage\",\"width\":800,\"height\":400},\"primaryImageOfPage\":{\"@id\":\"https:\\\/\\\/www.immo-invest.ch\\\/fr\\\/neubau-der-froeschmatt-schule-pratteln\\\/#mainImage\"},\"datePublished\":\"2026-02-16T11:30:00+01:00\",\"dateModified\":\"2026-02-13T09:44:50+01:00\"},{\"@type\":\"WebSite\",\"@id\":\"https:\\\/\\\/www.immo-invest.ch\\\/fr\\\/#website\",\"url\":\"https:\\\/\\\/www.immo-invest.ch\\\/fr\\\/\",\"name\":\"immo!nvest - Die Plattform f\\u00fcr Standorte und Immobilien\",\"description\":\"Die\\u00a0Plattform f\\u00fcr Standorte und Immobilien\",\"inLanguage\":\"fr-FR\",\"publisher\":{\"@id\":\"https:\\\/\\\/www.immo-invest.ch\\\/fr\\\/#organization\"}}]}\n\t\t<\/script>\n\t\t<!-- All in One SEO -->\n\n","aioseo_head_json":{"title":"Nouvelle construction de l\u2019\u00e9cole Fr\u00f6schmatt \u00e0 Pratteln - immo!nvest - Die Plattform f\u00fcr Standorte und Immobilien","description":"La nouvelle construction qui remplace l'\u00e9cole Fr\u00f6schmatt \u00e9tablit de nouvelles normes pour les locaux scolaires dans la r\u00e9gion de B\u00e2le et garantit la qualit\u00e9 de l'enseignement \u00e0 Pratteln \u00e0 long terme. Ce projet est embl\u00e9matique d'une architecture tourn\u00e9e vers l'avenir et du d\u00e9veloppement durable dans le secteur public de l'\u00e9ducation.","canonical_url":"https:\/\/www.immo-invest.ch\/fr\/neubau-der-froeschmatt-schule-pratteln\/","robots":"max-image-preview:large","keywords":"","webmasterTools":{"google-site-verification":"fHJKvgWpZCR2zVBHWfkQeFXC11qieUSff0HGNYfuyLA","miscellaneous":""},"schema":{"@context":"https:\/\/schema.org","@graph":[{"@type":"BlogPosting","@id":"https:\/\/www.immo-invest.ch\/fr\/neubau-der-froeschmatt-schule-pratteln\/#blogposting","name":"Nouvelle construction de l\u2019\u00e9cole Fr\u00f6schmatt \u00e0 Pratteln - immo!nvest - Die Plattform f\u00fcr Standorte und Immobilien","headline":"Nouvelle construction de l&rsquo;\u00e9cole Fr\u00f6schmatt \u00e0 Pratteln","author":{"@id":"https:\/\/www.immo-invest.ch\/fr\/author\/immoinv_redakteur\/#author"},"publisher":{"@id":"https:\/\/www.immo-invest.ch\/fr\/#organization"},"image":{"@type":"ImageObject","url":"https:\/\/www.immo-invest.ch\/wp-content\/uploads\/2026\/02\/image-800-8354dd162cb300958c109e513bca248d-e1770971791979.jpeg","width":800,"height":400},"datePublished":"2026-02-16T11:30:00+01:00","dateModified":"2026-02-13T09:44:50+01:00","inLanguage":"fr-FR","mainEntityOfPage":{"@id":"https:\/\/www.immo-invest.ch\/fr\/neubau-der-froeschmatt-schule-pratteln\/#webpage"},"isPartOf":{"@id":"https:\/\/www.immo-invest.ch\/fr\/neubau-der-froeschmatt-schule-pratteln\/#webpage"},"articleSection":"Associations, Durabilit\u00e9, Nouvelle construction, Bildungsinfrastruktur, Holzhybridbau, Immoinvest, immoNews, News, Schulneubau, Facultatif"},{"@type":"BreadcrumbList","@id":"https:\/\/www.immo-invest.ch\/fr\/neubau-der-froeschmatt-schule-pratteln\/#breadcrumblist","itemListElement":[{"@type":"ListItem","@id":"https:\/\/www.immo-invest.ch\/fr\/#listItem","position":1,"name":"Home","item":"https:\/\/www.immo-invest.ch\/fr\/","nextItem":{"@type":"ListItem","@id":"https:\/\/www.immo-invest.ch\/fr\/categories\/projects\/#listItem","name":"Projects"}},{"@type":"ListItem","@id":"https:\/\/www.immo-invest.ch\/fr\/categories\/projects\/#listItem","position":2,"name":"Projects","item":"https:\/\/www.immo-invest.ch\/fr\/categories\/projects\/","nextItem":{"@type":"ListItem","@id":"https:\/\/www.immo-invest.ch\/fr\/categories\/projects\/nouvelle-construction\/#listItem","name":"Nouvelle construction"},"previousItem":{"@type":"ListItem","@id":"https:\/\/www.immo-invest.ch\/fr\/#listItem","name":"Home"}},{"@type":"ListItem","@id":"https:\/\/www.immo-invest.ch\/fr\/categories\/projects\/nouvelle-construction\/#listItem","position":3,"name":"Nouvelle construction","item":"https:\/\/www.immo-invest.ch\/fr\/categories\/projects\/nouvelle-construction\/","nextItem":{"@type":"ListItem","@id":"https:\/\/www.immo-invest.ch\/fr\/neubau-der-froeschmatt-schule-pratteln\/#listItem","name":"Nouvelle construction de l&rsquo;\u00e9cole Fr\u00f6schmatt \u00e0 Pratteln"},"previousItem":{"@type":"ListItem","@id":"https:\/\/www.immo-invest.ch\/fr\/categories\/projects\/#listItem","name":"Projects"}},{"@type":"ListItem","@id":"https:\/\/www.immo-invest.ch\/fr\/neubau-der-froeschmatt-schule-pratteln\/#listItem","position":4,"name":"Nouvelle construction de l&rsquo;\u00e9cole Fr\u00f6schmatt \u00e0 Pratteln","previousItem":{"@type":"ListItem","@id":"https:\/\/www.immo-invest.ch\/fr\/categories\/projects\/nouvelle-construction\/#listItem","name":"Nouvelle construction"}}]},{"@type":"Organization","@id":"https:\/\/www.immo-invest.ch\/fr\/#organization","name":"immo!nvest - Die Plattform f\u00fcr Standorte und Immobilien","description":"Die\u00a0Plattform f\u00fcr Standorte und Immobilien","url":"https:\/\/www.immo-invest.ch\/fr\/","email":"admin@immomedia.ag","telephone":"+41444420002","logo":{"@type":"ImageObject","url":"https:\/\/www.immo-invest.ch\/wp-content\/uploads\/2024\/09\/immoinvest_sm-scaled.jpg","@id":"https:\/\/www.immo-invest.ch\/fr\/neubau-der-froeschmatt-schule-pratteln\/#organizationLogo","width":2560,"height":1340},"image":{"@id":"https:\/\/www.immo-invest.ch\/fr\/neubau-der-froeschmatt-schule-pratteln\/#organizationLogo"},"sameAs":["https:\/\/www.facebook.com\/people\/Immoinvest\/100077962920504\/","https:\/\/x.com\/i\/flow\/login?redirect_after_login=immoinvest_ch","https:\/\/www.instagram.com\/immoinvest_ch\/","https:\/\/www.linkedin.com\/company\/immoinvest-swiss"]},{"@type":"Person","@id":"https:\/\/www.immo-invest.ch\/fr\/author\/immoinv_redakteur\/#author","url":"https:\/\/www.immo-invest.ch\/fr\/author\/immoinv_redakteur\/","name":"immoinv_redakteur","image":{"@type":"ImageObject","@id":"https:\/\/www.immo-invest.ch\/fr\/neubau-der-froeschmatt-schule-pratteln\/#authorImage","url":"https:\/\/secure.gravatar.com\/avatar\/c880e25d853edfb649661cf7cf8a7571fd0af3883a77197f45a3f15520d284a3?s=96&d=mm&r=g","width":96,"height":96,"caption":"immoinv_redakteur"}},{"@type":"WebPage","@id":"https:\/\/www.immo-invest.ch\/fr\/neubau-der-froeschmatt-schule-pratteln\/#webpage","url":"https:\/\/www.immo-invest.ch\/fr\/neubau-der-froeschmatt-schule-pratteln\/","name":"Nouvelle construction de l\u2019\u00e9cole Fr\u00f6schmatt \u00e0 Pratteln - immo!nvest - Die Plattform f\u00fcr Standorte und Immobilien","description":"La nouvelle construction qui remplace l'\u00e9cole Fr\u00f6schmatt \u00e9tablit de nouvelles normes pour les locaux scolaires dans la r\u00e9gion de B\u00e2le et garantit la qualit\u00e9 de l'enseignement \u00e0 Pratteln \u00e0 long terme. Ce projet est embl\u00e9matique d'une architecture tourn\u00e9e vers l'avenir et du d\u00e9veloppement durable dans le secteur public de l'\u00e9ducation.","inLanguage":"fr-FR","isPartOf":{"@id":"https:\/\/www.immo-invest.ch\/fr\/#website"},"breadcrumb":{"@id":"https:\/\/www.immo-invest.ch\/fr\/neubau-der-froeschmatt-schule-pratteln\/#breadcrumblist"},"author":{"@id":"https:\/\/www.immo-invest.ch\/fr\/author\/immoinv_redakteur\/#author"},"creator":{"@id":"https:\/\/www.immo-invest.ch\/fr\/author\/immoinv_redakteur\/#author"},"image":{"@type":"ImageObject","url":"https:\/\/www.immo-invest.ch\/wp-content\/uploads\/2026\/02\/image-800-8354dd162cb300958c109e513bca248d-e1770971791979.jpeg","@id":"https:\/\/www.immo-invest.ch\/fr\/neubau-der-froeschmatt-schule-pratteln\/#mainImage","width":800,"height":400},"primaryImageOfPage":{"@id":"https:\/\/www.immo-invest.ch\/fr\/neubau-der-froeschmatt-schule-pratteln\/#mainImage"},"datePublished":"2026-02-16T11:30:00+01:00","dateModified":"2026-02-13T09:44:50+01:00"},{"@type":"WebSite","@id":"https:\/\/www.immo-invest.ch\/fr\/#website","url":"https:\/\/www.immo-invest.ch\/fr\/","name":"immo!nvest - Die Plattform f\u00fcr Standorte und Immobilien","description":"Die\u00a0Plattform f\u00fcr Standorte und Immobilien","inLanguage":"fr-FR","publisher":{"@id":"https:\/\/www.immo-invest.ch\/fr\/#organization"}}]},"og:locale":"fr_FR","og:site_name":"immo!nvest - Die Plattform f\u00fcr Standorte und Immobilien - Die\u00a0Plattform f\u00fcr Standorte und Immobilien","og:type":"article","og:title":"Nouvelle construction de l\u2019\u00e9cole Fr\u00f6schmatt \u00e0 Pratteln - immo!nvest - Die Plattform f\u00fcr Standorte und Immobilien","og:description":"La nouvelle construction qui remplace l'\u00e9cole Fr\u00f6schmatt \u00e9tablit de nouvelles normes pour les locaux scolaires dans la r\u00e9gion de B\u00e2le et garantit la qualit\u00e9 de l'enseignement \u00e0 Pratteln \u00e0 long terme. Ce projet est embl\u00e9matique d'une architecture tourn\u00e9e vers l'avenir et du d\u00e9veloppement durable dans le secteur public de l'\u00e9ducation.","og:url":"https:\/\/www.immo-invest.ch\/fr\/neubau-der-froeschmatt-schule-pratteln\/","og:image":"https:\/\/www.immo-invest.ch\/wp-content\/uploads\/2026\/02\/image-800-8354dd162cb300958c109e513bca248d-e1770971791979.jpeg","og:image:secure_url":"https:\/\/www.immo-invest.ch\/wp-content\/uploads\/2026\/02\/image-800-8354dd162cb300958c109e513bca248d-e1770971791979.jpeg","og:image:width":800,"og:image:height":400,"article:published_time":"2026-02-16T10:30:00+00:00","article:modified_time":"2026-02-13T08:44:50+00:00","article:publisher":"https:\/\/www.facebook.com\/people\/Immoinvest\/100077962920504\/","twitter:card":"summary_large_image","twitter:site":"@i","twitter:title":"Nouvelle construction de l\u2019\u00e9cole Fr\u00f6schmatt \u00e0 Pratteln - immo!nvest - Die Plattform f\u00fcr Standorte und Immobilien","twitter:description":"La nouvelle construction qui remplace l'\u00e9cole Fr\u00f6schmatt \u00e9tablit de nouvelles normes pour les locaux scolaires dans la r\u00e9gion de B\u00e2le et garantit la qualit\u00e9 de l'enseignement \u00e0 Pratteln \u00e0 long terme. Ce projet est embl\u00e9matique d'une architecture tourn\u00e9e vers l'avenir et du d\u00e9veloppement durable dans le secteur public de l'\u00e9ducation.","twitter:creator":"@i","twitter:image":"https:\/\/www.immo-invest.ch\/wp-content\/uploads\/2026\/02\/image-800-8354dd162cb300958c109e513bca248d-e1770971791979.jpeg"},"aioseo_meta_data":{"post_id":"149315","title":null,"description":null,"keywords":null,"keyphrases":{"focus":{"keyphrase":"","score":0,"analysis":{"keyphraseInTitle":{"score":0,"maxScore":9,"error":1}}},"additional":[]},"primary_term":null,"canonical_url":null,"og_title":null,"og_description":null,"og_object_type":"default","og_image_type":"default","og_image_url":null,"og_image_width":null,"og_image_height":null,"og_image_custom_url":null,"og_image_custom_fields":null,"og_video":"","og_custom_url":null,"og_article_section":null,"og_article_tags":null,"twitter_use_og":false,"twitter_card":"default","twitter_image_type":"default","twitter_image_url":null,"twitter_image_custom_url":null,"twitter_image_custom_fields":null,"twitter_title":null,"twitter_description":null,"schema":{"blockGraphs":[],"customGraphs":[],"default":{"data":{"Article":[],"Course":[],"Dataset":[],"FAQPage":[],"Movie":[],"Person":[],"Product":[],"ProductReview":[],"Car":[],"Recipe":[],"Service":[],"SoftwareApplication":[],"WebPage":[]},"graphName":"BlogPosting","isEnabled":true},"graphs":[]},"schema_type":"default","schema_type_options":null,"pillar_content":false,"robots_default":true,"robots_noindex":false,"robots_noarchive":false,"robots_nosnippet":false,"robots_nofollow":false,"robots_noimageindex":false,"robots_noodp":false,"robots_notranslate":false,"robots_max_snippet":"-1","robots_max_videopreview":"-1","robots_max_imagepreview":"large","priority":null,"frequency":"default","local_seo":null,"breadcrumb_settings":null,"limit_modified_date":false,"ai":{"faqs":[],"keyPoints":[],"titles":[],"descriptions":[],"socialPosts":{"email":[],"linkedin":[],"twitter":[],"facebook":[],"instagram":[]}},"created":"2026-02-13 08:44:52","updated":"2026-02-16 10:42:31","seo_analyzer_scan_date":null,"focus_keyword":null,"additional_keywords":null,"truseo_locale":null},"aioseo_breadcrumb":"<div class=\"aioseo-breadcrumbs\"><span class=\"aioseo-breadcrumb\">\n\t\t\t<a href=\"https:\/\/www.immo-invest.ch\/fr\/\" title=\"Home\">Home<\/a>\n\t\t<\/span><span class=\"aioseo-breadcrumb-separator\">&raquo;<\/span><span class=\"aioseo-breadcrumb\">\n\t\t\t<a href=\"https:\/\/www.immo-invest.ch\/fr\/categories\/projects\/\" title=\"Projects\">Projects<\/a>\n\t\t<\/span><span class=\"aioseo-breadcrumb-separator\">&raquo;<\/span><span class=\"aioseo-breadcrumb\">\n\t\t\t<a href=\"https:\/\/www.immo-invest.ch\/fr\/categories\/projects\/nouvelle-construction\/\" title=\"Nouvelle construction\">Nouvelle construction<\/a>\n\t\t<\/span><span class=\"aioseo-breadcrumb-separator\">&raquo;<\/span><span class=\"aioseo-breadcrumb\">\n\t\t\tNouvelle construction de l\u2019\u00e9cole Fr\u00f6schmatt \u00e0 Pratteln\n\t\t<\/span><\/div>","aioseo_breadcrumb_json":[{"label":"Home","link":"https:\/\/www.immo-invest.ch\/fr\/"},{"label":"Projects","link":"https:\/\/www.immo-invest.ch\/fr\/categories\/projects\/"},{"label":"Nouvelle construction","link":"https:\/\/www.immo-invest.ch\/fr\/categories\/projects\/nouvelle-construction\/"},{"label":"Nouvelle construction de l&rsquo;\u00e9cole Fr\u00f6schmatt \u00e0 Pratteln","link":"https:\/\/www.immo-invest.ch\/fr\/neubau-der-froeschmatt-schule-pratteln\/"}],"featured_image_src":"https:\/\/www.immo-invest.ch\/wp-content\/uploads\/2026\/02\/image-800-8354dd162cb300958c109e513bca248d-e1770971791979-336x168.jpeg","_links":{"self":[{"href":"https:\/\/www.immo-invest.ch\/fr\/wp-json\/wp\/v2\/posts\/149315","targetHints":{"allow":["GET"]}}],"collection":[{"href":"https:\/\/www.immo-invest.ch\/fr\/wp-json\/wp\/v2\/posts"}],"about":[{"href":"https:\/\/www.immo-invest.ch\/fr\/wp-json\/wp\/v2\/types\/post"}],"author":[{"embeddable":true,"href":"https:\/\/www.immo-invest.ch\/fr\/wp-json\/wp\/v2\/users\/57"}],"replies":[{"embeddable":true,"href":"https:\/\/www.immo-invest.ch\/fr\/wp-json\/wp\/v2\/comments?post=149315"}],"version-history":[{"count":2,"href":"https:\/\/www.immo-invest.ch\/fr\/wp-json\/wp\/v2\/posts\/149315\/revisions"}],"predecessor-version":[{"id":149323,"href":"https:\/\/www.immo-invest.ch\/fr\/wp-json\/wp\/v2\/posts\/149315\/revisions\/149323"}],"wp:featuredmedia":[{"embeddable":true,"href":"https:\/\/www.immo-invest.ch\/fr\/wp-json\/wp\/v2\/media\/149316"}],"wp:attachment":[{"href":"https:\/\/www.immo-invest.ch\/fr\/wp-json\/wp\/v2\/media?parent=149315"}],"wp:term":[{"taxonomy":"category","embeddable":true,"href":"https:\/\/www.immo-invest.ch\/fr\/wp-json\/wp\/v2\/categories?post=149315"},{"taxonomy":"post_tag","embeddable":true,"href":"https:\/\/www.immo-invest.ch\/fr\/wp-json\/wp\/v2\/tags?post=149315"}],"curies":[{"name":"wp","href":"https:\/\/api.w.org\/{rel}","templated":true}]}}