{"id":149243,"date":"2026-02-13T11:30:00","date_gmt":"2026-02-13T10:30:00","guid":{"rendered":"https:\/\/www.immo-invest.ch\/?p=149243"},"modified":"2026-02-11T10:12:22","modified_gmt":"2026-02-11T09:12:22","slug":"neues-hochhausprojekt-staerkt-wohnangebot-beim-bahnhof","status":"publish","type":"post","link":"https:\/\/www.immo-invest.ch\/fr\/neues-hochhausprojekt-staerkt-wohnangebot-beim-bahnhof\/","title":{"rendered":"Un nouveau projet de gratte-ciel renforce l&rsquo;offre de logements pr\u00e8s de la gare"},"content":{"rendered":"<p class=\"bodytext\">La soci&eacute;t&eacute; <a href=\"https:\/\/www.pensimo.ch\/de\/\" target=\"_blank\" rel=\"noopener\">Pensimo Management AG<\/a>, dont le si&egrave;ge est &agrave; Zurich, a acquis un terrain constructible appartenant &agrave; <a href=\"https:\/\/new.abb.com\/ch\" target=\"_blank\" rel=\"noopener\">ABB<\/a> &agrave; Oerlikon par l&rsquo;interm&eacute;diaire de ses fondations d&rsquo;investissement <a href=\"https:\/\/www.pensimo.ch\/de\/anlageprodukte\/turidomus\" target=\"_blank\" rel=\"noopener\">Turidomus<\/a>et Pensimo. Selon un <a href=\"https:\/\/www.pensimo.ch\/de\/insights\/medien-corner\" target=\"_blank\" rel=\"noopener\">communiqu&eacute;<\/a>, l&rsquo;entreprise souhaite construire un complexe de 500 appartements, comprenant un immeuble de grande hauteur et des locaux commerciaux, sur la place Max-Frisch-Platz, r&eacute;cemment r&eacute;am&eacute;nag&eacute;e, au nord de la gare d&rsquo;Oerlikon.<\/p>\n<p class=\"bodytext\">&laquo; Nous sommes tr&egrave;s heureux de l&rsquo;acquisition de ce terrain &raquo;, d&eacute;clare Stefanie Krautzig, responsable des transactions chez Pensimo, dans le communiqu&eacute;. &laquo; Il s&rsquo;agit d&rsquo;une opportunit&eacute; d&rsquo;investissement tr&egrave;s rare pour un projet de d&eacute;veloppement de cette envergure dans un emplacement aussi central. &raquo; Les r&egrave;glements de construction partiellement r&eacute;vis&eacute;s en 2022 pour Neu-Oerlikon constituent une bonne base pour la planification et le d&eacute;veloppement de la zone. &laquo; Afin d&rsquo;&eacute;valuer une solution architecturale attrayante pour le public et les futurs r&eacute;sidents de cet emplacement central et prestigieux, nous lancerons un concours entre &eacute;quipes de planification &raquo;, explique Mme Krautzig.<\/p>\n<p class=\"bodytext\">Le d&eacute;but des travaux est pr&eacute;vu pour 2029. Le vendeur ABB se r&eacute;jouit &eacute;galement de la vente de l&rsquo;ancien site industriel et est convaincu &laquo; de pouvoir ainsi contribuer au d&eacute;veloppement de Zurich Oerlikon en un <span class=\"glossaryLink\" aria-describedby=\"tt\" data-cmtooltip=\"&lt;div class=glossaryItemTitle&gt;Quartier&lt;\/div&gt;&lt;div class=glossaryItemBody&gt;Amtliches, historisches, soziales oder stadtplanerisches Stadtviertel&lt;\/div&gt;\" data-mobile-support=\"0\" data-gt-translate-attributes='[{\"attribute\":\"data-cmtooltip\", \"format\":\"html\"}]' tabindex=\"0\" role=\"link\">quartier<\/span> anim&eacute; et diversifi&eacute; &raquo;, d&eacute;clare Nora Teuwsen, pr&eacute;sidente de la direction d&rsquo;ABB Suisse.<\/p>\n","protected":false},"excerpt":{"rendered":"<p>L&rsquo;investisseur immobilier zurichois Pensimo a acquis aupr\u00e8s d&rsquo;ABB un terrain \u00e0 b\u00e2tir situ\u00e9 \u00e0 proximit\u00e9 de la gare de Zurich Oerlikon. Ce terrain est destin\u00e9 \u00e0 accueillir un complexe immobilier comprenant 500 appartements, dont un immeuble de grande hauteur.<\/p>\n","protected":false},"author":2,"featured_media":149245,"comment_status":"open","ping_status":"open","sticky":false,"template":"","format":"standard","meta":{"pmpro_default_level":"","inline_featured_image":false,"_monsterinsights_skip_tracking":false,"footnotes":""},"categories":[743,9824,56003,55970],"tags":[1242,57176,872,3931,2002,51802],"class_list":["post-149243","post","type-post","status-publish","format-standard","has-post-thumbnail","hentry","category-immonews-fr","category-nouvelle-construction","category-residentiel","category-transactions-deals","tag-arealentwicklung-fr","tag-grundstueckskauf","tag-immoinvest-fr","tag-immonews-fr","tag-news-fr","tag-wohnhochhaus-fr","pmpro-has-access"],"acf":{"bild_mit_ki_erstellt_worden":["Ja"],"lead":"L'investisseur immobilier zurichois Pensimo a acquis aupr\u00e8s d'ABB un terrain \u00e0 b\u00e2tir situ\u00e9 \u00e0 proximit\u00e9 de la gare de Zurich Oerlikon. Ce terrain est destin\u00e9 \u00e0 accueillir un complexe immobilier comprenant 500 appartements, dont un immeuble de grande hauteur.","autor":"ce\/ww","ort":"Z\u00fcrich","bildunterschrift":"","bild_im_grid":false,"gallerie":"","newsim":""},"aioseo_notices":[],"aioseo_head":"\n\t\t<!-- All in One SEO 5.0.0.1 - aioseo.com -->\n\t<meta name=\"description\" content=\"L&#039;investisseur immobilier zurichois Pensimo a acquis aupr\u00e8s d&#039;ABB un terrain \u00e0 b\u00e2tir situ\u00e9 \u00e0 proximit\u00e9 de la gare de Zurich Oerlikon. Ce terrain est destin\u00e9 \u00e0 accueillir un complexe immobilier comprenant 500 appartements, dont un immeuble de grande hauteur.\" \/>\n\t<meta name=\"robots\" content=\"max-image-preview:large\" \/>\n\t<meta name=\"author\" content=\"immovestuser\"\/>\n\t<meta name=\"google-site-verification\" content=\"fHJKvgWpZCR2zVBHWfkQeFXC11qieUSff0HGNYfuyLA\" \/>\n\t<link rel=\"canonical\" href=\"https:\/\/www.immo-invest.ch\/fr\/neues-hochhausprojekt-staerkt-wohnangebot-beim-bahnhof\/\" \/>\n\t<meta name=\"generator\" content=\"All in One SEO (AIOSEO) 5.0.0.1\" \/>\n\t\t<meta property=\"og:locale\" content=\"fr_FR\" \/>\n\t\t<meta property=\"og:site_name\" content=\"immo!nvest - Die Plattform f\u00fcr Standorte und Immobilien - Die\u00a0Plattform f\u00fcr Standorte und Immobilien\" \/>\n\t\t<meta property=\"og:type\" content=\"article\" \/>\n\t\t<meta property=\"og:title\" content=\"Un nouveau projet de gratte-ciel renforce l\u2019offre de logements pr\u00e8s de la gare - immo!nvest - Die Plattform f\u00fcr Standorte und Immobilien\" \/>\n\t\t<meta property=\"og:description\" content=\"L&#039;investisseur immobilier zurichois Pensimo a acquis aupr\u00e8s d&#039;ABB un terrain \u00e0 b\u00e2tir situ\u00e9 \u00e0 proximit\u00e9 de la gare de Zurich Oerlikon. Ce terrain est destin\u00e9 \u00e0 accueillir un complexe immobilier comprenant 500 appartements, dont un immeuble de grande hauteur.\" \/>\n\t\t<meta property=\"og:url\" content=\"https:\/\/www.immo-invest.ch\/fr\/neues-hochhausprojekt-staerkt-wohnangebot-beim-bahnhof\/\" \/>\n\t\t<meta property=\"og:image\" content=\"https:\/\/www.immo-invest.ch\/wp-content\/uploads\/2026\/02\/banoviag_realistic_urban_redevelopment_near_a_major_railway_s_603d1823-c7c9-4b17-a312-df06a64b6091_1.png\" \/>\n\t\t<meta property=\"og:image:secure_url\" content=\"https:\/\/www.immo-invest.ch\/wp-content\/uploads\/2026\/02\/banoviag_realistic_urban_redevelopment_near_a_major_railway_s_603d1823-c7c9-4b17-a312-df06a64b6091_1.png\" \/>\n\t\t<meta property=\"og:image:width\" content=\"1536\" \/>\n\t\t<meta property=\"og:image:height\" content=\"768\" \/>\n\t\t<meta property=\"article:published_time\" content=\"2026-02-13T10:30:00+00:00\" \/>\n\t\t<meta property=\"article:modified_time\" content=\"2026-02-11T09:12:22+00:00\" \/>\n\t\t<meta property=\"article:publisher\" content=\"https:\/\/www.facebook.com\/people\/Immoinvest\/100077962920504\/\" \/>\n\t\t<meta name=\"twitter:card\" content=\"summary_large_image\" \/>\n\t\t<meta name=\"twitter:site\" content=\"@i\" \/>\n\t\t<meta name=\"twitter:title\" content=\"Un nouveau projet de gratte-ciel renforce l\u2019offre de logements pr\u00e8s de la gare - immo!nvest - Die Plattform f\u00fcr Standorte und Immobilien\" \/>\n\t\t<meta name=\"twitter:description\" content=\"L&#039;investisseur immobilier zurichois Pensimo a acquis aupr\u00e8s d&#039;ABB un terrain \u00e0 b\u00e2tir situ\u00e9 \u00e0 proximit\u00e9 de la gare de Zurich Oerlikon. Ce terrain est destin\u00e9 \u00e0 accueillir un complexe immobilier comprenant 500 appartements, dont un immeuble de grande hauteur.\" \/>\n\t\t<meta name=\"twitter:creator\" content=\"@i\" \/>\n\t\t<meta name=\"twitter:image\" content=\"https:\/\/www.immo-invest.ch\/wp-content\/uploads\/2026\/02\/banoviag_realistic_urban_redevelopment_near_a_major_railway_s_603d1823-c7c9-4b17-a312-df06a64b6091_1.png\" \/>\n\t\t<script type=\"application\/ld+json\" class=\"aioseo-schema\">\n\t\t\t{\"@context\":\"https:\\\/\\\/schema.org\",\"@graph\":[{\"@type\":\"BlogPosting\",\"@id\":\"https:\\\/\\\/www.immo-invest.ch\\\/fr\\\/neues-hochhausprojekt-staerkt-wohnangebot-beim-bahnhof\\\/#blogposting\",\"name\":\"Un nouveau projet de gratte-ciel renforce l\\u2019offre de logements pr\\u00e8s de la gare - immo!nvest - Die Plattform f\\u00fcr Standorte und Immobilien\",\"headline\":\"Un nouveau projet de gratte-ciel renforce l&rsquo;offre de logements pr\\u00e8s de la gare\",\"author\":{\"@id\":\"https:\\\/\\\/www.immo-invest.ch\\\/fr\\\/author\\\/immovestuser\\\/#author\"},\"publisher\":{\"@id\":\"https:\\\/\\\/www.immo-invest.ch\\\/fr\\\/#organization\"},\"image\":{\"@type\":\"ImageObject\",\"url\":\"https:\\\/\\\/www.immo-invest.ch\\\/wp-content\\\/uploads\\\/2026\\\/02\\\/banoviag_realistic_urban_redevelopment_near_a_major_railway_s_603d1823-c7c9-4b17-a312-df06a64b6091_1.png\",\"width\":1536,\"height\":768},\"datePublished\":\"2026-02-13T11:30:00+01:00\",\"dateModified\":\"2026-02-11T10:12:22+01:00\",\"inLanguage\":\"fr-FR\",\"mainEntityOfPage\":{\"@id\":\"https:\\\/\\\/www.immo-invest.ch\\\/fr\\\/neues-hochhausprojekt-staerkt-wohnangebot-beim-bahnhof\\\/#webpage\"},\"isPartOf\":{\"@id\":\"https:\\\/\\\/www.immo-invest.ch\\\/fr\\\/neues-hochhausprojekt-staerkt-wohnangebot-beim-bahnhof\\\/#webpage\"},\"articleSection\":\"immoNews, Nouvelle construction, R\\u00e9sidentiel, Transactions \\\/ Deals, Arealentwicklung, Grundst\\u00fcckskauf, Immoinvest, immoNews, News, Wohnhochhaus, Facultatif\"},{\"@type\":\"BreadcrumbList\",\"@id\":\"https:\\\/\\\/www.immo-invest.ch\\\/fr\\\/neues-hochhausprojekt-staerkt-wohnangebot-beim-bahnhof\\\/#breadcrumblist\",\"itemListElement\":[{\"@type\":\"ListItem\",\"@id\":\"https:\\\/\\\/www.immo-invest.ch\\\/fr\\\/#listItem\",\"position\":1,\"name\":\"Home\",\"item\":\"https:\\\/\\\/www.immo-invest.ch\\\/fr\\\/\",\"nextItem\":{\"@type\":\"ListItem\",\"@id\":\"https:\\\/\\\/www.immo-invest.ch\\\/fr\\\/categories\\\/projects\\\/#listItem\",\"name\":\"Projects\"}},{\"@type\":\"ListItem\",\"@id\":\"https:\\\/\\\/www.immo-invest.ch\\\/fr\\\/categories\\\/projects\\\/#listItem\",\"position\":2,\"name\":\"Projects\",\"item\":\"https:\\\/\\\/www.immo-invest.ch\\\/fr\\\/categories\\\/projects\\\/\",\"nextItem\":{\"@type\":\"ListItem\",\"@id\":\"https:\\\/\\\/www.immo-invest.ch\\\/fr\\\/categories\\\/projects\\\/nouvelle-construction\\\/#listItem\",\"name\":\"Nouvelle construction\"},\"previousItem\":{\"@type\":\"ListItem\",\"@id\":\"https:\\\/\\\/www.immo-invest.ch\\\/fr\\\/#listItem\",\"name\":\"Home\"}},{\"@type\":\"ListItem\",\"@id\":\"https:\\\/\\\/www.immo-invest.ch\\\/fr\\\/categories\\\/projects\\\/nouvelle-construction\\\/#listItem\",\"position\":3,\"name\":\"Nouvelle construction\",\"item\":\"https:\\\/\\\/www.immo-invest.ch\\\/fr\\\/categories\\\/projects\\\/nouvelle-construction\\\/\",\"nextItem\":{\"@type\":\"ListItem\",\"@id\":\"https:\\\/\\\/www.immo-invest.ch\\\/fr\\\/neues-hochhausprojekt-staerkt-wohnangebot-beim-bahnhof\\\/#listItem\",\"name\":\"Un nouveau projet de gratte-ciel renforce l&rsquo;offre de logements pr\\u00e8s de la gare\"},\"previousItem\":{\"@type\":\"ListItem\",\"@id\":\"https:\\\/\\\/www.immo-invest.ch\\\/fr\\\/categories\\\/projects\\\/#listItem\",\"name\":\"Projects\"}},{\"@type\":\"ListItem\",\"@id\":\"https:\\\/\\\/www.immo-invest.ch\\\/fr\\\/neues-hochhausprojekt-staerkt-wohnangebot-beim-bahnhof\\\/#listItem\",\"position\":4,\"name\":\"Un nouveau projet de gratte-ciel renforce l&rsquo;offre de logements pr\\u00e8s de la gare\",\"previousItem\":{\"@type\":\"ListItem\",\"@id\":\"https:\\\/\\\/www.immo-invest.ch\\\/fr\\\/categories\\\/projects\\\/nouvelle-construction\\\/#listItem\",\"name\":\"Nouvelle construction\"}}]},{\"@type\":\"Organization\",\"@id\":\"https:\\\/\\\/www.immo-invest.ch\\\/fr\\\/#organization\",\"name\":\"immo!nvest - Die Plattform f\\u00fcr Standorte und Immobilien\",\"description\":\"Die\\u00a0Plattform f\\u00fcr Standorte und Immobilien\",\"url\":\"https:\\\/\\\/www.immo-invest.ch\\\/fr\\\/\",\"email\":\"admin@immomedia.ag\",\"telephone\":\"+41444420002\",\"logo\":{\"@type\":\"ImageObject\",\"url\":\"https:\\\/\\\/www.immo-invest.ch\\\/wp-content\\\/uploads\\\/2024\\\/09\\\/immoinvest_sm-scaled.jpg\",\"@id\":\"https:\\\/\\\/www.immo-invest.ch\\\/fr\\\/neues-hochhausprojekt-staerkt-wohnangebot-beim-bahnhof\\\/#organizationLogo\",\"width\":2560,\"height\":1340},\"image\":{\"@id\":\"https:\\\/\\\/www.immo-invest.ch\\\/fr\\\/neues-hochhausprojekt-staerkt-wohnangebot-beim-bahnhof\\\/#organizationLogo\"},\"sameAs\":[\"https:\\\/\\\/www.facebook.com\\\/people\\\/Immoinvest\\\/100077962920504\\\/\",\"https:\\\/\\\/x.com\\\/i\\\/flow\\\/login?redirect_after_login=immoinvest_ch\",\"https:\\\/\\\/www.instagram.com\\\/immoinvest_ch\\\/\",\"https:\\\/\\\/www.linkedin.com\\\/company\\\/immoinvest-swiss\"]},{\"@type\":\"Person\",\"@id\":\"https:\\\/\\\/www.immo-invest.ch\\\/fr\\\/author\\\/immovestuser\\\/#author\",\"url\":\"https:\\\/\\\/www.immo-invest.ch\\\/fr\\\/author\\\/immovestuser\\\/\",\"name\":\"immovestuser\",\"image\":{\"@type\":\"ImageObject\",\"@id\":\"https:\\\/\\\/www.immo-invest.ch\\\/fr\\\/neues-hochhausprojekt-staerkt-wohnangebot-beim-bahnhof\\\/#authorImage\",\"url\":\"https:\\\/\\\/secure.gravatar.com\\\/avatar\\\/8e01f4d99f2eeea7a362ebb93305e1172a70e9293ba250f897a65c39f54cdd1e?s=96&d=mm&r=g\",\"width\":96,\"height\":96,\"caption\":\"immovestuser\"}},{\"@type\":\"WebPage\",\"@id\":\"https:\\\/\\\/www.immo-invest.ch\\\/fr\\\/neues-hochhausprojekt-staerkt-wohnangebot-beim-bahnhof\\\/#webpage\",\"url\":\"https:\\\/\\\/www.immo-invest.ch\\\/fr\\\/neues-hochhausprojekt-staerkt-wohnangebot-beim-bahnhof\\\/\",\"name\":\"Un nouveau projet de gratte-ciel renforce l\\u2019offre de logements pr\\u00e8s de la gare - immo!nvest - Die Plattform f\\u00fcr Standorte und Immobilien\",\"description\":\"L'investisseur immobilier zurichois Pensimo a acquis aupr\\u00e8s d'ABB un terrain \\u00e0 b\\u00e2tir situ\\u00e9 \\u00e0 proximit\\u00e9 de la gare de Zurich Oerlikon. Ce terrain est destin\\u00e9 \\u00e0 accueillir un complexe immobilier comprenant 500 appartements, dont un immeuble de grande hauteur.\",\"inLanguage\":\"fr-FR\",\"isPartOf\":{\"@id\":\"https:\\\/\\\/www.immo-invest.ch\\\/fr\\\/#website\"},\"breadcrumb\":{\"@id\":\"https:\\\/\\\/www.immo-invest.ch\\\/fr\\\/neues-hochhausprojekt-staerkt-wohnangebot-beim-bahnhof\\\/#breadcrumblist\"},\"author\":{\"@id\":\"https:\\\/\\\/www.immo-invest.ch\\\/fr\\\/author\\\/immovestuser\\\/#author\"},\"creator\":{\"@id\":\"https:\\\/\\\/www.immo-invest.ch\\\/fr\\\/author\\\/immovestuser\\\/#author\"},\"image\":{\"@type\":\"ImageObject\",\"url\":\"https:\\\/\\\/www.immo-invest.ch\\\/wp-content\\\/uploads\\\/2026\\\/02\\\/banoviag_realistic_urban_redevelopment_near_a_major_railway_s_603d1823-c7c9-4b17-a312-df06a64b6091_1.png\",\"@id\":\"https:\\\/\\\/www.immo-invest.ch\\\/fr\\\/neues-hochhausprojekt-staerkt-wohnangebot-beim-bahnhof\\\/#mainImage\",\"width\":1536,\"height\":768},\"primaryImageOfPage\":{\"@id\":\"https:\\\/\\\/www.immo-invest.ch\\\/fr\\\/neues-hochhausprojekt-staerkt-wohnangebot-beim-bahnhof\\\/#mainImage\"},\"datePublished\":\"2026-02-13T11:30:00+01:00\",\"dateModified\":\"2026-02-11T10:12:22+01:00\"},{\"@type\":\"WebSite\",\"@id\":\"https:\\\/\\\/www.immo-invest.ch\\\/fr\\\/#website\",\"url\":\"https:\\\/\\\/www.immo-invest.ch\\\/fr\\\/\",\"name\":\"immo!nvest - Die Plattform f\\u00fcr Standorte und Immobilien\",\"description\":\"Die\\u00a0Plattform f\\u00fcr Standorte und Immobilien\",\"inLanguage\":\"fr-FR\",\"publisher\":{\"@id\":\"https:\\\/\\\/www.immo-invest.ch\\\/fr\\\/#organization\"}}]}\n\t\t<\/script>\n\t\t<!-- All in One SEO -->\n\n","aioseo_head_json":{"title":"Un nouveau projet de gratte-ciel renforce l\u2019offre de logements pr\u00e8s de la gare - immo!nvest - Die Plattform f\u00fcr Standorte und Immobilien","description":"L'investisseur immobilier zurichois Pensimo a acquis aupr\u00e8s d'ABB un terrain \u00e0 b\u00e2tir situ\u00e9 \u00e0 proximit\u00e9 de la gare de Zurich Oerlikon. Ce terrain est destin\u00e9 \u00e0 accueillir un complexe immobilier comprenant 500 appartements, dont un immeuble de grande hauteur.","canonical_url":"https:\/\/www.immo-invest.ch\/fr\/neues-hochhausprojekt-staerkt-wohnangebot-beim-bahnhof\/","robots":"max-image-preview:large","keywords":"","webmasterTools":{"google-site-verification":"fHJKvgWpZCR2zVBHWfkQeFXC11qieUSff0HGNYfuyLA","miscellaneous":""},"schema":{"@context":"https:\/\/schema.org","@graph":[{"@type":"BlogPosting","@id":"https:\/\/www.immo-invest.ch\/fr\/neues-hochhausprojekt-staerkt-wohnangebot-beim-bahnhof\/#blogposting","name":"Un nouveau projet de gratte-ciel renforce l\u2019offre de logements pr\u00e8s de la gare - immo!nvest - Die Plattform f\u00fcr Standorte und Immobilien","headline":"Un nouveau projet de gratte-ciel renforce l&rsquo;offre de logements pr\u00e8s de la gare","author":{"@id":"https:\/\/www.immo-invest.ch\/fr\/author\/immovestuser\/#author"},"publisher":{"@id":"https:\/\/www.immo-invest.ch\/fr\/#organization"},"image":{"@type":"ImageObject","url":"https:\/\/www.immo-invest.ch\/wp-content\/uploads\/2026\/02\/banoviag_realistic_urban_redevelopment_near_a_major_railway_s_603d1823-c7c9-4b17-a312-df06a64b6091_1.png","width":1536,"height":768},"datePublished":"2026-02-13T11:30:00+01:00","dateModified":"2026-02-11T10:12:22+01:00","inLanguage":"fr-FR","mainEntityOfPage":{"@id":"https:\/\/www.immo-invest.ch\/fr\/neues-hochhausprojekt-staerkt-wohnangebot-beim-bahnhof\/#webpage"},"isPartOf":{"@id":"https:\/\/www.immo-invest.ch\/fr\/neues-hochhausprojekt-staerkt-wohnangebot-beim-bahnhof\/#webpage"},"articleSection":"immoNews, Nouvelle construction, R\u00e9sidentiel, Transactions \/ Deals, Arealentwicklung, Grundst\u00fcckskauf, Immoinvest, immoNews, News, Wohnhochhaus, Facultatif"},{"@type":"BreadcrumbList","@id":"https:\/\/www.immo-invest.ch\/fr\/neues-hochhausprojekt-staerkt-wohnangebot-beim-bahnhof\/#breadcrumblist","itemListElement":[{"@type":"ListItem","@id":"https:\/\/www.immo-invest.ch\/fr\/#listItem","position":1,"name":"Home","item":"https:\/\/www.immo-invest.ch\/fr\/","nextItem":{"@type":"ListItem","@id":"https:\/\/www.immo-invest.ch\/fr\/categories\/projects\/#listItem","name":"Projects"}},{"@type":"ListItem","@id":"https:\/\/www.immo-invest.ch\/fr\/categories\/projects\/#listItem","position":2,"name":"Projects","item":"https:\/\/www.immo-invest.ch\/fr\/categories\/projects\/","nextItem":{"@type":"ListItem","@id":"https:\/\/www.immo-invest.ch\/fr\/categories\/projects\/nouvelle-construction\/#listItem","name":"Nouvelle construction"},"previousItem":{"@type":"ListItem","@id":"https:\/\/www.immo-invest.ch\/fr\/#listItem","name":"Home"}},{"@type":"ListItem","@id":"https:\/\/www.immo-invest.ch\/fr\/categories\/projects\/nouvelle-construction\/#listItem","position":3,"name":"Nouvelle construction","item":"https:\/\/www.immo-invest.ch\/fr\/categories\/projects\/nouvelle-construction\/","nextItem":{"@type":"ListItem","@id":"https:\/\/www.immo-invest.ch\/fr\/neues-hochhausprojekt-staerkt-wohnangebot-beim-bahnhof\/#listItem","name":"Un nouveau projet de gratte-ciel renforce l&rsquo;offre de logements pr\u00e8s de la gare"},"previousItem":{"@type":"ListItem","@id":"https:\/\/www.immo-invest.ch\/fr\/categories\/projects\/#listItem","name":"Projects"}},{"@type":"ListItem","@id":"https:\/\/www.immo-invest.ch\/fr\/neues-hochhausprojekt-staerkt-wohnangebot-beim-bahnhof\/#listItem","position":4,"name":"Un nouveau projet de gratte-ciel renforce l&rsquo;offre de logements pr\u00e8s de la gare","previousItem":{"@type":"ListItem","@id":"https:\/\/www.immo-invest.ch\/fr\/categories\/projects\/nouvelle-construction\/#listItem","name":"Nouvelle construction"}}]},{"@type":"Organization","@id":"https:\/\/www.immo-invest.ch\/fr\/#organization","name":"immo!nvest - Die Plattform f\u00fcr Standorte und Immobilien","description":"Die\u00a0Plattform f\u00fcr Standorte und Immobilien","url":"https:\/\/www.immo-invest.ch\/fr\/","email":"admin@immomedia.ag","telephone":"+41444420002","logo":{"@type":"ImageObject","url":"https:\/\/www.immo-invest.ch\/wp-content\/uploads\/2024\/09\/immoinvest_sm-scaled.jpg","@id":"https:\/\/www.immo-invest.ch\/fr\/neues-hochhausprojekt-staerkt-wohnangebot-beim-bahnhof\/#organizationLogo","width":2560,"height":1340},"image":{"@id":"https:\/\/www.immo-invest.ch\/fr\/neues-hochhausprojekt-staerkt-wohnangebot-beim-bahnhof\/#organizationLogo"},"sameAs":["https:\/\/www.facebook.com\/people\/Immoinvest\/100077962920504\/","https:\/\/x.com\/i\/flow\/login?redirect_after_login=immoinvest_ch","https:\/\/www.instagram.com\/immoinvest_ch\/","https:\/\/www.linkedin.com\/company\/immoinvest-swiss"]},{"@type":"Person","@id":"https:\/\/www.immo-invest.ch\/fr\/author\/immovestuser\/#author","url":"https:\/\/www.immo-invest.ch\/fr\/author\/immovestuser\/","name":"immovestuser","image":{"@type":"ImageObject","@id":"https:\/\/www.immo-invest.ch\/fr\/neues-hochhausprojekt-staerkt-wohnangebot-beim-bahnhof\/#authorImage","url":"https:\/\/secure.gravatar.com\/avatar\/8e01f4d99f2eeea7a362ebb93305e1172a70e9293ba250f897a65c39f54cdd1e?s=96&d=mm&r=g","width":96,"height":96,"caption":"immovestuser"}},{"@type":"WebPage","@id":"https:\/\/www.immo-invest.ch\/fr\/neues-hochhausprojekt-staerkt-wohnangebot-beim-bahnhof\/#webpage","url":"https:\/\/www.immo-invest.ch\/fr\/neues-hochhausprojekt-staerkt-wohnangebot-beim-bahnhof\/","name":"Un nouveau projet de gratte-ciel renforce l\u2019offre de logements pr\u00e8s de la gare - immo!nvest - Die Plattform f\u00fcr Standorte und Immobilien","description":"L'investisseur immobilier zurichois Pensimo a acquis aupr\u00e8s d'ABB un terrain \u00e0 b\u00e2tir situ\u00e9 \u00e0 proximit\u00e9 de la gare de Zurich Oerlikon. Ce terrain est destin\u00e9 \u00e0 accueillir un complexe immobilier comprenant 500 appartements, dont un immeuble de grande hauteur.","inLanguage":"fr-FR","isPartOf":{"@id":"https:\/\/www.immo-invest.ch\/fr\/#website"},"breadcrumb":{"@id":"https:\/\/www.immo-invest.ch\/fr\/neues-hochhausprojekt-staerkt-wohnangebot-beim-bahnhof\/#breadcrumblist"},"author":{"@id":"https:\/\/www.immo-invest.ch\/fr\/author\/immovestuser\/#author"},"creator":{"@id":"https:\/\/www.immo-invest.ch\/fr\/author\/immovestuser\/#author"},"image":{"@type":"ImageObject","url":"https:\/\/www.immo-invest.ch\/wp-content\/uploads\/2026\/02\/banoviag_realistic_urban_redevelopment_near_a_major_railway_s_603d1823-c7c9-4b17-a312-df06a64b6091_1.png","@id":"https:\/\/www.immo-invest.ch\/fr\/neues-hochhausprojekt-staerkt-wohnangebot-beim-bahnhof\/#mainImage","width":1536,"height":768},"primaryImageOfPage":{"@id":"https:\/\/www.immo-invest.ch\/fr\/neues-hochhausprojekt-staerkt-wohnangebot-beim-bahnhof\/#mainImage"},"datePublished":"2026-02-13T11:30:00+01:00","dateModified":"2026-02-11T10:12:22+01:00"},{"@type":"WebSite","@id":"https:\/\/www.immo-invest.ch\/fr\/#website","url":"https:\/\/www.immo-invest.ch\/fr\/","name":"immo!nvest - Die Plattform f\u00fcr Standorte und Immobilien","description":"Die\u00a0Plattform f\u00fcr Standorte und Immobilien","inLanguage":"fr-FR","publisher":{"@id":"https:\/\/www.immo-invest.ch\/fr\/#organization"}}]},"og:locale":"fr_FR","og:site_name":"immo!nvest - Die Plattform f\u00fcr Standorte und Immobilien - Die\u00a0Plattform f\u00fcr Standorte und Immobilien","og:type":"article","og:title":"Un nouveau projet de gratte-ciel renforce l\u2019offre de logements pr\u00e8s de la gare - immo!nvest - Die Plattform f\u00fcr Standorte und Immobilien","og:description":"L'investisseur immobilier zurichois Pensimo a acquis aupr\u00e8s d'ABB un terrain \u00e0 b\u00e2tir situ\u00e9 \u00e0 proximit\u00e9 de la gare de Zurich Oerlikon. Ce terrain est destin\u00e9 \u00e0 accueillir un complexe immobilier comprenant 500 appartements, dont un immeuble de grande hauteur.","og:url":"https:\/\/www.immo-invest.ch\/fr\/neues-hochhausprojekt-staerkt-wohnangebot-beim-bahnhof\/","og:image":"https:\/\/www.immo-invest.ch\/wp-content\/uploads\/2026\/02\/banoviag_realistic_urban_redevelopment_near_a_major_railway_s_603d1823-c7c9-4b17-a312-df06a64b6091_1.png","og:image:secure_url":"https:\/\/www.immo-invest.ch\/wp-content\/uploads\/2026\/02\/banoviag_realistic_urban_redevelopment_near_a_major_railway_s_603d1823-c7c9-4b17-a312-df06a64b6091_1.png","og:image:width":1536,"og:image:height":768,"article:published_time":"2026-02-13T10:30:00+00:00","article:modified_time":"2026-02-11T09:12:22+00:00","article:publisher":"https:\/\/www.facebook.com\/people\/Immoinvest\/100077962920504\/","twitter:card":"summary_large_image","twitter:site":"@i","twitter:title":"Un nouveau projet de gratte-ciel renforce l\u2019offre de logements pr\u00e8s de la gare - immo!nvest - Die Plattform f\u00fcr Standorte und Immobilien","twitter:description":"L'investisseur immobilier zurichois Pensimo a acquis aupr\u00e8s d'ABB un terrain \u00e0 b\u00e2tir situ\u00e9 \u00e0 proximit\u00e9 de la gare de Zurich Oerlikon. Ce terrain est destin\u00e9 \u00e0 accueillir un complexe immobilier comprenant 500 appartements, dont un immeuble de grande hauteur.","twitter:creator":"@i","twitter:image":"https:\/\/www.immo-invest.ch\/wp-content\/uploads\/2026\/02\/banoviag_realistic_urban_redevelopment_near_a_major_railway_s_603d1823-c7c9-4b17-a312-df06a64b6091_1.png"},"aioseo_meta_data":{"post_id":"149243","title":null,"description":null,"keywords":null,"keyphrases":{"focus":{"keyphrase":"","score":0,"analysis":{"keyphraseInTitle":{"score":0,"maxScore":9,"error":1}}},"additional":[]},"primary_term":null,"canonical_url":null,"og_title":null,"og_description":null,"og_object_type":"default","og_image_type":"default","og_image_url":null,"og_image_width":null,"og_image_height":null,"og_image_custom_url":null,"og_image_custom_fields":null,"og_video":"","og_custom_url":null,"og_article_section":null,"og_article_tags":null,"twitter_use_og":false,"twitter_card":"default","twitter_image_type":"default","twitter_image_url":null,"twitter_image_custom_url":null,"twitter_image_custom_fields":null,"twitter_title":null,"twitter_description":null,"schema":{"blockGraphs":[],"customGraphs":[],"default":{"data":{"Article":[],"Course":[],"Dataset":[],"FAQPage":[],"Movie":[],"Person":[],"Product":[],"ProductReview":[],"Car":[],"Recipe":[],"Service":[],"SoftwareApplication":[],"WebPage":[]},"graphName":"BlogPosting","isEnabled":true},"graphs":[]},"schema_type":"default","schema_type_options":null,"pillar_content":false,"robots_default":true,"robots_noindex":false,"robots_noarchive":false,"robots_nosnippet":false,"robots_nofollow":false,"robots_noimageindex":false,"robots_noodp":false,"robots_notranslate":false,"robots_max_snippet":"-1","robots_max_videopreview":"-1","robots_max_imagepreview":"large","priority":null,"frequency":"default","local_seo":null,"breadcrumb_settings":null,"limit_modified_date":false,"ai":{"faqs":[],"keyPoints":[],"titles":[],"descriptions":[],"socialPosts":{"email":[],"linkedin":[],"twitter":[],"facebook":[],"instagram":[]}},"created":"2026-02-11 09:12:24","updated":"2026-02-13 10:32:37","seo_analyzer_scan_date":null,"focus_keyword":null,"additional_keywords":null,"truseo_locale":null},"aioseo_breadcrumb":"<div class=\"aioseo-breadcrumbs\"><span class=\"aioseo-breadcrumb\">\n\t\t\t<a href=\"https:\/\/www.immo-invest.ch\/fr\/\" title=\"Home\">Home<\/a>\n\t\t<\/span><span class=\"aioseo-breadcrumb-separator\">&raquo;<\/span><span class=\"aioseo-breadcrumb\">\n\t\t\t<a href=\"https:\/\/www.immo-invest.ch\/fr\/categories\/projects\/\" title=\"Projects\">Projects<\/a>\n\t\t<\/span><span class=\"aioseo-breadcrumb-separator\">&raquo;<\/span><span class=\"aioseo-breadcrumb\">\n\t\t\t<a href=\"https:\/\/www.immo-invest.ch\/fr\/categories\/projects\/nouvelle-construction\/\" title=\"Nouvelle construction\">Nouvelle construction<\/a>\n\t\t<\/span><span class=\"aioseo-breadcrumb-separator\">&raquo;<\/span><span class=\"aioseo-breadcrumb\">\n\t\t\tUn nouveau projet de gratte-ciel renforce l\u2019offre de logements pr\u00e8s de la gare\n\t\t<\/span><\/div>","aioseo_breadcrumb_json":[{"label":"Home","link":"https:\/\/www.immo-invest.ch\/fr\/"},{"label":"Projects","link":"https:\/\/www.immo-invest.ch\/fr\/categories\/projects\/"},{"label":"Nouvelle construction","link":"https:\/\/www.immo-invest.ch\/fr\/categories\/projects\/nouvelle-construction\/"},{"label":"Un nouveau projet de gratte-ciel renforce l&rsquo;offre de logements pr\u00e8s de la gare","link":"https:\/\/www.immo-invest.ch\/fr\/neues-hochhausprojekt-staerkt-wohnangebot-beim-bahnhof\/"}],"featured_image_src":"https:\/\/www.immo-invest.ch\/wp-content\/uploads\/2026\/02\/banoviag_realistic_urban_redevelopment_near_a_major_railway_s_603d1823-c7c9-4b17-a312-df06a64b6091_1-336x168.png","_links":{"self":[{"href":"https:\/\/www.immo-invest.ch\/fr\/wp-json\/wp\/v2\/posts\/149243","targetHints":{"allow":["GET"]}}],"collection":[{"href":"https:\/\/www.immo-invest.ch\/fr\/wp-json\/wp\/v2\/posts"}],"about":[{"href":"https:\/\/www.immo-invest.ch\/fr\/wp-json\/wp\/v2\/types\/post"}],"author":[{"embeddable":true,"href":"https:\/\/www.immo-invest.ch\/fr\/wp-json\/wp\/v2\/users\/2"}],"replies":[{"embeddable":true,"href":"https:\/\/www.immo-invest.ch\/fr\/wp-json\/wp\/v2\/comments?post=149243"}],"version-history":[{"count":2,"href":"https:\/\/www.immo-invest.ch\/fr\/wp-json\/wp\/v2\/posts\/149243\/revisions"}],"predecessor-version":[{"id":149253,"href":"https:\/\/www.immo-invest.ch\/fr\/wp-json\/wp\/v2\/posts\/149243\/revisions\/149253"}],"wp:featuredmedia":[{"embeddable":true,"href":"https:\/\/www.immo-invest.ch\/fr\/wp-json\/wp\/v2\/media\/149245"}],"wp:attachment":[{"href":"https:\/\/www.immo-invest.ch\/fr\/wp-json\/wp\/v2\/media?parent=149243"}],"wp:term":[{"taxonomy":"category","embeddable":true,"href":"https:\/\/www.immo-invest.ch\/fr\/wp-json\/wp\/v2\/categories?post=149243"},{"taxonomy":"post_tag","embeddable":true,"href":"https:\/\/www.immo-invest.ch\/fr\/wp-json\/wp\/v2\/tags?post=149243"}],"curies":[{"name":"wp","href":"https:\/\/api.w.org\/{rel}","templated":true}]}}