{"id":149113,"date":"2026-02-10T10:48:59","date_gmt":"2026-02-10T09:48:59","guid":{"rendered":"https:\/\/www.immo-invest.ch\/schweizer-unternehmen-starten-optimistischer-ins-jahr\/"},"modified":"2026-02-10T11:25:31","modified_gmt":"2026-02-10T10:25:31","slug":"schweizer-unternehmen-starten-optimistischer-ins-jahr","status":"publish","type":"post","link":"https:\/\/www.immo-invest.ch\/fr\/schweizer-unternehmen-starten-optimistischer-ins-jahr\/","title":{"rendered":"Les entreprises suisses commencent l&rsquo;ann\u00e9e avec plus d&rsquo;optimisme"},"content":{"rendered":"<p class=\"wp-block-paragraph\">L&rsquo;indicateur KOF de la marche des affaires a augment&eacute; en janvier pour le deuxi&egrave;me mois cons&eacute;cutif et signale une situation de d&eacute;part nettement plus favorable qu&rsquo;il y a un an. La situation des affaires s&rsquo;est nettement am&eacute;lior&eacute;e, en particulier dans l&rsquo;industrie manufacturi&egrave;re, ce qui indique une reprise de la demande et de l&rsquo;utilisation des capacit&eacute;s.<\/p>\n\n\n\n\n\n<p class=\"wp-block-paragraph\">les services financiers et d&rsquo;assurance, le commerce de gros, l&rsquo;h&ocirc;tellerie-restauration et la construction enregistrent &eacute;galement des indicateurs de la marche des affaires en hausse, tandis que le commerce de d&eacute;tail conna&icirc;t au moins une l&eacute;g&egrave;re progression. Dans les autres services, la situation reste largement stable, seul le secteur de la conception de projets signale un l&eacute;ger ralentissement. Dans l&rsquo;ensemble, on constate donc une am&eacute;lioration largement &eacute;tay&eacute;e dans toute l&rsquo;&eacute;conomie suisse.<\/p>\n\n\n\n\n\n<p class=\"wp-block-paragraph\"><strong>l&rsquo;industrie en tant qu&rsquo;ancre du moral<br><\/strong>L&rsquo;optimisme pr&eacute;vaut dans de nombreuses branches en ce qui concerne les six prochains mois. L&rsquo;industrie manufacturi&egrave;re, en particulier, s&rsquo;attend &agrave; une nouvelle am&eacute;lioration de l&rsquo;activit&eacute; et confirme ainsi son r&ocirc;le d&rsquo;ancre du moral en d&eacute;but d&rsquo;ann&eacute;e.<\/p>\n\n\n\n\n\n<p class=\"wp-block-paragraph\">en outre, les attentes se sont &eacute;claircies dans le commerce de d&eacute;tail, la construction, les services financiers et d&rsquo;assurance ainsi que dans le domaine des projets. En revanche, l&rsquo;h&ocirc;tellerie-restauration, le commerce de gros et les autres services se montrent un peu plus r&eacute;serv&eacute;s quant aux mois &agrave; venir, tout en restant majoritairement dans un cadre d&rsquo;attentes mod&eacute;r&eacute;ment positives.<\/p>\n\n\n\n\n\n<p class=\"wp-block-paragraph\"><strong>plus de recrutements<br><\/strong>De nombreuses entreprises pr&eacute;voient d&rsquo;embaucher du personnel suppl&eacute;mentaire. C&rsquo;est particuli&egrave;rement visible dans l&rsquo;h&ocirc;tellerie-restauration, qui souhaite &eacute;toffer ses effectifs, mais qui a de plus en plus de mal &agrave; trouver des collaborateurs ad&eacute;quats.<\/p>\n\n\n\n\n\n<p class=\"wp-block-paragraph\">les secteurs de la construction et de l&rsquo;&eacute;tude de projets sont ceux qui font le plus souvent &eacute;tat d&rsquo;une p&eacute;nurie de main-d&rsquo;&oelig;uvre qualifi&eacute;e, ce qui met davantage l&rsquo;accent sur les goulets d&rsquo;&eacute;tranglement existants. Pour les cadres et les responsables RH, cela signifie que la concurrence pour la main-d&rsquo;&oelig;uvre qualifi&eacute;e continue de s&rsquo;intensifier dans plusieurs secteurs cl&eacute;s.<\/p>\n\n\n\n\n\n<p class=\"wp-block-paragraph\"><strong>une dynamique mod&eacute;r&eacute;e sans nouveaux signaux inflationnistes<br><\/strong>Malgr&eacute; l&rsquo;embellie conjoncturelle, les attentes salariales restent stables. Comme lors de l&rsquo;enqu&ecirc;te d&rsquo;octobre, les entreprises tablent en moyenne sur une hausse des salaires bruts de 1,3% pour les douze prochains mois, avec des augmentations sup&eacute;rieures &agrave; la moyenne dans l&rsquo;h&ocirc;tellerie-restauration, les projets et la construction.<\/p>\n\n\n\n\n\n<p class=\"wp-block-paragraph\">les entreprises ne s&rsquo;attendent pas non plus &agrave; un renversement de tendance pour les prix &agrave; la consommation. Le taux d&rsquo;<span class=\"glossaryLink\" aria-describedby=\"tt\" data-cmtooltip=\"&lt;div class=glossaryItemTitle&gt;Inflation&lt;\/div&gt;&lt;div class=glossaryItemBody&gt;Anstieg des Preises von G&uuml;tern und Dienstleistungen, der gleichzeitig einen Schwund der Kaufkraft verursacht&lt;\/div&gt;\" data-mobile-support=\"0\" data-gt-translate-attributes='[{\"attribute\":\"data-cmtooltip\", \"format\":\"html\"}]' tabindex=\"0\" role=\"link\">inflation<\/span> attendu est d&eacute;sormais de 0,9%, ce qui correspond pratiquement au niveau de l&rsquo;enqu&ecirc;te d&rsquo;octobre (1,0%). Pour la politique mon&eacute;taire et salariale, il en r&eacute;sulte une <span class=\"glossaryLink\"  aria-describedby=\"tt\"  data-cmtooltip=\"&lt;div class=glossaryItemTitle&gt;Image&lt;\/div&gt;&lt;div class=glossaryItemBody&gt;Individuelles Vorstellungsbild, das Dritte von einer Marke, einem Produkt oder einer Unternehmung haben. Aus Marketingsicht wird zwischen einem gegenw&auml;rtigen (Ist-Image) und einem anzustrebenden Image (Soll-Image) unterschieden&lt;\/div&gt;\"  data-mobile-support=\"0\"  data-gt-translate-attributes='[{\"attribute\":\"data-cmtooltip\", \"format\":\"html\"}]' tabindex='0' role='link'>image<\/span> d&rsquo;&eacute;volution mod&eacute;r&eacute;e et bien ancr&eacute;e des prix et des salaires.<\/p>\n\n\n\n\n\n<p class=\"wp-block-paragraph\"><strong>large base dans l&rsquo;&eacute;conomie r&eacute;elle<br><\/strong>L&rsquo;enqu&ecirc;te s&rsquo;appuie sur quelque 4500 entreprises des secteurs de l&rsquo;industrie manufacturi&egrave;re, de la construction et des services centraux, ce qui correspond &agrave; un taux de r&eacute;ponse d&rsquo;environ 56%.<\/p>\n\n\n\n\n\n<p class=\"wp-block-paragraph\">pour les cadres, l&rsquo;indicateur KOF de la marche des affaires fournit ainsi une <span class=\"glossaryLink\"  aria-describedby=\"tt\"  data-cmtooltip=\"&lt;div class=glossaryItemTitle&gt;Image&lt;\/div&gt;&lt;div class=glossaryItemBody&gt;Individuelles Vorstellungsbild, das Dritte von einer Marke, einem Produkt oder einer Unternehmung haben. Aus Marketingsicht wird zwischen einem gegenw&auml;rtigen (Ist-Image) und einem anzustrebenden Image (Soll-Image) unterschieden&lt;\/div&gt;\"  data-mobile-support=\"0\"  data-gt-translate-attributes='[{\"attribute\":\"data-cmtooltip\", \"format\":\"html\"}]' tabindex='0' role='link'>image<\/span> robuste du climat. L&rsquo;&eacute;conomie priv&eacute;e suisse aborde l&rsquo;ann&eacute;e 2026 avec une large assise, une confiance prudente et sans dynamique inflationniste apparente, tout en subissant une pression croissante sur le march&eacute; du travail dans les secteurs importants de la construction et des services.<\/p>\n\n","protected":false},"excerpt":{"rendered":"<p>La situation des affaires dans l&rsquo;\u00e9conomie priv\u00e9e suisse s&rsquo;est sensiblement am\u00e9lior\u00e9e au d\u00e9but de l&rsquo;ann\u00e9e 2026. Les entreprises sont plus confiantes pour les prochains mois qu&rsquo;elles ne l&rsquo;\u00e9taient encore d\u00e9but 2025. La reprise est surtout port\u00e9e par l&rsquo;industrie manufacturi\u00e8re, mais la construction, le secteur financier, le commerce et l&rsquo;h\u00f4tellerie-restauration annoncent \u00e9galement un climat sensiblement plus positif.<\/p>\n","protected":false},"author":2,"featured_media":149114,"comment_status":"open","ping_status":"open","sticky":false,"template":"","format":"standard","meta":{"pmpro_default_level":"","inline_featured_image":false,"_monsterinsights_skip_tracking":false,"footnotes":""},"categories":[9430,22696,55961,743,22357,22438],"tags":[22072,41302,872,3931,4553,2002],"class_list":["post-149113","post","type-post","status-publish","format-standard","has-post-thumbnail","hentry","category-business-fr","category-entreprise","category-evaluations-analyses-de-marche","category-immonews-fr","category-industrie-du-batiment","category-trends-fr","tag-fachkraeftemangel-fr","tag-geschaeftslage-fr","tag-immoinvest-fr","tag-immonews-fr","tag-konjunktur-fr","tag-news-fr","pmpro-has-access"],"acf":{"bild_mit_ki_erstellt_worden":"","lead":"La situation des affaires dans l'\u00e9conomie priv\u00e9e suisse s'est sensiblement am\u00e9lior\u00e9e au d\u00e9but de l'ann\u00e9e 2026. Les entreprises sont plus confiantes pour les prochains mois qu'elles ne l'\u00e9taient encore d\u00e9but 2025. La reprise est surtout port\u00e9e par l'industrie manufacturi\u00e8re, mais la construction, le secteur financier, le commerce et l'h\u00f4tellerie-restauration annoncent \u00e9galement un climat sensiblement plus positif.","autor":"Quelle: KOF","ort":"","bildunterschrift":"","bild_im_grid":false,"gallerie":"","newsim":""},"aioseo_notices":[],"aioseo_head":"\n\t\t<!-- All in One SEO 5.0.1.1 - aioseo.com -->\n\t<meta name=\"description\" content=\"La situation des affaires dans l&#039;\u00e9conomie priv\u00e9e suisse s&#039;est sensiblement am\u00e9lior\u00e9e au d\u00e9but de l&#039;ann\u00e9e 2026. Les entreprises sont plus confiantes pour les prochains mois qu&#039;elles ne l&#039;\u00e9taient encore d\u00e9but 2025. La reprise est surtout port\u00e9e par l&#039;industrie manufacturi\u00e8re, mais la construction, le secteur financier, le commerce et l&#039;h\u00f4tellerie-restauration annoncent \u00e9galement un climat sensiblement plus positif.\" \/>\n\t<meta name=\"robots\" content=\"max-image-preview:large\" \/>\n\t<meta name=\"author\" content=\"immovestuser\"\/>\n\t<meta name=\"google-site-verification\" content=\"fHJKvgWpZCR2zVBHWfkQeFXC11qieUSff0HGNYfuyLA\" \/>\n\t<link rel=\"canonical\" href=\"https:\/\/www.immo-invest.ch\/fr\/schweizer-unternehmen-starten-optimistischer-ins-jahr\/\" \/>\n\t<meta name=\"generator\" content=\"All in One SEO (AIOSEO) 5.0.1.1\" \/>\n\t\t<meta property=\"og:locale\" content=\"fr_FR\" \/>\n\t\t<meta property=\"og:site_name\" content=\"immo!nvest - Die Plattform f\u00fcr Standorte und Immobilien - Die\u00a0Plattform f\u00fcr Standorte und Immobilien\" \/>\n\t\t<meta property=\"og:type\" content=\"article\" \/>\n\t\t<meta property=\"og:title\" content=\"Les entreprises suisses commencent l\u2019ann\u00e9e avec plus d\u2019optimisme - immo!nvest - Die Plattform f\u00fcr Standorte und Immobilien\" \/>\n\t\t<meta property=\"og:description\" content=\"La situation des affaires dans l&#039;\u00e9conomie priv\u00e9e suisse s&#039;est sensiblement am\u00e9lior\u00e9e au d\u00e9but de l&#039;ann\u00e9e 2026. Les entreprises sont plus confiantes pour les prochains mois qu&#039;elles ne l&#039;\u00e9taient encore d\u00e9but 2025. La reprise est surtout port\u00e9e par l&#039;industrie manufacturi\u00e8re, mais la construction, le secteur financier, le commerce et l&#039;h\u00f4tellerie-restauration annoncent \u00e9galement un climat sensiblement plus positif.\" \/>\n\t\t<meta property=\"og:url\" content=\"https:\/\/www.immo-invest.ch\/fr\/schweizer-unternehmen-starten-optimistischer-ins-jahr\/\" \/>\n\t\t<meta property=\"og:image\" content=\"https:\/\/www.immo-invest.ch\/wp-content\/uploads\/2026\/02\/KOF-Geschaeftlageindikator_16x9.jpg\" \/>\n\t\t<meta property=\"og:image:secure_url\" content=\"https:\/\/www.immo-invest.ch\/wp-content\/uploads\/2026\/02\/KOF-Geschaeftlageindikator_16x9.jpg\" \/>\n\t\t<meta property=\"og:image:width\" content=\"1209\" \/>\n\t\t<meta property=\"og:image:height\" content=\"680\" \/>\n\t\t<meta property=\"article:published_time\" content=\"2026-02-10T09:48:59+00:00\" \/>\n\t\t<meta property=\"article:modified_time\" content=\"2026-02-10T10:25:31+00:00\" \/>\n\t\t<meta property=\"article:publisher\" content=\"https:\/\/www.facebook.com\/people\/Immoinvest\/100077962920504\/\" \/>\n\t\t<meta name=\"twitter:card\" content=\"summary_large_image\" \/>\n\t\t<meta name=\"twitter:site\" content=\"@i\" \/>\n\t\t<meta name=\"twitter:title\" content=\"Les entreprises suisses commencent l\u2019ann\u00e9e avec plus d\u2019optimisme - immo!nvest - Die Plattform f\u00fcr Standorte und Immobilien\" \/>\n\t\t<meta name=\"twitter:description\" content=\"La situation des affaires dans l&#039;\u00e9conomie priv\u00e9e suisse s&#039;est sensiblement am\u00e9lior\u00e9e au d\u00e9but de l&#039;ann\u00e9e 2026. Les entreprises sont plus confiantes pour les prochains mois qu&#039;elles ne l&#039;\u00e9taient encore d\u00e9but 2025. La reprise est surtout port\u00e9e par l&#039;industrie manufacturi\u00e8re, mais la construction, le secteur financier, le commerce et l&#039;h\u00f4tellerie-restauration annoncent \u00e9galement un climat sensiblement plus positif.\" \/>\n\t\t<meta name=\"twitter:creator\" content=\"@i\" \/>\n\t\t<meta name=\"twitter:image\" content=\"https:\/\/www.immo-invest.ch\/wp-content\/uploads\/2026\/02\/KOF-Geschaeftlageindikator_16x9.jpg\" \/>\n\t\t<script type=\"application\/ld+json\" class=\"aioseo-schema\">\n\t\t\t{\"@context\":\"https:\\\/\\\/schema.org\",\"@graph\":[{\"@type\":\"BlogPosting\",\"@id\":\"https:\\\/\\\/www.immo-invest.ch\\\/fr\\\/schweizer-unternehmen-starten-optimistischer-ins-jahr\\\/#blogposting\",\"name\":\"Les entreprises suisses commencent l\\u2019ann\\u00e9e avec plus d\\u2019optimisme - immo!nvest - Die Plattform f\\u00fcr Standorte und Immobilien\",\"headline\":\"Les entreprises suisses commencent l&rsquo;ann\\u00e9e avec plus d&rsquo;optimisme\",\"author\":{\"@id\":\"https:\\\/\\\/www.immo-invest.ch\\\/fr\\\/author\\\/immovestuser\\\/#author\"},\"publisher\":{\"@id\":\"https:\\\/\\\/www.immo-invest.ch\\\/fr\\\/#organization\"},\"image\":{\"@type\":\"ImageObject\",\"url\":\"https:\\\/\\\/www.immo-invest.ch\\\/wp-content\\\/uploads\\\/2026\\\/02\\\/KOF-Geschaeftlageindikator_16x9.jpg\",\"width\":1209,\"height\":680},\"datePublished\":\"2026-02-10T10:48:59+01:00\",\"dateModified\":\"2026-02-10T11:25:31+01:00\",\"inLanguage\":\"fr-FR\",\"mainEntityOfPage\":{\"@id\":\"https:\\\/\\\/www.immo-invest.ch\\\/fr\\\/schweizer-unternehmen-starten-optimistischer-ins-jahr\\\/#webpage\"},\"isPartOf\":{\"@id\":\"https:\\\/\\\/www.immo-invest.ch\\\/fr\\\/schweizer-unternehmen-starten-optimistischer-ins-jahr\\\/#webpage\"},\"articleSection\":\"Business, Entreprise, \\u00c9valuations &amp; analyses de march\\u00e9, immoNews, Industrie du b\\u00e2timent, Trends, Fachkr\\u00e4ftemangel, Gesch\\u00e4ftslage, Immoinvest, immoNews, Konjunktur, News, Facultatif\"},{\"@type\":\"BreadcrumbList\",\"@id\":\"https:\\\/\\\/www.immo-invest.ch\\\/fr\\\/schweizer-unternehmen-starten-optimistischer-ins-jahr\\\/#breadcrumblist\",\"itemListElement\":[{\"@type\":\"ListItem\",\"@id\":\"https:\\\/\\\/www.immo-invest.ch\\\/fr\\\/#listItem\",\"position\":1,\"name\":\"Home\",\"item\":\"https:\\\/\\\/www.immo-invest.ch\\\/fr\\\/\",\"nextItem\":{\"@type\":\"ListItem\",\"@id\":\"https:\\\/\\\/www.immo-invest.ch\\\/fr\\\/categories\\\/trends-fr\\\/#listItem\",\"name\":\"Trends\"}},{\"@type\":\"ListItem\",\"@id\":\"https:\\\/\\\/www.immo-invest.ch\\\/fr\\\/categories\\\/trends-fr\\\/#listItem\",\"position\":2,\"name\":\"Trends\",\"item\":\"https:\\\/\\\/www.immo-invest.ch\\\/fr\\\/categories\\\/trends-fr\\\/\",\"nextItem\":{\"@type\":\"ListItem\",\"@id\":\"https:\\\/\\\/www.immo-invest.ch\\\/fr\\\/categories\\\/trends-fr\\\/industrie-du-batiment\\\/#listItem\",\"name\":\"Industrie du b\\u00e2timent\"},\"previousItem\":{\"@type\":\"ListItem\",\"@id\":\"https:\\\/\\\/www.immo-invest.ch\\\/fr\\\/#listItem\",\"name\":\"Home\"}},{\"@type\":\"ListItem\",\"@id\":\"https:\\\/\\\/www.immo-invest.ch\\\/fr\\\/categories\\\/trends-fr\\\/industrie-du-batiment\\\/#listItem\",\"position\":3,\"name\":\"Industrie du b\\u00e2timent\",\"item\":\"https:\\\/\\\/www.immo-invest.ch\\\/fr\\\/categories\\\/trends-fr\\\/industrie-du-batiment\\\/\",\"nextItem\":{\"@type\":\"ListItem\",\"@id\":\"https:\\\/\\\/www.immo-invest.ch\\\/fr\\\/schweizer-unternehmen-starten-optimistischer-ins-jahr\\\/#listItem\",\"name\":\"Les entreprises suisses commencent l&rsquo;ann\\u00e9e avec plus d&rsquo;optimisme\"},\"previousItem\":{\"@type\":\"ListItem\",\"@id\":\"https:\\\/\\\/www.immo-invest.ch\\\/fr\\\/categories\\\/trends-fr\\\/#listItem\",\"name\":\"Trends\"}},{\"@type\":\"ListItem\",\"@id\":\"https:\\\/\\\/www.immo-invest.ch\\\/fr\\\/schweizer-unternehmen-starten-optimistischer-ins-jahr\\\/#listItem\",\"position\":4,\"name\":\"Les entreprises suisses commencent l&rsquo;ann\\u00e9e avec plus d&rsquo;optimisme\",\"previousItem\":{\"@type\":\"ListItem\",\"@id\":\"https:\\\/\\\/www.immo-invest.ch\\\/fr\\\/categories\\\/trends-fr\\\/industrie-du-batiment\\\/#listItem\",\"name\":\"Industrie du b\\u00e2timent\"}}]},{\"@type\":\"Organization\",\"@id\":\"https:\\\/\\\/www.immo-invest.ch\\\/fr\\\/#organization\",\"name\":\"immo!nvest - Die Plattform f\\u00fcr Standorte und Immobilien\",\"description\":\"Die\\u00a0Plattform f\\u00fcr Standorte und Immobilien\",\"url\":\"https:\\\/\\\/www.immo-invest.ch\\\/fr\\\/\",\"email\":\"admin@immomedia.ag\",\"telephone\":\"+41444420002\",\"logo\":{\"@type\":\"ImageObject\",\"url\":\"https:\\\/\\\/www.immo-invest.ch\\\/wp-content\\\/uploads\\\/2024\\\/09\\\/immoinvest_sm-scaled.jpg\",\"@id\":\"https:\\\/\\\/www.immo-invest.ch\\\/fr\\\/schweizer-unternehmen-starten-optimistischer-ins-jahr\\\/#organizationLogo\",\"width\":2560,\"height\":1340},\"image\":{\"@id\":\"https:\\\/\\\/www.immo-invest.ch\\\/fr\\\/schweizer-unternehmen-starten-optimistischer-ins-jahr\\\/#organizationLogo\"},\"sameAs\":[\"https:\\\/\\\/www.facebook.com\\\/people\\\/Immoinvest\\\/100077962920504\\\/\",\"https:\\\/\\\/x.com\\\/i\\\/flow\\\/login?redirect_after_login=immoinvest_ch\",\"https:\\\/\\\/www.instagram.com\\\/immoinvest_ch\\\/\",\"https:\\\/\\\/www.linkedin.com\\\/company\\\/immoinvest-swiss\"]},{\"@type\":\"Person\",\"@id\":\"https:\\\/\\\/www.immo-invest.ch\\\/fr\\\/author\\\/immovestuser\\\/#author\",\"url\":\"https:\\\/\\\/www.immo-invest.ch\\\/fr\\\/author\\\/immovestuser\\\/\",\"name\":\"immovestuser\",\"image\":{\"@type\":\"ImageObject\",\"@id\":\"https:\\\/\\\/www.immo-invest.ch\\\/fr\\\/schweizer-unternehmen-starten-optimistischer-ins-jahr\\\/#authorImage\",\"url\":\"https:\\\/\\\/secure.gravatar.com\\\/avatar\\\/8e01f4d99f2eeea7a362ebb93305e1172a70e9293ba250f897a65c39f54cdd1e?s=96&d=mm&r=g\",\"width\":96,\"height\":96,\"caption\":\"immovestuser\"}},{\"@type\":\"WebPage\",\"@id\":\"https:\\\/\\\/www.immo-invest.ch\\\/fr\\\/schweizer-unternehmen-starten-optimistischer-ins-jahr\\\/#webpage\",\"url\":\"https:\\\/\\\/www.immo-invest.ch\\\/fr\\\/schweizer-unternehmen-starten-optimistischer-ins-jahr\\\/\",\"name\":\"Les entreprises suisses commencent l\\u2019ann\\u00e9e avec plus d\\u2019optimisme - immo!nvest - Die Plattform f\\u00fcr Standorte und Immobilien\",\"description\":\"La situation des affaires dans l'\\u00e9conomie priv\\u00e9e suisse s'est sensiblement am\\u00e9lior\\u00e9e au d\\u00e9but de l'ann\\u00e9e 2026. Les entreprises sont plus confiantes pour les prochains mois qu'elles ne l'\\u00e9taient encore d\\u00e9but 2025. La reprise est surtout port\\u00e9e par l'industrie manufacturi\\u00e8re, mais la construction, le secteur financier, le commerce et l'h\\u00f4tellerie-restauration annoncent \\u00e9galement un climat sensiblement plus positif.\",\"inLanguage\":\"fr-FR\",\"isPartOf\":{\"@id\":\"https:\\\/\\\/www.immo-invest.ch\\\/fr\\\/#website\"},\"breadcrumb\":{\"@id\":\"https:\\\/\\\/www.immo-invest.ch\\\/fr\\\/schweizer-unternehmen-starten-optimistischer-ins-jahr\\\/#breadcrumblist\"},\"author\":{\"@id\":\"https:\\\/\\\/www.immo-invest.ch\\\/fr\\\/author\\\/immovestuser\\\/#author\"},\"creator\":{\"@id\":\"https:\\\/\\\/www.immo-invest.ch\\\/fr\\\/author\\\/immovestuser\\\/#author\"},\"image\":{\"@type\":\"ImageObject\",\"url\":\"https:\\\/\\\/www.immo-invest.ch\\\/wp-content\\\/uploads\\\/2026\\\/02\\\/KOF-Geschaeftlageindikator_16x9.jpg\",\"@id\":\"https:\\\/\\\/www.immo-invest.ch\\\/fr\\\/schweizer-unternehmen-starten-optimistischer-ins-jahr\\\/#mainImage\",\"width\":1209,\"height\":680},\"primaryImageOfPage\":{\"@id\":\"https:\\\/\\\/www.immo-invest.ch\\\/fr\\\/schweizer-unternehmen-starten-optimistischer-ins-jahr\\\/#mainImage\"},\"datePublished\":\"2026-02-10T10:48:59+01:00\",\"dateModified\":\"2026-02-10T11:25:31+01:00\"},{\"@type\":\"WebSite\",\"@id\":\"https:\\\/\\\/www.immo-invest.ch\\\/fr\\\/#website\",\"url\":\"https:\\\/\\\/www.immo-invest.ch\\\/fr\\\/\",\"name\":\"immo!nvest - Die Plattform f\\u00fcr Standorte und Immobilien\",\"description\":\"Die\\u00a0Plattform f\\u00fcr Standorte und Immobilien\",\"inLanguage\":\"fr-FR\",\"publisher\":{\"@id\":\"https:\\\/\\\/www.immo-invest.ch\\\/fr\\\/#organization\"}}]}\n\t\t<\/script>\n\t\t<!-- All in One SEO -->\n\n","aioseo_head_json":{"title":"Les entreprises suisses commencent l\u2019ann\u00e9e avec plus d\u2019optimisme - immo!nvest - Die Plattform f\u00fcr Standorte und Immobilien","description":"La situation des affaires dans l'\u00e9conomie priv\u00e9e suisse s'est sensiblement am\u00e9lior\u00e9e au d\u00e9but de l'ann\u00e9e 2026. Les entreprises sont plus confiantes pour les prochains mois qu'elles ne l'\u00e9taient encore d\u00e9but 2025. La reprise est surtout port\u00e9e par l'industrie manufacturi\u00e8re, mais la construction, le secteur financier, le commerce et l'h\u00f4tellerie-restauration annoncent \u00e9galement un climat sensiblement plus positif.","canonical_url":"https:\/\/www.immo-invest.ch\/fr\/schweizer-unternehmen-starten-optimistischer-ins-jahr\/","robots":"max-image-preview:large","keywords":"","webmasterTools":{"google-site-verification":"fHJKvgWpZCR2zVBHWfkQeFXC11qieUSff0HGNYfuyLA","miscellaneous":""},"schema":{"@context":"https:\/\/schema.org","@graph":[{"@type":"BlogPosting","@id":"https:\/\/www.immo-invest.ch\/fr\/schweizer-unternehmen-starten-optimistischer-ins-jahr\/#blogposting","name":"Les entreprises suisses commencent l\u2019ann\u00e9e avec plus d\u2019optimisme - immo!nvest - Die Plattform f\u00fcr Standorte und Immobilien","headline":"Les entreprises suisses commencent l&rsquo;ann\u00e9e avec plus d&rsquo;optimisme","author":{"@id":"https:\/\/www.immo-invest.ch\/fr\/author\/immovestuser\/#author"},"publisher":{"@id":"https:\/\/www.immo-invest.ch\/fr\/#organization"},"image":{"@type":"ImageObject","url":"https:\/\/www.immo-invest.ch\/wp-content\/uploads\/2026\/02\/KOF-Geschaeftlageindikator_16x9.jpg","width":1209,"height":680},"datePublished":"2026-02-10T10:48:59+01:00","dateModified":"2026-02-10T11:25:31+01:00","inLanguage":"fr-FR","mainEntityOfPage":{"@id":"https:\/\/www.immo-invest.ch\/fr\/schweizer-unternehmen-starten-optimistischer-ins-jahr\/#webpage"},"isPartOf":{"@id":"https:\/\/www.immo-invest.ch\/fr\/schweizer-unternehmen-starten-optimistischer-ins-jahr\/#webpage"},"articleSection":"Business, Entreprise, \u00c9valuations &amp; analyses de march\u00e9, immoNews, Industrie du b\u00e2timent, Trends, Fachkr\u00e4ftemangel, Gesch\u00e4ftslage, Immoinvest, immoNews, Konjunktur, News, Facultatif"},{"@type":"BreadcrumbList","@id":"https:\/\/www.immo-invest.ch\/fr\/schweizer-unternehmen-starten-optimistischer-ins-jahr\/#breadcrumblist","itemListElement":[{"@type":"ListItem","@id":"https:\/\/www.immo-invest.ch\/fr\/#listItem","position":1,"name":"Home","item":"https:\/\/www.immo-invest.ch\/fr\/","nextItem":{"@type":"ListItem","@id":"https:\/\/www.immo-invest.ch\/fr\/categories\/trends-fr\/#listItem","name":"Trends"}},{"@type":"ListItem","@id":"https:\/\/www.immo-invest.ch\/fr\/categories\/trends-fr\/#listItem","position":2,"name":"Trends","item":"https:\/\/www.immo-invest.ch\/fr\/categories\/trends-fr\/","nextItem":{"@type":"ListItem","@id":"https:\/\/www.immo-invest.ch\/fr\/categories\/trends-fr\/industrie-du-batiment\/#listItem","name":"Industrie du b\u00e2timent"},"previousItem":{"@type":"ListItem","@id":"https:\/\/www.immo-invest.ch\/fr\/#listItem","name":"Home"}},{"@type":"ListItem","@id":"https:\/\/www.immo-invest.ch\/fr\/categories\/trends-fr\/industrie-du-batiment\/#listItem","position":3,"name":"Industrie du b\u00e2timent","item":"https:\/\/www.immo-invest.ch\/fr\/categories\/trends-fr\/industrie-du-batiment\/","nextItem":{"@type":"ListItem","@id":"https:\/\/www.immo-invest.ch\/fr\/schweizer-unternehmen-starten-optimistischer-ins-jahr\/#listItem","name":"Les entreprises suisses commencent l&rsquo;ann\u00e9e avec plus d&rsquo;optimisme"},"previousItem":{"@type":"ListItem","@id":"https:\/\/www.immo-invest.ch\/fr\/categories\/trends-fr\/#listItem","name":"Trends"}},{"@type":"ListItem","@id":"https:\/\/www.immo-invest.ch\/fr\/schweizer-unternehmen-starten-optimistischer-ins-jahr\/#listItem","position":4,"name":"Les entreprises suisses commencent l&rsquo;ann\u00e9e avec plus d&rsquo;optimisme","previousItem":{"@type":"ListItem","@id":"https:\/\/www.immo-invest.ch\/fr\/categories\/trends-fr\/industrie-du-batiment\/#listItem","name":"Industrie du b\u00e2timent"}}]},{"@type":"Organization","@id":"https:\/\/www.immo-invest.ch\/fr\/#organization","name":"immo!nvest - Die Plattform f\u00fcr Standorte und Immobilien","description":"Die\u00a0Plattform f\u00fcr Standorte und Immobilien","url":"https:\/\/www.immo-invest.ch\/fr\/","email":"admin@immomedia.ag","telephone":"+41444420002","logo":{"@type":"ImageObject","url":"https:\/\/www.immo-invest.ch\/wp-content\/uploads\/2024\/09\/immoinvest_sm-scaled.jpg","@id":"https:\/\/www.immo-invest.ch\/fr\/schweizer-unternehmen-starten-optimistischer-ins-jahr\/#organizationLogo","width":2560,"height":1340},"image":{"@id":"https:\/\/www.immo-invest.ch\/fr\/schweizer-unternehmen-starten-optimistischer-ins-jahr\/#organizationLogo"},"sameAs":["https:\/\/www.facebook.com\/people\/Immoinvest\/100077962920504\/","https:\/\/x.com\/i\/flow\/login?redirect_after_login=immoinvest_ch","https:\/\/www.instagram.com\/immoinvest_ch\/","https:\/\/www.linkedin.com\/company\/immoinvest-swiss"]},{"@type":"Person","@id":"https:\/\/www.immo-invest.ch\/fr\/author\/immovestuser\/#author","url":"https:\/\/www.immo-invest.ch\/fr\/author\/immovestuser\/","name":"immovestuser","image":{"@type":"ImageObject","@id":"https:\/\/www.immo-invest.ch\/fr\/schweizer-unternehmen-starten-optimistischer-ins-jahr\/#authorImage","url":"https:\/\/secure.gravatar.com\/avatar\/8e01f4d99f2eeea7a362ebb93305e1172a70e9293ba250f897a65c39f54cdd1e?s=96&d=mm&r=g","width":96,"height":96,"caption":"immovestuser"}},{"@type":"WebPage","@id":"https:\/\/www.immo-invest.ch\/fr\/schweizer-unternehmen-starten-optimistischer-ins-jahr\/#webpage","url":"https:\/\/www.immo-invest.ch\/fr\/schweizer-unternehmen-starten-optimistischer-ins-jahr\/","name":"Les entreprises suisses commencent l\u2019ann\u00e9e avec plus d\u2019optimisme - immo!nvest - Die Plattform f\u00fcr Standorte und Immobilien","description":"La situation des affaires dans l'\u00e9conomie priv\u00e9e suisse s'est sensiblement am\u00e9lior\u00e9e au d\u00e9but de l'ann\u00e9e 2026. Les entreprises sont plus confiantes pour les prochains mois qu'elles ne l'\u00e9taient encore d\u00e9but 2025. La reprise est surtout port\u00e9e par l'industrie manufacturi\u00e8re, mais la construction, le secteur financier, le commerce et l'h\u00f4tellerie-restauration annoncent \u00e9galement un climat sensiblement plus positif.","inLanguage":"fr-FR","isPartOf":{"@id":"https:\/\/www.immo-invest.ch\/fr\/#website"},"breadcrumb":{"@id":"https:\/\/www.immo-invest.ch\/fr\/schweizer-unternehmen-starten-optimistischer-ins-jahr\/#breadcrumblist"},"author":{"@id":"https:\/\/www.immo-invest.ch\/fr\/author\/immovestuser\/#author"},"creator":{"@id":"https:\/\/www.immo-invest.ch\/fr\/author\/immovestuser\/#author"},"image":{"@type":"ImageObject","url":"https:\/\/www.immo-invest.ch\/wp-content\/uploads\/2026\/02\/KOF-Geschaeftlageindikator_16x9.jpg","@id":"https:\/\/www.immo-invest.ch\/fr\/schweizer-unternehmen-starten-optimistischer-ins-jahr\/#mainImage","width":1209,"height":680},"primaryImageOfPage":{"@id":"https:\/\/www.immo-invest.ch\/fr\/schweizer-unternehmen-starten-optimistischer-ins-jahr\/#mainImage"},"datePublished":"2026-02-10T10:48:59+01:00","dateModified":"2026-02-10T11:25:31+01:00"},{"@type":"WebSite","@id":"https:\/\/www.immo-invest.ch\/fr\/#website","url":"https:\/\/www.immo-invest.ch\/fr\/","name":"immo!nvest - Die Plattform f\u00fcr Standorte und Immobilien","description":"Die\u00a0Plattform f\u00fcr Standorte und Immobilien","inLanguage":"fr-FR","publisher":{"@id":"https:\/\/www.immo-invest.ch\/fr\/#organization"}}]},"og:locale":"fr_FR","og:site_name":"immo!nvest - Die Plattform f\u00fcr Standorte und Immobilien - Die\u00a0Plattform f\u00fcr Standorte und Immobilien","og:type":"article","og:title":"Les entreprises suisses commencent l\u2019ann\u00e9e avec plus d\u2019optimisme - immo!nvest - Die Plattform f\u00fcr Standorte und Immobilien","og:description":"La situation des affaires dans l'\u00e9conomie priv\u00e9e suisse s'est sensiblement am\u00e9lior\u00e9e au d\u00e9but de l'ann\u00e9e 2026. Les entreprises sont plus confiantes pour les prochains mois qu'elles ne l'\u00e9taient encore d\u00e9but 2025. La reprise est surtout port\u00e9e par l'industrie manufacturi\u00e8re, mais la construction, le secteur financier, le commerce et l'h\u00f4tellerie-restauration annoncent \u00e9galement un climat sensiblement plus positif.","og:url":"https:\/\/www.immo-invest.ch\/fr\/schweizer-unternehmen-starten-optimistischer-ins-jahr\/","og:image":"https:\/\/www.immo-invest.ch\/wp-content\/uploads\/2026\/02\/KOF-Geschaeftlageindikator_16x9.jpg","og:image:secure_url":"https:\/\/www.immo-invest.ch\/wp-content\/uploads\/2026\/02\/KOF-Geschaeftlageindikator_16x9.jpg","og:image:width":1209,"og:image:height":680,"article:published_time":"2026-02-10T09:48:59+00:00","article:modified_time":"2026-02-10T10:25:31+00:00","article:publisher":"https:\/\/www.facebook.com\/people\/Immoinvest\/100077962920504\/","twitter:card":"summary_large_image","twitter:site":"@i","twitter:title":"Les entreprises suisses commencent l\u2019ann\u00e9e avec plus d\u2019optimisme - immo!nvest - Die Plattform f\u00fcr Standorte und Immobilien","twitter:description":"La situation des affaires dans l'\u00e9conomie priv\u00e9e suisse s'est sensiblement am\u00e9lior\u00e9e au d\u00e9but de l'ann\u00e9e 2026. Les entreprises sont plus confiantes pour les prochains mois qu'elles ne l'\u00e9taient encore d\u00e9but 2025. La reprise est surtout port\u00e9e par l'industrie manufacturi\u00e8re, mais la construction, le secteur financier, le commerce et l'h\u00f4tellerie-restauration annoncent \u00e9galement un climat sensiblement plus positif.","twitter:creator":"@i","twitter:image":"https:\/\/www.immo-invest.ch\/wp-content\/uploads\/2026\/02\/KOF-Geschaeftlageindikator_16x9.jpg"},"aioseo_meta_data":{"post_id":"149113","title":null,"description":null,"keywords":null,"keyphrases":{"focus":{"keyphrase":"","score":0,"analysis":{"keyphraseInTitle":{"score":0,"maxScore":9,"error":1}}},"additional":[]},"primary_term":null,"canonical_url":null,"og_title":null,"og_description":null,"og_object_type":"default","og_image_type":"default","og_image_url":null,"og_image_width":null,"og_image_height":null,"og_image_custom_url":null,"og_image_custom_fields":null,"og_video":"","og_custom_url":null,"og_article_section":null,"og_article_tags":null,"twitter_use_og":false,"twitter_card":"default","twitter_image_type":"default","twitter_image_url":null,"twitter_image_custom_url":null,"twitter_image_custom_fields":null,"twitter_title":null,"twitter_description":null,"schema":{"blockGraphs":[],"customGraphs":[],"default":{"data":{"Article":[],"Course":[],"Dataset":[],"FAQPage":[],"Movie":[],"Person":[],"Product":[],"ProductReview":[],"Car":[],"Recipe":[],"Service":[],"SoftwareApplication":[],"WebPage":[]},"graphName":"BlogPosting","isEnabled":true},"graphs":[]},"schema_type":"default","schema_type_options":null,"pillar_content":false,"robots_default":true,"robots_noindex":false,"robots_noarchive":false,"robots_nosnippet":false,"robots_nofollow":false,"robots_noimageindex":false,"robots_noodp":false,"robots_notranslate":false,"robots_max_snippet":"-1","robots_max_videopreview":"-1","robots_max_imagepreview":"large","priority":null,"frequency":"default","local_seo":null,"breadcrumb_settings":null,"limit_modified_date":false,"ai":{"faqs":[],"keyPoints":[],"titles":[],"descriptions":[],"socialPosts":{"email":[],"linkedin":[],"twitter":[],"facebook":[],"instagram":[]}},"created":"2026-02-10 10:22:22","updated":"2026-02-10 10:26:43","seo_analyzer_scan_date":null,"focus_keyword":null,"additional_keywords":null,"truseo_locale":null},"aioseo_breadcrumb":"<div class=\"aioseo-breadcrumbs\"><span class=\"aioseo-breadcrumb\">\n\t\t\t<a href=\"https:\/\/www.immo-invest.ch\/fr\/\" title=\"Home\">Home<\/a>\n\t\t<\/span><span class=\"aioseo-breadcrumb-separator\">&raquo;<\/span><span class=\"aioseo-breadcrumb\">\n\t\t\t<a href=\"https:\/\/www.immo-invest.ch\/fr\/categories\/trends-fr\/\" title=\"Trends\">Trends<\/a>\n\t\t<\/span><span class=\"aioseo-breadcrumb-separator\">&raquo;<\/span><span class=\"aioseo-breadcrumb\">\n\t\t\t<a href=\"https:\/\/www.immo-invest.ch\/fr\/categories\/trends-fr\/industrie-du-batiment\/\" title=\"Industrie du b\u00e2timent\">Industrie du b\u00e2timent<\/a>\n\t\t<\/span><span class=\"aioseo-breadcrumb-separator\">&raquo;<\/span><span class=\"aioseo-breadcrumb\">\n\t\t\tLes entreprises suisses commencent l\u2019ann\u00e9e avec plus d\u2019optimisme\n\t\t<\/span><\/div>","aioseo_breadcrumb_json":[{"label":"Home","link":"https:\/\/www.immo-invest.ch\/fr\/"},{"label":"Trends","link":"https:\/\/www.immo-invest.ch\/fr\/categories\/trends-fr\/"},{"label":"Industrie du b\u00e2timent","link":"https:\/\/www.immo-invest.ch\/fr\/categories\/trends-fr\/industrie-du-batiment\/"},{"label":"Les entreprises suisses commencent l&rsquo;ann\u00e9e avec plus d&rsquo;optimisme","link":"https:\/\/www.immo-invest.ch\/fr\/schweizer-unternehmen-starten-optimistischer-ins-jahr\/"}],"featured_image_src":"https:\/\/www.immo-invest.ch\/wp-content\/uploads\/2026\/02\/KOF-Geschaeftlageindikator_16x9-336x168.jpg","_links":{"self":[{"href":"https:\/\/www.immo-invest.ch\/fr\/wp-json\/wp\/v2\/posts\/149113","targetHints":{"allow":["GET"]}}],"collection":[{"href":"https:\/\/www.immo-invest.ch\/fr\/wp-json\/wp\/v2\/posts"}],"about":[{"href":"https:\/\/www.immo-invest.ch\/fr\/wp-json\/wp\/v2\/types\/post"}],"author":[{"embeddable":true,"href":"https:\/\/www.immo-invest.ch\/fr\/wp-json\/wp\/v2\/users\/2"}],"replies":[{"embeddable":true,"href":"https:\/\/www.immo-invest.ch\/fr\/wp-json\/wp\/v2\/comments?post=149113"}],"version-history":[{"count":2,"href":"https:\/\/www.immo-invest.ch\/fr\/wp-json\/wp\/v2\/posts\/149113\/revisions"}],"predecessor-version":[{"id":149124,"href":"https:\/\/www.immo-invest.ch\/fr\/wp-json\/wp\/v2\/posts\/149113\/revisions\/149124"}],"wp:featuredmedia":[{"embeddable":true,"href":"https:\/\/www.immo-invest.ch\/fr\/wp-json\/wp\/v2\/media\/149114"}],"wp:attachment":[{"href":"https:\/\/www.immo-invest.ch\/fr\/wp-json\/wp\/v2\/media?parent=149113"}],"wp:term":[{"taxonomy":"category","embeddable":true,"href":"https:\/\/www.immo-invest.ch\/fr\/wp-json\/wp\/v2\/categories?post=149113"},{"taxonomy":"post_tag","embeddable":true,"href":"https:\/\/www.immo-invest.ch\/fr\/wp-json\/wp\/v2\/tags?post=149113"}],"curies":[{"name":"wp","href":"https:\/\/api.w.org\/{rel}","templated":true}]}}