{"id":149082,"date":"2026-02-10T09:29:31","date_gmt":"2026-02-10T08:29:31","guid":{"rendered":"https:\/\/www.immo-invest.ch\/group-of-15-gemeinsames-plaedoyer-fuer-eine-geeinte-immobilienwirtschaft\/"},"modified":"2026-02-10T09:51:12","modified_gmt":"2026-02-10T08:51:12","slug":"group-of-15-gemeinsames-plaedoyer-fuer-eine-geeinte-immobilienwirtschaft","status":"publish","type":"post","link":"https:\/\/www.immo-invest.ch\/fr\/group-of-15-gemeinsames-plaedoyer-fuer-eine-geeinte-immobilienwirtschaft\/","title":{"rendered":"Group of 15 : Plaidoyer commun pour un secteur immobilier unifi\u00e9"},"content":{"rendered":"<p class=\"wp-block-paragraph\">Le secteur immobilier suisse est parfois observ&eacute; d&rsquo;un &oelig;il suspicieux &ndash; surtout lorsqu&rsquo;il s&rsquo;agit de savoir ce qu&rsquo;il en est du march&eacute; du logement. Y a-t-il suffisamment de logements dans les endroits centraux ? Pourquoi les loyers augmentent-ils fortement et constamment dans les r&eacute;gions m&eacute;tropolitaines ? Quelle est l&rsquo;influence des communes, des cantons et de la Berne f&eacute;d&eacute;rale sur les activit&eacute;s du secteur immobilier institutionnel ? Et quelle est la voix du secteur dans tout le pays ?<\/p>\n\n\n\n\n\n<p class=\"wp-block-paragraph\">Le secteur immobilier professionnel, institutionnel et commercial, est sans aucun doute sous surveillance. Elle se trouve incontestablement dans un grand champ de tensions : entre une r&eacute;glementation croissante, des changements sociaux simultan&eacute;s et, en de nombreux endroits, un appel &agrave; l&rsquo;<span class=\"glossaryLink\" aria-describedby=\"tt\" data-cmtooltip=\"&lt;div class=glossaryItemTitle&gt;Innovation&lt;\/div&gt;&lt;div class=glossaryItemBody&gt;Innovation in der heutigen Immobilienwelt bedeutet vor allem Digitalisierung von Prozessen. Zum Beispiel das Eliminieren von Tausenden von Excel-Bl&auml;ttern f&uuml;r Portfolio- und Asset-Manager oder das Erstellen einer Anwendung (App) f&uuml;r alle Formalit&auml;ten rund um die Beziehung zwischen Immobilieneigent&uuml;mern, - verwaltung und -mietern.&lt;\/div&gt;\" data-mobile-support=\"0\" data-gt-translate-attributes='[{\"attribute\":\"data-cmtooltip\", \"format\":\"html\"}]' tabindex=\"0\" role=\"link\">innovation<\/span>, au renouvellement et &agrave; la justice. Les t&ecirc;tes pensantes et les planificateurs du 25e symposium du Group of 15, le groupe de r&eacute;flexion de l&rsquo;&eacute;conomie immobili&egrave;re suisse fond&eacute; en 2001, ont pos&eacute; en amont de l&rsquo;&eacute;v&eacute;nement les questions auxquelles il fallait r&eacute;pondre : que signifie la p&eacute;rennit&eacute; dans un march&eacute; qui fait l&rsquo;objet d&rsquo;une controverse croissante ? Comment concilier les incitations &eacute;conomiques avec la responsabilit&eacute; sociale et le d&eacute;veloppement urbain durable ? Et : quelle est l&rsquo;intervention de l&rsquo;&Eacute;tat n&eacute;cessaire &ndash; ou trop importante ?<\/p>\n\n\n\n\n\n<p class=\"wp-block-paragraph\"><strong>&laquo;&nbsp;Endiguer la folie des r&egrave;glements&nbsp;&raquo;<\/strong><br>Pour le professeur Christoph A. Schaltegger, n&eacute; &agrave; B&acirc;le, une chose est claire : l&rsquo;influence de l&rsquo;&Eacute;tat sur le secteur de la construction et de l&rsquo;immobilier est &eacute;norme &ndash; et doit &ecirc;tre endigu&eacute;e. Le professeur d&rsquo;&eacute;conomie politique, directeur et fondateur de l&rsquo;Institut de politique &eacute;conomique suisse (IWP) &agrave; l&rsquo;Universit&eacute; de Lucerne et ancien membre de la direction d&rsquo;economiesuisse a critiqu&eacute; Berne et ses autorit&eacute;s. Selon lui, le subventionnisme et le client&eacute;lisme &agrave; l&rsquo;&eacute;tat pur y s&eacute;vissent. &laquo;&nbsp;La Conf&eacute;d&eacute;ration est deux fois plus grande que ce qu&rsquo;implique la quote-part de l&rsquo;&Eacute;tat&nbsp;&raquo;, a-t-il d&eacute;clar&eacute; devant les quelque 300 invit&eacute;s du symposium organis&eacute; au Kunsthaus de Zurich.<\/p>\n\n\n\n\n\n<p class=\"wp-block-paragraph\">L&rsquo;Etat suisse cro&icirc;t plus de deux fois plus vite que la productivit&eacute; de l&rsquo;&eacute;conomie et accumule entre-temps &laquo;&nbsp;des dettes implicites de plus de 300 pour cent de la <span class=\"glossaryLink\" aria-describedby=\"tt\" data-cmtooltip=\"&lt;div class=glossaryItemTitle&gt;Performance&lt;\/div&gt;&lt;div class=glossaryItemBody&gt;Wertentwicklung eines Portfolios&lt;\/div&gt;\" data-mobile-support=\"0\" data-gt-translate-attributes='[{\"attribute\":\"data-cmtooltip\", \"format\":\"html\"}]' tabindex=\"0\" role=\"link\">performance<\/span> &eacute;conomique&nbsp;&raquo;, a poursuivi Schaltegger. Sa revendication : l'&nbsp;&raquo;approche Sturzenegger&nbsp;&raquo;, un nettoyage en profondeur des finances publiques &agrave; la mani&egrave;re de l&rsquo;Argentine. Parall&egrave;lement, il a plaid&eacute; pour une forte r&eacute;duction de l&rsquo;activit&eacute; de r&eacute;gulation de la Conf&eacute;d&eacute;ration. Il a fait r&eacute;f&eacute;rence &agrave; la forte augmentation du nombre d&rsquo;ordonnances et de d&eacute;crets depuis les ann&eacute;es 1970. Parmi ces d&eacute;cisions f&eacute;d&eacute;rales, beaucoup concernent bien s&ucirc;r aussi le secteur de la construction et de l&rsquo;immobilier local.<\/p>\n\n\n\n\n\n<p class=\"wp-block-paragraph\"><strong>Le rem&egrave;de de l&rsquo;intelligence artificielle ?<\/strong><br>Christian Kraft, directeur du centre de comp&eacute;tences immobili&egrave;res de la Haute &eacute;cole de Lucerne, s&rsquo;est ensuite pench&eacute; sur le th&egrave;me du (d&eacute;s)ordre dans la construction et s&rsquo;est demand&eacute; si l&rsquo;intelligence artificielle pouvait &eacute;ventuellement favoriser la s&eacute;curit&eacute; des investissements dans le &laquo;&nbsp;chaos des lois sur la construction en Suisse al&eacute;manique&nbsp;&raquo;. Sa r&eacute;ponse est clairement n&eacute;gative : l&rsquo;ins&eacute;curit&eacute; actuelle, en partie li&eacute;e &agrave; l&rsquo;emplacement, est surtout li&eacute;e &agrave; l&rsquo;allongement de la dur&eacute;e d&rsquo;autorisation des projets immobiliers au niveau du r&egrave;glement d&rsquo;urbanisme. Ainsi, entre 2011 et 2024, la dur&eacute;e moyenne d&rsquo;autorisation est pass&eacute;e de moins de 100 jours &agrave; pr&egrave;s de 200 jours en moyenne. A cela s&rsquo;ajoute le fait que ces derniers temps (depuis 2020), on constate une forte augmentation de 20 &agrave; 30 pour cent des co&ucirc;ts de planification et de construction d&rsquo;immeubles d&rsquo;habitation, selon Kraft.<\/p>\n\n\n\n\n\n<p class=\"wp-block-paragraph\"><strong>Un m&eacute;lange de quartiers r&eacute;ussi et des oppositions fatales<\/strong><br>Ensuite, le Dr Sibylle W&auml;lty, charg&eacute;e de cours &agrave; l&rsquo;EPF de Zurich et fondatrice de Resilientsy, a montr&eacute; quelles valeurs ajout&eacute;es le concept des &laquo;&nbsp;voisinages de 10 minutes&nbsp;&raquo; peut cr&eacute;er dans les plans d&rsquo;affectation. Ses recherches et ses conseils se concentrent sur un m&eacute;lange &eacute;quilibr&eacute; de population r&eacute;sidente et de population active ainsi que sur d&rsquo;autres facteurs importants pour des quartiers urbains agr&eacute;ables &agrave; vivre. Wolfgang M&uuml;ller, Partner &amp; Head <span class=\"glossaryLink\" aria-describedby=\"tt\" data-cmtooltip=\"&lt;div class=glossaryItemTitle&gt;Real Estate&lt;\/div&gt;&lt;div class=glossaryItemBody&gt;Engl. f&uuml;r Immobilien&lt;\/div&gt;\" data-mobile-support=\"0\" data-gt-translate-attributes='[{\"attribute\":\"data-cmtooltip\", \"format\":\"html\"}]' tabindex=\"0\" role=\"link\">Real Estate<\/span> de la soci&eacute;t&eacute; MLL Legal Ltd., a ensuite mis en lumi&egrave;re &laquo;&nbsp;l&rsquo;espace de contradiction&nbsp;&raquo;. Il a expliqu&eacute; o&ugrave; la jurisprudence actuelle donne la main aux opposants et aux &laquo;&nbsp;emp&ecirc;cheurs de tourner en rond&nbsp;&raquo; et quelles conclusions pourraient et devraient en &ecirc;tre tir&eacute;es par la politique et le secteur immobilier.<\/p>\n\n\n\n\n\n<p class=\"wp-block-paragraph\"><strong>D&eacute;cence et consid&eacute;ration dans la construction de logements<\/strong><br>Apr&egrave;s la pause-caf&eacute;, l&rsquo;expos&eacute; de Paolo Di Stefano, intitul&eacute; &laquo;&nbsp;Plus de libert&eacute; et de responsabilit&eacute;&nbsp;&raquo;, a expliqu&eacute; de mani&egrave;re impressionnante comment les investisseurs immobiliers peuvent passer &laquo;&nbsp;du probl&egrave;me &agrave; la perspective&nbsp;&raquo; et rendre l&rsquo;immobilier r&eacute;sidentiel &laquo;&nbsp;durable&nbsp;&raquo;. Le responsable exp&eacute;riment&eacute; de l&rsquo;immobilier en Suisse chez Swiss Life <span class=\"glossaryLink\" aria-describedby=\"tt\" data-cmtooltip=\"&lt;div class=glossaryItemTitle&gt;Asset&lt;\/div&gt;&lt;div class=glossaryItemBody&gt;Verm&ouml;genswert&lt;\/div&gt;\" data-mobile-support=\"0\" data-gt-translate-attributes='[{\"attribute\":\"data-cmtooltip\", \"format\":\"html\"}]' tabindex=\"0\" role=\"link\">Asset<\/span> Managers (avec environ 37 000 logements en portefeuille dans toute la Suisse) a notamment montr&eacute; un exemple r&eacute;ussi d&rsquo;assainissement du parc immobilier sans licenciement &agrave; la Schmiede &agrave; Zurich-Wiedikon. Il a &eacute;galement pr&eacute;sent&eacute; un grand projet de construction presque achev&eacute;, le Au-Park &agrave; W&auml;denswil, dans lequel Swiss Life <span class=\"glossaryLink\" aria-describedby=\"tt\" data-cmtooltip=\"&lt;div class=glossaryItemTitle&gt;Asset&lt;\/div&gt;&lt;div class=glossaryItemBody&gt;Verm&ouml;genswert&lt;\/div&gt;\" data-mobile-support=\"0\" data-gt-translate-attributes='[{\"attribute\":\"data-cmtooltip\", \"format\":\"html\"}]' tabindex=\"0\" role=\"link\">Asset<\/span> Managers r&eacute;alise non seulement environ 200 logements locatifs, mais aussi de nombreuses unit&eacute;s en propri&eacute;t&eacute; par &eacute;tage.<\/p>\n\n\n\n\n\n<p class=\"wp-block-paragraph\">Il a plaid&eacute; et lanc&eacute; un appel pressant aux repr&eacute;sentants du secteur immobilier lors du symposium pour qu&rsquo;ils parlent d&rsquo;une seule voix avec la politique et la population. Il a &eacute;galement fait preuve d&rsquo;autocritique en soulignant que la repr&eacute;sentation actuelle de la paysannerie au Conseil national et au Conseil des &Eacute;tats &eacute;tait bien plus importante et influente que celle du secteur de la construction et de l&rsquo;immobilier. M. Di Stefano a mis en garde contre le fait que, dans le &laquo;&nbsp;powerplay politique&nbsp;&raquo;, les investisseurs sp&eacute;culatifs dans le b&acirc;timent et les investisseurs institutionnels orient&eacute;s vers le long terme sont parfois mis dans le m&ecirc;me panier. Il s&rsquo;agit de s&rsquo;y opposer ensemble en argumentant et en montrant que &laquo;&nbsp;construire correctement signifie aussi tenir compte des autres&nbsp;&raquo;.<\/p>\n\n\n\n\n\n<p class=\"wp-block-paragraph\"><strong>&laquo;&nbsp;R&eacute;aliser simplement de bons projets convaincants&nbsp;&raquo;<\/strong><br>La grande manifestation du Group-of-15 au Kunsthaus de Zurich s&rsquo;est achev&eacute;e par un d&eacute;bat sur l&rsquo;avenir, l&eacute;g&egrave;rement piment&eacute;, men&eacute; par l&rsquo;animateur de la conf&eacute;rence Rainer Maria Salzgeber avec le conseiller national Beat Walti (PLR) et la conseill&egrave;re d&rsquo;&Eacute;tat vert lib&eacute;rale Esther Keller (canton de B&acirc;le-Ville). Ils se sont mis d&rsquo;accord sur le fait que les r&eacute;glementations dans le secteur de la construction ne devaient pas continuer &agrave; se d&eacute;velopper de mani&egrave;re sauvage et qu&rsquo;il fallait avant tout permettre une <span class=\"glossaryLink\"  aria-describedby=\"tt\"  data-cmtooltip=\"&lt;div class=glossaryItemTitle&gt;Marge&lt;\/div&gt;&lt;div class=glossaryItemBody&gt;Gewinnspanne, prozentualer Gewinn je Leistungseinheit; Handel: Handelsspanne, Differenz zwischen An- und Verkaufspreis&lt;\/div&gt;\"  data-mobile-support=\"0\"  data-gt-translate-attributes='[{\"attribute\":\"data-cmtooltip\", \"format\":\"html\"}]' tabindex='0' role='link'>marge<\/span> d&rsquo;appr&eacute;ciation dans les projets immobiliers. Tous deux ont mis en garde contre une &laquo;&nbsp;alliance politique contre nature entre la gauche et la droite&nbsp;&raquo;, qui pourrait avoir des cons&eacute;quences tout &agrave; fait contre-productives sur le secteur immobilier.<\/p>\n\n\n\n\n\n<p class=\"wp-block-paragraph\">Beat Walti, pr&eacute;sident depuis 2023 de l&rsquo;association VIS Verband Immobilien Schweiz, qui repr&eacute;sente les int&eacute;r&ecirc;ts des investisseurs institutionnels tels que les caisses de pension, les assureurs ainsi que les entreprises immobili&egrave;res priv&eacute;es dans la Berne f&eacute;d&eacute;rale, a demand&eacute; au secteur immobilier, auquel il a adress&eacute; un &laquo;&nbsp;carton jaune&nbsp;&raquo; en guise d&rsquo;avertissement, de &laquo;&nbsp;montrer ce qu&rsquo;il construit et ce qu&rsquo;il fait, afin de susciter &eacute;galement la confiance &ndash; aupr&egrave;s des politiques et de la population en g&eacute;n&eacute;ral&nbsp;&raquo;. Esther Keller, cheffe du d&eacute;partement de la construction et des transports de la ville de B&acirc;le, a abond&eacute; dans ce sens et a r&eacute;sum&eacute; bri&egrave;vement sa demande dans sa d&eacute;claration finale : &laquo;&nbsp;Faites simplement de bons projets convaincants&nbsp;&raquo;.<\/p>\n\n","protected":false},"excerpt":{"rendered":"<p>le dernier symposium du Groupe des 15, qui s&rsquo;est tenu au Kunsthaus de Zurich, avait pour titre \u00ab\u00a0Le progr\u00e8s plut\u00f4t que la prescription &#8211; d\u00e9faire les cha\u00eenes, fa\u00e7onner l&rsquo;avenir\u00a0\u00bb. La politique suisse et les acteurs responsables du secteur immobilier se sont rencontr\u00e9s et ont discut\u00e9 du statu quo tr\u00e8s controvers\u00e9 du march\u00e9 immobilier et du parc immobilier helv\u00e9tiques.<\/p>\n","protected":false},"author":2,"featured_media":149083,"comment_status":"open","ping_status":"open","sticky":false,"template":"","format":"standard","meta":{"pmpro_default_level":"","inline_featured_image":false,"_monsterinsights_skip_tracking":false,"footnotes":""},"categories":[55982,4464,22357,747,4957],"tags":[57153,872,3931,2002,4476,3539],"class_list":["post-149082","post","type-post","status-publish","format-standard","has-post-thumbnail","hentry","category-associations","category-gens","category-industrie-du-batiment","category-promo-fr","category-region-zurich","tag-immobilienpolitik","tag-immoinvest-fr","tag-immonews-fr","tag-news-fr","tag-regulierung-fr","tag-wohnungsmarkt-fr","pmpro-has-access"],"acf":{"bild_mit_ki_erstellt_worden":"","lead":"le dernier symposium du Groupe des 15, qui s'est tenu au Kunsthaus de Zurich, avait pour titre \"Le progr\u00e8s plut\u00f4t que la prescription - d\u00e9faire les cha\u00eenes, fa\u00e7onner l'avenir\". La politique suisse et les acteurs responsables du secteur immobilier se sont rencontr\u00e9s et ont discut\u00e9 du statu quo tr\u00e8s controvers\u00e9 du march\u00e9 immobilier et du parc immobilier helv\u00e9tiques.","autor":"Par Mathias Rinka, journaliste ind\u00e9pendant sp\u00e9cialis\u00e9 dans l'\u00e9conomie et l'immobilier (r\u00e9daction DOMBLICK)","ort":"","bildunterschrift":"","bild_im_grid":false,"gallerie":"","newsim":""},"aioseo_notices":[],"aioseo_head":"\n\t\t<!-- All in One SEO 5.0.0.1 - aioseo.com -->\n\t<meta name=\"description\" content=\"le dernier symposium du Groupe des 15, qui s&#039;est tenu au Kunsthaus de Zurich, avait pour titre &quot;Le progr\u00e8s plut\u00f4t que la prescription - d\u00e9faire les cha\u00eenes, fa\u00e7onner l&#039;avenir&quot;. La politique suisse et les acteurs responsables du secteur immobilier se sont rencontr\u00e9s et ont discut\u00e9 du statu quo tr\u00e8s controvers\u00e9 du march\u00e9 immobilier et du parc immobilier helv\u00e9tiques.\" \/>\n\t<meta name=\"robots\" content=\"max-image-preview:large\" \/>\n\t<meta name=\"author\" content=\"immovestuser\"\/>\n\t<meta name=\"google-site-verification\" content=\"fHJKvgWpZCR2zVBHWfkQeFXC11qieUSff0HGNYfuyLA\" \/>\n\t<link rel=\"canonical\" href=\"https:\/\/www.immo-invest.ch\/fr\/group-of-15-gemeinsames-plaedoyer-fuer-eine-geeinte-immobilienwirtschaft\/\" \/>\n\t<meta name=\"generator\" content=\"All in One SEO (AIOSEO) 5.0.0.1\" \/>\n\t\t<meta property=\"og:locale\" content=\"fr_FR\" \/>\n\t\t<meta property=\"og:site_name\" content=\"immo!nvest - Die Plattform f\u00fcr Standorte und Immobilien - Die\u00a0Plattform f\u00fcr Standorte und Immobilien\" \/>\n\t\t<meta property=\"og:type\" content=\"article\" \/>\n\t\t<meta property=\"og:title\" content=\"Group of 15 : Plaidoyer commun pour un secteur immobilier unifi\u00e9 - immo!nvest - Die Plattform f\u00fcr Standorte und Immobilien\" \/>\n\t\t<meta property=\"og:description\" content=\"le dernier symposium du Groupe des 15, qui s&#039;est tenu au Kunsthaus de Zurich, avait pour titre &quot;Le progr\u00e8s plut\u00f4t que la prescription - d\u00e9faire les cha\u00eenes, fa\u00e7onner l&#039;avenir&quot;. La politique suisse et les acteurs responsables du secteur immobilier se sont rencontr\u00e9s et ont discut\u00e9 du statu quo tr\u00e8s controvers\u00e9 du march\u00e9 immobilier et du parc immobilier helv\u00e9tiques.\" \/>\n\t\t<meta property=\"og:url\" content=\"https:\/\/www.immo-invest.ch\/fr\/group-of-15-gemeinsames-plaedoyer-fuer-eine-geeinte-immobilienwirtschaft\/\" \/>\n\t\t<meta property=\"og:image\" content=\"https:\/\/www.immo-invest.ch\/wp-content\/uploads\/2026\/02\/Gemeinsames-Plaedoyer-fuer-eine-geeinte-Immobilienwirtschaft.jpg\" \/>\n\t\t<meta property=\"og:image:secure_url\" content=\"https:\/\/www.immo-invest.ch\/wp-content\/uploads\/2026\/02\/Gemeinsames-Plaedoyer-fuer-eine-geeinte-Immobilienwirtschaft.jpg\" \/>\n\t\t<meta property=\"og:image:width\" content=\"2215\" \/>\n\t\t<meta property=\"og:image:height\" content=\"1246\" \/>\n\t\t<meta property=\"article:published_time\" content=\"2026-02-10T08:29:31+00:00\" \/>\n\t\t<meta property=\"article:modified_time\" content=\"2026-02-10T08:51:12+00:00\" \/>\n\t\t<meta property=\"article:publisher\" content=\"https:\/\/www.facebook.com\/people\/Immoinvest\/100077962920504\/\" \/>\n\t\t<meta name=\"twitter:card\" content=\"summary_large_image\" \/>\n\t\t<meta name=\"twitter:site\" content=\"@i\" \/>\n\t\t<meta name=\"twitter:title\" content=\"Group of 15 : Plaidoyer commun pour un secteur immobilier unifi\u00e9 - immo!nvest - Die Plattform f\u00fcr Standorte und Immobilien\" \/>\n\t\t<meta name=\"twitter:description\" content=\"le dernier symposium du Groupe des 15, qui s&#039;est tenu au Kunsthaus de Zurich, avait pour titre &quot;Le progr\u00e8s plut\u00f4t que la prescription - d\u00e9faire les cha\u00eenes, fa\u00e7onner l&#039;avenir&quot;. La politique suisse et les acteurs responsables du secteur immobilier se sont rencontr\u00e9s et ont discut\u00e9 du statu quo tr\u00e8s controvers\u00e9 du march\u00e9 immobilier et du parc immobilier helv\u00e9tiques.\" \/>\n\t\t<meta name=\"twitter:creator\" content=\"@i\" \/>\n\t\t<meta name=\"twitter:image\" content=\"https:\/\/www.immo-invest.ch\/wp-content\/uploads\/2026\/02\/Gemeinsames-Plaedoyer-fuer-eine-geeinte-Immobilienwirtschaft.jpg\" \/>\n\t\t<script type=\"application\/ld+json\" class=\"aioseo-schema\">\n\t\t\t{\"@context\":\"https:\\\/\\\/schema.org\",\"@graph\":[{\"@type\":\"BlogPosting\",\"@id\":\"https:\\\/\\\/www.immo-invest.ch\\\/fr\\\/group-of-15-gemeinsames-plaedoyer-fuer-eine-geeinte-immobilienwirtschaft\\\/#blogposting\",\"name\":\"Group of 15 : Plaidoyer commun pour un secteur immobilier unifi\\u00e9 - immo!nvest - Die Plattform f\\u00fcr Standorte und Immobilien\",\"headline\":\"Group of 15 : Plaidoyer commun pour un secteur immobilier unifi\\u00e9\",\"author\":{\"@id\":\"https:\\\/\\\/www.immo-invest.ch\\\/fr\\\/author\\\/immovestuser\\\/#author\"},\"publisher\":{\"@id\":\"https:\\\/\\\/www.immo-invest.ch\\\/fr\\\/#organization\"},\"image\":{\"@type\":\"ImageObject\",\"url\":\"https:\\\/\\\/www.immo-invest.ch\\\/wp-content\\\/uploads\\\/2026\\\/02\\\/Gemeinsames-Plaedoyer-fuer-eine-geeinte-Immobilienwirtschaft.jpg\",\"width\":2215,\"height\":1246},\"datePublished\":\"2026-02-10T09:29:31+01:00\",\"dateModified\":\"2026-02-10T09:51:12+01:00\",\"inLanguage\":\"fr-FR\",\"mainEntityOfPage\":{\"@id\":\"https:\\\/\\\/www.immo-invest.ch\\\/fr\\\/group-of-15-gemeinsames-plaedoyer-fuer-eine-geeinte-immobilienwirtschaft\\\/#webpage\"},\"isPartOf\":{\"@id\":\"https:\\\/\\\/www.immo-invest.ch\\\/fr\\\/group-of-15-gemeinsames-plaedoyer-fuer-eine-geeinte-immobilienwirtschaft\\\/#webpage\"},\"articleSection\":\"Associations, Gens, Industrie du b\\u00e2timent, Promo, Zurich, Immobilienpolitik, Immoinvest, immoNews, News, Regulierung, Wohnungsmarkt, Facultatif\"},{\"@type\":\"BreadcrumbList\",\"@id\":\"https:\\\/\\\/www.immo-invest.ch\\\/fr\\\/group-of-15-gemeinsames-plaedoyer-fuer-eine-geeinte-immobilienwirtschaft\\\/#breadcrumblist\",\"itemListElement\":[{\"@type\":\"ListItem\",\"@id\":\"https:\\\/\\\/www.immo-invest.ch\\\/fr\\\/#listItem\",\"position\":1,\"name\":\"Home\",\"item\":\"https:\\\/\\\/www.immo-invest.ch\\\/fr\\\/\",\"nextItem\":{\"@type\":\"ListItem\",\"@id\":\"https:\\\/\\\/www.immo-invest.ch\\\/fr\\\/categories\\\/regions\\\/#listItem\",\"name\":\"R\\u00e9gions\"}},{\"@type\":\"ListItem\",\"@id\":\"https:\\\/\\\/www.immo-invest.ch\\\/fr\\\/categories\\\/regions\\\/#listItem\",\"position\":2,\"name\":\"R\\u00e9gions\",\"item\":\"https:\\\/\\\/www.immo-invest.ch\\\/fr\\\/categories\\\/regions\\\/\",\"nextItem\":{\"@type\":\"ListItem\",\"@id\":\"https:\\\/\\\/www.immo-invest.ch\\\/fr\\\/categories\\\/regions\\\/suisse\\\/#listItem\",\"name\":\"Suisse\"},\"previousItem\":{\"@type\":\"ListItem\",\"@id\":\"https:\\\/\\\/www.immo-invest.ch\\\/fr\\\/#listItem\",\"name\":\"Home\"}},{\"@type\":\"ListItem\",\"@id\":\"https:\\\/\\\/www.immo-invest.ch\\\/fr\\\/categories\\\/regions\\\/suisse\\\/#listItem\",\"position\":3,\"name\":\"Suisse\",\"item\":\"https:\\\/\\\/www.immo-invest.ch\\\/fr\\\/categories\\\/regions\\\/suisse\\\/\",\"nextItem\":{\"@type\":\"ListItem\",\"@id\":\"https:\\\/\\\/www.immo-invest.ch\\\/fr\\\/categories\\\/regions\\\/suisse\\\/region-zurich\\\/#listItem\",\"name\":\"Zurich\"},\"previousItem\":{\"@type\":\"ListItem\",\"@id\":\"https:\\\/\\\/www.immo-invest.ch\\\/fr\\\/categories\\\/regions\\\/#listItem\",\"name\":\"R\\u00e9gions\"}},{\"@type\":\"ListItem\",\"@id\":\"https:\\\/\\\/www.immo-invest.ch\\\/fr\\\/categories\\\/regions\\\/suisse\\\/region-zurich\\\/#listItem\",\"position\":4,\"name\":\"Zurich\",\"item\":\"https:\\\/\\\/www.immo-invest.ch\\\/fr\\\/categories\\\/regions\\\/suisse\\\/region-zurich\\\/\",\"nextItem\":{\"@type\":\"ListItem\",\"@id\":\"https:\\\/\\\/www.immo-invest.ch\\\/fr\\\/group-of-15-gemeinsames-plaedoyer-fuer-eine-geeinte-immobilienwirtschaft\\\/#listItem\",\"name\":\"Group of 15 : Plaidoyer commun pour un secteur immobilier unifi\\u00e9\"},\"previousItem\":{\"@type\":\"ListItem\",\"@id\":\"https:\\\/\\\/www.immo-invest.ch\\\/fr\\\/categories\\\/regions\\\/suisse\\\/#listItem\",\"name\":\"Suisse\"}},{\"@type\":\"ListItem\",\"@id\":\"https:\\\/\\\/www.immo-invest.ch\\\/fr\\\/group-of-15-gemeinsames-plaedoyer-fuer-eine-geeinte-immobilienwirtschaft\\\/#listItem\",\"position\":5,\"name\":\"Group of 15 : Plaidoyer commun pour un secteur immobilier unifi\\u00e9\",\"previousItem\":{\"@type\":\"ListItem\",\"@id\":\"https:\\\/\\\/www.immo-invest.ch\\\/fr\\\/categories\\\/regions\\\/suisse\\\/region-zurich\\\/#listItem\",\"name\":\"Zurich\"}}]},{\"@type\":\"Organization\",\"@id\":\"https:\\\/\\\/www.immo-invest.ch\\\/fr\\\/#organization\",\"name\":\"immo!nvest - Die Plattform f\\u00fcr Standorte und Immobilien\",\"description\":\"Die\\u00a0Plattform f\\u00fcr Standorte und Immobilien\",\"url\":\"https:\\\/\\\/www.immo-invest.ch\\\/fr\\\/\",\"email\":\"admin@immomedia.ag\",\"telephone\":\"+41444420002\",\"logo\":{\"@type\":\"ImageObject\",\"url\":\"https:\\\/\\\/www.immo-invest.ch\\\/wp-content\\\/uploads\\\/2024\\\/09\\\/immoinvest_sm-scaled.jpg\",\"@id\":\"https:\\\/\\\/www.immo-invest.ch\\\/fr\\\/group-of-15-gemeinsames-plaedoyer-fuer-eine-geeinte-immobilienwirtschaft\\\/#organizationLogo\",\"width\":2560,\"height\":1340},\"image\":{\"@id\":\"https:\\\/\\\/www.immo-invest.ch\\\/fr\\\/group-of-15-gemeinsames-plaedoyer-fuer-eine-geeinte-immobilienwirtschaft\\\/#organizationLogo\"},\"sameAs\":[\"https:\\\/\\\/www.facebook.com\\\/people\\\/Immoinvest\\\/100077962920504\\\/\",\"https:\\\/\\\/x.com\\\/i\\\/flow\\\/login?redirect_after_login=immoinvest_ch\",\"https:\\\/\\\/www.instagram.com\\\/immoinvest_ch\\\/\",\"https:\\\/\\\/www.linkedin.com\\\/company\\\/immoinvest-swiss\"]},{\"@type\":\"Person\",\"@id\":\"https:\\\/\\\/www.immo-invest.ch\\\/fr\\\/author\\\/immovestuser\\\/#author\",\"url\":\"https:\\\/\\\/www.immo-invest.ch\\\/fr\\\/author\\\/immovestuser\\\/\",\"name\":\"immovestuser\",\"image\":{\"@type\":\"ImageObject\",\"@id\":\"https:\\\/\\\/www.immo-invest.ch\\\/fr\\\/group-of-15-gemeinsames-plaedoyer-fuer-eine-geeinte-immobilienwirtschaft\\\/#authorImage\",\"url\":\"https:\\\/\\\/secure.gravatar.com\\\/avatar\\\/8e01f4d99f2eeea7a362ebb93305e1172a70e9293ba250f897a65c39f54cdd1e?s=96&d=mm&r=g\",\"width\":96,\"height\":96,\"caption\":\"immovestuser\"}},{\"@type\":\"WebPage\",\"@id\":\"https:\\\/\\\/www.immo-invest.ch\\\/fr\\\/group-of-15-gemeinsames-plaedoyer-fuer-eine-geeinte-immobilienwirtschaft\\\/#webpage\",\"url\":\"https:\\\/\\\/www.immo-invest.ch\\\/fr\\\/group-of-15-gemeinsames-plaedoyer-fuer-eine-geeinte-immobilienwirtschaft\\\/\",\"name\":\"Group of 15 : Plaidoyer commun pour un secteur immobilier unifi\\u00e9 - immo!nvest - Die Plattform f\\u00fcr Standorte und Immobilien\",\"description\":\"le dernier symposium du Groupe des 15, qui s'est tenu au Kunsthaus de Zurich, avait pour titre \\\"Le progr\\u00e8s plut\\u00f4t que la prescription - d\\u00e9faire les cha\\u00eenes, fa\\u00e7onner l'avenir\\\". La politique suisse et les acteurs responsables du secteur immobilier se sont rencontr\\u00e9s et ont discut\\u00e9 du statu quo tr\\u00e8s controvers\\u00e9 du march\\u00e9 immobilier et du parc immobilier helv\\u00e9tiques.\",\"inLanguage\":\"fr-FR\",\"isPartOf\":{\"@id\":\"https:\\\/\\\/www.immo-invest.ch\\\/fr\\\/#website\"},\"breadcrumb\":{\"@id\":\"https:\\\/\\\/www.immo-invest.ch\\\/fr\\\/group-of-15-gemeinsames-plaedoyer-fuer-eine-geeinte-immobilienwirtschaft\\\/#breadcrumblist\"},\"author\":{\"@id\":\"https:\\\/\\\/www.immo-invest.ch\\\/fr\\\/author\\\/immovestuser\\\/#author\"},\"creator\":{\"@id\":\"https:\\\/\\\/www.immo-invest.ch\\\/fr\\\/author\\\/immovestuser\\\/#author\"},\"image\":{\"@type\":\"ImageObject\",\"url\":\"https:\\\/\\\/www.immo-invest.ch\\\/wp-content\\\/uploads\\\/2026\\\/02\\\/Gemeinsames-Plaedoyer-fuer-eine-geeinte-Immobilienwirtschaft.jpg\",\"@id\":\"https:\\\/\\\/www.immo-invest.ch\\\/fr\\\/group-of-15-gemeinsames-plaedoyer-fuer-eine-geeinte-immobilienwirtschaft\\\/#mainImage\",\"width\":2215,\"height\":1246},\"primaryImageOfPage\":{\"@id\":\"https:\\\/\\\/www.immo-invest.ch\\\/fr\\\/group-of-15-gemeinsames-plaedoyer-fuer-eine-geeinte-immobilienwirtschaft\\\/#mainImage\"},\"datePublished\":\"2026-02-10T09:29:31+01:00\",\"dateModified\":\"2026-02-10T09:51:12+01:00\"},{\"@type\":\"WebSite\",\"@id\":\"https:\\\/\\\/www.immo-invest.ch\\\/fr\\\/#website\",\"url\":\"https:\\\/\\\/www.immo-invest.ch\\\/fr\\\/\",\"name\":\"immo!nvest - Die Plattform f\\u00fcr Standorte und Immobilien\",\"description\":\"Die\\u00a0Plattform f\\u00fcr Standorte und Immobilien\",\"inLanguage\":\"fr-FR\",\"publisher\":{\"@id\":\"https:\\\/\\\/www.immo-invest.ch\\\/fr\\\/#organization\"}}]}\n\t\t<\/script>\n\t\t<!-- All in One SEO -->\n\n","aioseo_head_json":{"title":"Group of 15 : Plaidoyer commun pour un secteur immobilier unifi\u00e9 - immo!nvest - Die Plattform f\u00fcr Standorte und Immobilien","description":"le dernier symposium du Groupe des 15, qui s'est tenu au Kunsthaus de Zurich, avait pour titre \"Le progr\u00e8s plut\u00f4t que la prescription - d\u00e9faire les cha\u00eenes, fa\u00e7onner l'avenir\". La politique suisse et les acteurs responsables du secteur immobilier se sont rencontr\u00e9s et ont discut\u00e9 du statu quo tr\u00e8s controvers\u00e9 du march\u00e9 immobilier et du parc immobilier helv\u00e9tiques.","canonical_url":"https:\/\/www.immo-invest.ch\/fr\/group-of-15-gemeinsames-plaedoyer-fuer-eine-geeinte-immobilienwirtschaft\/","robots":"max-image-preview:large","keywords":"","webmasterTools":{"google-site-verification":"fHJKvgWpZCR2zVBHWfkQeFXC11qieUSff0HGNYfuyLA","miscellaneous":""},"schema":{"@context":"https:\/\/schema.org","@graph":[{"@type":"BlogPosting","@id":"https:\/\/www.immo-invest.ch\/fr\/group-of-15-gemeinsames-plaedoyer-fuer-eine-geeinte-immobilienwirtschaft\/#blogposting","name":"Group of 15 : Plaidoyer commun pour un secteur immobilier unifi\u00e9 - immo!nvest - Die Plattform f\u00fcr Standorte und Immobilien","headline":"Group of 15 : Plaidoyer commun pour un secteur immobilier unifi\u00e9","author":{"@id":"https:\/\/www.immo-invest.ch\/fr\/author\/immovestuser\/#author"},"publisher":{"@id":"https:\/\/www.immo-invest.ch\/fr\/#organization"},"image":{"@type":"ImageObject","url":"https:\/\/www.immo-invest.ch\/wp-content\/uploads\/2026\/02\/Gemeinsames-Plaedoyer-fuer-eine-geeinte-Immobilienwirtschaft.jpg","width":2215,"height":1246},"datePublished":"2026-02-10T09:29:31+01:00","dateModified":"2026-02-10T09:51:12+01:00","inLanguage":"fr-FR","mainEntityOfPage":{"@id":"https:\/\/www.immo-invest.ch\/fr\/group-of-15-gemeinsames-plaedoyer-fuer-eine-geeinte-immobilienwirtschaft\/#webpage"},"isPartOf":{"@id":"https:\/\/www.immo-invest.ch\/fr\/group-of-15-gemeinsames-plaedoyer-fuer-eine-geeinte-immobilienwirtschaft\/#webpage"},"articleSection":"Associations, Gens, Industrie du b\u00e2timent, Promo, Zurich, Immobilienpolitik, Immoinvest, immoNews, News, Regulierung, Wohnungsmarkt, Facultatif"},{"@type":"BreadcrumbList","@id":"https:\/\/www.immo-invest.ch\/fr\/group-of-15-gemeinsames-plaedoyer-fuer-eine-geeinte-immobilienwirtschaft\/#breadcrumblist","itemListElement":[{"@type":"ListItem","@id":"https:\/\/www.immo-invest.ch\/fr\/#listItem","position":1,"name":"Home","item":"https:\/\/www.immo-invest.ch\/fr\/","nextItem":{"@type":"ListItem","@id":"https:\/\/www.immo-invest.ch\/fr\/categories\/regions\/#listItem","name":"R\u00e9gions"}},{"@type":"ListItem","@id":"https:\/\/www.immo-invest.ch\/fr\/categories\/regions\/#listItem","position":2,"name":"R\u00e9gions","item":"https:\/\/www.immo-invest.ch\/fr\/categories\/regions\/","nextItem":{"@type":"ListItem","@id":"https:\/\/www.immo-invest.ch\/fr\/categories\/regions\/suisse\/#listItem","name":"Suisse"},"previousItem":{"@type":"ListItem","@id":"https:\/\/www.immo-invest.ch\/fr\/#listItem","name":"Home"}},{"@type":"ListItem","@id":"https:\/\/www.immo-invest.ch\/fr\/categories\/regions\/suisse\/#listItem","position":3,"name":"Suisse","item":"https:\/\/www.immo-invest.ch\/fr\/categories\/regions\/suisse\/","nextItem":{"@type":"ListItem","@id":"https:\/\/www.immo-invest.ch\/fr\/categories\/regions\/suisse\/region-zurich\/#listItem","name":"Zurich"},"previousItem":{"@type":"ListItem","@id":"https:\/\/www.immo-invest.ch\/fr\/categories\/regions\/#listItem","name":"R\u00e9gions"}},{"@type":"ListItem","@id":"https:\/\/www.immo-invest.ch\/fr\/categories\/regions\/suisse\/region-zurich\/#listItem","position":4,"name":"Zurich","item":"https:\/\/www.immo-invest.ch\/fr\/categories\/regions\/suisse\/region-zurich\/","nextItem":{"@type":"ListItem","@id":"https:\/\/www.immo-invest.ch\/fr\/group-of-15-gemeinsames-plaedoyer-fuer-eine-geeinte-immobilienwirtschaft\/#listItem","name":"Group of 15 : Plaidoyer commun pour un secteur immobilier unifi\u00e9"},"previousItem":{"@type":"ListItem","@id":"https:\/\/www.immo-invest.ch\/fr\/categories\/regions\/suisse\/#listItem","name":"Suisse"}},{"@type":"ListItem","@id":"https:\/\/www.immo-invest.ch\/fr\/group-of-15-gemeinsames-plaedoyer-fuer-eine-geeinte-immobilienwirtschaft\/#listItem","position":5,"name":"Group of 15 : Plaidoyer commun pour un secteur immobilier unifi\u00e9","previousItem":{"@type":"ListItem","@id":"https:\/\/www.immo-invest.ch\/fr\/categories\/regions\/suisse\/region-zurich\/#listItem","name":"Zurich"}}]},{"@type":"Organization","@id":"https:\/\/www.immo-invest.ch\/fr\/#organization","name":"immo!nvest - Die Plattform f\u00fcr Standorte und Immobilien","description":"Die\u00a0Plattform f\u00fcr Standorte und Immobilien","url":"https:\/\/www.immo-invest.ch\/fr\/","email":"admin@immomedia.ag","telephone":"+41444420002","logo":{"@type":"ImageObject","url":"https:\/\/www.immo-invest.ch\/wp-content\/uploads\/2024\/09\/immoinvest_sm-scaled.jpg","@id":"https:\/\/www.immo-invest.ch\/fr\/group-of-15-gemeinsames-plaedoyer-fuer-eine-geeinte-immobilienwirtschaft\/#organizationLogo","width":2560,"height":1340},"image":{"@id":"https:\/\/www.immo-invest.ch\/fr\/group-of-15-gemeinsames-plaedoyer-fuer-eine-geeinte-immobilienwirtschaft\/#organizationLogo"},"sameAs":["https:\/\/www.facebook.com\/people\/Immoinvest\/100077962920504\/","https:\/\/x.com\/i\/flow\/login?redirect_after_login=immoinvest_ch","https:\/\/www.instagram.com\/immoinvest_ch\/","https:\/\/www.linkedin.com\/company\/immoinvest-swiss"]},{"@type":"Person","@id":"https:\/\/www.immo-invest.ch\/fr\/author\/immovestuser\/#author","url":"https:\/\/www.immo-invest.ch\/fr\/author\/immovestuser\/","name":"immovestuser","image":{"@type":"ImageObject","@id":"https:\/\/www.immo-invest.ch\/fr\/group-of-15-gemeinsames-plaedoyer-fuer-eine-geeinte-immobilienwirtschaft\/#authorImage","url":"https:\/\/secure.gravatar.com\/avatar\/8e01f4d99f2eeea7a362ebb93305e1172a70e9293ba250f897a65c39f54cdd1e?s=96&d=mm&r=g","width":96,"height":96,"caption":"immovestuser"}},{"@type":"WebPage","@id":"https:\/\/www.immo-invest.ch\/fr\/group-of-15-gemeinsames-plaedoyer-fuer-eine-geeinte-immobilienwirtschaft\/#webpage","url":"https:\/\/www.immo-invest.ch\/fr\/group-of-15-gemeinsames-plaedoyer-fuer-eine-geeinte-immobilienwirtschaft\/","name":"Group of 15 : Plaidoyer commun pour un secteur immobilier unifi\u00e9 - immo!nvest - Die Plattform f\u00fcr Standorte und Immobilien","description":"le dernier symposium du Groupe des 15, qui s'est tenu au Kunsthaus de Zurich, avait pour titre \"Le progr\u00e8s plut\u00f4t que la prescription - d\u00e9faire les cha\u00eenes, fa\u00e7onner l'avenir\". La politique suisse et les acteurs responsables du secteur immobilier se sont rencontr\u00e9s et ont discut\u00e9 du statu quo tr\u00e8s controvers\u00e9 du march\u00e9 immobilier et du parc immobilier helv\u00e9tiques.","inLanguage":"fr-FR","isPartOf":{"@id":"https:\/\/www.immo-invest.ch\/fr\/#website"},"breadcrumb":{"@id":"https:\/\/www.immo-invest.ch\/fr\/group-of-15-gemeinsames-plaedoyer-fuer-eine-geeinte-immobilienwirtschaft\/#breadcrumblist"},"author":{"@id":"https:\/\/www.immo-invest.ch\/fr\/author\/immovestuser\/#author"},"creator":{"@id":"https:\/\/www.immo-invest.ch\/fr\/author\/immovestuser\/#author"},"image":{"@type":"ImageObject","url":"https:\/\/www.immo-invest.ch\/wp-content\/uploads\/2026\/02\/Gemeinsames-Plaedoyer-fuer-eine-geeinte-Immobilienwirtschaft.jpg","@id":"https:\/\/www.immo-invest.ch\/fr\/group-of-15-gemeinsames-plaedoyer-fuer-eine-geeinte-immobilienwirtschaft\/#mainImage","width":2215,"height":1246},"primaryImageOfPage":{"@id":"https:\/\/www.immo-invest.ch\/fr\/group-of-15-gemeinsames-plaedoyer-fuer-eine-geeinte-immobilienwirtschaft\/#mainImage"},"datePublished":"2026-02-10T09:29:31+01:00","dateModified":"2026-02-10T09:51:12+01:00"},{"@type":"WebSite","@id":"https:\/\/www.immo-invest.ch\/fr\/#website","url":"https:\/\/www.immo-invest.ch\/fr\/","name":"immo!nvest - Die Plattform f\u00fcr Standorte und Immobilien","description":"Die\u00a0Plattform f\u00fcr Standorte und Immobilien","inLanguage":"fr-FR","publisher":{"@id":"https:\/\/www.immo-invest.ch\/fr\/#organization"}}]},"og:locale":"fr_FR","og:site_name":"immo!nvest - Die Plattform f\u00fcr Standorte und Immobilien - Die\u00a0Plattform f\u00fcr Standorte und Immobilien","og:type":"article","og:title":"Group of 15 : Plaidoyer commun pour un secteur immobilier unifi\u00e9 - immo!nvest - Die Plattform f\u00fcr Standorte und Immobilien","og:description":"le dernier symposium du Groupe des 15, qui s'est tenu au Kunsthaus de Zurich, avait pour titre &quot;Le progr\u00e8s plut\u00f4t que la prescription - d\u00e9faire les cha\u00eenes, fa\u00e7onner l'avenir&quot;. La politique suisse et les acteurs responsables du secteur immobilier se sont rencontr\u00e9s et ont discut\u00e9 du statu quo tr\u00e8s controvers\u00e9 du march\u00e9 immobilier et du parc immobilier helv\u00e9tiques.","og:url":"https:\/\/www.immo-invest.ch\/fr\/group-of-15-gemeinsames-plaedoyer-fuer-eine-geeinte-immobilienwirtschaft\/","og:image":"https:\/\/www.immo-invest.ch\/wp-content\/uploads\/2026\/02\/Gemeinsames-Plaedoyer-fuer-eine-geeinte-Immobilienwirtschaft.jpg","og:image:secure_url":"https:\/\/www.immo-invest.ch\/wp-content\/uploads\/2026\/02\/Gemeinsames-Plaedoyer-fuer-eine-geeinte-Immobilienwirtschaft.jpg","og:image:width":2215,"og:image:height":1246,"article:published_time":"2026-02-10T08:29:31+00:00","article:modified_time":"2026-02-10T08:51:12+00:00","article:publisher":"https:\/\/www.facebook.com\/people\/Immoinvest\/100077962920504\/","twitter:card":"summary_large_image","twitter:site":"@i","twitter:title":"Group of 15 : Plaidoyer commun pour un secteur immobilier unifi\u00e9 - immo!nvest - Die Plattform f\u00fcr Standorte und Immobilien","twitter:description":"le dernier symposium du Groupe des 15, qui s'est tenu au Kunsthaus de Zurich, avait pour titre &quot;Le progr\u00e8s plut\u00f4t que la prescription - d\u00e9faire les cha\u00eenes, fa\u00e7onner l'avenir&quot;. La politique suisse et les acteurs responsables du secteur immobilier se sont rencontr\u00e9s et ont discut\u00e9 du statu quo tr\u00e8s controvers\u00e9 du march\u00e9 immobilier et du parc immobilier helv\u00e9tiques.","twitter:creator":"@i","twitter:image":"https:\/\/www.immo-invest.ch\/wp-content\/uploads\/2026\/02\/Gemeinsames-Plaedoyer-fuer-eine-geeinte-Immobilienwirtschaft.jpg"},"aioseo_meta_data":{"post_id":"149082","title":null,"description":null,"keywords":null,"keyphrases":{"focus":{"keyphrase":"","score":0,"analysis":{"keyphraseInTitle":{"score":0,"maxScore":9,"error":1}}},"additional":[]},"primary_term":null,"canonical_url":null,"og_title":null,"og_description":null,"og_object_type":"default","og_image_type":"default","og_image_url":null,"og_image_width":null,"og_image_height":null,"og_image_custom_url":null,"og_image_custom_fields":null,"og_video":"","og_custom_url":null,"og_article_section":null,"og_article_tags":null,"twitter_use_og":false,"twitter_card":"default","twitter_image_type":"default","twitter_image_url":null,"twitter_image_custom_url":null,"twitter_image_custom_fields":null,"twitter_title":null,"twitter_description":null,"schema":{"blockGraphs":[],"customGraphs":[],"default":{"data":{"Article":[],"Course":[],"Dataset":[],"FAQPage":[],"Movie":[],"Person":[],"Product":[],"ProductReview":[],"Car":[],"Recipe":[],"Service":[],"SoftwareApplication":[],"WebPage":[]},"graphName":"BlogPosting","isEnabled":true},"graphs":[]},"schema_type":"default","schema_type_options":null,"pillar_content":false,"robots_default":true,"robots_noindex":false,"robots_noarchive":false,"robots_nosnippet":false,"robots_nofollow":false,"robots_noimageindex":false,"robots_noodp":false,"robots_notranslate":false,"robots_max_snippet":"-1","robots_max_videopreview":"-1","robots_max_imagepreview":"large","priority":null,"frequency":"default","local_seo":null,"breadcrumb_settings":null,"limit_modified_date":false,"ai":{"faqs":[],"keyPoints":[],"titles":[],"descriptions":[],"socialPosts":{"email":[],"linkedin":[],"twitter":[],"facebook":[],"instagram":[]}},"created":"2026-02-10 08:42:38","updated":"2026-02-10 09:01:09","seo_analyzer_scan_date":null,"focus_keyword":null,"additional_keywords":null,"truseo_locale":null},"aioseo_breadcrumb":"<div class=\"aioseo-breadcrumbs\"><span class=\"aioseo-breadcrumb\">\n\t\t\t<a href=\"https:\/\/www.immo-invest.ch\/fr\/\" title=\"Home\">Home<\/a>\n\t\t<\/span><span class=\"aioseo-breadcrumb-separator\">&raquo;<\/span><span class=\"aioseo-breadcrumb\">\n\t\t\t<a href=\"https:\/\/www.immo-invest.ch\/fr\/categories\/regions\/\" title=\"R\u00e9gions\">R\u00e9gions<\/a>\n\t\t<\/span><span class=\"aioseo-breadcrumb-separator\">&raquo;<\/span><span class=\"aioseo-breadcrumb\">\n\t\t\t<a href=\"https:\/\/www.immo-invest.ch\/fr\/categories\/regions\/suisse\/\" title=\"Suisse\">Suisse<\/a>\n\t\t<\/span><span class=\"aioseo-breadcrumb-separator\">&raquo;<\/span><span class=\"aioseo-breadcrumb\">\n\t\t\t<a href=\"https:\/\/www.immo-invest.ch\/fr\/categories\/regions\/suisse\/region-zurich\/\" title=\"Zurich\">Zurich<\/a>\n\t\t<\/span><span class=\"aioseo-breadcrumb-separator\">&raquo;<\/span><span class=\"aioseo-breadcrumb\">\n\t\t\tGroup of 15 : Plaidoyer commun pour un secteur immobilier unifi\u00e9\n\t\t<\/span><\/div>","aioseo_breadcrumb_json":[{"label":"Home","link":"https:\/\/www.immo-invest.ch\/fr\/"},{"label":"R\u00e9gions","link":"https:\/\/www.immo-invest.ch\/fr\/categories\/regions\/"},{"label":"Suisse","link":"https:\/\/www.immo-invest.ch\/fr\/categories\/regions\/suisse\/"},{"label":"Zurich","link":"https:\/\/www.immo-invest.ch\/fr\/categories\/regions\/suisse\/region-zurich\/"},{"label":"Group of 15 : Plaidoyer commun pour un secteur immobilier unifi\u00e9","link":"https:\/\/www.immo-invest.ch\/fr\/group-of-15-gemeinsames-plaedoyer-fuer-eine-geeinte-immobilienwirtschaft\/"}],"featured_image_src":"https:\/\/www.immo-invest.ch\/wp-content\/uploads\/2026\/02\/Gemeinsames-Plaedoyer-fuer-eine-geeinte-Immobilienwirtschaft-336x168.jpg","_links":{"self":[{"href":"https:\/\/www.immo-invest.ch\/fr\/wp-json\/wp\/v2\/posts\/149082","targetHints":{"allow":["GET"]}}],"collection":[{"href":"https:\/\/www.immo-invest.ch\/fr\/wp-json\/wp\/v2\/posts"}],"about":[{"href":"https:\/\/www.immo-invest.ch\/fr\/wp-json\/wp\/v2\/types\/post"}],"author":[{"embeddable":true,"href":"https:\/\/www.immo-invest.ch\/fr\/wp-json\/wp\/v2\/users\/2"}],"replies":[{"embeddable":true,"href":"https:\/\/www.immo-invest.ch\/fr\/wp-json\/wp\/v2\/comments?post=149082"}],"version-history":[{"count":2,"href":"https:\/\/www.immo-invest.ch\/fr\/wp-json\/wp\/v2\/posts\/149082\/revisions"}],"predecessor-version":[{"id":149090,"href":"https:\/\/www.immo-invest.ch\/fr\/wp-json\/wp\/v2\/posts\/149082\/revisions\/149090"}],"wp:featuredmedia":[{"embeddable":true,"href":"https:\/\/www.immo-invest.ch\/fr\/wp-json\/wp\/v2\/media\/149083"}],"wp:attachment":[{"href":"https:\/\/www.immo-invest.ch\/fr\/wp-json\/wp\/v2\/media?parent=149082"}],"wp:term":[{"taxonomy":"category","embeddable":true,"href":"https:\/\/www.immo-invest.ch\/fr\/wp-json\/wp\/v2\/categories?post=149082"},{"taxonomy":"post_tag","embeddable":true,"href":"https:\/\/www.immo-invest.ch\/fr\/wp-json\/wp\/v2\/tags?post=149082"}],"curies":[{"name":"wp","href":"https:\/\/api.w.org\/{rel}","templated":true}]}}