{"id":148397,"date":"2026-02-04T11:30:00","date_gmt":"2026-02-04T10:30:00","guid":{"rendered":"https:\/\/www.immo-invest.ch\/?p=148397"},"modified":"2026-01-30T13:12:04","modified_gmt":"2026-01-30T12:12:04","slug":"baustart-fuer-doppelspurausbau-in-dietikon-verschiebt-sich-auf-2028","status":"publish","type":"post","link":"https:\/\/www.immo-invest.ch\/fr\/baustart-fuer-doppelspurausbau-in-dietikon-verschiebt-sich-auf-2028\/","title":{"rendered":"Le d\u00e9but des travaux d&rsquo;extension de la double voie \u00e0 Dietikon est report\u00e9 \u00e0 2028"},"content":{"rendered":"<p class=\"bodytext\">Il y a un retard dans la construction de la double voie ferroviaire Bremgarten-Dietikon et dans la r&eacute;novation de la Bremgartnerstrasse. Selon <a href=\"http:\/\/www.aargauverkehr.ch\/aktuell\/meldungen\/doppelspurausbau-in-dietikon-baustart-verzoegert-sich-wegen-einsprachen-und-projektanpassungen\" target=\"_blank\" rel=\"noopener\">un communiqu&eacute;<\/a> de la soci&eacute;t&eacute; <a href=\"http:\/\/www.aargauverkehr.ch\" target=\"_blank\" rel=\"noopener\">Aargau Verkehr AG<\/a>, le permis de construire pr&eacute;vu pour fin 2025 par l&rsquo;Office f&eacute;d&eacute;ral des transports (<a href=\"http:\/\/www.bav.admin.ch\/de\" target=\"_blank\" rel=\"noopener\">OFT<\/a>) n&rsquo;a pas pu &ecirc;tre d&eacute;livr&eacute; en raison de n&eacute;gociations en cours concernant des recours et d&rsquo;une nouvelle suspension partielle du projet li&eacute;e &agrave; des demandes d&rsquo;indemnisation.<\/p>\n<p class=\"bodytext\">La soci&eacute;t&eacute; de transport pr&eacute;voit d&eacute;sormais que le d&eacute;but des travaux, initialement pr&eacute;vu pour l&rsquo;&eacute;t&eacute; 2026, sera report&eacute; &agrave; l&rsquo;&eacute;t&eacute; 2028. D&rsquo;ici l&agrave;, certaines modifications devront &ecirc;tre apport&eacute;es au projet. Cela n&eacute;cessitera des contr&ocirc;les techniques et une consultation des autorit&eacute;s.<\/p>\n<p class=\"bodytext\"><a href=\"http:\/\/www.aargauverkehr.ch\/ava\/projekte\/dpsdietikon\" target=\"_blank\" rel=\"noopener\">Selon <\/a>Aargau Verkehr, l&rsquo;extension vise &agrave; am&eacute;liorer la s&eacute;curit&eacute;, la ponctualit&eacute; et la capacit&eacute; du r&eacute;seau ferroviaire : &laquo; La construction d&rsquo;une double voie centrale permettra d&rsquo;int&eacute;grer le train de mani&egrave;re s&ucirc;re dans le trafic routier, ce qui augmentera la s&eacute;curit&eacute; routi&egrave;re et r&eacute;duira les embouteillages. &raquo;<\/p>\n<p class=\"bodytext\">L&rsquo;approbation des plans devrait &ecirc;tre finalis&eacute;e d&rsquo;ici le deuxi&egrave;me trimestre 2027. Aargau Verkehr AG est en contact avec le <a href=\"http:\/\/www.zh.ch\/de\/baudirektion\/tiefbauamt.html\" target=\"_blank\" rel=\"noopener\">service des travaux publics du canton de Zurich<\/a>, ma&icirc;tre d&rsquo;ouvrage du projet routier, l&rsquo;OFT, la ville <a href=\"http:\/\/www.dietikon.ch\" target=\"_blank\" rel=\"noopener\">de Dietikon<\/a> et les riverains concern&eacute;s afin de clarifier les points en suspens et de faire avancer le d&eacute;veloppement du projet.<\/p>\n","protected":false},"excerpt":{"rendered":"<p>Le d\u00e9but des travaux d&rsquo;extension \u00e0 double voie de la ligne ferroviaire Bremgarten-Dietikon et de r\u00e9novation de la Bremgartnerstrasse a \u00e9t\u00e9 report\u00e9 \u00e0 l&rsquo;\u00e9t\u00e9 2028. Ce retard est d\u00fb \u00e0 des oppositions et \u00e0 des adaptations du projet.<\/p>\n","protected":false},"author":2,"featured_media":148398,"comment_status":"open","ping_status":"open","sticky":false,"template":"","format":"standard","meta":{"pmpro_default_level":"","inline_featured_image":false,"_monsterinsights_skip_tracking":false,"footnotes":""},"categories":[743,22703,9824,9652],"tags":[57008,57007,57004,15,867,3935,3931,2002,2006,57006,52646,52647],"class_list":["post-148397","post","type-post","status-publish","format-standard","has-post-thumbnail","hentry","category-immonews-fr","category-mobilite","category-nouvelle-construction","category-renovation","tag-bahnprojekt","tag-doppelspurausbau","tag-einspracheverfahren","tag-immoinvest","tag-immoinvest-it","tag-immonews-it","tag-immonews-fr","tag-news-fr","tag-news-it","tag-projektverzoegerung","tag-verkehrsinfrastruktur-2-fr","tag-verkehrsinfrastruktur-2-it","pmpro-has-access"],"acf":{"bild_mit_ki_erstellt_worden":["Ja"],"lead":"Le d\u00e9but des travaux d'extension \u00e0 double voie de la ligne ferroviaire Bremgarten-Dietikon et de r\u00e9novation de la Bremgartnerstrasse a \u00e9t\u00e9 report\u00e9 \u00e0 l'\u00e9t\u00e9 2028. Ce retard est d\u00fb \u00e0 des oppositions et \u00e0 des adaptations du projet.","autor":"ce\/heg","ort":"Dietikon ZH\/Aarau","bildunterschrift":"","bild_im_grid":false,"gallerie":"","newsim":""},"aioseo_notices":[],"aioseo_head":"\n\t\t<!-- All in One SEO 5.0.0.1 - aioseo.com -->\n\t<meta name=\"description\" content=\"Le d\u00e9but des travaux d&#039;extension \u00e0 double voie de la ligne ferroviaire Bremgarten-Dietikon et de r\u00e9novation de la Bremgartnerstrasse a \u00e9t\u00e9 report\u00e9 \u00e0 l&#039;\u00e9t\u00e9 2028. Ce retard est d\u00fb \u00e0 des oppositions et \u00e0 des adaptations du projet.\" \/>\n\t<meta name=\"robots\" content=\"max-image-preview:large\" \/>\n\t<meta name=\"author\" content=\"immovestuser\"\/>\n\t<meta name=\"google-site-verification\" content=\"fHJKvgWpZCR2zVBHWfkQeFXC11qieUSff0HGNYfuyLA\" \/>\n\t<link rel=\"canonical\" href=\"https:\/\/www.immo-invest.ch\/fr\/baustart-fuer-doppelspurausbau-in-dietikon-verschiebt-sich-auf-2028\/\" \/>\n\t<meta name=\"generator\" content=\"All in One SEO (AIOSEO) 5.0.0.1\" \/>\n\t\t<meta property=\"og:locale\" content=\"fr_FR\" \/>\n\t\t<meta property=\"og:site_name\" content=\"immo!nvest - Die Plattform f\u00fcr Standorte und Immobilien - Die\u00a0Plattform f\u00fcr Standorte und Immobilien\" \/>\n\t\t<meta property=\"og:type\" content=\"article\" \/>\n\t\t<meta property=\"og:title\" content=\"Le d\u00e9but des travaux d\u2019extension de la double voie \u00e0 Dietikon est report\u00e9 \u00e0 2028 - immo!nvest - Die Plattform f\u00fcr Standorte und Immobilien\" \/>\n\t\t<meta property=\"og:description\" content=\"Le d\u00e9but des travaux d&#039;extension \u00e0 double voie de la ligne ferroviaire Bremgarten-Dietikon et de r\u00e9novation de la Bremgartnerstrasse a \u00e9t\u00e9 report\u00e9 \u00e0 l&#039;\u00e9t\u00e9 2028. Ce retard est d\u00fb \u00e0 des oppositions et \u00e0 des adaptations du projet.\" \/>\n\t\t<meta property=\"og:url\" content=\"https:\/\/www.immo-invest.ch\/fr\/baustart-fuer-doppelspurausbau-in-dietikon-verschiebt-sich-auf-2028\/\" \/>\n\t\t<meta property=\"og:image\" content=\"https:\/\/www.immo-invest.ch\/wp-content\/uploads\/2026\/01\/banoviag_realistic_urban_railway_and_street_infrastructure_in_cf23d68c-1758-40b6-9466-76c92ed5664b_1.png\" \/>\n\t\t<meta property=\"og:image:secure_url\" content=\"https:\/\/www.immo-invest.ch\/wp-content\/uploads\/2026\/01\/banoviag_realistic_urban_railway_and_street_infrastructure_in_cf23d68c-1758-40b6-9466-76c92ed5664b_1.png\" \/>\n\t\t<meta property=\"og:image:width\" content=\"1536\" \/>\n\t\t<meta property=\"og:image:height\" content=\"768\" \/>\n\t\t<meta property=\"article:published_time\" content=\"2026-02-04T10:30:00+00:00\" \/>\n\t\t<meta property=\"article:modified_time\" content=\"2026-01-30T12:12:04+00:00\" \/>\n\t\t<meta property=\"article:publisher\" content=\"https:\/\/www.facebook.com\/people\/Immoinvest\/100077962920504\/\" \/>\n\t\t<meta name=\"twitter:card\" content=\"summary_large_image\" \/>\n\t\t<meta name=\"twitter:site\" content=\"@i\" \/>\n\t\t<meta name=\"twitter:title\" content=\"Le d\u00e9but des travaux d\u2019extension de la double voie \u00e0 Dietikon est report\u00e9 \u00e0 2028 - immo!nvest - Die Plattform f\u00fcr Standorte und Immobilien\" \/>\n\t\t<meta name=\"twitter:description\" content=\"Le d\u00e9but des travaux d&#039;extension \u00e0 double voie de la ligne ferroviaire Bremgarten-Dietikon et de r\u00e9novation de la Bremgartnerstrasse a \u00e9t\u00e9 report\u00e9 \u00e0 l&#039;\u00e9t\u00e9 2028. Ce retard est d\u00fb \u00e0 des oppositions et \u00e0 des adaptations du projet.\" \/>\n\t\t<meta name=\"twitter:creator\" content=\"@i\" \/>\n\t\t<meta name=\"twitter:image\" content=\"https:\/\/www.immo-invest.ch\/wp-content\/uploads\/2026\/01\/banoviag_realistic_urban_railway_and_street_infrastructure_in_cf23d68c-1758-40b6-9466-76c92ed5664b_1.png\" \/>\n\t\t<script type=\"application\/ld+json\" class=\"aioseo-schema\">\n\t\t\t{\"@context\":\"https:\\\/\\\/schema.org\",\"@graph\":[{\"@type\":\"BlogPosting\",\"@id\":\"https:\\\/\\\/www.immo-invest.ch\\\/fr\\\/baustart-fuer-doppelspurausbau-in-dietikon-verschiebt-sich-auf-2028\\\/#blogposting\",\"name\":\"Le d\\u00e9but des travaux d\\u2019extension de la double voie \\u00e0 Dietikon est report\\u00e9 \\u00e0 2028 - immo!nvest - Die Plattform f\\u00fcr Standorte und Immobilien\",\"headline\":\"Le d\\u00e9but des travaux d&rsquo;extension de la double voie \\u00e0 Dietikon est report\\u00e9 \\u00e0 2028\",\"author\":{\"@id\":\"https:\\\/\\\/www.immo-invest.ch\\\/fr\\\/author\\\/immovestuser\\\/#author\"},\"publisher\":{\"@id\":\"https:\\\/\\\/www.immo-invest.ch\\\/fr\\\/#organization\"},\"image\":{\"@type\":\"ImageObject\",\"url\":\"https:\\\/\\\/www.immo-invest.ch\\\/wp-content\\\/uploads\\\/2026\\\/01\\\/banoviag_realistic_urban_railway_and_street_infrastructure_in_cf23d68c-1758-40b6-9466-76c92ed5664b_1.png\",\"width\":1536,\"height\":768},\"datePublished\":\"2026-02-04T11:30:00+01:00\",\"dateModified\":\"2026-01-30T13:12:04+01:00\",\"inLanguage\":\"fr-FR\",\"mainEntityOfPage\":{\"@id\":\"https:\\\/\\\/www.immo-invest.ch\\\/fr\\\/baustart-fuer-doppelspurausbau-in-dietikon-verschiebt-sich-auf-2028\\\/#webpage\"},\"isPartOf\":{\"@id\":\"https:\\\/\\\/www.immo-invest.ch\\\/fr\\\/baustart-fuer-doppelspurausbau-in-dietikon-verschiebt-sich-auf-2028\\\/#webpage\"},\"articleSection\":\"immoNews, Mobilit\\u00e9, Nouvelle construction, R\\u00e9novation, Bahnprojekt, Doppelspurausbau, Einspracheverfahren, Immoinvest, Immoinvest, immoNews, immoNews, News, News, Projektverzoegerung, Verkehrsinfrastruktur, Verkehrsinfrastruktur, Facultatif\"},{\"@type\":\"BreadcrumbList\",\"@id\":\"https:\\\/\\\/www.immo-invest.ch\\\/fr\\\/baustart-fuer-doppelspurausbau-in-dietikon-verschiebt-sich-auf-2028\\\/#breadcrumblist\",\"itemListElement\":[{\"@type\":\"ListItem\",\"@id\":\"https:\\\/\\\/www.immo-invest.ch\\\/fr\\\/#listItem\",\"position\":1,\"name\":\"Home\",\"item\":\"https:\\\/\\\/www.immo-invest.ch\\\/fr\\\/\",\"nextItem\":{\"@type\":\"ListItem\",\"@id\":\"https:\\\/\\\/www.immo-invest.ch\\\/fr\\\/categories\\\/projects\\\/#listItem\",\"name\":\"Projects\"}},{\"@type\":\"ListItem\",\"@id\":\"https:\\\/\\\/www.immo-invest.ch\\\/fr\\\/categories\\\/projects\\\/#listItem\",\"position\":2,\"name\":\"Projects\",\"item\":\"https:\\\/\\\/www.immo-invest.ch\\\/fr\\\/categories\\\/projects\\\/\",\"nextItem\":{\"@type\":\"ListItem\",\"@id\":\"https:\\\/\\\/www.immo-invest.ch\\\/fr\\\/categories\\\/projects\\\/renovation\\\/#listItem\",\"name\":\"R\\u00e9novation\"},\"previousItem\":{\"@type\":\"ListItem\",\"@id\":\"https:\\\/\\\/www.immo-invest.ch\\\/fr\\\/#listItem\",\"name\":\"Home\"}},{\"@type\":\"ListItem\",\"@id\":\"https:\\\/\\\/www.immo-invest.ch\\\/fr\\\/categories\\\/projects\\\/renovation\\\/#listItem\",\"position\":3,\"name\":\"R\\u00e9novation\",\"item\":\"https:\\\/\\\/www.immo-invest.ch\\\/fr\\\/categories\\\/projects\\\/renovation\\\/\",\"nextItem\":{\"@type\":\"ListItem\",\"@id\":\"https:\\\/\\\/www.immo-invest.ch\\\/fr\\\/baustart-fuer-doppelspurausbau-in-dietikon-verschiebt-sich-auf-2028\\\/#listItem\",\"name\":\"Le d\\u00e9but des travaux d&rsquo;extension de la double voie \\u00e0 Dietikon est report\\u00e9 \\u00e0 2028\"},\"previousItem\":{\"@type\":\"ListItem\",\"@id\":\"https:\\\/\\\/www.immo-invest.ch\\\/fr\\\/categories\\\/projects\\\/#listItem\",\"name\":\"Projects\"}},{\"@type\":\"ListItem\",\"@id\":\"https:\\\/\\\/www.immo-invest.ch\\\/fr\\\/baustart-fuer-doppelspurausbau-in-dietikon-verschiebt-sich-auf-2028\\\/#listItem\",\"position\":4,\"name\":\"Le d\\u00e9but des travaux d&rsquo;extension de la double voie \\u00e0 Dietikon est report\\u00e9 \\u00e0 2028\",\"previousItem\":{\"@type\":\"ListItem\",\"@id\":\"https:\\\/\\\/www.immo-invest.ch\\\/fr\\\/categories\\\/projects\\\/renovation\\\/#listItem\",\"name\":\"R\\u00e9novation\"}}]},{\"@type\":\"Organization\",\"@id\":\"https:\\\/\\\/www.immo-invest.ch\\\/fr\\\/#organization\",\"name\":\"immo!nvest - Die Plattform f\\u00fcr Standorte und Immobilien\",\"description\":\"Die\\u00a0Plattform f\\u00fcr Standorte und Immobilien\",\"url\":\"https:\\\/\\\/www.immo-invest.ch\\\/fr\\\/\",\"email\":\"admin@immomedia.ag\",\"telephone\":\"+41444420002\",\"logo\":{\"@type\":\"ImageObject\",\"url\":\"https:\\\/\\\/www.immo-invest.ch\\\/wp-content\\\/uploads\\\/2024\\\/09\\\/immoinvest_sm-scaled.jpg\",\"@id\":\"https:\\\/\\\/www.immo-invest.ch\\\/fr\\\/baustart-fuer-doppelspurausbau-in-dietikon-verschiebt-sich-auf-2028\\\/#organizationLogo\",\"width\":2560,\"height\":1340},\"image\":{\"@id\":\"https:\\\/\\\/www.immo-invest.ch\\\/fr\\\/baustart-fuer-doppelspurausbau-in-dietikon-verschiebt-sich-auf-2028\\\/#organizationLogo\"},\"sameAs\":[\"https:\\\/\\\/www.facebook.com\\\/people\\\/Immoinvest\\\/100077962920504\\\/\",\"https:\\\/\\\/x.com\\\/i\\\/flow\\\/login?redirect_after_login=immoinvest_ch\",\"https:\\\/\\\/www.instagram.com\\\/immoinvest_ch\\\/\",\"https:\\\/\\\/www.linkedin.com\\\/company\\\/immoinvest-swiss\"]},{\"@type\":\"Person\",\"@id\":\"https:\\\/\\\/www.immo-invest.ch\\\/fr\\\/author\\\/immovestuser\\\/#author\",\"url\":\"https:\\\/\\\/www.immo-invest.ch\\\/fr\\\/author\\\/immovestuser\\\/\",\"name\":\"immovestuser\",\"image\":{\"@type\":\"ImageObject\",\"@id\":\"https:\\\/\\\/www.immo-invest.ch\\\/fr\\\/baustart-fuer-doppelspurausbau-in-dietikon-verschiebt-sich-auf-2028\\\/#authorImage\",\"url\":\"https:\\\/\\\/secure.gravatar.com\\\/avatar\\\/8e01f4d99f2eeea7a362ebb93305e1172a70e9293ba250f897a65c39f54cdd1e?s=96&d=mm&r=g\",\"width\":96,\"height\":96,\"caption\":\"immovestuser\"}},{\"@type\":\"WebPage\",\"@id\":\"https:\\\/\\\/www.immo-invest.ch\\\/fr\\\/baustart-fuer-doppelspurausbau-in-dietikon-verschiebt-sich-auf-2028\\\/#webpage\",\"url\":\"https:\\\/\\\/www.immo-invest.ch\\\/fr\\\/baustart-fuer-doppelspurausbau-in-dietikon-verschiebt-sich-auf-2028\\\/\",\"name\":\"Le d\\u00e9but des travaux d\\u2019extension de la double voie \\u00e0 Dietikon est report\\u00e9 \\u00e0 2028 - immo!nvest - Die Plattform f\\u00fcr Standorte und Immobilien\",\"description\":\"Le d\\u00e9but des travaux d'extension \\u00e0 double voie de la ligne ferroviaire Bremgarten-Dietikon et de r\\u00e9novation de la Bremgartnerstrasse a \\u00e9t\\u00e9 report\\u00e9 \\u00e0 l'\\u00e9t\\u00e9 2028. Ce retard est d\\u00fb \\u00e0 des oppositions et \\u00e0 des adaptations du projet.\",\"inLanguage\":\"fr-FR\",\"isPartOf\":{\"@id\":\"https:\\\/\\\/www.immo-invest.ch\\\/fr\\\/#website\"},\"breadcrumb\":{\"@id\":\"https:\\\/\\\/www.immo-invest.ch\\\/fr\\\/baustart-fuer-doppelspurausbau-in-dietikon-verschiebt-sich-auf-2028\\\/#breadcrumblist\"},\"author\":{\"@id\":\"https:\\\/\\\/www.immo-invest.ch\\\/fr\\\/author\\\/immovestuser\\\/#author\"},\"creator\":{\"@id\":\"https:\\\/\\\/www.immo-invest.ch\\\/fr\\\/author\\\/immovestuser\\\/#author\"},\"image\":{\"@type\":\"ImageObject\",\"url\":\"https:\\\/\\\/www.immo-invest.ch\\\/wp-content\\\/uploads\\\/2026\\\/01\\\/banoviag_realistic_urban_railway_and_street_infrastructure_in_cf23d68c-1758-40b6-9466-76c92ed5664b_1.png\",\"@id\":\"https:\\\/\\\/www.immo-invest.ch\\\/fr\\\/baustart-fuer-doppelspurausbau-in-dietikon-verschiebt-sich-auf-2028\\\/#mainImage\",\"width\":1536,\"height\":768},\"primaryImageOfPage\":{\"@id\":\"https:\\\/\\\/www.immo-invest.ch\\\/fr\\\/baustart-fuer-doppelspurausbau-in-dietikon-verschiebt-sich-auf-2028\\\/#mainImage\"},\"datePublished\":\"2026-02-04T11:30:00+01:00\",\"dateModified\":\"2026-01-30T13:12:04+01:00\"},{\"@type\":\"WebSite\",\"@id\":\"https:\\\/\\\/www.immo-invest.ch\\\/fr\\\/#website\",\"url\":\"https:\\\/\\\/www.immo-invest.ch\\\/fr\\\/\",\"name\":\"immo!nvest - Die Plattform f\\u00fcr Standorte und Immobilien\",\"description\":\"Die\\u00a0Plattform f\\u00fcr Standorte und Immobilien\",\"inLanguage\":\"fr-FR\",\"publisher\":{\"@id\":\"https:\\\/\\\/www.immo-invest.ch\\\/fr\\\/#organization\"}}]}\n\t\t<\/script>\n\t\t<!-- All in One SEO -->\n\n","aioseo_head_json":{"title":"Le d\u00e9but des travaux d\u2019extension de la double voie \u00e0 Dietikon est report\u00e9 \u00e0 2028 - immo!nvest - Die Plattform f\u00fcr Standorte und Immobilien","description":"Le d\u00e9but des travaux d'extension \u00e0 double voie de la ligne ferroviaire Bremgarten-Dietikon et de r\u00e9novation de la Bremgartnerstrasse a \u00e9t\u00e9 report\u00e9 \u00e0 l'\u00e9t\u00e9 2028. Ce retard est d\u00fb \u00e0 des oppositions et \u00e0 des adaptations du projet.","canonical_url":"https:\/\/www.immo-invest.ch\/fr\/baustart-fuer-doppelspurausbau-in-dietikon-verschiebt-sich-auf-2028\/","robots":"max-image-preview:large","keywords":"","webmasterTools":{"google-site-verification":"fHJKvgWpZCR2zVBHWfkQeFXC11qieUSff0HGNYfuyLA","miscellaneous":""},"schema":{"@context":"https:\/\/schema.org","@graph":[{"@type":"BlogPosting","@id":"https:\/\/www.immo-invest.ch\/fr\/baustart-fuer-doppelspurausbau-in-dietikon-verschiebt-sich-auf-2028\/#blogposting","name":"Le d\u00e9but des travaux d\u2019extension de la double voie \u00e0 Dietikon est report\u00e9 \u00e0 2028 - immo!nvest - Die Plattform f\u00fcr Standorte und Immobilien","headline":"Le d\u00e9but des travaux d&rsquo;extension de la double voie \u00e0 Dietikon est report\u00e9 \u00e0 2028","author":{"@id":"https:\/\/www.immo-invest.ch\/fr\/author\/immovestuser\/#author"},"publisher":{"@id":"https:\/\/www.immo-invest.ch\/fr\/#organization"},"image":{"@type":"ImageObject","url":"https:\/\/www.immo-invest.ch\/wp-content\/uploads\/2026\/01\/banoviag_realistic_urban_railway_and_street_infrastructure_in_cf23d68c-1758-40b6-9466-76c92ed5664b_1.png","width":1536,"height":768},"datePublished":"2026-02-04T11:30:00+01:00","dateModified":"2026-01-30T13:12:04+01:00","inLanguage":"fr-FR","mainEntityOfPage":{"@id":"https:\/\/www.immo-invest.ch\/fr\/baustart-fuer-doppelspurausbau-in-dietikon-verschiebt-sich-auf-2028\/#webpage"},"isPartOf":{"@id":"https:\/\/www.immo-invest.ch\/fr\/baustart-fuer-doppelspurausbau-in-dietikon-verschiebt-sich-auf-2028\/#webpage"},"articleSection":"immoNews, Mobilit\u00e9, Nouvelle construction, R\u00e9novation, Bahnprojekt, Doppelspurausbau, Einspracheverfahren, Immoinvest, Immoinvest, immoNews, immoNews, News, News, Projektverzoegerung, Verkehrsinfrastruktur, Verkehrsinfrastruktur, Facultatif"},{"@type":"BreadcrumbList","@id":"https:\/\/www.immo-invest.ch\/fr\/baustart-fuer-doppelspurausbau-in-dietikon-verschiebt-sich-auf-2028\/#breadcrumblist","itemListElement":[{"@type":"ListItem","@id":"https:\/\/www.immo-invest.ch\/fr\/#listItem","position":1,"name":"Home","item":"https:\/\/www.immo-invest.ch\/fr\/","nextItem":{"@type":"ListItem","@id":"https:\/\/www.immo-invest.ch\/fr\/categories\/projects\/#listItem","name":"Projects"}},{"@type":"ListItem","@id":"https:\/\/www.immo-invest.ch\/fr\/categories\/projects\/#listItem","position":2,"name":"Projects","item":"https:\/\/www.immo-invest.ch\/fr\/categories\/projects\/","nextItem":{"@type":"ListItem","@id":"https:\/\/www.immo-invest.ch\/fr\/categories\/projects\/renovation\/#listItem","name":"R\u00e9novation"},"previousItem":{"@type":"ListItem","@id":"https:\/\/www.immo-invest.ch\/fr\/#listItem","name":"Home"}},{"@type":"ListItem","@id":"https:\/\/www.immo-invest.ch\/fr\/categories\/projects\/renovation\/#listItem","position":3,"name":"R\u00e9novation","item":"https:\/\/www.immo-invest.ch\/fr\/categories\/projects\/renovation\/","nextItem":{"@type":"ListItem","@id":"https:\/\/www.immo-invest.ch\/fr\/baustart-fuer-doppelspurausbau-in-dietikon-verschiebt-sich-auf-2028\/#listItem","name":"Le d\u00e9but des travaux d&rsquo;extension de la double voie \u00e0 Dietikon est report\u00e9 \u00e0 2028"},"previousItem":{"@type":"ListItem","@id":"https:\/\/www.immo-invest.ch\/fr\/categories\/projects\/#listItem","name":"Projects"}},{"@type":"ListItem","@id":"https:\/\/www.immo-invest.ch\/fr\/baustart-fuer-doppelspurausbau-in-dietikon-verschiebt-sich-auf-2028\/#listItem","position":4,"name":"Le d\u00e9but des travaux d&rsquo;extension de la double voie \u00e0 Dietikon est report\u00e9 \u00e0 2028","previousItem":{"@type":"ListItem","@id":"https:\/\/www.immo-invest.ch\/fr\/categories\/projects\/renovation\/#listItem","name":"R\u00e9novation"}}]},{"@type":"Organization","@id":"https:\/\/www.immo-invest.ch\/fr\/#organization","name":"immo!nvest - Die Plattform f\u00fcr Standorte und Immobilien","description":"Die\u00a0Plattform f\u00fcr Standorte und Immobilien","url":"https:\/\/www.immo-invest.ch\/fr\/","email":"admin@immomedia.ag","telephone":"+41444420002","logo":{"@type":"ImageObject","url":"https:\/\/www.immo-invest.ch\/wp-content\/uploads\/2024\/09\/immoinvest_sm-scaled.jpg","@id":"https:\/\/www.immo-invest.ch\/fr\/baustart-fuer-doppelspurausbau-in-dietikon-verschiebt-sich-auf-2028\/#organizationLogo","width":2560,"height":1340},"image":{"@id":"https:\/\/www.immo-invest.ch\/fr\/baustart-fuer-doppelspurausbau-in-dietikon-verschiebt-sich-auf-2028\/#organizationLogo"},"sameAs":["https:\/\/www.facebook.com\/people\/Immoinvest\/100077962920504\/","https:\/\/x.com\/i\/flow\/login?redirect_after_login=immoinvest_ch","https:\/\/www.instagram.com\/immoinvest_ch\/","https:\/\/www.linkedin.com\/company\/immoinvest-swiss"]},{"@type":"Person","@id":"https:\/\/www.immo-invest.ch\/fr\/author\/immovestuser\/#author","url":"https:\/\/www.immo-invest.ch\/fr\/author\/immovestuser\/","name":"immovestuser","image":{"@type":"ImageObject","@id":"https:\/\/www.immo-invest.ch\/fr\/baustart-fuer-doppelspurausbau-in-dietikon-verschiebt-sich-auf-2028\/#authorImage","url":"https:\/\/secure.gravatar.com\/avatar\/8e01f4d99f2eeea7a362ebb93305e1172a70e9293ba250f897a65c39f54cdd1e?s=96&d=mm&r=g","width":96,"height":96,"caption":"immovestuser"}},{"@type":"WebPage","@id":"https:\/\/www.immo-invest.ch\/fr\/baustart-fuer-doppelspurausbau-in-dietikon-verschiebt-sich-auf-2028\/#webpage","url":"https:\/\/www.immo-invest.ch\/fr\/baustart-fuer-doppelspurausbau-in-dietikon-verschiebt-sich-auf-2028\/","name":"Le d\u00e9but des travaux d\u2019extension de la double voie \u00e0 Dietikon est report\u00e9 \u00e0 2028 - immo!nvest - Die Plattform f\u00fcr Standorte und Immobilien","description":"Le d\u00e9but des travaux d'extension \u00e0 double voie de la ligne ferroviaire Bremgarten-Dietikon et de r\u00e9novation de la Bremgartnerstrasse a \u00e9t\u00e9 report\u00e9 \u00e0 l'\u00e9t\u00e9 2028. Ce retard est d\u00fb \u00e0 des oppositions et \u00e0 des adaptations du projet.","inLanguage":"fr-FR","isPartOf":{"@id":"https:\/\/www.immo-invest.ch\/fr\/#website"},"breadcrumb":{"@id":"https:\/\/www.immo-invest.ch\/fr\/baustart-fuer-doppelspurausbau-in-dietikon-verschiebt-sich-auf-2028\/#breadcrumblist"},"author":{"@id":"https:\/\/www.immo-invest.ch\/fr\/author\/immovestuser\/#author"},"creator":{"@id":"https:\/\/www.immo-invest.ch\/fr\/author\/immovestuser\/#author"},"image":{"@type":"ImageObject","url":"https:\/\/www.immo-invest.ch\/wp-content\/uploads\/2026\/01\/banoviag_realistic_urban_railway_and_street_infrastructure_in_cf23d68c-1758-40b6-9466-76c92ed5664b_1.png","@id":"https:\/\/www.immo-invest.ch\/fr\/baustart-fuer-doppelspurausbau-in-dietikon-verschiebt-sich-auf-2028\/#mainImage","width":1536,"height":768},"primaryImageOfPage":{"@id":"https:\/\/www.immo-invest.ch\/fr\/baustart-fuer-doppelspurausbau-in-dietikon-verschiebt-sich-auf-2028\/#mainImage"},"datePublished":"2026-02-04T11:30:00+01:00","dateModified":"2026-01-30T13:12:04+01:00"},{"@type":"WebSite","@id":"https:\/\/www.immo-invest.ch\/fr\/#website","url":"https:\/\/www.immo-invest.ch\/fr\/","name":"immo!nvest - Die Plattform f\u00fcr Standorte und Immobilien","description":"Die\u00a0Plattform f\u00fcr Standorte und Immobilien","inLanguage":"fr-FR","publisher":{"@id":"https:\/\/www.immo-invest.ch\/fr\/#organization"}}]},"og:locale":"fr_FR","og:site_name":"immo!nvest - Die Plattform f\u00fcr Standorte und Immobilien - Die\u00a0Plattform f\u00fcr Standorte und Immobilien","og:type":"article","og:title":"Le d\u00e9but des travaux d\u2019extension de la double voie \u00e0 Dietikon est report\u00e9 \u00e0 2028 - immo!nvest - Die Plattform f\u00fcr Standorte und Immobilien","og:description":"Le d\u00e9but des travaux d'extension \u00e0 double voie de la ligne ferroviaire Bremgarten-Dietikon et de r\u00e9novation de la Bremgartnerstrasse a \u00e9t\u00e9 report\u00e9 \u00e0 l'\u00e9t\u00e9 2028. Ce retard est d\u00fb \u00e0 des oppositions et \u00e0 des adaptations du projet.","og:url":"https:\/\/www.immo-invest.ch\/fr\/baustart-fuer-doppelspurausbau-in-dietikon-verschiebt-sich-auf-2028\/","og:image":"https:\/\/www.immo-invest.ch\/wp-content\/uploads\/2026\/01\/banoviag_realistic_urban_railway_and_street_infrastructure_in_cf23d68c-1758-40b6-9466-76c92ed5664b_1.png","og:image:secure_url":"https:\/\/www.immo-invest.ch\/wp-content\/uploads\/2026\/01\/banoviag_realistic_urban_railway_and_street_infrastructure_in_cf23d68c-1758-40b6-9466-76c92ed5664b_1.png","og:image:width":1536,"og:image:height":768,"article:published_time":"2026-02-04T10:30:00+00:00","article:modified_time":"2026-01-30T12:12:04+00:00","article:publisher":"https:\/\/www.facebook.com\/people\/Immoinvest\/100077962920504\/","twitter:card":"summary_large_image","twitter:site":"@i","twitter:title":"Le d\u00e9but des travaux d\u2019extension de la double voie \u00e0 Dietikon est report\u00e9 \u00e0 2028 - immo!nvest - Die Plattform f\u00fcr Standorte und Immobilien","twitter:description":"Le d\u00e9but des travaux d'extension \u00e0 double voie de la ligne ferroviaire Bremgarten-Dietikon et de r\u00e9novation de la Bremgartnerstrasse a \u00e9t\u00e9 report\u00e9 \u00e0 l'\u00e9t\u00e9 2028. Ce retard est d\u00fb \u00e0 des oppositions et \u00e0 des adaptations du projet.","twitter:creator":"@i","twitter:image":"https:\/\/www.immo-invest.ch\/wp-content\/uploads\/2026\/01\/banoviag_realistic_urban_railway_and_street_infrastructure_in_cf23d68c-1758-40b6-9466-76c92ed5664b_1.png"},"aioseo_meta_data":{"post_id":"148397","title":null,"description":null,"keywords":null,"keyphrases":{"focus":{"keyphrase":"","score":0,"analysis":{"keyphraseInTitle":{"score":0,"maxScore":9,"error":1}}},"additional":[]},"primary_term":null,"canonical_url":null,"og_title":null,"og_description":null,"og_object_type":"default","og_image_type":"default","og_image_url":null,"og_image_width":null,"og_image_height":null,"og_image_custom_url":null,"og_image_custom_fields":null,"og_video":"","og_custom_url":null,"og_article_section":null,"og_article_tags":null,"twitter_use_og":false,"twitter_card":"default","twitter_image_type":"default","twitter_image_url":null,"twitter_image_custom_url":null,"twitter_image_custom_fields":null,"twitter_title":null,"twitter_description":null,"schema":{"blockGraphs":[],"customGraphs":[],"default":{"data":{"Article":[],"Course":[],"Dataset":[],"FAQPage":[],"Movie":[],"Person":[],"Product":[],"ProductReview":[],"Car":[],"Recipe":[],"Service":[],"SoftwareApplication":[],"WebPage":[]},"graphName":"BlogPosting","isEnabled":true},"graphs":[]},"schema_type":"default","schema_type_options":null,"pillar_content":false,"robots_default":true,"robots_noindex":false,"robots_noarchive":false,"robots_nosnippet":false,"robots_nofollow":false,"robots_noimageindex":false,"robots_noodp":false,"robots_notranslate":false,"robots_max_snippet":"-1","robots_max_videopreview":"-1","robots_max_imagepreview":"large","priority":null,"frequency":"default","local_seo":null,"breadcrumb_settings":null,"limit_modified_date":false,"ai":{"faqs":[],"keyPoints":[],"titles":[],"descriptions":[],"socialPosts":{"email":[],"linkedin":[],"twitter":[],"facebook":[],"instagram":[]}},"created":"2026-01-30 09:57:16","updated":"2026-02-04 10:43:24","seo_analyzer_scan_date":null,"focus_keyword":null,"additional_keywords":null,"truseo_locale":null},"aioseo_breadcrumb":"<div class=\"aioseo-breadcrumbs\"><span class=\"aioseo-breadcrumb\">\n\t\t\t<a href=\"https:\/\/www.immo-invest.ch\/fr\/\" title=\"Home\">Home<\/a>\n\t\t<\/span><span class=\"aioseo-breadcrumb-separator\">&raquo;<\/span><span class=\"aioseo-breadcrumb\">\n\t\t\t<a href=\"https:\/\/www.immo-invest.ch\/fr\/categories\/projects\/\" title=\"Projects\">Projects<\/a>\n\t\t<\/span><span class=\"aioseo-breadcrumb-separator\">&raquo;<\/span><span class=\"aioseo-breadcrumb\">\n\t\t\t<a href=\"https:\/\/www.immo-invest.ch\/fr\/categories\/projects\/renovation\/\" title=\"R\u00e9novation\">R\u00e9novation<\/a>\n\t\t<\/span><span class=\"aioseo-breadcrumb-separator\">&raquo;<\/span><span class=\"aioseo-breadcrumb\">\n\t\t\tLe d\u00e9but des travaux d\u2019extension de la double voie \u00e0 Dietikon est report\u00e9 \u00e0 2028\n\t\t<\/span><\/div>","aioseo_breadcrumb_json":[{"label":"Home","link":"https:\/\/www.immo-invest.ch\/fr\/"},{"label":"Projects","link":"https:\/\/www.immo-invest.ch\/fr\/categories\/projects\/"},{"label":"R\u00e9novation","link":"https:\/\/www.immo-invest.ch\/fr\/categories\/projects\/renovation\/"},{"label":"Le d\u00e9but des travaux d&rsquo;extension de la double voie \u00e0 Dietikon est report\u00e9 \u00e0 2028","link":"https:\/\/www.immo-invest.ch\/fr\/baustart-fuer-doppelspurausbau-in-dietikon-verschiebt-sich-auf-2028\/"}],"featured_image_src":"https:\/\/www.immo-invest.ch\/wp-content\/uploads\/2026\/01\/banoviag_realistic_urban_railway_and_street_infrastructure_in_cf23d68c-1758-40b6-9466-76c92ed5664b_1-336x168.png","_links":{"self":[{"href":"https:\/\/www.immo-invest.ch\/fr\/wp-json\/wp\/v2\/posts\/148397","targetHints":{"allow":["GET"]}}],"collection":[{"href":"https:\/\/www.immo-invest.ch\/fr\/wp-json\/wp\/v2\/posts"}],"about":[{"href":"https:\/\/www.immo-invest.ch\/fr\/wp-json\/wp\/v2\/types\/post"}],"author":[{"embeddable":true,"href":"https:\/\/www.immo-invest.ch\/fr\/wp-json\/wp\/v2\/users\/2"}],"replies":[{"embeddable":true,"href":"https:\/\/www.immo-invest.ch\/fr\/wp-json\/wp\/v2\/comments?post=148397"}],"version-history":[{"count":3,"href":"https:\/\/www.immo-invest.ch\/fr\/wp-json\/wp\/v2\/posts\/148397\/revisions"}],"predecessor-version":[{"id":148412,"href":"https:\/\/www.immo-invest.ch\/fr\/wp-json\/wp\/v2\/posts\/148397\/revisions\/148412"}],"wp:featuredmedia":[{"embeddable":true,"href":"https:\/\/www.immo-invest.ch\/fr\/wp-json\/wp\/v2\/media\/148398"}],"wp:attachment":[{"href":"https:\/\/www.immo-invest.ch\/fr\/wp-json\/wp\/v2\/media?parent=148397"}],"wp:term":[{"taxonomy":"category","embeddable":true,"href":"https:\/\/www.immo-invest.ch\/fr\/wp-json\/wp\/v2\/categories?post=148397"},{"taxonomy":"post_tag","embeddable":true,"href":"https:\/\/www.immo-invest.ch\/fr\/wp-json\/wp\/v2\/tags?post=148397"}],"curies":[{"name":"wp","href":"https:\/\/api.w.org\/{rel}","templated":true}]}}