{"id":148252,"date":"2026-01-30T16:20:00","date_gmt":"2026-01-30T15:20:00","guid":{"rendered":"https:\/\/www.immo-invest.ch\/?p=148252"},"modified":"2026-01-28T10:27:38","modified_gmt":"2026-01-28T09:27:38","slug":"neuordnung-der-fuehrung-im-kuechen-und-lueftungsmarkt","status":"publish","type":"post","link":"https:\/\/www.immo-invest.ch\/fr\/neuordnung-der-fuehrung-im-kuechen-und-lueftungsmarkt\/","title":{"rendered":"R\u00e9organisation de la direction sur le march\u00e9 des cuisines et de la ventilation"},"content":{"rendered":"<p class=\"bodytext\">La poursuite de l&rsquo;int&eacute;gration de <a href=\"https:\/\/www.wesco.ch\/\" target=\"_blank\" rel=\"noopener\">WESCO AG<\/a>, bas&eacute;e &agrave; Wettingen, dans le <a href=\"https:\/\/www.franke.com\/\" target=\"_blank\" rel=\"noopener\">groupe Franke<\/a>, dont le si&egrave;ge est &agrave; Aarburg, entra&icirc;ne une r&eacute;organisation de la direction : Gregory Oswald reviendra chez <a href=\"https:\/\/www.franke.com\/de\/de\/home-solutions.html\" target=\"_blank\" rel=\"noopener\">Franke Home Solutions<\/a> le 1er f&eacute;vrier 2026 en tant que directeur g&eacute;n&eacute;ral pour le march&eacute; DACH. En tant que directeur de cette division du groupe Franke, M. Oswald sera d&eacute;sormais responsable &agrave; la fois de la marque Franke et des marques WESCO <a href=\"https:\/\/www.berbel.de\/\" target=\"_blank\" rel=\"noopener\">berbel<\/a> et Wesco &ndash; &laquo; une base importante pour une collaboration plus &eacute;troite, tandis que les marques continueront &agrave; op&eacute;rer de mani&egrave;re ind&eacute;pendante sur le march&eacute; &raquo;, indique un <a href=\"https:\/\/www.presseportal.ch\/de\/pm\/100053819\/100937891\" target=\"_blank\" rel=\"noopener\">communiqu&eacute;<\/a>.<\/p>\n<p class=\"bodytext\">La division Home Solutions de Franke est un fournisseur mondial de syst&egrave;mes et de solutions intelligents pour les cuisines priv&eacute;es. Avec 4200 employ&eacute;s dans plus de 30 pays, elle r&eacute;alise un chiffre d&rsquo;affaires net de 932 millions de francs suisses. &Acirc;g&eacute; de 45 ans, Gregory Oswald a d&eacute;j&agrave; dirig&eacute; cette division de 2022 &agrave; 2024. Il a ensuite pris la direction du groupe WESCO, qui a &eacute;t&eacute; <a href=\"https:\/\/www.franke.com\/de\/de\/gruppe\/medien\/2024\/erwerb-wesco.html\" target=\"_blank\" rel=\"noopener\">rachet&eacute;<\/a> par Franke en septembre 2024. Fond&eacute; en 1962, le groupe WESCO a son si&egrave;ge &agrave; Wettingen. Cette entreprise familiale est sp&eacute;cialis&eacute;e dans les hottes aspirantes et les syst&egrave;mes de ventilation.<\/p>\n<p class=\"bodytext\">Corrado Mura, PDG par int&eacute;rim et pr&eacute;sident de Franke Home Solutions, explique que &laquo; la connaissance approfondie du march&eacute; DACH ainsi que de la gestion des produits et des marques acquise par Gregory Oswald &agrave; des postes cl&eacute;s au sein de Franke Home Solutions &raquo; est d&eacute;terminante pour le d&eacute;veloppement futur de l&rsquo;entreprise. &laquo; Sa longue exp&eacute;rience nous aidera &agrave; regrouper de mani&egrave;re optimale nos comp&eacute;tences et &agrave; poursuivre notre croissance de mani&egrave;re durable. &raquo;<\/p>\n","protected":false},"excerpt":{"rendered":"<p>Gregory Oswald redeviendra PDG de Franke Home Solutions pour le march\u00e9 DACH \u00e0 compter du 1er f\u00e9vrier 2026. Il a d\u00e9j\u00e0 dirig\u00e9 cette division du groupe argovien Franke de 2022 \u00e0 2024. Il a ensuite occup\u00e9 le poste de PDG de WESCO AG, \u00e0 Wettingen, qui a \u00e9t\u00e9 rachet\u00e9e par Franke en 2024.<\/p>\n","protected":false},"author":2,"featured_media":148253,"comment_status":"open","ping_status":"open","sticky":false,"template":"","format":"standard","meta":{"pmpro_default_level":"","inline_featured_image":false,"_monsterinsights_skip_tracking":false,"footnotes":""},"categories":[22696,4464,743,55970],"tags":[28651,872,3931,56936,56937,56938,2002,56939],"class_list":["post-148252","post","type-post","status-publish","format-standard","has-post-thumbnail","hentry","category-entreprise","category-gens","category-immonews-fr","category-transactions-deals","tag-geschaeftsfuehrung-fr","tag-immoinvest-fr","tag-immonews-fr","tag-kuechenloesungen","tag-lueftungssysteme","tag-markenstrategie","tag-news-fr","tag-unternehmensintegration","pmpro-has-access"],"acf":{"bild_mit_ki_erstellt_worden":["Ja"],"lead":"Gregory Oswald redeviendra PDG de Franke Home Solutions pour le march\u00e9 DACH \u00e0 compter du 1er f\u00e9vrier 2026. Il a d\u00e9j\u00e0 dirig\u00e9 cette division du groupe argovien Franke de 2022 \u00e0 2024. Il a ensuite occup\u00e9 le poste de PDG de WESCO AG, \u00e0 Wettingen, qui a \u00e9t\u00e9 rachet\u00e9e par Franke en 2024.","autor":"ce\/mm","ort":"Aarburg\/Wettingen AG","bildunterschrift":"","bild_im_grid":false,"gallerie":"","newsim":""},"aioseo_notices":[],"aioseo_head":"\n\t\t<!-- All in One SEO 5.0.0.1 - aioseo.com -->\n\t<meta name=\"description\" content=\"Gregory Oswald redeviendra PDG de Franke Home Solutions pour le march\u00e9 DACH \u00e0 compter du 1er f\u00e9vrier 2026. Il a d\u00e9j\u00e0 dirig\u00e9 cette division du groupe argovien Franke de 2022 \u00e0 2024. Il a ensuite occup\u00e9 le poste de PDG de WESCO AG, \u00e0 Wettingen, qui a \u00e9t\u00e9 rachet\u00e9e par Franke en 2024.\" \/>\n\t<meta name=\"robots\" content=\"max-image-preview:large\" \/>\n\t<meta name=\"author\" content=\"immovestuser\"\/>\n\t<meta name=\"google-site-verification\" content=\"fHJKvgWpZCR2zVBHWfkQeFXC11qieUSff0HGNYfuyLA\" \/>\n\t<link rel=\"canonical\" href=\"https:\/\/www.immo-invest.ch\/fr\/neuordnung-der-fuehrung-im-kuechen-und-lueftungsmarkt\/\" \/>\n\t<meta name=\"generator\" content=\"All in One SEO (AIOSEO) 5.0.0.1\" \/>\n\t\t<meta property=\"og:locale\" content=\"fr_FR\" \/>\n\t\t<meta property=\"og:site_name\" content=\"immo!nvest - Die Plattform f\u00fcr Standorte und Immobilien - Die\u00a0Plattform f\u00fcr Standorte und Immobilien\" \/>\n\t\t<meta property=\"og:type\" content=\"article\" \/>\n\t\t<meta property=\"og:title\" content=\"R\u00e9organisation de la direction sur le march\u00e9 des cuisines et de la ventilation - immo!nvest - Die Plattform f\u00fcr Standorte und Immobilien\" \/>\n\t\t<meta property=\"og:description\" content=\"Gregory Oswald redeviendra PDG de Franke Home Solutions pour le march\u00e9 DACH \u00e0 compter du 1er f\u00e9vrier 2026. Il a d\u00e9j\u00e0 dirig\u00e9 cette division du groupe argovien Franke de 2022 \u00e0 2024. Il a ensuite occup\u00e9 le poste de PDG de WESCO AG, \u00e0 Wettingen, qui a \u00e9t\u00e9 rachet\u00e9e par Franke en 2024.\" \/>\n\t\t<meta property=\"og:url\" content=\"https:\/\/www.immo-invest.ch\/fr\/neuordnung-der-fuehrung-im-kuechen-und-lueftungsmarkt\/\" \/>\n\t\t<meta property=\"og:image\" content=\"https:\/\/www.immo-invest.ch\/wp-content\/uploads\/2026\/01\/banoviag_realistic_modern_corporate_office_interior_executive_38d051d9-7041-476b-b1a6-29a22e115f55_1.png\" \/>\n\t\t<meta property=\"og:image:secure_url\" content=\"https:\/\/www.immo-invest.ch\/wp-content\/uploads\/2026\/01\/banoviag_realistic_modern_corporate_office_interior_executive_38d051d9-7041-476b-b1a6-29a22e115f55_1.png\" \/>\n\t\t<meta property=\"og:image:width\" content=\"1536\" \/>\n\t\t<meta property=\"og:image:height\" content=\"768\" \/>\n\t\t<meta property=\"article:published_time\" content=\"2026-01-30T15:20:00+00:00\" \/>\n\t\t<meta property=\"article:modified_time\" content=\"2026-01-28T09:27:38+00:00\" \/>\n\t\t<meta property=\"article:publisher\" content=\"https:\/\/www.facebook.com\/people\/Immoinvest\/100077962920504\/\" \/>\n\t\t<meta name=\"twitter:card\" content=\"summary_large_image\" \/>\n\t\t<meta name=\"twitter:site\" content=\"@i\" \/>\n\t\t<meta name=\"twitter:title\" content=\"R\u00e9organisation de la direction sur le march\u00e9 des cuisines et de la ventilation - immo!nvest - Die Plattform f\u00fcr Standorte und Immobilien\" \/>\n\t\t<meta name=\"twitter:description\" content=\"Gregory Oswald redeviendra PDG de Franke Home Solutions pour le march\u00e9 DACH \u00e0 compter du 1er f\u00e9vrier 2026. Il a d\u00e9j\u00e0 dirig\u00e9 cette division du groupe argovien Franke de 2022 \u00e0 2024. Il a ensuite occup\u00e9 le poste de PDG de WESCO AG, \u00e0 Wettingen, qui a \u00e9t\u00e9 rachet\u00e9e par Franke en 2024.\" \/>\n\t\t<meta name=\"twitter:creator\" content=\"@i\" \/>\n\t\t<meta name=\"twitter:image\" content=\"https:\/\/www.immo-invest.ch\/wp-content\/uploads\/2026\/01\/banoviag_realistic_modern_corporate_office_interior_executive_38d051d9-7041-476b-b1a6-29a22e115f55_1.png\" \/>\n\t\t<script type=\"application\/ld+json\" class=\"aioseo-schema\">\n\t\t\t{\"@context\":\"https:\\\/\\\/schema.org\",\"@graph\":[{\"@type\":\"BlogPosting\",\"@id\":\"https:\\\/\\\/www.immo-invest.ch\\\/fr\\\/neuordnung-der-fuehrung-im-kuechen-und-lueftungsmarkt\\\/#blogposting\",\"name\":\"R\\u00e9organisation de la direction sur le march\\u00e9 des cuisines et de la ventilation - immo!nvest - Die Plattform f\\u00fcr Standorte und Immobilien\",\"headline\":\"R\\u00e9organisation de la direction sur le march\\u00e9 des cuisines et de la ventilation\",\"author\":{\"@id\":\"https:\\\/\\\/www.immo-invest.ch\\\/fr\\\/author\\\/immovestuser\\\/#author\"},\"publisher\":{\"@id\":\"https:\\\/\\\/www.immo-invest.ch\\\/fr\\\/#organization\"},\"image\":{\"@type\":\"ImageObject\",\"url\":\"https:\\\/\\\/www.immo-invest.ch\\\/wp-content\\\/uploads\\\/2026\\\/01\\\/banoviag_realistic_modern_corporate_office_interior_executive_38d051d9-7041-476b-b1a6-29a22e115f55_1.png\",\"width\":1536,\"height\":768},\"datePublished\":\"2026-01-30T16:20:00+01:00\",\"dateModified\":\"2026-01-28T10:27:38+01:00\",\"inLanguage\":\"fr-FR\",\"mainEntityOfPage\":{\"@id\":\"https:\\\/\\\/www.immo-invest.ch\\\/fr\\\/neuordnung-der-fuehrung-im-kuechen-und-lueftungsmarkt\\\/#webpage\"},\"isPartOf\":{\"@id\":\"https:\\\/\\\/www.immo-invest.ch\\\/fr\\\/neuordnung-der-fuehrung-im-kuechen-und-lueftungsmarkt\\\/#webpage\"},\"articleSection\":\"Entreprise, Gens, immoNews, Transactions \\\/ Deals, Gesch\\u00e4ftsf\\u00fchrung, Immoinvest, immoNews, K\\u00fcchenl\\u00f6sungen, L\\u00fcftungssysteme, Markenstrategie, News, Unternehmensintegration, Facultatif\"},{\"@type\":\"BreadcrumbList\",\"@id\":\"https:\\\/\\\/www.immo-invest.ch\\\/fr\\\/neuordnung-der-fuehrung-im-kuechen-und-lueftungsmarkt\\\/#breadcrumblist\",\"itemListElement\":[{\"@type\":\"ListItem\",\"@id\":\"https:\\\/\\\/www.immo-invest.ch\\\/fr\\\/#listItem\",\"position\":1,\"name\":\"Home\",\"item\":\"https:\\\/\\\/www.immo-invest.ch\\\/fr\\\/\",\"nextItem\":{\"@type\":\"ListItem\",\"@id\":\"https:\\\/\\\/www.immo-invest.ch\\\/fr\\\/categories\\\/personnes\\\/#listItem\",\"name\":\"Personnes\"}},{\"@type\":\"ListItem\",\"@id\":\"https:\\\/\\\/www.immo-invest.ch\\\/fr\\\/categories\\\/personnes\\\/#listItem\",\"position\":2,\"name\":\"Personnes\",\"item\":\"https:\\\/\\\/www.immo-invest.ch\\\/fr\\\/categories\\\/personnes\\\/\",\"nextItem\":{\"@type\":\"ListItem\",\"@id\":\"https:\\\/\\\/www.immo-invest.ch\\\/fr\\\/categories\\\/personnes\\\/gens\\\/#listItem\",\"name\":\"Gens\"},\"previousItem\":{\"@type\":\"ListItem\",\"@id\":\"https:\\\/\\\/www.immo-invest.ch\\\/fr\\\/#listItem\",\"name\":\"Home\"}},{\"@type\":\"ListItem\",\"@id\":\"https:\\\/\\\/www.immo-invest.ch\\\/fr\\\/categories\\\/personnes\\\/gens\\\/#listItem\",\"position\":3,\"name\":\"Gens\",\"item\":\"https:\\\/\\\/www.immo-invest.ch\\\/fr\\\/categories\\\/personnes\\\/gens\\\/\",\"nextItem\":{\"@type\":\"ListItem\",\"@id\":\"https:\\\/\\\/www.immo-invest.ch\\\/fr\\\/neuordnung-der-fuehrung-im-kuechen-und-lueftungsmarkt\\\/#listItem\",\"name\":\"R\\u00e9organisation de la direction sur le march\\u00e9 des cuisines et de la ventilation\"},\"previousItem\":{\"@type\":\"ListItem\",\"@id\":\"https:\\\/\\\/www.immo-invest.ch\\\/fr\\\/categories\\\/personnes\\\/#listItem\",\"name\":\"Personnes\"}},{\"@type\":\"ListItem\",\"@id\":\"https:\\\/\\\/www.immo-invest.ch\\\/fr\\\/neuordnung-der-fuehrung-im-kuechen-und-lueftungsmarkt\\\/#listItem\",\"position\":4,\"name\":\"R\\u00e9organisation de la direction sur le march\\u00e9 des cuisines et de la ventilation\",\"previousItem\":{\"@type\":\"ListItem\",\"@id\":\"https:\\\/\\\/www.immo-invest.ch\\\/fr\\\/categories\\\/personnes\\\/gens\\\/#listItem\",\"name\":\"Gens\"}}]},{\"@type\":\"Organization\",\"@id\":\"https:\\\/\\\/www.immo-invest.ch\\\/fr\\\/#organization\",\"name\":\"immo!nvest - Die Plattform f\\u00fcr Standorte und Immobilien\",\"description\":\"Die\\u00a0Plattform f\\u00fcr Standorte und Immobilien\",\"url\":\"https:\\\/\\\/www.immo-invest.ch\\\/fr\\\/\",\"email\":\"admin@immomedia.ag\",\"telephone\":\"+41444420002\",\"logo\":{\"@type\":\"ImageObject\",\"url\":\"https:\\\/\\\/www.immo-invest.ch\\\/wp-content\\\/uploads\\\/2024\\\/09\\\/immoinvest_sm-scaled.jpg\",\"@id\":\"https:\\\/\\\/www.immo-invest.ch\\\/fr\\\/neuordnung-der-fuehrung-im-kuechen-und-lueftungsmarkt\\\/#organizationLogo\",\"width\":2560,\"height\":1340},\"image\":{\"@id\":\"https:\\\/\\\/www.immo-invest.ch\\\/fr\\\/neuordnung-der-fuehrung-im-kuechen-und-lueftungsmarkt\\\/#organizationLogo\"},\"sameAs\":[\"https:\\\/\\\/www.facebook.com\\\/people\\\/Immoinvest\\\/100077962920504\\\/\",\"https:\\\/\\\/x.com\\\/i\\\/flow\\\/login?redirect_after_login=immoinvest_ch\",\"https:\\\/\\\/www.instagram.com\\\/immoinvest_ch\\\/\",\"https:\\\/\\\/www.linkedin.com\\\/company\\\/immoinvest-swiss\"]},{\"@type\":\"Person\",\"@id\":\"https:\\\/\\\/www.immo-invest.ch\\\/fr\\\/author\\\/immovestuser\\\/#author\",\"url\":\"https:\\\/\\\/www.immo-invest.ch\\\/fr\\\/author\\\/immovestuser\\\/\",\"name\":\"immovestuser\",\"image\":{\"@type\":\"ImageObject\",\"@id\":\"https:\\\/\\\/www.immo-invest.ch\\\/fr\\\/neuordnung-der-fuehrung-im-kuechen-und-lueftungsmarkt\\\/#authorImage\",\"url\":\"https:\\\/\\\/secure.gravatar.com\\\/avatar\\\/8e01f4d99f2eeea7a362ebb93305e1172a70e9293ba250f897a65c39f54cdd1e?s=96&d=mm&r=g\",\"width\":96,\"height\":96,\"caption\":\"immovestuser\"}},{\"@type\":\"WebPage\",\"@id\":\"https:\\\/\\\/www.immo-invest.ch\\\/fr\\\/neuordnung-der-fuehrung-im-kuechen-und-lueftungsmarkt\\\/#webpage\",\"url\":\"https:\\\/\\\/www.immo-invest.ch\\\/fr\\\/neuordnung-der-fuehrung-im-kuechen-und-lueftungsmarkt\\\/\",\"name\":\"R\\u00e9organisation de la direction sur le march\\u00e9 des cuisines et de la ventilation - immo!nvest - Die Plattform f\\u00fcr Standorte und Immobilien\",\"description\":\"Gregory Oswald redeviendra PDG de Franke Home Solutions pour le march\\u00e9 DACH \\u00e0 compter du 1er f\\u00e9vrier 2026. Il a d\\u00e9j\\u00e0 dirig\\u00e9 cette division du groupe argovien Franke de 2022 \\u00e0 2024. Il a ensuite occup\\u00e9 le poste de PDG de WESCO AG, \\u00e0 Wettingen, qui a \\u00e9t\\u00e9 rachet\\u00e9e par Franke en 2024.\",\"inLanguage\":\"fr-FR\",\"isPartOf\":{\"@id\":\"https:\\\/\\\/www.immo-invest.ch\\\/fr\\\/#website\"},\"breadcrumb\":{\"@id\":\"https:\\\/\\\/www.immo-invest.ch\\\/fr\\\/neuordnung-der-fuehrung-im-kuechen-und-lueftungsmarkt\\\/#breadcrumblist\"},\"author\":{\"@id\":\"https:\\\/\\\/www.immo-invest.ch\\\/fr\\\/author\\\/immovestuser\\\/#author\"},\"creator\":{\"@id\":\"https:\\\/\\\/www.immo-invest.ch\\\/fr\\\/author\\\/immovestuser\\\/#author\"},\"image\":{\"@type\":\"ImageObject\",\"url\":\"https:\\\/\\\/www.immo-invest.ch\\\/wp-content\\\/uploads\\\/2026\\\/01\\\/banoviag_realistic_modern_corporate_office_interior_executive_38d051d9-7041-476b-b1a6-29a22e115f55_1.png\",\"@id\":\"https:\\\/\\\/www.immo-invest.ch\\\/fr\\\/neuordnung-der-fuehrung-im-kuechen-und-lueftungsmarkt\\\/#mainImage\",\"width\":1536,\"height\":768},\"primaryImageOfPage\":{\"@id\":\"https:\\\/\\\/www.immo-invest.ch\\\/fr\\\/neuordnung-der-fuehrung-im-kuechen-und-lueftungsmarkt\\\/#mainImage\"},\"datePublished\":\"2026-01-30T16:20:00+01:00\",\"dateModified\":\"2026-01-28T10:27:38+01:00\"},{\"@type\":\"WebSite\",\"@id\":\"https:\\\/\\\/www.immo-invest.ch\\\/fr\\\/#website\",\"url\":\"https:\\\/\\\/www.immo-invest.ch\\\/fr\\\/\",\"name\":\"immo!nvest - Die Plattform f\\u00fcr Standorte und Immobilien\",\"description\":\"Die\\u00a0Plattform f\\u00fcr Standorte und Immobilien\",\"inLanguage\":\"fr-FR\",\"publisher\":{\"@id\":\"https:\\\/\\\/www.immo-invest.ch\\\/fr\\\/#organization\"}}]}\n\t\t<\/script>\n\t\t<!-- All in One SEO -->\n\n","aioseo_head_json":{"title":"R\u00e9organisation de la direction sur le march\u00e9 des cuisines et de la ventilation - immo!nvest - Die Plattform f\u00fcr Standorte und Immobilien","description":"Gregory Oswald redeviendra PDG de Franke Home Solutions pour le march\u00e9 DACH \u00e0 compter du 1er f\u00e9vrier 2026. Il a d\u00e9j\u00e0 dirig\u00e9 cette division du groupe argovien Franke de 2022 \u00e0 2024. Il a ensuite occup\u00e9 le poste de PDG de WESCO AG, \u00e0 Wettingen, qui a \u00e9t\u00e9 rachet\u00e9e par Franke en 2024.","canonical_url":"https:\/\/www.immo-invest.ch\/fr\/neuordnung-der-fuehrung-im-kuechen-und-lueftungsmarkt\/","robots":"max-image-preview:large","keywords":"","webmasterTools":{"google-site-verification":"fHJKvgWpZCR2zVBHWfkQeFXC11qieUSff0HGNYfuyLA","miscellaneous":""},"schema":{"@context":"https:\/\/schema.org","@graph":[{"@type":"BlogPosting","@id":"https:\/\/www.immo-invest.ch\/fr\/neuordnung-der-fuehrung-im-kuechen-und-lueftungsmarkt\/#blogposting","name":"R\u00e9organisation de la direction sur le march\u00e9 des cuisines et de la ventilation - immo!nvest - Die Plattform f\u00fcr Standorte und Immobilien","headline":"R\u00e9organisation de la direction sur le march\u00e9 des cuisines et de la ventilation","author":{"@id":"https:\/\/www.immo-invest.ch\/fr\/author\/immovestuser\/#author"},"publisher":{"@id":"https:\/\/www.immo-invest.ch\/fr\/#organization"},"image":{"@type":"ImageObject","url":"https:\/\/www.immo-invest.ch\/wp-content\/uploads\/2026\/01\/banoviag_realistic_modern_corporate_office_interior_executive_38d051d9-7041-476b-b1a6-29a22e115f55_1.png","width":1536,"height":768},"datePublished":"2026-01-30T16:20:00+01:00","dateModified":"2026-01-28T10:27:38+01:00","inLanguage":"fr-FR","mainEntityOfPage":{"@id":"https:\/\/www.immo-invest.ch\/fr\/neuordnung-der-fuehrung-im-kuechen-und-lueftungsmarkt\/#webpage"},"isPartOf":{"@id":"https:\/\/www.immo-invest.ch\/fr\/neuordnung-der-fuehrung-im-kuechen-und-lueftungsmarkt\/#webpage"},"articleSection":"Entreprise, Gens, immoNews, Transactions \/ Deals, Gesch\u00e4ftsf\u00fchrung, Immoinvest, immoNews, K\u00fcchenl\u00f6sungen, L\u00fcftungssysteme, Markenstrategie, News, Unternehmensintegration, Facultatif"},{"@type":"BreadcrumbList","@id":"https:\/\/www.immo-invest.ch\/fr\/neuordnung-der-fuehrung-im-kuechen-und-lueftungsmarkt\/#breadcrumblist","itemListElement":[{"@type":"ListItem","@id":"https:\/\/www.immo-invest.ch\/fr\/#listItem","position":1,"name":"Home","item":"https:\/\/www.immo-invest.ch\/fr\/","nextItem":{"@type":"ListItem","@id":"https:\/\/www.immo-invest.ch\/fr\/categories\/personnes\/#listItem","name":"Personnes"}},{"@type":"ListItem","@id":"https:\/\/www.immo-invest.ch\/fr\/categories\/personnes\/#listItem","position":2,"name":"Personnes","item":"https:\/\/www.immo-invest.ch\/fr\/categories\/personnes\/","nextItem":{"@type":"ListItem","@id":"https:\/\/www.immo-invest.ch\/fr\/categories\/personnes\/gens\/#listItem","name":"Gens"},"previousItem":{"@type":"ListItem","@id":"https:\/\/www.immo-invest.ch\/fr\/#listItem","name":"Home"}},{"@type":"ListItem","@id":"https:\/\/www.immo-invest.ch\/fr\/categories\/personnes\/gens\/#listItem","position":3,"name":"Gens","item":"https:\/\/www.immo-invest.ch\/fr\/categories\/personnes\/gens\/","nextItem":{"@type":"ListItem","@id":"https:\/\/www.immo-invest.ch\/fr\/neuordnung-der-fuehrung-im-kuechen-und-lueftungsmarkt\/#listItem","name":"R\u00e9organisation de la direction sur le march\u00e9 des cuisines et de la ventilation"},"previousItem":{"@type":"ListItem","@id":"https:\/\/www.immo-invest.ch\/fr\/categories\/personnes\/#listItem","name":"Personnes"}},{"@type":"ListItem","@id":"https:\/\/www.immo-invest.ch\/fr\/neuordnung-der-fuehrung-im-kuechen-und-lueftungsmarkt\/#listItem","position":4,"name":"R\u00e9organisation de la direction sur le march\u00e9 des cuisines et de la ventilation","previousItem":{"@type":"ListItem","@id":"https:\/\/www.immo-invest.ch\/fr\/categories\/personnes\/gens\/#listItem","name":"Gens"}}]},{"@type":"Organization","@id":"https:\/\/www.immo-invest.ch\/fr\/#organization","name":"immo!nvest - Die Plattform f\u00fcr Standorte und Immobilien","description":"Die\u00a0Plattform f\u00fcr Standorte und Immobilien","url":"https:\/\/www.immo-invest.ch\/fr\/","email":"admin@immomedia.ag","telephone":"+41444420002","logo":{"@type":"ImageObject","url":"https:\/\/www.immo-invest.ch\/wp-content\/uploads\/2024\/09\/immoinvest_sm-scaled.jpg","@id":"https:\/\/www.immo-invest.ch\/fr\/neuordnung-der-fuehrung-im-kuechen-und-lueftungsmarkt\/#organizationLogo","width":2560,"height":1340},"image":{"@id":"https:\/\/www.immo-invest.ch\/fr\/neuordnung-der-fuehrung-im-kuechen-und-lueftungsmarkt\/#organizationLogo"},"sameAs":["https:\/\/www.facebook.com\/people\/Immoinvest\/100077962920504\/","https:\/\/x.com\/i\/flow\/login?redirect_after_login=immoinvest_ch","https:\/\/www.instagram.com\/immoinvest_ch\/","https:\/\/www.linkedin.com\/company\/immoinvest-swiss"]},{"@type":"Person","@id":"https:\/\/www.immo-invest.ch\/fr\/author\/immovestuser\/#author","url":"https:\/\/www.immo-invest.ch\/fr\/author\/immovestuser\/","name":"immovestuser","image":{"@type":"ImageObject","@id":"https:\/\/www.immo-invest.ch\/fr\/neuordnung-der-fuehrung-im-kuechen-und-lueftungsmarkt\/#authorImage","url":"https:\/\/secure.gravatar.com\/avatar\/8e01f4d99f2eeea7a362ebb93305e1172a70e9293ba250f897a65c39f54cdd1e?s=96&d=mm&r=g","width":96,"height":96,"caption":"immovestuser"}},{"@type":"WebPage","@id":"https:\/\/www.immo-invest.ch\/fr\/neuordnung-der-fuehrung-im-kuechen-und-lueftungsmarkt\/#webpage","url":"https:\/\/www.immo-invest.ch\/fr\/neuordnung-der-fuehrung-im-kuechen-und-lueftungsmarkt\/","name":"R\u00e9organisation de la direction sur le march\u00e9 des cuisines et de la ventilation - immo!nvest - Die Plattform f\u00fcr Standorte und Immobilien","description":"Gregory Oswald redeviendra PDG de Franke Home Solutions pour le march\u00e9 DACH \u00e0 compter du 1er f\u00e9vrier 2026. Il a d\u00e9j\u00e0 dirig\u00e9 cette division du groupe argovien Franke de 2022 \u00e0 2024. Il a ensuite occup\u00e9 le poste de PDG de WESCO AG, \u00e0 Wettingen, qui a \u00e9t\u00e9 rachet\u00e9e par Franke en 2024.","inLanguage":"fr-FR","isPartOf":{"@id":"https:\/\/www.immo-invest.ch\/fr\/#website"},"breadcrumb":{"@id":"https:\/\/www.immo-invest.ch\/fr\/neuordnung-der-fuehrung-im-kuechen-und-lueftungsmarkt\/#breadcrumblist"},"author":{"@id":"https:\/\/www.immo-invest.ch\/fr\/author\/immovestuser\/#author"},"creator":{"@id":"https:\/\/www.immo-invest.ch\/fr\/author\/immovestuser\/#author"},"image":{"@type":"ImageObject","url":"https:\/\/www.immo-invest.ch\/wp-content\/uploads\/2026\/01\/banoviag_realistic_modern_corporate_office_interior_executive_38d051d9-7041-476b-b1a6-29a22e115f55_1.png","@id":"https:\/\/www.immo-invest.ch\/fr\/neuordnung-der-fuehrung-im-kuechen-und-lueftungsmarkt\/#mainImage","width":1536,"height":768},"primaryImageOfPage":{"@id":"https:\/\/www.immo-invest.ch\/fr\/neuordnung-der-fuehrung-im-kuechen-und-lueftungsmarkt\/#mainImage"},"datePublished":"2026-01-30T16:20:00+01:00","dateModified":"2026-01-28T10:27:38+01:00"},{"@type":"WebSite","@id":"https:\/\/www.immo-invest.ch\/fr\/#website","url":"https:\/\/www.immo-invest.ch\/fr\/","name":"immo!nvest - Die Plattform f\u00fcr Standorte und Immobilien","description":"Die\u00a0Plattform f\u00fcr Standorte und Immobilien","inLanguage":"fr-FR","publisher":{"@id":"https:\/\/www.immo-invest.ch\/fr\/#organization"}}]},"og:locale":"fr_FR","og:site_name":"immo!nvest - Die Plattform f\u00fcr Standorte und Immobilien - Die\u00a0Plattform f\u00fcr Standorte und Immobilien","og:type":"article","og:title":"R\u00e9organisation de la direction sur le march\u00e9 des cuisines et de la ventilation - immo!nvest - Die Plattform f\u00fcr Standorte und Immobilien","og:description":"Gregory Oswald redeviendra PDG de Franke Home Solutions pour le march\u00e9 DACH \u00e0 compter du 1er f\u00e9vrier 2026. Il a d\u00e9j\u00e0 dirig\u00e9 cette division du groupe argovien Franke de 2022 \u00e0 2024. Il a ensuite occup\u00e9 le poste de PDG de WESCO AG, \u00e0 Wettingen, qui a \u00e9t\u00e9 rachet\u00e9e par Franke en 2024.","og:url":"https:\/\/www.immo-invest.ch\/fr\/neuordnung-der-fuehrung-im-kuechen-und-lueftungsmarkt\/","og:image":"https:\/\/www.immo-invest.ch\/wp-content\/uploads\/2026\/01\/banoviag_realistic_modern_corporate_office_interior_executive_38d051d9-7041-476b-b1a6-29a22e115f55_1.png","og:image:secure_url":"https:\/\/www.immo-invest.ch\/wp-content\/uploads\/2026\/01\/banoviag_realistic_modern_corporate_office_interior_executive_38d051d9-7041-476b-b1a6-29a22e115f55_1.png","og:image:width":1536,"og:image:height":768,"article:published_time":"2026-01-30T15:20:00+00:00","article:modified_time":"2026-01-28T09:27:38+00:00","article:publisher":"https:\/\/www.facebook.com\/people\/Immoinvest\/100077962920504\/","twitter:card":"summary_large_image","twitter:site":"@i","twitter:title":"R\u00e9organisation de la direction sur le march\u00e9 des cuisines et de la ventilation - immo!nvest - Die Plattform f\u00fcr Standorte und Immobilien","twitter:description":"Gregory Oswald redeviendra PDG de Franke Home Solutions pour le march\u00e9 DACH \u00e0 compter du 1er f\u00e9vrier 2026. Il a d\u00e9j\u00e0 dirig\u00e9 cette division du groupe argovien Franke de 2022 \u00e0 2024. Il a ensuite occup\u00e9 le poste de PDG de WESCO AG, \u00e0 Wettingen, qui a \u00e9t\u00e9 rachet\u00e9e par Franke en 2024.","twitter:creator":"@i","twitter:image":"https:\/\/www.immo-invest.ch\/wp-content\/uploads\/2026\/01\/banoviag_realistic_modern_corporate_office_interior_executive_38d051d9-7041-476b-b1a6-29a22e115f55_1.png"},"aioseo_meta_data":{"post_id":"148252","title":null,"description":null,"keywords":null,"keyphrases":{"focus":{"keyphrase":"","score":0,"analysis":{"keyphraseInTitle":{"score":0,"maxScore":9,"error":1}}},"additional":[]},"primary_term":null,"canonical_url":null,"og_title":null,"og_description":null,"og_object_type":"default","og_image_type":"default","og_image_url":null,"og_image_width":null,"og_image_height":null,"og_image_custom_url":null,"og_image_custom_fields":null,"og_video":"","og_custom_url":null,"og_article_section":null,"og_article_tags":null,"twitter_use_og":false,"twitter_card":"default","twitter_image_type":"default","twitter_image_url":null,"twitter_image_custom_url":null,"twitter_image_custom_fields":null,"twitter_title":null,"twitter_description":null,"schema":{"blockGraphs":[],"customGraphs":[],"default":{"data":{"Article":[],"Course":[],"Dataset":[],"FAQPage":[],"Movie":[],"Person":[],"Product":[],"ProductReview":[],"Car":[],"Recipe":[],"Service":[],"SoftwareApplication":[],"WebPage":[]},"graphName":"BlogPosting","isEnabled":true},"graphs":[]},"schema_type":"default","schema_type_options":null,"pillar_content":false,"robots_default":true,"robots_noindex":false,"robots_noarchive":false,"robots_nosnippet":false,"robots_nofollow":false,"robots_noimageindex":false,"robots_noodp":false,"robots_notranslate":false,"robots_max_snippet":"-1","robots_max_videopreview":"-1","robots_max_imagepreview":"large","priority":null,"frequency":"default","local_seo":null,"breadcrumb_settings":null,"limit_modified_date":false,"ai":{"faqs":[],"keyPoints":[],"titles":[],"descriptions":[],"socialPosts":{"email":[],"linkedin":[],"twitter":[],"facebook":[],"instagram":[]}},"created":"2026-01-28 09:27:43","updated":"2026-01-30 15:25:43","seo_analyzer_scan_date":null,"focus_keyword":null,"additional_keywords":null,"truseo_locale":null},"aioseo_breadcrumb":"<div class=\"aioseo-breadcrumbs\"><span class=\"aioseo-breadcrumb\">\n\t\t\t<a href=\"https:\/\/www.immo-invest.ch\/fr\/\" title=\"Home\">Home<\/a>\n\t\t<\/span><span class=\"aioseo-breadcrumb-separator\">&raquo;<\/span><span class=\"aioseo-breadcrumb\">\n\t\t\t<a href=\"https:\/\/www.immo-invest.ch\/fr\/categories\/personnes\/\" title=\"Personnes\">Personnes<\/a>\n\t\t<\/span><span class=\"aioseo-breadcrumb-separator\">&raquo;<\/span><span class=\"aioseo-breadcrumb\">\n\t\t\t<a href=\"https:\/\/www.immo-invest.ch\/fr\/categories\/personnes\/gens\/\" title=\"Gens\">Gens<\/a>\n\t\t<\/span><span class=\"aioseo-breadcrumb-separator\">&raquo;<\/span><span class=\"aioseo-breadcrumb\">\n\t\t\tR\u00e9organisation de la direction sur le march\u00e9 des cuisines et de la ventilation\n\t\t<\/span><\/div>","aioseo_breadcrumb_json":[{"label":"Home","link":"https:\/\/www.immo-invest.ch\/fr\/"},{"label":"Personnes","link":"https:\/\/www.immo-invest.ch\/fr\/categories\/personnes\/"},{"label":"Gens","link":"https:\/\/www.immo-invest.ch\/fr\/categories\/personnes\/gens\/"},{"label":"R\u00e9organisation de la direction sur le march\u00e9 des cuisines et de la ventilation","link":"https:\/\/www.immo-invest.ch\/fr\/neuordnung-der-fuehrung-im-kuechen-und-lueftungsmarkt\/"}],"featured_image_src":"https:\/\/www.immo-invest.ch\/wp-content\/uploads\/2026\/01\/banoviag_realistic_modern_corporate_office_interior_executive_38d051d9-7041-476b-b1a6-29a22e115f55_1-336x168.png","_links":{"self":[{"href":"https:\/\/www.immo-invest.ch\/fr\/wp-json\/wp\/v2\/posts\/148252","targetHints":{"allow":["GET"]}}],"collection":[{"href":"https:\/\/www.immo-invest.ch\/fr\/wp-json\/wp\/v2\/posts"}],"about":[{"href":"https:\/\/www.immo-invest.ch\/fr\/wp-json\/wp\/v2\/types\/post"}],"author":[{"embeddable":true,"href":"https:\/\/www.immo-invest.ch\/fr\/wp-json\/wp\/v2\/users\/2"}],"replies":[{"embeddable":true,"href":"https:\/\/www.immo-invest.ch\/fr\/wp-json\/wp\/v2\/comments?post=148252"}],"version-history":[{"count":2,"href":"https:\/\/www.immo-invest.ch\/fr\/wp-json\/wp\/v2\/posts\/148252\/revisions"}],"predecessor-version":[{"id":148260,"href":"https:\/\/www.immo-invest.ch\/fr\/wp-json\/wp\/v2\/posts\/148252\/revisions\/148260"}],"wp:featuredmedia":[{"embeddable":true,"href":"https:\/\/www.immo-invest.ch\/fr\/wp-json\/wp\/v2\/media\/148253"}],"wp:attachment":[{"href":"https:\/\/www.immo-invest.ch\/fr\/wp-json\/wp\/v2\/media?parent=148252"}],"wp:term":[{"taxonomy":"category","embeddable":true,"href":"https:\/\/www.immo-invest.ch\/fr\/wp-json\/wp\/v2\/categories?post=148252"},{"taxonomy":"post_tag","embeddable":true,"href":"https:\/\/www.immo-invest.ch\/fr\/wp-json\/wp\/v2\/tags?post=148252"}],"curies":[{"name":"wp","href":"https:\/\/api.w.org\/{rel}","templated":true}]}}