{"id":148142,"date":"2026-01-29T11:30:00","date_gmt":"2026-01-29T10:30:00","guid":{"rendered":"https:\/\/www.immo-invest.ch\/?p=148142"},"modified":"2026-02-09T08:25:46","modified_gmt":"2026-02-09T07:25:46","slug":"neue-kraefteverhaeltnisse-bei-modularen-raumloesungen","status":"publish","type":"post","link":"https:\/\/www.immo-invest.ch\/fr\/neue-kraefteverhaeltnisse-bei-modularen-raumloesungen\/","title":{"rendered":"Nouvel \u00e9quilibre des forces dans les solutions d&rsquo;am\u00e9nagement modulaires"},"content":{"rendered":"<p>Selon un communiqu&eacute;, le <a href=\"https:\/\/www.alho-gruppe.com\/de\/\">groupe Condecta<\/a> reprend du groupe allemand <a href=\"https:\/\/www.alho-gruppe.com\/de\/\">ALHO<\/a>, bas&eacute; &agrave; Friesenhagen, l&rsquo;ensemble du parc suisse de location FAGSI ainsi que toutes les activit&eacute;s associ&eacute;es en Suisse. Cette reprise inclut &eacute;galement le <a href=\"https:\/\/www.alho-gruppe.com\/de\/\">site de Wikon<\/a>, dans le canton de Lucerne. L&rsquo;entreprise de Winterthour reprend ainsi l&rsquo;ensemble du parc suisse de <a href=\"https:\/\/www.alho-gruppe.com\/de\/\">conteneurs de location FAGSI<\/a>. FAGSI est une marque du groupe ALHO sp&eacute;cialis&eacute;e dans la vente et la location de b&acirc;timents modulaires et temporaires pour les villes, les communes et l&rsquo;industrie, en particulier les bureaux, les &eacute;coles, les cr&egrave;ches et les logements temporaires haut de gamme.<\/p>\n<p class=\"bodytext\">Le site de Wikon dispose d&rsquo;une surface de production et de stockage d&rsquo;environ 12 000 m&egrave;tres carr&eacute;s ainsi que d&rsquo;une flotte de location de 1 150 conteneurs FAGSI. Il est pr&eacute;vu de le transformer en centre de comp&eacute;tence pour les solutions d&rsquo;espace mobiles haut de gamme. Selon Condecta, &laquo; cela permettra de cr&eacute;er les bases n&eacute;cessaires pour r&eacute;aliser efficacement des projets plus importants et plus complexes &agrave; partir d&rsquo;une source unique, ce qui repr&eacute;sente une valeur ajout&eacute;e &eacute;vidente pour les clients des secteurs de l&rsquo;industrie, de l&rsquo;administration, de l&rsquo;&eacute;ducation et de la sant&eacute; &raquo;. Selon les informations disponibles, les relations avec les clients existants, les projets en cours et les contrats de location seront poursuivis sans interruption. Les interlocuteurs et les processus resteront &eacute;galement les m&ecirc;mes.<\/p>\n<p class=\"bodytext\">&laquo; La reprise des activit&eacute;s suisses de FAGSI est une &eacute;tape importante pour le d&eacute;veloppement de Condecta &raquo;, d&eacute;clare Olivier W. Annaheim, PDG de Condecta. &laquo; Nous renfor&ccedil;ons notre activit&eacute; principale, &eacute;largissons notre offre haut de gamme et investissons de mani&egrave;re cibl&eacute;e dans des comp&eacute;tences suppl&eacute;mentaires. Le site de Wikon jouera un r&ocirc;le central dans le d&eacute;veloppement de la qualit&eacute;, de la <span class=\"glossaryLink\" aria-describedby=\"tt\" data-cmtooltip=\"&lt;div class=glossaryItemTitle&gt;Performance&lt;\/div&gt;&lt;div class=glossaryItemBody&gt;Wertentwicklung eines Portfolios&lt;\/div&gt;\" data-mobile-support=\"0\" data-gt-translate-attributes='[{\"attribute\":\"data-cmtooltip\", \"format\":\"html\"}]' tabindex=\"0\" role=\"link\">performance<\/span> et de la fiabilit&eacute; des livraisons en Suisse. &raquo;<\/p>\n","protected":false},"excerpt":{"rendered":"<p>Le groupe Condecta rach\u00e8te au groupe ALHO l&rsquo;ensemble de la flotte suisse de conteneurs de location FAGSI. Le site FAGSI de Wikon est transform\u00e9 en centre d\u00e9di\u00e9 aux solutions d&rsquo;espaces mobiles haut de gamme. Condecta souhaite ainsi r\u00e9aliser \u00e0 l&rsquo;avenir des projets plus importants et plus complexes.<\/p>\n","protected":false},"author":2,"featured_media":148143,"comment_status":"open","ping_status":"open","sticky":false,"template":"","format":"standard","meta":{"pmpro_default_level":"","inline_featured_image":false,"_monsterinsights_skip_tracking":false,"footnotes":""},"categories":[55994,743,22357,55970],"tags":[2573,56872,872,3931,56873,56874,2002,56875],"class_list":["post-148142","post","type-post","status-publish","format-standard","has-post-thumbnail","hentry","category-bureaux-commercial","category-immonews-fr","category-industrie-du-batiment","category-transactions-deals","tag-bauwirtschaft-fr","tag-containerbauten","tag-immoinvest-fr","tag-immonews-fr","tag-industrielle-fertigung","tag-modulare-raumloesungen","tag-news-fr","tag-temporaere-gebaeude","pmpro-has-access"],"acf":{"bild_mit_ki_erstellt_worden":["Ja"],"lead":"Le groupe Condecta rach\u00e8te au groupe ALHO l'ensemble de la flotte suisse de conteneurs de location FAGSI. Le site FAGSI de Wikon est transform\u00e9 en centre d\u00e9di\u00e9 aux solutions d'espaces mobiles haut de gamme. Condecta souhaite ainsi r\u00e9aliser \u00e0 l'avenir des projets plus importants et plus complexes.","autor":"ce\/mm","ort":"Winterthur\/Wikon LU","bildunterschrift":"","bild_im_grid":false,"gallerie":"","newsim":""},"aioseo_notices":[],"aioseo_head":"\n\t\t<!-- All in One SEO 5.0.0.1 - aioseo.com -->\n\t<meta name=\"description\" content=\"Le groupe Condecta rach\u00e8te au groupe ALHO l&#039;ensemble de la flotte suisse de conteneurs de location FAGSI. Le site FAGSI de Wikon est transform\u00e9 en centre d\u00e9di\u00e9 aux solutions d&#039;espaces mobiles haut de gamme. Condecta souhaite ainsi r\u00e9aliser \u00e0 l&#039;avenir des projets plus importants et plus complexes.\" \/>\n\t<meta name=\"robots\" content=\"max-image-preview:large\" \/>\n\t<meta name=\"author\" content=\"immovestuser\"\/>\n\t<meta name=\"google-site-verification\" content=\"fHJKvgWpZCR2zVBHWfkQeFXC11qieUSff0HGNYfuyLA\" \/>\n\t<link rel=\"canonical\" href=\"https:\/\/www.immo-invest.ch\/fr\/neue-kraefteverhaeltnisse-bei-modularen-raumloesungen\/\" \/>\n\t<meta name=\"generator\" content=\"All in One SEO (AIOSEO) 5.0.0.1\" \/>\n\t\t<meta property=\"og:locale\" content=\"fr_FR\" \/>\n\t\t<meta property=\"og:site_name\" content=\"immo!nvest - Die Plattform f\u00fcr Standorte und Immobilien - Die\u00a0Plattform f\u00fcr Standorte und Immobilien\" \/>\n\t\t<meta property=\"og:type\" content=\"article\" \/>\n\t\t<meta property=\"og:title\" content=\"Nouvel \u00e9quilibre des forces dans les solutions d\u2019am\u00e9nagement modulaires - immo!nvest - Die Plattform f\u00fcr Standorte und Immobilien\" \/>\n\t\t<meta property=\"og:description\" content=\"Le groupe Condecta rach\u00e8te au groupe ALHO l&#039;ensemble de la flotte suisse de conteneurs de location FAGSI. Le site FAGSI de Wikon est transform\u00e9 en centre d\u00e9di\u00e9 aux solutions d&#039;espaces mobiles haut de gamme. Condecta souhaite ainsi r\u00e9aliser \u00e0 l&#039;avenir des projets plus importants et plus complexes.\" \/>\n\t\t<meta property=\"og:url\" content=\"https:\/\/www.immo-invest.ch\/fr\/neue-kraefteverhaeltnisse-bei-modularen-raumloesungen\/\" \/>\n\t\t<meta property=\"og:image\" content=\"https:\/\/www.immo-invest.ch\/wp-content\/uploads\/2026\/01\/banoviag_realistic_modular_container_buildings_arranged_as_of_4c003f32-3e6e-499d-bdfc-b8b11abff7df_1.png\" \/>\n\t\t<meta property=\"og:image:secure_url\" content=\"https:\/\/www.immo-invest.ch\/wp-content\/uploads\/2026\/01\/banoviag_realistic_modular_container_buildings_arranged_as_of_4c003f32-3e6e-499d-bdfc-b8b11abff7df_1.png\" \/>\n\t\t<meta property=\"og:image:width\" content=\"1536\" \/>\n\t\t<meta property=\"og:image:height\" content=\"768\" \/>\n\t\t<meta property=\"article:published_time\" content=\"2026-01-29T10:30:00+00:00\" \/>\n\t\t<meta property=\"article:modified_time\" content=\"2026-02-09T07:25:46+00:00\" \/>\n\t\t<meta property=\"article:publisher\" content=\"https:\/\/www.facebook.com\/people\/Immoinvest\/100077962920504\/\" \/>\n\t\t<meta name=\"twitter:card\" content=\"summary_large_image\" \/>\n\t\t<meta name=\"twitter:site\" content=\"@i\" \/>\n\t\t<meta name=\"twitter:title\" content=\"Nouvel \u00e9quilibre des forces dans les solutions d\u2019am\u00e9nagement modulaires - immo!nvest - Die Plattform f\u00fcr Standorte und Immobilien\" \/>\n\t\t<meta name=\"twitter:description\" content=\"Le groupe Condecta rach\u00e8te au groupe ALHO l&#039;ensemble de la flotte suisse de conteneurs de location FAGSI. Le site FAGSI de Wikon est transform\u00e9 en centre d\u00e9di\u00e9 aux solutions d&#039;espaces mobiles haut de gamme. Condecta souhaite ainsi r\u00e9aliser \u00e0 l&#039;avenir des projets plus importants et plus complexes.\" \/>\n\t\t<meta name=\"twitter:creator\" content=\"@i\" \/>\n\t\t<meta name=\"twitter:image\" content=\"https:\/\/www.immo-invest.ch\/wp-content\/uploads\/2026\/01\/banoviag_realistic_modular_container_buildings_arranged_as_of_4c003f32-3e6e-499d-bdfc-b8b11abff7df_1.png\" \/>\n\t\t<script type=\"application\/ld+json\" class=\"aioseo-schema\">\n\t\t\t{\"@context\":\"https:\\\/\\\/schema.org\",\"@graph\":[{\"@type\":\"BlogPosting\",\"@id\":\"https:\\\/\\\/www.immo-invest.ch\\\/fr\\\/neue-kraefteverhaeltnisse-bei-modularen-raumloesungen\\\/#blogposting\",\"name\":\"Nouvel \\u00e9quilibre des forces dans les solutions d\\u2019am\\u00e9nagement modulaires - immo!nvest - Die Plattform f\\u00fcr Standorte und Immobilien\",\"headline\":\"Nouvel \\u00e9quilibre des forces dans les solutions d&rsquo;am\\u00e9nagement modulaires\",\"author\":{\"@id\":\"https:\\\/\\\/www.immo-invest.ch\\\/fr\\\/author\\\/immovestuser\\\/#author\"},\"publisher\":{\"@id\":\"https:\\\/\\\/www.immo-invest.ch\\\/fr\\\/#organization\"},\"image\":{\"@type\":\"ImageObject\",\"url\":\"https:\\\/\\\/www.immo-invest.ch\\\/wp-content\\\/uploads\\\/2026\\\/01\\\/banoviag_realistic_modular_container_buildings_arranged_as_of_4c003f32-3e6e-499d-bdfc-b8b11abff7df_1.png\",\"width\":1536,\"height\":768},\"datePublished\":\"2026-01-29T11:30:00+01:00\",\"dateModified\":\"2026-02-09T08:25:46+01:00\",\"inLanguage\":\"fr-FR\",\"mainEntityOfPage\":{\"@id\":\"https:\\\/\\\/www.immo-invest.ch\\\/fr\\\/neue-kraefteverhaeltnisse-bei-modularen-raumloesungen\\\/#webpage\"},\"isPartOf\":{\"@id\":\"https:\\\/\\\/www.immo-invest.ch\\\/fr\\\/neue-kraefteverhaeltnisse-bei-modularen-raumloesungen\\\/#webpage\"},\"articleSection\":\"Bureaux \\\/ Commercial, immoNews, Industrie du b\\u00e2timent, Transactions \\\/ Deals, Bauwirtschaft, Containerbauten, Immoinvest, immoNews, industrielle Fertigung, modulare Raumloesungen, News, temporaere Gebaeude, Facultatif\"},{\"@type\":\"BreadcrumbList\",\"@id\":\"https:\\\/\\\/www.immo-invest.ch\\\/fr\\\/neue-kraefteverhaeltnisse-bei-modularen-raumloesungen\\\/#breadcrumblist\",\"itemListElement\":[{\"@type\":\"ListItem\",\"@id\":\"https:\\\/\\\/www.immo-invest.ch\\\/fr\\\/#listItem\",\"position\":1,\"name\":\"Home\",\"item\":\"https:\\\/\\\/www.immo-invest.ch\\\/fr\\\/\",\"nextItem\":{\"@type\":\"ListItem\",\"@id\":\"https:\\\/\\\/www.immo-invest.ch\\\/fr\\\/categories\\\/trends-fr\\\/#listItem\",\"name\":\"Trends\"}},{\"@type\":\"ListItem\",\"@id\":\"https:\\\/\\\/www.immo-invest.ch\\\/fr\\\/categories\\\/trends-fr\\\/#listItem\",\"position\":2,\"name\":\"Trends\",\"item\":\"https:\\\/\\\/www.immo-invest.ch\\\/fr\\\/categories\\\/trends-fr\\\/\",\"nextItem\":{\"@type\":\"ListItem\",\"@id\":\"https:\\\/\\\/www.immo-invest.ch\\\/fr\\\/categories\\\/trends-fr\\\/industrie-du-batiment\\\/#listItem\",\"name\":\"Industrie du b\\u00e2timent\"},\"previousItem\":{\"@type\":\"ListItem\",\"@id\":\"https:\\\/\\\/www.immo-invest.ch\\\/fr\\\/#listItem\",\"name\":\"Home\"}},{\"@type\":\"ListItem\",\"@id\":\"https:\\\/\\\/www.immo-invest.ch\\\/fr\\\/categories\\\/trends-fr\\\/industrie-du-batiment\\\/#listItem\",\"position\":3,\"name\":\"Industrie du b\\u00e2timent\",\"item\":\"https:\\\/\\\/www.immo-invest.ch\\\/fr\\\/categories\\\/trends-fr\\\/industrie-du-batiment\\\/\",\"nextItem\":{\"@type\":\"ListItem\",\"@id\":\"https:\\\/\\\/www.immo-invest.ch\\\/fr\\\/neue-kraefteverhaeltnisse-bei-modularen-raumloesungen\\\/#listItem\",\"name\":\"Nouvel \\u00e9quilibre des forces dans les solutions d&rsquo;am\\u00e9nagement modulaires\"},\"previousItem\":{\"@type\":\"ListItem\",\"@id\":\"https:\\\/\\\/www.immo-invest.ch\\\/fr\\\/categories\\\/trends-fr\\\/#listItem\",\"name\":\"Trends\"}},{\"@type\":\"ListItem\",\"@id\":\"https:\\\/\\\/www.immo-invest.ch\\\/fr\\\/neue-kraefteverhaeltnisse-bei-modularen-raumloesungen\\\/#listItem\",\"position\":4,\"name\":\"Nouvel \\u00e9quilibre des forces dans les solutions d&rsquo;am\\u00e9nagement modulaires\",\"previousItem\":{\"@type\":\"ListItem\",\"@id\":\"https:\\\/\\\/www.immo-invest.ch\\\/fr\\\/categories\\\/trends-fr\\\/industrie-du-batiment\\\/#listItem\",\"name\":\"Industrie du b\\u00e2timent\"}}]},{\"@type\":\"Organization\",\"@id\":\"https:\\\/\\\/www.immo-invest.ch\\\/fr\\\/#organization\",\"name\":\"immo!nvest - Die Plattform f\\u00fcr Standorte und Immobilien\",\"description\":\"Die\\u00a0Plattform f\\u00fcr Standorte und Immobilien\",\"url\":\"https:\\\/\\\/www.immo-invest.ch\\\/fr\\\/\",\"email\":\"admin@immomedia.ag\",\"telephone\":\"+41444420002\",\"logo\":{\"@type\":\"ImageObject\",\"url\":\"https:\\\/\\\/www.immo-invest.ch\\\/wp-content\\\/uploads\\\/2024\\\/09\\\/immoinvest_sm-scaled.jpg\",\"@id\":\"https:\\\/\\\/www.immo-invest.ch\\\/fr\\\/neue-kraefteverhaeltnisse-bei-modularen-raumloesungen\\\/#organizationLogo\",\"width\":2560,\"height\":1340},\"image\":{\"@id\":\"https:\\\/\\\/www.immo-invest.ch\\\/fr\\\/neue-kraefteverhaeltnisse-bei-modularen-raumloesungen\\\/#organizationLogo\"},\"sameAs\":[\"https:\\\/\\\/www.facebook.com\\\/people\\\/Immoinvest\\\/100077962920504\\\/\",\"https:\\\/\\\/x.com\\\/i\\\/flow\\\/login?redirect_after_login=immoinvest_ch\",\"https:\\\/\\\/www.instagram.com\\\/immoinvest_ch\\\/\",\"https:\\\/\\\/www.linkedin.com\\\/company\\\/immoinvest-swiss\"]},{\"@type\":\"Person\",\"@id\":\"https:\\\/\\\/www.immo-invest.ch\\\/fr\\\/author\\\/immovestuser\\\/#author\",\"url\":\"https:\\\/\\\/www.immo-invest.ch\\\/fr\\\/author\\\/immovestuser\\\/\",\"name\":\"immovestuser\",\"image\":{\"@type\":\"ImageObject\",\"@id\":\"https:\\\/\\\/www.immo-invest.ch\\\/fr\\\/neue-kraefteverhaeltnisse-bei-modularen-raumloesungen\\\/#authorImage\",\"url\":\"https:\\\/\\\/secure.gravatar.com\\\/avatar\\\/8e01f4d99f2eeea7a362ebb93305e1172a70e9293ba250f897a65c39f54cdd1e?s=96&d=mm&r=g\",\"width\":96,\"height\":96,\"caption\":\"immovestuser\"}},{\"@type\":\"WebPage\",\"@id\":\"https:\\\/\\\/www.immo-invest.ch\\\/fr\\\/neue-kraefteverhaeltnisse-bei-modularen-raumloesungen\\\/#webpage\",\"url\":\"https:\\\/\\\/www.immo-invest.ch\\\/fr\\\/neue-kraefteverhaeltnisse-bei-modularen-raumloesungen\\\/\",\"name\":\"Nouvel \\u00e9quilibre des forces dans les solutions d\\u2019am\\u00e9nagement modulaires - immo!nvest - Die Plattform f\\u00fcr Standorte und Immobilien\",\"description\":\"Le groupe Condecta rach\\u00e8te au groupe ALHO l'ensemble de la flotte suisse de conteneurs de location FAGSI. Le site FAGSI de Wikon est transform\\u00e9 en centre d\\u00e9di\\u00e9 aux solutions d'espaces mobiles haut de gamme. Condecta souhaite ainsi r\\u00e9aliser \\u00e0 l'avenir des projets plus importants et plus complexes.\",\"inLanguage\":\"fr-FR\",\"isPartOf\":{\"@id\":\"https:\\\/\\\/www.immo-invest.ch\\\/fr\\\/#website\"},\"breadcrumb\":{\"@id\":\"https:\\\/\\\/www.immo-invest.ch\\\/fr\\\/neue-kraefteverhaeltnisse-bei-modularen-raumloesungen\\\/#breadcrumblist\"},\"author\":{\"@id\":\"https:\\\/\\\/www.immo-invest.ch\\\/fr\\\/author\\\/immovestuser\\\/#author\"},\"creator\":{\"@id\":\"https:\\\/\\\/www.immo-invest.ch\\\/fr\\\/author\\\/immovestuser\\\/#author\"},\"image\":{\"@type\":\"ImageObject\",\"url\":\"https:\\\/\\\/www.immo-invest.ch\\\/wp-content\\\/uploads\\\/2026\\\/01\\\/banoviag_realistic_modular_container_buildings_arranged_as_of_4c003f32-3e6e-499d-bdfc-b8b11abff7df_1.png\",\"@id\":\"https:\\\/\\\/www.immo-invest.ch\\\/fr\\\/neue-kraefteverhaeltnisse-bei-modularen-raumloesungen\\\/#mainImage\",\"width\":1536,\"height\":768},\"primaryImageOfPage\":{\"@id\":\"https:\\\/\\\/www.immo-invest.ch\\\/fr\\\/neue-kraefteverhaeltnisse-bei-modularen-raumloesungen\\\/#mainImage\"},\"datePublished\":\"2026-01-29T11:30:00+01:00\",\"dateModified\":\"2026-02-09T08:25:46+01:00\"},{\"@type\":\"WebSite\",\"@id\":\"https:\\\/\\\/www.immo-invest.ch\\\/fr\\\/#website\",\"url\":\"https:\\\/\\\/www.immo-invest.ch\\\/fr\\\/\",\"name\":\"immo!nvest - Die Plattform f\\u00fcr Standorte und Immobilien\",\"description\":\"Die\\u00a0Plattform f\\u00fcr Standorte und Immobilien\",\"inLanguage\":\"fr-FR\",\"publisher\":{\"@id\":\"https:\\\/\\\/www.immo-invest.ch\\\/fr\\\/#organization\"}}]}\n\t\t<\/script>\n\t\t<!-- All in One SEO -->\n\n","aioseo_head_json":{"title":"Nouvel \u00e9quilibre des forces dans les solutions d\u2019am\u00e9nagement modulaires - immo!nvest - Die Plattform f\u00fcr Standorte und Immobilien","description":"Le groupe Condecta rach\u00e8te au groupe ALHO l'ensemble de la flotte suisse de conteneurs de location FAGSI. Le site FAGSI de Wikon est transform\u00e9 en centre d\u00e9di\u00e9 aux solutions d'espaces mobiles haut de gamme. Condecta souhaite ainsi r\u00e9aliser \u00e0 l'avenir des projets plus importants et plus complexes.","canonical_url":"https:\/\/www.immo-invest.ch\/fr\/neue-kraefteverhaeltnisse-bei-modularen-raumloesungen\/","robots":"max-image-preview:large","keywords":"","webmasterTools":{"google-site-verification":"fHJKvgWpZCR2zVBHWfkQeFXC11qieUSff0HGNYfuyLA","miscellaneous":""},"schema":{"@context":"https:\/\/schema.org","@graph":[{"@type":"BlogPosting","@id":"https:\/\/www.immo-invest.ch\/fr\/neue-kraefteverhaeltnisse-bei-modularen-raumloesungen\/#blogposting","name":"Nouvel \u00e9quilibre des forces dans les solutions d\u2019am\u00e9nagement modulaires - immo!nvest - Die Plattform f\u00fcr Standorte und Immobilien","headline":"Nouvel \u00e9quilibre des forces dans les solutions d&rsquo;am\u00e9nagement modulaires","author":{"@id":"https:\/\/www.immo-invest.ch\/fr\/author\/immovestuser\/#author"},"publisher":{"@id":"https:\/\/www.immo-invest.ch\/fr\/#organization"},"image":{"@type":"ImageObject","url":"https:\/\/www.immo-invest.ch\/wp-content\/uploads\/2026\/01\/banoviag_realistic_modular_container_buildings_arranged_as_of_4c003f32-3e6e-499d-bdfc-b8b11abff7df_1.png","width":1536,"height":768},"datePublished":"2026-01-29T11:30:00+01:00","dateModified":"2026-02-09T08:25:46+01:00","inLanguage":"fr-FR","mainEntityOfPage":{"@id":"https:\/\/www.immo-invest.ch\/fr\/neue-kraefteverhaeltnisse-bei-modularen-raumloesungen\/#webpage"},"isPartOf":{"@id":"https:\/\/www.immo-invest.ch\/fr\/neue-kraefteverhaeltnisse-bei-modularen-raumloesungen\/#webpage"},"articleSection":"Bureaux \/ Commercial, immoNews, Industrie du b\u00e2timent, Transactions \/ Deals, Bauwirtschaft, Containerbauten, Immoinvest, immoNews, industrielle Fertigung, modulare Raumloesungen, News, temporaere Gebaeude, Facultatif"},{"@type":"BreadcrumbList","@id":"https:\/\/www.immo-invest.ch\/fr\/neue-kraefteverhaeltnisse-bei-modularen-raumloesungen\/#breadcrumblist","itemListElement":[{"@type":"ListItem","@id":"https:\/\/www.immo-invest.ch\/fr\/#listItem","position":1,"name":"Home","item":"https:\/\/www.immo-invest.ch\/fr\/","nextItem":{"@type":"ListItem","@id":"https:\/\/www.immo-invest.ch\/fr\/categories\/trends-fr\/#listItem","name":"Trends"}},{"@type":"ListItem","@id":"https:\/\/www.immo-invest.ch\/fr\/categories\/trends-fr\/#listItem","position":2,"name":"Trends","item":"https:\/\/www.immo-invest.ch\/fr\/categories\/trends-fr\/","nextItem":{"@type":"ListItem","@id":"https:\/\/www.immo-invest.ch\/fr\/categories\/trends-fr\/industrie-du-batiment\/#listItem","name":"Industrie du b\u00e2timent"},"previousItem":{"@type":"ListItem","@id":"https:\/\/www.immo-invest.ch\/fr\/#listItem","name":"Home"}},{"@type":"ListItem","@id":"https:\/\/www.immo-invest.ch\/fr\/categories\/trends-fr\/industrie-du-batiment\/#listItem","position":3,"name":"Industrie du b\u00e2timent","item":"https:\/\/www.immo-invest.ch\/fr\/categories\/trends-fr\/industrie-du-batiment\/","nextItem":{"@type":"ListItem","@id":"https:\/\/www.immo-invest.ch\/fr\/neue-kraefteverhaeltnisse-bei-modularen-raumloesungen\/#listItem","name":"Nouvel \u00e9quilibre des forces dans les solutions d&rsquo;am\u00e9nagement modulaires"},"previousItem":{"@type":"ListItem","@id":"https:\/\/www.immo-invest.ch\/fr\/categories\/trends-fr\/#listItem","name":"Trends"}},{"@type":"ListItem","@id":"https:\/\/www.immo-invest.ch\/fr\/neue-kraefteverhaeltnisse-bei-modularen-raumloesungen\/#listItem","position":4,"name":"Nouvel \u00e9quilibre des forces dans les solutions d&rsquo;am\u00e9nagement modulaires","previousItem":{"@type":"ListItem","@id":"https:\/\/www.immo-invest.ch\/fr\/categories\/trends-fr\/industrie-du-batiment\/#listItem","name":"Industrie du b\u00e2timent"}}]},{"@type":"Organization","@id":"https:\/\/www.immo-invest.ch\/fr\/#organization","name":"immo!nvest - Die Plattform f\u00fcr Standorte und Immobilien","description":"Die\u00a0Plattform f\u00fcr Standorte und Immobilien","url":"https:\/\/www.immo-invest.ch\/fr\/","email":"admin@immomedia.ag","telephone":"+41444420002","logo":{"@type":"ImageObject","url":"https:\/\/www.immo-invest.ch\/wp-content\/uploads\/2024\/09\/immoinvest_sm-scaled.jpg","@id":"https:\/\/www.immo-invest.ch\/fr\/neue-kraefteverhaeltnisse-bei-modularen-raumloesungen\/#organizationLogo","width":2560,"height":1340},"image":{"@id":"https:\/\/www.immo-invest.ch\/fr\/neue-kraefteverhaeltnisse-bei-modularen-raumloesungen\/#organizationLogo"},"sameAs":["https:\/\/www.facebook.com\/people\/Immoinvest\/100077962920504\/","https:\/\/x.com\/i\/flow\/login?redirect_after_login=immoinvest_ch","https:\/\/www.instagram.com\/immoinvest_ch\/","https:\/\/www.linkedin.com\/company\/immoinvest-swiss"]},{"@type":"Person","@id":"https:\/\/www.immo-invest.ch\/fr\/author\/immovestuser\/#author","url":"https:\/\/www.immo-invest.ch\/fr\/author\/immovestuser\/","name":"immovestuser","image":{"@type":"ImageObject","@id":"https:\/\/www.immo-invest.ch\/fr\/neue-kraefteverhaeltnisse-bei-modularen-raumloesungen\/#authorImage","url":"https:\/\/secure.gravatar.com\/avatar\/8e01f4d99f2eeea7a362ebb93305e1172a70e9293ba250f897a65c39f54cdd1e?s=96&d=mm&r=g","width":96,"height":96,"caption":"immovestuser"}},{"@type":"WebPage","@id":"https:\/\/www.immo-invest.ch\/fr\/neue-kraefteverhaeltnisse-bei-modularen-raumloesungen\/#webpage","url":"https:\/\/www.immo-invest.ch\/fr\/neue-kraefteverhaeltnisse-bei-modularen-raumloesungen\/","name":"Nouvel \u00e9quilibre des forces dans les solutions d\u2019am\u00e9nagement modulaires - immo!nvest - Die Plattform f\u00fcr Standorte und Immobilien","description":"Le groupe Condecta rach\u00e8te au groupe ALHO l'ensemble de la flotte suisse de conteneurs de location FAGSI. Le site FAGSI de Wikon est transform\u00e9 en centre d\u00e9di\u00e9 aux solutions d'espaces mobiles haut de gamme. Condecta souhaite ainsi r\u00e9aliser \u00e0 l'avenir des projets plus importants et plus complexes.","inLanguage":"fr-FR","isPartOf":{"@id":"https:\/\/www.immo-invest.ch\/fr\/#website"},"breadcrumb":{"@id":"https:\/\/www.immo-invest.ch\/fr\/neue-kraefteverhaeltnisse-bei-modularen-raumloesungen\/#breadcrumblist"},"author":{"@id":"https:\/\/www.immo-invest.ch\/fr\/author\/immovestuser\/#author"},"creator":{"@id":"https:\/\/www.immo-invest.ch\/fr\/author\/immovestuser\/#author"},"image":{"@type":"ImageObject","url":"https:\/\/www.immo-invest.ch\/wp-content\/uploads\/2026\/01\/banoviag_realistic_modular_container_buildings_arranged_as_of_4c003f32-3e6e-499d-bdfc-b8b11abff7df_1.png","@id":"https:\/\/www.immo-invest.ch\/fr\/neue-kraefteverhaeltnisse-bei-modularen-raumloesungen\/#mainImage","width":1536,"height":768},"primaryImageOfPage":{"@id":"https:\/\/www.immo-invest.ch\/fr\/neue-kraefteverhaeltnisse-bei-modularen-raumloesungen\/#mainImage"},"datePublished":"2026-01-29T11:30:00+01:00","dateModified":"2026-02-09T08:25:46+01:00"},{"@type":"WebSite","@id":"https:\/\/www.immo-invest.ch\/fr\/#website","url":"https:\/\/www.immo-invest.ch\/fr\/","name":"immo!nvest - Die Plattform f\u00fcr Standorte und Immobilien","description":"Die\u00a0Plattform f\u00fcr Standorte und Immobilien","inLanguage":"fr-FR","publisher":{"@id":"https:\/\/www.immo-invest.ch\/fr\/#organization"}}]},"og:locale":"fr_FR","og:site_name":"immo!nvest - Die Plattform f\u00fcr Standorte und Immobilien - Die\u00a0Plattform f\u00fcr Standorte und Immobilien","og:type":"article","og:title":"Nouvel \u00e9quilibre des forces dans les solutions d\u2019am\u00e9nagement modulaires - immo!nvest - Die Plattform f\u00fcr Standorte und Immobilien","og:description":"Le groupe Condecta rach\u00e8te au groupe ALHO l'ensemble de la flotte suisse de conteneurs de location FAGSI. Le site FAGSI de Wikon est transform\u00e9 en centre d\u00e9di\u00e9 aux solutions d'espaces mobiles haut de gamme. Condecta souhaite ainsi r\u00e9aliser \u00e0 l'avenir des projets plus importants et plus complexes.","og:url":"https:\/\/www.immo-invest.ch\/fr\/neue-kraefteverhaeltnisse-bei-modularen-raumloesungen\/","og:image":"https:\/\/www.immo-invest.ch\/wp-content\/uploads\/2026\/01\/banoviag_realistic_modular_container_buildings_arranged_as_of_4c003f32-3e6e-499d-bdfc-b8b11abff7df_1.png","og:image:secure_url":"https:\/\/www.immo-invest.ch\/wp-content\/uploads\/2026\/01\/banoviag_realistic_modular_container_buildings_arranged_as_of_4c003f32-3e6e-499d-bdfc-b8b11abff7df_1.png","og:image:width":1536,"og:image:height":768,"article:published_time":"2026-01-29T10:30:00+00:00","article:modified_time":"2026-02-09T07:25:46+00:00","article:publisher":"https:\/\/www.facebook.com\/people\/Immoinvest\/100077962920504\/","twitter:card":"summary_large_image","twitter:site":"@i","twitter:title":"Nouvel \u00e9quilibre des forces dans les solutions d\u2019am\u00e9nagement modulaires - immo!nvest - Die Plattform f\u00fcr Standorte und Immobilien","twitter:description":"Le groupe Condecta rach\u00e8te au groupe ALHO l'ensemble de la flotte suisse de conteneurs de location FAGSI. Le site FAGSI de Wikon est transform\u00e9 en centre d\u00e9di\u00e9 aux solutions d'espaces mobiles haut de gamme. Condecta souhaite ainsi r\u00e9aliser \u00e0 l'avenir des projets plus importants et plus complexes.","twitter:creator":"@i","twitter:image":"https:\/\/www.immo-invest.ch\/wp-content\/uploads\/2026\/01\/banoviag_realistic_modular_container_buildings_arranged_as_of_4c003f32-3e6e-499d-bdfc-b8b11abff7df_1.png"},"aioseo_meta_data":{"post_id":"148142","title":null,"description":null,"keywords":null,"keyphrases":{"focus":{"keyphrase":"","score":0,"analysis":{"keyphraseInTitle":{"score":0,"maxScore":9,"error":1}}},"additional":[]},"primary_term":null,"canonical_url":null,"og_title":null,"og_description":null,"og_object_type":"default","og_image_type":"default","og_image_url":null,"og_image_width":null,"og_image_height":null,"og_image_custom_url":null,"og_image_custom_fields":null,"og_video":"","og_custom_url":null,"og_article_section":null,"og_article_tags":null,"twitter_use_og":false,"twitter_card":"default","twitter_image_type":"default","twitter_image_url":null,"twitter_image_custom_url":null,"twitter_image_custom_fields":null,"twitter_title":null,"twitter_description":null,"schema":{"blockGraphs":[],"customGraphs":[],"default":{"data":{"Article":[],"Course":[],"Dataset":[],"FAQPage":[],"Movie":[],"Person":[],"Product":[],"ProductReview":[],"Car":[],"Recipe":[],"Service":[],"SoftwareApplication":[],"WebPage":[]},"graphName":"BlogPosting","isEnabled":true},"graphs":[]},"schema_type":"default","schema_type_options":null,"pillar_content":false,"robots_default":true,"robots_noindex":false,"robots_noarchive":false,"robots_nosnippet":false,"robots_nofollow":false,"robots_noimageindex":false,"robots_noodp":false,"robots_notranslate":false,"robots_max_snippet":"-1","robots_max_videopreview":"-1","robots_max_imagepreview":"large","priority":null,"frequency":"default","local_seo":null,"breadcrumb_settings":null,"limit_modified_date":false,"ai":{"faqs":[],"keyPoints":[],"titles":[],"descriptions":[],"socialPosts":{"email":[],"linkedin":[],"twitter":[],"facebook":[],"instagram":[]}},"created":"2026-01-28 07:50:53","updated":"2026-02-09 07:26:14","seo_analyzer_scan_date":null,"focus_keyword":null,"additional_keywords":null,"truseo_locale":null},"aioseo_breadcrumb":"<div class=\"aioseo-breadcrumbs\"><span class=\"aioseo-breadcrumb\">\n\t\t\t<a href=\"https:\/\/www.immo-invest.ch\/fr\/\" title=\"Home\">Home<\/a>\n\t\t<\/span><span class=\"aioseo-breadcrumb-separator\">&raquo;<\/span><span class=\"aioseo-breadcrumb\">\n\t\t\t<a href=\"https:\/\/www.immo-invest.ch\/fr\/categories\/trends-fr\/\" title=\"Trends\">Trends<\/a>\n\t\t<\/span><span class=\"aioseo-breadcrumb-separator\">&raquo;<\/span><span class=\"aioseo-breadcrumb\">\n\t\t\t<a href=\"https:\/\/www.immo-invest.ch\/fr\/categories\/trends-fr\/industrie-du-batiment\/\" title=\"Industrie du b\u00e2timent\">Industrie du b\u00e2timent<\/a>\n\t\t<\/span><span class=\"aioseo-breadcrumb-separator\">&raquo;<\/span><span class=\"aioseo-breadcrumb\">\n\t\t\tNouvel \u00e9quilibre des forces dans les solutions d\u2019am\u00e9nagement modulaires\n\t\t<\/span><\/div>","aioseo_breadcrumb_json":[{"label":"Home","link":"https:\/\/www.immo-invest.ch\/fr\/"},{"label":"Trends","link":"https:\/\/www.immo-invest.ch\/fr\/categories\/trends-fr\/"},{"label":"Industrie du b\u00e2timent","link":"https:\/\/www.immo-invest.ch\/fr\/categories\/trends-fr\/industrie-du-batiment\/"},{"label":"Nouvel \u00e9quilibre des forces dans les solutions d&rsquo;am\u00e9nagement modulaires","link":"https:\/\/www.immo-invest.ch\/fr\/neue-kraefteverhaeltnisse-bei-modularen-raumloesungen\/"}],"featured_image_src":"https:\/\/www.immo-invest.ch\/wp-content\/uploads\/2026\/01\/banoviag_realistic_modular_container_buildings_arranged_as_of_4c003f32-3e6e-499d-bdfc-b8b11abff7df_1-336x168.png","_links":{"self":[{"href":"https:\/\/www.immo-invest.ch\/fr\/wp-json\/wp\/v2\/posts\/148142","targetHints":{"allow":["GET"]}}],"collection":[{"href":"https:\/\/www.immo-invest.ch\/fr\/wp-json\/wp\/v2\/posts"}],"about":[{"href":"https:\/\/www.immo-invest.ch\/fr\/wp-json\/wp\/v2\/types\/post"}],"author":[{"embeddable":true,"href":"https:\/\/www.immo-invest.ch\/fr\/wp-json\/wp\/v2\/users\/2"}],"replies":[{"embeddable":true,"href":"https:\/\/www.immo-invest.ch\/fr\/wp-json\/wp\/v2\/comments?post=148142"}],"version-history":[{"count":3,"href":"https:\/\/www.immo-invest.ch\/fr\/wp-json\/wp\/v2\/posts\/148142\/revisions"}],"predecessor-version":[{"id":149025,"href":"https:\/\/www.immo-invest.ch\/fr\/wp-json\/wp\/v2\/posts\/148142\/revisions\/149025"}],"wp:featuredmedia":[{"embeddable":true,"href":"https:\/\/www.immo-invest.ch\/fr\/wp-json\/wp\/v2\/media\/148143"}],"wp:attachment":[{"href":"https:\/\/www.immo-invest.ch\/fr\/wp-json\/wp\/v2\/media?parent=148142"}],"wp:term":[{"taxonomy":"category","embeddable":true,"href":"https:\/\/www.immo-invest.ch\/fr\/wp-json\/wp\/v2\/categories?post=148142"},{"taxonomy":"post_tag","embeddable":true,"href":"https:\/\/www.immo-invest.ch\/fr\/wp-json\/wp\/v2\/tags?post=148142"}],"curies":[{"name":"wp","href":"https:\/\/api.w.org\/{rel}","templated":true}]}}