{"id":147765,"date":"2026-01-23T16:20:00","date_gmt":"2026-01-23T15:20:00","guid":{"rendered":"https:\/\/www.immo-invest.ch\/?p=147765"},"modified":"2026-01-21T13:10:57","modified_gmt":"2026-01-21T12:10:57","slug":"innenraumgestaltung-verbindet-design-und-technologie","status":"publish","type":"post","link":"https:\/\/www.immo-invest.ch\/fr\/innenraumgestaltung-verbindet-design-und-technologie\/","title":{"rendered":"L&rsquo;am\u00e9nagement int\u00e9rieur allie design et technologie"},"content":{"rendered":"<p class=\"bodytext\">La soci&eacute;t&eacute; <a href=\"https:\/\/christinger.ch\/de\/\" target=\"_blank\" rel=\"noopener\">Christinger AG<\/a>, bas&eacute;e &agrave; Brugg, a aid&eacute; la soci&eacute;t&eacute; <a href=\"https:\/\/sv-group.com\/de\" target=\"_blank\" rel=\"noopener\">SV Group AG<\/a>, bas&eacute;e &agrave; D&uuml;bendorf, &agrave; am&eacute;nager l&rsquo;int&eacute;rieur de son nouvel h&ocirc;tel &agrave; Zurich. <a href=\"https:\/\/www.marriott.com\/en-us\/hotels\/zrhxl-moxy-zurich\/overview\/\" target=\"_blank\" rel=\"noopener\">Le Moxy Zurich<\/a> est un &eacute;tablissement de 162 chambres situ&eacute; &agrave; c&ocirc;t&eacute; du stade du Letzigrund. Selon un<a href=\"https:\/\/christinger.ch\/de\/referenzen\/innengestaltung\/moxy-hotel-das-passende-konzept-fuer-zuerich\/\" target=\"_blank\" rel=\"noopener\">communiqu&eacute;<\/a>, Christinger a pris en charge une partie de l&rsquo;am&eacute;nagement int&eacute;rieur du projet avec des images grand format, des inscriptions et divers &eacute;l&eacute;ments de signalisation. L&rsquo;&eacute;quipe de Christinger a utilis&eacute; des outils d&rsquo;intelligence artificielle (IA) pour de nombreux &eacute;l&eacute;ments de la conception graphique.<\/p>\n<p class=\"bodytext\">Le Moxy est situ&eacute; au 537 Badenerstrasse et a ouvert ses portes fin 2025. Selon un <a href=\"https:\/\/sv-group.com\/de\/medien\/moxy-zuerich-feiert-eroeffnung-mit-stil-und-attitude\" target=\"_blank\" rel=\"noopener\">communiqu&eacute;<\/a> du groupe SV, l&rsquo;h&ocirc;tel allie un design tendance &agrave; une hospitalit&eacute; dynamique et un style de vie urbain.<\/p>\n<p class=\"bodytext\">&laquo; Moxy est synonyme d&rsquo;hospitalit&eacute; simple, de design moderne et d&rsquo;une bonne dose de joie de vivre &raquo;, d&eacute;clare Marco Meier, directeur g&eacute;n&eacute;ral de SV Hotel, dans le communiqu&eacute;. &laquo; Avec le nouveau Moxy Zurich, nous cr&eacute;ons un lieu qui rassemble les gens, qu&rsquo;ils soient en voyage d&rsquo;affaires ou d&rsquo;agr&eacute;ment. &raquo;<\/p>\n","protected":false},"excerpt":{"rendered":"<p>Christinger AG a particip\u00e9 \u00e0 l&rsquo;am\u00e9nagement int\u00e9rieur du nouvel h\u00f4tel Moxy \u00e0 Zurich en fournissant des images grand format, des inscriptions et des \u00e9l\u00e9ments de signal\u00e9tique. L&rsquo;h\u00f4tel appartient au SV Group et a ouvert ses portes fin 2025.<\/p>\n","protected":false},"author":2,"featured_media":147766,"comment_status":"open","ping_status":"open","sticky":false,"template":"","format":"standard","meta":{"pmpro_default_level":"","inline_featured_image":false,"_monsterinsights_skip_tracking":false,"footnotes":""},"categories":[22696,55997,743,8735],"tags":[56718,872,3931,56719,2002,56720],"class_list":["post-147765","post","type-post","status-publish","format-standard","has-post-thumbnail","hentry","category-entreprise","category-hotellerie-tourisme","category-immonews-fr","category-proptech-fr","tag-hotel-innenarchitektur","tag-immoinvest-fr","tag-immonews-fr","tag-kuenstliche-intelligenz-design","tag-news-fr","tag-visuelle-gestaltung","pmpro-has-access"],"acf":{"bild_mit_ki_erstellt_worden":["Ja"],"lead":"Christinger AG a particip\u00e9 \u00e0 l'am\u00e9nagement int\u00e9rieur du nouvel h\u00f4tel Moxy \u00e0 Zurich en fournissant des images grand format, des inscriptions et des \u00e9l\u00e9ments de signal\u00e9tique. L'h\u00f4tel appartient au SV Group et a ouvert ses portes fin 2025.","autor":"ce\/nta","ort":"Brugg AG\/D\u00fcbendorf ZH\/Z\u00fcrich","bildunterschrift":"","bild_im_grid":false,"gallerie":"","newsim":""},"aioseo_notices":[],"aioseo_head":"\n\t\t<!-- All in One SEO 5.0.0.1 - aioseo.com -->\n\t<meta name=\"description\" content=\"Christinger AG a particip\u00e9 \u00e0 l&#039;am\u00e9nagement int\u00e9rieur du nouvel h\u00f4tel Moxy \u00e0 Zurich en fournissant des images grand format, des inscriptions et des \u00e9l\u00e9ments de signal\u00e9tique. L&#039;h\u00f4tel appartient au SV Group et a ouvert ses portes fin 2025.\" \/>\n\t<meta name=\"robots\" content=\"max-image-preview:large\" \/>\n\t<meta name=\"author\" content=\"immovestuser\"\/>\n\t<meta name=\"google-site-verification\" content=\"fHJKvgWpZCR2zVBHWfkQeFXC11qieUSff0HGNYfuyLA\" \/>\n\t<link rel=\"canonical\" href=\"https:\/\/www.immo-invest.ch\/fr\/innenraumgestaltung-verbindet-design-und-technologie\/\" \/>\n\t<meta name=\"generator\" content=\"All in One SEO (AIOSEO) 5.0.0.1\" \/>\n\t\t<meta property=\"og:locale\" content=\"fr_FR\" \/>\n\t\t<meta property=\"og:site_name\" content=\"immo!nvest - Die Plattform f\u00fcr Standorte und Immobilien - Die\u00a0Plattform f\u00fcr Standorte und Immobilien\" \/>\n\t\t<meta property=\"og:type\" content=\"article\" \/>\n\t\t<meta property=\"og:title\" content=\"L\u2019am\u00e9nagement int\u00e9rieur allie design et technologie - immo!nvest - Die Plattform f\u00fcr Standorte und Immobilien\" \/>\n\t\t<meta property=\"og:description\" content=\"Christinger AG a particip\u00e9 \u00e0 l&#039;am\u00e9nagement int\u00e9rieur du nouvel h\u00f4tel Moxy \u00e0 Zurich en fournissant des images grand format, des inscriptions et des \u00e9l\u00e9ments de signal\u00e9tique. L&#039;h\u00f4tel appartient au SV Group et a ouvert ses portes fin 2025.\" \/>\n\t\t<meta property=\"og:url\" content=\"https:\/\/www.immo-invest.ch\/fr\/innenraumgestaltung-verbindet-design-und-technologie\/\" \/>\n\t\t<meta property=\"og:image\" content=\"https:\/\/www.immo-invest.ch\/wp-content\/uploads\/2026\/01\/banoviag_modern_urban_hotel_interior_design_vibrant_lobby_wit_43eb9b47-a807-4dae-8f8a-fcf421dcd7d2_3.png\" \/>\n\t\t<meta property=\"og:image:secure_url\" content=\"https:\/\/www.immo-invest.ch\/wp-content\/uploads\/2026\/01\/banoviag_modern_urban_hotel_interior_design_vibrant_lobby_wit_43eb9b47-a807-4dae-8f8a-fcf421dcd7d2_3.png\" \/>\n\t\t<meta property=\"og:image:width\" content=\"1536\" \/>\n\t\t<meta property=\"og:image:height\" content=\"768\" \/>\n\t\t<meta property=\"article:published_time\" content=\"2026-01-23T15:20:00+00:00\" \/>\n\t\t<meta property=\"article:modified_time\" content=\"2026-01-21T12:10:57+00:00\" \/>\n\t\t<meta property=\"article:publisher\" content=\"https:\/\/www.facebook.com\/people\/Immoinvest\/100077962920504\/\" \/>\n\t\t<meta name=\"twitter:card\" content=\"summary_large_image\" \/>\n\t\t<meta name=\"twitter:site\" content=\"@i\" \/>\n\t\t<meta name=\"twitter:title\" content=\"L\u2019am\u00e9nagement int\u00e9rieur allie design et technologie - immo!nvest - Die Plattform f\u00fcr Standorte und Immobilien\" \/>\n\t\t<meta name=\"twitter:description\" content=\"Christinger AG a particip\u00e9 \u00e0 l&#039;am\u00e9nagement int\u00e9rieur du nouvel h\u00f4tel Moxy \u00e0 Zurich en fournissant des images grand format, des inscriptions et des \u00e9l\u00e9ments de signal\u00e9tique. L&#039;h\u00f4tel appartient au SV Group et a ouvert ses portes fin 2025.\" \/>\n\t\t<meta name=\"twitter:creator\" content=\"@i\" \/>\n\t\t<meta name=\"twitter:image\" content=\"https:\/\/www.immo-invest.ch\/wp-content\/uploads\/2026\/01\/banoviag_modern_urban_hotel_interior_design_vibrant_lobby_wit_43eb9b47-a807-4dae-8f8a-fcf421dcd7d2_3.png\" \/>\n\t\t<script type=\"application\/ld+json\" class=\"aioseo-schema\">\n\t\t\t{\"@context\":\"https:\\\/\\\/schema.org\",\"@graph\":[{\"@type\":\"BlogPosting\",\"@id\":\"https:\\\/\\\/www.immo-invest.ch\\\/fr\\\/innenraumgestaltung-verbindet-design-und-technologie\\\/#blogposting\",\"name\":\"L\\u2019am\\u00e9nagement int\\u00e9rieur allie design et technologie - immo!nvest - Die Plattform f\\u00fcr Standorte und Immobilien\",\"headline\":\"L&rsquo;am\\u00e9nagement int\\u00e9rieur allie design et technologie\",\"author\":{\"@id\":\"https:\\\/\\\/www.immo-invest.ch\\\/fr\\\/author\\\/immovestuser\\\/#author\"},\"publisher\":{\"@id\":\"https:\\\/\\\/www.immo-invest.ch\\\/fr\\\/#organization\"},\"image\":{\"@type\":\"ImageObject\",\"url\":\"https:\\\/\\\/www.immo-invest.ch\\\/wp-content\\\/uploads\\\/2026\\\/01\\\/banoviag_modern_urban_hotel_interior_design_vibrant_lobby_wit_43eb9b47-a807-4dae-8f8a-fcf421dcd7d2_3.png\",\"width\":1536,\"height\":768},\"datePublished\":\"2026-01-23T16:20:00+01:00\",\"dateModified\":\"2026-01-21T13:10:57+01:00\",\"inLanguage\":\"fr-FR\",\"mainEntityOfPage\":{\"@id\":\"https:\\\/\\\/www.immo-invest.ch\\\/fr\\\/innenraumgestaltung-verbindet-design-und-technologie\\\/#webpage\"},\"isPartOf\":{\"@id\":\"https:\\\/\\\/www.immo-invest.ch\\\/fr\\\/innenraumgestaltung-verbindet-design-und-technologie\\\/#webpage\"},\"articleSection\":\"Entreprise, H\\u00f4tellerie \\\/ Tourisme, immoNews, propTech, Hotel Innenarchitektur, Immoinvest, immoNews, K\\u00fcnstliche Intelligenz Design, News, visuelle Gestaltung, Facultatif\"},{\"@type\":\"BreadcrumbList\",\"@id\":\"https:\\\/\\\/www.immo-invest.ch\\\/fr\\\/innenraumgestaltung-verbindet-design-und-technologie\\\/#breadcrumblist\",\"itemListElement\":[{\"@type\":\"ListItem\",\"@id\":\"https:\\\/\\\/www.immo-invest.ch\\\/fr\\\/#listItem\",\"position\":1,\"name\":\"Home\",\"item\":\"https:\\\/\\\/www.immo-invest.ch\\\/fr\\\/\",\"nextItem\":{\"@type\":\"ListItem\",\"@id\":\"https:\\\/\\\/www.immo-invest.ch\\\/fr\\\/categories\\\/trends-fr\\\/#listItem\",\"name\":\"Trends\"}},{\"@type\":\"ListItem\",\"@id\":\"https:\\\/\\\/www.immo-invest.ch\\\/fr\\\/categories\\\/trends-fr\\\/#listItem\",\"position\":2,\"name\":\"Trends\",\"item\":\"https:\\\/\\\/www.immo-invest.ch\\\/fr\\\/categories\\\/trends-fr\\\/\",\"nextItem\":{\"@type\":\"ListItem\",\"@id\":\"https:\\\/\\\/www.immo-invest.ch\\\/fr\\\/categories\\\/trends-fr\\\/proptech-fr\\\/#listItem\",\"name\":\"propTech\"},\"previousItem\":{\"@type\":\"ListItem\",\"@id\":\"https:\\\/\\\/www.immo-invest.ch\\\/fr\\\/#listItem\",\"name\":\"Home\"}},{\"@type\":\"ListItem\",\"@id\":\"https:\\\/\\\/www.immo-invest.ch\\\/fr\\\/categories\\\/trends-fr\\\/proptech-fr\\\/#listItem\",\"position\":3,\"name\":\"propTech\",\"item\":\"https:\\\/\\\/www.immo-invest.ch\\\/fr\\\/categories\\\/trends-fr\\\/proptech-fr\\\/\",\"nextItem\":{\"@type\":\"ListItem\",\"@id\":\"https:\\\/\\\/www.immo-invest.ch\\\/fr\\\/innenraumgestaltung-verbindet-design-und-technologie\\\/#listItem\",\"name\":\"L&rsquo;am\\u00e9nagement int\\u00e9rieur allie design et technologie\"},\"previousItem\":{\"@type\":\"ListItem\",\"@id\":\"https:\\\/\\\/www.immo-invest.ch\\\/fr\\\/categories\\\/trends-fr\\\/#listItem\",\"name\":\"Trends\"}},{\"@type\":\"ListItem\",\"@id\":\"https:\\\/\\\/www.immo-invest.ch\\\/fr\\\/innenraumgestaltung-verbindet-design-und-technologie\\\/#listItem\",\"position\":4,\"name\":\"L&rsquo;am\\u00e9nagement int\\u00e9rieur allie design et technologie\",\"previousItem\":{\"@type\":\"ListItem\",\"@id\":\"https:\\\/\\\/www.immo-invest.ch\\\/fr\\\/categories\\\/trends-fr\\\/proptech-fr\\\/#listItem\",\"name\":\"propTech\"}}]},{\"@type\":\"Organization\",\"@id\":\"https:\\\/\\\/www.immo-invest.ch\\\/fr\\\/#organization\",\"name\":\"immo!nvest - Die Plattform f\\u00fcr Standorte und Immobilien\",\"description\":\"Die\\u00a0Plattform f\\u00fcr Standorte und Immobilien\",\"url\":\"https:\\\/\\\/www.immo-invest.ch\\\/fr\\\/\",\"email\":\"admin@immomedia.ag\",\"telephone\":\"+41444420002\",\"logo\":{\"@type\":\"ImageObject\",\"url\":\"https:\\\/\\\/www.immo-invest.ch\\\/wp-content\\\/uploads\\\/2024\\\/09\\\/immoinvest_sm-scaled.jpg\",\"@id\":\"https:\\\/\\\/www.immo-invest.ch\\\/fr\\\/innenraumgestaltung-verbindet-design-und-technologie\\\/#organizationLogo\",\"width\":2560,\"height\":1340},\"image\":{\"@id\":\"https:\\\/\\\/www.immo-invest.ch\\\/fr\\\/innenraumgestaltung-verbindet-design-und-technologie\\\/#organizationLogo\"},\"sameAs\":[\"https:\\\/\\\/www.facebook.com\\\/people\\\/Immoinvest\\\/100077962920504\\\/\",\"https:\\\/\\\/x.com\\\/i\\\/flow\\\/login?redirect_after_login=immoinvest_ch\",\"https:\\\/\\\/www.instagram.com\\\/immoinvest_ch\\\/\",\"https:\\\/\\\/www.linkedin.com\\\/company\\\/immoinvest-swiss\"]},{\"@type\":\"Person\",\"@id\":\"https:\\\/\\\/www.immo-invest.ch\\\/fr\\\/author\\\/immovestuser\\\/#author\",\"url\":\"https:\\\/\\\/www.immo-invest.ch\\\/fr\\\/author\\\/immovestuser\\\/\",\"name\":\"immovestuser\",\"image\":{\"@type\":\"ImageObject\",\"@id\":\"https:\\\/\\\/www.immo-invest.ch\\\/fr\\\/innenraumgestaltung-verbindet-design-und-technologie\\\/#authorImage\",\"url\":\"https:\\\/\\\/secure.gravatar.com\\\/avatar\\\/8e01f4d99f2eeea7a362ebb93305e1172a70e9293ba250f897a65c39f54cdd1e?s=96&d=mm&r=g\",\"width\":96,\"height\":96,\"caption\":\"immovestuser\"}},{\"@type\":\"WebPage\",\"@id\":\"https:\\\/\\\/www.immo-invest.ch\\\/fr\\\/innenraumgestaltung-verbindet-design-und-technologie\\\/#webpage\",\"url\":\"https:\\\/\\\/www.immo-invest.ch\\\/fr\\\/innenraumgestaltung-verbindet-design-und-technologie\\\/\",\"name\":\"L\\u2019am\\u00e9nagement int\\u00e9rieur allie design et technologie - immo!nvest - Die Plattform f\\u00fcr Standorte und Immobilien\",\"description\":\"Christinger AG a particip\\u00e9 \\u00e0 l'am\\u00e9nagement int\\u00e9rieur du nouvel h\\u00f4tel Moxy \\u00e0 Zurich en fournissant des images grand format, des inscriptions et des \\u00e9l\\u00e9ments de signal\\u00e9tique. L'h\\u00f4tel appartient au SV Group et a ouvert ses portes fin 2025.\",\"inLanguage\":\"fr-FR\",\"isPartOf\":{\"@id\":\"https:\\\/\\\/www.immo-invest.ch\\\/fr\\\/#website\"},\"breadcrumb\":{\"@id\":\"https:\\\/\\\/www.immo-invest.ch\\\/fr\\\/innenraumgestaltung-verbindet-design-und-technologie\\\/#breadcrumblist\"},\"author\":{\"@id\":\"https:\\\/\\\/www.immo-invest.ch\\\/fr\\\/author\\\/immovestuser\\\/#author\"},\"creator\":{\"@id\":\"https:\\\/\\\/www.immo-invest.ch\\\/fr\\\/author\\\/immovestuser\\\/#author\"},\"image\":{\"@type\":\"ImageObject\",\"url\":\"https:\\\/\\\/www.immo-invest.ch\\\/wp-content\\\/uploads\\\/2026\\\/01\\\/banoviag_modern_urban_hotel_interior_design_vibrant_lobby_wit_43eb9b47-a807-4dae-8f8a-fcf421dcd7d2_3.png\",\"@id\":\"https:\\\/\\\/www.immo-invest.ch\\\/fr\\\/innenraumgestaltung-verbindet-design-und-technologie\\\/#mainImage\",\"width\":1536,\"height\":768},\"primaryImageOfPage\":{\"@id\":\"https:\\\/\\\/www.immo-invest.ch\\\/fr\\\/innenraumgestaltung-verbindet-design-und-technologie\\\/#mainImage\"},\"datePublished\":\"2026-01-23T16:20:00+01:00\",\"dateModified\":\"2026-01-21T13:10:57+01:00\"},{\"@type\":\"WebSite\",\"@id\":\"https:\\\/\\\/www.immo-invest.ch\\\/fr\\\/#website\",\"url\":\"https:\\\/\\\/www.immo-invest.ch\\\/fr\\\/\",\"name\":\"immo!nvest - Die Plattform f\\u00fcr Standorte und Immobilien\",\"description\":\"Die\\u00a0Plattform f\\u00fcr Standorte und Immobilien\",\"inLanguage\":\"fr-FR\",\"publisher\":{\"@id\":\"https:\\\/\\\/www.immo-invest.ch\\\/fr\\\/#organization\"}}]}\n\t\t<\/script>\n\t\t<!-- All in One SEO -->\n\n","aioseo_head_json":{"title":"L\u2019am\u00e9nagement int\u00e9rieur allie design et technologie - immo!nvest - Die Plattform f\u00fcr Standorte und Immobilien","description":"Christinger AG a particip\u00e9 \u00e0 l'am\u00e9nagement int\u00e9rieur du nouvel h\u00f4tel Moxy \u00e0 Zurich en fournissant des images grand format, des inscriptions et des \u00e9l\u00e9ments de signal\u00e9tique. L'h\u00f4tel appartient au SV Group et a ouvert ses portes fin 2025.","canonical_url":"https:\/\/www.immo-invest.ch\/fr\/innenraumgestaltung-verbindet-design-und-technologie\/","robots":"max-image-preview:large","keywords":"","webmasterTools":{"google-site-verification":"fHJKvgWpZCR2zVBHWfkQeFXC11qieUSff0HGNYfuyLA","miscellaneous":""},"schema":{"@context":"https:\/\/schema.org","@graph":[{"@type":"BlogPosting","@id":"https:\/\/www.immo-invest.ch\/fr\/innenraumgestaltung-verbindet-design-und-technologie\/#blogposting","name":"L\u2019am\u00e9nagement int\u00e9rieur allie design et technologie - immo!nvest - Die Plattform f\u00fcr Standorte und Immobilien","headline":"L&rsquo;am\u00e9nagement int\u00e9rieur allie design et technologie","author":{"@id":"https:\/\/www.immo-invest.ch\/fr\/author\/immovestuser\/#author"},"publisher":{"@id":"https:\/\/www.immo-invest.ch\/fr\/#organization"},"image":{"@type":"ImageObject","url":"https:\/\/www.immo-invest.ch\/wp-content\/uploads\/2026\/01\/banoviag_modern_urban_hotel_interior_design_vibrant_lobby_wit_43eb9b47-a807-4dae-8f8a-fcf421dcd7d2_3.png","width":1536,"height":768},"datePublished":"2026-01-23T16:20:00+01:00","dateModified":"2026-01-21T13:10:57+01:00","inLanguage":"fr-FR","mainEntityOfPage":{"@id":"https:\/\/www.immo-invest.ch\/fr\/innenraumgestaltung-verbindet-design-und-technologie\/#webpage"},"isPartOf":{"@id":"https:\/\/www.immo-invest.ch\/fr\/innenraumgestaltung-verbindet-design-und-technologie\/#webpage"},"articleSection":"Entreprise, H\u00f4tellerie \/ Tourisme, immoNews, propTech, Hotel Innenarchitektur, Immoinvest, immoNews, K\u00fcnstliche Intelligenz Design, News, visuelle Gestaltung, Facultatif"},{"@type":"BreadcrumbList","@id":"https:\/\/www.immo-invest.ch\/fr\/innenraumgestaltung-verbindet-design-und-technologie\/#breadcrumblist","itemListElement":[{"@type":"ListItem","@id":"https:\/\/www.immo-invest.ch\/fr\/#listItem","position":1,"name":"Home","item":"https:\/\/www.immo-invest.ch\/fr\/","nextItem":{"@type":"ListItem","@id":"https:\/\/www.immo-invest.ch\/fr\/categories\/trends-fr\/#listItem","name":"Trends"}},{"@type":"ListItem","@id":"https:\/\/www.immo-invest.ch\/fr\/categories\/trends-fr\/#listItem","position":2,"name":"Trends","item":"https:\/\/www.immo-invest.ch\/fr\/categories\/trends-fr\/","nextItem":{"@type":"ListItem","@id":"https:\/\/www.immo-invest.ch\/fr\/categories\/trends-fr\/proptech-fr\/#listItem","name":"propTech"},"previousItem":{"@type":"ListItem","@id":"https:\/\/www.immo-invest.ch\/fr\/#listItem","name":"Home"}},{"@type":"ListItem","@id":"https:\/\/www.immo-invest.ch\/fr\/categories\/trends-fr\/proptech-fr\/#listItem","position":3,"name":"propTech","item":"https:\/\/www.immo-invest.ch\/fr\/categories\/trends-fr\/proptech-fr\/","nextItem":{"@type":"ListItem","@id":"https:\/\/www.immo-invest.ch\/fr\/innenraumgestaltung-verbindet-design-und-technologie\/#listItem","name":"L&rsquo;am\u00e9nagement int\u00e9rieur allie design et technologie"},"previousItem":{"@type":"ListItem","@id":"https:\/\/www.immo-invest.ch\/fr\/categories\/trends-fr\/#listItem","name":"Trends"}},{"@type":"ListItem","@id":"https:\/\/www.immo-invest.ch\/fr\/innenraumgestaltung-verbindet-design-und-technologie\/#listItem","position":4,"name":"L&rsquo;am\u00e9nagement int\u00e9rieur allie design et technologie","previousItem":{"@type":"ListItem","@id":"https:\/\/www.immo-invest.ch\/fr\/categories\/trends-fr\/proptech-fr\/#listItem","name":"propTech"}}]},{"@type":"Organization","@id":"https:\/\/www.immo-invest.ch\/fr\/#organization","name":"immo!nvest - Die Plattform f\u00fcr Standorte und Immobilien","description":"Die\u00a0Plattform f\u00fcr Standorte und Immobilien","url":"https:\/\/www.immo-invest.ch\/fr\/","email":"admin@immomedia.ag","telephone":"+41444420002","logo":{"@type":"ImageObject","url":"https:\/\/www.immo-invest.ch\/wp-content\/uploads\/2024\/09\/immoinvest_sm-scaled.jpg","@id":"https:\/\/www.immo-invest.ch\/fr\/innenraumgestaltung-verbindet-design-und-technologie\/#organizationLogo","width":2560,"height":1340},"image":{"@id":"https:\/\/www.immo-invest.ch\/fr\/innenraumgestaltung-verbindet-design-und-technologie\/#organizationLogo"},"sameAs":["https:\/\/www.facebook.com\/people\/Immoinvest\/100077962920504\/","https:\/\/x.com\/i\/flow\/login?redirect_after_login=immoinvest_ch","https:\/\/www.instagram.com\/immoinvest_ch\/","https:\/\/www.linkedin.com\/company\/immoinvest-swiss"]},{"@type":"Person","@id":"https:\/\/www.immo-invest.ch\/fr\/author\/immovestuser\/#author","url":"https:\/\/www.immo-invest.ch\/fr\/author\/immovestuser\/","name":"immovestuser","image":{"@type":"ImageObject","@id":"https:\/\/www.immo-invest.ch\/fr\/innenraumgestaltung-verbindet-design-und-technologie\/#authorImage","url":"https:\/\/secure.gravatar.com\/avatar\/8e01f4d99f2eeea7a362ebb93305e1172a70e9293ba250f897a65c39f54cdd1e?s=96&d=mm&r=g","width":96,"height":96,"caption":"immovestuser"}},{"@type":"WebPage","@id":"https:\/\/www.immo-invest.ch\/fr\/innenraumgestaltung-verbindet-design-und-technologie\/#webpage","url":"https:\/\/www.immo-invest.ch\/fr\/innenraumgestaltung-verbindet-design-und-technologie\/","name":"L\u2019am\u00e9nagement int\u00e9rieur allie design et technologie - immo!nvest - Die Plattform f\u00fcr Standorte und Immobilien","description":"Christinger AG a particip\u00e9 \u00e0 l'am\u00e9nagement int\u00e9rieur du nouvel h\u00f4tel Moxy \u00e0 Zurich en fournissant des images grand format, des inscriptions et des \u00e9l\u00e9ments de signal\u00e9tique. L'h\u00f4tel appartient au SV Group et a ouvert ses portes fin 2025.","inLanguage":"fr-FR","isPartOf":{"@id":"https:\/\/www.immo-invest.ch\/fr\/#website"},"breadcrumb":{"@id":"https:\/\/www.immo-invest.ch\/fr\/innenraumgestaltung-verbindet-design-und-technologie\/#breadcrumblist"},"author":{"@id":"https:\/\/www.immo-invest.ch\/fr\/author\/immovestuser\/#author"},"creator":{"@id":"https:\/\/www.immo-invest.ch\/fr\/author\/immovestuser\/#author"},"image":{"@type":"ImageObject","url":"https:\/\/www.immo-invest.ch\/wp-content\/uploads\/2026\/01\/banoviag_modern_urban_hotel_interior_design_vibrant_lobby_wit_43eb9b47-a807-4dae-8f8a-fcf421dcd7d2_3.png","@id":"https:\/\/www.immo-invest.ch\/fr\/innenraumgestaltung-verbindet-design-und-technologie\/#mainImage","width":1536,"height":768},"primaryImageOfPage":{"@id":"https:\/\/www.immo-invest.ch\/fr\/innenraumgestaltung-verbindet-design-und-technologie\/#mainImage"},"datePublished":"2026-01-23T16:20:00+01:00","dateModified":"2026-01-21T13:10:57+01:00"},{"@type":"WebSite","@id":"https:\/\/www.immo-invest.ch\/fr\/#website","url":"https:\/\/www.immo-invest.ch\/fr\/","name":"immo!nvest - Die Plattform f\u00fcr Standorte und Immobilien","description":"Die\u00a0Plattform f\u00fcr Standorte und Immobilien","inLanguage":"fr-FR","publisher":{"@id":"https:\/\/www.immo-invest.ch\/fr\/#organization"}}]},"og:locale":"fr_FR","og:site_name":"immo!nvest - Die Plattform f\u00fcr Standorte und Immobilien - Die\u00a0Plattform f\u00fcr Standorte und Immobilien","og:type":"article","og:title":"L\u2019am\u00e9nagement int\u00e9rieur allie design et technologie - immo!nvest - Die Plattform f\u00fcr Standorte und Immobilien","og:description":"Christinger AG a particip\u00e9 \u00e0 l'am\u00e9nagement int\u00e9rieur du nouvel h\u00f4tel Moxy \u00e0 Zurich en fournissant des images grand format, des inscriptions et des \u00e9l\u00e9ments de signal\u00e9tique. L'h\u00f4tel appartient au SV Group et a ouvert ses portes fin 2025.","og:url":"https:\/\/www.immo-invest.ch\/fr\/innenraumgestaltung-verbindet-design-und-technologie\/","og:image":"https:\/\/www.immo-invest.ch\/wp-content\/uploads\/2026\/01\/banoviag_modern_urban_hotel_interior_design_vibrant_lobby_wit_43eb9b47-a807-4dae-8f8a-fcf421dcd7d2_3.png","og:image:secure_url":"https:\/\/www.immo-invest.ch\/wp-content\/uploads\/2026\/01\/banoviag_modern_urban_hotel_interior_design_vibrant_lobby_wit_43eb9b47-a807-4dae-8f8a-fcf421dcd7d2_3.png","og:image:width":1536,"og:image:height":768,"article:published_time":"2026-01-23T15:20:00+00:00","article:modified_time":"2026-01-21T12:10:57+00:00","article:publisher":"https:\/\/www.facebook.com\/people\/Immoinvest\/100077962920504\/","twitter:card":"summary_large_image","twitter:site":"@i","twitter:title":"L\u2019am\u00e9nagement int\u00e9rieur allie design et technologie - immo!nvest - Die Plattform f\u00fcr Standorte und Immobilien","twitter:description":"Christinger AG a particip\u00e9 \u00e0 l'am\u00e9nagement int\u00e9rieur du nouvel h\u00f4tel Moxy \u00e0 Zurich en fournissant des images grand format, des inscriptions et des \u00e9l\u00e9ments de signal\u00e9tique. L'h\u00f4tel appartient au SV Group et a ouvert ses portes fin 2025.","twitter:creator":"@i","twitter:image":"https:\/\/www.immo-invest.ch\/wp-content\/uploads\/2026\/01\/banoviag_modern_urban_hotel_interior_design_vibrant_lobby_wit_43eb9b47-a807-4dae-8f8a-fcf421dcd7d2_3.png"},"aioseo_meta_data":{"post_id":"147765","title":null,"description":null,"keywords":null,"keyphrases":{"focus":{"keyphrase":"","score":0,"analysis":{"keyphraseInTitle":{"score":0,"maxScore":9,"error":1}}},"additional":[]},"primary_term":null,"canonical_url":null,"og_title":null,"og_description":null,"og_object_type":"default","og_image_type":"default","og_image_url":null,"og_image_width":null,"og_image_height":null,"og_image_custom_url":null,"og_image_custom_fields":null,"og_video":"","og_custom_url":null,"og_article_section":null,"og_article_tags":null,"twitter_use_og":false,"twitter_card":"default","twitter_image_type":"default","twitter_image_url":null,"twitter_image_custom_url":null,"twitter_image_custom_fields":null,"twitter_title":null,"twitter_description":null,"schema":{"blockGraphs":[],"customGraphs":[],"default":{"data":{"Article":[],"Course":[],"Dataset":[],"FAQPage":[],"Movie":[],"Person":[],"Product":[],"ProductReview":[],"Car":[],"Recipe":[],"Service":[],"SoftwareApplication":[],"WebPage":[]},"graphName":"BlogPosting","isEnabled":true},"graphs":[]},"schema_type":"default","schema_type_options":null,"pillar_content":false,"robots_default":true,"robots_noindex":false,"robots_noarchive":false,"robots_nosnippet":false,"robots_nofollow":false,"robots_noimageindex":false,"robots_noodp":false,"robots_notranslate":false,"robots_max_snippet":"-1","robots_max_videopreview":"-1","robots_max_imagepreview":"large","priority":null,"frequency":"default","local_seo":null,"breadcrumb_settings":null,"limit_modified_date":false,"ai":{"faqs":[],"keyPoints":[],"titles":[],"descriptions":[],"socialPosts":{"email":[],"linkedin":[],"twitter":[],"facebook":[],"instagram":[]}},"created":"2026-01-21 12:10:58","updated":"2026-01-23 15:32:20","seo_analyzer_scan_date":null,"focus_keyword":null,"additional_keywords":null,"truseo_locale":null},"aioseo_breadcrumb":"<div class=\"aioseo-breadcrumbs\"><span class=\"aioseo-breadcrumb\">\n\t\t\t<a href=\"https:\/\/www.immo-invest.ch\/fr\/\" title=\"Home\">Home<\/a>\n\t\t<\/span><span class=\"aioseo-breadcrumb-separator\">&raquo;<\/span><span class=\"aioseo-breadcrumb\">\n\t\t\t<a href=\"https:\/\/www.immo-invest.ch\/fr\/categories\/trends-fr\/\" title=\"Trends\">Trends<\/a>\n\t\t<\/span><span class=\"aioseo-breadcrumb-separator\">&raquo;<\/span><span class=\"aioseo-breadcrumb\">\n\t\t\t<a href=\"https:\/\/www.immo-invest.ch\/fr\/categories\/trends-fr\/proptech-fr\/\" title=\"propTech\">propTech<\/a>\n\t\t<\/span><span class=\"aioseo-breadcrumb-separator\">&raquo;<\/span><span class=\"aioseo-breadcrumb\">\n\t\t\tL\u2019am\u00e9nagement int\u00e9rieur allie design et technologie\n\t\t<\/span><\/div>","aioseo_breadcrumb_json":[{"label":"Home","link":"https:\/\/www.immo-invest.ch\/fr\/"},{"label":"Trends","link":"https:\/\/www.immo-invest.ch\/fr\/categories\/trends-fr\/"},{"label":"propTech","link":"https:\/\/www.immo-invest.ch\/fr\/categories\/trends-fr\/proptech-fr\/"},{"label":"L&rsquo;am\u00e9nagement int\u00e9rieur allie design et technologie","link":"https:\/\/www.immo-invest.ch\/fr\/innenraumgestaltung-verbindet-design-und-technologie\/"}],"featured_image_src":"https:\/\/www.immo-invest.ch\/wp-content\/uploads\/2026\/01\/banoviag_modern_urban_hotel_interior_design_vibrant_lobby_wit_43eb9b47-a807-4dae-8f8a-fcf421dcd7d2_3-336x168.png","_links":{"self":[{"href":"https:\/\/www.immo-invest.ch\/fr\/wp-json\/wp\/v2\/posts\/147765","targetHints":{"allow":["GET"]}}],"collection":[{"href":"https:\/\/www.immo-invest.ch\/fr\/wp-json\/wp\/v2\/posts"}],"about":[{"href":"https:\/\/www.immo-invest.ch\/fr\/wp-json\/wp\/v2\/types\/post"}],"author":[{"embeddable":true,"href":"https:\/\/www.immo-invest.ch\/fr\/wp-json\/wp\/v2\/users\/2"}],"replies":[{"embeddable":true,"href":"https:\/\/www.immo-invest.ch\/fr\/wp-json\/wp\/v2\/comments?post=147765"}],"version-history":[{"count":2,"href":"https:\/\/www.immo-invest.ch\/fr\/wp-json\/wp\/v2\/posts\/147765\/revisions"}],"predecessor-version":[{"id":147773,"href":"https:\/\/www.immo-invest.ch\/fr\/wp-json\/wp\/v2\/posts\/147765\/revisions\/147773"}],"wp:featuredmedia":[{"embeddable":true,"href":"https:\/\/www.immo-invest.ch\/fr\/wp-json\/wp\/v2\/media\/147766"}],"wp:attachment":[{"href":"https:\/\/www.immo-invest.ch\/fr\/wp-json\/wp\/v2\/media?parent=147765"}],"wp:term":[{"taxonomy":"category","embeddable":true,"href":"https:\/\/www.immo-invest.ch\/fr\/wp-json\/wp\/v2\/categories?post=147765"},{"taxonomy":"post_tag","embeddable":true,"href":"https:\/\/www.immo-invest.ch\/fr\/wp-json\/wp\/v2\/tags?post=147765"}],"curies":[{"name":"wp","href":"https:\/\/api.w.org\/{rel}","templated":true}]}}