{"id":147688,"date":"2026-01-22T16:20:00","date_gmt":"2026-01-22T15:20:00","guid":{"rendered":"https:\/\/www.immo-invest.ch\/?p=147688"},"modified":"2026-04-27T11:58:32","modified_gmt":"2026-04-27T09:58:32","slug":"gemeinsame-kraefte-fuer-den-ausbau-erneuerbarer-stromproduktion","status":"publish","type":"post","link":"https:\/\/www.immo-invest.ch\/fr\/gemeinsame-kraefte-fuer-den-ausbau-erneuerbarer-stromproduktion\/","title":{"rendered":"Unir nos forces pour d\u00e9velopper la production d&rsquo;\u00e9lectricit\u00e9 renouvelable"},"content":{"rendered":"<p class=\"bodytext\"><a href=\"https:\/\/swisspower.ch\/ueber-uns\/swisspower-renewables-ag\" target=\"_blank\" rel=\"noopener\">Swiss Renewables AG<\/a>, dont le si&egrave;ge est &agrave; Zoug, et <a href=\"https:\/\/www.aventron.com\" target=\"_blank\" rel=\"noopener\">aventron AG<\/a>, dont le si&egrave;ge est &agrave; M&uuml;nchenstein, souhaitent se rapprocher. Selon un <a href=\"https:\/\/www.aventron.com\/news\/aventron-und-Swisspower-Renewables-pr-fen-Zusammenarbeit.html\" target=\"_blank\" rel=\"noopener\">communiqu&eacute;<\/a>, les deux producteurs d&rsquo;&eacute;nergies renouvelables examinent la possibilit&eacute; d&rsquo;une collaboration plus &eacute;troite. Ils souhaitent ainsi exploiter les synergies et mieux exploiter le potentiel de d&eacute;veloppement de la production d&rsquo;&eacute;lectricit&eacute; renouvelable.<\/p>\n<p class=\"bodytext\">Les deux entreprises sont des filiales de services industriels municipaux et r&eacute;gionaux suisses. Aventron a &eacute;t&eacute; fond&eacute;e en 2005 par l&rsquo;ancienne Elektra Birseck M&uuml;nchenstein, aujourd&rsquo;hui <a href=\"https:\/\/www.primeo-energie.ch\/\" target=\"_blank\" rel=\"noopener\">Primeo Energie<\/a>. En 2010, Energie Wasser Bern (<a href=\"https:\/\/www.ewb.ch\/\" target=\"_blank\" rel=\"noopener\">ewb<\/a>) et, en 2013, la ville de Winterthur via ses <a href=\"https:\/\/stadtwerk.winterthur.ch\/\" target=\"_blank\" rel=\"noopener\">services industriels municipaux<\/a> ont pris des participations dans l&rsquo;entreprise. Ensemble, ils d&eacute;tiennent aujourd&rsquo;hui 63,3 % de l&rsquo;entreprise. Aventron d&eacute;tient des participations dans des installations hydrauliques, &eacute;oliennes et solaires d&rsquo;une puissance install&eacute;e de 826 m&eacute;gawatts en Suisse, en France, en Italie, en Allemagne, en Espagne et en Norv&egrave;ge.<\/p>\n<p class=\"bodytext\">Fond&eacute;e en 2011, Swisspower Renewables est une filiale de Swisspower. Onze membres de Swisspower, dont ewb et les services industriels de Winterthour, ainsi que UBS Clean Energy Infrastructure Switzerland 2 en tant qu&rsquo;investisseur financier strat&eacute;gique, y d&eacute;tiennent des participations. <a href=\"https:\/\/swisspower.ch\/\" target=\"_blank\" rel=\"noopener\">Swisspower<\/a> est un regroupement de 20 services industriels. Swisspower Renewables dispose d&rsquo;installations hydrauliques, &eacute;oliennes et solaires en Allemagne et en Italie d&rsquo;une puissance install&eacute;e de 311 m&eacute;gawatts.<\/p>\n","protected":false},"excerpt":{"rendered":"<p>Les soci\u00e9t\u00e9s aventron AG et Swiss Renewables AG discutent d&rsquo;une \u00e9ventuelle collaboration. Ces filiales des services industriels municipaux et r\u00e9gionaux suisses d\u00e9tiennent des participations dans des installations de production d&rsquo;\u00e9nergies renouvelables en Europe. Leur actionnariat se recoupe en partie.<\/p>\n","protected":false},"author":2,"featured_media":147689,"comment_status":"open","ping_status":"open","sticky":false,"template":"","format":"standard","meta":{"pmpro_default_level":"","inline_featured_image":false,"_monsterinsights_skip_tracking":false,"footnotes":""},"categories":[8747,22696,743,55970],"tags":[40239,872,3931,56685,2002,56686],"class_list":["post-147688","post","type-post","status-publish","format-standard","has-post-thumbnail","hentry","category-energie","category-entreprise","category-immonews-fr","category-transactions-deals","tag-erneuerbare-energien-fr","tag-immoinvest-fr","tag-immonews-fr","tag-kooperation-stadtwerke","tag-news-fr","tag-wasserkraft-wind-solar","pmpro-has-access"],"acf":{"bild_mit_ki_erstellt_worden":["Ja"],"lead":"Les soci\u00e9t\u00e9s aventron AG et Swiss Renewables AG discutent d'une \u00e9ventuelle collaboration. Ces filiales des services industriels municipaux et r\u00e9gionaux suisses d\u00e9tiennent des participations dans des installations de production d'\u00e9nergies renouvelables en Europe. Leur actionnariat se recoupe en partie.","autor":"ce\/ug","ort":"M\u00fcnchenstein BL\/Zug","bildunterschrift":"","bild_im_grid":false,"gallerie":"","newsim":""},"aioseo_notices":[],"aioseo_head":"\n\t\t<!-- All in One SEO 5.0.0.1 - aioseo.com -->\n\t<meta name=\"description\" content=\"Les soci\u00e9t\u00e9s aventron AG et Swiss Renewables AG discutent d&#039;une \u00e9ventuelle collaboration. Ces filiales des services industriels municipaux et r\u00e9gionaux suisses d\u00e9tiennent des participations dans des installations de production d&#039;\u00e9nergies renouvelables en Europe. Leur actionnariat se recoupe en partie.\" \/>\n\t<meta name=\"robots\" content=\"max-image-preview:large\" \/>\n\t<meta name=\"author\" content=\"immovestuser\"\/>\n\t<meta name=\"google-site-verification\" content=\"fHJKvgWpZCR2zVBHWfkQeFXC11qieUSff0HGNYfuyLA\" \/>\n\t<link rel=\"canonical\" href=\"https:\/\/www.immo-invest.ch\/fr\/gemeinsame-kraefte-fuer-den-ausbau-erneuerbarer-stromproduktion\/\" \/>\n\t<meta name=\"generator\" content=\"All in One SEO (AIOSEO) 5.0.0.1\" \/>\n\t\t<meta property=\"og:locale\" content=\"fr_FR\" \/>\n\t\t<meta property=\"og:site_name\" content=\"immo!nvest - Die Plattform f\u00fcr Standorte und Immobilien - Die\u00a0Plattform f\u00fcr Standorte und Immobilien\" \/>\n\t\t<meta property=\"og:type\" content=\"article\" \/>\n\t\t<meta property=\"og:title\" content=\"Unir nos forces pour d\u00e9velopper la production d\u2019\u00e9lectricit\u00e9 renouvelable - immo!nvest - Die Plattform f\u00fcr Standorte und Immobilien\" \/>\n\t\t<meta property=\"og:description\" content=\"Les soci\u00e9t\u00e9s aventron AG et Swiss Renewables AG discutent d&#039;une \u00e9ventuelle collaboration. Ces filiales des services industriels municipaux et r\u00e9gionaux suisses d\u00e9tiennent des participations dans des installations de production d&#039;\u00e9nergies renouvelables en Europe. Leur actionnariat se recoupe en partie.\" \/>\n\t\t<meta property=\"og:url\" content=\"https:\/\/www.immo-invest.ch\/fr\/gemeinsame-kraefte-fuer-den-ausbau-erneuerbarer-stromproduktion\/\" \/>\n\t\t<meta property=\"og:image\" content=\"https:\/\/www.immo-invest.ch\/wp-content\/uploads\/2026\/01\/banoviag_renewable_energy_portfolio_in_Europe_with_hydroelect_684015f8-9a38-4457-be33-d7bffb8badc4_3.png\" \/>\n\t\t<meta property=\"og:image:secure_url\" content=\"https:\/\/www.immo-invest.ch\/wp-content\/uploads\/2026\/01\/banoviag_renewable_energy_portfolio_in_Europe_with_hydroelect_684015f8-9a38-4457-be33-d7bffb8badc4_3.png\" \/>\n\t\t<meta property=\"og:image:width\" content=\"1536\" \/>\n\t\t<meta property=\"og:image:height\" content=\"768\" \/>\n\t\t<meta property=\"article:published_time\" content=\"2026-01-22T15:20:00+00:00\" \/>\n\t\t<meta property=\"article:modified_time\" content=\"2026-04-27T09:58:32+00:00\" \/>\n\t\t<meta property=\"article:publisher\" content=\"https:\/\/www.facebook.com\/people\/Immoinvest\/100077962920504\/\" \/>\n\t\t<meta name=\"twitter:card\" content=\"summary_large_image\" \/>\n\t\t<meta name=\"twitter:site\" content=\"@i\" \/>\n\t\t<meta name=\"twitter:title\" content=\"Unir nos forces pour d\u00e9velopper la production d\u2019\u00e9lectricit\u00e9 renouvelable - immo!nvest - Die Plattform f\u00fcr Standorte und Immobilien\" \/>\n\t\t<meta name=\"twitter:description\" content=\"Les soci\u00e9t\u00e9s aventron AG et Swiss Renewables AG discutent d&#039;une \u00e9ventuelle collaboration. Ces filiales des services industriels municipaux et r\u00e9gionaux suisses d\u00e9tiennent des participations dans des installations de production d&#039;\u00e9nergies renouvelables en Europe. Leur actionnariat se recoupe en partie.\" \/>\n\t\t<meta name=\"twitter:creator\" content=\"@i\" \/>\n\t\t<meta name=\"twitter:image\" content=\"https:\/\/www.immo-invest.ch\/wp-content\/uploads\/2026\/01\/banoviag_renewable_energy_portfolio_in_Europe_with_hydroelect_684015f8-9a38-4457-be33-d7bffb8badc4_3.png\" \/>\n\t\t<script type=\"application\/ld+json\" class=\"aioseo-schema\">\n\t\t\t{\"@context\":\"https:\\\/\\\/schema.org\",\"@graph\":[{\"@type\":\"BlogPosting\",\"@id\":\"https:\\\/\\\/www.immo-invest.ch\\\/fr\\\/gemeinsame-kraefte-fuer-den-ausbau-erneuerbarer-stromproduktion\\\/#blogposting\",\"name\":\"Unir nos forces pour d\\u00e9velopper la production d\\u2019\\u00e9lectricit\\u00e9 renouvelable - immo!nvest - Die Plattform f\\u00fcr Standorte und Immobilien\",\"headline\":\"Unir nos forces pour d\\u00e9velopper la production d&rsquo;\\u00e9lectricit\\u00e9 renouvelable\",\"author\":{\"@id\":\"https:\\\/\\\/www.immo-invest.ch\\\/fr\\\/author\\\/immovestuser\\\/#author\"},\"publisher\":{\"@id\":\"https:\\\/\\\/www.immo-invest.ch\\\/fr\\\/#organization\"},\"image\":{\"@type\":\"ImageObject\",\"url\":\"https:\\\/\\\/www.immo-invest.ch\\\/wp-content\\\/uploads\\\/2026\\\/01\\\/banoviag_renewable_energy_portfolio_in_Europe_with_hydroelect_684015f8-9a38-4457-be33-d7bffb8badc4_3.png\",\"width\":1536,\"height\":768},\"datePublished\":\"2026-01-22T16:20:00+01:00\",\"dateModified\":\"2026-04-27T11:58:32+02:00\",\"inLanguage\":\"fr-FR\",\"mainEntityOfPage\":{\"@id\":\"https:\\\/\\\/www.immo-invest.ch\\\/fr\\\/gemeinsame-kraefte-fuer-den-ausbau-erneuerbarer-stromproduktion\\\/#webpage\"},\"isPartOf\":{\"@id\":\"https:\\\/\\\/www.immo-invest.ch\\\/fr\\\/gemeinsame-kraefte-fuer-den-ausbau-erneuerbarer-stromproduktion\\\/#webpage\"},\"articleSection\":\"\\u00c9nergie, Entreprise, immoNews, Transactions \\\/ Deals, Erneuerbare Energien, Immoinvest, immoNews, Kooperation Stadtwerke, News, Wasserkraft Wind Solar, Facultatif\"},{\"@type\":\"BreadcrumbList\",\"@id\":\"https:\\\/\\\/www.immo-invest.ch\\\/fr\\\/gemeinsame-kraefte-fuer-den-ausbau-erneuerbarer-stromproduktion\\\/#breadcrumblist\",\"itemListElement\":[{\"@type\":\"ListItem\",\"@id\":\"https:\\\/\\\/www.immo-invest.ch\\\/fr\\\/#listItem\",\"position\":1,\"name\":\"Home\",\"item\":\"https:\\\/\\\/www.immo-invest.ch\\\/fr\\\/\",\"nextItem\":{\"@type\":\"ListItem\",\"@id\":\"https:\\\/\\\/www.immo-invest.ch\\\/fr\\\/categories\\\/trends-fr\\\/#listItem\",\"name\":\"Trends\"}},{\"@type\":\"ListItem\",\"@id\":\"https:\\\/\\\/www.immo-invest.ch\\\/fr\\\/categories\\\/trends-fr\\\/#listItem\",\"position\":2,\"name\":\"Trends\",\"item\":\"https:\\\/\\\/www.immo-invest.ch\\\/fr\\\/categories\\\/trends-fr\\\/\",\"nextItem\":{\"@type\":\"ListItem\",\"@id\":\"https:\\\/\\\/www.immo-invest.ch\\\/fr\\\/categories\\\/trends-fr\\\/entreprise\\\/#listItem\",\"name\":\"Entreprise\"},\"previousItem\":{\"@type\":\"ListItem\",\"@id\":\"https:\\\/\\\/www.immo-invest.ch\\\/fr\\\/#listItem\",\"name\":\"Home\"}},{\"@type\":\"ListItem\",\"@id\":\"https:\\\/\\\/www.immo-invest.ch\\\/fr\\\/categories\\\/trends-fr\\\/entreprise\\\/#listItem\",\"position\":3,\"name\":\"Entreprise\",\"item\":\"https:\\\/\\\/www.immo-invest.ch\\\/fr\\\/categories\\\/trends-fr\\\/entreprise\\\/\",\"nextItem\":{\"@type\":\"ListItem\",\"@id\":\"https:\\\/\\\/www.immo-invest.ch\\\/fr\\\/gemeinsame-kraefte-fuer-den-ausbau-erneuerbarer-stromproduktion\\\/#listItem\",\"name\":\"Unir nos forces pour d\\u00e9velopper la production d&rsquo;\\u00e9lectricit\\u00e9 renouvelable\"},\"previousItem\":{\"@type\":\"ListItem\",\"@id\":\"https:\\\/\\\/www.immo-invest.ch\\\/fr\\\/categories\\\/trends-fr\\\/#listItem\",\"name\":\"Trends\"}},{\"@type\":\"ListItem\",\"@id\":\"https:\\\/\\\/www.immo-invest.ch\\\/fr\\\/gemeinsame-kraefte-fuer-den-ausbau-erneuerbarer-stromproduktion\\\/#listItem\",\"position\":4,\"name\":\"Unir nos forces pour d\\u00e9velopper la production d&rsquo;\\u00e9lectricit\\u00e9 renouvelable\",\"previousItem\":{\"@type\":\"ListItem\",\"@id\":\"https:\\\/\\\/www.immo-invest.ch\\\/fr\\\/categories\\\/trends-fr\\\/entreprise\\\/#listItem\",\"name\":\"Entreprise\"}}]},{\"@type\":\"Organization\",\"@id\":\"https:\\\/\\\/www.immo-invest.ch\\\/fr\\\/#organization\",\"name\":\"immo!nvest - Die Plattform f\\u00fcr Standorte und Immobilien\",\"description\":\"Die\\u00a0Plattform f\\u00fcr Standorte und Immobilien\",\"url\":\"https:\\\/\\\/www.immo-invest.ch\\\/fr\\\/\",\"email\":\"admin@immomedia.ag\",\"telephone\":\"+41444420002\",\"logo\":{\"@type\":\"ImageObject\",\"url\":\"https:\\\/\\\/www.immo-invest.ch\\\/wp-content\\\/uploads\\\/2024\\\/09\\\/immoinvest_sm-scaled.jpg\",\"@id\":\"https:\\\/\\\/www.immo-invest.ch\\\/fr\\\/gemeinsame-kraefte-fuer-den-ausbau-erneuerbarer-stromproduktion\\\/#organizationLogo\",\"width\":2560,\"height\":1340},\"image\":{\"@id\":\"https:\\\/\\\/www.immo-invest.ch\\\/fr\\\/gemeinsame-kraefte-fuer-den-ausbau-erneuerbarer-stromproduktion\\\/#organizationLogo\"},\"sameAs\":[\"https:\\\/\\\/www.facebook.com\\\/people\\\/Immoinvest\\\/100077962920504\\\/\",\"https:\\\/\\\/x.com\\\/i\\\/flow\\\/login?redirect_after_login=immoinvest_ch\",\"https:\\\/\\\/www.instagram.com\\\/immoinvest_ch\\\/\",\"https:\\\/\\\/www.linkedin.com\\\/company\\\/immoinvest-swiss\"]},{\"@type\":\"Person\",\"@id\":\"https:\\\/\\\/www.immo-invest.ch\\\/fr\\\/author\\\/immovestuser\\\/#author\",\"url\":\"https:\\\/\\\/www.immo-invest.ch\\\/fr\\\/author\\\/immovestuser\\\/\",\"name\":\"immovestuser\",\"image\":{\"@type\":\"ImageObject\",\"@id\":\"https:\\\/\\\/www.immo-invest.ch\\\/fr\\\/gemeinsame-kraefte-fuer-den-ausbau-erneuerbarer-stromproduktion\\\/#authorImage\",\"url\":\"https:\\\/\\\/secure.gravatar.com\\\/avatar\\\/8e01f4d99f2eeea7a362ebb93305e1172a70e9293ba250f897a65c39f54cdd1e?s=96&d=mm&r=g\",\"width\":96,\"height\":96,\"caption\":\"immovestuser\"}},{\"@type\":\"WebPage\",\"@id\":\"https:\\\/\\\/www.immo-invest.ch\\\/fr\\\/gemeinsame-kraefte-fuer-den-ausbau-erneuerbarer-stromproduktion\\\/#webpage\",\"url\":\"https:\\\/\\\/www.immo-invest.ch\\\/fr\\\/gemeinsame-kraefte-fuer-den-ausbau-erneuerbarer-stromproduktion\\\/\",\"name\":\"Unir nos forces pour d\\u00e9velopper la production d\\u2019\\u00e9lectricit\\u00e9 renouvelable - immo!nvest - Die Plattform f\\u00fcr Standorte und Immobilien\",\"description\":\"Les soci\\u00e9t\\u00e9s aventron AG et Swiss Renewables AG discutent d'une \\u00e9ventuelle collaboration. Ces filiales des services industriels municipaux et r\\u00e9gionaux suisses d\\u00e9tiennent des participations dans des installations de production d'\\u00e9nergies renouvelables en Europe. Leur actionnariat se recoupe en partie.\",\"inLanguage\":\"fr-FR\",\"isPartOf\":{\"@id\":\"https:\\\/\\\/www.immo-invest.ch\\\/fr\\\/#website\"},\"breadcrumb\":{\"@id\":\"https:\\\/\\\/www.immo-invest.ch\\\/fr\\\/gemeinsame-kraefte-fuer-den-ausbau-erneuerbarer-stromproduktion\\\/#breadcrumblist\"},\"author\":{\"@id\":\"https:\\\/\\\/www.immo-invest.ch\\\/fr\\\/author\\\/immovestuser\\\/#author\"},\"creator\":{\"@id\":\"https:\\\/\\\/www.immo-invest.ch\\\/fr\\\/author\\\/immovestuser\\\/#author\"},\"image\":{\"@type\":\"ImageObject\",\"url\":\"https:\\\/\\\/www.immo-invest.ch\\\/wp-content\\\/uploads\\\/2026\\\/01\\\/banoviag_renewable_energy_portfolio_in_Europe_with_hydroelect_684015f8-9a38-4457-be33-d7bffb8badc4_3.png\",\"@id\":\"https:\\\/\\\/www.immo-invest.ch\\\/fr\\\/gemeinsame-kraefte-fuer-den-ausbau-erneuerbarer-stromproduktion\\\/#mainImage\",\"width\":1536,\"height\":768},\"primaryImageOfPage\":{\"@id\":\"https:\\\/\\\/www.immo-invest.ch\\\/fr\\\/gemeinsame-kraefte-fuer-den-ausbau-erneuerbarer-stromproduktion\\\/#mainImage\"},\"datePublished\":\"2026-01-22T16:20:00+01:00\",\"dateModified\":\"2026-04-27T11:58:32+02:00\"},{\"@type\":\"WebSite\",\"@id\":\"https:\\\/\\\/www.immo-invest.ch\\\/fr\\\/#website\",\"url\":\"https:\\\/\\\/www.immo-invest.ch\\\/fr\\\/\",\"name\":\"immo!nvest - Die Plattform f\\u00fcr Standorte und Immobilien\",\"description\":\"Die\\u00a0Plattform f\\u00fcr Standorte und Immobilien\",\"inLanguage\":\"fr-FR\",\"publisher\":{\"@id\":\"https:\\\/\\\/www.immo-invest.ch\\\/fr\\\/#organization\"}}]}\n\t\t<\/script>\n\t\t<!-- All in One SEO -->\n\n","aioseo_head_json":{"title":"Unir nos forces pour d\u00e9velopper la production d\u2019\u00e9lectricit\u00e9 renouvelable - immo!nvest - Die Plattform f\u00fcr Standorte und Immobilien","description":"Les soci\u00e9t\u00e9s aventron AG et Swiss Renewables AG discutent d'une \u00e9ventuelle collaboration. Ces filiales des services industriels municipaux et r\u00e9gionaux suisses d\u00e9tiennent des participations dans des installations de production d'\u00e9nergies renouvelables en Europe. Leur actionnariat se recoupe en partie.","canonical_url":"https:\/\/www.immo-invest.ch\/fr\/gemeinsame-kraefte-fuer-den-ausbau-erneuerbarer-stromproduktion\/","robots":"max-image-preview:large","keywords":"","webmasterTools":{"google-site-verification":"fHJKvgWpZCR2zVBHWfkQeFXC11qieUSff0HGNYfuyLA","miscellaneous":""},"schema":{"@context":"https:\/\/schema.org","@graph":[{"@type":"BlogPosting","@id":"https:\/\/www.immo-invest.ch\/fr\/gemeinsame-kraefte-fuer-den-ausbau-erneuerbarer-stromproduktion\/#blogposting","name":"Unir nos forces pour d\u00e9velopper la production d\u2019\u00e9lectricit\u00e9 renouvelable - immo!nvest - Die Plattform f\u00fcr Standorte und Immobilien","headline":"Unir nos forces pour d\u00e9velopper la production d&rsquo;\u00e9lectricit\u00e9 renouvelable","author":{"@id":"https:\/\/www.immo-invest.ch\/fr\/author\/immovestuser\/#author"},"publisher":{"@id":"https:\/\/www.immo-invest.ch\/fr\/#organization"},"image":{"@type":"ImageObject","url":"https:\/\/www.immo-invest.ch\/wp-content\/uploads\/2026\/01\/banoviag_renewable_energy_portfolio_in_Europe_with_hydroelect_684015f8-9a38-4457-be33-d7bffb8badc4_3.png","width":1536,"height":768},"datePublished":"2026-01-22T16:20:00+01:00","dateModified":"2026-04-27T11:58:32+02:00","inLanguage":"fr-FR","mainEntityOfPage":{"@id":"https:\/\/www.immo-invest.ch\/fr\/gemeinsame-kraefte-fuer-den-ausbau-erneuerbarer-stromproduktion\/#webpage"},"isPartOf":{"@id":"https:\/\/www.immo-invest.ch\/fr\/gemeinsame-kraefte-fuer-den-ausbau-erneuerbarer-stromproduktion\/#webpage"},"articleSection":"\u00c9nergie, Entreprise, immoNews, Transactions \/ Deals, Erneuerbare Energien, Immoinvest, immoNews, Kooperation Stadtwerke, News, Wasserkraft Wind Solar, Facultatif"},{"@type":"BreadcrumbList","@id":"https:\/\/www.immo-invest.ch\/fr\/gemeinsame-kraefte-fuer-den-ausbau-erneuerbarer-stromproduktion\/#breadcrumblist","itemListElement":[{"@type":"ListItem","@id":"https:\/\/www.immo-invest.ch\/fr\/#listItem","position":1,"name":"Home","item":"https:\/\/www.immo-invest.ch\/fr\/","nextItem":{"@type":"ListItem","@id":"https:\/\/www.immo-invest.ch\/fr\/categories\/trends-fr\/#listItem","name":"Trends"}},{"@type":"ListItem","@id":"https:\/\/www.immo-invest.ch\/fr\/categories\/trends-fr\/#listItem","position":2,"name":"Trends","item":"https:\/\/www.immo-invest.ch\/fr\/categories\/trends-fr\/","nextItem":{"@type":"ListItem","@id":"https:\/\/www.immo-invest.ch\/fr\/categories\/trends-fr\/entreprise\/#listItem","name":"Entreprise"},"previousItem":{"@type":"ListItem","@id":"https:\/\/www.immo-invest.ch\/fr\/#listItem","name":"Home"}},{"@type":"ListItem","@id":"https:\/\/www.immo-invest.ch\/fr\/categories\/trends-fr\/entreprise\/#listItem","position":3,"name":"Entreprise","item":"https:\/\/www.immo-invest.ch\/fr\/categories\/trends-fr\/entreprise\/","nextItem":{"@type":"ListItem","@id":"https:\/\/www.immo-invest.ch\/fr\/gemeinsame-kraefte-fuer-den-ausbau-erneuerbarer-stromproduktion\/#listItem","name":"Unir nos forces pour d\u00e9velopper la production d&rsquo;\u00e9lectricit\u00e9 renouvelable"},"previousItem":{"@type":"ListItem","@id":"https:\/\/www.immo-invest.ch\/fr\/categories\/trends-fr\/#listItem","name":"Trends"}},{"@type":"ListItem","@id":"https:\/\/www.immo-invest.ch\/fr\/gemeinsame-kraefte-fuer-den-ausbau-erneuerbarer-stromproduktion\/#listItem","position":4,"name":"Unir nos forces pour d\u00e9velopper la production d&rsquo;\u00e9lectricit\u00e9 renouvelable","previousItem":{"@type":"ListItem","@id":"https:\/\/www.immo-invest.ch\/fr\/categories\/trends-fr\/entreprise\/#listItem","name":"Entreprise"}}]},{"@type":"Organization","@id":"https:\/\/www.immo-invest.ch\/fr\/#organization","name":"immo!nvest - Die Plattform f\u00fcr Standorte und Immobilien","description":"Die\u00a0Plattform f\u00fcr Standorte und Immobilien","url":"https:\/\/www.immo-invest.ch\/fr\/","email":"admin@immomedia.ag","telephone":"+41444420002","logo":{"@type":"ImageObject","url":"https:\/\/www.immo-invest.ch\/wp-content\/uploads\/2024\/09\/immoinvest_sm-scaled.jpg","@id":"https:\/\/www.immo-invest.ch\/fr\/gemeinsame-kraefte-fuer-den-ausbau-erneuerbarer-stromproduktion\/#organizationLogo","width":2560,"height":1340},"image":{"@id":"https:\/\/www.immo-invest.ch\/fr\/gemeinsame-kraefte-fuer-den-ausbau-erneuerbarer-stromproduktion\/#organizationLogo"},"sameAs":["https:\/\/www.facebook.com\/people\/Immoinvest\/100077962920504\/","https:\/\/x.com\/i\/flow\/login?redirect_after_login=immoinvest_ch","https:\/\/www.instagram.com\/immoinvest_ch\/","https:\/\/www.linkedin.com\/company\/immoinvest-swiss"]},{"@type":"Person","@id":"https:\/\/www.immo-invest.ch\/fr\/author\/immovestuser\/#author","url":"https:\/\/www.immo-invest.ch\/fr\/author\/immovestuser\/","name":"immovestuser","image":{"@type":"ImageObject","@id":"https:\/\/www.immo-invest.ch\/fr\/gemeinsame-kraefte-fuer-den-ausbau-erneuerbarer-stromproduktion\/#authorImage","url":"https:\/\/secure.gravatar.com\/avatar\/8e01f4d99f2eeea7a362ebb93305e1172a70e9293ba250f897a65c39f54cdd1e?s=96&d=mm&r=g","width":96,"height":96,"caption":"immovestuser"}},{"@type":"WebPage","@id":"https:\/\/www.immo-invest.ch\/fr\/gemeinsame-kraefte-fuer-den-ausbau-erneuerbarer-stromproduktion\/#webpage","url":"https:\/\/www.immo-invest.ch\/fr\/gemeinsame-kraefte-fuer-den-ausbau-erneuerbarer-stromproduktion\/","name":"Unir nos forces pour d\u00e9velopper la production d\u2019\u00e9lectricit\u00e9 renouvelable - immo!nvest - Die Plattform f\u00fcr Standorte und Immobilien","description":"Les soci\u00e9t\u00e9s aventron AG et Swiss Renewables AG discutent d'une \u00e9ventuelle collaboration. Ces filiales des services industriels municipaux et r\u00e9gionaux suisses d\u00e9tiennent des participations dans des installations de production d'\u00e9nergies renouvelables en Europe. Leur actionnariat se recoupe en partie.","inLanguage":"fr-FR","isPartOf":{"@id":"https:\/\/www.immo-invest.ch\/fr\/#website"},"breadcrumb":{"@id":"https:\/\/www.immo-invest.ch\/fr\/gemeinsame-kraefte-fuer-den-ausbau-erneuerbarer-stromproduktion\/#breadcrumblist"},"author":{"@id":"https:\/\/www.immo-invest.ch\/fr\/author\/immovestuser\/#author"},"creator":{"@id":"https:\/\/www.immo-invest.ch\/fr\/author\/immovestuser\/#author"},"image":{"@type":"ImageObject","url":"https:\/\/www.immo-invest.ch\/wp-content\/uploads\/2026\/01\/banoviag_renewable_energy_portfolio_in_Europe_with_hydroelect_684015f8-9a38-4457-be33-d7bffb8badc4_3.png","@id":"https:\/\/www.immo-invest.ch\/fr\/gemeinsame-kraefte-fuer-den-ausbau-erneuerbarer-stromproduktion\/#mainImage","width":1536,"height":768},"primaryImageOfPage":{"@id":"https:\/\/www.immo-invest.ch\/fr\/gemeinsame-kraefte-fuer-den-ausbau-erneuerbarer-stromproduktion\/#mainImage"},"datePublished":"2026-01-22T16:20:00+01:00","dateModified":"2026-04-27T11:58:32+02:00"},{"@type":"WebSite","@id":"https:\/\/www.immo-invest.ch\/fr\/#website","url":"https:\/\/www.immo-invest.ch\/fr\/","name":"immo!nvest - Die Plattform f\u00fcr Standorte und Immobilien","description":"Die\u00a0Plattform f\u00fcr Standorte und Immobilien","inLanguage":"fr-FR","publisher":{"@id":"https:\/\/www.immo-invest.ch\/fr\/#organization"}}]},"og:locale":"fr_FR","og:site_name":"immo!nvest - Die Plattform f\u00fcr Standorte und Immobilien - Die\u00a0Plattform f\u00fcr Standorte und Immobilien","og:type":"article","og:title":"Unir nos forces pour d\u00e9velopper la production d\u2019\u00e9lectricit\u00e9 renouvelable - immo!nvest - Die Plattform f\u00fcr Standorte und Immobilien","og:description":"Les soci\u00e9t\u00e9s aventron AG et Swiss Renewables AG discutent d'une \u00e9ventuelle collaboration. Ces filiales des services industriels municipaux et r\u00e9gionaux suisses d\u00e9tiennent des participations dans des installations de production d'\u00e9nergies renouvelables en Europe. Leur actionnariat se recoupe en partie.","og:url":"https:\/\/www.immo-invest.ch\/fr\/gemeinsame-kraefte-fuer-den-ausbau-erneuerbarer-stromproduktion\/","og:image":"https:\/\/www.immo-invest.ch\/wp-content\/uploads\/2026\/01\/banoviag_renewable_energy_portfolio_in_Europe_with_hydroelect_684015f8-9a38-4457-be33-d7bffb8badc4_3.png","og:image:secure_url":"https:\/\/www.immo-invest.ch\/wp-content\/uploads\/2026\/01\/banoviag_renewable_energy_portfolio_in_Europe_with_hydroelect_684015f8-9a38-4457-be33-d7bffb8badc4_3.png","og:image:width":1536,"og:image:height":768,"article:published_time":"2026-01-22T15:20:00+00:00","article:modified_time":"2026-04-27T09:58:32+00:00","article:publisher":"https:\/\/www.facebook.com\/people\/Immoinvest\/100077962920504\/","twitter:card":"summary_large_image","twitter:site":"@i","twitter:title":"Unir nos forces pour d\u00e9velopper la production d\u2019\u00e9lectricit\u00e9 renouvelable - immo!nvest - Die Plattform f\u00fcr Standorte und Immobilien","twitter:description":"Les soci\u00e9t\u00e9s aventron AG et Swiss Renewables AG discutent d'une \u00e9ventuelle collaboration. Ces filiales des services industriels municipaux et r\u00e9gionaux suisses d\u00e9tiennent des participations dans des installations de production d'\u00e9nergies renouvelables en Europe. Leur actionnariat se recoupe en partie.","twitter:creator":"@i","twitter:image":"https:\/\/www.immo-invest.ch\/wp-content\/uploads\/2026\/01\/banoviag_renewable_energy_portfolio_in_Europe_with_hydroelect_684015f8-9a38-4457-be33-d7bffb8badc4_3.png"},"aioseo_meta_data":{"post_id":"147688","title":null,"description":null,"keywords":null,"keyphrases":{"focus":{"keyphrase":"","score":0,"analysis":{"keyphraseInTitle":{"score":0,"maxScore":9,"error":1}}},"additional":[]},"primary_term":null,"canonical_url":null,"og_title":null,"og_description":null,"og_object_type":"default","og_image_type":"default","og_image_url":null,"og_image_width":null,"og_image_height":null,"og_image_custom_url":null,"og_image_custom_fields":null,"og_video":"","og_custom_url":null,"og_article_section":null,"og_article_tags":null,"twitter_use_og":false,"twitter_card":"default","twitter_image_type":"default","twitter_image_url":null,"twitter_image_custom_url":null,"twitter_image_custom_fields":null,"twitter_title":null,"twitter_description":null,"schema":{"blockGraphs":[],"customGraphs":[],"default":{"data":{"Article":[],"Course":[],"Dataset":[],"FAQPage":[],"Movie":[],"Person":[],"Product":[],"ProductReview":[],"Car":[],"Recipe":[],"Service":[],"SoftwareApplication":[],"WebPage":[]},"graphName":"BlogPosting","isEnabled":true},"graphs":[]},"schema_type":"default","schema_type_options":null,"pillar_content":false,"robots_default":true,"robots_noindex":false,"robots_noarchive":false,"robots_nosnippet":false,"robots_nofollow":false,"robots_noimageindex":false,"robots_noodp":false,"robots_notranslate":false,"robots_max_snippet":"-1","robots_max_videopreview":"-1","robots_max_imagepreview":"large","priority":null,"frequency":"default","local_seo":null,"breadcrumb_settings":null,"limit_modified_date":false,"ai":{"faqs":[],"keyPoints":[],"titles":[],"descriptions":[],"socialPosts":{"email":[],"linkedin":[],"twitter":[],"facebook":[],"instagram":[]}},"created":"2026-01-21 09:31:02","updated":"2026-04-27 10:42:35","seo_analyzer_scan_date":null,"focus_keyword":null,"additional_keywords":null,"truseo_locale":null},"aioseo_breadcrumb":"<div class=\"aioseo-breadcrumbs\"><span class=\"aioseo-breadcrumb\">\n\t\t\t<a href=\"https:\/\/www.immo-invest.ch\/fr\/\" title=\"Home\">Home<\/a>\n\t\t<\/span><span class=\"aioseo-breadcrumb-separator\">&raquo;<\/span><span class=\"aioseo-breadcrumb\">\n\t\t\t<a href=\"https:\/\/www.immo-invest.ch\/fr\/categories\/trends-fr\/\" title=\"Trends\">Trends<\/a>\n\t\t<\/span><span class=\"aioseo-breadcrumb-separator\">&raquo;<\/span><span class=\"aioseo-breadcrumb\">\n\t\t\t<a href=\"https:\/\/www.immo-invest.ch\/fr\/categories\/trends-fr\/entreprise\/\" title=\"Entreprise\">Entreprise<\/a>\n\t\t<\/span><span class=\"aioseo-breadcrumb-separator\">&raquo;<\/span><span class=\"aioseo-breadcrumb\">\n\t\t\tUnir nos forces pour d\u00e9velopper la production d\u2019\u00e9lectricit\u00e9 renouvelable\n\t\t<\/span><\/div>","aioseo_breadcrumb_json":[{"label":"Home","link":"https:\/\/www.immo-invest.ch\/fr\/"},{"label":"Trends","link":"https:\/\/www.immo-invest.ch\/fr\/categories\/trends-fr\/"},{"label":"Entreprise","link":"https:\/\/www.immo-invest.ch\/fr\/categories\/trends-fr\/entreprise\/"},{"label":"Unir nos forces pour d\u00e9velopper la production d&rsquo;\u00e9lectricit\u00e9 renouvelable","link":"https:\/\/www.immo-invest.ch\/fr\/gemeinsame-kraefte-fuer-den-ausbau-erneuerbarer-stromproduktion\/"}],"featured_image_src":"https:\/\/www.immo-invest.ch\/wp-content\/uploads\/2026\/01\/banoviag_renewable_energy_portfolio_in_Europe_with_hydroelect_684015f8-9a38-4457-be33-d7bffb8badc4_3-336x168.png","_links":{"self":[{"href":"https:\/\/www.immo-invest.ch\/fr\/wp-json\/wp\/v2\/posts\/147688","targetHints":{"allow":["GET"]}}],"collection":[{"href":"https:\/\/www.immo-invest.ch\/fr\/wp-json\/wp\/v2\/posts"}],"about":[{"href":"https:\/\/www.immo-invest.ch\/fr\/wp-json\/wp\/v2\/types\/post"}],"author":[{"embeddable":true,"href":"https:\/\/www.immo-invest.ch\/fr\/wp-json\/wp\/v2\/users\/2"}],"replies":[{"embeddable":true,"href":"https:\/\/www.immo-invest.ch\/fr\/wp-json\/wp\/v2\/comments?post=147688"}],"version-history":[{"count":2,"href":"https:\/\/www.immo-invest.ch\/fr\/wp-json\/wp\/v2\/posts\/147688\/revisions"}],"predecessor-version":[{"id":147697,"href":"https:\/\/www.immo-invest.ch\/fr\/wp-json\/wp\/v2\/posts\/147688\/revisions\/147697"}],"wp:featuredmedia":[{"embeddable":true,"href":"https:\/\/www.immo-invest.ch\/fr\/wp-json\/wp\/v2\/media\/147689"}],"wp:attachment":[{"href":"https:\/\/www.immo-invest.ch\/fr\/wp-json\/wp\/v2\/media?parent=147688"}],"wp:term":[{"taxonomy":"category","embeddable":true,"href":"https:\/\/www.immo-invest.ch\/fr\/wp-json\/wp\/v2\/categories?post=147688"},{"taxonomy":"post_tag","embeddable":true,"href":"https:\/\/www.immo-invest.ch\/fr\/wp-json\/wp\/v2\/tags?post=147688"}],"curies":[{"name":"wp","href":"https:\/\/api.w.org\/{rel}","templated":true}]}}