{"id":147547,"date":"2026-01-20T10:34:34","date_gmt":"2026-01-20T09:34:34","guid":{"rendered":"https:\/\/www.immo-invest.ch\/energiezukunft-im-limmattal\/"},"modified":"2026-01-20T10:53:18","modified_gmt":"2026-01-20T09:53:18","slug":"energiezukunft-im-limmattal","status":"publish","type":"post","link":"https:\/\/www.immo-invest.ch\/fr\/energiezukunft-im-limmattal\/","title":{"rendered":"L&rsquo;avenir \u00e9nerg\u00e9tique de Limmattal"},"content":{"rendered":"<p class=\"wp-block-paragraph\">Limeco, l&rsquo;usine r&eacute;gionale de la vall&eacute;e de la Limmat, est confront&eacute;e &agrave; un projet du si&egrave;cle. Une nouvelle usine de traitement des ordures m&eacute;nag&egrave;res doit voir le jour d&rsquo;ici 2034, suivie d&rsquo;une r&eacute;organisation de l&rsquo;&eacute;puration des eaux us&eacute;es d&rsquo;ici 2050. Cela permettra de garantir que les d&eacute;chets et les eaux us&eacute;es de la vall&eacute;e de la Limmat continueront &agrave; &ecirc;tre trait&eacute;s dans le respect de l&rsquo;environnement et utilis&eacute;s comme source d&rsquo;&eacute;nergie.<\/p>\n\n\n\n\n\n<p class=\"wp-block-paragraph\">L&rsquo;actuelle UIOM sera remplac&eacute;e par un nouveau b&acirc;timent plus &agrave; l&rsquo;ouest. Une STEP plus grande doit &ecirc;tre r&eacute;alis&eacute;e sur le site actuel afin de couvrir &agrave; long terme les besoins de la vall&eacute;e de la Limmat en pleine croissance. La STEP actuelle sera supprim&eacute;e d&rsquo;ici 2050. Elle est situ&eacute;e dans une zone de protection de la nature et des oiseaux prot&eacute;g&eacute;e au niveau national.<\/p>\n\n\n\n\n\n<p class=\"wp-block-paragraph\"><strong>Un projet visionnaire<br><\/strong>Le centre &eacute;nerg&eacute;tique de la vall&eacute;e de la Limmat est un exemple de la transformation du secteur de l&rsquo;&eacute;limination des d&eacute;chets et de l&rsquo;&eacute;nergie. De la pure valorisation des d&eacute;chets na&icirc;t un n&oelig;ud &eacute;nerg&eacute;tique multifonctionnel qui fournit de la chaleur, de l&rsquo;&eacute;lectricit&eacute; et du gaz &ndash; en pr&eacute;servant les ressources, en s&rsquo;ancrant localement et en pensant &agrave; la neutralit&eacute; climatique.<\/p>\n\n\n\n\n\n<p class=\"wp-block-paragraph\">Un<strong>plan d&rsquo;am&eacute;nagement fixe le cadre<br><\/strong>Un plan d&rsquo;am&eacute;nagement cantonal constitue la base juridique de la planification. Il d&eacute;finit de mani&egrave;re contraignante la mani&egrave;re dont les installations seront &eacute;chelonn&eacute;es, desservies et int&eacute;gr&eacute;es. Les prescriptions relatives aux zones de construction, &agrave; la protection de l&rsquo;environnement et des eaux, aux espaces naturels et aux espaces verts publics garantissent la s&eacute;curit&eacute; de la planification.<\/p>\n\n\n\n\n\n<p class=\"wp-block-paragraph\">Une &eacute;tude d&rsquo;impact sur l&rsquo;environnement est men&eacute;e en parall&egrave;le. Elle examine l&rsquo;impact des phases de construction et d&rsquo;exploitation sur l&rsquo;environnement, les riverains et les &eacute;cosyst&egrave;mes. L&rsquo;objectif est de cr&eacute;er un centre &eacute;nerg&eacute;tique qui allie protection du climat et pr&eacute;servation des ressources. Ceci avec une production d&rsquo;&eacute;lectricit&eacute;, de chauffage urbain et de gaz &agrave; partir de sources renouvelables ainsi que des concepts de captage direct des &eacute;missions de CO&#8322;.<\/p>\n\n\n\n\n\n<p class=\"wp-block-paragraph\"><strong>Participation et information<br><\/strong>Le plan d&rsquo;am&eacute;nagement sera mis &agrave; l&rsquo;enqu&ecirc;te publique pendant 60 jours &agrave; partir du 20 janvier 2026. Les citoyennes, les associations et les autorit&eacute;s peuvent s&rsquo;exprimer sur le projet pendant cette p&eacute;riode. Les requ&ecirc;tes seront examin&eacute;es par les services cantonaux et document&eacute;es dans un rapport d&rsquo;objection.<\/p>\n\n\n\n\n\n<p class=\"wp-block-paragraph\">Le mercredi 21 janvier, Limeco organise une s&eacute;ance d&rsquo;information publique au cours de laquelle des repr&eacute;sentants du canton et de l&rsquo;entreprise pr&eacute;senteront les d&eacute;tails du projet et r&eacute;pondront aux questions. Des informations sur le rendez-vous sont disponibles sur www.lez.ch\/<span class=\"glossaryLink\" aria-describedby=\"tt\" data-cmtooltip=\"&lt;div class=glossaryItemTitle&gt;Gestaltungsplan&lt;\/div&gt;&lt;div class=glossaryItemBody&gt;Festlegung der Nutzungsm&ouml;glichkeiten und deren Intensit&auml;t f&uuml;r ein abgegrenztes Gebiet&lt;\/div&gt;\" data-mobile-support=\"0\" data-gt-translate-attributes='[{\"attribute\":\"data-cmtooltip\", \"format\":\"html\"}]' tabindex=\"0\" role=\"link\">gestaltungsplan<\/span>.<\/p>\n\n\n\n\n\n<p class=\"wp-block-paragraph\">Les documents complets peuvent &ecirc;tre t&eacute;l&eacute;charg&eacute;s sur <a href=\"http:\/\/www.zh.ch\/raumplanung\" target=\"_blank\" rel=\"noopener\" title=\"\">www.zh.ch\/raumplanung<\/a> et consult&eacute;s aupr&egrave;s de la commune de Dietikon et de l&rsquo;Office cantonal du d&eacute;veloppement territorial.<\/p>\n\n","protected":false},"excerpt":{"rendered":"<p>Le \u00ab\u00a0centre \u00e9nerg\u00e9tique de la vall\u00e9e de la Limmat\u00a0\u00bb est en cours de construction \u00e0 Dietikon. Pour ce faire, l&rsquo;usine de traitement des ordures m\u00e9nag\u00e8res et des eaux us\u00e9es sera enti\u00e8rement r\u00e9nov\u00e9e. Le plan d&rsquo;am\u00e9nagement sera mis \u00e0 l&rsquo;enqu\u00eate publique \u00e0 partir du 20 janvier 2026. Une \u00e9tape importante pour la strat\u00e9gie \u00e9nerg\u00e9tique et climatique du canton de Zurich.<\/p>\n","protected":false},"author":2,"featured_media":147548,"comment_status":"open","ping_status":"open","sticky":false,"template":"","format":"standard","meta":{"pmpro_default_level":"","inline_featured_image":false,"_monsterinsights_skip_tracking":false,"footnotes":""},"categories":[22699,8747,739,4957],"tags":[56660,872,3931,2002],"class_list":["post-147547","post","type-post","status-publish","format-standard","has-post-thumbnail","hentry","category-durabilite","category-energie","category-projects","category-region-zurich","tag-energiezentrum-limmattal","tag-immoinvest-fr","tag-immonews-fr","tag-news-fr","pmpro-has-access"],"acf":{"bild_mit_ki_erstellt_worden":"","lead":"Le \"centre \u00e9nerg\u00e9tique de la vall\u00e9e de la Limmat\" est en cours de construction \u00e0 Dietikon. Pour ce faire, l'usine de traitement des ordures m\u00e9nag\u00e8res et des eaux us\u00e9es sera enti\u00e8rement r\u00e9nov\u00e9e. Le plan d'am\u00e9nagement sera mis \u00e0 l'enqu\u00eate publique \u00e0 partir du 20 janvier 2026. Une \u00e9tape importante pour la strat\u00e9gie \u00e9nerg\u00e9tique et climatique du canton de Zurich.","autor":"Quelle Z\u00fcrich","ort":"","bildunterschrift":"","bild_im_grid":false,"gallerie":"","newsim":""},"aioseo_notices":[],"aioseo_head":"\n\t\t<!-- All in One SEO 5.0.0.1 - aioseo.com -->\n\t<meta name=\"description\" content=\"Le &quot;centre \u00e9nerg\u00e9tique de la vall\u00e9e de la Limmat&quot; est en cours de construction \u00e0 Dietikon. Pour ce faire, l&#039;usine de traitement des ordures m\u00e9nag\u00e8res et des eaux us\u00e9es sera enti\u00e8rement r\u00e9nov\u00e9e. Le plan d&#039;am\u00e9nagement sera mis \u00e0 l&#039;enqu\u00eate publique \u00e0 partir du 20 janvier 2026. Une \u00e9tape importante pour la strat\u00e9gie \u00e9nerg\u00e9tique et climatique du canton de Zurich.\" \/>\n\t<meta name=\"robots\" content=\"max-image-preview:large\" \/>\n\t<meta name=\"author\" content=\"immovestuser\"\/>\n\t<meta name=\"google-site-verification\" content=\"fHJKvgWpZCR2zVBHWfkQeFXC11qieUSff0HGNYfuyLA\" \/>\n\t<link rel=\"canonical\" href=\"https:\/\/www.immo-invest.ch\/fr\/energiezukunft-im-limmattal\/\" \/>\n\t<meta name=\"generator\" content=\"All in One SEO (AIOSEO) 5.0.0.1\" \/>\n\t\t<meta property=\"og:locale\" content=\"fr_FR\" \/>\n\t\t<meta property=\"og:site_name\" content=\"immo!nvest - Die Plattform f\u00fcr Standorte und Immobilien - Die\u00a0Plattform f\u00fcr Standorte und Immobilien\" \/>\n\t\t<meta property=\"og:type\" content=\"article\" \/>\n\t\t<meta property=\"og:title\" content=\"L\u2019avenir \u00e9nerg\u00e9tique de Limmattal - immo!nvest - Die Plattform f\u00fcr Standorte und Immobilien\" \/>\n\t\t<meta property=\"og:description\" content=\"Le &quot;centre \u00e9nerg\u00e9tique de la vall\u00e9e de la Limmat&quot; est en cours de construction \u00e0 Dietikon. Pour ce faire, l&#039;usine de traitement des ordures m\u00e9nag\u00e8res et des eaux us\u00e9es sera enti\u00e8rement r\u00e9nov\u00e9e. Le plan d&#039;am\u00e9nagement sera mis \u00e0 l&#039;enqu\u00eate publique \u00e0 partir du 20 janvier 2026. Une \u00e9tape importante pour la strat\u00e9gie \u00e9nerg\u00e9tique et climatique du canton de Zurich.\" \/>\n\t\t<meta property=\"og:url\" content=\"https:\/\/www.immo-invest.ch\/fr\/energiezukunft-im-limmattal\/\" \/>\n\t\t<meta property=\"og:image\" content=\"https:\/\/www.immo-invest.ch\/wp-content\/uploads\/2026\/01\/Reppisch-e1768901619894.png\" \/>\n\t\t<meta property=\"og:image:secure_url\" content=\"https:\/\/www.immo-invest.ch\/wp-content\/uploads\/2026\/01\/Reppisch-e1768901619894.png\" \/>\n\t\t<meta property=\"og:image:width\" content=\"2000\" \/>\n\t\t<meta property=\"og:image:height\" content=\"1127\" \/>\n\t\t<meta property=\"article:published_time\" content=\"2026-01-20T09:34:34+00:00\" \/>\n\t\t<meta property=\"article:modified_time\" content=\"2026-01-20T09:53:18+00:00\" \/>\n\t\t<meta property=\"article:publisher\" content=\"https:\/\/www.facebook.com\/people\/Immoinvest\/100077962920504\/\" \/>\n\t\t<meta name=\"twitter:card\" content=\"summary_large_image\" \/>\n\t\t<meta name=\"twitter:site\" content=\"@i\" \/>\n\t\t<meta name=\"twitter:title\" content=\"L\u2019avenir \u00e9nerg\u00e9tique de Limmattal - immo!nvest - Die Plattform f\u00fcr Standorte und Immobilien\" \/>\n\t\t<meta name=\"twitter:description\" content=\"Le &quot;centre \u00e9nerg\u00e9tique de la vall\u00e9e de la Limmat&quot; est en cours de construction \u00e0 Dietikon. Pour ce faire, l&#039;usine de traitement des ordures m\u00e9nag\u00e8res et des eaux us\u00e9es sera enti\u00e8rement r\u00e9nov\u00e9e. Le plan d&#039;am\u00e9nagement sera mis \u00e0 l&#039;enqu\u00eate publique \u00e0 partir du 20 janvier 2026. Une \u00e9tape importante pour la strat\u00e9gie \u00e9nerg\u00e9tique et climatique du canton de Zurich.\" \/>\n\t\t<meta name=\"twitter:creator\" content=\"@i\" \/>\n\t\t<meta name=\"twitter:image\" content=\"https:\/\/www.immo-invest.ch\/wp-content\/uploads\/2026\/01\/Reppisch-e1768901619894.png\" \/>\n\t\t<script type=\"application\/ld+json\" class=\"aioseo-schema\">\n\t\t\t{\"@context\":\"https:\\\/\\\/schema.org\",\"@graph\":[{\"@type\":\"BlogPosting\",\"@id\":\"https:\\\/\\\/www.immo-invest.ch\\\/fr\\\/energiezukunft-im-limmattal\\\/#blogposting\",\"name\":\"L\\u2019avenir \\u00e9nerg\\u00e9tique de Limmattal - immo!nvest - Die Plattform f\\u00fcr Standorte und Immobilien\",\"headline\":\"L&rsquo;avenir \\u00e9nerg\\u00e9tique de Limmattal\",\"author\":{\"@id\":\"https:\\\/\\\/www.immo-invest.ch\\\/fr\\\/author\\\/immovestuser\\\/#author\"},\"publisher\":{\"@id\":\"https:\\\/\\\/www.immo-invest.ch\\\/fr\\\/#organization\"},\"image\":{\"@type\":\"ImageObject\",\"url\":\"https:\\\/\\\/www.immo-invest.ch\\\/wp-content\\\/uploads\\\/2026\\\/01\\\/Reppisch-e1768901619894.png\",\"width\":2000,\"height\":1127},\"datePublished\":\"2026-01-20T10:34:34+01:00\",\"dateModified\":\"2026-01-20T10:53:18+01:00\",\"inLanguage\":\"fr-FR\",\"mainEntityOfPage\":{\"@id\":\"https:\\\/\\\/www.immo-invest.ch\\\/fr\\\/energiezukunft-im-limmattal\\\/#webpage\"},\"isPartOf\":{\"@id\":\"https:\\\/\\\/www.immo-invest.ch\\\/fr\\\/energiezukunft-im-limmattal\\\/#webpage\"},\"articleSection\":\"Durabilit\\u00e9, \\u00c9nergie, Projects, Zurich, Energiezentrum Limmattal, Immoinvest, immoNews, News, Facultatif\"},{\"@type\":\"BreadcrumbList\",\"@id\":\"https:\\\/\\\/www.immo-invest.ch\\\/fr\\\/energiezukunft-im-limmattal\\\/#breadcrumblist\",\"itemListElement\":[{\"@type\":\"ListItem\",\"@id\":\"https:\\\/\\\/www.immo-invest.ch\\\/fr\\\/#listItem\",\"position\":1,\"name\":\"Home\",\"item\":\"https:\\\/\\\/www.immo-invest.ch\\\/fr\\\/\",\"nextItem\":{\"@type\":\"ListItem\",\"@id\":\"https:\\\/\\\/www.immo-invest.ch\\\/fr\\\/categories\\\/regions\\\/#listItem\",\"name\":\"R\\u00e9gions\"}},{\"@type\":\"ListItem\",\"@id\":\"https:\\\/\\\/www.immo-invest.ch\\\/fr\\\/categories\\\/regions\\\/#listItem\",\"position\":2,\"name\":\"R\\u00e9gions\",\"item\":\"https:\\\/\\\/www.immo-invest.ch\\\/fr\\\/categories\\\/regions\\\/\",\"nextItem\":{\"@type\":\"ListItem\",\"@id\":\"https:\\\/\\\/www.immo-invest.ch\\\/fr\\\/categories\\\/regions\\\/suisse\\\/#listItem\",\"name\":\"Suisse\"},\"previousItem\":{\"@type\":\"ListItem\",\"@id\":\"https:\\\/\\\/www.immo-invest.ch\\\/fr\\\/#listItem\",\"name\":\"Home\"}},{\"@type\":\"ListItem\",\"@id\":\"https:\\\/\\\/www.immo-invest.ch\\\/fr\\\/categories\\\/regions\\\/suisse\\\/#listItem\",\"position\":3,\"name\":\"Suisse\",\"item\":\"https:\\\/\\\/www.immo-invest.ch\\\/fr\\\/categories\\\/regions\\\/suisse\\\/\",\"nextItem\":{\"@type\":\"ListItem\",\"@id\":\"https:\\\/\\\/www.immo-invest.ch\\\/fr\\\/categories\\\/regions\\\/suisse\\\/region-zurich\\\/#listItem\",\"name\":\"Zurich\"},\"previousItem\":{\"@type\":\"ListItem\",\"@id\":\"https:\\\/\\\/www.immo-invest.ch\\\/fr\\\/categories\\\/regions\\\/#listItem\",\"name\":\"R\\u00e9gions\"}},{\"@type\":\"ListItem\",\"@id\":\"https:\\\/\\\/www.immo-invest.ch\\\/fr\\\/categories\\\/regions\\\/suisse\\\/region-zurich\\\/#listItem\",\"position\":4,\"name\":\"Zurich\",\"item\":\"https:\\\/\\\/www.immo-invest.ch\\\/fr\\\/categories\\\/regions\\\/suisse\\\/region-zurich\\\/\",\"nextItem\":{\"@type\":\"ListItem\",\"@id\":\"https:\\\/\\\/www.immo-invest.ch\\\/fr\\\/energiezukunft-im-limmattal\\\/#listItem\",\"name\":\"L&rsquo;avenir \\u00e9nerg\\u00e9tique de Limmattal\"},\"previousItem\":{\"@type\":\"ListItem\",\"@id\":\"https:\\\/\\\/www.immo-invest.ch\\\/fr\\\/categories\\\/regions\\\/suisse\\\/#listItem\",\"name\":\"Suisse\"}},{\"@type\":\"ListItem\",\"@id\":\"https:\\\/\\\/www.immo-invest.ch\\\/fr\\\/energiezukunft-im-limmattal\\\/#listItem\",\"position\":5,\"name\":\"L&rsquo;avenir \\u00e9nerg\\u00e9tique de Limmattal\",\"previousItem\":{\"@type\":\"ListItem\",\"@id\":\"https:\\\/\\\/www.immo-invest.ch\\\/fr\\\/categories\\\/regions\\\/suisse\\\/region-zurich\\\/#listItem\",\"name\":\"Zurich\"}}]},{\"@type\":\"Organization\",\"@id\":\"https:\\\/\\\/www.immo-invest.ch\\\/fr\\\/#organization\",\"name\":\"immo!nvest - Die Plattform f\\u00fcr Standorte und Immobilien\",\"description\":\"Die\\u00a0Plattform f\\u00fcr Standorte und Immobilien\",\"url\":\"https:\\\/\\\/www.immo-invest.ch\\\/fr\\\/\",\"email\":\"admin@immomedia.ag\",\"telephone\":\"+41444420002\",\"logo\":{\"@type\":\"ImageObject\",\"url\":\"https:\\\/\\\/www.immo-invest.ch\\\/wp-content\\\/uploads\\\/2024\\\/09\\\/immoinvest_sm-scaled.jpg\",\"@id\":\"https:\\\/\\\/www.immo-invest.ch\\\/fr\\\/energiezukunft-im-limmattal\\\/#organizationLogo\",\"width\":2560,\"height\":1340},\"image\":{\"@id\":\"https:\\\/\\\/www.immo-invest.ch\\\/fr\\\/energiezukunft-im-limmattal\\\/#organizationLogo\"},\"sameAs\":[\"https:\\\/\\\/www.facebook.com\\\/people\\\/Immoinvest\\\/100077962920504\\\/\",\"https:\\\/\\\/x.com\\\/i\\\/flow\\\/login?redirect_after_login=immoinvest_ch\",\"https:\\\/\\\/www.instagram.com\\\/immoinvest_ch\\\/\",\"https:\\\/\\\/www.linkedin.com\\\/company\\\/immoinvest-swiss\"]},{\"@type\":\"Person\",\"@id\":\"https:\\\/\\\/www.immo-invest.ch\\\/fr\\\/author\\\/immovestuser\\\/#author\",\"url\":\"https:\\\/\\\/www.immo-invest.ch\\\/fr\\\/author\\\/immovestuser\\\/\",\"name\":\"immovestuser\",\"image\":{\"@type\":\"ImageObject\",\"@id\":\"https:\\\/\\\/www.immo-invest.ch\\\/fr\\\/energiezukunft-im-limmattal\\\/#authorImage\",\"url\":\"https:\\\/\\\/secure.gravatar.com\\\/avatar\\\/8e01f4d99f2eeea7a362ebb93305e1172a70e9293ba250f897a65c39f54cdd1e?s=96&d=mm&r=g\",\"width\":96,\"height\":96,\"caption\":\"immovestuser\"}},{\"@type\":\"WebPage\",\"@id\":\"https:\\\/\\\/www.immo-invest.ch\\\/fr\\\/energiezukunft-im-limmattal\\\/#webpage\",\"url\":\"https:\\\/\\\/www.immo-invest.ch\\\/fr\\\/energiezukunft-im-limmattal\\\/\",\"name\":\"L\\u2019avenir \\u00e9nerg\\u00e9tique de Limmattal - immo!nvest - Die Plattform f\\u00fcr Standorte und Immobilien\",\"description\":\"Le \\\"centre \\u00e9nerg\\u00e9tique de la vall\\u00e9e de la Limmat\\\" est en cours de construction \\u00e0 Dietikon. Pour ce faire, l'usine de traitement des ordures m\\u00e9nag\\u00e8res et des eaux us\\u00e9es sera enti\\u00e8rement r\\u00e9nov\\u00e9e. Le plan d'am\\u00e9nagement sera mis \\u00e0 l'enqu\\u00eate publique \\u00e0 partir du 20 janvier 2026. Une \\u00e9tape importante pour la strat\\u00e9gie \\u00e9nerg\\u00e9tique et climatique du canton de Zurich.\",\"inLanguage\":\"fr-FR\",\"isPartOf\":{\"@id\":\"https:\\\/\\\/www.immo-invest.ch\\\/fr\\\/#website\"},\"breadcrumb\":{\"@id\":\"https:\\\/\\\/www.immo-invest.ch\\\/fr\\\/energiezukunft-im-limmattal\\\/#breadcrumblist\"},\"author\":{\"@id\":\"https:\\\/\\\/www.immo-invest.ch\\\/fr\\\/author\\\/immovestuser\\\/#author\"},\"creator\":{\"@id\":\"https:\\\/\\\/www.immo-invest.ch\\\/fr\\\/author\\\/immovestuser\\\/#author\"},\"image\":{\"@type\":\"ImageObject\",\"url\":\"https:\\\/\\\/www.immo-invest.ch\\\/wp-content\\\/uploads\\\/2026\\\/01\\\/Reppisch-e1768901619894.png\",\"@id\":\"https:\\\/\\\/www.immo-invest.ch\\\/fr\\\/energiezukunft-im-limmattal\\\/#mainImage\",\"width\":2000,\"height\":1127},\"primaryImageOfPage\":{\"@id\":\"https:\\\/\\\/www.immo-invest.ch\\\/fr\\\/energiezukunft-im-limmattal\\\/#mainImage\"},\"datePublished\":\"2026-01-20T10:34:34+01:00\",\"dateModified\":\"2026-01-20T10:53:18+01:00\"},{\"@type\":\"WebSite\",\"@id\":\"https:\\\/\\\/www.immo-invest.ch\\\/fr\\\/#website\",\"url\":\"https:\\\/\\\/www.immo-invest.ch\\\/fr\\\/\",\"name\":\"immo!nvest - Die Plattform f\\u00fcr Standorte und Immobilien\",\"description\":\"Die\\u00a0Plattform f\\u00fcr Standorte und Immobilien\",\"inLanguage\":\"fr-FR\",\"publisher\":{\"@id\":\"https:\\\/\\\/www.immo-invest.ch\\\/fr\\\/#organization\"}}]}\n\t\t<\/script>\n\t\t<!-- All in One SEO -->\n\n","aioseo_head_json":{"title":"L\u2019avenir \u00e9nerg\u00e9tique de Limmattal - immo!nvest - Die Plattform f\u00fcr Standorte und Immobilien","description":"Le \"centre \u00e9nerg\u00e9tique de la vall\u00e9e de la Limmat\" est en cours de construction \u00e0 Dietikon. Pour ce faire, l'usine de traitement des ordures m\u00e9nag\u00e8res et des eaux us\u00e9es sera enti\u00e8rement r\u00e9nov\u00e9e. Le plan d'am\u00e9nagement sera mis \u00e0 l'enqu\u00eate publique \u00e0 partir du 20 janvier 2026. Une \u00e9tape importante pour la strat\u00e9gie \u00e9nerg\u00e9tique et climatique du canton de Zurich.","canonical_url":"https:\/\/www.immo-invest.ch\/fr\/energiezukunft-im-limmattal\/","robots":"max-image-preview:large","keywords":"","webmasterTools":{"google-site-verification":"fHJKvgWpZCR2zVBHWfkQeFXC11qieUSff0HGNYfuyLA","miscellaneous":""},"schema":{"@context":"https:\/\/schema.org","@graph":[{"@type":"BlogPosting","@id":"https:\/\/www.immo-invest.ch\/fr\/energiezukunft-im-limmattal\/#blogposting","name":"L\u2019avenir \u00e9nerg\u00e9tique de Limmattal - immo!nvest - Die Plattform f\u00fcr Standorte und Immobilien","headline":"L&rsquo;avenir \u00e9nerg\u00e9tique de Limmattal","author":{"@id":"https:\/\/www.immo-invest.ch\/fr\/author\/immovestuser\/#author"},"publisher":{"@id":"https:\/\/www.immo-invest.ch\/fr\/#organization"},"image":{"@type":"ImageObject","url":"https:\/\/www.immo-invest.ch\/wp-content\/uploads\/2026\/01\/Reppisch-e1768901619894.png","width":2000,"height":1127},"datePublished":"2026-01-20T10:34:34+01:00","dateModified":"2026-01-20T10:53:18+01:00","inLanguage":"fr-FR","mainEntityOfPage":{"@id":"https:\/\/www.immo-invest.ch\/fr\/energiezukunft-im-limmattal\/#webpage"},"isPartOf":{"@id":"https:\/\/www.immo-invest.ch\/fr\/energiezukunft-im-limmattal\/#webpage"},"articleSection":"Durabilit\u00e9, \u00c9nergie, Projects, Zurich, Energiezentrum Limmattal, Immoinvest, immoNews, News, Facultatif"},{"@type":"BreadcrumbList","@id":"https:\/\/www.immo-invest.ch\/fr\/energiezukunft-im-limmattal\/#breadcrumblist","itemListElement":[{"@type":"ListItem","@id":"https:\/\/www.immo-invest.ch\/fr\/#listItem","position":1,"name":"Home","item":"https:\/\/www.immo-invest.ch\/fr\/","nextItem":{"@type":"ListItem","@id":"https:\/\/www.immo-invest.ch\/fr\/categories\/regions\/#listItem","name":"R\u00e9gions"}},{"@type":"ListItem","@id":"https:\/\/www.immo-invest.ch\/fr\/categories\/regions\/#listItem","position":2,"name":"R\u00e9gions","item":"https:\/\/www.immo-invest.ch\/fr\/categories\/regions\/","nextItem":{"@type":"ListItem","@id":"https:\/\/www.immo-invest.ch\/fr\/categories\/regions\/suisse\/#listItem","name":"Suisse"},"previousItem":{"@type":"ListItem","@id":"https:\/\/www.immo-invest.ch\/fr\/#listItem","name":"Home"}},{"@type":"ListItem","@id":"https:\/\/www.immo-invest.ch\/fr\/categories\/regions\/suisse\/#listItem","position":3,"name":"Suisse","item":"https:\/\/www.immo-invest.ch\/fr\/categories\/regions\/suisse\/","nextItem":{"@type":"ListItem","@id":"https:\/\/www.immo-invest.ch\/fr\/categories\/regions\/suisse\/region-zurich\/#listItem","name":"Zurich"},"previousItem":{"@type":"ListItem","@id":"https:\/\/www.immo-invest.ch\/fr\/categories\/regions\/#listItem","name":"R\u00e9gions"}},{"@type":"ListItem","@id":"https:\/\/www.immo-invest.ch\/fr\/categories\/regions\/suisse\/region-zurich\/#listItem","position":4,"name":"Zurich","item":"https:\/\/www.immo-invest.ch\/fr\/categories\/regions\/suisse\/region-zurich\/","nextItem":{"@type":"ListItem","@id":"https:\/\/www.immo-invest.ch\/fr\/energiezukunft-im-limmattal\/#listItem","name":"L&rsquo;avenir \u00e9nerg\u00e9tique de Limmattal"},"previousItem":{"@type":"ListItem","@id":"https:\/\/www.immo-invest.ch\/fr\/categories\/regions\/suisse\/#listItem","name":"Suisse"}},{"@type":"ListItem","@id":"https:\/\/www.immo-invest.ch\/fr\/energiezukunft-im-limmattal\/#listItem","position":5,"name":"L&rsquo;avenir \u00e9nerg\u00e9tique de Limmattal","previousItem":{"@type":"ListItem","@id":"https:\/\/www.immo-invest.ch\/fr\/categories\/regions\/suisse\/region-zurich\/#listItem","name":"Zurich"}}]},{"@type":"Organization","@id":"https:\/\/www.immo-invest.ch\/fr\/#organization","name":"immo!nvest - Die Plattform f\u00fcr Standorte und Immobilien","description":"Die\u00a0Plattform f\u00fcr Standorte und Immobilien","url":"https:\/\/www.immo-invest.ch\/fr\/","email":"admin@immomedia.ag","telephone":"+41444420002","logo":{"@type":"ImageObject","url":"https:\/\/www.immo-invest.ch\/wp-content\/uploads\/2024\/09\/immoinvest_sm-scaled.jpg","@id":"https:\/\/www.immo-invest.ch\/fr\/energiezukunft-im-limmattal\/#organizationLogo","width":2560,"height":1340},"image":{"@id":"https:\/\/www.immo-invest.ch\/fr\/energiezukunft-im-limmattal\/#organizationLogo"},"sameAs":["https:\/\/www.facebook.com\/people\/Immoinvest\/100077962920504\/","https:\/\/x.com\/i\/flow\/login?redirect_after_login=immoinvest_ch","https:\/\/www.instagram.com\/immoinvest_ch\/","https:\/\/www.linkedin.com\/company\/immoinvest-swiss"]},{"@type":"Person","@id":"https:\/\/www.immo-invest.ch\/fr\/author\/immovestuser\/#author","url":"https:\/\/www.immo-invest.ch\/fr\/author\/immovestuser\/","name":"immovestuser","image":{"@type":"ImageObject","@id":"https:\/\/www.immo-invest.ch\/fr\/energiezukunft-im-limmattal\/#authorImage","url":"https:\/\/secure.gravatar.com\/avatar\/8e01f4d99f2eeea7a362ebb93305e1172a70e9293ba250f897a65c39f54cdd1e?s=96&d=mm&r=g","width":96,"height":96,"caption":"immovestuser"}},{"@type":"WebPage","@id":"https:\/\/www.immo-invest.ch\/fr\/energiezukunft-im-limmattal\/#webpage","url":"https:\/\/www.immo-invest.ch\/fr\/energiezukunft-im-limmattal\/","name":"L\u2019avenir \u00e9nerg\u00e9tique de Limmattal - immo!nvest - Die Plattform f\u00fcr Standorte und Immobilien","description":"Le \"centre \u00e9nerg\u00e9tique de la vall\u00e9e de la Limmat\" est en cours de construction \u00e0 Dietikon. Pour ce faire, l'usine de traitement des ordures m\u00e9nag\u00e8res et des eaux us\u00e9es sera enti\u00e8rement r\u00e9nov\u00e9e. Le plan d'am\u00e9nagement sera mis \u00e0 l'enqu\u00eate publique \u00e0 partir du 20 janvier 2026. Une \u00e9tape importante pour la strat\u00e9gie \u00e9nerg\u00e9tique et climatique du canton de Zurich.","inLanguage":"fr-FR","isPartOf":{"@id":"https:\/\/www.immo-invest.ch\/fr\/#website"},"breadcrumb":{"@id":"https:\/\/www.immo-invest.ch\/fr\/energiezukunft-im-limmattal\/#breadcrumblist"},"author":{"@id":"https:\/\/www.immo-invest.ch\/fr\/author\/immovestuser\/#author"},"creator":{"@id":"https:\/\/www.immo-invest.ch\/fr\/author\/immovestuser\/#author"},"image":{"@type":"ImageObject","url":"https:\/\/www.immo-invest.ch\/wp-content\/uploads\/2026\/01\/Reppisch-e1768901619894.png","@id":"https:\/\/www.immo-invest.ch\/fr\/energiezukunft-im-limmattal\/#mainImage","width":2000,"height":1127},"primaryImageOfPage":{"@id":"https:\/\/www.immo-invest.ch\/fr\/energiezukunft-im-limmattal\/#mainImage"},"datePublished":"2026-01-20T10:34:34+01:00","dateModified":"2026-01-20T10:53:18+01:00"},{"@type":"WebSite","@id":"https:\/\/www.immo-invest.ch\/fr\/#website","url":"https:\/\/www.immo-invest.ch\/fr\/","name":"immo!nvest - Die Plattform f\u00fcr Standorte und Immobilien","description":"Die\u00a0Plattform f\u00fcr Standorte und Immobilien","inLanguage":"fr-FR","publisher":{"@id":"https:\/\/www.immo-invest.ch\/fr\/#organization"}}]},"og:locale":"fr_FR","og:site_name":"immo!nvest - Die Plattform f\u00fcr Standorte und Immobilien - Die\u00a0Plattform f\u00fcr Standorte und Immobilien","og:type":"article","og:title":"L\u2019avenir \u00e9nerg\u00e9tique de Limmattal - immo!nvest - Die Plattform f\u00fcr Standorte und Immobilien","og:description":"Le &quot;centre \u00e9nerg\u00e9tique de la vall\u00e9e de la Limmat&quot; est en cours de construction \u00e0 Dietikon. Pour ce faire, l'usine de traitement des ordures m\u00e9nag\u00e8res et des eaux us\u00e9es sera enti\u00e8rement r\u00e9nov\u00e9e. Le plan d'am\u00e9nagement sera mis \u00e0 l'enqu\u00eate publique \u00e0 partir du 20 janvier 2026. Une \u00e9tape importante pour la strat\u00e9gie \u00e9nerg\u00e9tique et climatique du canton de Zurich.","og:url":"https:\/\/www.immo-invest.ch\/fr\/energiezukunft-im-limmattal\/","og:image":"https:\/\/www.immo-invest.ch\/wp-content\/uploads\/2026\/01\/Reppisch-e1768901619894.png","og:image:secure_url":"https:\/\/www.immo-invest.ch\/wp-content\/uploads\/2026\/01\/Reppisch-e1768901619894.png","og:image:width":2000,"og:image:height":1127,"article:published_time":"2026-01-20T09:34:34+00:00","article:modified_time":"2026-01-20T09:53:18+00:00","article:publisher":"https:\/\/www.facebook.com\/people\/Immoinvest\/100077962920504\/","twitter:card":"summary_large_image","twitter:site":"@i","twitter:title":"L\u2019avenir \u00e9nerg\u00e9tique de Limmattal - immo!nvest - Die Plattform f\u00fcr Standorte und Immobilien","twitter:description":"Le &quot;centre \u00e9nerg\u00e9tique de la vall\u00e9e de la Limmat&quot; est en cours de construction \u00e0 Dietikon. Pour ce faire, l'usine de traitement des ordures m\u00e9nag\u00e8res et des eaux us\u00e9es sera enti\u00e8rement r\u00e9nov\u00e9e. Le plan d'am\u00e9nagement sera mis \u00e0 l'enqu\u00eate publique \u00e0 partir du 20 janvier 2026. Une \u00e9tape importante pour la strat\u00e9gie \u00e9nerg\u00e9tique et climatique du canton de Zurich.","twitter:creator":"@i","twitter:image":"https:\/\/www.immo-invest.ch\/wp-content\/uploads\/2026\/01\/Reppisch-e1768901619894.png"},"aioseo_meta_data":{"post_id":"147547","title":null,"description":null,"keywords":null,"keyphrases":{"focus":{"keyphrase":"","score":0,"analysis":{"keyphraseInTitle":{"score":0,"maxScore":9,"error":1}}},"additional":[]},"primary_term":null,"canonical_url":null,"og_title":null,"og_description":null,"og_object_type":"default","og_image_type":"default","og_image_url":null,"og_image_width":null,"og_image_height":null,"og_image_custom_url":null,"og_image_custom_fields":null,"og_video":"","og_custom_url":null,"og_article_section":null,"og_article_tags":null,"twitter_use_og":false,"twitter_card":"default","twitter_image_type":"default","twitter_image_url":null,"twitter_image_custom_url":null,"twitter_image_custom_fields":null,"twitter_title":null,"twitter_description":null,"schema":{"blockGraphs":[],"customGraphs":[],"default":{"data":{"Article":[],"Course":[],"Dataset":[],"FAQPage":[],"Movie":[],"Person":[],"Product":[],"ProductReview":[],"Car":[],"Recipe":[],"Service":[],"SoftwareApplication":[],"WebPage":[]},"graphName":"BlogPosting","isEnabled":true},"graphs":[]},"schema_type":"default","schema_type_options":null,"pillar_content":false,"robots_default":true,"robots_noindex":false,"robots_noarchive":false,"robots_nosnippet":false,"robots_nofollow":false,"robots_noimageindex":false,"robots_noodp":false,"robots_notranslate":false,"robots_max_snippet":"-1","robots_max_videopreview":"-1","robots_max_imagepreview":"large","priority":null,"frequency":"default","local_seo":null,"breadcrumb_settings":null,"limit_modified_date":false,"ai":{"faqs":[],"keyPoints":[],"titles":[],"descriptions":[],"socialPosts":{"email":[],"linkedin":[],"twitter":[],"facebook":[],"instagram":[]}},"created":"2026-01-20 09:35:54","updated":"2026-01-20 09:59:34","seo_analyzer_scan_date":null,"focus_keyword":null,"additional_keywords":null,"truseo_locale":null},"aioseo_breadcrumb":"<div class=\"aioseo-breadcrumbs\"><span class=\"aioseo-breadcrumb\">\n\t\t\t<a href=\"https:\/\/www.immo-invest.ch\/fr\/\" title=\"Home\">Home<\/a>\n\t\t<\/span><span class=\"aioseo-breadcrumb-separator\">&raquo;<\/span><span class=\"aioseo-breadcrumb\">\n\t\t\t<a href=\"https:\/\/www.immo-invest.ch\/fr\/categories\/regions\/\" title=\"R\u00e9gions\">R\u00e9gions<\/a>\n\t\t<\/span><span class=\"aioseo-breadcrumb-separator\">&raquo;<\/span><span class=\"aioseo-breadcrumb\">\n\t\t\t<a href=\"https:\/\/www.immo-invest.ch\/fr\/categories\/regions\/suisse\/\" title=\"Suisse\">Suisse<\/a>\n\t\t<\/span><span class=\"aioseo-breadcrumb-separator\">&raquo;<\/span><span class=\"aioseo-breadcrumb\">\n\t\t\t<a href=\"https:\/\/www.immo-invest.ch\/fr\/categories\/regions\/suisse\/region-zurich\/\" title=\"Zurich\">Zurich<\/a>\n\t\t<\/span><span class=\"aioseo-breadcrumb-separator\">&raquo;<\/span><span class=\"aioseo-breadcrumb\">\n\t\t\tL\u2019avenir \u00e9nerg\u00e9tique de Limmattal\n\t\t<\/span><\/div>","aioseo_breadcrumb_json":[{"label":"Home","link":"https:\/\/www.immo-invest.ch\/fr\/"},{"label":"R\u00e9gions","link":"https:\/\/www.immo-invest.ch\/fr\/categories\/regions\/"},{"label":"Suisse","link":"https:\/\/www.immo-invest.ch\/fr\/categories\/regions\/suisse\/"},{"label":"Zurich","link":"https:\/\/www.immo-invest.ch\/fr\/categories\/regions\/suisse\/region-zurich\/"},{"label":"L&rsquo;avenir \u00e9nerg\u00e9tique de Limmattal","link":"https:\/\/www.immo-invest.ch\/fr\/energiezukunft-im-limmattal\/"}],"featured_image_src":"https:\/\/www.immo-invest.ch\/wp-content\/uploads\/2026\/01\/Reppisch-e1768901619894-336x168.png","_links":{"self":[{"href":"https:\/\/www.immo-invest.ch\/fr\/wp-json\/wp\/v2\/posts\/147547","targetHints":{"allow":["GET"]}}],"collection":[{"href":"https:\/\/www.immo-invest.ch\/fr\/wp-json\/wp\/v2\/posts"}],"about":[{"href":"https:\/\/www.immo-invest.ch\/fr\/wp-json\/wp\/v2\/types\/post"}],"author":[{"embeddable":true,"href":"https:\/\/www.immo-invest.ch\/fr\/wp-json\/wp\/v2\/users\/2"}],"replies":[{"embeddable":true,"href":"https:\/\/www.immo-invest.ch\/fr\/wp-json\/wp\/v2\/comments?post=147547"}],"version-history":[{"count":3,"href":"https:\/\/www.immo-invest.ch\/fr\/wp-json\/wp\/v2\/posts\/147547\/revisions"}],"predecessor-version":[{"id":147557,"href":"https:\/\/www.immo-invest.ch\/fr\/wp-json\/wp\/v2\/posts\/147547\/revisions\/147557"}],"wp:featuredmedia":[{"embeddable":true,"href":"https:\/\/www.immo-invest.ch\/fr\/wp-json\/wp\/v2\/media\/147548"}],"wp:attachment":[{"href":"https:\/\/www.immo-invest.ch\/fr\/wp-json\/wp\/v2\/media?parent=147547"}],"wp:term":[{"taxonomy":"category","embeddable":true,"href":"https:\/\/www.immo-invest.ch\/fr\/wp-json\/wp\/v2\/categories?post=147547"},{"taxonomy":"post_tag","embeddable":true,"href":"https:\/\/www.immo-invest.ch\/fr\/wp-json\/wp\/v2\/tags?post=147547"}],"curies":[{"name":"wp","href":"https:\/\/api.w.org\/{rel}","templated":true}]}}