{"id":147297,"date":"2026-01-19T16:20:00","date_gmt":"2026-01-19T15:20:00","guid":{"rendered":"https:\/\/www.immo-invest.ch\/?p=147297"},"modified":"2026-01-16T09:53:23","modified_gmt":"2026-01-16T08:53:23","slug":"kanton-zuerich-will-grosse-daecher-fuer-solarstrom-nutzen","status":"publish","type":"post","link":"https:\/\/www.immo-invest.ch\/fr\/kanton-zuerich-will-grosse-daecher-fuer-solarstrom-nutzen\/","title":{"rendered":"Le canton de Zurich veut utiliser les grands toits pour produire de l&rsquo;\u00e9lectricit\u00e9 solaire"},"content":{"rendered":"<p class=\"bodytext\">Le Conseil d&rsquo;&Eacute;tat zurichois souhaite am&eacute;liorer la s&eacute;curit&eacute; de l&rsquo;approvisionnement en &eacute;lectricit&eacute; gr&acirc;ce &agrave; l&rsquo;&eacute;nergie solaire et aux syst&egrave;mes de stockage &agrave; long terme. &Agrave; cette fin, il a pr&eacute;sent&eacute; le 6 janvier, selon un <a href=\"https:\/\/www.zh.ch\/de\/news-uebersicht\/medienmitteilungen\/2026\/01\/regierungsrat-will-versorgungssicherheit-mit-solarstrom-und-energiespeichern-verbessern.html?utm_campaign=newsaboktzh&amp;utm_medium=Planen-Bauen&amp;utm_source=immediately&amp;utm_content=Regierungsrat-will-Versorgungssicherheit-mit-Solarstrom-und-Energiespeichern-verbessern\" target=\"_blank\" rel=\"noopener\">communiqu&eacute;<\/a>, deux projets de modification de la loi cantonale sur l&rsquo;&eacute;nergie.<\/p>\n<p class=\"bodytext\">Le <a href=\"https:\/\/www.zh.ch\/bin\/zhweb\/publish\/regierungsratsbeschluss-unterlagen.\/2025\/1229\/6062_EnerG_Solaranlagen_Aenderung.pdf\" target=\"_blank\" rel=\"noopener\">premier projet<\/a> pr&eacute;voit que les toits d&rsquo;une superficie sup&eacute;rieure &agrave; 300 m&egrave;tres carr&eacute;s doivent &ecirc;tre enti&egrave;rement &eacute;quip&eacute;s d&rsquo;une installation solaire. Cette obligation s&rsquo;applique aux nouvelles constructions et &agrave; la r&eacute;novation des toits existants. Le Conseil d&rsquo;&Eacute;tat estime le potentiel d&rsquo;utilisation compl&egrave;te de tous les toits appropri&eacute;s &agrave; environ 6 t&eacute;rawattheures d&rsquo;&eacute;lectricit&eacute; par an. Cela correspond &agrave; environ deux tiers de la consommation actuelle d&rsquo;&eacute;lectricit&eacute; dans le canton. Selon le Conseil d&rsquo;&Eacute;tat, environ 60 % de ce potentiel provient des grands toits.<\/p>\n<p class=\"bodytext\">Le <a href=\"https:\/\/www.zh.ch\/bin\/zhweb\/publish\/regierungsratsbeschluss-unterlagen.\/2025\/1231\/6063_EnerG_Langzeitspeicherung_Aenderung.pdf\" target=\"_blank\" rel=\"noopener\">deuxi&egrave;me projet<\/a> pr&eacute;voit le d&eacute;veloppement du stockage &agrave; long terme. &Agrave; l&rsquo;avenir, les gestionnaires de r&eacute;seau &eacute;lectrique devront promouvoir conjointement cette mesure. Cette promotion sera financ&eacute;e par une taxe sur la consommation d&rsquo;&eacute;lectricit&eacute; qui ne d&eacute;passera pas 0,5 centime par kilowattheure. Le fonds de promotion correspondant sera g&eacute;r&eacute; par les services &eacute;lectriques du canton de Zurich (<a href=\"https:\/\/www.ekz.ch\/\" target=\"_blank\" rel=\"noopener\">EKZ<\/a>). Le Conseil d&rsquo;&Eacute;tat souhaite ainsi rendre utilisable l&rsquo;exc&eacute;dent d&rsquo;&eacute;lectricit&eacute; solaire produit en &eacute;t&eacute; pour la saison hivernale.<\/p>\n<p class=\"bodytext\">Les deux projets sont d&eacute;sormais soumis au Grand Conseil pour d&eacute;lib&eacute;ration.<\/p>\n","protected":false},"excerpt":{"rendered":"<p>Dans le canton de Zurich, les toitures d&rsquo;une superficie sup\u00e9rieure \u00e0 300 m\u00e8tres carr\u00e9s devront \u00e0 l&rsquo;avenir \u00eatre enti\u00e8rement utilis\u00e9es pour la production d&rsquo;\u00e9lectricit\u00e9 solaire. C&rsquo;est ce que propose le Conseil d&rsquo;\u00c9tat. En outre, les gestionnaires de r\u00e9seau devront \u00e0 l&rsquo;avenir promouvoir conjointement le stockage \u00e0 long terme.<\/p>\n","protected":false},"author":2,"featured_media":147299,"comment_status":"open","ping_status":"open","sticky":false,"template":"","format":"standard","meta":{"pmpro_default_level":"","inline_featured_image":false,"_monsterinsights_skip_tracking":false,"footnotes":""},"categories":[22699,8747,743,56027,22438],"tags":[56564,872,3931,56565,2002,56366],"class_list":["post-147297","post","type-post","status-publish","format-standard","has-post-thumbnail","hentry","category-durabilite","category-energie","category-immonews-fr","category-planification-developpement","category-trends-fr","tag-energiegesetz-kanton","tag-immoinvest-fr","tag-immonews-fr","tag-langzeitspeicher-strom","tag-news-fr","tag-solarpflicht-zuerich","pmpro-has-access"],"acf":{"bild_mit_ki_erstellt_worden":["Ja"],"lead":"Dans le canton de Zurich, les toitures d'une superficie sup\u00e9rieure \u00e0 300 m\u00e8tres carr\u00e9s devront \u00e0 l'avenir \u00eatre enti\u00e8rement utilis\u00e9es pour la production d'\u00e9lectricit\u00e9 solaire. C'est ce que propose le Conseil d'\u00c9tat. En outre, les gestionnaires de r\u00e9seau devront \u00e0 l'avenir promouvoir conjointement le stockage \u00e0 long terme.","autor":"ce\/ug","ort":"Z\u00fcrich","bildunterschrift":"","bild_im_grid":false,"gallerie":"","newsim":""},"aioseo_notices":[],"aioseo_head":"\n\t\t<!-- All in One SEO 5.0.0.1 - aioseo.com -->\n\t<meta name=\"description\" content=\"Dans le canton de Zurich, les toitures d&#039;une superficie sup\u00e9rieure \u00e0 300 m\u00e8tres carr\u00e9s devront \u00e0 l&#039;avenir \u00eatre enti\u00e8rement utilis\u00e9es pour la production d&#039;\u00e9lectricit\u00e9 solaire. C&#039;est ce que propose le Conseil d&#039;\u00c9tat. En outre, les gestionnaires de r\u00e9seau devront \u00e0 l&#039;avenir promouvoir conjointement le stockage \u00e0 long terme.\" \/>\n\t<meta name=\"robots\" content=\"max-image-preview:large\" \/>\n\t<meta name=\"author\" content=\"immovestuser\"\/>\n\t<meta name=\"google-site-verification\" content=\"fHJKvgWpZCR2zVBHWfkQeFXC11qieUSff0HGNYfuyLA\" \/>\n\t<link rel=\"canonical\" href=\"https:\/\/www.immo-invest.ch\/fr\/kanton-zuerich-will-grosse-daecher-fuer-solarstrom-nutzen\/\" \/>\n\t<meta name=\"generator\" content=\"All in One SEO (AIOSEO) 5.0.0.1\" \/>\n\t\t<meta property=\"og:locale\" content=\"fr_FR\" \/>\n\t\t<meta property=\"og:site_name\" content=\"immo!nvest - Die Plattform f\u00fcr Standorte und Immobilien - Die\u00a0Plattform f\u00fcr Standorte und Immobilien\" \/>\n\t\t<meta property=\"og:type\" content=\"article\" \/>\n\t\t<meta property=\"og:title\" content=\"Le canton de Zurich veut utiliser les grands toits pour produire de l\u2019\u00e9lectricit\u00e9 solaire - immo!nvest - Die Plattform f\u00fcr Standorte und Immobilien\" \/>\n\t\t<meta property=\"og:description\" content=\"Dans le canton de Zurich, les toitures d&#039;une superficie sup\u00e9rieure \u00e0 300 m\u00e8tres carr\u00e9s devront \u00e0 l&#039;avenir \u00eatre enti\u00e8rement utilis\u00e9es pour la production d&#039;\u00e9lectricit\u00e9 solaire. C&#039;est ce que propose le Conseil d&#039;\u00c9tat. En outre, les gestionnaires de r\u00e9seau devront \u00e0 l&#039;avenir promouvoir conjointement le stockage \u00e0 long terme.\" \/>\n\t\t<meta property=\"og:url\" content=\"https:\/\/www.immo-invest.ch\/fr\/kanton-zuerich-will-grosse-daecher-fuer-solarstrom-nutzen\/\" \/>\n\t\t<meta property=\"og:image\" content=\"https:\/\/www.immo-invest.ch\/wp-content\/uploads\/2026\/01\/banoviag_large_rooftop_solar_installations_on_urban_buildings_9ec27934-fe74-4d2b-9ccb-e4b20c7f3658_1.png\" \/>\n\t\t<meta property=\"og:image:secure_url\" content=\"https:\/\/www.immo-invest.ch\/wp-content\/uploads\/2026\/01\/banoviag_large_rooftop_solar_installations_on_urban_buildings_9ec27934-fe74-4d2b-9ccb-e4b20c7f3658_1.png\" \/>\n\t\t<meta property=\"og:image:width\" content=\"1536\" \/>\n\t\t<meta property=\"og:image:height\" content=\"768\" \/>\n\t\t<meta property=\"article:published_time\" content=\"2026-01-19T15:20:00+00:00\" \/>\n\t\t<meta property=\"article:modified_time\" content=\"2026-01-16T08:53:23+00:00\" \/>\n\t\t<meta property=\"article:publisher\" content=\"https:\/\/www.facebook.com\/people\/Immoinvest\/100077962920504\/\" \/>\n\t\t<meta name=\"twitter:card\" content=\"summary_large_image\" \/>\n\t\t<meta name=\"twitter:site\" content=\"@i\" \/>\n\t\t<meta name=\"twitter:title\" content=\"Le canton de Zurich veut utiliser les grands toits pour produire de l\u2019\u00e9lectricit\u00e9 solaire - immo!nvest - Die Plattform f\u00fcr Standorte und Immobilien\" \/>\n\t\t<meta name=\"twitter:description\" content=\"Dans le canton de Zurich, les toitures d&#039;une superficie sup\u00e9rieure \u00e0 300 m\u00e8tres carr\u00e9s devront \u00e0 l&#039;avenir \u00eatre enti\u00e8rement utilis\u00e9es pour la production d&#039;\u00e9lectricit\u00e9 solaire. C&#039;est ce que propose le Conseil d&#039;\u00c9tat. En outre, les gestionnaires de r\u00e9seau devront \u00e0 l&#039;avenir promouvoir conjointement le stockage \u00e0 long terme.\" \/>\n\t\t<meta name=\"twitter:creator\" content=\"@i\" \/>\n\t\t<meta name=\"twitter:image\" content=\"https:\/\/www.immo-invest.ch\/wp-content\/uploads\/2026\/01\/banoviag_large_rooftop_solar_installations_on_urban_buildings_9ec27934-fe74-4d2b-9ccb-e4b20c7f3658_1.png\" \/>\n\t\t<script type=\"application\/ld+json\" class=\"aioseo-schema\">\n\t\t\t{\"@context\":\"https:\\\/\\\/schema.org\",\"@graph\":[{\"@type\":\"BlogPosting\",\"@id\":\"https:\\\/\\\/www.immo-invest.ch\\\/fr\\\/kanton-zuerich-will-grosse-daecher-fuer-solarstrom-nutzen\\\/#blogposting\",\"name\":\"Le canton de Zurich veut utiliser les grands toits pour produire de l\\u2019\\u00e9lectricit\\u00e9 solaire - immo!nvest - Die Plattform f\\u00fcr Standorte und Immobilien\",\"headline\":\"Le canton de Zurich veut utiliser les grands toits pour produire de l&rsquo;\\u00e9lectricit\\u00e9 solaire\",\"author\":{\"@id\":\"https:\\\/\\\/www.immo-invest.ch\\\/fr\\\/author\\\/immovestuser\\\/#author\"},\"publisher\":{\"@id\":\"https:\\\/\\\/www.immo-invest.ch\\\/fr\\\/#organization\"},\"image\":{\"@type\":\"ImageObject\",\"url\":\"https:\\\/\\\/www.immo-invest.ch\\\/wp-content\\\/uploads\\\/2026\\\/01\\\/banoviag_large_rooftop_solar_installations_on_urban_buildings_9ec27934-fe74-4d2b-9ccb-e4b20c7f3658_1.png\",\"width\":1536,\"height\":768},\"datePublished\":\"2026-01-19T16:20:00+01:00\",\"dateModified\":\"2026-01-16T09:53:23+01:00\",\"inLanguage\":\"fr-FR\",\"mainEntityOfPage\":{\"@id\":\"https:\\\/\\\/www.immo-invest.ch\\\/fr\\\/kanton-zuerich-will-grosse-daecher-fuer-solarstrom-nutzen\\\/#webpage\"},\"isPartOf\":{\"@id\":\"https:\\\/\\\/www.immo-invest.ch\\\/fr\\\/kanton-zuerich-will-grosse-daecher-fuer-solarstrom-nutzen\\\/#webpage\"},\"articleSection\":\"Durabilit\\u00e9, \\u00c9nergie, immoNews, Planification \\\/ D\\u00e9veloppement, Trends, Energiegesetz Kanton, Immoinvest, immoNews, Langzeitspeicher Strom, News, Solarpflicht Zuerich, Facultatif\"},{\"@type\":\"BreadcrumbList\",\"@id\":\"https:\\\/\\\/www.immo-invest.ch\\\/fr\\\/kanton-zuerich-will-grosse-daecher-fuer-solarstrom-nutzen\\\/#breadcrumblist\",\"itemListElement\":[{\"@type\":\"ListItem\",\"@id\":\"https:\\\/\\\/www.immo-invest.ch\\\/fr\\\/#listItem\",\"position\":1,\"name\":\"Home\",\"item\":\"https:\\\/\\\/www.immo-invest.ch\\\/fr\\\/\",\"nextItem\":{\"@type\":\"ListItem\",\"@id\":\"https:\\\/\\\/www.immo-invest.ch\\\/fr\\\/categories\\\/trends-fr\\\/#listItem\",\"name\":\"Trends\"}},{\"@type\":\"ListItem\",\"@id\":\"https:\\\/\\\/www.immo-invest.ch\\\/fr\\\/categories\\\/trends-fr\\\/#listItem\",\"position\":2,\"name\":\"Trends\",\"item\":\"https:\\\/\\\/www.immo-invest.ch\\\/fr\\\/categories\\\/trends-fr\\\/\",\"nextItem\":{\"@type\":\"ListItem\",\"@id\":\"https:\\\/\\\/www.immo-invest.ch\\\/fr\\\/categories\\\/trends-fr\\\/durabilite\\\/#listItem\",\"name\":\"Durabilit\\u00e9\"},\"previousItem\":{\"@type\":\"ListItem\",\"@id\":\"https:\\\/\\\/www.immo-invest.ch\\\/fr\\\/#listItem\",\"name\":\"Home\"}},{\"@type\":\"ListItem\",\"@id\":\"https:\\\/\\\/www.immo-invest.ch\\\/fr\\\/categories\\\/trends-fr\\\/durabilite\\\/#listItem\",\"position\":3,\"name\":\"Durabilit\\u00e9\",\"item\":\"https:\\\/\\\/www.immo-invest.ch\\\/fr\\\/categories\\\/trends-fr\\\/durabilite\\\/\",\"nextItem\":{\"@type\":\"ListItem\",\"@id\":\"https:\\\/\\\/www.immo-invest.ch\\\/fr\\\/kanton-zuerich-will-grosse-daecher-fuer-solarstrom-nutzen\\\/#listItem\",\"name\":\"Le canton de Zurich veut utiliser les grands toits pour produire de l&rsquo;\\u00e9lectricit\\u00e9 solaire\"},\"previousItem\":{\"@type\":\"ListItem\",\"@id\":\"https:\\\/\\\/www.immo-invest.ch\\\/fr\\\/categories\\\/trends-fr\\\/#listItem\",\"name\":\"Trends\"}},{\"@type\":\"ListItem\",\"@id\":\"https:\\\/\\\/www.immo-invest.ch\\\/fr\\\/kanton-zuerich-will-grosse-daecher-fuer-solarstrom-nutzen\\\/#listItem\",\"position\":4,\"name\":\"Le canton de Zurich veut utiliser les grands toits pour produire de l&rsquo;\\u00e9lectricit\\u00e9 solaire\",\"previousItem\":{\"@type\":\"ListItem\",\"@id\":\"https:\\\/\\\/www.immo-invest.ch\\\/fr\\\/categories\\\/trends-fr\\\/durabilite\\\/#listItem\",\"name\":\"Durabilit\\u00e9\"}}]},{\"@type\":\"Organization\",\"@id\":\"https:\\\/\\\/www.immo-invest.ch\\\/fr\\\/#organization\",\"name\":\"immo!nvest - Die Plattform f\\u00fcr Standorte und Immobilien\",\"description\":\"Die\\u00a0Plattform f\\u00fcr Standorte und Immobilien\",\"url\":\"https:\\\/\\\/www.immo-invest.ch\\\/fr\\\/\",\"email\":\"admin@immomedia.ag\",\"telephone\":\"+41444420002\",\"logo\":{\"@type\":\"ImageObject\",\"url\":\"https:\\\/\\\/www.immo-invest.ch\\\/wp-content\\\/uploads\\\/2024\\\/09\\\/immoinvest_sm-scaled.jpg\",\"@id\":\"https:\\\/\\\/www.immo-invest.ch\\\/fr\\\/kanton-zuerich-will-grosse-daecher-fuer-solarstrom-nutzen\\\/#organizationLogo\",\"width\":2560,\"height\":1340},\"image\":{\"@id\":\"https:\\\/\\\/www.immo-invest.ch\\\/fr\\\/kanton-zuerich-will-grosse-daecher-fuer-solarstrom-nutzen\\\/#organizationLogo\"},\"sameAs\":[\"https:\\\/\\\/www.facebook.com\\\/people\\\/Immoinvest\\\/100077962920504\\\/\",\"https:\\\/\\\/x.com\\\/i\\\/flow\\\/login?redirect_after_login=immoinvest_ch\",\"https:\\\/\\\/www.instagram.com\\\/immoinvest_ch\\\/\",\"https:\\\/\\\/www.linkedin.com\\\/company\\\/immoinvest-swiss\"]},{\"@type\":\"Person\",\"@id\":\"https:\\\/\\\/www.immo-invest.ch\\\/fr\\\/author\\\/immovestuser\\\/#author\",\"url\":\"https:\\\/\\\/www.immo-invest.ch\\\/fr\\\/author\\\/immovestuser\\\/\",\"name\":\"immovestuser\",\"image\":{\"@type\":\"ImageObject\",\"@id\":\"https:\\\/\\\/www.immo-invest.ch\\\/fr\\\/kanton-zuerich-will-grosse-daecher-fuer-solarstrom-nutzen\\\/#authorImage\",\"url\":\"https:\\\/\\\/secure.gravatar.com\\\/avatar\\\/8e01f4d99f2eeea7a362ebb93305e1172a70e9293ba250f897a65c39f54cdd1e?s=96&d=mm&r=g\",\"width\":96,\"height\":96,\"caption\":\"immovestuser\"}},{\"@type\":\"WebPage\",\"@id\":\"https:\\\/\\\/www.immo-invest.ch\\\/fr\\\/kanton-zuerich-will-grosse-daecher-fuer-solarstrom-nutzen\\\/#webpage\",\"url\":\"https:\\\/\\\/www.immo-invest.ch\\\/fr\\\/kanton-zuerich-will-grosse-daecher-fuer-solarstrom-nutzen\\\/\",\"name\":\"Le canton de Zurich veut utiliser les grands toits pour produire de l\\u2019\\u00e9lectricit\\u00e9 solaire - immo!nvest - Die Plattform f\\u00fcr Standorte und Immobilien\",\"description\":\"Dans le canton de Zurich, les toitures d'une superficie sup\\u00e9rieure \\u00e0 300 m\\u00e8tres carr\\u00e9s devront \\u00e0 l'avenir \\u00eatre enti\\u00e8rement utilis\\u00e9es pour la production d'\\u00e9lectricit\\u00e9 solaire. C'est ce que propose le Conseil d'\\u00c9tat. En outre, les gestionnaires de r\\u00e9seau devront \\u00e0 l'avenir promouvoir conjointement le stockage \\u00e0 long terme.\",\"inLanguage\":\"fr-FR\",\"isPartOf\":{\"@id\":\"https:\\\/\\\/www.immo-invest.ch\\\/fr\\\/#website\"},\"breadcrumb\":{\"@id\":\"https:\\\/\\\/www.immo-invest.ch\\\/fr\\\/kanton-zuerich-will-grosse-daecher-fuer-solarstrom-nutzen\\\/#breadcrumblist\"},\"author\":{\"@id\":\"https:\\\/\\\/www.immo-invest.ch\\\/fr\\\/author\\\/immovestuser\\\/#author\"},\"creator\":{\"@id\":\"https:\\\/\\\/www.immo-invest.ch\\\/fr\\\/author\\\/immovestuser\\\/#author\"},\"image\":{\"@type\":\"ImageObject\",\"url\":\"https:\\\/\\\/www.immo-invest.ch\\\/wp-content\\\/uploads\\\/2026\\\/01\\\/banoviag_large_rooftop_solar_installations_on_urban_buildings_9ec27934-fe74-4d2b-9ccb-e4b20c7f3658_1.png\",\"@id\":\"https:\\\/\\\/www.immo-invest.ch\\\/fr\\\/kanton-zuerich-will-grosse-daecher-fuer-solarstrom-nutzen\\\/#mainImage\",\"width\":1536,\"height\":768},\"primaryImageOfPage\":{\"@id\":\"https:\\\/\\\/www.immo-invest.ch\\\/fr\\\/kanton-zuerich-will-grosse-daecher-fuer-solarstrom-nutzen\\\/#mainImage\"},\"datePublished\":\"2026-01-19T16:20:00+01:00\",\"dateModified\":\"2026-01-16T09:53:23+01:00\"},{\"@type\":\"WebSite\",\"@id\":\"https:\\\/\\\/www.immo-invest.ch\\\/fr\\\/#website\",\"url\":\"https:\\\/\\\/www.immo-invest.ch\\\/fr\\\/\",\"name\":\"immo!nvest - Die Plattform f\\u00fcr Standorte und Immobilien\",\"description\":\"Die\\u00a0Plattform f\\u00fcr Standorte und Immobilien\",\"inLanguage\":\"fr-FR\",\"publisher\":{\"@id\":\"https:\\\/\\\/www.immo-invest.ch\\\/fr\\\/#organization\"}}]}\n\t\t<\/script>\n\t\t<!-- All in One SEO -->\n\n","aioseo_head_json":{"title":"Le canton de Zurich veut utiliser les grands toits pour produire de l\u2019\u00e9lectricit\u00e9 solaire - immo!nvest - Die Plattform f\u00fcr Standorte und Immobilien","description":"Dans le canton de Zurich, les toitures d'une superficie sup\u00e9rieure \u00e0 300 m\u00e8tres carr\u00e9s devront \u00e0 l'avenir \u00eatre enti\u00e8rement utilis\u00e9es pour la production d'\u00e9lectricit\u00e9 solaire. C'est ce que propose le Conseil d'\u00c9tat. En outre, les gestionnaires de r\u00e9seau devront \u00e0 l'avenir promouvoir conjointement le stockage \u00e0 long terme.","canonical_url":"https:\/\/www.immo-invest.ch\/fr\/kanton-zuerich-will-grosse-daecher-fuer-solarstrom-nutzen\/","robots":"max-image-preview:large","keywords":"","webmasterTools":{"google-site-verification":"fHJKvgWpZCR2zVBHWfkQeFXC11qieUSff0HGNYfuyLA","miscellaneous":""},"schema":{"@context":"https:\/\/schema.org","@graph":[{"@type":"BlogPosting","@id":"https:\/\/www.immo-invest.ch\/fr\/kanton-zuerich-will-grosse-daecher-fuer-solarstrom-nutzen\/#blogposting","name":"Le canton de Zurich veut utiliser les grands toits pour produire de l\u2019\u00e9lectricit\u00e9 solaire - immo!nvest - Die Plattform f\u00fcr Standorte und Immobilien","headline":"Le canton de Zurich veut utiliser les grands toits pour produire de l&rsquo;\u00e9lectricit\u00e9 solaire","author":{"@id":"https:\/\/www.immo-invest.ch\/fr\/author\/immovestuser\/#author"},"publisher":{"@id":"https:\/\/www.immo-invest.ch\/fr\/#organization"},"image":{"@type":"ImageObject","url":"https:\/\/www.immo-invest.ch\/wp-content\/uploads\/2026\/01\/banoviag_large_rooftop_solar_installations_on_urban_buildings_9ec27934-fe74-4d2b-9ccb-e4b20c7f3658_1.png","width":1536,"height":768},"datePublished":"2026-01-19T16:20:00+01:00","dateModified":"2026-01-16T09:53:23+01:00","inLanguage":"fr-FR","mainEntityOfPage":{"@id":"https:\/\/www.immo-invest.ch\/fr\/kanton-zuerich-will-grosse-daecher-fuer-solarstrom-nutzen\/#webpage"},"isPartOf":{"@id":"https:\/\/www.immo-invest.ch\/fr\/kanton-zuerich-will-grosse-daecher-fuer-solarstrom-nutzen\/#webpage"},"articleSection":"Durabilit\u00e9, \u00c9nergie, immoNews, Planification \/ D\u00e9veloppement, Trends, Energiegesetz Kanton, Immoinvest, immoNews, Langzeitspeicher Strom, News, Solarpflicht Zuerich, Facultatif"},{"@type":"BreadcrumbList","@id":"https:\/\/www.immo-invest.ch\/fr\/kanton-zuerich-will-grosse-daecher-fuer-solarstrom-nutzen\/#breadcrumblist","itemListElement":[{"@type":"ListItem","@id":"https:\/\/www.immo-invest.ch\/fr\/#listItem","position":1,"name":"Home","item":"https:\/\/www.immo-invest.ch\/fr\/","nextItem":{"@type":"ListItem","@id":"https:\/\/www.immo-invest.ch\/fr\/categories\/trends-fr\/#listItem","name":"Trends"}},{"@type":"ListItem","@id":"https:\/\/www.immo-invest.ch\/fr\/categories\/trends-fr\/#listItem","position":2,"name":"Trends","item":"https:\/\/www.immo-invest.ch\/fr\/categories\/trends-fr\/","nextItem":{"@type":"ListItem","@id":"https:\/\/www.immo-invest.ch\/fr\/categories\/trends-fr\/durabilite\/#listItem","name":"Durabilit\u00e9"},"previousItem":{"@type":"ListItem","@id":"https:\/\/www.immo-invest.ch\/fr\/#listItem","name":"Home"}},{"@type":"ListItem","@id":"https:\/\/www.immo-invest.ch\/fr\/categories\/trends-fr\/durabilite\/#listItem","position":3,"name":"Durabilit\u00e9","item":"https:\/\/www.immo-invest.ch\/fr\/categories\/trends-fr\/durabilite\/","nextItem":{"@type":"ListItem","@id":"https:\/\/www.immo-invest.ch\/fr\/kanton-zuerich-will-grosse-daecher-fuer-solarstrom-nutzen\/#listItem","name":"Le canton de Zurich veut utiliser les grands toits pour produire de l&rsquo;\u00e9lectricit\u00e9 solaire"},"previousItem":{"@type":"ListItem","@id":"https:\/\/www.immo-invest.ch\/fr\/categories\/trends-fr\/#listItem","name":"Trends"}},{"@type":"ListItem","@id":"https:\/\/www.immo-invest.ch\/fr\/kanton-zuerich-will-grosse-daecher-fuer-solarstrom-nutzen\/#listItem","position":4,"name":"Le canton de Zurich veut utiliser les grands toits pour produire de l&rsquo;\u00e9lectricit\u00e9 solaire","previousItem":{"@type":"ListItem","@id":"https:\/\/www.immo-invest.ch\/fr\/categories\/trends-fr\/durabilite\/#listItem","name":"Durabilit\u00e9"}}]},{"@type":"Organization","@id":"https:\/\/www.immo-invest.ch\/fr\/#organization","name":"immo!nvest - Die Plattform f\u00fcr Standorte und Immobilien","description":"Die\u00a0Plattform f\u00fcr Standorte und Immobilien","url":"https:\/\/www.immo-invest.ch\/fr\/","email":"admin@immomedia.ag","telephone":"+41444420002","logo":{"@type":"ImageObject","url":"https:\/\/www.immo-invest.ch\/wp-content\/uploads\/2024\/09\/immoinvest_sm-scaled.jpg","@id":"https:\/\/www.immo-invest.ch\/fr\/kanton-zuerich-will-grosse-daecher-fuer-solarstrom-nutzen\/#organizationLogo","width":2560,"height":1340},"image":{"@id":"https:\/\/www.immo-invest.ch\/fr\/kanton-zuerich-will-grosse-daecher-fuer-solarstrom-nutzen\/#organizationLogo"},"sameAs":["https:\/\/www.facebook.com\/people\/Immoinvest\/100077962920504\/","https:\/\/x.com\/i\/flow\/login?redirect_after_login=immoinvest_ch","https:\/\/www.instagram.com\/immoinvest_ch\/","https:\/\/www.linkedin.com\/company\/immoinvest-swiss"]},{"@type":"Person","@id":"https:\/\/www.immo-invest.ch\/fr\/author\/immovestuser\/#author","url":"https:\/\/www.immo-invest.ch\/fr\/author\/immovestuser\/","name":"immovestuser","image":{"@type":"ImageObject","@id":"https:\/\/www.immo-invest.ch\/fr\/kanton-zuerich-will-grosse-daecher-fuer-solarstrom-nutzen\/#authorImage","url":"https:\/\/secure.gravatar.com\/avatar\/8e01f4d99f2eeea7a362ebb93305e1172a70e9293ba250f897a65c39f54cdd1e?s=96&d=mm&r=g","width":96,"height":96,"caption":"immovestuser"}},{"@type":"WebPage","@id":"https:\/\/www.immo-invest.ch\/fr\/kanton-zuerich-will-grosse-daecher-fuer-solarstrom-nutzen\/#webpage","url":"https:\/\/www.immo-invest.ch\/fr\/kanton-zuerich-will-grosse-daecher-fuer-solarstrom-nutzen\/","name":"Le canton de Zurich veut utiliser les grands toits pour produire de l\u2019\u00e9lectricit\u00e9 solaire - immo!nvest - Die Plattform f\u00fcr Standorte und Immobilien","description":"Dans le canton de Zurich, les toitures d'une superficie sup\u00e9rieure \u00e0 300 m\u00e8tres carr\u00e9s devront \u00e0 l'avenir \u00eatre enti\u00e8rement utilis\u00e9es pour la production d'\u00e9lectricit\u00e9 solaire. C'est ce que propose le Conseil d'\u00c9tat. En outre, les gestionnaires de r\u00e9seau devront \u00e0 l'avenir promouvoir conjointement le stockage \u00e0 long terme.","inLanguage":"fr-FR","isPartOf":{"@id":"https:\/\/www.immo-invest.ch\/fr\/#website"},"breadcrumb":{"@id":"https:\/\/www.immo-invest.ch\/fr\/kanton-zuerich-will-grosse-daecher-fuer-solarstrom-nutzen\/#breadcrumblist"},"author":{"@id":"https:\/\/www.immo-invest.ch\/fr\/author\/immovestuser\/#author"},"creator":{"@id":"https:\/\/www.immo-invest.ch\/fr\/author\/immovestuser\/#author"},"image":{"@type":"ImageObject","url":"https:\/\/www.immo-invest.ch\/wp-content\/uploads\/2026\/01\/banoviag_large_rooftop_solar_installations_on_urban_buildings_9ec27934-fe74-4d2b-9ccb-e4b20c7f3658_1.png","@id":"https:\/\/www.immo-invest.ch\/fr\/kanton-zuerich-will-grosse-daecher-fuer-solarstrom-nutzen\/#mainImage","width":1536,"height":768},"primaryImageOfPage":{"@id":"https:\/\/www.immo-invest.ch\/fr\/kanton-zuerich-will-grosse-daecher-fuer-solarstrom-nutzen\/#mainImage"},"datePublished":"2026-01-19T16:20:00+01:00","dateModified":"2026-01-16T09:53:23+01:00"},{"@type":"WebSite","@id":"https:\/\/www.immo-invest.ch\/fr\/#website","url":"https:\/\/www.immo-invest.ch\/fr\/","name":"immo!nvest - Die Plattform f\u00fcr Standorte und Immobilien","description":"Die\u00a0Plattform f\u00fcr Standorte und Immobilien","inLanguage":"fr-FR","publisher":{"@id":"https:\/\/www.immo-invest.ch\/fr\/#organization"}}]},"og:locale":"fr_FR","og:site_name":"immo!nvest - Die Plattform f\u00fcr Standorte und Immobilien - Die\u00a0Plattform f\u00fcr Standorte und Immobilien","og:type":"article","og:title":"Le canton de Zurich veut utiliser les grands toits pour produire de l\u2019\u00e9lectricit\u00e9 solaire - immo!nvest - Die Plattform f\u00fcr Standorte und Immobilien","og:description":"Dans le canton de Zurich, les toitures d'une superficie sup\u00e9rieure \u00e0 300 m\u00e8tres carr\u00e9s devront \u00e0 l'avenir \u00eatre enti\u00e8rement utilis\u00e9es pour la production d'\u00e9lectricit\u00e9 solaire. C'est ce que propose le Conseil d'\u00c9tat. En outre, les gestionnaires de r\u00e9seau devront \u00e0 l'avenir promouvoir conjointement le stockage \u00e0 long terme.","og:url":"https:\/\/www.immo-invest.ch\/fr\/kanton-zuerich-will-grosse-daecher-fuer-solarstrom-nutzen\/","og:image":"https:\/\/www.immo-invest.ch\/wp-content\/uploads\/2026\/01\/banoviag_large_rooftop_solar_installations_on_urban_buildings_9ec27934-fe74-4d2b-9ccb-e4b20c7f3658_1.png","og:image:secure_url":"https:\/\/www.immo-invest.ch\/wp-content\/uploads\/2026\/01\/banoviag_large_rooftop_solar_installations_on_urban_buildings_9ec27934-fe74-4d2b-9ccb-e4b20c7f3658_1.png","og:image:width":1536,"og:image:height":768,"article:published_time":"2026-01-19T15:20:00+00:00","article:modified_time":"2026-01-16T08:53:23+00:00","article:publisher":"https:\/\/www.facebook.com\/people\/Immoinvest\/100077962920504\/","twitter:card":"summary_large_image","twitter:site":"@i","twitter:title":"Le canton de Zurich veut utiliser les grands toits pour produire de l\u2019\u00e9lectricit\u00e9 solaire - immo!nvest - Die Plattform f\u00fcr Standorte und Immobilien","twitter:description":"Dans le canton de Zurich, les toitures d'une superficie sup\u00e9rieure \u00e0 300 m\u00e8tres carr\u00e9s devront \u00e0 l'avenir \u00eatre enti\u00e8rement utilis\u00e9es pour la production d'\u00e9lectricit\u00e9 solaire. C'est ce que propose le Conseil d'\u00c9tat. En outre, les gestionnaires de r\u00e9seau devront \u00e0 l'avenir promouvoir conjointement le stockage \u00e0 long terme.","twitter:creator":"@i","twitter:image":"https:\/\/www.immo-invest.ch\/wp-content\/uploads\/2026\/01\/banoviag_large_rooftop_solar_installations_on_urban_buildings_9ec27934-fe74-4d2b-9ccb-e4b20c7f3658_1.png"},"aioseo_meta_data":{"post_id":"147297","title":null,"description":null,"keywords":null,"keyphrases":{"focus":{"keyphrase":"","score":0,"analysis":{"keyphraseInTitle":{"score":0,"maxScore":9,"error":1}}},"additional":[]},"primary_term":null,"canonical_url":null,"og_title":null,"og_description":null,"og_object_type":"default","og_image_type":"default","og_image_url":null,"og_image_width":null,"og_image_height":null,"og_image_custom_url":null,"og_image_custom_fields":null,"og_video":"","og_custom_url":null,"og_article_section":null,"og_article_tags":null,"twitter_use_og":false,"twitter_card":"default","twitter_image_type":"default","twitter_image_url":null,"twitter_image_custom_url":null,"twitter_image_custom_fields":null,"twitter_title":null,"twitter_description":null,"schema":{"blockGraphs":[],"customGraphs":[],"default":{"data":{"Article":[],"Course":[],"Dataset":[],"FAQPage":[],"Movie":[],"Person":[],"Product":[],"ProductReview":[],"Car":[],"Recipe":[],"Service":[],"SoftwareApplication":[],"WebPage":[]},"graphName":"BlogPosting","isEnabled":true},"graphs":[]},"schema_type":"default","schema_type_options":null,"pillar_content":false,"robots_default":true,"robots_noindex":false,"robots_noarchive":false,"robots_nosnippet":false,"robots_nofollow":false,"robots_noimageindex":false,"robots_noodp":false,"robots_notranslate":false,"robots_max_snippet":"-1","robots_max_videopreview":"-1","robots_max_imagepreview":"large","priority":null,"frequency":"default","local_seo":null,"breadcrumb_settings":null,"limit_modified_date":false,"ai":{"faqs":[],"keyPoints":[],"titles":[],"descriptions":[],"socialPosts":{"email":[],"linkedin":[],"twitter":[],"facebook":[],"instagram":[]}},"created":"2026-01-16 08:53:24","updated":"2026-01-19 15:28:23","seo_analyzer_scan_date":null,"focus_keyword":null,"additional_keywords":null,"truseo_locale":null},"aioseo_breadcrumb":"<div class=\"aioseo-breadcrumbs\"><span class=\"aioseo-breadcrumb\">\n\t\t\t<a href=\"https:\/\/www.immo-invest.ch\/fr\/\" title=\"Home\">Home<\/a>\n\t\t<\/span><span class=\"aioseo-breadcrumb-separator\">&raquo;<\/span><span class=\"aioseo-breadcrumb\">\n\t\t\t<a href=\"https:\/\/www.immo-invest.ch\/fr\/categories\/trends-fr\/\" title=\"Trends\">Trends<\/a>\n\t\t<\/span><span class=\"aioseo-breadcrumb-separator\">&raquo;<\/span><span class=\"aioseo-breadcrumb\">\n\t\t\t<a href=\"https:\/\/www.immo-invest.ch\/fr\/categories\/trends-fr\/durabilite\/\" title=\"Durabilit\u00e9\">Durabilit\u00e9<\/a>\n\t\t<\/span><span class=\"aioseo-breadcrumb-separator\">&raquo;<\/span><span class=\"aioseo-breadcrumb\">\n\t\t\tLe canton de Zurich veut utiliser les grands toits pour produire de l\u2019\u00e9lectricit\u00e9 solaire\n\t\t<\/span><\/div>","aioseo_breadcrumb_json":[{"label":"Home","link":"https:\/\/www.immo-invest.ch\/fr\/"},{"label":"Trends","link":"https:\/\/www.immo-invest.ch\/fr\/categories\/trends-fr\/"},{"label":"Durabilit\u00e9","link":"https:\/\/www.immo-invest.ch\/fr\/categories\/trends-fr\/durabilite\/"},{"label":"Le canton de Zurich veut utiliser les grands toits pour produire de l&rsquo;\u00e9lectricit\u00e9 solaire","link":"https:\/\/www.immo-invest.ch\/fr\/kanton-zuerich-will-grosse-daecher-fuer-solarstrom-nutzen\/"}],"featured_image_src":"https:\/\/www.immo-invest.ch\/wp-content\/uploads\/2026\/01\/banoviag_large_rooftop_solar_installations_on_urban_buildings_9ec27934-fe74-4d2b-9ccb-e4b20c7f3658_1-336x168.png","_links":{"self":[{"href":"https:\/\/www.immo-invest.ch\/fr\/wp-json\/wp\/v2\/posts\/147297","targetHints":{"allow":["GET"]}}],"collection":[{"href":"https:\/\/www.immo-invest.ch\/fr\/wp-json\/wp\/v2\/posts"}],"about":[{"href":"https:\/\/www.immo-invest.ch\/fr\/wp-json\/wp\/v2\/types\/post"}],"author":[{"embeddable":true,"href":"https:\/\/www.immo-invest.ch\/fr\/wp-json\/wp\/v2\/users\/2"}],"replies":[{"embeddable":true,"href":"https:\/\/www.immo-invest.ch\/fr\/wp-json\/wp\/v2\/comments?post=147297"}],"version-history":[{"count":3,"href":"https:\/\/www.immo-invest.ch\/fr\/wp-json\/wp\/v2\/posts\/147297\/revisions"}],"predecessor-version":[{"id":147308,"href":"https:\/\/www.immo-invest.ch\/fr\/wp-json\/wp\/v2\/posts\/147297\/revisions\/147308"}],"wp:featuredmedia":[{"embeddable":true,"href":"https:\/\/www.immo-invest.ch\/fr\/wp-json\/wp\/v2\/media\/147299"}],"wp:attachment":[{"href":"https:\/\/www.immo-invest.ch\/fr\/wp-json\/wp\/v2\/media?parent=147297"}],"wp:term":[{"taxonomy":"category","embeddable":true,"href":"https:\/\/www.immo-invest.ch\/fr\/wp-json\/wp\/v2\/categories?post=147297"},{"taxonomy":"post_tag","embeddable":true,"href":"https:\/\/www.immo-invest.ch\/fr\/wp-json\/wp\/v2\/tags?post=147297"}],"curies":[{"name":"wp","href":"https:\/\/api.w.org\/{rel}","templated":true}]}}