{"id":147116,"date":"2026-01-15T13:30:00","date_gmt":"2026-01-15T12:30:00","guid":{"rendered":"https:\/\/www.immo-invest.ch\/?p=147116"},"modified":"2026-01-14T08:58:11","modified_gmt":"2026-01-14T07:58:11","slug":"neue-fuehrung-begleitet-etablierung-der-multifunktionalen-arena","status":"publish","type":"post","link":"https:\/\/www.immo-invest.ch\/fr\/neue-fuehrung-begleitet-etablierung-der-multifunktionalen-arena\/","title":{"rendered":"Une nouvelle direction accompagne la mise en place de l&rsquo;ar\u00e8ne multifonctionnelle"},"content":{"rendered":"<p class=\"bodytext\">Selon un communiqu&eacute;, la <a href=\"https:\/\/pilatusarena.ch\/\" target=\"_blank\" rel=\"noopener\">Pilatus Arena<\/a>, situ&eacute;e dans le <span class=\"glossaryLink\" aria-describedby=\"tt\" data-cmtooltip=\"&lt;div class=glossaryItemTitle&gt;Quartier&lt;\/div&gt;&lt;div class=glossaryItemBody&gt;Amtliches, historisches, soziales oder stadtplanerisches Stadtviertel&lt;\/div&gt;\" data-mobile-support=\"0\" data-gt-translate-attributes='[{\"attribute\":\"data-cmtooltip\", \"format\":\"html\"}]' tabindex=\"0\" role=\"link\">quartier<\/span> Mattenhof de Kriens, s&rsquo;est d&eacute;j&agrave; impos&eacute;e depuis son ouverture en octobre 2025 comme une plateforme performante et multifonctionnelle pour les sports en salle et les &eacute;v&eacute;nements. &Agrave; la fin de l&rsquo;exercice, les deux initiateurs du projet, Toni Bucher et Nick Christen, ont quitt&eacute; leurs fonctions au sein du conseil d&rsquo;administration. Markus Mettler, pr&eacute;sident du conseil d&rsquo;administration de Schlieremer <a href=\"https:\/\/www.halter.ch\/\" target=\"_blank\" rel=\"noopener\">Halter AG<\/a> et de Pilatus Arena Sports &amp; Events AG, a remplac&eacute; Toni Bucher en tant que nouveau pr&eacute;sident du conseil d&rsquo;administration de Pilatus Arena AG. La construction de la Pilatus Tower, situ&eacute;e &agrave; proximit&eacute; de l&rsquo;ar&egrave;ne, devrait &eacute;galement s&rsquo;achever &agrave; l&rsquo;automne 2026.<\/p>\n<p class=\"bodytext\">&laquo; Nous remercions Toni Bucher et Nick Christen pour leur formidable engagement en faveur du sport et de Pilatus Arena AG &raquo;, a d&eacute;clar&eacute; Markus Mettler dans le communiqu&eacute;. &laquo; Tous deux ont jou&eacute; un r&ocirc;le d&eacute;cisif dans l&rsquo;avancement du projet depuis 2007. &raquo; L&rsquo;ar&egrave;ne a &eacute;t&eacute; d&eacute;velopp&eacute;e et r&eacute;alis&eacute;e par Halter et est exploit&eacute;e depuis son ouverture par Pilatus Arena Sports &amp; Events AG. Halter AG est &eacute;galement l&rsquo;actionnaire majoritaire de Pilatus Arena AG, avec une participation de 70 %.<\/p>\n<p class=\"bodytext\">En 2025, plusieurs &eacute;v&eacute;nements sportifs ont d&eacute;j&agrave; eu lieu dans la nouvelle ar&egrave;ne. Parmi les moments forts, citons le premier match international de <a href=\"https:\/\/www.handball.ch\/de\/nationalteams\/\" target=\"_blank\" rel=\"noopener\">l&rsquo;&eacute;quipe nationale suisse de handball<\/a>, les matchs du <a href=\"https:\/\/www.swisscentralbasketball.ch\/\" target=\"_blank\" rel=\"noopener\">Swiss Central Basketball<\/a> en Ligue nationale B et la <a href=\"https:\/\/www.handball.ch\/de\/events\/2025-26\/mobiliar-handball-cup-maenner-final4\/\" target=\"_blank\" rel=\"noopener\">finale de la Mobiliar Handball Cup masculine<\/a>.<\/p>\n<p class=\"bodytext\">&laquo; L&rsquo;impatience &eacute;tait grande avant la premi&egrave;re Final4 Cup dans la nouvelle PILATUS ARENA, et elle a &eacute;t&eacute; combl&eacute;e &agrave; tous &eacute;gards &raquo;, a d&eacute;clar&eacute; Andreas Campi, pr&eacute;sident du comit&eacute; d&rsquo;organisation de la Final4. &laquo; L&rsquo;ambiance &eacute;tait exaltante, le format a convaincu. &raquo;<\/p>\n","protected":false},"excerpt":{"rendered":"<p>Markus Mettler prend la pr\u00e9sidence du conseil d&rsquo;administration de Pilatus Arena AG. Mettler pr\u00e9side \u00e9galement le conseil d&rsquo;administration de Halter AG, qui a d\u00e9velopp\u00e9 l&rsquo;ar\u00e8ne ouverte en octobre 2025 \u00e0 Kriens et qui reste l&rsquo;actionnaire majoritaire.<\/p>\n","protected":false},"author":2,"featured_media":147117,"comment_status":"open","ping_status":"open","sticky":false,"template":"","format":"standard","meta":{"pmpro_default_level":"","inline_featured_image":false,"_monsterinsights_skip_tracking":false,"footnotes":""},"categories":[55982,22696,743,55976,739,55991,22438],"tags":[56476,872,3931,2002,56477],"class_list":["post-147116","post","type-post","status-publish","format-standard","has-post-thumbnail","hentry","category-associations","category-entreprise","category-immonews-fr","category-institutions-formation","category-projects","category-quartiers-zones","category-trends-fr","tag-event-und-sportinfrastruktur","tag-immoinvest-fr","tag-immonews-fr","tag-news-fr","tag-pilatus-arena-kriens","pmpro-has-access"],"acf":{"bild_mit_ki_erstellt_worden":["Ja"],"lead":"Markus Mettler prend la pr\u00e9sidence du conseil d'administration de Pilatus Arena AG. Mettler pr\u00e9side \u00e9galement le conseil d'administration de Halter AG, qui a d\u00e9velopp\u00e9 l'ar\u00e8ne ouverte en octobre 2025 \u00e0 Kriens et qui reste l'actionnaire majoritaire.","autor":"ce\/nta","ort":"Kriens LU\/Schlieren ZH","bildunterschrift":"","bild_im_grid":false,"gallerie":"","newsim":""},"aioseo_notices":[],"aioseo_head":"\n\t\t<!-- All in One SEO 5.0.0.1 - aioseo.com -->\n\t<meta name=\"description\" content=\"Markus Mettler prend la pr\u00e9sidence du conseil d&#039;administration de Pilatus Arena AG. Mettler pr\u00e9side \u00e9galement le conseil d&#039;administration de Halter AG, qui a d\u00e9velopp\u00e9 l&#039;ar\u00e8ne ouverte en octobre 2025 \u00e0 Kriens et qui reste l&#039;actionnaire majoritaire.\" \/>\n\t<meta name=\"robots\" content=\"max-image-preview:large\" \/>\n\t<meta name=\"author\" content=\"immovestuser\"\/>\n\t<meta name=\"google-site-verification\" content=\"fHJKvgWpZCR2zVBHWfkQeFXC11qieUSff0HGNYfuyLA\" \/>\n\t<link rel=\"canonical\" href=\"https:\/\/www.immo-invest.ch\/fr\/neue-fuehrung-begleitet-etablierung-der-multifunktionalen-arena\/\" \/>\n\t<meta name=\"generator\" content=\"All in One SEO (AIOSEO) 5.0.0.1\" \/>\n\t\t<meta property=\"og:locale\" content=\"fr_FR\" \/>\n\t\t<meta property=\"og:site_name\" content=\"immo!nvest - Die Plattform f\u00fcr Standorte und Immobilien - Die\u00a0Plattform f\u00fcr Standorte und Immobilien\" \/>\n\t\t<meta property=\"og:type\" content=\"article\" \/>\n\t\t<meta property=\"og:title\" content=\"Une nouvelle direction accompagne la mise en place de l\u2019ar\u00e8ne multifonctionnelle - immo!nvest - Die Plattform f\u00fcr Standorte und Immobilien\" \/>\n\t\t<meta property=\"og:description\" content=\"Markus Mettler prend la pr\u00e9sidence du conseil d&#039;administration de Pilatus Arena AG. Mettler pr\u00e9side \u00e9galement le conseil d&#039;administration de Halter AG, qui a d\u00e9velopp\u00e9 l&#039;ar\u00e8ne ouverte en octobre 2025 \u00e0 Kriens et qui reste l&#039;actionnaire majoritaire.\" \/>\n\t\t<meta property=\"og:url\" content=\"https:\/\/www.immo-invest.ch\/fr\/neue-fuehrung-begleitet-etablierung-der-multifunktionalen-arena\/\" \/>\n\t\t<meta property=\"og:image\" content=\"https:\/\/www.immo-invest.ch\/wp-content\/uploads\/2026\/01\/banoviag_Realistic_modern_indoor_sports_and_events_arena_cont_597a215d-6adc-48c3-a40d-c1747e4b9e15_1.png\" \/>\n\t\t<meta property=\"og:image:secure_url\" content=\"https:\/\/www.immo-invest.ch\/wp-content\/uploads\/2026\/01\/banoviag_Realistic_modern_indoor_sports_and_events_arena_cont_597a215d-6adc-48c3-a40d-c1747e4b9e15_1.png\" \/>\n\t\t<meta property=\"og:image:width\" content=\"1536\" \/>\n\t\t<meta property=\"og:image:height\" content=\"768\" \/>\n\t\t<meta property=\"article:published_time\" content=\"2026-01-15T12:30:00+00:00\" \/>\n\t\t<meta property=\"article:modified_time\" content=\"2026-01-14T07:58:11+00:00\" \/>\n\t\t<meta property=\"article:publisher\" content=\"https:\/\/www.facebook.com\/people\/Immoinvest\/100077962920504\/\" \/>\n\t\t<meta name=\"twitter:card\" content=\"summary_large_image\" \/>\n\t\t<meta name=\"twitter:site\" content=\"@i\" \/>\n\t\t<meta name=\"twitter:title\" content=\"Une nouvelle direction accompagne la mise en place de l\u2019ar\u00e8ne multifonctionnelle - immo!nvest - Die Plattform f\u00fcr Standorte und Immobilien\" \/>\n\t\t<meta name=\"twitter:description\" content=\"Markus Mettler prend la pr\u00e9sidence du conseil d&#039;administration de Pilatus Arena AG. Mettler pr\u00e9side \u00e9galement le conseil d&#039;administration de Halter AG, qui a d\u00e9velopp\u00e9 l&#039;ar\u00e8ne ouverte en octobre 2025 \u00e0 Kriens et qui reste l&#039;actionnaire majoritaire.\" \/>\n\t\t<meta name=\"twitter:creator\" content=\"@i\" \/>\n\t\t<meta name=\"twitter:image\" content=\"https:\/\/www.immo-invest.ch\/wp-content\/uploads\/2026\/01\/banoviag_Realistic_modern_indoor_sports_and_events_arena_cont_597a215d-6adc-48c3-a40d-c1747e4b9e15_1.png\" \/>\n\t\t<script type=\"application\/ld+json\" class=\"aioseo-schema\">\n\t\t\t{\"@context\":\"https:\\\/\\\/schema.org\",\"@graph\":[{\"@type\":\"BlogPosting\",\"@id\":\"https:\\\/\\\/www.immo-invest.ch\\\/fr\\\/neue-fuehrung-begleitet-etablierung-der-multifunktionalen-arena\\\/#blogposting\",\"name\":\"Une nouvelle direction accompagne la mise en place de l\\u2019ar\\u00e8ne multifonctionnelle - immo!nvest - Die Plattform f\\u00fcr Standorte und Immobilien\",\"headline\":\"Une nouvelle direction accompagne la mise en place de l&rsquo;ar\\u00e8ne multifonctionnelle\",\"author\":{\"@id\":\"https:\\\/\\\/www.immo-invest.ch\\\/fr\\\/author\\\/immovestuser\\\/#author\"},\"publisher\":{\"@id\":\"https:\\\/\\\/www.immo-invest.ch\\\/fr\\\/#organization\"},\"image\":{\"@type\":\"ImageObject\",\"url\":\"https:\\\/\\\/www.immo-invest.ch\\\/wp-content\\\/uploads\\\/2026\\\/01\\\/banoviag_Realistic_modern_indoor_sports_and_events_arena_cont_597a215d-6adc-48c3-a40d-c1747e4b9e15_1.png\",\"width\":1536,\"height\":768},\"datePublished\":\"2026-01-15T13:30:00+01:00\",\"dateModified\":\"2026-01-14T08:58:11+01:00\",\"inLanguage\":\"fr-FR\",\"mainEntityOfPage\":{\"@id\":\"https:\\\/\\\/www.immo-invest.ch\\\/fr\\\/neue-fuehrung-begleitet-etablierung-der-multifunktionalen-arena\\\/#webpage\"},\"isPartOf\":{\"@id\":\"https:\\\/\\\/www.immo-invest.ch\\\/fr\\\/neue-fuehrung-begleitet-etablierung-der-multifunktionalen-arena\\\/#webpage\"},\"articleSection\":\"Associations, Entreprise, immoNews, Institutions &amp; Formation, Projects, Quartiers \\\/ Zones, Trends, Event und Sportinfrastruktur, Immoinvest, immoNews, News, Pilatus Arena Kriens, Facultatif\"},{\"@type\":\"BreadcrumbList\",\"@id\":\"https:\\\/\\\/www.immo-invest.ch\\\/fr\\\/neue-fuehrung-begleitet-etablierung-der-multifunktionalen-arena\\\/#breadcrumblist\",\"itemListElement\":[{\"@type\":\"ListItem\",\"@id\":\"https:\\\/\\\/www.immo-invest.ch\\\/fr\\\/#listItem\",\"position\":1,\"name\":\"Home\",\"item\":\"https:\\\/\\\/www.immo-invest.ch\\\/fr\\\/\",\"nextItem\":{\"@type\":\"ListItem\",\"@id\":\"https:\\\/\\\/www.immo-invest.ch\\\/fr\\\/categories\\\/trends-fr\\\/#listItem\",\"name\":\"Trends\"}},{\"@type\":\"ListItem\",\"@id\":\"https:\\\/\\\/www.immo-invest.ch\\\/fr\\\/categories\\\/trends-fr\\\/#listItem\",\"position\":2,\"name\":\"Trends\",\"item\":\"https:\\\/\\\/www.immo-invest.ch\\\/fr\\\/categories\\\/trends-fr\\\/\",\"nextItem\":{\"@type\":\"ListItem\",\"@id\":\"https:\\\/\\\/www.immo-invest.ch\\\/fr\\\/categories\\\/trends-fr\\\/entreprise\\\/#listItem\",\"name\":\"Entreprise\"},\"previousItem\":{\"@type\":\"ListItem\",\"@id\":\"https:\\\/\\\/www.immo-invest.ch\\\/fr\\\/#listItem\",\"name\":\"Home\"}},{\"@type\":\"ListItem\",\"@id\":\"https:\\\/\\\/www.immo-invest.ch\\\/fr\\\/categories\\\/trends-fr\\\/entreprise\\\/#listItem\",\"position\":3,\"name\":\"Entreprise\",\"item\":\"https:\\\/\\\/www.immo-invest.ch\\\/fr\\\/categories\\\/trends-fr\\\/entreprise\\\/\",\"nextItem\":{\"@type\":\"ListItem\",\"@id\":\"https:\\\/\\\/www.immo-invest.ch\\\/fr\\\/neue-fuehrung-begleitet-etablierung-der-multifunktionalen-arena\\\/#listItem\",\"name\":\"Une nouvelle direction accompagne la mise en place de l&rsquo;ar\\u00e8ne multifonctionnelle\"},\"previousItem\":{\"@type\":\"ListItem\",\"@id\":\"https:\\\/\\\/www.immo-invest.ch\\\/fr\\\/categories\\\/trends-fr\\\/#listItem\",\"name\":\"Trends\"}},{\"@type\":\"ListItem\",\"@id\":\"https:\\\/\\\/www.immo-invest.ch\\\/fr\\\/neue-fuehrung-begleitet-etablierung-der-multifunktionalen-arena\\\/#listItem\",\"position\":4,\"name\":\"Une nouvelle direction accompagne la mise en place de l&rsquo;ar\\u00e8ne multifonctionnelle\",\"previousItem\":{\"@type\":\"ListItem\",\"@id\":\"https:\\\/\\\/www.immo-invest.ch\\\/fr\\\/categories\\\/trends-fr\\\/entreprise\\\/#listItem\",\"name\":\"Entreprise\"}}]},{\"@type\":\"Organization\",\"@id\":\"https:\\\/\\\/www.immo-invest.ch\\\/fr\\\/#organization\",\"name\":\"immo!nvest - Die Plattform f\\u00fcr Standorte und Immobilien\",\"description\":\"Die\\u00a0Plattform f\\u00fcr Standorte und Immobilien\",\"url\":\"https:\\\/\\\/www.immo-invest.ch\\\/fr\\\/\",\"email\":\"admin@immomedia.ag\",\"telephone\":\"+41444420002\",\"logo\":{\"@type\":\"ImageObject\",\"url\":\"https:\\\/\\\/www.immo-invest.ch\\\/wp-content\\\/uploads\\\/2024\\\/09\\\/immoinvest_sm-scaled.jpg\",\"@id\":\"https:\\\/\\\/www.immo-invest.ch\\\/fr\\\/neue-fuehrung-begleitet-etablierung-der-multifunktionalen-arena\\\/#organizationLogo\",\"width\":2560,\"height\":1340},\"image\":{\"@id\":\"https:\\\/\\\/www.immo-invest.ch\\\/fr\\\/neue-fuehrung-begleitet-etablierung-der-multifunktionalen-arena\\\/#organizationLogo\"},\"sameAs\":[\"https:\\\/\\\/www.facebook.com\\\/people\\\/Immoinvest\\\/100077962920504\\\/\",\"https:\\\/\\\/x.com\\\/i\\\/flow\\\/login?redirect_after_login=immoinvest_ch\",\"https:\\\/\\\/www.instagram.com\\\/immoinvest_ch\\\/\",\"https:\\\/\\\/www.linkedin.com\\\/company\\\/immoinvest-swiss\"]},{\"@type\":\"Person\",\"@id\":\"https:\\\/\\\/www.immo-invest.ch\\\/fr\\\/author\\\/immovestuser\\\/#author\",\"url\":\"https:\\\/\\\/www.immo-invest.ch\\\/fr\\\/author\\\/immovestuser\\\/\",\"name\":\"immovestuser\",\"image\":{\"@type\":\"ImageObject\",\"@id\":\"https:\\\/\\\/www.immo-invest.ch\\\/fr\\\/neue-fuehrung-begleitet-etablierung-der-multifunktionalen-arena\\\/#authorImage\",\"url\":\"https:\\\/\\\/secure.gravatar.com\\\/avatar\\\/8e01f4d99f2eeea7a362ebb93305e1172a70e9293ba250f897a65c39f54cdd1e?s=96&d=mm&r=g\",\"width\":96,\"height\":96,\"caption\":\"immovestuser\"}},{\"@type\":\"WebPage\",\"@id\":\"https:\\\/\\\/www.immo-invest.ch\\\/fr\\\/neue-fuehrung-begleitet-etablierung-der-multifunktionalen-arena\\\/#webpage\",\"url\":\"https:\\\/\\\/www.immo-invest.ch\\\/fr\\\/neue-fuehrung-begleitet-etablierung-der-multifunktionalen-arena\\\/\",\"name\":\"Une nouvelle direction accompagne la mise en place de l\\u2019ar\\u00e8ne multifonctionnelle - immo!nvest - Die Plattform f\\u00fcr Standorte und Immobilien\",\"description\":\"Markus Mettler prend la pr\\u00e9sidence du conseil d'administration de Pilatus Arena AG. Mettler pr\\u00e9side \\u00e9galement le conseil d'administration de Halter AG, qui a d\\u00e9velopp\\u00e9 l'ar\\u00e8ne ouverte en octobre 2025 \\u00e0 Kriens et qui reste l'actionnaire majoritaire.\",\"inLanguage\":\"fr-FR\",\"isPartOf\":{\"@id\":\"https:\\\/\\\/www.immo-invest.ch\\\/fr\\\/#website\"},\"breadcrumb\":{\"@id\":\"https:\\\/\\\/www.immo-invest.ch\\\/fr\\\/neue-fuehrung-begleitet-etablierung-der-multifunktionalen-arena\\\/#breadcrumblist\"},\"author\":{\"@id\":\"https:\\\/\\\/www.immo-invest.ch\\\/fr\\\/author\\\/immovestuser\\\/#author\"},\"creator\":{\"@id\":\"https:\\\/\\\/www.immo-invest.ch\\\/fr\\\/author\\\/immovestuser\\\/#author\"},\"image\":{\"@type\":\"ImageObject\",\"url\":\"https:\\\/\\\/www.immo-invest.ch\\\/wp-content\\\/uploads\\\/2026\\\/01\\\/banoviag_Realistic_modern_indoor_sports_and_events_arena_cont_597a215d-6adc-48c3-a40d-c1747e4b9e15_1.png\",\"@id\":\"https:\\\/\\\/www.immo-invest.ch\\\/fr\\\/neue-fuehrung-begleitet-etablierung-der-multifunktionalen-arena\\\/#mainImage\",\"width\":1536,\"height\":768},\"primaryImageOfPage\":{\"@id\":\"https:\\\/\\\/www.immo-invest.ch\\\/fr\\\/neue-fuehrung-begleitet-etablierung-der-multifunktionalen-arena\\\/#mainImage\"},\"datePublished\":\"2026-01-15T13:30:00+01:00\",\"dateModified\":\"2026-01-14T08:58:11+01:00\"},{\"@type\":\"WebSite\",\"@id\":\"https:\\\/\\\/www.immo-invest.ch\\\/fr\\\/#website\",\"url\":\"https:\\\/\\\/www.immo-invest.ch\\\/fr\\\/\",\"name\":\"immo!nvest - Die Plattform f\\u00fcr Standorte und Immobilien\",\"description\":\"Die\\u00a0Plattform f\\u00fcr Standorte und Immobilien\",\"inLanguage\":\"fr-FR\",\"publisher\":{\"@id\":\"https:\\\/\\\/www.immo-invest.ch\\\/fr\\\/#organization\"}}]}\n\t\t<\/script>\n\t\t<!-- All in One SEO -->\n\n","aioseo_head_json":{"title":"Une nouvelle direction accompagne la mise en place de l\u2019ar\u00e8ne multifonctionnelle - immo!nvest - Die Plattform f\u00fcr Standorte und Immobilien","description":"Markus Mettler prend la pr\u00e9sidence du conseil d'administration de Pilatus Arena AG. Mettler pr\u00e9side \u00e9galement le conseil d'administration de Halter AG, qui a d\u00e9velopp\u00e9 l'ar\u00e8ne ouverte en octobre 2025 \u00e0 Kriens et qui reste l'actionnaire majoritaire.","canonical_url":"https:\/\/www.immo-invest.ch\/fr\/neue-fuehrung-begleitet-etablierung-der-multifunktionalen-arena\/","robots":"max-image-preview:large","keywords":"","webmasterTools":{"google-site-verification":"fHJKvgWpZCR2zVBHWfkQeFXC11qieUSff0HGNYfuyLA","miscellaneous":""},"schema":{"@context":"https:\/\/schema.org","@graph":[{"@type":"BlogPosting","@id":"https:\/\/www.immo-invest.ch\/fr\/neue-fuehrung-begleitet-etablierung-der-multifunktionalen-arena\/#blogposting","name":"Une nouvelle direction accompagne la mise en place de l\u2019ar\u00e8ne multifonctionnelle - immo!nvest - Die Plattform f\u00fcr Standorte und Immobilien","headline":"Une nouvelle direction accompagne la mise en place de l&rsquo;ar\u00e8ne multifonctionnelle","author":{"@id":"https:\/\/www.immo-invest.ch\/fr\/author\/immovestuser\/#author"},"publisher":{"@id":"https:\/\/www.immo-invest.ch\/fr\/#organization"},"image":{"@type":"ImageObject","url":"https:\/\/www.immo-invest.ch\/wp-content\/uploads\/2026\/01\/banoviag_Realistic_modern_indoor_sports_and_events_arena_cont_597a215d-6adc-48c3-a40d-c1747e4b9e15_1.png","width":1536,"height":768},"datePublished":"2026-01-15T13:30:00+01:00","dateModified":"2026-01-14T08:58:11+01:00","inLanguage":"fr-FR","mainEntityOfPage":{"@id":"https:\/\/www.immo-invest.ch\/fr\/neue-fuehrung-begleitet-etablierung-der-multifunktionalen-arena\/#webpage"},"isPartOf":{"@id":"https:\/\/www.immo-invest.ch\/fr\/neue-fuehrung-begleitet-etablierung-der-multifunktionalen-arena\/#webpage"},"articleSection":"Associations, Entreprise, immoNews, Institutions &amp; Formation, Projects, Quartiers \/ Zones, Trends, Event und Sportinfrastruktur, Immoinvest, immoNews, News, Pilatus Arena Kriens, Facultatif"},{"@type":"BreadcrumbList","@id":"https:\/\/www.immo-invest.ch\/fr\/neue-fuehrung-begleitet-etablierung-der-multifunktionalen-arena\/#breadcrumblist","itemListElement":[{"@type":"ListItem","@id":"https:\/\/www.immo-invest.ch\/fr\/#listItem","position":1,"name":"Home","item":"https:\/\/www.immo-invest.ch\/fr\/","nextItem":{"@type":"ListItem","@id":"https:\/\/www.immo-invest.ch\/fr\/categories\/trends-fr\/#listItem","name":"Trends"}},{"@type":"ListItem","@id":"https:\/\/www.immo-invest.ch\/fr\/categories\/trends-fr\/#listItem","position":2,"name":"Trends","item":"https:\/\/www.immo-invest.ch\/fr\/categories\/trends-fr\/","nextItem":{"@type":"ListItem","@id":"https:\/\/www.immo-invest.ch\/fr\/categories\/trends-fr\/entreprise\/#listItem","name":"Entreprise"},"previousItem":{"@type":"ListItem","@id":"https:\/\/www.immo-invest.ch\/fr\/#listItem","name":"Home"}},{"@type":"ListItem","@id":"https:\/\/www.immo-invest.ch\/fr\/categories\/trends-fr\/entreprise\/#listItem","position":3,"name":"Entreprise","item":"https:\/\/www.immo-invest.ch\/fr\/categories\/trends-fr\/entreprise\/","nextItem":{"@type":"ListItem","@id":"https:\/\/www.immo-invest.ch\/fr\/neue-fuehrung-begleitet-etablierung-der-multifunktionalen-arena\/#listItem","name":"Une nouvelle direction accompagne la mise en place de l&rsquo;ar\u00e8ne multifonctionnelle"},"previousItem":{"@type":"ListItem","@id":"https:\/\/www.immo-invest.ch\/fr\/categories\/trends-fr\/#listItem","name":"Trends"}},{"@type":"ListItem","@id":"https:\/\/www.immo-invest.ch\/fr\/neue-fuehrung-begleitet-etablierung-der-multifunktionalen-arena\/#listItem","position":4,"name":"Une nouvelle direction accompagne la mise en place de l&rsquo;ar\u00e8ne multifonctionnelle","previousItem":{"@type":"ListItem","@id":"https:\/\/www.immo-invest.ch\/fr\/categories\/trends-fr\/entreprise\/#listItem","name":"Entreprise"}}]},{"@type":"Organization","@id":"https:\/\/www.immo-invest.ch\/fr\/#organization","name":"immo!nvest - Die Plattform f\u00fcr Standorte und Immobilien","description":"Die\u00a0Plattform f\u00fcr Standorte und Immobilien","url":"https:\/\/www.immo-invest.ch\/fr\/","email":"admin@immomedia.ag","telephone":"+41444420002","logo":{"@type":"ImageObject","url":"https:\/\/www.immo-invest.ch\/wp-content\/uploads\/2024\/09\/immoinvest_sm-scaled.jpg","@id":"https:\/\/www.immo-invest.ch\/fr\/neue-fuehrung-begleitet-etablierung-der-multifunktionalen-arena\/#organizationLogo","width":2560,"height":1340},"image":{"@id":"https:\/\/www.immo-invest.ch\/fr\/neue-fuehrung-begleitet-etablierung-der-multifunktionalen-arena\/#organizationLogo"},"sameAs":["https:\/\/www.facebook.com\/people\/Immoinvest\/100077962920504\/","https:\/\/x.com\/i\/flow\/login?redirect_after_login=immoinvest_ch","https:\/\/www.instagram.com\/immoinvest_ch\/","https:\/\/www.linkedin.com\/company\/immoinvest-swiss"]},{"@type":"Person","@id":"https:\/\/www.immo-invest.ch\/fr\/author\/immovestuser\/#author","url":"https:\/\/www.immo-invest.ch\/fr\/author\/immovestuser\/","name":"immovestuser","image":{"@type":"ImageObject","@id":"https:\/\/www.immo-invest.ch\/fr\/neue-fuehrung-begleitet-etablierung-der-multifunktionalen-arena\/#authorImage","url":"https:\/\/secure.gravatar.com\/avatar\/8e01f4d99f2eeea7a362ebb93305e1172a70e9293ba250f897a65c39f54cdd1e?s=96&d=mm&r=g","width":96,"height":96,"caption":"immovestuser"}},{"@type":"WebPage","@id":"https:\/\/www.immo-invest.ch\/fr\/neue-fuehrung-begleitet-etablierung-der-multifunktionalen-arena\/#webpage","url":"https:\/\/www.immo-invest.ch\/fr\/neue-fuehrung-begleitet-etablierung-der-multifunktionalen-arena\/","name":"Une nouvelle direction accompagne la mise en place de l\u2019ar\u00e8ne multifonctionnelle - immo!nvest - Die Plattform f\u00fcr Standorte und Immobilien","description":"Markus Mettler prend la pr\u00e9sidence du conseil d'administration de Pilatus Arena AG. Mettler pr\u00e9side \u00e9galement le conseil d'administration de Halter AG, qui a d\u00e9velopp\u00e9 l'ar\u00e8ne ouverte en octobre 2025 \u00e0 Kriens et qui reste l'actionnaire majoritaire.","inLanguage":"fr-FR","isPartOf":{"@id":"https:\/\/www.immo-invest.ch\/fr\/#website"},"breadcrumb":{"@id":"https:\/\/www.immo-invest.ch\/fr\/neue-fuehrung-begleitet-etablierung-der-multifunktionalen-arena\/#breadcrumblist"},"author":{"@id":"https:\/\/www.immo-invest.ch\/fr\/author\/immovestuser\/#author"},"creator":{"@id":"https:\/\/www.immo-invest.ch\/fr\/author\/immovestuser\/#author"},"image":{"@type":"ImageObject","url":"https:\/\/www.immo-invest.ch\/wp-content\/uploads\/2026\/01\/banoviag_Realistic_modern_indoor_sports_and_events_arena_cont_597a215d-6adc-48c3-a40d-c1747e4b9e15_1.png","@id":"https:\/\/www.immo-invest.ch\/fr\/neue-fuehrung-begleitet-etablierung-der-multifunktionalen-arena\/#mainImage","width":1536,"height":768},"primaryImageOfPage":{"@id":"https:\/\/www.immo-invest.ch\/fr\/neue-fuehrung-begleitet-etablierung-der-multifunktionalen-arena\/#mainImage"},"datePublished":"2026-01-15T13:30:00+01:00","dateModified":"2026-01-14T08:58:11+01:00"},{"@type":"WebSite","@id":"https:\/\/www.immo-invest.ch\/fr\/#website","url":"https:\/\/www.immo-invest.ch\/fr\/","name":"immo!nvest - Die Plattform f\u00fcr Standorte und Immobilien","description":"Die\u00a0Plattform f\u00fcr Standorte und Immobilien","inLanguage":"fr-FR","publisher":{"@id":"https:\/\/www.immo-invest.ch\/fr\/#organization"}}]},"og:locale":"fr_FR","og:site_name":"immo!nvest - Die Plattform f\u00fcr Standorte und Immobilien - Die\u00a0Plattform f\u00fcr Standorte und Immobilien","og:type":"article","og:title":"Une nouvelle direction accompagne la mise en place de l\u2019ar\u00e8ne multifonctionnelle - immo!nvest - Die Plattform f\u00fcr Standorte und Immobilien","og:description":"Markus Mettler prend la pr\u00e9sidence du conseil d'administration de Pilatus Arena AG. Mettler pr\u00e9side \u00e9galement le conseil d'administration de Halter AG, qui a d\u00e9velopp\u00e9 l'ar\u00e8ne ouverte en octobre 2025 \u00e0 Kriens et qui reste l'actionnaire majoritaire.","og:url":"https:\/\/www.immo-invest.ch\/fr\/neue-fuehrung-begleitet-etablierung-der-multifunktionalen-arena\/","og:image":"https:\/\/www.immo-invest.ch\/wp-content\/uploads\/2026\/01\/banoviag_Realistic_modern_indoor_sports_and_events_arena_cont_597a215d-6adc-48c3-a40d-c1747e4b9e15_1.png","og:image:secure_url":"https:\/\/www.immo-invest.ch\/wp-content\/uploads\/2026\/01\/banoviag_Realistic_modern_indoor_sports_and_events_arena_cont_597a215d-6adc-48c3-a40d-c1747e4b9e15_1.png","og:image:width":1536,"og:image:height":768,"article:published_time":"2026-01-15T12:30:00+00:00","article:modified_time":"2026-01-14T07:58:11+00:00","article:publisher":"https:\/\/www.facebook.com\/people\/Immoinvest\/100077962920504\/","twitter:card":"summary_large_image","twitter:site":"@i","twitter:title":"Une nouvelle direction accompagne la mise en place de l\u2019ar\u00e8ne multifonctionnelle - immo!nvest - Die Plattform f\u00fcr Standorte und Immobilien","twitter:description":"Markus Mettler prend la pr\u00e9sidence du conseil d'administration de Pilatus Arena AG. Mettler pr\u00e9side \u00e9galement le conseil d'administration de Halter AG, qui a d\u00e9velopp\u00e9 l'ar\u00e8ne ouverte en octobre 2025 \u00e0 Kriens et qui reste l'actionnaire majoritaire.","twitter:creator":"@i","twitter:image":"https:\/\/www.immo-invest.ch\/wp-content\/uploads\/2026\/01\/banoviag_Realistic_modern_indoor_sports_and_events_arena_cont_597a215d-6adc-48c3-a40d-c1747e4b9e15_1.png"},"aioseo_meta_data":{"post_id":"147116","title":null,"description":null,"keywords":null,"keyphrases":{"focus":{"keyphrase":"","score":0,"analysis":{"keyphraseInTitle":{"score":0,"maxScore":9,"error":1}}},"additional":[]},"primary_term":null,"canonical_url":null,"og_title":null,"og_description":null,"og_object_type":"default","og_image_type":"default","og_image_url":null,"og_image_width":null,"og_image_height":null,"og_image_custom_url":null,"og_image_custom_fields":null,"og_video":"","og_custom_url":null,"og_article_section":null,"og_article_tags":null,"twitter_use_og":false,"twitter_card":"default","twitter_image_type":"default","twitter_image_url":null,"twitter_image_custom_url":null,"twitter_image_custom_fields":null,"twitter_title":null,"twitter_description":null,"schema":{"blockGraphs":[],"customGraphs":[],"default":{"data":{"Article":[],"Course":[],"Dataset":[],"FAQPage":[],"Movie":[],"Person":[],"Product":[],"ProductReview":[],"Car":[],"Recipe":[],"Service":[],"SoftwareApplication":[],"WebPage":[]},"graphName":"BlogPosting","isEnabled":true},"graphs":[]},"schema_type":"default","schema_type_options":null,"pillar_content":false,"robots_default":true,"robots_noindex":false,"robots_noarchive":false,"robots_nosnippet":false,"robots_nofollow":false,"robots_noimageindex":false,"robots_noodp":false,"robots_notranslate":false,"robots_max_snippet":"-1","robots_max_videopreview":"-1","robots_max_imagepreview":"large","priority":null,"frequency":"default","local_seo":null,"breadcrumb_settings":null,"limit_modified_date":false,"ai":{"faqs":[],"keyPoints":[],"titles":[],"descriptions":[],"socialPosts":{"email":[],"linkedin":[],"twitter":[],"facebook":[],"instagram":[]}},"created":"2026-01-14 07:58:15","updated":"2026-01-15 12:42:13","seo_analyzer_scan_date":null,"focus_keyword":null,"additional_keywords":null,"truseo_locale":null},"aioseo_breadcrumb":"<div class=\"aioseo-breadcrumbs\"><span class=\"aioseo-breadcrumb\">\n\t\t\t<a href=\"https:\/\/www.immo-invest.ch\/fr\/\" title=\"Home\">Home<\/a>\n\t\t<\/span><span class=\"aioseo-breadcrumb-separator\">&raquo;<\/span><span class=\"aioseo-breadcrumb\">\n\t\t\t<a href=\"https:\/\/www.immo-invest.ch\/fr\/categories\/trends-fr\/\" title=\"Trends\">Trends<\/a>\n\t\t<\/span><span class=\"aioseo-breadcrumb-separator\">&raquo;<\/span><span class=\"aioseo-breadcrumb\">\n\t\t\t<a href=\"https:\/\/www.immo-invest.ch\/fr\/categories\/trends-fr\/entreprise\/\" title=\"Entreprise\">Entreprise<\/a>\n\t\t<\/span><span class=\"aioseo-breadcrumb-separator\">&raquo;<\/span><span class=\"aioseo-breadcrumb\">\n\t\t\tUne nouvelle direction accompagne la mise en place de l\u2019ar\u00e8ne multifonctionnelle\n\t\t<\/span><\/div>","aioseo_breadcrumb_json":[{"label":"Home","link":"https:\/\/www.immo-invest.ch\/fr\/"},{"label":"Trends","link":"https:\/\/www.immo-invest.ch\/fr\/categories\/trends-fr\/"},{"label":"Entreprise","link":"https:\/\/www.immo-invest.ch\/fr\/categories\/trends-fr\/entreprise\/"},{"label":"Une nouvelle direction accompagne la mise en place de l&rsquo;ar\u00e8ne multifonctionnelle","link":"https:\/\/www.immo-invest.ch\/fr\/neue-fuehrung-begleitet-etablierung-der-multifunktionalen-arena\/"}],"featured_image_src":"https:\/\/www.immo-invest.ch\/wp-content\/uploads\/2026\/01\/banoviag_Realistic_modern_indoor_sports_and_events_arena_cont_597a215d-6adc-48c3-a40d-c1747e4b9e15_1-336x168.png","_links":{"self":[{"href":"https:\/\/www.immo-invest.ch\/fr\/wp-json\/wp\/v2\/posts\/147116","targetHints":{"allow":["GET"]}}],"collection":[{"href":"https:\/\/www.immo-invest.ch\/fr\/wp-json\/wp\/v2\/posts"}],"about":[{"href":"https:\/\/www.immo-invest.ch\/fr\/wp-json\/wp\/v2\/types\/post"}],"author":[{"embeddable":true,"href":"https:\/\/www.immo-invest.ch\/fr\/wp-json\/wp\/v2\/users\/2"}],"replies":[{"embeddable":true,"href":"https:\/\/www.immo-invest.ch\/fr\/wp-json\/wp\/v2\/comments?post=147116"}],"version-history":[{"count":2,"href":"https:\/\/www.immo-invest.ch\/fr\/wp-json\/wp\/v2\/posts\/147116\/revisions"}],"predecessor-version":[{"id":147124,"href":"https:\/\/www.immo-invest.ch\/fr\/wp-json\/wp\/v2\/posts\/147116\/revisions\/147124"}],"wp:featuredmedia":[{"embeddable":true,"href":"https:\/\/www.immo-invest.ch\/fr\/wp-json\/wp\/v2\/media\/147117"}],"wp:attachment":[{"href":"https:\/\/www.immo-invest.ch\/fr\/wp-json\/wp\/v2\/media?parent=147116"}],"wp:term":[{"taxonomy":"category","embeddable":true,"href":"https:\/\/www.immo-invest.ch\/fr\/wp-json\/wp\/v2\/categories?post=147116"},{"taxonomy":"post_tag","embeddable":true,"href":"https:\/\/www.immo-invest.ch\/fr\/wp-json\/wp\/v2\/tags?post=147116"}],"curies":[{"name":"wp","href":"https:\/\/api.w.org\/{rel}","templated":true}]}}