{"id":147083,"date":"2026-01-15T08:20:00","date_gmt":"2026-01-15T07:20:00","guid":{"rendered":"https:\/\/www.immo-invest.ch\/?p=147083"},"modified":"2026-01-14T08:27:52","modified_gmt":"2026-01-14T07:27:52","slug":"energiepreis-setzt-schlusspunkt-mit-klaren-zukunftssignalen","status":"publish","type":"post","link":"https:\/\/www.immo-invest.ch\/fr\/energiepreis-setzt-schlusspunkt-mit-klaren-zukunftssignalen\/","title":{"rendered":"Le prix de l&rsquo;\u00e9nergie met un point final avec des signaux clairs pour l&rsquo;avenir"},"content":{"rendered":"<p class=\"bodytext\">La soci&eacute;t&eacute; <a href=\"https:\/\/www.pensimo.ch\/de\/\" target=\"_blank\" rel=\"noopener\">Pensimo<\/a>Fondsleitung AG, dont le si&egrave;ge est &agrave; Zurich, pr&eacute;voit une augmentation de capital de 150 &agrave; 200 millions de francs pour le premier trimestre 2026 pour sa division<a href=\"https:\/\/www.pensimo.ch\/de\/anlageprodukte\/swissinvest\" target=\"_blank\" rel=\"noopener\">Swissinvest <span class=\"glossaryLink\" aria-describedby=\"tt\" data-cmtooltip=\"&lt;div class=glossaryItemTitle&gt;Real Estate&lt;\/div&gt;&lt;div class=glossaryItemBody&gt;Engl. f&uuml;r Immobilien&lt;\/div&gt;\" data-mobile-support=\"0\" data-gt-translate-attributes='[{\"attribute\":\"data-cmtooltip\", \"format\":\"html\"}]' tabindex=\"0\" role=\"link\">Real Estate<\/span> Fund<\/a> (Swissinvest). Selon un <a href=\"https:\/\/www.pensimo.ch\/downloads\/medienmitteilungen-2025\/251217_SwissinvestREF_Akquisitionen_Dez_2025_MM.pdf\" target=\"_blank\" rel=\"noopener\">communiqu&eacute;<\/a>, ces nouveaux capitaux serviront &agrave; rembourser des dettes dans le cadre de l&rsquo;acquisition de deux biens immobiliers dans la zone urbaine de Zurich.<\/p>\n<p class=\"bodytext\">Il s&rsquo;agit d&rsquo;un immeuble r&eacute;sidentiel et commercial situ&eacute; dans le <span class=\"glossaryLink\" aria-describedby=\"tt\" data-cmtooltip=\"&lt;div class=glossaryItemTitle&gt;Quartier&lt;\/div&gt;&lt;div class=glossaryItemBody&gt;Amtliches, historisches, soziales oder stadtplanerisches Stadtviertel&lt;\/div&gt;\" data-mobile-support=\"0\" data-gt-translate-attributes='[{\"attribute\":\"data-cmtooltip\", \"format\":\"html\"}]' tabindex=\"0\" role=\"link\">quartier<\/span> central de Zurich-Wiedikon et d&rsquo;un immeuble de bureaux situ&eacute; &agrave; Zurich-Oerlikon. L&rsquo;immeuble du <span class=\"glossaryLink\" aria-describedby=\"tt\" data-cmtooltip=\"&lt;div class=glossaryItemTitle&gt;Quartier&lt;\/div&gt;&lt;div class=glossaryItemBody&gt;Amtliches, historisches, soziales oder stadtplanerisches Stadtviertel&lt;\/div&gt;\" data-mobile-support=\"0\" data-gt-translate-attributes='[{\"attribute\":\"data-cmtooltip\", \"format\":\"html\"}]' tabindex=\"0\" role=\"link\">quartier<\/span> de Wiedikon comprend 53 appartements, des surfaces commerciales, des bureaux et des entrep&ocirc;ts, ainsi qu&rsquo;un parking souterrain d&rsquo;environ 190 places. La surface locative d&rsquo;environ 12 500 m&egrave;tres carr&eacute;s g&eacute;n&egrave;re un revenu locatif annuel th&eacute;orique de 4,4 millions de francs. Le volume d&rsquo;investissement s&rsquo;&eacute;l&egrave;ve &agrave; 134 millions de francs.<\/p>\n<p class=\"bodytext\">Swissinvest a acquis une part de copropri&eacute;t&eacute; de 50,1 % dans l&rsquo;immeuble situ&eacute; &agrave; Oerlikon. L&rsquo;immeuble de bureaux de 25 500 m&egrave;tres carr&eacute;s g&eacute;n&egrave;re un revenu locatif annuel de 7,4 millions de francs, dont 3,7 millions reviennent &agrave; Swissinvest. Selon le communiqu&eacute;, l&rsquo;immeuble pr&eacute;sente un potentiel de conversion en logements.<\/p>\n<p class=\"bodytext\">Le volume d&rsquo;investissement s&rsquo;&eacute;l&egrave;ve &agrave; 210 millions de francs au total, avec un revenu locatif th&eacute;orique de 8,1 millions de francs. Pour l&rsquo;exercice 2025\/26, un revenu suppl&eacute;mentaire de 5 millions de francs par rapport &agrave; l&rsquo;ann&eacute;e pr&eacute;c&eacute;dente est pr&eacute;vu. Le rapport semestriel du Swissinvest <span class=\"glossaryLink\" aria-describedby=\"tt\" data-cmtooltip=\"&lt;div class=glossaryItemTitle&gt;Real Estate&lt;\/div&gt;&lt;div class=glossaryItemBody&gt;Engl. f&uuml;r Immobilien&lt;\/div&gt;\" data-mobile-support=\"0\" data-gt-translate-attributes='[{\"attribute\":\"data-cmtooltip\", \"format\":\"html\"}]' tabindex=\"0\" role=\"link\">Real Estate<\/span> Fund sera publi&eacute; le 27 f&eacute;vrier 2026.<\/p>\n","protected":false},"excerpt":{"rendered":"<p>Pensimo Fondsleitung AG pr\u00e9voit une augmentation de capital de 150 \u00e0 200 millions de francs pour le Swissinvest Real Estate Fund en 2026. Cela permettra de rembourser les capitaux emprunt\u00e9s pour l&rsquo;acquisition de deux immeubles \u00e0 Zurich.<\/p>\n","protected":false},"author":2,"featured_media":147084,"comment_status":"open","ping_status":"open","sticky":false,"template":"","format":"standard","meta":{"pmpro_default_level":"","inline_featured_image":false,"_monsterinsights_skip_tracking":false,"footnotes":""},"categories":[55982,22699,8747,743,55976,22438],"tags":[56457,872,3931,56458,2002,56459],"class_list":["post-147083","post","type-post","status-publish","format-standard","has-post-thumbnail","hentry","category-associations","category-durabilite","category-energie","category-immonews-fr","category-institutions-formation","category-trends-fr","tag-energieinnovation-schweiz","tag-immoinvest-fr","tag-immonews-fr","tag-nachhaltige-energiesysteme","tag-news-fr","tag-watt-d-or-2026","pmpro-has-access"],"acf":{"bild_mit_ki_erstellt_worden":["Ja"],"lead":"Pensimo Fondsleitung AG pr\u00e9voit une augmentation de capital de 150 \u00e0 200 millions de francs pour le Swissinvest Real Estate Fund en 2026. Cela permettra de rembourser les capitaux emprunt\u00e9s pour l'acquisition de deux immeubles \u00e0 Zurich.","autor":"ce\/ww","ort":"Z\u00fcrich","bildunterschrift":"","bild_im_grid":false,"gallerie":"","newsim":""},"aioseo_notices":[],"aioseo_head":"\n\t\t<!-- All in One SEO 5.0.0.1 - aioseo.com -->\n\t<meta name=\"description\" content=\"Pensimo Fondsleitung AG pr\u00e9voit une augmentation de capital de 150 \u00e0 200 millions de francs pour le Swissinvest Real Estate Fund en 2026. Cela permettra de rembourser les capitaux emprunt\u00e9s pour l&#039;acquisition de deux immeubles \u00e0 Zurich.\" \/>\n\t<meta name=\"robots\" content=\"max-image-preview:large\" \/>\n\t<meta name=\"author\" content=\"immovestuser\"\/>\n\t<meta name=\"google-site-verification\" content=\"fHJKvgWpZCR2zVBHWfkQeFXC11qieUSff0HGNYfuyLA\" \/>\n\t<link rel=\"canonical\" href=\"https:\/\/www.immo-invest.ch\/fr\/energiepreis-setzt-schlusspunkt-mit-klaren-zukunftssignalen\/\" \/>\n\t<meta name=\"generator\" content=\"All in One SEO (AIOSEO) 5.0.0.1\" \/>\n\t\t<meta property=\"og:locale\" content=\"fr_FR\" \/>\n\t\t<meta property=\"og:site_name\" content=\"immo!nvest - Die Plattform f\u00fcr Standorte und Immobilien - Die\u00a0Plattform f\u00fcr Standorte und Immobilien\" \/>\n\t\t<meta property=\"og:type\" content=\"article\" \/>\n\t\t<meta property=\"og:title\" content=\"Le prix de l\u2019\u00e9nergie met un point final avec des signaux clairs pour l\u2019avenir - immo!nvest - Die Plattform f\u00fcr Standorte und Immobilien\" \/>\n\t\t<meta property=\"og:description\" content=\"Pensimo Fondsleitung AG pr\u00e9voit une augmentation de capital de 150 \u00e0 200 millions de francs pour le Swissinvest Real Estate Fund en 2026. Cela permettra de rembourser les capitaux emprunt\u00e9s pour l&#039;acquisition de deux immeubles \u00e0 Zurich.\" \/>\n\t\t<meta property=\"og:url\" content=\"https:\/\/www.immo-invest.ch\/fr\/energiepreis-setzt-schlusspunkt-mit-klaren-zukunftssignalen\/\" \/>\n\t\t<meta property=\"og:image\" content=\"https:\/\/www.immo-invest.ch\/wp-content\/uploads\/2025\/12\/banoviag_Realistic_Swiss_energy_innovation_showcase_combining_e63844ed-e3b0-45fa-a516-f3200256c772_1.png\" \/>\n\t\t<meta property=\"og:image:secure_url\" content=\"https:\/\/www.immo-invest.ch\/wp-content\/uploads\/2025\/12\/banoviag_Realistic_Swiss_energy_innovation_showcase_combining_e63844ed-e3b0-45fa-a516-f3200256c772_1.png\" \/>\n\t\t<meta property=\"og:image:width\" content=\"1536\" \/>\n\t\t<meta property=\"og:image:height\" content=\"768\" \/>\n\t\t<meta property=\"article:published_time\" content=\"2026-01-15T07:20:00+00:00\" \/>\n\t\t<meta property=\"article:modified_time\" content=\"2026-01-14T07:27:52+00:00\" \/>\n\t\t<meta property=\"article:publisher\" content=\"https:\/\/www.facebook.com\/people\/Immoinvest\/100077962920504\/\" \/>\n\t\t<meta name=\"twitter:card\" content=\"summary_large_image\" \/>\n\t\t<meta name=\"twitter:site\" content=\"@i\" \/>\n\t\t<meta name=\"twitter:title\" content=\"Le prix de l\u2019\u00e9nergie met un point final avec des signaux clairs pour l\u2019avenir - immo!nvest - Die Plattform f\u00fcr Standorte und Immobilien\" \/>\n\t\t<meta name=\"twitter:description\" content=\"Pensimo Fondsleitung AG pr\u00e9voit une augmentation de capital de 150 \u00e0 200 millions de francs pour le Swissinvest Real Estate Fund en 2026. Cela permettra de rembourser les capitaux emprunt\u00e9s pour l&#039;acquisition de deux immeubles \u00e0 Zurich.\" \/>\n\t\t<meta name=\"twitter:creator\" content=\"@i\" \/>\n\t\t<meta name=\"twitter:image\" content=\"https:\/\/www.immo-invest.ch\/wp-content\/uploads\/2025\/12\/banoviag_Realistic_Swiss_energy_innovation_showcase_combining_e63844ed-e3b0-45fa-a516-f3200256c772_1.png\" \/>\n\t\t<script type=\"application\/ld+json\" class=\"aioseo-schema\">\n\t\t\t{\"@context\":\"https:\\\/\\\/schema.org\",\"@graph\":[{\"@type\":\"BlogPosting\",\"@id\":\"https:\\\/\\\/www.immo-invest.ch\\\/fr\\\/energiepreis-setzt-schlusspunkt-mit-klaren-zukunftssignalen\\\/#blogposting\",\"name\":\"Le prix de l\\u2019\\u00e9nergie met un point final avec des signaux clairs pour l\\u2019avenir - immo!nvest - Die Plattform f\\u00fcr Standorte und Immobilien\",\"headline\":\"Le prix de l&rsquo;\\u00e9nergie met un point final avec des signaux clairs pour l&rsquo;avenir\",\"author\":{\"@id\":\"https:\\\/\\\/www.immo-invest.ch\\\/fr\\\/author\\\/immovestuser\\\/#author\"},\"publisher\":{\"@id\":\"https:\\\/\\\/www.immo-invest.ch\\\/fr\\\/#organization\"},\"image\":{\"@type\":\"ImageObject\",\"url\":\"https:\\\/\\\/www.immo-invest.ch\\\/wp-content\\\/uploads\\\/2025\\\/12\\\/banoviag_Realistic_Swiss_energy_innovation_showcase_combining_e63844ed-e3b0-45fa-a516-f3200256c772_1.png\",\"width\":1536,\"height\":768},\"datePublished\":\"2026-01-15T08:20:00+01:00\",\"dateModified\":\"2026-01-14T08:27:52+01:00\",\"inLanguage\":\"fr-FR\",\"mainEntityOfPage\":{\"@id\":\"https:\\\/\\\/www.immo-invest.ch\\\/fr\\\/energiepreis-setzt-schlusspunkt-mit-klaren-zukunftssignalen\\\/#webpage\"},\"isPartOf\":{\"@id\":\"https:\\\/\\\/www.immo-invest.ch\\\/fr\\\/energiepreis-setzt-schlusspunkt-mit-klaren-zukunftssignalen\\\/#webpage\"},\"articleSection\":\"Associations, Durabilit\\u00e9, \\u00c9nergie, immoNews, Institutions &amp; Formation, Trends, Energieinnovation Schweiz, Immoinvest, immoNews, nachhaltige Energiesysteme, News, Watt d Or 2026, Facultatif\"},{\"@type\":\"BreadcrumbList\",\"@id\":\"https:\\\/\\\/www.immo-invest.ch\\\/fr\\\/energiepreis-setzt-schlusspunkt-mit-klaren-zukunftssignalen\\\/#breadcrumblist\",\"itemListElement\":[{\"@type\":\"ListItem\",\"@id\":\"https:\\\/\\\/www.immo-invest.ch\\\/fr\\\/#listItem\",\"position\":1,\"name\":\"Home\",\"item\":\"https:\\\/\\\/www.immo-invest.ch\\\/fr\\\/\",\"nextItem\":{\"@type\":\"ListItem\",\"@id\":\"https:\\\/\\\/www.immo-invest.ch\\\/fr\\\/categories\\\/trends-fr\\\/#listItem\",\"name\":\"Trends\"}},{\"@type\":\"ListItem\",\"@id\":\"https:\\\/\\\/www.immo-invest.ch\\\/fr\\\/categories\\\/trends-fr\\\/#listItem\",\"position\":2,\"name\":\"Trends\",\"item\":\"https:\\\/\\\/www.immo-invest.ch\\\/fr\\\/categories\\\/trends-fr\\\/\",\"nextItem\":{\"@type\":\"ListItem\",\"@id\":\"https:\\\/\\\/www.immo-invest.ch\\\/fr\\\/categories\\\/trends-fr\\\/durabilite\\\/#listItem\",\"name\":\"Durabilit\\u00e9\"},\"previousItem\":{\"@type\":\"ListItem\",\"@id\":\"https:\\\/\\\/www.immo-invest.ch\\\/fr\\\/#listItem\",\"name\":\"Home\"}},{\"@type\":\"ListItem\",\"@id\":\"https:\\\/\\\/www.immo-invest.ch\\\/fr\\\/categories\\\/trends-fr\\\/durabilite\\\/#listItem\",\"position\":3,\"name\":\"Durabilit\\u00e9\",\"item\":\"https:\\\/\\\/www.immo-invest.ch\\\/fr\\\/categories\\\/trends-fr\\\/durabilite\\\/\",\"nextItem\":{\"@type\":\"ListItem\",\"@id\":\"https:\\\/\\\/www.immo-invest.ch\\\/fr\\\/energiepreis-setzt-schlusspunkt-mit-klaren-zukunftssignalen\\\/#listItem\",\"name\":\"Le prix de l&rsquo;\\u00e9nergie met un point final avec des signaux clairs pour l&rsquo;avenir\"},\"previousItem\":{\"@type\":\"ListItem\",\"@id\":\"https:\\\/\\\/www.immo-invest.ch\\\/fr\\\/categories\\\/trends-fr\\\/#listItem\",\"name\":\"Trends\"}},{\"@type\":\"ListItem\",\"@id\":\"https:\\\/\\\/www.immo-invest.ch\\\/fr\\\/energiepreis-setzt-schlusspunkt-mit-klaren-zukunftssignalen\\\/#listItem\",\"position\":4,\"name\":\"Le prix de l&rsquo;\\u00e9nergie met un point final avec des signaux clairs pour l&rsquo;avenir\",\"previousItem\":{\"@type\":\"ListItem\",\"@id\":\"https:\\\/\\\/www.immo-invest.ch\\\/fr\\\/categories\\\/trends-fr\\\/durabilite\\\/#listItem\",\"name\":\"Durabilit\\u00e9\"}}]},{\"@type\":\"Organization\",\"@id\":\"https:\\\/\\\/www.immo-invest.ch\\\/fr\\\/#organization\",\"name\":\"immo!nvest - Die Plattform f\\u00fcr Standorte und Immobilien\",\"description\":\"Die\\u00a0Plattform f\\u00fcr Standorte und Immobilien\",\"url\":\"https:\\\/\\\/www.immo-invest.ch\\\/fr\\\/\",\"email\":\"admin@immomedia.ag\",\"telephone\":\"+41444420002\",\"logo\":{\"@type\":\"ImageObject\",\"url\":\"https:\\\/\\\/www.immo-invest.ch\\\/wp-content\\\/uploads\\\/2024\\\/09\\\/immoinvest_sm-scaled.jpg\",\"@id\":\"https:\\\/\\\/www.immo-invest.ch\\\/fr\\\/energiepreis-setzt-schlusspunkt-mit-klaren-zukunftssignalen\\\/#organizationLogo\",\"width\":2560,\"height\":1340},\"image\":{\"@id\":\"https:\\\/\\\/www.immo-invest.ch\\\/fr\\\/energiepreis-setzt-schlusspunkt-mit-klaren-zukunftssignalen\\\/#organizationLogo\"},\"sameAs\":[\"https:\\\/\\\/www.facebook.com\\\/people\\\/Immoinvest\\\/100077962920504\\\/\",\"https:\\\/\\\/x.com\\\/i\\\/flow\\\/login?redirect_after_login=immoinvest_ch\",\"https:\\\/\\\/www.instagram.com\\\/immoinvest_ch\\\/\",\"https:\\\/\\\/www.linkedin.com\\\/company\\\/immoinvest-swiss\"]},{\"@type\":\"Person\",\"@id\":\"https:\\\/\\\/www.immo-invest.ch\\\/fr\\\/author\\\/immovestuser\\\/#author\",\"url\":\"https:\\\/\\\/www.immo-invest.ch\\\/fr\\\/author\\\/immovestuser\\\/\",\"name\":\"immovestuser\",\"image\":{\"@type\":\"ImageObject\",\"@id\":\"https:\\\/\\\/www.immo-invest.ch\\\/fr\\\/energiepreis-setzt-schlusspunkt-mit-klaren-zukunftssignalen\\\/#authorImage\",\"url\":\"https:\\\/\\\/secure.gravatar.com\\\/avatar\\\/8e01f4d99f2eeea7a362ebb93305e1172a70e9293ba250f897a65c39f54cdd1e?s=96&d=mm&r=g\",\"width\":96,\"height\":96,\"caption\":\"immovestuser\"}},{\"@type\":\"WebPage\",\"@id\":\"https:\\\/\\\/www.immo-invest.ch\\\/fr\\\/energiepreis-setzt-schlusspunkt-mit-klaren-zukunftssignalen\\\/#webpage\",\"url\":\"https:\\\/\\\/www.immo-invest.ch\\\/fr\\\/energiepreis-setzt-schlusspunkt-mit-klaren-zukunftssignalen\\\/\",\"name\":\"Le prix de l\\u2019\\u00e9nergie met un point final avec des signaux clairs pour l\\u2019avenir - immo!nvest - Die Plattform f\\u00fcr Standorte und Immobilien\",\"description\":\"Pensimo Fondsleitung AG pr\\u00e9voit une augmentation de capital de 150 \\u00e0 200 millions de francs pour le Swissinvest Real Estate Fund en 2026. Cela permettra de rembourser les capitaux emprunt\\u00e9s pour l'acquisition de deux immeubles \\u00e0 Zurich.\",\"inLanguage\":\"fr-FR\",\"isPartOf\":{\"@id\":\"https:\\\/\\\/www.immo-invest.ch\\\/fr\\\/#website\"},\"breadcrumb\":{\"@id\":\"https:\\\/\\\/www.immo-invest.ch\\\/fr\\\/energiepreis-setzt-schlusspunkt-mit-klaren-zukunftssignalen\\\/#breadcrumblist\"},\"author\":{\"@id\":\"https:\\\/\\\/www.immo-invest.ch\\\/fr\\\/author\\\/immovestuser\\\/#author\"},\"creator\":{\"@id\":\"https:\\\/\\\/www.immo-invest.ch\\\/fr\\\/author\\\/immovestuser\\\/#author\"},\"image\":{\"@type\":\"ImageObject\",\"url\":\"https:\\\/\\\/www.immo-invest.ch\\\/wp-content\\\/uploads\\\/2025\\\/12\\\/banoviag_Realistic_Swiss_energy_innovation_showcase_combining_e63844ed-e3b0-45fa-a516-f3200256c772_1.png\",\"@id\":\"https:\\\/\\\/www.immo-invest.ch\\\/fr\\\/energiepreis-setzt-schlusspunkt-mit-klaren-zukunftssignalen\\\/#mainImage\",\"width\":1536,\"height\":768},\"primaryImageOfPage\":{\"@id\":\"https:\\\/\\\/www.immo-invest.ch\\\/fr\\\/energiepreis-setzt-schlusspunkt-mit-klaren-zukunftssignalen\\\/#mainImage\"},\"datePublished\":\"2026-01-15T08:20:00+01:00\",\"dateModified\":\"2026-01-14T08:27:52+01:00\"},{\"@type\":\"WebSite\",\"@id\":\"https:\\\/\\\/www.immo-invest.ch\\\/fr\\\/#website\",\"url\":\"https:\\\/\\\/www.immo-invest.ch\\\/fr\\\/\",\"name\":\"immo!nvest - Die Plattform f\\u00fcr Standorte und Immobilien\",\"description\":\"Die\\u00a0Plattform f\\u00fcr Standorte und Immobilien\",\"inLanguage\":\"fr-FR\",\"publisher\":{\"@id\":\"https:\\\/\\\/www.immo-invest.ch\\\/fr\\\/#organization\"}}]}\n\t\t<\/script>\n\t\t<!-- All in One SEO -->\n\n","aioseo_head_json":{"title":"Le prix de l\u2019\u00e9nergie met un point final avec des signaux clairs pour l\u2019avenir - immo!nvest - Die Plattform f\u00fcr Standorte und Immobilien","description":"Pensimo Fondsleitung AG pr\u00e9voit une augmentation de capital de 150 \u00e0 200 millions de francs pour le Swissinvest Real Estate Fund en 2026. Cela permettra de rembourser les capitaux emprunt\u00e9s pour l'acquisition de deux immeubles \u00e0 Zurich.","canonical_url":"https:\/\/www.immo-invest.ch\/fr\/energiepreis-setzt-schlusspunkt-mit-klaren-zukunftssignalen\/","robots":"max-image-preview:large","keywords":"","webmasterTools":{"google-site-verification":"fHJKvgWpZCR2zVBHWfkQeFXC11qieUSff0HGNYfuyLA","miscellaneous":""},"schema":{"@context":"https:\/\/schema.org","@graph":[{"@type":"BlogPosting","@id":"https:\/\/www.immo-invest.ch\/fr\/energiepreis-setzt-schlusspunkt-mit-klaren-zukunftssignalen\/#blogposting","name":"Le prix de l\u2019\u00e9nergie met un point final avec des signaux clairs pour l\u2019avenir - immo!nvest - Die Plattform f\u00fcr Standorte und Immobilien","headline":"Le prix de l&rsquo;\u00e9nergie met un point final avec des signaux clairs pour l&rsquo;avenir","author":{"@id":"https:\/\/www.immo-invest.ch\/fr\/author\/immovestuser\/#author"},"publisher":{"@id":"https:\/\/www.immo-invest.ch\/fr\/#organization"},"image":{"@type":"ImageObject","url":"https:\/\/www.immo-invest.ch\/wp-content\/uploads\/2025\/12\/banoviag_Realistic_Swiss_energy_innovation_showcase_combining_e63844ed-e3b0-45fa-a516-f3200256c772_1.png","width":1536,"height":768},"datePublished":"2026-01-15T08:20:00+01:00","dateModified":"2026-01-14T08:27:52+01:00","inLanguage":"fr-FR","mainEntityOfPage":{"@id":"https:\/\/www.immo-invest.ch\/fr\/energiepreis-setzt-schlusspunkt-mit-klaren-zukunftssignalen\/#webpage"},"isPartOf":{"@id":"https:\/\/www.immo-invest.ch\/fr\/energiepreis-setzt-schlusspunkt-mit-klaren-zukunftssignalen\/#webpage"},"articleSection":"Associations, Durabilit\u00e9, \u00c9nergie, immoNews, Institutions &amp; Formation, Trends, Energieinnovation Schweiz, Immoinvest, immoNews, nachhaltige Energiesysteme, News, Watt d Or 2026, Facultatif"},{"@type":"BreadcrumbList","@id":"https:\/\/www.immo-invest.ch\/fr\/energiepreis-setzt-schlusspunkt-mit-klaren-zukunftssignalen\/#breadcrumblist","itemListElement":[{"@type":"ListItem","@id":"https:\/\/www.immo-invest.ch\/fr\/#listItem","position":1,"name":"Home","item":"https:\/\/www.immo-invest.ch\/fr\/","nextItem":{"@type":"ListItem","@id":"https:\/\/www.immo-invest.ch\/fr\/categories\/trends-fr\/#listItem","name":"Trends"}},{"@type":"ListItem","@id":"https:\/\/www.immo-invest.ch\/fr\/categories\/trends-fr\/#listItem","position":2,"name":"Trends","item":"https:\/\/www.immo-invest.ch\/fr\/categories\/trends-fr\/","nextItem":{"@type":"ListItem","@id":"https:\/\/www.immo-invest.ch\/fr\/categories\/trends-fr\/durabilite\/#listItem","name":"Durabilit\u00e9"},"previousItem":{"@type":"ListItem","@id":"https:\/\/www.immo-invest.ch\/fr\/#listItem","name":"Home"}},{"@type":"ListItem","@id":"https:\/\/www.immo-invest.ch\/fr\/categories\/trends-fr\/durabilite\/#listItem","position":3,"name":"Durabilit\u00e9","item":"https:\/\/www.immo-invest.ch\/fr\/categories\/trends-fr\/durabilite\/","nextItem":{"@type":"ListItem","@id":"https:\/\/www.immo-invest.ch\/fr\/energiepreis-setzt-schlusspunkt-mit-klaren-zukunftssignalen\/#listItem","name":"Le prix de l&rsquo;\u00e9nergie met un point final avec des signaux clairs pour l&rsquo;avenir"},"previousItem":{"@type":"ListItem","@id":"https:\/\/www.immo-invest.ch\/fr\/categories\/trends-fr\/#listItem","name":"Trends"}},{"@type":"ListItem","@id":"https:\/\/www.immo-invest.ch\/fr\/energiepreis-setzt-schlusspunkt-mit-klaren-zukunftssignalen\/#listItem","position":4,"name":"Le prix de l&rsquo;\u00e9nergie met un point final avec des signaux clairs pour l&rsquo;avenir","previousItem":{"@type":"ListItem","@id":"https:\/\/www.immo-invest.ch\/fr\/categories\/trends-fr\/durabilite\/#listItem","name":"Durabilit\u00e9"}}]},{"@type":"Organization","@id":"https:\/\/www.immo-invest.ch\/fr\/#organization","name":"immo!nvest - Die Plattform f\u00fcr Standorte und Immobilien","description":"Die\u00a0Plattform f\u00fcr Standorte und Immobilien","url":"https:\/\/www.immo-invest.ch\/fr\/","email":"admin@immomedia.ag","telephone":"+41444420002","logo":{"@type":"ImageObject","url":"https:\/\/www.immo-invest.ch\/wp-content\/uploads\/2024\/09\/immoinvest_sm-scaled.jpg","@id":"https:\/\/www.immo-invest.ch\/fr\/energiepreis-setzt-schlusspunkt-mit-klaren-zukunftssignalen\/#organizationLogo","width":2560,"height":1340},"image":{"@id":"https:\/\/www.immo-invest.ch\/fr\/energiepreis-setzt-schlusspunkt-mit-klaren-zukunftssignalen\/#organizationLogo"},"sameAs":["https:\/\/www.facebook.com\/people\/Immoinvest\/100077962920504\/","https:\/\/x.com\/i\/flow\/login?redirect_after_login=immoinvest_ch","https:\/\/www.instagram.com\/immoinvest_ch\/","https:\/\/www.linkedin.com\/company\/immoinvest-swiss"]},{"@type":"Person","@id":"https:\/\/www.immo-invest.ch\/fr\/author\/immovestuser\/#author","url":"https:\/\/www.immo-invest.ch\/fr\/author\/immovestuser\/","name":"immovestuser","image":{"@type":"ImageObject","@id":"https:\/\/www.immo-invest.ch\/fr\/energiepreis-setzt-schlusspunkt-mit-klaren-zukunftssignalen\/#authorImage","url":"https:\/\/secure.gravatar.com\/avatar\/8e01f4d99f2eeea7a362ebb93305e1172a70e9293ba250f897a65c39f54cdd1e?s=96&d=mm&r=g","width":96,"height":96,"caption":"immovestuser"}},{"@type":"WebPage","@id":"https:\/\/www.immo-invest.ch\/fr\/energiepreis-setzt-schlusspunkt-mit-klaren-zukunftssignalen\/#webpage","url":"https:\/\/www.immo-invest.ch\/fr\/energiepreis-setzt-schlusspunkt-mit-klaren-zukunftssignalen\/","name":"Le prix de l\u2019\u00e9nergie met un point final avec des signaux clairs pour l\u2019avenir - immo!nvest - Die Plattform f\u00fcr Standorte und Immobilien","description":"Pensimo Fondsleitung AG pr\u00e9voit une augmentation de capital de 150 \u00e0 200 millions de francs pour le Swissinvest Real Estate Fund en 2026. Cela permettra de rembourser les capitaux emprunt\u00e9s pour l'acquisition de deux immeubles \u00e0 Zurich.","inLanguage":"fr-FR","isPartOf":{"@id":"https:\/\/www.immo-invest.ch\/fr\/#website"},"breadcrumb":{"@id":"https:\/\/www.immo-invest.ch\/fr\/energiepreis-setzt-schlusspunkt-mit-klaren-zukunftssignalen\/#breadcrumblist"},"author":{"@id":"https:\/\/www.immo-invest.ch\/fr\/author\/immovestuser\/#author"},"creator":{"@id":"https:\/\/www.immo-invest.ch\/fr\/author\/immovestuser\/#author"},"image":{"@type":"ImageObject","url":"https:\/\/www.immo-invest.ch\/wp-content\/uploads\/2025\/12\/banoviag_Realistic_Swiss_energy_innovation_showcase_combining_e63844ed-e3b0-45fa-a516-f3200256c772_1.png","@id":"https:\/\/www.immo-invest.ch\/fr\/energiepreis-setzt-schlusspunkt-mit-klaren-zukunftssignalen\/#mainImage","width":1536,"height":768},"primaryImageOfPage":{"@id":"https:\/\/www.immo-invest.ch\/fr\/energiepreis-setzt-schlusspunkt-mit-klaren-zukunftssignalen\/#mainImage"},"datePublished":"2026-01-15T08:20:00+01:00","dateModified":"2026-01-14T08:27:52+01:00"},{"@type":"WebSite","@id":"https:\/\/www.immo-invest.ch\/fr\/#website","url":"https:\/\/www.immo-invest.ch\/fr\/","name":"immo!nvest - Die Plattform f\u00fcr Standorte und Immobilien","description":"Die\u00a0Plattform f\u00fcr Standorte und Immobilien","inLanguage":"fr-FR","publisher":{"@id":"https:\/\/www.immo-invest.ch\/fr\/#organization"}}]},"og:locale":"fr_FR","og:site_name":"immo!nvest - Die Plattform f\u00fcr Standorte und Immobilien - Die\u00a0Plattform f\u00fcr Standorte und Immobilien","og:type":"article","og:title":"Le prix de l\u2019\u00e9nergie met un point final avec des signaux clairs pour l\u2019avenir - immo!nvest - Die Plattform f\u00fcr Standorte und Immobilien","og:description":"Pensimo Fondsleitung AG pr\u00e9voit une augmentation de capital de 150 \u00e0 200 millions de francs pour le Swissinvest Real Estate Fund en 2026. Cela permettra de rembourser les capitaux emprunt\u00e9s pour l'acquisition de deux immeubles \u00e0 Zurich.","og:url":"https:\/\/www.immo-invest.ch\/fr\/energiepreis-setzt-schlusspunkt-mit-klaren-zukunftssignalen\/","og:image":"https:\/\/www.immo-invest.ch\/wp-content\/uploads\/2025\/12\/banoviag_Realistic_Swiss_energy_innovation_showcase_combining_e63844ed-e3b0-45fa-a516-f3200256c772_1.png","og:image:secure_url":"https:\/\/www.immo-invest.ch\/wp-content\/uploads\/2025\/12\/banoviag_Realistic_Swiss_energy_innovation_showcase_combining_e63844ed-e3b0-45fa-a516-f3200256c772_1.png","og:image:width":1536,"og:image:height":768,"article:published_time":"2026-01-15T07:20:00+00:00","article:modified_time":"2026-01-14T07:27:52+00:00","article:publisher":"https:\/\/www.facebook.com\/people\/Immoinvest\/100077962920504\/","twitter:card":"summary_large_image","twitter:site":"@i","twitter:title":"Le prix de l\u2019\u00e9nergie met un point final avec des signaux clairs pour l\u2019avenir - immo!nvest - Die Plattform f\u00fcr Standorte und Immobilien","twitter:description":"Pensimo Fondsleitung AG pr\u00e9voit une augmentation de capital de 150 \u00e0 200 millions de francs pour le Swissinvest Real Estate Fund en 2026. Cela permettra de rembourser les capitaux emprunt\u00e9s pour l'acquisition de deux immeubles \u00e0 Zurich.","twitter:creator":"@i","twitter:image":"https:\/\/www.immo-invest.ch\/wp-content\/uploads\/2025\/12\/banoviag_Realistic_Swiss_energy_innovation_showcase_combining_e63844ed-e3b0-45fa-a516-f3200256c772_1.png"},"aioseo_meta_data":{"post_id":"147083","title":null,"description":null,"keywords":null,"keyphrases":{"focus":{"keyphrase":"","score":0,"analysis":{"keyphraseInTitle":{"score":0,"maxScore":9,"error":1}}},"additional":[]},"primary_term":null,"canonical_url":null,"og_title":null,"og_description":null,"og_object_type":"default","og_image_type":"default","og_image_url":null,"og_image_width":null,"og_image_height":null,"og_image_custom_url":null,"og_image_custom_fields":null,"og_video":"","og_custom_url":null,"og_article_section":null,"og_article_tags":null,"twitter_use_og":false,"twitter_card":"default","twitter_image_type":"default","twitter_image_url":null,"twitter_image_custom_url":null,"twitter_image_custom_fields":null,"twitter_title":null,"twitter_description":null,"schema":{"blockGraphs":[],"customGraphs":[],"default":{"data":{"Article":[],"Course":[],"Dataset":[],"FAQPage":[],"Movie":[],"Person":[],"Product":[],"ProductReview":[],"Car":[],"Recipe":[],"Service":[],"SoftwareApplication":[],"WebPage":[]},"graphName":"BlogPosting","isEnabled":true},"graphs":[]},"schema_type":"default","schema_type_options":null,"pillar_content":false,"robots_default":true,"robots_noindex":false,"robots_noarchive":false,"robots_nosnippet":false,"robots_nofollow":false,"robots_noimageindex":false,"robots_noodp":false,"robots_notranslate":false,"robots_max_snippet":"-1","robots_max_videopreview":"-1","robots_max_imagepreview":"large","priority":null,"frequency":"default","local_seo":null,"breadcrumb_settings":null,"limit_modified_date":false,"ai":{"faqs":[],"keyPoints":[],"titles":[],"descriptions":[],"socialPosts":{"email":[],"linkedin":[],"twitter":[],"facebook":[],"instagram":[]}},"created":"2026-01-14 07:27:54","updated":"2026-01-15 07:39:29","seo_analyzer_scan_date":null,"focus_keyword":null,"additional_keywords":null,"truseo_locale":null},"aioseo_breadcrumb":"<div class=\"aioseo-breadcrumbs\"><span class=\"aioseo-breadcrumb\">\n\t\t\t<a href=\"https:\/\/www.immo-invest.ch\/fr\/\" title=\"Home\">Home<\/a>\n\t\t<\/span><span class=\"aioseo-breadcrumb-separator\">&raquo;<\/span><span class=\"aioseo-breadcrumb\">\n\t\t\t<a href=\"https:\/\/www.immo-invest.ch\/fr\/categories\/trends-fr\/\" title=\"Trends\">Trends<\/a>\n\t\t<\/span><span class=\"aioseo-breadcrumb-separator\">&raquo;<\/span><span class=\"aioseo-breadcrumb\">\n\t\t\t<a href=\"https:\/\/www.immo-invest.ch\/fr\/categories\/trends-fr\/durabilite\/\" title=\"Durabilit\u00e9\">Durabilit\u00e9<\/a>\n\t\t<\/span><span class=\"aioseo-breadcrumb-separator\">&raquo;<\/span><span class=\"aioseo-breadcrumb\">\n\t\t\tLe prix de l\u2019\u00e9nergie met un point final avec des signaux clairs pour l\u2019avenir\n\t\t<\/span><\/div>","aioseo_breadcrumb_json":[{"label":"Home","link":"https:\/\/www.immo-invest.ch\/fr\/"},{"label":"Trends","link":"https:\/\/www.immo-invest.ch\/fr\/categories\/trends-fr\/"},{"label":"Durabilit\u00e9","link":"https:\/\/www.immo-invest.ch\/fr\/categories\/trends-fr\/durabilite\/"},{"label":"Le prix de l&rsquo;\u00e9nergie met un point final avec des signaux clairs pour l&rsquo;avenir","link":"https:\/\/www.immo-invest.ch\/fr\/energiepreis-setzt-schlusspunkt-mit-klaren-zukunftssignalen\/"}],"featured_image_src":"https:\/\/www.immo-invest.ch\/wp-content\/uploads\/2025\/12\/banoviag_Realistic_Swiss_energy_innovation_showcase_combining_e63844ed-e3b0-45fa-a516-f3200256c772_1-336x168.png","_links":{"self":[{"href":"https:\/\/www.immo-invest.ch\/fr\/wp-json\/wp\/v2\/posts\/147083","targetHints":{"allow":["GET"]}}],"collection":[{"href":"https:\/\/www.immo-invest.ch\/fr\/wp-json\/wp\/v2\/posts"}],"about":[{"href":"https:\/\/www.immo-invest.ch\/fr\/wp-json\/wp\/v2\/types\/post"}],"author":[{"embeddable":true,"href":"https:\/\/www.immo-invest.ch\/fr\/wp-json\/wp\/v2\/users\/2"}],"replies":[{"embeddable":true,"href":"https:\/\/www.immo-invest.ch\/fr\/wp-json\/wp\/v2\/comments?post=147083"}],"version-history":[{"count":2,"href":"https:\/\/www.immo-invest.ch\/fr\/wp-json\/wp\/v2\/posts\/147083\/revisions"}],"predecessor-version":[{"id":147091,"href":"https:\/\/www.immo-invest.ch\/fr\/wp-json\/wp\/v2\/posts\/147083\/revisions\/147091"}],"wp:featuredmedia":[{"embeddable":true,"href":"https:\/\/www.immo-invest.ch\/fr\/wp-json\/wp\/v2\/media\/147084"}],"wp:attachment":[{"href":"https:\/\/www.immo-invest.ch\/fr\/wp-json\/wp\/v2\/media?parent=147083"}],"wp:term":[{"taxonomy":"category","embeddable":true,"href":"https:\/\/www.immo-invest.ch\/fr\/wp-json\/wp\/v2\/categories?post=147083"},{"taxonomy":"post_tag","embeddable":true,"href":"https:\/\/www.immo-invest.ch\/fr\/wp-json\/wp\/v2\/tags?post=147083"}],"curies":[{"name":"wp","href":"https:\/\/api.w.org\/{rel}","templated":true}]}}