{"id":147055,"date":"2026-01-13T15:19:16","date_gmt":"2026-01-13T14:19:16","guid":{"rendered":"https:\/\/www.immo-invest.ch\/watt-dor-letzte-ausgabe-eines-energiepreises\/"},"modified":"2026-01-13T15:30:53","modified_gmt":"2026-01-13T14:30:53","slug":"watt-dor-letzte-ausgabe-eines-energiepreises","status":"publish","type":"post","link":"https:\/\/www.immo-invest.ch\/fr\/watt-dor-letzte-ausgabe-eines-energiepreises\/","title":{"rendered":"Watt d&rsquo;Or derni\u00e8re \u00e9dition d&rsquo;un prix de l&rsquo;\u00e9nergie"},"content":{"rendered":"<p class=\"wp-block-paragraph\">L&rsquo;Office f&eacute;d&eacute;ral de l&rsquo;&eacute;nergie a d&eacute;cern&eacute; le Watt d&rsquo;Or pour la dix-neuvi&egrave;me et derni&egrave;re fois le 8 janvier 2026. Le prix &eacute;tait d&eacute;cern&eacute; depuis 2007 en tant que label de qualit&eacute; non dot&eacute; pour l&rsquo;excellence &eacute;nerg&eacute;tique. L&rsquo;objectif &eacute;tait de rendre visibles les performances exceptionnelles dans le domaine de l&rsquo;&eacute;nergie et d&rsquo;inciter l&rsquo;&eacute;conomie, la politique et le public &agrave; adopter des technologies &eacute;nerg&eacute;tiques innovantes. Pour l&rsquo;&eacute;dition 2026, 55 candidatures ont &eacute;t&eacute; re&ccedil;ues et 17 projets ont &eacute;t&eacute; retenus pour la phase finale, parmi lesquels le jury, pr&eacute;sid&eacute; par la conseill&egrave;re nationale Susanne Vincenz-Stauffacher, a s&eacute;lectionn&eacute; les quatre projets gagnants.<\/p>\n\n\n\n<p class=\"wp-block-paragraph\"><strong>Gaznat <span class=\"glossaryLink\" aria-describedby=\"tt\" data-cmtooltip=\"&lt;div class=glossaryItemTitle&gt;Innovation&lt;\/div&gt;&lt;div class=glossaryItemBody&gt;Innovation in der heutigen Immobilienwelt bedeutet vor allem Digitalisierung von Prozessen. Zum Beispiel das Eliminieren von Tausenden von Excel-Bl&auml;ttern f&uuml;r Portfolio- und Asset-Manager oder das Erstellen einer Anwendung (App) f&uuml;r alle Formalit&auml;ten rund um die Beziehung zwischen Immobilieneigent&uuml;mern, - verwaltung und -mietern.&lt;\/div&gt;\" data-mobile-support=\"0\" data-gt-translate-attributes='[{\"attribute\":\"data-cmtooltip\", \"format\":\"html\"}]' tabindex=\"0\" role=\"link\">Innovation<\/span> Lab &laquo;&nbsp;GreenGas<\/strong>&laquo;&nbsp;<strong><br><\/strong>Dans la cat&eacute;gorie Technologies &eacute;nerg&eacute;tiques, c&rsquo;est l&rsquo;<span class=\"glossaryLink\" aria-describedby=\"tt\" data-cmtooltip=\"&lt;div class=glossaryItemTitle&gt;Innovation&lt;\/div&gt;&lt;div class=glossaryItemBody&gt;Innovation in der heutigen Immobilienwelt bedeutet vor allem Digitalisierung von Prozessen. Zum Beispiel das Eliminieren von Tausenden von Excel-Bl&auml;ttern f&uuml;r Portfolio- und Asset-Manager oder das Erstellen einer Anwendung (App) f&uuml;r alle Formalit&auml;ten rund um die Beziehung zwischen Immobilieneigent&uuml;mern, - verwaltung und -mietern.&lt;\/div&gt;\" data-mobile-support=\"0\" data-gt-translate-attributes='[{\"attribute\":\"data-cmtooltip\", \"format\":\"html\"}]' tabindex=\"0\" role=\"link\">Innovation<\/span> Lab de Gaznat &agrave; Aigle, o&ugrave; l&rsquo;entreprise de distribution de gaz teste, en collaboration avec l&rsquo;EPFL et des start-up, des technologies de couplage sectoriel, de d&eacute;carbonisation et de stockage saisonnier &agrave; l&rsquo;&eacute;chelle industrielle, qui remporte le prix. Sur le site d&rsquo;Aigle, le concept GreenGas r&eacute;unit notamment le CCF, le photovolta&iuml;que, le power-to-gas (&eacute;lectrolyse), le stockage d&rsquo;hydrog&egrave;ne, la capture du CO&#8322;, la m&eacute;thanisation et le r&eacute;seau gazier r&eacute;el de Gaznat, jetant ainsi un pont entre la recherche et l&rsquo;application industrielle.<\/p>\n\n\n\n<p class=\"wp-block-paragraph\"><strong>Endigo avec une fa&ccedil;ade PV alpine<br><\/strong>Dans la cat&eacute;gorie des &eacute;nergies renouvelables, endigo Holding AG de Fiesch est r&eacute;compens&eacute;e pour avoir r&eacute;alis&eacute; une installation solaire alpine en fa&ccedil;ade au nouveau si&egrave;ge de l&rsquo;entreprise dans la vall&eacute;e de Conches. La construction l&eacute;g&egrave;re en bois avec fa&ccedil;ade &agrave; lamelles allie la qualit&eacute; architecturale &agrave; une solution PV qui utilise le potentiel de lumi&egrave;re et de r&eacute;flexion alpin existant et symbolise l&rsquo;orientation &eacute;nerg&eacute;tique d&rsquo;endigo, ancr&eacute;e dans la r&eacute;gion, proche de la nature et orient&eacute;e vers l&rsquo;avenir.<\/p>\n\n\n\n<p class=\"wp-block-paragraph\"><strong>Tracteur &eacute;lectrique de Rigitrac<br><\/strong>Le prix de la mobilit&eacute; &eacute;nerg&eacute;tiquement efficace a &eacute;t&eacute; d&eacute;cern&eacute; &agrave; Rigitrac Traktorenbau AG de K&uuml;ssnacht am Rigi pour son tracteur &eacute;lectrique SKE 40 e-direct, le premier tracteur &eacute;lectrique pr&ecirc;t pour la production en s&eacute;rie avec une homologation europ&eacute;enne. Le v&eacute;hicule est exempt d&rsquo;&eacute;missions, silencieux, maniable et particuli&egrave;rement efficace sur le plan &eacute;nerg&eacute;tique, ce qui le rend id&eacute;al pour les applications o&ugrave; les gaz d&rsquo;&eacute;chappement et le bruit ne sont pas souhait&eacute;s. Par exemple dans l&rsquo;entretien communal, dans les tunnels mara&icirc;chers ou lors de manifestations sportives en salle.<\/p>\n\n\n\n<p class=\"wp-block-paragraph\"><strong>B&acirc;timent et espace<br><\/strong>Dans la cat&eacute;gorie B&acirc;timent et espace, c&rsquo;est le site Hobelwerk &agrave; Oberwinterthur, d&eacute;velopp&eacute; par la coop&eacute;rative de construction &laquo;&nbsp;mehr als wohnen&nbsp;&raquo;, Lemon Consult AG et le Low-Tech Lab avec d&rsquo;autres partenaires, qui a &eacute;t&eacute; r&eacute;compens&eacute;. Ce <span class=\"glossaryLink\" aria-describedby=\"tt\" data-cmtooltip=\"&lt;div class=glossaryItemTitle&gt;Quartier&lt;\/div&gt;&lt;div class=glossaryItemBody&gt;Amtliches, historisches, soziales oder stadtplanerisches Stadtviertel&lt;\/div&gt;\" data-mobile-support=\"0\" data-gt-translate-attributes='[{\"attribute\":\"data-cmtooltip\", \"format\":\"html\"}]' tabindex=\"0\" role=\"link\">quartier<\/span> convainc par sa construction en bois, l&rsquo;utilisation de mat&eacute;riaux r&eacute;utilisables, des syst&egrave;mes &eacute;nerg&eacute;tiques intelligents, un concept de ventilation innovant, une architecture orient&eacute;e sur le climat et la diversit&eacute; sociale. Il est consid&eacute;r&eacute; comme un mod&egrave;le de construction de logements d&rsquo;utilit&eacute; publique tourn&eacute;e vers l&rsquo;avenir en Suisse.<\/p>\n","protected":false},"excerpt":{"rendered":"<p>Le Watt d&rsquo;Or 2026 met un point final et montre en m\u00eame temps clairement vers quoi se dirige l&rsquo;avenir \u00e9nerg\u00e9tique de la Suisse. Le couplage des secteurs, l&rsquo;\u00e9nergie solaire alpine, la mobilit\u00e9 \u00e9lectrifi\u00e9e et les quartiers ax\u00e9s sur le cycle de vie sont au centre des pr\u00e9occupations.<\/p>\n","protected":false},"author":2,"featured_media":147056,"comment_status":"open","ping_status":"open","sticky":false,"template":"","format":"standard","meta":{"pmpro_default_level":"","inline_featured_image":false,"_monsterinsights_skip_tracking":false,"footnotes":""},"categories":[55982,22699,8747,55976,22303,22438],"tags":[56457,872,3931,56458,2002,56459],"class_list":["post-147055","post","type-post","status-publish","format-standard","has-post-thumbnail","hentry","category-associations","category-durabilite","category-energie","category-institutions-formation","category-suisse","category-trends-fr","tag-energieinnovation-schweiz","tag-immoinvest-fr","tag-immonews-fr","tag-nachhaltige-energiesysteme","tag-news-fr","tag-watt-d-or-2026","pmpro-has-access"],"acf":{"bild_mit_ki_erstellt_worden":"","lead":"Le Watt d'Or 2026 met un point final et montre en m\u00eame temps clairement vers quoi se dirige l'avenir \u00e9nerg\u00e9tique de la Suisse. Le couplage des secteurs, l'\u00e9nergie solaire alpine, la mobilit\u00e9 \u00e9lectrifi\u00e9e et les quartiers ax\u00e9s sur le cycle de vie sont au centre des pr\u00e9occupations.","autor":"Quelle Bahnonline","ort":"","bildunterschrift":"","bild_im_grid":false,"gallerie":"","newsim":""},"aioseo_notices":[],"aioseo_head":"\n\t\t<!-- All in One SEO 5.0.0.1 - aioseo.com -->\n\t<meta name=\"description\" content=\"Le Watt d&#039;Or 2026 met un point final et montre en m\u00eame temps clairement vers quoi se dirige l&#039;avenir \u00e9nerg\u00e9tique de la Suisse. Le couplage des secteurs, l&#039;\u00e9nergie solaire alpine, la mobilit\u00e9 \u00e9lectrifi\u00e9e et les quartiers ax\u00e9s sur le cycle de vie sont au centre des pr\u00e9occupations.\" \/>\n\t<meta name=\"robots\" content=\"max-image-preview:large\" \/>\n\t<meta name=\"author\" content=\"immovestuser\"\/>\n\t<meta name=\"google-site-verification\" content=\"fHJKvgWpZCR2zVBHWfkQeFXC11qieUSff0HGNYfuyLA\" \/>\n\t<link rel=\"canonical\" href=\"https:\/\/www.immo-invest.ch\/fr\/watt-dor-letzte-ausgabe-eines-energiepreises\/\" \/>\n\t<meta name=\"generator\" content=\"All in One SEO (AIOSEO) 5.0.0.1\" \/>\n\t\t<meta property=\"og:locale\" content=\"fr_FR\" \/>\n\t\t<meta property=\"og:site_name\" content=\"immo!nvest - Die Plattform f\u00fcr Standorte und Immobilien - Die\u00a0Plattform f\u00fcr Standorte und Immobilien\" \/>\n\t\t<meta property=\"og:type\" content=\"article\" \/>\n\t\t<meta property=\"og:title\" content=\"Watt d\u2019Or derni\u00e8re \u00e9dition d\u2019un prix de l\u2019\u00e9nergie - immo!nvest - Die Plattform f\u00fcr Standorte und Immobilien\" \/>\n\t\t<meta property=\"og:description\" content=\"Le Watt d&#039;Or 2026 met un point final et montre en m\u00eame temps clairement vers quoi se dirige l&#039;avenir \u00e9nerg\u00e9tique de la Suisse. Le couplage des secteurs, l&#039;\u00e9nergie solaire alpine, la mobilit\u00e9 \u00e9lectrifi\u00e9e et les quartiers ax\u00e9s sur le cycle de vie sont au centre des pr\u00e9occupations.\" \/>\n\t\t<meta property=\"og:url\" content=\"https:\/\/www.immo-invest.ch\/fr\/watt-dor-letzte-ausgabe-eines-energiepreises\/\" \/>\n\t\t<meta property=\"og:image\" content=\"https:\/\/www.immo-invest.ch\/wp-content\/uploads\/2026\/01\/watt-dor.jpg\" \/>\n\t\t<meta property=\"og:image:secure_url\" content=\"https:\/\/www.immo-invest.ch\/wp-content\/uploads\/2026\/01\/watt-dor.jpg\" \/>\n\t\t<meta property=\"og:image:width\" content=\"1410\" \/>\n\t\t<meta property=\"og:image:height\" content=\"940\" \/>\n\t\t<meta property=\"article:published_time\" content=\"2026-01-13T14:19:16+00:00\" \/>\n\t\t<meta property=\"article:modified_time\" content=\"2026-01-13T14:30:53+00:00\" \/>\n\t\t<meta property=\"article:publisher\" content=\"https:\/\/www.facebook.com\/people\/Immoinvest\/100077962920504\/\" \/>\n\t\t<meta name=\"twitter:card\" content=\"summary_large_image\" \/>\n\t\t<meta name=\"twitter:site\" content=\"@i\" \/>\n\t\t<meta name=\"twitter:title\" content=\"Watt d\u2019Or derni\u00e8re \u00e9dition d\u2019un prix de l\u2019\u00e9nergie - immo!nvest - Die Plattform f\u00fcr Standorte und Immobilien\" \/>\n\t\t<meta name=\"twitter:description\" content=\"Le Watt d&#039;Or 2026 met un point final et montre en m\u00eame temps clairement vers quoi se dirige l&#039;avenir \u00e9nerg\u00e9tique de la Suisse. Le couplage des secteurs, l&#039;\u00e9nergie solaire alpine, la mobilit\u00e9 \u00e9lectrifi\u00e9e et les quartiers ax\u00e9s sur le cycle de vie sont au centre des pr\u00e9occupations.\" \/>\n\t\t<meta name=\"twitter:creator\" content=\"@i\" \/>\n\t\t<meta name=\"twitter:image\" content=\"https:\/\/www.immo-invest.ch\/wp-content\/uploads\/2026\/01\/watt-dor.jpg\" \/>\n\t\t<script type=\"application\/ld+json\" class=\"aioseo-schema\">\n\t\t\t{\"@context\":\"https:\\\/\\\/schema.org\",\"@graph\":[{\"@type\":\"BlogPosting\",\"@id\":\"https:\\\/\\\/www.immo-invest.ch\\\/fr\\\/watt-dor-letzte-ausgabe-eines-energiepreises\\\/#blogposting\",\"name\":\"Watt d\\u2019Or derni\\u00e8re \\u00e9dition d\\u2019un prix de l\\u2019\\u00e9nergie - immo!nvest - Die Plattform f\\u00fcr Standorte und Immobilien\",\"headline\":\"Watt d&rsquo;Or derni\\u00e8re \\u00e9dition d&rsquo;un prix de l&rsquo;\\u00e9nergie\",\"author\":{\"@id\":\"https:\\\/\\\/www.immo-invest.ch\\\/fr\\\/author\\\/immovestuser\\\/#author\"},\"publisher\":{\"@id\":\"https:\\\/\\\/www.immo-invest.ch\\\/fr\\\/#organization\"},\"image\":{\"@type\":\"ImageObject\",\"url\":\"https:\\\/\\\/www.immo-invest.ch\\\/wp-content\\\/uploads\\\/2026\\\/01\\\/watt-dor.jpg\",\"width\":1410,\"height\":940},\"datePublished\":\"2026-01-13T15:19:16+01:00\",\"dateModified\":\"2026-01-13T15:30:53+01:00\",\"inLanguage\":\"fr-FR\",\"mainEntityOfPage\":{\"@id\":\"https:\\\/\\\/www.immo-invest.ch\\\/fr\\\/watt-dor-letzte-ausgabe-eines-energiepreises\\\/#webpage\"},\"isPartOf\":{\"@id\":\"https:\\\/\\\/www.immo-invest.ch\\\/fr\\\/watt-dor-letzte-ausgabe-eines-energiepreises\\\/#webpage\"},\"articleSection\":\"Associations, Durabilit\\u00e9, \\u00c9nergie, Institutions &amp; Formation, Suisse, Trends, Energieinnovation Schweiz, Immoinvest, immoNews, nachhaltige Energiesysteme, News, Watt d Or 2026, Facultatif\"},{\"@type\":\"BreadcrumbList\",\"@id\":\"https:\\\/\\\/www.immo-invest.ch\\\/fr\\\/watt-dor-letzte-ausgabe-eines-energiepreises\\\/#breadcrumblist\",\"itemListElement\":[{\"@type\":\"ListItem\",\"@id\":\"https:\\\/\\\/www.immo-invest.ch\\\/fr\\\/#listItem\",\"position\":1,\"name\":\"Home\",\"item\":\"https:\\\/\\\/www.immo-invest.ch\\\/fr\\\/\",\"nextItem\":{\"@type\":\"ListItem\",\"@id\":\"https:\\\/\\\/www.immo-invest.ch\\\/fr\\\/categories\\\/regions\\\/#listItem\",\"name\":\"R\\u00e9gions\"}},{\"@type\":\"ListItem\",\"@id\":\"https:\\\/\\\/www.immo-invest.ch\\\/fr\\\/categories\\\/regions\\\/#listItem\",\"position\":2,\"name\":\"R\\u00e9gions\",\"item\":\"https:\\\/\\\/www.immo-invest.ch\\\/fr\\\/categories\\\/regions\\\/\",\"nextItem\":{\"@type\":\"ListItem\",\"@id\":\"https:\\\/\\\/www.immo-invest.ch\\\/fr\\\/categories\\\/regions\\\/suisse\\\/#listItem\",\"name\":\"Suisse\"},\"previousItem\":{\"@type\":\"ListItem\",\"@id\":\"https:\\\/\\\/www.immo-invest.ch\\\/fr\\\/#listItem\",\"name\":\"Home\"}},{\"@type\":\"ListItem\",\"@id\":\"https:\\\/\\\/www.immo-invest.ch\\\/fr\\\/categories\\\/regions\\\/suisse\\\/#listItem\",\"position\":3,\"name\":\"Suisse\",\"item\":\"https:\\\/\\\/www.immo-invest.ch\\\/fr\\\/categories\\\/regions\\\/suisse\\\/\",\"nextItem\":{\"@type\":\"ListItem\",\"@id\":\"https:\\\/\\\/www.immo-invest.ch\\\/fr\\\/watt-dor-letzte-ausgabe-eines-energiepreises\\\/#listItem\",\"name\":\"Watt d&rsquo;Or derni\\u00e8re \\u00e9dition d&rsquo;un prix de l&rsquo;\\u00e9nergie\"},\"previousItem\":{\"@type\":\"ListItem\",\"@id\":\"https:\\\/\\\/www.immo-invest.ch\\\/fr\\\/categories\\\/regions\\\/#listItem\",\"name\":\"R\\u00e9gions\"}},{\"@type\":\"ListItem\",\"@id\":\"https:\\\/\\\/www.immo-invest.ch\\\/fr\\\/watt-dor-letzte-ausgabe-eines-energiepreises\\\/#listItem\",\"position\":4,\"name\":\"Watt d&rsquo;Or derni\\u00e8re \\u00e9dition d&rsquo;un prix de l&rsquo;\\u00e9nergie\",\"previousItem\":{\"@type\":\"ListItem\",\"@id\":\"https:\\\/\\\/www.immo-invest.ch\\\/fr\\\/categories\\\/regions\\\/suisse\\\/#listItem\",\"name\":\"Suisse\"}}]},{\"@type\":\"Organization\",\"@id\":\"https:\\\/\\\/www.immo-invest.ch\\\/fr\\\/#organization\",\"name\":\"immo!nvest - Die Plattform f\\u00fcr Standorte und Immobilien\",\"description\":\"Die\\u00a0Plattform f\\u00fcr Standorte und Immobilien\",\"url\":\"https:\\\/\\\/www.immo-invest.ch\\\/fr\\\/\",\"email\":\"admin@immomedia.ag\",\"telephone\":\"+41444420002\",\"logo\":{\"@type\":\"ImageObject\",\"url\":\"https:\\\/\\\/www.immo-invest.ch\\\/wp-content\\\/uploads\\\/2024\\\/09\\\/immoinvest_sm-scaled.jpg\",\"@id\":\"https:\\\/\\\/www.immo-invest.ch\\\/fr\\\/watt-dor-letzte-ausgabe-eines-energiepreises\\\/#organizationLogo\",\"width\":2560,\"height\":1340},\"image\":{\"@id\":\"https:\\\/\\\/www.immo-invest.ch\\\/fr\\\/watt-dor-letzte-ausgabe-eines-energiepreises\\\/#organizationLogo\"},\"sameAs\":[\"https:\\\/\\\/www.facebook.com\\\/people\\\/Immoinvest\\\/100077962920504\\\/\",\"https:\\\/\\\/x.com\\\/i\\\/flow\\\/login?redirect_after_login=immoinvest_ch\",\"https:\\\/\\\/www.instagram.com\\\/immoinvest_ch\\\/\",\"https:\\\/\\\/www.linkedin.com\\\/company\\\/immoinvest-swiss\"]},{\"@type\":\"Person\",\"@id\":\"https:\\\/\\\/www.immo-invest.ch\\\/fr\\\/author\\\/immovestuser\\\/#author\",\"url\":\"https:\\\/\\\/www.immo-invest.ch\\\/fr\\\/author\\\/immovestuser\\\/\",\"name\":\"immovestuser\",\"image\":{\"@type\":\"ImageObject\",\"@id\":\"https:\\\/\\\/www.immo-invest.ch\\\/fr\\\/watt-dor-letzte-ausgabe-eines-energiepreises\\\/#authorImage\",\"url\":\"https:\\\/\\\/secure.gravatar.com\\\/avatar\\\/8e01f4d99f2eeea7a362ebb93305e1172a70e9293ba250f897a65c39f54cdd1e?s=96&d=mm&r=g\",\"width\":96,\"height\":96,\"caption\":\"immovestuser\"}},{\"@type\":\"WebPage\",\"@id\":\"https:\\\/\\\/www.immo-invest.ch\\\/fr\\\/watt-dor-letzte-ausgabe-eines-energiepreises\\\/#webpage\",\"url\":\"https:\\\/\\\/www.immo-invest.ch\\\/fr\\\/watt-dor-letzte-ausgabe-eines-energiepreises\\\/\",\"name\":\"Watt d\\u2019Or derni\\u00e8re \\u00e9dition d\\u2019un prix de l\\u2019\\u00e9nergie - immo!nvest - Die Plattform f\\u00fcr Standorte und Immobilien\",\"description\":\"Le Watt d'Or 2026 met un point final et montre en m\\u00eame temps clairement vers quoi se dirige l'avenir \\u00e9nerg\\u00e9tique de la Suisse. Le couplage des secteurs, l'\\u00e9nergie solaire alpine, la mobilit\\u00e9 \\u00e9lectrifi\\u00e9e et les quartiers ax\\u00e9s sur le cycle de vie sont au centre des pr\\u00e9occupations.\",\"inLanguage\":\"fr-FR\",\"isPartOf\":{\"@id\":\"https:\\\/\\\/www.immo-invest.ch\\\/fr\\\/#website\"},\"breadcrumb\":{\"@id\":\"https:\\\/\\\/www.immo-invest.ch\\\/fr\\\/watt-dor-letzte-ausgabe-eines-energiepreises\\\/#breadcrumblist\"},\"author\":{\"@id\":\"https:\\\/\\\/www.immo-invest.ch\\\/fr\\\/author\\\/immovestuser\\\/#author\"},\"creator\":{\"@id\":\"https:\\\/\\\/www.immo-invest.ch\\\/fr\\\/author\\\/immovestuser\\\/#author\"},\"image\":{\"@type\":\"ImageObject\",\"url\":\"https:\\\/\\\/www.immo-invest.ch\\\/wp-content\\\/uploads\\\/2026\\\/01\\\/watt-dor.jpg\",\"@id\":\"https:\\\/\\\/www.immo-invest.ch\\\/fr\\\/watt-dor-letzte-ausgabe-eines-energiepreises\\\/#mainImage\",\"width\":1410,\"height\":940},\"primaryImageOfPage\":{\"@id\":\"https:\\\/\\\/www.immo-invest.ch\\\/fr\\\/watt-dor-letzte-ausgabe-eines-energiepreises\\\/#mainImage\"},\"datePublished\":\"2026-01-13T15:19:16+01:00\",\"dateModified\":\"2026-01-13T15:30:53+01:00\"},{\"@type\":\"WebSite\",\"@id\":\"https:\\\/\\\/www.immo-invest.ch\\\/fr\\\/#website\",\"url\":\"https:\\\/\\\/www.immo-invest.ch\\\/fr\\\/\",\"name\":\"immo!nvest - Die Plattform f\\u00fcr Standorte und Immobilien\",\"description\":\"Die\\u00a0Plattform f\\u00fcr Standorte und Immobilien\",\"inLanguage\":\"fr-FR\",\"publisher\":{\"@id\":\"https:\\\/\\\/www.immo-invest.ch\\\/fr\\\/#organization\"}}]}\n\t\t<\/script>\n\t\t<!-- All in One SEO -->\n\n","aioseo_head_json":{"title":"Watt d\u2019Or derni\u00e8re \u00e9dition d\u2019un prix de l\u2019\u00e9nergie - immo!nvest - Die Plattform f\u00fcr Standorte und Immobilien","description":"Le Watt d'Or 2026 met un point final et montre en m\u00eame temps clairement vers quoi se dirige l'avenir \u00e9nerg\u00e9tique de la Suisse. Le couplage des secteurs, l'\u00e9nergie solaire alpine, la mobilit\u00e9 \u00e9lectrifi\u00e9e et les quartiers ax\u00e9s sur le cycle de vie sont au centre des pr\u00e9occupations.","canonical_url":"https:\/\/www.immo-invest.ch\/fr\/watt-dor-letzte-ausgabe-eines-energiepreises\/","robots":"max-image-preview:large","keywords":"","webmasterTools":{"google-site-verification":"fHJKvgWpZCR2zVBHWfkQeFXC11qieUSff0HGNYfuyLA","miscellaneous":""},"schema":{"@context":"https:\/\/schema.org","@graph":[{"@type":"BlogPosting","@id":"https:\/\/www.immo-invest.ch\/fr\/watt-dor-letzte-ausgabe-eines-energiepreises\/#blogposting","name":"Watt d\u2019Or derni\u00e8re \u00e9dition d\u2019un prix de l\u2019\u00e9nergie - immo!nvest - Die Plattform f\u00fcr Standorte und Immobilien","headline":"Watt d&rsquo;Or derni\u00e8re \u00e9dition d&rsquo;un prix de l&rsquo;\u00e9nergie","author":{"@id":"https:\/\/www.immo-invest.ch\/fr\/author\/immovestuser\/#author"},"publisher":{"@id":"https:\/\/www.immo-invest.ch\/fr\/#organization"},"image":{"@type":"ImageObject","url":"https:\/\/www.immo-invest.ch\/wp-content\/uploads\/2026\/01\/watt-dor.jpg","width":1410,"height":940},"datePublished":"2026-01-13T15:19:16+01:00","dateModified":"2026-01-13T15:30:53+01:00","inLanguage":"fr-FR","mainEntityOfPage":{"@id":"https:\/\/www.immo-invest.ch\/fr\/watt-dor-letzte-ausgabe-eines-energiepreises\/#webpage"},"isPartOf":{"@id":"https:\/\/www.immo-invest.ch\/fr\/watt-dor-letzte-ausgabe-eines-energiepreises\/#webpage"},"articleSection":"Associations, Durabilit\u00e9, \u00c9nergie, Institutions &amp; Formation, Suisse, Trends, Energieinnovation Schweiz, Immoinvest, immoNews, nachhaltige Energiesysteme, News, Watt d Or 2026, Facultatif"},{"@type":"BreadcrumbList","@id":"https:\/\/www.immo-invest.ch\/fr\/watt-dor-letzte-ausgabe-eines-energiepreises\/#breadcrumblist","itemListElement":[{"@type":"ListItem","@id":"https:\/\/www.immo-invest.ch\/fr\/#listItem","position":1,"name":"Home","item":"https:\/\/www.immo-invest.ch\/fr\/","nextItem":{"@type":"ListItem","@id":"https:\/\/www.immo-invest.ch\/fr\/categories\/regions\/#listItem","name":"R\u00e9gions"}},{"@type":"ListItem","@id":"https:\/\/www.immo-invest.ch\/fr\/categories\/regions\/#listItem","position":2,"name":"R\u00e9gions","item":"https:\/\/www.immo-invest.ch\/fr\/categories\/regions\/","nextItem":{"@type":"ListItem","@id":"https:\/\/www.immo-invest.ch\/fr\/categories\/regions\/suisse\/#listItem","name":"Suisse"},"previousItem":{"@type":"ListItem","@id":"https:\/\/www.immo-invest.ch\/fr\/#listItem","name":"Home"}},{"@type":"ListItem","@id":"https:\/\/www.immo-invest.ch\/fr\/categories\/regions\/suisse\/#listItem","position":3,"name":"Suisse","item":"https:\/\/www.immo-invest.ch\/fr\/categories\/regions\/suisse\/","nextItem":{"@type":"ListItem","@id":"https:\/\/www.immo-invest.ch\/fr\/watt-dor-letzte-ausgabe-eines-energiepreises\/#listItem","name":"Watt d&rsquo;Or derni\u00e8re \u00e9dition d&rsquo;un prix de l&rsquo;\u00e9nergie"},"previousItem":{"@type":"ListItem","@id":"https:\/\/www.immo-invest.ch\/fr\/categories\/regions\/#listItem","name":"R\u00e9gions"}},{"@type":"ListItem","@id":"https:\/\/www.immo-invest.ch\/fr\/watt-dor-letzte-ausgabe-eines-energiepreises\/#listItem","position":4,"name":"Watt d&rsquo;Or derni\u00e8re \u00e9dition d&rsquo;un prix de l&rsquo;\u00e9nergie","previousItem":{"@type":"ListItem","@id":"https:\/\/www.immo-invest.ch\/fr\/categories\/regions\/suisse\/#listItem","name":"Suisse"}}]},{"@type":"Organization","@id":"https:\/\/www.immo-invest.ch\/fr\/#organization","name":"immo!nvest - Die Plattform f\u00fcr Standorte und Immobilien","description":"Die\u00a0Plattform f\u00fcr Standorte und Immobilien","url":"https:\/\/www.immo-invest.ch\/fr\/","email":"admin@immomedia.ag","telephone":"+41444420002","logo":{"@type":"ImageObject","url":"https:\/\/www.immo-invest.ch\/wp-content\/uploads\/2024\/09\/immoinvest_sm-scaled.jpg","@id":"https:\/\/www.immo-invest.ch\/fr\/watt-dor-letzte-ausgabe-eines-energiepreises\/#organizationLogo","width":2560,"height":1340},"image":{"@id":"https:\/\/www.immo-invest.ch\/fr\/watt-dor-letzte-ausgabe-eines-energiepreises\/#organizationLogo"},"sameAs":["https:\/\/www.facebook.com\/people\/Immoinvest\/100077962920504\/","https:\/\/x.com\/i\/flow\/login?redirect_after_login=immoinvest_ch","https:\/\/www.instagram.com\/immoinvest_ch\/","https:\/\/www.linkedin.com\/company\/immoinvest-swiss"]},{"@type":"Person","@id":"https:\/\/www.immo-invest.ch\/fr\/author\/immovestuser\/#author","url":"https:\/\/www.immo-invest.ch\/fr\/author\/immovestuser\/","name":"immovestuser","image":{"@type":"ImageObject","@id":"https:\/\/www.immo-invest.ch\/fr\/watt-dor-letzte-ausgabe-eines-energiepreises\/#authorImage","url":"https:\/\/secure.gravatar.com\/avatar\/8e01f4d99f2eeea7a362ebb93305e1172a70e9293ba250f897a65c39f54cdd1e?s=96&d=mm&r=g","width":96,"height":96,"caption":"immovestuser"}},{"@type":"WebPage","@id":"https:\/\/www.immo-invest.ch\/fr\/watt-dor-letzte-ausgabe-eines-energiepreises\/#webpage","url":"https:\/\/www.immo-invest.ch\/fr\/watt-dor-letzte-ausgabe-eines-energiepreises\/","name":"Watt d\u2019Or derni\u00e8re \u00e9dition d\u2019un prix de l\u2019\u00e9nergie - immo!nvest - Die Plattform f\u00fcr Standorte und Immobilien","description":"Le Watt d'Or 2026 met un point final et montre en m\u00eame temps clairement vers quoi se dirige l'avenir \u00e9nerg\u00e9tique de la Suisse. Le couplage des secteurs, l'\u00e9nergie solaire alpine, la mobilit\u00e9 \u00e9lectrifi\u00e9e et les quartiers ax\u00e9s sur le cycle de vie sont au centre des pr\u00e9occupations.","inLanguage":"fr-FR","isPartOf":{"@id":"https:\/\/www.immo-invest.ch\/fr\/#website"},"breadcrumb":{"@id":"https:\/\/www.immo-invest.ch\/fr\/watt-dor-letzte-ausgabe-eines-energiepreises\/#breadcrumblist"},"author":{"@id":"https:\/\/www.immo-invest.ch\/fr\/author\/immovestuser\/#author"},"creator":{"@id":"https:\/\/www.immo-invest.ch\/fr\/author\/immovestuser\/#author"},"image":{"@type":"ImageObject","url":"https:\/\/www.immo-invest.ch\/wp-content\/uploads\/2026\/01\/watt-dor.jpg","@id":"https:\/\/www.immo-invest.ch\/fr\/watt-dor-letzte-ausgabe-eines-energiepreises\/#mainImage","width":1410,"height":940},"primaryImageOfPage":{"@id":"https:\/\/www.immo-invest.ch\/fr\/watt-dor-letzte-ausgabe-eines-energiepreises\/#mainImage"},"datePublished":"2026-01-13T15:19:16+01:00","dateModified":"2026-01-13T15:30:53+01:00"},{"@type":"WebSite","@id":"https:\/\/www.immo-invest.ch\/fr\/#website","url":"https:\/\/www.immo-invest.ch\/fr\/","name":"immo!nvest - Die Plattform f\u00fcr Standorte und Immobilien","description":"Die\u00a0Plattform f\u00fcr Standorte und Immobilien","inLanguage":"fr-FR","publisher":{"@id":"https:\/\/www.immo-invest.ch\/fr\/#organization"}}]},"og:locale":"fr_FR","og:site_name":"immo!nvest - Die Plattform f\u00fcr Standorte und Immobilien - Die\u00a0Plattform f\u00fcr Standorte und Immobilien","og:type":"article","og:title":"Watt d\u2019Or derni\u00e8re \u00e9dition d\u2019un prix de l\u2019\u00e9nergie - immo!nvest - Die Plattform f\u00fcr Standorte und Immobilien","og:description":"Le Watt d'Or 2026 met un point final et montre en m\u00eame temps clairement vers quoi se dirige l'avenir \u00e9nerg\u00e9tique de la Suisse. Le couplage des secteurs, l'\u00e9nergie solaire alpine, la mobilit\u00e9 \u00e9lectrifi\u00e9e et les quartiers ax\u00e9s sur le cycle de vie sont au centre des pr\u00e9occupations.","og:url":"https:\/\/www.immo-invest.ch\/fr\/watt-dor-letzte-ausgabe-eines-energiepreises\/","og:image":"https:\/\/www.immo-invest.ch\/wp-content\/uploads\/2026\/01\/watt-dor.jpg","og:image:secure_url":"https:\/\/www.immo-invest.ch\/wp-content\/uploads\/2026\/01\/watt-dor.jpg","og:image:width":1410,"og:image:height":940,"article:published_time":"2026-01-13T14:19:16+00:00","article:modified_time":"2026-01-13T14:30:53+00:00","article:publisher":"https:\/\/www.facebook.com\/people\/Immoinvest\/100077962920504\/","twitter:card":"summary_large_image","twitter:site":"@i","twitter:title":"Watt d\u2019Or derni\u00e8re \u00e9dition d\u2019un prix de l\u2019\u00e9nergie - immo!nvest - Die Plattform f\u00fcr Standorte und Immobilien","twitter:description":"Le Watt d'Or 2026 met un point final et montre en m\u00eame temps clairement vers quoi se dirige l'avenir \u00e9nerg\u00e9tique de la Suisse. Le couplage des secteurs, l'\u00e9nergie solaire alpine, la mobilit\u00e9 \u00e9lectrifi\u00e9e et les quartiers ax\u00e9s sur le cycle de vie sont au centre des pr\u00e9occupations.","twitter:creator":"@i","twitter:image":"https:\/\/www.immo-invest.ch\/wp-content\/uploads\/2026\/01\/watt-dor.jpg"},"aioseo_meta_data":{"post_id":"147055","title":null,"description":null,"keywords":null,"keyphrases":{"focus":{"keyphrase":"","score":0,"analysis":{"keyphraseInTitle":{"score":0,"maxScore":9,"error":1}}},"additional":[]},"primary_term":null,"canonical_url":null,"og_title":null,"og_description":null,"og_object_type":"default","og_image_type":"default","og_image_url":null,"og_image_width":null,"og_image_height":null,"og_image_custom_url":null,"og_image_custom_fields":null,"og_video":"","og_custom_url":null,"og_article_section":null,"og_article_tags":null,"twitter_use_og":false,"twitter_card":"default","twitter_image_type":"default","twitter_image_url":null,"twitter_image_custom_url":null,"twitter_image_custom_fields":null,"twitter_title":null,"twitter_description":null,"schema":{"blockGraphs":[],"customGraphs":[],"default":{"data":{"Article":[],"Course":[],"Dataset":[],"FAQPage":[],"Movie":[],"Person":[],"Product":[],"ProductReview":[],"Car":[],"Recipe":[],"Service":[],"SoftwareApplication":[],"WebPage":[]},"graphName":"BlogPosting","isEnabled":true},"graphs":[]},"schema_type":"default","schema_type_options":null,"pillar_content":false,"robots_default":true,"robots_noindex":false,"robots_noarchive":false,"robots_nosnippet":false,"robots_nofollow":false,"robots_noimageindex":false,"robots_noodp":false,"robots_notranslate":false,"robots_max_snippet":"-1","robots_max_videopreview":"-1","robots_max_imagepreview":"large","priority":null,"frequency":"default","local_seo":null,"breadcrumb_settings":null,"limit_modified_date":false,"ai":{"faqs":[],"keyPoints":[],"titles":[],"descriptions":[],"socialPosts":{"email":[],"linkedin":[],"twitter":[],"facebook":[],"instagram":[]}},"created":"2026-01-13 14:30:53","updated":"2026-01-13 14:36:02","seo_analyzer_scan_date":null,"focus_keyword":null,"additional_keywords":null,"truseo_locale":null},"aioseo_breadcrumb":"<div class=\"aioseo-breadcrumbs\"><span class=\"aioseo-breadcrumb\">\n\t\t\t<a href=\"https:\/\/www.immo-invest.ch\/fr\/\" title=\"Home\">Home<\/a>\n\t\t<\/span><span class=\"aioseo-breadcrumb-separator\">&raquo;<\/span><span class=\"aioseo-breadcrumb\">\n\t\t\t<a href=\"https:\/\/www.immo-invest.ch\/fr\/categories\/regions\/\" title=\"R\u00e9gions\">R\u00e9gions<\/a>\n\t\t<\/span><span class=\"aioseo-breadcrumb-separator\">&raquo;<\/span><span class=\"aioseo-breadcrumb\">\n\t\t\t<a href=\"https:\/\/www.immo-invest.ch\/fr\/categories\/regions\/suisse\/\" title=\"Suisse\">Suisse<\/a>\n\t\t<\/span><span class=\"aioseo-breadcrumb-separator\">&raquo;<\/span><span class=\"aioseo-breadcrumb\">\n\t\t\tWatt d\u2019Or derni\u00e8re \u00e9dition d\u2019un prix de l\u2019\u00e9nergie\n\t\t<\/span><\/div>","aioseo_breadcrumb_json":[{"label":"Home","link":"https:\/\/www.immo-invest.ch\/fr\/"},{"label":"R\u00e9gions","link":"https:\/\/www.immo-invest.ch\/fr\/categories\/regions\/"},{"label":"Suisse","link":"https:\/\/www.immo-invest.ch\/fr\/categories\/regions\/suisse\/"},{"label":"Watt d&rsquo;Or derni\u00e8re \u00e9dition d&rsquo;un prix de l&rsquo;\u00e9nergie","link":"https:\/\/www.immo-invest.ch\/fr\/watt-dor-letzte-ausgabe-eines-energiepreises\/"}],"featured_image_src":"https:\/\/www.immo-invest.ch\/wp-content\/uploads\/2026\/01\/watt-dor-336x168.jpg","_links":{"self":[{"href":"https:\/\/www.immo-invest.ch\/fr\/wp-json\/wp\/v2\/posts\/147055","targetHints":{"allow":["GET"]}}],"collection":[{"href":"https:\/\/www.immo-invest.ch\/fr\/wp-json\/wp\/v2\/posts"}],"about":[{"href":"https:\/\/www.immo-invest.ch\/fr\/wp-json\/wp\/v2\/types\/post"}],"author":[{"embeddable":true,"href":"https:\/\/www.immo-invest.ch\/fr\/wp-json\/wp\/v2\/users\/2"}],"replies":[{"embeddable":true,"href":"https:\/\/www.immo-invest.ch\/fr\/wp-json\/wp\/v2\/comments?post=147055"}],"version-history":[{"count":3,"href":"https:\/\/www.immo-invest.ch\/fr\/wp-json\/wp\/v2\/posts\/147055\/revisions"}],"predecessor-version":[{"id":147064,"href":"https:\/\/www.immo-invest.ch\/fr\/wp-json\/wp\/v2\/posts\/147055\/revisions\/147064"}],"wp:featuredmedia":[{"embeddable":true,"href":"https:\/\/www.immo-invest.ch\/fr\/wp-json\/wp\/v2\/media\/147056"}],"wp:attachment":[{"href":"https:\/\/www.immo-invest.ch\/fr\/wp-json\/wp\/v2\/media?parent=147055"}],"wp:term":[{"taxonomy":"category","embeddable":true,"href":"https:\/\/www.immo-invest.ch\/fr\/wp-json\/wp\/v2\/categories?post=147055"},{"taxonomy":"post_tag","embeddable":true,"href":"https:\/\/www.immo-invest.ch\/fr\/wp-json\/wp\/v2\/tags?post=147055"}],"curies":[{"name":"wp","href":"https:\/\/api.w.org\/{rel}","templated":true}]}}