{"id":147021,"date":"2026-01-13T14:42:14","date_gmt":"2026-01-13T13:42:14","guid":{"rendered":"https:\/\/www.immo-invest.ch\/experimentierfeld-genossenschaftliches-stadtleben\/"},"modified":"2026-01-13T14:49:23","modified_gmt":"2026-01-13T13:49:23","slug":"experimentierfeld-genossenschaftliches-stadtleben","status":"publish","type":"post","link":"https:\/\/www.immo-invest.ch\/fr\/experimentierfeld-genossenschaftliches-stadtleben\/","title":{"rendered":"Champ d&rsquo;exp\u00e9rimentation de la vie urbaine coop\u00e9rative"},"content":{"rendered":"<p class=\"wp-block-paragraph\">En tant que plateforme d&rsquo;<span class=\"glossaryLink\" aria-describedby=\"tt\" data-cmtooltip=\"&lt;div class=glossaryItemTitle&gt;Innovation&lt;\/div&gt;&lt;div class=glossaryItemBody&gt;Innovation in der heutigen Immobilienwelt bedeutet vor allem Digitalisierung von Prozessen. Zum Beispiel das Eliminieren von Tausenden von Excel-Bl&auml;ttern f&uuml;r Portfolio- und Asset-Manager oder das Erstellen einer Anwendung (App) f&uuml;r alle Formalit&auml;ten rund um die Beziehung zwischen Immobilieneigent&uuml;mern, - verwaltung und -mietern.&lt;\/div&gt;\" data-mobile-support=\"0\" data-gt-translate-attributes='[{\"attribute\":\"data-cmtooltip\", \"format\":\"html\"}]' tabindex=\"0\" role=\"link\">innovation<\/span> et d&rsquo;apprentissage, &laquo;&nbsp;mehr als wohnen&nbsp;&raquo; consid&egrave;re le Hobelwerk non seulement comme un lotissement, mais aussi comme un laboratoire r&eacute;el pour les nouvelles formes d&rsquo;habitat, les mod&egrave;les de participation et la gouvernance coop&eacute;rative. Pour les sp&eacute;cialistes de la planification, de la construction de logements et du d&eacute;veloppement urbain, le <span class=\"glossaryLink\" aria-describedby=\"tt\" data-cmtooltip=\"&lt;div class=glossaryItemTitle&gt;Quartier&lt;\/div&gt;&lt;div class=glossaryItemBody&gt;Amtliches, historisches, soziales oder stadtplanerisches Stadtviertel&lt;\/div&gt;\" data-mobile-support=\"0\" data-gt-translate-attributes='[{\"attribute\":\"data-cmtooltip\", \"format\":\"html\"}]' tabindex=\"0\" role=\"link\">quartier<\/span> offre un mat&eacute;riel d&rsquo;illustration pour les questions centrales du d&eacute;veloppement urbain futur. Il s&rsquo;agit notamment de savoir combien de communaut&eacute; le quotidien peut r&eacute;ellement supporter et comment organiser les usages mixtes de mani&egrave;re &agrave; ce qu&rsquo;ils fonctionnent de mani&egrave;re robuste &agrave; long terme. On y d&eacute;couvre &eacute;galement comment un <span class=\"glossaryLink\" aria-describedby=\"tt\" data-cmtooltip=\"&lt;div class=glossaryItemTitle&gt;Quartier&lt;\/div&gt;&lt;div class=glossaryItemBody&gt;Amtliches, historisches, soziales oder stadtplanerisches Stadtviertel&lt;\/div&gt;\" data-mobile-support=\"0\" data-gt-translate-attributes='[{\"attribute\":\"data-cmtooltip\", \"format\":\"html\"}]' tabindex=\"0\" role=\"link\">quartier<\/span> peut &ecirc;tre &agrave; la fois socialement ouvert, &eacute;cologiquement ambitieux et &eacute;conomiquement viable.<\/p>\n\n\n\n\n\n<p class=\"wp-block-paragraph\">La raboterie se trouve sur l&rsquo;ancien site de la menuiserie K&auml;lin &amp; Co. AG, &agrave; proximit&eacute; imm&eacute;diate de la gare d&rsquo;Oberwinterthur, et donc dans une zone bien desservie, autrefois marqu&eacute;e par l&rsquo;industrie. Le ma&icirc;tre d&rsquo;ouvrage est la coop&eacute;rative de construction mehr als wohnen, qui a r&eacute;alis&eacute; son deuxi&egrave;me grand projet apr&egrave;s le Hunziker Areal et a d&eacute;velopp&eacute; le site en deux &eacute;tapes entre 2018 et 2023.<\/p>\n\n\n\n\n\n<p class=\"wp-block-paragraph\">cinq nouveaux b&acirc;timents et plusieurs b&acirc;timents existants r&eacute;affect&eacute;s ont &eacute;t&eacute; construits sur environ 16 000 m&sup2;, soit un total d&rsquo;environ 158 logements plus des espaces commerciaux et communautaires. Le lotissement est consid&eacute;r&eacute; comme un mod&egrave;le de d&eacute;veloppement urbain durable sur le plan social, &eacute;cologique et &eacute;conomique et a &eacute;t&eacute; r&eacute;compens&eacute; &agrave; plusieurs reprises par des prix d&rsquo;architecture et d&rsquo;&eacute;nergie.<\/p>\n\n\n\n\n\n<p class=\"wp-block-paragraph\"><strong>urbanisme, architecture et mixit&eacute; d&rsquo;utilisation<br><\/strong>Les diff&eacute;rents corps de b&acirc;timent, dont de longues barres le long des voies, une maison &agrave; cour, un b&acirc;timent parall&eacute;l&eacute;pip&eacute;dique et une petite tour d&rsquo;habitation, cr&eacute;ent un <span class=\"glossaryLink\" aria-describedby=\"tt\" data-cmtooltip=\"&lt;div class=glossaryItemTitle&gt;Quartier&lt;\/div&gt;&lt;div class=glossaryItemBody&gt;Amtliches, historisches, soziales oder stadtplanerisches Stadtviertel&lt;\/div&gt;\" data-mobile-support=\"0\" data-gt-translate-attributes='[{\"attribute\":\"data-cmtooltip\", \"format\":\"html\"}]' tabindex=\"0\" role=\"link\">quartier<\/span> de petite taille avec des cours, des ruelles, des aires de jeux et des jardins. Plusieurs bureaux, dont pool Architekten, Ramser Schmid, Pascal Flammer, Baub&uuml;ro in situ et Studio Vulkan, assurent la diversit&eacute; dans les d&eacute;tails tout en conservant une figure globale claire.<\/p>\n\n\n\n\n\n<p class=\"wp-block-paragraph\">le mix d&rsquo;utilisation va des appartements classiques de 1,5 &agrave; 6,5 pi&egrave;ces aux ateliers d&rsquo;habitation pour les cr&eacute;ateurs culturels, en passant par les appartements en grappe et les micro-colocations, sans oublier les surfaces commerciales de diff&eacute;rentes tailles, dont certaines &agrave; prix avantageux. Au rez-de-chauss&eacute;e se trouvent entre autres une cr&egrave;che, une boulangerie, un co-working, des ateliers, des laveries, des salles communes et des espaces communs qui fonctionnent comme un &laquo;&nbsp;salon&nbsp;&raquo; &eacute;largi de la cit&eacute;.<\/p>\n\n\n\n\n\n<p class=\"wp-block-paragraph\"><strong>concepts d&rsquo;habitat et organisation de la vie quotidienne<br><\/strong>La coop&eacute;rative combine des formes d&rsquo;habitat &eacute;tablies et exp&eacute;rimentales telles que le micro-covoiturage pour une ou deux personnes avec des cuisines et des espaces communs, de vastes appartements group&eacute;s pour des colocations, des appartements familiaux de taille classique ainsi que des projets d&rsquo;habitat inclusif, par exemple avec des organisations partenaires comme jawohn. L&rsquo;offre de logements est compl&eacute;t&eacute;e par des chambres d&rsquo;h&ocirc;tes, des appartements d&rsquo;accueil et des chambres &agrave; louer de mani&egrave;re flexible.<\/p>\n\n\n\n\n\n<p class=\"wp-block-paragraph\">le terrain commun joue un r&ocirc;le central avec des coursives, des terrasses sur le toit, des salles communes et la place couverte de la raboterie qui facilitent les rencontres informelles et l&rsquo;utilisation partag&eacute;e. Les habitants participent activement &agrave; la conception du <span class=\"glossaryLink\" aria-describedby=\"tt\" data-cmtooltip=\"&lt;div class=glossaryItemTitle&gt;Quartier&lt;\/div&gt;&lt;div class=glossaryItemBody&gt;Amtliches, historisches, soziales oder stadtplanerisches Stadtviertel&lt;\/div&gt;\" data-mobile-support=\"0\" data-gt-translate-attributes='[{\"attribute\":\"data-cmtooltip\", \"format\":\"html\"}]' tabindex=\"0\" role=\"link\">quartier<\/span> dans le cadre de groupes de <span class=\"glossaryLink\" aria-describedby=\"tt\" data-cmtooltip=\"&lt;div class=glossaryItemTitle&gt;Quartier&lt;\/div&gt;&lt;div class=glossaryItemBody&gt;Amtliches, historisches, soziales oder stadtplanerisches Stadtviertel&lt;\/div&gt;\" data-mobile-support=\"0\" data-gt-translate-attributes='[{\"attribute\":\"data-cmtooltip\", \"format\":\"html\"}]' tabindex=\"0\" role=\"link\">quartier<\/span> et de formats de participation, un &eacute;l&eacute;ment cl&eacute; de l&rsquo;ADN de &laquo;&nbsp;mehr als wohnen&nbsp;&raquo;.<\/p>\n\n\n\n\n\n<p class=\"wp-block-paragraph\"><strong>existence, espace libre et identit&eacute;<br><\/strong>L&rsquo;ancienne halle de rabotage et la Z-Halle ont &eacute;t&eacute; conserv&eacute;es, transform&eacute;es en douceur et forment aujourd&rsquo;hui le centre avec une place couverte pour les march&eacute;s, les f&ecirc;tes, les manifestations culturelles et de <span class=\"glossaryLink\" aria-describedby=\"tt\" data-cmtooltip=\"&lt;div class=glossaryItemTitle&gt;Quartier&lt;\/div&gt;&lt;div class=glossaryItemBody&gt;Amtliches, historisches, soziales oder stadtplanerisches Stadtviertel&lt;\/div&gt;\" data-mobile-support=\"0\" data-gt-translate-attributes='[{\"attribute\":\"data-cmtooltip\", \"format\":\"html\"}]' tabindex=\"0\" role=\"link\">quartier<\/span>. Le pass&eacute; industriel reste ainsi pr&eacute;sent en tant que couche spatiale et narrative et conf&egrave;re au site une identit&eacute; claire.<\/p>\n\n\n\n\n\n<p class=\"wp-block-paragraph\">l&rsquo;am&eacute;nagement de l&rsquo;espace libre avec des jardins potagers, des chemins en gravier, des aires de jeux et la v&eacute;g&eacute;talisation des cours et des fa&ccedil;ades vise une grande qualit&eacute; de s&eacute;jour, la r&eacute;duction de la chaleur et la biodiversit&eacute;. Une desserte pauvre en voitures et une station de mobilit&eacute; avec des v&eacute;los et des remorques renforcent le quotidien sans voiture personnelle.<\/p>\n\n\n\n\n\n<p class=\"wp-block-paragraph\"><strong>durabilit&eacute;, gouvernance et caract&egrave;re &eacute;ducatif<br><\/strong>Le projet mise sur une construction efficace sur le plan &eacute;nerg&eacute;tique, des mat&eacute;riaux robustes et durables et une r&eacute;utilisation cibl&eacute;e des &eacute;l&eacute;ments de construction, le tout combin&eacute; &agrave; une faible consommation de ressources et de surface par habitant. Pour cela, la raboterie a re&ccedil;u plusieurs distinctions, notamment celle d&rsquo;&ecirc;tre l&rsquo;un des meilleurs projets de construction neuve de Suisse et celle d&rsquo;avoir &eacute;t&eacute; con&ccedil;ue pour &ecirc;tre &eacute;conome en &eacute;nergie et en ressources.<\/p>\n\n","protected":false},"excerpt":{"rendered":"<p>Le projet Hobelwerk \u00e0 Oberwinterthur montre comment un ancien site industriel situ\u00e9 \u00e0 proximit\u00e9 imm\u00e9diate de la gare peut donner naissance \u00e0 un quartier dense \u00e0 usage mixte, qui associe d\u00e9sormais habitat, travail et vie communautaire. Environ 400 personnes vivent et travaillent ici dans un espace restreint, avec des formes d&rsquo;habitat vari\u00e9es, un urbanisme robuste et un mod\u00e8le coop\u00e9ratif clair.<\/p>\n","protected":false},"author":2,"featured_media":147022,"comment_status":"open","ping_status":"open","sticky":false,"template":"","format":"standard","meta":{"pmpro_default_level":"","inline_featured_image":false,"_monsterinsights_skip_tracking":false,"footnotes":""},"categories":[22699,56027,739,55991,22438,39687],"tags":[56433,872,3931,56434,2002,56435],"class_list":["post-147021","post","type-post","status-publish","format-standard","has-post-thumbnail","hentry","category-durabilite","category-planification-developpement","category-projects","category-quartiers-zones","category-trends-fr","category-winterthur-fr","tag-genossenschaftliches-wohnen","tag-immoinvest-fr","tag-immonews-fr","tag-mischnutzung-quartier","tag-news-fr","tag-stadtentwicklung-winterthur","pmpro-has-access"],"acf":{"bild_mit_ki_erstellt_worden":"","lead":"Le projet Hobelwerk \u00e0 Oberwinterthur montre comment un ancien site industriel situ\u00e9 \u00e0 proximit\u00e9 imm\u00e9diate de la gare peut donner naissance \u00e0 un quartier dense \u00e0 usage mixte, qui associe d\u00e9sormais habitat, travail et vie communautaire. Environ 400 personnes vivent et travaillent ici dans un espace restreint, avec des formes d'habitat vari\u00e9es, un urbanisme robuste et un mod\u00e8le coop\u00e9ratif clair.","autor":"Quelle Hobelwerk Winterthur","ort":"","bildunterschrift":"","bild_im_grid":false,"gallerie":"","newsim":""},"aioseo_notices":[],"aioseo_head":"\n\t\t<!-- All in One SEO 5.0.0.1 - aioseo.com -->\n\t<meta name=\"description\" content=\"Le projet Hobelwerk \u00e0 Oberwinterthur montre comment un ancien site industriel situ\u00e9 \u00e0 proximit\u00e9 imm\u00e9diate de la gare peut donner naissance \u00e0 un quartier dense \u00e0 usage mixte, qui associe d\u00e9sormais habitat, travail et vie communautaire. Environ 400 personnes vivent et travaillent ici dans un espace restreint, avec des formes d&#039;habitat vari\u00e9es, un urbanisme robuste et un mod\u00e8le coop\u00e9ratif clair.\" \/>\n\t<meta name=\"robots\" content=\"max-image-preview:large\" \/>\n\t<meta name=\"author\" content=\"immovestuser\"\/>\n\t<meta name=\"google-site-verification\" content=\"fHJKvgWpZCR2zVBHWfkQeFXC11qieUSff0HGNYfuyLA\" \/>\n\t<link rel=\"canonical\" href=\"https:\/\/www.immo-invest.ch\/fr\/experimentierfeld-genossenschaftliches-stadtleben\/\" \/>\n\t<meta name=\"generator\" content=\"All in One SEO (AIOSEO) 5.0.0.1\" \/>\n\t\t<meta property=\"og:locale\" content=\"fr_FR\" \/>\n\t\t<meta property=\"og:site_name\" content=\"immo!nvest - Die Plattform f\u00fcr Standorte und Immobilien - Die\u00a0Plattform f\u00fcr Standorte und Immobilien\" \/>\n\t\t<meta property=\"og:type\" content=\"article\" \/>\n\t\t<meta property=\"og:title\" content=\"Champ d\u2019exp\u00e9rimentation de la vie urbaine coop\u00e9rative - immo!nvest - Die Plattform f\u00fcr Standorte und Immobilien\" \/>\n\t\t<meta property=\"og:description\" content=\"Le projet Hobelwerk \u00e0 Oberwinterthur montre comment un ancien site industriel situ\u00e9 \u00e0 proximit\u00e9 imm\u00e9diate de la gare peut donner naissance \u00e0 un quartier dense \u00e0 usage mixte, qui associe d\u00e9sormais habitat, travail et vie communautaire. Environ 400 personnes vivent et travaillent ici dans un espace restreint, avec des formes d&#039;habitat vari\u00e9es, un urbanisme robuste et un mod\u00e8le coop\u00e9ratif clair.\" \/>\n\t\t<meta property=\"og:url\" content=\"https:\/\/www.immo-invest.ch\/fr\/experimentierfeld-genossenschaftliches-stadtleben\/\" \/>\n\t\t<meta property=\"og:image\" content=\"https:\/\/www.immo-invest.ch\/wp-content\/uploads\/2026\/01\/6852d39c2ef769a12eb9aac0_20231006-HOB_E2_Luftaufnahmen-17-1.jpg\" \/>\n\t\t<meta property=\"og:image:secure_url\" content=\"https:\/\/www.immo-invest.ch\/wp-content\/uploads\/2026\/01\/6852d39c2ef769a12eb9aac0_20231006-HOB_E2_Luftaufnahmen-17-1.jpg\" \/>\n\t\t<meta property=\"og:image:width\" content=\"2400\" \/>\n\t\t<meta property=\"og:image:height\" content=\"1599\" \/>\n\t\t<meta property=\"article:published_time\" content=\"2026-01-13T13:42:14+00:00\" \/>\n\t\t<meta property=\"article:modified_time\" content=\"2026-01-13T13:49:23+00:00\" \/>\n\t\t<meta property=\"article:publisher\" content=\"https:\/\/www.facebook.com\/people\/Immoinvest\/100077962920504\/\" \/>\n\t\t<meta name=\"twitter:card\" content=\"summary_large_image\" \/>\n\t\t<meta name=\"twitter:site\" content=\"@i\" \/>\n\t\t<meta name=\"twitter:title\" content=\"Champ d\u2019exp\u00e9rimentation de la vie urbaine coop\u00e9rative - immo!nvest - Die Plattform f\u00fcr Standorte und Immobilien\" \/>\n\t\t<meta name=\"twitter:description\" content=\"Le projet Hobelwerk \u00e0 Oberwinterthur montre comment un ancien site industriel situ\u00e9 \u00e0 proximit\u00e9 imm\u00e9diate de la gare peut donner naissance \u00e0 un quartier dense \u00e0 usage mixte, qui associe d\u00e9sormais habitat, travail et vie communautaire. Environ 400 personnes vivent et travaillent ici dans un espace restreint, avec des formes d&#039;habitat vari\u00e9es, un urbanisme robuste et un mod\u00e8le coop\u00e9ratif clair.\" \/>\n\t\t<meta name=\"twitter:creator\" content=\"@i\" \/>\n\t\t<meta name=\"twitter:image\" content=\"https:\/\/www.immo-invest.ch\/wp-content\/uploads\/2026\/01\/6852d39c2ef769a12eb9aac0_20231006-HOB_E2_Luftaufnahmen-17-1.jpg\" \/>\n\t\t<script type=\"application\/ld+json\" class=\"aioseo-schema\">\n\t\t\t{\"@context\":\"https:\\\/\\\/schema.org\",\"@graph\":[{\"@type\":\"BlogPosting\",\"@id\":\"https:\\\/\\\/www.immo-invest.ch\\\/fr\\\/experimentierfeld-genossenschaftliches-stadtleben\\\/#blogposting\",\"name\":\"Champ d\\u2019exp\\u00e9rimentation de la vie urbaine coop\\u00e9rative - immo!nvest - Die Plattform f\\u00fcr Standorte und Immobilien\",\"headline\":\"Champ d&rsquo;exp\\u00e9rimentation de la vie urbaine coop\\u00e9rative\",\"author\":{\"@id\":\"https:\\\/\\\/www.immo-invest.ch\\\/fr\\\/author\\\/immovestuser\\\/#author\"},\"publisher\":{\"@id\":\"https:\\\/\\\/www.immo-invest.ch\\\/fr\\\/#organization\"},\"image\":{\"@type\":\"ImageObject\",\"url\":\"https:\\\/\\\/www.immo-invest.ch\\\/wp-content\\\/uploads\\\/2026\\\/01\\\/6852d39c2ef769a12eb9aac0_20231006-HOB_E2_Luftaufnahmen-17-1.jpg\",\"width\":2400,\"height\":1599},\"datePublished\":\"2026-01-13T14:42:14+01:00\",\"dateModified\":\"2026-01-13T14:49:23+01:00\",\"inLanguage\":\"fr-FR\",\"mainEntityOfPage\":{\"@id\":\"https:\\\/\\\/www.immo-invest.ch\\\/fr\\\/experimentierfeld-genossenschaftliches-stadtleben\\\/#webpage\"},\"isPartOf\":{\"@id\":\"https:\\\/\\\/www.immo-invest.ch\\\/fr\\\/experimentierfeld-genossenschaftliches-stadtleben\\\/#webpage\"},\"articleSection\":\"Durabilit\\u00e9, Planification \\\/ D\\u00e9veloppement, Projects, Quartiers \\\/ Zones, Trends, Winterthur, genossenschaftliches Wohnen, Immoinvest, immoNews, Mischnutzung Quartier, News, Stadtentwicklung Winterthur, Facultatif\"},{\"@type\":\"BreadcrumbList\",\"@id\":\"https:\\\/\\\/www.immo-invest.ch\\\/fr\\\/experimentierfeld-genossenschaftliches-stadtleben\\\/#breadcrumblist\",\"itemListElement\":[{\"@type\":\"ListItem\",\"@id\":\"https:\\\/\\\/www.immo-invest.ch\\\/fr\\\/#listItem\",\"position\":1,\"name\":\"Home\",\"item\":\"https:\\\/\\\/www.immo-invest.ch\\\/fr\\\/\",\"nextItem\":{\"@type\":\"ListItem\",\"@id\":\"https:\\\/\\\/www.immo-invest.ch\\\/fr\\\/categories\\\/regions\\\/#listItem\",\"name\":\"R\\u00e9gions\"}},{\"@type\":\"ListItem\",\"@id\":\"https:\\\/\\\/www.immo-invest.ch\\\/fr\\\/categories\\\/regions\\\/#listItem\",\"position\":2,\"name\":\"R\\u00e9gions\",\"item\":\"https:\\\/\\\/www.immo-invest.ch\\\/fr\\\/categories\\\/regions\\\/\",\"nextItem\":{\"@type\":\"ListItem\",\"@id\":\"https:\\\/\\\/www.immo-invest.ch\\\/fr\\\/categories\\\/regions\\\/suisse\\\/#listItem\",\"name\":\"Suisse\"},\"previousItem\":{\"@type\":\"ListItem\",\"@id\":\"https:\\\/\\\/www.immo-invest.ch\\\/fr\\\/#listItem\",\"name\":\"Home\"}},{\"@type\":\"ListItem\",\"@id\":\"https:\\\/\\\/www.immo-invest.ch\\\/fr\\\/categories\\\/regions\\\/suisse\\\/#listItem\",\"position\":3,\"name\":\"Suisse\",\"item\":\"https:\\\/\\\/www.immo-invest.ch\\\/fr\\\/categories\\\/regions\\\/suisse\\\/\",\"nextItem\":{\"@type\":\"ListItem\",\"@id\":\"https:\\\/\\\/www.immo-invest.ch\\\/fr\\\/categories\\\/regions\\\/suisse\\\/region-zurich\\\/#listItem\",\"name\":\"Zurich\"},\"previousItem\":{\"@type\":\"ListItem\",\"@id\":\"https:\\\/\\\/www.immo-invest.ch\\\/fr\\\/categories\\\/regions\\\/#listItem\",\"name\":\"R\\u00e9gions\"}},{\"@type\":\"ListItem\",\"@id\":\"https:\\\/\\\/www.immo-invest.ch\\\/fr\\\/categories\\\/regions\\\/suisse\\\/region-zurich\\\/#listItem\",\"position\":4,\"name\":\"Zurich\",\"item\":\"https:\\\/\\\/www.immo-invest.ch\\\/fr\\\/categories\\\/regions\\\/suisse\\\/region-zurich\\\/\",\"nextItem\":{\"@type\":\"ListItem\",\"@id\":\"https:\\\/\\\/www.immo-invest.ch\\\/fr\\\/categories\\\/regions\\\/suisse\\\/region-zurich\\\/winterthur-fr\\\/#listItem\",\"name\":\"Winterthur\"},\"previousItem\":{\"@type\":\"ListItem\",\"@id\":\"https:\\\/\\\/www.immo-invest.ch\\\/fr\\\/categories\\\/regions\\\/suisse\\\/#listItem\",\"name\":\"Suisse\"}},{\"@type\":\"ListItem\",\"@id\":\"https:\\\/\\\/www.immo-invest.ch\\\/fr\\\/categories\\\/regions\\\/suisse\\\/region-zurich\\\/winterthur-fr\\\/#listItem\",\"position\":5,\"name\":\"Winterthur\",\"item\":\"https:\\\/\\\/www.immo-invest.ch\\\/fr\\\/categories\\\/regions\\\/suisse\\\/region-zurich\\\/winterthur-fr\\\/\",\"nextItem\":{\"@type\":\"ListItem\",\"@id\":\"https:\\\/\\\/www.immo-invest.ch\\\/fr\\\/experimentierfeld-genossenschaftliches-stadtleben\\\/#listItem\",\"name\":\"Champ d&rsquo;exp\\u00e9rimentation de la vie urbaine coop\\u00e9rative\"},\"previousItem\":{\"@type\":\"ListItem\",\"@id\":\"https:\\\/\\\/www.immo-invest.ch\\\/fr\\\/categories\\\/regions\\\/suisse\\\/region-zurich\\\/#listItem\",\"name\":\"Zurich\"}},{\"@type\":\"ListItem\",\"@id\":\"https:\\\/\\\/www.immo-invest.ch\\\/fr\\\/experimentierfeld-genossenschaftliches-stadtleben\\\/#listItem\",\"position\":6,\"name\":\"Champ d&rsquo;exp\\u00e9rimentation de la vie urbaine coop\\u00e9rative\",\"previousItem\":{\"@type\":\"ListItem\",\"@id\":\"https:\\\/\\\/www.immo-invest.ch\\\/fr\\\/categories\\\/regions\\\/suisse\\\/region-zurich\\\/winterthur-fr\\\/#listItem\",\"name\":\"Winterthur\"}}]},{\"@type\":\"Organization\",\"@id\":\"https:\\\/\\\/www.immo-invest.ch\\\/fr\\\/#organization\",\"name\":\"immo!nvest - Die Plattform f\\u00fcr Standorte und Immobilien\",\"description\":\"Die\\u00a0Plattform f\\u00fcr Standorte und Immobilien\",\"url\":\"https:\\\/\\\/www.immo-invest.ch\\\/fr\\\/\",\"email\":\"admin@immomedia.ag\",\"telephone\":\"+41444420002\",\"logo\":{\"@type\":\"ImageObject\",\"url\":\"https:\\\/\\\/www.immo-invest.ch\\\/wp-content\\\/uploads\\\/2024\\\/09\\\/immoinvest_sm-scaled.jpg\",\"@id\":\"https:\\\/\\\/www.immo-invest.ch\\\/fr\\\/experimentierfeld-genossenschaftliches-stadtleben\\\/#organizationLogo\",\"width\":2560,\"height\":1340},\"image\":{\"@id\":\"https:\\\/\\\/www.immo-invest.ch\\\/fr\\\/experimentierfeld-genossenschaftliches-stadtleben\\\/#organizationLogo\"},\"sameAs\":[\"https:\\\/\\\/www.facebook.com\\\/people\\\/Immoinvest\\\/100077962920504\\\/\",\"https:\\\/\\\/x.com\\\/i\\\/flow\\\/login?redirect_after_login=immoinvest_ch\",\"https:\\\/\\\/www.instagram.com\\\/immoinvest_ch\\\/\",\"https:\\\/\\\/www.linkedin.com\\\/company\\\/immoinvest-swiss\"]},{\"@type\":\"Person\",\"@id\":\"https:\\\/\\\/www.immo-invest.ch\\\/fr\\\/author\\\/immovestuser\\\/#author\",\"url\":\"https:\\\/\\\/www.immo-invest.ch\\\/fr\\\/author\\\/immovestuser\\\/\",\"name\":\"immovestuser\",\"image\":{\"@type\":\"ImageObject\",\"@id\":\"https:\\\/\\\/www.immo-invest.ch\\\/fr\\\/experimentierfeld-genossenschaftliches-stadtleben\\\/#authorImage\",\"url\":\"https:\\\/\\\/secure.gravatar.com\\\/avatar\\\/8e01f4d99f2eeea7a362ebb93305e1172a70e9293ba250f897a65c39f54cdd1e?s=96&d=mm&r=g\",\"width\":96,\"height\":96,\"caption\":\"immovestuser\"}},{\"@type\":\"WebPage\",\"@id\":\"https:\\\/\\\/www.immo-invest.ch\\\/fr\\\/experimentierfeld-genossenschaftliches-stadtleben\\\/#webpage\",\"url\":\"https:\\\/\\\/www.immo-invest.ch\\\/fr\\\/experimentierfeld-genossenschaftliches-stadtleben\\\/\",\"name\":\"Champ d\\u2019exp\\u00e9rimentation de la vie urbaine coop\\u00e9rative - immo!nvest - Die Plattform f\\u00fcr Standorte und Immobilien\",\"description\":\"Le projet Hobelwerk \\u00e0 Oberwinterthur montre comment un ancien site industriel situ\\u00e9 \\u00e0 proximit\\u00e9 imm\\u00e9diate de la gare peut donner naissance \\u00e0 un quartier dense \\u00e0 usage mixte, qui associe d\\u00e9sormais habitat, travail et vie communautaire. Environ 400 personnes vivent et travaillent ici dans un espace restreint, avec des formes d'habitat vari\\u00e9es, un urbanisme robuste et un mod\\u00e8le coop\\u00e9ratif clair.\",\"inLanguage\":\"fr-FR\",\"isPartOf\":{\"@id\":\"https:\\\/\\\/www.immo-invest.ch\\\/fr\\\/#website\"},\"breadcrumb\":{\"@id\":\"https:\\\/\\\/www.immo-invest.ch\\\/fr\\\/experimentierfeld-genossenschaftliches-stadtleben\\\/#breadcrumblist\"},\"author\":{\"@id\":\"https:\\\/\\\/www.immo-invest.ch\\\/fr\\\/author\\\/immovestuser\\\/#author\"},\"creator\":{\"@id\":\"https:\\\/\\\/www.immo-invest.ch\\\/fr\\\/author\\\/immovestuser\\\/#author\"},\"image\":{\"@type\":\"ImageObject\",\"url\":\"https:\\\/\\\/www.immo-invest.ch\\\/wp-content\\\/uploads\\\/2026\\\/01\\\/6852d39c2ef769a12eb9aac0_20231006-HOB_E2_Luftaufnahmen-17-1.jpg\",\"@id\":\"https:\\\/\\\/www.immo-invest.ch\\\/fr\\\/experimentierfeld-genossenschaftliches-stadtleben\\\/#mainImage\",\"width\":2400,\"height\":1599},\"primaryImageOfPage\":{\"@id\":\"https:\\\/\\\/www.immo-invest.ch\\\/fr\\\/experimentierfeld-genossenschaftliches-stadtleben\\\/#mainImage\"},\"datePublished\":\"2026-01-13T14:42:14+01:00\",\"dateModified\":\"2026-01-13T14:49:23+01:00\"},{\"@type\":\"WebSite\",\"@id\":\"https:\\\/\\\/www.immo-invest.ch\\\/fr\\\/#website\",\"url\":\"https:\\\/\\\/www.immo-invest.ch\\\/fr\\\/\",\"name\":\"immo!nvest - Die Plattform f\\u00fcr Standorte und Immobilien\",\"description\":\"Die\\u00a0Plattform f\\u00fcr Standorte und Immobilien\",\"inLanguage\":\"fr-FR\",\"publisher\":{\"@id\":\"https:\\\/\\\/www.immo-invest.ch\\\/fr\\\/#organization\"}}]}\n\t\t<\/script>\n\t\t<!-- All in One SEO -->\n\n","aioseo_head_json":{"title":"Champ d\u2019exp\u00e9rimentation de la vie urbaine coop\u00e9rative - immo!nvest - Die Plattform f\u00fcr Standorte und Immobilien","description":"Le projet Hobelwerk \u00e0 Oberwinterthur montre comment un ancien site industriel situ\u00e9 \u00e0 proximit\u00e9 imm\u00e9diate de la gare peut donner naissance \u00e0 un quartier dense \u00e0 usage mixte, qui associe d\u00e9sormais habitat, travail et vie communautaire. Environ 400 personnes vivent et travaillent ici dans un espace restreint, avec des formes d'habitat vari\u00e9es, un urbanisme robuste et un mod\u00e8le coop\u00e9ratif clair.","canonical_url":"https:\/\/www.immo-invest.ch\/fr\/experimentierfeld-genossenschaftliches-stadtleben\/","robots":"max-image-preview:large","keywords":"","webmasterTools":{"google-site-verification":"fHJKvgWpZCR2zVBHWfkQeFXC11qieUSff0HGNYfuyLA","miscellaneous":""},"schema":{"@context":"https:\/\/schema.org","@graph":[{"@type":"BlogPosting","@id":"https:\/\/www.immo-invest.ch\/fr\/experimentierfeld-genossenschaftliches-stadtleben\/#blogposting","name":"Champ d\u2019exp\u00e9rimentation de la vie urbaine coop\u00e9rative - immo!nvest - Die Plattform f\u00fcr Standorte und Immobilien","headline":"Champ d&rsquo;exp\u00e9rimentation de la vie urbaine coop\u00e9rative","author":{"@id":"https:\/\/www.immo-invest.ch\/fr\/author\/immovestuser\/#author"},"publisher":{"@id":"https:\/\/www.immo-invest.ch\/fr\/#organization"},"image":{"@type":"ImageObject","url":"https:\/\/www.immo-invest.ch\/wp-content\/uploads\/2026\/01\/6852d39c2ef769a12eb9aac0_20231006-HOB_E2_Luftaufnahmen-17-1.jpg","width":2400,"height":1599},"datePublished":"2026-01-13T14:42:14+01:00","dateModified":"2026-01-13T14:49:23+01:00","inLanguage":"fr-FR","mainEntityOfPage":{"@id":"https:\/\/www.immo-invest.ch\/fr\/experimentierfeld-genossenschaftliches-stadtleben\/#webpage"},"isPartOf":{"@id":"https:\/\/www.immo-invest.ch\/fr\/experimentierfeld-genossenschaftliches-stadtleben\/#webpage"},"articleSection":"Durabilit\u00e9, Planification \/ D\u00e9veloppement, Projects, Quartiers \/ Zones, Trends, Winterthur, genossenschaftliches Wohnen, Immoinvest, immoNews, Mischnutzung Quartier, News, Stadtentwicklung Winterthur, Facultatif"},{"@type":"BreadcrumbList","@id":"https:\/\/www.immo-invest.ch\/fr\/experimentierfeld-genossenschaftliches-stadtleben\/#breadcrumblist","itemListElement":[{"@type":"ListItem","@id":"https:\/\/www.immo-invest.ch\/fr\/#listItem","position":1,"name":"Home","item":"https:\/\/www.immo-invest.ch\/fr\/","nextItem":{"@type":"ListItem","@id":"https:\/\/www.immo-invest.ch\/fr\/categories\/regions\/#listItem","name":"R\u00e9gions"}},{"@type":"ListItem","@id":"https:\/\/www.immo-invest.ch\/fr\/categories\/regions\/#listItem","position":2,"name":"R\u00e9gions","item":"https:\/\/www.immo-invest.ch\/fr\/categories\/regions\/","nextItem":{"@type":"ListItem","@id":"https:\/\/www.immo-invest.ch\/fr\/categories\/regions\/suisse\/#listItem","name":"Suisse"},"previousItem":{"@type":"ListItem","@id":"https:\/\/www.immo-invest.ch\/fr\/#listItem","name":"Home"}},{"@type":"ListItem","@id":"https:\/\/www.immo-invest.ch\/fr\/categories\/regions\/suisse\/#listItem","position":3,"name":"Suisse","item":"https:\/\/www.immo-invest.ch\/fr\/categories\/regions\/suisse\/","nextItem":{"@type":"ListItem","@id":"https:\/\/www.immo-invest.ch\/fr\/categories\/regions\/suisse\/region-zurich\/#listItem","name":"Zurich"},"previousItem":{"@type":"ListItem","@id":"https:\/\/www.immo-invest.ch\/fr\/categories\/regions\/#listItem","name":"R\u00e9gions"}},{"@type":"ListItem","@id":"https:\/\/www.immo-invest.ch\/fr\/categories\/regions\/suisse\/region-zurich\/#listItem","position":4,"name":"Zurich","item":"https:\/\/www.immo-invest.ch\/fr\/categories\/regions\/suisse\/region-zurich\/","nextItem":{"@type":"ListItem","@id":"https:\/\/www.immo-invest.ch\/fr\/categories\/regions\/suisse\/region-zurich\/winterthur-fr\/#listItem","name":"Winterthur"},"previousItem":{"@type":"ListItem","@id":"https:\/\/www.immo-invest.ch\/fr\/categories\/regions\/suisse\/#listItem","name":"Suisse"}},{"@type":"ListItem","@id":"https:\/\/www.immo-invest.ch\/fr\/categories\/regions\/suisse\/region-zurich\/winterthur-fr\/#listItem","position":5,"name":"Winterthur","item":"https:\/\/www.immo-invest.ch\/fr\/categories\/regions\/suisse\/region-zurich\/winterthur-fr\/","nextItem":{"@type":"ListItem","@id":"https:\/\/www.immo-invest.ch\/fr\/experimentierfeld-genossenschaftliches-stadtleben\/#listItem","name":"Champ d&rsquo;exp\u00e9rimentation de la vie urbaine coop\u00e9rative"},"previousItem":{"@type":"ListItem","@id":"https:\/\/www.immo-invest.ch\/fr\/categories\/regions\/suisse\/region-zurich\/#listItem","name":"Zurich"}},{"@type":"ListItem","@id":"https:\/\/www.immo-invest.ch\/fr\/experimentierfeld-genossenschaftliches-stadtleben\/#listItem","position":6,"name":"Champ d&rsquo;exp\u00e9rimentation de la vie urbaine coop\u00e9rative","previousItem":{"@type":"ListItem","@id":"https:\/\/www.immo-invest.ch\/fr\/categories\/regions\/suisse\/region-zurich\/winterthur-fr\/#listItem","name":"Winterthur"}}]},{"@type":"Organization","@id":"https:\/\/www.immo-invest.ch\/fr\/#organization","name":"immo!nvest - Die Plattform f\u00fcr Standorte und Immobilien","description":"Die\u00a0Plattform f\u00fcr Standorte und Immobilien","url":"https:\/\/www.immo-invest.ch\/fr\/","email":"admin@immomedia.ag","telephone":"+41444420002","logo":{"@type":"ImageObject","url":"https:\/\/www.immo-invest.ch\/wp-content\/uploads\/2024\/09\/immoinvest_sm-scaled.jpg","@id":"https:\/\/www.immo-invest.ch\/fr\/experimentierfeld-genossenschaftliches-stadtleben\/#organizationLogo","width":2560,"height":1340},"image":{"@id":"https:\/\/www.immo-invest.ch\/fr\/experimentierfeld-genossenschaftliches-stadtleben\/#organizationLogo"},"sameAs":["https:\/\/www.facebook.com\/people\/Immoinvest\/100077962920504\/","https:\/\/x.com\/i\/flow\/login?redirect_after_login=immoinvest_ch","https:\/\/www.instagram.com\/immoinvest_ch\/","https:\/\/www.linkedin.com\/company\/immoinvest-swiss"]},{"@type":"Person","@id":"https:\/\/www.immo-invest.ch\/fr\/author\/immovestuser\/#author","url":"https:\/\/www.immo-invest.ch\/fr\/author\/immovestuser\/","name":"immovestuser","image":{"@type":"ImageObject","@id":"https:\/\/www.immo-invest.ch\/fr\/experimentierfeld-genossenschaftliches-stadtleben\/#authorImage","url":"https:\/\/secure.gravatar.com\/avatar\/8e01f4d99f2eeea7a362ebb93305e1172a70e9293ba250f897a65c39f54cdd1e?s=96&d=mm&r=g","width":96,"height":96,"caption":"immovestuser"}},{"@type":"WebPage","@id":"https:\/\/www.immo-invest.ch\/fr\/experimentierfeld-genossenschaftliches-stadtleben\/#webpage","url":"https:\/\/www.immo-invest.ch\/fr\/experimentierfeld-genossenschaftliches-stadtleben\/","name":"Champ d\u2019exp\u00e9rimentation de la vie urbaine coop\u00e9rative - immo!nvest - Die Plattform f\u00fcr Standorte und Immobilien","description":"Le projet Hobelwerk \u00e0 Oberwinterthur montre comment un ancien site industriel situ\u00e9 \u00e0 proximit\u00e9 imm\u00e9diate de la gare peut donner naissance \u00e0 un quartier dense \u00e0 usage mixte, qui associe d\u00e9sormais habitat, travail et vie communautaire. Environ 400 personnes vivent et travaillent ici dans un espace restreint, avec des formes d'habitat vari\u00e9es, un urbanisme robuste et un mod\u00e8le coop\u00e9ratif clair.","inLanguage":"fr-FR","isPartOf":{"@id":"https:\/\/www.immo-invest.ch\/fr\/#website"},"breadcrumb":{"@id":"https:\/\/www.immo-invest.ch\/fr\/experimentierfeld-genossenschaftliches-stadtleben\/#breadcrumblist"},"author":{"@id":"https:\/\/www.immo-invest.ch\/fr\/author\/immovestuser\/#author"},"creator":{"@id":"https:\/\/www.immo-invest.ch\/fr\/author\/immovestuser\/#author"},"image":{"@type":"ImageObject","url":"https:\/\/www.immo-invest.ch\/wp-content\/uploads\/2026\/01\/6852d39c2ef769a12eb9aac0_20231006-HOB_E2_Luftaufnahmen-17-1.jpg","@id":"https:\/\/www.immo-invest.ch\/fr\/experimentierfeld-genossenschaftliches-stadtleben\/#mainImage","width":2400,"height":1599},"primaryImageOfPage":{"@id":"https:\/\/www.immo-invest.ch\/fr\/experimentierfeld-genossenschaftliches-stadtleben\/#mainImage"},"datePublished":"2026-01-13T14:42:14+01:00","dateModified":"2026-01-13T14:49:23+01:00"},{"@type":"WebSite","@id":"https:\/\/www.immo-invest.ch\/fr\/#website","url":"https:\/\/www.immo-invest.ch\/fr\/","name":"immo!nvest - Die Plattform f\u00fcr Standorte und Immobilien","description":"Die\u00a0Plattform f\u00fcr Standorte und Immobilien","inLanguage":"fr-FR","publisher":{"@id":"https:\/\/www.immo-invest.ch\/fr\/#organization"}}]},"og:locale":"fr_FR","og:site_name":"immo!nvest - Die Plattform f\u00fcr Standorte und Immobilien - Die\u00a0Plattform f\u00fcr Standorte und Immobilien","og:type":"article","og:title":"Champ d\u2019exp\u00e9rimentation de la vie urbaine coop\u00e9rative - immo!nvest - Die Plattform f\u00fcr Standorte und Immobilien","og:description":"Le projet Hobelwerk \u00e0 Oberwinterthur montre comment un ancien site industriel situ\u00e9 \u00e0 proximit\u00e9 imm\u00e9diate de la gare peut donner naissance \u00e0 un quartier dense \u00e0 usage mixte, qui associe d\u00e9sormais habitat, travail et vie communautaire. Environ 400 personnes vivent et travaillent ici dans un espace restreint, avec des formes d'habitat vari\u00e9es, un urbanisme robuste et un mod\u00e8le coop\u00e9ratif clair.","og:url":"https:\/\/www.immo-invest.ch\/fr\/experimentierfeld-genossenschaftliches-stadtleben\/","og:image":"https:\/\/www.immo-invest.ch\/wp-content\/uploads\/2026\/01\/6852d39c2ef769a12eb9aac0_20231006-HOB_E2_Luftaufnahmen-17-1.jpg","og:image:secure_url":"https:\/\/www.immo-invest.ch\/wp-content\/uploads\/2026\/01\/6852d39c2ef769a12eb9aac0_20231006-HOB_E2_Luftaufnahmen-17-1.jpg","og:image:width":2400,"og:image:height":1599,"article:published_time":"2026-01-13T13:42:14+00:00","article:modified_time":"2026-01-13T13:49:23+00:00","article:publisher":"https:\/\/www.facebook.com\/people\/Immoinvest\/100077962920504\/","twitter:card":"summary_large_image","twitter:site":"@i","twitter:title":"Champ d\u2019exp\u00e9rimentation de la vie urbaine coop\u00e9rative - immo!nvest - Die Plattform f\u00fcr Standorte und Immobilien","twitter:description":"Le projet Hobelwerk \u00e0 Oberwinterthur montre comment un ancien site industriel situ\u00e9 \u00e0 proximit\u00e9 imm\u00e9diate de la gare peut donner naissance \u00e0 un quartier dense \u00e0 usage mixte, qui associe d\u00e9sormais habitat, travail et vie communautaire. Environ 400 personnes vivent et travaillent ici dans un espace restreint, avec des formes d'habitat vari\u00e9es, un urbanisme robuste et un mod\u00e8le coop\u00e9ratif clair.","twitter:creator":"@i","twitter:image":"https:\/\/www.immo-invest.ch\/wp-content\/uploads\/2026\/01\/6852d39c2ef769a12eb9aac0_20231006-HOB_E2_Luftaufnahmen-17-1.jpg"},"aioseo_meta_data":{"post_id":"147021","title":null,"description":null,"keywords":null,"keyphrases":{"focus":{"keyphrase":"","score":0,"analysis":{"keyphraseInTitle":{"score":0,"maxScore":9,"error":1}}},"additional":[]},"primary_term":null,"canonical_url":null,"og_title":null,"og_description":null,"og_object_type":"default","og_image_type":"default","og_image_url":null,"og_image_width":null,"og_image_height":null,"og_image_custom_url":null,"og_image_custom_fields":null,"og_video":"","og_custom_url":null,"og_article_section":null,"og_article_tags":null,"twitter_use_og":false,"twitter_card":"default","twitter_image_type":"default","twitter_image_url":null,"twitter_image_custom_url":null,"twitter_image_custom_fields":null,"twitter_title":null,"twitter_description":null,"schema":{"blockGraphs":[],"customGraphs":[],"default":{"data":{"Article":[],"Course":[],"Dataset":[],"FAQPage":[],"Movie":[],"Person":[],"Product":[],"ProductReview":[],"Car":[],"Recipe":[],"Service":[],"SoftwareApplication":[],"WebPage":[]},"graphName":"BlogPosting","isEnabled":true},"graphs":[]},"schema_type":"default","schema_type_options":null,"pillar_content":false,"robots_default":true,"robots_noindex":false,"robots_noarchive":false,"robots_nosnippet":false,"robots_nofollow":false,"robots_noimageindex":false,"robots_noodp":false,"robots_notranslate":false,"robots_max_snippet":"-1","robots_max_videopreview":"-1","robots_max_imagepreview":"large","priority":null,"frequency":"default","local_seo":null,"breadcrumb_settings":null,"limit_modified_date":false,"ai":{"faqs":[],"keyPoints":[],"titles":[],"descriptions":[],"socialPosts":{"email":[],"linkedin":[],"twitter":[],"facebook":[],"instagram":[]}},"created":"2026-01-13 13:49:23","updated":"2026-01-13 13:53:14","seo_analyzer_scan_date":null,"focus_keyword":null,"additional_keywords":null,"truseo_locale":null},"aioseo_breadcrumb":"<div class=\"aioseo-breadcrumbs\"><span class=\"aioseo-breadcrumb\">\n\t\t\t<a href=\"https:\/\/www.immo-invest.ch\/fr\/\" title=\"Home\">Home<\/a>\n\t\t<\/span><span class=\"aioseo-breadcrumb-separator\">&raquo;<\/span><span class=\"aioseo-breadcrumb\">\n\t\t\t<a href=\"https:\/\/www.immo-invest.ch\/fr\/categories\/regions\/\" title=\"R\u00e9gions\">R\u00e9gions<\/a>\n\t\t<\/span><span class=\"aioseo-breadcrumb-separator\">&raquo;<\/span><span class=\"aioseo-breadcrumb\">\n\t\t\t<a href=\"https:\/\/www.immo-invest.ch\/fr\/categories\/regions\/suisse\/\" title=\"Suisse\">Suisse<\/a>\n\t\t<\/span><span class=\"aioseo-breadcrumb-separator\">&raquo;<\/span><span class=\"aioseo-breadcrumb\">\n\t\t\t<a href=\"https:\/\/www.immo-invest.ch\/fr\/categories\/regions\/suisse\/region-zurich\/\" title=\"Zurich\">Zurich<\/a>\n\t\t<\/span><span class=\"aioseo-breadcrumb-separator\">&raquo;<\/span><span class=\"aioseo-breadcrumb\">\n\t\t\t<a href=\"https:\/\/www.immo-invest.ch\/fr\/categories\/regions\/suisse\/region-zurich\/winterthur-fr\/\" title=\"Winterthur\">Winterthur<\/a>\n\t\t<\/span><span class=\"aioseo-breadcrumb-separator\">&raquo;<\/span><span class=\"aioseo-breadcrumb\">\n\t\t\tChamp d\u2019exp\u00e9rimentation de la vie urbaine coop\u00e9rative\n\t\t<\/span><\/div>","aioseo_breadcrumb_json":[{"label":"Home","link":"https:\/\/www.immo-invest.ch\/fr\/"},{"label":"R\u00e9gions","link":"https:\/\/www.immo-invest.ch\/fr\/categories\/regions\/"},{"label":"Suisse","link":"https:\/\/www.immo-invest.ch\/fr\/categories\/regions\/suisse\/"},{"label":"Zurich","link":"https:\/\/www.immo-invest.ch\/fr\/categories\/regions\/suisse\/region-zurich\/"},{"label":"Winterthur","link":"https:\/\/www.immo-invest.ch\/fr\/categories\/regions\/suisse\/region-zurich\/winterthur-fr\/"},{"label":"Champ d&rsquo;exp\u00e9rimentation de la vie urbaine coop\u00e9rative","link":"https:\/\/www.immo-invest.ch\/fr\/experimentierfeld-genossenschaftliches-stadtleben\/"}],"featured_image_src":"https:\/\/www.immo-invest.ch\/wp-content\/uploads\/2026\/01\/6852d39c2ef769a12eb9aac0_20231006-HOB_E2_Luftaufnahmen-17-1-336x168.jpg","_links":{"self":[{"href":"https:\/\/www.immo-invest.ch\/fr\/wp-json\/wp\/v2\/posts\/147021","targetHints":{"allow":["GET"]}}],"collection":[{"href":"https:\/\/www.immo-invest.ch\/fr\/wp-json\/wp\/v2\/posts"}],"about":[{"href":"https:\/\/www.immo-invest.ch\/fr\/wp-json\/wp\/v2\/types\/post"}],"author":[{"embeddable":true,"href":"https:\/\/www.immo-invest.ch\/fr\/wp-json\/wp\/v2\/users\/2"}],"replies":[{"embeddable":true,"href":"https:\/\/www.immo-invest.ch\/fr\/wp-json\/wp\/v2\/comments?post=147021"}],"version-history":[{"count":2,"href":"https:\/\/www.immo-invest.ch\/fr\/wp-json\/wp\/v2\/posts\/147021\/revisions"}],"predecessor-version":[{"id":147028,"href":"https:\/\/www.immo-invest.ch\/fr\/wp-json\/wp\/v2\/posts\/147021\/revisions\/147028"}],"wp:featuredmedia":[{"embeddable":true,"href":"https:\/\/www.immo-invest.ch\/fr\/wp-json\/wp\/v2\/media\/147022"}],"wp:attachment":[{"href":"https:\/\/www.immo-invest.ch\/fr\/wp-json\/wp\/v2\/media?parent=147021"}],"wp:term":[{"taxonomy":"category","embeddable":true,"href":"https:\/\/www.immo-invest.ch\/fr\/wp-json\/wp\/v2\/categories?post=147021"},{"taxonomy":"post_tag","embeddable":true,"href":"https:\/\/www.immo-invest.ch\/fr\/wp-json\/wp\/v2\/tags?post=147021"}],"curies":[{"name":"wp","href":"https:\/\/api.w.org\/{rel}","templated":true}]}}