{"id":147001,"date":"2026-01-13T14:09:30","date_gmt":"2026-01-13T13:09:30","guid":{"rendered":"https:\/\/www.immo-invest.ch\/kantone-stoppen-brandschutz-liberalisierung\/"},"modified":"2026-01-13T14:19:58","modified_gmt":"2026-01-13T13:19:58","slug":"kantone-stoppen-brandschutz-liberalisierung","status":"publish","type":"post","link":"https:\/\/www.immo-invest.ch\/fr\/kantone-stoppen-brandschutz-liberalisierung\/","title":{"rendered":"Les cantons stoppent la lib\u00e9ralisation de la protection contre les incendies"},"content":{"rendered":"<p class=\"wp-block-paragraph\">Les prescriptions de protection incendie AEAI de 2015, actuellement en vigueur, constituent le cadre obligatoire pour la protection incendie architecturale et technique dans toute la Suisse. Elles sont mises en &oelig;uvre par les cantons et les communes. Une r&eacute;vision totale &eacute;tait pr&eacute;vue pour 2026\/2027. Sur mandat des cantons, l&rsquo;AEAI a &eacute;labor&eacute; un projet d&rsquo;environ 500 pages qui, sous le titre de projet &laquo;&nbsp;BSV 2026&nbsp;&raquo;, a fait l&rsquo;objet d&rsquo;une consultation technique depuis septembre 2025.<\/p>\n\n\n\n<p class=\"wp-block-paragraph\">L&rsquo;objectif &eacute;tait d&rsquo;&eacute;laborer un cadre r&eacute;glementaire plus moderne, davantage ax&eacute; sur la proportionnalit&eacute;, la d&eacute;r&eacute;glementation et l&rsquo;optimisation des co&ucirc;ts et des b&eacute;n&eacute;fices. L&rsquo;approche consistait &agrave; d&eacute;finir des objectifs de protection clairs, &agrave; simplifier les proc&eacute;dures de v&eacute;rification et &agrave; accro&icirc;tre la responsabilit&eacute; individuelle tout au long du cycle de vie d&rsquo;un b&acirc;timent.<\/p>\n\n\n\n<p class=\"wp-block-paragraph\"><strong>Les assouplissements pr&eacute;vus en point de mire<br><\/strong>Ce sont surtout les assouplissements ponctuels qui ont fait l&rsquo;objet de discussions critiques. Le projet pr&eacute;voyait, dans certains sc&eacute;narios d&rsquo;utilisation, des longueurs de voies d&rsquo;&eacute;vacuation autoris&eacute;es plus longues et des exigences simplifi&eacute;es pour les &eacute;l&eacute;ments de construction combustibles. En outre, les contr&ocirc;les obligatoires devaient &ecirc;tre partiellement r&eacute;duits au profit d&rsquo;une plus grande autod&eacute;claration et d&rsquo;une plus grande responsabilit&eacute; des propri&eacute;taires.<\/p>\n\n\n\n<p class=\"wp-block-paragraph\">Combien de suppressions de normes un syst&egrave;me dont la mission principale est la protection des vies humaines peut-il supporter ? Les critiques ont mis en garde contre le fait que les pr&eacute;tendus gains d&rsquo;efficacit&eacute; pourraient &ecirc;tre pay&eacute;s au prix fort en cas d&rsquo;urgence.<\/p>\n\n\n\n<p class=\"wp-block-paragraph\"><strong>Arr&ecirc;t de marche apr&egrave;s l&rsquo;incendie<br><\/strong>L&rsquo;incendie catastrophique survenu en Valais dans la nuit de la Saint-Sylvestre a brusquement modifi&eacute; le d&eacute;bat. L&rsquo;organe intercantonal pour les obstacles techniques au commerce, en tant que mandataire politique du projet, a d&eacute;cr&eacute;t&eacute; d&eacute;but janvier 2026 un arr&ecirc;t de marche dans les efforts de lib&eacute;ralisation.<\/p>\n\n\n\n<p class=\"wp-block-paragraph\">La consultation technique sera certes formellement cl&ocirc;tur&eacute;e le 11 janvier, mais l&rsquo;ensemble du projet de r&eacute;forme sera r&eacute;&eacute;valu&eacute; sur le fond. Les enseignements s&ucirc;rs tir&eacute;s des &eacute;tudes en cours sur l&rsquo;incendie doivent &ecirc;tre discut&eacute;s tant sur le plan technique que politique et int&eacute;gr&eacute;s explicitement dans les travaux ult&eacute;rieurs.<\/p>\n\n\n\n<p class=\"wp-block-paragraph\"><strong>Critique de &laquo;&nbsp;plus de march&eacute;, moins d&rsquo;&Eacute;tat<\/strong>&laquo;&nbsp;<strong><br><\/strong>Avant l&rsquo;incendie, les sp&eacute;cialistes et les m&eacute;dias avaient d&eacute;j&agrave; exprim&eacute; leur scepticisme quant &agrave; l&rsquo;orientation de la r&eacute;vision. L&rsquo;orientation &laquo;&nbsp;d&eacute;r&eacute;gulation, plus de responsabilit&eacute; individuelle, moins de contr&ocirc;les&nbsp;&raquo; a &eacute;t&eacute; interpr&eacute;t&eacute;e comme un risque d&rsquo;affaiblir la s&eacute;curit&eacute; au profit de la r&eacute;duction des co&ucirc;ts, de la flexibilit&eacute; et de l&rsquo;acc&eacute;l&eacute;ration des projets.<\/p>\n\n\n\n<p class=\"wp-block-paragraph\">La situation est particuli&egrave;rement d&eacute;licate dans les cantons sans assurance cantonale des b&acirc;timents, comme le Valais, o&ugrave; les structures de pr&eacute;vention et de contr&ocirc;le sont moins denses. L&rsquo;inqui&eacute;tude y a grandi, car des voies d&rsquo;&eacute;vacuation plus longues, davantage d&rsquo;&eacute;l&eacute;ments de construction inflammables et une surveillance r&eacute;duite pourraient au final signifier des risques plus &eacute;lev&eacute;s de dommages majeurs et de victimes.<\/p>\n\n\n\n<p class=\"wp-block-paragraph\"><strong>Quelle est la suite du projet OFAS 2026 ?<br><\/strong>La consultation sur le projet technique est en cours d&rsquo;&eacute;valuation et, parall&egrave;lement, l&rsquo;IOTH et l&rsquo;AEAI &eacute;laborent une nouvelle feuille de route pour le projet &laquo;&nbsp;OFAS 2026&nbsp;&raquo;. Officiellement, tout est ouvert, des pr&eacute;cisions cibl&eacute;es au renforcement de certaines exigences en passant par une plus grande uniformisation.<\/p>\n\n\n\n<p class=\"wp-block-paragraph\">Parall&egrave;lement, un autre d&eacute;bat prend de l&rsquo;ampleur. De nombreux acteurs exigent des contr&ocirc;les et des normes minimales plus uniformes dans toute la Suisse, car la mise en &oelig;uvre actuelle des contr&ocirc;les de protection incendie varie fortement d&rsquo;un canton &agrave; l&rsquo;autre. L&rsquo;arr&ecirc;t de la marche ne marque donc pas la fin de la r&eacute;forme, mais un tournant. On s&rsquo;&eacute;loigne de la pure d&eacute;r&eacute;gulation pour s&rsquo;orienter vers une politique de protection incendie qui rend les le&ccedil;ons de Crans-Montana visibles et contraignantes.<\/p>\n","protected":false},"excerpt":{"rendered":"<p>Apr\u00e8s l&rsquo;incendie en Valais, les cantons ont stopp\u00e9 le projet \u00ab\u00a0BSV 2026\u00a0\u00bb et mis en veilleuse l&rsquo;assouplissement pr\u00e9vu des prescriptions suisses en mati\u00e8re de protection incendie. Au lieu de d\u00e9r\u00e9glementer, il s&rsquo;agit pour l&rsquo;instant d&rsquo;analyser, de clarifier et de r\u00e9ajuster, avec une issue ouverte entre durcissement, uniformisation ou adaptations ponctuelles.<\/p>\n","protected":false},"author":2,"featured_media":147002,"comment_status":"open","ping_status":"open","sticky":false,"template":"","format":"standard","meta":{"pmpro_default_level":"","inline_featured_image":false,"_monsterinsights_skip_tracking":false,"footnotes":""},"categories":[55982,22357,55976,56027,22303,22438],"tags":[56421,56422,56423,872,3931,2002],"class_list":["post-147001","post","type-post","status-publish","format-standard","has-post-thumbnail","hentry","category-associations","category-industrie-du-batiment","category-institutions-formation","category-planification-developpement","category-suisse","category-trends-fr","tag-baulicher-brandschutz","tag-brandschutzvorschriften-schweiz","tag-bsv-2026","tag-immoinvest-fr","tag-immonews-fr","tag-news-fr","pmpro-has-access"],"acf":{"bild_mit_ki_erstellt_worden":["Ja"],"lead":"Apr\u00e8s l'incendie en Valais, les cantons ont stopp\u00e9 le projet \"BSV 2026\" et mis en veilleuse l'assouplissement pr\u00e9vu des prescriptions suisses en mati\u00e8re de protection incendie. Au lieu de d\u00e9r\u00e9glementer, il s'agit pour l'instant d'analyser, de clarifier et de r\u00e9ajuster, avec une issue ouverte entre durcissement, uniformisation ou adaptations ponctuelles.","autor":"Quelle VKF AEAI","ort":"","bildunterschrift":"","bild_im_grid":false,"gallerie":"","newsim":""},"aioseo_notices":[],"aioseo_head":"\n\t\t<!-- All in One SEO 5.0.0.1 - aioseo.com -->\n\t<meta name=\"description\" content=\"Apr\u00e8s l&#039;incendie en Valais, les cantons ont stopp\u00e9 le projet &quot;BSV 2026&quot; et mis en veilleuse l&#039;assouplissement pr\u00e9vu des prescriptions suisses en mati\u00e8re de protection incendie. Au lieu de d\u00e9r\u00e9glementer, il s&#039;agit pour l&#039;instant d&#039;analyser, de clarifier et de r\u00e9ajuster, avec une issue ouverte entre durcissement, uniformisation ou adaptations ponctuelles.\" \/>\n\t<meta name=\"robots\" content=\"max-image-preview:large\" \/>\n\t<meta name=\"author\" content=\"immovestuser\"\/>\n\t<meta name=\"google-site-verification\" content=\"fHJKvgWpZCR2zVBHWfkQeFXC11qieUSff0HGNYfuyLA\" \/>\n\t<link rel=\"canonical\" href=\"https:\/\/www.immo-invest.ch\/fr\/kantone-stoppen-brandschutz-liberalisierung\/\" \/>\n\t<meta name=\"generator\" content=\"All in One SEO (AIOSEO) 5.0.0.1\" \/>\n\t\t<meta property=\"og:locale\" content=\"fr_FR\" \/>\n\t\t<meta property=\"og:site_name\" content=\"immo!nvest - Die Plattform f\u00fcr Standorte und Immobilien - Die\u00a0Plattform f\u00fcr Standorte und Immobilien\" \/>\n\t\t<meta property=\"og:type\" content=\"article\" \/>\n\t\t<meta property=\"og:title\" content=\"Les cantons stoppent la lib\u00e9ralisation de la protection contre les incendies - immo!nvest - Die Plattform f\u00fcr Standorte und Immobilien\" \/>\n\t\t<meta property=\"og:description\" content=\"Apr\u00e8s l&#039;incendie en Valais, les cantons ont stopp\u00e9 le projet &quot;BSV 2026&quot; et mis en veilleuse l&#039;assouplissement pr\u00e9vu des prescriptions suisses en mati\u00e8re de protection incendie. Au lieu de d\u00e9r\u00e9glementer, il s&#039;agit pour l&#039;instant d&#039;analyser, de clarifier et de r\u00e9ajuster, avec une issue ouverte entre durcissement, uniformisation ou adaptations ponctuelles.\" \/>\n\t\t<meta property=\"og:url\" content=\"https:\/\/www.immo-invest.ch\/fr\/kantone-stoppen-brandschutz-liberalisierung\/\" \/>\n\t\t<meta property=\"og:image\" content=\"https:\/\/www.immo-invest.ch\/wp-content\/uploads\/2026\/01\/immo-invest-trends-bauwirtschaft-planung-entwicklung-institutionen-bildung-verbaende-schweiz-brandschutzvorschriften-brandschutz.png\" \/>\n\t\t<meta property=\"og:image:secure_url\" content=\"https:\/\/www.immo-invest.ch\/wp-content\/uploads\/2026\/01\/immo-invest-trends-bauwirtschaft-planung-entwicklung-institutionen-bildung-verbaende-schweiz-brandschutzvorschriften-brandschutz.png\" \/>\n\t\t<meta property=\"og:image:width\" content=\"1536\" \/>\n\t\t<meta property=\"og:image:height\" content=\"768\" \/>\n\t\t<meta property=\"article:published_time\" content=\"2026-01-13T13:09:30+00:00\" \/>\n\t\t<meta property=\"article:modified_time\" content=\"2026-01-13T13:19:58+00:00\" \/>\n\t\t<meta property=\"article:publisher\" content=\"https:\/\/www.facebook.com\/people\/Immoinvest\/100077962920504\/\" \/>\n\t\t<meta name=\"twitter:card\" content=\"summary_large_image\" \/>\n\t\t<meta name=\"twitter:site\" content=\"@i\" \/>\n\t\t<meta name=\"twitter:title\" content=\"Les cantons stoppent la lib\u00e9ralisation de la protection contre les incendies - immo!nvest - Die Plattform f\u00fcr Standorte und Immobilien\" \/>\n\t\t<meta name=\"twitter:description\" content=\"Apr\u00e8s l&#039;incendie en Valais, les cantons ont stopp\u00e9 le projet &quot;BSV 2026&quot; et mis en veilleuse l&#039;assouplissement pr\u00e9vu des prescriptions suisses en mati\u00e8re de protection incendie. Au lieu de d\u00e9r\u00e9glementer, il s&#039;agit pour l&#039;instant d&#039;analyser, de clarifier et de r\u00e9ajuster, avec une issue ouverte entre durcissement, uniformisation ou adaptations ponctuelles.\" \/>\n\t\t<meta name=\"twitter:creator\" content=\"@i\" \/>\n\t\t<meta name=\"twitter:image\" content=\"https:\/\/www.immo-invest.ch\/wp-content\/uploads\/2026\/01\/immo-invest-trends-bauwirtschaft-planung-entwicklung-institutionen-bildung-verbaende-schweiz-brandschutzvorschriften-brandschutz.png\" \/>\n\t\t<script type=\"application\/ld+json\" class=\"aioseo-schema\">\n\t\t\t{\"@context\":\"https:\\\/\\\/schema.org\",\"@graph\":[{\"@type\":\"BlogPosting\",\"@id\":\"https:\\\/\\\/www.immo-invest.ch\\\/fr\\\/kantone-stoppen-brandschutz-liberalisierung\\\/#blogposting\",\"name\":\"Les cantons stoppent la lib\\u00e9ralisation de la protection contre les incendies - immo!nvest - Die Plattform f\\u00fcr Standorte und Immobilien\",\"headline\":\"Les cantons stoppent la lib\\u00e9ralisation de la protection contre les incendies\",\"author\":{\"@id\":\"https:\\\/\\\/www.immo-invest.ch\\\/fr\\\/author\\\/immovestuser\\\/#author\"},\"publisher\":{\"@id\":\"https:\\\/\\\/www.immo-invest.ch\\\/fr\\\/#organization\"},\"image\":{\"@type\":\"ImageObject\",\"url\":\"https:\\\/\\\/www.immo-invest.ch\\\/wp-content\\\/uploads\\\/2026\\\/01\\\/immo-invest-trends-bauwirtschaft-planung-entwicklung-institutionen-bildung-verbaende-schweiz-brandschutzvorschriften-brandschutz.png\",\"width\":1536,\"height\":768},\"datePublished\":\"2026-01-13T14:09:30+01:00\",\"dateModified\":\"2026-01-13T14:19:58+01:00\",\"inLanguage\":\"fr-FR\",\"mainEntityOfPage\":{\"@id\":\"https:\\\/\\\/www.immo-invest.ch\\\/fr\\\/kantone-stoppen-brandschutz-liberalisierung\\\/#webpage\"},\"isPartOf\":{\"@id\":\"https:\\\/\\\/www.immo-invest.ch\\\/fr\\\/kantone-stoppen-brandschutz-liberalisierung\\\/#webpage\"},\"articleSection\":\"Associations, Industrie du b\\u00e2timent, Institutions &amp; Formation, Planification \\\/ D\\u00e9veloppement, Suisse, Trends, baulicher Brandschutz, Brandschutzvorschriften Schweiz, BSV 2026, Immoinvest, immoNews, News, Facultatif\"},{\"@type\":\"BreadcrumbList\",\"@id\":\"https:\\\/\\\/www.immo-invest.ch\\\/fr\\\/kantone-stoppen-brandschutz-liberalisierung\\\/#breadcrumblist\",\"itemListElement\":[{\"@type\":\"ListItem\",\"@id\":\"https:\\\/\\\/www.immo-invest.ch\\\/fr\\\/#listItem\",\"position\":1,\"name\":\"Home\",\"item\":\"https:\\\/\\\/www.immo-invest.ch\\\/fr\\\/\",\"nextItem\":{\"@type\":\"ListItem\",\"@id\":\"https:\\\/\\\/www.immo-invest.ch\\\/fr\\\/categories\\\/regions\\\/#listItem\",\"name\":\"R\\u00e9gions\"}},{\"@type\":\"ListItem\",\"@id\":\"https:\\\/\\\/www.immo-invest.ch\\\/fr\\\/categories\\\/regions\\\/#listItem\",\"position\":2,\"name\":\"R\\u00e9gions\",\"item\":\"https:\\\/\\\/www.immo-invest.ch\\\/fr\\\/categories\\\/regions\\\/\",\"nextItem\":{\"@type\":\"ListItem\",\"@id\":\"https:\\\/\\\/www.immo-invest.ch\\\/fr\\\/categories\\\/regions\\\/suisse\\\/#listItem\",\"name\":\"Suisse\"},\"previousItem\":{\"@type\":\"ListItem\",\"@id\":\"https:\\\/\\\/www.immo-invest.ch\\\/fr\\\/#listItem\",\"name\":\"Home\"}},{\"@type\":\"ListItem\",\"@id\":\"https:\\\/\\\/www.immo-invest.ch\\\/fr\\\/categories\\\/regions\\\/suisse\\\/#listItem\",\"position\":3,\"name\":\"Suisse\",\"item\":\"https:\\\/\\\/www.immo-invest.ch\\\/fr\\\/categories\\\/regions\\\/suisse\\\/\",\"nextItem\":{\"@type\":\"ListItem\",\"@id\":\"https:\\\/\\\/www.immo-invest.ch\\\/fr\\\/kantone-stoppen-brandschutz-liberalisierung\\\/#listItem\",\"name\":\"Les cantons stoppent la lib\\u00e9ralisation de la protection contre les incendies\"},\"previousItem\":{\"@type\":\"ListItem\",\"@id\":\"https:\\\/\\\/www.immo-invest.ch\\\/fr\\\/categories\\\/regions\\\/#listItem\",\"name\":\"R\\u00e9gions\"}},{\"@type\":\"ListItem\",\"@id\":\"https:\\\/\\\/www.immo-invest.ch\\\/fr\\\/kantone-stoppen-brandschutz-liberalisierung\\\/#listItem\",\"position\":4,\"name\":\"Les cantons stoppent la lib\\u00e9ralisation de la protection contre les incendies\",\"previousItem\":{\"@type\":\"ListItem\",\"@id\":\"https:\\\/\\\/www.immo-invest.ch\\\/fr\\\/categories\\\/regions\\\/suisse\\\/#listItem\",\"name\":\"Suisse\"}}]},{\"@type\":\"Organization\",\"@id\":\"https:\\\/\\\/www.immo-invest.ch\\\/fr\\\/#organization\",\"name\":\"immo!nvest - Die Plattform f\\u00fcr Standorte und Immobilien\",\"description\":\"Die\\u00a0Plattform f\\u00fcr Standorte und Immobilien\",\"url\":\"https:\\\/\\\/www.immo-invest.ch\\\/fr\\\/\",\"email\":\"admin@immomedia.ag\",\"telephone\":\"+41444420002\",\"logo\":{\"@type\":\"ImageObject\",\"url\":\"https:\\\/\\\/www.immo-invest.ch\\\/wp-content\\\/uploads\\\/2024\\\/09\\\/immoinvest_sm-scaled.jpg\",\"@id\":\"https:\\\/\\\/www.immo-invest.ch\\\/fr\\\/kantone-stoppen-brandschutz-liberalisierung\\\/#organizationLogo\",\"width\":2560,\"height\":1340},\"image\":{\"@id\":\"https:\\\/\\\/www.immo-invest.ch\\\/fr\\\/kantone-stoppen-brandschutz-liberalisierung\\\/#organizationLogo\"},\"sameAs\":[\"https:\\\/\\\/www.facebook.com\\\/people\\\/Immoinvest\\\/100077962920504\\\/\",\"https:\\\/\\\/x.com\\\/i\\\/flow\\\/login?redirect_after_login=immoinvest_ch\",\"https:\\\/\\\/www.instagram.com\\\/immoinvest_ch\\\/\",\"https:\\\/\\\/www.linkedin.com\\\/company\\\/immoinvest-swiss\"]},{\"@type\":\"Person\",\"@id\":\"https:\\\/\\\/www.immo-invest.ch\\\/fr\\\/author\\\/immovestuser\\\/#author\",\"url\":\"https:\\\/\\\/www.immo-invest.ch\\\/fr\\\/author\\\/immovestuser\\\/\",\"name\":\"immovestuser\",\"image\":{\"@type\":\"ImageObject\",\"@id\":\"https:\\\/\\\/www.immo-invest.ch\\\/fr\\\/kantone-stoppen-brandschutz-liberalisierung\\\/#authorImage\",\"url\":\"https:\\\/\\\/secure.gravatar.com\\\/avatar\\\/8e01f4d99f2eeea7a362ebb93305e1172a70e9293ba250f897a65c39f54cdd1e?s=96&d=mm&r=g\",\"width\":96,\"height\":96,\"caption\":\"immovestuser\"}},{\"@type\":\"WebPage\",\"@id\":\"https:\\\/\\\/www.immo-invest.ch\\\/fr\\\/kantone-stoppen-brandschutz-liberalisierung\\\/#webpage\",\"url\":\"https:\\\/\\\/www.immo-invest.ch\\\/fr\\\/kantone-stoppen-brandschutz-liberalisierung\\\/\",\"name\":\"Les cantons stoppent la lib\\u00e9ralisation de la protection contre les incendies - immo!nvest - Die Plattform f\\u00fcr Standorte und Immobilien\",\"description\":\"Apr\\u00e8s l'incendie en Valais, les cantons ont stopp\\u00e9 le projet \\\"BSV 2026\\\" et mis en veilleuse l'assouplissement pr\\u00e9vu des prescriptions suisses en mati\\u00e8re de protection incendie. Au lieu de d\\u00e9r\\u00e9glementer, il s'agit pour l'instant d'analyser, de clarifier et de r\\u00e9ajuster, avec une issue ouverte entre durcissement, uniformisation ou adaptations ponctuelles.\",\"inLanguage\":\"fr-FR\",\"isPartOf\":{\"@id\":\"https:\\\/\\\/www.immo-invest.ch\\\/fr\\\/#website\"},\"breadcrumb\":{\"@id\":\"https:\\\/\\\/www.immo-invest.ch\\\/fr\\\/kantone-stoppen-brandschutz-liberalisierung\\\/#breadcrumblist\"},\"author\":{\"@id\":\"https:\\\/\\\/www.immo-invest.ch\\\/fr\\\/author\\\/immovestuser\\\/#author\"},\"creator\":{\"@id\":\"https:\\\/\\\/www.immo-invest.ch\\\/fr\\\/author\\\/immovestuser\\\/#author\"},\"image\":{\"@type\":\"ImageObject\",\"url\":\"https:\\\/\\\/www.immo-invest.ch\\\/wp-content\\\/uploads\\\/2026\\\/01\\\/immo-invest-trends-bauwirtschaft-planung-entwicklung-institutionen-bildung-verbaende-schweiz-brandschutzvorschriften-brandschutz.png\",\"@id\":\"https:\\\/\\\/www.immo-invest.ch\\\/fr\\\/kantone-stoppen-brandschutz-liberalisierung\\\/#mainImage\",\"width\":1536,\"height\":768},\"primaryImageOfPage\":{\"@id\":\"https:\\\/\\\/www.immo-invest.ch\\\/fr\\\/kantone-stoppen-brandschutz-liberalisierung\\\/#mainImage\"},\"datePublished\":\"2026-01-13T14:09:30+01:00\",\"dateModified\":\"2026-01-13T14:19:58+01:00\"},{\"@type\":\"WebSite\",\"@id\":\"https:\\\/\\\/www.immo-invest.ch\\\/fr\\\/#website\",\"url\":\"https:\\\/\\\/www.immo-invest.ch\\\/fr\\\/\",\"name\":\"immo!nvest - Die Plattform f\\u00fcr Standorte und Immobilien\",\"description\":\"Die\\u00a0Plattform f\\u00fcr Standorte und Immobilien\",\"inLanguage\":\"fr-FR\",\"publisher\":{\"@id\":\"https:\\\/\\\/www.immo-invest.ch\\\/fr\\\/#organization\"}}]}\n\t\t<\/script>\n\t\t<!-- All in One SEO -->\n\n","aioseo_head_json":{"title":"Les cantons stoppent la lib\u00e9ralisation de la protection contre les incendies - immo!nvest - Die Plattform f\u00fcr Standorte und Immobilien","description":"Apr\u00e8s l'incendie en Valais, les cantons ont stopp\u00e9 le projet \"BSV 2026\" et mis en veilleuse l'assouplissement pr\u00e9vu des prescriptions suisses en mati\u00e8re de protection incendie. Au lieu de d\u00e9r\u00e9glementer, il s'agit pour l'instant d'analyser, de clarifier et de r\u00e9ajuster, avec une issue ouverte entre durcissement, uniformisation ou adaptations ponctuelles.","canonical_url":"https:\/\/www.immo-invest.ch\/fr\/kantone-stoppen-brandschutz-liberalisierung\/","robots":"max-image-preview:large","keywords":"","webmasterTools":{"google-site-verification":"fHJKvgWpZCR2zVBHWfkQeFXC11qieUSff0HGNYfuyLA","miscellaneous":""},"schema":{"@context":"https:\/\/schema.org","@graph":[{"@type":"BlogPosting","@id":"https:\/\/www.immo-invest.ch\/fr\/kantone-stoppen-brandschutz-liberalisierung\/#blogposting","name":"Les cantons stoppent la lib\u00e9ralisation de la protection contre les incendies - immo!nvest - Die Plattform f\u00fcr Standorte und Immobilien","headline":"Les cantons stoppent la lib\u00e9ralisation de la protection contre les incendies","author":{"@id":"https:\/\/www.immo-invest.ch\/fr\/author\/immovestuser\/#author"},"publisher":{"@id":"https:\/\/www.immo-invest.ch\/fr\/#organization"},"image":{"@type":"ImageObject","url":"https:\/\/www.immo-invest.ch\/wp-content\/uploads\/2026\/01\/immo-invest-trends-bauwirtschaft-planung-entwicklung-institutionen-bildung-verbaende-schweiz-brandschutzvorschriften-brandschutz.png","width":1536,"height":768},"datePublished":"2026-01-13T14:09:30+01:00","dateModified":"2026-01-13T14:19:58+01:00","inLanguage":"fr-FR","mainEntityOfPage":{"@id":"https:\/\/www.immo-invest.ch\/fr\/kantone-stoppen-brandschutz-liberalisierung\/#webpage"},"isPartOf":{"@id":"https:\/\/www.immo-invest.ch\/fr\/kantone-stoppen-brandschutz-liberalisierung\/#webpage"},"articleSection":"Associations, Industrie du b\u00e2timent, Institutions &amp; Formation, Planification \/ D\u00e9veloppement, Suisse, Trends, baulicher Brandschutz, Brandschutzvorschriften Schweiz, BSV 2026, Immoinvest, immoNews, News, Facultatif"},{"@type":"BreadcrumbList","@id":"https:\/\/www.immo-invest.ch\/fr\/kantone-stoppen-brandschutz-liberalisierung\/#breadcrumblist","itemListElement":[{"@type":"ListItem","@id":"https:\/\/www.immo-invest.ch\/fr\/#listItem","position":1,"name":"Home","item":"https:\/\/www.immo-invest.ch\/fr\/","nextItem":{"@type":"ListItem","@id":"https:\/\/www.immo-invest.ch\/fr\/categories\/regions\/#listItem","name":"R\u00e9gions"}},{"@type":"ListItem","@id":"https:\/\/www.immo-invest.ch\/fr\/categories\/regions\/#listItem","position":2,"name":"R\u00e9gions","item":"https:\/\/www.immo-invest.ch\/fr\/categories\/regions\/","nextItem":{"@type":"ListItem","@id":"https:\/\/www.immo-invest.ch\/fr\/categories\/regions\/suisse\/#listItem","name":"Suisse"},"previousItem":{"@type":"ListItem","@id":"https:\/\/www.immo-invest.ch\/fr\/#listItem","name":"Home"}},{"@type":"ListItem","@id":"https:\/\/www.immo-invest.ch\/fr\/categories\/regions\/suisse\/#listItem","position":3,"name":"Suisse","item":"https:\/\/www.immo-invest.ch\/fr\/categories\/regions\/suisse\/","nextItem":{"@type":"ListItem","@id":"https:\/\/www.immo-invest.ch\/fr\/kantone-stoppen-brandschutz-liberalisierung\/#listItem","name":"Les cantons stoppent la lib\u00e9ralisation de la protection contre les incendies"},"previousItem":{"@type":"ListItem","@id":"https:\/\/www.immo-invest.ch\/fr\/categories\/regions\/#listItem","name":"R\u00e9gions"}},{"@type":"ListItem","@id":"https:\/\/www.immo-invest.ch\/fr\/kantone-stoppen-brandschutz-liberalisierung\/#listItem","position":4,"name":"Les cantons stoppent la lib\u00e9ralisation de la protection contre les incendies","previousItem":{"@type":"ListItem","@id":"https:\/\/www.immo-invest.ch\/fr\/categories\/regions\/suisse\/#listItem","name":"Suisse"}}]},{"@type":"Organization","@id":"https:\/\/www.immo-invest.ch\/fr\/#organization","name":"immo!nvest - Die Plattform f\u00fcr Standorte und Immobilien","description":"Die\u00a0Plattform f\u00fcr Standorte und Immobilien","url":"https:\/\/www.immo-invest.ch\/fr\/","email":"admin@immomedia.ag","telephone":"+41444420002","logo":{"@type":"ImageObject","url":"https:\/\/www.immo-invest.ch\/wp-content\/uploads\/2024\/09\/immoinvest_sm-scaled.jpg","@id":"https:\/\/www.immo-invest.ch\/fr\/kantone-stoppen-brandschutz-liberalisierung\/#organizationLogo","width":2560,"height":1340},"image":{"@id":"https:\/\/www.immo-invest.ch\/fr\/kantone-stoppen-brandschutz-liberalisierung\/#organizationLogo"},"sameAs":["https:\/\/www.facebook.com\/people\/Immoinvest\/100077962920504\/","https:\/\/x.com\/i\/flow\/login?redirect_after_login=immoinvest_ch","https:\/\/www.instagram.com\/immoinvest_ch\/","https:\/\/www.linkedin.com\/company\/immoinvest-swiss"]},{"@type":"Person","@id":"https:\/\/www.immo-invest.ch\/fr\/author\/immovestuser\/#author","url":"https:\/\/www.immo-invest.ch\/fr\/author\/immovestuser\/","name":"immovestuser","image":{"@type":"ImageObject","@id":"https:\/\/www.immo-invest.ch\/fr\/kantone-stoppen-brandschutz-liberalisierung\/#authorImage","url":"https:\/\/secure.gravatar.com\/avatar\/8e01f4d99f2eeea7a362ebb93305e1172a70e9293ba250f897a65c39f54cdd1e?s=96&d=mm&r=g","width":96,"height":96,"caption":"immovestuser"}},{"@type":"WebPage","@id":"https:\/\/www.immo-invest.ch\/fr\/kantone-stoppen-brandschutz-liberalisierung\/#webpage","url":"https:\/\/www.immo-invest.ch\/fr\/kantone-stoppen-brandschutz-liberalisierung\/","name":"Les cantons stoppent la lib\u00e9ralisation de la protection contre les incendies - immo!nvest - Die Plattform f\u00fcr Standorte und Immobilien","description":"Apr\u00e8s l'incendie en Valais, les cantons ont stopp\u00e9 le projet \"BSV 2026\" et mis en veilleuse l'assouplissement pr\u00e9vu des prescriptions suisses en mati\u00e8re de protection incendie. Au lieu de d\u00e9r\u00e9glementer, il s'agit pour l'instant d'analyser, de clarifier et de r\u00e9ajuster, avec une issue ouverte entre durcissement, uniformisation ou adaptations ponctuelles.","inLanguage":"fr-FR","isPartOf":{"@id":"https:\/\/www.immo-invest.ch\/fr\/#website"},"breadcrumb":{"@id":"https:\/\/www.immo-invest.ch\/fr\/kantone-stoppen-brandschutz-liberalisierung\/#breadcrumblist"},"author":{"@id":"https:\/\/www.immo-invest.ch\/fr\/author\/immovestuser\/#author"},"creator":{"@id":"https:\/\/www.immo-invest.ch\/fr\/author\/immovestuser\/#author"},"image":{"@type":"ImageObject","url":"https:\/\/www.immo-invest.ch\/wp-content\/uploads\/2026\/01\/immo-invest-trends-bauwirtschaft-planung-entwicklung-institutionen-bildung-verbaende-schweiz-brandschutzvorschriften-brandschutz.png","@id":"https:\/\/www.immo-invest.ch\/fr\/kantone-stoppen-brandschutz-liberalisierung\/#mainImage","width":1536,"height":768},"primaryImageOfPage":{"@id":"https:\/\/www.immo-invest.ch\/fr\/kantone-stoppen-brandschutz-liberalisierung\/#mainImage"},"datePublished":"2026-01-13T14:09:30+01:00","dateModified":"2026-01-13T14:19:58+01:00"},{"@type":"WebSite","@id":"https:\/\/www.immo-invest.ch\/fr\/#website","url":"https:\/\/www.immo-invest.ch\/fr\/","name":"immo!nvest - Die Plattform f\u00fcr Standorte und Immobilien","description":"Die\u00a0Plattform f\u00fcr Standorte und Immobilien","inLanguage":"fr-FR","publisher":{"@id":"https:\/\/www.immo-invest.ch\/fr\/#organization"}}]},"og:locale":"fr_FR","og:site_name":"immo!nvest - Die Plattform f\u00fcr Standorte und Immobilien - Die\u00a0Plattform f\u00fcr Standorte und Immobilien","og:type":"article","og:title":"Les cantons stoppent la lib\u00e9ralisation de la protection contre les incendies - immo!nvest - Die Plattform f\u00fcr Standorte und Immobilien","og:description":"Apr\u00e8s l'incendie en Valais, les cantons ont stopp\u00e9 le projet &quot;BSV 2026&quot; et mis en veilleuse l'assouplissement pr\u00e9vu des prescriptions suisses en mati\u00e8re de protection incendie. Au lieu de d\u00e9r\u00e9glementer, il s'agit pour l'instant d'analyser, de clarifier et de r\u00e9ajuster, avec une issue ouverte entre durcissement, uniformisation ou adaptations ponctuelles.","og:url":"https:\/\/www.immo-invest.ch\/fr\/kantone-stoppen-brandschutz-liberalisierung\/","og:image":"https:\/\/www.immo-invest.ch\/wp-content\/uploads\/2026\/01\/immo-invest-trends-bauwirtschaft-planung-entwicklung-institutionen-bildung-verbaende-schweiz-brandschutzvorschriften-brandschutz.png","og:image:secure_url":"https:\/\/www.immo-invest.ch\/wp-content\/uploads\/2026\/01\/immo-invest-trends-bauwirtschaft-planung-entwicklung-institutionen-bildung-verbaende-schweiz-brandschutzvorschriften-brandschutz.png","og:image:width":1536,"og:image:height":768,"article:published_time":"2026-01-13T13:09:30+00:00","article:modified_time":"2026-01-13T13:19:58+00:00","article:publisher":"https:\/\/www.facebook.com\/people\/Immoinvest\/100077962920504\/","twitter:card":"summary_large_image","twitter:site":"@i","twitter:title":"Les cantons stoppent la lib\u00e9ralisation de la protection contre les incendies - immo!nvest - Die Plattform f\u00fcr Standorte und Immobilien","twitter:description":"Apr\u00e8s l'incendie en Valais, les cantons ont stopp\u00e9 le projet &quot;BSV 2026&quot; et mis en veilleuse l'assouplissement pr\u00e9vu des prescriptions suisses en mati\u00e8re de protection incendie. Au lieu de d\u00e9r\u00e9glementer, il s'agit pour l'instant d'analyser, de clarifier et de r\u00e9ajuster, avec une issue ouverte entre durcissement, uniformisation ou adaptations ponctuelles.","twitter:creator":"@i","twitter:image":"https:\/\/www.immo-invest.ch\/wp-content\/uploads\/2026\/01\/immo-invest-trends-bauwirtschaft-planung-entwicklung-institutionen-bildung-verbaende-schweiz-brandschutzvorschriften-brandschutz.png"},"aioseo_meta_data":{"post_id":"147001","title":null,"description":null,"keywords":null,"keyphrases":{"focus":{"keyphrase":"","score":0,"analysis":{"keyphraseInTitle":{"score":0,"maxScore":9,"error":1}}},"additional":[]},"primary_term":null,"canonical_url":null,"og_title":null,"og_description":null,"og_object_type":"default","og_image_type":"default","og_image_url":null,"og_image_width":null,"og_image_height":null,"og_image_custom_url":null,"og_image_custom_fields":null,"og_video":"","og_custom_url":null,"og_article_section":null,"og_article_tags":null,"twitter_use_og":false,"twitter_card":"default","twitter_image_type":"default","twitter_image_url":null,"twitter_image_custom_url":null,"twitter_image_custom_fields":null,"twitter_title":null,"twitter_description":null,"schema":{"blockGraphs":[],"customGraphs":[],"default":{"data":{"Article":[],"Course":[],"Dataset":[],"FAQPage":[],"Movie":[],"Person":[],"Product":[],"ProductReview":[],"Car":[],"Recipe":[],"Service":[],"SoftwareApplication":[],"WebPage":[]},"graphName":"BlogPosting","isEnabled":true},"graphs":[]},"schema_type":"default","schema_type_options":null,"pillar_content":false,"robots_default":true,"robots_noindex":false,"robots_noarchive":false,"robots_nosnippet":false,"robots_nofollow":false,"robots_noimageindex":false,"robots_noodp":false,"robots_notranslate":false,"robots_max_snippet":"-1","robots_max_videopreview":"-1","robots_max_imagepreview":"large","priority":null,"frequency":"default","local_seo":null,"breadcrumb_settings":null,"limit_modified_date":false,"ai":{"faqs":[],"keyPoints":[],"titles":[],"descriptions":[],"socialPosts":{"email":[],"linkedin":[],"twitter":[],"facebook":[],"instagram":[]}},"created":"2026-01-13 13:19:58","updated":"2026-01-13 13:22:02","seo_analyzer_scan_date":null,"focus_keyword":null,"additional_keywords":null,"truseo_locale":null},"aioseo_breadcrumb":"<div class=\"aioseo-breadcrumbs\"><span class=\"aioseo-breadcrumb\">\n\t\t\t<a href=\"https:\/\/www.immo-invest.ch\/fr\/\" title=\"Home\">Home<\/a>\n\t\t<\/span><span class=\"aioseo-breadcrumb-separator\">&raquo;<\/span><span class=\"aioseo-breadcrumb\">\n\t\t\t<a href=\"https:\/\/www.immo-invest.ch\/fr\/categories\/regions\/\" title=\"R\u00e9gions\">R\u00e9gions<\/a>\n\t\t<\/span><span class=\"aioseo-breadcrumb-separator\">&raquo;<\/span><span class=\"aioseo-breadcrumb\">\n\t\t\t<a href=\"https:\/\/www.immo-invest.ch\/fr\/categories\/regions\/suisse\/\" title=\"Suisse\">Suisse<\/a>\n\t\t<\/span><span class=\"aioseo-breadcrumb-separator\">&raquo;<\/span><span class=\"aioseo-breadcrumb\">\n\t\t\tLes cantons stoppent la lib\u00e9ralisation de la protection contre les incendies\n\t\t<\/span><\/div>","aioseo_breadcrumb_json":[{"label":"Home","link":"https:\/\/www.immo-invest.ch\/fr\/"},{"label":"R\u00e9gions","link":"https:\/\/www.immo-invest.ch\/fr\/categories\/regions\/"},{"label":"Suisse","link":"https:\/\/www.immo-invest.ch\/fr\/categories\/regions\/suisse\/"},{"label":"Les cantons stoppent la lib\u00e9ralisation de la protection contre les incendies","link":"https:\/\/www.immo-invest.ch\/fr\/kantone-stoppen-brandschutz-liberalisierung\/"}],"featured_image_src":"https:\/\/www.immo-invest.ch\/wp-content\/uploads\/2026\/01\/immo-invest-trends-bauwirtschaft-planung-entwicklung-institutionen-bildung-verbaende-schweiz-brandschutzvorschriften-brandschutz-336x168.png","_links":{"self":[{"href":"https:\/\/www.immo-invest.ch\/fr\/wp-json\/wp\/v2\/posts\/147001","targetHints":{"allow":["GET"]}}],"collection":[{"href":"https:\/\/www.immo-invest.ch\/fr\/wp-json\/wp\/v2\/posts"}],"about":[{"href":"https:\/\/www.immo-invest.ch\/fr\/wp-json\/wp\/v2\/types\/post"}],"author":[{"embeddable":true,"href":"https:\/\/www.immo-invest.ch\/fr\/wp-json\/wp\/v2\/users\/2"}],"replies":[{"embeddable":true,"href":"https:\/\/www.immo-invest.ch\/fr\/wp-json\/wp\/v2\/comments?post=147001"}],"version-history":[{"count":3,"href":"https:\/\/www.immo-invest.ch\/fr\/wp-json\/wp\/v2\/posts\/147001\/revisions"}],"predecessor-version":[{"id":147011,"href":"https:\/\/www.immo-invest.ch\/fr\/wp-json\/wp\/v2\/posts\/147001\/revisions\/147011"}],"wp:featuredmedia":[{"embeddable":true,"href":"https:\/\/www.immo-invest.ch\/fr\/wp-json\/wp\/v2\/media\/147002"}],"wp:attachment":[{"href":"https:\/\/www.immo-invest.ch\/fr\/wp-json\/wp\/v2\/media?parent=147001"}],"wp:term":[{"taxonomy":"category","embeddable":true,"href":"https:\/\/www.immo-invest.ch\/fr\/wp-json\/wp\/v2\/categories?post=147001"},{"taxonomy":"post_tag","embeddable":true,"href":"https:\/\/www.immo-invest.ch\/fr\/wp-json\/wp\/v2\/tags?post=147001"}],"curies":[{"name":"wp","href":"https:\/\/api.w.org\/{rel}","templated":true}]}}