{"id":146904,"date":"2026-01-13T11:01:50","date_gmt":"2026-01-13T10:01:50","guid":{"rendered":"https:\/\/www.immo-invest.ch\/zuerich-staerkt-energiezukunft-mit-solar-und-speicherpflicht\/"},"modified":"2026-01-13T11:26:46","modified_gmt":"2026-01-13T10:26:46","slug":"zuerich-staerkt-energiezukunft-mit-solar-und-speicherpflicht","status":"publish","type":"post","link":"https:\/\/www.immo-invest.ch\/fr\/zuerich-staerkt-energiezukunft-mit-solar-und-speicherpflicht\/","title":{"rendered":"Zurich renforce l&rsquo;avenir \u00e9nerg\u00e9tique avec l&rsquo;obligation d&rsquo;utiliser le solaire et de stocker l&rsquo;\u00e9nergie"},"content":{"rendered":"<p class=\"wp-block-paragraph\">La plus grande centrale &eacute;lectrique inutilis&eacute;e se trouve sur les toits de Zurich. Environ 6 t&eacute;rawattheures d&rsquo;&eacute;lectricit&eacute; solaire seraient possibles chaque ann&eacute;e, soit pr&egrave;s des deux tiers des besoins en &eacute;lectricit&eacute; du canton. Le Conseil d&rsquo;&Eacute;tat veut exploiter ce potentiel. A l&rsquo;avenir, tous les toits appropri&eacute;s de plus de 300 m&egrave;tres carr&eacute;s devront &ecirc;tre enti&egrave;rement recouverts d&rsquo;installations solaires. Les nouveaux b&acirc;timents sont soumis &agrave; cette obligation d&egrave;s leur construction, les b&acirc;timents existants lors du remplacement de leur toiture.<\/p>\n\n\n\n\n\n<p class=\"wp-block-paragraph\">Zurich mise ainsi de mani&egrave;re cibl&eacute;e sur des structures &eacute;prouv&eacute;es. L&rsquo;&eacute;nergie solaire est produite localement, peut &ecirc;tre mise en &oelig;uvre rapidement et ne rencontre gu&egrave;re de r&eacute;sistance. Elle renforce l&rsquo;auto-approvisionnement, notamment lorsque l&rsquo;&eacute;lectricit&eacute; exc&eacute;dentaire produite en &eacute;t&eacute; peut &ecirc;tre stock&eacute;e.<\/p>\n\n\n\n\n\n<p class=\"wp-block-paragraph\"><strong>Le stockage comme pont vers l&rsquo;hiver<br><\/strong>Le chemin vers un approvisionnement hivernal s&ucirc;r passe par le stockage. Les trois quarts de l&rsquo;&eacute;lectricit&eacute; solaire sont produits durant le semestre d&rsquo;&eacute;t&eacute;. Un exc&eacute;dent qui doit pouvoir &ecirc;tre utilis&eacute; &agrave; long terme &agrave; l&rsquo;avenir. Le Conseil d&rsquo;&Eacute;tat veut obliger les exploitants de r&eacute;seau &agrave; promouvoir le stockage &agrave; long terme de mani&egrave;re technologiquement neutre.<\/p>\n\n\n\n\n\n<p class=\"wp-block-paragraph\">Une taxe mod&eacute;r&eacute;e de 0,5 centime maximum par kilowattheure doit alimenter le fonds de promotion, g&eacute;r&eacute; par l&rsquo;EKZ. Pour les m&eacute;nages et les entreprises, cela signifie une augmentation des co&ucirc;ts de l&rsquo;&eacute;lectricit&eacute; d&rsquo;environ deux pour cent. Les cas de rigueur prot&egrave;gent les entreprises &agrave; forte consommation d&rsquo;&eacute;lectricit&eacute;.<\/p>\n\n\n\n\n\n<p class=\"wp-block-paragraph\"><strong>Une loi mesur&eacute;e<br><\/strong>Lorsque les installations ne sont pas rentables, qu&rsquo;il existe des difficult&eacute;s financi&egrave;res ou que le raccordement au r&eacute;seau fait d&eacute;faut, des exceptions restent possibles et l&rsquo;obligation ne s&rsquo;applique pas. Les int&eacute;r&ecirc;ts de protection du paysage et des sites sont &eacute;galement pris en compte.<\/p>\n\n\n\n\n\n<p class=\"wp-block-paragraph\">Zurich donne ainsi un signal pragmatique. Au lieu d&rsquo;esp&eacute;rer de grands projets dans les Alpes ou des parcs &eacute;oliens, le potentiel local est exploit&eacute;. La combinaison de la production solaire sur l&rsquo;ensemble du territoire et d&rsquo;une strat&eacute;gie de stockage constitue l&rsquo;&eacute;pine dorsale d&rsquo;un avenir &eacute;nerg&eacute;tique s&ucirc;r et renouvelable dans le canton.<\/p>\n\n","protected":false},"excerpt":{"rendered":"<p>Le Conseil d&rsquo;Etat zurichois veut augmenter la production d&rsquo;\u00e9lectricit\u00e9 solaire \u00e0 partir de son propre toit tout en encourageant la mise en place d&rsquo;un stockage d&rsquo;\u00e9nergie \u00e0 long terme. Deux modifications de la loi doivent faire avancer la s\u00e9curit\u00e9 d&rsquo;approvisionnement et l&rsquo;autoproduction, avec discernement et esprit d&rsquo;innovation.<\/p>\n","protected":false},"author":2,"featured_media":146905,"comment_status":"open","ping_status":"open","sticky":false,"template":"","format":"standard","meta":{"pmpro_default_level":"","inline_featured_image":false,"_monsterinsights_skip_tracking":false,"footnotes":""},"categories":[22699,8747,743,22438,4957],"tags":[56364,56365,872,3931,2002,56366],"class_list":["post-146904","post","type-post","status-publish","format-standard","has-post-thumbnail","hentry","category-durabilite","category-energie","category-immonews-fr","category-trends-fr","category-region-zurich","tag-energiespeicher-winterstrom","tag-erneuerbare-energiepolitik","tag-immoinvest-fr","tag-immonews-fr","tag-news-fr","tag-solarpflicht-zuerich","pmpro-has-access"],"acf":{"bild_mit_ki_erstellt_worden":["Ja"],"lead":"Le Conseil d'Etat zurichois veut augmenter la production d'\u00e9lectricit\u00e9 solaire \u00e0 partir de son propre toit tout en encourageant la mise en place d'un stockage d'\u00e9nergie \u00e0 long terme. Deux modifications de la loi doivent faire avancer la s\u00e9curit\u00e9 d'approvisionnement et l'autoproduction, avec discernement et esprit d'innovation.","autor":"Quelle Z\u00fcrich","ort":"","bildunterschrift":"","bild_im_grid":false,"gallerie":"","newsim":""},"aioseo_notices":[],"aioseo_head":"\n\t\t<!-- All in One SEO 5.0.0.1 - aioseo.com -->\n\t<meta name=\"description\" content=\"Le Conseil d&#039;Etat zurichois veut augmenter la production d&#039;\u00e9lectricit\u00e9 solaire \u00e0 partir de son propre toit tout en encourageant la mise en place d&#039;un stockage d&#039;\u00e9nergie \u00e0 long terme. Deux modifications de la loi doivent faire avancer la s\u00e9curit\u00e9 d&#039;approvisionnement et l&#039;autoproduction, avec discernement et esprit d&#039;innovation.\" \/>\n\t<meta name=\"robots\" content=\"max-image-preview:large\" \/>\n\t<meta name=\"author\" content=\"immovestuser\"\/>\n\t<meta name=\"google-site-verification\" content=\"fHJKvgWpZCR2zVBHWfkQeFXC11qieUSff0HGNYfuyLA\" \/>\n\t<link rel=\"canonical\" href=\"https:\/\/www.immo-invest.ch\/fr\/zuerich-staerkt-energiezukunft-mit-solar-und-speicherpflicht\/\" \/>\n\t<meta name=\"generator\" content=\"All in One SEO (AIOSEO) 5.0.0.1\" \/>\n\t\t<meta property=\"og:locale\" content=\"fr_FR\" \/>\n\t\t<meta property=\"og:site_name\" content=\"immo!nvest - Die Plattform f\u00fcr Standorte und Immobilien - Die\u00a0Plattform f\u00fcr Standorte und Immobilien\" \/>\n\t\t<meta property=\"og:type\" content=\"article\" \/>\n\t\t<meta property=\"og:title\" content=\"Zurich renforce l\u2019avenir \u00e9nerg\u00e9tique avec l\u2019obligation d\u2019utiliser le solaire et de stocker l\u2019\u00e9nergie - immo!nvest - Die Plattform f\u00fcr Standorte und Immobilien\" \/>\n\t\t<meta property=\"og:description\" content=\"Le Conseil d&#039;Etat zurichois veut augmenter la production d&#039;\u00e9lectricit\u00e9 solaire \u00e0 partir de son propre toit tout en encourageant la mise en place d&#039;un stockage d&#039;\u00e9nergie \u00e0 long terme. Deux modifications de la loi doivent faire avancer la s\u00e9curit\u00e9 d&#039;approvisionnement et l&#039;autoproduction, avec discernement et esprit d&#039;innovation.\" \/>\n\t\t<meta property=\"og:url\" content=\"https:\/\/www.immo-invest.ch\/fr\/zuerich-staerkt-energiezukunft-mit-solar-und-speicherpflicht\/\" \/>\n\t\t<meta property=\"og:image\" content=\"https:\/\/www.immo-invest.ch\/wp-content\/uploads\/2026\/01\/immo-invest-energie-trends-nachhaltigkeit-zuerich-solarpflicht-zuerich-energiespeicher-winterstrom-erneuerbare-energiepolitik.png\" \/>\n\t\t<meta property=\"og:image:secure_url\" content=\"https:\/\/www.immo-invest.ch\/wp-content\/uploads\/2026\/01\/immo-invest-energie-trends-nachhaltigkeit-zuerich-solarpflicht-zuerich-energiespeicher-winterstrom-erneuerbare-energiepolitik.png\" \/>\n\t\t<meta property=\"og:image:width\" content=\"1536\" \/>\n\t\t<meta property=\"og:image:height\" content=\"768\" \/>\n\t\t<meta property=\"article:published_time\" content=\"2026-01-13T10:01:50+00:00\" \/>\n\t\t<meta property=\"article:modified_time\" content=\"2026-01-13T10:26:46+00:00\" \/>\n\t\t<meta property=\"article:publisher\" content=\"https:\/\/www.facebook.com\/people\/Immoinvest\/100077962920504\/\" \/>\n\t\t<meta name=\"twitter:card\" content=\"summary_large_image\" \/>\n\t\t<meta name=\"twitter:site\" content=\"@i\" \/>\n\t\t<meta name=\"twitter:title\" content=\"Zurich renforce l\u2019avenir \u00e9nerg\u00e9tique avec l\u2019obligation d\u2019utiliser le solaire et de stocker l\u2019\u00e9nergie - immo!nvest - Die Plattform f\u00fcr Standorte und Immobilien\" \/>\n\t\t<meta name=\"twitter:description\" content=\"Le Conseil d&#039;Etat zurichois veut augmenter la production d&#039;\u00e9lectricit\u00e9 solaire \u00e0 partir de son propre toit tout en encourageant la mise en place d&#039;un stockage d&#039;\u00e9nergie \u00e0 long terme. Deux modifications de la loi doivent faire avancer la s\u00e9curit\u00e9 d&#039;approvisionnement et l&#039;autoproduction, avec discernement et esprit d&#039;innovation.\" \/>\n\t\t<meta name=\"twitter:creator\" content=\"@i\" \/>\n\t\t<meta name=\"twitter:image\" content=\"https:\/\/www.immo-invest.ch\/wp-content\/uploads\/2026\/01\/immo-invest-energie-trends-nachhaltigkeit-zuerich-solarpflicht-zuerich-energiespeicher-winterstrom-erneuerbare-energiepolitik.png\" \/>\n\t\t<script type=\"application\/ld+json\" class=\"aioseo-schema\">\n\t\t\t{\"@context\":\"https:\\\/\\\/schema.org\",\"@graph\":[{\"@type\":\"BlogPosting\",\"@id\":\"https:\\\/\\\/www.immo-invest.ch\\\/fr\\\/zuerich-staerkt-energiezukunft-mit-solar-und-speicherpflicht\\\/#blogposting\",\"name\":\"Zurich renforce l\\u2019avenir \\u00e9nerg\\u00e9tique avec l\\u2019obligation d\\u2019utiliser le solaire et de stocker l\\u2019\\u00e9nergie - immo!nvest - Die Plattform f\\u00fcr Standorte und Immobilien\",\"headline\":\"Zurich renforce l&rsquo;avenir \\u00e9nerg\\u00e9tique avec l&rsquo;obligation d&rsquo;utiliser le solaire et de stocker l&rsquo;\\u00e9nergie\",\"author\":{\"@id\":\"https:\\\/\\\/www.immo-invest.ch\\\/fr\\\/author\\\/immovestuser\\\/#author\"},\"publisher\":{\"@id\":\"https:\\\/\\\/www.immo-invest.ch\\\/fr\\\/#organization\"},\"image\":{\"@type\":\"ImageObject\",\"url\":\"https:\\\/\\\/www.immo-invest.ch\\\/wp-content\\\/uploads\\\/2026\\\/01\\\/immo-invest-energie-trends-nachhaltigkeit-zuerich-solarpflicht-zuerich-energiespeicher-winterstrom-erneuerbare-energiepolitik.png\",\"width\":1536,\"height\":768},\"datePublished\":\"2026-01-13T11:01:50+01:00\",\"dateModified\":\"2026-01-13T11:26:46+01:00\",\"inLanguage\":\"fr-FR\",\"mainEntityOfPage\":{\"@id\":\"https:\\\/\\\/www.immo-invest.ch\\\/fr\\\/zuerich-staerkt-energiezukunft-mit-solar-und-speicherpflicht\\\/#webpage\"},\"isPartOf\":{\"@id\":\"https:\\\/\\\/www.immo-invest.ch\\\/fr\\\/zuerich-staerkt-energiezukunft-mit-solar-und-speicherpflicht\\\/#webpage\"},\"articleSection\":\"Durabilit\\u00e9, \\u00c9nergie, immoNews, Trends, Zurich, Energiespeicher Winterstrom, erneuerbare Energiepolitik, Immoinvest, immoNews, News, Solarpflicht Zuerich, Facultatif\"},{\"@type\":\"BreadcrumbList\",\"@id\":\"https:\\\/\\\/www.immo-invest.ch\\\/fr\\\/zuerich-staerkt-energiezukunft-mit-solar-und-speicherpflicht\\\/#breadcrumblist\",\"itemListElement\":[{\"@type\":\"ListItem\",\"@id\":\"https:\\\/\\\/www.immo-invest.ch\\\/fr\\\/#listItem\",\"position\":1,\"name\":\"Home\",\"item\":\"https:\\\/\\\/www.immo-invest.ch\\\/fr\\\/\",\"nextItem\":{\"@type\":\"ListItem\",\"@id\":\"https:\\\/\\\/www.immo-invest.ch\\\/fr\\\/categories\\\/regions\\\/#listItem\",\"name\":\"R\\u00e9gions\"}},{\"@type\":\"ListItem\",\"@id\":\"https:\\\/\\\/www.immo-invest.ch\\\/fr\\\/categories\\\/regions\\\/#listItem\",\"position\":2,\"name\":\"R\\u00e9gions\",\"item\":\"https:\\\/\\\/www.immo-invest.ch\\\/fr\\\/categories\\\/regions\\\/\",\"nextItem\":{\"@type\":\"ListItem\",\"@id\":\"https:\\\/\\\/www.immo-invest.ch\\\/fr\\\/categories\\\/regions\\\/suisse\\\/#listItem\",\"name\":\"Suisse\"},\"previousItem\":{\"@type\":\"ListItem\",\"@id\":\"https:\\\/\\\/www.immo-invest.ch\\\/fr\\\/#listItem\",\"name\":\"Home\"}},{\"@type\":\"ListItem\",\"@id\":\"https:\\\/\\\/www.immo-invest.ch\\\/fr\\\/categories\\\/regions\\\/suisse\\\/#listItem\",\"position\":3,\"name\":\"Suisse\",\"item\":\"https:\\\/\\\/www.immo-invest.ch\\\/fr\\\/categories\\\/regions\\\/suisse\\\/\",\"nextItem\":{\"@type\":\"ListItem\",\"@id\":\"https:\\\/\\\/www.immo-invest.ch\\\/fr\\\/categories\\\/regions\\\/suisse\\\/region-zurich\\\/#listItem\",\"name\":\"Zurich\"},\"previousItem\":{\"@type\":\"ListItem\",\"@id\":\"https:\\\/\\\/www.immo-invest.ch\\\/fr\\\/categories\\\/regions\\\/#listItem\",\"name\":\"R\\u00e9gions\"}},{\"@type\":\"ListItem\",\"@id\":\"https:\\\/\\\/www.immo-invest.ch\\\/fr\\\/categories\\\/regions\\\/suisse\\\/region-zurich\\\/#listItem\",\"position\":4,\"name\":\"Zurich\",\"item\":\"https:\\\/\\\/www.immo-invest.ch\\\/fr\\\/categories\\\/regions\\\/suisse\\\/region-zurich\\\/\",\"nextItem\":{\"@type\":\"ListItem\",\"@id\":\"https:\\\/\\\/www.immo-invest.ch\\\/fr\\\/zuerich-staerkt-energiezukunft-mit-solar-und-speicherpflicht\\\/#listItem\",\"name\":\"Zurich renforce l&rsquo;avenir \\u00e9nerg\\u00e9tique avec l&rsquo;obligation d&rsquo;utiliser le solaire et de stocker l&rsquo;\\u00e9nergie\"},\"previousItem\":{\"@type\":\"ListItem\",\"@id\":\"https:\\\/\\\/www.immo-invest.ch\\\/fr\\\/categories\\\/regions\\\/suisse\\\/#listItem\",\"name\":\"Suisse\"}},{\"@type\":\"ListItem\",\"@id\":\"https:\\\/\\\/www.immo-invest.ch\\\/fr\\\/zuerich-staerkt-energiezukunft-mit-solar-und-speicherpflicht\\\/#listItem\",\"position\":5,\"name\":\"Zurich renforce l&rsquo;avenir \\u00e9nerg\\u00e9tique avec l&rsquo;obligation d&rsquo;utiliser le solaire et de stocker l&rsquo;\\u00e9nergie\",\"previousItem\":{\"@type\":\"ListItem\",\"@id\":\"https:\\\/\\\/www.immo-invest.ch\\\/fr\\\/categories\\\/regions\\\/suisse\\\/region-zurich\\\/#listItem\",\"name\":\"Zurich\"}}]},{\"@type\":\"Organization\",\"@id\":\"https:\\\/\\\/www.immo-invest.ch\\\/fr\\\/#organization\",\"name\":\"immo!nvest - Die Plattform f\\u00fcr Standorte und Immobilien\",\"description\":\"Die\\u00a0Plattform f\\u00fcr Standorte und Immobilien\",\"url\":\"https:\\\/\\\/www.immo-invest.ch\\\/fr\\\/\",\"email\":\"admin@immomedia.ag\",\"telephone\":\"+41444420002\",\"logo\":{\"@type\":\"ImageObject\",\"url\":\"https:\\\/\\\/www.immo-invest.ch\\\/wp-content\\\/uploads\\\/2024\\\/09\\\/immoinvest_sm-scaled.jpg\",\"@id\":\"https:\\\/\\\/www.immo-invest.ch\\\/fr\\\/zuerich-staerkt-energiezukunft-mit-solar-und-speicherpflicht\\\/#organizationLogo\",\"width\":2560,\"height\":1340},\"image\":{\"@id\":\"https:\\\/\\\/www.immo-invest.ch\\\/fr\\\/zuerich-staerkt-energiezukunft-mit-solar-und-speicherpflicht\\\/#organizationLogo\"},\"sameAs\":[\"https:\\\/\\\/www.facebook.com\\\/people\\\/Immoinvest\\\/100077962920504\\\/\",\"https:\\\/\\\/x.com\\\/i\\\/flow\\\/login?redirect_after_login=immoinvest_ch\",\"https:\\\/\\\/www.instagram.com\\\/immoinvest_ch\\\/\",\"https:\\\/\\\/www.linkedin.com\\\/company\\\/immoinvest-swiss\"]},{\"@type\":\"Person\",\"@id\":\"https:\\\/\\\/www.immo-invest.ch\\\/fr\\\/author\\\/immovestuser\\\/#author\",\"url\":\"https:\\\/\\\/www.immo-invest.ch\\\/fr\\\/author\\\/immovestuser\\\/\",\"name\":\"immovestuser\",\"image\":{\"@type\":\"ImageObject\",\"@id\":\"https:\\\/\\\/www.immo-invest.ch\\\/fr\\\/zuerich-staerkt-energiezukunft-mit-solar-und-speicherpflicht\\\/#authorImage\",\"url\":\"https:\\\/\\\/secure.gravatar.com\\\/avatar\\\/8e01f4d99f2eeea7a362ebb93305e1172a70e9293ba250f897a65c39f54cdd1e?s=96&d=mm&r=g\",\"width\":96,\"height\":96,\"caption\":\"immovestuser\"}},{\"@type\":\"WebPage\",\"@id\":\"https:\\\/\\\/www.immo-invest.ch\\\/fr\\\/zuerich-staerkt-energiezukunft-mit-solar-und-speicherpflicht\\\/#webpage\",\"url\":\"https:\\\/\\\/www.immo-invest.ch\\\/fr\\\/zuerich-staerkt-energiezukunft-mit-solar-und-speicherpflicht\\\/\",\"name\":\"Zurich renforce l\\u2019avenir \\u00e9nerg\\u00e9tique avec l\\u2019obligation d\\u2019utiliser le solaire et de stocker l\\u2019\\u00e9nergie - immo!nvest - Die Plattform f\\u00fcr Standorte und Immobilien\",\"description\":\"Le Conseil d'Etat zurichois veut augmenter la production d'\\u00e9lectricit\\u00e9 solaire \\u00e0 partir de son propre toit tout en encourageant la mise en place d'un stockage d'\\u00e9nergie \\u00e0 long terme. Deux modifications de la loi doivent faire avancer la s\\u00e9curit\\u00e9 d'approvisionnement et l'autoproduction, avec discernement et esprit d'innovation.\",\"inLanguage\":\"fr-FR\",\"isPartOf\":{\"@id\":\"https:\\\/\\\/www.immo-invest.ch\\\/fr\\\/#website\"},\"breadcrumb\":{\"@id\":\"https:\\\/\\\/www.immo-invest.ch\\\/fr\\\/zuerich-staerkt-energiezukunft-mit-solar-und-speicherpflicht\\\/#breadcrumblist\"},\"author\":{\"@id\":\"https:\\\/\\\/www.immo-invest.ch\\\/fr\\\/author\\\/immovestuser\\\/#author\"},\"creator\":{\"@id\":\"https:\\\/\\\/www.immo-invest.ch\\\/fr\\\/author\\\/immovestuser\\\/#author\"},\"image\":{\"@type\":\"ImageObject\",\"url\":\"https:\\\/\\\/www.immo-invest.ch\\\/wp-content\\\/uploads\\\/2026\\\/01\\\/immo-invest-energie-trends-nachhaltigkeit-zuerich-solarpflicht-zuerich-energiespeicher-winterstrom-erneuerbare-energiepolitik.png\",\"@id\":\"https:\\\/\\\/www.immo-invest.ch\\\/fr\\\/zuerich-staerkt-energiezukunft-mit-solar-und-speicherpflicht\\\/#mainImage\",\"width\":1536,\"height\":768},\"primaryImageOfPage\":{\"@id\":\"https:\\\/\\\/www.immo-invest.ch\\\/fr\\\/zuerich-staerkt-energiezukunft-mit-solar-und-speicherpflicht\\\/#mainImage\"},\"datePublished\":\"2026-01-13T11:01:50+01:00\",\"dateModified\":\"2026-01-13T11:26:46+01:00\"},{\"@type\":\"WebSite\",\"@id\":\"https:\\\/\\\/www.immo-invest.ch\\\/fr\\\/#website\",\"url\":\"https:\\\/\\\/www.immo-invest.ch\\\/fr\\\/\",\"name\":\"immo!nvest - Die Plattform f\\u00fcr Standorte und Immobilien\",\"description\":\"Die\\u00a0Plattform f\\u00fcr Standorte und Immobilien\",\"inLanguage\":\"fr-FR\",\"publisher\":{\"@id\":\"https:\\\/\\\/www.immo-invest.ch\\\/fr\\\/#organization\"}}]}\n\t\t<\/script>\n\t\t<!-- All in One SEO -->\n\n","aioseo_head_json":{"title":"Zurich renforce l\u2019avenir \u00e9nerg\u00e9tique avec l\u2019obligation d\u2019utiliser le solaire et de stocker l\u2019\u00e9nergie - immo!nvest - Die Plattform f\u00fcr Standorte und Immobilien","description":"Le Conseil d'Etat zurichois veut augmenter la production d'\u00e9lectricit\u00e9 solaire \u00e0 partir de son propre toit tout en encourageant la mise en place d'un stockage d'\u00e9nergie \u00e0 long terme. Deux modifications de la loi doivent faire avancer la s\u00e9curit\u00e9 d'approvisionnement et l'autoproduction, avec discernement et esprit d'innovation.","canonical_url":"https:\/\/www.immo-invest.ch\/fr\/zuerich-staerkt-energiezukunft-mit-solar-und-speicherpflicht\/","robots":"max-image-preview:large","keywords":"","webmasterTools":{"google-site-verification":"fHJKvgWpZCR2zVBHWfkQeFXC11qieUSff0HGNYfuyLA","miscellaneous":""},"schema":{"@context":"https:\/\/schema.org","@graph":[{"@type":"BlogPosting","@id":"https:\/\/www.immo-invest.ch\/fr\/zuerich-staerkt-energiezukunft-mit-solar-und-speicherpflicht\/#blogposting","name":"Zurich renforce l\u2019avenir \u00e9nerg\u00e9tique avec l\u2019obligation d\u2019utiliser le solaire et de stocker l\u2019\u00e9nergie - immo!nvest - Die Plattform f\u00fcr Standorte und Immobilien","headline":"Zurich renforce l&rsquo;avenir \u00e9nerg\u00e9tique avec l&rsquo;obligation d&rsquo;utiliser le solaire et de stocker l&rsquo;\u00e9nergie","author":{"@id":"https:\/\/www.immo-invest.ch\/fr\/author\/immovestuser\/#author"},"publisher":{"@id":"https:\/\/www.immo-invest.ch\/fr\/#organization"},"image":{"@type":"ImageObject","url":"https:\/\/www.immo-invest.ch\/wp-content\/uploads\/2026\/01\/immo-invest-energie-trends-nachhaltigkeit-zuerich-solarpflicht-zuerich-energiespeicher-winterstrom-erneuerbare-energiepolitik.png","width":1536,"height":768},"datePublished":"2026-01-13T11:01:50+01:00","dateModified":"2026-01-13T11:26:46+01:00","inLanguage":"fr-FR","mainEntityOfPage":{"@id":"https:\/\/www.immo-invest.ch\/fr\/zuerich-staerkt-energiezukunft-mit-solar-und-speicherpflicht\/#webpage"},"isPartOf":{"@id":"https:\/\/www.immo-invest.ch\/fr\/zuerich-staerkt-energiezukunft-mit-solar-und-speicherpflicht\/#webpage"},"articleSection":"Durabilit\u00e9, \u00c9nergie, immoNews, Trends, Zurich, Energiespeicher Winterstrom, erneuerbare Energiepolitik, Immoinvest, immoNews, News, Solarpflicht Zuerich, Facultatif"},{"@type":"BreadcrumbList","@id":"https:\/\/www.immo-invest.ch\/fr\/zuerich-staerkt-energiezukunft-mit-solar-und-speicherpflicht\/#breadcrumblist","itemListElement":[{"@type":"ListItem","@id":"https:\/\/www.immo-invest.ch\/fr\/#listItem","position":1,"name":"Home","item":"https:\/\/www.immo-invest.ch\/fr\/","nextItem":{"@type":"ListItem","@id":"https:\/\/www.immo-invest.ch\/fr\/categories\/regions\/#listItem","name":"R\u00e9gions"}},{"@type":"ListItem","@id":"https:\/\/www.immo-invest.ch\/fr\/categories\/regions\/#listItem","position":2,"name":"R\u00e9gions","item":"https:\/\/www.immo-invest.ch\/fr\/categories\/regions\/","nextItem":{"@type":"ListItem","@id":"https:\/\/www.immo-invest.ch\/fr\/categories\/regions\/suisse\/#listItem","name":"Suisse"},"previousItem":{"@type":"ListItem","@id":"https:\/\/www.immo-invest.ch\/fr\/#listItem","name":"Home"}},{"@type":"ListItem","@id":"https:\/\/www.immo-invest.ch\/fr\/categories\/regions\/suisse\/#listItem","position":3,"name":"Suisse","item":"https:\/\/www.immo-invest.ch\/fr\/categories\/regions\/suisse\/","nextItem":{"@type":"ListItem","@id":"https:\/\/www.immo-invest.ch\/fr\/categories\/regions\/suisse\/region-zurich\/#listItem","name":"Zurich"},"previousItem":{"@type":"ListItem","@id":"https:\/\/www.immo-invest.ch\/fr\/categories\/regions\/#listItem","name":"R\u00e9gions"}},{"@type":"ListItem","@id":"https:\/\/www.immo-invest.ch\/fr\/categories\/regions\/suisse\/region-zurich\/#listItem","position":4,"name":"Zurich","item":"https:\/\/www.immo-invest.ch\/fr\/categories\/regions\/suisse\/region-zurich\/","nextItem":{"@type":"ListItem","@id":"https:\/\/www.immo-invest.ch\/fr\/zuerich-staerkt-energiezukunft-mit-solar-und-speicherpflicht\/#listItem","name":"Zurich renforce l&rsquo;avenir \u00e9nerg\u00e9tique avec l&rsquo;obligation d&rsquo;utiliser le solaire et de stocker l&rsquo;\u00e9nergie"},"previousItem":{"@type":"ListItem","@id":"https:\/\/www.immo-invest.ch\/fr\/categories\/regions\/suisse\/#listItem","name":"Suisse"}},{"@type":"ListItem","@id":"https:\/\/www.immo-invest.ch\/fr\/zuerich-staerkt-energiezukunft-mit-solar-und-speicherpflicht\/#listItem","position":5,"name":"Zurich renforce l&rsquo;avenir \u00e9nerg\u00e9tique avec l&rsquo;obligation d&rsquo;utiliser le solaire et de stocker l&rsquo;\u00e9nergie","previousItem":{"@type":"ListItem","@id":"https:\/\/www.immo-invest.ch\/fr\/categories\/regions\/suisse\/region-zurich\/#listItem","name":"Zurich"}}]},{"@type":"Organization","@id":"https:\/\/www.immo-invest.ch\/fr\/#organization","name":"immo!nvest - Die Plattform f\u00fcr Standorte und Immobilien","description":"Die\u00a0Plattform f\u00fcr Standorte und Immobilien","url":"https:\/\/www.immo-invest.ch\/fr\/","email":"admin@immomedia.ag","telephone":"+41444420002","logo":{"@type":"ImageObject","url":"https:\/\/www.immo-invest.ch\/wp-content\/uploads\/2024\/09\/immoinvest_sm-scaled.jpg","@id":"https:\/\/www.immo-invest.ch\/fr\/zuerich-staerkt-energiezukunft-mit-solar-und-speicherpflicht\/#organizationLogo","width":2560,"height":1340},"image":{"@id":"https:\/\/www.immo-invest.ch\/fr\/zuerich-staerkt-energiezukunft-mit-solar-und-speicherpflicht\/#organizationLogo"},"sameAs":["https:\/\/www.facebook.com\/people\/Immoinvest\/100077962920504\/","https:\/\/x.com\/i\/flow\/login?redirect_after_login=immoinvest_ch","https:\/\/www.instagram.com\/immoinvest_ch\/","https:\/\/www.linkedin.com\/company\/immoinvest-swiss"]},{"@type":"Person","@id":"https:\/\/www.immo-invest.ch\/fr\/author\/immovestuser\/#author","url":"https:\/\/www.immo-invest.ch\/fr\/author\/immovestuser\/","name":"immovestuser","image":{"@type":"ImageObject","@id":"https:\/\/www.immo-invest.ch\/fr\/zuerich-staerkt-energiezukunft-mit-solar-und-speicherpflicht\/#authorImage","url":"https:\/\/secure.gravatar.com\/avatar\/8e01f4d99f2eeea7a362ebb93305e1172a70e9293ba250f897a65c39f54cdd1e?s=96&d=mm&r=g","width":96,"height":96,"caption":"immovestuser"}},{"@type":"WebPage","@id":"https:\/\/www.immo-invest.ch\/fr\/zuerich-staerkt-energiezukunft-mit-solar-und-speicherpflicht\/#webpage","url":"https:\/\/www.immo-invest.ch\/fr\/zuerich-staerkt-energiezukunft-mit-solar-und-speicherpflicht\/","name":"Zurich renforce l\u2019avenir \u00e9nerg\u00e9tique avec l\u2019obligation d\u2019utiliser le solaire et de stocker l\u2019\u00e9nergie - immo!nvest - Die Plattform f\u00fcr Standorte und Immobilien","description":"Le Conseil d'Etat zurichois veut augmenter la production d'\u00e9lectricit\u00e9 solaire \u00e0 partir de son propre toit tout en encourageant la mise en place d'un stockage d'\u00e9nergie \u00e0 long terme. Deux modifications de la loi doivent faire avancer la s\u00e9curit\u00e9 d'approvisionnement et l'autoproduction, avec discernement et esprit d'innovation.","inLanguage":"fr-FR","isPartOf":{"@id":"https:\/\/www.immo-invest.ch\/fr\/#website"},"breadcrumb":{"@id":"https:\/\/www.immo-invest.ch\/fr\/zuerich-staerkt-energiezukunft-mit-solar-und-speicherpflicht\/#breadcrumblist"},"author":{"@id":"https:\/\/www.immo-invest.ch\/fr\/author\/immovestuser\/#author"},"creator":{"@id":"https:\/\/www.immo-invest.ch\/fr\/author\/immovestuser\/#author"},"image":{"@type":"ImageObject","url":"https:\/\/www.immo-invest.ch\/wp-content\/uploads\/2026\/01\/immo-invest-energie-trends-nachhaltigkeit-zuerich-solarpflicht-zuerich-energiespeicher-winterstrom-erneuerbare-energiepolitik.png","@id":"https:\/\/www.immo-invest.ch\/fr\/zuerich-staerkt-energiezukunft-mit-solar-und-speicherpflicht\/#mainImage","width":1536,"height":768},"primaryImageOfPage":{"@id":"https:\/\/www.immo-invest.ch\/fr\/zuerich-staerkt-energiezukunft-mit-solar-und-speicherpflicht\/#mainImage"},"datePublished":"2026-01-13T11:01:50+01:00","dateModified":"2026-01-13T11:26:46+01:00"},{"@type":"WebSite","@id":"https:\/\/www.immo-invest.ch\/fr\/#website","url":"https:\/\/www.immo-invest.ch\/fr\/","name":"immo!nvest - Die Plattform f\u00fcr Standorte und Immobilien","description":"Die\u00a0Plattform f\u00fcr Standorte und Immobilien","inLanguage":"fr-FR","publisher":{"@id":"https:\/\/www.immo-invest.ch\/fr\/#organization"}}]},"og:locale":"fr_FR","og:site_name":"immo!nvest - Die Plattform f\u00fcr Standorte und Immobilien - Die\u00a0Plattform f\u00fcr Standorte und Immobilien","og:type":"article","og:title":"Zurich renforce l\u2019avenir \u00e9nerg\u00e9tique avec l\u2019obligation d\u2019utiliser le solaire et de stocker l\u2019\u00e9nergie - immo!nvest - Die Plattform f\u00fcr Standorte und Immobilien","og:description":"Le Conseil d'Etat zurichois veut augmenter la production d'\u00e9lectricit\u00e9 solaire \u00e0 partir de son propre toit tout en encourageant la mise en place d'un stockage d'\u00e9nergie \u00e0 long terme. Deux modifications de la loi doivent faire avancer la s\u00e9curit\u00e9 d'approvisionnement et l'autoproduction, avec discernement et esprit d'innovation.","og:url":"https:\/\/www.immo-invest.ch\/fr\/zuerich-staerkt-energiezukunft-mit-solar-und-speicherpflicht\/","og:image":"https:\/\/www.immo-invest.ch\/wp-content\/uploads\/2026\/01\/immo-invest-energie-trends-nachhaltigkeit-zuerich-solarpflicht-zuerich-energiespeicher-winterstrom-erneuerbare-energiepolitik.png","og:image:secure_url":"https:\/\/www.immo-invest.ch\/wp-content\/uploads\/2026\/01\/immo-invest-energie-trends-nachhaltigkeit-zuerich-solarpflicht-zuerich-energiespeicher-winterstrom-erneuerbare-energiepolitik.png","og:image:width":1536,"og:image:height":768,"article:published_time":"2026-01-13T10:01:50+00:00","article:modified_time":"2026-01-13T10:26:46+00:00","article:publisher":"https:\/\/www.facebook.com\/people\/Immoinvest\/100077962920504\/","twitter:card":"summary_large_image","twitter:site":"@i","twitter:title":"Zurich renforce l\u2019avenir \u00e9nerg\u00e9tique avec l\u2019obligation d\u2019utiliser le solaire et de stocker l\u2019\u00e9nergie - immo!nvest - Die Plattform f\u00fcr Standorte und Immobilien","twitter:description":"Le Conseil d'Etat zurichois veut augmenter la production d'\u00e9lectricit\u00e9 solaire \u00e0 partir de son propre toit tout en encourageant la mise en place d'un stockage d'\u00e9nergie \u00e0 long terme. Deux modifications de la loi doivent faire avancer la s\u00e9curit\u00e9 d'approvisionnement et l'autoproduction, avec discernement et esprit d'innovation.","twitter:creator":"@i","twitter:image":"https:\/\/www.immo-invest.ch\/wp-content\/uploads\/2026\/01\/immo-invest-energie-trends-nachhaltigkeit-zuerich-solarpflicht-zuerich-energiespeicher-winterstrom-erneuerbare-energiepolitik.png"},"aioseo_meta_data":{"post_id":"146904","title":null,"description":null,"keywords":null,"keyphrases":{"focus":{"keyphrase":"","score":0,"analysis":{"keyphraseInTitle":{"score":0,"maxScore":9,"error":1}}},"additional":[]},"primary_term":null,"canonical_url":null,"og_title":null,"og_description":null,"og_object_type":"default","og_image_type":"default","og_image_url":null,"og_image_width":null,"og_image_height":null,"og_image_custom_url":null,"og_image_custom_fields":null,"og_video":"","og_custom_url":null,"og_article_section":null,"og_article_tags":null,"twitter_use_og":false,"twitter_card":"default","twitter_image_type":"default","twitter_image_url":null,"twitter_image_custom_url":null,"twitter_image_custom_fields":null,"twitter_title":null,"twitter_description":null,"schema":{"blockGraphs":[],"customGraphs":[],"default":{"data":{"Article":[],"Course":[],"Dataset":[],"FAQPage":[],"Movie":[],"Person":[],"Product":[],"ProductReview":[],"Car":[],"Recipe":[],"Service":[],"SoftwareApplication":[],"WebPage":[]},"graphName":"BlogPosting","isEnabled":true},"graphs":[]},"schema_type":"default","schema_type_options":null,"pillar_content":false,"robots_default":true,"robots_noindex":false,"robots_noarchive":false,"robots_nosnippet":false,"robots_nofollow":false,"robots_noimageindex":false,"robots_noodp":false,"robots_notranslate":false,"robots_max_snippet":"-1","robots_max_videopreview":"-1","robots_max_imagepreview":"large","priority":null,"frequency":"default","local_seo":null,"breadcrumb_settings":null,"limit_modified_date":false,"ai":{"faqs":[],"keyPoints":[],"titles":[],"descriptions":[],"socialPosts":{"email":[],"linkedin":[],"twitter":[],"facebook":[],"instagram":[]}},"created":"2026-01-13 10:14:26","updated":"2026-01-13 10:32:04","seo_analyzer_scan_date":null,"focus_keyword":null,"additional_keywords":null,"truseo_locale":null},"aioseo_breadcrumb":"<div class=\"aioseo-breadcrumbs\"><span class=\"aioseo-breadcrumb\">\n\t\t\t<a href=\"https:\/\/www.immo-invest.ch\/fr\/\" title=\"Home\">Home<\/a>\n\t\t<\/span><span class=\"aioseo-breadcrumb-separator\">&raquo;<\/span><span class=\"aioseo-breadcrumb\">\n\t\t\t<a href=\"https:\/\/www.immo-invest.ch\/fr\/categories\/regions\/\" title=\"R\u00e9gions\">R\u00e9gions<\/a>\n\t\t<\/span><span class=\"aioseo-breadcrumb-separator\">&raquo;<\/span><span class=\"aioseo-breadcrumb\">\n\t\t\t<a href=\"https:\/\/www.immo-invest.ch\/fr\/categories\/regions\/suisse\/\" title=\"Suisse\">Suisse<\/a>\n\t\t<\/span><span class=\"aioseo-breadcrumb-separator\">&raquo;<\/span><span class=\"aioseo-breadcrumb\">\n\t\t\t<a href=\"https:\/\/www.immo-invest.ch\/fr\/categories\/regions\/suisse\/region-zurich\/\" title=\"Zurich\">Zurich<\/a>\n\t\t<\/span><span class=\"aioseo-breadcrumb-separator\">&raquo;<\/span><span class=\"aioseo-breadcrumb\">\n\t\t\tZurich renforce l\u2019avenir \u00e9nerg\u00e9tique avec l\u2019obligation d\u2019utiliser le solaire et de stocker l\u2019\u00e9nergie\n\t\t<\/span><\/div>","aioseo_breadcrumb_json":[{"label":"Home","link":"https:\/\/www.immo-invest.ch\/fr\/"},{"label":"R\u00e9gions","link":"https:\/\/www.immo-invest.ch\/fr\/categories\/regions\/"},{"label":"Suisse","link":"https:\/\/www.immo-invest.ch\/fr\/categories\/regions\/suisse\/"},{"label":"Zurich","link":"https:\/\/www.immo-invest.ch\/fr\/categories\/regions\/suisse\/region-zurich\/"},{"label":"Zurich renforce l&rsquo;avenir \u00e9nerg\u00e9tique avec l&rsquo;obligation d&rsquo;utiliser le solaire et de stocker l&rsquo;\u00e9nergie","link":"https:\/\/www.immo-invest.ch\/fr\/zuerich-staerkt-energiezukunft-mit-solar-und-speicherpflicht\/"}],"featured_image_src":"https:\/\/www.immo-invest.ch\/wp-content\/uploads\/2026\/01\/immo-invest-energie-trends-nachhaltigkeit-zuerich-solarpflicht-zuerich-energiespeicher-winterstrom-erneuerbare-energiepolitik-336x168.png","_links":{"self":[{"href":"https:\/\/www.immo-invest.ch\/fr\/wp-json\/wp\/v2\/posts\/146904","targetHints":{"allow":["GET"]}}],"collection":[{"href":"https:\/\/www.immo-invest.ch\/fr\/wp-json\/wp\/v2\/posts"}],"about":[{"href":"https:\/\/www.immo-invest.ch\/fr\/wp-json\/wp\/v2\/types\/post"}],"author":[{"embeddable":true,"href":"https:\/\/www.immo-invest.ch\/fr\/wp-json\/wp\/v2\/users\/2"}],"replies":[{"embeddable":true,"href":"https:\/\/www.immo-invest.ch\/fr\/wp-json\/wp\/v2\/comments?post=146904"}],"version-history":[{"count":2,"href":"https:\/\/www.immo-invest.ch\/fr\/wp-json\/wp\/v2\/posts\/146904\/revisions"}],"predecessor-version":[{"id":146912,"href":"https:\/\/www.immo-invest.ch\/fr\/wp-json\/wp\/v2\/posts\/146904\/revisions\/146912"}],"wp:featuredmedia":[{"embeddable":true,"href":"https:\/\/www.immo-invest.ch\/fr\/wp-json\/wp\/v2\/media\/146905"}],"wp:attachment":[{"href":"https:\/\/www.immo-invest.ch\/fr\/wp-json\/wp\/v2\/media?parent=146904"}],"wp:term":[{"taxonomy":"category","embeddable":true,"href":"https:\/\/www.immo-invest.ch\/fr\/wp-json\/wp\/v2\/categories?post=146904"},{"taxonomy":"post_tag","embeddable":true,"href":"https:\/\/www.immo-invest.ch\/fr\/wp-json\/wp\/v2\/tags?post=146904"}],"curies":[{"name":"wp","href":"https:\/\/api.w.org\/{rel}","templated":true}]}}