{"id":146860,"date":"2026-01-13T09:00:00","date_gmt":"2026-01-13T08:00:00","guid":{"rendered":"https:\/\/www.immo-invest.ch\/?p=146860"},"modified":"2026-01-13T09:11:24","modified_gmt":"2026-01-13T08:11:24","slug":"basel-zwischen-regulierung-und-realitaet","status":"publish","type":"post","link":"https:\/\/www.immo-invest.ch\/fr\/basel-zwischen-regulierung-und-realitaet\/","title":{"rendered":"B\u00e2le entre r\u00e9glementation et r\u00e9alit\u00e9"},"content":{"rendered":"<p>L&rsquo;ambiance dans le monde de l&rsquo;immobilier b&acirc;lois est tendue, et ce &agrave; juste titre. Quiconque planifie aujourd&rsquo;hui des projets, veut r&eacute;nover ou investir, ressent les contradictions entre les exigences politiques, la r&eacute;alit&eacute; &eacute;conomique et les attentes de la soci&eacute;t&eacute;. Peu d&rsquo;autres espaces &eacute;conomiques en Suisse illustrent actuellement ce conflit d&rsquo;objectifs de mani&egrave;re aussi exemplaire que B&acirc;le. Hautement r&eacute;glement&eacute;e, mais dynamique ; de petite taille, mais en r&eacute;seau international ; s&ucirc;re d&rsquo;elle, mais de plus en plus d&eacute;stabilis&eacute;e.<\/p>\n<div class=\"pmpro\">\n<div class=\"pmpro_card pmpro_content_message\">\n<h2 class=\"pmpro_card_title pmpro_font-large\"><svg xmlns=\"http:\/\/www.w3.org\/2000\/svg\" width=\"24\" height=\"24\" viewbox=\"0 0 24 24\" fill=\"none\" stroke=\"var(--pmpro--color--accent)\" stroke-width=\"2\" stroke-linecap=\"round\" stroke-linejoin=\"round\" class=\"feather feather-lock\"><rect x=\"3\" y=\"11\" width=\"18\" height=\"11\" rx=\"2\" ry=\"2\"><\/rect><path d=\"M7 11V7a5 5 0 0 1 10 0v4\"><\/path><\/svg>Adh&eacute;sion requise<\/h2>\n<div class=\"pmpro_card_content\">En vous abonnant, vous b&eacute;n&eacute;ficiez d&rsquo;un acc&egrave;s exclusif &agrave; tous les articles.\n<div class=\"buttons\"><a href=\"https:\/\/www.immo-invest.ch\/fr\/login\/\">S&rsquo;inscrire<\/a> <a href=\"https:\/\/www.immo-invest.ch\/fr\/abo-bestellen\/\">S&rsquo;abonner<\/a><\/div>\n<\/div>\n<div class=\"pmpro_card_actions pmpro_font-medium\">Vous &ecirc;tes d&eacute;j&agrave; membre ? <a href=\"https:\/\/www.immo-invest.ch\/fr\/login-2\/?redirect_to=https%3A%2F%2Fwww.immo-invest.ch%2Ffr%2Fbasel-zwischen-regulierung-und-realitaet%2F\">Connectez-vous ici<\/a><\/div>\n<\/div>\n<\/div>\n","protected":false},"excerpt":{"rendered":"<p>L'ambiance dans le monde de l'immobilier b\u00e2lois est tendue, et ce \u00e0 juste titre. Quiconque planifie aujourd'hui des projets, veut r\u00e9nover ou investir, ressent les contradictions entre les exigences politiques, la r\u00e9alit\u00e9 \u00e9conomique et les attentes de la soci\u00e9t\u00e9. Peu d'autres espaces \u00e9conomiques en Suisse illustrent actuellement ce conflit d'objectifs de mani\u00e8re aussi exemplaire que B\u00e2le. Hautement r\u00e9glement\u00e9e, mais dynamique ; de petite taille, mais en r\u00e9seau international ; s\u00fbre d'elle, mais de plus en plus d\u00e9stabilis\u00e9e.<\/p>\n<div class=\"pmpro\"><div class=\"pmpro_card pmpro_content_message\"><h2 class=\"pmpro_card_title pmpro_font-large\"><svg xmlns=\"http:\/\/www.w3.org\/2000\/svg\" width=\"24\" height=\"24\" viewBox=\"0 0 24 24\" fill=\"none\" stroke=\"var(--pmpro--color--accent)\" stroke-width=\"2\" stroke-linecap=\"round\" stroke-linejoin=\"round\" class=\"feather feather-lock\"><rect x=\"3\" y=\"11\" width=\"18\" height=\"11\" rx=\"2\" ry=\"2\"><\/rect><path d=\"M7 11V7a5 5 0 0 1 10 0v4\"><\/path><\/svg>Adh\u00e9sion requise<\/h2><div class=\"pmpro_card_content\">En vous abonnant, vous b\u00e9n\u00e9ficiez d'un acc\u00e8s exclusif \u00e0 tous les articles.<br \/><div class=\"buttons\"><a href=\"https:\/\/www.immo-invest.ch\/fr\/login\/\">S'inscrire<\/a> <a href=\"https:\/\/www.immo-invest.ch\/fr\/abo-bestellen\/\">S'abonner<\/a><\/div> <\/div><div class=\"pmpro_card_actions pmpro_font-medium\">Vous \u00eates d\u00e9j\u00e0 membre ? <a href=\"https:\/\/www.immo-invest.ch\/fr\/login-2\/?redirect_to=https%3A%2F%2Fwww.immo-invest.ch%2Ffr%2Fbasel-zwischen-regulierung-und-realitaet%2F\">Connectez-vous ici<\/a><\/div><\/div><\/div>","protected":false},"author":2,"featured_media":146861,"comment_status":"open","ping_status":"open","sticky":false,"template":"","format":"standard","meta":{"pmpro_default_level":"","inline_featured_image":false,"_monsterinsights_skip_tracking":false,"footnotes":""},"categories":[9430,22699,55961,22243,56027,22438],"tags":[56345,872,3913,3931,55833,2002,56346],"class_list":["post-146860","post","type-post","status-publish","format-standard","has-post-thumbnail","hentry","category-business-fr","category-durabilite","category-evaluations-analyses-de-marche","category-immo-invest-plus","category-planification-developpement","category-trends-fr","tag-immobilienmarkt-basel","tag-immoinvest-fr","tag-immoinvest-2","tag-immonews-fr","tag-investitionsklima","tag-news-fr","tag-wohnschutzgesetz","pmpro-level-required","pmpro-level-2","pmpro-level-4","pmpro-level-5","pmpro-level-6","pmpro-level-7","pmpro-level-8","pmpro-no-access"],"acf":{"bild_mit_ki_erstellt_worden":"","lead":"L'ambiance dans le monde de l'immobilier b\u00e2lois est tendue, et ce \u00e0 juste titre. Quiconque planifie aujourd'hui des projets, veut r\u00e9nover ou investir, ressent les contradictions entre les exigences politiques, la r\u00e9alit\u00e9 \u00e9conomique et les attentes de la soci\u00e9t\u00e9. Peu d'autres espaces \u00e9conomiques en Suisse illustrent actuellement ce conflit d'objectifs de mani\u00e8re aussi exemplaire que B\u00e2le. Hautement r\u00e9glement\u00e9e, mais dynamique ; de petite taille, mais en r\u00e9seau international ; s\u00fbre d'elle, mais de plus en plus d\u00e9stabilis\u00e9e.","autor":"Text: Fabian Halmer \u2022 Bild: zVg.","ort":"Basel","bildunterschrift":"","bild_im_grid":false,"gallerie":"","newsim":""},"aioseo_notices":[],"aioseo_head":"\n\t\t<!-- All in One SEO 5.0.1.1 - aioseo.com -->\n\t<meta name=\"description\" content=\"L&#039;ambiance dans le monde de l&#039;immobilier b\u00e2lois est tendue, et ce \u00e0 juste titre. Quiconque planifie aujourd&#039;hui des projets, veut r\u00e9nover ou investir, ressent les contradictions entre les exigences politiques, la r\u00e9alit\u00e9 \u00e9conomique et les attentes de la soci\u00e9t\u00e9. Peu d&#039;autres espaces \u00e9conomiques en Suisse illustrent actuellement ce conflit d&#039;objectifs de mani\u00e8re aussi exemplaire que B\u00e2le. Hautement r\u00e9glement\u00e9e, mais dynamique ; de petite taille, mais en r\u00e9seau international ; s\u00fbre d&#039;elle, mais de plus en plus d\u00e9stabilis\u00e9e.\" \/>\n\t<meta name=\"robots\" content=\"max-image-preview:large\" \/>\n\t<meta name=\"author\" content=\"immovestuser\"\/>\n\t<meta name=\"google-site-verification\" content=\"fHJKvgWpZCR2zVBHWfkQeFXC11qieUSff0HGNYfuyLA\" \/>\n\t<link rel=\"canonical\" href=\"https:\/\/www.immo-invest.ch\/fr\/basel-zwischen-regulierung-und-realitaet\/\" \/>\n\t<meta name=\"generator\" content=\"All in One SEO (AIOSEO) 5.0.1.1\" \/>\n\t\t<meta property=\"og:locale\" content=\"fr_FR\" \/>\n\t\t<meta property=\"og:site_name\" content=\"immo!nvest - Die Plattform f\u00fcr Standorte und Immobilien - Die\u00a0Plattform f\u00fcr Standorte und Immobilien\" \/>\n\t\t<meta property=\"og:type\" content=\"article\" \/>\n\t\t<meta property=\"og:title\" content=\"B\u00e2le entre r\u00e9glementation et r\u00e9alit\u00e9 - immo!nvest - Die Plattform f\u00fcr Standorte und Immobilien\" \/>\n\t\t<meta property=\"og:description\" content=\"L&#039;ambiance dans le monde de l&#039;immobilier b\u00e2lois est tendue, et ce \u00e0 juste titre. Quiconque planifie aujourd&#039;hui des projets, veut r\u00e9nover ou investir, ressent les contradictions entre les exigences politiques, la r\u00e9alit\u00e9 \u00e9conomique et les attentes de la soci\u00e9t\u00e9. Peu d&#039;autres espaces \u00e9conomiques en Suisse illustrent actuellement ce conflit d&#039;objectifs de mani\u00e8re aussi exemplaire que B\u00e2le. Hautement r\u00e9glement\u00e9e, mais dynamique ; de petite taille, mais en r\u00e9seau international ; s\u00fbre d&#039;elle, mais de plus en plus d\u00e9stabilis\u00e9e.\" \/>\n\t\t<meta property=\"og:url\" content=\"https:\/\/www.immo-invest.ch\/fr\/basel-zwischen-regulierung-und-realitaet\/\" \/>\n\t\t<meta property=\"og:image\" content=\"https:\/\/www.immo-invest.ch\/wp-content\/uploads\/2026\/01\/basel-switzerland-at-sunrise-2025-03-24-00-27-43-utc-scaled.jpg\" \/>\n\t\t<meta property=\"og:image:secure_url\" content=\"https:\/\/www.immo-invest.ch\/wp-content\/uploads\/2026\/01\/basel-switzerland-at-sunrise-2025-03-24-00-27-43-utc-scaled.jpg\" \/>\n\t\t<meta property=\"og:image:width\" content=\"2560\" \/>\n\t\t<meta property=\"og:image:height\" content=\"1122\" \/>\n\t\t<meta property=\"article:published_time\" content=\"2026-01-13T08:00:00+00:00\" \/>\n\t\t<meta property=\"article:modified_time\" content=\"2026-01-13T08:11:24+00:00\" \/>\n\t\t<meta property=\"article:publisher\" content=\"https:\/\/www.facebook.com\/people\/Immoinvest\/100077962920504\/\" \/>\n\t\t<meta name=\"twitter:card\" content=\"summary_large_image\" \/>\n\t\t<meta name=\"twitter:site\" content=\"@i\" \/>\n\t\t<meta name=\"twitter:title\" content=\"B\u00e2le entre r\u00e9glementation et r\u00e9alit\u00e9 - immo!nvest - Die Plattform f\u00fcr Standorte und Immobilien\" \/>\n\t\t<meta name=\"twitter:description\" content=\"L&#039;ambiance dans le monde de l&#039;immobilier b\u00e2lois est tendue, et ce \u00e0 juste titre. Quiconque planifie aujourd&#039;hui des projets, veut r\u00e9nover ou investir, ressent les contradictions entre les exigences politiques, la r\u00e9alit\u00e9 \u00e9conomique et les attentes de la soci\u00e9t\u00e9. Peu d&#039;autres espaces \u00e9conomiques en Suisse illustrent actuellement ce conflit d&#039;objectifs de mani\u00e8re aussi exemplaire que B\u00e2le. Hautement r\u00e9glement\u00e9e, mais dynamique ; de petite taille, mais en r\u00e9seau international ; s\u00fbre d&#039;elle, mais de plus en plus d\u00e9stabilis\u00e9e.\" \/>\n\t\t<meta name=\"twitter:creator\" content=\"@i\" \/>\n\t\t<meta name=\"twitter:image\" content=\"https:\/\/www.immo-invest.ch\/wp-content\/uploads\/2026\/01\/basel-switzerland-at-sunrise-2025-03-24-00-27-43-utc-scaled.jpg\" \/>\n\t\t<script type=\"application\/ld+json\" class=\"aioseo-schema\">\n\t\t\t{\"@context\":\"https:\\\/\\\/schema.org\",\"@graph\":[{\"@type\":\"BlogPosting\",\"@id\":\"https:\\\/\\\/www.immo-invest.ch\\\/fr\\\/basel-zwischen-regulierung-und-realitaet\\\/#blogposting\",\"name\":\"B\\u00e2le entre r\\u00e9glementation et r\\u00e9alit\\u00e9 - immo!nvest - Die Plattform f\\u00fcr Standorte und Immobilien\",\"headline\":\"B\\u00e2le entre r\\u00e9glementation et r\\u00e9alit\\u00e9\",\"author\":{\"@id\":\"https:\\\/\\\/www.immo-invest.ch\\\/fr\\\/author\\\/immovestuser\\\/#author\"},\"publisher\":{\"@id\":\"https:\\\/\\\/www.immo-invest.ch\\\/fr\\\/#organization\"},\"image\":{\"@type\":\"ImageObject\",\"url\":\"https:\\\/\\\/www.immo-invest.ch\\\/wp-content\\\/uploads\\\/2026\\\/01\\\/basel-switzerland-at-sunrise-2025-03-24-00-27-43-utc-scaled.jpg\",\"width\":2560,\"height\":1122,\"caption\":\"Basel, Switzerland townscape at sunrise.\"},\"datePublished\":\"2026-01-13T09:00:00+01:00\",\"dateModified\":\"2026-01-13T09:11:24+01:00\",\"inLanguage\":\"fr-FR\",\"mainEntityOfPage\":{\"@id\":\"https:\\\/\\\/www.immo-invest.ch\\\/fr\\\/basel-zwischen-regulierung-und-realitaet\\\/#webpage\"},\"isPartOf\":{\"@id\":\"https:\\\/\\\/www.immo-invest.ch\\\/fr\\\/basel-zwischen-regulierung-und-realitaet\\\/#webpage\"},\"articleSection\":\"Business, Durabilit\\u00e9, \\u00c9valuations &amp; analyses de march\\u00e9, immo!nvest+, Planification \\\/ D\\u00e9veloppement, Trends, Immobilienmarkt Basel, Immoinvest, \\u00cfmmoinvest, immoNews, investitionsklima, News, Wohnschutzgesetz, Facultatif\"},{\"@type\":\"BreadcrumbList\",\"@id\":\"https:\\\/\\\/www.immo-invest.ch\\\/fr\\\/basel-zwischen-regulierung-und-realitaet\\\/#breadcrumblist\",\"itemListElement\":[{\"@type\":\"ListItem\",\"@id\":\"https:\\\/\\\/www.immo-invest.ch\\\/fr\\\/#listItem\",\"position\":1,\"name\":\"Home\",\"item\":\"https:\\\/\\\/www.immo-invest.ch\\\/fr\\\/\",\"nextItem\":{\"@type\":\"ListItem\",\"@id\":\"https:\\\/\\\/www.immo-invest.ch\\\/fr\\\/categories\\\/trends-fr\\\/#listItem\",\"name\":\"Trends\"}},{\"@type\":\"ListItem\",\"@id\":\"https:\\\/\\\/www.immo-invest.ch\\\/fr\\\/categories\\\/trends-fr\\\/#listItem\",\"position\":2,\"name\":\"Trends\",\"item\":\"https:\\\/\\\/www.immo-invest.ch\\\/fr\\\/categories\\\/trends-fr\\\/\",\"nextItem\":{\"@type\":\"ListItem\",\"@id\":\"https:\\\/\\\/www.immo-invest.ch\\\/fr\\\/categories\\\/trends-fr\\\/durabilite\\\/#listItem\",\"name\":\"Durabilit\\u00e9\"},\"previousItem\":{\"@type\":\"ListItem\",\"@id\":\"https:\\\/\\\/www.immo-invest.ch\\\/fr\\\/#listItem\",\"name\":\"Home\"}},{\"@type\":\"ListItem\",\"@id\":\"https:\\\/\\\/www.immo-invest.ch\\\/fr\\\/categories\\\/trends-fr\\\/durabilite\\\/#listItem\",\"position\":3,\"name\":\"Durabilit\\u00e9\",\"item\":\"https:\\\/\\\/www.immo-invest.ch\\\/fr\\\/categories\\\/trends-fr\\\/durabilite\\\/\",\"nextItem\":{\"@type\":\"ListItem\",\"@id\":\"https:\\\/\\\/www.immo-invest.ch\\\/fr\\\/basel-zwischen-regulierung-und-realitaet\\\/#listItem\",\"name\":\"B\\u00e2le entre r\\u00e9glementation et r\\u00e9alit\\u00e9\"},\"previousItem\":{\"@type\":\"ListItem\",\"@id\":\"https:\\\/\\\/www.immo-invest.ch\\\/fr\\\/categories\\\/trends-fr\\\/#listItem\",\"name\":\"Trends\"}},{\"@type\":\"ListItem\",\"@id\":\"https:\\\/\\\/www.immo-invest.ch\\\/fr\\\/basel-zwischen-regulierung-und-realitaet\\\/#listItem\",\"position\":4,\"name\":\"B\\u00e2le entre r\\u00e9glementation et r\\u00e9alit\\u00e9\",\"previousItem\":{\"@type\":\"ListItem\",\"@id\":\"https:\\\/\\\/www.immo-invest.ch\\\/fr\\\/categories\\\/trends-fr\\\/durabilite\\\/#listItem\",\"name\":\"Durabilit\\u00e9\"}}]},{\"@type\":\"Organization\",\"@id\":\"https:\\\/\\\/www.immo-invest.ch\\\/fr\\\/#organization\",\"name\":\"immo!nvest - Die Plattform f\\u00fcr Standorte und Immobilien\",\"description\":\"Die\\u00a0Plattform f\\u00fcr Standorte und Immobilien\",\"url\":\"https:\\\/\\\/www.immo-invest.ch\\\/fr\\\/\",\"email\":\"admin@immomedia.ag\",\"telephone\":\"+41444420002\",\"logo\":{\"@type\":\"ImageObject\",\"url\":\"https:\\\/\\\/www.immo-invest.ch\\\/wp-content\\\/uploads\\\/2024\\\/09\\\/immoinvest_sm-scaled.jpg\",\"@id\":\"https:\\\/\\\/www.immo-invest.ch\\\/fr\\\/basel-zwischen-regulierung-und-realitaet\\\/#organizationLogo\",\"width\":2560,\"height\":1340},\"image\":{\"@id\":\"https:\\\/\\\/www.immo-invest.ch\\\/fr\\\/basel-zwischen-regulierung-und-realitaet\\\/#organizationLogo\"},\"sameAs\":[\"https:\\\/\\\/www.facebook.com\\\/people\\\/Immoinvest\\\/100077962920504\\\/\",\"https:\\\/\\\/x.com\\\/i\\\/flow\\\/login?redirect_after_login=immoinvest_ch\",\"https:\\\/\\\/www.instagram.com\\\/immoinvest_ch\\\/\",\"https:\\\/\\\/www.linkedin.com\\\/company\\\/immoinvest-swiss\"]},{\"@type\":\"Person\",\"@id\":\"https:\\\/\\\/www.immo-invest.ch\\\/fr\\\/author\\\/immovestuser\\\/#author\",\"url\":\"https:\\\/\\\/www.immo-invest.ch\\\/fr\\\/author\\\/immovestuser\\\/\",\"name\":\"immovestuser\",\"image\":{\"@type\":\"ImageObject\",\"@id\":\"https:\\\/\\\/www.immo-invest.ch\\\/fr\\\/basel-zwischen-regulierung-und-realitaet\\\/#authorImage\",\"url\":\"https:\\\/\\\/secure.gravatar.com\\\/avatar\\\/8e01f4d99f2eeea7a362ebb93305e1172a70e9293ba250f897a65c39f54cdd1e?s=96&d=mm&r=g\",\"width\":96,\"height\":96,\"caption\":\"immovestuser\"}},{\"@type\":\"WebPage\",\"@id\":\"https:\\\/\\\/www.immo-invest.ch\\\/fr\\\/basel-zwischen-regulierung-und-realitaet\\\/#webpage\",\"url\":\"https:\\\/\\\/www.immo-invest.ch\\\/fr\\\/basel-zwischen-regulierung-und-realitaet\\\/\",\"name\":\"B\\u00e2le entre r\\u00e9glementation et r\\u00e9alit\\u00e9 - immo!nvest - Die Plattform f\\u00fcr Standorte und Immobilien\",\"description\":\"L'ambiance dans le monde de l'immobilier b\\u00e2lois est tendue, et ce \\u00e0 juste titre. Quiconque planifie aujourd'hui des projets, veut r\\u00e9nover ou investir, ressent les contradictions entre les exigences politiques, la r\\u00e9alit\\u00e9 \\u00e9conomique et les attentes de la soci\\u00e9t\\u00e9. Peu d'autres espaces \\u00e9conomiques en Suisse illustrent actuellement ce conflit d'objectifs de mani\\u00e8re aussi exemplaire que B\\u00e2le. Hautement r\\u00e9glement\\u00e9e, mais dynamique ; de petite taille, mais en r\\u00e9seau international ; s\\u00fbre d'elle, mais de plus en plus d\\u00e9stabilis\\u00e9e.\",\"inLanguage\":\"fr-FR\",\"isPartOf\":{\"@id\":\"https:\\\/\\\/www.immo-invest.ch\\\/fr\\\/#website\"},\"breadcrumb\":{\"@id\":\"https:\\\/\\\/www.immo-invest.ch\\\/fr\\\/basel-zwischen-regulierung-und-realitaet\\\/#breadcrumblist\"},\"author\":{\"@id\":\"https:\\\/\\\/www.immo-invest.ch\\\/fr\\\/author\\\/immovestuser\\\/#author\"},\"creator\":{\"@id\":\"https:\\\/\\\/www.immo-invest.ch\\\/fr\\\/author\\\/immovestuser\\\/#author\"},\"image\":{\"@type\":\"ImageObject\",\"url\":\"https:\\\/\\\/www.immo-invest.ch\\\/wp-content\\\/uploads\\\/2026\\\/01\\\/basel-switzerland-at-sunrise-2025-03-24-00-27-43-utc-scaled.jpg\",\"@id\":\"https:\\\/\\\/www.immo-invest.ch\\\/fr\\\/basel-zwischen-regulierung-und-realitaet\\\/#mainImage\",\"width\":2560,\"height\":1122,\"caption\":\"Basel, Switzerland townscape at sunrise.\"},\"primaryImageOfPage\":{\"@id\":\"https:\\\/\\\/www.immo-invest.ch\\\/fr\\\/basel-zwischen-regulierung-und-realitaet\\\/#mainImage\"},\"datePublished\":\"2026-01-13T09:00:00+01:00\",\"dateModified\":\"2026-01-13T09:11:24+01:00\"},{\"@type\":\"WebSite\",\"@id\":\"https:\\\/\\\/www.immo-invest.ch\\\/fr\\\/#website\",\"url\":\"https:\\\/\\\/www.immo-invest.ch\\\/fr\\\/\",\"name\":\"immo!nvest - Die Plattform f\\u00fcr Standorte und Immobilien\",\"description\":\"Die\\u00a0Plattform f\\u00fcr Standorte und Immobilien\",\"inLanguage\":\"fr-FR\",\"publisher\":{\"@id\":\"https:\\\/\\\/www.immo-invest.ch\\\/fr\\\/#organization\"}}]}\n\t\t<\/script>\n\t\t<!-- All in One SEO -->\n\n","aioseo_head_json":{"title":"B\u00e2le entre r\u00e9glementation et r\u00e9alit\u00e9 - immo!nvest - Die Plattform f\u00fcr Standorte und Immobilien","description":"L'ambiance dans le monde de l'immobilier b\u00e2lois est tendue, et ce \u00e0 juste titre. Quiconque planifie aujourd'hui des projets, veut r\u00e9nover ou investir, ressent les contradictions entre les exigences politiques, la r\u00e9alit\u00e9 \u00e9conomique et les attentes de la soci\u00e9t\u00e9. Peu d'autres espaces \u00e9conomiques en Suisse illustrent actuellement ce conflit d'objectifs de mani\u00e8re aussi exemplaire que B\u00e2le. Hautement r\u00e9glement\u00e9e, mais dynamique ; de petite taille, mais en r\u00e9seau international ; s\u00fbre d'elle, mais de plus en plus d\u00e9stabilis\u00e9e.","canonical_url":"https:\/\/www.immo-invest.ch\/fr\/basel-zwischen-regulierung-und-realitaet\/","robots":"max-image-preview:large","keywords":"","webmasterTools":{"google-site-verification":"fHJKvgWpZCR2zVBHWfkQeFXC11qieUSff0HGNYfuyLA","miscellaneous":""},"schema":{"@context":"https:\/\/schema.org","@graph":[{"@type":"BlogPosting","@id":"https:\/\/www.immo-invest.ch\/fr\/basel-zwischen-regulierung-und-realitaet\/#blogposting","name":"B\u00e2le entre r\u00e9glementation et r\u00e9alit\u00e9 - immo!nvest - Die Plattform f\u00fcr Standorte und Immobilien","headline":"B\u00e2le entre r\u00e9glementation et r\u00e9alit\u00e9","author":{"@id":"https:\/\/www.immo-invest.ch\/fr\/author\/immovestuser\/#author"},"publisher":{"@id":"https:\/\/www.immo-invest.ch\/fr\/#organization"},"image":{"@type":"ImageObject","url":"https:\/\/www.immo-invest.ch\/wp-content\/uploads\/2026\/01\/basel-switzerland-at-sunrise-2025-03-24-00-27-43-utc-scaled.jpg","width":2560,"height":1122,"caption":"Basel, Switzerland townscape at sunrise."},"datePublished":"2026-01-13T09:00:00+01:00","dateModified":"2026-01-13T09:11:24+01:00","inLanguage":"fr-FR","mainEntityOfPage":{"@id":"https:\/\/www.immo-invest.ch\/fr\/basel-zwischen-regulierung-und-realitaet\/#webpage"},"isPartOf":{"@id":"https:\/\/www.immo-invest.ch\/fr\/basel-zwischen-regulierung-und-realitaet\/#webpage"},"articleSection":"Business, Durabilit\u00e9, \u00c9valuations &amp; analyses de march\u00e9, immo!nvest+, Planification \/ D\u00e9veloppement, Trends, Immobilienmarkt Basel, Immoinvest, \u00cfmmoinvest, immoNews, investitionsklima, News, Wohnschutzgesetz, Facultatif"},{"@type":"BreadcrumbList","@id":"https:\/\/www.immo-invest.ch\/fr\/basel-zwischen-regulierung-und-realitaet\/#breadcrumblist","itemListElement":[{"@type":"ListItem","@id":"https:\/\/www.immo-invest.ch\/fr\/#listItem","position":1,"name":"Home","item":"https:\/\/www.immo-invest.ch\/fr\/","nextItem":{"@type":"ListItem","@id":"https:\/\/www.immo-invest.ch\/fr\/categories\/trends-fr\/#listItem","name":"Trends"}},{"@type":"ListItem","@id":"https:\/\/www.immo-invest.ch\/fr\/categories\/trends-fr\/#listItem","position":2,"name":"Trends","item":"https:\/\/www.immo-invest.ch\/fr\/categories\/trends-fr\/","nextItem":{"@type":"ListItem","@id":"https:\/\/www.immo-invest.ch\/fr\/categories\/trends-fr\/durabilite\/#listItem","name":"Durabilit\u00e9"},"previousItem":{"@type":"ListItem","@id":"https:\/\/www.immo-invest.ch\/fr\/#listItem","name":"Home"}},{"@type":"ListItem","@id":"https:\/\/www.immo-invest.ch\/fr\/categories\/trends-fr\/durabilite\/#listItem","position":3,"name":"Durabilit\u00e9","item":"https:\/\/www.immo-invest.ch\/fr\/categories\/trends-fr\/durabilite\/","nextItem":{"@type":"ListItem","@id":"https:\/\/www.immo-invest.ch\/fr\/basel-zwischen-regulierung-und-realitaet\/#listItem","name":"B\u00e2le entre r\u00e9glementation et r\u00e9alit\u00e9"},"previousItem":{"@type":"ListItem","@id":"https:\/\/www.immo-invest.ch\/fr\/categories\/trends-fr\/#listItem","name":"Trends"}},{"@type":"ListItem","@id":"https:\/\/www.immo-invest.ch\/fr\/basel-zwischen-regulierung-und-realitaet\/#listItem","position":4,"name":"B\u00e2le entre r\u00e9glementation et r\u00e9alit\u00e9","previousItem":{"@type":"ListItem","@id":"https:\/\/www.immo-invest.ch\/fr\/categories\/trends-fr\/durabilite\/#listItem","name":"Durabilit\u00e9"}}]},{"@type":"Organization","@id":"https:\/\/www.immo-invest.ch\/fr\/#organization","name":"immo!nvest - Die Plattform f\u00fcr Standorte und Immobilien","description":"Die\u00a0Plattform f\u00fcr Standorte und Immobilien","url":"https:\/\/www.immo-invest.ch\/fr\/","email":"admin@immomedia.ag","telephone":"+41444420002","logo":{"@type":"ImageObject","url":"https:\/\/www.immo-invest.ch\/wp-content\/uploads\/2024\/09\/immoinvest_sm-scaled.jpg","@id":"https:\/\/www.immo-invest.ch\/fr\/basel-zwischen-regulierung-und-realitaet\/#organizationLogo","width":2560,"height":1340},"image":{"@id":"https:\/\/www.immo-invest.ch\/fr\/basel-zwischen-regulierung-und-realitaet\/#organizationLogo"},"sameAs":["https:\/\/www.facebook.com\/people\/Immoinvest\/100077962920504\/","https:\/\/x.com\/i\/flow\/login?redirect_after_login=immoinvest_ch","https:\/\/www.instagram.com\/immoinvest_ch\/","https:\/\/www.linkedin.com\/company\/immoinvest-swiss"]},{"@type":"Person","@id":"https:\/\/www.immo-invest.ch\/fr\/author\/immovestuser\/#author","url":"https:\/\/www.immo-invest.ch\/fr\/author\/immovestuser\/","name":"immovestuser","image":{"@type":"ImageObject","@id":"https:\/\/www.immo-invest.ch\/fr\/basel-zwischen-regulierung-und-realitaet\/#authorImage","url":"https:\/\/secure.gravatar.com\/avatar\/8e01f4d99f2eeea7a362ebb93305e1172a70e9293ba250f897a65c39f54cdd1e?s=96&d=mm&r=g","width":96,"height":96,"caption":"immovestuser"}},{"@type":"WebPage","@id":"https:\/\/www.immo-invest.ch\/fr\/basel-zwischen-regulierung-und-realitaet\/#webpage","url":"https:\/\/www.immo-invest.ch\/fr\/basel-zwischen-regulierung-und-realitaet\/","name":"B\u00e2le entre r\u00e9glementation et r\u00e9alit\u00e9 - immo!nvest - Die Plattform f\u00fcr Standorte und Immobilien","description":"L'ambiance dans le monde de l'immobilier b\u00e2lois est tendue, et ce \u00e0 juste titre. Quiconque planifie aujourd'hui des projets, veut r\u00e9nover ou investir, ressent les contradictions entre les exigences politiques, la r\u00e9alit\u00e9 \u00e9conomique et les attentes de la soci\u00e9t\u00e9. Peu d'autres espaces \u00e9conomiques en Suisse illustrent actuellement ce conflit d'objectifs de mani\u00e8re aussi exemplaire que B\u00e2le. Hautement r\u00e9glement\u00e9e, mais dynamique ; de petite taille, mais en r\u00e9seau international ; s\u00fbre d'elle, mais de plus en plus d\u00e9stabilis\u00e9e.","inLanguage":"fr-FR","isPartOf":{"@id":"https:\/\/www.immo-invest.ch\/fr\/#website"},"breadcrumb":{"@id":"https:\/\/www.immo-invest.ch\/fr\/basel-zwischen-regulierung-und-realitaet\/#breadcrumblist"},"author":{"@id":"https:\/\/www.immo-invest.ch\/fr\/author\/immovestuser\/#author"},"creator":{"@id":"https:\/\/www.immo-invest.ch\/fr\/author\/immovestuser\/#author"},"image":{"@type":"ImageObject","url":"https:\/\/www.immo-invest.ch\/wp-content\/uploads\/2026\/01\/basel-switzerland-at-sunrise-2025-03-24-00-27-43-utc-scaled.jpg","@id":"https:\/\/www.immo-invest.ch\/fr\/basel-zwischen-regulierung-und-realitaet\/#mainImage","width":2560,"height":1122,"caption":"Basel, Switzerland townscape at sunrise."},"primaryImageOfPage":{"@id":"https:\/\/www.immo-invest.ch\/fr\/basel-zwischen-regulierung-und-realitaet\/#mainImage"},"datePublished":"2026-01-13T09:00:00+01:00","dateModified":"2026-01-13T09:11:24+01:00"},{"@type":"WebSite","@id":"https:\/\/www.immo-invest.ch\/fr\/#website","url":"https:\/\/www.immo-invest.ch\/fr\/","name":"immo!nvest - Die Plattform f\u00fcr Standorte und Immobilien","description":"Die\u00a0Plattform f\u00fcr Standorte und Immobilien","inLanguage":"fr-FR","publisher":{"@id":"https:\/\/www.immo-invest.ch\/fr\/#organization"}}]},"og:locale":"fr_FR","og:site_name":"immo!nvest - Die Plattform f\u00fcr Standorte und Immobilien - Die\u00a0Plattform f\u00fcr Standorte und Immobilien","og:type":"article","og:title":"B\u00e2le entre r\u00e9glementation et r\u00e9alit\u00e9 - immo!nvest - Die Plattform f\u00fcr Standorte und Immobilien","og:description":"L'ambiance dans le monde de l'immobilier b\u00e2lois est tendue, et ce \u00e0 juste titre. Quiconque planifie aujourd'hui des projets, veut r\u00e9nover ou investir, ressent les contradictions entre les exigences politiques, la r\u00e9alit\u00e9 \u00e9conomique et les attentes de la soci\u00e9t\u00e9. Peu d'autres espaces \u00e9conomiques en Suisse illustrent actuellement ce conflit d'objectifs de mani\u00e8re aussi exemplaire que B\u00e2le. Hautement r\u00e9glement\u00e9e, mais dynamique ; de petite taille, mais en r\u00e9seau international ; s\u00fbre d'elle, mais de plus en plus d\u00e9stabilis\u00e9e.","og:url":"https:\/\/www.immo-invest.ch\/fr\/basel-zwischen-regulierung-und-realitaet\/","og:image":"https:\/\/www.immo-invest.ch\/wp-content\/uploads\/2026\/01\/basel-switzerland-at-sunrise-2025-03-24-00-27-43-utc-scaled.jpg","og:image:secure_url":"https:\/\/www.immo-invest.ch\/wp-content\/uploads\/2026\/01\/basel-switzerland-at-sunrise-2025-03-24-00-27-43-utc-scaled.jpg","og:image:width":2560,"og:image:height":1122,"article:published_time":"2026-01-13T08:00:00+00:00","article:modified_time":"2026-01-13T08:11:24+00:00","article:publisher":"https:\/\/www.facebook.com\/people\/Immoinvest\/100077962920504\/","twitter:card":"summary_large_image","twitter:site":"@i","twitter:title":"B\u00e2le entre r\u00e9glementation et r\u00e9alit\u00e9 - immo!nvest - Die Plattform f\u00fcr Standorte und Immobilien","twitter:description":"L'ambiance dans le monde de l'immobilier b\u00e2lois est tendue, et ce \u00e0 juste titre. Quiconque planifie aujourd'hui des projets, veut r\u00e9nover ou investir, ressent les contradictions entre les exigences politiques, la r\u00e9alit\u00e9 \u00e9conomique et les attentes de la soci\u00e9t\u00e9. Peu d'autres espaces \u00e9conomiques en Suisse illustrent actuellement ce conflit d'objectifs de mani\u00e8re aussi exemplaire que B\u00e2le. Hautement r\u00e9glement\u00e9e, mais dynamique ; de petite taille, mais en r\u00e9seau international ; s\u00fbre d'elle, mais de plus en plus d\u00e9stabilis\u00e9e.","twitter:creator":"@i","twitter:image":"https:\/\/www.immo-invest.ch\/wp-content\/uploads\/2026\/01\/basel-switzerland-at-sunrise-2025-03-24-00-27-43-utc-scaled.jpg"},"aioseo_meta_data":{"post_id":"146860","title":null,"description":null,"keywords":null,"keyphrases":{"focus":{"keyphrase":"","score":0,"analysis":{"keyphraseInTitle":{"score":0,"maxScore":9,"error":1}}},"additional":[]},"primary_term":null,"canonical_url":null,"og_title":null,"og_description":null,"og_object_type":"default","og_image_type":"default","og_image_url":null,"og_image_width":null,"og_image_height":null,"og_image_custom_url":null,"og_image_custom_fields":null,"og_video":"","og_custom_url":null,"og_article_section":null,"og_article_tags":null,"twitter_use_og":false,"twitter_card":"default","twitter_image_type":"default","twitter_image_url":null,"twitter_image_custom_url":null,"twitter_image_custom_fields":null,"twitter_title":null,"twitter_description":null,"schema":{"blockGraphs":[],"customGraphs":[],"default":{"data":{"Article":[],"Course":[],"Dataset":[],"FAQPage":[],"Movie":[],"Person":[],"Product":[],"ProductReview":[],"Car":[],"Recipe":[],"Service":[],"SoftwareApplication":[],"WebPage":[]},"graphName":"BlogPosting","isEnabled":true},"graphs":[]},"schema_type":"default","schema_type_options":null,"pillar_content":false,"robots_default":true,"robots_noindex":false,"robots_noarchive":false,"robots_nosnippet":false,"robots_nofollow":false,"robots_noimageindex":false,"robots_noodp":false,"robots_notranslate":false,"robots_max_snippet":"-1","robots_max_videopreview":"-1","robots_max_imagepreview":"large","priority":null,"frequency":"default","local_seo":null,"breadcrumb_settings":null,"limit_modified_date":false,"ai":{"faqs":[],"keyPoints":[],"titles":[],"descriptions":[],"socialPosts":{"email":[],"linkedin":[],"twitter":[],"facebook":[],"instagram":[]}},"created":"2026-01-13 07:53:32","updated":"2026-01-13 08:22:04","seo_analyzer_scan_date":null,"focus_keyword":null,"additional_keywords":null,"truseo_locale":null},"aioseo_breadcrumb":"<div class=\"aioseo-breadcrumbs\"><span class=\"aioseo-breadcrumb\">\n\t\t\t<a href=\"https:\/\/www.immo-invest.ch\/fr\/\" title=\"Home\">Home<\/a>\n\t\t<\/span><span class=\"aioseo-breadcrumb-separator\">&raquo;<\/span><span class=\"aioseo-breadcrumb\">\n\t\t\t<a href=\"https:\/\/www.immo-invest.ch\/fr\/categories\/trends-fr\/\" title=\"Trends\">Trends<\/a>\n\t\t<\/span><span class=\"aioseo-breadcrumb-separator\">&raquo;<\/span><span class=\"aioseo-breadcrumb\">\n\t\t\t<a href=\"https:\/\/www.immo-invest.ch\/fr\/categories\/trends-fr\/durabilite\/\" title=\"Durabilit\u00e9\">Durabilit\u00e9<\/a>\n\t\t<\/span><span class=\"aioseo-breadcrumb-separator\">&raquo;<\/span><span class=\"aioseo-breadcrumb\">\n\t\t\tB\u00e2le entre r\u00e9glementation et r\u00e9alit\u00e9\n\t\t<\/span><\/div>","aioseo_breadcrumb_json":[{"label":"Home","link":"https:\/\/www.immo-invest.ch\/fr\/"},{"label":"Trends","link":"https:\/\/www.immo-invest.ch\/fr\/categories\/trends-fr\/"},{"label":"Durabilit\u00e9","link":"https:\/\/www.immo-invest.ch\/fr\/categories\/trends-fr\/durabilite\/"},{"label":"B\u00e2le entre r\u00e9glementation et r\u00e9alit\u00e9","link":"https:\/\/www.immo-invest.ch\/fr\/basel-zwischen-regulierung-und-realitaet\/"}],"featured_image_src":"https:\/\/www.immo-invest.ch\/wp-content\/uploads\/2026\/01\/basel-switzerland-at-sunrise-2025-03-24-00-27-43-utc-336x168.jpg","_links":{"self":[{"href":"https:\/\/www.immo-invest.ch\/fr\/wp-json\/wp\/v2\/posts\/146860","targetHints":{"allow":["GET"]}}],"collection":[{"href":"https:\/\/www.immo-invest.ch\/fr\/wp-json\/wp\/v2\/posts"}],"about":[{"href":"https:\/\/www.immo-invest.ch\/fr\/wp-json\/wp\/v2\/types\/post"}],"author":[{"embeddable":true,"href":"https:\/\/www.immo-invest.ch\/fr\/wp-json\/wp\/v2\/users\/2"}],"replies":[{"embeddable":true,"href":"https:\/\/www.immo-invest.ch\/fr\/wp-json\/wp\/v2\/comments?post=146860"}],"version-history":[{"count":4,"href":"https:\/\/www.immo-invest.ch\/fr\/wp-json\/wp\/v2\/posts\/146860\/revisions"}],"predecessor-version":[{"id":146893,"href":"https:\/\/www.immo-invest.ch\/fr\/wp-json\/wp\/v2\/posts\/146860\/revisions\/146893"}],"wp:featuredmedia":[{"embeddable":true,"href":"https:\/\/www.immo-invest.ch\/fr\/wp-json\/wp\/v2\/media\/146861"}],"wp:attachment":[{"href":"https:\/\/www.immo-invest.ch\/fr\/wp-json\/wp\/v2\/media?parent=146860"}],"wp:term":[{"taxonomy":"category","embeddable":true,"href":"https:\/\/www.immo-invest.ch\/fr\/wp-json\/wp\/v2\/categories?post=146860"},{"taxonomy":"post_tag","embeddable":true,"href":"https:\/\/www.immo-invest.ch\/fr\/wp-json\/wp\/v2\/tags?post=146860"}],"curies":[{"name":"wp","href":"https:\/\/api.w.org\/{rel}","templated":true}]}}