{"id":146764,"date":"2026-01-14T08:20:00","date_gmt":"2026-01-14T07:20:00","guid":{"rendered":"https:\/\/www.immo-invest.ch\/?p=146764"},"modified":"2026-01-09T08:39:38","modified_gmt":"2026-01-09T07:39:38","slug":"netzuebernahme-bringt-neue-impulse-fuer-die-lokale-energieversorgung","status":"publish","type":"post","link":"https:\/\/www.immo-invest.ch\/fr\/netzuebernahme-bringt-neue-impulse-fuer-die-lokale-energieversorgung\/","title":{"rendered":"La reprise du r\u00e9seau donne un nouvel \u00e9lan \u00e0 l&rsquo;approvisionnement \u00e9nerg\u00e9tique local"},"content":{"rendered":"<p class=\"bodytext\">Selon un communiqu&eacute;, Turgi change de gestionnaire de r&eacute;seau &eacute;lectrique. &Agrave; compter du 1er janvier 2026, Regionalwerke AG Baden (<a href=\"http:\/\/www.regionalwerke.ch\" target=\"_blank\" rel=\"noopener\">RWB<\/a>) reprendra le r&eacute;seau &eacute;lectrique de Turgi. L&rsquo;ancien gestionnaire AEW Energie AG (<a href=\"http:\/\/www.aew.ch\" target=\"_blank\" rel=\"noopener\">AEW<\/a>) cessera alors la fourniture d&rsquo;&eacute;lectricit&eacute; et le service client&egrave;le. Le nouveau interlocuteur pour toutes les questions relatives &agrave; l&rsquo;approvisionnement en &eacute;lectricit&eacute; sera alors le fournisseur r&eacute;gional RWB.<\/p>\n<p class=\"bodytext\">La reprise de l&rsquo;approvisionnement en eau a pu &ecirc;tre effectu&eacute;e plus t&ocirc;t, car celui-ci relevait de la responsabilit&eacute; de la commune. Le r&eacute;seau &eacute;lectrique, en revanche, appartient &agrave; AEW et sera transf&eacute;r&eacute; &agrave; RWB d&eacute;but 2026, comme l&rsquo;explique Adrian Fuchs, responsable de l&rsquo;approvisionnement en &eacute;lectricit&eacute; et membre de la direction de RWB.&nbsp;Avec cette mesure, RWB souligne son &laquo; r&ocirc;le r&eacute;gional &raquo; et offre un approvisionnement en &eacute;lectricit&eacute; fiable, s&ucirc;r et durable &agrave; la population. De plus, les co&ucirc;ts d&rsquo;&eacute;lectricit&eacute; pour les nouveaux clients devraient &ecirc;tre moins &eacute;lev&eacute;s. Par rapport &agrave; l&rsquo;ann&eacute;e pr&eacute;c&eacute;dente, cela repr&eacute;sente une &eacute;conomie de 10 % pour une consommation annuelle moyenne de 4500 kilowattheures par m&eacute;nage.<\/p>\n<p class=\"bodytext\">Le changement de gestionnaire de r&eacute;seau est li&eacute; aux r&eacute;novations et &agrave; l&rsquo;extension pr&eacute;vues du r&eacute;seau &eacute;lectrique dans le cadre de la fusion de Turgi avec la ville de Baden d&eacute;but 2024. Selon le communiqu&eacute;, 2000 compteurs &eacute;lectriques seront remplac&eacute;s par des syst&egrave;mes de mesure intelligents &agrave; partir de mi-2026. Les plans &agrave; moyen terme pr&eacute;voient une connexion des r&eacute;seaux &eacute;lectriques de Baden et de Turgi afin de renforcer la s&eacute;curit&eacute; d&rsquo;approvisionnement.<\/p>\n","protected":false},"excerpt":{"rendered":"<p>La soci\u00e9t\u00e9 Regionalwerke AG Baden (RWB) reprend le r\u00e9seau \u00e9lectrique de Turgi. L&rsquo;ancien exploitant AEW Energie AG restera responsable de la fourniture d&rsquo;\u00e9lectricit\u00e9 et du service client\u00e8le jusqu&rsquo;au 31 d\u00e9cembre 2025. Une baisse des prix de l&rsquo;\u00e9lectricit\u00e9 est annonc\u00e9e pour 2026.<\/p>\n","protected":false},"author":2,"featured_media":146765,"comment_status":"open","ping_status":"open","sticky":false,"template":"","format":"standard","meta":{"pmpro_default_level":"","inline_featured_image":false,"_monsterinsights_skip_tracking":false,"footnotes":""},"categories":[22699,8747,22696,743,22438],"tags":[872,3931,2002,56302,56303],"class_list":["post-146764","post","type-post","status-publish","format-standard","has-post-thumbnail","hentry","category-durabilite","category-energie","category-entreprise","category-immonews-fr","category-trends-fr","tag-immoinvest-fr","tag-immonews-fr","tag-news-fr","tag-regionale-energieversorgung","tag-stromnetz-uebernahme","pmpro-has-access"],"acf":{"bild_mit_ki_erstellt_worden":["Ja"],"lead":"La soci\u00e9t\u00e9 Regionalwerke AG Baden (RWB) reprend le r\u00e9seau \u00e9lectrique de Turgi. L'ancien exploitant AEW Energie AG restera responsable de la fourniture d'\u00e9lectricit\u00e9 et du service client\u00e8le jusqu'au 31 d\u00e9cembre 2025. Une baisse des prix de l'\u00e9lectricit\u00e9 est annonc\u00e9e pour 2026.","autor":"ce\/heg","ort":"Baden AG","bildunterschrift":"","bild_im_grid":false,"gallerie":"","newsim":""},"aioseo_notices":[],"aioseo_head":"\n\t\t<!-- All in One SEO 5.0.0.1 - aioseo.com -->\n\t<meta name=\"description\" content=\"La soci\u00e9t\u00e9 Regionalwerke AG Baden (RWB) reprend le r\u00e9seau \u00e9lectrique de Turgi. L&#039;ancien exploitant AEW Energie AG restera responsable de la fourniture d&#039;\u00e9lectricit\u00e9 et du service client\u00e8le jusqu&#039;au 31 d\u00e9cembre 2025. Une baisse des prix de l&#039;\u00e9lectricit\u00e9 est annonc\u00e9e pour 2026.\" \/>\n\t<meta name=\"robots\" content=\"max-image-preview:large\" \/>\n\t<meta name=\"author\" content=\"immovestuser\"\/>\n\t<meta name=\"google-site-verification\" content=\"fHJKvgWpZCR2zVBHWfkQeFXC11qieUSff0HGNYfuyLA\" \/>\n\t<link rel=\"canonical\" href=\"https:\/\/www.immo-invest.ch\/fr\/netzuebernahme-bringt-neue-impulse-fuer-die-lokale-energieversorgung\/\" \/>\n\t<meta name=\"generator\" content=\"All in One SEO (AIOSEO) 5.0.0.1\" \/>\n\t\t<meta property=\"og:locale\" content=\"fr_FR\" \/>\n\t\t<meta property=\"og:site_name\" content=\"immo!nvest - Die Plattform f\u00fcr Standorte und Immobilien - Die\u00a0Plattform f\u00fcr Standorte und Immobilien\" \/>\n\t\t<meta property=\"og:type\" content=\"article\" \/>\n\t\t<meta property=\"og:title\" content=\"La reprise du r\u00e9seau donne un nouvel \u00e9lan \u00e0 l\u2019approvisionnement \u00e9nerg\u00e9tique local - immo!nvest - Die Plattform f\u00fcr Standorte und Immobilien\" \/>\n\t\t<meta property=\"og:description\" content=\"La soci\u00e9t\u00e9 Regionalwerke AG Baden (RWB) reprend le r\u00e9seau \u00e9lectrique de Turgi. L&#039;ancien exploitant AEW Energie AG restera responsable de la fourniture d&#039;\u00e9lectricit\u00e9 et du service client\u00e8le jusqu&#039;au 31 d\u00e9cembre 2025. Une baisse des prix de l&#039;\u00e9lectricit\u00e9 est annonc\u00e9e pour 2026.\" \/>\n\t\t<meta property=\"og:url\" content=\"https:\/\/www.immo-invest.ch\/fr\/netzuebernahme-bringt-neue-impulse-fuer-die-lokale-energieversorgung\/\" \/>\n\t\t<meta property=\"og:image\" content=\"https:\/\/www.immo-invest.ch\/wp-content\/uploads\/2025\/12\/banoviag_Realistic_local_power_grid_infrastructure_in_a_Swiss_7bcd01e8-f1f8-4f26-8c7a-e56d08d09cdf_2.png\" \/>\n\t\t<meta property=\"og:image:secure_url\" content=\"https:\/\/www.immo-invest.ch\/wp-content\/uploads\/2025\/12\/banoviag_Realistic_local_power_grid_infrastructure_in_a_Swiss_7bcd01e8-f1f8-4f26-8c7a-e56d08d09cdf_2.png\" \/>\n\t\t<meta property=\"og:image:width\" content=\"1536\" \/>\n\t\t<meta property=\"og:image:height\" content=\"768\" \/>\n\t\t<meta property=\"article:published_time\" content=\"2026-01-14T07:20:00+00:00\" \/>\n\t\t<meta property=\"article:modified_time\" content=\"2026-01-09T07:39:38+00:00\" \/>\n\t\t<meta property=\"article:publisher\" content=\"https:\/\/www.facebook.com\/people\/Immoinvest\/100077962920504\/\" \/>\n\t\t<meta name=\"twitter:card\" content=\"summary_large_image\" \/>\n\t\t<meta name=\"twitter:site\" content=\"@i\" \/>\n\t\t<meta name=\"twitter:title\" content=\"La reprise du r\u00e9seau donne un nouvel \u00e9lan \u00e0 l\u2019approvisionnement \u00e9nerg\u00e9tique local - immo!nvest - Die Plattform f\u00fcr Standorte und Immobilien\" \/>\n\t\t<meta name=\"twitter:description\" content=\"La soci\u00e9t\u00e9 Regionalwerke AG Baden (RWB) reprend le r\u00e9seau \u00e9lectrique de Turgi. L&#039;ancien exploitant AEW Energie AG restera responsable de la fourniture d&#039;\u00e9lectricit\u00e9 et du service client\u00e8le jusqu&#039;au 31 d\u00e9cembre 2025. Une baisse des prix de l&#039;\u00e9lectricit\u00e9 est annonc\u00e9e pour 2026.\" \/>\n\t\t<meta name=\"twitter:creator\" content=\"@i\" \/>\n\t\t<meta name=\"twitter:image\" content=\"https:\/\/www.immo-invest.ch\/wp-content\/uploads\/2025\/12\/banoviag_Realistic_local_power_grid_infrastructure_in_a_Swiss_7bcd01e8-f1f8-4f26-8c7a-e56d08d09cdf_2.png\" \/>\n\t\t<script type=\"application\/ld+json\" class=\"aioseo-schema\">\n\t\t\t{\"@context\":\"https:\\\/\\\/schema.org\",\"@graph\":[{\"@type\":\"BlogPosting\",\"@id\":\"https:\\\/\\\/www.immo-invest.ch\\\/fr\\\/netzuebernahme-bringt-neue-impulse-fuer-die-lokale-energieversorgung\\\/#blogposting\",\"name\":\"La reprise du r\\u00e9seau donne un nouvel \\u00e9lan \\u00e0 l\\u2019approvisionnement \\u00e9nerg\\u00e9tique local - immo!nvest - Die Plattform f\\u00fcr Standorte und Immobilien\",\"headline\":\"La reprise du r\\u00e9seau donne un nouvel \\u00e9lan \\u00e0 l&rsquo;approvisionnement \\u00e9nerg\\u00e9tique local\",\"author\":{\"@id\":\"https:\\\/\\\/www.immo-invest.ch\\\/fr\\\/author\\\/immovestuser\\\/#author\"},\"publisher\":{\"@id\":\"https:\\\/\\\/www.immo-invest.ch\\\/fr\\\/#organization\"},\"image\":{\"@type\":\"ImageObject\",\"url\":\"https:\\\/\\\/www.immo-invest.ch\\\/wp-content\\\/uploads\\\/2025\\\/12\\\/banoviag_Realistic_local_power_grid_infrastructure_in_a_Swiss_7bcd01e8-f1f8-4f26-8c7a-e56d08d09cdf_2.png\",\"width\":1536,\"height\":768},\"datePublished\":\"2026-01-14T08:20:00+01:00\",\"dateModified\":\"2026-01-09T08:39:38+01:00\",\"inLanguage\":\"fr-FR\",\"mainEntityOfPage\":{\"@id\":\"https:\\\/\\\/www.immo-invest.ch\\\/fr\\\/netzuebernahme-bringt-neue-impulse-fuer-die-lokale-energieversorgung\\\/#webpage\"},\"isPartOf\":{\"@id\":\"https:\\\/\\\/www.immo-invest.ch\\\/fr\\\/netzuebernahme-bringt-neue-impulse-fuer-die-lokale-energieversorgung\\\/#webpage\"},\"articleSection\":\"Durabilit\\u00e9, \\u00c9nergie, Entreprise, immoNews, Trends, Immoinvest, immoNews, News, regionale Energieversorgung, Stromnetz Uebernahme, Facultatif\"},{\"@type\":\"BreadcrumbList\",\"@id\":\"https:\\\/\\\/www.immo-invest.ch\\\/fr\\\/netzuebernahme-bringt-neue-impulse-fuer-die-lokale-energieversorgung\\\/#breadcrumblist\",\"itemListElement\":[{\"@type\":\"ListItem\",\"@id\":\"https:\\\/\\\/www.immo-invest.ch\\\/fr\\\/#listItem\",\"position\":1,\"name\":\"Home\",\"item\":\"https:\\\/\\\/www.immo-invest.ch\\\/fr\\\/\",\"nextItem\":{\"@type\":\"ListItem\",\"@id\":\"https:\\\/\\\/www.immo-invest.ch\\\/fr\\\/categories\\\/trends-fr\\\/#listItem\",\"name\":\"Trends\"}},{\"@type\":\"ListItem\",\"@id\":\"https:\\\/\\\/www.immo-invest.ch\\\/fr\\\/categories\\\/trends-fr\\\/#listItem\",\"position\":2,\"name\":\"Trends\",\"item\":\"https:\\\/\\\/www.immo-invest.ch\\\/fr\\\/categories\\\/trends-fr\\\/\",\"nextItem\":{\"@type\":\"ListItem\",\"@id\":\"https:\\\/\\\/www.immo-invest.ch\\\/fr\\\/categories\\\/trends-fr\\\/entreprise\\\/#listItem\",\"name\":\"Entreprise\"},\"previousItem\":{\"@type\":\"ListItem\",\"@id\":\"https:\\\/\\\/www.immo-invest.ch\\\/fr\\\/#listItem\",\"name\":\"Home\"}},{\"@type\":\"ListItem\",\"@id\":\"https:\\\/\\\/www.immo-invest.ch\\\/fr\\\/categories\\\/trends-fr\\\/entreprise\\\/#listItem\",\"position\":3,\"name\":\"Entreprise\",\"item\":\"https:\\\/\\\/www.immo-invest.ch\\\/fr\\\/categories\\\/trends-fr\\\/entreprise\\\/\",\"nextItem\":{\"@type\":\"ListItem\",\"@id\":\"https:\\\/\\\/www.immo-invest.ch\\\/fr\\\/netzuebernahme-bringt-neue-impulse-fuer-die-lokale-energieversorgung\\\/#listItem\",\"name\":\"La reprise du r\\u00e9seau donne un nouvel \\u00e9lan \\u00e0 l&rsquo;approvisionnement \\u00e9nerg\\u00e9tique local\"},\"previousItem\":{\"@type\":\"ListItem\",\"@id\":\"https:\\\/\\\/www.immo-invest.ch\\\/fr\\\/categories\\\/trends-fr\\\/#listItem\",\"name\":\"Trends\"}},{\"@type\":\"ListItem\",\"@id\":\"https:\\\/\\\/www.immo-invest.ch\\\/fr\\\/netzuebernahme-bringt-neue-impulse-fuer-die-lokale-energieversorgung\\\/#listItem\",\"position\":4,\"name\":\"La reprise du r\\u00e9seau donne un nouvel \\u00e9lan \\u00e0 l&rsquo;approvisionnement \\u00e9nerg\\u00e9tique local\",\"previousItem\":{\"@type\":\"ListItem\",\"@id\":\"https:\\\/\\\/www.immo-invest.ch\\\/fr\\\/categories\\\/trends-fr\\\/entreprise\\\/#listItem\",\"name\":\"Entreprise\"}}]},{\"@type\":\"Organization\",\"@id\":\"https:\\\/\\\/www.immo-invest.ch\\\/fr\\\/#organization\",\"name\":\"immo!nvest - Die Plattform f\\u00fcr Standorte und Immobilien\",\"description\":\"Die\\u00a0Plattform f\\u00fcr Standorte und Immobilien\",\"url\":\"https:\\\/\\\/www.immo-invest.ch\\\/fr\\\/\",\"email\":\"admin@immomedia.ag\",\"telephone\":\"+41444420002\",\"logo\":{\"@type\":\"ImageObject\",\"url\":\"https:\\\/\\\/www.immo-invest.ch\\\/wp-content\\\/uploads\\\/2024\\\/09\\\/immoinvest_sm-scaled.jpg\",\"@id\":\"https:\\\/\\\/www.immo-invest.ch\\\/fr\\\/netzuebernahme-bringt-neue-impulse-fuer-die-lokale-energieversorgung\\\/#organizationLogo\",\"width\":2560,\"height\":1340},\"image\":{\"@id\":\"https:\\\/\\\/www.immo-invest.ch\\\/fr\\\/netzuebernahme-bringt-neue-impulse-fuer-die-lokale-energieversorgung\\\/#organizationLogo\"},\"sameAs\":[\"https:\\\/\\\/www.facebook.com\\\/people\\\/Immoinvest\\\/100077962920504\\\/\",\"https:\\\/\\\/x.com\\\/i\\\/flow\\\/login?redirect_after_login=immoinvest_ch\",\"https:\\\/\\\/www.instagram.com\\\/immoinvest_ch\\\/\",\"https:\\\/\\\/www.linkedin.com\\\/company\\\/immoinvest-swiss\"]},{\"@type\":\"Person\",\"@id\":\"https:\\\/\\\/www.immo-invest.ch\\\/fr\\\/author\\\/immovestuser\\\/#author\",\"url\":\"https:\\\/\\\/www.immo-invest.ch\\\/fr\\\/author\\\/immovestuser\\\/\",\"name\":\"immovestuser\",\"image\":{\"@type\":\"ImageObject\",\"@id\":\"https:\\\/\\\/www.immo-invest.ch\\\/fr\\\/netzuebernahme-bringt-neue-impulse-fuer-die-lokale-energieversorgung\\\/#authorImage\",\"url\":\"https:\\\/\\\/secure.gravatar.com\\\/avatar\\\/8e01f4d99f2eeea7a362ebb93305e1172a70e9293ba250f897a65c39f54cdd1e?s=96&d=mm&r=g\",\"width\":96,\"height\":96,\"caption\":\"immovestuser\"}},{\"@type\":\"WebPage\",\"@id\":\"https:\\\/\\\/www.immo-invest.ch\\\/fr\\\/netzuebernahme-bringt-neue-impulse-fuer-die-lokale-energieversorgung\\\/#webpage\",\"url\":\"https:\\\/\\\/www.immo-invest.ch\\\/fr\\\/netzuebernahme-bringt-neue-impulse-fuer-die-lokale-energieversorgung\\\/\",\"name\":\"La reprise du r\\u00e9seau donne un nouvel \\u00e9lan \\u00e0 l\\u2019approvisionnement \\u00e9nerg\\u00e9tique local - immo!nvest - Die Plattform f\\u00fcr Standorte und Immobilien\",\"description\":\"La soci\\u00e9t\\u00e9 Regionalwerke AG Baden (RWB) reprend le r\\u00e9seau \\u00e9lectrique de Turgi. L'ancien exploitant AEW Energie AG restera responsable de la fourniture d'\\u00e9lectricit\\u00e9 et du service client\\u00e8le jusqu'au 31 d\\u00e9cembre 2025. Une baisse des prix de l'\\u00e9lectricit\\u00e9 est annonc\\u00e9e pour 2026.\",\"inLanguage\":\"fr-FR\",\"isPartOf\":{\"@id\":\"https:\\\/\\\/www.immo-invest.ch\\\/fr\\\/#website\"},\"breadcrumb\":{\"@id\":\"https:\\\/\\\/www.immo-invest.ch\\\/fr\\\/netzuebernahme-bringt-neue-impulse-fuer-die-lokale-energieversorgung\\\/#breadcrumblist\"},\"author\":{\"@id\":\"https:\\\/\\\/www.immo-invest.ch\\\/fr\\\/author\\\/immovestuser\\\/#author\"},\"creator\":{\"@id\":\"https:\\\/\\\/www.immo-invest.ch\\\/fr\\\/author\\\/immovestuser\\\/#author\"},\"image\":{\"@type\":\"ImageObject\",\"url\":\"https:\\\/\\\/www.immo-invest.ch\\\/wp-content\\\/uploads\\\/2025\\\/12\\\/banoviag_Realistic_local_power_grid_infrastructure_in_a_Swiss_7bcd01e8-f1f8-4f26-8c7a-e56d08d09cdf_2.png\",\"@id\":\"https:\\\/\\\/www.immo-invest.ch\\\/fr\\\/netzuebernahme-bringt-neue-impulse-fuer-die-lokale-energieversorgung\\\/#mainImage\",\"width\":1536,\"height\":768},\"primaryImageOfPage\":{\"@id\":\"https:\\\/\\\/www.immo-invest.ch\\\/fr\\\/netzuebernahme-bringt-neue-impulse-fuer-die-lokale-energieversorgung\\\/#mainImage\"},\"datePublished\":\"2026-01-14T08:20:00+01:00\",\"dateModified\":\"2026-01-09T08:39:38+01:00\"},{\"@type\":\"WebSite\",\"@id\":\"https:\\\/\\\/www.immo-invest.ch\\\/fr\\\/#website\",\"url\":\"https:\\\/\\\/www.immo-invest.ch\\\/fr\\\/\",\"name\":\"immo!nvest - Die Plattform f\\u00fcr Standorte und Immobilien\",\"description\":\"Die\\u00a0Plattform f\\u00fcr Standorte und Immobilien\",\"inLanguage\":\"fr-FR\",\"publisher\":{\"@id\":\"https:\\\/\\\/www.immo-invest.ch\\\/fr\\\/#organization\"}}]}\n\t\t<\/script>\n\t\t<!-- All in One SEO -->\n\n","aioseo_head_json":{"title":"La reprise du r\u00e9seau donne un nouvel \u00e9lan \u00e0 l\u2019approvisionnement \u00e9nerg\u00e9tique local - immo!nvest - Die Plattform f\u00fcr Standorte und Immobilien","description":"La soci\u00e9t\u00e9 Regionalwerke AG Baden (RWB) reprend le r\u00e9seau \u00e9lectrique de Turgi. L'ancien exploitant AEW Energie AG restera responsable de la fourniture d'\u00e9lectricit\u00e9 et du service client\u00e8le jusqu'au 31 d\u00e9cembre 2025. Une baisse des prix de l'\u00e9lectricit\u00e9 est annonc\u00e9e pour 2026.","canonical_url":"https:\/\/www.immo-invest.ch\/fr\/netzuebernahme-bringt-neue-impulse-fuer-die-lokale-energieversorgung\/","robots":"max-image-preview:large","keywords":"","webmasterTools":{"google-site-verification":"fHJKvgWpZCR2zVBHWfkQeFXC11qieUSff0HGNYfuyLA","miscellaneous":""},"schema":{"@context":"https:\/\/schema.org","@graph":[{"@type":"BlogPosting","@id":"https:\/\/www.immo-invest.ch\/fr\/netzuebernahme-bringt-neue-impulse-fuer-die-lokale-energieversorgung\/#blogposting","name":"La reprise du r\u00e9seau donne un nouvel \u00e9lan \u00e0 l\u2019approvisionnement \u00e9nerg\u00e9tique local - immo!nvest - Die Plattform f\u00fcr Standorte und Immobilien","headline":"La reprise du r\u00e9seau donne un nouvel \u00e9lan \u00e0 l&rsquo;approvisionnement \u00e9nerg\u00e9tique local","author":{"@id":"https:\/\/www.immo-invest.ch\/fr\/author\/immovestuser\/#author"},"publisher":{"@id":"https:\/\/www.immo-invest.ch\/fr\/#organization"},"image":{"@type":"ImageObject","url":"https:\/\/www.immo-invest.ch\/wp-content\/uploads\/2025\/12\/banoviag_Realistic_local_power_grid_infrastructure_in_a_Swiss_7bcd01e8-f1f8-4f26-8c7a-e56d08d09cdf_2.png","width":1536,"height":768},"datePublished":"2026-01-14T08:20:00+01:00","dateModified":"2026-01-09T08:39:38+01:00","inLanguage":"fr-FR","mainEntityOfPage":{"@id":"https:\/\/www.immo-invest.ch\/fr\/netzuebernahme-bringt-neue-impulse-fuer-die-lokale-energieversorgung\/#webpage"},"isPartOf":{"@id":"https:\/\/www.immo-invest.ch\/fr\/netzuebernahme-bringt-neue-impulse-fuer-die-lokale-energieversorgung\/#webpage"},"articleSection":"Durabilit\u00e9, \u00c9nergie, Entreprise, immoNews, Trends, Immoinvest, immoNews, News, regionale Energieversorgung, Stromnetz Uebernahme, Facultatif"},{"@type":"BreadcrumbList","@id":"https:\/\/www.immo-invest.ch\/fr\/netzuebernahme-bringt-neue-impulse-fuer-die-lokale-energieversorgung\/#breadcrumblist","itemListElement":[{"@type":"ListItem","@id":"https:\/\/www.immo-invest.ch\/fr\/#listItem","position":1,"name":"Home","item":"https:\/\/www.immo-invest.ch\/fr\/","nextItem":{"@type":"ListItem","@id":"https:\/\/www.immo-invest.ch\/fr\/categories\/trends-fr\/#listItem","name":"Trends"}},{"@type":"ListItem","@id":"https:\/\/www.immo-invest.ch\/fr\/categories\/trends-fr\/#listItem","position":2,"name":"Trends","item":"https:\/\/www.immo-invest.ch\/fr\/categories\/trends-fr\/","nextItem":{"@type":"ListItem","@id":"https:\/\/www.immo-invest.ch\/fr\/categories\/trends-fr\/entreprise\/#listItem","name":"Entreprise"},"previousItem":{"@type":"ListItem","@id":"https:\/\/www.immo-invest.ch\/fr\/#listItem","name":"Home"}},{"@type":"ListItem","@id":"https:\/\/www.immo-invest.ch\/fr\/categories\/trends-fr\/entreprise\/#listItem","position":3,"name":"Entreprise","item":"https:\/\/www.immo-invest.ch\/fr\/categories\/trends-fr\/entreprise\/","nextItem":{"@type":"ListItem","@id":"https:\/\/www.immo-invest.ch\/fr\/netzuebernahme-bringt-neue-impulse-fuer-die-lokale-energieversorgung\/#listItem","name":"La reprise du r\u00e9seau donne un nouvel \u00e9lan \u00e0 l&rsquo;approvisionnement \u00e9nerg\u00e9tique local"},"previousItem":{"@type":"ListItem","@id":"https:\/\/www.immo-invest.ch\/fr\/categories\/trends-fr\/#listItem","name":"Trends"}},{"@type":"ListItem","@id":"https:\/\/www.immo-invest.ch\/fr\/netzuebernahme-bringt-neue-impulse-fuer-die-lokale-energieversorgung\/#listItem","position":4,"name":"La reprise du r\u00e9seau donne un nouvel \u00e9lan \u00e0 l&rsquo;approvisionnement \u00e9nerg\u00e9tique local","previousItem":{"@type":"ListItem","@id":"https:\/\/www.immo-invest.ch\/fr\/categories\/trends-fr\/entreprise\/#listItem","name":"Entreprise"}}]},{"@type":"Organization","@id":"https:\/\/www.immo-invest.ch\/fr\/#organization","name":"immo!nvest - Die Plattform f\u00fcr Standorte und Immobilien","description":"Die\u00a0Plattform f\u00fcr Standorte und Immobilien","url":"https:\/\/www.immo-invest.ch\/fr\/","email":"admin@immomedia.ag","telephone":"+41444420002","logo":{"@type":"ImageObject","url":"https:\/\/www.immo-invest.ch\/wp-content\/uploads\/2024\/09\/immoinvest_sm-scaled.jpg","@id":"https:\/\/www.immo-invest.ch\/fr\/netzuebernahme-bringt-neue-impulse-fuer-die-lokale-energieversorgung\/#organizationLogo","width":2560,"height":1340},"image":{"@id":"https:\/\/www.immo-invest.ch\/fr\/netzuebernahme-bringt-neue-impulse-fuer-die-lokale-energieversorgung\/#organizationLogo"},"sameAs":["https:\/\/www.facebook.com\/people\/Immoinvest\/100077962920504\/","https:\/\/x.com\/i\/flow\/login?redirect_after_login=immoinvest_ch","https:\/\/www.instagram.com\/immoinvest_ch\/","https:\/\/www.linkedin.com\/company\/immoinvest-swiss"]},{"@type":"Person","@id":"https:\/\/www.immo-invest.ch\/fr\/author\/immovestuser\/#author","url":"https:\/\/www.immo-invest.ch\/fr\/author\/immovestuser\/","name":"immovestuser","image":{"@type":"ImageObject","@id":"https:\/\/www.immo-invest.ch\/fr\/netzuebernahme-bringt-neue-impulse-fuer-die-lokale-energieversorgung\/#authorImage","url":"https:\/\/secure.gravatar.com\/avatar\/8e01f4d99f2eeea7a362ebb93305e1172a70e9293ba250f897a65c39f54cdd1e?s=96&d=mm&r=g","width":96,"height":96,"caption":"immovestuser"}},{"@type":"WebPage","@id":"https:\/\/www.immo-invest.ch\/fr\/netzuebernahme-bringt-neue-impulse-fuer-die-lokale-energieversorgung\/#webpage","url":"https:\/\/www.immo-invest.ch\/fr\/netzuebernahme-bringt-neue-impulse-fuer-die-lokale-energieversorgung\/","name":"La reprise du r\u00e9seau donne un nouvel \u00e9lan \u00e0 l\u2019approvisionnement \u00e9nerg\u00e9tique local - immo!nvest - Die Plattform f\u00fcr Standorte und Immobilien","description":"La soci\u00e9t\u00e9 Regionalwerke AG Baden (RWB) reprend le r\u00e9seau \u00e9lectrique de Turgi. L'ancien exploitant AEW Energie AG restera responsable de la fourniture d'\u00e9lectricit\u00e9 et du service client\u00e8le jusqu'au 31 d\u00e9cembre 2025. Une baisse des prix de l'\u00e9lectricit\u00e9 est annonc\u00e9e pour 2026.","inLanguage":"fr-FR","isPartOf":{"@id":"https:\/\/www.immo-invest.ch\/fr\/#website"},"breadcrumb":{"@id":"https:\/\/www.immo-invest.ch\/fr\/netzuebernahme-bringt-neue-impulse-fuer-die-lokale-energieversorgung\/#breadcrumblist"},"author":{"@id":"https:\/\/www.immo-invest.ch\/fr\/author\/immovestuser\/#author"},"creator":{"@id":"https:\/\/www.immo-invest.ch\/fr\/author\/immovestuser\/#author"},"image":{"@type":"ImageObject","url":"https:\/\/www.immo-invest.ch\/wp-content\/uploads\/2025\/12\/banoviag_Realistic_local_power_grid_infrastructure_in_a_Swiss_7bcd01e8-f1f8-4f26-8c7a-e56d08d09cdf_2.png","@id":"https:\/\/www.immo-invest.ch\/fr\/netzuebernahme-bringt-neue-impulse-fuer-die-lokale-energieversorgung\/#mainImage","width":1536,"height":768},"primaryImageOfPage":{"@id":"https:\/\/www.immo-invest.ch\/fr\/netzuebernahme-bringt-neue-impulse-fuer-die-lokale-energieversorgung\/#mainImage"},"datePublished":"2026-01-14T08:20:00+01:00","dateModified":"2026-01-09T08:39:38+01:00"},{"@type":"WebSite","@id":"https:\/\/www.immo-invest.ch\/fr\/#website","url":"https:\/\/www.immo-invest.ch\/fr\/","name":"immo!nvest - Die Plattform f\u00fcr Standorte und Immobilien","description":"Die\u00a0Plattform f\u00fcr Standorte und Immobilien","inLanguage":"fr-FR","publisher":{"@id":"https:\/\/www.immo-invest.ch\/fr\/#organization"}}]},"og:locale":"fr_FR","og:site_name":"immo!nvest - Die Plattform f\u00fcr Standorte und Immobilien - Die\u00a0Plattform f\u00fcr Standorte und Immobilien","og:type":"article","og:title":"La reprise du r\u00e9seau donne un nouvel \u00e9lan \u00e0 l\u2019approvisionnement \u00e9nerg\u00e9tique local - immo!nvest - Die Plattform f\u00fcr Standorte und Immobilien","og:description":"La soci\u00e9t\u00e9 Regionalwerke AG Baden (RWB) reprend le r\u00e9seau \u00e9lectrique de Turgi. L'ancien exploitant AEW Energie AG restera responsable de la fourniture d'\u00e9lectricit\u00e9 et du service client\u00e8le jusqu'au 31 d\u00e9cembre 2025. Une baisse des prix de l'\u00e9lectricit\u00e9 est annonc\u00e9e pour 2026.","og:url":"https:\/\/www.immo-invest.ch\/fr\/netzuebernahme-bringt-neue-impulse-fuer-die-lokale-energieversorgung\/","og:image":"https:\/\/www.immo-invest.ch\/wp-content\/uploads\/2025\/12\/banoviag_Realistic_local_power_grid_infrastructure_in_a_Swiss_7bcd01e8-f1f8-4f26-8c7a-e56d08d09cdf_2.png","og:image:secure_url":"https:\/\/www.immo-invest.ch\/wp-content\/uploads\/2025\/12\/banoviag_Realistic_local_power_grid_infrastructure_in_a_Swiss_7bcd01e8-f1f8-4f26-8c7a-e56d08d09cdf_2.png","og:image:width":1536,"og:image:height":768,"article:published_time":"2026-01-14T07:20:00+00:00","article:modified_time":"2026-01-09T07:39:38+00:00","article:publisher":"https:\/\/www.facebook.com\/people\/Immoinvest\/100077962920504\/","twitter:card":"summary_large_image","twitter:site":"@i","twitter:title":"La reprise du r\u00e9seau donne un nouvel \u00e9lan \u00e0 l\u2019approvisionnement \u00e9nerg\u00e9tique local - immo!nvest - Die Plattform f\u00fcr Standorte und Immobilien","twitter:description":"La soci\u00e9t\u00e9 Regionalwerke AG Baden (RWB) reprend le r\u00e9seau \u00e9lectrique de Turgi. L'ancien exploitant AEW Energie AG restera responsable de la fourniture d'\u00e9lectricit\u00e9 et du service client\u00e8le jusqu'au 31 d\u00e9cembre 2025. Une baisse des prix de l'\u00e9lectricit\u00e9 est annonc\u00e9e pour 2026.","twitter:creator":"@i","twitter:image":"https:\/\/www.immo-invest.ch\/wp-content\/uploads\/2025\/12\/banoviag_Realistic_local_power_grid_infrastructure_in_a_Swiss_7bcd01e8-f1f8-4f26-8c7a-e56d08d09cdf_2.png"},"aioseo_meta_data":{"post_id":"146764","title":null,"description":null,"keywords":null,"keyphrases":{"focus":{"keyphrase":"","score":0,"analysis":{"keyphraseInTitle":{"score":0,"maxScore":9,"error":1}}},"additional":[]},"primary_term":null,"canonical_url":null,"og_title":null,"og_description":null,"og_object_type":"default","og_image_type":"default","og_image_url":null,"og_image_width":null,"og_image_height":null,"og_image_custom_url":null,"og_image_custom_fields":null,"og_video":"","og_custom_url":null,"og_article_section":null,"og_article_tags":null,"twitter_use_og":false,"twitter_card":"default","twitter_image_type":"default","twitter_image_url":null,"twitter_image_custom_url":null,"twitter_image_custom_fields":null,"twitter_title":null,"twitter_description":null,"schema":{"blockGraphs":[],"customGraphs":[],"default":{"data":{"Article":[],"Course":[],"Dataset":[],"FAQPage":[],"Movie":[],"Person":[],"Product":[],"ProductReview":[],"Car":[],"Recipe":[],"Service":[],"SoftwareApplication":[],"WebPage":[]},"graphName":"BlogPosting","isEnabled":true},"graphs":[]},"schema_type":"default","schema_type_options":null,"pillar_content":false,"robots_default":true,"robots_noindex":false,"robots_noarchive":false,"robots_nosnippet":false,"robots_nofollow":false,"robots_noimageindex":false,"robots_noodp":false,"robots_notranslate":false,"robots_max_snippet":"-1","robots_max_videopreview":"-1","robots_max_imagepreview":"large","priority":null,"frequency":"default","local_seo":null,"breadcrumb_settings":null,"limit_modified_date":false,"ai":{"faqs":[],"keyPoints":[],"titles":[],"descriptions":[],"socialPosts":{"email":[],"linkedin":[],"twitter":[],"facebook":[],"instagram":[]}},"created":"2026-01-09 07:39:51","updated":"2026-01-14 07:28:39","seo_analyzer_scan_date":null,"focus_keyword":null,"additional_keywords":null,"truseo_locale":null},"aioseo_breadcrumb":"<div class=\"aioseo-breadcrumbs\"><span class=\"aioseo-breadcrumb\">\n\t\t\t<a href=\"https:\/\/www.immo-invest.ch\/fr\/\" title=\"Home\">Home<\/a>\n\t\t<\/span><span class=\"aioseo-breadcrumb-separator\">&raquo;<\/span><span class=\"aioseo-breadcrumb\">\n\t\t\t<a href=\"https:\/\/www.immo-invest.ch\/fr\/categories\/trends-fr\/\" title=\"Trends\">Trends<\/a>\n\t\t<\/span><span class=\"aioseo-breadcrumb-separator\">&raquo;<\/span><span class=\"aioseo-breadcrumb\">\n\t\t\t<a href=\"https:\/\/www.immo-invest.ch\/fr\/categories\/trends-fr\/entreprise\/\" title=\"Entreprise\">Entreprise<\/a>\n\t\t<\/span><span class=\"aioseo-breadcrumb-separator\">&raquo;<\/span><span class=\"aioseo-breadcrumb\">\n\t\t\tLa reprise du r\u00e9seau donne un nouvel \u00e9lan \u00e0 l\u2019approvisionnement \u00e9nerg\u00e9tique local\n\t\t<\/span><\/div>","aioseo_breadcrumb_json":[{"label":"Home","link":"https:\/\/www.immo-invest.ch\/fr\/"},{"label":"Trends","link":"https:\/\/www.immo-invest.ch\/fr\/categories\/trends-fr\/"},{"label":"Entreprise","link":"https:\/\/www.immo-invest.ch\/fr\/categories\/trends-fr\/entreprise\/"},{"label":"La reprise du r\u00e9seau donne un nouvel \u00e9lan \u00e0 l&rsquo;approvisionnement \u00e9nerg\u00e9tique local","link":"https:\/\/www.immo-invest.ch\/fr\/netzuebernahme-bringt-neue-impulse-fuer-die-lokale-energieversorgung\/"}],"featured_image_src":"https:\/\/www.immo-invest.ch\/wp-content\/uploads\/2025\/12\/banoviag_Realistic_local_power_grid_infrastructure_in_a_Swiss_7bcd01e8-f1f8-4f26-8c7a-e56d08d09cdf_2-336x168.png","_links":{"self":[{"href":"https:\/\/www.immo-invest.ch\/fr\/wp-json\/wp\/v2\/posts\/146764","targetHints":{"allow":["GET"]}}],"collection":[{"href":"https:\/\/www.immo-invest.ch\/fr\/wp-json\/wp\/v2\/posts"}],"about":[{"href":"https:\/\/www.immo-invest.ch\/fr\/wp-json\/wp\/v2\/types\/post"}],"author":[{"embeddable":true,"href":"https:\/\/www.immo-invest.ch\/fr\/wp-json\/wp\/v2\/users\/2"}],"replies":[{"embeddable":true,"href":"https:\/\/www.immo-invest.ch\/fr\/wp-json\/wp\/v2\/comments?post=146764"}],"version-history":[{"count":2,"href":"https:\/\/www.immo-invest.ch\/fr\/wp-json\/wp\/v2\/posts\/146764\/revisions"}],"predecessor-version":[{"id":146773,"href":"https:\/\/www.immo-invest.ch\/fr\/wp-json\/wp\/v2\/posts\/146764\/revisions\/146773"}],"wp:featuredmedia":[{"embeddable":true,"href":"https:\/\/www.immo-invest.ch\/fr\/wp-json\/wp\/v2\/media\/146765"}],"wp:attachment":[{"href":"https:\/\/www.immo-invest.ch\/fr\/wp-json\/wp\/v2\/media?parent=146764"}],"wp:term":[{"taxonomy":"category","embeddable":true,"href":"https:\/\/www.immo-invest.ch\/fr\/wp-json\/wp\/v2\/categories?post=146764"},{"taxonomy":"post_tag","embeddable":true,"href":"https:\/\/www.immo-invest.ch\/fr\/wp-json\/wp\/v2\/tags?post=146764"}],"curies":[{"name":"wp","href":"https:\/\/api.w.org\/{rel}","templated":true}]}}