{"id":146497,"date":"2026-01-06T11:45:29","date_gmt":"2026-01-06T10:45:29","guid":{"rendered":"https:\/\/www.immo-invest.ch\/st-gallen-verhindert-planungsstillstand-in-gemeinden\/"},"modified":"2026-01-06T11:51:22","modified_gmt":"2026-01-06T10:51:22","slug":"st-gallen-verhindert-planungsstillstand-in-gemeinden","status":"publish","type":"post","link":"https:\/\/www.immo-invest.ch\/fr\/st-gallen-verhindert-planungsstillstand-in-gemeinden\/","title":{"rendered":"Saint-Gall emp\u00eache l&rsquo;arr\u00eat de la planification dans les communes"},"content":{"rendered":"<p class=\"wp-block-paragraph\">Dans de nombreuses communes saint-galloises, des r&eacute;visions compl&egrave;tes des plans directeurs et des plans d&rsquo;affectation g&eacute;n&eacute;raux sont actuellement en cours, alors que la loi sur les constructions de 1972 est encore partiellement en vigueur. Il en r&eacute;sulte qu&rsquo;entre la mise &agrave; l&rsquo;enqu&ecirc;te et l&rsquo;approbation de nouveaux plans d&rsquo;affectation, aucune nouvelle base de planification n&rsquo;a pu &ecirc;tre mise en vigueur pendant des ann&eacute;es et que des projets importants sont rest&eacute;s bloqu&eacute;s. Le IV. Suppl&eacute;ment &agrave; la loi sur l&rsquo;am&eacute;nagement du territoire et les constructions comble cette lacune et met en &oelig;uvre la motion visant &agrave; &eacute;viter un blocage de la planification. L&rsquo;objectif est de garantir la capacit&eacute; de d&eacute;veloppement des communes tout en apportant une clart&eacute; juridique.<\/p>\n\n\n\n\n\n<p class=\"wp-block-paragraph\"><strong>Deux voies pour une plus grande s&eacute;curit&eacute; de planification<br><\/strong>Le gouvernement suit deux approches &agrave; cet effet. D&rsquo;une part, les plans d&rsquo;affectation sp&eacute;ciaux qui reposent encore mat&eacute;riellement sur l&rsquo;ancien droit peuvent continuer &agrave; &ecirc;tre approuv&eacute;s jusqu&rsquo;&agrave; ce que le nouveau plan d&rsquo;affectation cadre soit approuv&eacute; par l&rsquo;Office du d&eacute;veloppement territorial et de la g&eacute;oinformation. Si un tel plan est compatible avec le futur r&eacute;gime, il peut &ecirc;tre transform&eacute; en un plan d&rsquo;affectation sp&eacute;cial conforme &agrave; la LIP sans qu&rsquo;il soit n&eacute;cessaire de relancer la proc&eacute;dure. D&rsquo;autre part, selon le nouveau droit, les plans d&rsquo;affectation sp&eacute;ciaux peuvent &ecirc;tre mis &agrave; l&rsquo;enqu&ecirc;te et approuv&eacute;s d&egrave;s la mise &agrave; l&rsquo;enqu&ecirc;te publique du plan d&rsquo;affectation g&eacute;n&eacute;ral r&eacute;vis&eacute;. Selon leur compatibilit&eacute; avec l&rsquo;ancien droit, ils entrent en vigueur soit imm&eacute;diatement, soit seulement au moment de l&rsquo;entr&eacute;e en vigueur du nouveau plan.<\/p>\n\n\n\n\n\n<p class=\"wp-block-paragraph\"><strong>D&eacute;lai prolong&eacute; pour les r&eacute;visions des plans d&rsquo;am&eacute;nagement local<br><\/strong>En outre, le gouvernement propose de prolonger forfaitairement de 2027 &agrave; 2030 le d&eacute;lai d&rsquo;adaptation des plans d&rsquo;am&eacute;nagement cadre communaux &agrave; la nouvelle loi sur l&rsquo;am&eacute;nagement du territoire et les constructions. Les exp&eacute;riences faites jusqu&rsquo;&agrave; pr&eacute;sent montrent que de nombreuses communes ne peuvent pas achever leurs vastes travaux de planification en l&rsquo;espace de dix ans. En outre, sur demande motiv&eacute;e, le d&eacute;lai peut &ecirc;tre encore prolong&eacute; individuellement. Les nouvelles dispositions allient s&eacute;curit&eacute; juridique et flexibilit&eacute; et constituent ainsi une base importante pour un d&eacute;veloppement ordonn&eacute; de l&rsquo;urbanisation, des d&eacute;cisions d&rsquo;investissement fiables et la mise en &oelig;uvre des objectifs du canton en mati&egrave;re d&rsquo;am&eacute;nagement du territoire.<\/p>\n\n","protected":false},"excerpt":{"rendered":"<p>Avec un avenant \u00e0 la loi sur l&rsquo;am\u00e9nagement du territoire et les constructions, le gouvernement saint-gallois offre une plus grande s\u00e9curit\u00e9 de planification aux communes, aux investisseurs et aux porteurs de projets. Les plans d&rsquo;affectation sp\u00e9ciaux restent possibles m\u00eame pendant les r\u00e9visions de l&rsquo;am\u00e9nagement local en cours et le d\u00e9lai d&rsquo;adaptation des plans d&rsquo;affectation au nouveau droit est prolong\u00e9 jusqu&rsquo;en 2030.<\/p>\n","protected":false},"author":2,"featured_media":146498,"comment_status":"open","ping_status":"open","sticky":false,"template":"","format":"standard","meta":{"pmpro_default_level":"","inline_featured_image":false,"_monsterinsights_skip_tracking":false,"footnotes":""},"categories":[55976,56027,55979,9442,22438],"tags":[872,3931,2002,56179,56180,56181],"class_list":["post-146497","post","type-post","status-publish","format-standard","has-post-thumbnail","hentry","category-institutions-formation","category-planification-developpement","category-promotion-du-site","category-region-saint-gall","category-trends-fr","tag-immoinvest-fr","tag-immonews-fr","tag-news-fr","tag-ortsplanung-gemeinden","tag-planungs-und-baugesetz-2","tag-sondernutzungsplaene","pmpro-has-access"],"acf":{"bild_mit_ki_erstellt_worden":"","lead":"Avec un avenant \u00e0 la loi sur l'am\u00e9nagement du territoire et les constructions, le gouvernement saint-gallois offre une plus grande s\u00e9curit\u00e9 de planification aux communes, aux investisseurs et aux porteurs de projets. Les plans d'affectation sp\u00e9ciaux restent possibles m\u00eame pendant les r\u00e9visions de l'am\u00e9nagement local en cours et le d\u00e9lai d'adaptation des plans d'affectation au nouveau droit est prolong\u00e9 jusqu'en 2030.","autor":"Quelle St. Gallen","ort":"","bildunterschrift":"","bild_im_grid":false,"gallerie":"","newsim":""},"aioseo_notices":[],"aioseo_head":"\n\t\t<!-- All in One SEO 5.0.0.1 - aioseo.com -->\n\t<meta name=\"description\" content=\"Avec un avenant \u00e0 la loi sur l&#039;am\u00e9nagement du territoire et les constructions, le gouvernement saint-gallois offre une plus grande s\u00e9curit\u00e9 de planification aux communes, aux investisseurs et aux porteurs de projets. Les plans d&#039;affectation sp\u00e9ciaux restent possibles m\u00eame pendant les r\u00e9visions de l&#039;am\u00e9nagement local en cours et le d\u00e9lai d&#039;adaptation des plans d&#039;affectation au nouveau droit est prolong\u00e9 jusqu&#039;en 2030.\" \/>\n\t<meta name=\"robots\" content=\"max-image-preview:large\" \/>\n\t<meta name=\"author\" content=\"immovestuser\"\/>\n\t<meta name=\"google-site-verification\" content=\"fHJKvgWpZCR2zVBHWfkQeFXC11qieUSff0HGNYfuyLA\" \/>\n\t<link rel=\"canonical\" href=\"https:\/\/www.immo-invest.ch\/fr\/st-gallen-verhindert-planungsstillstand-in-gemeinden\/\" \/>\n\t<meta name=\"generator\" content=\"All in One SEO (AIOSEO) 5.0.0.1\" \/>\n\t\t<meta property=\"og:locale\" content=\"fr_FR\" \/>\n\t\t<meta property=\"og:site_name\" content=\"immo!nvest - Die Plattform f\u00fcr Standorte und Immobilien - Die\u00a0Plattform f\u00fcr Standorte und Immobilien\" \/>\n\t\t<meta property=\"og:type\" content=\"article\" \/>\n\t\t<meta property=\"og:title\" content=\"Saint-Gall emp\u00eache l\u2019arr\u00eat de la planification dans les communes - immo!nvest - Die Plattform f\u00fcr Standorte und Immobilien\" \/>\n\t\t<meta property=\"og:description\" content=\"Avec un avenant \u00e0 la loi sur l&#039;am\u00e9nagement du territoire et les constructions, le gouvernement saint-gallois offre une plus grande s\u00e9curit\u00e9 de planification aux communes, aux investisseurs et aux porteurs de projets. Les plans d&#039;affectation sp\u00e9ciaux restent possibles m\u00eame pendant les r\u00e9visions de l&#039;am\u00e9nagement local en cours et le d\u00e9lai d&#039;adaptation des plans d&#039;affectation au nouveau droit est prolong\u00e9 jusqu&#039;en 2030.\" \/>\n\t\t<meta property=\"og:url\" content=\"https:\/\/www.immo-invest.ch\/fr\/st-gallen-verhindert-planungsstillstand-in-gemeinden\/\" \/>\n\t\t<meta property=\"og:image\" content=\"https:\/\/www.immo-invest.ch\/wp-content\/uploads\/2026\/01\/ivan-louis-JSRekW1fRfY-unsplash-scaled.jpg\" \/>\n\t\t<meta property=\"og:image:secure_url\" content=\"https:\/\/www.immo-invest.ch\/wp-content\/uploads\/2026\/01\/ivan-louis-JSRekW1fRfY-unsplash-scaled.jpg\" \/>\n\t\t<meta property=\"og:image:width\" content=\"2560\" \/>\n\t\t<meta property=\"og:image:height\" content=\"1440\" \/>\n\t\t<meta property=\"article:published_time\" content=\"2026-01-06T10:45:29+00:00\" \/>\n\t\t<meta property=\"article:modified_time\" content=\"2026-01-06T10:51:22+00:00\" \/>\n\t\t<meta property=\"article:publisher\" content=\"https:\/\/www.facebook.com\/people\/Immoinvest\/100077962920504\/\" \/>\n\t\t<meta name=\"twitter:card\" content=\"summary_large_image\" \/>\n\t\t<meta name=\"twitter:site\" content=\"@i\" \/>\n\t\t<meta name=\"twitter:title\" content=\"Saint-Gall emp\u00eache l\u2019arr\u00eat de la planification dans les communes - immo!nvest - Die Plattform f\u00fcr Standorte und Immobilien\" \/>\n\t\t<meta name=\"twitter:description\" content=\"Avec un avenant \u00e0 la loi sur l&#039;am\u00e9nagement du territoire et les constructions, le gouvernement saint-gallois offre une plus grande s\u00e9curit\u00e9 de planification aux communes, aux investisseurs et aux porteurs de projets. Les plans d&#039;affectation sp\u00e9ciaux restent possibles m\u00eame pendant les r\u00e9visions de l&#039;am\u00e9nagement local en cours et le d\u00e9lai d&#039;adaptation des plans d&#039;affectation au nouveau droit est prolong\u00e9 jusqu&#039;en 2030.\" \/>\n\t\t<meta name=\"twitter:creator\" content=\"@i\" \/>\n\t\t<meta name=\"twitter:image\" content=\"https:\/\/www.immo-invest.ch\/wp-content\/uploads\/2026\/01\/ivan-louis-JSRekW1fRfY-unsplash-scaled.jpg\" \/>\n\t\t<script type=\"application\/ld+json\" class=\"aioseo-schema\">\n\t\t\t{\"@context\":\"https:\\\/\\\/schema.org\",\"@graph\":[{\"@type\":\"BlogPosting\",\"@id\":\"https:\\\/\\\/www.immo-invest.ch\\\/fr\\\/st-gallen-verhindert-planungsstillstand-in-gemeinden\\\/#blogposting\",\"name\":\"Saint-Gall emp\\u00eache l\\u2019arr\\u00eat de la planification dans les communes - immo!nvest - Die Plattform f\\u00fcr Standorte und Immobilien\",\"headline\":\"Saint-Gall emp\\u00eache l&rsquo;arr\\u00eat de la planification dans les communes\",\"author\":{\"@id\":\"https:\\\/\\\/www.immo-invest.ch\\\/fr\\\/author\\\/immovestuser\\\/#author\"},\"publisher\":{\"@id\":\"https:\\\/\\\/www.immo-invest.ch\\\/fr\\\/#organization\"},\"image\":{\"@type\":\"ImageObject\",\"url\":\"https:\\\/\\\/www.immo-invest.ch\\\/wp-content\\\/uploads\\\/2026\\\/01\\\/ivan-louis-JSRekW1fRfY-unsplash-scaled.jpg\",\"width\":2560,\"height\":1440,\"caption\":\"St. Gallen\"},\"datePublished\":\"2026-01-06T11:45:29+01:00\",\"dateModified\":\"2026-01-06T11:51:22+01:00\",\"inLanguage\":\"fr-FR\",\"mainEntityOfPage\":{\"@id\":\"https:\\\/\\\/www.immo-invest.ch\\\/fr\\\/st-gallen-verhindert-planungsstillstand-in-gemeinden\\\/#webpage\"},\"isPartOf\":{\"@id\":\"https:\\\/\\\/www.immo-invest.ch\\\/fr\\\/st-gallen-verhindert-planungsstillstand-in-gemeinden\\\/#webpage\"},\"articleSection\":\"Institutions &amp; Formation, Planification \\\/ D\\u00e9veloppement, Promotion du site, Saint-Gall, Trends, Immoinvest, immoNews, News, Ortsplanung Gemeinden, Planungs und Baugesetz, Sondernutzungsplaene, Facultatif\"},{\"@type\":\"BreadcrumbList\",\"@id\":\"https:\\\/\\\/www.immo-invest.ch\\\/fr\\\/st-gallen-verhindert-planungsstillstand-in-gemeinden\\\/#breadcrumblist\",\"itemListElement\":[{\"@type\":\"ListItem\",\"@id\":\"https:\\\/\\\/www.immo-invest.ch\\\/fr\\\/#listItem\",\"position\":1,\"name\":\"Home\",\"item\":\"https:\\\/\\\/www.immo-invest.ch\\\/fr\\\/\",\"nextItem\":{\"@type\":\"ListItem\",\"@id\":\"https:\\\/\\\/www.immo-invest.ch\\\/fr\\\/categories\\\/regions\\\/#listItem\",\"name\":\"R\\u00e9gions\"}},{\"@type\":\"ListItem\",\"@id\":\"https:\\\/\\\/www.immo-invest.ch\\\/fr\\\/categories\\\/regions\\\/#listItem\",\"position\":2,\"name\":\"R\\u00e9gions\",\"item\":\"https:\\\/\\\/www.immo-invest.ch\\\/fr\\\/categories\\\/regions\\\/\",\"nextItem\":{\"@type\":\"ListItem\",\"@id\":\"https:\\\/\\\/www.immo-invest.ch\\\/fr\\\/categories\\\/regions\\\/suisse\\\/#listItem\",\"name\":\"Suisse\"},\"previousItem\":{\"@type\":\"ListItem\",\"@id\":\"https:\\\/\\\/www.immo-invest.ch\\\/fr\\\/#listItem\",\"name\":\"Home\"}},{\"@type\":\"ListItem\",\"@id\":\"https:\\\/\\\/www.immo-invest.ch\\\/fr\\\/categories\\\/regions\\\/suisse\\\/#listItem\",\"position\":3,\"name\":\"Suisse\",\"item\":\"https:\\\/\\\/www.immo-invest.ch\\\/fr\\\/categories\\\/regions\\\/suisse\\\/\",\"nextItem\":{\"@type\":\"ListItem\",\"@id\":\"https:\\\/\\\/www.immo-invest.ch\\\/fr\\\/categories\\\/regions\\\/suisse\\\/suisse-orientale\\\/#listItem\",\"name\":\"Suisse orientale\"},\"previousItem\":{\"@type\":\"ListItem\",\"@id\":\"https:\\\/\\\/www.immo-invest.ch\\\/fr\\\/categories\\\/regions\\\/#listItem\",\"name\":\"R\\u00e9gions\"}},{\"@type\":\"ListItem\",\"@id\":\"https:\\\/\\\/www.immo-invest.ch\\\/fr\\\/categories\\\/regions\\\/suisse\\\/suisse-orientale\\\/#listItem\",\"position\":4,\"name\":\"Suisse orientale\",\"item\":\"https:\\\/\\\/www.immo-invest.ch\\\/fr\\\/categories\\\/regions\\\/suisse\\\/suisse-orientale\\\/\",\"nextItem\":{\"@type\":\"ListItem\",\"@id\":\"https:\\\/\\\/www.immo-invest.ch\\\/fr\\\/categories\\\/regions\\\/suisse\\\/suisse-orientale\\\/region-saint-gall\\\/#listItem\",\"name\":\"Saint-Gall\"},\"previousItem\":{\"@type\":\"ListItem\",\"@id\":\"https:\\\/\\\/www.immo-invest.ch\\\/fr\\\/categories\\\/regions\\\/suisse\\\/#listItem\",\"name\":\"Suisse\"}},{\"@type\":\"ListItem\",\"@id\":\"https:\\\/\\\/www.immo-invest.ch\\\/fr\\\/categories\\\/regions\\\/suisse\\\/suisse-orientale\\\/region-saint-gall\\\/#listItem\",\"position\":5,\"name\":\"Saint-Gall\",\"item\":\"https:\\\/\\\/www.immo-invest.ch\\\/fr\\\/categories\\\/regions\\\/suisse\\\/suisse-orientale\\\/region-saint-gall\\\/\",\"nextItem\":{\"@type\":\"ListItem\",\"@id\":\"https:\\\/\\\/www.immo-invest.ch\\\/fr\\\/st-gallen-verhindert-planungsstillstand-in-gemeinden\\\/#listItem\",\"name\":\"Saint-Gall emp\\u00eache l&rsquo;arr\\u00eat de la planification dans les communes\"},\"previousItem\":{\"@type\":\"ListItem\",\"@id\":\"https:\\\/\\\/www.immo-invest.ch\\\/fr\\\/categories\\\/regions\\\/suisse\\\/suisse-orientale\\\/#listItem\",\"name\":\"Suisse orientale\"}},{\"@type\":\"ListItem\",\"@id\":\"https:\\\/\\\/www.immo-invest.ch\\\/fr\\\/st-gallen-verhindert-planungsstillstand-in-gemeinden\\\/#listItem\",\"position\":6,\"name\":\"Saint-Gall emp\\u00eache l&rsquo;arr\\u00eat de la planification dans les communes\",\"previousItem\":{\"@type\":\"ListItem\",\"@id\":\"https:\\\/\\\/www.immo-invest.ch\\\/fr\\\/categories\\\/regions\\\/suisse\\\/suisse-orientale\\\/region-saint-gall\\\/#listItem\",\"name\":\"Saint-Gall\"}}]},{\"@type\":\"Organization\",\"@id\":\"https:\\\/\\\/www.immo-invest.ch\\\/fr\\\/#organization\",\"name\":\"immo!nvest - Die Plattform f\\u00fcr Standorte und Immobilien\",\"description\":\"Die\\u00a0Plattform f\\u00fcr Standorte und Immobilien\",\"url\":\"https:\\\/\\\/www.immo-invest.ch\\\/fr\\\/\",\"email\":\"admin@immomedia.ag\",\"telephone\":\"+41444420002\",\"logo\":{\"@type\":\"ImageObject\",\"url\":\"https:\\\/\\\/www.immo-invest.ch\\\/wp-content\\\/uploads\\\/2024\\\/09\\\/immoinvest_sm-scaled.jpg\",\"@id\":\"https:\\\/\\\/www.immo-invest.ch\\\/fr\\\/st-gallen-verhindert-planungsstillstand-in-gemeinden\\\/#organizationLogo\",\"width\":2560,\"height\":1340},\"image\":{\"@id\":\"https:\\\/\\\/www.immo-invest.ch\\\/fr\\\/st-gallen-verhindert-planungsstillstand-in-gemeinden\\\/#organizationLogo\"},\"sameAs\":[\"https:\\\/\\\/www.facebook.com\\\/people\\\/Immoinvest\\\/100077962920504\\\/\",\"https:\\\/\\\/x.com\\\/i\\\/flow\\\/login?redirect_after_login=immoinvest_ch\",\"https:\\\/\\\/www.instagram.com\\\/immoinvest_ch\\\/\",\"https:\\\/\\\/www.linkedin.com\\\/company\\\/immoinvest-swiss\"]},{\"@type\":\"Person\",\"@id\":\"https:\\\/\\\/www.immo-invest.ch\\\/fr\\\/author\\\/immovestuser\\\/#author\",\"url\":\"https:\\\/\\\/www.immo-invest.ch\\\/fr\\\/author\\\/immovestuser\\\/\",\"name\":\"immovestuser\",\"image\":{\"@type\":\"ImageObject\",\"@id\":\"https:\\\/\\\/www.immo-invest.ch\\\/fr\\\/st-gallen-verhindert-planungsstillstand-in-gemeinden\\\/#authorImage\",\"url\":\"https:\\\/\\\/secure.gravatar.com\\\/avatar\\\/8e01f4d99f2eeea7a362ebb93305e1172a70e9293ba250f897a65c39f54cdd1e?s=96&d=mm&r=g\",\"width\":96,\"height\":96,\"caption\":\"immovestuser\"}},{\"@type\":\"WebPage\",\"@id\":\"https:\\\/\\\/www.immo-invest.ch\\\/fr\\\/st-gallen-verhindert-planungsstillstand-in-gemeinden\\\/#webpage\",\"url\":\"https:\\\/\\\/www.immo-invest.ch\\\/fr\\\/st-gallen-verhindert-planungsstillstand-in-gemeinden\\\/\",\"name\":\"Saint-Gall emp\\u00eache l\\u2019arr\\u00eat de la planification dans les communes - immo!nvest - Die Plattform f\\u00fcr Standorte und Immobilien\",\"description\":\"Avec un avenant \\u00e0 la loi sur l'am\\u00e9nagement du territoire et les constructions, le gouvernement saint-gallois offre une plus grande s\\u00e9curit\\u00e9 de planification aux communes, aux investisseurs et aux porteurs de projets. Les plans d'affectation sp\\u00e9ciaux restent possibles m\\u00eame pendant les r\\u00e9visions de l'am\\u00e9nagement local en cours et le d\\u00e9lai d'adaptation des plans d'affectation au nouveau droit est prolong\\u00e9 jusqu'en 2030.\",\"inLanguage\":\"fr-FR\",\"isPartOf\":{\"@id\":\"https:\\\/\\\/www.immo-invest.ch\\\/fr\\\/#website\"},\"breadcrumb\":{\"@id\":\"https:\\\/\\\/www.immo-invest.ch\\\/fr\\\/st-gallen-verhindert-planungsstillstand-in-gemeinden\\\/#breadcrumblist\"},\"author\":{\"@id\":\"https:\\\/\\\/www.immo-invest.ch\\\/fr\\\/author\\\/immovestuser\\\/#author\"},\"creator\":{\"@id\":\"https:\\\/\\\/www.immo-invest.ch\\\/fr\\\/author\\\/immovestuser\\\/#author\"},\"image\":{\"@type\":\"ImageObject\",\"url\":\"https:\\\/\\\/www.immo-invest.ch\\\/wp-content\\\/uploads\\\/2026\\\/01\\\/ivan-louis-JSRekW1fRfY-unsplash-scaled.jpg\",\"@id\":\"https:\\\/\\\/www.immo-invest.ch\\\/fr\\\/st-gallen-verhindert-planungsstillstand-in-gemeinden\\\/#mainImage\",\"width\":2560,\"height\":1440,\"caption\":\"St. Gallen\"},\"primaryImageOfPage\":{\"@id\":\"https:\\\/\\\/www.immo-invest.ch\\\/fr\\\/st-gallen-verhindert-planungsstillstand-in-gemeinden\\\/#mainImage\"},\"datePublished\":\"2026-01-06T11:45:29+01:00\",\"dateModified\":\"2026-01-06T11:51:22+01:00\"},{\"@type\":\"WebSite\",\"@id\":\"https:\\\/\\\/www.immo-invest.ch\\\/fr\\\/#website\",\"url\":\"https:\\\/\\\/www.immo-invest.ch\\\/fr\\\/\",\"name\":\"immo!nvest - Die Plattform f\\u00fcr Standorte und Immobilien\",\"description\":\"Die\\u00a0Plattform f\\u00fcr Standorte und Immobilien\",\"inLanguage\":\"fr-FR\",\"publisher\":{\"@id\":\"https:\\\/\\\/www.immo-invest.ch\\\/fr\\\/#organization\"}}]}\n\t\t<\/script>\n\t\t<!-- All in One SEO -->\n\n","aioseo_head_json":{"title":"Saint-Gall emp\u00eache l\u2019arr\u00eat de la planification dans les communes - immo!nvest - Die Plattform f\u00fcr Standorte und Immobilien","description":"Avec un avenant \u00e0 la loi sur l'am\u00e9nagement du territoire et les constructions, le gouvernement saint-gallois offre une plus grande s\u00e9curit\u00e9 de planification aux communes, aux investisseurs et aux porteurs de projets. Les plans d'affectation sp\u00e9ciaux restent possibles m\u00eame pendant les r\u00e9visions de l'am\u00e9nagement local en cours et le d\u00e9lai d'adaptation des plans d'affectation au nouveau droit est prolong\u00e9 jusqu'en 2030.","canonical_url":"https:\/\/www.immo-invest.ch\/fr\/st-gallen-verhindert-planungsstillstand-in-gemeinden\/","robots":"max-image-preview:large","keywords":"","webmasterTools":{"google-site-verification":"fHJKvgWpZCR2zVBHWfkQeFXC11qieUSff0HGNYfuyLA","miscellaneous":""},"schema":{"@context":"https:\/\/schema.org","@graph":[{"@type":"BlogPosting","@id":"https:\/\/www.immo-invest.ch\/fr\/st-gallen-verhindert-planungsstillstand-in-gemeinden\/#blogposting","name":"Saint-Gall emp\u00eache l\u2019arr\u00eat de la planification dans les communes - immo!nvest - Die Plattform f\u00fcr Standorte und Immobilien","headline":"Saint-Gall emp\u00eache l&rsquo;arr\u00eat de la planification dans les communes","author":{"@id":"https:\/\/www.immo-invest.ch\/fr\/author\/immovestuser\/#author"},"publisher":{"@id":"https:\/\/www.immo-invest.ch\/fr\/#organization"},"image":{"@type":"ImageObject","url":"https:\/\/www.immo-invest.ch\/wp-content\/uploads\/2026\/01\/ivan-louis-JSRekW1fRfY-unsplash-scaled.jpg","width":2560,"height":1440,"caption":"St. Gallen"},"datePublished":"2026-01-06T11:45:29+01:00","dateModified":"2026-01-06T11:51:22+01:00","inLanguage":"fr-FR","mainEntityOfPage":{"@id":"https:\/\/www.immo-invest.ch\/fr\/st-gallen-verhindert-planungsstillstand-in-gemeinden\/#webpage"},"isPartOf":{"@id":"https:\/\/www.immo-invest.ch\/fr\/st-gallen-verhindert-planungsstillstand-in-gemeinden\/#webpage"},"articleSection":"Institutions &amp; Formation, Planification \/ D\u00e9veloppement, Promotion du site, Saint-Gall, Trends, Immoinvest, immoNews, News, Ortsplanung Gemeinden, Planungs und Baugesetz, Sondernutzungsplaene, Facultatif"},{"@type":"BreadcrumbList","@id":"https:\/\/www.immo-invest.ch\/fr\/st-gallen-verhindert-planungsstillstand-in-gemeinden\/#breadcrumblist","itemListElement":[{"@type":"ListItem","@id":"https:\/\/www.immo-invest.ch\/fr\/#listItem","position":1,"name":"Home","item":"https:\/\/www.immo-invest.ch\/fr\/","nextItem":{"@type":"ListItem","@id":"https:\/\/www.immo-invest.ch\/fr\/categories\/regions\/#listItem","name":"R\u00e9gions"}},{"@type":"ListItem","@id":"https:\/\/www.immo-invest.ch\/fr\/categories\/regions\/#listItem","position":2,"name":"R\u00e9gions","item":"https:\/\/www.immo-invest.ch\/fr\/categories\/regions\/","nextItem":{"@type":"ListItem","@id":"https:\/\/www.immo-invest.ch\/fr\/categories\/regions\/suisse\/#listItem","name":"Suisse"},"previousItem":{"@type":"ListItem","@id":"https:\/\/www.immo-invest.ch\/fr\/#listItem","name":"Home"}},{"@type":"ListItem","@id":"https:\/\/www.immo-invest.ch\/fr\/categories\/regions\/suisse\/#listItem","position":3,"name":"Suisse","item":"https:\/\/www.immo-invest.ch\/fr\/categories\/regions\/suisse\/","nextItem":{"@type":"ListItem","@id":"https:\/\/www.immo-invest.ch\/fr\/categories\/regions\/suisse\/suisse-orientale\/#listItem","name":"Suisse orientale"},"previousItem":{"@type":"ListItem","@id":"https:\/\/www.immo-invest.ch\/fr\/categories\/regions\/#listItem","name":"R\u00e9gions"}},{"@type":"ListItem","@id":"https:\/\/www.immo-invest.ch\/fr\/categories\/regions\/suisse\/suisse-orientale\/#listItem","position":4,"name":"Suisse orientale","item":"https:\/\/www.immo-invest.ch\/fr\/categories\/regions\/suisse\/suisse-orientale\/","nextItem":{"@type":"ListItem","@id":"https:\/\/www.immo-invest.ch\/fr\/categories\/regions\/suisse\/suisse-orientale\/region-saint-gall\/#listItem","name":"Saint-Gall"},"previousItem":{"@type":"ListItem","@id":"https:\/\/www.immo-invest.ch\/fr\/categories\/regions\/suisse\/#listItem","name":"Suisse"}},{"@type":"ListItem","@id":"https:\/\/www.immo-invest.ch\/fr\/categories\/regions\/suisse\/suisse-orientale\/region-saint-gall\/#listItem","position":5,"name":"Saint-Gall","item":"https:\/\/www.immo-invest.ch\/fr\/categories\/regions\/suisse\/suisse-orientale\/region-saint-gall\/","nextItem":{"@type":"ListItem","@id":"https:\/\/www.immo-invest.ch\/fr\/st-gallen-verhindert-planungsstillstand-in-gemeinden\/#listItem","name":"Saint-Gall emp\u00eache l&rsquo;arr\u00eat de la planification dans les communes"},"previousItem":{"@type":"ListItem","@id":"https:\/\/www.immo-invest.ch\/fr\/categories\/regions\/suisse\/suisse-orientale\/#listItem","name":"Suisse orientale"}},{"@type":"ListItem","@id":"https:\/\/www.immo-invest.ch\/fr\/st-gallen-verhindert-planungsstillstand-in-gemeinden\/#listItem","position":6,"name":"Saint-Gall emp\u00eache l&rsquo;arr\u00eat de la planification dans les communes","previousItem":{"@type":"ListItem","@id":"https:\/\/www.immo-invest.ch\/fr\/categories\/regions\/suisse\/suisse-orientale\/region-saint-gall\/#listItem","name":"Saint-Gall"}}]},{"@type":"Organization","@id":"https:\/\/www.immo-invest.ch\/fr\/#organization","name":"immo!nvest - Die Plattform f\u00fcr Standorte und Immobilien","description":"Die\u00a0Plattform f\u00fcr Standorte und Immobilien","url":"https:\/\/www.immo-invest.ch\/fr\/","email":"admin@immomedia.ag","telephone":"+41444420002","logo":{"@type":"ImageObject","url":"https:\/\/www.immo-invest.ch\/wp-content\/uploads\/2024\/09\/immoinvest_sm-scaled.jpg","@id":"https:\/\/www.immo-invest.ch\/fr\/st-gallen-verhindert-planungsstillstand-in-gemeinden\/#organizationLogo","width":2560,"height":1340},"image":{"@id":"https:\/\/www.immo-invest.ch\/fr\/st-gallen-verhindert-planungsstillstand-in-gemeinden\/#organizationLogo"},"sameAs":["https:\/\/www.facebook.com\/people\/Immoinvest\/100077962920504\/","https:\/\/x.com\/i\/flow\/login?redirect_after_login=immoinvest_ch","https:\/\/www.instagram.com\/immoinvest_ch\/","https:\/\/www.linkedin.com\/company\/immoinvest-swiss"]},{"@type":"Person","@id":"https:\/\/www.immo-invest.ch\/fr\/author\/immovestuser\/#author","url":"https:\/\/www.immo-invest.ch\/fr\/author\/immovestuser\/","name":"immovestuser","image":{"@type":"ImageObject","@id":"https:\/\/www.immo-invest.ch\/fr\/st-gallen-verhindert-planungsstillstand-in-gemeinden\/#authorImage","url":"https:\/\/secure.gravatar.com\/avatar\/8e01f4d99f2eeea7a362ebb93305e1172a70e9293ba250f897a65c39f54cdd1e?s=96&d=mm&r=g","width":96,"height":96,"caption":"immovestuser"}},{"@type":"WebPage","@id":"https:\/\/www.immo-invest.ch\/fr\/st-gallen-verhindert-planungsstillstand-in-gemeinden\/#webpage","url":"https:\/\/www.immo-invest.ch\/fr\/st-gallen-verhindert-planungsstillstand-in-gemeinden\/","name":"Saint-Gall emp\u00eache l\u2019arr\u00eat de la planification dans les communes - immo!nvest - Die Plattform f\u00fcr Standorte und Immobilien","description":"Avec un avenant \u00e0 la loi sur l'am\u00e9nagement du territoire et les constructions, le gouvernement saint-gallois offre une plus grande s\u00e9curit\u00e9 de planification aux communes, aux investisseurs et aux porteurs de projets. Les plans d'affectation sp\u00e9ciaux restent possibles m\u00eame pendant les r\u00e9visions de l'am\u00e9nagement local en cours et le d\u00e9lai d'adaptation des plans d'affectation au nouveau droit est prolong\u00e9 jusqu'en 2030.","inLanguage":"fr-FR","isPartOf":{"@id":"https:\/\/www.immo-invest.ch\/fr\/#website"},"breadcrumb":{"@id":"https:\/\/www.immo-invest.ch\/fr\/st-gallen-verhindert-planungsstillstand-in-gemeinden\/#breadcrumblist"},"author":{"@id":"https:\/\/www.immo-invest.ch\/fr\/author\/immovestuser\/#author"},"creator":{"@id":"https:\/\/www.immo-invest.ch\/fr\/author\/immovestuser\/#author"},"image":{"@type":"ImageObject","url":"https:\/\/www.immo-invest.ch\/wp-content\/uploads\/2026\/01\/ivan-louis-JSRekW1fRfY-unsplash-scaled.jpg","@id":"https:\/\/www.immo-invest.ch\/fr\/st-gallen-verhindert-planungsstillstand-in-gemeinden\/#mainImage","width":2560,"height":1440,"caption":"St. Gallen"},"primaryImageOfPage":{"@id":"https:\/\/www.immo-invest.ch\/fr\/st-gallen-verhindert-planungsstillstand-in-gemeinden\/#mainImage"},"datePublished":"2026-01-06T11:45:29+01:00","dateModified":"2026-01-06T11:51:22+01:00"},{"@type":"WebSite","@id":"https:\/\/www.immo-invest.ch\/fr\/#website","url":"https:\/\/www.immo-invest.ch\/fr\/","name":"immo!nvest - Die Plattform f\u00fcr Standorte und Immobilien","description":"Die\u00a0Plattform f\u00fcr Standorte und Immobilien","inLanguage":"fr-FR","publisher":{"@id":"https:\/\/www.immo-invest.ch\/fr\/#organization"}}]},"og:locale":"fr_FR","og:site_name":"immo!nvest - Die Plattform f\u00fcr Standorte und Immobilien - Die\u00a0Plattform f\u00fcr Standorte und Immobilien","og:type":"article","og:title":"Saint-Gall emp\u00eache l\u2019arr\u00eat de la planification dans les communes - immo!nvest - Die Plattform f\u00fcr Standorte und Immobilien","og:description":"Avec un avenant \u00e0 la loi sur l'am\u00e9nagement du territoire et les constructions, le gouvernement saint-gallois offre une plus grande s\u00e9curit\u00e9 de planification aux communes, aux investisseurs et aux porteurs de projets. Les plans d'affectation sp\u00e9ciaux restent possibles m\u00eame pendant les r\u00e9visions de l'am\u00e9nagement local en cours et le d\u00e9lai d'adaptation des plans d'affectation au nouveau droit est prolong\u00e9 jusqu'en 2030.","og:url":"https:\/\/www.immo-invest.ch\/fr\/st-gallen-verhindert-planungsstillstand-in-gemeinden\/","og:image":"https:\/\/www.immo-invest.ch\/wp-content\/uploads\/2026\/01\/ivan-louis-JSRekW1fRfY-unsplash-scaled.jpg","og:image:secure_url":"https:\/\/www.immo-invest.ch\/wp-content\/uploads\/2026\/01\/ivan-louis-JSRekW1fRfY-unsplash-scaled.jpg","og:image:width":2560,"og:image:height":1440,"article:published_time":"2026-01-06T10:45:29+00:00","article:modified_time":"2026-01-06T10:51:22+00:00","article:publisher":"https:\/\/www.facebook.com\/people\/Immoinvest\/100077962920504\/","twitter:card":"summary_large_image","twitter:site":"@i","twitter:title":"Saint-Gall emp\u00eache l\u2019arr\u00eat de la planification dans les communes - immo!nvest - Die Plattform f\u00fcr Standorte und Immobilien","twitter:description":"Avec un avenant \u00e0 la loi sur l'am\u00e9nagement du territoire et les constructions, le gouvernement saint-gallois offre une plus grande s\u00e9curit\u00e9 de planification aux communes, aux investisseurs et aux porteurs de projets. Les plans d'affectation sp\u00e9ciaux restent possibles m\u00eame pendant les r\u00e9visions de l'am\u00e9nagement local en cours et le d\u00e9lai d'adaptation des plans d'affectation au nouveau droit est prolong\u00e9 jusqu'en 2030.","twitter:creator":"@i","twitter:image":"https:\/\/www.immo-invest.ch\/wp-content\/uploads\/2026\/01\/ivan-louis-JSRekW1fRfY-unsplash-scaled.jpg"},"aioseo_meta_data":{"post_id":"146497","title":null,"description":null,"keywords":null,"keyphrases":{"focus":{"keyphrase":"","score":0,"analysis":{"keyphraseInTitle":{"score":0,"maxScore":9,"error":1}}},"additional":[]},"primary_term":null,"canonical_url":null,"og_title":null,"og_description":null,"og_object_type":"default","og_image_type":"default","og_image_url":null,"og_image_width":null,"og_image_height":null,"og_image_custom_url":null,"og_image_custom_fields":null,"og_video":"","og_custom_url":null,"og_article_section":null,"og_article_tags":null,"twitter_use_og":false,"twitter_card":"default","twitter_image_type":"default","twitter_image_url":null,"twitter_image_custom_url":null,"twitter_image_custom_fields":null,"twitter_title":null,"twitter_description":null,"schema":{"blockGraphs":[],"customGraphs":[],"default":{"data":{"Article":[],"Course":[],"Dataset":[],"FAQPage":[],"Movie":[],"Person":[],"Product":[],"ProductReview":[],"Car":[],"Recipe":[],"Service":[],"SoftwareApplication":[],"WebPage":[]},"graphName":"BlogPosting","isEnabled":true},"graphs":[]},"schema_type":"default","schema_type_options":null,"pillar_content":false,"robots_default":true,"robots_noindex":false,"robots_noarchive":false,"robots_nosnippet":false,"robots_nofollow":false,"robots_noimageindex":false,"robots_noodp":false,"robots_notranslate":false,"robots_max_snippet":"-1","robots_max_videopreview":"-1","robots_max_imagepreview":"large","priority":null,"frequency":"default","local_seo":null,"breadcrumb_settings":null,"limit_modified_date":false,"ai":{"faqs":[],"keyPoints":[],"titles":[],"descriptions":[],"socialPosts":{"email":[],"linkedin":[],"twitter":[],"facebook":[],"instagram":[]}},"created":"2026-01-06 10:51:22","updated":"2026-01-06 10:54:49","seo_analyzer_scan_date":null,"focus_keyword":null,"additional_keywords":null,"truseo_locale":null},"aioseo_breadcrumb":"<div class=\"aioseo-breadcrumbs\"><span class=\"aioseo-breadcrumb\">\n\t\t\t<a href=\"https:\/\/www.immo-invest.ch\/fr\/\" title=\"Home\">Home<\/a>\n\t\t<\/span><span class=\"aioseo-breadcrumb-separator\">&raquo;<\/span><span class=\"aioseo-breadcrumb\">\n\t\t\t<a href=\"https:\/\/www.immo-invest.ch\/fr\/categories\/regions\/\" title=\"R\u00e9gions\">R\u00e9gions<\/a>\n\t\t<\/span><span class=\"aioseo-breadcrumb-separator\">&raquo;<\/span><span class=\"aioseo-breadcrumb\">\n\t\t\t<a href=\"https:\/\/www.immo-invest.ch\/fr\/categories\/regions\/suisse\/\" title=\"Suisse\">Suisse<\/a>\n\t\t<\/span><span class=\"aioseo-breadcrumb-separator\">&raquo;<\/span><span class=\"aioseo-breadcrumb\">\n\t\t\t<a href=\"https:\/\/www.immo-invest.ch\/fr\/categories\/regions\/suisse\/suisse-orientale\/\" title=\"Suisse orientale\">Suisse orientale<\/a>\n\t\t<\/span><span class=\"aioseo-breadcrumb-separator\">&raquo;<\/span><span class=\"aioseo-breadcrumb\">\n\t\t\t<a href=\"https:\/\/www.immo-invest.ch\/fr\/categories\/regions\/suisse\/suisse-orientale\/region-saint-gall\/\" title=\"Saint-Gall\">Saint-Gall<\/a>\n\t\t<\/span><span class=\"aioseo-breadcrumb-separator\">&raquo;<\/span><span class=\"aioseo-breadcrumb\">\n\t\t\tSaint-Gall emp\u00eache l\u2019arr\u00eat de la planification dans les communes\n\t\t<\/span><\/div>","aioseo_breadcrumb_json":[{"label":"Home","link":"https:\/\/www.immo-invest.ch\/fr\/"},{"label":"R\u00e9gions","link":"https:\/\/www.immo-invest.ch\/fr\/categories\/regions\/"},{"label":"Suisse","link":"https:\/\/www.immo-invest.ch\/fr\/categories\/regions\/suisse\/"},{"label":"Suisse orientale","link":"https:\/\/www.immo-invest.ch\/fr\/categories\/regions\/suisse\/suisse-orientale\/"},{"label":"Saint-Gall","link":"https:\/\/www.immo-invest.ch\/fr\/categories\/regions\/suisse\/suisse-orientale\/region-saint-gall\/"},{"label":"Saint-Gall emp\u00eache l&rsquo;arr\u00eat de la planification dans les communes","link":"https:\/\/www.immo-invest.ch\/fr\/st-gallen-verhindert-planungsstillstand-in-gemeinden\/"}],"featured_image_src":"https:\/\/www.immo-invest.ch\/wp-content\/uploads\/2026\/01\/ivan-louis-JSRekW1fRfY-unsplash-336x168.jpg","_links":{"self":[{"href":"https:\/\/www.immo-invest.ch\/fr\/wp-json\/wp\/v2\/posts\/146497","targetHints":{"allow":["GET"]}}],"collection":[{"href":"https:\/\/www.immo-invest.ch\/fr\/wp-json\/wp\/v2\/posts"}],"about":[{"href":"https:\/\/www.immo-invest.ch\/fr\/wp-json\/wp\/v2\/types\/post"}],"author":[{"embeddable":true,"href":"https:\/\/www.immo-invest.ch\/fr\/wp-json\/wp\/v2\/users\/2"}],"replies":[{"embeddable":true,"href":"https:\/\/www.immo-invest.ch\/fr\/wp-json\/wp\/v2\/comments?post=146497"}],"version-history":[{"count":2,"href":"https:\/\/www.immo-invest.ch\/fr\/wp-json\/wp\/v2\/posts\/146497\/revisions"}],"predecessor-version":[{"id":146504,"href":"https:\/\/www.immo-invest.ch\/fr\/wp-json\/wp\/v2\/posts\/146497\/revisions\/146504"}],"wp:featuredmedia":[{"embeddable":true,"href":"https:\/\/www.immo-invest.ch\/fr\/wp-json\/wp\/v2\/media\/146498"}],"wp:attachment":[{"href":"https:\/\/www.immo-invest.ch\/fr\/wp-json\/wp\/v2\/media?parent=146497"}],"wp:term":[{"taxonomy":"category","embeddable":true,"href":"https:\/\/www.immo-invest.ch\/fr\/wp-json\/wp\/v2\/categories?post=146497"},{"taxonomy":"post_tag","embeddable":true,"href":"https:\/\/www.immo-invest.ch\/fr\/wp-json\/wp\/v2\/tags?post=146497"}],"curies":[{"name":"wp","href":"https:\/\/api.w.org\/{rel}","templated":true}]}}