{"id":146438,"date":"2026-01-06T09:58:08","date_gmt":"2026-01-06T08:58:08","guid":{"rendered":"https:\/\/www.immo-invest.ch\/?p=146438"},"modified":"2026-01-06T10:26:08","modified_gmt":"2026-01-06T09:26:08","slug":"polysportives-leuchtturmprojekt-nimmt-gestalt-an","status":"publish","type":"post","link":"https:\/\/www.immo-invest.ch\/fr\/polysportives-leuchtturmprojekt-nimmt-gestalt-an\/","title":{"rendered":"Un projet phare polysportif prend forme"},"content":{"rendered":"<p class=\"wp-block-paragraph\">Apr&egrave;s de longues ann&eacute;es de planification, les travaux ont d&eacute;but&eacute;. Un grand complexe polysportif, r&eacute;alis&eacute; par HRS <span class=\"glossaryLink\" aria-describedby=\"tt\" data-cmtooltip=\"&lt;div class=glossaryItemTitle&gt;Real Estate&lt;\/div&gt;&lt;div class=glossaryItemBody&gt;Engl. f&uuml;r Immobilien&lt;\/div&gt;\" data-mobile-support=\"0\" data-gt-translate-attributes='[{\"attribute\":\"data-cmtooltip\", \"format\":\"html\"}]' tabindex=\"0\" role=\"link\">Real Estate<\/span> AG en tant qu&rsquo;entreprise totale, va voir le jour sur le site de D&uuml;rrbach pour environ 65 millions de francs. Le nouveau b&acirc;timent devrait &ecirc;tre inaugur&eacute; &agrave; l&rsquo;automne 2026 et marquera un nouveau point fort sportif dans la vall&eacute;e de la Glatt.<\/p>\n\n\n\n\n\n<p class=\"wp-block-paragraph\"><strong>Plus de 30 sports sous un m&ecirc;me toit<br><\/strong>Le projet est port&eacute; par Zurich Tennis et l&rsquo;association zurichoise de gymnastique, qui r&eacute;unissent ensemble pr&egrave;s de 100&rsquo;000 passionn&eacute;s de sport dans la r&eacute;gion. Il est pr&eacute;vu de construire des salles modernes pour le tennis et la gymnastique, des zones d&rsquo;entra&icirc;nement sp&eacute;cialis&eacute;es ainsi que des surfaces pour de nombreux autres sports d&rsquo;int&eacute;rieur. L&rsquo;offre sera compl&eacute;t&eacute;e par des infrastructures sportives, des possibilit&eacute;s d&rsquo;h&eacute;bergement ainsi que des installations pour la m&eacute;decine sportive et la r&eacute;g&eacute;n&eacute;ration. Le centre sportif est con&ccedil;u pour accueillir toute l&rsquo;ann&eacute;e des sportifs de masse et de haut niveau.<\/p>\n\n\n\n\n\n<p class=\"wp-block-paragraph\"><strong>Campus pour le sport et la formation<br><\/strong>Le nouveau centre sportif accueillera &eacute;galement l&rsquo;&eacute;cole d&rsquo;art et de sport de l&rsquo;Oberland zurichois. Il en r&eacute;sulte un campus qui int&egrave;gre l&rsquo;entra&icirc;nement, l&rsquo;&eacute;cole et la promotion des talents, tant au niveau de l&rsquo;espace que du contenu. Les jeunes athl&egrave;tes trouveront sur place des conditions id&eacute;ales pour combiner ambitions sportives et formation.<\/p>\n\n\n\n\n\n<p class=\"wp-block-paragraph\"><strong>Beny Ruhstaller renforce la direction strat&eacute;gique<br><\/strong>Depuis peu, Beny Ruhstaller fait partie du conseil d&rsquo;administration du centre sportif D&uuml;rrbach AG. Il ne s&rsquo;y joint pas en premier lieu en tant que sp&eacute;cialiste de la construction, mais en tant que connaisseur de la gymnastique. Gr&acirc;ce &agrave; ses activit&eacute;s ant&eacute;rieures au sein des f&eacute;d&eacute;rations zurichoise et suisse de gymnastique, il apporte une longue exp&eacute;rience de la f&eacute;d&eacute;ration, un vaste r&eacute;seau dans le domaine de la gymnastique et du tennis et un sens aigu des besoins des athl&egrave;tes. Il renforce ainsi l&rsquo;ambition de faire du centre sportif de Zurich une plateforme d&rsquo;avenir pour le sport, la formation et l&rsquo;activit&eacute; physique dans la r&eacute;gion.<\/p>\n\n","protected":false},"excerpt":{"rendered":"<p>Une nouvelle centrale sportive pour la r\u00e9gion de Zurich verra le jour entre D\u00fcbendorf et Wangen-Br\u00fcttisellen d&rsquo;ici l&rsquo;automne 2026. Le centre sportif de Zurich, situ\u00e9 dans la zone de D\u00fcrrbach, regroupe plus de 30 disciplines sportives sous un m\u00eame toit. Ce projet associe le sport de masse et le sport d&rsquo;\u00e9lite, la formation et la r\u00e9g\u00e9n\u00e9ration dans une offre unique en Suisse.<\/p>\n","protected":false},"author":2,"featured_media":146444,"comment_status":"open","ping_status":"open","sticky":false,"template":"","format":"standard","meta":{"pmpro_default_level":"","inline_featured_image":false,"_monsterinsights_skip_tracking":false,"footnotes":""},"categories":[55982,4464,9824,56027,4957],"tags":[872,3931,2002,56143,56144,56145],"class_list":["post-146438","post","type-post","status-publish","format-standard","has-post-thumbnail","hentry","category-associations","category-gens","category-nouvelle-construction","category-planification-developpement","category-region-zurich","tag-immoinvest-fr","tag-immonews-fr","tag-news-fr","tag-polysportive-infrastruktur","tag-sport-und-ausbildung","tag-sportzentrum-neubau","pmpro-has-access"],"acf":{"bild_mit_ki_erstellt_worden":"","lead":"Une nouvelle centrale sportive pour la r\u00e9gion de Zurich verra le jour entre D\u00fcbendorf et Wangen-Br\u00fcttisellen d'ici l'automne 2026. Le centre sportif de Zurich, situ\u00e9 dans la zone de D\u00fcrrbach, regroupe plus de 30 disciplines sportives sous un m\u00eame toit. Ce projet associe le sport de masse et le sport d'\u00e9lite, la formation et la r\u00e9g\u00e9n\u00e9ration dans une offre unique en Suisse.","autor":"Quelle immoMedia","ort":"","bildunterschrift":"","bild_im_grid":false,"gallerie":"","newsim":""},"aioseo_notices":[],"aioseo_head":"\n\t\t<!-- All in One SEO 5.0.0.1 - aioseo.com -->\n\t<meta name=\"description\" content=\"Une nouvelle centrale sportive pour la r\u00e9gion de Zurich verra le jour entre D\u00fcbendorf et Wangen-Br\u00fcttisellen d&#039;ici l&#039;automne 2026. Le centre sportif de Zurich, situ\u00e9 dans la zone de D\u00fcrrbach, regroupe plus de 30 disciplines sportives sous un m\u00eame toit. Ce projet associe le sport de masse et le sport d&#039;\u00e9lite, la formation et la r\u00e9g\u00e9n\u00e9ration dans une offre unique en Suisse.\" \/>\n\t<meta name=\"robots\" content=\"max-image-preview:large\" \/>\n\t<meta name=\"author\" content=\"immovestuser\"\/>\n\t<meta name=\"google-site-verification\" content=\"fHJKvgWpZCR2zVBHWfkQeFXC11qieUSff0HGNYfuyLA\" \/>\n\t<link rel=\"canonical\" href=\"https:\/\/www.immo-invest.ch\/fr\/polysportives-leuchtturmprojekt-nimmt-gestalt-an\/\" \/>\n\t<meta name=\"generator\" content=\"All in One SEO (AIOSEO) 5.0.0.1\" \/>\n\t\t<meta property=\"og:locale\" content=\"fr_FR\" \/>\n\t\t<meta property=\"og:site_name\" content=\"immo!nvest - Die Plattform f\u00fcr Standorte und Immobilien - Die\u00a0Plattform f\u00fcr Standorte und Immobilien\" \/>\n\t\t<meta property=\"og:type\" content=\"article\" \/>\n\t\t<meta property=\"og:title\" content=\"Un projet phare polysportif prend forme - immo!nvest - Die Plattform f\u00fcr Standorte und Immobilien\" \/>\n\t\t<meta property=\"og:description\" content=\"Une nouvelle centrale sportive pour la r\u00e9gion de Zurich verra le jour entre D\u00fcbendorf et Wangen-Br\u00fcttisellen d&#039;ici l&#039;automne 2026. Le centre sportif de Zurich, situ\u00e9 dans la zone de D\u00fcrrbach, regroupe plus de 30 disciplines sportives sous un m\u00eame toit. Ce projet associe le sport de masse et le sport d&#039;\u00e9lite, la formation et la r\u00e9g\u00e9n\u00e9ration dans une offre unique en Suisse.\" \/>\n\t\t<meta property=\"og:url\" content=\"https:\/\/www.immo-invest.ch\/fr\/polysportives-leuchtturmprojekt-nimmt-gestalt-an\/\" \/>\n\t\t<meta property=\"og:image\" content=\"https:\/\/www.immo-invest.ch\/wp-content\/uploads\/2026\/01\/Beny-Ruhstaller-Portrait.jpg\" \/>\n\t\t<meta property=\"og:image:secure_url\" content=\"https:\/\/www.immo-invest.ch\/wp-content\/uploads\/2026\/01\/Beny-Ruhstaller-Portrait.jpg\" \/>\n\t\t<meta property=\"og:image:width\" content=\"2000\" \/>\n\t\t<meta property=\"og:image:height\" content=\"1125\" \/>\n\t\t<meta property=\"article:published_time\" content=\"2026-01-06T08:58:08+00:00\" \/>\n\t\t<meta property=\"article:modified_time\" content=\"2026-01-06T09:26:08+00:00\" \/>\n\t\t<meta property=\"article:publisher\" content=\"https:\/\/www.facebook.com\/people\/Immoinvest\/100077962920504\/\" \/>\n\t\t<meta name=\"twitter:card\" content=\"summary_large_image\" \/>\n\t\t<meta name=\"twitter:site\" content=\"@i\" \/>\n\t\t<meta name=\"twitter:title\" content=\"Un projet phare polysportif prend forme - immo!nvest - Die Plattform f\u00fcr Standorte und Immobilien\" \/>\n\t\t<meta name=\"twitter:description\" content=\"Une nouvelle centrale sportive pour la r\u00e9gion de Zurich verra le jour entre D\u00fcbendorf et Wangen-Br\u00fcttisellen d&#039;ici l&#039;automne 2026. Le centre sportif de Zurich, situ\u00e9 dans la zone de D\u00fcrrbach, regroupe plus de 30 disciplines sportives sous un m\u00eame toit. Ce projet associe le sport de masse et le sport d&#039;\u00e9lite, la formation et la r\u00e9g\u00e9n\u00e9ration dans une offre unique en Suisse.\" \/>\n\t\t<meta name=\"twitter:creator\" content=\"@i\" \/>\n\t\t<meta name=\"twitter:image\" content=\"https:\/\/www.immo-invest.ch\/wp-content\/uploads\/2026\/01\/Beny-Ruhstaller-Portrait.jpg\" \/>\n\t\t<script type=\"application\/ld+json\" class=\"aioseo-schema\">\n\t\t\t{\"@context\":\"https:\\\/\\\/schema.org\",\"@graph\":[{\"@type\":\"BlogPosting\",\"@id\":\"https:\\\/\\\/www.immo-invest.ch\\\/fr\\\/polysportives-leuchtturmprojekt-nimmt-gestalt-an\\\/#blogposting\",\"name\":\"Un projet phare polysportif prend forme - immo!nvest - Die Plattform f\\u00fcr Standorte und Immobilien\",\"headline\":\"Un projet phare polysportif prend forme\",\"author\":{\"@id\":\"https:\\\/\\\/www.immo-invest.ch\\\/fr\\\/author\\\/immovestuser\\\/#author\"},\"publisher\":{\"@id\":\"https:\\\/\\\/www.immo-invest.ch\\\/fr\\\/#organization\"},\"image\":{\"@type\":\"ImageObject\",\"url\":\"https:\\\/\\\/www.immo-invest.ch\\\/wp-content\\\/uploads\\\/2026\\\/01\\\/Beny-Ruhstaller-Portrait.jpg\",\"width\":2000,\"height\":1125},\"datePublished\":\"2026-01-06T09:58:08+01:00\",\"dateModified\":\"2026-01-06T10:26:08+01:00\",\"inLanguage\":\"fr-FR\",\"mainEntityOfPage\":{\"@id\":\"https:\\\/\\\/www.immo-invest.ch\\\/fr\\\/polysportives-leuchtturmprojekt-nimmt-gestalt-an\\\/#webpage\"},\"isPartOf\":{\"@id\":\"https:\\\/\\\/www.immo-invest.ch\\\/fr\\\/polysportives-leuchtturmprojekt-nimmt-gestalt-an\\\/#webpage\"},\"articleSection\":\"Associations, Gens, Nouvelle construction, Planification \\\/ D\\u00e9veloppement, Zurich, Immoinvest, immoNews, News, polysportive Infrastruktur, Sport und Ausbildung, Sportzentrum Neubau, Facultatif\"},{\"@type\":\"BreadcrumbList\",\"@id\":\"https:\\\/\\\/www.immo-invest.ch\\\/fr\\\/polysportives-leuchtturmprojekt-nimmt-gestalt-an\\\/#breadcrumblist\",\"itemListElement\":[{\"@type\":\"ListItem\",\"@id\":\"https:\\\/\\\/www.immo-invest.ch\\\/fr\\\/#listItem\",\"position\":1,\"name\":\"Home\",\"item\":\"https:\\\/\\\/www.immo-invest.ch\\\/fr\\\/\",\"nextItem\":{\"@type\":\"ListItem\",\"@id\":\"https:\\\/\\\/www.immo-invest.ch\\\/fr\\\/categories\\\/regions\\\/#listItem\",\"name\":\"R\\u00e9gions\"}},{\"@type\":\"ListItem\",\"@id\":\"https:\\\/\\\/www.immo-invest.ch\\\/fr\\\/categories\\\/regions\\\/#listItem\",\"position\":2,\"name\":\"R\\u00e9gions\",\"item\":\"https:\\\/\\\/www.immo-invest.ch\\\/fr\\\/categories\\\/regions\\\/\",\"nextItem\":{\"@type\":\"ListItem\",\"@id\":\"https:\\\/\\\/www.immo-invest.ch\\\/fr\\\/categories\\\/regions\\\/suisse\\\/#listItem\",\"name\":\"Suisse\"},\"previousItem\":{\"@type\":\"ListItem\",\"@id\":\"https:\\\/\\\/www.immo-invest.ch\\\/fr\\\/#listItem\",\"name\":\"Home\"}},{\"@type\":\"ListItem\",\"@id\":\"https:\\\/\\\/www.immo-invest.ch\\\/fr\\\/categories\\\/regions\\\/suisse\\\/#listItem\",\"position\":3,\"name\":\"Suisse\",\"item\":\"https:\\\/\\\/www.immo-invest.ch\\\/fr\\\/categories\\\/regions\\\/suisse\\\/\",\"nextItem\":{\"@type\":\"ListItem\",\"@id\":\"https:\\\/\\\/www.immo-invest.ch\\\/fr\\\/categories\\\/regions\\\/suisse\\\/region-zurich\\\/#listItem\",\"name\":\"Zurich\"},\"previousItem\":{\"@type\":\"ListItem\",\"@id\":\"https:\\\/\\\/www.immo-invest.ch\\\/fr\\\/categories\\\/regions\\\/#listItem\",\"name\":\"R\\u00e9gions\"}},{\"@type\":\"ListItem\",\"@id\":\"https:\\\/\\\/www.immo-invest.ch\\\/fr\\\/categories\\\/regions\\\/suisse\\\/region-zurich\\\/#listItem\",\"position\":4,\"name\":\"Zurich\",\"item\":\"https:\\\/\\\/www.immo-invest.ch\\\/fr\\\/categories\\\/regions\\\/suisse\\\/region-zurich\\\/\",\"nextItem\":{\"@type\":\"ListItem\",\"@id\":\"https:\\\/\\\/www.immo-invest.ch\\\/fr\\\/polysportives-leuchtturmprojekt-nimmt-gestalt-an\\\/#listItem\",\"name\":\"Un projet phare polysportif prend forme\"},\"previousItem\":{\"@type\":\"ListItem\",\"@id\":\"https:\\\/\\\/www.immo-invest.ch\\\/fr\\\/categories\\\/regions\\\/suisse\\\/#listItem\",\"name\":\"Suisse\"}},{\"@type\":\"ListItem\",\"@id\":\"https:\\\/\\\/www.immo-invest.ch\\\/fr\\\/polysportives-leuchtturmprojekt-nimmt-gestalt-an\\\/#listItem\",\"position\":5,\"name\":\"Un projet phare polysportif prend forme\",\"previousItem\":{\"@type\":\"ListItem\",\"@id\":\"https:\\\/\\\/www.immo-invest.ch\\\/fr\\\/categories\\\/regions\\\/suisse\\\/region-zurich\\\/#listItem\",\"name\":\"Zurich\"}}]},{\"@type\":\"Organization\",\"@id\":\"https:\\\/\\\/www.immo-invest.ch\\\/fr\\\/#organization\",\"name\":\"immo!nvest - Die Plattform f\\u00fcr Standorte und Immobilien\",\"description\":\"Die\\u00a0Plattform f\\u00fcr Standorte und Immobilien\",\"url\":\"https:\\\/\\\/www.immo-invest.ch\\\/fr\\\/\",\"email\":\"admin@immomedia.ag\",\"telephone\":\"+41444420002\",\"logo\":{\"@type\":\"ImageObject\",\"url\":\"https:\\\/\\\/www.immo-invest.ch\\\/wp-content\\\/uploads\\\/2024\\\/09\\\/immoinvest_sm-scaled.jpg\",\"@id\":\"https:\\\/\\\/www.immo-invest.ch\\\/fr\\\/polysportives-leuchtturmprojekt-nimmt-gestalt-an\\\/#organizationLogo\",\"width\":2560,\"height\":1340},\"image\":{\"@id\":\"https:\\\/\\\/www.immo-invest.ch\\\/fr\\\/polysportives-leuchtturmprojekt-nimmt-gestalt-an\\\/#organizationLogo\"},\"sameAs\":[\"https:\\\/\\\/www.facebook.com\\\/people\\\/Immoinvest\\\/100077962920504\\\/\",\"https:\\\/\\\/x.com\\\/i\\\/flow\\\/login?redirect_after_login=immoinvest_ch\",\"https:\\\/\\\/www.instagram.com\\\/immoinvest_ch\\\/\",\"https:\\\/\\\/www.linkedin.com\\\/company\\\/immoinvest-swiss\"]},{\"@type\":\"Person\",\"@id\":\"https:\\\/\\\/www.immo-invest.ch\\\/fr\\\/author\\\/immovestuser\\\/#author\",\"url\":\"https:\\\/\\\/www.immo-invest.ch\\\/fr\\\/author\\\/immovestuser\\\/\",\"name\":\"immovestuser\",\"image\":{\"@type\":\"ImageObject\",\"@id\":\"https:\\\/\\\/www.immo-invest.ch\\\/fr\\\/polysportives-leuchtturmprojekt-nimmt-gestalt-an\\\/#authorImage\",\"url\":\"https:\\\/\\\/secure.gravatar.com\\\/avatar\\\/8e01f4d99f2eeea7a362ebb93305e1172a70e9293ba250f897a65c39f54cdd1e?s=96&d=mm&r=g\",\"width\":96,\"height\":96,\"caption\":\"immovestuser\"}},{\"@type\":\"WebPage\",\"@id\":\"https:\\\/\\\/www.immo-invest.ch\\\/fr\\\/polysportives-leuchtturmprojekt-nimmt-gestalt-an\\\/#webpage\",\"url\":\"https:\\\/\\\/www.immo-invest.ch\\\/fr\\\/polysportives-leuchtturmprojekt-nimmt-gestalt-an\\\/\",\"name\":\"Un projet phare polysportif prend forme - immo!nvest - Die Plattform f\\u00fcr Standorte und Immobilien\",\"description\":\"Une nouvelle centrale sportive pour la r\\u00e9gion de Zurich verra le jour entre D\\u00fcbendorf et Wangen-Br\\u00fcttisellen d'ici l'automne 2026. Le centre sportif de Zurich, situ\\u00e9 dans la zone de D\\u00fcrrbach, regroupe plus de 30 disciplines sportives sous un m\\u00eame toit. Ce projet associe le sport de masse et le sport d'\\u00e9lite, la formation et la r\\u00e9g\\u00e9n\\u00e9ration dans une offre unique en Suisse.\",\"inLanguage\":\"fr-FR\",\"isPartOf\":{\"@id\":\"https:\\\/\\\/www.immo-invest.ch\\\/fr\\\/#website\"},\"breadcrumb\":{\"@id\":\"https:\\\/\\\/www.immo-invest.ch\\\/fr\\\/polysportives-leuchtturmprojekt-nimmt-gestalt-an\\\/#breadcrumblist\"},\"author\":{\"@id\":\"https:\\\/\\\/www.immo-invest.ch\\\/fr\\\/author\\\/immovestuser\\\/#author\"},\"creator\":{\"@id\":\"https:\\\/\\\/www.immo-invest.ch\\\/fr\\\/author\\\/immovestuser\\\/#author\"},\"image\":{\"@type\":\"ImageObject\",\"url\":\"https:\\\/\\\/www.immo-invest.ch\\\/wp-content\\\/uploads\\\/2026\\\/01\\\/Beny-Ruhstaller-Portrait.jpg\",\"@id\":\"https:\\\/\\\/www.immo-invest.ch\\\/fr\\\/polysportives-leuchtturmprojekt-nimmt-gestalt-an\\\/#mainImage\",\"width\":2000,\"height\":1125},\"primaryImageOfPage\":{\"@id\":\"https:\\\/\\\/www.immo-invest.ch\\\/fr\\\/polysportives-leuchtturmprojekt-nimmt-gestalt-an\\\/#mainImage\"},\"datePublished\":\"2026-01-06T09:58:08+01:00\",\"dateModified\":\"2026-01-06T10:26:08+01:00\"},{\"@type\":\"WebSite\",\"@id\":\"https:\\\/\\\/www.immo-invest.ch\\\/fr\\\/#website\",\"url\":\"https:\\\/\\\/www.immo-invest.ch\\\/fr\\\/\",\"name\":\"immo!nvest - Die Plattform f\\u00fcr Standorte und Immobilien\",\"description\":\"Die\\u00a0Plattform f\\u00fcr Standorte und Immobilien\",\"inLanguage\":\"fr-FR\",\"publisher\":{\"@id\":\"https:\\\/\\\/www.immo-invest.ch\\\/fr\\\/#organization\"}}]}\n\t\t<\/script>\n\t\t<!-- All in One SEO -->\n\n","aioseo_head_json":{"title":"Un projet phare polysportif prend forme - immo!nvest - Die Plattform f\u00fcr Standorte und Immobilien","description":"Une nouvelle centrale sportive pour la r\u00e9gion de Zurich verra le jour entre D\u00fcbendorf et Wangen-Br\u00fcttisellen d'ici l'automne 2026. Le centre sportif de Zurich, situ\u00e9 dans la zone de D\u00fcrrbach, regroupe plus de 30 disciplines sportives sous un m\u00eame toit. Ce projet associe le sport de masse et le sport d'\u00e9lite, la formation et la r\u00e9g\u00e9n\u00e9ration dans une offre unique en Suisse.","canonical_url":"https:\/\/www.immo-invest.ch\/fr\/polysportives-leuchtturmprojekt-nimmt-gestalt-an\/","robots":"max-image-preview:large","keywords":"","webmasterTools":{"google-site-verification":"fHJKvgWpZCR2zVBHWfkQeFXC11qieUSff0HGNYfuyLA","miscellaneous":""},"schema":{"@context":"https:\/\/schema.org","@graph":[{"@type":"BlogPosting","@id":"https:\/\/www.immo-invest.ch\/fr\/polysportives-leuchtturmprojekt-nimmt-gestalt-an\/#blogposting","name":"Un projet phare polysportif prend forme - immo!nvest - Die Plattform f\u00fcr Standorte und Immobilien","headline":"Un projet phare polysportif prend forme","author":{"@id":"https:\/\/www.immo-invest.ch\/fr\/author\/immovestuser\/#author"},"publisher":{"@id":"https:\/\/www.immo-invest.ch\/fr\/#organization"},"image":{"@type":"ImageObject","url":"https:\/\/www.immo-invest.ch\/wp-content\/uploads\/2026\/01\/Beny-Ruhstaller-Portrait.jpg","width":2000,"height":1125},"datePublished":"2026-01-06T09:58:08+01:00","dateModified":"2026-01-06T10:26:08+01:00","inLanguage":"fr-FR","mainEntityOfPage":{"@id":"https:\/\/www.immo-invest.ch\/fr\/polysportives-leuchtturmprojekt-nimmt-gestalt-an\/#webpage"},"isPartOf":{"@id":"https:\/\/www.immo-invest.ch\/fr\/polysportives-leuchtturmprojekt-nimmt-gestalt-an\/#webpage"},"articleSection":"Associations, Gens, Nouvelle construction, Planification \/ D\u00e9veloppement, Zurich, Immoinvest, immoNews, News, polysportive Infrastruktur, Sport und Ausbildung, Sportzentrum Neubau, Facultatif"},{"@type":"BreadcrumbList","@id":"https:\/\/www.immo-invest.ch\/fr\/polysportives-leuchtturmprojekt-nimmt-gestalt-an\/#breadcrumblist","itemListElement":[{"@type":"ListItem","@id":"https:\/\/www.immo-invest.ch\/fr\/#listItem","position":1,"name":"Home","item":"https:\/\/www.immo-invest.ch\/fr\/","nextItem":{"@type":"ListItem","@id":"https:\/\/www.immo-invest.ch\/fr\/categories\/regions\/#listItem","name":"R\u00e9gions"}},{"@type":"ListItem","@id":"https:\/\/www.immo-invest.ch\/fr\/categories\/regions\/#listItem","position":2,"name":"R\u00e9gions","item":"https:\/\/www.immo-invest.ch\/fr\/categories\/regions\/","nextItem":{"@type":"ListItem","@id":"https:\/\/www.immo-invest.ch\/fr\/categories\/regions\/suisse\/#listItem","name":"Suisse"},"previousItem":{"@type":"ListItem","@id":"https:\/\/www.immo-invest.ch\/fr\/#listItem","name":"Home"}},{"@type":"ListItem","@id":"https:\/\/www.immo-invest.ch\/fr\/categories\/regions\/suisse\/#listItem","position":3,"name":"Suisse","item":"https:\/\/www.immo-invest.ch\/fr\/categories\/regions\/suisse\/","nextItem":{"@type":"ListItem","@id":"https:\/\/www.immo-invest.ch\/fr\/categories\/regions\/suisse\/region-zurich\/#listItem","name":"Zurich"},"previousItem":{"@type":"ListItem","@id":"https:\/\/www.immo-invest.ch\/fr\/categories\/regions\/#listItem","name":"R\u00e9gions"}},{"@type":"ListItem","@id":"https:\/\/www.immo-invest.ch\/fr\/categories\/regions\/suisse\/region-zurich\/#listItem","position":4,"name":"Zurich","item":"https:\/\/www.immo-invest.ch\/fr\/categories\/regions\/suisse\/region-zurich\/","nextItem":{"@type":"ListItem","@id":"https:\/\/www.immo-invest.ch\/fr\/polysportives-leuchtturmprojekt-nimmt-gestalt-an\/#listItem","name":"Un projet phare polysportif prend forme"},"previousItem":{"@type":"ListItem","@id":"https:\/\/www.immo-invest.ch\/fr\/categories\/regions\/suisse\/#listItem","name":"Suisse"}},{"@type":"ListItem","@id":"https:\/\/www.immo-invest.ch\/fr\/polysportives-leuchtturmprojekt-nimmt-gestalt-an\/#listItem","position":5,"name":"Un projet phare polysportif prend forme","previousItem":{"@type":"ListItem","@id":"https:\/\/www.immo-invest.ch\/fr\/categories\/regions\/suisse\/region-zurich\/#listItem","name":"Zurich"}}]},{"@type":"Organization","@id":"https:\/\/www.immo-invest.ch\/fr\/#organization","name":"immo!nvest - Die Plattform f\u00fcr Standorte und Immobilien","description":"Die\u00a0Plattform f\u00fcr Standorte und Immobilien","url":"https:\/\/www.immo-invest.ch\/fr\/","email":"admin@immomedia.ag","telephone":"+41444420002","logo":{"@type":"ImageObject","url":"https:\/\/www.immo-invest.ch\/wp-content\/uploads\/2024\/09\/immoinvest_sm-scaled.jpg","@id":"https:\/\/www.immo-invest.ch\/fr\/polysportives-leuchtturmprojekt-nimmt-gestalt-an\/#organizationLogo","width":2560,"height":1340},"image":{"@id":"https:\/\/www.immo-invest.ch\/fr\/polysportives-leuchtturmprojekt-nimmt-gestalt-an\/#organizationLogo"},"sameAs":["https:\/\/www.facebook.com\/people\/Immoinvest\/100077962920504\/","https:\/\/x.com\/i\/flow\/login?redirect_after_login=immoinvest_ch","https:\/\/www.instagram.com\/immoinvest_ch\/","https:\/\/www.linkedin.com\/company\/immoinvest-swiss"]},{"@type":"Person","@id":"https:\/\/www.immo-invest.ch\/fr\/author\/immovestuser\/#author","url":"https:\/\/www.immo-invest.ch\/fr\/author\/immovestuser\/","name":"immovestuser","image":{"@type":"ImageObject","@id":"https:\/\/www.immo-invest.ch\/fr\/polysportives-leuchtturmprojekt-nimmt-gestalt-an\/#authorImage","url":"https:\/\/secure.gravatar.com\/avatar\/8e01f4d99f2eeea7a362ebb93305e1172a70e9293ba250f897a65c39f54cdd1e?s=96&d=mm&r=g","width":96,"height":96,"caption":"immovestuser"}},{"@type":"WebPage","@id":"https:\/\/www.immo-invest.ch\/fr\/polysportives-leuchtturmprojekt-nimmt-gestalt-an\/#webpage","url":"https:\/\/www.immo-invest.ch\/fr\/polysportives-leuchtturmprojekt-nimmt-gestalt-an\/","name":"Un projet phare polysportif prend forme - immo!nvest - Die Plattform f\u00fcr Standorte und Immobilien","description":"Une nouvelle centrale sportive pour la r\u00e9gion de Zurich verra le jour entre D\u00fcbendorf et Wangen-Br\u00fcttisellen d'ici l'automne 2026. Le centre sportif de Zurich, situ\u00e9 dans la zone de D\u00fcrrbach, regroupe plus de 30 disciplines sportives sous un m\u00eame toit. Ce projet associe le sport de masse et le sport d'\u00e9lite, la formation et la r\u00e9g\u00e9n\u00e9ration dans une offre unique en Suisse.","inLanguage":"fr-FR","isPartOf":{"@id":"https:\/\/www.immo-invest.ch\/fr\/#website"},"breadcrumb":{"@id":"https:\/\/www.immo-invest.ch\/fr\/polysportives-leuchtturmprojekt-nimmt-gestalt-an\/#breadcrumblist"},"author":{"@id":"https:\/\/www.immo-invest.ch\/fr\/author\/immovestuser\/#author"},"creator":{"@id":"https:\/\/www.immo-invest.ch\/fr\/author\/immovestuser\/#author"},"image":{"@type":"ImageObject","url":"https:\/\/www.immo-invest.ch\/wp-content\/uploads\/2026\/01\/Beny-Ruhstaller-Portrait.jpg","@id":"https:\/\/www.immo-invest.ch\/fr\/polysportives-leuchtturmprojekt-nimmt-gestalt-an\/#mainImage","width":2000,"height":1125},"primaryImageOfPage":{"@id":"https:\/\/www.immo-invest.ch\/fr\/polysportives-leuchtturmprojekt-nimmt-gestalt-an\/#mainImage"},"datePublished":"2026-01-06T09:58:08+01:00","dateModified":"2026-01-06T10:26:08+01:00"},{"@type":"WebSite","@id":"https:\/\/www.immo-invest.ch\/fr\/#website","url":"https:\/\/www.immo-invest.ch\/fr\/","name":"immo!nvest - Die Plattform f\u00fcr Standorte und Immobilien","description":"Die\u00a0Plattform f\u00fcr Standorte und Immobilien","inLanguage":"fr-FR","publisher":{"@id":"https:\/\/www.immo-invest.ch\/fr\/#organization"}}]},"og:locale":"fr_FR","og:site_name":"immo!nvest - Die Plattform f\u00fcr Standorte und Immobilien - Die\u00a0Plattform f\u00fcr Standorte und Immobilien","og:type":"article","og:title":"Un projet phare polysportif prend forme - immo!nvest - Die Plattform f\u00fcr Standorte und Immobilien","og:description":"Une nouvelle centrale sportive pour la r\u00e9gion de Zurich verra le jour entre D\u00fcbendorf et Wangen-Br\u00fcttisellen d'ici l'automne 2026. Le centre sportif de Zurich, situ\u00e9 dans la zone de D\u00fcrrbach, regroupe plus de 30 disciplines sportives sous un m\u00eame toit. Ce projet associe le sport de masse et le sport d'\u00e9lite, la formation et la r\u00e9g\u00e9n\u00e9ration dans une offre unique en Suisse.","og:url":"https:\/\/www.immo-invest.ch\/fr\/polysportives-leuchtturmprojekt-nimmt-gestalt-an\/","og:image":"https:\/\/www.immo-invest.ch\/wp-content\/uploads\/2026\/01\/Beny-Ruhstaller-Portrait.jpg","og:image:secure_url":"https:\/\/www.immo-invest.ch\/wp-content\/uploads\/2026\/01\/Beny-Ruhstaller-Portrait.jpg","og:image:width":2000,"og:image:height":1125,"article:published_time":"2026-01-06T08:58:08+00:00","article:modified_time":"2026-01-06T09:26:08+00:00","article:publisher":"https:\/\/www.facebook.com\/people\/Immoinvest\/100077962920504\/","twitter:card":"summary_large_image","twitter:site":"@i","twitter:title":"Un projet phare polysportif prend forme - immo!nvest - Die Plattform f\u00fcr Standorte und Immobilien","twitter:description":"Une nouvelle centrale sportive pour la r\u00e9gion de Zurich verra le jour entre D\u00fcbendorf et Wangen-Br\u00fcttisellen d'ici l'automne 2026. Le centre sportif de Zurich, situ\u00e9 dans la zone de D\u00fcrrbach, regroupe plus de 30 disciplines sportives sous un m\u00eame toit. Ce projet associe le sport de masse et le sport d'\u00e9lite, la formation et la r\u00e9g\u00e9n\u00e9ration dans une offre unique en Suisse.","twitter:creator":"@i","twitter:image":"https:\/\/www.immo-invest.ch\/wp-content\/uploads\/2026\/01\/Beny-Ruhstaller-Portrait.jpg"},"aioseo_meta_data":{"post_id":"146438","title":null,"description":null,"keywords":null,"keyphrases":{"focus":{"keyphrase":"","score":0,"analysis":{"keyphraseInTitle":{"score":0,"maxScore":9,"error":1}}},"additional":[]},"primary_term":null,"canonical_url":null,"og_title":null,"og_description":null,"og_object_type":"default","og_image_type":"default","og_image_url":null,"og_image_width":null,"og_image_height":null,"og_image_custom_url":null,"og_image_custom_fields":null,"og_video":"","og_custom_url":null,"og_article_section":null,"og_article_tags":null,"twitter_use_og":false,"twitter_card":"default","twitter_image_type":"default","twitter_image_url":null,"twitter_image_custom_url":null,"twitter_image_custom_fields":null,"twitter_title":null,"twitter_description":null,"schema":{"blockGraphs":[],"customGraphs":[],"default":{"data":{"Article":[],"Course":[],"Dataset":[],"FAQPage":[],"Movie":[],"Person":[],"Product":[],"ProductReview":[],"Car":[],"Recipe":[],"Service":[],"SoftwareApplication":[],"WebPage":[]},"graphName":"BlogPosting","isEnabled":true},"graphs":[]},"schema_type":"default","schema_type_options":null,"pillar_content":false,"robots_default":true,"robots_noindex":false,"robots_noarchive":false,"robots_nosnippet":false,"robots_nofollow":false,"robots_noimageindex":false,"robots_noodp":false,"robots_notranslate":false,"robots_max_snippet":"-1","robots_max_videopreview":"-1","robots_max_imagepreview":"large","priority":null,"frequency":"default","local_seo":null,"breadcrumb_settings":null,"limit_modified_date":false,"ai":{"faqs":[],"keyPoints":[],"titles":[],"descriptions":[],"socialPosts":{"email":[],"linkedin":[],"twitter":[],"facebook":[],"instagram":[]}},"created":"2026-01-06 08:54:56","updated":"2026-01-06 09:31:30","seo_analyzer_scan_date":null,"focus_keyword":null,"additional_keywords":null,"truseo_locale":null},"aioseo_breadcrumb":"<div class=\"aioseo-breadcrumbs\"><span class=\"aioseo-breadcrumb\">\n\t\t\t<a href=\"https:\/\/www.immo-invest.ch\/fr\/\" title=\"Home\">Home<\/a>\n\t\t<\/span><span class=\"aioseo-breadcrumb-separator\">&raquo;<\/span><span class=\"aioseo-breadcrumb\">\n\t\t\t<a href=\"https:\/\/www.immo-invest.ch\/fr\/categories\/regions\/\" title=\"R\u00e9gions\">R\u00e9gions<\/a>\n\t\t<\/span><span class=\"aioseo-breadcrumb-separator\">&raquo;<\/span><span class=\"aioseo-breadcrumb\">\n\t\t\t<a href=\"https:\/\/www.immo-invest.ch\/fr\/categories\/regions\/suisse\/\" title=\"Suisse\">Suisse<\/a>\n\t\t<\/span><span class=\"aioseo-breadcrumb-separator\">&raquo;<\/span><span class=\"aioseo-breadcrumb\">\n\t\t\t<a href=\"https:\/\/www.immo-invest.ch\/fr\/categories\/regions\/suisse\/region-zurich\/\" title=\"Zurich\">Zurich<\/a>\n\t\t<\/span><span class=\"aioseo-breadcrumb-separator\">&raquo;<\/span><span class=\"aioseo-breadcrumb\">\n\t\t\tUn projet phare polysportif prend forme\n\t\t<\/span><\/div>","aioseo_breadcrumb_json":[{"label":"Home","link":"https:\/\/www.immo-invest.ch\/fr\/"},{"label":"R\u00e9gions","link":"https:\/\/www.immo-invest.ch\/fr\/categories\/regions\/"},{"label":"Suisse","link":"https:\/\/www.immo-invest.ch\/fr\/categories\/regions\/suisse\/"},{"label":"Zurich","link":"https:\/\/www.immo-invest.ch\/fr\/categories\/regions\/suisse\/region-zurich\/"},{"label":"Un projet phare polysportif prend forme","link":"https:\/\/www.immo-invest.ch\/fr\/polysportives-leuchtturmprojekt-nimmt-gestalt-an\/"}],"featured_image_src":"https:\/\/www.immo-invest.ch\/wp-content\/uploads\/2026\/01\/Beny-Ruhstaller-Portrait-336x168.jpg","_links":{"self":[{"href":"https:\/\/www.immo-invest.ch\/fr\/wp-json\/wp\/v2\/posts\/146438","targetHints":{"allow":["GET"]}}],"collection":[{"href":"https:\/\/www.immo-invest.ch\/fr\/wp-json\/wp\/v2\/posts"}],"about":[{"href":"https:\/\/www.immo-invest.ch\/fr\/wp-json\/wp\/v2\/types\/post"}],"author":[{"embeddable":true,"href":"https:\/\/www.immo-invest.ch\/fr\/wp-json\/wp\/v2\/users\/2"}],"replies":[{"embeddable":true,"href":"https:\/\/www.immo-invest.ch\/fr\/wp-json\/wp\/v2\/comments?post=146438"}],"version-history":[{"count":4,"href":"https:\/\/www.immo-invest.ch\/fr\/wp-json\/wp\/v2\/posts\/146438\/revisions"}],"predecessor-version":[{"id":146455,"href":"https:\/\/www.immo-invest.ch\/fr\/wp-json\/wp\/v2\/posts\/146438\/revisions\/146455"}],"wp:featuredmedia":[{"embeddable":true,"href":"https:\/\/www.immo-invest.ch\/fr\/wp-json\/wp\/v2\/media\/146444"}],"wp:attachment":[{"href":"https:\/\/www.immo-invest.ch\/fr\/wp-json\/wp\/v2\/media?parent=146438"}],"wp:term":[{"taxonomy":"category","embeddable":true,"href":"https:\/\/www.immo-invest.ch\/fr\/wp-json\/wp\/v2\/categories?post=146438"},{"taxonomy":"post_tag","embeddable":true,"href":"https:\/\/www.immo-invest.ch\/fr\/wp-json\/wp\/v2\/tags?post=146438"}],"curies":[{"name":"wp","href":"https:\/\/api.w.org\/{rel}","templated":true}]}}