{"id":146422,"date":"2026-01-06T09:21:48","date_gmt":"2026-01-06T08:21:48","guid":{"rendered":"https:\/\/www.immo-invest.ch\/standortpolitik-im-wandel\/"},"modified":"2026-01-06T09:32:42","modified_gmt":"2026-01-06T08:32:42","slug":"standortpolitik-im-wandel","status":"publish","type":"post","link":"https:\/\/www.immo-invest.ch\/fr\/standortpolitik-im-wandel\/","title":{"rendered":"Une politique d&rsquo;implantation en mutation"},"content":{"rendered":"<p>Avec le nouveau package d&rsquo;implantation b&acirc;lois, le canton de B&acirc;le-Ville envoie un signal fort en faveur de l&rsquo;&eacute;conomie, de la soci&eacute;t&eacute; et de l&rsquo;environnement. Le programme soutient les entreprises de mani&egrave;re cibl&eacute;e et r&eacute;agit ainsi &agrave; la concurrence mondiale croissante entre les sites.<\/p>\n<div class=\"pmpro\">\n<div class=\"pmpro_card pmpro_content_message\">\n<h2 class=\"pmpro_card_title pmpro_font-large\"><svg xmlns=\"http:\/\/www.w3.org\/2000\/svg\" width=\"24\" height=\"24\" viewbox=\"0 0 24 24\" fill=\"none\" stroke=\"var(--pmpro--color--accent)\" stroke-width=\"2\" stroke-linecap=\"round\" stroke-linejoin=\"round\" class=\"feather feather-lock\"><rect x=\"3\" y=\"11\" width=\"18\" height=\"11\" rx=\"2\" ry=\"2\"><\/rect><path d=\"M7 11V7a5 5 0 0 1 10 0v4\"><\/path><\/svg>Adh&eacute;sion requise<\/h2>\n<div class=\"pmpro_card_content\">En vous abonnant, vous b&eacute;n&eacute;ficiez d&rsquo;un acc&egrave;s exclusif &agrave; tous les articles.\n<div class=\"buttons\"><a href=\"https:\/\/www.immo-invest.ch\/fr\/login\/\">S&rsquo;inscrire<\/a> <a href=\"https:\/\/www.immo-invest.ch\/fr\/abo-bestellen\/\">S&rsquo;abonner<\/a><\/div>\n<\/div>\n<div class=\"pmpro_card_actions pmpro_font-medium\">Vous &ecirc;tes d&eacute;j&agrave; membre ? <a href=\"https:\/\/www.immo-invest.ch\/fr\/login-2\/?redirect_to=https%3A%2F%2Fwww.immo-invest.ch%2Ffr%2Fstandortpolitik-im-wandel%2F\">Connectez-vous ici<\/a><\/div>\n<\/div>\n<\/div>\n","protected":false},"excerpt":{"rendered":"<p>Avec le nouveau package d'implantation b\u00e2lois, le canton de B\u00e2le-Ville envoie un signal fort en faveur de l'\u00e9conomie, de la soci\u00e9t\u00e9 et de l'environnement. Le programme soutient les entreprises de mani\u00e8re cibl\u00e9e et r\u00e9agit ainsi \u00e0 la concurrence mondiale croissante entre les sites.<\/p>\n<div class=\"pmpro\"><div class=\"pmpro_card pmpro_content_message\"><h2 class=\"pmpro_card_title pmpro_font-large\"><svg xmlns=\"http:\/\/www.w3.org\/2000\/svg\" width=\"24\" height=\"24\" viewBox=\"0 0 24 24\" fill=\"none\" stroke=\"var(--pmpro--color--accent)\" stroke-width=\"2\" stroke-linecap=\"round\" stroke-linejoin=\"round\" class=\"feather feather-lock\"><rect x=\"3\" y=\"11\" width=\"18\" height=\"11\" rx=\"2\" ry=\"2\"><\/rect><path d=\"M7 11V7a5 5 0 0 1 10 0v4\"><\/path><\/svg>Adh\u00e9sion requise<\/h2><div class=\"pmpro_card_content\">En vous abonnant, vous b\u00e9n\u00e9ficiez d'un acc\u00e8s exclusif \u00e0 tous les articles.<br \/><div class=\"buttons\"><a href=\"https:\/\/www.immo-invest.ch\/fr\/login\/\">S'inscrire<\/a> <a href=\"https:\/\/www.immo-invest.ch\/fr\/abo-bestellen\/\">S'abonner<\/a><\/div> <\/div><div class=\"pmpro_card_actions pmpro_font-medium\">Vous \u00eates d\u00e9j\u00e0 membre ? <a href=\"https:\/\/www.immo-invest.ch\/fr\/login-2\/?redirect_to=https%3A%2F%2Fwww.immo-invest.ch%2Ffr%2Fstandortpolitik-im-wandel%2F\">Connectez-vous ici<\/a><\/div><\/div><\/div>","protected":false},"author":2,"featured_media":146423,"comment_status":"closed","ping_status":"open","sticky":false,"template":"","format":"standard","meta":{"pmpro_default_level":"","inline_featured_image":false,"_monsterinsights_skip_tracking":false,"footnotes":""},"categories":[9438,22699,22696,22306,55976,55979,22438],"tags":[872,3931,56131,56132,2002,56133],"class_list":["post-146422","post","type-post","status-publish","format-standard","has-post-thumbnail","hentry","category-region-bale","category-durabilite","category-entreprise","category-immo-invest-plus","category-institutions-formation","category-promotion-du-site","category-trends-fr","tag-immoinvest-fr","tag-immonews-fr","tag-innovationspolitik","tag-nachhaltige-wirtschaft","tag-news-fr","tag-standortfoerderung-basel","pmpro-level-required","pmpro-level-2","pmpro-level-4","pmpro-level-5","pmpro-level-6","pmpro-level-7","pmpro-level-8","pmpro-no-access"],"acf":{"bild_mit_ki_erstellt_worden":"","lead":"Avec le nouveau package d'implantation b\u00e2lois, le canton de B\u00e2le-Ville envoie un signal fort en faveur de l'\u00e9conomie, de la soci\u00e9t\u00e9 et de l'environnement. Le programme soutient les entreprises de mani\u00e8re cibl\u00e9e et r\u00e9agit ainsi \u00e0 la concurrence mondiale croissante entre les sites.","autor":"Text: Karin Ibach, Bild: zVg.","ort":"","bildunterschrift":"","bild_im_grid":false,"gallerie":"","newsim":""},"aioseo_notices":[],"aioseo_head":"\n\t\t<!-- All in One SEO 5.0.1.1 - aioseo.com -->\n\t<meta name=\"description\" content=\"Avec le nouveau package d&#039;implantation b\u00e2lois, le canton de B\u00e2le-Ville envoie un signal fort en faveur de l&#039;\u00e9conomie, de la soci\u00e9t\u00e9 et de l&#039;environnement. Le programme soutient les entreprises de mani\u00e8re cibl\u00e9e et r\u00e9agit ainsi \u00e0 la concurrence mondiale croissante entre les sites.\" \/>\n\t<meta name=\"robots\" content=\"max-image-preview:large\" \/>\n\t<meta name=\"author\" content=\"immovestuser\"\/>\n\t<meta name=\"google-site-verification\" content=\"fHJKvgWpZCR2zVBHWfkQeFXC11qieUSff0HGNYfuyLA\" \/>\n\t<link rel=\"canonical\" href=\"https:\/\/www.immo-invest.ch\/fr\/standortpolitik-im-wandel\/\" \/>\n\t<meta name=\"generator\" content=\"All in One SEO (AIOSEO) 5.0.1.1\" \/>\n\t\t<meta property=\"og:locale\" content=\"fr_FR\" \/>\n\t\t<meta property=\"og:site_name\" content=\"immo!nvest - Die Plattform f\u00fcr Standorte und Immobilien - Die\u00a0Plattform f\u00fcr Standorte und Immobilien\" \/>\n\t\t<meta property=\"og:type\" content=\"article\" \/>\n\t\t<meta property=\"og:title\" content=\"Une politique d\u2019implantation en mutation - immo!nvest - Die Plattform f\u00fcr Standorte und Immobilien\" \/>\n\t\t<meta property=\"og:description\" content=\"Avec le nouveau package d&#039;implantation b\u00e2lois, le canton de B\u00e2le-Ville envoie un signal fort en faveur de l&#039;\u00e9conomie, de la soci\u00e9t\u00e9 et de l&#039;environnement. Le programme soutient les entreprises de mani\u00e8re cibl\u00e9e et r\u00e9agit ainsi \u00e0 la concurrence mondiale croissante entre les sites.\" \/>\n\t\t<meta property=\"og:url\" content=\"https:\/\/www.immo-invest.ch\/fr\/standortpolitik-im-wandel\/\" \/>\n\t\t<meta property=\"og:image\" content=\"https:\/\/www.immo-invest.ch\/wp-content\/uploads\/2026\/01\/Standortpolitik-im-Wandel.jpg\" \/>\n\t\t<meta property=\"og:image:secure_url\" content=\"https:\/\/www.immo-invest.ch\/wp-content\/uploads\/2026\/01\/Standortpolitik-im-Wandel.jpg\" \/>\n\t\t<meta property=\"og:image:width\" content=\"2000\" \/>\n\t\t<meta property=\"og:image:height\" content=\"1125\" \/>\n\t\t<meta property=\"article:published_time\" content=\"2026-01-06T08:21:48+00:00\" \/>\n\t\t<meta property=\"article:modified_time\" content=\"2026-01-06T08:32:42+00:00\" \/>\n\t\t<meta property=\"article:publisher\" content=\"https:\/\/www.facebook.com\/people\/Immoinvest\/100077962920504\/\" \/>\n\t\t<meta name=\"twitter:card\" content=\"summary_large_image\" \/>\n\t\t<meta name=\"twitter:site\" content=\"@i\" \/>\n\t\t<meta name=\"twitter:title\" content=\"Une politique d\u2019implantation en mutation - immo!nvest - Die Plattform f\u00fcr Standorte und Immobilien\" \/>\n\t\t<meta name=\"twitter:description\" content=\"Avec le nouveau package d&#039;implantation b\u00e2lois, le canton de B\u00e2le-Ville envoie un signal fort en faveur de l&#039;\u00e9conomie, de la soci\u00e9t\u00e9 et de l&#039;environnement. Le programme soutient les entreprises de mani\u00e8re cibl\u00e9e et r\u00e9agit ainsi \u00e0 la concurrence mondiale croissante entre les sites.\" \/>\n\t\t<meta name=\"twitter:creator\" content=\"@i\" \/>\n\t\t<meta name=\"twitter:image\" content=\"https:\/\/www.immo-invest.ch\/wp-content\/uploads\/2026\/01\/Standortpolitik-im-Wandel.jpg\" \/>\n\t\t<script type=\"application\/ld+json\" class=\"aioseo-schema\">\n\t\t\t{\"@context\":\"https:\\\/\\\/schema.org\",\"@graph\":[{\"@type\":\"BlogPosting\",\"@id\":\"https:\\\/\\\/www.immo-invest.ch\\\/fr\\\/standortpolitik-im-wandel\\\/#blogposting\",\"name\":\"Une politique d\\u2019implantation en mutation - immo!nvest - Die Plattform f\\u00fcr Standorte und Immobilien\",\"headline\":\"Une politique d&rsquo;implantation en mutation\",\"author\":{\"@id\":\"https:\\\/\\\/www.immo-invest.ch\\\/fr\\\/author\\\/immovestuser\\\/#author\"},\"publisher\":{\"@id\":\"https:\\\/\\\/www.immo-invest.ch\\\/fr\\\/#organization\"},\"image\":{\"@type\":\"ImageObject\",\"url\":\"https:\\\/\\\/www.immo-invest.ch\\\/wp-content\\\/uploads\\\/2026\\\/01\\\/Standortpolitik-im-Wandel.jpg\",\"width\":2000,\"height\":1125},\"datePublished\":\"2026-01-06T09:21:48+01:00\",\"dateModified\":\"2026-01-06T09:32:42+01:00\",\"inLanguage\":\"fr-FR\",\"mainEntityOfPage\":{\"@id\":\"https:\\\/\\\/www.immo-invest.ch\\\/fr\\\/standortpolitik-im-wandel\\\/#webpage\"},\"isPartOf\":{\"@id\":\"https:\\\/\\\/www.immo-invest.ch\\\/fr\\\/standortpolitik-im-wandel\\\/#webpage\"},\"articleSection\":\"B\\u00e2le, Durabilit\\u00e9, Entreprise, immo!nvest+, Institutions &amp; Formation, Promotion du site, Trends, Immoinvest, immoNews, Innovationspolitik, nachhaltige Wirtschaft, News, Standortfoerderung Basel, Facultatif\"},{\"@type\":\"BreadcrumbList\",\"@id\":\"https:\\\/\\\/www.immo-invest.ch\\\/fr\\\/standortpolitik-im-wandel\\\/#breadcrumblist\",\"itemListElement\":[{\"@type\":\"ListItem\",\"@id\":\"https:\\\/\\\/www.immo-invest.ch\\\/fr\\\/#listItem\",\"position\":1,\"name\":\"Home\",\"item\":\"https:\\\/\\\/www.immo-invest.ch\\\/fr\\\/\",\"nextItem\":{\"@type\":\"ListItem\",\"@id\":\"https:\\\/\\\/www.immo-invest.ch\\\/fr\\\/categories\\\/regions\\\/#listItem\",\"name\":\"R\\u00e9gions\"}},{\"@type\":\"ListItem\",\"@id\":\"https:\\\/\\\/www.immo-invest.ch\\\/fr\\\/categories\\\/regions\\\/#listItem\",\"position\":2,\"name\":\"R\\u00e9gions\",\"item\":\"https:\\\/\\\/www.immo-invest.ch\\\/fr\\\/categories\\\/regions\\\/\",\"nextItem\":{\"@type\":\"ListItem\",\"@id\":\"https:\\\/\\\/www.immo-invest.ch\\\/fr\\\/categories\\\/regions\\\/suisse\\\/#listItem\",\"name\":\"Suisse\"},\"previousItem\":{\"@type\":\"ListItem\",\"@id\":\"https:\\\/\\\/www.immo-invest.ch\\\/fr\\\/#listItem\",\"name\":\"Home\"}},{\"@type\":\"ListItem\",\"@id\":\"https:\\\/\\\/www.immo-invest.ch\\\/fr\\\/categories\\\/regions\\\/suisse\\\/#listItem\",\"position\":3,\"name\":\"Suisse\",\"item\":\"https:\\\/\\\/www.immo-invest.ch\\\/fr\\\/categories\\\/regions\\\/suisse\\\/\",\"nextItem\":{\"@type\":\"ListItem\",\"@id\":\"https:\\\/\\\/www.immo-invest.ch\\\/fr\\\/categories\\\/regions\\\/suisse\\\/suisse-du-nord-ouest\\\/#listItem\",\"name\":\"Suisse du Nord-Ouest\"},\"previousItem\":{\"@type\":\"ListItem\",\"@id\":\"https:\\\/\\\/www.immo-invest.ch\\\/fr\\\/categories\\\/regions\\\/#listItem\",\"name\":\"R\\u00e9gions\"}},{\"@type\":\"ListItem\",\"@id\":\"https:\\\/\\\/www.immo-invest.ch\\\/fr\\\/categories\\\/regions\\\/suisse\\\/suisse-du-nord-ouest\\\/#listItem\",\"position\":4,\"name\":\"Suisse du Nord-Ouest\",\"item\":\"https:\\\/\\\/www.immo-invest.ch\\\/fr\\\/categories\\\/regions\\\/suisse\\\/suisse-du-nord-ouest\\\/\",\"nextItem\":{\"@type\":\"ListItem\",\"@id\":\"https:\\\/\\\/www.immo-invest.ch\\\/fr\\\/categories\\\/regions\\\/suisse\\\/suisse-du-nord-ouest\\\/region-bale\\\/#listItem\",\"name\":\"B\\u00e2le\"},\"previousItem\":{\"@type\":\"ListItem\",\"@id\":\"https:\\\/\\\/www.immo-invest.ch\\\/fr\\\/categories\\\/regions\\\/suisse\\\/#listItem\",\"name\":\"Suisse\"}},{\"@type\":\"ListItem\",\"@id\":\"https:\\\/\\\/www.immo-invest.ch\\\/fr\\\/categories\\\/regions\\\/suisse\\\/suisse-du-nord-ouest\\\/region-bale\\\/#listItem\",\"position\":5,\"name\":\"B\\u00e2le\",\"item\":\"https:\\\/\\\/www.immo-invest.ch\\\/fr\\\/categories\\\/regions\\\/suisse\\\/suisse-du-nord-ouest\\\/region-bale\\\/\",\"nextItem\":{\"@type\":\"ListItem\",\"@id\":\"https:\\\/\\\/www.immo-invest.ch\\\/fr\\\/standortpolitik-im-wandel\\\/#listItem\",\"name\":\"Une politique d&rsquo;implantation en mutation\"},\"previousItem\":{\"@type\":\"ListItem\",\"@id\":\"https:\\\/\\\/www.immo-invest.ch\\\/fr\\\/categories\\\/regions\\\/suisse\\\/suisse-du-nord-ouest\\\/#listItem\",\"name\":\"Suisse du Nord-Ouest\"}},{\"@type\":\"ListItem\",\"@id\":\"https:\\\/\\\/www.immo-invest.ch\\\/fr\\\/standortpolitik-im-wandel\\\/#listItem\",\"position\":6,\"name\":\"Une politique d&rsquo;implantation en mutation\",\"previousItem\":{\"@type\":\"ListItem\",\"@id\":\"https:\\\/\\\/www.immo-invest.ch\\\/fr\\\/categories\\\/regions\\\/suisse\\\/suisse-du-nord-ouest\\\/region-bale\\\/#listItem\",\"name\":\"B\\u00e2le\"}}]},{\"@type\":\"Organization\",\"@id\":\"https:\\\/\\\/www.immo-invest.ch\\\/fr\\\/#organization\",\"name\":\"immo!nvest - Die Plattform f\\u00fcr Standorte und Immobilien\",\"description\":\"Die\\u00a0Plattform f\\u00fcr Standorte und Immobilien\",\"url\":\"https:\\\/\\\/www.immo-invest.ch\\\/fr\\\/\",\"email\":\"admin@immomedia.ag\",\"telephone\":\"+41444420002\",\"logo\":{\"@type\":\"ImageObject\",\"url\":\"https:\\\/\\\/www.immo-invest.ch\\\/wp-content\\\/uploads\\\/2024\\\/09\\\/immoinvest_sm-scaled.jpg\",\"@id\":\"https:\\\/\\\/www.immo-invest.ch\\\/fr\\\/standortpolitik-im-wandel\\\/#organizationLogo\",\"width\":2560,\"height\":1340},\"image\":{\"@id\":\"https:\\\/\\\/www.immo-invest.ch\\\/fr\\\/standortpolitik-im-wandel\\\/#organizationLogo\"},\"sameAs\":[\"https:\\\/\\\/www.facebook.com\\\/people\\\/Immoinvest\\\/100077962920504\\\/\",\"https:\\\/\\\/x.com\\\/i\\\/flow\\\/login?redirect_after_login=immoinvest_ch\",\"https:\\\/\\\/www.instagram.com\\\/immoinvest_ch\\\/\",\"https:\\\/\\\/www.linkedin.com\\\/company\\\/immoinvest-swiss\"]},{\"@type\":\"Person\",\"@id\":\"https:\\\/\\\/www.immo-invest.ch\\\/fr\\\/author\\\/immovestuser\\\/#author\",\"url\":\"https:\\\/\\\/www.immo-invest.ch\\\/fr\\\/author\\\/immovestuser\\\/\",\"name\":\"immovestuser\",\"image\":{\"@type\":\"ImageObject\",\"@id\":\"https:\\\/\\\/www.immo-invest.ch\\\/fr\\\/standortpolitik-im-wandel\\\/#authorImage\",\"url\":\"https:\\\/\\\/secure.gravatar.com\\\/avatar\\\/8e01f4d99f2eeea7a362ebb93305e1172a70e9293ba250f897a65c39f54cdd1e?s=96&d=mm&r=g\",\"width\":96,\"height\":96,\"caption\":\"immovestuser\"}},{\"@type\":\"WebPage\",\"@id\":\"https:\\\/\\\/www.immo-invest.ch\\\/fr\\\/standortpolitik-im-wandel\\\/#webpage\",\"url\":\"https:\\\/\\\/www.immo-invest.ch\\\/fr\\\/standortpolitik-im-wandel\\\/\",\"name\":\"Une politique d\\u2019implantation en mutation - immo!nvest - Die Plattform f\\u00fcr Standorte und Immobilien\",\"description\":\"Avec le nouveau package d'implantation b\\u00e2lois, le canton de B\\u00e2le-Ville envoie un signal fort en faveur de l'\\u00e9conomie, de la soci\\u00e9t\\u00e9 et de l'environnement. Le programme soutient les entreprises de mani\\u00e8re cibl\\u00e9e et r\\u00e9agit ainsi \\u00e0 la concurrence mondiale croissante entre les sites.\",\"inLanguage\":\"fr-FR\",\"isPartOf\":{\"@id\":\"https:\\\/\\\/www.immo-invest.ch\\\/fr\\\/#website\"},\"breadcrumb\":{\"@id\":\"https:\\\/\\\/www.immo-invest.ch\\\/fr\\\/standortpolitik-im-wandel\\\/#breadcrumblist\"},\"author\":{\"@id\":\"https:\\\/\\\/www.immo-invest.ch\\\/fr\\\/author\\\/immovestuser\\\/#author\"},\"creator\":{\"@id\":\"https:\\\/\\\/www.immo-invest.ch\\\/fr\\\/author\\\/immovestuser\\\/#author\"},\"image\":{\"@type\":\"ImageObject\",\"url\":\"https:\\\/\\\/www.immo-invest.ch\\\/wp-content\\\/uploads\\\/2026\\\/01\\\/Standortpolitik-im-Wandel.jpg\",\"@id\":\"https:\\\/\\\/www.immo-invest.ch\\\/fr\\\/standortpolitik-im-wandel\\\/#mainImage\",\"width\":2000,\"height\":1125},\"primaryImageOfPage\":{\"@id\":\"https:\\\/\\\/www.immo-invest.ch\\\/fr\\\/standortpolitik-im-wandel\\\/#mainImage\"},\"datePublished\":\"2026-01-06T09:21:48+01:00\",\"dateModified\":\"2026-01-06T09:32:42+01:00\"},{\"@type\":\"WebSite\",\"@id\":\"https:\\\/\\\/www.immo-invest.ch\\\/fr\\\/#website\",\"url\":\"https:\\\/\\\/www.immo-invest.ch\\\/fr\\\/\",\"name\":\"immo!nvest - Die Plattform f\\u00fcr Standorte und Immobilien\",\"description\":\"Die\\u00a0Plattform f\\u00fcr Standorte und Immobilien\",\"inLanguage\":\"fr-FR\",\"publisher\":{\"@id\":\"https:\\\/\\\/www.immo-invest.ch\\\/fr\\\/#organization\"}}]}\n\t\t<\/script>\n\t\t<!-- All in One SEO -->\n\n","aioseo_head_json":{"title":"Une politique d\u2019implantation en mutation - immo!nvest - Die Plattform f\u00fcr Standorte und Immobilien","description":"Avec le nouveau package d'implantation b\u00e2lois, le canton de B\u00e2le-Ville envoie un signal fort en faveur de l'\u00e9conomie, de la soci\u00e9t\u00e9 et de l'environnement. Le programme soutient les entreprises de mani\u00e8re cibl\u00e9e et r\u00e9agit ainsi \u00e0 la concurrence mondiale croissante entre les sites.","canonical_url":"https:\/\/www.immo-invest.ch\/fr\/standortpolitik-im-wandel\/","robots":"max-image-preview:large","keywords":"","webmasterTools":{"google-site-verification":"fHJKvgWpZCR2zVBHWfkQeFXC11qieUSff0HGNYfuyLA","miscellaneous":""},"schema":{"@context":"https:\/\/schema.org","@graph":[{"@type":"BlogPosting","@id":"https:\/\/www.immo-invest.ch\/fr\/standortpolitik-im-wandel\/#blogposting","name":"Une politique d\u2019implantation en mutation - immo!nvest - Die Plattform f\u00fcr Standorte und Immobilien","headline":"Une politique d&rsquo;implantation en mutation","author":{"@id":"https:\/\/www.immo-invest.ch\/fr\/author\/immovestuser\/#author"},"publisher":{"@id":"https:\/\/www.immo-invest.ch\/fr\/#organization"},"image":{"@type":"ImageObject","url":"https:\/\/www.immo-invest.ch\/wp-content\/uploads\/2026\/01\/Standortpolitik-im-Wandel.jpg","width":2000,"height":1125},"datePublished":"2026-01-06T09:21:48+01:00","dateModified":"2026-01-06T09:32:42+01:00","inLanguage":"fr-FR","mainEntityOfPage":{"@id":"https:\/\/www.immo-invest.ch\/fr\/standortpolitik-im-wandel\/#webpage"},"isPartOf":{"@id":"https:\/\/www.immo-invest.ch\/fr\/standortpolitik-im-wandel\/#webpage"},"articleSection":"B\u00e2le, Durabilit\u00e9, Entreprise, immo!nvest+, Institutions &amp; Formation, Promotion du site, Trends, Immoinvest, immoNews, Innovationspolitik, nachhaltige Wirtschaft, News, Standortfoerderung Basel, Facultatif"},{"@type":"BreadcrumbList","@id":"https:\/\/www.immo-invest.ch\/fr\/standortpolitik-im-wandel\/#breadcrumblist","itemListElement":[{"@type":"ListItem","@id":"https:\/\/www.immo-invest.ch\/fr\/#listItem","position":1,"name":"Home","item":"https:\/\/www.immo-invest.ch\/fr\/","nextItem":{"@type":"ListItem","@id":"https:\/\/www.immo-invest.ch\/fr\/categories\/regions\/#listItem","name":"R\u00e9gions"}},{"@type":"ListItem","@id":"https:\/\/www.immo-invest.ch\/fr\/categories\/regions\/#listItem","position":2,"name":"R\u00e9gions","item":"https:\/\/www.immo-invest.ch\/fr\/categories\/regions\/","nextItem":{"@type":"ListItem","@id":"https:\/\/www.immo-invest.ch\/fr\/categories\/regions\/suisse\/#listItem","name":"Suisse"},"previousItem":{"@type":"ListItem","@id":"https:\/\/www.immo-invest.ch\/fr\/#listItem","name":"Home"}},{"@type":"ListItem","@id":"https:\/\/www.immo-invest.ch\/fr\/categories\/regions\/suisse\/#listItem","position":3,"name":"Suisse","item":"https:\/\/www.immo-invest.ch\/fr\/categories\/regions\/suisse\/","nextItem":{"@type":"ListItem","@id":"https:\/\/www.immo-invest.ch\/fr\/categories\/regions\/suisse\/suisse-du-nord-ouest\/#listItem","name":"Suisse du Nord-Ouest"},"previousItem":{"@type":"ListItem","@id":"https:\/\/www.immo-invest.ch\/fr\/categories\/regions\/#listItem","name":"R\u00e9gions"}},{"@type":"ListItem","@id":"https:\/\/www.immo-invest.ch\/fr\/categories\/regions\/suisse\/suisse-du-nord-ouest\/#listItem","position":4,"name":"Suisse du Nord-Ouest","item":"https:\/\/www.immo-invest.ch\/fr\/categories\/regions\/suisse\/suisse-du-nord-ouest\/","nextItem":{"@type":"ListItem","@id":"https:\/\/www.immo-invest.ch\/fr\/categories\/regions\/suisse\/suisse-du-nord-ouest\/region-bale\/#listItem","name":"B\u00e2le"},"previousItem":{"@type":"ListItem","@id":"https:\/\/www.immo-invest.ch\/fr\/categories\/regions\/suisse\/#listItem","name":"Suisse"}},{"@type":"ListItem","@id":"https:\/\/www.immo-invest.ch\/fr\/categories\/regions\/suisse\/suisse-du-nord-ouest\/region-bale\/#listItem","position":5,"name":"B\u00e2le","item":"https:\/\/www.immo-invest.ch\/fr\/categories\/regions\/suisse\/suisse-du-nord-ouest\/region-bale\/","nextItem":{"@type":"ListItem","@id":"https:\/\/www.immo-invest.ch\/fr\/standortpolitik-im-wandel\/#listItem","name":"Une politique d&rsquo;implantation en mutation"},"previousItem":{"@type":"ListItem","@id":"https:\/\/www.immo-invest.ch\/fr\/categories\/regions\/suisse\/suisse-du-nord-ouest\/#listItem","name":"Suisse du Nord-Ouest"}},{"@type":"ListItem","@id":"https:\/\/www.immo-invest.ch\/fr\/standortpolitik-im-wandel\/#listItem","position":6,"name":"Une politique d&rsquo;implantation en mutation","previousItem":{"@type":"ListItem","@id":"https:\/\/www.immo-invest.ch\/fr\/categories\/regions\/suisse\/suisse-du-nord-ouest\/region-bale\/#listItem","name":"B\u00e2le"}}]},{"@type":"Organization","@id":"https:\/\/www.immo-invest.ch\/fr\/#organization","name":"immo!nvest - Die Plattform f\u00fcr Standorte und Immobilien","description":"Die\u00a0Plattform f\u00fcr Standorte und Immobilien","url":"https:\/\/www.immo-invest.ch\/fr\/","email":"admin@immomedia.ag","telephone":"+41444420002","logo":{"@type":"ImageObject","url":"https:\/\/www.immo-invest.ch\/wp-content\/uploads\/2024\/09\/immoinvest_sm-scaled.jpg","@id":"https:\/\/www.immo-invest.ch\/fr\/standortpolitik-im-wandel\/#organizationLogo","width":2560,"height":1340},"image":{"@id":"https:\/\/www.immo-invest.ch\/fr\/standortpolitik-im-wandel\/#organizationLogo"},"sameAs":["https:\/\/www.facebook.com\/people\/Immoinvest\/100077962920504\/","https:\/\/x.com\/i\/flow\/login?redirect_after_login=immoinvest_ch","https:\/\/www.instagram.com\/immoinvest_ch\/","https:\/\/www.linkedin.com\/company\/immoinvest-swiss"]},{"@type":"Person","@id":"https:\/\/www.immo-invest.ch\/fr\/author\/immovestuser\/#author","url":"https:\/\/www.immo-invest.ch\/fr\/author\/immovestuser\/","name":"immovestuser","image":{"@type":"ImageObject","@id":"https:\/\/www.immo-invest.ch\/fr\/standortpolitik-im-wandel\/#authorImage","url":"https:\/\/secure.gravatar.com\/avatar\/8e01f4d99f2eeea7a362ebb93305e1172a70e9293ba250f897a65c39f54cdd1e?s=96&d=mm&r=g","width":96,"height":96,"caption":"immovestuser"}},{"@type":"WebPage","@id":"https:\/\/www.immo-invest.ch\/fr\/standortpolitik-im-wandel\/#webpage","url":"https:\/\/www.immo-invest.ch\/fr\/standortpolitik-im-wandel\/","name":"Une politique d\u2019implantation en mutation - immo!nvest - Die Plattform f\u00fcr Standorte und Immobilien","description":"Avec le nouveau package d'implantation b\u00e2lois, le canton de B\u00e2le-Ville envoie un signal fort en faveur de l'\u00e9conomie, de la soci\u00e9t\u00e9 et de l'environnement. Le programme soutient les entreprises de mani\u00e8re cibl\u00e9e et r\u00e9agit ainsi \u00e0 la concurrence mondiale croissante entre les sites.","inLanguage":"fr-FR","isPartOf":{"@id":"https:\/\/www.immo-invest.ch\/fr\/#website"},"breadcrumb":{"@id":"https:\/\/www.immo-invest.ch\/fr\/standortpolitik-im-wandel\/#breadcrumblist"},"author":{"@id":"https:\/\/www.immo-invest.ch\/fr\/author\/immovestuser\/#author"},"creator":{"@id":"https:\/\/www.immo-invest.ch\/fr\/author\/immovestuser\/#author"},"image":{"@type":"ImageObject","url":"https:\/\/www.immo-invest.ch\/wp-content\/uploads\/2026\/01\/Standortpolitik-im-Wandel.jpg","@id":"https:\/\/www.immo-invest.ch\/fr\/standortpolitik-im-wandel\/#mainImage","width":2000,"height":1125},"primaryImageOfPage":{"@id":"https:\/\/www.immo-invest.ch\/fr\/standortpolitik-im-wandel\/#mainImage"},"datePublished":"2026-01-06T09:21:48+01:00","dateModified":"2026-01-06T09:32:42+01:00"},{"@type":"WebSite","@id":"https:\/\/www.immo-invest.ch\/fr\/#website","url":"https:\/\/www.immo-invest.ch\/fr\/","name":"immo!nvest - Die Plattform f\u00fcr Standorte und Immobilien","description":"Die\u00a0Plattform f\u00fcr Standorte und Immobilien","inLanguage":"fr-FR","publisher":{"@id":"https:\/\/www.immo-invest.ch\/fr\/#organization"}}]},"og:locale":"fr_FR","og:site_name":"immo!nvest - Die Plattform f\u00fcr Standorte und Immobilien - Die\u00a0Plattform f\u00fcr Standorte und Immobilien","og:type":"article","og:title":"Une politique d\u2019implantation en mutation - immo!nvest - Die Plattform f\u00fcr Standorte und Immobilien","og:description":"Avec le nouveau package d'implantation b\u00e2lois, le canton de B\u00e2le-Ville envoie un signal fort en faveur de l'\u00e9conomie, de la soci\u00e9t\u00e9 et de l'environnement. Le programme soutient les entreprises de mani\u00e8re cibl\u00e9e et r\u00e9agit ainsi \u00e0 la concurrence mondiale croissante entre les sites.","og:url":"https:\/\/www.immo-invest.ch\/fr\/standortpolitik-im-wandel\/","og:image":"https:\/\/www.immo-invest.ch\/wp-content\/uploads\/2026\/01\/Standortpolitik-im-Wandel.jpg","og:image:secure_url":"https:\/\/www.immo-invest.ch\/wp-content\/uploads\/2026\/01\/Standortpolitik-im-Wandel.jpg","og:image:width":2000,"og:image:height":1125,"article:published_time":"2026-01-06T08:21:48+00:00","article:modified_time":"2026-01-06T08:32:42+00:00","article:publisher":"https:\/\/www.facebook.com\/people\/Immoinvest\/100077962920504\/","twitter:card":"summary_large_image","twitter:site":"@i","twitter:title":"Une politique d\u2019implantation en mutation - immo!nvest - Die Plattform f\u00fcr Standorte und Immobilien","twitter:description":"Avec le nouveau package d'implantation b\u00e2lois, le canton de B\u00e2le-Ville envoie un signal fort en faveur de l'\u00e9conomie, de la soci\u00e9t\u00e9 et de l'environnement. Le programme soutient les entreprises de mani\u00e8re cibl\u00e9e et r\u00e9agit ainsi \u00e0 la concurrence mondiale croissante entre les sites.","twitter:creator":"@i","twitter:image":"https:\/\/www.immo-invest.ch\/wp-content\/uploads\/2026\/01\/Standortpolitik-im-Wandel.jpg"},"aioseo_meta_data":{"post_id":"146422","title":null,"description":null,"keywords":null,"keyphrases":{"focus":{"keyphrase":"","score":0,"analysis":{"keyphraseInTitle":{"score":0,"maxScore":9,"error":1}}},"additional":[]},"primary_term":null,"canonical_url":null,"og_title":null,"og_description":null,"og_object_type":"default","og_image_type":"default","og_image_url":null,"og_image_width":null,"og_image_height":null,"og_image_custom_url":null,"og_image_custom_fields":null,"og_video":"","og_custom_url":null,"og_article_section":null,"og_article_tags":null,"twitter_use_og":false,"twitter_card":"default","twitter_image_type":"default","twitter_image_url":null,"twitter_image_custom_url":null,"twitter_image_custom_fields":null,"twitter_title":null,"twitter_description":null,"schema":{"blockGraphs":[],"customGraphs":[],"default":{"data":{"Article":[],"Course":[],"Dataset":[],"FAQPage":[],"Movie":[],"Person":[],"Product":[],"ProductReview":[],"Car":[],"Recipe":[],"Service":[],"SoftwareApplication":[],"WebPage":[]},"graphName":"BlogPosting","isEnabled":true},"graphs":[]},"schema_type":"default","schema_type_options":null,"pillar_content":false,"robots_default":true,"robots_noindex":false,"robots_noarchive":false,"robots_nosnippet":false,"robots_nofollow":false,"robots_noimageindex":false,"robots_noodp":false,"robots_notranslate":false,"robots_max_snippet":"-1","robots_max_videopreview":"-1","robots_max_imagepreview":"large","priority":null,"frequency":"default","local_seo":null,"breadcrumb_settings":null,"limit_modified_date":false,"ai":{"faqs":[],"keyPoints":[],"titles":[],"descriptions":[],"socialPosts":{"email":[],"linkedin":[],"twitter":[],"facebook":[],"instagram":[]}},"created":"2026-01-06 08:23:37","updated":"2026-01-06 08:40:12","seo_analyzer_scan_date":null,"focus_keyword":null,"additional_keywords":null,"truseo_locale":null},"aioseo_breadcrumb":"<div class=\"aioseo-breadcrumbs\"><span class=\"aioseo-breadcrumb\">\n\t\t\t<a href=\"https:\/\/www.immo-invest.ch\/fr\/\" title=\"Home\">Home<\/a>\n\t\t<\/span><span class=\"aioseo-breadcrumb-separator\">&raquo;<\/span><span class=\"aioseo-breadcrumb\">\n\t\t\t<a href=\"https:\/\/www.immo-invest.ch\/fr\/categories\/regions\/\" title=\"R\u00e9gions\">R\u00e9gions<\/a>\n\t\t<\/span><span class=\"aioseo-breadcrumb-separator\">&raquo;<\/span><span class=\"aioseo-breadcrumb\">\n\t\t\t<a href=\"https:\/\/www.immo-invest.ch\/fr\/categories\/regions\/suisse\/\" title=\"Suisse\">Suisse<\/a>\n\t\t<\/span><span class=\"aioseo-breadcrumb-separator\">&raquo;<\/span><span class=\"aioseo-breadcrumb\">\n\t\t\t<a href=\"https:\/\/www.immo-invest.ch\/fr\/categories\/regions\/suisse\/suisse-du-nord-ouest\/\" title=\"Suisse du Nord-Ouest\">Suisse du Nord-Ouest<\/a>\n\t\t<\/span><span class=\"aioseo-breadcrumb-separator\">&raquo;<\/span><span class=\"aioseo-breadcrumb\">\n\t\t\t<a href=\"https:\/\/www.immo-invest.ch\/fr\/categories\/regions\/suisse\/suisse-du-nord-ouest\/region-bale\/\" title=\"B\u00e2le\">B\u00e2le<\/a>\n\t\t<\/span><span class=\"aioseo-breadcrumb-separator\">&raquo;<\/span><span class=\"aioseo-breadcrumb\">\n\t\t\tUne politique d\u2019implantation en mutation\n\t\t<\/span><\/div>","aioseo_breadcrumb_json":[{"label":"Home","link":"https:\/\/www.immo-invest.ch\/fr\/"},{"label":"R\u00e9gions","link":"https:\/\/www.immo-invest.ch\/fr\/categories\/regions\/"},{"label":"Suisse","link":"https:\/\/www.immo-invest.ch\/fr\/categories\/regions\/suisse\/"},{"label":"Suisse du Nord-Ouest","link":"https:\/\/www.immo-invest.ch\/fr\/categories\/regions\/suisse\/suisse-du-nord-ouest\/"},{"label":"B\u00e2le","link":"https:\/\/www.immo-invest.ch\/fr\/categories\/regions\/suisse\/suisse-du-nord-ouest\/region-bale\/"},{"label":"Une politique d&rsquo;implantation en mutation","link":"https:\/\/www.immo-invest.ch\/fr\/standortpolitik-im-wandel\/"}],"featured_image_src":"https:\/\/www.immo-invest.ch\/wp-content\/uploads\/2026\/01\/Standortpolitik-im-Wandel-336x168.jpg","_links":{"self":[{"href":"https:\/\/www.immo-invest.ch\/fr\/wp-json\/wp\/v2\/posts\/146422","targetHints":{"allow":["GET"]}}],"collection":[{"href":"https:\/\/www.immo-invest.ch\/fr\/wp-json\/wp\/v2\/posts"}],"about":[{"href":"https:\/\/www.immo-invest.ch\/fr\/wp-json\/wp\/v2\/types\/post"}],"author":[{"embeddable":true,"href":"https:\/\/www.immo-invest.ch\/fr\/wp-json\/wp\/v2\/users\/2"}],"replies":[{"embeddable":true,"href":"https:\/\/www.immo-invest.ch\/fr\/wp-json\/wp\/v2\/comments?post=146422"}],"version-history":[{"count":2,"href":"https:\/\/www.immo-invest.ch\/fr\/wp-json\/wp\/v2\/posts\/146422\/revisions"}],"predecessor-version":[{"id":146429,"href":"https:\/\/www.immo-invest.ch\/fr\/wp-json\/wp\/v2\/posts\/146422\/revisions\/146429"}],"wp:featuredmedia":[{"embeddable":true,"href":"https:\/\/www.immo-invest.ch\/fr\/wp-json\/wp\/v2\/media\/146423"}],"wp:attachment":[{"href":"https:\/\/www.immo-invest.ch\/fr\/wp-json\/wp\/v2\/media?parent=146422"}],"wp:term":[{"taxonomy":"category","embeddable":true,"href":"https:\/\/www.immo-invest.ch\/fr\/wp-json\/wp\/v2\/categories?post=146422"},{"taxonomy":"post_tag","embeddable":true,"href":"https:\/\/www.immo-invest.ch\/fr\/wp-json\/wp\/v2\/tags?post=146422"}],"curies":[{"name":"wp","href":"https:\/\/api.w.org\/{rel}","templated":true}]}}