{"id":146386,"date":"2026-01-06T09:05:21","date_gmt":"2026-01-06T08:05:21","guid":{"rendered":"https:\/\/www.immo-invest.ch\/?p=146386"},"modified":"2026-01-06T14:49:18","modified_gmt":"2026-01-06T13:49:18","slug":"ce-que-permet-la-nouvelle-loi-sur-lamenagement-du-territoire","status":"publish","type":"post","link":"https:\/\/www.immo-invest.ch\/fr\/ce-que-permet-la-nouvelle-loi-sur-lamenagement-du-territoire\/","title":{"rendered":"Ce que permet la nouvelle loi sur l&rsquo;am\u00e9nagement du territoire"},"content":{"rendered":"<p class=\"wp-block-paragraph\">Une critique centrale concerne la possibilit&eacute; de r&eacute;utiliser &agrave; des fins d&rsquo;habitation les b&acirc;timents agricoles qui ne sont plus utilis&eacute;s en dehors des zones &agrave; b&acirc;tir. Kappeler souligne que cela n&rsquo;est possible que dans le cadre de ce que l&rsquo;on appelle l&rsquo;approche territoriale. Les cantons peuvent d&eacute;finir des zones d&rsquo;affectation sp&eacute;ciale pour des r&eacute;gions clairement d&eacute;finies, par exemple pour pr&eacute;server et d&eacute;velopper des paysages culturels traditionnels. Ce n&rsquo;est que dans de telles zones que les changements d&rsquo;affectation sont autoris&eacute;s &agrave; des conditions strictes ; en outre, la loi sur les r&eacute;sidences secondaires continue de s&rsquo;appliquer avec le seuil de 20 pour cent de r&eacute;sidences secondaires. Du point de vue de l&rsquo;ARE, cette flexibilit&eacute; ponctuelle n&rsquo;est pas un assouplissement, mais un instrument cibl&eacute; sur les particularit&eacute;s r&eacute;gionales.<\/p>\n\n\n\n\n\n<p class=\"wp-block-paragraph\"><strong>Principe de s&eacute;paration avec objectif de stabilisation<br><\/strong>L&rsquo;objectif central de la LAT2 est de renforcer le principe de s&eacute;paration entre zones constructibles et non constructibles. Celui-ci est d&eacute;sormais compl&eacute;t&eacute; par un objectif de stabilisation. Les crit&egrave;res d&eacute;terminants sont le parc immobilier et la surface imperm&eacute;abilis&eacute;e au 29 septembre 2023, &agrave; l&rsquo;aune desquels est mesur&eacute; le d&eacute;veloppement futur hors des zones &agrave; b&acirc;tir. Si les cantons n&rsquo;atteignent pas cette stabilisation, ils doivent prendre des mesures suppl&eacute;mentaires. Le Parlement a d&eacute;lib&eacute;r&eacute;ment voulu non pas un plafonnement rigide, mais une flexibilit&eacute; limit&eacute;e avec une limite sup&eacute;rieure claire. Ainsi, la construction hors des zones &agrave; b&acirc;tir re&ccedil;oit une barri&egrave;re suppl&eacute;mentaire, sans pour autant bloquer compl&egrave;tement des adaptations judicieuses.<\/p>\n\n\n\n\n\n<p class=\"wp-block-paragraph\"><strong>Primes de d&eacute;molition et travail de pionnier des cantons<br><\/strong>Un autre pilier de la r&eacute;vision est la prime de d&eacute;molition pour les b&acirc;timents situ&eacute;s hors des zones &agrave; b&acirc;tir. La Conf&eacute;d&eacute;ration table sur 1000 &agrave; 2000 d&eacute;molitions par an pour un co&ucirc;t moyen de 20 000 &agrave; 30 000 francs, ce qui repr&eacute;sente un volume de 20 &agrave; 60 millions de francs par an. Le financement doit &ecirc;tre assur&eacute; conjointement par la Conf&eacute;d&eacute;ration et les cantons. Un d&eacute;fi pour ces derniers, car ils doivent en m&ecirc;me temps &eacute;laborer et mettre en &oelig;uvre des strat&eacute;gies de stabilisation. L&rsquo;ARE &eacute;labore des guides, approuve les strat&eacute;gies cantonales et contr&ocirc;le leurs effets ; si les mesures ne sont pas efficaces, des sanctions sont pr&eacute;vues.<\/p>\n\n\n\n\n\n<p class=\"wp-block-paragraph\"><strong>Energies renouvelables et entreprises touristiques<br><\/strong>Dans la phase finale des d&eacute;bats parlementaires, des dispositions suppl&eacute;mentaires relatives aux &eacute;nergies renouvelables hors des zones &agrave; b&acirc;tir ont &eacute;t&eacute; int&eacute;gr&eacute;es dans la loi. Ainsi, dans les zones peu sensibles, des installations pour l&rsquo;utilisation industrielle de la biomasse ou pour la m&eacute;thanisation doivent &ecirc;tre possibles sous certaines conditions, les d&eacute;tails &eacute;tant pr&eacute;cis&eacute;s au niveau de l&rsquo;ordonnance. Le d&eacute;veloppement facilit&eacute; des &eacute;tablissements d&rsquo;h&ocirc;tellerie et de restauration relevant de l&rsquo;ancien droit est &eacute;galement controvers&eacute;. Les h&ocirc;tels et restaurants situ&eacute;s en dehors des zones &agrave; b&acirc;tir b&eacute;n&eacute;ficient d&rsquo;une plus grande <span class=\"glossaryLink\"  aria-describedby=\"tt\"  data-cmtooltip=\"&lt;div class=glossaryItemTitle&gt;Marge&lt;\/div&gt;&lt;div class=glossaryItemBody&gt;Gewinnspanne, prozentualer Gewinn je Leistungseinheit; Handel: Handelsspanne, Differenz zwischen An- und Verkaufspreis&lt;\/div&gt;\"  data-mobile-support=\"0\"  data-gt-translate-attributes='[{\"attribute\":\"data-cmtooltip\", \"format\":\"html\"}]' tabindex='0' role='link'>marge<\/span> de man&oelig;uvre pour se moderniser et s&rsquo;agrandir. Souvent sans proc&eacute;dure de planification compl&egrave;te ni participation, lorsqu&rsquo;un permis de construire suffit. Les critiques y voient un affaiblissement du principe de s&eacute;paration, tandis que les partisans &eacute;voquent la garantie de la viabilit&eacute; &eacute;conomique des &eacute;tablissements existants.<\/p>\n\n\n\n\n\n<p class=\"wp-block-paragraph\"><strong>Proc&eacute;dure plus s&eacute;v&egrave;re contre les constructions ill&eacute;gales<br><\/strong>Selon Kappeler, les nouvelles r&eacute;glementations contre les constructions ill&eacute;gales constituent un point fort &eacute;vident de la r&eacute;vision. En cas d&rsquo;utilisation ill&eacute;gale, les autorit&eacute;s doivent d&eacute;sormais imp&eacute;rativement prononcer une interdiction d&rsquo;utilisation. Un instrument pointu, car un b&acirc;timent inutilisable perd rapidement de son attractivit&eacute;. En outre, les communes ne peuvent plus d&eacute;cider seules de renoncer &agrave; r&eacute;tablir l&rsquo;&eacute;tat l&eacute;gal. Une telle renonciation n&eacute;cessitera &agrave; l&rsquo;avenir l&rsquo;accord du canton. La LAT2 combine ainsi plus de diff&eacute;renciation et de <span class=\"glossaryLink\"  aria-describedby=\"tt\"  data-cmtooltip=\"&lt;div class=glossaryItemTitle&gt;Marge&lt;\/div&gt;&lt;div class=glossaryItemBody&gt;Gewinnspanne, prozentualer Gewinn je Leistungseinheit; Handel: Handelsspanne, Differenz zwischen An- und Verkaufspreis&lt;\/div&gt;\"  data-mobile-support=\"0\"  data-gt-translate-attributes='[{\"attribute\":\"data-cmtooltip\", \"format\":\"html\"}]' tabindex='0' role='link'>marge<\/span> de man&oelig;uvre l&agrave; o&ugrave; cela se justifie du point de vue de la planification, avec des r&egrave;gles plus strictes, des objectifs mesurables et une ex&eacute;cution plus cons&eacute;quente en dehors des zones &agrave; b&acirc;tir.<\/p>\n\n","protected":false},"excerpt":{"rendered":"<p>La premi\u00e8re partie du droit de l&rsquo;am\u00e9nagement du territoire r\u00e9vis\u00e9, avec la LAT2 et l&rsquo;ordonnance sur l&rsquo;am\u00e9nagement du territoire adapt\u00e9e, est en vigueur depuis le 1er janvier 2026. D&rsquo;autres dispositions centrales entreront en vigueur le 1er juillet 2026. Au c\u0153ur de ces dispositions se trouve un objectif de stabilisation qui freine davantage la construction hors des zones \u00e0 b\u00e2tir et qui permet pour la premi\u00e8re fois de mesurer l&rsquo;\u00e9volution du parc immobilier dans les zones non constructibles. Malgr\u00e9 les critiques, le juriste de l&rsquo;ARE Thomas Kappeler parle d&rsquo;une r\u00e9vision r\u00e9ussie, avec des garde-fous clairs, de nouveaux instruments et une mise en \u0153uvre plus stricte.<\/p>\n","protected":false},"author":2,"featured_media":146387,"comment_status":"open","ping_status":"open","sticky":false,"template":"","format":"standard","meta":{"pmpro_default_level":"","inline_featured_image":false,"_monsterinsights_skip_tracking":false,"footnotes":""},"categories":[55976,56027,55979,22303,22438],"tags":[872,3931,2002,56110,56111,56112],"class_list":["post-146386","post","type-post","status-publish","format-standard","has-post-thumbnail","hentry","category-institutions-formation","category-planification-developpement","category-promotion-du-site","category-suisse","category-trends-fr","tag-immoinvest-fr","tag-immonews-fr","tag-news-fr","tag-nichtbaugebiet","tag-raumplanung-schweiz","tag-raumplanungsgesetz-rpg2","pmpro-has-access"],"acf":{"bild_mit_ki_erstellt_worden":"","lead":"La premi\u00e8re partie du droit de l'am\u00e9nagement du territoire r\u00e9vis\u00e9, avec la LAT2 et l'ordonnance sur l'am\u00e9nagement du territoire adapt\u00e9e, est en vigueur depuis le 1er janvier 2026. D'autres dispositions centrales entreront en vigueur le 1er juillet 2026. Au c\u0153ur de ces dispositions se trouve un objectif de stabilisation qui freine davantage la construction hors des zones \u00e0 b\u00e2tir et qui permet pour la premi\u00e8re fois de mesurer l'\u00e9volution du parc immobilier dans les zones non constructibles. Malgr\u00e9 les critiques, le juriste de l'ARE Thomas Kappeler parle d'une r\u00e9vision r\u00e9ussie, avec des garde-fous clairs, de nouveaux instruments et une mise en \u0153uvre plus stricte.","autor":"Quelle Admin","ort":"","bildunterschrift":"Le restaurant d'altitude situ\u00e9 sur le Ch\u00e4serrugg, dans le Toggenburg (SG), est consid\u00e9r\u00e9 comme un exemple embl\u00e9matique de construction hors zone \u00e0 b\u00e2tir. Il a \u00e9t\u00e9 con\u00e7u par Herzog & de Meuron et est accessible par t\u00e9l\u00e9ph\u00e9rique. \u00a9 Keystone","bild_im_grid":false,"gallerie":"","newsim":""},"aioseo_notices":[],"aioseo_head":"\n\t\t<!-- All in One SEO 5.0.0.1 - aioseo.com -->\n\t<meta name=\"description\" content=\"La premi\u00e8re partie du droit de l&#039;am\u00e9nagement du territoire r\u00e9vis\u00e9, avec la LAT2 et l&#039;ordonnance sur l&#039;am\u00e9nagement du territoire adapt\u00e9e, est en vigueur depuis le 1er janvier 2026. D&#039;autres dispositions centrales entreront en vigueur le 1er juillet 2026. Au c\u0153ur de ces dispositions se trouve un objectif de stabilisation qui freine davantage la construction hors des zones \u00e0 b\u00e2tir et qui permet pour la premi\u00e8re fois de mesurer l&#039;\u00e9volution du parc immobilier dans les zones non constructibles. Malgr\u00e9 les critiques, le juriste de l&#039;ARE Thomas Kappeler parle d&#039;une r\u00e9vision r\u00e9ussie, avec des garde-fous clairs, de nouveaux instruments et une mise en \u0153uvre plus stricte.\" \/>\n\t<meta name=\"robots\" content=\"max-image-preview:large\" \/>\n\t<meta name=\"author\" content=\"immovestuser\"\/>\n\t<meta name=\"google-site-verification\" content=\"fHJKvgWpZCR2zVBHWfkQeFXC11qieUSff0HGNYfuyLA\" \/>\n\t<link rel=\"canonical\" href=\"https:\/\/www.immo-invest.ch\/fr\/ce-que-permet-la-nouvelle-loi-sur-lamenagement-du-territoire\/\" \/>\n\t<meta name=\"generator\" content=\"All in One SEO (AIOSEO) 5.0.0.1\" \/>\n\t\t<meta property=\"og:locale\" content=\"fr_FR\" \/>\n\t\t<meta property=\"og:site_name\" content=\"immo!nvest - Die Plattform f\u00fcr Standorte und Immobilien - Die\u00a0Plattform f\u00fcr Standorte und Immobilien\" \/>\n\t\t<meta property=\"og:type\" content=\"article\" \/>\n\t\t<meta property=\"og:title\" content=\"Ce que permet la nouvelle loi sur l\u2019am\u00e9nagement du territoire - immo!nvest - Die Plattform f\u00fcr Standorte und Immobilien\" \/>\n\t\t<meta property=\"og:description\" content=\"La premi\u00e8re partie du droit de l&#039;am\u00e9nagement du territoire r\u00e9vis\u00e9, avec la LAT2 et l&#039;ordonnance sur l&#039;am\u00e9nagement du territoire adapt\u00e9e, est en vigueur depuis le 1er janvier 2026. D&#039;autres dispositions centrales entreront en vigueur le 1er juillet 2026. Au c\u0153ur de ces dispositions se trouve un objectif de stabilisation qui freine davantage la construction hors des zones \u00e0 b\u00e2tir et qui permet pour la premi\u00e8re fois de mesurer l&#039;\u00e9volution du parc immobilier dans les zones non constructibles. Malgr\u00e9 les critiques, le juriste de l&#039;ARE Thomas Kappeler parle d&#039;une r\u00e9vision r\u00e9ussie, avec des garde-fous clairs, de nouveaux instruments et une mise en \u0153uvre plus stricte.\" \/>\n\t\t<meta property=\"og:url\" content=\"https:\/\/www.immo-invest.ch\/fr\/ce-que-permet-la-nouvelle-loi-sur-lamenagement-du-territoire\/\" \/>\n\t\t<meta property=\"og:image\" content=\"https:\/\/www.immo-invest.ch\/wp-content\/uploads\/2026\/01\/rpg2-chaserugg.png\" \/>\n\t\t<meta property=\"og:image:secure_url\" content=\"https:\/\/www.immo-invest.ch\/wp-content\/uploads\/2026\/01\/rpg2-chaserugg.png\" \/>\n\t\t<meta property=\"og:image:width\" content=\"2048\" \/>\n\t\t<meta property=\"og:image:height\" content=\"1153\" \/>\n\t\t<meta property=\"article:published_time\" content=\"2026-01-06T08:05:21+00:00\" \/>\n\t\t<meta property=\"article:modified_time\" content=\"2026-01-06T13:49:18+00:00\" \/>\n\t\t<meta property=\"article:publisher\" content=\"https:\/\/www.facebook.com\/people\/Immoinvest\/100077962920504\/\" \/>\n\t\t<meta name=\"twitter:card\" content=\"summary_large_image\" \/>\n\t\t<meta name=\"twitter:site\" content=\"@i\" \/>\n\t\t<meta name=\"twitter:title\" content=\"Ce que permet la nouvelle loi sur l\u2019am\u00e9nagement du territoire - immo!nvest - Die Plattform f\u00fcr Standorte und Immobilien\" \/>\n\t\t<meta name=\"twitter:description\" content=\"La premi\u00e8re partie du droit de l&#039;am\u00e9nagement du territoire r\u00e9vis\u00e9, avec la LAT2 et l&#039;ordonnance sur l&#039;am\u00e9nagement du territoire adapt\u00e9e, est en vigueur depuis le 1er janvier 2026. D&#039;autres dispositions centrales entreront en vigueur le 1er juillet 2026. Au c\u0153ur de ces dispositions se trouve un objectif de stabilisation qui freine davantage la construction hors des zones \u00e0 b\u00e2tir et qui permet pour la premi\u00e8re fois de mesurer l&#039;\u00e9volution du parc immobilier dans les zones non constructibles. Malgr\u00e9 les critiques, le juriste de l&#039;ARE Thomas Kappeler parle d&#039;une r\u00e9vision r\u00e9ussie, avec des garde-fous clairs, de nouveaux instruments et une mise en \u0153uvre plus stricte.\" \/>\n\t\t<meta name=\"twitter:creator\" content=\"@i\" \/>\n\t\t<meta name=\"twitter:image\" content=\"https:\/\/www.immo-invest.ch\/wp-content\/uploads\/2026\/01\/rpg2-chaserugg.png\" \/>\n\t\t<script type=\"application\/ld+json\" class=\"aioseo-schema\">\n\t\t\t{\"@context\":\"https:\\\/\\\/schema.org\",\"@graph\":[{\"@type\":\"BlogPosting\",\"@id\":\"https:\\\/\\\/www.immo-invest.ch\\\/fr\\\/ce-que-permet-la-nouvelle-loi-sur-lamenagement-du-territoire\\\/#blogposting\",\"name\":\"Ce que permet la nouvelle loi sur l\\u2019am\\u00e9nagement du territoire - immo!nvest - Die Plattform f\\u00fcr Standorte und Immobilien\",\"headline\":\"Ce que permet la nouvelle loi sur l&rsquo;am\\u00e9nagement du territoire\",\"author\":{\"@id\":\"https:\\\/\\\/www.immo-invest.ch\\\/fr\\\/author\\\/immovestuser\\\/#author\"},\"publisher\":{\"@id\":\"https:\\\/\\\/www.immo-invest.ch\\\/fr\\\/#organization\"},\"image\":{\"@type\":\"ImageObject\",\"url\":\"https:\\\/\\\/www.immo-invest.ch\\\/wp-content\\\/uploads\\\/2026\\\/01\\\/rpg2-chaserugg.png\",\"width\":2048,\"height\":1153},\"datePublished\":\"2026-01-06T09:05:21+01:00\",\"dateModified\":\"2026-01-06T14:49:18+01:00\",\"inLanguage\":\"fr-FR\",\"mainEntityOfPage\":{\"@id\":\"https:\\\/\\\/www.immo-invest.ch\\\/fr\\\/ce-que-permet-la-nouvelle-loi-sur-lamenagement-du-territoire\\\/#webpage\"},\"isPartOf\":{\"@id\":\"https:\\\/\\\/www.immo-invest.ch\\\/fr\\\/ce-que-permet-la-nouvelle-loi-sur-lamenagement-du-territoire\\\/#webpage\"},\"articleSection\":\"Institutions &amp; Formation, Planification \\\/ D\\u00e9veloppement, Promotion du site, Suisse, Trends, Immoinvest, immoNews, News, Nichtbaugebiet, Raumplanung Schweiz, Raumplanungsgesetz RPG2, Facultatif\"},{\"@type\":\"BreadcrumbList\",\"@id\":\"https:\\\/\\\/www.immo-invest.ch\\\/fr\\\/ce-que-permet-la-nouvelle-loi-sur-lamenagement-du-territoire\\\/#breadcrumblist\",\"itemListElement\":[{\"@type\":\"ListItem\",\"@id\":\"https:\\\/\\\/www.immo-invest.ch\\\/fr\\\/#listItem\",\"position\":1,\"name\":\"Home\",\"item\":\"https:\\\/\\\/www.immo-invest.ch\\\/fr\\\/\",\"nextItem\":{\"@type\":\"ListItem\",\"@id\":\"https:\\\/\\\/www.immo-invest.ch\\\/fr\\\/categories\\\/regions\\\/#listItem\",\"name\":\"R\\u00e9gions\"}},{\"@type\":\"ListItem\",\"@id\":\"https:\\\/\\\/www.immo-invest.ch\\\/fr\\\/categories\\\/regions\\\/#listItem\",\"position\":2,\"name\":\"R\\u00e9gions\",\"item\":\"https:\\\/\\\/www.immo-invest.ch\\\/fr\\\/categories\\\/regions\\\/\",\"nextItem\":{\"@type\":\"ListItem\",\"@id\":\"https:\\\/\\\/www.immo-invest.ch\\\/fr\\\/categories\\\/regions\\\/suisse\\\/#listItem\",\"name\":\"Suisse\"},\"previousItem\":{\"@type\":\"ListItem\",\"@id\":\"https:\\\/\\\/www.immo-invest.ch\\\/fr\\\/#listItem\",\"name\":\"Home\"}},{\"@type\":\"ListItem\",\"@id\":\"https:\\\/\\\/www.immo-invest.ch\\\/fr\\\/categories\\\/regions\\\/suisse\\\/#listItem\",\"position\":3,\"name\":\"Suisse\",\"item\":\"https:\\\/\\\/www.immo-invest.ch\\\/fr\\\/categories\\\/regions\\\/suisse\\\/\",\"nextItem\":{\"@type\":\"ListItem\",\"@id\":\"https:\\\/\\\/www.immo-invest.ch\\\/fr\\\/ce-que-permet-la-nouvelle-loi-sur-lamenagement-du-territoire\\\/#listItem\",\"name\":\"Ce que permet la nouvelle loi sur l&rsquo;am\\u00e9nagement du territoire\"},\"previousItem\":{\"@type\":\"ListItem\",\"@id\":\"https:\\\/\\\/www.immo-invest.ch\\\/fr\\\/categories\\\/regions\\\/#listItem\",\"name\":\"R\\u00e9gions\"}},{\"@type\":\"ListItem\",\"@id\":\"https:\\\/\\\/www.immo-invest.ch\\\/fr\\\/ce-que-permet-la-nouvelle-loi-sur-lamenagement-du-territoire\\\/#listItem\",\"position\":4,\"name\":\"Ce que permet la nouvelle loi sur l&rsquo;am\\u00e9nagement du territoire\",\"previousItem\":{\"@type\":\"ListItem\",\"@id\":\"https:\\\/\\\/www.immo-invest.ch\\\/fr\\\/categories\\\/regions\\\/suisse\\\/#listItem\",\"name\":\"Suisse\"}}]},{\"@type\":\"Organization\",\"@id\":\"https:\\\/\\\/www.immo-invest.ch\\\/fr\\\/#organization\",\"name\":\"immo!nvest - Die Plattform f\\u00fcr Standorte und Immobilien\",\"description\":\"Die\\u00a0Plattform f\\u00fcr Standorte und Immobilien\",\"url\":\"https:\\\/\\\/www.immo-invest.ch\\\/fr\\\/\",\"email\":\"admin@immomedia.ag\",\"telephone\":\"+41444420002\",\"logo\":{\"@type\":\"ImageObject\",\"url\":\"https:\\\/\\\/www.immo-invest.ch\\\/wp-content\\\/uploads\\\/2024\\\/09\\\/immoinvest_sm-scaled.jpg\",\"@id\":\"https:\\\/\\\/www.immo-invest.ch\\\/fr\\\/ce-que-permet-la-nouvelle-loi-sur-lamenagement-du-territoire\\\/#organizationLogo\",\"width\":2560,\"height\":1340},\"image\":{\"@id\":\"https:\\\/\\\/www.immo-invest.ch\\\/fr\\\/ce-que-permet-la-nouvelle-loi-sur-lamenagement-du-territoire\\\/#organizationLogo\"},\"sameAs\":[\"https:\\\/\\\/www.facebook.com\\\/people\\\/Immoinvest\\\/100077962920504\\\/\",\"https:\\\/\\\/x.com\\\/i\\\/flow\\\/login?redirect_after_login=immoinvest_ch\",\"https:\\\/\\\/www.instagram.com\\\/immoinvest_ch\\\/\",\"https:\\\/\\\/www.linkedin.com\\\/company\\\/immoinvest-swiss\"]},{\"@type\":\"Person\",\"@id\":\"https:\\\/\\\/www.immo-invest.ch\\\/fr\\\/author\\\/immovestuser\\\/#author\",\"url\":\"https:\\\/\\\/www.immo-invest.ch\\\/fr\\\/author\\\/immovestuser\\\/\",\"name\":\"immovestuser\",\"image\":{\"@type\":\"ImageObject\",\"@id\":\"https:\\\/\\\/www.immo-invest.ch\\\/fr\\\/ce-que-permet-la-nouvelle-loi-sur-lamenagement-du-territoire\\\/#authorImage\",\"url\":\"https:\\\/\\\/secure.gravatar.com\\\/avatar\\\/8e01f4d99f2eeea7a362ebb93305e1172a70e9293ba250f897a65c39f54cdd1e?s=96&d=mm&r=g\",\"width\":96,\"height\":96,\"caption\":\"immovestuser\"}},{\"@type\":\"WebPage\",\"@id\":\"https:\\\/\\\/www.immo-invest.ch\\\/fr\\\/ce-que-permet-la-nouvelle-loi-sur-lamenagement-du-territoire\\\/#webpage\",\"url\":\"https:\\\/\\\/www.immo-invest.ch\\\/fr\\\/ce-que-permet-la-nouvelle-loi-sur-lamenagement-du-territoire\\\/\",\"name\":\"Ce que permet la nouvelle loi sur l\\u2019am\\u00e9nagement du territoire - immo!nvest - Die Plattform f\\u00fcr Standorte und Immobilien\",\"description\":\"La premi\\u00e8re partie du droit de l'am\\u00e9nagement du territoire r\\u00e9vis\\u00e9, avec la LAT2 et l'ordonnance sur l'am\\u00e9nagement du territoire adapt\\u00e9e, est en vigueur depuis le 1er janvier 2026. D'autres dispositions centrales entreront en vigueur le 1er juillet 2026. Au c\\u0153ur de ces dispositions se trouve un objectif de stabilisation qui freine davantage la construction hors des zones \\u00e0 b\\u00e2tir et qui permet pour la premi\\u00e8re fois de mesurer l'\\u00e9volution du parc immobilier dans les zones non constructibles. Malgr\\u00e9 les critiques, le juriste de l'ARE Thomas Kappeler parle d'une r\\u00e9vision r\\u00e9ussie, avec des garde-fous clairs, de nouveaux instruments et une mise en \\u0153uvre plus stricte.\",\"inLanguage\":\"fr-FR\",\"isPartOf\":{\"@id\":\"https:\\\/\\\/www.immo-invest.ch\\\/fr\\\/#website\"},\"breadcrumb\":{\"@id\":\"https:\\\/\\\/www.immo-invest.ch\\\/fr\\\/ce-que-permet-la-nouvelle-loi-sur-lamenagement-du-territoire\\\/#breadcrumblist\"},\"author\":{\"@id\":\"https:\\\/\\\/www.immo-invest.ch\\\/fr\\\/author\\\/immovestuser\\\/#author\"},\"creator\":{\"@id\":\"https:\\\/\\\/www.immo-invest.ch\\\/fr\\\/author\\\/immovestuser\\\/#author\"},\"image\":{\"@type\":\"ImageObject\",\"url\":\"https:\\\/\\\/www.immo-invest.ch\\\/wp-content\\\/uploads\\\/2026\\\/01\\\/rpg2-chaserugg.png\",\"@id\":\"https:\\\/\\\/www.immo-invest.ch\\\/fr\\\/ce-que-permet-la-nouvelle-loi-sur-lamenagement-du-territoire\\\/#mainImage\",\"width\":2048,\"height\":1153},\"primaryImageOfPage\":{\"@id\":\"https:\\\/\\\/www.immo-invest.ch\\\/fr\\\/ce-que-permet-la-nouvelle-loi-sur-lamenagement-du-territoire\\\/#mainImage\"},\"datePublished\":\"2026-01-06T09:05:21+01:00\",\"dateModified\":\"2026-01-06T14:49:18+01:00\"},{\"@type\":\"WebSite\",\"@id\":\"https:\\\/\\\/www.immo-invest.ch\\\/fr\\\/#website\",\"url\":\"https:\\\/\\\/www.immo-invest.ch\\\/fr\\\/\",\"name\":\"immo!nvest - Die Plattform f\\u00fcr Standorte und Immobilien\",\"description\":\"Die\\u00a0Plattform f\\u00fcr Standorte und Immobilien\",\"inLanguage\":\"fr-FR\",\"publisher\":{\"@id\":\"https:\\\/\\\/www.immo-invest.ch\\\/fr\\\/#organization\"}}]}\n\t\t<\/script>\n\t\t<!-- All in One SEO -->\n\n","aioseo_head_json":{"title":"Ce que permet la nouvelle loi sur l\u2019am\u00e9nagement du territoire - immo!nvest - Die Plattform f\u00fcr Standorte und Immobilien","description":"La premi\u00e8re partie du droit de l'am\u00e9nagement du territoire r\u00e9vis\u00e9, avec la LAT2 et l'ordonnance sur l'am\u00e9nagement du territoire adapt\u00e9e, est en vigueur depuis le 1er janvier 2026. D'autres dispositions centrales entreront en vigueur le 1er juillet 2026. Au c\u0153ur de ces dispositions se trouve un objectif de stabilisation qui freine davantage la construction hors des zones \u00e0 b\u00e2tir et qui permet pour la premi\u00e8re fois de mesurer l'\u00e9volution du parc immobilier dans les zones non constructibles. Malgr\u00e9 les critiques, le juriste de l'ARE Thomas Kappeler parle d'une r\u00e9vision r\u00e9ussie, avec des garde-fous clairs, de nouveaux instruments et une mise en \u0153uvre plus stricte.","canonical_url":"https:\/\/www.immo-invest.ch\/fr\/ce-que-permet-la-nouvelle-loi-sur-lamenagement-du-territoire\/","robots":"max-image-preview:large","keywords":"","webmasterTools":{"google-site-verification":"fHJKvgWpZCR2zVBHWfkQeFXC11qieUSff0HGNYfuyLA","miscellaneous":""},"schema":{"@context":"https:\/\/schema.org","@graph":[{"@type":"BlogPosting","@id":"https:\/\/www.immo-invest.ch\/fr\/ce-que-permet-la-nouvelle-loi-sur-lamenagement-du-territoire\/#blogposting","name":"Ce que permet la nouvelle loi sur l\u2019am\u00e9nagement du territoire - immo!nvest - Die Plattform f\u00fcr Standorte und Immobilien","headline":"Ce que permet la nouvelle loi sur l&rsquo;am\u00e9nagement du territoire","author":{"@id":"https:\/\/www.immo-invest.ch\/fr\/author\/immovestuser\/#author"},"publisher":{"@id":"https:\/\/www.immo-invest.ch\/fr\/#organization"},"image":{"@type":"ImageObject","url":"https:\/\/www.immo-invest.ch\/wp-content\/uploads\/2026\/01\/rpg2-chaserugg.png","width":2048,"height":1153},"datePublished":"2026-01-06T09:05:21+01:00","dateModified":"2026-01-06T14:49:18+01:00","inLanguage":"fr-FR","mainEntityOfPage":{"@id":"https:\/\/www.immo-invest.ch\/fr\/ce-que-permet-la-nouvelle-loi-sur-lamenagement-du-territoire\/#webpage"},"isPartOf":{"@id":"https:\/\/www.immo-invest.ch\/fr\/ce-que-permet-la-nouvelle-loi-sur-lamenagement-du-territoire\/#webpage"},"articleSection":"Institutions &amp; Formation, Planification \/ D\u00e9veloppement, Promotion du site, Suisse, Trends, Immoinvest, immoNews, News, Nichtbaugebiet, Raumplanung Schweiz, Raumplanungsgesetz RPG2, Facultatif"},{"@type":"BreadcrumbList","@id":"https:\/\/www.immo-invest.ch\/fr\/ce-que-permet-la-nouvelle-loi-sur-lamenagement-du-territoire\/#breadcrumblist","itemListElement":[{"@type":"ListItem","@id":"https:\/\/www.immo-invest.ch\/fr\/#listItem","position":1,"name":"Home","item":"https:\/\/www.immo-invest.ch\/fr\/","nextItem":{"@type":"ListItem","@id":"https:\/\/www.immo-invest.ch\/fr\/categories\/regions\/#listItem","name":"R\u00e9gions"}},{"@type":"ListItem","@id":"https:\/\/www.immo-invest.ch\/fr\/categories\/regions\/#listItem","position":2,"name":"R\u00e9gions","item":"https:\/\/www.immo-invest.ch\/fr\/categories\/regions\/","nextItem":{"@type":"ListItem","@id":"https:\/\/www.immo-invest.ch\/fr\/categories\/regions\/suisse\/#listItem","name":"Suisse"},"previousItem":{"@type":"ListItem","@id":"https:\/\/www.immo-invest.ch\/fr\/#listItem","name":"Home"}},{"@type":"ListItem","@id":"https:\/\/www.immo-invest.ch\/fr\/categories\/regions\/suisse\/#listItem","position":3,"name":"Suisse","item":"https:\/\/www.immo-invest.ch\/fr\/categories\/regions\/suisse\/","nextItem":{"@type":"ListItem","@id":"https:\/\/www.immo-invest.ch\/fr\/ce-que-permet-la-nouvelle-loi-sur-lamenagement-du-territoire\/#listItem","name":"Ce que permet la nouvelle loi sur l&rsquo;am\u00e9nagement du territoire"},"previousItem":{"@type":"ListItem","@id":"https:\/\/www.immo-invest.ch\/fr\/categories\/regions\/#listItem","name":"R\u00e9gions"}},{"@type":"ListItem","@id":"https:\/\/www.immo-invest.ch\/fr\/ce-que-permet-la-nouvelle-loi-sur-lamenagement-du-territoire\/#listItem","position":4,"name":"Ce que permet la nouvelle loi sur l&rsquo;am\u00e9nagement du territoire","previousItem":{"@type":"ListItem","@id":"https:\/\/www.immo-invest.ch\/fr\/categories\/regions\/suisse\/#listItem","name":"Suisse"}}]},{"@type":"Organization","@id":"https:\/\/www.immo-invest.ch\/fr\/#organization","name":"immo!nvest - Die Plattform f\u00fcr Standorte und Immobilien","description":"Die\u00a0Plattform f\u00fcr Standorte und Immobilien","url":"https:\/\/www.immo-invest.ch\/fr\/","email":"admin@immomedia.ag","telephone":"+41444420002","logo":{"@type":"ImageObject","url":"https:\/\/www.immo-invest.ch\/wp-content\/uploads\/2024\/09\/immoinvest_sm-scaled.jpg","@id":"https:\/\/www.immo-invest.ch\/fr\/ce-que-permet-la-nouvelle-loi-sur-lamenagement-du-territoire\/#organizationLogo","width":2560,"height":1340},"image":{"@id":"https:\/\/www.immo-invest.ch\/fr\/ce-que-permet-la-nouvelle-loi-sur-lamenagement-du-territoire\/#organizationLogo"},"sameAs":["https:\/\/www.facebook.com\/people\/Immoinvest\/100077962920504\/","https:\/\/x.com\/i\/flow\/login?redirect_after_login=immoinvest_ch","https:\/\/www.instagram.com\/immoinvest_ch\/","https:\/\/www.linkedin.com\/company\/immoinvest-swiss"]},{"@type":"Person","@id":"https:\/\/www.immo-invest.ch\/fr\/author\/immovestuser\/#author","url":"https:\/\/www.immo-invest.ch\/fr\/author\/immovestuser\/","name":"immovestuser","image":{"@type":"ImageObject","@id":"https:\/\/www.immo-invest.ch\/fr\/ce-que-permet-la-nouvelle-loi-sur-lamenagement-du-territoire\/#authorImage","url":"https:\/\/secure.gravatar.com\/avatar\/8e01f4d99f2eeea7a362ebb93305e1172a70e9293ba250f897a65c39f54cdd1e?s=96&d=mm&r=g","width":96,"height":96,"caption":"immovestuser"}},{"@type":"WebPage","@id":"https:\/\/www.immo-invest.ch\/fr\/ce-que-permet-la-nouvelle-loi-sur-lamenagement-du-territoire\/#webpage","url":"https:\/\/www.immo-invest.ch\/fr\/ce-que-permet-la-nouvelle-loi-sur-lamenagement-du-territoire\/","name":"Ce que permet la nouvelle loi sur l\u2019am\u00e9nagement du territoire - immo!nvest - Die Plattform f\u00fcr Standorte und Immobilien","description":"La premi\u00e8re partie du droit de l'am\u00e9nagement du territoire r\u00e9vis\u00e9, avec la LAT2 et l'ordonnance sur l'am\u00e9nagement du territoire adapt\u00e9e, est en vigueur depuis le 1er janvier 2026. D'autres dispositions centrales entreront en vigueur le 1er juillet 2026. Au c\u0153ur de ces dispositions se trouve un objectif de stabilisation qui freine davantage la construction hors des zones \u00e0 b\u00e2tir et qui permet pour la premi\u00e8re fois de mesurer l'\u00e9volution du parc immobilier dans les zones non constructibles. Malgr\u00e9 les critiques, le juriste de l'ARE Thomas Kappeler parle d'une r\u00e9vision r\u00e9ussie, avec des garde-fous clairs, de nouveaux instruments et une mise en \u0153uvre plus stricte.","inLanguage":"fr-FR","isPartOf":{"@id":"https:\/\/www.immo-invest.ch\/fr\/#website"},"breadcrumb":{"@id":"https:\/\/www.immo-invest.ch\/fr\/ce-que-permet-la-nouvelle-loi-sur-lamenagement-du-territoire\/#breadcrumblist"},"author":{"@id":"https:\/\/www.immo-invest.ch\/fr\/author\/immovestuser\/#author"},"creator":{"@id":"https:\/\/www.immo-invest.ch\/fr\/author\/immovestuser\/#author"},"image":{"@type":"ImageObject","url":"https:\/\/www.immo-invest.ch\/wp-content\/uploads\/2026\/01\/rpg2-chaserugg.png","@id":"https:\/\/www.immo-invest.ch\/fr\/ce-que-permet-la-nouvelle-loi-sur-lamenagement-du-territoire\/#mainImage","width":2048,"height":1153},"primaryImageOfPage":{"@id":"https:\/\/www.immo-invest.ch\/fr\/ce-que-permet-la-nouvelle-loi-sur-lamenagement-du-territoire\/#mainImage"},"datePublished":"2026-01-06T09:05:21+01:00","dateModified":"2026-01-06T14:49:18+01:00"},{"@type":"WebSite","@id":"https:\/\/www.immo-invest.ch\/fr\/#website","url":"https:\/\/www.immo-invest.ch\/fr\/","name":"immo!nvest - Die Plattform f\u00fcr Standorte und Immobilien","description":"Die\u00a0Plattform f\u00fcr Standorte und Immobilien","inLanguage":"fr-FR","publisher":{"@id":"https:\/\/www.immo-invest.ch\/fr\/#organization"}}]},"og:locale":"fr_FR","og:site_name":"immo!nvest - Die Plattform f\u00fcr Standorte und Immobilien - Die\u00a0Plattform f\u00fcr Standorte und Immobilien","og:type":"article","og:title":"Ce que permet la nouvelle loi sur l\u2019am\u00e9nagement du territoire - immo!nvest - Die Plattform f\u00fcr Standorte und Immobilien","og:description":"La premi\u00e8re partie du droit de l'am\u00e9nagement du territoire r\u00e9vis\u00e9, avec la LAT2 et l'ordonnance sur l'am\u00e9nagement du territoire adapt\u00e9e, est en vigueur depuis le 1er janvier 2026. D'autres dispositions centrales entreront en vigueur le 1er juillet 2026. Au c\u0153ur de ces dispositions se trouve un objectif de stabilisation qui freine davantage la construction hors des zones \u00e0 b\u00e2tir et qui permet pour la premi\u00e8re fois de mesurer l'\u00e9volution du parc immobilier dans les zones non constructibles. Malgr\u00e9 les critiques, le juriste de l'ARE Thomas Kappeler parle d'une r\u00e9vision r\u00e9ussie, avec des garde-fous clairs, de nouveaux instruments et une mise en \u0153uvre plus stricte.","og:url":"https:\/\/www.immo-invest.ch\/fr\/ce-que-permet-la-nouvelle-loi-sur-lamenagement-du-territoire\/","og:image":"https:\/\/www.immo-invest.ch\/wp-content\/uploads\/2026\/01\/rpg2-chaserugg.png","og:image:secure_url":"https:\/\/www.immo-invest.ch\/wp-content\/uploads\/2026\/01\/rpg2-chaserugg.png","og:image:width":2048,"og:image:height":1153,"article:published_time":"2026-01-06T08:05:21+00:00","article:modified_time":"2026-01-06T13:49:18+00:00","article:publisher":"https:\/\/www.facebook.com\/people\/Immoinvest\/100077962920504\/","twitter:card":"summary_large_image","twitter:site":"@i","twitter:title":"Ce que permet la nouvelle loi sur l\u2019am\u00e9nagement du territoire - immo!nvest - Die Plattform f\u00fcr Standorte und Immobilien","twitter:description":"La premi\u00e8re partie du droit de l'am\u00e9nagement du territoire r\u00e9vis\u00e9, avec la LAT2 et l'ordonnance sur l'am\u00e9nagement du territoire adapt\u00e9e, est en vigueur depuis le 1er janvier 2026. D'autres dispositions centrales entreront en vigueur le 1er juillet 2026. Au c\u0153ur de ces dispositions se trouve un objectif de stabilisation qui freine davantage la construction hors des zones \u00e0 b\u00e2tir et qui permet pour la premi\u00e8re fois de mesurer l'\u00e9volution du parc immobilier dans les zones non constructibles. Malgr\u00e9 les critiques, le juriste de l'ARE Thomas Kappeler parle d'une r\u00e9vision r\u00e9ussie, avec des garde-fous clairs, de nouveaux instruments et une mise en \u0153uvre plus stricte.","twitter:creator":"@i","twitter:image":"https:\/\/www.immo-invest.ch\/wp-content\/uploads\/2026\/01\/rpg2-chaserugg.png"},"aioseo_meta_data":{"post_id":"146386","title":null,"description":null,"keywords":null,"keyphrases":{"focus":{"keyphrase":"","score":0,"analysis":{"keyphraseInTitle":{"score":0,"maxScore":9,"error":1}}},"additional":[]},"primary_term":null,"canonical_url":null,"og_title":null,"og_description":null,"og_object_type":"default","og_image_type":"default","og_image_url":null,"og_image_width":null,"og_image_height":null,"og_image_custom_url":null,"og_image_custom_fields":null,"og_video":"","og_custom_url":null,"og_article_section":null,"og_article_tags":null,"twitter_use_og":false,"twitter_card":"default","twitter_image_type":"default","twitter_image_url":null,"twitter_image_custom_url":null,"twitter_image_custom_fields":null,"twitter_title":null,"twitter_description":null,"schema":{"blockGraphs":[],"customGraphs":[],"default":{"data":{"Article":[],"Course":[],"Dataset":[],"FAQPage":[],"Movie":[],"Person":[],"Product":[],"ProductReview":[],"Car":[],"Recipe":[],"Service":[],"SoftwareApplication":[],"WebPage":[]},"graphName":"BlogPosting","isEnabled":true},"graphs":[]},"schema_type":"default","schema_type_options":null,"pillar_content":false,"robots_default":true,"robots_noindex":false,"robots_noarchive":false,"robots_nosnippet":false,"robots_nofollow":false,"robots_noimageindex":false,"robots_noodp":false,"robots_notranslate":false,"robots_max_snippet":"-1","robots_max_videopreview":"-1","robots_max_imagepreview":"large","priority":null,"frequency":"default","local_seo":null,"breadcrumb_settings":null,"limit_modified_date":false,"ai":{"faqs":[],"keyPoints":[],"titles":[],"descriptions":[],"socialPosts":{"email":[],"linkedin":[],"twitter":[],"facebook":[],"instagram":[]}},"created":"2026-01-06 07:58:40","updated":"2026-01-06 13:50:25","seo_analyzer_scan_date":null,"focus_keyword":null,"additional_keywords":null,"truseo_locale":null},"aioseo_breadcrumb":"<div class=\"aioseo-breadcrumbs\"><span class=\"aioseo-breadcrumb\">\n\t\t\t<a href=\"https:\/\/www.immo-invest.ch\/fr\/\" title=\"Home\">Home<\/a>\n\t\t<\/span><span class=\"aioseo-breadcrumb-separator\">&raquo;<\/span><span class=\"aioseo-breadcrumb\">\n\t\t\t<a href=\"https:\/\/www.immo-invest.ch\/fr\/categories\/regions\/\" title=\"R\u00e9gions\">R\u00e9gions<\/a>\n\t\t<\/span><span class=\"aioseo-breadcrumb-separator\">&raquo;<\/span><span class=\"aioseo-breadcrumb\">\n\t\t\t<a href=\"https:\/\/www.immo-invest.ch\/fr\/categories\/regions\/suisse\/\" title=\"Suisse\">Suisse<\/a>\n\t\t<\/span><span class=\"aioseo-breadcrumb-separator\">&raquo;<\/span><span class=\"aioseo-breadcrumb\">\n\t\t\tCe que permet la nouvelle loi sur l\u2019am\u00e9nagement du territoire\n\t\t<\/span><\/div>","aioseo_breadcrumb_json":[{"label":"Home","link":"https:\/\/www.immo-invest.ch\/fr\/"},{"label":"R\u00e9gions","link":"https:\/\/www.immo-invest.ch\/fr\/categories\/regions\/"},{"label":"Suisse","link":"https:\/\/www.immo-invest.ch\/fr\/categories\/regions\/suisse\/"},{"label":"Ce que permet la nouvelle loi sur l&rsquo;am\u00e9nagement du territoire","link":"https:\/\/www.immo-invest.ch\/fr\/ce-que-permet-la-nouvelle-loi-sur-lamenagement-du-territoire\/"}],"featured_image_src":"https:\/\/www.immo-invest.ch\/wp-content\/uploads\/2026\/01\/rpg2-chaserugg-336x168.png","_links":{"self":[{"href":"https:\/\/www.immo-invest.ch\/fr\/wp-json\/wp\/v2\/posts\/146386","targetHints":{"allow":["GET"]}}],"collection":[{"href":"https:\/\/www.immo-invest.ch\/fr\/wp-json\/wp\/v2\/posts"}],"about":[{"href":"https:\/\/www.immo-invest.ch\/fr\/wp-json\/wp\/v2\/types\/post"}],"author":[{"embeddable":true,"href":"https:\/\/www.immo-invest.ch\/fr\/wp-json\/wp\/v2\/users\/2"}],"replies":[{"embeddable":true,"href":"https:\/\/www.immo-invest.ch\/fr\/wp-json\/wp\/v2\/comments?post=146386"}],"version-history":[{"count":4,"href":"https:\/\/www.immo-invest.ch\/fr\/wp-json\/wp\/v2\/posts\/146386\/revisions"}],"predecessor-version":[{"id":146548,"href":"https:\/\/www.immo-invest.ch\/fr\/wp-json\/wp\/v2\/posts\/146386\/revisions\/146548"}],"wp:featuredmedia":[{"embeddable":true,"href":"https:\/\/www.immo-invest.ch\/fr\/wp-json\/wp\/v2\/media\/146387"}],"wp:attachment":[{"href":"https:\/\/www.immo-invest.ch\/fr\/wp-json\/wp\/v2\/media?parent=146386"}],"wp:term":[{"taxonomy":"category","embeddable":true,"href":"https:\/\/www.immo-invest.ch\/fr\/wp-json\/wp\/v2\/categories?post=146386"},{"taxonomy":"post_tag","embeddable":true,"href":"https:\/\/www.immo-invest.ch\/fr\/wp-json\/wp\/v2\/tags?post=146386"}],"curies":[{"name":"wp","href":"https:\/\/api.w.org\/{rel}","templated":true}]}}