{"id":145851,"date":"2025-12-16T11:34:19","date_gmt":"2025-12-16T10:34:19","guid":{"rendered":"https:\/\/www.immo-invest.ch\/baumeister-und-gewerkschaften-einigen-sich-auf-neuen-landesmantelvertrag\/"},"modified":"2025-12-16T11:42:55","modified_gmt":"2025-12-16T10:42:55","slug":"baumeister-und-gewerkschaften-einigen-sich-auf-neuen-landesmantelvertrag","status":"publish","type":"post","link":"https:\/\/www.immo-invest.ch\/fr\/baumeister-und-gewerkschaften-einigen-sich-auf-neuen-landesmantelvertrag\/","title":{"rendered":"Les entrepreneurs et les syndicats s&rsquo;accordent sur une nouvelle convention nationale"},"content":{"rendered":"<p class=\"wp-block-paragraph\">Lors de la dixi&egrave;me ronde de n&eacute;gociations, les d&eacute;l&eacute;gations de la SSE, d&rsquo;Unia et de Syna sont parvenues, le 12 d&eacute;cembre 2025, &agrave; un r&eacute;sultat de n&eacute;gociation pour une nouvelle convention nationale qui devrait s&rsquo;appliquer &agrave; partir de 2026. L&rsquo;actuelle convention collective de travail pour environ 80&rsquo;000 travailleurs de la construction arrive &agrave; &eacute;ch&eacute;ance &agrave; la fin de l&rsquo;ann&eacute;e et devait donc &ecirc;tre r&eacute;organis&eacute;e. Les deux parties soulignent qu&rsquo;elles se sont rapproch&eacute;es sur des points centraux afin d&rsquo;assurer la s&eacute;curit&eacute; de la planification et des conditions de travail comp&eacute;titives.<\/p>\n\n\n\n\n\n<p class=\"wp-block-paragraph\"><strong>Dur&eacute;e de six ans et nouveaux mod&egrave;les de temps de travail<br><\/strong>La nouvelle CN est con&ccedil;ue pour une dur&eacute;e de six ans et s&rsquo;applique de d&eacute;but 2026 &agrave; fin 2031. Un horizon inhabituellement long qui devrait apporter de la stabilit&eacute; dans un secteur marqu&eacute; par la p&eacute;nurie de main-d&rsquo;&oelig;uvre qualifi&eacute;e et les incertitudes conjoncturelles. A partir du 1er janvier 2027, une nouvelle planification du temps de travail sera introduite. Les entreprises pourront d&eacute;sormais choisir un mod&egrave;le avec un temps de travail quotidien constant, en contrepartie d&rsquo;un plus grand nombre d&rsquo;heures suppl&eacute;mentaires et d&rsquo;heures en moins. En compl&eacute;ment, la r&eacute;glementation des heures suppl&eacute;mentaires sera simplifi&eacute;e et il sera possible de cr&eacute;er un compte de vacances &agrave; long terme sur lequel les employ&eacute;s pourront &eacute;conomiser des heures suppl&eacute;mentaires et les prendre plus tard sous forme de cong&eacute; prolong&eacute;.<\/p>\n\n\n\n\n\n<p class=\"wp-block-paragraph\"><strong>Temps de d&eacute;placement, suppl&eacute;ments et rench&eacute;rissement<br><\/strong>Un point cl&eacute; de l&rsquo;accord concerne les temps de d&eacute;placement, qui jouent un r&ocirc;le important sur les chantiers dans tout le pays. A l&rsquo;avenir, les r&egrave;gles seront con&ccedil;ues de mani&egrave;re &agrave; pouvoir &ecirc;tre d&eacute;clar&eacute;es d&rsquo;application g&eacute;n&eacute;rale. Au-del&agrave; d&rsquo;un certain seuil, le temps de d&eacute;placement sera consid&eacute;r&eacute; comme des heures suppl&eacute;mentaires. A cela s&rsquo;ajoute un paquet salarial avec des augmentations substantielles des suppl&eacute;ments et des indemnit&eacute;s dans les mines souterraines, o&ugrave; les charges sont particuli&egrave;rement &eacute;lev&eacute;es. En outre, une protection contre le rench&eacute;rissement est pr&eacute;vue afin que les salaires r&eacute;els des travailleurs de la construction ne s&rsquo;&eacute;rodent pas dans un contexte d&rsquo;augmentation du co&ucirc;t de la vie.<\/p>\n\n\n\n\n\n<p class=\"wp-block-paragraph\"><strong>Attractivit&eacute; du secteur de la construction en point de mire<br><\/strong>Avec la nouvelle convention, les partenaires sociaux poursuivent l&rsquo;objectif commun de renforcer le secteur de la construction en tant qu&rsquo;employeur. Pour les collaborateurs actuels comme pour les futurs professionnels. Des mod&egrave;les de temps de travail plus modernes, des r&egrave;gles plus claires sur le temps de d&eacute;placement et des primes am&eacute;lior&eacute;es doivent permettre d&rsquo;am&eacute;liorer les conditions dans un secteur professionnel exigeant sur le plan physique. Parall&egrave;lement, les entreprises disposeront d&rsquo;un cadre fiable pour planifier leurs projets, fid&eacute;liser leur personnel et investir &agrave; long terme.<\/p>\n\n\n\n\n\n<p class=\"wp-block-paragraph\"><strong>D&eacute;cision<\/strong>en<strong>suspens<br><\/strong>Le r&eacute;sultat des n&eacute;gociations est une perc&eacute;e importante, mais ce n&rsquo;est pas encore le point final. Du c&ocirc;t&eacute; de la Soci&eacute;t&eacute; suisse des entrepreneurs, une assembl&eacute;e extraordinaire des d&eacute;l&eacute;gu&eacute;s doit d&eacute;cider de l&rsquo;adoption d&eacute;finitive le 17 d&eacute;cembre 2025. Du c&ocirc;t&eacute; des syndicats Unia et Syna, les conf&eacute;rences professionnelles prendront la d&eacute;cision en janvier 2026. Ce n&rsquo;est que lorsque les deux parties auront donn&eacute; leur accord que la nouvelle convention nationale entrera en vigueur et fixera les lignes directrices pour le monde du travail dans la construction jusqu&rsquo;en 2031.<\/p>\n\n","protected":false},"excerpt":{"rendered":"<p>Apr\u00e8s des mois de lutte, la Soci\u00e9t\u00e9 suisse des entrepreneurs et les syndicats Unia et Syna se sont mis d&rsquo;accord sur une nouvelle convention nationale pour le secteur principal de la construction. La convention, d&rsquo;une dur\u00e9e de six ans, pr\u00e9voit de nouvelles r\u00e8gles en mati\u00e8re de temps de travail et de d\u00e9placement, un paquet salarial incluant une garantie contre le rench\u00e9rissement et vise \u00e0 rendre le secteur plus attractif pour les professionnels et la rel\u00e8ve.<\/p>\n","protected":false},"author":2,"featured_media":145852,"comment_status":"open","ping_status":"open","sticky":false,"template":"","format":"standard","meta":{"pmpro_default_level":"","inline_featured_image":false,"_monsterinsights_skip_tracking":false,"footnotes":""},"categories":[22696,743,22357,22303,22438],"tags":[55860,41799,872,3931,55003,2002],"class_list":["post-145851","post","type-post","status-publish","format-standard","has-post-thumbnail","hentry","category-entreprise","category-immonews-fr","category-industrie-du-batiment","category-suisse","category-trends-fr","tag-arbeitszeiten","tag-bauhauptgewerbe-fr","tag-immoinvest-fr","tag-immonews-fr","tag-landesmantelvertrag","tag-news-fr","pmpro-has-access"],"acf":{"bild_mit_ki_erstellt_worden":["Ja"],"lead":"Apr\u00e8s des mois de lutte, la Soci\u00e9t\u00e9 suisse des entrepreneurs et les syndicats Unia et Syna se sont mis d'accord sur une nouvelle convention nationale pour le secteur principal de la construction. La convention, d'une dur\u00e9e de six ans, pr\u00e9voit de nouvelles r\u00e8gles en mati\u00e8re de temps de travail et de d\u00e9placement, un paquet salarial incluant une garantie contre le rench\u00e9rissement et vise \u00e0 rendre le secteur plus attractif pour les professionnels et la rel\u00e8ve.","autor":"Quelle Baumeister","ort":"","bildunterschrift":"","bild_im_grid":false,"gallerie":"","newsim":""},"aioseo_notices":[],"aioseo_head":"\n\t\t<!-- All in One SEO 5.0.0.1 - aioseo.com -->\n\t<meta name=\"description\" content=\"Apr\u00e8s des mois de lutte, la Soci\u00e9t\u00e9 suisse des entrepreneurs et les syndicats Unia et Syna se sont mis d&#039;accord sur une nouvelle convention nationale pour le secteur principal de la construction. La convention, d&#039;une dur\u00e9e de six ans, pr\u00e9voit de nouvelles r\u00e8gles en mati\u00e8re de temps de travail et de d\u00e9placement, un paquet salarial incluant une garantie contre le rench\u00e9rissement et vise \u00e0 rendre le secteur plus attractif pour les professionnels et la rel\u00e8ve.\" \/>\n\t<meta name=\"robots\" content=\"max-image-preview:large\" \/>\n\t<meta name=\"author\" content=\"immovestuser\"\/>\n\t<meta name=\"google-site-verification\" content=\"fHJKvgWpZCR2zVBHWfkQeFXC11qieUSff0HGNYfuyLA\" \/>\n\t<link rel=\"canonical\" href=\"https:\/\/www.immo-invest.ch\/fr\/baumeister-und-gewerkschaften-einigen-sich-auf-neuen-landesmantelvertrag\/\" \/>\n\t<meta name=\"generator\" content=\"All in One SEO (AIOSEO) 5.0.0.1\" \/>\n\t\t<meta property=\"og:locale\" content=\"fr_FR\" \/>\n\t\t<meta property=\"og:site_name\" content=\"immo!nvest - Die Plattform f\u00fcr Standorte und Immobilien - Die\u00a0Plattform f\u00fcr Standorte und Immobilien\" \/>\n\t\t<meta property=\"og:type\" content=\"article\" \/>\n\t\t<meta property=\"og:title\" content=\"Les entrepreneurs et les syndicats s\u2019accordent sur une nouvelle convention nationale - immo!nvest - Die Plattform f\u00fcr Standorte und Immobilien\" \/>\n\t\t<meta property=\"og:description\" content=\"Apr\u00e8s des mois de lutte, la Soci\u00e9t\u00e9 suisse des entrepreneurs et les syndicats Unia et Syna se sont mis d&#039;accord sur une nouvelle convention nationale pour le secteur principal de la construction. La convention, d&#039;une dur\u00e9e de six ans, pr\u00e9voit de nouvelles r\u00e8gles en mati\u00e8re de temps de travail et de d\u00e9placement, un paquet salarial incluant une garantie contre le rench\u00e9rissement et vise \u00e0 rendre le secteur plus attractif pour les professionnels et la rel\u00e8ve.\" \/>\n\t\t<meta property=\"og:url\" content=\"https:\/\/www.immo-invest.ch\/fr\/baumeister-und-gewerkschaften-einigen-sich-auf-neuen-landesmantelvertrag\/\" \/>\n\t\t<meta property=\"og:image\" content=\"https:\/\/www.immo-invest.ch\/wp-content\/uploads\/2025\/12\/immo-invest-bauwirtschaft-unternehmen-trends-finanzen-schweiz-landesmantelvertrag-bauhauptgewerbe-arbeitszeiten.png\" \/>\n\t\t<meta property=\"og:image:secure_url\" content=\"https:\/\/www.immo-invest.ch\/wp-content\/uploads\/2025\/12\/immo-invest-bauwirtschaft-unternehmen-trends-finanzen-schweiz-landesmantelvertrag-bauhauptgewerbe-arbeitszeiten.png\" \/>\n\t\t<meta property=\"og:image:width\" content=\"1536\" \/>\n\t\t<meta property=\"og:image:height\" content=\"768\" \/>\n\t\t<meta property=\"article:published_time\" content=\"2025-12-16T10:34:19+00:00\" \/>\n\t\t<meta property=\"article:modified_time\" content=\"2025-12-16T10:42:55+00:00\" \/>\n\t\t<meta property=\"article:publisher\" content=\"https:\/\/www.facebook.com\/people\/Immoinvest\/100077962920504\/\" \/>\n\t\t<meta name=\"twitter:card\" content=\"summary_large_image\" \/>\n\t\t<meta name=\"twitter:site\" content=\"@i\" \/>\n\t\t<meta name=\"twitter:title\" content=\"Les entrepreneurs et les syndicats s\u2019accordent sur une nouvelle convention nationale - immo!nvest - Die Plattform f\u00fcr Standorte und Immobilien\" \/>\n\t\t<meta name=\"twitter:description\" content=\"Apr\u00e8s des mois de lutte, la Soci\u00e9t\u00e9 suisse des entrepreneurs et les syndicats Unia et Syna se sont mis d&#039;accord sur une nouvelle convention nationale pour le secteur principal de la construction. La convention, d&#039;une dur\u00e9e de six ans, pr\u00e9voit de nouvelles r\u00e8gles en mati\u00e8re de temps de travail et de d\u00e9placement, un paquet salarial incluant une garantie contre le rench\u00e9rissement et vise \u00e0 rendre le secteur plus attractif pour les professionnels et la rel\u00e8ve.\" \/>\n\t\t<meta name=\"twitter:creator\" content=\"@i\" \/>\n\t\t<meta name=\"twitter:image\" content=\"https:\/\/www.immo-invest.ch\/wp-content\/uploads\/2025\/12\/immo-invest-bauwirtschaft-unternehmen-trends-finanzen-schweiz-landesmantelvertrag-bauhauptgewerbe-arbeitszeiten.png\" \/>\n\t\t<script type=\"application\/ld+json\" class=\"aioseo-schema\">\n\t\t\t{\"@context\":\"https:\\\/\\\/schema.org\",\"@graph\":[{\"@type\":\"BlogPosting\",\"@id\":\"https:\\\/\\\/www.immo-invest.ch\\\/fr\\\/baumeister-und-gewerkschaften-einigen-sich-auf-neuen-landesmantelvertrag\\\/#blogposting\",\"name\":\"Les entrepreneurs et les syndicats s\\u2019accordent sur une nouvelle convention nationale - immo!nvest - Die Plattform f\\u00fcr Standorte und Immobilien\",\"headline\":\"Les entrepreneurs et les syndicats s&rsquo;accordent sur une nouvelle convention nationale\",\"author\":{\"@id\":\"https:\\\/\\\/www.immo-invest.ch\\\/fr\\\/author\\\/immovestuser\\\/#author\"},\"publisher\":{\"@id\":\"https:\\\/\\\/www.immo-invest.ch\\\/fr\\\/#organization\"},\"image\":{\"@type\":\"ImageObject\",\"url\":\"https:\\\/\\\/www.immo-invest.ch\\\/wp-content\\\/uploads\\\/2025\\\/12\\\/immo-invest-bauwirtschaft-unternehmen-trends-finanzen-schweiz-landesmantelvertrag-bauhauptgewerbe-arbeitszeiten.png\",\"width\":1536,\"height\":768},\"datePublished\":\"2025-12-16T11:34:19+01:00\",\"dateModified\":\"2025-12-16T11:42:55+01:00\",\"inLanguage\":\"fr-FR\",\"mainEntityOfPage\":{\"@id\":\"https:\\\/\\\/www.immo-invest.ch\\\/fr\\\/baumeister-und-gewerkschaften-einigen-sich-auf-neuen-landesmantelvertrag\\\/#webpage\"},\"isPartOf\":{\"@id\":\"https:\\\/\\\/www.immo-invest.ch\\\/fr\\\/baumeister-und-gewerkschaften-einigen-sich-auf-neuen-landesmantelvertrag\\\/#webpage\"},\"articleSection\":\"Entreprise, immoNews, Industrie du b\\u00e2timent, Suisse, Trends, arbeitszeiten, Bauhauptgewerbe, Immoinvest, immoNews, Landesmantelvertrag, News, Facultatif\"},{\"@type\":\"BreadcrumbList\",\"@id\":\"https:\\\/\\\/www.immo-invest.ch\\\/fr\\\/baumeister-und-gewerkschaften-einigen-sich-auf-neuen-landesmantelvertrag\\\/#breadcrumblist\",\"itemListElement\":[{\"@type\":\"ListItem\",\"@id\":\"https:\\\/\\\/www.immo-invest.ch\\\/fr\\\/#listItem\",\"position\":1,\"name\":\"Home\",\"item\":\"https:\\\/\\\/www.immo-invest.ch\\\/fr\\\/\",\"nextItem\":{\"@type\":\"ListItem\",\"@id\":\"https:\\\/\\\/www.immo-invest.ch\\\/fr\\\/categories\\\/regions\\\/#listItem\",\"name\":\"R\\u00e9gions\"}},{\"@type\":\"ListItem\",\"@id\":\"https:\\\/\\\/www.immo-invest.ch\\\/fr\\\/categories\\\/regions\\\/#listItem\",\"position\":2,\"name\":\"R\\u00e9gions\",\"item\":\"https:\\\/\\\/www.immo-invest.ch\\\/fr\\\/categories\\\/regions\\\/\",\"nextItem\":{\"@type\":\"ListItem\",\"@id\":\"https:\\\/\\\/www.immo-invest.ch\\\/fr\\\/categories\\\/regions\\\/suisse\\\/#listItem\",\"name\":\"Suisse\"},\"previousItem\":{\"@type\":\"ListItem\",\"@id\":\"https:\\\/\\\/www.immo-invest.ch\\\/fr\\\/#listItem\",\"name\":\"Home\"}},{\"@type\":\"ListItem\",\"@id\":\"https:\\\/\\\/www.immo-invest.ch\\\/fr\\\/categories\\\/regions\\\/suisse\\\/#listItem\",\"position\":3,\"name\":\"Suisse\",\"item\":\"https:\\\/\\\/www.immo-invest.ch\\\/fr\\\/categories\\\/regions\\\/suisse\\\/\",\"nextItem\":{\"@type\":\"ListItem\",\"@id\":\"https:\\\/\\\/www.immo-invest.ch\\\/fr\\\/baumeister-und-gewerkschaften-einigen-sich-auf-neuen-landesmantelvertrag\\\/#listItem\",\"name\":\"Les entrepreneurs et les syndicats s&rsquo;accordent sur une nouvelle convention nationale\"},\"previousItem\":{\"@type\":\"ListItem\",\"@id\":\"https:\\\/\\\/www.immo-invest.ch\\\/fr\\\/categories\\\/regions\\\/#listItem\",\"name\":\"R\\u00e9gions\"}},{\"@type\":\"ListItem\",\"@id\":\"https:\\\/\\\/www.immo-invest.ch\\\/fr\\\/baumeister-und-gewerkschaften-einigen-sich-auf-neuen-landesmantelvertrag\\\/#listItem\",\"position\":4,\"name\":\"Les entrepreneurs et les syndicats s&rsquo;accordent sur une nouvelle convention nationale\",\"previousItem\":{\"@type\":\"ListItem\",\"@id\":\"https:\\\/\\\/www.immo-invest.ch\\\/fr\\\/categories\\\/regions\\\/suisse\\\/#listItem\",\"name\":\"Suisse\"}}]},{\"@type\":\"Organization\",\"@id\":\"https:\\\/\\\/www.immo-invest.ch\\\/fr\\\/#organization\",\"name\":\"immo!nvest - Die Plattform f\\u00fcr Standorte und Immobilien\",\"description\":\"Die\\u00a0Plattform f\\u00fcr Standorte und Immobilien\",\"url\":\"https:\\\/\\\/www.immo-invest.ch\\\/fr\\\/\",\"email\":\"admin@immomedia.ag\",\"telephone\":\"+41444420002\",\"logo\":{\"@type\":\"ImageObject\",\"url\":\"https:\\\/\\\/www.immo-invest.ch\\\/wp-content\\\/uploads\\\/2024\\\/09\\\/immoinvest_sm-scaled.jpg\",\"@id\":\"https:\\\/\\\/www.immo-invest.ch\\\/fr\\\/baumeister-und-gewerkschaften-einigen-sich-auf-neuen-landesmantelvertrag\\\/#organizationLogo\",\"width\":2560,\"height\":1340},\"image\":{\"@id\":\"https:\\\/\\\/www.immo-invest.ch\\\/fr\\\/baumeister-und-gewerkschaften-einigen-sich-auf-neuen-landesmantelvertrag\\\/#organizationLogo\"},\"sameAs\":[\"https:\\\/\\\/www.facebook.com\\\/people\\\/Immoinvest\\\/100077962920504\\\/\",\"https:\\\/\\\/x.com\\\/i\\\/flow\\\/login?redirect_after_login=immoinvest_ch\",\"https:\\\/\\\/www.instagram.com\\\/immoinvest_ch\\\/\",\"https:\\\/\\\/www.linkedin.com\\\/company\\\/immoinvest-swiss\"]},{\"@type\":\"Person\",\"@id\":\"https:\\\/\\\/www.immo-invest.ch\\\/fr\\\/author\\\/immovestuser\\\/#author\",\"url\":\"https:\\\/\\\/www.immo-invest.ch\\\/fr\\\/author\\\/immovestuser\\\/\",\"name\":\"immovestuser\",\"image\":{\"@type\":\"ImageObject\",\"@id\":\"https:\\\/\\\/www.immo-invest.ch\\\/fr\\\/baumeister-und-gewerkschaften-einigen-sich-auf-neuen-landesmantelvertrag\\\/#authorImage\",\"url\":\"https:\\\/\\\/secure.gravatar.com\\\/avatar\\\/8e01f4d99f2eeea7a362ebb93305e1172a70e9293ba250f897a65c39f54cdd1e?s=96&d=mm&r=g\",\"width\":96,\"height\":96,\"caption\":\"immovestuser\"}},{\"@type\":\"WebPage\",\"@id\":\"https:\\\/\\\/www.immo-invest.ch\\\/fr\\\/baumeister-und-gewerkschaften-einigen-sich-auf-neuen-landesmantelvertrag\\\/#webpage\",\"url\":\"https:\\\/\\\/www.immo-invest.ch\\\/fr\\\/baumeister-und-gewerkschaften-einigen-sich-auf-neuen-landesmantelvertrag\\\/\",\"name\":\"Les entrepreneurs et les syndicats s\\u2019accordent sur une nouvelle convention nationale - immo!nvest - Die Plattform f\\u00fcr Standorte und Immobilien\",\"description\":\"Apr\\u00e8s des mois de lutte, la Soci\\u00e9t\\u00e9 suisse des entrepreneurs et les syndicats Unia et Syna se sont mis d'accord sur une nouvelle convention nationale pour le secteur principal de la construction. La convention, d'une dur\\u00e9e de six ans, pr\\u00e9voit de nouvelles r\\u00e8gles en mati\\u00e8re de temps de travail et de d\\u00e9placement, un paquet salarial incluant une garantie contre le rench\\u00e9rissement et vise \\u00e0 rendre le secteur plus attractif pour les professionnels et la rel\\u00e8ve.\",\"inLanguage\":\"fr-FR\",\"isPartOf\":{\"@id\":\"https:\\\/\\\/www.immo-invest.ch\\\/fr\\\/#website\"},\"breadcrumb\":{\"@id\":\"https:\\\/\\\/www.immo-invest.ch\\\/fr\\\/baumeister-und-gewerkschaften-einigen-sich-auf-neuen-landesmantelvertrag\\\/#breadcrumblist\"},\"author\":{\"@id\":\"https:\\\/\\\/www.immo-invest.ch\\\/fr\\\/author\\\/immovestuser\\\/#author\"},\"creator\":{\"@id\":\"https:\\\/\\\/www.immo-invest.ch\\\/fr\\\/author\\\/immovestuser\\\/#author\"},\"image\":{\"@type\":\"ImageObject\",\"url\":\"https:\\\/\\\/www.immo-invest.ch\\\/wp-content\\\/uploads\\\/2025\\\/12\\\/immo-invest-bauwirtschaft-unternehmen-trends-finanzen-schweiz-landesmantelvertrag-bauhauptgewerbe-arbeitszeiten.png\",\"@id\":\"https:\\\/\\\/www.immo-invest.ch\\\/fr\\\/baumeister-und-gewerkschaften-einigen-sich-auf-neuen-landesmantelvertrag\\\/#mainImage\",\"width\":1536,\"height\":768},\"primaryImageOfPage\":{\"@id\":\"https:\\\/\\\/www.immo-invest.ch\\\/fr\\\/baumeister-und-gewerkschaften-einigen-sich-auf-neuen-landesmantelvertrag\\\/#mainImage\"},\"datePublished\":\"2025-12-16T11:34:19+01:00\",\"dateModified\":\"2025-12-16T11:42:55+01:00\"},{\"@type\":\"WebSite\",\"@id\":\"https:\\\/\\\/www.immo-invest.ch\\\/fr\\\/#website\",\"url\":\"https:\\\/\\\/www.immo-invest.ch\\\/fr\\\/\",\"name\":\"immo!nvest - Die Plattform f\\u00fcr Standorte und Immobilien\",\"description\":\"Die\\u00a0Plattform f\\u00fcr Standorte und Immobilien\",\"inLanguage\":\"fr-FR\",\"publisher\":{\"@id\":\"https:\\\/\\\/www.immo-invest.ch\\\/fr\\\/#organization\"}}]}\n\t\t<\/script>\n\t\t<!-- All in One SEO -->\n\n","aioseo_head_json":{"title":"Les entrepreneurs et les syndicats s\u2019accordent sur une nouvelle convention nationale - immo!nvest - Die Plattform f\u00fcr Standorte und Immobilien","description":"Apr\u00e8s des mois de lutte, la Soci\u00e9t\u00e9 suisse des entrepreneurs et les syndicats Unia et Syna se sont mis d'accord sur une nouvelle convention nationale pour le secteur principal de la construction. La convention, d'une dur\u00e9e de six ans, pr\u00e9voit de nouvelles r\u00e8gles en mati\u00e8re de temps de travail et de d\u00e9placement, un paquet salarial incluant une garantie contre le rench\u00e9rissement et vise \u00e0 rendre le secteur plus attractif pour les professionnels et la rel\u00e8ve.","canonical_url":"https:\/\/www.immo-invest.ch\/fr\/baumeister-und-gewerkschaften-einigen-sich-auf-neuen-landesmantelvertrag\/","robots":"max-image-preview:large","keywords":"","webmasterTools":{"google-site-verification":"fHJKvgWpZCR2zVBHWfkQeFXC11qieUSff0HGNYfuyLA","miscellaneous":""},"schema":{"@context":"https:\/\/schema.org","@graph":[{"@type":"BlogPosting","@id":"https:\/\/www.immo-invest.ch\/fr\/baumeister-und-gewerkschaften-einigen-sich-auf-neuen-landesmantelvertrag\/#blogposting","name":"Les entrepreneurs et les syndicats s\u2019accordent sur une nouvelle convention nationale - immo!nvest - Die Plattform f\u00fcr Standorte und Immobilien","headline":"Les entrepreneurs et les syndicats s&rsquo;accordent sur une nouvelle convention nationale","author":{"@id":"https:\/\/www.immo-invest.ch\/fr\/author\/immovestuser\/#author"},"publisher":{"@id":"https:\/\/www.immo-invest.ch\/fr\/#organization"},"image":{"@type":"ImageObject","url":"https:\/\/www.immo-invest.ch\/wp-content\/uploads\/2025\/12\/immo-invest-bauwirtschaft-unternehmen-trends-finanzen-schweiz-landesmantelvertrag-bauhauptgewerbe-arbeitszeiten.png","width":1536,"height":768},"datePublished":"2025-12-16T11:34:19+01:00","dateModified":"2025-12-16T11:42:55+01:00","inLanguage":"fr-FR","mainEntityOfPage":{"@id":"https:\/\/www.immo-invest.ch\/fr\/baumeister-und-gewerkschaften-einigen-sich-auf-neuen-landesmantelvertrag\/#webpage"},"isPartOf":{"@id":"https:\/\/www.immo-invest.ch\/fr\/baumeister-und-gewerkschaften-einigen-sich-auf-neuen-landesmantelvertrag\/#webpage"},"articleSection":"Entreprise, immoNews, Industrie du b\u00e2timent, Suisse, Trends, arbeitszeiten, Bauhauptgewerbe, Immoinvest, immoNews, Landesmantelvertrag, News, Facultatif"},{"@type":"BreadcrumbList","@id":"https:\/\/www.immo-invest.ch\/fr\/baumeister-und-gewerkschaften-einigen-sich-auf-neuen-landesmantelvertrag\/#breadcrumblist","itemListElement":[{"@type":"ListItem","@id":"https:\/\/www.immo-invest.ch\/fr\/#listItem","position":1,"name":"Home","item":"https:\/\/www.immo-invest.ch\/fr\/","nextItem":{"@type":"ListItem","@id":"https:\/\/www.immo-invest.ch\/fr\/categories\/regions\/#listItem","name":"R\u00e9gions"}},{"@type":"ListItem","@id":"https:\/\/www.immo-invest.ch\/fr\/categories\/regions\/#listItem","position":2,"name":"R\u00e9gions","item":"https:\/\/www.immo-invest.ch\/fr\/categories\/regions\/","nextItem":{"@type":"ListItem","@id":"https:\/\/www.immo-invest.ch\/fr\/categories\/regions\/suisse\/#listItem","name":"Suisse"},"previousItem":{"@type":"ListItem","@id":"https:\/\/www.immo-invest.ch\/fr\/#listItem","name":"Home"}},{"@type":"ListItem","@id":"https:\/\/www.immo-invest.ch\/fr\/categories\/regions\/suisse\/#listItem","position":3,"name":"Suisse","item":"https:\/\/www.immo-invest.ch\/fr\/categories\/regions\/suisse\/","nextItem":{"@type":"ListItem","@id":"https:\/\/www.immo-invest.ch\/fr\/baumeister-und-gewerkschaften-einigen-sich-auf-neuen-landesmantelvertrag\/#listItem","name":"Les entrepreneurs et les syndicats s&rsquo;accordent sur une nouvelle convention nationale"},"previousItem":{"@type":"ListItem","@id":"https:\/\/www.immo-invest.ch\/fr\/categories\/regions\/#listItem","name":"R\u00e9gions"}},{"@type":"ListItem","@id":"https:\/\/www.immo-invest.ch\/fr\/baumeister-und-gewerkschaften-einigen-sich-auf-neuen-landesmantelvertrag\/#listItem","position":4,"name":"Les entrepreneurs et les syndicats s&rsquo;accordent sur une nouvelle convention nationale","previousItem":{"@type":"ListItem","@id":"https:\/\/www.immo-invest.ch\/fr\/categories\/regions\/suisse\/#listItem","name":"Suisse"}}]},{"@type":"Organization","@id":"https:\/\/www.immo-invest.ch\/fr\/#organization","name":"immo!nvest - Die Plattform f\u00fcr Standorte und Immobilien","description":"Die\u00a0Plattform f\u00fcr Standorte und Immobilien","url":"https:\/\/www.immo-invest.ch\/fr\/","email":"admin@immomedia.ag","telephone":"+41444420002","logo":{"@type":"ImageObject","url":"https:\/\/www.immo-invest.ch\/wp-content\/uploads\/2024\/09\/immoinvest_sm-scaled.jpg","@id":"https:\/\/www.immo-invest.ch\/fr\/baumeister-und-gewerkschaften-einigen-sich-auf-neuen-landesmantelvertrag\/#organizationLogo","width":2560,"height":1340},"image":{"@id":"https:\/\/www.immo-invest.ch\/fr\/baumeister-und-gewerkschaften-einigen-sich-auf-neuen-landesmantelvertrag\/#organizationLogo"},"sameAs":["https:\/\/www.facebook.com\/people\/Immoinvest\/100077962920504\/","https:\/\/x.com\/i\/flow\/login?redirect_after_login=immoinvest_ch","https:\/\/www.instagram.com\/immoinvest_ch\/","https:\/\/www.linkedin.com\/company\/immoinvest-swiss"]},{"@type":"Person","@id":"https:\/\/www.immo-invest.ch\/fr\/author\/immovestuser\/#author","url":"https:\/\/www.immo-invest.ch\/fr\/author\/immovestuser\/","name":"immovestuser","image":{"@type":"ImageObject","@id":"https:\/\/www.immo-invest.ch\/fr\/baumeister-und-gewerkschaften-einigen-sich-auf-neuen-landesmantelvertrag\/#authorImage","url":"https:\/\/secure.gravatar.com\/avatar\/8e01f4d99f2eeea7a362ebb93305e1172a70e9293ba250f897a65c39f54cdd1e?s=96&d=mm&r=g","width":96,"height":96,"caption":"immovestuser"}},{"@type":"WebPage","@id":"https:\/\/www.immo-invest.ch\/fr\/baumeister-und-gewerkschaften-einigen-sich-auf-neuen-landesmantelvertrag\/#webpage","url":"https:\/\/www.immo-invest.ch\/fr\/baumeister-und-gewerkschaften-einigen-sich-auf-neuen-landesmantelvertrag\/","name":"Les entrepreneurs et les syndicats s\u2019accordent sur une nouvelle convention nationale - immo!nvest - Die Plattform f\u00fcr Standorte und Immobilien","description":"Apr\u00e8s des mois de lutte, la Soci\u00e9t\u00e9 suisse des entrepreneurs et les syndicats Unia et Syna se sont mis d'accord sur une nouvelle convention nationale pour le secteur principal de la construction. La convention, d'une dur\u00e9e de six ans, pr\u00e9voit de nouvelles r\u00e8gles en mati\u00e8re de temps de travail et de d\u00e9placement, un paquet salarial incluant une garantie contre le rench\u00e9rissement et vise \u00e0 rendre le secteur plus attractif pour les professionnels et la rel\u00e8ve.","inLanguage":"fr-FR","isPartOf":{"@id":"https:\/\/www.immo-invest.ch\/fr\/#website"},"breadcrumb":{"@id":"https:\/\/www.immo-invest.ch\/fr\/baumeister-und-gewerkschaften-einigen-sich-auf-neuen-landesmantelvertrag\/#breadcrumblist"},"author":{"@id":"https:\/\/www.immo-invest.ch\/fr\/author\/immovestuser\/#author"},"creator":{"@id":"https:\/\/www.immo-invest.ch\/fr\/author\/immovestuser\/#author"},"image":{"@type":"ImageObject","url":"https:\/\/www.immo-invest.ch\/wp-content\/uploads\/2025\/12\/immo-invest-bauwirtschaft-unternehmen-trends-finanzen-schweiz-landesmantelvertrag-bauhauptgewerbe-arbeitszeiten.png","@id":"https:\/\/www.immo-invest.ch\/fr\/baumeister-und-gewerkschaften-einigen-sich-auf-neuen-landesmantelvertrag\/#mainImage","width":1536,"height":768},"primaryImageOfPage":{"@id":"https:\/\/www.immo-invest.ch\/fr\/baumeister-und-gewerkschaften-einigen-sich-auf-neuen-landesmantelvertrag\/#mainImage"},"datePublished":"2025-12-16T11:34:19+01:00","dateModified":"2025-12-16T11:42:55+01:00"},{"@type":"WebSite","@id":"https:\/\/www.immo-invest.ch\/fr\/#website","url":"https:\/\/www.immo-invest.ch\/fr\/","name":"immo!nvest - Die Plattform f\u00fcr Standorte und Immobilien","description":"Die\u00a0Plattform f\u00fcr Standorte und Immobilien","inLanguage":"fr-FR","publisher":{"@id":"https:\/\/www.immo-invest.ch\/fr\/#organization"}}]},"og:locale":"fr_FR","og:site_name":"immo!nvest - Die Plattform f\u00fcr Standorte und Immobilien - Die\u00a0Plattform f\u00fcr Standorte und Immobilien","og:type":"article","og:title":"Les entrepreneurs et les syndicats s\u2019accordent sur une nouvelle convention nationale - immo!nvest - Die Plattform f\u00fcr Standorte und Immobilien","og:description":"Apr\u00e8s des mois de lutte, la Soci\u00e9t\u00e9 suisse des entrepreneurs et les syndicats Unia et Syna se sont mis d'accord sur une nouvelle convention nationale pour le secteur principal de la construction. La convention, d'une dur\u00e9e de six ans, pr\u00e9voit de nouvelles r\u00e8gles en mati\u00e8re de temps de travail et de d\u00e9placement, un paquet salarial incluant une garantie contre le rench\u00e9rissement et vise \u00e0 rendre le secteur plus attractif pour les professionnels et la rel\u00e8ve.","og:url":"https:\/\/www.immo-invest.ch\/fr\/baumeister-und-gewerkschaften-einigen-sich-auf-neuen-landesmantelvertrag\/","og:image":"https:\/\/www.immo-invest.ch\/wp-content\/uploads\/2025\/12\/immo-invest-bauwirtschaft-unternehmen-trends-finanzen-schweiz-landesmantelvertrag-bauhauptgewerbe-arbeitszeiten.png","og:image:secure_url":"https:\/\/www.immo-invest.ch\/wp-content\/uploads\/2025\/12\/immo-invest-bauwirtschaft-unternehmen-trends-finanzen-schweiz-landesmantelvertrag-bauhauptgewerbe-arbeitszeiten.png","og:image:width":1536,"og:image:height":768,"article:published_time":"2025-12-16T10:34:19+00:00","article:modified_time":"2025-12-16T10:42:55+00:00","article:publisher":"https:\/\/www.facebook.com\/people\/Immoinvest\/100077962920504\/","twitter:card":"summary_large_image","twitter:site":"@i","twitter:title":"Les entrepreneurs et les syndicats s\u2019accordent sur une nouvelle convention nationale - immo!nvest - Die Plattform f\u00fcr Standorte und Immobilien","twitter:description":"Apr\u00e8s des mois de lutte, la Soci\u00e9t\u00e9 suisse des entrepreneurs et les syndicats Unia et Syna se sont mis d'accord sur une nouvelle convention nationale pour le secteur principal de la construction. La convention, d'une dur\u00e9e de six ans, pr\u00e9voit de nouvelles r\u00e8gles en mati\u00e8re de temps de travail et de d\u00e9placement, un paquet salarial incluant une garantie contre le rench\u00e9rissement et vise \u00e0 rendre le secteur plus attractif pour les professionnels et la rel\u00e8ve.","twitter:creator":"@i","twitter:image":"https:\/\/www.immo-invest.ch\/wp-content\/uploads\/2025\/12\/immo-invest-bauwirtschaft-unternehmen-trends-finanzen-schweiz-landesmantelvertrag-bauhauptgewerbe-arbeitszeiten.png"},"aioseo_meta_data":{"post_id":"145851","title":null,"description":null,"keywords":null,"keyphrases":{"focus":{"keyphrase":"","score":0,"analysis":{"keyphraseInTitle":{"score":0,"maxScore":9,"error":1}}},"additional":[]},"primary_term":null,"canonical_url":null,"og_title":null,"og_description":null,"og_object_type":"default","og_image_type":"default","og_image_url":null,"og_image_width":null,"og_image_height":null,"og_image_custom_url":null,"og_image_custom_fields":null,"og_video":"","og_custom_url":null,"og_article_section":null,"og_article_tags":null,"twitter_use_og":false,"twitter_card":"default","twitter_image_type":"default","twitter_image_url":null,"twitter_image_custom_url":null,"twitter_image_custom_fields":null,"twitter_title":null,"twitter_description":null,"schema":{"blockGraphs":[],"customGraphs":[],"default":{"data":{"Article":[],"Course":[],"Dataset":[],"FAQPage":[],"Movie":[],"Person":[],"Product":[],"ProductReview":[],"Car":[],"Recipe":[],"Service":[],"SoftwareApplication":[],"WebPage":[]},"graphName":"BlogPosting","isEnabled":true},"graphs":[]},"schema_type":"default","schema_type_options":null,"pillar_content":false,"robots_default":true,"robots_noindex":false,"robots_noarchive":false,"robots_nosnippet":false,"robots_nofollow":false,"robots_noimageindex":false,"robots_noodp":false,"robots_notranslate":false,"robots_max_snippet":"-1","robots_max_videopreview":"-1","robots_max_imagepreview":"large","priority":null,"frequency":"default","local_seo":null,"breadcrumb_settings":null,"limit_modified_date":false,"ai":{"faqs":[],"keyPoints":[],"titles":[],"descriptions":[],"socialPosts":{"email":[],"linkedin":[],"twitter":[],"facebook":[],"instagram":[]}},"created":"2025-12-16 10:42:56","updated":"2025-12-16 10:43:13","seo_analyzer_scan_date":null,"focus_keyword":null,"additional_keywords":null,"truseo_locale":null},"aioseo_breadcrumb":"<div class=\"aioseo-breadcrumbs\"><span class=\"aioseo-breadcrumb\">\n\t\t\t<a href=\"https:\/\/www.immo-invest.ch\/fr\/\" title=\"Home\">Home<\/a>\n\t\t<\/span><span class=\"aioseo-breadcrumb-separator\">&raquo;<\/span><span class=\"aioseo-breadcrumb\">\n\t\t\t<a href=\"https:\/\/www.immo-invest.ch\/fr\/categories\/regions\/\" title=\"R\u00e9gions\">R\u00e9gions<\/a>\n\t\t<\/span><span class=\"aioseo-breadcrumb-separator\">&raquo;<\/span><span class=\"aioseo-breadcrumb\">\n\t\t\t<a href=\"https:\/\/www.immo-invest.ch\/fr\/categories\/regions\/suisse\/\" title=\"Suisse\">Suisse<\/a>\n\t\t<\/span><span class=\"aioseo-breadcrumb-separator\">&raquo;<\/span><span class=\"aioseo-breadcrumb\">\n\t\t\tLes entrepreneurs et les syndicats s\u2019accordent sur une nouvelle convention nationale\n\t\t<\/span><\/div>","aioseo_breadcrumb_json":[{"label":"Home","link":"https:\/\/www.immo-invest.ch\/fr\/"},{"label":"R\u00e9gions","link":"https:\/\/www.immo-invest.ch\/fr\/categories\/regions\/"},{"label":"Suisse","link":"https:\/\/www.immo-invest.ch\/fr\/categories\/regions\/suisse\/"},{"label":"Les entrepreneurs et les syndicats s&rsquo;accordent sur une nouvelle convention nationale","link":"https:\/\/www.immo-invest.ch\/fr\/baumeister-und-gewerkschaften-einigen-sich-auf-neuen-landesmantelvertrag\/"}],"featured_image_src":"https:\/\/www.immo-invest.ch\/wp-content\/uploads\/2025\/12\/immo-invest-bauwirtschaft-unternehmen-trends-finanzen-schweiz-landesmantelvertrag-bauhauptgewerbe-arbeitszeiten-336x168.png","_links":{"self":[{"href":"https:\/\/www.immo-invest.ch\/fr\/wp-json\/wp\/v2\/posts\/145851","targetHints":{"allow":["GET"]}}],"collection":[{"href":"https:\/\/www.immo-invest.ch\/fr\/wp-json\/wp\/v2\/posts"}],"about":[{"href":"https:\/\/www.immo-invest.ch\/fr\/wp-json\/wp\/v2\/types\/post"}],"author":[{"embeddable":true,"href":"https:\/\/www.immo-invest.ch\/fr\/wp-json\/wp\/v2\/users\/2"}],"replies":[{"embeddable":true,"href":"https:\/\/www.immo-invest.ch\/fr\/wp-json\/wp\/v2\/comments?post=145851"}],"version-history":[{"count":0,"href":"https:\/\/www.immo-invest.ch\/fr\/wp-json\/wp\/v2\/posts\/145851\/revisions"}],"wp:featuredmedia":[{"embeddable":true,"href":"https:\/\/www.immo-invest.ch\/fr\/wp-json\/wp\/v2\/media\/145852"}],"wp:attachment":[{"href":"https:\/\/www.immo-invest.ch\/fr\/wp-json\/wp\/v2\/media?parent=145851"}],"wp:term":[{"taxonomy":"category","embeddable":true,"href":"https:\/\/www.immo-invest.ch\/fr\/wp-json\/wp\/v2\/categories?post=145851"},{"taxonomy":"post_tag","embeddable":true,"href":"https:\/\/www.immo-invest.ch\/fr\/wp-json\/wp\/v2\/tags?post=145851"}],"curies":[{"name":"wp","href":"https:\/\/api.w.org\/{rel}","templated":true}]}}