{"id":145133,"date":"2025-12-04T12:20:00","date_gmt":"2025-12-04T11:20:00","guid":{"rendered":"https:\/\/www.immo-invest.ch\/?p=145133"},"modified":"2025-12-03T08:47:32","modified_gmt":"2025-12-03T07:47:32","slug":"walensee-steilwand-solarprojekt-wird-eingestellt","status":"publish","type":"post","link":"https:\/\/www.immo-invest.ch\/fr\/walensee-steilwand-solarprojekt-wird-eingestellt\/","title":{"rendered":"Walensee : le projet solaire de falaise est abandonn\u00e9"},"content":{"rendered":"<p class=\"bodytext\">La paroi rocheuse sur le c&ocirc;t&eacute; nord du Walensee ne recevra pas d&rsquo;installation solaire dans un avenir proche. Comme l&rsquo;indiquent les partenaires du projet <a href=\"https:\/\/www.ekz.ch\/\" target=\"_blank\" rel=\"noopener\">EKZ<\/a> et <a href=\"https:\/\/www.sak.ch\/\" target=\"_blank\" rel=\"noopener\">SAK<\/a> dans un <a href=\"https:\/\/www.ekz.ch\/ekz\/de\/ueber-ekz\/medien\/medien\/medienmitteilungen\/EKZ-und-SAK-verfolgen--Felsenstrom--nicht-weiter.html\" target=\"_blank\" rel=\"noopener\">communiqu&eacute;<\/a>, ils ne poursuivent pas le projet solaire Felsenstrom.<\/p>\n<p class=\"bodytext\">Les fournisseurs d&rsquo;&eacute;lectricit&eacute; des cantons de Zurich, Saint-Gall et des deux Appenzell justifient leur d&eacute;cision d&rsquo;une part par des retards dans la proc&eacute;dure d&rsquo;autorisation. Les modifications apport&eacute;es au projet suite &agrave; des oppositions n&eacute;cessiteraient une nouvelle mise &agrave; l&rsquo;enqu&ecirc;te publique. D&rsquo;autre part, le montage de modules librement suspendus sur la paroi raide serait difficile, co&ucirc;teux et prendrait beaucoup de temps.<\/p>\n<p class=\"bodytext\">Les partenaires du projet ne s&rsquo;attendent donc plus &agrave; pouvoir achever le projet d&rsquo;ici fin 2030. Ce serait pourtant la condition sine qua non pour qu&rsquo;il puisse b&eacute;n&eacute;ficier des facilit&eacute;s et des subventions accord&eacute;es dans le cadre de Solarexpress.<\/p>\n<p class=\"bodytext\">L&rsquo;installation devrait &ecirc;tre construite sur le site de l&rsquo;ancienne carri&egrave;re Schn&uuml;r. Les modules solaires, d&rsquo;une surface de 44 000 m&egrave;tres carr&eacute;s, devaient produire environ 12 gigawattheures d&rsquo;&eacute;lectricit&eacute; par an, selon l&rsquo;<a href=\"https:\/\/publikationen.sg.ch\/ekab\/?publication=170591&amp;tx_diamcore_publicationsearchresu%5B%E2%80%A6%5Dicationsearchresultdetail%5Bcontroller%5D=PublicationSearch\" target=\"_blank\" rel=\"noopener\">avis public de construction<\/a> de septembre 2024.<\/p>\n","protected":false},"excerpt":{"rendered":"<p>Les entreprises d&rsquo;\u00e9lectricit\u00e9 du canton de Zurich (EKZ) et St.Gallisch-Appenzellische Kraftwerke AG (SAK) abandonnent le projet solaire Felsenstrom au-dessus du lac de Walenstadt. Des retards dans la proc\u00e9dure d&rsquo;autorisation et des risques techniques rendent improbable l&rsquo;ach\u00e8vement du projet d&rsquo;ici 2030.<\/p>\n","protected":false},"author":2,"featured_media":145134,"comment_status":"open","ping_status":"open","sticky":false,"template":"","format":"standard","meta":{"pmpro_default_level":"","inline_featured_image":false,"_monsterinsights_skip_tracking":false,"footnotes":""},"categories":[22699,8747,743,739,8452],"tags":[55645,872,3931,2002,37201],"class_list":["post-145133","post","type-post","status-publish","format-standard","has-post-thumbnail","hentry","category-durabilite","category-energie","category-immonews-fr","category-projects","category-regions","tag-felsenstrom","tag-immoinvest-fr","tag-immonews-fr","tag-news-fr","tag-solarprojekt-fr","pmpro-has-access"],"acf":{"bild_mit_ki_erstellt_worden":["Ja"],"lead":"Les entreprises d'\u00e9lectricit\u00e9 du canton de Zurich (EKZ) et St.Gallisch-Appenzellische Kraftwerke AG (SAK) abandonnent le projet solaire Felsenstrom au-dessus du lac de Walenstadt. Des retards dans la proc\u00e9dure d'autorisation et des risques techniques rendent improbable l'ach\u00e8vement du projet d'ici 2030.","autor":"ce\/ug","ort":"Amden SG","bildunterschrift":"","bild_im_grid":false,"gallerie":"","newsim":""},"aioseo_notices":[],"aioseo_head":"\n\t\t<!-- All in One SEO 5.0.0.1 - aioseo.com -->\n\t<meta name=\"description\" content=\"Les entreprises d&#039;\u00e9lectricit\u00e9 du canton de Zurich (EKZ) et St.Gallisch-Appenzellische Kraftwerke AG (SAK) abandonnent le projet solaire Felsenstrom au-dessus du lac de Walenstadt. Des retards dans la proc\u00e9dure d&#039;autorisation et des risques techniques rendent improbable l&#039;ach\u00e8vement du projet d&#039;ici 2030.\" \/>\n\t<meta name=\"robots\" content=\"max-image-preview:large\" \/>\n\t<meta name=\"author\" content=\"immovestuser\"\/>\n\t<meta name=\"google-site-verification\" content=\"fHJKvgWpZCR2zVBHWfkQeFXC11qieUSff0HGNYfuyLA\" \/>\n\t<link rel=\"canonical\" href=\"https:\/\/www.immo-invest.ch\/fr\/walensee-steilwand-solarprojekt-wird-eingestellt\/\" \/>\n\t<meta name=\"generator\" content=\"All in One SEO (AIOSEO) 5.0.0.1\" \/>\n\t\t<meta property=\"og:locale\" content=\"fr_FR\" \/>\n\t\t<meta property=\"og:site_name\" content=\"immo!nvest - Die Plattform f\u00fcr Standorte und Immobilien - Die\u00a0Plattform f\u00fcr Standorte und Immobilien\" \/>\n\t\t<meta property=\"og:type\" content=\"article\" \/>\n\t\t<meta property=\"og:title\" content=\"Walensee : le projet solaire de falaise est abandonn\u00e9 - immo!nvest - Die Plattform f\u00fcr Standorte und Immobilien\" \/>\n\t\t<meta property=\"og:description\" content=\"Les entreprises d&#039;\u00e9lectricit\u00e9 du canton de Zurich (EKZ) et St.Gallisch-Appenzellische Kraftwerke AG (SAK) abandonnent le projet solaire Felsenstrom au-dessus du lac de Walenstadt. Des retards dans la proc\u00e9dure d&#039;autorisation et des risques techniques rendent improbable l&#039;ach\u00e8vement du projet d&#039;ici 2030.\" \/>\n\t\t<meta property=\"og:url\" content=\"https:\/\/www.immo-invest.ch\/fr\/walensee-steilwand-solarprojekt-wird-eingestellt\/\" \/>\n\t\t<meta property=\"og:image\" content=\"https:\/\/www.immo-invest.ch\/wp-content\/uploads\/2025\/11\/banoviag_realistic_aerial_view_of_a_steep_rocky_mountainside__f499e4e6-3047-43e5-a707-3b5fc0ab602b_3.png\" \/>\n\t\t<meta property=\"og:image:secure_url\" content=\"https:\/\/www.immo-invest.ch\/wp-content\/uploads\/2025\/11\/banoviag_realistic_aerial_view_of_a_steep_rocky_mountainside__f499e4e6-3047-43e5-a707-3b5fc0ab602b_3.png\" \/>\n\t\t<meta property=\"og:image:width\" content=\"1536\" \/>\n\t\t<meta property=\"og:image:height\" content=\"768\" \/>\n\t\t<meta property=\"article:published_time\" content=\"2025-12-04T11:20:00+00:00\" \/>\n\t\t<meta property=\"article:modified_time\" content=\"2025-12-03T07:47:32+00:00\" \/>\n\t\t<meta property=\"article:publisher\" content=\"https:\/\/www.facebook.com\/people\/Immoinvest\/100077962920504\/\" \/>\n\t\t<meta name=\"twitter:card\" content=\"summary_large_image\" \/>\n\t\t<meta name=\"twitter:site\" content=\"@i\" \/>\n\t\t<meta name=\"twitter:title\" content=\"Walensee : le projet solaire de falaise est abandonn\u00e9 - immo!nvest - Die Plattform f\u00fcr Standorte und Immobilien\" \/>\n\t\t<meta name=\"twitter:description\" content=\"Les entreprises d&#039;\u00e9lectricit\u00e9 du canton de Zurich (EKZ) et St.Gallisch-Appenzellische Kraftwerke AG (SAK) abandonnent le projet solaire Felsenstrom au-dessus du lac de Walenstadt. Des retards dans la proc\u00e9dure d&#039;autorisation et des risques techniques rendent improbable l&#039;ach\u00e8vement du projet d&#039;ici 2030.\" \/>\n\t\t<meta name=\"twitter:creator\" content=\"@i\" \/>\n\t\t<meta name=\"twitter:image\" content=\"https:\/\/www.immo-invest.ch\/wp-content\/uploads\/2025\/11\/banoviag_realistic_aerial_view_of_a_steep_rocky_mountainside__f499e4e6-3047-43e5-a707-3b5fc0ab602b_3.png\" \/>\n\t\t<script type=\"application\/ld+json\" class=\"aioseo-schema\">\n\t\t\t{\"@context\":\"https:\\\/\\\/schema.org\",\"@graph\":[{\"@type\":\"BlogPosting\",\"@id\":\"https:\\\/\\\/www.immo-invest.ch\\\/fr\\\/walensee-steilwand-solarprojekt-wird-eingestellt\\\/#blogposting\",\"name\":\"Walensee : le projet solaire de falaise est abandonn\\u00e9 - immo!nvest - Die Plattform f\\u00fcr Standorte und Immobilien\",\"headline\":\"Walensee : le projet solaire de falaise est abandonn\\u00e9\",\"author\":{\"@id\":\"https:\\\/\\\/www.immo-invest.ch\\\/fr\\\/author\\\/immovestuser\\\/#author\"},\"publisher\":{\"@id\":\"https:\\\/\\\/www.immo-invest.ch\\\/fr\\\/#organization\"},\"image\":{\"@type\":\"ImageObject\",\"url\":\"https:\\\/\\\/www.immo-invest.ch\\\/wp-content\\\/uploads\\\/2025\\\/11\\\/banoviag_realistic_aerial_view_of_a_steep_rocky_mountainside__f499e4e6-3047-43e5-a707-3b5fc0ab602b_3.png\",\"width\":1536,\"height\":768},\"datePublished\":\"2025-12-04T12:20:00+01:00\",\"dateModified\":\"2025-12-03T08:47:32+01:00\",\"inLanguage\":\"fr-FR\",\"mainEntityOfPage\":{\"@id\":\"https:\\\/\\\/www.immo-invest.ch\\\/fr\\\/walensee-steilwand-solarprojekt-wird-eingestellt\\\/#webpage\"},\"isPartOf\":{\"@id\":\"https:\\\/\\\/www.immo-invest.ch\\\/fr\\\/walensee-steilwand-solarprojekt-wird-eingestellt\\\/#webpage\"},\"articleSection\":\"Durabilit\\u00e9, \\u00c9nergie, immoNews, Projects, R\\u00e9gions, Felsenstrom, Immoinvest, immoNews, News, Solarprojekt, Facultatif\"},{\"@type\":\"BreadcrumbList\",\"@id\":\"https:\\\/\\\/www.immo-invest.ch\\\/fr\\\/walensee-steilwand-solarprojekt-wird-eingestellt\\\/#breadcrumblist\",\"itemListElement\":[{\"@type\":\"ListItem\",\"@id\":\"https:\\\/\\\/www.immo-invest.ch\\\/fr\\\/#listItem\",\"position\":1,\"name\":\"Home\",\"item\":\"https:\\\/\\\/www.immo-invest.ch\\\/fr\\\/\",\"nextItem\":{\"@type\":\"ListItem\",\"@id\":\"https:\\\/\\\/www.immo-invest.ch\\\/fr\\\/categories\\\/trends-fr\\\/#listItem\",\"name\":\"Trends\"}},{\"@type\":\"ListItem\",\"@id\":\"https:\\\/\\\/www.immo-invest.ch\\\/fr\\\/categories\\\/trends-fr\\\/#listItem\",\"position\":2,\"name\":\"Trends\",\"item\":\"https:\\\/\\\/www.immo-invest.ch\\\/fr\\\/categories\\\/trends-fr\\\/\",\"nextItem\":{\"@type\":\"ListItem\",\"@id\":\"https:\\\/\\\/www.immo-invest.ch\\\/fr\\\/categories\\\/trends-fr\\\/durabilite\\\/#listItem\",\"name\":\"Durabilit\\u00e9\"},\"previousItem\":{\"@type\":\"ListItem\",\"@id\":\"https:\\\/\\\/www.immo-invest.ch\\\/fr\\\/#listItem\",\"name\":\"Home\"}},{\"@type\":\"ListItem\",\"@id\":\"https:\\\/\\\/www.immo-invest.ch\\\/fr\\\/categories\\\/trends-fr\\\/durabilite\\\/#listItem\",\"position\":3,\"name\":\"Durabilit\\u00e9\",\"item\":\"https:\\\/\\\/www.immo-invest.ch\\\/fr\\\/categories\\\/trends-fr\\\/durabilite\\\/\",\"nextItem\":{\"@type\":\"ListItem\",\"@id\":\"https:\\\/\\\/www.immo-invest.ch\\\/fr\\\/walensee-steilwand-solarprojekt-wird-eingestellt\\\/#listItem\",\"name\":\"Walensee : le projet solaire de falaise est abandonn\\u00e9\"},\"previousItem\":{\"@type\":\"ListItem\",\"@id\":\"https:\\\/\\\/www.immo-invest.ch\\\/fr\\\/categories\\\/trends-fr\\\/#listItem\",\"name\":\"Trends\"}},{\"@type\":\"ListItem\",\"@id\":\"https:\\\/\\\/www.immo-invest.ch\\\/fr\\\/walensee-steilwand-solarprojekt-wird-eingestellt\\\/#listItem\",\"position\":4,\"name\":\"Walensee : le projet solaire de falaise est abandonn\\u00e9\",\"previousItem\":{\"@type\":\"ListItem\",\"@id\":\"https:\\\/\\\/www.immo-invest.ch\\\/fr\\\/categories\\\/trends-fr\\\/durabilite\\\/#listItem\",\"name\":\"Durabilit\\u00e9\"}}]},{\"@type\":\"Organization\",\"@id\":\"https:\\\/\\\/www.immo-invest.ch\\\/fr\\\/#organization\",\"name\":\"immo!nvest - Die Plattform f\\u00fcr Standorte und Immobilien\",\"description\":\"Die\\u00a0Plattform f\\u00fcr Standorte und Immobilien\",\"url\":\"https:\\\/\\\/www.immo-invest.ch\\\/fr\\\/\",\"email\":\"admin@immomedia.ag\",\"telephone\":\"+41444420002\",\"logo\":{\"@type\":\"ImageObject\",\"url\":\"https:\\\/\\\/www.immo-invest.ch\\\/wp-content\\\/uploads\\\/2024\\\/09\\\/immoinvest_sm-scaled.jpg\",\"@id\":\"https:\\\/\\\/www.immo-invest.ch\\\/fr\\\/walensee-steilwand-solarprojekt-wird-eingestellt\\\/#organizationLogo\",\"width\":2560,\"height\":1340},\"image\":{\"@id\":\"https:\\\/\\\/www.immo-invest.ch\\\/fr\\\/walensee-steilwand-solarprojekt-wird-eingestellt\\\/#organizationLogo\"},\"sameAs\":[\"https:\\\/\\\/www.facebook.com\\\/people\\\/Immoinvest\\\/100077962920504\\\/\",\"https:\\\/\\\/x.com\\\/i\\\/flow\\\/login?redirect_after_login=immoinvest_ch\",\"https:\\\/\\\/www.instagram.com\\\/immoinvest_ch\\\/\",\"https:\\\/\\\/www.linkedin.com\\\/company\\\/immoinvest-swiss\"]},{\"@type\":\"Person\",\"@id\":\"https:\\\/\\\/www.immo-invest.ch\\\/fr\\\/author\\\/immovestuser\\\/#author\",\"url\":\"https:\\\/\\\/www.immo-invest.ch\\\/fr\\\/author\\\/immovestuser\\\/\",\"name\":\"immovestuser\",\"image\":{\"@type\":\"ImageObject\",\"@id\":\"https:\\\/\\\/www.immo-invest.ch\\\/fr\\\/walensee-steilwand-solarprojekt-wird-eingestellt\\\/#authorImage\",\"url\":\"https:\\\/\\\/secure.gravatar.com\\\/avatar\\\/8e01f4d99f2eeea7a362ebb93305e1172a70e9293ba250f897a65c39f54cdd1e?s=96&d=mm&r=g\",\"width\":96,\"height\":96,\"caption\":\"immovestuser\"}},{\"@type\":\"WebPage\",\"@id\":\"https:\\\/\\\/www.immo-invest.ch\\\/fr\\\/walensee-steilwand-solarprojekt-wird-eingestellt\\\/#webpage\",\"url\":\"https:\\\/\\\/www.immo-invest.ch\\\/fr\\\/walensee-steilwand-solarprojekt-wird-eingestellt\\\/\",\"name\":\"Walensee : le projet solaire de falaise est abandonn\\u00e9 - immo!nvest - Die Plattform f\\u00fcr Standorte und Immobilien\",\"description\":\"Les entreprises d'\\u00e9lectricit\\u00e9 du canton de Zurich (EKZ) et St.Gallisch-Appenzellische Kraftwerke AG (SAK) abandonnent le projet solaire Felsenstrom au-dessus du lac de Walenstadt. Des retards dans la proc\\u00e9dure d'autorisation et des risques techniques rendent improbable l'ach\\u00e8vement du projet d'ici 2030.\",\"inLanguage\":\"fr-FR\",\"isPartOf\":{\"@id\":\"https:\\\/\\\/www.immo-invest.ch\\\/fr\\\/#website\"},\"breadcrumb\":{\"@id\":\"https:\\\/\\\/www.immo-invest.ch\\\/fr\\\/walensee-steilwand-solarprojekt-wird-eingestellt\\\/#breadcrumblist\"},\"author\":{\"@id\":\"https:\\\/\\\/www.immo-invest.ch\\\/fr\\\/author\\\/immovestuser\\\/#author\"},\"creator\":{\"@id\":\"https:\\\/\\\/www.immo-invest.ch\\\/fr\\\/author\\\/immovestuser\\\/#author\"},\"image\":{\"@type\":\"ImageObject\",\"url\":\"https:\\\/\\\/www.immo-invest.ch\\\/wp-content\\\/uploads\\\/2025\\\/11\\\/banoviag_realistic_aerial_view_of_a_steep_rocky_mountainside__f499e4e6-3047-43e5-a707-3b5fc0ab602b_3.png\",\"@id\":\"https:\\\/\\\/www.immo-invest.ch\\\/fr\\\/walensee-steilwand-solarprojekt-wird-eingestellt\\\/#mainImage\",\"width\":1536,\"height\":768},\"primaryImageOfPage\":{\"@id\":\"https:\\\/\\\/www.immo-invest.ch\\\/fr\\\/walensee-steilwand-solarprojekt-wird-eingestellt\\\/#mainImage\"},\"datePublished\":\"2025-12-04T12:20:00+01:00\",\"dateModified\":\"2025-12-03T08:47:32+01:00\"},{\"@type\":\"WebSite\",\"@id\":\"https:\\\/\\\/www.immo-invest.ch\\\/fr\\\/#website\",\"url\":\"https:\\\/\\\/www.immo-invest.ch\\\/fr\\\/\",\"name\":\"immo!nvest - Die Plattform f\\u00fcr Standorte und Immobilien\",\"description\":\"Die\\u00a0Plattform f\\u00fcr Standorte und Immobilien\",\"inLanguage\":\"fr-FR\",\"publisher\":{\"@id\":\"https:\\\/\\\/www.immo-invest.ch\\\/fr\\\/#organization\"}}]}\n\t\t<\/script>\n\t\t<!-- All in One SEO -->\n\n","aioseo_head_json":{"title":"Walensee : le projet solaire de falaise est abandonn\u00e9 - immo!nvest - Die Plattform f\u00fcr Standorte und Immobilien","description":"Les entreprises d'\u00e9lectricit\u00e9 du canton de Zurich (EKZ) et St.Gallisch-Appenzellische Kraftwerke AG (SAK) abandonnent le projet solaire Felsenstrom au-dessus du lac de Walenstadt. Des retards dans la proc\u00e9dure d'autorisation et des risques techniques rendent improbable l'ach\u00e8vement du projet d'ici 2030.","canonical_url":"https:\/\/www.immo-invest.ch\/fr\/walensee-steilwand-solarprojekt-wird-eingestellt\/","robots":"max-image-preview:large","keywords":"","webmasterTools":{"google-site-verification":"fHJKvgWpZCR2zVBHWfkQeFXC11qieUSff0HGNYfuyLA","miscellaneous":""},"schema":{"@context":"https:\/\/schema.org","@graph":[{"@type":"BlogPosting","@id":"https:\/\/www.immo-invest.ch\/fr\/walensee-steilwand-solarprojekt-wird-eingestellt\/#blogposting","name":"Walensee : le projet solaire de falaise est abandonn\u00e9 - immo!nvest - Die Plattform f\u00fcr Standorte und Immobilien","headline":"Walensee : le projet solaire de falaise est abandonn\u00e9","author":{"@id":"https:\/\/www.immo-invest.ch\/fr\/author\/immovestuser\/#author"},"publisher":{"@id":"https:\/\/www.immo-invest.ch\/fr\/#organization"},"image":{"@type":"ImageObject","url":"https:\/\/www.immo-invest.ch\/wp-content\/uploads\/2025\/11\/banoviag_realistic_aerial_view_of_a_steep_rocky_mountainside__f499e4e6-3047-43e5-a707-3b5fc0ab602b_3.png","width":1536,"height":768},"datePublished":"2025-12-04T12:20:00+01:00","dateModified":"2025-12-03T08:47:32+01:00","inLanguage":"fr-FR","mainEntityOfPage":{"@id":"https:\/\/www.immo-invest.ch\/fr\/walensee-steilwand-solarprojekt-wird-eingestellt\/#webpage"},"isPartOf":{"@id":"https:\/\/www.immo-invest.ch\/fr\/walensee-steilwand-solarprojekt-wird-eingestellt\/#webpage"},"articleSection":"Durabilit\u00e9, \u00c9nergie, immoNews, Projects, R\u00e9gions, Felsenstrom, Immoinvest, immoNews, News, Solarprojekt, Facultatif"},{"@type":"BreadcrumbList","@id":"https:\/\/www.immo-invest.ch\/fr\/walensee-steilwand-solarprojekt-wird-eingestellt\/#breadcrumblist","itemListElement":[{"@type":"ListItem","@id":"https:\/\/www.immo-invest.ch\/fr\/#listItem","position":1,"name":"Home","item":"https:\/\/www.immo-invest.ch\/fr\/","nextItem":{"@type":"ListItem","@id":"https:\/\/www.immo-invest.ch\/fr\/categories\/trends-fr\/#listItem","name":"Trends"}},{"@type":"ListItem","@id":"https:\/\/www.immo-invest.ch\/fr\/categories\/trends-fr\/#listItem","position":2,"name":"Trends","item":"https:\/\/www.immo-invest.ch\/fr\/categories\/trends-fr\/","nextItem":{"@type":"ListItem","@id":"https:\/\/www.immo-invest.ch\/fr\/categories\/trends-fr\/durabilite\/#listItem","name":"Durabilit\u00e9"},"previousItem":{"@type":"ListItem","@id":"https:\/\/www.immo-invest.ch\/fr\/#listItem","name":"Home"}},{"@type":"ListItem","@id":"https:\/\/www.immo-invest.ch\/fr\/categories\/trends-fr\/durabilite\/#listItem","position":3,"name":"Durabilit\u00e9","item":"https:\/\/www.immo-invest.ch\/fr\/categories\/trends-fr\/durabilite\/","nextItem":{"@type":"ListItem","@id":"https:\/\/www.immo-invest.ch\/fr\/walensee-steilwand-solarprojekt-wird-eingestellt\/#listItem","name":"Walensee : le projet solaire de falaise est abandonn\u00e9"},"previousItem":{"@type":"ListItem","@id":"https:\/\/www.immo-invest.ch\/fr\/categories\/trends-fr\/#listItem","name":"Trends"}},{"@type":"ListItem","@id":"https:\/\/www.immo-invest.ch\/fr\/walensee-steilwand-solarprojekt-wird-eingestellt\/#listItem","position":4,"name":"Walensee : le projet solaire de falaise est abandonn\u00e9","previousItem":{"@type":"ListItem","@id":"https:\/\/www.immo-invest.ch\/fr\/categories\/trends-fr\/durabilite\/#listItem","name":"Durabilit\u00e9"}}]},{"@type":"Organization","@id":"https:\/\/www.immo-invest.ch\/fr\/#organization","name":"immo!nvest - Die Plattform f\u00fcr Standorte und Immobilien","description":"Die\u00a0Plattform f\u00fcr Standorte und Immobilien","url":"https:\/\/www.immo-invest.ch\/fr\/","email":"admin@immomedia.ag","telephone":"+41444420002","logo":{"@type":"ImageObject","url":"https:\/\/www.immo-invest.ch\/wp-content\/uploads\/2024\/09\/immoinvest_sm-scaled.jpg","@id":"https:\/\/www.immo-invest.ch\/fr\/walensee-steilwand-solarprojekt-wird-eingestellt\/#organizationLogo","width":2560,"height":1340},"image":{"@id":"https:\/\/www.immo-invest.ch\/fr\/walensee-steilwand-solarprojekt-wird-eingestellt\/#organizationLogo"},"sameAs":["https:\/\/www.facebook.com\/people\/Immoinvest\/100077962920504\/","https:\/\/x.com\/i\/flow\/login?redirect_after_login=immoinvest_ch","https:\/\/www.instagram.com\/immoinvest_ch\/","https:\/\/www.linkedin.com\/company\/immoinvest-swiss"]},{"@type":"Person","@id":"https:\/\/www.immo-invest.ch\/fr\/author\/immovestuser\/#author","url":"https:\/\/www.immo-invest.ch\/fr\/author\/immovestuser\/","name":"immovestuser","image":{"@type":"ImageObject","@id":"https:\/\/www.immo-invest.ch\/fr\/walensee-steilwand-solarprojekt-wird-eingestellt\/#authorImage","url":"https:\/\/secure.gravatar.com\/avatar\/8e01f4d99f2eeea7a362ebb93305e1172a70e9293ba250f897a65c39f54cdd1e?s=96&d=mm&r=g","width":96,"height":96,"caption":"immovestuser"}},{"@type":"WebPage","@id":"https:\/\/www.immo-invest.ch\/fr\/walensee-steilwand-solarprojekt-wird-eingestellt\/#webpage","url":"https:\/\/www.immo-invest.ch\/fr\/walensee-steilwand-solarprojekt-wird-eingestellt\/","name":"Walensee : le projet solaire de falaise est abandonn\u00e9 - immo!nvest - Die Plattform f\u00fcr Standorte und Immobilien","description":"Les entreprises d'\u00e9lectricit\u00e9 du canton de Zurich (EKZ) et St.Gallisch-Appenzellische Kraftwerke AG (SAK) abandonnent le projet solaire Felsenstrom au-dessus du lac de Walenstadt. Des retards dans la proc\u00e9dure d'autorisation et des risques techniques rendent improbable l'ach\u00e8vement du projet d'ici 2030.","inLanguage":"fr-FR","isPartOf":{"@id":"https:\/\/www.immo-invest.ch\/fr\/#website"},"breadcrumb":{"@id":"https:\/\/www.immo-invest.ch\/fr\/walensee-steilwand-solarprojekt-wird-eingestellt\/#breadcrumblist"},"author":{"@id":"https:\/\/www.immo-invest.ch\/fr\/author\/immovestuser\/#author"},"creator":{"@id":"https:\/\/www.immo-invest.ch\/fr\/author\/immovestuser\/#author"},"image":{"@type":"ImageObject","url":"https:\/\/www.immo-invest.ch\/wp-content\/uploads\/2025\/11\/banoviag_realistic_aerial_view_of_a_steep_rocky_mountainside__f499e4e6-3047-43e5-a707-3b5fc0ab602b_3.png","@id":"https:\/\/www.immo-invest.ch\/fr\/walensee-steilwand-solarprojekt-wird-eingestellt\/#mainImage","width":1536,"height":768},"primaryImageOfPage":{"@id":"https:\/\/www.immo-invest.ch\/fr\/walensee-steilwand-solarprojekt-wird-eingestellt\/#mainImage"},"datePublished":"2025-12-04T12:20:00+01:00","dateModified":"2025-12-03T08:47:32+01:00"},{"@type":"WebSite","@id":"https:\/\/www.immo-invest.ch\/fr\/#website","url":"https:\/\/www.immo-invest.ch\/fr\/","name":"immo!nvest - Die Plattform f\u00fcr Standorte und Immobilien","description":"Die\u00a0Plattform f\u00fcr Standorte und Immobilien","inLanguage":"fr-FR","publisher":{"@id":"https:\/\/www.immo-invest.ch\/fr\/#organization"}}]},"og:locale":"fr_FR","og:site_name":"immo!nvest - Die Plattform f\u00fcr Standorte und Immobilien - Die\u00a0Plattform f\u00fcr Standorte und Immobilien","og:type":"article","og:title":"Walensee : le projet solaire de falaise est abandonn\u00e9 - immo!nvest - Die Plattform f\u00fcr Standorte und Immobilien","og:description":"Les entreprises d'\u00e9lectricit\u00e9 du canton de Zurich (EKZ) et St.Gallisch-Appenzellische Kraftwerke AG (SAK) abandonnent le projet solaire Felsenstrom au-dessus du lac de Walenstadt. Des retards dans la proc\u00e9dure d'autorisation et des risques techniques rendent improbable l'ach\u00e8vement du projet d'ici 2030.","og:url":"https:\/\/www.immo-invest.ch\/fr\/walensee-steilwand-solarprojekt-wird-eingestellt\/","og:image":"https:\/\/www.immo-invest.ch\/wp-content\/uploads\/2025\/11\/banoviag_realistic_aerial_view_of_a_steep_rocky_mountainside__f499e4e6-3047-43e5-a707-3b5fc0ab602b_3.png","og:image:secure_url":"https:\/\/www.immo-invest.ch\/wp-content\/uploads\/2025\/11\/banoviag_realistic_aerial_view_of_a_steep_rocky_mountainside__f499e4e6-3047-43e5-a707-3b5fc0ab602b_3.png","og:image:width":1536,"og:image:height":768,"article:published_time":"2025-12-04T11:20:00+00:00","article:modified_time":"2025-12-03T07:47:32+00:00","article:publisher":"https:\/\/www.facebook.com\/people\/Immoinvest\/100077962920504\/","twitter:card":"summary_large_image","twitter:site":"@i","twitter:title":"Walensee : le projet solaire de falaise est abandonn\u00e9 - immo!nvest - Die Plattform f\u00fcr Standorte und Immobilien","twitter:description":"Les entreprises d'\u00e9lectricit\u00e9 du canton de Zurich (EKZ) et St.Gallisch-Appenzellische Kraftwerke AG (SAK) abandonnent le projet solaire Felsenstrom au-dessus du lac de Walenstadt. Des retards dans la proc\u00e9dure d'autorisation et des risques techniques rendent improbable l'ach\u00e8vement du projet d'ici 2030.","twitter:creator":"@i","twitter:image":"https:\/\/www.immo-invest.ch\/wp-content\/uploads\/2025\/11\/banoviag_realistic_aerial_view_of_a_steep_rocky_mountainside__f499e4e6-3047-43e5-a707-3b5fc0ab602b_3.png"},"aioseo_meta_data":{"post_id":"145133","title":null,"description":null,"keywords":null,"keyphrases":{"focus":{"keyphrase":"","score":0,"analysis":{"keyphraseInTitle":{"score":0,"maxScore":9,"error":1}}},"additional":[]},"primary_term":null,"canonical_url":null,"og_title":null,"og_description":null,"og_object_type":"default","og_image_type":"default","og_image_url":null,"og_image_width":null,"og_image_height":null,"og_image_custom_url":null,"og_image_custom_fields":null,"og_video":"","og_custom_url":null,"og_article_section":null,"og_article_tags":null,"twitter_use_og":false,"twitter_card":"default","twitter_image_type":"default","twitter_image_url":null,"twitter_image_custom_url":null,"twitter_image_custom_fields":null,"twitter_title":null,"twitter_description":null,"schema":{"blockGraphs":[],"customGraphs":[],"default":{"data":{"Article":[],"Course":[],"Dataset":[],"FAQPage":[],"Movie":[],"Person":[],"Product":[],"ProductReview":[],"Car":[],"Recipe":[],"Service":[],"SoftwareApplication":[],"WebPage":[]},"graphName":"BlogPosting","isEnabled":true},"graphs":[]},"schema_type":"default","schema_type_options":null,"pillar_content":false,"robots_default":true,"robots_noindex":false,"robots_noarchive":false,"robots_nosnippet":false,"robots_nofollow":false,"robots_noimageindex":false,"robots_noodp":false,"robots_notranslate":false,"robots_max_snippet":"-1","robots_max_videopreview":"-1","robots_max_imagepreview":"large","priority":null,"frequency":"default","local_seo":null,"breadcrumb_settings":null,"limit_modified_date":false,"ai":{"faqs":[],"keyPoints":[],"titles":[],"descriptions":[],"socialPosts":{"email":[],"linkedin":[],"twitter":[],"facebook":[],"instagram":[]}},"created":"2025-12-03 07:47:34","updated":"2025-12-04 11:24:37","seo_analyzer_scan_date":null,"focus_keyword":null,"additional_keywords":null,"truseo_locale":null},"aioseo_breadcrumb":"<div class=\"aioseo-breadcrumbs\"><span class=\"aioseo-breadcrumb\">\n\t\t\t<a href=\"https:\/\/www.immo-invest.ch\/fr\/\" title=\"Home\">Home<\/a>\n\t\t<\/span><span class=\"aioseo-breadcrumb-separator\">&raquo;<\/span><span class=\"aioseo-breadcrumb\">\n\t\t\t<a href=\"https:\/\/www.immo-invest.ch\/fr\/categories\/trends-fr\/\" title=\"Trends\">Trends<\/a>\n\t\t<\/span><span class=\"aioseo-breadcrumb-separator\">&raquo;<\/span><span class=\"aioseo-breadcrumb\">\n\t\t\t<a href=\"https:\/\/www.immo-invest.ch\/fr\/categories\/trends-fr\/durabilite\/\" title=\"Durabilit\u00e9\">Durabilit\u00e9<\/a>\n\t\t<\/span><span class=\"aioseo-breadcrumb-separator\">&raquo;<\/span><span class=\"aioseo-breadcrumb\">\n\t\t\tWalensee : le projet solaire de falaise est abandonn\u00e9\n\t\t<\/span><\/div>","aioseo_breadcrumb_json":[{"label":"Home","link":"https:\/\/www.immo-invest.ch\/fr\/"},{"label":"Trends","link":"https:\/\/www.immo-invest.ch\/fr\/categories\/trends-fr\/"},{"label":"Durabilit\u00e9","link":"https:\/\/www.immo-invest.ch\/fr\/categories\/trends-fr\/durabilite\/"},{"label":"Walensee : le projet solaire de falaise est abandonn\u00e9","link":"https:\/\/www.immo-invest.ch\/fr\/walensee-steilwand-solarprojekt-wird-eingestellt\/"}],"featured_image_src":"https:\/\/www.immo-invest.ch\/wp-content\/uploads\/2025\/11\/banoviag_realistic_aerial_view_of_a_steep_rocky_mountainside__f499e4e6-3047-43e5-a707-3b5fc0ab602b_3-336x168.png","_links":{"self":[{"href":"https:\/\/www.immo-invest.ch\/fr\/wp-json\/wp\/v2\/posts\/145133","targetHints":{"allow":["GET"]}}],"collection":[{"href":"https:\/\/www.immo-invest.ch\/fr\/wp-json\/wp\/v2\/posts"}],"about":[{"href":"https:\/\/www.immo-invest.ch\/fr\/wp-json\/wp\/v2\/types\/post"}],"author":[{"embeddable":true,"href":"https:\/\/www.immo-invest.ch\/fr\/wp-json\/wp\/v2\/users\/2"}],"replies":[{"embeddable":true,"href":"https:\/\/www.immo-invest.ch\/fr\/wp-json\/wp\/v2\/comments?post=145133"}],"version-history":[{"count":0,"href":"https:\/\/www.immo-invest.ch\/fr\/wp-json\/wp\/v2\/posts\/145133\/revisions"}],"wp:featuredmedia":[{"embeddable":true,"href":"https:\/\/www.immo-invest.ch\/fr\/wp-json\/wp\/v2\/media\/145134"}],"wp:attachment":[{"href":"https:\/\/www.immo-invest.ch\/fr\/wp-json\/wp\/v2\/media?parent=145133"}],"wp:term":[{"taxonomy":"category","embeddable":true,"href":"https:\/\/www.immo-invest.ch\/fr\/wp-json\/wp\/v2\/categories?post=145133"},{"taxonomy":"post_tag","embeddable":true,"href":"https:\/\/www.immo-invest.ch\/fr\/wp-json\/wp\/v2\/tags?post=145133"}],"curies":[{"name":"wp","href":"https:\/\/api.w.org\/{rel}","templated":true}]}}