{"id":144962,"date":"2025-12-02T09:16:02","date_gmt":"2025-12-02T08:16:02","guid":{"rendered":"https:\/\/www.immo-invest.ch\/?p=144962"},"modified":"2025-12-02T09:16:07","modified_gmt":"2025-12-02T08:16:07","slug":"changement-de-generation-chez-suissetec-avec-dennis-reichardt","status":"publish","type":"post","link":"https:\/\/www.immo-invest.ch\/fr\/changement-de-generation-chez-suissetec-avec-dennis-reichardt\/","title":{"rendered":"Changement de g\u00e9n\u00e9ration chez suissetec avec Dennis Reichardt"},"content":{"rendered":"<p class=\"wp-block-paragraph\">Dennis Reichardt est engag&eacute; dans l&rsquo;association depuis pr&egrave;s de deux d&eacute;cennies et, en tant qu&rsquo;entrepreneur employant 120 personnes dans les domaines du chauffage, de la ventilation, de la climatisation et des installations sanitaires, il apporte une orientation pratique marqu&eacute;e. Son &laquo;&nbsp;id&eacute;e suisse&nbsp;&raquo; associe l&rsquo;ambition de positionner suissetec comme moteur de l&rsquo;efficacit&eacute; &eacute;nerg&eacute;tique et des solutions renouvelables &agrave; un engagement clair en faveur de la coop&eacute;ration entre toutes les r&eacute;gions linguistiques.<\/p>\n\n\n\n<p class=\"wp-block-paragraph\">En mettant l&rsquo;accent sur la qualit&eacute;, la promotion de la rel&egrave;ve et la coh&eacute;sion, Reichardt veut diriger l&rsquo;association dans une phase o&ugrave; la technique du b&acirc;timent joue un r&ocirc;le cl&eacute; dans la r&eacute;alisation des objectifs climatiques et la d&eacute;carbonisation du parc immobilier. Pour le secteur, cela signifie poursuivre sur sa lanc&eacute;e, mais en mettant encore plus l&rsquo;accent sur l&rsquo;<span class=\"glossaryLink\" aria-describedby=\"tt\" data-cmtooltip=\"&lt;div class=glossaryItemTitle&gt;Innovation&lt;\/div&gt;&lt;div class=glossaryItemBody&gt;Innovation in der heutigen Immobilienwelt bedeutet vor allem Digitalisierung von Prozessen. Zum Beispiel das Eliminieren von Tausenden von Excel-Bl&auml;ttern f&uuml;r Portfolio- und Asset-Manager oder das Erstellen einer Anwendung (App) f&uuml;r alle Formalit&auml;ten rund um die Beziehung zwischen Immobilieneigent&uuml;mern, - verwaltung und -mietern.&lt;\/div&gt;\" data-mobile-support=\"0\" data-gt-translate-attributes='[{\"attribute\":\"data-cmtooltip\", \"format\":\"html\"}]' tabindex=\"0\" role=\"link\">innovation<\/span>, le d&eacute;veloppement de la main-d&rsquo;&oelig;uvre qualifi&eacute;e et l&rsquo;approche syst&eacute;mique int&eacute;grale.<\/p>\n\n\n\n<p class=\"wp-block-paragraph\"><strong>Continuit&eacute; gr&acirc;ce &agrave; la pr&eacute;sidence d&rsquo;honneur et &agrave; la planification roulante<br><\/strong>Avec le passage de Daniel Huser &agrave; la pr&eacute;sidence d&rsquo;honneur, suissetec reste &eacute;troitement li&eacute;e &agrave; une personnalit&eacute; dirigeante qui a marqu&eacute; l&rsquo;association pendant onze ans et qui a syst&eacute;matiquement encourag&eacute; la r&eacute;flexion interprofessionnelle. Son style de direction, interdisciplinaire, coop&eacute;ratif et ax&eacute; sur l&rsquo;int&eacute;r&ecirc;t g&eacute;n&eacute;ral de la branche, constitue un cadre de r&eacute;f&eacute;rence pour la nouvelle pr&eacute;sidence.<\/p>\n\n\n\n<p class=\"wp-block-paragraph\">Parall&egrave;lement, le renouvellement progressif du Comit&eacute; central assure la stabilit&eacute; institutionnelle. Gr&acirc;ce &agrave; des passations de pouvoir clairement planifi&eacute;es et &agrave; des limitations de la dur&eacute;e des mandats, le savoir-faire est transmis en continu, sans pour autant freiner l&rsquo;&eacute;lan de renouvellement. Suissetec se positionne ainsi comme une association qui pense &agrave; long terme, planifie &agrave; l&rsquo;avance en mati&egrave;re de personnel et reste en m&ecirc;me temps ouverte &agrave; de nouveaux visages et perspectives.<\/p>\n\n","protected":false},"excerpt":{"rendered":"<p>Avec l&rsquo;\u00e9lection de Dennis Reichardt comme nouveau pr\u00e9sident central, suissetec proc\u00e8de \u00e0 un changement de direction soigneusement pr\u00e9par\u00e9, qui allie continuit\u00e9 personnelle et renouvellement strat\u00e9gique. Parall\u00e8lement, l&rsquo;association mise sur une \u00e9quipe renforc\u00e9e et largement soutenue au sein du comit\u00e9 central pour piloter la branche de la technique du b\u00e2timent \u00e0 travers les transformations de la politique \u00e9nerg\u00e9tique et climatique.<\/p>\n","protected":false},"author":2,"featured_media":144963,"comment_status":"open","ping_status":"open","sticky":false,"template":"","format":"standard","meta":{"pmpro_default_level":"","inline_featured_image":false,"_monsterinsights_skip_tracking":false,"footnotes":""},"categories":[22696,4464,743,22357,22303],"tags":[55621,55622,872,3931,2002,55623],"class_list":["post-144962","post","type-post","status-publish","format-standard","has-post-thumbnail","hentry","category-entreprise","category-gens","category-immonews-fr","category-industrie-du-batiment","category-suisse","tag-fuehrungswechsel-2","tag-gebaudetechnik","tag-immoinvest-fr","tag-immonews-fr","tag-news-fr","tag-verbandspolitik","pmpro-has-access"],"acf":{"bild_mit_ki_erstellt_worden":"","lead":"Avec l'\u00e9lection de Dennis Reichardt comme nouveau pr\u00e9sident central, suissetec proc\u00e8de \u00e0 un changement de direction soigneusement pr\u00e9par\u00e9, qui allie continuit\u00e9 personnelle et renouvellement strat\u00e9gique. Parall\u00e8lement, l'association mise sur une \u00e9quipe renforc\u00e9e et largement soutenue au sein du comit\u00e9 central pour piloter la branche de la technique du b\u00e2timent \u00e0 travers les transformations de la politique \u00e9nerg\u00e9tique et climatique.","autor":"Quelle swisstec","ort":"","bildunterschrift":"","bild_im_grid":false,"gallerie":"","newsim":""},"aioseo_notices":[],"aioseo_head":"\n\t\t<!-- All in One SEO 5.0.0.1 - aioseo.com -->\n\t<meta name=\"description\" content=\"Avec l&#039;\u00e9lection de Dennis Reichardt comme nouveau pr\u00e9sident central, suissetec proc\u00e8de \u00e0 un changement de direction soigneusement pr\u00e9par\u00e9, qui allie continuit\u00e9 personnelle et renouvellement strat\u00e9gique. Parall\u00e8lement, l&#039;association mise sur une \u00e9quipe renforc\u00e9e et largement soutenue au sein du comit\u00e9 central pour piloter la branche de la technique du b\u00e2timent \u00e0 travers les transformations de la politique \u00e9nerg\u00e9tique et climatique.\" \/>\n\t<meta name=\"robots\" content=\"max-image-preview:large\" \/>\n\t<meta name=\"author\" content=\"immovestuser\"\/>\n\t<meta name=\"google-site-verification\" content=\"fHJKvgWpZCR2zVBHWfkQeFXC11qieUSff0HGNYfuyLA\" \/>\n\t<link rel=\"canonical\" href=\"https:\/\/www.immo-invest.ch\/fr\/changement-de-generation-chez-suissetec-avec-dennis-reichardt\/\" \/>\n\t<meta name=\"generator\" content=\"All in One SEO (AIOSEO) 5.0.0.1\" \/>\n\t\t<meta property=\"og:locale\" content=\"fr_FR\" \/>\n\t\t<meta property=\"og:site_name\" content=\"immo!nvest - Die Plattform f\u00fcr Standorte und Immobilien - Die\u00a0Plattform f\u00fcr Standorte und Immobilien\" \/>\n\t\t<meta property=\"og:type\" content=\"article\" \/>\n\t\t<meta property=\"og:title\" content=\"Changement de g\u00e9n\u00e9ration chez suissetec avec Dennis Reichardt - immo!nvest - Die Plattform f\u00fcr Standorte und Immobilien\" \/>\n\t\t<meta property=\"og:description\" content=\"Avec l&#039;\u00e9lection de Dennis Reichardt comme nouveau pr\u00e9sident central, suissetec proc\u00e8de \u00e0 un changement de direction soigneusement pr\u00e9par\u00e9, qui allie continuit\u00e9 personnelle et renouvellement strat\u00e9gique. Parall\u00e8lement, l&#039;association mise sur une \u00e9quipe renforc\u00e9e et largement soutenue au sein du comit\u00e9 central pour piloter la branche de la technique du b\u00e2timent \u00e0 travers les transformations de la politique \u00e9nerg\u00e9tique et climatique.\" \/>\n\t\t<meta property=\"og:url\" content=\"https:\/\/www.immo-invest.ch\/fr\/changement-de-generation-chez-suissetec-avec-dennis-reichardt\/\" \/>\n\t\t<meta property=\"og:image\" content=\"https:\/\/www.immo-invest.ch\/wp-content\/uploads\/2025\/12\/suissetec_zentralvorstand.jpg\" \/>\n\t\t<meta property=\"og:image:secure_url\" content=\"https:\/\/www.immo-invest.ch\/wp-content\/uploads\/2025\/12\/suissetec_zentralvorstand.jpg\" \/>\n\t\t<meta property=\"og:image:width\" content=\"1000\" \/>\n\t\t<meta property=\"og:image:height\" content=\"667\" \/>\n\t\t<meta property=\"article:published_time\" content=\"2025-12-02T08:16:02+00:00\" \/>\n\t\t<meta property=\"article:modified_time\" content=\"2025-12-02T08:16:07+00:00\" \/>\n\t\t<meta property=\"article:publisher\" content=\"https:\/\/www.facebook.com\/people\/Immoinvest\/100077962920504\/\" \/>\n\t\t<meta name=\"twitter:card\" content=\"summary_large_image\" \/>\n\t\t<meta name=\"twitter:site\" content=\"@i\" \/>\n\t\t<meta name=\"twitter:title\" content=\"Changement de g\u00e9n\u00e9ration chez suissetec avec Dennis Reichardt - immo!nvest - Die Plattform f\u00fcr Standorte und Immobilien\" \/>\n\t\t<meta name=\"twitter:description\" content=\"Avec l&#039;\u00e9lection de Dennis Reichardt comme nouveau pr\u00e9sident central, suissetec proc\u00e8de \u00e0 un changement de direction soigneusement pr\u00e9par\u00e9, qui allie continuit\u00e9 personnelle et renouvellement strat\u00e9gique. Parall\u00e8lement, l&#039;association mise sur une \u00e9quipe renforc\u00e9e et largement soutenue au sein du comit\u00e9 central pour piloter la branche de la technique du b\u00e2timent \u00e0 travers les transformations de la politique \u00e9nerg\u00e9tique et climatique.\" \/>\n\t\t<meta name=\"twitter:creator\" content=\"@i\" \/>\n\t\t<meta name=\"twitter:image\" content=\"https:\/\/www.immo-invest.ch\/wp-content\/uploads\/2025\/12\/suissetec_zentralvorstand.jpg\" \/>\n\t\t<script type=\"application\/ld+json\" class=\"aioseo-schema\">\n\t\t\t{\"@context\":\"https:\\\/\\\/schema.org\",\"@graph\":[{\"@type\":\"BlogPosting\",\"@id\":\"https:\\\/\\\/www.immo-invest.ch\\\/fr\\\/changement-de-generation-chez-suissetec-avec-dennis-reichardt\\\/#blogposting\",\"name\":\"Changement de g\\u00e9n\\u00e9ration chez suissetec avec Dennis Reichardt - immo!nvest - Die Plattform f\\u00fcr Standorte und Immobilien\",\"headline\":\"Changement de g\\u00e9n\\u00e9ration chez suissetec avec Dennis Reichardt\",\"author\":{\"@id\":\"https:\\\/\\\/www.immo-invest.ch\\\/fr\\\/author\\\/immovestuser\\\/#author\"},\"publisher\":{\"@id\":\"https:\\\/\\\/www.immo-invest.ch\\\/fr\\\/#organization\"},\"image\":{\"@type\":\"ImageObject\",\"url\":\"https:\\\/\\\/www.immo-invest.ch\\\/wp-content\\\/uploads\\\/2025\\\/12\\\/suissetec_zentralvorstand.jpg\",\"width\":1000,\"height\":667},\"datePublished\":\"2025-12-02T09:16:02+01:00\",\"dateModified\":\"2025-12-02T09:16:07+01:00\",\"inLanguage\":\"fr-FR\",\"mainEntityOfPage\":{\"@id\":\"https:\\\/\\\/www.immo-invest.ch\\\/fr\\\/changement-de-generation-chez-suissetec-avec-dennis-reichardt\\\/#webpage\"},\"isPartOf\":{\"@id\":\"https:\\\/\\\/www.immo-invest.ch\\\/fr\\\/changement-de-generation-chez-suissetec-avec-dennis-reichardt\\\/#webpage\"},\"articleSection\":\"Entreprise, Gens, immoNews, Industrie du b\\u00e2timent, Suisse, Fuehrungswechsel, Gebaudetechnik, Immoinvest, immoNews, News, Verbandspolitik, Facultatif\"},{\"@type\":\"BreadcrumbList\",\"@id\":\"https:\\\/\\\/www.immo-invest.ch\\\/fr\\\/changement-de-generation-chez-suissetec-avec-dennis-reichardt\\\/#breadcrumblist\",\"itemListElement\":[{\"@type\":\"ListItem\",\"@id\":\"https:\\\/\\\/www.immo-invest.ch\\\/fr\\\/#listItem\",\"position\":1,\"name\":\"Home\",\"item\":\"https:\\\/\\\/www.immo-invest.ch\\\/fr\\\/\",\"nextItem\":{\"@type\":\"ListItem\",\"@id\":\"https:\\\/\\\/www.immo-invest.ch\\\/fr\\\/categories\\\/personnes\\\/#listItem\",\"name\":\"Personnes\"}},{\"@type\":\"ListItem\",\"@id\":\"https:\\\/\\\/www.immo-invest.ch\\\/fr\\\/categories\\\/personnes\\\/#listItem\",\"position\":2,\"name\":\"Personnes\",\"item\":\"https:\\\/\\\/www.immo-invest.ch\\\/fr\\\/categories\\\/personnes\\\/\",\"nextItem\":{\"@type\":\"ListItem\",\"@id\":\"https:\\\/\\\/www.immo-invest.ch\\\/fr\\\/categories\\\/personnes\\\/gens\\\/#listItem\",\"name\":\"Gens\"},\"previousItem\":{\"@type\":\"ListItem\",\"@id\":\"https:\\\/\\\/www.immo-invest.ch\\\/fr\\\/#listItem\",\"name\":\"Home\"}},{\"@type\":\"ListItem\",\"@id\":\"https:\\\/\\\/www.immo-invest.ch\\\/fr\\\/categories\\\/personnes\\\/gens\\\/#listItem\",\"position\":3,\"name\":\"Gens\",\"item\":\"https:\\\/\\\/www.immo-invest.ch\\\/fr\\\/categories\\\/personnes\\\/gens\\\/\",\"nextItem\":{\"@type\":\"ListItem\",\"@id\":\"https:\\\/\\\/www.immo-invest.ch\\\/fr\\\/changement-de-generation-chez-suissetec-avec-dennis-reichardt\\\/#listItem\",\"name\":\"Changement de g\\u00e9n\\u00e9ration chez suissetec avec Dennis Reichardt\"},\"previousItem\":{\"@type\":\"ListItem\",\"@id\":\"https:\\\/\\\/www.immo-invest.ch\\\/fr\\\/categories\\\/personnes\\\/#listItem\",\"name\":\"Personnes\"}},{\"@type\":\"ListItem\",\"@id\":\"https:\\\/\\\/www.immo-invest.ch\\\/fr\\\/changement-de-generation-chez-suissetec-avec-dennis-reichardt\\\/#listItem\",\"position\":4,\"name\":\"Changement de g\\u00e9n\\u00e9ration chez suissetec avec Dennis Reichardt\",\"previousItem\":{\"@type\":\"ListItem\",\"@id\":\"https:\\\/\\\/www.immo-invest.ch\\\/fr\\\/categories\\\/personnes\\\/gens\\\/#listItem\",\"name\":\"Gens\"}}]},{\"@type\":\"Organization\",\"@id\":\"https:\\\/\\\/www.immo-invest.ch\\\/fr\\\/#organization\",\"name\":\"immo!nvest - Die Plattform f\\u00fcr Standorte und Immobilien\",\"description\":\"Die\\u00a0Plattform f\\u00fcr Standorte und Immobilien\",\"url\":\"https:\\\/\\\/www.immo-invest.ch\\\/fr\\\/\",\"email\":\"admin@immomedia.ag\",\"telephone\":\"+41444420002\",\"logo\":{\"@type\":\"ImageObject\",\"url\":\"https:\\\/\\\/www.immo-invest.ch\\\/wp-content\\\/uploads\\\/2024\\\/09\\\/immoinvest_sm-scaled.jpg\",\"@id\":\"https:\\\/\\\/www.immo-invest.ch\\\/fr\\\/changement-de-generation-chez-suissetec-avec-dennis-reichardt\\\/#organizationLogo\",\"width\":2560,\"height\":1340},\"image\":{\"@id\":\"https:\\\/\\\/www.immo-invest.ch\\\/fr\\\/changement-de-generation-chez-suissetec-avec-dennis-reichardt\\\/#organizationLogo\"},\"sameAs\":[\"https:\\\/\\\/www.facebook.com\\\/people\\\/Immoinvest\\\/100077962920504\\\/\",\"https:\\\/\\\/x.com\\\/i\\\/flow\\\/login?redirect_after_login=immoinvest_ch\",\"https:\\\/\\\/www.instagram.com\\\/immoinvest_ch\\\/\",\"https:\\\/\\\/www.linkedin.com\\\/company\\\/immoinvest-swiss\"]},{\"@type\":\"Person\",\"@id\":\"https:\\\/\\\/www.immo-invest.ch\\\/fr\\\/author\\\/immovestuser\\\/#author\",\"url\":\"https:\\\/\\\/www.immo-invest.ch\\\/fr\\\/author\\\/immovestuser\\\/\",\"name\":\"immovestuser\",\"image\":{\"@type\":\"ImageObject\",\"@id\":\"https:\\\/\\\/www.immo-invest.ch\\\/fr\\\/changement-de-generation-chez-suissetec-avec-dennis-reichardt\\\/#authorImage\",\"url\":\"https:\\\/\\\/secure.gravatar.com\\\/avatar\\\/8e01f4d99f2eeea7a362ebb93305e1172a70e9293ba250f897a65c39f54cdd1e?s=96&d=mm&r=g\",\"width\":96,\"height\":96,\"caption\":\"immovestuser\"}},{\"@type\":\"WebPage\",\"@id\":\"https:\\\/\\\/www.immo-invest.ch\\\/fr\\\/changement-de-generation-chez-suissetec-avec-dennis-reichardt\\\/#webpage\",\"url\":\"https:\\\/\\\/www.immo-invest.ch\\\/fr\\\/changement-de-generation-chez-suissetec-avec-dennis-reichardt\\\/\",\"name\":\"Changement de g\\u00e9n\\u00e9ration chez suissetec avec Dennis Reichardt - immo!nvest - Die Plattform f\\u00fcr Standorte und Immobilien\",\"description\":\"Avec l'\\u00e9lection de Dennis Reichardt comme nouveau pr\\u00e9sident central, suissetec proc\\u00e8de \\u00e0 un changement de direction soigneusement pr\\u00e9par\\u00e9, qui allie continuit\\u00e9 personnelle et renouvellement strat\\u00e9gique. Parall\\u00e8lement, l'association mise sur une \\u00e9quipe renforc\\u00e9e et largement soutenue au sein du comit\\u00e9 central pour piloter la branche de la technique du b\\u00e2timent \\u00e0 travers les transformations de la politique \\u00e9nerg\\u00e9tique et climatique.\",\"inLanguage\":\"fr-FR\",\"isPartOf\":{\"@id\":\"https:\\\/\\\/www.immo-invest.ch\\\/fr\\\/#website\"},\"breadcrumb\":{\"@id\":\"https:\\\/\\\/www.immo-invest.ch\\\/fr\\\/changement-de-generation-chez-suissetec-avec-dennis-reichardt\\\/#breadcrumblist\"},\"author\":{\"@id\":\"https:\\\/\\\/www.immo-invest.ch\\\/fr\\\/author\\\/immovestuser\\\/#author\"},\"creator\":{\"@id\":\"https:\\\/\\\/www.immo-invest.ch\\\/fr\\\/author\\\/immovestuser\\\/#author\"},\"image\":{\"@type\":\"ImageObject\",\"url\":\"https:\\\/\\\/www.immo-invest.ch\\\/wp-content\\\/uploads\\\/2025\\\/12\\\/suissetec_zentralvorstand.jpg\",\"@id\":\"https:\\\/\\\/www.immo-invest.ch\\\/fr\\\/changement-de-generation-chez-suissetec-avec-dennis-reichardt\\\/#mainImage\",\"width\":1000,\"height\":667},\"primaryImageOfPage\":{\"@id\":\"https:\\\/\\\/www.immo-invest.ch\\\/fr\\\/changement-de-generation-chez-suissetec-avec-dennis-reichardt\\\/#mainImage\"},\"datePublished\":\"2025-12-02T09:16:02+01:00\",\"dateModified\":\"2025-12-02T09:16:07+01:00\"},{\"@type\":\"WebSite\",\"@id\":\"https:\\\/\\\/www.immo-invest.ch\\\/fr\\\/#website\",\"url\":\"https:\\\/\\\/www.immo-invest.ch\\\/fr\\\/\",\"name\":\"immo!nvest - Die Plattform f\\u00fcr Standorte und Immobilien\",\"description\":\"Die\\u00a0Plattform f\\u00fcr Standorte und Immobilien\",\"inLanguage\":\"fr-FR\",\"publisher\":{\"@id\":\"https:\\\/\\\/www.immo-invest.ch\\\/fr\\\/#organization\"}}]}\n\t\t<\/script>\n\t\t<!-- All in One SEO -->\n\n","aioseo_head_json":{"title":"Changement de g\u00e9n\u00e9ration chez suissetec avec Dennis Reichardt - immo!nvest - Die Plattform f\u00fcr Standorte und Immobilien","description":"Avec l'\u00e9lection de Dennis Reichardt comme nouveau pr\u00e9sident central, suissetec proc\u00e8de \u00e0 un changement de direction soigneusement pr\u00e9par\u00e9, qui allie continuit\u00e9 personnelle et renouvellement strat\u00e9gique. Parall\u00e8lement, l'association mise sur une \u00e9quipe renforc\u00e9e et largement soutenue au sein du comit\u00e9 central pour piloter la branche de la technique du b\u00e2timent \u00e0 travers les transformations de la politique \u00e9nerg\u00e9tique et climatique.","canonical_url":"https:\/\/www.immo-invest.ch\/fr\/changement-de-generation-chez-suissetec-avec-dennis-reichardt\/","robots":"max-image-preview:large","keywords":"","webmasterTools":{"google-site-verification":"fHJKvgWpZCR2zVBHWfkQeFXC11qieUSff0HGNYfuyLA","miscellaneous":""},"schema":{"@context":"https:\/\/schema.org","@graph":[{"@type":"BlogPosting","@id":"https:\/\/www.immo-invest.ch\/fr\/changement-de-generation-chez-suissetec-avec-dennis-reichardt\/#blogposting","name":"Changement de g\u00e9n\u00e9ration chez suissetec avec Dennis Reichardt - immo!nvest - Die Plattform f\u00fcr Standorte und Immobilien","headline":"Changement de g\u00e9n\u00e9ration chez suissetec avec Dennis Reichardt","author":{"@id":"https:\/\/www.immo-invest.ch\/fr\/author\/immovestuser\/#author"},"publisher":{"@id":"https:\/\/www.immo-invest.ch\/fr\/#organization"},"image":{"@type":"ImageObject","url":"https:\/\/www.immo-invest.ch\/wp-content\/uploads\/2025\/12\/suissetec_zentralvorstand.jpg","width":1000,"height":667},"datePublished":"2025-12-02T09:16:02+01:00","dateModified":"2025-12-02T09:16:07+01:00","inLanguage":"fr-FR","mainEntityOfPage":{"@id":"https:\/\/www.immo-invest.ch\/fr\/changement-de-generation-chez-suissetec-avec-dennis-reichardt\/#webpage"},"isPartOf":{"@id":"https:\/\/www.immo-invest.ch\/fr\/changement-de-generation-chez-suissetec-avec-dennis-reichardt\/#webpage"},"articleSection":"Entreprise, Gens, immoNews, Industrie du b\u00e2timent, Suisse, Fuehrungswechsel, Gebaudetechnik, Immoinvest, immoNews, News, Verbandspolitik, Facultatif"},{"@type":"BreadcrumbList","@id":"https:\/\/www.immo-invest.ch\/fr\/changement-de-generation-chez-suissetec-avec-dennis-reichardt\/#breadcrumblist","itemListElement":[{"@type":"ListItem","@id":"https:\/\/www.immo-invest.ch\/fr\/#listItem","position":1,"name":"Home","item":"https:\/\/www.immo-invest.ch\/fr\/","nextItem":{"@type":"ListItem","@id":"https:\/\/www.immo-invest.ch\/fr\/categories\/personnes\/#listItem","name":"Personnes"}},{"@type":"ListItem","@id":"https:\/\/www.immo-invest.ch\/fr\/categories\/personnes\/#listItem","position":2,"name":"Personnes","item":"https:\/\/www.immo-invest.ch\/fr\/categories\/personnes\/","nextItem":{"@type":"ListItem","@id":"https:\/\/www.immo-invest.ch\/fr\/categories\/personnes\/gens\/#listItem","name":"Gens"},"previousItem":{"@type":"ListItem","@id":"https:\/\/www.immo-invest.ch\/fr\/#listItem","name":"Home"}},{"@type":"ListItem","@id":"https:\/\/www.immo-invest.ch\/fr\/categories\/personnes\/gens\/#listItem","position":3,"name":"Gens","item":"https:\/\/www.immo-invest.ch\/fr\/categories\/personnes\/gens\/","nextItem":{"@type":"ListItem","@id":"https:\/\/www.immo-invest.ch\/fr\/changement-de-generation-chez-suissetec-avec-dennis-reichardt\/#listItem","name":"Changement de g\u00e9n\u00e9ration chez suissetec avec Dennis Reichardt"},"previousItem":{"@type":"ListItem","@id":"https:\/\/www.immo-invest.ch\/fr\/categories\/personnes\/#listItem","name":"Personnes"}},{"@type":"ListItem","@id":"https:\/\/www.immo-invest.ch\/fr\/changement-de-generation-chez-suissetec-avec-dennis-reichardt\/#listItem","position":4,"name":"Changement de g\u00e9n\u00e9ration chez suissetec avec Dennis Reichardt","previousItem":{"@type":"ListItem","@id":"https:\/\/www.immo-invest.ch\/fr\/categories\/personnes\/gens\/#listItem","name":"Gens"}}]},{"@type":"Organization","@id":"https:\/\/www.immo-invest.ch\/fr\/#organization","name":"immo!nvest - Die Plattform f\u00fcr Standorte und Immobilien","description":"Die\u00a0Plattform f\u00fcr Standorte und Immobilien","url":"https:\/\/www.immo-invest.ch\/fr\/","email":"admin@immomedia.ag","telephone":"+41444420002","logo":{"@type":"ImageObject","url":"https:\/\/www.immo-invest.ch\/wp-content\/uploads\/2024\/09\/immoinvest_sm-scaled.jpg","@id":"https:\/\/www.immo-invest.ch\/fr\/changement-de-generation-chez-suissetec-avec-dennis-reichardt\/#organizationLogo","width":2560,"height":1340},"image":{"@id":"https:\/\/www.immo-invest.ch\/fr\/changement-de-generation-chez-suissetec-avec-dennis-reichardt\/#organizationLogo"},"sameAs":["https:\/\/www.facebook.com\/people\/Immoinvest\/100077962920504\/","https:\/\/x.com\/i\/flow\/login?redirect_after_login=immoinvest_ch","https:\/\/www.instagram.com\/immoinvest_ch\/","https:\/\/www.linkedin.com\/company\/immoinvest-swiss"]},{"@type":"Person","@id":"https:\/\/www.immo-invest.ch\/fr\/author\/immovestuser\/#author","url":"https:\/\/www.immo-invest.ch\/fr\/author\/immovestuser\/","name":"immovestuser","image":{"@type":"ImageObject","@id":"https:\/\/www.immo-invest.ch\/fr\/changement-de-generation-chez-suissetec-avec-dennis-reichardt\/#authorImage","url":"https:\/\/secure.gravatar.com\/avatar\/8e01f4d99f2eeea7a362ebb93305e1172a70e9293ba250f897a65c39f54cdd1e?s=96&d=mm&r=g","width":96,"height":96,"caption":"immovestuser"}},{"@type":"WebPage","@id":"https:\/\/www.immo-invest.ch\/fr\/changement-de-generation-chez-suissetec-avec-dennis-reichardt\/#webpage","url":"https:\/\/www.immo-invest.ch\/fr\/changement-de-generation-chez-suissetec-avec-dennis-reichardt\/","name":"Changement de g\u00e9n\u00e9ration chez suissetec avec Dennis Reichardt - immo!nvest - Die Plattform f\u00fcr Standorte und Immobilien","description":"Avec l'\u00e9lection de Dennis Reichardt comme nouveau pr\u00e9sident central, suissetec proc\u00e8de \u00e0 un changement de direction soigneusement pr\u00e9par\u00e9, qui allie continuit\u00e9 personnelle et renouvellement strat\u00e9gique. Parall\u00e8lement, l'association mise sur une \u00e9quipe renforc\u00e9e et largement soutenue au sein du comit\u00e9 central pour piloter la branche de la technique du b\u00e2timent \u00e0 travers les transformations de la politique \u00e9nerg\u00e9tique et climatique.","inLanguage":"fr-FR","isPartOf":{"@id":"https:\/\/www.immo-invest.ch\/fr\/#website"},"breadcrumb":{"@id":"https:\/\/www.immo-invest.ch\/fr\/changement-de-generation-chez-suissetec-avec-dennis-reichardt\/#breadcrumblist"},"author":{"@id":"https:\/\/www.immo-invest.ch\/fr\/author\/immovestuser\/#author"},"creator":{"@id":"https:\/\/www.immo-invest.ch\/fr\/author\/immovestuser\/#author"},"image":{"@type":"ImageObject","url":"https:\/\/www.immo-invest.ch\/wp-content\/uploads\/2025\/12\/suissetec_zentralvorstand.jpg","@id":"https:\/\/www.immo-invest.ch\/fr\/changement-de-generation-chez-suissetec-avec-dennis-reichardt\/#mainImage","width":1000,"height":667},"primaryImageOfPage":{"@id":"https:\/\/www.immo-invest.ch\/fr\/changement-de-generation-chez-suissetec-avec-dennis-reichardt\/#mainImage"},"datePublished":"2025-12-02T09:16:02+01:00","dateModified":"2025-12-02T09:16:07+01:00"},{"@type":"WebSite","@id":"https:\/\/www.immo-invest.ch\/fr\/#website","url":"https:\/\/www.immo-invest.ch\/fr\/","name":"immo!nvest - Die Plattform f\u00fcr Standorte und Immobilien","description":"Die\u00a0Plattform f\u00fcr Standorte und Immobilien","inLanguage":"fr-FR","publisher":{"@id":"https:\/\/www.immo-invest.ch\/fr\/#organization"}}]},"og:locale":"fr_FR","og:site_name":"immo!nvest - Die Plattform f\u00fcr Standorte und Immobilien - Die\u00a0Plattform f\u00fcr Standorte und Immobilien","og:type":"article","og:title":"Changement de g\u00e9n\u00e9ration chez suissetec avec Dennis Reichardt - immo!nvest - Die Plattform f\u00fcr Standorte und Immobilien","og:description":"Avec l'\u00e9lection de Dennis Reichardt comme nouveau pr\u00e9sident central, suissetec proc\u00e8de \u00e0 un changement de direction soigneusement pr\u00e9par\u00e9, qui allie continuit\u00e9 personnelle et renouvellement strat\u00e9gique. Parall\u00e8lement, l'association mise sur une \u00e9quipe renforc\u00e9e et largement soutenue au sein du comit\u00e9 central pour piloter la branche de la technique du b\u00e2timent \u00e0 travers les transformations de la politique \u00e9nerg\u00e9tique et climatique.","og:url":"https:\/\/www.immo-invest.ch\/fr\/changement-de-generation-chez-suissetec-avec-dennis-reichardt\/","og:image":"https:\/\/www.immo-invest.ch\/wp-content\/uploads\/2025\/12\/suissetec_zentralvorstand.jpg","og:image:secure_url":"https:\/\/www.immo-invest.ch\/wp-content\/uploads\/2025\/12\/suissetec_zentralvorstand.jpg","og:image:width":1000,"og:image:height":667,"article:published_time":"2025-12-02T08:16:02+00:00","article:modified_time":"2025-12-02T08:16:07+00:00","article:publisher":"https:\/\/www.facebook.com\/people\/Immoinvest\/100077962920504\/","twitter:card":"summary_large_image","twitter:site":"@i","twitter:title":"Changement de g\u00e9n\u00e9ration chez suissetec avec Dennis Reichardt - immo!nvest - Die Plattform f\u00fcr Standorte und Immobilien","twitter:description":"Avec l'\u00e9lection de Dennis Reichardt comme nouveau pr\u00e9sident central, suissetec proc\u00e8de \u00e0 un changement de direction soigneusement pr\u00e9par\u00e9, qui allie continuit\u00e9 personnelle et renouvellement strat\u00e9gique. Parall\u00e8lement, l'association mise sur une \u00e9quipe renforc\u00e9e et largement soutenue au sein du comit\u00e9 central pour piloter la branche de la technique du b\u00e2timent \u00e0 travers les transformations de la politique \u00e9nerg\u00e9tique et climatique.","twitter:creator":"@i","twitter:image":"https:\/\/www.immo-invest.ch\/wp-content\/uploads\/2025\/12\/suissetec_zentralvorstand.jpg"},"aioseo_meta_data":{"post_id":"144962","title":null,"description":null,"keywords":null,"keyphrases":{"focus":{"keyphrase":"","score":0,"analysis":{"keyphraseInTitle":{"score":0,"maxScore":9,"error":1}}},"additional":[]},"primary_term":null,"canonical_url":null,"og_title":null,"og_description":null,"og_object_type":"default","og_image_type":"default","og_image_url":null,"og_image_width":null,"og_image_height":null,"og_image_custom_url":null,"og_image_custom_fields":null,"og_video":"","og_custom_url":null,"og_article_section":null,"og_article_tags":null,"twitter_use_og":false,"twitter_card":"default","twitter_image_type":"default","twitter_image_url":null,"twitter_image_custom_url":null,"twitter_image_custom_fields":null,"twitter_title":null,"twitter_description":null,"schema":{"blockGraphs":[],"customGraphs":[],"default":{"data":{"Article":[],"Course":[],"Dataset":[],"FAQPage":[],"Movie":[],"Person":[],"Product":[],"ProductReview":[],"Car":[],"Recipe":[],"Service":[],"SoftwareApplication":[],"WebPage":[]},"graphName":"BlogPosting","isEnabled":true},"graphs":[]},"schema_type":"default","schema_type_options":null,"pillar_content":false,"robots_default":true,"robots_noindex":false,"robots_noarchive":false,"robots_nosnippet":false,"robots_nofollow":false,"robots_noimageindex":false,"robots_noodp":false,"robots_notranslate":false,"robots_max_snippet":"-1","robots_max_videopreview":"-1","robots_max_imagepreview":"large","priority":null,"frequency":"default","local_seo":null,"breadcrumb_settings":null,"limit_modified_date":false,"ai":{"faqs":[],"keyPoints":[],"titles":[],"descriptions":[],"socialPosts":{"email":[],"linkedin":[],"twitter":[],"facebook":[],"instagram":[]}},"created":"2025-12-02 08:12:51","updated":"2025-12-02 08:20:44","seo_analyzer_scan_date":null,"focus_keyword":null,"additional_keywords":null,"truseo_locale":null},"aioseo_breadcrumb":"<div class=\"aioseo-breadcrumbs\"><span class=\"aioseo-breadcrumb\">\n\t\t\t<a href=\"https:\/\/www.immo-invest.ch\/fr\/\" title=\"Home\">Home<\/a>\n\t\t<\/span><span class=\"aioseo-breadcrumb-separator\">&raquo;<\/span><span class=\"aioseo-breadcrumb\">\n\t\t\t<a href=\"https:\/\/www.immo-invest.ch\/fr\/categories\/personnes\/\" title=\"Personnes\">Personnes<\/a>\n\t\t<\/span><span class=\"aioseo-breadcrumb-separator\">&raquo;<\/span><span class=\"aioseo-breadcrumb\">\n\t\t\t<a href=\"https:\/\/www.immo-invest.ch\/fr\/categories\/personnes\/gens\/\" title=\"Gens\">Gens<\/a>\n\t\t<\/span><span class=\"aioseo-breadcrumb-separator\">&raquo;<\/span><span class=\"aioseo-breadcrumb\">\n\t\t\tChangement de g\u00e9n\u00e9ration chez suissetec avec Dennis Reichardt\n\t\t<\/span><\/div>","aioseo_breadcrumb_json":[{"label":"Home","link":"https:\/\/www.immo-invest.ch\/fr\/"},{"label":"Personnes","link":"https:\/\/www.immo-invest.ch\/fr\/categories\/personnes\/"},{"label":"Gens","link":"https:\/\/www.immo-invest.ch\/fr\/categories\/personnes\/gens\/"},{"label":"Changement de g\u00e9n\u00e9ration chez suissetec avec Dennis Reichardt","link":"https:\/\/www.immo-invest.ch\/fr\/changement-de-generation-chez-suissetec-avec-dennis-reichardt\/"}],"featured_image_src":"https:\/\/www.immo-invest.ch\/wp-content\/uploads\/2025\/12\/suissetec_zentralvorstand-336x168.jpg","_links":{"self":[{"href":"https:\/\/www.immo-invest.ch\/fr\/wp-json\/wp\/v2\/posts\/144962","targetHints":{"allow":["GET"]}}],"collection":[{"href":"https:\/\/www.immo-invest.ch\/fr\/wp-json\/wp\/v2\/posts"}],"about":[{"href":"https:\/\/www.immo-invest.ch\/fr\/wp-json\/wp\/v2\/types\/post"}],"author":[{"embeddable":true,"href":"https:\/\/www.immo-invest.ch\/fr\/wp-json\/wp\/v2\/users\/2"}],"replies":[{"embeddable":true,"href":"https:\/\/www.immo-invest.ch\/fr\/wp-json\/wp\/v2\/comments?post=144962"}],"version-history":[{"count":0,"href":"https:\/\/www.immo-invest.ch\/fr\/wp-json\/wp\/v2\/posts\/144962\/revisions"}],"wp:featuredmedia":[{"embeddable":true,"href":"https:\/\/www.immo-invest.ch\/fr\/wp-json\/wp\/v2\/media\/144963"}],"wp:attachment":[{"href":"https:\/\/www.immo-invest.ch\/fr\/wp-json\/wp\/v2\/media?parent=144962"}],"wp:term":[{"taxonomy":"category","embeddable":true,"href":"https:\/\/www.immo-invest.ch\/fr\/wp-json\/wp\/v2\/categories?post=144962"},{"taxonomy":"post_tag","embeddable":true,"href":"https:\/\/www.immo-invest.ch\/fr\/wp-json\/wp\/v2\/tags?post=144962"}],"curies":[{"name":"wp","href":"https:\/\/api.w.org\/{rel}","templated":true}]}}