{"id":144890,"date":"2025-12-02T08:15:00","date_gmt":"2025-12-02T07:15:00","guid":{"rendered":"https:\/\/www.immo-invest.ch\/?p=144890"},"modified":"2025-12-01T13:19:11","modified_gmt":"2025-12-01T12:19:11","slug":"warum-2026-zum-bau-streikjahr-werden-koennte","status":"publish","type":"post","link":"https:\/\/www.immo-invest.ch\/fr\/warum-2026-zum-bau-streikjahr-werden-koennte\/","title":{"rendered":"Pourquoi 2026 pourrait \u00eatre une ann\u00e9e de gr\u00e8ve de la construction"},"content":{"rendered":"<p class=\"wp-block-paragraph\">La convention nationale pour environ 80&rsquo;000 travailleurs du secteur principal de la construction r&egrave;gle les salaires, les temps de travail et de d&eacute;placement, les suppl&eacute;ments ainsi que la protection contre le licenciement et expire fin 2025. Apr&egrave;s plusieurs rondes de n&eacute;gociations infructueuses, Unia et Syna avertissent qu&rsquo;en l&rsquo;absence d&rsquo;accord, une situation de vide conventionnel s&rsquo;installe et qu&rsquo;un conflit social national est probable<\/p>\n\n\n\n\n\n<p class=\"wp-block-paragraph\">Parall&egrave;lement, les journ&eacute;es de protestation, r&eacute;cemment organis&eacute;es dans plusieurs villes du Tessin, accentuent la pression sur les employeurs et signalent une forte propension &agrave; la gr&egrave;ve au sein de la base. Lors d&rsquo;une grande enqu&ecirc;te, environ 90% des 20 000 travailleurs du b&acirc;timent se sont prononc&eacute;s en faveur de mesures de gr&egrave;ve si aucun compromis viable n&rsquo;&eacute;tait trouv&eacute;<\/p>\n\n\n\n\n\n<p class=\"wp-block-paragraph\"><strong>Revendications des syndicats<br><\/strong>Les syndicats se concentrent sur trois th&egrave;mes : des horaires de travail plus favorables &agrave; la famille, des temps de d&eacute;placement plus s&ucirc;rs sur le plan juridique et la garantie du pouvoir d&rsquo;achat. Ils demandent notamment un maximum de huit heures par jour, une pause go&ucirc;ter pay&eacute;e, la prise en compte int&eacute;grale du temps de trajet pour se rendre sur le chantier, une compensation garantie du rench&eacute;rissement ainsi que des augmentations de salaire r&eacute;elles apr&egrave;s des ann&eacute;es de baisse des salaires r&eacute;els<\/p>\n\n\n\n\n\n<p class=\"wp-block-paragraph\">La pratique actuelle, selon laquelle les temps de d&eacute;placement ne sont souvent pay&eacute;s que partiellement ou pas du tout, a &eacute;t&eacute; critiqu&eacute;e par le Seco comme n&rsquo;&eacute;tant pas conforme au droit du travail imp&eacute;ratif, ce qui augmente la pression pour que ce point soit clarifi&eacute; de mani&egrave;re contraignante dans la nouvelle convention. Du point de vue des syndicats, l&rsquo;am&eacute;lioration des conditions est en m&ecirc;me temps une r&eacute;ponse &agrave; la p&eacute;nurie de main-d&rsquo;&oelig;uvre qualifi&eacute;e qui touche le secteur principal de la construction depuis des ann&eacute;es<\/p>\n\n\n\n\n\n<p class=\"wp-block-paragraph\"><strong>Position des entrepreneurs<br><\/strong>La Soci&eacute;t&eacute; Suisse des Entrepreneurs fait r&eacute;f&eacute;rence &agrave; des salaires minimaux d&eacute;j&agrave; &eacute;lev&eacute;s dans toute l&rsquo;Europe et propose une adaptation automatique au rench&eacute;rissement sur les salaires minimaux ainsi que des augmentations de salaire suppl&eacute;mentaires par le biais d&rsquo;allocations dans les ann&eacute;es &agrave; venir. Parall&egrave;lement, elle insiste sur une plus grande flexibilit&eacute;, des horaires de travail journaliers et annuels, davantage d&rsquo;horaires flexibles, le travail de certains samedis sans suppl&eacute;ment et des adaptations en cas d&rsquo;intemp&eacute;ries<\/p>\n\n\n\n\n\n<p class=\"wp-block-paragraph\">Du point de vue de la f&eacute;d&eacute;ration, les revendications des syndicats font grimper les co&ucirc;ts salariaux de 12 &agrave; 15% et mettent en p&eacute;ril la comp&eacute;titivit&eacute; du secteur, en particulier face &agrave; l&rsquo;augmentation des co&ucirc;ts de la construction et &agrave; l&rsquo;incertitude des commandes. En ce qui concerne la protection contre le licenciement des travailleurs &acirc;g&eacute;s, la f&eacute;d&eacute;ration signale certaines concessions, mais les lie &agrave; un accord sur le paquet salarial<\/p>\n\n\n\n\n\n<p class=\"wp-block-paragraph\"><strong>Escalade ou compromis ?<br><\/strong>Les syndicats avertissent que le mod&egrave;le de flexibilit&eacute; des employeurs se traduira par des heures de pr&eacute;sence plus longues, jusqu&rsquo;&agrave; 50 heures par semaine, davantage d&rsquo;heures suppl&eacute;mentaires sans suppl&eacute;ment et une plus grande ins&eacute;curit&eacute; en cas de baisse des commandes, avec des risques particuliers pour les travailleurs &acirc;g&eacute;s du b&acirc;timent. A l&rsquo;inverse, la Soci&eacute;t&eacute; suisse des entrepreneurs critique les journ&eacute;es de protestation comme une violation de l&rsquo;obligation contractuelle de paix et reproche aux syndicats de bloquer une CN durable avec des revendications maximales<\/p>\n\n\n\n\n\n<p class=\"wp-block-paragraph\">C&rsquo;est &agrave; la table des n&eacute;gociations que se d&eacute;cidera dans les prochaines semaines si 2026 d&eacute;butera effectivement par une gr&egrave;ve nationale de la construction. C&rsquo;est l&agrave; qu&rsquo;il faudra transformer des positions fermes en un compromis viable pour un secteur qui subit simultan&eacute;ment la pression des co&ucirc;ts et de la main-d&rsquo;&oelig;uvre qualifi&eacute;e.<\/p>\n\n","protected":false},"excerpt":{"rendered":"<p>Deux mondes s&rsquo;affrontent dans le secteur de la construction. Les ouvriers du b\u00e2timent qui, apr\u00e8s des ann\u00e9es de baisse des salaires r\u00e9els, exigent des horaires de travail favorables \u00e0 la famille et une indemnisation compl\u00e8te, et les entrepreneurs qui r\u00e9clament une plus grande flexibilit\u00e9 et une stabilit\u00e9 des co\u00fbts. Si une nouvelle convention nationale n&rsquo;est pas sign\u00e9e d&rsquo;ici la fin de l&rsquo;ann\u00e9e, nous risquons de nous retrouver sans convention pour la premi\u00e8re fois depuis plus d&rsquo;une d\u00e9cennie et, avec elle, une gr\u00e8ve nationale de la branche d\u00e8s le d\u00e9but de 2026.<\/p>\n","protected":false},"author":2,"featured_media":144891,"comment_status":"open","ping_status":"open","sticky":false,"template":"","format":"standard","meta":{"pmpro_default_level":"","inline_featured_image":false,"_monsterinsights_skip_tracking":false,"footnotes":""},"categories":[4464,743,22357,22303,22438],"tags":[55605,41799,872,3931,55003,2002],"class_list":["post-144890","post","type-post","status-publish","format-standard","has-post-thumbnail","hentry","category-gens","category-immonews-fr","category-industrie-du-batiment","category-suisse","category-trends-fr","tag-arbeitskonflikt","tag-bauhauptgewerbe-fr","tag-immoinvest-fr","tag-immonews-fr","tag-landesmantelvertrag","tag-news-fr","pmpro-has-access"],"acf":{"bild_mit_ki_erstellt_worden":["Ja"],"lead":"Deux mondes s'affrontent dans le secteur de la construction. Les ouvriers du b\u00e2timent qui, apr\u00e8s des ann\u00e9es de baisse des salaires r\u00e9els, exigent des horaires de travail favorables \u00e0 la famille et une indemnisation compl\u00e8te, et les entrepreneurs qui r\u00e9clament une plus grande flexibilit\u00e9 et une stabilit\u00e9 des co\u00fbts. Si une nouvelle convention nationale n'est pas sign\u00e9e d'ici la fin de l'ann\u00e9e, nous risquons de nous retrouver sans convention pour la premi\u00e8re fois depuis plus d'une d\u00e9cennie et, avec elle, une gr\u00e8ve nationale de la branche d\u00e8s le d\u00e9but de 2026.","autor":"Quelle SBV","ort":"","bildunterschrift":"","bild_im_grid":false,"gallerie":"","newsim":""},"aioseo_notices":[],"aioseo_head":"\n\t\t<!-- All in One SEO 5.0.0.1 - aioseo.com -->\n\t<meta name=\"description\" content=\"Deux mondes s&#039;affrontent dans le secteur de la construction. Les ouvriers du b\u00e2timent qui, apr\u00e8s des ann\u00e9es de baisse des salaires r\u00e9els, exigent des horaires de travail favorables \u00e0 la famille et une indemnisation compl\u00e8te, et les entrepreneurs qui r\u00e9clament une plus grande flexibilit\u00e9 et une stabilit\u00e9 des co\u00fbts. Si une nouvelle convention nationale n&#039;est pas sign\u00e9e d&#039;ici la fin de l&#039;ann\u00e9e, nous risquons de nous retrouver sans convention pour la premi\u00e8re fois depuis plus d&#039;une d\u00e9cennie et, avec elle, une gr\u00e8ve nationale de la branche d\u00e8s le d\u00e9but de 2026.\" \/>\n\t<meta name=\"robots\" content=\"max-image-preview:large\" \/>\n\t<meta name=\"author\" content=\"immovestuser\"\/>\n\t<meta name=\"google-site-verification\" content=\"fHJKvgWpZCR2zVBHWfkQeFXC11qieUSff0HGNYfuyLA\" \/>\n\t<link rel=\"canonical\" href=\"https:\/\/www.immo-invest.ch\/fr\/warum-2026-zum-bau-streikjahr-werden-koennte\/\" \/>\n\t<meta name=\"generator\" content=\"All in One SEO (AIOSEO) 5.0.0.1\" \/>\n\t\t<meta property=\"og:locale\" content=\"fr_FR\" \/>\n\t\t<meta property=\"og:site_name\" content=\"immo!nvest - Die Plattform f\u00fcr Standorte und Immobilien - Die\u00a0Plattform f\u00fcr Standorte und Immobilien\" \/>\n\t\t<meta property=\"og:type\" content=\"article\" \/>\n\t\t<meta property=\"og:title\" content=\"Pourquoi 2026 pourrait \u00eatre une ann\u00e9e de gr\u00e8ve de la construction - immo!nvest - Die Plattform f\u00fcr Standorte und Immobilien\" \/>\n\t\t<meta property=\"og:description\" content=\"Deux mondes s&#039;affrontent dans le secteur de la construction. Les ouvriers du b\u00e2timent qui, apr\u00e8s des ann\u00e9es de baisse des salaires r\u00e9els, exigent des horaires de travail favorables \u00e0 la famille et une indemnisation compl\u00e8te, et les entrepreneurs qui r\u00e9clament une plus grande flexibilit\u00e9 et une stabilit\u00e9 des co\u00fbts. Si une nouvelle convention nationale n&#039;est pas sign\u00e9e d&#039;ici la fin de l&#039;ann\u00e9e, nous risquons de nous retrouver sans convention pour la premi\u00e8re fois depuis plus d&#039;une d\u00e9cennie et, avec elle, une gr\u00e8ve nationale de la branche d\u00e8s le d\u00e9but de 2026.\" \/>\n\t\t<meta property=\"og:url\" content=\"https:\/\/www.immo-invest.ch\/fr\/warum-2026-zum-bau-streikjahr-werden-koennte\/\" \/>\n\t\t<meta property=\"og:image\" content=\"https:\/\/www.immo-invest.ch\/wp-content\/uploads\/2025\/12\/immo-invest-bauwirtschaft-trends-personen-schweiz-landesmantelvertrag-arbeitskonflikt-bauhauptgewerbe.png\" \/>\n\t\t<meta property=\"og:image:secure_url\" content=\"https:\/\/www.immo-invest.ch\/wp-content\/uploads\/2025\/12\/immo-invest-bauwirtschaft-trends-personen-schweiz-landesmantelvertrag-arbeitskonflikt-bauhauptgewerbe.png\" \/>\n\t\t<meta property=\"og:image:width\" content=\"1536\" \/>\n\t\t<meta property=\"og:image:height\" content=\"768\" \/>\n\t\t<meta property=\"article:published_time\" content=\"2025-12-02T07:15:00+00:00\" \/>\n\t\t<meta property=\"article:modified_time\" content=\"2025-12-01T12:19:11+00:00\" \/>\n\t\t<meta property=\"article:publisher\" content=\"https:\/\/www.facebook.com\/people\/Immoinvest\/100077962920504\/\" \/>\n\t\t<meta name=\"twitter:card\" content=\"summary_large_image\" \/>\n\t\t<meta name=\"twitter:site\" content=\"@i\" \/>\n\t\t<meta name=\"twitter:title\" content=\"Pourquoi 2026 pourrait \u00eatre une ann\u00e9e de gr\u00e8ve de la construction - immo!nvest - Die Plattform f\u00fcr Standorte und Immobilien\" \/>\n\t\t<meta name=\"twitter:description\" content=\"Deux mondes s&#039;affrontent dans le secteur de la construction. Les ouvriers du b\u00e2timent qui, apr\u00e8s des ann\u00e9es de baisse des salaires r\u00e9els, exigent des horaires de travail favorables \u00e0 la famille et une indemnisation compl\u00e8te, et les entrepreneurs qui r\u00e9clament une plus grande flexibilit\u00e9 et une stabilit\u00e9 des co\u00fbts. Si une nouvelle convention nationale n&#039;est pas sign\u00e9e d&#039;ici la fin de l&#039;ann\u00e9e, nous risquons de nous retrouver sans convention pour la premi\u00e8re fois depuis plus d&#039;une d\u00e9cennie et, avec elle, une gr\u00e8ve nationale de la branche d\u00e8s le d\u00e9but de 2026.\" \/>\n\t\t<meta name=\"twitter:creator\" content=\"@i\" \/>\n\t\t<meta name=\"twitter:image\" content=\"https:\/\/www.immo-invest.ch\/wp-content\/uploads\/2025\/12\/immo-invest-bauwirtschaft-trends-personen-schweiz-landesmantelvertrag-arbeitskonflikt-bauhauptgewerbe.png\" \/>\n\t\t<script type=\"application\/ld+json\" class=\"aioseo-schema\">\n\t\t\t{\"@context\":\"https:\\\/\\\/schema.org\",\"@graph\":[{\"@type\":\"BlogPosting\",\"@id\":\"https:\\\/\\\/www.immo-invest.ch\\\/fr\\\/warum-2026-zum-bau-streikjahr-werden-koennte\\\/#blogposting\",\"name\":\"Pourquoi 2026 pourrait \\u00eatre une ann\\u00e9e de gr\\u00e8ve de la construction - immo!nvest - Die Plattform f\\u00fcr Standorte und Immobilien\",\"headline\":\"Pourquoi 2026 pourrait \\u00eatre une ann\\u00e9e de gr\\u00e8ve de la construction\",\"author\":{\"@id\":\"https:\\\/\\\/www.immo-invest.ch\\\/fr\\\/author\\\/immovestuser\\\/#author\"},\"publisher\":{\"@id\":\"https:\\\/\\\/www.immo-invest.ch\\\/fr\\\/#organization\"},\"image\":{\"@type\":\"ImageObject\",\"url\":\"https:\\\/\\\/www.immo-invest.ch\\\/wp-content\\\/uploads\\\/2025\\\/12\\\/immo-invest-bauwirtschaft-trends-personen-schweiz-landesmantelvertrag-arbeitskonflikt-bauhauptgewerbe.png\",\"width\":1536,\"height\":768},\"datePublished\":\"2025-12-02T08:15:00+01:00\",\"dateModified\":\"2025-12-01T13:19:11+01:00\",\"inLanguage\":\"fr-FR\",\"mainEntityOfPage\":{\"@id\":\"https:\\\/\\\/www.immo-invest.ch\\\/fr\\\/warum-2026-zum-bau-streikjahr-werden-koennte\\\/#webpage\"},\"isPartOf\":{\"@id\":\"https:\\\/\\\/www.immo-invest.ch\\\/fr\\\/warum-2026-zum-bau-streikjahr-werden-koennte\\\/#webpage\"},\"articleSection\":\"Gens, immoNews, Industrie du b\\u00e2timent, Suisse, Trends, Arbeitskonflikt, Bauhauptgewerbe, Immoinvest, immoNews, Landesmantelvertrag, News, Facultatif\"},{\"@type\":\"BreadcrumbList\",\"@id\":\"https:\\\/\\\/www.immo-invest.ch\\\/fr\\\/warum-2026-zum-bau-streikjahr-werden-koennte\\\/#breadcrumblist\",\"itemListElement\":[{\"@type\":\"ListItem\",\"@id\":\"https:\\\/\\\/www.immo-invest.ch\\\/fr\\\/#listItem\",\"position\":1,\"name\":\"Home\",\"item\":\"https:\\\/\\\/www.immo-invest.ch\\\/fr\\\/\",\"nextItem\":{\"@type\":\"ListItem\",\"@id\":\"https:\\\/\\\/www.immo-invest.ch\\\/fr\\\/categories\\\/personnes\\\/#listItem\",\"name\":\"Personnes\"}},{\"@type\":\"ListItem\",\"@id\":\"https:\\\/\\\/www.immo-invest.ch\\\/fr\\\/categories\\\/personnes\\\/#listItem\",\"position\":2,\"name\":\"Personnes\",\"item\":\"https:\\\/\\\/www.immo-invest.ch\\\/fr\\\/categories\\\/personnes\\\/\",\"nextItem\":{\"@type\":\"ListItem\",\"@id\":\"https:\\\/\\\/www.immo-invest.ch\\\/fr\\\/categories\\\/personnes\\\/gens\\\/#listItem\",\"name\":\"Gens\"},\"previousItem\":{\"@type\":\"ListItem\",\"@id\":\"https:\\\/\\\/www.immo-invest.ch\\\/fr\\\/#listItem\",\"name\":\"Home\"}},{\"@type\":\"ListItem\",\"@id\":\"https:\\\/\\\/www.immo-invest.ch\\\/fr\\\/categories\\\/personnes\\\/gens\\\/#listItem\",\"position\":3,\"name\":\"Gens\",\"item\":\"https:\\\/\\\/www.immo-invest.ch\\\/fr\\\/categories\\\/personnes\\\/gens\\\/\",\"nextItem\":{\"@type\":\"ListItem\",\"@id\":\"https:\\\/\\\/www.immo-invest.ch\\\/fr\\\/warum-2026-zum-bau-streikjahr-werden-koennte\\\/#listItem\",\"name\":\"Pourquoi 2026 pourrait \\u00eatre une ann\\u00e9e de gr\\u00e8ve de la construction\"},\"previousItem\":{\"@type\":\"ListItem\",\"@id\":\"https:\\\/\\\/www.immo-invest.ch\\\/fr\\\/categories\\\/personnes\\\/#listItem\",\"name\":\"Personnes\"}},{\"@type\":\"ListItem\",\"@id\":\"https:\\\/\\\/www.immo-invest.ch\\\/fr\\\/warum-2026-zum-bau-streikjahr-werden-koennte\\\/#listItem\",\"position\":4,\"name\":\"Pourquoi 2026 pourrait \\u00eatre une ann\\u00e9e de gr\\u00e8ve de la construction\",\"previousItem\":{\"@type\":\"ListItem\",\"@id\":\"https:\\\/\\\/www.immo-invest.ch\\\/fr\\\/categories\\\/personnes\\\/gens\\\/#listItem\",\"name\":\"Gens\"}}]},{\"@type\":\"Organization\",\"@id\":\"https:\\\/\\\/www.immo-invest.ch\\\/fr\\\/#organization\",\"name\":\"immo!nvest - Die Plattform f\\u00fcr Standorte und Immobilien\",\"description\":\"Die\\u00a0Plattform f\\u00fcr Standorte und Immobilien\",\"url\":\"https:\\\/\\\/www.immo-invest.ch\\\/fr\\\/\",\"email\":\"admin@immomedia.ag\",\"telephone\":\"+41444420002\",\"logo\":{\"@type\":\"ImageObject\",\"url\":\"https:\\\/\\\/www.immo-invest.ch\\\/wp-content\\\/uploads\\\/2024\\\/09\\\/immoinvest_sm-scaled.jpg\",\"@id\":\"https:\\\/\\\/www.immo-invest.ch\\\/fr\\\/warum-2026-zum-bau-streikjahr-werden-koennte\\\/#organizationLogo\",\"width\":2560,\"height\":1340},\"image\":{\"@id\":\"https:\\\/\\\/www.immo-invest.ch\\\/fr\\\/warum-2026-zum-bau-streikjahr-werden-koennte\\\/#organizationLogo\"},\"sameAs\":[\"https:\\\/\\\/www.facebook.com\\\/people\\\/Immoinvest\\\/100077962920504\\\/\",\"https:\\\/\\\/x.com\\\/i\\\/flow\\\/login?redirect_after_login=immoinvest_ch\",\"https:\\\/\\\/www.instagram.com\\\/immoinvest_ch\\\/\",\"https:\\\/\\\/www.linkedin.com\\\/company\\\/immoinvest-swiss\"]},{\"@type\":\"Person\",\"@id\":\"https:\\\/\\\/www.immo-invest.ch\\\/fr\\\/author\\\/immovestuser\\\/#author\",\"url\":\"https:\\\/\\\/www.immo-invest.ch\\\/fr\\\/author\\\/immovestuser\\\/\",\"name\":\"immovestuser\",\"image\":{\"@type\":\"ImageObject\",\"@id\":\"https:\\\/\\\/www.immo-invest.ch\\\/fr\\\/warum-2026-zum-bau-streikjahr-werden-koennte\\\/#authorImage\",\"url\":\"https:\\\/\\\/secure.gravatar.com\\\/avatar\\\/8e01f4d99f2eeea7a362ebb93305e1172a70e9293ba250f897a65c39f54cdd1e?s=96&d=mm&r=g\",\"width\":96,\"height\":96,\"caption\":\"immovestuser\"}},{\"@type\":\"WebPage\",\"@id\":\"https:\\\/\\\/www.immo-invest.ch\\\/fr\\\/warum-2026-zum-bau-streikjahr-werden-koennte\\\/#webpage\",\"url\":\"https:\\\/\\\/www.immo-invest.ch\\\/fr\\\/warum-2026-zum-bau-streikjahr-werden-koennte\\\/\",\"name\":\"Pourquoi 2026 pourrait \\u00eatre une ann\\u00e9e de gr\\u00e8ve de la construction - immo!nvest - Die Plattform f\\u00fcr Standorte und Immobilien\",\"description\":\"Deux mondes s'affrontent dans le secteur de la construction. Les ouvriers du b\\u00e2timent qui, apr\\u00e8s des ann\\u00e9es de baisse des salaires r\\u00e9els, exigent des horaires de travail favorables \\u00e0 la famille et une indemnisation compl\\u00e8te, et les entrepreneurs qui r\\u00e9clament une plus grande flexibilit\\u00e9 et une stabilit\\u00e9 des co\\u00fbts. Si une nouvelle convention nationale n'est pas sign\\u00e9e d'ici la fin de l'ann\\u00e9e, nous risquons de nous retrouver sans convention pour la premi\\u00e8re fois depuis plus d'une d\\u00e9cennie et, avec elle, une gr\\u00e8ve nationale de la branche d\\u00e8s le d\\u00e9but de 2026.\",\"inLanguage\":\"fr-FR\",\"isPartOf\":{\"@id\":\"https:\\\/\\\/www.immo-invest.ch\\\/fr\\\/#website\"},\"breadcrumb\":{\"@id\":\"https:\\\/\\\/www.immo-invest.ch\\\/fr\\\/warum-2026-zum-bau-streikjahr-werden-koennte\\\/#breadcrumblist\"},\"author\":{\"@id\":\"https:\\\/\\\/www.immo-invest.ch\\\/fr\\\/author\\\/immovestuser\\\/#author\"},\"creator\":{\"@id\":\"https:\\\/\\\/www.immo-invest.ch\\\/fr\\\/author\\\/immovestuser\\\/#author\"},\"image\":{\"@type\":\"ImageObject\",\"url\":\"https:\\\/\\\/www.immo-invest.ch\\\/wp-content\\\/uploads\\\/2025\\\/12\\\/immo-invest-bauwirtschaft-trends-personen-schweiz-landesmantelvertrag-arbeitskonflikt-bauhauptgewerbe.png\",\"@id\":\"https:\\\/\\\/www.immo-invest.ch\\\/fr\\\/warum-2026-zum-bau-streikjahr-werden-koennte\\\/#mainImage\",\"width\":1536,\"height\":768},\"primaryImageOfPage\":{\"@id\":\"https:\\\/\\\/www.immo-invest.ch\\\/fr\\\/warum-2026-zum-bau-streikjahr-werden-koennte\\\/#mainImage\"},\"datePublished\":\"2025-12-02T08:15:00+01:00\",\"dateModified\":\"2025-12-01T13:19:11+01:00\"},{\"@type\":\"WebSite\",\"@id\":\"https:\\\/\\\/www.immo-invest.ch\\\/fr\\\/#website\",\"url\":\"https:\\\/\\\/www.immo-invest.ch\\\/fr\\\/\",\"name\":\"immo!nvest - Die Plattform f\\u00fcr Standorte und Immobilien\",\"description\":\"Die\\u00a0Plattform f\\u00fcr Standorte und Immobilien\",\"inLanguage\":\"fr-FR\",\"publisher\":{\"@id\":\"https:\\\/\\\/www.immo-invest.ch\\\/fr\\\/#organization\"}}]}\n\t\t<\/script>\n\t\t<!-- All in One SEO -->\n\n","aioseo_head_json":{"title":"Pourquoi 2026 pourrait \u00eatre une ann\u00e9e de gr\u00e8ve de la construction - immo!nvest - Die Plattform f\u00fcr Standorte und Immobilien","description":"Deux mondes s'affrontent dans le secteur de la construction. Les ouvriers du b\u00e2timent qui, apr\u00e8s des ann\u00e9es de baisse des salaires r\u00e9els, exigent des horaires de travail favorables \u00e0 la famille et une indemnisation compl\u00e8te, et les entrepreneurs qui r\u00e9clament une plus grande flexibilit\u00e9 et une stabilit\u00e9 des co\u00fbts. Si une nouvelle convention nationale n'est pas sign\u00e9e d'ici la fin de l'ann\u00e9e, nous risquons de nous retrouver sans convention pour la premi\u00e8re fois depuis plus d'une d\u00e9cennie et, avec elle, une gr\u00e8ve nationale de la branche d\u00e8s le d\u00e9but de 2026.","canonical_url":"https:\/\/www.immo-invest.ch\/fr\/warum-2026-zum-bau-streikjahr-werden-koennte\/","robots":"max-image-preview:large","keywords":"","webmasterTools":{"google-site-verification":"fHJKvgWpZCR2zVBHWfkQeFXC11qieUSff0HGNYfuyLA","miscellaneous":""},"schema":{"@context":"https:\/\/schema.org","@graph":[{"@type":"BlogPosting","@id":"https:\/\/www.immo-invest.ch\/fr\/warum-2026-zum-bau-streikjahr-werden-koennte\/#blogposting","name":"Pourquoi 2026 pourrait \u00eatre une ann\u00e9e de gr\u00e8ve de la construction - immo!nvest - Die Plattform f\u00fcr Standorte und Immobilien","headline":"Pourquoi 2026 pourrait \u00eatre une ann\u00e9e de gr\u00e8ve de la construction","author":{"@id":"https:\/\/www.immo-invest.ch\/fr\/author\/immovestuser\/#author"},"publisher":{"@id":"https:\/\/www.immo-invest.ch\/fr\/#organization"},"image":{"@type":"ImageObject","url":"https:\/\/www.immo-invest.ch\/wp-content\/uploads\/2025\/12\/immo-invest-bauwirtschaft-trends-personen-schweiz-landesmantelvertrag-arbeitskonflikt-bauhauptgewerbe.png","width":1536,"height":768},"datePublished":"2025-12-02T08:15:00+01:00","dateModified":"2025-12-01T13:19:11+01:00","inLanguage":"fr-FR","mainEntityOfPage":{"@id":"https:\/\/www.immo-invest.ch\/fr\/warum-2026-zum-bau-streikjahr-werden-koennte\/#webpage"},"isPartOf":{"@id":"https:\/\/www.immo-invest.ch\/fr\/warum-2026-zum-bau-streikjahr-werden-koennte\/#webpage"},"articleSection":"Gens, immoNews, Industrie du b\u00e2timent, Suisse, Trends, Arbeitskonflikt, Bauhauptgewerbe, Immoinvest, immoNews, Landesmantelvertrag, News, Facultatif"},{"@type":"BreadcrumbList","@id":"https:\/\/www.immo-invest.ch\/fr\/warum-2026-zum-bau-streikjahr-werden-koennte\/#breadcrumblist","itemListElement":[{"@type":"ListItem","@id":"https:\/\/www.immo-invest.ch\/fr\/#listItem","position":1,"name":"Home","item":"https:\/\/www.immo-invest.ch\/fr\/","nextItem":{"@type":"ListItem","@id":"https:\/\/www.immo-invest.ch\/fr\/categories\/personnes\/#listItem","name":"Personnes"}},{"@type":"ListItem","@id":"https:\/\/www.immo-invest.ch\/fr\/categories\/personnes\/#listItem","position":2,"name":"Personnes","item":"https:\/\/www.immo-invest.ch\/fr\/categories\/personnes\/","nextItem":{"@type":"ListItem","@id":"https:\/\/www.immo-invest.ch\/fr\/categories\/personnes\/gens\/#listItem","name":"Gens"},"previousItem":{"@type":"ListItem","@id":"https:\/\/www.immo-invest.ch\/fr\/#listItem","name":"Home"}},{"@type":"ListItem","@id":"https:\/\/www.immo-invest.ch\/fr\/categories\/personnes\/gens\/#listItem","position":3,"name":"Gens","item":"https:\/\/www.immo-invest.ch\/fr\/categories\/personnes\/gens\/","nextItem":{"@type":"ListItem","@id":"https:\/\/www.immo-invest.ch\/fr\/warum-2026-zum-bau-streikjahr-werden-koennte\/#listItem","name":"Pourquoi 2026 pourrait \u00eatre une ann\u00e9e de gr\u00e8ve de la construction"},"previousItem":{"@type":"ListItem","@id":"https:\/\/www.immo-invest.ch\/fr\/categories\/personnes\/#listItem","name":"Personnes"}},{"@type":"ListItem","@id":"https:\/\/www.immo-invest.ch\/fr\/warum-2026-zum-bau-streikjahr-werden-koennte\/#listItem","position":4,"name":"Pourquoi 2026 pourrait \u00eatre une ann\u00e9e de gr\u00e8ve de la construction","previousItem":{"@type":"ListItem","@id":"https:\/\/www.immo-invest.ch\/fr\/categories\/personnes\/gens\/#listItem","name":"Gens"}}]},{"@type":"Organization","@id":"https:\/\/www.immo-invest.ch\/fr\/#organization","name":"immo!nvest - Die Plattform f\u00fcr Standorte und Immobilien","description":"Die\u00a0Plattform f\u00fcr Standorte und Immobilien","url":"https:\/\/www.immo-invest.ch\/fr\/","email":"admin@immomedia.ag","telephone":"+41444420002","logo":{"@type":"ImageObject","url":"https:\/\/www.immo-invest.ch\/wp-content\/uploads\/2024\/09\/immoinvest_sm-scaled.jpg","@id":"https:\/\/www.immo-invest.ch\/fr\/warum-2026-zum-bau-streikjahr-werden-koennte\/#organizationLogo","width":2560,"height":1340},"image":{"@id":"https:\/\/www.immo-invest.ch\/fr\/warum-2026-zum-bau-streikjahr-werden-koennte\/#organizationLogo"},"sameAs":["https:\/\/www.facebook.com\/people\/Immoinvest\/100077962920504\/","https:\/\/x.com\/i\/flow\/login?redirect_after_login=immoinvest_ch","https:\/\/www.instagram.com\/immoinvest_ch\/","https:\/\/www.linkedin.com\/company\/immoinvest-swiss"]},{"@type":"Person","@id":"https:\/\/www.immo-invest.ch\/fr\/author\/immovestuser\/#author","url":"https:\/\/www.immo-invest.ch\/fr\/author\/immovestuser\/","name":"immovestuser","image":{"@type":"ImageObject","@id":"https:\/\/www.immo-invest.ch\/fr\/warum-2026-zum-bau-streikjahr-werden-koennte\/#authorImage","url":"https:\/\/secure.gravatar.com\/avatar\/8e01f4d99f2eeea7a362ebb93305e1172a70e9293ba250f897a65c39f54cdd1e?s=96&d=mm&r=g","width":96,"height":96,"caption":"immovestuser"}},{"@type":"WebPage","@id":"https:\/\/www.immo-invest.ch\/fr\/warum-2026-zum-bau-streikjahr-werden-koennte\/#webpage","url":"https:\/\/www.immo-invest.ch\/fr\/warum-2026-zum-bau-streikjahr-werden-koennte\/","name":"Pourquoi 2026 pourrait \u00eatre une ann\u00e9e de gr\u00e8ve de la construction - immo!nvest - Die Plattform f\u00fcr Standorte und Immobilien","description":"Deux mondes s'affrontent dans le secteur de la construction. Les ouvriers du b\u00e2timent qui, apr\u00e8s des ann\u00e9es de baisse des salaires r\u00e9els, exigent des horaires de travail favorables \u00e0 la famille et une indemnisation compl\u00e8te, et les entrepreneurs qui r\u00e9clament une plus grande flexibilit\u00e9 et une stabilit\u00e9 des co\u00fbts. Si une nouvelle convention nationale n'est pas sign\u00e9e d'ici la fin de l'ann\u00e9e, nous risquons de nous retrouver sans convention pour la premi\u00e8re fois depuis plus d'une d\u00e9cennie et, avec elle, une gr\u00e8ve nationale de la branche d\u00e8s le d\u00e9but de 2026.","inLanguage":"fr-FR","isPartOf":{"@id":"https:\/\/www.immo-invest.ch\/fr\/#website"},"breadcrumb":{"@id":"https:\/\/www.immo-invest.ch\/fr\/warum-2026-zum-bau-streikjahr-werden-koennte\/#breadcrumblist"},"author":{"@id":"https:\/\/www.immo-invest.ch\/fr\/author\/immovestuser\/#author"},"creator":{"@id":"https:\/\/www.immo-invest.ch\/fr\/author\/immovestuser\/#author"},"image":{"@type":"ImageObject","url":"https:\/\/www.immo-invest.ch\/wp-content\/uploads\/2025\/12\/immo-invest-bauwirtschaft-trends-personen-schweiz-landesmantelvertrag-arbeitskonflikt-bauhauptgewerbe.png","@id":"https:\/\/www.immo-invest.ch\/fr\/warum-2026-zum-bau-streikjahr-werden-koennte\/#mainImage","width":1536,"height":768},"primaryImageOfPage":{"@id":"https:\/\/www.immo-invest.ch\/fr\/warum-2026-zum-bau-streikjahr-werden-koennte\/#mainImage"},"datePublished":"2025-12-02T08:15:00+01:00","dateModified":"2025-12-01T13:19:11+01:00"},{"@type":"WebSite","@id":"https:\/\/www.immo-invest.ch\/fr\/#website","url":"https:\/\/www.immo-invest.ch\/fr\/","name":"immo!nvest - Die Plattform f\u00fcr Standorte und Immobilien","description":"Die\u00a0Plattform f\u00fcr Standorte und Immobilien","inLanguage":"fr-FR","publisher":{"@id":"https:\/\/www.immo-invest.ch\/fr\/#organization"}}]},"og:locale":"fr_FR","og:site_name":"immo!nvest - Die Plattform f\u00fcr Standorte und Immobilien - Die\u00a0Plattform f\u00fcr Standorte und Immobilien","og:type":"article","og:title":"Pourquoi 2026 pourrait \u00eatre une ann\u00e9e de gr\u00e8ve de la construction - immo!nvest - Die Plattform f\u00fcr Standorte und Immobilien","og:description":"Deux mondes s'affrontent dans le secteur de la construction. Les ouvriers du b\u00e2timent qui, apr\u00e8s des ann\u00e9es de baisse des salaires r\u00e9els, exigent des horaires de travail favorables \u00e0 la famille et une indemnisation compl\u00e8te, et les entrepreneurs qui r\u00e9clament une plus grande flexibilit\u00e9 et une stabilit\u00e9 des co\u00fbts. Si une nouvelle convention nationale n'est pas sign\u00e9e d'ici la fin de l'ann\u00e9e, nous risquons de nous retrouver sans convention pour la premi\u00e8re fois depuis plus d'une d\u00e9cennie et, avec elle, une gr\u00e8ve nationale de la branche d\u00e8s le d\u00e9but de 2026.","og:url":"https:\/\/www.immo-invest.ch\/fr\/warum-2026-zum-bau-streikjahr-werden-koennte\/","og:image":"https:\/\/www.immo-invest.ch\/wp-content\/uploads\/2025\/12\/immo-invest-bauwirtschaft-trends-personen-schweiz-landesmantelvertrag-arbeitskonflikt-bauhauptgewerbe.png","og:image:secure_url":"https:\/\/www.immo-invest.ch\/wp-content\/uploads\/2025\/12\/immo-invest-bauwirtschaft-trends-personen-schweiz-landesmantelvertrag-arbeitskonflikt-bauhauptgewerbe.png","og:image:width":1536,"og:image:height":768,"article:published_time":"2025-12-02T07:15:00+00:00","article:modified_time":"2025-12-01T12:19:11+00:00","article:publisher":"https:\/\/www.facebook.com\/people\/Immoinvest\/100077962920504\/","twitter:card":"summary_large_image","twitter:site":"@i","twitter:title":"Pourquoi 2026 pourrait \u00eatre une ann\u00e9e de gr\u00e8ve de la construction - immo!nvest - Die Plattform f\u00fcr Standorte und Immobilien","twitter:description":"Deux mondes s'affrontent dans le secteur de la construction. Les ouvriers du b\u00e2timent qui, apr\u00e8s des ann\u00e9es de baisse des salaires r\u00e9els, exigent des horaires de travail favorables \u00e0 la famille et une indemnisation compl\u00e8te, et les entrepreneurs qui r\u00e9clament une plus grande flexibilit\u00e9 et une stabilit\u00e9 des co\u00fbts. Si une nouvelle convention nationale n'est pas sign\u00e9e d'ici la fin de l'ann\u00e9e, nous risquons de nous retrouver sans convention pour la premi\u00e8re fois depuis plus d'une d\u00e9cennie et, avec elle, une gr\u00e8ve nationale de la branche d\u00e8s le d\u00e9but de 2026.","twitter:creator":"@i","twitter:image":"https:\/\/www.immo-invest.ch\/wp-content\/uploads\/2025\/12\/immo-invest-bauwirtschaft-trends-personen-schweiz-landesmantelvertrag-arbeitskonflikt-bauhauptgewerbe.png"},"aioseo_meta_data":{"post_id":"144890","title":null,"description":null,"keywords":null,"keyphrases":{"focus":{"keyphrase":"","score":0,"analysis":{"keyphraseInTitle":{"score":0,"maxScore":9,"error":1}}},"additional":[]},"primary_term":null,"canonical_url":null,"og_title":null,"og_description":null,"og_object_type":"default","og_image_type":"default","og_image_url":null,"og_image_width":null,"og_image_height":null,"og_image_custom_url":null,"og_image_custom_fields":null,"og_video":"","og_custom_url":null,"og_article_section":null,"og_article_tags":null,"twitter_use_og":false,"twitter_card":"default","twitter_image_type":"default","twitter_image_url":null,"twitter_image_custom_url":null,"twitter_image_custom_fields":null,"twitter_title":null,"twitter_description":null,"schema":{"blockGraphs":[],"customGraphs":[],"default":{"data":{"Article":[],"Course":[],"Dataset":[],"FAQPage":[],"Movie":[],"Person":[],"Product":[],"ProductReview":[],"Car":[],"Recipe":[],"Service":[],"SoftwareApplication":[],"WebPage":[]},"graphName":"BlogPosting","isEnabled":true},"graphs":[]},"schema_type":"default","schema_type_options":null,"pillar_content":false,"robots_default":true,"robots_noindex":false,"robots_noarchive":false,"robots_nosnippet":false,"robots_nofollow":false,"robots_noimageindex":false,"robots_noodp":false,"robots_notranslate":false,"robots_max_snippet":"-1","robots_max_videopreview":"-1","robots_max_imagepreview":"large","priority":null,"frequency":"default","local_seo":null,"breadcrumb_settings":null,"limit_modified_date":false,"ai":{"faqs":[],"keyPoints":[],"titles":[],"descriptions":[],"socialPosts":{"email":[],"linkedin":[],"twitter":[],"facebook":[],"instagram":[]}},"created":"2025-12-01 12:19:11","updated":"2025-12-02 07:15:24","seo_analyzer_scan_date":null,"focus_keyword":null,"additional_keywords":null,"truseo_locale":null},"aioseo_breadcrumb":"<div class=\"aioseo-breadcrumbs\"><span class=\"aioseo-breadcrumb\">\n\t\t\t<a href=\"https:\/\/www.immo-invest.ch\/fr\/\" title=\"Home\">Home<\/a>\n\t\t<\/span><span class=\"aioseo-breadcrumb-separator\">&raquo;<\/span><span class=\"aioseo-breadcrumb\">\n\t\t\t<a href=\"https:\/\/www.immo-invest.ch\/fr\/categories\/personnes\/\" title=\"Personnes\">Personnes<\/a>\n\t\t<\/span><span class=\"aioseo-breadcrumb-separator\">&raquo;<\/span><span class=\"aioseo-breadcrumb\">\n\t\t\t<a href=\"https:\/\/www.immo-invest.ch\/fr\/categories\/personnes\/gens\/\" title=\"Gens\">Gens<\/a>\n\t\t<\/span><span class=\"aioseo-breadcrumb-separator\">&raquo;<\/span><span class=\"aioseo-breadcrumb\">\n\t\t\tPourquoi 2026 pourrait \u00eatre une ann\u00e9e de gr\u00e8ve de la construction\n\t\t<\/span><\/div>","aioseo_breadcrumb_json":[{"label":"Home","link":"https:\/\/www.immo-invest.ch\/fr\/"},{"label":"Personnes","link":"https:\/\/www.immo-invest.ch\/fr\/categories\/personnes\/"},{"label":"Gens","link":"https:\/\/www.immo-invest.ch\/fr\/categories\/personnes\/gens\/"},{"label":"Pourquoi 2026 pourrait \u00eatre une ann\u00e9e de gr\u00e8ve de la construction","link":"https:\/\/www.immo-invest.ch\/fr\/warum-2026-zum-bau-streikjahr-werden-koennte\/"}],"featured_image_src":"https:\/\/www.immo-invest.ch\/wp-content\/uploads\/2025\/12\/immo-invest-bauwirtschaft-trends-personen-schweiz-landesmantelvertrag-arbeitskonflikt-bauhauptgewerbe-336x168.png","_links":{"self":[{"href":"https:\/\/www.immo-invest.ch\/fr\/wp-json\/wp\/v2\/posts\/144890","targetHints":{"allow":["GET"]}}],"collection":[{"href":"https:\/\/www.immo-invest.ch\/fr\/wp-json\/wp\/v2\/posts"}],"about":[{"href":"https:\/\/www.immo-invest.ch\/fr\/wp-json\/wp\/v2\/types\/post"}],"author":[{"embeddable":true,"href":"https:\/\/www.immo-invest.ch\/fr\/wp-json\/wp\/v2\/users\/2"}],"replies":[{"embeddable":true,"href":"https:\/\/www.immo-invest.ch\/fr\/wp-json\/wp\/v2\/comments?post=144890"}],"version-history":[{"count":0,"href":"https:\/\/www.immo-invest.ch\/fr\/wp-json\/wp\/v2\/posts\/144890\/revisions"}],"wp:featuredmedia":[{"embeddable":true,"href":"https:\/\/www.immo-invest.ch\/fr\/wp-json\/wp\/v2\/media\/144891"}],"wp:attachment":[{"href":"https:\/\/www.immo-invest.ch\/fr\/wp-json\/wp\/v2\/media?parent=144890"}],"wp:term":[{"taxonomy":"category","embeddable":true,"href":"https:\/\/www.immo-invest.ch\/fr\/wp-json\/wp\/v2\/categories?post=144890"},{"taxonomy":"post_tag","embeddable":true,"href":"https:\/\/www.immo-invest.ch\/fr\/wp-json\/wp\/v2\/tags?post=144890"}],"curies":[{"name":"wp","href":"https:\/\/api.w.org\/{rel}","templated":true}]}}