{"id":144490,"date":"2025-11-25T12:41:01","date_gmt":"2025-11-25T11:41:01","guid":{"rendered":"https:\/\/www.immo-invest.ch\/wirtschaftsraum-basel-facts-and-figures\/"},"modified":"2025-11-25T12:47:01","modified_gmt":"2025-11-25T11:47:01","slug":"wirtschaftsraum-basel-facts-and-figures","status":"publish","type":"post","link":"https:\/\/www.immo-invest.ch\/fr\/wirtschaftsraum-basel-facts-and-figures\/","title":{"rendered":"Espace \u00e9conomique de B\u00e2le &#8211; Facts and Figures"},"content":{"rendered":"<p class=\"wp-block-paragraph\">Vivre et travailler dans la r&eacute;gion de B&acirc;le, c&rsquo;est faire partie de l&rsquo;un des espaces m&eacute;tropolitains les plus dynamiques d&rsquo;Europe. Entre campus pharmaceutique, ic&ocirc;nes architecturales et &eacute;cosyst&egrave;me de start-up en pleine expansion, la r&eacute;gion se r&eacute;v&egrave;le &ecirc;tre un puissant moteur pour la Suisse. La r&eacute;gion m&eacute;tropolitaine de B&acirc;le compte parmi les sites &eacute;conomiques les plus performants du pays. Avec un taux d&rsquo;exportation exceptionnellement &eacute;lev&eacute; et des entreprises leaders au niveau international dans les domaines des sciences de la vie, des technologies m&eacute;dicales, de la chimie et des TIC. Plus de 30 000 personnes y travaillent dans la recherche, le d&eacute;veloppement et la production de technologies d&rsquo;avenir.<\/p>\n\n\n\n\n\n<p class=\"wp-block-paragraph\">Avec des sites comme uptownBasel ou Klybeckplus, la r&eacute;gion de B&acirc;le voit na&icirc;tre une nouvelle &egrave;re de cr&eacute;ation de valeur, en r&eacute;seau, respectueuse du climat et tourn&eacute;e vers l&rsquo;international. Les entreprises trouvent des voies courtes vers la recherche, les talents trouvent de nouveaux horizons professionnels et les promotions du site des cantons de B&acirc;le-Ville et B&acirc;le-Campagne, ainsi que Basel Area, accompagnent les entreprises de l&rsquo;id&eacute;e &agrave; l&rsquo;expansion. Qu&rsquo;il s&rsquo;agisse de la promotion de l&rsquo;<span class=\"glossaryLink\" aria-describedby=\"tt\" data-cmtooltip=\"&lt;div class=glossaryItemTitle&gt;Innovation&lt;\/div&gt;&lt;div class=glossaryItemBody&gt;Innovation in der heutigen Immobilienwelt bedeutet vor allem Digitalisierung von Prozessen. Zum Beispiel das Eliminieren von Tausenden von Excel-Bl&auml;ttern f&uuml;r Portfolio- und Asset-Manager oder das Erstellen einer Anwendung (App) f&uuml;r alle Formalit&auml;ten rund um die Beziehung zwischen Immobilieneigent&uuml;mern, - verwaltung und -mietern.&lt;\/div&gt;\" data-mobile-support=\"0\" data-gt-translate-attributes='[{\"attribute\":\"data-cmtooltip\", \"format\":\"html\"}]' tabindex=\"0\" role=\"link\">innovation<\/span>, du d&eacute;veloppement de la main-d&rsquo;&oelig;uvre qualifi&eacute;e ou de projets de nouvelles constructions conformes aux normes ESG, la r&eacute;gion investit de mani&egrave;re cibl&eacute;e dans la croissance durable.<\/p>\n\n\n\n\n\n<p class=\"wp-block-paragraph\"><strong>Saviez-vous que..<\/strong><\/p>\n\n\n\n\n\n<ul class=\"wp-block-list\">\n\n<li>sur le site bicantonal de Dreispitz, un <span class=\"glossaryLink\" aria-describedby=\"tt\" data-cmtooltip=\"&lt;div class=glossaryItemTitle&gt;Quartier&lt;\/div&gt;&lt;div class=glossaryItemBody&gt;Amtliches, historisches, soziales oder stadtplanerisches Stadtviertel&lt;\/div&gt;\" data-mobile-support=\"0\" data-gt-translate-attributes='[{\"attribute\":\"data-cmtooltip\", \"format\":\"html\"}]' tabindex=\"0\" role=\"link\">quartier<\/span> urbain est en train de na&icirc;tre, qui combine nouvellement travail, habitat et culture ?<\/li>\n\n\n\n\n\n<li>le site Klybeckplus sera d&eacute;velopp&eacute; selon le standard <span class=\"glossaryLink\"  aria-describedby=\"tt\"  data-cmtooltip=\"&lt;div class=glossaryItemTitle&gt;SNBS&lt;\/div&gt;&lt;div class=glossaryItemBody&gt;Standard nachhaltiges Bauen Schweiz; Ziel des Standards ist es, die drei Dimensionen des nachhaltigen Bauens (Gesellschaft, Wirtschaft, Umwelt) m&ouml;glichst umfassend in Planung, Bau und Betrieb mit einzubeziehen&lt;\/div&gt;\"  data-mobile-support=\"0\"  data-gt-translate-attributes='[{\"attribute\":\"data-cmtooltip\", \"format\":\"html\"}]' tabindex='0' role='link'>SNBS<\/span> et offrira &agrave; 15 000 personnes un espace de vie et de travail ?<\/li>\n\n\n\n\n\n<li>le site BaseLink &agrave; Allschwil est un centre de recherche biom&eacute;dicale de renomm&eacute;e mondiale ?<\/li>\n\n\n\n\n\n<li>B&acirc;le est l&rsquo;une des meilleures r&eacute;gions du monde pour les sciences de la vie ?<\/li>\n\n\n\n\n\n<li>les solutions &eacute;nerg&eacute;tiques innovantes de la r&eacute;gion contribuent &agrave; la d&eacute;carbonisation de la Suisse ?<\/li>\n\n\n\n\n\n<li>des start-ups du monde entier s&rsquo;y installent en raison de la proximit&eacute; de la recherche de pointe et des capitaux ?<\/li>\n\n<\/ul>\n\n\n\n\n\n<p class=\"wp-block-paragraph\"><strong>L&agrave; o&ugrave; &eacute;conomie et qualit&eacute; de vie vont de pair<\/strong><br>B&acirc;le est forte de sa pens&eacute;e transfrontali&egrave;re. La coop&eacute;ration trinationale avec l&rsquo;Alsace et le Bade du Sud cr&eacute;e un espace &eacute;conomique transfrontalier dot&eacute; d&rsquo;une forte capacit&eacute; d&rsquo;<span class=\"glossaryLink\" aria-describedby=\"tt\" data-cmtooltip=\"&lt;div class=glossaryItemTitle&gt;Innovation&lt;\/div&gt;&lt;div class=glossaryItemBody&gt;Innovation in der heutigen Immobilienwelt bedeutet vor allem Digitalisierung von Prozessen. Zum Beispiel das Eliminieren von Tausenden von Excel-Bl&auml;ttern f&uuml;r Portfolio- und Asset-Manager oder das Erstellen einer Anwendung (App) f&uuml;r alle Formalit&auml;ten rund um die Beziehung zwischen Immobilieneigent&uuml;mern, - verwaltung und -mietern.&lt;\/div&gt;\" data-mobile-support=\"0\" data-gt-translate-attributes='[{\"attribute\":\"data-cmtooltip\", \"format\":\"html\"}]' tabindex=\"0\" role=\"link\">innovation<\/span>. La r&eacute;gion b&eacute;n&eacute;ficie d&rsquo;une connexion internationale via l&rsquo;EuroAirport, d&rsquo;une logistique ferroviaire performante et d&rsquo;une connexion avec les oc&eacute;ans via les ports rh&eacute;nans suisses. En coulisses, des organismes de promotion &eacute;conomique engag&eacute;s accompagnent les entreprises dans leurs d&eacute;marches d&rsquo;implantation, de recherche de terrains, d&rsquo;obtention d&rsquo;autorisations et de mise en r&eacute;seau. De la start-up au groupe industriel, B&acirc;le offre tout d&rsquo;une seule main. B&acirc;le n&rsquo;est pas l&rsquo;un ou l&rsquo;autre. B&acirc;le est un tout. C&rsquo;est ici que l&rsquo;avenir se construit aujourd&rsquo;hui.<\/p>\n\n\n\n\n\n<p class=\"wp-block-paragraph\"><strong>L&rsquo;espace &eacute;conomique de B&acirc;le en chiffres<\/strong><\/p>\n\n\n\n\n\n<div style=\"background: white; padding: 0px 15px;\">\n\n\n\n\n\n<p style=\"padding-top:5px;\"><strong>B&acirc;le-Ville<\/strong><\/p>\n\n\n\n\n\n<figure class=\"wp-block-table table-first-td-width\"><table class=\"has-fixed-layout\"><thead><tr><th><strong>&Eacute;CONOMIE &ndash; CHIFFRES CL&Eacute;S<\/strong><\/th><th><\/th><\/tr><\/thead><tbody><tr><td>Entreprises<\/td><td><strong>16&rsquo;000<\/strong><\/td><\/tr><tr><td>Secteurs leaders<\/td><td><strong>Chimie\/pharmacie, sciences de la vie, services financiers, commerce, logistique, sant&eacute; publique<\/strong><\/td><\/tr><tr><td>Emplois \/ salari&eacute;s<\/td><td><strong>200&rsquo;000<\/strong><\/td><\/tr><tr><td>Emplois 1er secteur (agriculture)<\/td><td><strong>100<\/strong><\/td><\/tr><tr><td>Employ&eacute;s 2&egrave;me secteur (industrie\/construction)<\/td><td><strong>34&rsquo;000<\/strong><\/td><\/tr><tr><td>Employ&eacute;s 3&egrave;me secteur (services)<\/td><td><strong>166&rsquo;000<\/strong><\/td><\/tr><tr><td>PIB\/habitant en CHF (2022)<\/td><td><strong>209&rsquo;782<\/strong><\/td><\/tr><tr><td>Taux de ch&ocirc;mage (2024)<\/td><td><strong>3,7%<\/strong><\/td><\/tr><tr><td>Cr&eacute;ations de start-ups<\/td><td><strong>1&rsquo;304 (2024)<\/strong><\/td><\/tr><\/tbody><\/table><\/figure>\n\n\n\n\n\n<p class=\"wp-block-paragraph\"><\/p>\n\n\n\n\n\n<figure class=\"wp-block-table table-first-td-width\"><table class=\"has-fixed-layout\"><thead><tr><th><strong>IMMOBILIER &ndash; CHIFFRES CL&Eacute;S<\/strong><\/th><th><\/th><\/tr><\/thead><tbody><tr><td>Taux de vacance des logements<\/td><td><strong>0,9%<\/strong><\/td><\/tr><tr><td>Taux de vacance bureaux\/bureaux d&rsquo;affaires<\/td><td><strong>1%<\/strong><\/td><\/tr><tr><td>Unit&eacute;s de logement en projet\/en construction<\/td><td><strong>11&rsquo;000<\/strong><\/td><\/tr><tr><td>Immeubles de bureaux et commerciaux en cours de planification\/construction<\/td><td><strong>10-15 projets par an<\/strong><\/td><\/tr><tr><td>Projets de nouvelles constructions<\/td><td><strong>40-50<\/strong><\/td><\/tr><tr><td>Co&ucirc;ts moyens de construction pour les commerces en CHF<\/td><td><strong>3&rsquo;000 &ndash; 4&rsquo;800\/m&sup2;<\/strong><\/td><\/tr><\/tbody><\/table><\/figure>\n\n\n\n\n\n<p class=\"wp-block-paragraph\"><\/p>\n\n\n\n\n\n<figure class=\"wp-block-table table-first-td-width\"><table class=\"has-fixed-layout\"><thead><tr><th><strong>SITE &ndash; CHIFFRES CL&Eacute;S<\/strong><\/th><th><\/th><\/tr><\/thead><tbody><tr><td>Superficie en km&sup2;<\/td><td><strong>37<\/strong><\/td><\/tr><tr><td>Nombre d&rsquo;habitants (2024)<\/td><td><strong>207&rsquo;515<\/strong><\/td><\/tr><tr><td>Croissance de la population par rapport &agrave; l&rsquo;ann&eacute;e pr&eacute;c&eacute;dente<\/td><td><strong>0,58%<\/strong><\/td><\/tr><tr><td>Districts Nombre<\/td><td><strong>3<\/strong><\/td><\/tr><tr><td>Communes Nombre<\/td><td><strong>3<\/strong><\/td><\/tr><tr><td>Unit&eacute;s de logement<\/td><td><strong>138&rsquo;000<\/strong><\/td><\/tr><tr><td>Universit&eacute;s<\/td><td><strong>4<\/strong><\/td><\/tr><tr><td>Arr&ecirc;ts Transports publics r&eacute;gionaux et longue distance<\/td><td><strong>plus de 100<\/strong><\/td><\/tr><\/tbody><\/table><\/figure>\n\n\n\n\n\n<\/div>\n\n\n\n\n\n<div style=\"background: white; padding: 0px 15px; margin-top: 20px;\">\n\n\n\n\n\n<p style=\"padding-top:5px;\"><strong>B&acirc;le-Campagne<\/strong><\/p>\n\n\n\n\n\n<figure class=\"wp-block-table table-first-td-width\"><table class=\"has-fixed-layout\"><thead><tr><th><strong>&Eacute;CONOMIE &ndash; CHIFFRES CL&Eacute;S<\/strong><\/th><th><\/th><\/tr><\/thead><tbody><tr><td>Entreprises<\/td><td><strong><strong>21&rsquo;700<\/strong><\/strong><\/td><\/tr><tr><td>Secteurs leaders<\/td><td><strong><strong>Construction de machines, chimie\/pharmacie, industrie alimentaire, commerce, sant&eacute; publique<\/strong><\/strong><\/td><\/tr><tr><td>Emplois \/ salari&eacute;s<\/td><td><strong><strong>142&rsquo;000<\/strong><\/strong><\/td><\/tr><tr><td>Emplois du 1er secteur (agriculture)<\/td><td><strong><strong>1&rsquo;000<\/strong><\/strong><\/td><\/tr><tr><td>Emplois du 2e secteur (industrie\/construction)<\/td><td><strong><strong>28&rsquo;400<\/strong><\/strong><\/td><\/tr><tr><td>Employ&eacute;s 3&egrave;me secteur (services)<\/td><td><strong><strong>112&rsquo;100<\/strong><\/strong><\/td><\/tr><tr><td>PIB\/habitant en CHF (2022)<\/td><td><strong><strong>77&rsquo;693<\/strong><\/strong><\/td><\/tr><tr><td>Taux de ch&ocirc;mage (2024)<\/td><td><strong><strong>2,3%<\/strong><\/strong><\/td><\/tr><tr><td>Cr&eacute;ations de start-ups<\/td><td><strong><strong>1&rsquo;000 -1&rsquo;200<\/strong><\/strong><\/td><\/tr><\/tbody><\/table><\/figure>\n\n\n\n\n\n<figure class=\"wp-block-table table-first-td-width\"><table class=\"has-fixed-layout\"><thead><tr><th><strong>IMMOBILIER &ndash; CHIFFRES CL&Eacute;S<\/strong><\/th><th><\/th><\/tr><\/thead><tbody><tr><td>Taux de vacance des logements<\/td><td><strong><strong>1,2%<\/strong><\/strong><\/td><\/tr><tr><td>Taux de vacance bureaux\/bureaux d&rsquo;affaires<\/td><td><strong>1%<\/strong><\/td><\/tr><tr><td>Unit&eacute;s de logement en cours de planification\/construction<\/td><td><strong><strong>par an environ 2.000<\/strong><\/strong><\/td><\/tr><tr><td>Immeubles de bureaux et commerciaux en projet\/construction<\/td><td><strong><strong><strong><strong>12 &agrave; 18 projets par an<\/strong><\/strong><\/strong><\/strong><\/td><\/tr><tr><td>Projets de nouvelles constructions<\/td><td><strong><strong>30-45<\/strong><\/strong><\/td><\/tr><tr><td>Co&ucirc;ts moyens de construction pour les commerces en CHF<\/td><td><strong><strong>2&rsquo;200 &ndash; 3&rsquo;800\/m&sup2;<\/strong><\/strong><\/td><\/tr><\/tbody><\/table><\/figure>\n\n\n\n\n\n<figure class=\"wp-block-table table-first-td-width\"><table class=\"has-fixed-layout\"><thead><tr><th><strong>SITE &ndash; CHIFFRES CL&Eacute;S<\/strong><\/th><th><\/th><\/tr><\/thead><tbody><tr><td>Superficie en km&sup2;<\/td><td><strong><strong>518<\/strong><\/strong><\/td><\/tr><tr><td>Nombre d&rsquo;habitants (2024)<\/td><td><strong><strong>303&rsquo;285<\/strong><\/strong><\/td><\/tr><tr><td>Croissance de la population par rapport &agrave; l&rsquo;ann&eacute;e pr&eacute;c&eacute;dente<\/td><td><strong><strong>0,70%<\/strong><\/strong><\/td><\/tr><tr><td>Districts Nombre<\/td><td><strong><strong>5<\/strong><\/strong><\/td><\/tr><tr><td>Communes Nombre<\/td><td><strong><strong>86<\/strong><\/strong><\/td><\/tr><tr><td>Unit&eacute;s de logement<\/td><td><strong><strong>140&rsquo;000<\/strong><\/strong><\/td><\/tr><tr><td>Universit&eacute;s<\/td><td><strong>1<\/strong><\/td><\/tr><tr><td>Arr&ecirc;ts Transports publics r&eacute;gionaux et longue distance<\/td><td><strong><strong>environ 215<\/strong><\/strong><\/td><\/tr><\/tbody><\/table><\/figure>\n\n\n\n\n\n<\/div>\n\n","protected":false},"excerpt":{"rendered":"<p>Entre le Rhin, les collines et la haute culture, l&rsquo;avenir bat son plein \u00e0 B\u00e2le. La r\u00e9gion est synonyme de puissance \u00e9conomique, de qualit\u00e9 de vie urbaine et d&rsquo;innovation de pointe. Qu&rsquo;il s&rsquo;agisse des sciences de la vie, des technologies propres ou de l&rsquo;industrie num\u00e9rique, B\u00e2le offre un environnement propice \u00e0 la croissance des id\u00e9es, \u00e0 l&rsquo;expansion des entreprises et \u00e0 l&rsquo;\u00e9panouissement des talents. La recherche et l&rsquo;esprit d&rsquo;entreprise, l&rsquo;architecture et la joie de vivre s&rsquo;y c\u00f4toient dans un espace restreint. B\u00e2le est l&rsquo;endroit o\u00f9 le progr\u00e8s trouve sa place.<\/p>\n","protected":false},"author":2,"featured_media":144491,"comment_status":"open","ping_status":"open","sticky":false,"template":"","format":"standard","meta":{"pmpro_default_level":"","inline_featured_image":false,"_monsterinsights_skip_tracking":false,"footnotes":""},"categories":[9438,743,39686,22438],"tags":[872,3931,2175,2002,5512,8905],"class_list":["post-144490","post","type-post","status-publish","format-standard","has-post-thumbnail","hentry","category-region-bale","category-immonews-fr","category-standorte-fr","category-trends-fr","tag-immoinvest-fr","tag-immonews-fr","tag-innovation-fr","tag-news-fr","tag-standortentwicklung-fr","tag-wirtschaftsraum-fr","pmpro-has-access"],"acf":{"bild_mit_ki_erstellt_worden":"","lead":"Entre le Rhin, les collines et la haute culture, l'avenir bat son plein \u00e0 B\u00e2le. La r\u00e9gion est synonyme de puissance \u00e9conomique, de qualit\u00e9 de vie urbaine et d'innovation de pointe. Qu'il s'agisse des sciences de la vie, des technologies propres ou de l'industrie num\u00e9rique, B\u00e2le offre un environnement propice \u00e0 la croissance des id\u00e9es, \u00e0 l'expansion des entreprises et \u00e0 l'\u00e9panouissement des talents. La recherche et l'esprit d'entreprise, l'architecture et la joie de vivre s'y c\u00f4toient dans un espace restreint. B\u00e2le est l'endroit o\u00f9 le progr\u00e8s trouve sa place.","autor":"Text: immoMedia, Bild: zVg.","ort":"","bildunterschrift":"","bild_im_grid":false,"gallerie":"","newsim":""},"aioseo_notices":[],"aioseo_head":"\n\t\t<!-- All in One SEO 5.0.0.1 - aioseo.com -->\n\t<meta name=\"description\" content=\"Entre le Rhin, les collines et la haute culture, l&#039;avenir bat son plein \u00e0 B\u00e2le. La r\u00e9gion est synonyme de puissance \u00e9conomique, de qualit\u00e9 de vie urbaine et d&#039;innovation de pointe. Qu&#039;il s&#039;agisse des sciences de la vie, des technologies propres ou de l&#039;industrie num\u00e9rique, B\u00e2le offre un environnement propice \u00e0 la croissance des id\u00e9es, \u00e0 l&#039;expansion des entreprises et \u00e0 l&#039;\u00e9panouissement des talents. La recherche et l&#039;esprit d&#039;entreprise, l&#039;architecture et la joie de vivre s&#039;y c\u00f4toient dans un espace restreint. B\u00e2le est l&#039;endroit o\u00f9 le progr\u00e8s trouve sa place.\" \/>\n\t<meta name=\"robots\" content=\"max-image-preview:large\" \/>\n\t<meta name=\"author\" content=\"immovestuser\"\/>\n\t<meta name=\"google-site-verification\" content=\"fHJKvgWpZCR2zVBHWfkQeFXC11qieUSff0HGNYfuyLA\" \/>\n\t<link rel=\"canonical\" href=\"https:\/\/www.immo-invest.ch\/fr\/wirtschaftsraum-basel-facts-and-figures\/\" \/>\n\t<meta name=\"generator\" content=\"All in One SEO (AIOSEO) 5.0.0.1\" \/>\n\t\t<meta property=\"og:locale\" content=\"fr_FR\" \/>\n\t\t<meta property=\"og:site_name\" content=\"immo!nvest - Die Plattform f\u00fcr Standorte und Immobilien - Die\u00a0Plattform f\u00fcr Standorte und Immobilien\" \/>\n\t\t<meta property=\"og:type\" content=\"article\" \/>\n\t\t<meta property=\"og:title\" content=\"Espace \u00e9conomique de B\u00e2le \u2013 Facts and Figures - immo!nvest - Die Plattform f\u00fcr Standorte und Immobilien\" \/>\n\t\t<meta property=\"og:description\" content=\"Entre le Rhin, les collines et la haute culture, l&#039;avenir bat son plein \u00e0 B\u00e2le. La r\u00e9gion est synonyme de puissance \u00e9conomique, de qualit\u00e9 de vie urbaine et d&#039;innovation de pointe. Qu&#039;il s&#039;agisse des sciences de la vie, des technologies propres ou de l&#039;industrie num\u00e9rique, B\u00e2le offre un environnement propice \u00e0 la croissance des id\u00e9es, \u00e0 l&#039;expansion des entreprises et \u00e0 l&#039;\u00e9panouissement des talents. La recherche et l&#039;esprit d&#039;entreprise, l&#039;architecture et la joie de vivre s&#039;y c\u00f4toient dans un espace restreint. B\u00e2le est l&#039;endroit o\u00f9 le progr\u00e8s trouve sa place.\" \/>\n\t\t<meta property=\"og:url\" content=\"https:\/\/www.immo-invest.ch\/fr\/wirtschaftsraum-basel-facts-and-figures\/\" \/>\n\t\t<meta property=\"og:image\" content=\"https:\/\/www.immo-invest.ch\/wp-content\/uploads\/2025\/11\/basel_facts_and_figures.jpg\" \/>\n\t\t<meta property=\"og:image:secure_url\" content=\"https:\/\/www.immo-invest.ch\/wp-content\/uploads\/2025\/11\/basel_facts_and_figures.jpg\" \/>\n\t\t<meta property=\"og:image:width\" content=\"1280\" \/>\n\t\t<meta property=\"og:image:height\" content=\"804\" \/>\n\t\t<meta property=\"article:published_time\" content=\"2025-11-25T11:41:01+00:00\" \/>\n\t\t<meta property=\"article:modified_time\" content=\"2025-11-25T11:47:01+00:00\" \/>\n\t\t<meta property=\"article:publisher\" content=\"https:\/\/www.facebook.com\/people\/Immoinvest\/100077962920504\/\" \/>\n\t\t<meta name=\"twitter:card\" content=\"summary_large_image\" \/>\n\t\t<meta name=\"twitter:site\" content=\"@i\" \/>\n\t\t<meta name=\"twitter:title\" content=\"Espace \u00e9conomique de B\u00e2le \u2013 Facts and Figures - immo!nvest - Die Plattform f\u00fcr Standorte und Immobilien\" \/>\n\t\t<meta name=\"twitter:description\" content=\"Entre le Rhin, les collines et la haute culture, l&#039;avenir bat son plein \u00e0 B\u00e2le. La r\u00e9gion est synonyme de puissance \u00e9conomique, de qualit\u00e9 de vie urbaine et d&#039;innovation de pointe. Qu&#039;il s&#039;agisse des sciences de la vie, des technologies propres ou de l&#039;industrie num\u00e9rique, B\u00e2le offre un environnement propice \u00e0 la croissance des id\u00e9es, \u00e0 l&#039;expansion des entreprises et \u00e0 l&#039;\u00e9panouissement des talents. La recherche et l&#039;esprit d&#039;entreprise, l&#039;architecture et la joie de vivre s&#039;y c\u00f4toient dans un espace restreint. B\u00e2le est l&#039;endroit o\u00f9 le progr\u00e8s trouve sa place.\" \/>\n\t\t<meta name=\"twitter:creator\" content=\"@i\" \/>\n\t\t<meta name=\"twitter:image\" content=\"https:\/\/www.immo-invest.ch\/wp-content\/uploads\/2025\/11\/basel_facts_and_figures.jpg\" \/>\n\t\t<script type=\"application\/ld+json\" class=\"aioseo-schema\">\n\t\t\t{\"@context\":\"https:\\\/\\\/schema.org\",\"@graph\":[{\"@type\":\"BlogPosting\",\"@id\":\"https:\\\/\\\/www.immo-invest.ch\\\/fr\\\/wirtschaftsraum-basel-facts-and-figures\\\/#blogposting\",\"name\":\"Espace \\u00e9conomique de B\\u00e2le \\u2013 Facts and Figures - immo!nvest - Die Plattform f\\u00fcr Standorte und Immobilien\",\"headline\":\"Espace \\u00e9conomique de B\\u00e2le &#8211; Facts and Figures\",\"author\":{\"@id\":\"https:\\\/\\\/www.immo-invest.ch\\\/fr\\\/author\\\/immovestuser\\\/#author\"},\"publisher\":{\"@id\":\"https:\\\/\\\/www.immo-invest.ch\\\/fr\\\/#organization\"},\"image\":{\"@type\":\"ImageObject\",\"url\":\"https:\\\/\\\/www.immo-invest.ch\\\/wp-content\\\/uploads\\\/2025\\\/11\\\/basel_facts_and_figures.jpg\",\"width\":1280,\"height\":804,\"caption\":\"Buildings in the city centre of Basel and the Rhine river, Switzerland. Riverside of swiss city with Basel Cathedral\"},\"datePublished\":\"2025-11-25T12:41:01+01:00\",\"dateModified\":\"2025-11-25T12:47:01+01:00\",\"inLanguage\":\"fr-FR\",\"mainEntityOfPage\":{\"@id\":\"https:\\\/\\\/www.immo-invest.ch\\\/fr\\\/wirtschaftsraum-basel-facts-and-figures\\\/#webpage\"},\"isPartOf\":{\"@id\":\"https:\\\/\\\/www.immo-invest.ch\\\/fr\\\/wirtschaftsraum-basel-facts-and-figures\\\/#webpage\"},\"articleSection\":\"B\\u00e2le, immoNews, Standorte, Trends, Immoinvest, immoNews, Innovation, News, Standortentwicklung, Wirtschaftsraum, Facultatif\"},{\"@type\":\"BreadcrumbList\",\"@id\":\"https:\\\/\\\/www.immo-invest.ch\\\/fr\\\/wirtschaftsraum-basel-facts-and-figures\\\/#breadcrumblist\",\"itemListElement\":[{\"@type\":\"ListItem\",\"@id\":\"https:\\\/\\\/www.immo-invest.ch\\\/fr\\\/#listItem\",\"position\":1,\"name\":\"Home\",\"item\":\"https:\\\/\\\/www.immo-invest.ch\\\/fr\\\/\",\"nextItem\":{\"@type\":\"ListItem\",\"@id\":\"https:\\\/\\\/www.immo-invest.ch\\\/fr\\\/categories\\\/regions\\\/#listItem\",\"name\":\"R\\u00e9gions\"}},{\"@type\":\"ListItem\",\"@id\":\"https:\\\/\\\/www.immo-invest.ch\\\/fr\\\/categories\\\/regions\\\/#listItem\",\"position\":2,\"name\":\"R\\u00e9gions\",\"item\":\"https:\\\/\\\/www.immo-invest.ch\\\/fr\\\/categories\\\/regions\\\/\",\"nextItem\":{\"@type\":\"ListItem\",\"@id\":\"https:\\\/\\\/www.immo-invest.ch\\\/fr\\\/categories\\\/regions\\\/suisse\\\/#listItem\",\"name\":\"Suisse\"},\"previousItem\":{\"@type\":\"ListItem\",\"@id\":\"https:\\\/\\\/www.immo-invest.ch\\\/fr\\\/#listItem\",\"name\":\"Home\"}},{\"@type\":\"ListItem\",\"@id\":\"https:\\\/\\\/www.immo-invest.ch\\\/fr\\\/categories\\\/regions\\\/suisse\\\/#listItem\",\"position\":3,\"name\":\"Suisse\",\"item\":\"https:\\\/\\\/www.immo-invest.ch\\\/fr\\\/categories\\\/regions\\\/suisse\\\/\",\"nextItem\":{\"@type\":\"ListItem\",\"@id\":\"https:\\\/\\\/www.immo-invest.ch\\\/fr\\\/categories\\\/regions\\\/suisse\\\/suisse-du-nord-ouest\\\/#listItem\",\"name\":\"Suisse du Nord-Ouest\"},\"previousItem\":{\"@type\":\"ListItem\",\"@id\":\"https:\\\/\\\/www.immo-invest.ch\\\/fr\\\/categories\\\/regions\\\/#listItem\",\"name\":\"R\\u00e9gions\"}},{\"@type\":\"ListItem\",\"@id\":\"https:\\\/\\\/www.immo-invest.ch\\\/fr\\\/categories\\\/regions\\\/suisse\\\/suisse-du-nord-ouest\\\/#listItem\",\"position\":4,\"name\":\"Suisse du Nord-Ouest\",\"item\":\"https:\\\/\\\/www.immo-invest.ch\\\/fr\\\/categories\\\/regions\\\/suisse\\\/suisse-du-nord-ouest\\\/\",\"nextItem\":{\"@type\":\"ListItem\",\"@id\":\"https:\\\/\\\/www.immo-invest.ch\\\/fr\\\/categories\\\/regions\\\/suisse\\\/suisse-du-nord-ouest\\\/region-bale\\\/#listItem\",\"name\":\"B\\u00e2le\"},\"previousItem\":{\"@type\":\"ListItem\",\"@id\":\"https:\\\/\\\/www.immo-invest.ch\\\/fr\\\/categories\\\/regions\\\/suisse\\\/#listItem\",\"name\":\"Suisse\"}},{\"@type\":\"ListItem\",\"@id\":\"https:\\\/\\\/www.immo-invest.ch\\\/fr\\\/categories\\\/regions\\\/suisse\\\/suisse-du-nord-ouest\\\/region-bale\\\/#listItem\",\"position\":5,\"name\":\"B\\u00e2le\",\"item\":\"https:\\\/\\\/www.immo-invest.ch\\\/fr\\\/categories\\\/regions\\\/suisse\\\/suisse-du-nord-ouest\\\/region-bale\\\/\",\"nextItem\":{\"@type\":\"ListItem\",\"@id\":\"https:\\\/\\\/www.immo-invest.ch\\\/fr\\\/wirtschaftsraum-basel-facts-and-figures\\\/#listItem\",\"name\":\"Espace \\u00e9conomique de B\\u00e2le &#8211; Facts and Figures\"},\"previousItem\":{\"@type\":\"ListItem\",\"@id\":\"https:\\\/\\\/www.immo-invest.ch\\\/fr\\\/categories\\\/regions\\\/suisse\\\/suisse-du-nord-ouest\\\/#listItem\",\"name\":\"Suisse du Nord-Ouest\"}},{\"@type\":\"ListItem\",\"@id\":\"https:\\\/\\\/www.immo-invest.ch\\\/fr\\\/wirtschaftsraum-basel-facts-and-figures\\\/#listItem\",\"position\":6,\"name\":\"Espace \\u00e9conomique de B\\u00e2le &#8211; Facts and Figures\",\"previousItem\":{\"@type\":\"ListItem\",\"@id\":\"https:\\\/\\\/www.immo-invest.ch\\\/fr\\\/categories\\\/regions\\\/suisse\\\/suisse-du-nord-ouest\\\/region-bale\\\/#listItem\",\"name\":\"B\\u00e2le\"}}]},{\"@type\":\"Organization\",\"@id\":\"https:\\\/\\\/www.immo-invest.ch\\\/fr\\\/#organization\",\"name\":\"immo!nvest - Die Plattform f\\u00fcr Standorte und Immobilien\",\"description\":\"Die\\u00a0Plattform f\\u00fcr Standorte und Immobilien\",\"url\":\"https:\\\/\\\/www.immo-invest.ch\\\/fr\\\/\",\"email\":\"admin@immomedia.ag\",\"telephone\":\"+41444420002\",\"logo\":{\"@type\":\"ImageObject\",\"url\":\"https:\\\/\\\/www.immo-invest.ch\\\/wp-content\\\/uploads\\\/2024\\\/09\\\/immoinvest_sm-scaled.jpg\",\"@id\":\"https:\\\/\\\/www.immo-invest.ch\\\/fr\\\/wirtschaftsraum-basel-facts-and-figures\\\/#organizationLogo\",\"width\":2560,\"height\":1340},\"image\":{\"@id\":\"https:\\\/\\\/www.immo-invest.ch\\\/fr\\\/wirtschaftsraum-basel-facts-and-figures\\\/#organizationLogo\"},\"sameAs\":[\"https:\\\/\\\/www.facebook.com\\\/people\\\/Immoinvest\\\/100077962920504\\\/\",\"https:\\\/\\\/x.com\\\/i\\\/flow\\\/login?redirect_after_login=immoinvest_ch\",\"https:\\\/\\\/www.instagram.com\\\/immoinvest_ch\\\/\",\"https:\\\/\\\/www.linkedin.com\\\/company\\\/immoinvest-swiss\"]},{\"@type\":\"Person\",\"@id\":\"https:\\\/\\\/www.immo-invest.ch\\\/fr\\\/author\\\/immovestuser\\\/#author\",\"url\":\"https:\\\/\\\/www.immo-invest.ch\\\/fr\\\/author\\\/immovestuser\\\/\",\"name\":\"immovestuser\",\"image\":{\"@type\":\"ImageObject\",\"@id\":\"https:\\\/\\\/www.immo-invest.ch\\\/fr\\\/wirtschaftsraum-basel-facts-and-figures\\\/#authorImage\",\"url\":\"https:\\\/\\\/secure.gravatar.com\\\/avatar\\\/8e01f4d99f2eeea7a362ebb93305e1172a70e9293ba250f897a65c39f54cdd1e?s=96&d=mm&r=g\",\"width\":96,\"height\":96,\"caption\":\"immovestuser\"}},{\"@type\":\"WebPage\",\"@id\":\"https:\\\/\\\/www.immo-invest.ch\\\/fr\\\/wirtschaftsraum-basel-facts-and-figures\\\/#webpage\",\"url\":\"https:\\\/\\\/www.immo-invest.ch\\\/fr\\\/wirtschaftsraum-basel-facts-and-figures\\\/\",\"name\":\"Espace \\u00e9conomique de B\\u00e2le \\u2013 Facts and Figures - immo!nvest - Die Plattform f\\u00fcr Standorte und Immobilien\",\"description\":\"Entre le Rhin, les collines et la haute culture, l'avenir bat son plein \\u00e0 B\\u00e2le. La r\\u00e9gion est synonyme de puissance \\u00e9conomique, de qualit\\u00e9 de vie urbaine et d'innovation de pointe. Qu'il s'agisse des sciences de la vie, des technologies propres ou de l'industrie num\\u00e9rique, B\\u00e2le offre un environnement propice \\u00e0 la croissance des id\\u00e9es, \\u00e0 l'expansion des entreprises et \\u00e0 l'\\u00e9panouissement des talents. La recherche et l'esprit d'entreprise, l'architecture et la joie de vivre s'y c\\u00f4toient dans un espace restreint. B\\u00e2le est l'endroit o\\u00f9 le progr\\u00e8s trouve sa place.\",\"inLanguage\":\"fr-FR\",\"isPartOf\":{\"@id\":\"https:\\\/\\\/www.immo-invest.ch\\\/fr\\\/#website\"},\"breadcrumb\":{\"@id\":\"https:\\\/\\\/www.immo-invest.ch\\\/fr\\\/wirtschaftsraum-basel-facts-and-figures\\\/#breadcrumblist\"},\"author\":{\"@id\":\"https:\\\/\\\/www.immo-invest.ch\\\/fr\\\/author\\\/immovestuser\\\/#author\"},\"creator\":{\"@id\":\"https:\\\/\\\/www.immo-invest.ch\\\/fr\\\/author\\\/immovestuser\\\/#author\"},\"image\":{\"@type\":\"ImageObject\",\"url\":\"https:\\\/\\\/www.immo-invest.ch\\\/wp-content\\\/uploads\\\/2025\\\/11\\\/basel_facts_and_figures.jpg\",\"@id\":\"https:\\\/\\\/www.immo-invest.ch\\\/fr\\\/wirtschaftsraum-basel-facts-and-figures\\\/#mainImage\",\"width\":1280,\"height\":804,\"caption\":\"Buildings in the city centre of Basel and the Rhine river, Switzerland. Riverside of swiss city with Basel Cathedral\"},\"primaryImageOfPage\":{\"@id\":\"https:\\\/\\\/www.immo-invest.ch\\\/fr\\\/wirtschaftsraum-basel-facts-and-figures\\\/#mainImage\"},\"datePublished\":\"2025-11-25T12:41:01+01:00\",\"dateModified\":\"2025-11-25T12:47:01+01:00\"},{\"@type\":\"WebSite\",\"@id\":\"https:\\\/\\\/www.immo-invest.ch\\\/fr\\\/#website\",\"url\":\"https:\\\/\\\/www.immo-invest.ch\\\/fr\\\/\",\"name\":\"immo!nvest - Die Plattform f\\u00fcr Standorte und Immobilien\",\"description\":\"Die\\u00a0Plattform f\\u00fcr Standorte und Immobilien\",\"inLanguage\":\"fr-FR\",\"publisher\":{\"@id\":\"https:\\\/\\\/www.immo-invest.ch\\\/fr\\\/#organization\"}}]}\n\t\t<\/script>\n\t\t<!-- All in One SEO -->\n\n","aioseo_head_json":{"title":"Espace \u00e9conomique de B\u00e2le \u2013 Facts and Figures - immo!nvest - Die Plattform f\u00fcr Standorte und Immobilien","description":"Entre le Rhin, les collines et la haute culture, l'avenir bat son plein \u00e0 B\u00e2le. La r\u00e9gion est synonyme de puissance \u00e9conomique, de qualit\u00e9 de vie urbaine et d'innovation de pointe. Qu'il s'agisse des sciences de la vie, des technologies propres ou de l'industrie num\u00e9rique, B\u00e2le offre un environnement propice \u00e0 la croissance des id\u00e9es, \u00e0 l'expansion des entreprises et \u00e0 l'\u00e9panouissement des talents. La recherche et l'esprit d'entreprise, l'architecture et la joie de vivre s'y c\u00f4toient dans un espace restreint. B\u00e2le est l'endroit o\u00f9 le progr\u00e8s trouve sa place.","canonical_url":"https:\/\/www.immo-invest.ch\/fr\/wirtschaftsraum-basel-facts-and-figures\/","robots":"max-image-preview:large","keywords":"","webmasterTools":{"google-site-verification":"fHJKvgWpZCR2zVBHWfkQeFXC11qieUSff0HGNYfuyLA","miscellaneous":""},"schema":{"@context":"https:\/\/schema.org","@graph":[{"@type":"BlogPosting","@id":"https:\/\/www.immo-invest.ch\/fr\/wirtschaftsraum-basel-facts-and-figures\/#blogposting","name":"Espace \u00e9conomique de B\u00e2le \u2013 Facts and Figures - immo!nvest - Die Plattform f\u00fcr Standorte und Immobilien","headline":"Espace \u00e9conomique de B\u00e2le &#8211; Facts and Figures","author":{"@id":"https:\/\/www.immo-invest.ch\/fr\/author\/immovestuser\/#author"},"publisher":{"@id":"https:\/\/www.immo-invest.ch\/fr\/#organization"},"image":{"@type":"ImageObject","url":"https:\/\/www.immo-invest.ch\/wp-content\/uploads\/2025\/11\/basel_facts_and_figures.jpg","width":1280,"height":804,"caption":"Buildings in the city centre of Basel and the Rhine river, Switzerland. Riverside of swiss city with Basel Cathedral"},"datePublished":"2025-11-25T12:41:01+01:00","dateModified":"2025-11-25T12:47:01+01:00","inLanguage":"fr-FR","mainEntityOfPage":{"@id":"https:\/\/www.immo-invest.ch\/fr\/wirtschaftsraum-basel-facts-and-figures\/#webpage"},"isPartOf":{"@id":"https:\/\/www.immo-invest.ch\/fr\/wirtschaftsraum-basel-facts-and-figures\/#webpage"},"articleSection":"B\u00e2le, immoNews, Standorte, Trends, Immoinvest, immoNews, Innovation, News, Standortentwicklung, Wirtschaftsraum, Facultatif"},{"@type":"BreadcrumbList","@id":"https:\/\/www.immo-invest.ch\/fr\/wirtschaftsraum-basel-facts-and-figures\/#breadcrumblist","itemListElement":[{"@type":"ListItem","@id":"https:\/\/www.immo-invest.ch\/fr\/#listItem","position":1,"name":"Home","item":"https:\/\/www.immo-invest.ch\/fr\/","nextItem":{"@type":"ListItem","@id":"https:\/\/www.immo-invest.ch\/fr\/categories\/regions\/#listItem","name":"R\u00e9gions"}},{"@type":"ListItem","@id":"https:\/\/www.immo-invest.ch\/fr\/categories\/regions\/#listItem","position":2,"name":"R\u00e9gions","item":"https:\/\/www.immo-invest.ch\/fr\/categories\/regions\/","nextItem":{"@type":"ListItem","@id":"https:\/\/www.immo-invest.ch\/fr\/categories\/regions\/suisse\/#listItem","name":"Suisse"},"previousItem":{"@type":"ListItem","@id":"https:\/\/www.immo-invest.ch\/fr\/#listItem","name":"Home"}},{"@type":"ListItem","@id":"https:\/\/www.immo-invest.ch\/fr\/categories\/regions\/suisse\/#listItem","position":3,"name":"Suisse","item":"https:\/\/www.immo-invest.ch\/fr\/categories\/regions\/suisse\/","nextItem":{"@type":"ListItem","@id":"https:\/\/www.immo-invest.ch\/fr\/categories\/regions\/suisse\/suisse-du-nord-ouest\/#listItem","name":"Suisse du Nord-Ouest"},"previousItem":{"@type":"ListItem","@id":"https:\/\/www.immo-invest.ch\/fr\/categories\/regions\/#listItem","name":"R\u00e9gions"}},{"@type":"ListItem","@id":"https:\/\/www.immo-invest.ch\/fr\/categories\/regions\/suisse\/suisse-du-nord-ouest\/#listItem","position":4,"name":"Suisse du Nord-Ouest","item":"https:\/\/www.immo-invest.ch\/fr\/categories\/regions\/suisse\/suisse-du-nord-ouest\/","nextItem":{"@type":"ListItem","@id":"https:\/\/www.immo-invest.ch\/fr\/categories\/regions\/suisse\/suisse-du-nord-ouest\/region-bale\/#listItem","name":"B\u00e2le"},"previousItem":{"@type":"ListItem","@id":"https:\/\/www.immo-invest.ch\/fr\/categories\/regions\/suisse\/#listItem","name":"Suisse"}},{"@type":"ListItem","@id":"https:\/\/www.immo-invest.ch\/fr\/categories\/regions\/suisse\/suisse-du-nord-ouest\/region-bale\/#listItem","position":5,"name":"B\u00e2le","item":"https:\/\/www.immo-invest.ch\/fr\/categories\/regions\/suisse\/suisse-du-nord-ouest\/region-bale\/","nextItem":{"@type":"ListItem","@id":"https:\/\/www.immo-invest.ch\/fr\/wirtschaftsraum-basel-facts-and-figures\/#listItem","name":"Espace \u00e9conomique de B\u00e2le &#8211; Facts and Figures"},"previousItem":{"@type":"ListItem","@id":"https:\/\/www.immo-invest.ch\/fr\/categories\/regions\/suisse\/suisse-du-nord-ouest\/#listItem","name":"Suisse du Nord-Ouest"}},{"@type":"ListItem","@id":"https:\/\/www.immo-invest.ch\/fr\/wirtschaftsraum-basel-facts-and-figures\/#listItem","position":6,"name":"Espace \u00e9conomique de B\u00e2le &#8211; Facts and Figures","previousItem":{"@type":"ListItem","@id":"https:\/\/www.immo-invest.ch\/fr\/categories\/regions\/suisse\/suisse-du-nord-ouest\/region-bale\/#listItem","name":"B\u00e2le"}}]},{"@type":"Organization","@id":"https:\/\/www.immo-invest.ch\/fr\/#organization","name":"immo!nvest - Die Plattform f\u00fcr Standorte und Immobilien","description":"Die\u00a0Plattform f\u00fcr Standorte und Immobilien","url":"https:\/\/www.immo-invest.ch\/fr\/","email":"admin@immomedia.ag","telephone":"+41444420002","logo":{"@type":"ImageObject","url":"https:\/\/www.immo-invest.ch\/wp-content\/uploads\/2024\/09\/immoinvest_sm-scaled.jpg","@id":"https:\/\/www.immo-invest.ch\/fr\/wirtschaftsraum-basel-facts-and-figures\/#organizationLogo","width":2560,"height":1340},"image":{"@id":"https:\/\/www.immo-invest.ch\/fr\/wirtschaftsraum-basel-facts-and-figures\/#organizationLogo"},"sameAs":["https:\/\/www.facebook.com\/people\/Immoinvest\/100077962920504\/","https:\/\/x.com\/i\/flow\/login?redirect_after_login=immoinvest_ch","https:\/\/www.instagram.com\/immoinvest_ch\/","https:\/\/www.linkedin.com\/company\/immoinvest-swiss"]},{"@type":"Person","@id":"https:\/\/www.immo-invest.ch\/fr\/author\/immovestuser\/#author","url":"https:\/\/www.immo-invest.ch\/fr\/author\/immovestuser\/","name":"immovestuser","image":{"@type":"ImageObject","@id":"https:\/\/www.immo-invest.ch\/fr\/wirtschaftsraum-basel-facts-and-figures\/#authorImage","url":"https:\/\/secure.gravatar.com\/avatar\/8e01f4d99f2eeea7a362ebb93305e1172a70e9293ba250f897a65c39f54cdd1e?s=96&d=mm&r=g","width":96,"height":96,"caption":"immovestuser"}},{"@type":"WebPage","@id":"https:\/\/www.immo-invest.ch\/fr\/wirtschaftsraum-basel-facts-and-figures\/#webpage","url":"https:\/\/www.immo-invest.ch\/fr\/wirtschaftsraum-basel-facts-and-figures\/","name":"Espace \u00e9conomique de B\u00e2le \u2013 Facts and Figures - immo!nvest - Die Plattform f\u00fcr Standorte und Immobilien","description":"Entre le Rhin, les collines et la haute culture, l'avenir bat son plein \u00e0 B\u00e2le. La r\u00e9gion est synonyme de puissance \u00e9conomique, de qualit\u00e9 de vie urbaine et d'innovation de pointe. Qu'il s'agisse des sciences de la vie, des technologies propres ou de l'industrie num\u00e9rique, B\u00e2le offre un environnement propice \u00e0 la croissance des id\u00e9es, \u00e0 l'expansion des entreprises et \u00e0 l'\u00e9panouissement des talents. La recherche et l'esprit d'entreprise, l'architecture et la joie de vivre s'y c\u00f4toient dans un espace restreint. B\u00e2le est l'endroit o\u00f9 le progr\u00e8s trouve sa place.","inLanguage":"fr-FR","isPartOf":{"@id":"https:\/\/www.immo-invest.ch\/fr\/#website"},"breadcrumb":{"@id":"https:\/\/www.immo-invest.ch\/fr\/wirtschaftsraum-basel-facts-and-figures\/#breadcrumblist"},"author":{"@id":"https:\/\/www.immo-invest.ch\/fr\/author\/immovestuser\/#author"},"creator":{"@id":"https:\/\/www.immo-invest.ch\/fr\/author\/immovestuser\/#author"},"image":{"@type":"ImageObject","url":"https:\/\/www.immo-invest.ch\/wp-content\/uploads\/2025\/11\/basel_facts_and_figures.jpg","@id":"https:\/\/www.immo-invest.ch\/fr\/wirtschaftsraum-basel-facts-and-figures\/#mainImage","width":1280,"height":804,"caption":"Buildings in the city centre of Basel and the Rhine river, Switzerland. Riverside of swiss city with Basel Cathedral"},"primaryImageOfPage":{"@id":"https:\/\/www.immo-invest.ch\/fr\/wirtschaftsraum-basel-facts-and-figures\/#mainImage"},"datePublished":"2025-11-25T12:41:01+01:00","dateModified":"2025-11-25T12:47:01+01:00"},{"@type":"WebSite","@id":"https:\/\/www.immo-invest.ch\/fr\/#website","url":"https:\/\/www.immo-invest.ch\/fr\/","name":"immo!nvest - Die Plattform f\u00fcr Standorte und Immobilien","description":"Die\u00a0Plattform f\u00fcr Standorte und Immobilien","inLanguage":"fr-FR","publisher":{"@id":"https:\/\/www.immo-invest.ch\/fr\/#organization"}}]},"og:locale":"fr_FR","og:site_name":"immo!nvest - Die Plattform f\u00fcr Standorte und Immobilien - Die\u00a0Plattform f\u00fcr Standorte und Immobilien","og:type":"article","og:title":"Espace \u00e9conomique de B\u00e2le \u2013 Facts and Figures - immo!nvest - Die Plattform f\u00fcr Standorte und Immobilien","og:description":"Entre le Rhin, les collines et la haute culture, l'avenir bat son plein \u00e0 B\u00e2le. La r\u00e9gion est synonyme de puissance \u00e9conomique, de qualit\u00e9 de vie urbaine et d'innovation de pointe. Qu'il s'agisse des sciences de la vie, des technologies propres ou de l'industrie num\u00e9rique, B\u00e2le offre un environnement propice \u00e0 la croissance des id\u00e9es, \u00e0 l'expansion des entreprises et \u00e0 l'\u00e9panouissement des talents. La recherche et l'esprit d'entreprise, l'architecture et la joie de vivre s'y c\u00f4toient dans un espace restreint. B\u00e2le est l'endroit o\u00f9 le progr\u00e8s trouve sa place.","og:url":"https:\/\/www.immo-invest.ch\/fr\/wirtschaftsraum-basel-facts-and-figures\/","og:image":"https:\/\/www.immo-invest.ch\/wp-content\/uploads\/2025\/11\/basel_facts_and_figures.jpg","og:image:secure_url":"https:\/\/www.immo-invest.ch\/wp-content\/uploads\/2025\/11\/basel_facts_and_figures.jpg","og:image:width":1280,"og:image:height":804,"article:published_time":"2025-11-25T11:41:01+00:00","article:modified_time":"2025-11-25T11:47:01+00:00","article:publisher":"https:\/\/www.facebook.com\/people\/Immoinvest\/100077962920504\/","twitter:card":"summary_large_image","twitter:site":"@i","twitter:title":"Espace \u00e9conomique de B\u00e2le \u2013 Facts and Figures - immo!nvest - Die Plattform f\u00fcr Standorte und Immobilien","twitter:description":"Entre le Rhin, les collines et la haute culture, l'avenir bat son plein \u00e0 B\u00e2le. La r\u00e9gion est synonyme de puissance \u00e9conomique, de qualit\u00e9 de vie urbaine et d'innovation de pointe. Qu'il s'agisse des sciences de la vie, des technologies propres ou de l'industrie num\u00e9rique, B\u00e2le offre un environnement propice \u00e0 la croissance des id\u00e9es, \u00e0 l'expansion des entreprises et \u00e0 l'\u00e9panouissement des talents. La recherche et l'esprit d'entreprise, l'architecture et la joie de vivre s'y c\u00f4toient dans un espace restreint. B\u00e2le est l'endroit o\u00f9 le progr\u00e8s trouve sa place.","twitter:creator":"@i","twitter:image":"https:\/\/www.immo-invest.ch\/wp-content\/uploads\/2025\/11\/basel_facts_and_figures.jpg"},"aioseo_meta_data":{"post_id":"144490","title":null,"description":null,"keywords":null,"keyphrases":{"focus":{"keyphrase":"","score":0,"analysis":{"keyphraseInTitle":{"score":0,"maxScore":9,"error":1}}},"additional":[]},"primary_term":null,"canonical_url":null,"og_title":null,"og_description":null,"og_object_type":"default","og_image_type":"default","og_image_url":null,"og_image_width":null,"og_image_height":null,"og_image_custom_url":null,"og_image_custom_fields":null,"og_video":"","og_custom_url":null,"og_article_section":null,"og_article_tags":null,"twitter_use_og":false,"twitter_card":"default","twitter_image_type":"default","twitter_image_url":null,"twitter_image_custom_url":null,"twitter_image_custom_fields":null,"twitter_title":null,"twitter_description":null,"schema":{"blockGraphs":[],"customGraphs":[],"default":{"data":{"Article":[],"Course":[],"Dataset":[],"FAQPage":[],"Movie":[],"Person":[],"Product":[],"ProductReview":[],"Car":[],"Recipe":[],"Service":[],"SoftwareApplication":[],"WebPage":[]},"graphName":"BlogPosting","isEnabled":true},"graphs":[]},"schema_type":"default","schema_type_options":null,"pillar_content":false,"robots_default":true,"robots_noindex":false,"robots_noarchive":false,"robots_nosnippet":false,"robots_nofollow":false,"robots_noimageindex":false,"robots_noodp":false,"robots_notranslate":false,"robots_max_snippet":"-1","robots_max_videopreview":"-1","robots_max_imagepreview":"large","priority":null,"frequency":"default","local_seo":null,"breadcrumb_settings":null,"limit_modified_date":false,"ai":{"faqs":[],"keyPoints":[],"titles":[],"descriptions":[],"socialPosts":{"email":[],"linkedin":[],"twitter":[],"facebook":[],"instagram":[]}},"created":"2025-11-25 11:42:49","updated":"2025-11-25 12:01:37","seo_analyzer_scan_date":null,"focus_keyword":null,"additional_keywords":null,"truseo_locale":null},"aioseo_breadcrumb":"<div class=\"aioseo-breadcrumbs\"><span class=\"aioseo-breadcrumb\">\n\t\t\t<a href=\"https:\/\/www.immo-invest.ch\/fr\/\" title=\"Home\">Home<\/a>\n\t\t<\/span><span class=\"aioseo-breadcrumb-separator\">&raquo;<\/span><span class=\"aioseo-breadcrumb\">\n\t\t\t<a href=\"https:\/\/www.immo-invest.ch\/fr\/categories\/regions\/\" title=\"R\u00e9gions\">R\u00e9gions<\/a>\n\t\t<\/span><span class=\"aioseo-breadcrumb-separator\">&raquo;<\/span><span class=\"aioseo-breadcrumb\">\n\t\t\t<a href=\"https:\/\/www.immo-invest.ch\/fr\/categories\/regions\/suisse\/\" title=\"Suisse\">Suisse<\/a>\n\t\t<\/span><span class=\"aioseo-breadcrumb-separator\">&raquo;<\/span><span class=\"aioseo-breadcrumb\">\n\t\t\t<a href=\"https:\/\/www.immo-invest.ch\/fr\/categories\/regions\/suisse\/suisse-du-nord-ouest\/\" title=\"Suisse du Nord-Ouest\">Suisse du Nord-Ouest<\/a>\n\t\t<\/span><span class=\"aioseo-breadcrumb-separator\">&raquo;<\/span><span class=\"aioseo-breadcrumb\">\n\t\t\t<a href=\"https:\/\/www.immo-invest.ch\/fr\/categories\/regions\/suisse\/suisse-du-nord-ouest\/region-bale\/\" title=\"B\u00e2le\">B\u00e2le<\/a>\n\t\t<\/span><span class=\"aioseo-breadcrumb-separator\">&raquo;<\/span><span class=\"aioseo-breadcrumb\">\n\t\t\tEspace \u00e9conomique de B\u00e2le \u2013 Facts and Figures\n\t\t<\/span><\/div>","aioseo_breadcrumb_json":[{"label":"Home","link":"https:\/\/www.immo-invest.ch\/fr\/"},{"label":"R\u00e9gions","link":"https:\/\/www.immo-invest.ch\/fr\/categories\/regions\/"},{"label":"Suisse","link":"https:\/\/www.immo-invest.ch\/fr\/categories\/regions\/suisse\/"},{"label":"Suisse du Nord-Ouest","link":"https:\/\/www.immo-invest.ch\/fr\/categories\/regions\/suisse\/suisse-du-nord-ouest\/"},{"label":"B\u00e2le","link":"https:\/\/www.immo-invest.ch\/fr\/categories\/regions\/suisse\/suisse-du-nord-ouest\/region-bale\/"},{"label":"Espace \u00e9conomique de B\u00e2le &#8211; Facts and Figures","link":"https:\/\/www.immo-invest.ch\/fr\/wirtschaftsraum-basel-facts-and-figures\/"}],"featured_image_src":"https:\/\/www.immo-invest.ch\/wp-content\/uploads\/2025\/11\/basel_facts_and_figures-336x168.jpg","_links":{"self":[{"href":"https:\/\/www.immo-invest.ch\/fr\/wp-json\/wp\/v2\/posts\/144490","targetHints":{"allow":["GET"]}}],"collection":[{"href":"https:\/\/www.immo-invest.ch\/fr\/wp-json\/wp\/v2\/posts"}],"about":[{"href":"https:\/\/www.immo-invest.ch\/fr\/wp-json\/wp\/v2\/types\/post"}],"author":[{"embeddable":true,"href":"https:\/\/www.immo-invest.ch\/fr\/wp-json\/wp\/v2\/users\/2"}],"replies":[{"embeddable":true,"href":"https:\/\/www.immo-invest.ch\/fr\/wp-json\/wp\/v2\/comments?post=144490"}],"version-history":[{"count":0,"href":"https:\/\/www.immo-invest.ch\/fr\/wp-json\/wp\/v2\/posts\/144490\/revisions"}],"wp:featuredmedia":[{"embeddable":true,"href":"https:\/\/www.immo-invest.ch\/fr\/wp-json\/wp\/v2\/media\/144491"}],"wp:attachment":[{"href":"https:\/\/www.immo-invest.ch\/fr\/wp-json\/wp\/v2\/media?parent=144490"}],"wp:term":[{"taxonomy":"category","embeddable":true,"href":"https:\/\/www.immo-invest.ch\/fr\/wp-json\/wp\/v2\/categories?post=144490"},{"taxonomy":"post_tag","embeddable":true,"href":"https:\/\/www.immo-invest.ch\/fr\/wp-json\/wp\/v2\/tags?post=144490"}],"curies":[{"name":"wp","href":"https:\/\/api.w.org\/{rel}","templated":true}]}}