{"id":144311,"date":"2025-11-26T16:20:00","date_gmt":"2025-11-26T15:20:00","guid":{"rendered":"https:\/\/www.immo-invest.ch\/?p=144311"},"modified":"2025-11-21T10:42:43","modified_gmt":"2025-11-21T09:42:43","slug":"frauenfeld-integriert-parkhaus-altstadt-ins-smart-parking","status":"publish","type":"post","link":"https:\/\/www.immo-invest.ch\/fr\/frauenfeld-integriert-parkhaus-altstadt-ins-smart-parking\/","title":{"rendered":"Frauenfeld int\u00e8gre le parking de la vieille ville dans le Smart Parking"},"content":{"rendered":"<p class=\"bodytext\">La ville de <a href=\"https:\/\/www.frauenfeld.ch\/\" target=\"_blank\" rel=\"noopener\">Frauenfeld<\/a> &eacute;tend son syst&egrave;me de stationnement intelligent au <a href=\"https:\/\/www.parking.ch\/en\/parkings\/frauenfeld\/parkhaus-promenade-altstadt\" target=\"_blank\" rel=\"noopener\">parking de la vieille ville<\/a>. C&rsquo;est ce que vient d&rsquo;<a href=\"https:\/\/www.frauenfeld.ch\/politik-verwaltung\/verwaltung\/aktuelles\/medienmitteilungen\/details.html\/773\/news\/11369\" target=\"_blank\" rel=\"noopener\">annoncer<\/a> la ville. Pour cela, il a &eacute;t&eacute; &eacute;quip&eacute; de capteurs qui indiquent les places de parking libres dans l&rsquo;<a href=\"https:\/\/www.regiofrauenfeld.ch\/ueber-uns\/projekte\/laufende-projekte\/regio-frauenfeld-app.html\/432\" target=\"_blank\" rel=\"noopener\">application Regio Frauenfeld<\/a>. Le <a href=\"https:\/\/www.frauenfeld.ch\/wohnen-mobilitaet\/mobilitaet\/smart-parking.html\/2327\" target=\"_blank\" rel=\"noopener\">projet pilote<\/a> avait &eacute;t&eacute; lanc&eacute; en 2023 et poursuivi en 2024 apr&egrave;s une &eacute;valuation compl&egrave;te. Il comprend d&eacute;sormais un total de six parcs et 24 cam&eacute;ras.<\/p>\n<p class=\"bodytext\">L&rsquo;occupation y est enregistr&eacute;e toutes les deux minutes et rendue visible sur l&rsquo;application. Cela devrait permettre aux usagers de la route de trouver plus rapidement une place de stationnement libre et de b&eacute;n&eacute;ficier d&rsquo;une circulation plus fluide.<\/p>\n<p class=\"bodytext\">Le parking de la vieille ville est le seul &agrave; ne pas &ecirc;tre &eacute;quip&eacute; de cam&eacute;ras. Il appartient &agrave; Wohnpark Promenade AG et est g&eacute;r&eacute; par Tobler Immobilien AG. Une p&eacute;riode d&rsquo;essai d&rsquo;un an a &eacute;t&eacute; convenue avec les responsables des deux soci&eacute;t&eacute;s. Le parking souterrain offre 66 places de stationnement dans un emplacement central.<\/p>\n<p class=\"bodytext\">Apr&egrave;s la r&eacute;novation du <a href=\"https:\/\/passage-frauenfeld.ch\/\" target=\"_blank\" rel=\"noopener\">centre commercial Passage<\/a>, son parking d&rsquo;environ 260 places sera &eacute;galement mis en service. Les travaux de construction devraient &ecirc;tre termin&eacute;s fin 2027.<\/p>\n<p class=\"bodytext\">Le concept de parking intelligent de Frauenfeld est bas&eacute; sur un <a href=\"https:\/\/www.zh.ch\/de\/wirtschaft-arbeit\/wirtschaftsstandort\/innovation-sandbox\/smart-parking.html\" target=\"_blank\" rel=\"noopener\">projet<\/a> d&rsquo;<span class=\"glossaryLink\" aria-describedby=\"tt\" data-cmtooltip=\"&lt;div class=glossaryItemTitle&gt;Innovation&lt;\/div&gt;&lt;div class=glossaryItemBody&gt;Innovation in der heutigen Immobilienwelt bedeutet vor allem Digitalisierung von Prozessen. Zum Beispiel das Eliminieren von Tausenden von Excel-Bl&auml;ttern f&uuml;r Portfolio- und Asset-Manager oder das Erstellen einer Anwendung (App) f&uuml;r alle Formalit&auml;ten rund um die Beziehung zwischen Immobilieneigent&uuml;mern, - verwaltung und -mietern.&lt;\/div&gt;\" data-mobile-support=\"0\" data-gt-translate-attributes='[{\"attribute\":\"data-cmtooltip\", \"format\":\"html\"}]' tabindex=\"0\" role=\"link\">innovation<\/span> Sandbox pour l&rsquo;intelligence artificielle dans le canton de Zurich. Dans ce cadre, la <a href=\"https:\/\/parquery.com\/de\/\" target=\"_blank\" rel=\"noopener\">soci&eacute;t&eacute; Parquery AG<\/a> de Zurich, une &eacute;manation de l&rsquo;&Eacute;cole polytechnique f&eacute;d&eacute;rale de Zurich<a href=\"https:\/\/ethz.ch\/de.html\" target=\"_blank\" rel=\"noopener\">(EPFZ<\/a>), a permis, gr&acirc;ce &agrave; son syst&egrave;me de reconnaissance d&rsquo;images, de saisir et d&rsquo;analyser efficacement l&rsquo;occupation des places de stationnement en temps r&eacute;el.<\/p>\n<p class=\"bodytext\">\n<\/p>","protected":false},"excerpt":{"rendered":"<p>Le parking Altstadt de la Promenadenstrasse \u00e0 Frauenfeld est le premier parking priv\u00e9 \u00e0 \u00eatre int\u00e9gr\u00e9 dans le syst\u00e8me Smart Parking de la ville. Il est d\u00e9j\u00e0 pr\u00e9vu de connecter le parking du centre commercial Passage apr\u00e8s sa r\u00e9novation. Le syst\u00e8me Smart Parking est bas\u00e9 sur un projet du canton de Zurich.<\/p>\n","protected":false},"author":2,"featured_media":144312,"comment_status":"open","ping_status":"open","sticky":false,"template":"","format":"standard","meta":{"pmpro_default_level":"","inline_featured_image":false,"_monsterinsights_skip_tracking":false,"footnotes":""},"categories":[743,22703,739,8735,39686],"tags":[55485,872,3931,2002,55111,55486],"class_list":["post-144311","post","type-post","status-publish","format-standard","has-post-thumbnail","hentry","category-immonews-fr","category-mobilite","category-projects","category-proptech-fr","category-standorte-fr","tag-digitale-parkraumbewirtschaftung","tag-immoinvest-fr","tag-immonews-fr","tag-news-fr","tag-sensorik","tag-smart-parking","pmpro-has-access"],"acf":{"bild_mit_ki_erstellt_worden":["Ja"],"lead":"Das Parkhaus Altstadt an der Frauenfelder Promenadenstrasse ist als erste private Parkanlage in das Smart Parking-System der Stadt aufgenommen worden. Bereits geplant ist auch die Aufschaltung des Parkhauses im Einkaufszentrums Passage nach dessen Umbau. Das Smart Parking-System basiert auf einem Projekt des Kantons Z\u00fcrich.","autor":"ce\/mm","ort":"Frauenfeld\/Z\u00fcrich","bildunterschrift":"","bild_im_grid":false,"gallerie":"","newsim":""},"aioseo_notices":[],"aioseo_head":"\n\t\t<!-- All in One SEO 5.0.1.1 - aioseo.com -->\n\t<meta name=\"description\" content=\"Le parking Altstadt de la Promenadenstrasse \u00e0 Frauenfeld est le premier parking priv\u00e9 \u00e0 \u00eatre int\u00e9gr\u00e9 dans le syst\u00e8me Smart Parking de la ville. Il est d\u00e9j\u00e0 pr\u00e9vu de connecter le parking du centre commercial Passage apr\u00e8s sa r\u00e9novation. Le syst\u00e8me Smart Parking est bas\u00e9 sur un projet du canton de Zurich.\" \/>\n\t<meta name=\"robots\" content=\"max-image-preview:large\" \/>\n\t<meta name=\"author\" content=\"immovestuser\"\/>\n\t<meta name=\"google-site-verification\" content=\"fHJKvgWpZCR2zVBHWfkQeFXC11qieUSff0HGNYfuyLA\" \/>\n\t<link rel=\"canonical\" href=\"https:\/\/www.immo-invest.ch\/fr\/frauenfeld-integriert-parkhaus-altstadt-ins-smart-parking\/\" \/>\n\t<meta name=\"generator\" content=\"All in One SEO (AIOSEO) 5.0.1.1\" \/>\n\t\t<meta property=\"og:locale\" content=\"fr_FR\" \/>\n\t\t<meta property=\"og:site_name\" content=\"immo!nvest - Die Plattform f\u00fcr Standorte und Immobilien - Die\u00a0Plattform f\u00fcr Standorte und Immobilien\" \/>\n\t\t<meta property=\"og:type\" content=\"article\" \/>\n\t\t<meta property=\"og:title\" content=\"Frauenfeld int\u00e8gre le parking de la vieille ville dans le Smart Parking - immo!nvest - Die Plattform f\u00fcr Standorte und Immobilien\" \/>\n\t\t<meta property=\"og:description\" content=\"Le parking Altstadt de la Promenadenstrasse \u00e0 Frauenfeld est le premier parking priv\u00e9 \u00e0 \u00eatre int\u00e9gr\u00e9 dans le syst\u00e8me Smart Parking de la ville. Il est d\u00e9j\u00e0 pr\u00e9vu de connecter le parking du centre commercial Passage apr\u00e8s sa r\u00e9novation. Le syst\u00e8me Smart Parking est bas\u00e9 sur un projet du canton de Zurich.\" \/>\n\t\t<meta property=\"og:url\" content=\"https:\/\/www.immo-invest.ch\/fr\/frauenfeld-integriert-parkhaus-altstadt-ins-smart-parking\/\" \/>\n\t\t<meta property=\"og:image\" content=\"https:\/\/www.immo-invest.ch\/wp-content\/uploads\/2025\/11\/banoviag_realistic_street-level_scene_of_a_Swiss_mid-sized_ci_c8a411f5-92bb-4906-a5c3-1f2f92290b8f_2.png\" \/>\n\t\t<meta property=\"og:image:secure_url\" content=\"https:\/\/www.immo-invest.ch\/wp-content\/uploads\/2025\/11\/banoviag_realistic_street-level_scene_of_a_Swiss_mid-sized_ci_c8a411f5-92bb-4906-a5c3-1f2f92290b8f_2.png\" \/>\n\t\t<meta property=\"og:image:width\" content=\"1536\" \/>\n\t\t<meta property=\"og:image:height\" content=\"768\" \/>\n\t\t<meta property=\"article:published_time\" content=\"2025-11-26T15:20:00+00:00\" \/>\n\t\t<meta property=\"article:modified_time\" content=\"2025-11-21T09:42:43+00:00\" \/>\n\t\t<meta property=\"article:publisher\" content=\"https:\/\/www.facebook.com\/people\/Immoinvest\/100077962920504\/\" \/>\n\t\t<meta name=\"twitter:card\" content=\"summary_large_image\" \/>\n\t\t<meta name=\"twitter:site\" content=\"@i\" \/>\n\t\t<meta name=\"twitter:title\" content=\"Frauenfeld int\u00e8gre le parking de la vieille ville dans le Smart Parking - immo!nvest - Die Plattform f\u00fcr Standorte und Immobilien\" \/>\n\t\t<meta name=\"twitter:description\" content=\"Le parking Altstadt de la Promenadenstrasse \u00e0 Frauenfeld est le premier parking priv\u00e9 \u00e0 \u00eatre int\u00e9gr\u00e9 dans le syst\u00e8me Smart Parking de la ville. Il est d\u00e9j\u00e0 pr\u00e9vu de connecter le parking du centre commercial Passage apr\u00e8s sa r\u00e9novation. Le syst\u00e8me Smart Parking est bas\u00e9 sur un projet du canton de Zurich.\" \/>\n\t\t<meta name=\"twitter:creator\" content=\"@i\" \/>\n\t\t<meta name=\"twitter:image\" content=\"https:\/\/www.immo-invest.ch\/wp-content\/uploads\/2025\/11\/banoviag_realistic_street-level_scene_of_a_Swiss_mid-sized_ci_c8a411f5-92bb-4906-a5c3-1f2f92290b8f_2.png\" \/>\n\t\t<script type=\"application\/ld+json\" class=\"aioseo-schema\">\n\t\t\t{\"@context\":\"https:\\\/\\\/schema.org\",\"@graph\":[{\"@type\":\"BlogPosting\",\"@id\":\"https:\\\/\\\/www.immo-invest.ch\\\/fr\\\/frauenfeld-integriert-parkhaus-altstadt-ins-smart-parking\\\/#blogposting\",\"name\":\"Frauenfeld int\\u00e8gre le parking de la vieille ville dans le Smart Parking - immo!nvest - Die Plattform f\\u00fcr Standorte und Immobilien\",\"headline\":\"Frauenfeld int\\u00e8gre le parking de la vieille ville dans le Smart Parking\",\"author\":{\"@id\":\"https:\\\/\\\/www.immo-invest.ch\\\/fr\\\/author\\\/immovestuser\\\/#author\"},\"publisher\":{\"@id\":\"https:\\\/\\\/www.immo-invest.ch\\\/fr\\\/#organization\"},\"image\":{\"@type\":\"ImageObject\",\"url\":\"https:\\\/\\\/www.immo-invest.ch\\\/wp-content\\\/uploads\\\/2025\\\/11\\\/banoviag_realistic_street-level_scene_of_a_Swiss_mid-sized_ci_c8a411f5-92bb-4906-a5c3-1f2f92290b8f_2.png\",\"width\":1536,\"height\":768},\"datePublished\":\"2025-11-26T16:20:00+01:00\",\"dateModified\":\"2025-11-21T10:42:43+01:00\",\"inLanguage\":\"fr-FR\",\"mainEntityOfPage\":{\"@id\":\"https:\\\/\\\/www.immo-invest.ch\\\/fr\\\/frauenfeld-integriert-parkhaus-altstadt-ins-smart-parking\\\/#webpage\"},\"isPartOf\":{\"@id\":\"https:\\\/\\\/www.immo-invest.ch\\\/fr\\\/frauenfeld-integriert-parkhaus-altstadt-ins-smart-parking\\\/#webpage\"},\"articleSection\":\"immoNews, Mobilit\\u00e9, Projects, propTech, Standorte, digitale Parkraumbewirtschaftung, Immoinvest, immoNews, News, Sensorik, Smart Parking, Facultatif\"},{\"@type\":\"BreadcrumbList\",\"@id\":\"https:\\\/\\\/www.immo-invest.ch\\\/fr\\\/frauenfeld-integriert-parkhaus-altstadt-ins-smart-parking\\\/#breadcrumblist\",\"itemListElement\":[{\"@type\":\"ListItem\",\"@id\":\"https:\\\/\\\/www.immo-invest.ch\\\/fr\\\/#listItem\",\"position\":1,\"name\":\"Home\",\"item\":\"https:\\\/\\\/www.immo-invest.ch\\\/fr\\\/\",\"nextItem\":{\"@type\":\"ListItem\",\"@id\":\"https:\\\/\\\/www.immo-invest.ch\\\/fr\\\/categories\\\/trends-fr\\\/#listItem\",\"name\":\"Trends\"}},{\"@type\":\"ListItem\",\"@id\":\"https:\\\/\\\/www.immo-invest.ch\\\/fr\\\/categories\\\/trends-fr\\\/#listItem\",\"position\":2,\"name\":\"Trends\",\"item\":\"https:\\\/\\\/www.immo-invest.ch\\\/fr\\\/categories\\\/trends-fr\\\/\",\"nextItem\":{\"@type\":\"ListItem\",\"@id\":\"https:\\\/\\\/www.immo-invest.ch\\\/fr\\\/categories\\\/trends-fr\\\/proptech-fr\\\/#listItem\",\"name\":\"propTech\"},\"previousItem\":{\"@type\":\"ListItem\",\"@id\":\"https:\\\/\\\/www.immo-invest.ch\\\/fr\\\/#listItem\",\"name\":\"Home\"}},{\"@type\":\"ListItem\",\"@id\":\"https:\\\/\\\/www.immo-invest.ch\\\/fr\\\/categories\\\/trends-fr\\\/proptech-fr\\\/#listItem\",\"position\":3,\"name\":\"propTech\",\"item\":\"https:\\\/\\\/www.immo-invest.ch\\\/fr\\\/categories\\\/trends-fr\\\/proptech-fr\\\/\",\"nextItem\":{\"@type\":\"ListItem\",\"@id\":\"https:\\\/\\\/www.immo-invest.ch\\\/fr\\\/frauenfeld-integriert-parkhaus-altstadt-ins-smart-parking\\\/#listItem\",\"name\":\"Frauenfeld int\\u00e8gre le parking de la vieille ville dans le Smart Parking\"},\"previousItem\":{\"@type\":\"ListItem\",\"@id\":\"https:\\\/\\\/www.immo-invest.ch\\\/fr\\\/categories\\\/trends-fr\\\/#listItem\",\"name\":\"Trends\"}},{\"@type\":\"ListItem\",\"@id\":\"https:\\\/\\\/www.immo-invest.ch\\\/fr\\\/frauenfeld-integriert-parkhaus-altstadt-ins-smart-parking\\\/#listItem\",\"position\":4,\"name\":\"Frauenfeld int\\u00e8gre le parking de la vieille ville dans le Smart Parking\",\"previousItem\":{\"@type\":\"ListItem\",\"@id\":\"https:\\\/\\\/www.immo-invest.ch\\\/fr\\\/categories\\\/trends-fr\\\/proptech-fr\\\/#listItem\",\"name\":\"propTech\"}}]},{\"@type\":\"Organization\",\"@id\":\"https:\\\/\\\/www.immo-invest.ch\\\/fr\\\/#organization\",\"name\":\"immo!nvest - Die Plattform f\\u00fcr Standorte und Immobilien\",\"description\":\"Die\\u00a0Plattform f\\u00fcr Standorte und Immobilien\",\"url\":\"https:\\\/\\\/www.immo-invest.ch\\\/fr\\\/\",\"email\":\"admin@immomedia.ag\",\"telephone\":\"+41444420002\",\"logo\":{\"@type\":\"ImageObject\",\"url\":\"https:\\\/\\\/www.immo-invest.ch\\\/wp-content\\\/uploads\\\/2024\\\/09\\\/immoinvest_sm-scaled.jpg\",\"@id\":\"https:\\\/\\\/www.immo-invest.ch\\\/fr\\\/frauenfeld-integriert-parkhaus-altstadt-ins-smart-parking\\\/#organizationLogo\",\"width\":2560,\"height\":1340},\"image\":{\"@id\":\"https:\\\/\\\/www.immo-invest.ch\\\/fr\\\/frauenfeld-integriert-parkhaus-altstadt-ins-smart-parking\\\/#organizationLogo\"},\"sameAs\":[\"https:\\\/\\\/www.facebook.com\\\/people\\\/Immoinvest\\\/100077962920504\\\/\",\"https:\\\/\\\/x.com\\\/i\\\/flow\\\/login?redirect_after_login=immoinvest_ch\",\"https:\\\/\\\/www.instagram.com\\\/immoinvest_ch\\\/\",\"https:\\\/\\\/www.linkedin.com\\\/company\\\/immoinvest-swiss\"]},{\"@type\":\"Person\",\"@id\":\"https:\\\/\\\/www.immo-invest.ch\\\/fr\\\/author\\\/immovestuser\\\/#author\",\"url\":\"https:\\\/\\\/www.immo-invest.ch\\\/fr\\\/author\\\/immovestuser\\\/\",\"name\":\"immovestuser\",\"image\":{\"@type\":\"ImageObject\",\"@id\":\"https:\\\/\\\/www.immo-invest.ch\\\/fr\\\/frauenfeld-integriert-parkhaus-altstadt-ins-smart-parking\\\/#authorImage\",\"url\":\"https:\\\/\\\/secure.gravatar.com\\\/avatar\\\/8e01f4d99f2eeea7a362ebb93305e1172a70e9293ba250f897a65c39f54cdd1e?s=96&d=mm&r=g\",\"width\":96,\"height\":96,\"caption\":\"immovestuser\"}},{\"@type\":\"WebPage\",\"@id\":\"https:\\\/\\\/www.immo-invest.ch\\\/fr\\\/frauenfeld-integriert-parkhaus-altstadt-ins-smart-parking\\\/#webpage\",\"url\":\"https:\\\/\\\/www.immo-invest.ch\\\/fr\\\/frauenfeld-integriert-parkhaus-altstadt-ins-smart-parking\\\/\",\"name\":\"Frauenfeld int\\u00e8gre le parking de la vieille ville dans le Smart Parking - immo!nvest - Die Plattform f\\u00fcr Standorte und Immobilien\",\"description\":\"Le parking Altstadt de la Promenadenstrasse \\u00e0 Frauenfeld est le premier parking priv\\u00e9 \\u00e0 \\u00eatre int\\u00e9gr\\u00e9 dans le syst\\u00e8me Smart Parking de la ville. Il est d\\u00e9j\\u00e0 pr\\u00e9vu de connecter le parking du centre commercial Passage apr\\u00e8s sa r\\u00e9novation. Le syst\\u00e8me Smart Parking est bas\\u00e9 sur un projet du canton de Zurich.\",\"inLanguage\":\"fr-FR\",\"isPartOf\":{\"@id\":\"https:\\\/\\\/www.immo-invest.ch\\\/fr\\\/#website\"},\"breadcrumb\":{\"@id\":\"https:\\\/\\\/www.immo-invest.ch\\\/fr\\\/frauenfeld-integriert-parkhaus-altstadt-ins-smart-parking\\\/#breadcrumblist\"},\"author\":{\"@id\":\"https:\\\/\\\/www.immo-invest.ch\\\/fr\\\/author\\\/immovestuser\\\/#author\"},\"creator\":{\"@id\":\"https:\\\/\\\/www.immo-invest.ch\\\/fr\\\/author\\\/immovestuser\\\/#author\"},\"image\":{\"@type\":\"ImageObject\",\"url\":\"https:\\\/\\\/www.immo-invest.ch\\\/wp-content\\\/uploads\\\/2025\\\/11\\\/banoviag_realistic_street-level_scene_of_a_Swiss_mid-sized_ci_c8a411f5-92bb-4906-a5c3-1f2f92290b8f_2.png\",\"@id\":\"https:\\\/\\\/www.immo-invest.ch\\\/fr\\\/frauenfeld-integriert-parkhaus-altstadt-ins-smart-parking\\\/#mainImage\",\"width\":1536,\"height\":768},\"primaryImageOfPage\":{\"@id\":\"https:\\\/\\\/www.immo-invest.ch\\\/fr\\\/frauenfeld-integriert-parkhaus-altstadt-ins-smart-parking\\\/#mainImage\"},\"datePublished\":\"2025-11-26T16:20:00+01:00\",\"dateModified\":\"2025-11-21T10:42:43+01:00\"},{\"@type\":\"WebSite\",\"@id\":\"https:\\\/\\\/www.immo-invest.ch\\\/fr\\\/#website\",\"url\":\"https:\\\/\\\/www.immo-invest.ch\\\/fr\\\/\",\"name\":\"immo!nvest - Die Plattform f\\u00fcr Standorte und Immobilien\",\"description\":\"Die\\u00a0Plattform f\\u00fcr Standorte und Immobilien\",\"inLanguage\":\"fr-FR\",\"publisher\":{\"@id\":\"https:\\\/\\\/www.immo-invest.ch\\\/fr\\\/#organization\"}}]}\n\t\t<\/script>\n\t\t<!-- All in One SEO -->\n\n","aioseo_head_json":{"title":"Frauenfeld int\u00e8gre le parking de la vieille ville dans le Smart Parking - immo!nvest - Die Plattform f\u00fcr Standorte und Immobilien","description":"Le parking Altstadt de la Promenadenstrasse \u00e0 Frauenfeld est le premier parking priv\u00e9 \u00e0 \u00eatre int\u00e9gr\u00e9 dans le syst\u00e8me Smart Parking de la ville. Il est d\u00e9j\u00e0 pr\u00e9vu de connecter le parking du centre commercial Passage apr\u00e8s sa r\u00e9novation. Le syst\u00e8me Smart Parking est bas\u00e9 sur un projet du canton de Zurich.","canonical_url":"https:\/\/www.immo-invest.ch\/fr\/frauenfeld-integriert-parkhaus-altstadt-ins-smart-parking\/","robots":"max-image-preview:large","keywords":"","webmasterTools":{"google-site-verification":"fHJKvgWpZCR2zVBHWfkQeFXC11qieUSff0HGNYfuyLA","miscellaneous":""},"schema":{"@context":"https:\/\/schema.org","@graph":[{"@type":"BlogPosting","@id":"https:\/\/www.immo-invest.ch\/fr\/frauenfeld-integriert-parkhaus-altstadt-ins-smart-parking\/#blogposting","name":"Frauenfeld int\u00e8gre le parking de la vieille ville dans le Smart Parking - immo!nvest - Die Plattform f\u00fcr Standorte und Immobilien","headline":"Frauenfeld int\u00e8gre le parking de la vieille ville dans le Smart Parking","author":{"@id":"https:\/\/www.immo-invest.ch\/fr\/author\/immovestuser\/#author"},"publisher":{"@id":"https:\/\/www.immo-invest.ch\/fr\/#organization"},"image":{"@type":"ImageObject","url":"https:\/\/www.immo-invest.ch\/wp-content\/uploads\/2025\/11\/banoviag_realistic_street-level_scene_of_a_Swiss_mid-sized_ci_c8a411f5-92bb-4906-a5c3-1f2f92290b8f_2.png","width":1536,"height":768},"datePublished":"2025-11-26T16:20:00+01:00","dateModified":"2025-11-21T10:42:43+01:00","inLanguage":"fr-FR","mainEntityOfPage":{"@id":"https:\/\/www.immo-invest.ch\/fr\/frauenfeld-integriert-parkhaus-altstadt-ins-smart-parking\/#webpage"},"isPartOf":{"@id":"https:\/\/www.immo-invest.ch\/fr\/frauenfeld-integriert-parkhaus-altstadt-ins-smart-parking\/#webpage"},"articleSection":"immoNews, Mobilit\u00e9, Projects, propTech, Standorte, digitale Parkraumbewirtschaftung, Immoinvest, immoNews, News, Sensorik, Smart Parking, Facultatif"},{"@type":"BreadcrumbList","@id":"https:\/\/www.immo-invest.ch\/fr\/frauenfeld-integriert-parkhaus-altstadt-ins-smart-parking\/#breadcrumblist","itemListElement":[{"@type":"ListItem","@id":"https:\/\/www.immo-invest.ch\/fr\/#listItem","position":1,"name":"Home","item":"https:\/\/www.immo-invest.ch\/fr\/","nextItem":{"@type":"ListItem","@id":"https:\/\/www.immo-invest.ch\/fr\/categories\/trends-fr\/#listItem","name":"Trends"}},{"@type":"ListItem","@id":"https:\/\/www.immo-invest.ch\/fr\/categories\/trends-fr\/#listItem","position":2,"name":"Trends","item":"https:\/\/www.immo-invest.ch\/fr\/categories\/trends-fr\/","nextItem":{"@type":"ListItem","@id":"https:\/\/www.immo-invest.ch\/fr\/categories\/trends-fr\/proptech-fr\/#listItem","name":"propTech"},"previousItem":{"@type":"ListItem","@id":"https:\/\/www.immo-invest.ch\/fr\/#listItem","name":"Home"}},{"@type":"ListItem","@id":"https:\/\/www.immo-invest.ch\/fr\/categories\/trends-fr\/proptech-fr\/#listItem","position":3,"name":"propTech","item":"https:\/\/www.immo-invest.ch\/fr\/categories\/trends-fr\/proptech-fr\/","nextItem":{"@type":"ListItem","@id":"https:\/\/www.immo-invest.ch\/fr\/frauenfeld-integriert-parkhaus-altstadt-ins-smart-parking\/#listItem","name":"Frauenfeld int\u00e8gre le parking de la vieille ville dans le Smart Parking"},"previousItem":{"@type":"ListItem","@id":"https:\/\/www.immo-invest.ch\/fr\/categories\/trends-fr\/#listItem","name":"Trends"}},{"@type":"ListItem","@id":"https:\/\/www.immo-invest.ch\/fr\/frauenfeld-integriert-parkhaus-altstadt-ins-smart-parking\/#listItem","position":4,"name":"Frauenfeld int\u00e8gre le parking de la vieille ville dans le Smart Parking","previousItem":{"@type":"ListItem","@id":"https:\/\/www.immo-invest.ch\/fr\/categories\/trends-fr\/proptech-fr\/#listItem","name":"propTech"}}]},{"@type":"Organization","@id":"https:\/\/www.immo-invest.ch\/fr\/#organization","name":"immo!nvest - Die Plattform f\u00fcr Standorte und Immobilien","description":"Die\u00a0Plattform f\u00fcr Standorte und Immobilien","url":"https:\/\/www.immo-invest.ch\/fr\/","email":"admin@immomedia.ag","telephone":"+41444420002","logo":{"@type":"ImageObject","url":"https:\/\/www.immo-invest.ch\/wp-content\/uploads\/2024\/09\/immoinvest_sm-scaled.jpg","@id":"https:\/\/www.immo-invest.ch\/fr\/frauenfeld-integriert-parkhaus-altstadt-ins-smart-parking\/#organizationLogo","width":2560,"height":1340},"image":{"@id":"https:\/\/www.immo-invest.ch\/fr\/frauenfeld-integriert-parkhaus-altstadt-ins-smart-parking\/#organizationLogo"},"sameAs":["https:\/\/www.facebook.com\/people\/Immoinvest\/100077962920504\/","https:\/\/x.com\/i\/flow\/login?redirect_after_login=immoinvest_ch","https:\/\/www.instagram.com\/immoinvest_ch\/","https:\/\/www.linkedin.com\/company\/immoinvest-swiss"]},{"@type":"Person","@id":"https:\/\/www.immo-invest.ch\/fr\/author\/immovestuser\/#author","url":"https:\/\/www.immo-invest.ch\/fr\/author\/immovestuser\/","name":"immovestuser","image":{"@type":"ImageObject","@id":"https:\/\/www.immo-invest.ch\/fr\/frauenfeld-integriert-parkhaus-altstadt-ins-smart-parking\/#authorImage","url":"https:\/\/secure.gravatar.com\/avatar\/8e01f4d99f2eeea7a362ebb93305e1172a70e9293ba250f897a65c39f54cdd1e?s=96&d=mm&r=g","width":96,"height":96,"caption":"immovestuser"}},{"@type":"WebPage","@id":"https:\/\/www.immo-invest.ch\/fr\/frauenfeld-integriert-parkhaus-altstadt-ins-smart-parking\/#webpage","url":"https:\/\/www.immo-invest.ch\/fr\/frauenfeld-integriert-parkhaus-altstadt-ins-smart-parking\/","name":"Frauenfeld int\u00e8gre le parking de la vieille ville dans le Smart Parking - immo!nvest - Die Plattform f\u00fcr Standorte und Immobilien","description":"Le parking Altstadt de la Promenadenstrasse \u00e0 Frauenfeld est le premier parking priv\u00e9 \u00e0 \u00eatre int\u00e9gr\u00e9 dans le syst\u00e8me Smart Parking de la ville. Il est d\u00e9j\u00e0 pr\u00e9vu de connecter le parking du centre commercial Passage apr\u00e8s sa r\u00e9novation. Le syst\u00e8me Smart Parking est bas\u00e9 sur un projet du canton de Zurich.","inLanguage":"fr-FR","isPartOf":{"@id":"https:\/\/www.immo-invest.ch\/fr\/#website"},"breadcrumb":{"@id":"https:\/\/www.immo-invest.ch\/fr\/frauenfeld-integriert-parkhaus-altstadt-ins-smart-parking\/#breadcrumblist"},"author":{"@id":"https:\/\/www.immo-invest.ch\/fr\/author\/immovestuser\/#author"},"creator":{"@id":"https:\/\/www.immo-invest.ch\/fr\/author\/immovestuser\/#author"},"image":{"@type":"ImageObject","url":"https:\/\/www.immo-invest.ch\/wp-content\/uploads\/2025\/11\/banoviag_realistic_street-level_scene_of_a_Swiss_mid-sized_ci_c8a411f5-92bb-4906-a5c3-1f2f92290b8f_2.png","@id":"https:\/\/www.immo-invest.ch\/fr\/frauenfeld-integriert-parkhaus-altstadt-ins-smart-parking\/#mainImage","width":1536,"height":768},"primaryImageOfPage":{"@id":"https:\/\/www.immo-invest.ch\/fr\/frauenfeld-integriert-parkhaus-altstadt-ins-smart-parking\/#mainImage"},"datePublished":"2025-11-26T16:20:00+01:00","dateModified":"2025-11-21T10:42:43+01:00"},{"@type":"WebSite","@id":"https:\/\/www.immo-invest.ch\/fr\/#website","url":"https:\/\/www.immo-invest.ch\/fr\/","name":"immo!nvest - Die Plattform f\u00fcr Standorte und Immobilien","description":"Die\u00a0Plattform f\u00fcr Standorte und Immobilien","inLanguage":"fr-FR","publisher":{"@id":"https:\/\/www.immo-invest.ch\/fr\/#organization"}}]},"og:locale":"fr_FR","og:site_name":"immo!nvest - Die Plattform f\u00fcr Standorte und Immobilien - Die\u00a0Plattform f\u00fcr Standorte und Immobilien","og:type":"article","og:title":"Frauenfeld int\u00e8gre le parking de la vieille ville dans le Smart Parking - immo!nvest - Die Plattform f\u00fcr Standorte und Immobilien","og:description":"Le parking Altstadt de la Promenadenstrasse \u00e0 Frauenfeld est le premier parking priv\u00e9 \u00e0 \u00eatre int\u00e9gr\u00e9 dans le syst\u00e8me Smart Parking de la ville. Il est d\u00e9j\u00e0 pr\u00e9vu de connecter le parking du centre commercial Passage apr\u00e8s sa r\u00e9novation. Le syst\u00e8me Smart Parking est bas\u00e9 sur un projet du canton de Zurich.","og:url":"https:\/\/www.immo-invest.ch\/fr\/frauenfeld-integriert-parkhaus-altstadt-ins-smart-parking\/","og:image":"https:\/\/www.immo-invest.ch\/wp-content\/uploads\/2025\/11\/banoviag_realistic_street-level_scene_of_a_Swiss_mid-sized_ci_c8a411f5-92bb-4906-a5c3-1f2f92290b8f_2.png","og:image:secure_url":"https:\/\/www.immo-invest.ch\/wp-content\/uploads\/2025\/11\/banoviag_realistic_street-level_scene_of_a_Swiss_mid-sized_ci_c8a411f5-92bb-4906-a5c3-1f2f92290b8f_2.png","og:image:width":1536,"og:image:height":768,"article:published_time":"2025-11-26T15:20:00+00:00","article:modified_time":"2025-11-21T09:42:43+00:00","article:publisher":"https:\/\/www.facebook.com\/people\/Immoinvest\/100077962920504\/","twitter:card":"summary_large_image","twitter:site":"@i","twitter:title":"Frauenfeld int\u00e8gre le parking de la vieille ville dans le Smart Parking - immo!nvest - Die Plattform f\u00fcr Standorte und Immobilien","twitter:description":"Le parking Altstadt de la Promenadenstrasse \u00e0 Frauenfeld est le premier parking priv\u00e9 \u00e0 \u00eatre int\u00e9gr\u00e9 dans le syst\u00e8me Smart Parking de la ville. Il est d\u00e9j\u00e0 pr\u00e9vu de connecter le parking du centre commercial Passage apr\u00e8s sa r\u00e9novation. Le syst\u00e8me Smart Parking est bas\u00e9 sur un projet du canton de Zurich.","twitter:creator":"@i","twitter:image":"https:\/\/www.immo-invest.ch\/wp-content\/uploads\/2025\/11\/banoviag_realistic_street-level_scene_of_a_Swiss_mid-sized_ci_c8a411f5-92bb-4906-a5c3-1f2f92290b8f_2.png"},"aioseo_meta_data":{"post_id":"144311","title":null,"description":null,"keywords":null,"keyphrases":null,"primary_term":null,"canonical_url":null,"og_title":null,"og_description":null,"og_object_type":"default","og_image_type":"default","og_image_url":null,"og_image_width":null,"og_image_height":null,"og_image_custom_url":null,"og_image_custom_fields":null,"og_video":null,"og_custom_url":null,"og_article_section":null,"og_article_tags":null,"twitter_use_og":false,"twitter_card":"default","twitter_image_type":"default","twitter_image_url":null,"twitter_image_custom_url":null,"twitter_image_custom_fields":null,"twitter_title":null,"twitter_description":null,"schema":{"blockGraphs":[],"customGraphs":[],"default":{"data":{"Article":[],"Course":[],"Dataset":[],"FAQPage":[],"Movie":[],"Person":[],"Product":[],"ProductReview":[],"Car":[],"Recipe":[],"Service":[],"SoftwareApplication":[],"WebPage":[]},"graphName":"","isEnabled":true},"graphs":[]},"schema_type":"default","schema_type_options":null,"pillar_content":false,"robots_default":true,"robots_noindex":false,"robots_noarchive":false,"robots_nosnippet":false,"robots_nofollow":false,"robots_noimageindex":false,"robots_noodp":false,"robots_notranslate":false,"robots_max_snippet":null,"robots_max_videopreview":null,"robots_max_imagepreview":"large","priority":null,"frequency":null,"local_seo":null,"breadcrumb_settings":null,"limit_modified_date":false,"ai":null,"created":"2025-11-26 15:27:23","updated":"2025-11-26 15:27:23","seo_analyzer_scan_date":null,"focus_keyword":null,"additional_keywords":null,"truseo_locale":null},"aioseo_breadcrumb":"<div class=\"aioseo-breadcrumbs\"><span class=\"aioseo-breadcrumb\">\n\t\t\t<a href=\"https:\/\/www.immo-invest.ch\/fr\/\" title=\"Home\">Home<\/a>\n\t\t<\/span><span class=\"aioseo-breadcrumb-separator\">&raquo;<\/span><span class=\"aioseo-breadcrumb\">\n\t\t\t<a href=\"https:\/\/www.immo-invest.ch\/fr\/categories\/trends-fr\/\" title=\"Trends\">Trends<\/a>\n\t\t<\/span><span class=\"aioseo-breadcrumb-separator\">&raquo;<\/span><span class=\"aioseo-breadcrumb\">\n\t\t\t<a href=\"https:\/\/www.immo-invest.ch\/fr\/categories\/trends-fr\/proptech-fr\/\" title=\"propTech\">propTech<\/a>\n\t\t<\/span><span class=\"aioseo-breadcrumb-separator\">&raquo;<\/span><span class=\"aioseo-breadcrumb\">\n\t\t\tFrauenfeld int\u00e8gre le parking de la vieille ville dans le Smart Parking\n\t\t<\/span><\/div>","aioseo_breadcrumb_json":[{"label":"Home","link":"https:\/\/www.immo-invest.ch\/fr\/"},{"label":"Trends","link":"https:\/\/www.immo-invest.ch\/fr\/categories\/trends-fr\/"},{"label":"propTech","link":"https:\/\/www.immo-invest.ch\/fr\/categories\/trends-fr\/proptech-fr\/"},{"label":"Frauenfeld int\u00e8gre le parking de la vieille ville dans le Smart Parking","link":"https:\/\/www.immo-invest.ch\/fr\/frauenfeld-integriert-parkhaus-altstadt-ins-smart-parking\/"}],"featured_image_src":"https:\/\/www.immo-invest.ch\/wp-content\/uploads\/2025\/11\/banoviag_realistic_street-level_scene_of_a_Swiss_mid-sized_ci_c8a411f5-92bb-4906-a5c3-1f2f92290b8f_2-336x168.png","_links":{"self":[{"href":"https:\/\/www.immo-invest.ch\/fr\/wp-json\/wp\/v2\/posts\/144311","targetHints":{"allow":["GET"]}}],"collection":[{"href":"https:\/\/www.immo-invest.ch\/fr\/wp-json\/wp\/v2\/posts"}],"about":[{"href":"https:\/\/www.immo-invest.ch\/fr\/wp-json\/wp\/v2\/types\/post"}],"author":[{"embeddable":true,"href":"https:\/\/www.immo-invest.ch\/fr\/wp-json\/wp\/v2\/users\/2"}],"replies":[{"embeddable":true,"href":"https:\/\/www.immo-invest.ch\/fr\/wp-json\/wp\/v2\/comments?post=144311"}],"version-history":[{"count":0,"href":"https:\/\/www.immo-invest.ch\/fr\/wp-json\/wp\/v2\/posts\/144311\/revisions"}],"wp:featuredmedia":[{"embeddable":true,"href":"https:\/\/www.immo-invest.ch\/fr\/wp-json\/wp\/v2\/media\/144312"}],"wp:attachment":[{"href":"https:\/\/www.immo-invest.ch\/fr\/wp-json\/wp\/v2\/media?parent=144311"}],"wp:term":[{"taxonomy":"category","embeddable":true,"href":"https:\/\/www.immo-invest.ch\/fr\/wp-json\/wp\/v2\/categories?post=144311"},{"taxonomy":"post_tag","embeddable":true,"href":"https:\/\/www.immo-invest.ch\/fr\/wp-json\/wp\/v2\/tags?post=144311"}],"curies":[{"name":"wp","href":"https:\/\/api.w.org\/{rel}","templated":true}]}}