{"id":144186,"date":"2025-11-21T16:20:00","date_gmt":"2025-11-21T15:20:00","guid":{"rendered":"https:\/\/www.immo-invest.ch\/?p=144186"},"modified":"2025-11-19T10:33:32","modified_gmt":"2025-11-19T09:33:32","slug":"neuausrichtung-der-standortfoerderung-in-schlieren","status":"publish","type":"post","link":"https:\/\/www.immo-invest.ch\/fr\/neuausrichtung-der-standortfoerderung-in-schlieren\/","title":{"rendered":"R\u00e9orientation de la promotion \u00e9conomique \u00e0 Schlieren"},"content":{"rendered":"<p class=\"bodytext\">Christina Doll dirigera le poste de promotion &eacute;conomique de la ville <a href=\"http:\/\/www.schlieren.ch\" target=\"_blank\" rel=\"noopener\">de Schlieren<\/a> &agrave; partir du 1er d&eacute;cembre. Selon un <a href=\"https:\/\/m.schlieren.ch\/index.php?ref=search&amp;refid=4712294&amp;apid=1587040942\" target=\"_blank\" rel=\"noopener\">communiqu&eacute;<\/a> de la ville, cette femme de 44 ans reprend le poste d&rsquo;Albert Schweizer, qui part &agrave; la retraite apr&egrave;s 27 ans d&rsquo;activit&eacute; au sein de la ville. <\/p>\n<p class=\"bodytext\">Ce changement de poste s&rsquo;accompagne d&rsquo;une intensification de la promotion &eacute;conomique. Christina Doll occupera cette fonction &agrave; 80 pour cent. Son pr&eacute;d&eacute;cesseur, M. Schweizer, occupait ce poste &agrave; 30 pour cent en plus de son activit&eacute; de directeur immobilier. Selon le conseil municipal, l&rsquo;augmentation du temps de travail est n&eacute;cessaire &laquo;&nbsp;pour d&eacute;velopper avec succ&egrave;s le site &eacute;conomique de Schlieren&nbsp;&raquo;. Les entreprises doivent &agrave; l&rsquo;avenir avoir un interlocuteur direct pour leurs demandes.  <\/p>\n<p class=\"bodytext\">La g&eacute;ographe &eacute;conomique, dipl&ocirc;m&eacute;e de l&rsquo;universit&eacute; de Hanovre, est r&eacute;put&eacute;e avoir un bon r&eacute;seau gr&acirc;ce &agrave; sa longue exp&eacute;rience dans la promotion &eacute;conomique. Derni&egrave;rement, elle s&rsquo;est distingu&eacute;e en tant que directrice adjointe lors de la mise en place de la <a href=\"https:\/\/www.flughafenregion.ch\/\" target=\"_blank\" rel=\"noopener\">r&eacute;gion de l&rsquo;a&eacute;roport de Zurich<\/a> en tant que r&eacute;seau &eacute;conomique et d&eacute;veloppement du site. En dehors de son activit&eacute; professionnelle, cette femme de 44 ans a &eacute;t&eacute; invit&eacute;e &agrave; donner des cours dans diff&eacute;rentes universit&eacute;s sur la mani&egrave;re dont les organisations peuvent mieux exploiter leur potentiel de d&eacute;veloppement gr&acirc;ce &agrave; des m&eacute;thodes participatives et &agrave; l&rsquo;utilisation de l&rsquo;intelligence collective. Elle est laur&eacute;ate de la bourse EMBA Digital Leadership de la Hochschule f&uuml;r Wirtschaft Z&uuml;rich 2022. <\/p>\n\n\n\n<p class=\"wp-block-paragraph\"><\/p>\n\n","protected":false},"excerpt":{"rendered":"<p>Christina Doll est nomm\u00e9e responsable de la promotion \u00e9conomique de Schlieren. Elle succ\u00e8dera le 1er d\u00e9cembre \u00e0 Albert Schweizer, qui prendra sa retraite en mai 2026. Le poste est pass\u00e9 de 30 % \u00e0 80 % afin de continuer \u00e0 faire progresser avec succ\u00e8s le site \u00e9conomique.<\/p>\n","protected":false},"author":2,"featured_media":144187,"comment_status":"open","ping_status":"open","sticky":false,"template":"","format":"standard","meta":{"pmpro_default_level":"","inline_featured_image":false,"_monsterinsights_skip_tracking":false,"footnotes":""},"categories":[22696,4464,743,8452,39686],"tags":[872,3931,2002,13922,55275,23450],"class_list":["post-144186","post","type-post","status-publish","format-standard","has-post-thumbnail","hentry","category-entreprise","category-gens","category-immonews-fr","category-regions","category-standorte-fr","tag-immoinvest-fr","tag-immonews-fr","tag-news-fr","tag-regionalentwicklung-fr","tag-standortfoerderung-2","tag-wirtschaftsregion-fr","pmpro-has-access"],"acf":{"bild_mit_ki_erstellt_worden":["Ja"],"lead":"Christina Doll est nomm\u00e9e responsable de la promotion \u00e9conomique de Schlieren. Elle succ\u00e8dera le 1er d\u00e9cembre \u00e0 Albert Schweizer, qui prendra sa retraite en mai 2026. Le poste est pass\u00e9 de 30 % \u00e0 80 % afin de continuer \u00e0 faire progresser avec succ\u00e8s le site \u00e9conomique.","autor":"ce\/heg","ort":"Schlieren ZH","bildunterschrift":"","bild_im_grid":false,"gallerie":"","newsim":""},"aioseo_notices":[],"aioseo_head":"\n\t\t<!-- All in One SEO 5.0.0.1 - aioseo.com -->\n\t<meta name=\"description\" content=\"Christina Doll est nomm\u00e9e responsable de la promotion \u00e9conomique de Schlieren. Elle succ\u00e8dera le 1er d\u00e9cembre \u00e0 Albert Schweizer, qui prendra sa retraite en mai 2026. Le poste est pass\u00e9 de 30 % \u00e0 80 % afin de continuer \u00e0 faire progresser avec succ\u00e8s le site \u00e9conomique.\" \/>\n\t<meta name=\"robots\" content=\"max-image-preview:large\" \/>\n\t<meta name=\"author\" content=\"immovestuser\"\/>\n\t<meta name=\"google-site-verification\" content=\"fHJKvgWpZCR2zVBHWfkQeFXC11qieUSff0HGNYfuyLA\" \/>\n\t<link rel=\"canonical\" href=\"https:\/\/www.immo-invest.ch\/fr\/neuausrichtung-der-standortfoerderung-in-schlieren\/\" \/>\n\t<meta name=\"generator\" content=\"All in One SEO (AIOSEO) 5.0.0.1\" \/>\n\t\t<meta property=\"og:locale\" content=\"fr_FR\" \/>\n\t\t<meta property=\"og:site_name\" content=\"immo!nvest - Die Plattform f\u00fcr Standorte und Immobilien - Die\u00a0Plattform f\u00fcr Standorte und Immobilien\" \/>\n\t\t<meta property=\"og:type\" content=\"article\" \/>\n\t\t<meta property=\"og:title\" content=\"R\u00e9orientation de la promotion \u00e9conomique \u00e0 Schlieren - immo!nvest - Die Plattform f\u00fcr Standorte und Immobilien\" \/>\n\t\t<meta property=\"og:description\" content=\"Christina Doll est nomm\u00e9e responsable de la promotion \u00e9conomique de Schlieren. Elle succ\u00e8dera le 1er d\u00e9cembre \u00e0 Albert Schweizer, qui prendra sa retraite en mai 2026. Le poste est pass\u00e9 de 30 % \u00e0 80 % afin de continuer \u00e0 faire progresser avec succ\u00e8s le site \u00e9conomique.\" \/>\n\t\t<meta property=\"og:url\" content=\"https:\/\/www.immo-invest.ch\/fr\/neuausrichtung-der-standortfoerderung-in-schlieren\/\" \/>\n\t\t<meta property=\"og:image\" content=\"https:\/\/www.immo-invest.ch\/wp-content\/uploads\/2025\/11\/banoviag_realistic_office_environment_showing_a_modern_Swiss__0f0e2965-3929-498c-97a5-f17a8894aec5_2.png\" \/>\n\t\t<meta property=\"og:image:secure_url\" content=\"https:\/\/www.immo-invest.ch\/wp-content\/uploads\/2025\/11\/banoviag_realistic_office_environment_showing_a_modern_Swiss__0f0e2965-3929-498c-97a5-f17a8894aec5_2.png\" \/>\n\t\t<meta property=\"og:image:width\" content=\"1536\" \/>\n\t\t<meta property=\"og:image:height\" content=\"768\" \/>\n\t\t<meta property=\"article:published_time\" content=\"2025-11-21T15:20:00+00:00\" \/>\n\t\t<meta property=\"article:modified_time\" content=\"2025-11-19T09:33:32+00:00\" \/>\n\t\t<meta property=\"article:publisher\" content=\"https:\/\/www.facebook.com\/people\/Immoinvest\/100077962920504\/\" \/>\n\t\t<meta name=\"twitter:card\" content=\"summary_large_image\" \/>\n\t\t<meta name=\"twitter:site\" content=\"@i\" \/>\n\t\t<meta name=\"twitter:title\" content=\"R\u00e9orientation de la promotion \u00e9conomique \u00e0 Schlieren - immo!nvest - Die Plattform f\u00fcr Standorte und Immobilien\" \/>\n\t\t<meta name=\"twitter:description\" content=\"Christina Doll est nomm\u00e9e responsable de la promotion \u00e9conomique de Schlieren. Elle succ\u00e8dera le 1er d\u00e9cembre \u00e0 Albert Schweizer, qui prendra sa retraite en mai 2026. Le poste est pass\u00e9 de 30 % \u00e0 80 % afin de continuer \u00e0 faire progresser avec succ\u00e8s le site \u00e9conomique.\" \/>\n\t\t<meta name=\"twitter:creator\" content=\"@i\" \/>\n\t\t<meta name=\"twitter:image\" content=\"https:\/\/www.immo-invest.ch\/wp-content\/uploads\/2025\/11\/banoviag_realistic_office_environment_showing_a_modern_Swiss__0f0e2965-3929-498c-97a5-f17a8894aec5_2.png\" \/>\n\t\t<script type=\"application\/ld+json\" class=\"aioseo-schema\">\n\t\t\t{\"@context\":\"https:\\\/\\\/schema.org\",\"@graph\":[{\"@type\":\"BlogPosting\",\"@id\":\"https:\\\/\\\/www.immo-invest.ch\\\/fr\\\/neuausrichtung-der-standortfoerderung-in-schlieren\\\/#blogposting\",\"name\":\"R\\u00e9orientation de la promotion \\u00e9conomique \\u00e0 Schlieren - immo!nvest - Die Plattform f\\u00fcr Standorte und Immobilien\",\"headline\":\"R\\u00e9orientation de la promotion \\u00e9conomique \\u00e0 Schlieren\",\"author\":{\"@id\":\"https:\\\/\\\/www.immo-invest.ch\\\/fr\\\/author\\\/immovestuser\\\/#author\"},\"publisher\":{\"@id\":\"https:\\\/\\\/www.immo-invest.ch\\\/fr\\\/#organization\"},\"image\":{\"@type\":\"ImageObject\",\"url\":\"https:\\\/\\\/www.immo-invest.ch\\\/wp-content\\\/uploads\\\/2025\\\/11\\\/banoviag_realistic_office_environment_showing_a_modern_Swiss__0f0e2965-3929-498c-97a5-f17a8894aec5_2.png\",\"width\":1536,\"height\":768},\"datePublished\":\"2025-11-21T16:20:00+01:00\",\"dateModified\":\"2025-11-19T10:33:32+01:00\",\"inLanguage\":\"fr-FR\",\"mainEntityOfPage\":{\"@id\":\"https:\\\/\\\/www.immo-invest.ch\\\/fr\\\/neuausrichtung-der-standortfoerderung-in-schlieren\\\/#webpage\"},\"isPartOf\":{\"@id\":\"https:\\\/\\\/www.immo-invest.ch\\\/fr\\\/neuausrichtung-der-standortfoerderung-in-schlieren\\\/#webpage\"},\"articleSection\":\"Entreprise, Gens, immoNews, R\\u00e9gions, Standorte, Immoinvest, immoNews, News, Regionalentwicklung, Standortfoerderung, Wirtschaftsregion, Facultatif\"},{\"@type\":\"BreadcrumbList\",\"@id\":\"https:\\\/\\\/www.immo-invest.ch\\\/fr\\\/neuausrichtung-der-standortfoerderung-in-schlieren\\\/#breadcrumblist\",\"itemListElement\":[{\"@type\":\"ListItem\",\"@id\":\"https:\\\/\\\/www.immo-invest.ch\\\/fr\\\/#listItem\",\"position\":1,\"name\":\"Home\",\"item\":\"https:\\\/\\\/www.immo-invest.ch\\\/fr\\\/\",\"nextItem\":{\"@type\":\"ListItem\",\"@id\":\"https:\\\/\\\/www.immo-invest.ch\\\/fr\\\/categories\\\/personnes\\\/#listItem\",\"name\":\"Personnes\"}},{\"@type\":\"ListItem\",\"@id\":\"https:\\\/\\\/www.immo-invest.ch\\\/fr\\\/categories\\\/personnes\\\/#listItem\",\"position\":2,\"name\":\"Personnes\",\"item\":\"https:\\\/\\\/www.immo-invest.ch\\\/fr\\\/categories\\\/personnes\\\/\",\"nextItem\":{\"@type\":\"ListItem\",\"@id\":\"https:\\\/\\\/www.immo-invest.ch\\\/fr\\\/categories\\\/personnes\\\/gens\\\/#listItem\",\"name\":\"Gens\"},\"previousItem\":{\"@type\":\"ListItem\",\"@id\":\"https:\\\/\\\/www.immo-invest.ch\\\/fr\\\/#listItem\",\"name\":\"Home\"}},{\"@type\":\"ListItem\",\"@id\":\"https:\\\/\\\/www.immo-invest.ch\\\/fr\\\/categories\\\/personnes\\\/gens\\\/#listItem\",\"position\":3,\"name\":\"Gens\",\"item\":\"https:\\\/\\\/www.immo-invest.ch\\\/fr\\\/categories\\\/personnes\\\/gens\\\/\",\"nextItem\":{\"@type\":\"ListItem\",\"@id\":\"https:\\\/\\\/www.immo-invest.ch\\\/fr\\\/neuausrichtung-der-standortfoerderung-in-schlieren\\\/#listItem\",\"name\":\"R\\u00e9orientation de la promotion \\u00e9conomique \\u00e0 Schlieren\"},\"previousItem\":{\"@type\":\"ListItem\",\"@id\":\"https:\\\/\\\/www.immo-invest.ch\\\/fr\\\/categories\\\/personnes\\\/#listItem\",\"name\":\"Personnes\"}},{\"@type\":\"ListItem\",\"@id\":\"https:\\\/\\\/www.immo-invest.ch\\\/fr\\\/neuausrichtung-der-standortfoerderung-in-schlieren\\\/#listItem\",\"position\":4,\"name\":\"R\\u00e9orientation de la promotion \\u00e9conomique \\u00e0 Schlieren\",\"previousItem\":{\"@type\":\"ListItem\",\"@id\":\"https:\\\/\\\/www.immo-invest.ch\\\/fr\\\/categories\\\/personnes\\\/gens\\\/#listItem\",\"name\":\"Gens\"}}]},{\"@type\":\"Organization\",\"@id\":\"https:\\\/\\\/www.immo-invest.ch\\\/fr\\\/#organization\",\"name\":\"immo!nvest - Die Plattform f\\u00fcr Standorte und Immobilien\",\"description\":\"Die\\u00a0Plattform f\\u00fcr Standorte und Immobilien\",\"url\":\"https:\\\/\\\/www.immo-invest.ch\\\/fr\\\/\",\"email\":\"admin@immomedia.ag\",\"telephone\":\"+41444420002\",\"logo\":{\"@type\":\"ImageObject\",\"url\":\"https:\\\/\\\/www.immo-invest.ch\\\/wp-content\\\/uploads\\\/2024\\\/09\\\/immoinvest_sm-scaled.jpg\",\"@id\":\"https:\\\/\\\/www.immo-invest.ch\\\/fr\\\/neuausrichtung-der-standortfoerderung-in-schlieren\\\/#organizationLogo\",\"width\":2560,\"height\":1340},\"image\":{\"@id\":\"https:\\\/\\\/www.immo-invest.ch\\\/fr\\\/neuausrichtung-der-standortfoerderung-in-schlieren\\\/#organizationLogo\"},\"sameAs\":[\"https:\\\/\\\/www.facebook.com\\\/people\\\/Immoinvest\\\/100077962920504\\\/\",\"https:\\\/\\\/x.com\\\/i\\\/flow\\\/login?redirect_after_login=immoinvest_ch\",\"https:\\\/\\\/www.instagram.com\\\/immoinvest_ch\\\/\",\"https:\\\/\\\/www.linkedin.com\\\/company\\\/immoinvest-swiss\"]},{\"@type\":\"Person\",\"@id\":\"https:\\\/\\\/www.immo-invest.ch\\\/fr\\\/author\\\/immovestuser\\\/#author\",\"url\":\"https:\\\/\\\/www.immo-invest.ch\\\/fr\\\/author\\\/immovestuser\\\/\",\"name\":\"immovestuser\",\"image\":{\"@type\":\"ImageObject\",\"@id\":\"https:\\\/\\\/www.immo-invest.ch\\\/fr\\\/neuausrichtung-der-standortfoerderung-in-schlieren\\\/#authorImage\",\"url\":\"https:\\\/\\\/secure.gravatar.com\\\/avatar\\\/8e01f4d99f2eeea7a362ebb93305e1172a70e9293ba250f897a65c39f54cdd1e?s=96&d=mm&r=g\",\"width\":96,\"height\":96,\"caption\":\"immovestuser\"}},{\"@type\":\"WebPage\",\"@id\":\"https:\\\/\\\/www.immo-invest.ch\\\/fr\\\/neuausrichtung-der-standortfoerderung-in-schlieren\\\/#webpage\",\"url\":\"https:\\\/\\\/www.immo-invest.ch\\\/fr\\\/neuausrichtung-der-standortfoerderung-in-schlieren\\\/\",\"name\":\"R\\u00e9orientation de la promotion \\u00e9conomique \\u00e0 Schlieren - immo!nvest - Die Plattform f\\u00fcr Standorte und Immobilien\",\"description\":\"Christina Doll est nomm\\u00e9e responsable de la promotion \\u00e9conomique de Schlieren. Elle succ\\u00e8dera le 1er d\\u00e9cembre \\u00e0 Albert Schweizer, qui prendra sa retraite en mai 2026. Le poste est pass\\u00e9 de 30 % \\u00e0 80 % afin de continuer \\u00e0 faire progresser avec succ\\u00e8s le site \\u00e9conomique.\",\"inLanguage\":\"fr-FR\",\"isPartOf\":{\"@id\":\"https:\\\/\\\/www.immo-invest.ch\\\/fr\\\/#website\"},\"breadcrumb\":{\"@id\":\"https:\\\/\\\/www.immo-invest.ch\\\/fr\\\/neuausrichtung-der-standortfoerderung-in-schlieren\\\/#breadcrumblist\"},\"author\":{\"@id\":\"https:\\\/\\\/www.immo-invest.ch\\\/fr\\\/author\\\/immovestuser\\\/#author\"},\"creator\":{\"@id\":\"https:\\\/\\\/www.immo-invest.ch\\\/fr\\\/author\\\/immovestuser\\\/#author\"},\"image\":{\"@type\":\"ImageObject\",\"url\":\"https:\\\/\\\/www.immo-invest.ch\\\/wp-content\\\/uploads\\\/2025\\\/11\\\/banoviag_realistic_office_environment_showing_a_modern_Swiss__0f0e2965-3929-498c-97a5-f17a8894aec5_2.png\",\"@id\":\"https:\\\/\\\/www.immo-invest.ch\\\/fr\\\/neuausrichtung-der-standortfoerderung-in-schlieren\\\/#mainImage\",\"width\":1536,\"height\":768},\"primaryImageOfPage\":{\"@id\":\"https:\\\/\\\/www.immo-invest.ch\\\/fr\\\/neuausrichtung-der-standortfoerderung-in-schlieren\\\/#mainImage\"},\"datePublished\":\"2025-11-21T16:20:00+01:00\",\"dateModified\":\"2025-11-19T10:33:32+01:00\"},{\"@type\":\"WebSite\",\"@id\":\"https:\\\/\\\/www.immo-invest.ch\\\/fr\\\/#website\",\"url\":\"https:\\\/\\\/www.immo-invest.ch\\\/fr\\\/\",\"name\":\"immo!nvest - Die Plattform f\\u00fcr Standorte und Immobilien\",\"description\":\"Die\\u00a0Plattform f\\u00fcr Standorte und Immobilien\",\"inLanguage\":\"fr-FR\",\"publisher\":{\"@id\":\"https:\\\/\\\/www.immo-invest.ch\\\/fr\\\/#organization\"}}]}\n\t\t<\/script>\n\t\t<!-- All in One SEO -->\n\n","aioseo_head_json":{"title":"R\u00e9orientation de la promotion \u00e9conomique \u00e0 Schlieren - immo!nvest - Die Plattform f\u00fcr Standorte und Immobilien","description":"Christina Doll est nomm\u00e9e responsable de la promotion \u00e9conomique de Schlieren. Elle succ\u00e8dera le 1er d\u00e9cembre \u00e0 Albert Schweizer, qui prendra sa retraite en mai 2026. Le poste est pass\u00e9 de 30 % \u00e0 80 % afin de continuer \u00e0 faire progresser avec succ\u00e8s le site \u00e9conomique.","canonical_url":"https:\/\/www.immo-invest.ch\/fr\/neuausrichtung-der-standortfoerderung-in-schlieren\/","robots":"max-image-preview:large","keywords":"","webmasterTools":{"google-site-verification":"fHJKvgWpZCR2zVBHWfkQeFXC11qieUSff0HGNYfuyLA","miscellaneous":""},"schema":{"@context":"https:\/\/schema.org","@graph":[{"@type":"BlogPosting","@id":"https:\/\/www.immo-invest.ch\/fr\/neuausrichtung-der-standortfoerderung-in-schlieren\/#blogposting","name":"R\u00e9orientation de la promotion \u00e9conomique \u00e0 Schlieren - immo!nvest - Die Plattform f\u00fcr Standorte und Immobilien","headline":"R\u00e9orientation de la promotion \u00e9conomique \u00e0 Schlieren","author":{"@id":"https:\/\/www.immo-invest.ch\/fr\/author\/immovestuser\/#author"},"publisher":{"@id":"https:\/\/www.immo-invest.ch\/fr\/#organization"},"image":{"@type":"ImageObject","url":"https:\/\/www.immo-invest.ch\/wp-content\/uploads\/2025\/11\/banoviag_realistic_office_environment_showing_a_modern_Swiss__0f0e2965-3929-498c-97a5-f17a8894aec5_2.png","width":1536,"height":768},"datePublished":"2025-11-21T16:20:00+01:00","dateModified":"2025-11-19T10:33:32+01:00","inLanguage":"fr-FR","mainEntityOfPage":{"@id":"https:\/\/www.immo-invest.ch\/fr\/neuausrichtung-der-standortfoerderung-in-schlieren\/#webpage"},"isPartOf":{"@id":"https:\/\/www.immo-invest.ch\/fr\/neuausrichtung-der-standortfoerderung-in-schlieren\/#webpage"},"articleSection":"Entreprise, Gens, immoNews, R\u00e9gions, Standorte, Immoinvest, immoNews, News, Regionalentwicklung, Standortfoerderung, Wirtschaftsregion, Facultatif"},{"@type":"BreadcrumbList","@id":"https:\/\/www.immo-invest.ch\/fr\/neuausrichtung-der-standortfoerderung-in-schlieren\/#breadcrumblist","itemListElement":[{"@type":"ListItem","@id":"https:\/\/www.immo-invest.ch\/fr\/#listItem","position":1,"name":"Home","item":"https:\/\/www.immo-invest.ch\/fr\/","nextItem":{"@type":"ListItem","@id":"https:\/\/www.immo-invest.ch\/fr\/categories\/personnes\/#listItem","name":"Personnes"}},{"@type":"ListItem","@id":"https:\/\/www.immo-invest.ch\/fr\/categories\/personnes\/#listItem","position":2,"name":"Personnes","item":"https:\/\/www.immo-invest.ch\/fr\/categories\/personnes\/","nextItem":{"@type":"ListItem","@id":"https:\/\/www.immo-invest.ch\/fr\/categories\/personnes\/gens\/#listItem","name":"Gens"},"previousItem":{"@type":"ListItem","@id":"https:\/\/www.immo-invest.ch\/fr\/#listItem","name":"Home"}},{"@type":"ListItem","@id":"https:\/\/www.immo-invest.ch\/fr\/categories\/personnes\/gens\/#listItem","position":3,"name":"Gens","item":"https:\/\/www.immo-invest.ch\/fr\/categories\/personnes\/gens\/","nextItem":{"@type":"ListItem","@id":"https:\/\/www.immo-invest.ch\/fr\/neuausrichtung-der-standortfoerderung-in-schlieren\/#listItem","name":"R\u00e9orientation de la promotion \u00e9conomique \u00e0 Schlieren"},"previousItem":{"@type":"ListItem","@id":"https:\/\/www.immo-invest.ch\/fr\/categories\/personnes\/#listItem","name":"Personnes"}},{"@type":"ListItem","@id":"https:\/\/www.immo-invest.ch\/fr\/neuausrichtung-der-standortfoerderung-in-schlieren\/#listItem","position":4,"name":"R\u00e9orientation de la promotion \u00e9conomique \u00e0 Schlieren","previousItem":{"@type":"ListItem","@id":"https:\/\/www.immo-invest.ch\/fr\/categories\/personnes\/gens\/#listItem","name":"Gens"}}]},{"@type":"Organization","@id":"https:\/\/www.immo-invest.ch\/fr\/#organization","name":"immo!nvest - Die Plattform f\u00fcr Standorte und Immobilien","description":"Die\u00a0Plattform f\u00fcr Standorte und Immobilien","url":"https:\/\/www.immo-invest.ch\/fr\/","email":"admin@immomedia.ag","telephone":"+41444420002","logo":{"@type":"ImageObject","url":"https:\/\/www.immo-invest.ch\/wp-content\/uploads\/2024\/09\/immoinvest_sm-scaled.jpg","@id":"https:\/\/www.immo-invest.ch\/fr\/neuausrichtung-der-standortfoerderung-in-schlieren\/#organizationLogo","width":2560,"height":1340},"image":{"@id":"https:\/\/www.immo-invest.ch\/fr\/neuausrichtung-der-standortfoerderung-in-schlieren\/#organizationLogo"},"sameAs":["https:\/\/www.facebook.com\/people\/Immoinvest\/100077962920504\/","https:\/\/x.com\/i\/flow\/login?redirect_after_login=immoinvest_ch","https:\/\/www.instagram.com\/immoinvest_ch\/","https:\/\/www.linkedin.com\/company\/immoinvest-swiss"]},{"@type":"Person","@id":"https:\/\/www.immo-invest.ch\/fr\/author\/immovestuser\/#author","url":"https:\/\/www.immo-invest.ch\/fr\/author\/immovestuser\/","name":"immovestuser","image":{"@type":"ImageObject","@id":"https:\/\/www.immo-invest.ch\/fr\/neuausrichtung-der-standortfoerderung-in-schlieren\/#authorImage","url":"https:\/\/secure.gravatar.com\/avatar\/8e01f4d99f2eeea7a362ebb93305e1172a70e9293ba250f897a65c39f54cdd1e?s=96&d=mm&r=g","width":96,"height":96,"caption":"immovestuser"}},{"@type":"WebPage","@id":"https:\/\/www.immo-invest.ch\/fr\/neuausrichtung-der-standortfoerderung-in-schlieren\/#webpage","url":"https:\/\/www.immo-invest.ch\/fr\/neuausrichtung-der-standortfoerderung-in-schlieren\/","name":"R\u00e9orientation de la promotion \u00e9conomique \u00e0 Schlieren - immo!nvest - Die Plattform f\u00fcr Standorte und Immobilien","description":"Christina Doll est nomm\u00e9e responsable de la promotion \u00e9conomique de Schlieren. Elle succ\u00e8dera le 1er d\u00e9cembre \u00e0 Albert Schweizer, qui prendra sa retraite en mai 2026. Le poste est pass\u00e9 de 30 % \u00e0 80 % afin de continuer \u00e0 faire progresser avec succ\u00e8s le site \u00e9conomique.","inLanguage":"fr-FR","isPartOf":{"@id":"https:\/\/www.immo-invest.ch\/fr\/#website"},"breadcrumb":{"@id":"https:\/\/www.immo-invest.ch\/fr\/neuausrichtung-der-standortfoerderung-in-schlieren\/#breadcrumblist"},"author":{"@id":"https:\/\/www.immo-invest.ch\/fr\/author\/immovestuser\/#author"},"creator":{"@id":"https:\/\/www.immo-invest.ch\/fr\/author\/immovestuser\/#author"},"image":{"@type":"ImageObject","url":"https:\/\/www.immo-invest.ch\/wp-content\/uploads\/2025\/11\/banoviag_realistic_office_environment_showing_a_modern_Swiss__0f0e2965-3929-498c-97a5-f17a8894aec5_2.png","@id":"https:\/\/www.immo-invest.ch\/fr\/neuausrichtung-der-standortfoerderung-in-schlieren\/#mainImage","width":1536,"height":768},"primaryImageOfPage":{"@id":"https:\/\/www.immo-invest.ch\/fr\/neuausrichtung-der-standortfoerderung-in-schlieren\/#mainImage"},"datePublished":"2025-11-21T16:20:00+01:00","dateModified":"2025-11-19T10:33:32+01:00"},{"@type":"WebSite","@id":"https:\/\/www.immo-invest.ch\/fr\/#website","url":"https:\/\/www.immo-invest.ch\/fr\/","name":"immo!nvest - Die Plattform f\u00fcr Standorte und Immobilien","description":"Die\u00a0Plattform f\u00fcr Standorte und Immobilien","inLanguage":"fr-FR","publisher":{"@id":"https:\/\/www.immo-invest.ch\/fr\/#organization"}}]},"og:locale":"fr_FR","og:site_name":"immo!nvest - Die Plattform f\u00fcr Standorte und Immobilien - Die\u00a0Plattform f\u00fcr Standorte und Immobilien","og:type":"article","og:title":"R\u00e9orientation de la promotion \u00e9conomique \u00e0 Schlieren - immo!nvest - Die Plattform f\u00fcr Standorte und Immobilien","og:description":"Christina Doll est nomm\u00e9e responsable de la promotion \u00e9conomique de Schlieren. Elle succ\u00e8dera le 1er d\u00e9cembre \u00e0 Albert Schweizer, qui prendra sa retraite en mai 2026. Le poste est pass\u00e9 de 30 % \u00e0 80 % afin de continuer \u00e0 faire progresser avec succ\u00e8s le site \u00e9conomique.","og:url":"https:\/\/www.immo-invest.ch\/fr\/neuausrichtung-der-standortfoerderung-in-schlieren\/","og:image":"https:\/\/www.immo-invest.ch\/wp-content\/uploads\/2025\/11\/banoviag_realistic_office_environment_showing_a_modern_Swiss__0f0e2965-3929-498c-97a5-f17a8894aec5_2.png","og:image:secure_url":"https:\/\/www.immo-invest.ch\/wp-content\/uploads\/2025\/11\/banoviag_realistic_office_environment_showing_a_modern_Swiss__0f0e2965-3929-498c-97a5-f17a8894aec5_2.png","og:image:width":1536,"og:image:height":768,"article:published_time":"2025-11-21T15:20:00+00:00","article:modified_time":"2025-11-19T09:33:32+00:00","article:publisher":"https:\/\/www.facebook.com\/people\/Immoinvest\/100077962920504\/","twitter:card":"summary_large_image","twitter:site":"@i","twitter:title":"R\u00e9orientation de la promotion \u00e9conomique \u00e0 Schlieren - immo!nvest - Die Plattform f\u00fcr Standorte und Immobilien","twitter:description":"Christina Doll est nomm\u00e9e responsable de la promotion \u00e9conomique de Schlieren. Elle succ\u00e8dera le 1er d\u00e9cembre \u00e0 Albert Schweizer, qui prendra sa retraite en mai 2026. Le poste est pass\u00e9 de 30 % \u00e0 80 % afin de continuer \u00e0 faire progresser avec succ\u00e8s le site \u00e9conomique.","twitter:creator":"@i","twitter:image":"https:\/\/www.immo-invest.ch\/wp-content\/uploads\/2025\/11\/banoviag_realistic_office_environment_showing_a_modern_Swiss__0f0e2965-3929-498c-97a5-f17a8894aec5_2.png"},"aioseo_meta_data":{"post_id":"144186","title":null,"description":null,"keywords":null,"keyphrases":{"focus":{"keyphrase":"","score":0,"analysis":{"keyphraseInTitle":{"score":0,"maxScore":9,"error":1}}},"additional":[]},"primary_term":null,"canonical_url":null,"og_title":null,"og_description":null,"og_object_type":"default","og_image_type":"default","og_image_url":null,"og_image_width":null,"og_image_height":null,"og_image_custom_url":null,"og_image_custom_fields":null,"og_video":"","og_custom_url":null,"og_article_section":null,"og_article_tags":null,"twitter_use_og":false,"twitter_card":"default","twitter_image_type":"default","twitter_image_url":null,"twitter_image_custom_url":null,"twitter_image_custom_fields":null,"twitter_title":null,"twitter_description":null,"schema":{"blockGraphs":[],"customGraphs":[],"default":{"data":{"Article":[],"Course":[],"Dataset":[],"FAQPage":[],"Movie":[],"Person":[],"Product":[],"ProductReview":[],"Car":[],"Recipe":[],"Service":[],"SoftwareApplication":[],"WebPage":[]},"graphName":"BlogPosting","isEnabled":true},"graphs":[]},"schema_type":"default","schema_type_options":null,"pillar_content":false,"robots_default":true,"robots_noindex":false,"robots_noarchive":false,"robots_nosnippet":false,"robots_nofollow":false,"robots_noimageindex":false,"robots_noodp":false,"robots_notranslate":false,"robots_max_snippet":"-1","robots_max_videopreview":"-1","robots_max_imagepreview":"large","priority":null,"frequency":"default","local_seo":null,"breadcrumb_settings":null,"limit_modified_date":false,"ai":{"faqs":[],"keyPoints":[],"titles":[],"descriptions":[],"socialPosts":{"email":[],"linkedin":[],"twitter":[],"facebook":[],"instagram":[]}},"created":"2025-11-19 09:33:33","updated":"2025-11-21 15:21:44","seo_analyzer_scan_date":null,"focus_keyword":null,"additional_keywords":null,"truseo_locale":null},"aioseo_breadcrumb":"<div class=\"aioseo-breadcrumbs\"><span class=\"aioseo-breadcrumb\">\n\t\t\t<a href=\"https:\/\/www.immo-invest.ch\/fr\/\" title=\"Home\">Home<\/a>\n\t\t<\/span><span class=\"aioseo-breadcrumb-separator\">&raquo;<\/span><span class=\"aioseo-breadcrumb\">\n\t\t\t<a href=\"https:\/\/www.immo-invest.ch\/fr\/categories\/personnes\/\" title=\"Personnes\">Personnes<\/a>\n\t\t<\/span><span class=\"aioseo-breadcrumb-separator\">&raquo;<\/span><span class=\"aioseo-breadcrumb\">\n\t\t\t<a href=\"https:\/\/www.immo-invest.ch\/fr\/categories\/personnes\/gens\/\" title=\"Gens\">Gens<\/a>\n\t\t<\/span><span class=\"aioseo-breadcrumb-separator\">&raquo;<\/span><span class=\"aioseo-breadcrumb\">\n\t\t\tR\u00e9orientation de la promotion \u00e9conomique \u00e0 Schlieren\n\t\t<\/span><\/div>","aioseo_breadcrumb_json":[{"label":"Home","link":"https:\/\/www.immo-invest.ch\/fr\/"},{"label":"Personnes","link":"https:\/\/www.immo-invest.ch\/fr\/categories\/personnes\/"},{"label":"Gens","link":"https:\/\/www.immo-invest.ch\/fr\/categories\/personnes\/gens\/"},{"label":"R\u00e9orientation de la promotion \u00e9conomique \u00e0 Schlieren","link":"https:\/\/www.immo-invest.ch\/fr\/neuausrichtung-der-standortfoerderung-in-schlieren\/"}],"featured_image_src":"https:\/\/www.immo-invest.ch\/wp-content\/uploads\/2025\/11\/banoviag_realistic_office_environment_showing_a_modern_Swiss__0f0e2965-3929-498c-97a5-f17a8894aec5_2-336x168.png","_links":{"self":[{"href":"https:\/\/www.immo-invest.ch\/fr\/wp-json\/wp\/v2\/posts\/144186","targetHints":{"allow":["GET"]}}],"collection":[{"href":"https:\/\/www.immo-invest.ch\/fr\/wp-json\/wp\/v2\/posts"}],"about":[{"href":"https:\/\/www.immo-invest.ch\/fr\/wp-json\/wp\/v2\/types\/post"}],"author":[{"embeddable":true,"href":"https:\/\/www.immo-invest.ch\/fr\/wp-json\/wp\/v2\/users\/2"}],"replies":[{"embeddable":true,"href":"https:\/\/www.immo-invest.ch\/fr\/wp-json\/wp\/v2\/comments?post=144186"}],"version-history":[{"count":0,"href":"https:\/\/www.immo-invest.ch\/fr\/wp-json\/wp\/v2\/posts\/144186\/revisions"}],"wp:featuredmedia":[{"embeddable":true,"href":"https:\/\/www.immo-invest.ch\/fr\/wp-json\/wp\/v2\/media\/144187"}],"wp:attachment":[{"href":"https:\/\/www.immo-invest.ch\/fr\/wp-json\/wp\/v2\/media?parent=144186"}],"wp:term":[{"taxonomy":"category","embeddable":true,"href":"https:\/\/www.immo-invest.ch\/fr\/wp-json\/wp\/v2\/categories?post=144186"},{"taxonomy":"post_tag","embeddable":true,"href":"https:\/\/www.immo-invest.ch\/fr\/wp-json\/wp\/v2\/tags?post=144186"}],"curies":[{"name":"wp","href":"https:\/\/api.w.org\/{rel}","templated":true}]}}