{"id":144169,"date":"2025-11-21T12:20:00","date_gmt":"2025-11-21T11:20:00","guid":{"rendered":"https:\/\/www.immo-invest.ch\/?p=144169"},"modified":"2025-11-19T10:16:55","modified_gmt":"2025-11-19T09:16:55","slug":"neuer-hauptsitz-staerkt-zukunft-des-wasserkraftunternehmens-in-kriens","status":"publish","type":"post","link":"https:\/\/www.immo-invest.ch\/fr\/neuer-hauptsitz-staerkt-zukunft-des-wasserkraftunternehmens-in-kriens\/","title":{"rendered":"Le nouveau si\u00e8ge social renforce l&rsquo;avenir de l&rsquo;entreprise hydro\u00e9lectrique \u00e0 Kriens"},"content":{"rendered":"<p class=\"bodytext\"><a href=\"https:\/\/www.andritz.com\/group-de\" target=\"_blank\" rel=\"noopener\">ANDRITZ Hydro<\/a> d&eacute;m&eacute;nage dans un nouveau si&egrave;ge social, mais reste bas&eacute; &agrave; Kriens. Comme l&rsquo;indique un communiqu&eacute;, la recherche et le d&eacute;veloppement, les ventes, la gestion de projets et l&rsquo;administration, soit environ 130 collaborateurs, d&eacute;m&eacute;nageront au <a href=\"https:\/\/www.schappe.ch\/schappecenter\" target=\"_blank\" rel=\"noopener\">Schappe Center,<\/a> pr&egrave;s du site reconstruit de l&rsquo;ancienne usine de machines Bell. Un nouveau <span class=\"glossaryLink\" aria-describedby=\"tt\" data-cmtooltip=\"&lt;div class=glossaryItemTitle&gt;Quartier&lt;\/div&gt;&lt;div class=glossaryItemBody&gt;Amtliches, historisches, soziales oder stadtplanerisches Stadtviertel&lt;\/div&gt;\" data-mobile-support=\"0\" data-gt-translate-attributes='[{\"attribute\":\"data-cmtooltip\", \"format\":\"html\"}]' tabindex=\"0\" role=\"link\">quartier<\/span> sera construit sur le site de l&rsquo;entreprise pr&eacute;c&eacute;dente.<\/p>\n<p class=\"bodytext\">En d&eacute;m&eacute;nageant dans ce centre d&rsquo;entreprise moderne, ANDRITZ Hydro veut assurer ses options pour une croissance future, selon le communiqu&eacute;. Le d&eacute;m&eacute;nagement de la direction de l&rsquo;entreprise au Schappe Center devrait &ecirc;tre achev&eacute; d&rsquo;ici fin 2026. Au printemps, l&rsquo;entreprise avait d&eacute;j&agrave; fait savoir que le d&eacute;m&eacute;nagement de son atelier de service du centre de Kriens vers la zone industrielle de Buchrain, situ&eacute;e &agrave; une dizaine de kilom&egrave;tres au nord de Lucerne, &eacute;tait pr&eacute;vu pour 2028. L&rsquo;entreprise propose des services tels que des &eacute;quipements &eacute;lectrom&eacute;caniques et des prestations de service pour les centrales hydro&eacute;lectriques dans le monde entier, pour des centrales hydro&eacute;lectriques nouvelles ou existantes, qu&rsquo;il s&rsquo;agisse de petites centrales hydro&eacute;lectriques ou de grandes installations.<\/p>\n<p class=\"bodytext\">&laquo;&nbsp;Pour nous, c&rsquo;est une bonne solution&nbsp;&raquo;, a d&eacute;clar&eacute; le directeur du site, Claudio Nold, cit&eacute; dans le communiqu&eacute;. &laquo;&nbsp;Nous pouvons ainsi continuer &agrave; travailler et &agrave; nous d&eacute;velopper dans des conditions optimales&nbsp;&raquo; Pour <a href=\"https:\/\/www.logis.ch\/de\/home\" target=\"_blank\" rel=\"noopener\">Logis Suisse<\/a>, le propri&eacute;taire foncier du site de Bell, le transfert du si&egrave;ge d&rsquo;ANDRITZ Hydro est &eacute;galement un atout pour d&eacute;velopper l&rsquo;ancien site industriel en un nouveau <span class=\"glossaryLink\" aria-describedby=\"tt\" data-cmtooltip=\"&lt;div class=glossaryItemTitle&gt;Quartier&lt;\/div&gt;&lt;div class=glossaryItemBody&gt;Amtliches, historisches, soziales oder stadtplanerisches Stadtviertel&lt;\/div&gt;\" data-mobile-support=\"0\" data-gt-translate-attributes='[{\"attribute\":\"data-cmtooltip\", \"format\":\"html\"}]' tabindex=\"0\" role=\"link\">quartier<\/span> urbain, pr&eacute;cise le communiqu&eacute;.<\/p>\n","protected":false},"excerpt":{"rendered":"<p>ANDRITZ Hydro d\u00e9m\u00e9nage son si\u00e8ge social au Schappe Center \u00e0 Kriens. Avec ce d\u00e9m\u00e9nagement, qui devrait \u00eatre achev\u00e9 d&rsquo;ici fin 2026, le prestataire de services pour la construction de centrales hydro\u00e9lectriques veut s&rsquo;assurer de ses options pour une croissance future.<\/p>\n","protected":false},"author":2,"featured_media":144170,"comment_status":"open","ping_status":"open","sticky":false,"template":"","format":"standard","meta":{"pmpro_default_level":"","inline_featured_image":false,"_monsterinsights_skip_tracking":false,"footnotes":""},"categories":[22696,743,739,8452,39686],"tags":[3607,872,3931,2002,5512,3591],"class_list":["post-144169","post","type-post","status-publish","format-standard","has-post-thumbnail","hentry","category-entreprise","category-immonews-fr","category-projects","category-regions","category-standorte-fr","tag-hauptsitz-fr","tag-immoinvest-fr","tag-immonews-fr","tag-news-fr","tag-standortentwicklung-fr","tag-wasserkraft-fr","pmpro-has-access"],"acf":{"bild_mit_ki_erstellt_worden":["Ja"],"lead":"ANDRITZ Hydro d\u00e9m\u00e9nage son si\u00e8ge social au Schappe Center \u00e0 Kriens. Avec ce d\u00e9m\u00e9nagement, qui devrait \u00eatre achev\u00e9 d'ici fin 2026, le prestataire de services pour la construction de centrales hydro\u00e9lectriques veut s'assurer de ses options pour une croissance future.","autor":"ce\/ww","ort":"Kriens LU","bildunterschrift":"","bild_im_grid":false,"gallerie":"","newsim":""},"aioseo_notices":[],"aioseo_head":"\n\t\t<!-- All in One SEO 5.0.1.1 - aioseo.com -->\n\t<meta name=\"description\" content=\"ANDRITZ Hydro d\u00e9m\u00e9nage son si\u00e8ge social au Schappe Center \u00e0 Kriens. Avec ce d\u00e9m\u00e9nagement, qui devrait \u00eatre achev\u00e9 d&#039;ici fin 2026, le prestataire de services pour la construction de centrales hydro\u00e9lectriques veut s&#039;assurer de ses options pour une croissance future.\" \/>\n\t<meta name=\"robots\" content=\"max-image-preview:large\" \/>\n\t<meta name=\"author\" content=\"immovestuser\"\/>\n\t<meta name=\"google-site-verification\" content=\"fHJKvgWpZCR2zVBHWfkQeFXC11qieUSff0HGNYfuyLA\" \/>\n\t<link rel=\"canonical\" href=\"https:\/\/www.immo-invest.ch\/fr\/neuer-hauptsitz-staerkt-zukunft-des-wasserkraftunternehmens-in-kriens\/\" \/>\n\t<meta name=\"generator\" content=\"All in One SEO (AIOSEO) 5.0.1.1\" \/>\n\t\t<meta property=\"og:locale\" content=\"fr_FR\" \/>\n\t\t<meta property=\"og:site_name\" content=\"immo!nvest - Die Plattform f\u00fcr Standorte und Immobilien - Die\u00a0Plattform f\u00fcr Standorte und Immobilien\" \/>\n\t\t<meta property=\"og:type\" content=\"article\" \/>\n\t\t<meta property=\"og:title\" content=\"Le nouveau si\u00e8ge social renforce l\u2019avenir de l\u2019entreprise hydro\u00e9lectrique \u00e0 Kriens - immo!nvest - Die Plattform f\u00fcr Standorte und Immobilien\" \/>\n\t\t<meta property=\"og:description\" content=\"ANDRITZ Hydro d\u00e9m\u00e9nage son si\u00e8ge social au Schappe Center \u00e0 Kriens. Avec ce d\u00e9m\u00e9nagement, qui devrait \u00eatre achev\u00e9 d&#039;ici fin 2026, le prestataire de services pour la construction de centrales hydro\u00e9lectriques veut s&#039;assurer de ses options pour une croissance future.\" \/>\n\t\t<meta property=\"og:url\" content=\"https:\/\/www.immo-invest.ch\/fr\/neuer-hauptsitz-staerkt-zukunft-des-wasserkraftunternehmens-in-kriens\/\" \/>\n\t\t<meta property=\"og:image\" content=\"https:\/\/www.immo-invest.ch\/wp-content\/uploads\/2025\/11\/banoviag_realistic_industrial_headquarters_scene_showing_a_mo_b86c1743-6d24-47b9-a1d9-1e527e0daef4_0.png\" \/>\n\t\t<meta property=\"og:image:secure_url\" content=\"https:\/\/www.immo-invest.ch\/wp-content\/uploads\/2025\/11\/banoviag_realistic_industrial_headquarters_scene_showing_a_mo_b86c1743-6d24-47b9-a1d9-1e527e0daef4_0.png\" \/>\n\t\t<meta property=\"og:image:width\" content=\"1536\" \/>\n\t\t<meta property=\"og:image:height\" content=\"768\" \/>\n\t\t<meta property=\"article:published_time\" content=\"2025-11-21T11:20:00+00:00\" \/>\n\t\t<meta property=\"article:modified_time\" content=\"2025-11-19T09:16:55+00:00\" \/>\n\t\t<meta property=\"article:publisher\" content=\"https:\/\/www.facebook.com\/people\/Immoinvest\/100077962920504\/\" \/>\n\t\t<meta name=\"twitter:card\" content=\"summary_large_image\" \/>\n\t\t<meta name=\"twitter:site\" content=\"@i\" \/>\n\t\t<meta name=\"twitter:title\" content=\"Le nouveau si\u00e8ge social renforce l\u2019avenir de l\u2019entreprise hydro\u00e9lectrique \u00e0 Kriens - immo!nvest - Die Plattform f\u00fcr Standorte und Immobilien\" \/>\n\t\t<meta name=\"twitter:description\" content=\"ANDRITZ Hydro d\u00e9m\u00e9nage son si\u00e8ge social au Schappe Center \u00e0 Kriens. Avec ce d\u00e9m\u00e9nagement, qui devrait \u00eatre achev\u00e9 d&#039;ici fin 2026, le prestataire de services pour la construction de centrales hydro\u00e9lectriques veut s&#039;assurer de ses options pour une croissance future.\" \/>\n\t\t<meta name=\"twitter:creator\" content=\"@i\" \/>\n\t\t<meta name=\"twitter:image\" content=\"https:\/\/www.immo-invest.ch\/wp-content\/uploads\/2025\/11\/banoviag_realistic_industrial_headquarters_scene_showing_a_mo_b86c1743-6d24-47b9-a1d9-1e527e0daef4_0.png\" \/>\n\t\t<script type=\"application\/ld+json\" class=\"aioseo-schema\">\n\t\t\t{\"@context\":\"https:\\\/\\\/schema.org\",\"@graph\":[{\"@type\":\"BlogPosting\",\"@id\":\"https:\\\/\\\/www.immo-invest.ch\\\/fr\\\/neuer-hauptsitz-staerkt-zukunft-des-wasserkraftunternehmens-in-kriens\\\/#blogposting\",\"name\":\"Le nouveau si\\u00e8ge social renforce l\\u2019avenir de l\\u2019entreprise hydro\\u00e9lectrique \\u00e0 Kriens - immo!nvest - Die Plattform f\\u00fcr Standorte und Immobilien\",\"headline\":\"Le nouveau si\\u00e8ge social renforce l&rsquo;avenir de l&rsquo;entreprise hydro\\u00e9lectrique \\u00e0 Kriens\",\"author\":{\"@id\":\"https:\\\/\\\/www.immo-invest.ch\\\/fr\\\/author\\\/immovestuser\\\/#author\"},\"publisher\":{\"@id\":\"https:\\\/\\\/www.immo-invest.ch\\\/fr\\\/#organization\"},\"image\":{\"@type\":\"ImageObject\",\"url\":\"https:\\\/\\\/www.immo-invest.ch\\\/wp-content\\\/uploads\\\/2025\\\/11\\\/banoviag_realistic_industrial_headquarters_scene_showing_a_mo_b86c1743-6d24-47b9-a1d9-1e527e0daef4_0.png\",\"width\":1536,\"height\":768},\"datePublished\":\"2025-11-21T12:20:00+01:00\",\"dateModified\":\"2025-11-19T10:16:55+01:00\",\"inLanguage\":\"fr-FR\",\"mainEntityOfPage\":{\"@id\":\"https:\\\/\\\/www.immo-invest.ch\\\/fr\\\/neuer-hauptsitz-staerkt-zukunft-des-wasserkraftunternehmens-in-kriens\\\/#webpage\"},\"isPartOf\":{\"@id\":\"https:\\\/\\\/www.immo-invest.ch\\\/fr\\\/neuer-hauptsitz-staerkt-zukunft-des-wasserkraftunternehmens-in-kriens\\\/#webpage\"},\"articleSection\":\"Entreprise, immoNews, Projects, R\\u00e9gions, Standorte, Hauptsitz, Immoinvest, immoNews, News, Standortentwicklung, Wasserkraft, Facultatif\"},{\"@type\":\"BreadcrumbList\",\"@id\":\"https:\\\/\\\/www.immo-invest.ch\\\/fr\\\/neuer-hauptsitz-staerkt-zukunft-des-wasserkraftunternehmens-in-kriens\\\/#breadcrumblist\",\"itemListElement\":[{\"@type\":\"ListItem\",\"@id\":\"https:\\\/\\\/www.immo-invest.ch\\\/fr\\\/#listItem\",\"position\":1,\"name\":\"Home\",\"item\":\"https:\\\/\\\/www.immo-invest.ch\\\/fr\\\/\",\"nextItem\":{\"@type\":\"ListItem\",\"@id\":\"https:\\\/\\\/www.immo-invest.ch\\\/fr\\\/categories\\\/trends-fr\\\/#listItem\",\"name\":\"Trends\"}},{\"@type\":\"ListItem\",\"@id\":\"https:\\\/\\\/www.immo-invest.ch\\\/fr\\\/categories\\\/trends-fr\\\/#listItem\",\"position\":2,\"name\":\"Trends\",\"item\":\"https:\\\/\\\/www.immo-invest.ch\\\/fr\\\/categories\\\/trends-fr\\\/\",\"nextItem\":{\"@type\":\"ListItem\",\"@id\":\"https:\\\/\\\/www.immo-invest.ch\\\/fr\\\/categories\\\/trends-fr\\\/entreprise\\\/#listItem\",\"name\":\"Entreprise\"},\"previousItem\":{\"@type\":\"ListItem\",\"@id\":\"https:\\\/\\\/www.immo-invest.ch\\\/fr\\\/#listItem\",\"name\":\"Home\"}},{\"@type\":\"ListItem\",\"@id\":\"https:\\\/\\\/www.immo-invest.ch\\\/fr\\\/categories\\\/trends-fr\\\/entreprise\\\/#listItem\",\"position\":3,\"name\":\"Entreprise\",\"item\":\"https:\\\/\\\/www.immo-invest.ch\\\/fr\\\/categories\\\/trends-fr\\\/entreprise\\\/\",\"nextItem\":{\"@type\":\"ListItem\",\"@id\":\"https:\\\/\\\/www.immo-invest.ch\\\/fr\\\/neuer-hauptsitz-staerkt-zukunft-des-wasserkraftunternehmens-in-kriens\\\/#listItem\",\"name\":\"Le nouveau si\\u00e8ge social renforce l&rsquo;avenir de l&rsquo;entreprise hydro\\u00e9lectrique \\u00e0 Kriens\"},\"previousItem\":{\"@type\":\"ListItem\",\"@id\":\"https:\\\/\\\/www.immo-invest.ch\\\/fr\\\/categories\\\/trends-fr\\\/#listItem\",\"name\":\"Trends\"}},{\"@type\":\"ListItem\",\"@id\":\"https:\\\/\\\/www.immo-invest.ch\\\/fr\\\/neuer-hauptsitz-staerkt-zukunft-des-wasserkraftunternehmens-in-kriens\\\/#listItem\",\"position\":4,\"name\":\"Le nouveau si\\u00e8ge social renforce l&rsquo;avenir de l&rsquo;entreprise hydro\\u00e9lectrique \\u00e0 Kriens\",\"previousItem\":{\"@type\":\"ListItem\",\"@id\":\"https:\\\/\\\/www.immo-invest.ch\\\/fr\\\/categories\\\/trends-fr\\\/entreprise\\\/#listItem\",\"name\":\"Entreprise\"}}]},{\"@type\":\"Organization\",\"@id\":\"https:\\\/\\\/www.immo-invest.ch\\\/fr\\\/#organization\",\"name\":\"immo!nvest - Die Plattform f\\u00fcr Standorte und Immobilien\",\"description\":\"Die\\u00a0Plattform f\\u00fcr Standorte und Immobilien\",\"url\":\"https:\\\/\\\/www.immo-invest.ch\\\/fr\\\/\",\"email\":\"admin@immomedia.ag\",\"telephone\":\"+41444420002\",\"logo\":{\"@type\":\"ImageObject\",\"url\":\"https:\\\/\\\/www.immo-invest.ch\\\/wp-content\\\/uploads\\\/2024\\\/09\\\/immoinvest_sm-scaled.jpg\",\"@id\":\"https:\\\/\\\/www.immo-invest.ch\\\/fr\\\/neuer-hauptsitz-staerkt-zukunft-des-wasserkraftunternehmens-in-kriens\\\/#organizationLogo\",\"width\":2560,\"height\":1340},\"image\":{\"@id\":\"https:\\\/\\\/www.immo-invest.ch\\\/fr\\\/neuer-hauptsitz-staerkt-zukunft-des-wasserkraftunternehmens-in-kriens\\\/#organizationLogo\"},\"sameAs\":[\"https:\\\/\\\/www.facebook.com\\\/people\\\/Immoinvest\\\/100077962920504\\\/\",\"https:\\\/\\\/x.com\\\/i\\\/flow\\\/login?redirect_after_login=immoinvest_ch\",\"https:\\\/\\\/www.instagram.com\\\/immoinvest_ch\\\/\",\"https:\\\/\\\/www.linkedin.com\\\/company\\\/immoinvest-swiss\"]},{\"@type\":\"Person\",\"@id\":\"https:\\\/\\\/www.immo-invest.ch\\\/fr\\\/author\\\/immovestuser\\\/#author\",\"url\":\"https:\\\/\\\/www.immo-invest.ch\\\/fr\\\/author\\\/immovestuser\\\/\",\"name\":\"immovestuser\",\"image\":{\"@type\":\"ImageObject\",\"@id\":\"https:\\\/\\\/www.immo-invest.ch\\\/fr\\\/neuer-hauptsitz-staerkt-zukunft-des-wasserkraftunternehmens-in-kriens\\\/#authorImage\",\"url\":\"https:\\\/\\\/secure.gravatar.com\\\/avatar\\\/8e01f4d99f2eeea7a362ebb93305e1172a70e9293ba250f897a65c39f54cdd1e?s=96&d=mm&r=g\",\"width\":96,\"height\":96,\"caption\":\"immovestuser\"}},{\"@type\":\"WebPage\",\"@id\":\"https:\\\/\\\/www.immo-invest.ch\\\/fr\\\/neuer-hauptsitz-staerkt-zukunft-des-wasserkraftunternehmens-in-kriens\\\/#webpage\",\"url\":\"https:\\\/\\\/www.immo-invest.ch\\\/fr\\\/neuer-hauptsitz-staerkt-zukunft-des-wasserkraftunternehmens-in-kriens\\\/\",\"name\":\"Le nouveau si\\u00e8ge social renforce l\\u2019avenir de l\\u2019entreprise hydro\\u00e9lectrique \\u00e0 Kriens - immo!nvest - Die Plattform f\\u00fcr Standorte und Immobilien\",\"description\":\"ANDRITZ Hydro d\\u00e9m\\u00e9nage son si\\u00e8ge social au Schappe Center \\u00e0 Kriens. Avec ce d\\u00e9m\\u00e9nagement, qui devrait \\u00eatre achev\\u00e9 d'ici fin 2026, le prestataire de services pour la construction de centrales hydro\\u00e9lectriques veut s'assurer de ses options pour une croissance future.\",\"inLanguage\":\"fr-FR\",\"isPartOf\":{\"@id\":\"https:\\\/\\\/www.immo-invest.ch\\\/fr\\\/#website\"},\"breadcrumb\":{\"@id\":\"https:\\\/\\\/www.immo-invest.ch\\\/fr\\\/neuer-hauptsitz-staerkt-zukunft-des-wasserkraftunternehmens-in-kriens\\\/#breadcrumblist\"},\"author\":{\"@id\":\"https:\\\/\\\/www.immo-invest.ch\\\/fr\\\/author\\\/immovestuser\\\/#author\"},\"creator\":{\"@id\":\"https:\\\/\\\/www.immo-invest.ch\\\/fr\\\/author\\\/immovestuser\\\/#author\"},\"image\":{\"@type\":\"ImageObject\",\"url\":\"https:\\\/\\\/www.immo-invest.ch\\\/wp-content\\\/uploads\\\/2025\\\/11\\\/banoviag_realistic_industrial_headquarters_scene_showing_a_mo_b86c1743-6d24-47b9-a1d9-1e527e0daef4_0.png\",\"@id\":\"https:\\\/\\\/www.immo-invest.ch\\\/fr\\\/neuer-hauptsitz-staerkt-zukunft-des-wasserkraftunternehmens-in-kriens\\\/#mainImage\",\"width\":1536,\"height\":768},\"primaryImageOfPage\":{\"@id\":\"https:\\\/\\\/www.immo-invest.ch\\\/fr\\\/neuer-hauptsitz-staerkt-zukunft-des-wasserkraftunternehmens-in-kriens\\\/#mainImage\"},\"datePublished\":\"2025-11-21T12:20:00+01:00\",\"dateModified\":\"2025-11-19T10:16:55+01:00\"},{\"@type\":\"WebSite\",\"@id\":\"https:\\\/\\\/www.immo-invest.ch\\\/fr\\\/#website\",\"url\":\"https:\\\/\\\/www.immo-invest.ch\\\/fr\\\/\",\"name\":\"immo!nvest - Die Plattform f\\u00fcr Standorte und Immobilien\",\"description\":\"Die\\u00a0Plattform f\\u00fcr Standorte und Immobilien\",\"inLanguage\":\"fr-FR\",\"publisher\":{\"@id\":\"https:\\\/\\\/www.immo-invest.ch\\\/fr\\\/#organization\"}}]}\n\t\t<\/script>\n\t\t<!-- All in One SEO -->\n\n","aioseo_head_json":{"title":"Le nouveau si\u00e8ge social renforce l\u2019avenir de l\u2019entreprise hydro\u00e9lectrique \u00e0 Kriens - immo!nvest - Die Plattform f\u00fcr Standorte und Immobilien","description":"ANDRITZ Hydro d\u00e9m\u00e9nage son si\u00e8ge social au Schappe Center \u00e0 Kriens. Avec ce d\u00e9m\u00e9nagement, qui devrait \u00eatre achev\u00e9 d'ici fin 2026, le prestataire de services pour la construction de centrales hydro\u00e9lectriques veut s'assurer de ses options pour une croissance future.","canonical_url":"https:\/\/www.immo-invest.ch\/fr\/neuer-hauptsitz-staerkt-zukunft-des-wasserkraftunternehmens-in-kriens\/","robots":"max-image-preview:large","keywords":"","webmasterTools":{"google-site-verification":"fHJKvgWpZCR2zVBHWfkQeFXC11qieUSff0HGNYfuyLA","miscellaneous":""},"schema":{"@context":"https:\/\/schema.org","@graph":[{"@type":"BlogPosting","@id":"https:\/\/www.immo-invest.ch\/fr\/neuer-hauptsitz-staerkt-zukunft-des-wasserkraftunternehmens-in-kriens\/#blogposting","name":"Le nouveau si\u00e8ge social renforce l\u2019avenir de l\u2019entreprise hydro\u00e9lectrique \u00e0 Kriens - immo!nvest - Die Plattform f\u00fcr Standorte und Immobilien","headline":"Le nouveau si\u00e8ge social renforce l&rsquo;avenir de l&rsquo;entreprise hydro\u00e9lectrique \u00e0 Kriens","author":{"@id":"https:\/\/www.immo-invest.ch\/fr\/author\/immovestuser\/#author"},"publisher":{"@id":"https:\/\/www.immo-invest.ch\/fr\/#organization"},"image":{"@type":"ImageObject","url":"https:\/\/www.immo-invest.ch\/wp-content\/uploads\/2025\/11\/banoviag_realistic_industrial_headquarters_scene_showing_a_mo_b86c1743-6d24-47b9-a1d9-1e527e0daef4_0.png","width":1536,"height":768},"datePublished":"2025-11-21T12:20:00+01:00","dateModified":"2025-11-19T10:16:55+01:00","inLanguage":"fr-FR","mainEntityOfPage":{"@id":"https:\/\/www.immo-invest.ch\/fr\/neuer-hauptsitz-staerkt-zukunft-des-wasserkraftunternehmens-in-kriens\/#webpage"},"isPartOf":{"@id":"https:\/\/www.immo-invest.ch\/fr\/neuer-hauptsitz-staerkt-zukunft-des-wasserkraftunternehmens-in-kriens\/#webpage"},"articleSection":"Entreprise, immoNews, Projects, R\u00e9gions, Standorte, Hauptsitz, Immoinvest, immoNews, News, Standortentwicklung, Wasserkraft, Facultatif"},{"@type":"BreadcrumbList","@id":"https:\/\/www.immo-invest.ch\/fr\/neuer-hauptsitz-staerkt-zukunft-des-wasserkraftunternehmens-in-kriens\/#breadcrumblist","itemListElement":[{"@type":"ListItem","@id":"https:\/\/www.immo-invest.ch\/fr\/#listItem","position":1,"name":"Home","item":"https:\/\/www.immo-invest.ch\/fr\/","nextItem":{"@type":"ListItem","@id":"https:\/\/www.immo-invest.ch\/fr\/categories\/trends-fr\/#listItem","name":"Trends"}},{"@type":"ListItem","@id":"https:\/\/www.immo-invest.ch\/fr\/categories\/trends-fr\/#listItem","position":2,"name":"Trends","item":"https:\/\/www.immo-invest.ch\/fr\/categories\/trends-fr\/","nextItem":{"@type":"ListItem","@id":"https:\/\/www.immo-invest.ch\/fr\/categories\/trends-fr\/entreprise\/#listItem","name":"Entreprise"},"previousItem":{"@type":"ListItem","@id":"https:\/\/www.immo-invest.ch\/fr\/#listItem","name":"Home"}},{"@type":"ListItem","@id":"https:\/\/www.immo-invest.ch\/fr\/categories\/trends-fr\/entreprise\/#listItem","position":3,"name":"Entreprise","item":"https:\/\/www.immo-invest.ch\/fr\/categories\/trends-fr\/entreprise\/","nextItem":{"@type":"ListItem","@id":"https:\/\/www.immo-invest.ch\/fr\/neuer-hauptsitz-staerkt-zukunft-des-wasserkraftunternehmens-in-kriens\/#listItem","name":"Le nouveau si\u00e8ge social renforce l&rsquo;avenir de l&rsquo;entreprise hydro\u00e9lectrique \u00e0 Kriens"},"previousItem":{"@type":"ListItem","@id":"https:\/\/www.immo-invest.ch\/fr\/categories\/trends-fr\/#listItem","name":"Trends"}},{"@type":"ListItem","@id":"https:\/\/www.immo-invest.ch\/fr\/neuer-hauptsitz-staerkt-zukunft-des-wasserkraftunternehmens-in-kriens\/#listItem","position":4,"name":"Le nouveau si\u00e8ge social renforce l&rsquo;avenir de l&rsquo;entreprise hydro\u00e9lectrique \u00e0 Kriens","previousItem":{"@type":"ListItem","@id":"https:\/\/www.immo-invest.ch\/fr\/categories\/trends-fr\/entreprise\/#listItem","name":"Entreprise"}}]},{"@type":"Organization","@id":"https:\/\/www.immo-invest.ch\/fr\/#organization","name":"immo!nvest - Die Plattform f\u00fcr Standorte und Immobilien","description":"Die\u00a0Plattform f\u00fcr Standorte und Immobilien","url":"https:\/\/www.immo-invest.ch\/fr\/","email":"admin@immomedia.ag","telephone":"+41444420002","logo":{"@type":"ImageObject","url":"https:\/\/www.immo-invest.ch\/wp-content\/uploads\/2024\/09\/immoinvest_sm-scaled.jpg","@id":"https:\/\/www.immo-invest.ch\/fr\/neuer-hauptsitz-staerkt-zukunft-des-wasserkraftunternehmens-in-kriens\/#organizationLogo","width":2560,"height":1340},"image":{"@id":"https:\/\/www.immo-invest.ch\/fr\/neuer-hauptsitz-staerkt-zukunft-des-wasserkraftunternehmens-in-kriens\/#organizationLogo"},"sameAs":["https:\/\/www.facebook.com\/people\/Immoinvest\/100077962920504\/","https:\/\/x.com\/i\/flow\/login?redirect_after_login=immoinvest_ch","https:\/\/www.instagram.com\/immoinvest_ch\/","https:\/\/www.linkedin.com\/company\/immoinvest-swiss"]},{"@type":"Person","@id":"https:\/\/www.immo-invest.ch\/fr\/author\/immovestuser\/#author","url":"https:\/\/www.immo-invest.ch\/fr\/author\/immovestuser\/","name":"immovestuser","image":{"@type":"ImageObject","@id":"https:\/\/www.immo-invest.ch\/fr\/neuer-hauptsitz-staerkt-zukunft-des-wasserkraftunternehmens-in-kriens\/#authorImage","url":"https:\/\/secure.gravatar.com\/avatar\/8e01f4d99f2eeea7a362ebb93305e1172a70e9293ba250f897a65c39f54cdd1e?s=96&d=mm&r=g","width":96,"height":96,"caption":"immovestuser"}},{"@type":"WebPage","@id":"https:\/\/www.immo-invest.ch\/fr\/neuer-hauptsitz-staerkt-zukunft-des-wasserkraftunternehmens-in-kriens\/#webpage","url":"https:\/\/www.immo-invest.ch\/fr\/neuer-hauptsitz-staerkt-zukunft-des-wasserkraftunternehmens-in-kriens\/","name":"Le nouveau si\u00e8ge social renforce l\u2019avenir de l\u2019entreprise hydro\u00e9lectrique \u00e0 Kriens - immo!nvest - Die Plattform f\u00fcr Standorte und Immobilien","description":"ANDRITZ Hydro d\u00e9m\u00e9nage son si\u00e8ge social au Schappe Center \u00e0 Kriens. Avec ce d\u00e9m\u00e9nagement, qui devrait \u00eatre achev\u00e9 d'ici fin 2026, le prestataire de services pour la construction de centrales hydro\u00e9lectriques veut s'assurer de ses options pour une croissance future.","inLanguage":"fr-FR","isPartOf":{"@id":"https:\/\/www.immo-invest.ch\/fr\/#website"},"breadcrumb":{"@id":"https:\/\/www.immo-invest.ch\/fr\/neuer-hauptsitz-staerkt-zukunft-des-wasserkraftunternehmens-in-kriens\/#breadcrumblist"},"author":{"@id":"https:\/\/www.immo-invest.ch\/fr\/author\/immovestuser\/#author"},"creator":{"@id":"https:\/\/www.immo-invest.ch\/fr\/author\/immovestuser\/#author"},"image":{"@type":"ImageObject","url":"https:\/\/www.immo-invest.ch\/wp-content\/uploads\/2025\/11\/banoviag_realistic_industrial_headquarters_scene_showing_a_mo_b86c1743-6d24-47b9-a1d9-1e527e0daef4_0.png","@id":"https:\/\/www.immo-invest.ch\/fr\/neuer-hauptsitz-staerkt-zukunft-des-wasserkraftunternehmens-in-kriens\/#mainImage","width":1536,"height":768},"primaryImageOfPage":{"@id":"https:\/\/www.immo-invest.ch\/fr\/neuer-hauptsitz-staerkt-zukunft-des-wasserkraftunternehmens-in-kriens\/#mainImage"},"datePublished":"2025-11-21T12:20:00+01:00","dateModified":"2025-11-19T10:16:55+01:00"},{"@type":"WebSite","@id":"https:\/\/www.immo-invest.ch\/fr\/#website","url":"https:\/\/www.immo-invest.ch\/fr\/","name":"immo!nvest - Die Plattform f\u00fcr Standorte und Immobilien","description":"Die\u00a0Plattform f\u00fcr Standorte und Immobilien","inLanguage":"fr-FR","publisher":{"@id":"https:\/\/www.immo-invest.ch\/fr\/#organization"}}]},"og:locale":"fr_FR","og:site_name":"immo!nvest - Die Plattform f\u00fcr Standorte und Immobilien - Die\u00a0Plattform f\u00fcr Standorte und Immobilien","og:type":"article","og:title":"Le nouveau si\u00e8ge social renforce l\u2019avenir de l\u2019entreprise hydro\u00e9lectrique \u00e0 Kriens - immo!nvest - Die Plattform f\u00fcr Standorte und Immobilien","og:description":"ANDRITZ Hydro d\u00e9m\u00e9nage son si\u00e8ge social au Schappe Center \u00e0 Kriens. Avec ce d\u00e9m\u00e9nagement, qui devrait \u00eatre achev\u00e9 d'ici fin 2026, le prestataire de services pour la construction de centrales hydro\u00e9lectriques veut s'assurer de ses options pour une croissance future.","og:url":"https:\/\/www.immo-invest.ch\/fr\/neuer-hauptsitz-staerkt-zukunft-des-wasserkraftunternehmens-in-kriens\/","og:image":"https:\/\/www.immo-invest.ch\/wp-content\/uploads\/2025\/11\/banoviag_realistic_industrial_headquarters_scene_showing_a_mo_b86c1743-6d24-47b9-a1d9-1e527e0daef4_0.png","og:image:secure_url":"https:\/\/www.immo-invest.ch\/wp-content\/uploads\/2025\/11\/banoviag_realistic_industrial_headquarters_scene_showing_a_mo_b86c1743-6d24-47b9-a1d9-1e527e0daef4_0.png","og:image:width":1536,"og:image:height":768,"article:published_time":"2025-11-21T11:20:00+00:00","article:modified_time":"2025-11-19T09:16:55+00:00","article:publisher":"https:\/\/www.facebook.com\/people\/Immoinvest\/100077962920504\/","twitter:card":"summary_large_image","twitter:site":"@i","twitter:title":"Le nouveau si\u00e8ge social renforce l\u2019avenir de l\u2019entreprise hydro\u00e9lectrique \u00e0 Kriens - immo!nvest - Die Plattform f\u00fcr Standorte und Immobilien","twitter:description":"ANDRITZ Hydro d\u00e9m\u00e9nage son si\u00e8ge social au Schappe Center \u00e0 Kriens. Avec ce d\u00e9m\u00e9nagement, qui devrait \u00eatre achev\u00e9 d'ici fin 2026, le prestataire de services pour la construction de centrales hydro\u00e9lectriques veut s'assurer de ses options pour une croissance future.","twitter:creator":"@i","twitter:image":"https:\/\/www.immo-invest.ch\/wp-content\/uploads\/2025\/11\/banoviag_realistic_industrial_headquarters_scene_showing_a_mo_b86c1743-6d24-47b9-a1d9-1e527e0daef4_0.png"},"aioseo_meta_data":{"post_id":"144169","title":null,"description":null,"keywords":null,"keyphrases":{"focus":{"keyphrase":"","score":0,"analysis":{"keyphraseInTitle":{"score":0,"maxScore":9,"error":1}}},"additional":[]},"primary_term":null,"canonical_url":null,"og_title":null,"og_description":null,"og_object_type":"default","og_image_type":"default","og_image_url":null,"og_image_width":null,"og_image_height":null,"og_image_custom_url":null,"og_image_custom_fields":null,"og_video":"","og_custom_url":null,"og_article_section":null,"og_article_tags":null,"twitter_use_og":false,"twitter_card":"default","twitter_image_type":"default","twitter_image_url":null,"twitter_image_custom_url":null,"twitter_image_custom_fields":null,"twitter_title":null,"twitter_description":null,"schema":{"blockGraphs":[],"customGraphs":[],"default":{"data":{"Article":[],"Course":[],"Dataset":[],"FAQPage":[],"Movie":[],"Person":[],"Product":[],"ProductReview":[],"Car":[],"Recipe":[],"Service":[],"SoftwareApplication":[],"WebPage":[]},"graphName":"BlogPosting","isEnabled":true},"graphs":[]},"schema_type":"default","schema_type_options":null,"pillar_content":false,"robots_default":true,"robots_noindex":false,"robots_noarchive":false,"robots_nosnippet":false,"robots_nofollow":false,"robots_noimageindex":false,"robots_noodp":false,"robots_notranslate":false,"robots_max_snippet":"-1","robots_max_videopreview":"-1","robots_max_imagepreview":"large","priority":null,"frequency":"default","local_seo":null,"breadcrumb_settings":null,"limit_modified_date":false,"ai":{"faqs":[],"keyPoints":[],"titles":[],"descriptions":[],"socialPosts":{"email":[],"linkedin":[],"twitter":[],"facebook":[],"instagram":[]}},"created":"2025-11-19 09:16:56","updated":"2025-11-21 11:30:36","seo_analyzer_scan_date":null,"focus_keyword":null,"additional_keywords":null,"truseo_locale":null},"aioseo_breadcrumb":"<div class=\"aioseo-breadcrumbs\"><span class=\"aioseo-breadcrumb\">\n\t\t\t<a href=\"https:\/\/www.immo-invest.ch\/fr\/\" title=\"Home\">Home<\/a>\n\t\t<\/span><span class=\"aioseo-breadcrumb-separator\">&raquo;<\/span><span class=\"aioseo-breadcrumb\">\n\t\t\t<a href=\"https:\/\/www.immo-invest.ch\/fr\/categories\/trends-fr\/\" title=\"Trends\">Trends<\/a>\n\t\t<\/span><span class=\"aioseo-breadcrumb-separator\">&raquo;<\/span><span class=\"aioseo-breadcrumb\">\n\t\t\t<a href=\"https:\/\/www.immo-invest.ch\/fr\/categories\/trends-fr\/entreprise\/\" title=\"Entreprise\">Entreprise<\/a>\n\t\t<\/span><span class=\"aioseo-breadcrumb-separator\">&raquo;<\/span><span class=\"aioseo-breadcrumb\">\n\t\t\tLe nouveau si\u00e8ge social renforce l\u2019avenir de l\u2019entreprise hydro\u00e9lectrique \u00e0 Kriens\n\t\t<\/span><\/div>","aioseo_breadcrumb_json":[{"label":"Home","link":"https:\/\/www.immo-invest.ch\/fr\/"},{"label":"Trends","link":"https:\/\/www.immo-invest.ch\/fr\/categories\/trends-fr\/"},{"label":"Entreprise","link":"https:\/\/www.immo-invest.ch\/fr\/categories\/trends-fr\/entreprise\/"},{"label":"Le nouveau si\u00e8ge social renforce l&rsquo;avenir de l&rsquo;entreprise hydro\u00e9lectrique \u00e0 Kriens","link":"https:\/\/www.immo-invest.ch\/fr\/neuer-hauptsitz-staerkt-zukunft-des-wasserkraftunternehmens-in-kriens\/"}],"featured_image_src":"https:\/\/www.immo-invest.ch\/wp-content\/uploads\/2025\/11\/banoviag_realistic_industrial_headquarters_scene_showing_a_mo_b86c1743-6d24-47b9-a1d9-1e527e0daef4_0-336x168.png","_links":{"self":[{"href":"https:\/\/www.immo-invest.ch\/fr\/wp-json\/wp\/v2\/posts\/144169","targetHints":{"allow":["GET"]}}],"collection":[{"href":"https:\/\/www.immo-invest.ch\/fr\/wp-json\/wp\/v2\/posts"}],"about":[{"href":"https:\/\/www.immo-invest.ch\/fr\/wp-json\/wp\/v2\/types\/post"}],"author":[{"embeddable":true,"href":"https:\/\/www.immo-invest.ch\/fr\/wp-json\/wp\/v2\/users\/2"}],"replies":[{"embeddable":true,"href":"https:\/\/www.immo-invest.ch\/fr\/wp-json\/wp\/v2\/comments?post=144169"}],"version-history":[{"count":0,"href":"https:\/\/www.immo-invest.ch\/fr\/wp-json\/wp\/v2\/posts\/144169\/revisions"}],"wp:featuredmedia":[{"embeddable":true,"href":"https:\/\/www.immo-invest.ch\/fr\/wp-json\/wp\/v2\/media\/144170"}],"wp:attachment":[{"href":"https:\/\/www.immo-invest.ch\/fr\/wp-json\/wp\/v2\/media?parent=144169"}],"wp:term":[{"taxonomy":"category","embeddable":true,"href":"https:\/\/www.immo-invest.ch\/fr\/wp-json\/wp\/v2\/categories?post=144169"},{"taxonomy":"post_tag","embeddable":true,"href":"https:\/\/www.immo-invest.ch\/fr\/wp-json\/wp\/v2\/tags?post=144169"}],"curies":[{"name":"wp","href":"https:\/\/api.w.org\/{rel}","templated":true}]}}