{"id":143525,"date":"2025-11-11T02:00:00","date_gmt":"2025-11-11T01:00:00","guid":{"rendered":"https:\/\/www.immo-invest.ch\/?p=143525"},"modified":"2025-11-10T13:17:40","modified_gmt":"2025-11-10T12:17:40","slug":"mobilisierung-der-generation-z-an-die-wahlurnen-fuer-immobilienrelevante-abstimmungen-durch-svit-young-zuerich","status":"publish","type":"post","link":"https:\/\/www.immo-invest.ch\/fr\/mobilisierung-der-generation-z-an-die-wahlurnen-fuer-immobilienrelevante-abstimmungen-durch-svit-young-zuerich\/","title":{"rendered":"Mobilisation de la g\u00e9n\u00e9ration Z aux urnes pour les votes li\u00e9s \u00e0 l&rsquo;immobilier par SVIT Young Z\u00fcrich"},"content":{"rendered":"<p class=\"wp-block-paragraph\">L&rsquo;&eacute;volution politique dans le domaine de l&rsquo;immobilier prend des traits de plus en plus marqu&eacute;s &ndash; des initiatives telles que la protection du logement &agrave; Gen&egrave;ve et &agrave; B&acirc;le le montrent clairement. Une votation similaire est d&eacute;sormais pr&eacute;vue &agrave; Zurich en 2026. Le SVIT Young Z&uuml;rich, sous la direction d&rsquo;Alban Kaufmann, souhaite &ecirc;tre actif dans ce domaine et apporter sa contribution au cours de la prochaine ann&eacute;e &eacute;lectorale. L&rsquo;objectif est de sensibiliser les jeunes &agrave; long terme aux questions de politique immobili&egrave;re, de leur montrer les cons&eacute;quences des d&eacute;cisions politiques &ndash; et de les motiver &agrave; se rendre aux urnes. Mais int&eacute;resser les jeunes &agrave; la politique n&rsquo;est pas une t&acirc;che facile. Les monologues interminables et les constructions de phrases compliqu&eacute;es ont tendance &agrave; d&eacute;courager. C&rsquo;est pourquoi l&rsquo;association a d&eacute;velopp&eacute; diff&eacute;rents formats pour atteindre la g&eacute;n&eacute;ration Z de mani&egrave;re plus cibl&eacute;e en 2026, ann&eacute;e &eacute;lectorale importante :<\/p>\n\n\n\n\n\n<p class=\"wp-block-paragraph\">a) <strong>&laquo;&nbsp;Polit Battle<\/strong> &nbsp;&raquo; &ndash; la politique en direct &amp; en prise directe<br>Lors des &eacute;v&eacute;nements en direct &laquo;&nbsp;Polit Battle&nbsp;&raquo;, de jeunes hommes et femmes politiques &ndash; partisans et opposants &ndash; s&rsquo;affrontent directement. Les sujets les plus importants sont d&eacute;battus dans des duels verbaux rapides et pointus &agrave; la &laquo;&nbsp;Arena&nbsp;&raquo;, mais plus courts et plus interactifs. Lors de l&rsquo;ap&eacute;ritif qui suit, les politiciens et les invit&eacute;s peuvent discuter personnellement et se forger leur propre opinion.<\/p>\n\n\n\n\n\n<p class=\"wp-block-paragraph\">b) <strong>Jeu politique &laquo;&nbsp;Built&amp;Rent<\/strong> &nbsp;&raquo; &ndash; vivre la politique de mani&egrave;re ludique<br>A partir de 2026, le jeu &laquo;&nbsp;Built&amp;Rent&nbsp;&raquo; permettra de d&eacute;couvrir la pression &agrave; laquelle sont soumis les professionnels de l&rsquo;immobilier et la mani&egrave;re dont les d&eacute;cisions politiques influencent le secteur. Le jeu est activ&eacute; un mois avant chaque vote et propose des classements avec les vainqueurs du jour et de la semaine. L&rsquo;&eacute;ducation politique devient ainsi une exp&eacute;rience interactive.<\/p>\n\n\n\n\n\n<figure class=\"wp-block-image size-large\"><img loading=\"lazy\" decoding=\"async\" width=\"270\" height=\"480\" src=\"https:\/\/www.immo-invest.ch\/wp-content\/uploads\/2025\/11\/Build_and_Rent_start_4K_Text-270x480.png\" alt=\"\" class=\"wp-image-143512\" srcset=\"https:\/\/www.immo-invest.ch\/wp-content\/uploads\/2025\/11\/Build_and_Rent_start_4K_Text-270x480.png 270w, https:\/\/www.immo-invest.ch\/wp-content\/uploads\/2025\/11\/Build_and_Rent_start_4K_Text-195x346.png 195w, https:\/\/www.immo-invest.ch\/wp-content\/uploads\/2025\/11\/Build_and_Rent_start_4K_Text-768x1365.png 768w, https:\/\/www.immo-invest.ch\/wp-content\/uploads\/2025\/11\/Build_and_Rent_start_4K_Text-864x1536.png 864w, https:\/\/www.immo-invest.ch\/wp-content\/uploads\/2025\/11\/Build_and_Rent_start_4K_Text-1152x2048.png 1152w, https:\/\/www.immo-invest.ch\/wp-content\/uploads\/2025\/11\/Build_and_Rent_start_4K_Text-600x1067.png 600w, https:\/\/www.immo-invest.ch\/wp-content\/uploads\/2025\/11\/Build_and_Rent_start_4K_Text-scaled.png 1440w\" sizes=\"auto, (max-width: 270px) 100vw, 270px\"\/><\/figure>\n\n\n\n\n\n<p class=\"wp-block-paragraph\">c) <strong>Politcheck<\/strong> &ndash; Arguments &eacute;lectoraux en bref<br>Avec le d&eacute;pliant d&rsquo;information &laquo;&nbsp;Politcheck&nbsp;&raquo; sous forme num&eacute;rique et haptique, le SVIT Young Z&uuml;rich souhaite fournir un bref aper&ccedil;u des d&eacute;veloppements politiques pertinents et prendre position sur des th&egrave;mes politiques, des votations et des &eacute;lections &agrave; venir. Tous les sujets pr&eacute;sent&eacute;s sont des affaires politiques qui ont une influence directe ou indirecte sur le secteur immobilier.<\/p>\n\n\n\n\n\n<p class=\"wp-block-paragraph\">Actuellement, nous fournissons des informations br&egrave;ves et pointues sur l&rsquo;objet de la votation cantonale &laquo;&nbsp;Le droit de pr&eacute;emption de l&rsquo;&Eacute;tat, garant de plus de logements abordables ?&nbsp;&raquo; avec le contre-projet du canton de Zurich pour le dimanche de la votation du 30 novembre 2025.<\/p>\n\n\n\n\n\n<p class=\"wp-block-paragraph\">Les communes doivent-elles intervenir encore plus dans le commerce immobilier qu&rsquo;elles ne le font d&eacute;j&agrave; ? Qu&rsquo;est-ce qui se cache derri&egrave;re cette demande prometteuse, qui semble &ecirc;tre faite pour apporter une solution &agrave; la p&eacute;nurie actuelle de logements ? Une solution salvatrice pour les besoins urgents en mati&egrave;re de logement ? Ou plut&ocirc;t un acc&eacute;l&eacute;rateur suppl&eacute;mentaire d&rsquo;un march&eacute; immobilier d&eacute;j&agrave; en surchauffe et un destructeur de l&rsquo;argent des contribuables ? Afin d&rsquo;obtenir les r&eacute;ponses n&eacute;cessaires &agrave; ces questions, nous poserons la question &agrave; la d&eacute;put&eacute;e PRD Doris Meier et pr&eacute;senterons ensuite la position de SVIT Young Zurich et SVIT Zurich sur ce projet.<\/p>\n\n\n\n\n\n<p class=\"wp-block-paragraph\">Pour plus d&rsquo;informations, de documents et de dates d&rsquo;organisation, voir :<br><a href=\"https:\/\/www.svit.ch\/de\/svit-zuerich\/politik\">https:\/\/www.svit.ch\/de\/svit-zuerich\/politik<\/a><\/p>\n\n","protected":false},"excerpt":{"rendered":"<p>En 2026, le SVIT Young Zurich lancera une s\u00e9rie de formats destin\u00e9s \u00e0 sensibiliser les jeunes aux questions de politique immobili\u00e8re et \u00e0 les inciter \u00e0 participer aux votes. Gr\u00e2ce \u00e0 des \u00e9v\u00e9nements, des jeux et des informations concises, l&rsquo;association souhaite rendre l&rsquo;\u00e9ducation politique plus accessible et plus concr\u00e8te. L&rsquo;accent est mis sur les d\u00e9cisions qui ont un impact direct sur le march\u00e9 du logement et de l&rsquo;immobilier.<\/p>\n","protected":false},"author":2,"featured_media":143527,"comment_status":"open","ping_status":"open","sticky":false,"template":"","format":"standard","meta":{"pmpro_default_level":"","inline_featured_image":false,"_monsterinsights_skip_tracking":false,"footnotes":""},"categories":[22696,747,22438,4957],"tags":[55310,55311,872,3931,2002,55312],"class_list":["post-143525","post","type-post","status-publish","format-standard","has-post-thumbnail","hentry","category-entreprise","category-promo-fr","category-trends-fr","category-region-zurich","tag-generation-z-politik","tag-immobilienabstimmungen","tag-immoinvest-fr","tag-immonews-fr","tag-news-fr","tag-svit-young-zuerich","pmpro-has-access"],"acf":{"bild_mit_ki_erstellt_worden":"","lead":"En 2026, le SVIT Young Zurich lancera une s\u00e9rie de formats destin\u00e9s \u00e0 sensibiliser les jeunes aux questions de politique immobili\u00e8re et \u00e0 les inciter \u00e0 participer aux votes. Gr\u00e2ce \u00e0 des \u00e9v\u00e9nements, des jeux et des informations concises, l'association souhaite rendre l'\u00e9ducation politique plus accessible et plus concr\u00e8te. L'accent est mis sur les d\u00e9cisions qui ont un impact direct sur le march\u00e9 du logement et de l'immobilier.","autor":"Quelle SVIT Z\u00fcrich","ort":"","bildunterschrift":"","bild_im_grid":false,"gallerie":"","newsim":""},"aioseo_notices":[],"aioseo_head":"\n\t\t<!-- All in One SEO 5.0.0.1 - aioseo.com -->\n\t<meta name=\"description\" content=\"En 2026, le SVIT Young Zurich lancera une s\u00e9rie de formats destin\u00e9s \u00e0 sensibiliser les jeunes aux questions de politique immobili\u00e8re et \u00e0 les inciter \u00e0 participer aux votes. Gr\u00e2ce \u00e0 des \u00e9v\u00e9nements, des jeux et des informations concises, l&#039;association souhaite rendre l&#039;\u00e9ducation politique plus accessible et plus concr\u00e8te. L&#039;accent est mis sur les d\u00e9cisions qui ont un impact direct sur le march\u00e9 du logement et de l&#039;immobilier.\" \/>\n\t<meta name=\"robots\" content=\"max-image-preview:large\" \/>\n\t<meta name=\"author\" content=\"immovestuser\"\/>\n\t<meta name=\"google-site-verification\" content=\"fHJKvgWpZCR2zVBHWfkQeFXC11qieUSff0HGNYfuyLA\" \/>\n\t<link rel=\"canonical\" href=\"https:\/\/www.immo-invest.ch\/fr\/mobilisierung-der-generation-z-an-die-wahlurnen-fuer-immobilienrelevante-abstimmungen-durch-svit-young-zuerich\/\" \/>\n\t<meta name=\"generator\" content=\"All in One SEO (AIOSEO) 5.0.0.1\" \/>\n\t\t<meta property=\"og:locale\" content=\"fr_FR\" \/>\n\t\t<meta property=\"og:site_name\" content=\"immo!nvest - Die Plattform f\u00fcr Standorte und Immobilien - Die\u00a0Plattform f\u00fcr Standorte und Immobilien\" \/>\n\t\t<meta property=\"og:type\" content=\"article\" \/>\n\t\t<meta property=\"og:title\" content=\"Mobilisation de la g\u00e9n\u00e9ration Z aux urnes pour les votes li\u00e9s \u00e0 l\u2019immobilier par SVIT Young Z\u00fcrich - immo!nvest - Die Plattform f\u00fcr Standorte und Immobilien\" \/>\n\t\t<meta property=\"og:description\" content=\"En 2026, le SVIT Young Zurich lancera une s\u00e9rie de formats destin\u00e9s \u00e0 sensibiliser les jeunes aux questions de politique immobili\u00e8re et \u00e0 les inciter \u00e0 participer aux votes. Gr\u00e2ce \u00e0 des \u00e9v\u00e9nements, des jeux et des informations concises, l&#039;association souhaite rendre l&#039;\u00e9ducation politique plus accessible et plus concr\u00e8te. L&#039;accent est mis sur les d\u00e9cisions qui ont un impact direct sur le march\u00e9 du logement et de l&#039;immobilier.\" \/>\n\t\t<meta property=\"og:url\" content=\"https:\/\/www.immo-invest.ch\/fr\/mobilisierung-der-generation-z-an-die-wahlurnen-fuer-immobilienrelevante-abstimmungen-durch-svit-young-zuerich\/\" \/>\n\t\t<meta property=\"og:image\" content=\"https:\/\/www.immo-invest.ch\/wp-content\/uploads\/2025\/11\/Build_and_Rent_start_2x1.jpg\" \/>\n\t\t<meta property=\"og:image:secure_url\" content=\"https:\/\/www.immo-invest.ch\/wp-content\/uploads\/2025\/11\/Build_and_Rent_start_2x1.jpg\" \/>\n\t\t<meta property=\"og:image:width\" content=\"2000\" \/>\n\t\t<meta property=\"og:image:height\" content=\"1000\" \/>\n\t\t<meta property=\"article:published_time\" content=\"2025-11-11T01:00:00+00:00\" \/>\n\t\t<meta property=\"article:modified_time\" content=\"2025-11-10T12:17:40+00:00\" \/>\n\t\t<meta property=\"article:publisher\" content=\"https:\/\/www.facebook.com\/people\/Immoinvest\/100077962920504\/\" \/>\n\t\t<meta name=\"twitter:card\" content=\"summary_large_image\" \/>\n\t\t<meta name=\"twitter:site\" content=\"@i\" \/>\n\t\t<meta name=\"twitter:title\" content=\"Mobilisation de la g\u00e9n\u00e9ration Z aux urnes pour les votes li\u00e9s \u00e0 l\u2019immobilier par SVIT Young Z\u00fcrich - immo!nvest - Die Plattform f\u00fcr Standorte und Immobilien\" \/>\n\t\t<meta name=\"twitter:description\" content=\"En 2026, le SVIT Young Zurich lancera une s\u00e9rie de formats destin\u00e9s \u00e0 sensibiliser les jeunes aux questions de politique immobili\u00e8re et \u00e0 les inciter \u00e0 participer aux votes. Gr\u00e2ce \u00e0 des \u00e9v\u00e9nements, des jeux et des informations concises, l&#039;association souhaite rendre l&#039;\u00e9ducation politique plus accessible et plus concr\u00e8te. L&#039;accent est mis sur les d\u00e9cisions qui ont un impact direct sur le march\u00e9 du logement et de l&#039;immobilier.\" \/>\n\t\t<meta name=\"twitter:creator\" content=\"@i\" \/>\n\t\t<meta name=\"twitter:image\" content=\"https:\/\/www.immo-invest.ch\/wp-content\/uploads\/2025\/11\/Build_and_Rent_start_2x1.jpg\" \/>\n\t\t<script type=\"application\/ld+json\" class=\"aioseo-schema\">\n\t\t\t{\"@context\":\"https:\\\/\\\/schema.org\",\"@graph\":[{\"@type\":\"BlogPosting\",\"@id\":\"https:\\\/\\\/www.immo-invest.ch\\\/fr\\\/mobilisierung-der-generation-z-an-die-wahlurnen-fuer-immobilienrelevante-abstimmungen-durch-svit-young-zuerich\\\/#blogposting\",\"name\":\"Mobilisation de la g\\u00e9n\\u00e9ration Z aux urnes pour les votes li\\u00e9s \\u00e0 l\\u2019immobilier par SVIT Young Z\\u00fcrich - immo!nvest - Die Plattform f\\u00fcr Standorte und Immobilien\",\"headline\":\"Mobilisation de la g\\u00e9n\\u00e9ration Z aux urnes pour les votes li\\u00e9s \\u00e0 l&rsquo;immobilier par SVIT Young Z\\u00fcrich\",\"author\":{\"@id\":\"https:\\\/\\\/www.immo-invest.ch\\\/fr\\\/author\\\/immovestuser\\\/#author\"},\"publisher\":{\"@id\":\"https:\\\/\\\/www.immo-invest.ch\\\/fr\\\/#organization\"},\"image\":{\"@type\":\"ImageObject\",\"url\":\"https:\\\/\\\/www.immo-invest.ch\\\/wp-content\\\/uploads\\\/2025\\\/11\\\/Build_and_Rent_start_2x1.jpg\",\"width\":2000,\"height\":1000},\"datePublished\":\"2025-11-11T02:00:00+01:00\",\"dateModified\":\"2025-11-10T13:17:40+01:00\",\"inLanguage\":\"fr-FR\",\"mainEntityOfPage\":{\"@id\":\"https:\\\/\\\/www.immo-invest.ch\\\/fr\\\/mobilisierung-der-generation-z-an-die-wahlurnen-fuer-immobilienrelevante-abstimmungen-durch-svit-young-zuerich\\\/#webpage\"},\"isPartOf\":{\"@id\":\"https:\\\/\\\/www.immo-invest.ch\\\/fr\\\/mobilisierung-der-generation-z-an-die-wahlurnen-fuer-immobilienrelevante-abstimmungen-durch-svit-young-zuerich\\\/#webpage\"},\"articleSection\":\"Entreprise, Promo, Trends, Zurich, Generation Z Politik, Immobilienabstimmungen, Immoinvest, immoNews, News, SVIT Young Z\\u00fcrich, Facultatif\"},{\"@type\":\"BreadcrumbList\",\"@id\":\"https:\\\/\\\/www.immo-invest.ch\\\/fr\\\/mobilisierung-der-generation-z-an-die-wahlurnen-fuer-immobilienrelevante-abstimmungen-durch-svit-young-zuerich\\\/#breadcrumblist\",\"itemListElement\":[{\"@type\":\"ListItem\",\"@id\":\"https:\\\/\\\/www.immo-invest.ch\\\/fr\\\/#listItem\",\"position\":1,\"name\":\"Home\",\"item\":\"https:\\\/\\\/www.immo-invest.ch\\\/fr\\\/\",\"nextItem\":{\"@type\":\"ListItem\",\"@id\":\"https:\\\/\\\/www.immo-invest.ch\\\/fr\\\/categories\\\/regions\\\/#listItem\",\"name\":\"R\\u00e9gions\"}},{\"@type\":\"ListItem\",\"@id\":\"https:\\\/\\\/www.immo-invest.ch\\\/fr\\\/categories\\\/regions\\\/#listItem\",\"position\":2,\"name\":\"R\\u00e9gions\",\"item\":\"https:\\\/\\\/www.immo-invest.ch\\\/fr\\\/categories\\\/regions\\\/\",\"nextItem\":{\"@type\":\"ListItem\",\"@id\":\"https:\\\/\\\/www.immo-invest.ch\\\/fr\\\/categories\\\/regions\\\/suisse\\\/#listItem\",\"name\":\"Suisse\"},\"previousItem\":{\"@type\":\"ListItem\",\"@id\":\"https:\\\/\\\/www.immo-invest.ch\\\/fr\\\/#listItem\",\"name\":\"Home\"}},{\"@type\":\"ListItem\",\"@id\":\"https:\\\/\\\/www.immo-invest.ch\\\/fr\\\/categories\\\/regions\\\/suisse\\\/#listItem\",\"position\":3,\"name\":\"Suisse\",\"item\":\"https:\\\/\\\/www.immo-invest.ch\\\/fr\\\/categories\\\/regions\\\/suisse\\\/\",\"nextItem\":{\"@type\":\"ListItem\",\"@id\":\"https:\\\/\\\/www.immo-invest.ch\\\/fr\\\/categories\\\/regions\\\/suisse\\\/region-zurich\\\/#listItem\",\"name\":\"Zurich\"},\"previousItem\":{\"@type\":\"ListItem\",\"@id\":\"https:\\\/\\\/www.immo-invest.ch\\\/fr\\\/categories\\\/regions\\\/#listItem\",\"name\":\"R\\u00e9gions\"}},{\"@type\":\"ListItem\",\"@id\":\"https:\\\/\\\/www.immo-invest.ch\\\/fr\\\/categories\\\/regions\\\/suisse\\\/region-zurich\\\/#listItem\",\"position\":4,\"name\":\"Zurich\",\"item\":\"https:\\\/\\\/www.immo-invest.ch\\\/fr\\\/categories\\\/regions\\\/suisse\\\/region-zurich\\\/\",\"nextItem\":{\"@type\":\"ListItem\",\"@id\":\"https:\\\/\\\/www.immo-invest.ch\\\/fr\\\/mobilisierung-der-generation-z-an-die-wahlurnen-fuer-immobilienrelevante-abstimmungen-durch-svit-young-zuerich\\\/#listItem\",\"name\":\"Mobilisation de la g\\u00e9n\\u00e9ration Z aux urnes pour les votes li\\u00e9s \\u00e0 l&rsquo;immobilier par SVIT Young Z\\u00fcrich\"},\"previousItem\":{\"@type\":\"ListItem\",\"@id\":\"https:\\\/\\\/www.immo-invest.ch\\\/fr\\\/categories\\\/regions\\\/suisse\\\/#listItem\",\"name\":\"Suisse\"}},{\"@type\":\"ListItem\",\"@id\":\"https:\\\/\\\/www.immo-invest.ch\\\/fr\\\/mobilisierung-der-generation-z-an-die-wahlurnen-fuer-immobilienrelevante-abstimmungen-durch-svit-young-zuerich\\\/#listItem\",\"position\":5,\"name\":\"Mobilisation de la g\\u00e9n\\u00e9ration Z aux urnes pour les votes li\\u00e9s \\u00e0 l&rsquo;immobilier par SVIT Young Z\\u00fcrich\",\"previousItem\":{\"@type\":\"ListItem\",\"@id\":\"https:\\\/\\\/www.immo-invest.ch\\\/fr\\\/categories\\\/regions\\\/suisse\\\/region-zurich\\\/#listItem\",\"name\":\"Zurich\"}}]},{\"@type\":\"Organization\",\"@id\":\"https:\\\/\\\/www.immo-invest.ch\\\/fr\\\/#organization\",\"name\":\"immo!nvest - Die Plattform f\\u00fcr Standorte und Immobilien\",\"description\":\"Die\\u00a0Plattform f\\u00fcr Standorte und Immobilien\",\"url\":\"https:\\\/\\\/www.immo-invest.ch\\\/fr\\\/\",\"email\":\"admin@immomedia.ag\",\"telephone\":\"+41444420002\",\"logo\":{\"@type\":\"ImageObject\",\"url\":\"https:\\\/\\\/www.immo-invest.ch\\\/wp-content\\\/uploads\\\/2024\\\/09\\\/immoinvest_sm-scaled.jpg\",\"@id\":\"https:\\\/\\\/www.immo-invest.ch\\\/fr\\\/mobilisierung-der-generation-z-an-die-wahlurnen-fuer-immobilienrelevante-abstimmungen-durch-svit-young-zuerich\\\/#organizationLogo\",\"width\":2560,\"height\":1340},\"image\":{\"@id\":\"https:\\\/\\\/www.immo-invest.ch\\\/fr\\\/mobilisierung-der-generation-z-an-die-wahlurnen-fuer-immobilienrelevante-abstimmungen-durch-svit-young-zuerich\\\/#organizationLogo\"},\"sameAs\":[\"https:\\\/\\\/www.facebook.com\\\/people\\\/Immoinvest\\\/100077962920504\\\/\",\"https:\\\/\\\/x.com\\\/i\\\/flow\\\/login?redirect_after_login=immoinvest_ch\",\"https:\\\/\\\/www.instagram.com\\\/immoinvest_ch\\\/\",\"https:\\\/\\\/www.linkedin.com\\\/company\\\/immoinvest-swiss\"]},{\"@type\":\"Person\",\"@id\":\"https:\\\/\\\/www.immo-invest.ch\\\/fr\\\/author\\\/immovestuser\\\/#author\",\"url\":\"https:\\\/\\\/www.immo-invest.ch\\\/fr\\\/author\\\/immovestuser\\\/\",\"name\":\"immovestuser\",\"image\":{\"@type\":\"ImageObject\",\"@id\":\"https:\\\/\\\/www.immo-invest.ch\\\/fr\\\/mobilisierung-der-generation-z-an-die-wahlurnen-fuer-immobilienrelevante-abstimmungen-durch-svit-young-zuerich\\\/#authorImage\",\"url\":\"https:\\\/\\\/secure.gravatar.com\\\/avatar\\\/8e01f4d99f2eeea7a362ebb93305e1172a70e9293ba250f897a65c39f54cdd1e?s=96&d=mm&r=g\",\"width\":96,\"height\":96,\"caption\":\"immovestuser\"}},{\"@type\":\"WebPage\",\"@id\":\"https:\\\/\\\/www.immo-invest.ch\\\/fr\\\/mobilisierung-der-generation-z-an-die-wahlurnen-fuer-immobilienrelevante-abstimmungen-durch-svit-young-zuerich\\\/#webpage\",\"url\":\"https:\\\/\\\/www.immo-invest.ch\\\/fr\\\/mobilisierung-der-generation-z-an-die-wahlurnen-fuer-immobilienrelevante-abstimmungen-durch-svit-young-zuerich\\\/\",\"name\":\"Mobilisation de la g\\u00e9n\\u00e9ration Z aux urnes pour les votes li\\u00e9s \\u00e0 l\\u2019immobilier par SVIT Young Z\\u00fcrich - immo!nvest - Die Plattform f\\u00fcr Standorte und Immobilien\",\"description\":\"En 2026, le SVIT Young Zurich lancera une s\\u00e9rie de formats destin\\u00e9s \\u00e0 sensibiliser les jeunes aux questions de politique immobili\\u00e8re et \\u00e0 les inciter \\u00e0 participer aux votes. Gr\\u00e2ce \\u00e0 des \\u00e9v\\u00e9nements, des jeux et des informations concises, l'association souhaite rendre l'\\u00e9ducation politique plus accessible et plus concr\\u00e8te. L'accent est mis sur les d\\u00e9cisions qui ont un impact direct sur le march\\u00e9 du logement et de l'immobilier.\",\"inLanguage\":\"fr-FR\",\"isPartOf\":{\"@id\":\"https:\\\/\\\/www.immo-invest.ch\\\/fr\\\/#website\"},\"breadcrumb\":{\"@id\":\"https:\\\/\\\/www.immo-invest.ch\\\/fr\\\/mobilisierung-der-generation-z-an-die-wahlurnen-fuer-immobilienrelevante-abstimmungen-durch-svit-young-zuerich\\\/#breadcrumblist\"},\"author\":{\"@id\":\"https:\\\/\\\/www.immo-invest.ch\\\/fr\\\/author\\\/immovestuser\\\/#author\"},\"creator\":{\"@id\":\"https:\\\/\\\/www.immo-invest.ch\\\/fr\\\/author\\\/immovestuser\\\/#author\"},\"image\":{\"@type\":\"ImageObject\",\"url\":\"https:\\\/\\\/www.immo-invest.ch\\\/wp-content\\\/uploads\\\/2025\\\/11\\\/Build_and_Rent_start_2x1.jpg\",\"@id\":\"https:\\\/\\\/www.immo-invest.ch\\\/fr\\\/mobilisierung-der-generation-z-an-die-wahlurnen-fuer-immobilienrelevante-abstimmungen-durch-svit-young-zuerich\\\/#mainImage\",\"width\":2000,\"height\":1000},\"primaryImageOfPage\":{\"@id\":\"https:\\\/\\\/www.immo-invest.ch\\\/fr\\\/mobilisierung-der-generation-z-an-die-wahlurnen-fuer-immobilienrelevante-abstimmungen-durch-svit-young-zuerich\\\/#mainImage\"},\"datePublished\":\"2025-11-11T02:00:00+01:00\",\"dateModified\":\"2025-11-10T13:17:40+01:00\"},{\"@type\":\"WebSite\",\"@id\":\"https:\\\/\\\/www.immo-invest.ch\\\/fr\\\/#website\",\"url\":\"https:\\\/\\\/www.immo-invest.ch\\\/fr\\\/\",\"name\":\"immo!nvest - Die Plattform f\\u00fcr Standorte und Immobilien\",\"description\":\"Die\\u00a0Plattform f\\u00fcr Standorte und Immobilien\",\"inLanguage\":\"fr-FR\",\"publisher\":{\"@id\":\"https:\\\/\\\/www.immo-invest.ch\\\/fr\\\/#organization\"}}]}\n\t\t<\/script>\n\t\t<!-- All in One SEO -->\n\n","aioseo_head_json":{"title":"Mobilisation de la g\u00e9n\u00e9ration Z aux urnes pour les votes li\u00e9s \u00e0 l\u2019immobilier par SVIT Young Z\u00fcrich - immo!nvest - Die Plattform f\u00fcr Standorte und Immobilien","description":"En 2026, le SVIT Young Zurich lancera une s\u00e9rie de formats destin\u00e9s \u00e0 sensibiliser les jeunes aux questions de politique immobili\u00e8re et \u00e0 les inciter \u00e0 participer aux votes. Gr\u00e2ce \u00e0 des \u00e9v\u00e9nements, des jeux et des informations concises, l'association souhaite rendre l'\u00e9ducation politique plus accessible et plus concr\u00e8te. L'accent est mis sur les d\u00e9cisions qui ont un impact direct sur le march\u00e9 du logement et de l'immobilier.","canonical_url":"https:\/\/www.immo-invest.ch\/fr\/mobilisierung-der-generation-z-an-die-wahlurnen-fuer-immobilienrelevante-abstimmungen-durch-svit-young-zuerich\/","robots":"max-image-preview:large","keywords":"","webmasterTools":{"google-site-verification":"fHJKvgWpZCR2zVBHWfkQeFXC11qieUSff0HGNYfuyLA","miscellaneous":""},"schema":{"@context":"https:\/\/schema.org","@graph":[{"@type":"BlogPosting","@id":"https:\/\/www.immo-invest.ch\/fr\/mobilisierung-der-generation-z-an-die-wahlurnen-fuer-immobilienrelevante-abstimmungen-durch-svit-young-zuerich\/#blogposting","name":"Mobilisation de la g\u00e9n\u00e9ration Z aux urnes pour les votes li\u00e9s \u00e0 l\u2019immobilier par SVIT Young Z\u00fcrich - immo!nvest - Die Plattform f\u00fcr Standorte und Immobilien","headline":"Mobilisation de la g\u00e9n\u00e9ration Z aux urnes pour les votes li\u00e9s \u00e0 l&rsquo;immobilier par SVIT Young Z\u00fcrich","author":{"@id":"https:\/\/www.immo-invest.ch\/fr\/author\/immovestuser\/#author"},"publisher":{"@id":"https:\/\/www.immo-invest.ch\/fr\/#organization"},"image":{"@type":"ImageObject","url":"https:\/\/www.immo-invest.ch\/wp-content\/uploads\/2025\/11\/Build_and_Rent_start_2x1.jpg","width":2000,"height":1000},"datePublished":"2025-11-11T02:00:00+01:00","dateModified":"2025-11-10T13:17:40+01:00","inLanguage":"fr-FR","mainEntityOfPage":{"@id":"https:\/\/www.immo-invest.ch\/fr\/mobilisierung-der-generation-z-an-die-wahlurnen-fuer-immobilienrelevante-abstimmungen-durch-svit-young-zuerich\/#webpage"},"isPartOf":{"@id":"https:\/\/www.immo-invest.ch\/fr\/mobilisierung-der-generation-z-an-die-wahlurnen-fuer-immobilienrelevante-abstimmungen-durch-svit-young-zuerich\/#webpage"},"articleSection":"Entreprise, Promo, Trends, Zurich, Generation Z Politik, Immobilienabstimmungen, Immoinvest, immoNews, News, SVIT Young Z\u00fcrich, Facultatif"},{"@type":"BreadcrumbList","@id":"https:\/\/www.immo-invest.ch\/fr\/mobilisierung-der-generation-z-an-die-wahlurnen-fuer-immobilienrelevante-abstimmungen-durch-svit-young-zuerich\/#breadcrumblist","itemListElement":[{"@type":"ListItem","@id":"https:\/\/www.immo-invest.ch\/fr\/#listItem","position":1,"name":"Home","item":"https:\/\/www.immo-invest.ch\/fr\/","nextItem":{"@type":"ListItem","@id":"https:\/\/www.immo-invest.ch\/fr\/categories\/regions\/#listItem","name":"R\u00e9gions"}},{"@type":"ListItem","@id":"https:\/\/www.immo-invest.ch\/fr\/categories\/regions\/#listItem","position":2,"name":"R\u00e9gions","item":"https:\/\/www.immo-invest.ch\/fr\/categories\/regions\/","nextItem":{"@type":"ListItem","@id":"https:\/\/www.immo-invest.ch\/fr\/categories\/regions\/suisse\/#listItem","name":"Suisse"},"previousItem":{"@type":"ListItem","@id":"https:\/\/www.immo-invest.ch\/fr\/#listItem","name":"Home"}},{"@type":"ListItem","@id":"https:\/\/www.immo-invest.ch\/fr\/categories\/regions\/suisse\/#listItem","position":3,"name":"Suisse","item":"https:\/\/www.immo-invest.ch\/fr\/categories\/regions\/suisse\/","nextItem":{"@type":"ListItem","@id":"https:\/\/www.immo-invest.ch\/fr\/categories\/regions\/suisse\/region-zurich\/#listItem","name":"Zurich"},"previousItem":{"@type":"ListItem","@id":"https:\/\/www.immo-invest.ch\/fr\/categories\/regions\/#listItem","name":"R\u00e9gions"}},{"@type":"ListItem","@id":"https:\/\/www.immo-invest.ch\/fr\/categories\/regions\/suisse\/region-zurich\/#listItem","position":4,"name":"Zurich","item":"https:\/\/www.immo-invest.ch\/fr\/categories\/regions\/suisse\/region-zurich\/","nextItem":{"@type":"ListItem","@id":"https:\/\/www.immo-invest.ch\/fr\/mobilisierung-der-generation-z-an-die-wahlurnen-fuer-immobilienrelevante-abstimmungen-durch-svit-young-zuerich\/#listItem","name":"Mobilisation de la g\u00e9n\u00e9ration Z aux urnes pour les votes li\u00e9s \u00e0 l&rsquo;immobilier par SVIT Young Z\u00fcrich"},"previousItem":{"@type":"ListItem","@id":"https:\/\/www.immo-invest.ch\/fr\/categories\/regions\/suisse\/#listItem","name":"Suisse"}},{"@type":"ListItem","@id":"https:\/\/www.immo-invest.ch\/fr\/mobilisierung-der-generation-z-an-die-wahlurnen-fuer-immobilienrelevante-abstimmungen-durch-svit-young-zuerich\/#listItem","position":5,"name":"Mobilisation de la g\u00e9n\u00e9ration Z aux urnes pour les votes li\u00e9s \u00e0 l&rsquo;immobilier par SVIT Young Z\u00fcrich","previousItem":{"@type":"ListItem","@id":"https:\/\/www.immo-invest.ch\/fr\/categories\/regions\/suisse\/region-zurich\/#listItem","name":"Zurich"}}]},{"@type":"Organization","@id":"https:\/\/www.immo-invest.ch\/fr\/#organization","name":"immo!nvest - Die Plattform f\u00fcr Standorte und Immobilien","description":"Die\u00a0Plattform f\u00fcr Standorte und Immobilien","url":"https:\/\/www.immo-invest.ch\/fr\/","email":"admin@immomedia.ag","telephone":"+41444420002","logo":{"@type":"ImageObject","url":"https:\/\/www.immo-invest.ch\/wp-content\/uploads\/2024\/09\/immoinvest_sm-scaled.jpg","@id":"https:\/\/www.immo-invest.ch\/fr\/mobilisierung-der-generation-z-an-die-wahlurnen-fuer-immobilienrelevante-abstimmungen-durch-svit-young-zuerich\/#organizationLogo","width":2560,"height":1340},"image":{"@id":"https:\/\/www.immo-invest.ch\/fr\/mobilisierung-der-generation-z-an-die-wahlurnen-fuer-immobilienrelevante-abstimmungen-durch-svit-young-zuerich\/#organizationLogo"},"sameAs":["https:\/\/www.facebook.com\/people\/Immoinvest\/100077962920504\/","https:\/\/x.com\/i\/flow\/login?redirect_after_login=immoinvest_ch","https:\/\/www.instagram.com\/immoinvest_ch\/","https:\/\/www.linkedin.com\/company\/immoinvest-swiss"]},{"@type":"Person","@id":"https:\/\/www.immo-invest.ch\/fr\/author\/immovestuser\/#author","url":"https:\/\/www.immo-invest.ch\/fr\/author\/immovestuser\/","name":"immovestuser","image":{"@type":"ImageObject","@id":"https:\/\/www.immo-invest.ch\/fr\/mobilisierung-der-generation-z-an-die-wahlurnen-fuer-immobilienrelevante-abstimmungen-durch-svit-young-zuerich\/#authorImage","url":"https:\/\/secure.gravatar.com\/avatar\/8e01f4d99f2eeea7a362ebb93305e1172a70e9293ba250f897a65c39f54cdd1e?s=96&d=mm&r=g","width":96,"height":96,"caption":"immovestuser"}},{"@type":"WebPage","@id":"https:\/\/www.immo-invest.ch\/fr\/mobilisierung-der-generation-z-an-die-wahlurnen-fuer-immobilienrelevante-abstimmungen-durch-svit-young-zuerich\/#webpage","url":"https:\/\/www.immo-invest.ch\/fr\/mobilisierung-der-generation-z-an-die-wahlurnen-fuer-immobilienrelevante-abstimmungen-durch-svit-young-zuerich\/","name":"Mobilisation de la g\u00e9n\u00e9ration Z aux urnes pour les votes li\u00e9s \u00e0 l\u2019immobilier par SVIT Young Z\u00fcrich - immo!nvest - Die Plattform f\u00fcr Standorte und Immobilien","description":"En 2026, le SVIT Young Zurich lancera une s\u00e9rie de formats destin\u00e9s \u00e0 sensibiliser les jeunes aux questions de politique immobili\u00e8re et \u00e0 les inciter \u00e0 participer aux votes. Gr\u00e2ce \u00e0 des \u00e9v\u00e9nements, des jeux et des informations concises, l'association souhaite rendre l'\u00e9ducation politique plus accessible et plus concr\u00e8te. L'accent est mis sur les d\u00e9cisions qui ont un impact direct sur le march\u00e9 du logement et de l'immobilier.","inLanguage":"fr-FR","isPartOf":{"@id":"https:\/\/www.immo-invest.ch\/fr\/#website"},"breadcrumb":{"@id":"https:\/\/www.immo-invest.ch\/fr\/mobilisierung-der-generation-z-an-die-wahlurnen-fuer-immobilienrelevante-abstimmungen-durch-svit-young-zuerich\/#breadcrumblist"},"author":{"@id":"https:\/\/www.immo-invest.ch\/fr\/author\/immovestuser\/#author"},"creator":{"@id":"https:\/\/www.immo-invest.ch\/fr\/author\/immovestuser\/#author"},"image":{"@type":"ImageObject","url":"https:\/\/www.immo-invest.ch\/wp-content\/uploads\/2025\/11\/Build_and_Rent_start_2x1.jpg","@id":"https:\/\/www.immo-invest.ch\/fr\/mobilisierung-der-generation-z-an-die-wahlurnen-fuer-immobilienrelevante-abstimmungen-durch-svit-young-zuerich\/#mainImage","width":2000,"height":1000},"primaryImageOfPage":{"@id":"https:\/\/www.immo-invest.ch\/fr\/mobilisierung-der-generation-z-an-die-wahlurnen-fuer-immobilienrelevante-abstimmungen-durch-svit-young-zuerich\/#mainImage"},"datePublished":"2025-11-11T02:00:00+01:00","dateModified":"2025-11-10T13:17:40+01:00"},{"@type":"WebSite","@id":"https:\/\/www.immo-invest.ch\/fr\/#website","url":"https:\/\/www.immo-invest.ch\/fr\/","name":"immo!nvest - Die Plattform f\u00fcr Standorte und Immobilien","description":"Die\u00a0Plattform f\u00fcr Standorte und Immobilien","inLanguage":"fr-FR","publisher":{"@id":"https:\/\/www.immo-invest.ch\/fr\/#organization"}}]},"og:locale":"fr_FR","og:site_name":"immo!nvest - Die Plattform f\u00fcr Standorte und Immobilien - Die\u00a0Plattform f\u00fcr Standorte und Immobilien","og:type":"article","og:title":"Mobilisation de la g\u00e9n\u00e9ration Z aux urnes pour les votes li\u00e9s \u00e0 l\u2019immobilier par SVIT Young Z\u00fcrich - immo!nvest - Die Plattform f\u00fcr Standorte und Immobilien","og:description":"En 2026, le SVIT Young Zurich lancera une s\u00e9rie de formats destin\u00e9s \u00e0 sensibiliser les jeunes aux questions de politique immobili\u00e8re et \u00e0 les inciter \u00e0 participer aux votes. Gr\u00e2ce \u00e0 des \u00e9v\u00e9nements, des jeux et des informations concises, l'association souhaite rendre l'\u00e9ducation politique plus accessible et plus concr\u00e8te. L'accent est mis sur les d\u00e9cisions qui ont un impact direct sur le march\u00e9 du logement et de l'immobilier.","og:url":"https:\/\/www.immo-invest.ch\/fr\/mobilisierung-der-generation-z-an-die-wahlurnen-fuer-immobilienrelevante-abstimmungen-durch-svit-young-zuerich\/","og:image":"https:\/\/www.immo-invest.ch\/wp-content\/uploads\/2025\/11\/Build_and_Rent_start_2x1.jpg","og:image:secure_url":"https:\/\/www.immo-invest.ch\/wp-content\/uploads\/2025\/11\/Build_and_Rent_start_2x1.jpg","og:image:width":2000,"og:image:height":1000,"article:published_time":"2025-11-11T01:00:00+00:00","article:modified_time":"2025-11-10T12:17:40+00:00","article:publisher":"https:\/\/www.facebook.com\/people\/Immoinvest\/100077962920504\/","twitter:card":"summary_large_image","twitter:site":"@i","twitter:title":"Mobilisation de la g\u00e9n\u00e9ration Z aux urnes pour les votes li\u00e9s \u00e0 l\u2019immobilier par SVIT Young Z\u00fcrich - immo!nvest - Die Plattform f\u00fcr Standorte und Immobilien","twitter:description":"En 2026, le SVIT Young Zurich lancera une s\u00e9rie de formats destin\u00e9s \u00e0 sensibiliser les jeunes aux questions de politique immobili\u00e8re et \u00e0 les inciter \u00e0 participer aux votes. Gr\u00e2ce \u00e0 des \u00e9v\u00e9nements, des jeux et des informations concises, l'association souhaite rendre l'\u00e9ducation politique plus accessible et plus concr\u00e8te. L'accent est mis sur les d\u00e9cisions qui ont un impact direct sur le march\u00e9 du logement et de l'immobilier.","twitter:creator":"@i","twitter:image":"https:\/\/www.immo-invest.ch\/wp-content\/uploads\/2025\/11\/Build_and_Rent_start_2x1.jpg"},"aioseo_meta_data":{"post_id":"143525","title":null,"description":null,"keywords":null,"keyphrases":{"focus":{"keyphrase":"","score":0,"analysis":{"keyphraseInTitle":{"score":0,"maxScore":9,"error":1}}},"additional":[]},"primary_term":null,"canonical_url":null,"og_title":null,"og_description":null,"og_object_type":"default","og_image_type":"default","og_image_url":null,"og_image_width":null,"og_image_height":null,"og_image_custom_url":null,"og_image_custom_fields":null,"og_video":"","og_custom_url":null,"og_article_section":null,"og_article_tags":null,"twitter_use_og":false,"twitter_card":"default","twitter_image_type":"default","twitter_image_url":null,"twitter_image_custom_url":null,"twitter_image_custom_fields":null,"twitter_title":null,"twitter_description":null,"schema":{"blockGraphs":[],"customGraphs":[],"default":{"data":{"Article":[],"Course":[],"Dataset":[],"FAQPage":[],"Movie":[],"Person":[],"Product":[],"ProductReview":[],"Car":[],"Recipe":[],"Service":[],"SoftwareApplication":[],"WebPage":[]},"graphName":"BlogPosting","isEnabled":true},"graphs":[]},"schema_type":"default","schema_type_options":null,"pillar_content":false,"robots_default":true,"robots_noindex":false,"robots_noarchive":false,"robots_nosnippet":false,"robots_nofollow":false,"robots_noimageindex":false,"robots_noodp":false,"robots_notranslate":false,"robots_max_snippet":"-1","robots_max_videopreview":"-1","robots_max_imagepreview":"large","priority":null,"frequency":"default","local_seo":null,"breadcrumb_settings":null,"limit_modified_date":false,"ai":{"faqs":[],"keyPoints":[],"titles":[],"descriptions":[],"socialPosts":{"email":[],"linkedin":[],"twitter":[],"facebook":[],"instagram":[]}},"created":"2025-11-10 12:17:40","updated":"2025-11-11 01:09:46","seo_analyzer_scan_date":null,"focus_keyword":null,"additional_keywords":null,"truseo_locale":null},"aioseo_breadcrumb":"<div class=\"aioseo-breadcrumbs\"><span class=\"aioseo-breadcrumb\">\n\t\t\t<a href=\"https:\/\/www.immo-invest.ch\/fr\/\" title=\"Home\">Home<\/a>\n\t\t<\/span><span class=\"aioseo-breadcrumb-separator\">&raquo;<\/span><span class=\"aioseo-breadcrumb\">\n\t\t\t<a href=\"https:\/\/www.immo-invest.ch\/fr\/categories\/regions\/\" title=\"R\u00e9gions\">R\u00e9gions<\/a>\n\t\t<\/span><span class=\"aioseo-breadcrumb-separator\">&raquo;<\/span><span class=\"aioseo-breadcrumb\">\n\t\t\t<a href=\"https:\/\/www.immo-invest.ch\/fr\/categories\/regions\/suisse\/\" title=\"Suisse\">Suisse<\/a>\n\t\t<\/span><span class=\"aioseo-breadcrumb-separator\">&raquo;<\/span><span class=\"aioseo-breadcrumb\">\n\t\t\t<a href=\"https:\/\/www.immo-invest.ch\/fr\/categories\/regions\/suisse\/region-zurich\/\" title=\"Zurich\">Zurich<\/a>\n\t\t<\/span><span class=\"aioseo-breadcrumb-separator\">&raquo;<\/span><span class=\"aioseo-breadcrumb\">\n\t\t\tMobilisation de la g\u00e9n\u00e9ration Z aux urnes pour les votes li\u00e9s \u00e0 l\u2019immobilier par SVIT Young Z\u00fcrich\n\t\t<\/span><\/div>","aioseo_breadcrumb_json":[{"label":"Home","link":"https:\/\/www.immo-invest.ch\/fr\/"},{"label":"R\u00e9gions","link":"https:\/\/www.immo-invest.ch\/fr\/categories\/regions\/"},{"label":"Suisse","link":"https:\/\/www.immo-invest.ch\/fr\/categories\/regions\/suisse\/"},{"label":"Zurich","link":"https:\/\/www.immo-invest.ch\/fr\/categories\/regions\/suisse\/region-zurich\/"},{"label":"Mobilisation de la g\u00e9n\u00e9ration Z aux urnes pour les votes li\u00e9s \u00e0 l&rsquo;immobilier par SVIT Young Z\u00fcrich","link":"https:\/\/www.immo-invest.ch\/fr\/mobilisierung-der-generation-z-an-die-wahlurnen-fuer-immobilienrelevante-abstimmungen-durch-svit-young-zuerich\/"}],"featured_image_src":"https:\/\/www.immo-invest.ch\/wp-content\/uploads\/2025\/11\/Build_and_Rent_start_2x1-336x168.jpg","_links":{"self":[{"href":"https:\/\/www.immo-invest.ch\/fr\/wp-json\/wp\/v2\/posts\/143525","targetHints":{"allow":["GET"]}}],"collection":[{"href":"https:\/\/www.immo-invest.ch\/fr\/wp-json\/wp\/v2\/posts"}],"about":[{"href":"https:\/\/www.immo-invest.ch\/fr\/wp-json\/wp\/v2\/types\/post"}],"author":[{"embeddable":true,"href":"https:\/\/www.immo-invest.ch\/fr\/wp-json\/wp\/v2\/users\/2"}],"replies":[{"embeddable":true,"href":"https:\/\/www.immo-invest.ch\/fr\/wp-json\/wp\/v2\/comments?post=143525"}],"version-history":[{"count":0,"href":"https:\/\/www.immo-invest.ch\/fr\/wp-json\/wp\/v2\/posts\/143525\/revisions"}],"wp:featuredmedia":[{"embeddable":true,"href":"https:\/\/www.immo-invest.ch\/fr\/wp-json\/wp\/v2\/media\/143527"}],"wp:attachment":[{"href":"https:\/\/www.immo-invest.ch\/fr\/wp-json\/wp\/v2\/media?parent=143525"}],"wp:term":[{"taxonomy":"category","embeddable":true,"href":"https:\/\/www.immo-invest.ch\/fr\/wp-json\/wp\/v2\/categories?post=143525"},{"taxonomy":"post_tag","embeddable":true,"href":"https:\/\/www.immo-invest.ch\/fr\/wp-json\/wp\/v2\/tags?post=143525"}],"curies":[{"name":"wp","href":"https:\/\/api.w.org\/{rel}","templated":true}]}}