{"id":143256,"date":"2025-11-07T08:20:00","date_gmt":"2025-11-07T07:20:00","guid":{"rendered":"https:\/\/www.immo-invest.ch\/?p=143256"},"modified":"2025-11-06T08:28:44","modified_gmt":"2025-11-06T07:28:44","slug":"weiterbildung-fuer-moderne-brandschutzkompetenzen","status":"publish","type":"post","link":"https:\/\/www.immo-invest.ch\/fr\/weiterbildung-fuer-moderne-brandschutzkompetenzen\/","title":{"rendered":"Formation continue pour des comp\u00e9tences modernes en mati\u00e8re de s\u00e9curit\u00e9 incendie"},"content":{"rendered":"<p class=\"bodytext\"><!--StartFragment -->\n<\/p>\n<p class=\"bodytext\">L&rsquo;<a href=\"https:\/\/afc-akademie.ch\/\" target=\"_blank\" rel=\"noopener\">Acad&eacute;mie AFC<\/a>, situ&eacute;e dans le <a href=\"https:\/\/www.technopark.ch\/\" target=\"_blank\" rel=\"noopener\">Technopark de Zurich<\/a> et leader, selon ses propres indications, dans la formation et la formation continue dans les domaines de la protection incendie, de la s&eacute;curit&eacute; et de la technique du b&acirc;timent, a d&eacute;velopp&eacute; le <a href=\"https:\/\/afc-akademie.ch\/brandschutz\/seminare-zertifikatsverlaengerung\/\" target=\"_blank\" rel=\"noopener\">concept de recyclage BSV 2026<\/a> qui, selon un communiqu&eacute;, pr&eacute;pare les sp&eacute;cialistes aux nouvelles prescriptions de protection incendie BSV 2026.<\/p>\n<p class=\"bodytext\">Dans le module A de la formation continue, l&rsquo;Acad&eacute;mie donne un aper&ccedil;u des principales nouveaut&eacute;s de la BSV 2026 au niveau des sp&eacute;cialistes de la protection incendie et s&rsquo;exerce &agrave; &eacute;tablir des plans et des concepts conformes aux prescriptions. En revanche, le module B, au niveau des experts en protection incendie, enseigne l&rsquo;application pratique des nouvelles exigences et des m&eacute;thodes de documentation.<\/p>\n<p class=\"bodytext\">Selon l&rsquo;Acad&eacute;mie AFC, les nouvelles prescriptions de protection incendie BSV 2026 marquent un changement fondamental dans la protection incendie suisse et augmentent consid&eacute;rablement les exigences. Les preuves bas&eacute;es sur le risque remplacent ainsi les solutions standard et rendent indispensables des connaissances approfondies sur les contextes structurels, techniques et organisationnels. La protection incendie devenant une partie int&eacute;grante de l&rsquo;architecture, de l&rsquo;utilisation, de l&rsquo;exploitation et de la technique, il est n&eacute;cessaire de travailler ensemble &agrave; tous ces niveaux &ndash; la pens&eacute;e interdisciplinaire devient donc d&eacute;cisive, selon l&rsquo;Acad&eacute;mie. A l&rsquo;avenir, il faudra en outre communiquer clairement : les exigences concr&egrave;tes en mati&egrave;re de documentation, d&rsquo;assurance qualit&eacute; et d&rsquo;ex&eacute;cution doivent &ecirc;tre clairement communiqu&eacute;es aux ma&icirc;tres d&rsquo;ouvrage, aux autorit&eacute;s et aux partenaires de projet.<\/p>\n<p class=\"bodytext\">L&rsquo;Acad&eacute;mie AFC propose depuis 2016 des programmes de formation en protection incendie, construction durable, s&eacute;curit&eacute; et technique du b&acirc;timent.<\/p>\n<p class=\"bodytext\"><!--EndFragment --><\/p>\n","protected":false},"excerpt":{"rendered":"<p>L&rsquo;Acad\u00e9mie AFC a lanc\u00e9 un concept de recyclage modulaire \u00e0 l&rsquo;occasion de l&rsquo;entr\u00e9e en vigueur des nouvelles prescriptions de protection incendie BSV 2026. La formation continue, ax\u00e9e sur la pratique, donne un aper\u00e7u des principales nouveaut\u00e9s ainsi qu&rsquo;une formation aux m\u00e9thodes de documentation nouvellement requises. <\/p>\n","protected":false},"author":2,"featured_media":143257,"comment_status":"open","ping_status":"open","sticky":false,"template":"","format":"standard","meta":{"pmpro_default_level":"","inline_featured_image":false,"_monsterinsights_skip_tracking":false,"footnotes":""},"categories":[22699,22696,743,22357,8735],"tags":[55243,55231,872,3931,2002,49051],"class_list":["post-143256","post","type-post","status-publish","format-standard","has-post-thumbnail","hentry","category-durabilite","category-entreprise","category-immonews-fr","category-industrie-du-batiment","category-proptech-fr","tag-brandschutzvorschriften","tag-gebaeudetechnik-2","tag-immoinvest-fr","tag-immonews-fr","tag-news-fr","tag-weiterbildung-fr","pmpro-has-access"],"acf":{"bild_mit_ki_erstellt_worden":["Ja"],"lead":"L'Acad\u00e9mie AFC a lanc\u00e9 un concept de recyclage modulaire \u00e0 l'occasion de l'entr\u00e9e en vigueur des nouvelles prescriptions de protection incendie BSV 2026. La formation continue, ax\u00e9e sur la pratique, donne un aper\u00e7u des principales nouveaut\u00e9s ainsi qu'une formation aux m\u00e9thodes de documentation nouvellement requises. ","autor":"ce\/ja","ort":"Z\u00fcrich","bildunterschrift":"","bild_im_grid":false,"gallerie":"","newsim":""},"aioseo_notices":[],"aioseo_head":"\n\t\t<!-- All in One SEO 5.0.0.1 - aioseo.com -->\n\t<meta name=\"description\" content=\"L&#039;Acad\u00e9mie AFC a lanc\u00e9 un concept de recyclage modulaire \u00e0 l&#039;occasion de l&#039;entr\u00e9e en vigueur des nouvelles prescriptions de protection incendie BSV 2026. La formation continue, ax\u00e9e sur la pratique, donne un aper\u00e7u des principales nouveaut\u00e9s ainsi qu&#039;une formation aux m\u00e9thodes de documentation nouvellement requises.\" \/>\n\t<meta name=\"robots\" content=\"max-image-preview:large\" \/>\n\t<meta name=\"author\" content=\"immovestuser\"\/>\n\t<meta name=\"google-site-verification\" content=\"fHJKvgWpZCR2zVBHWfkQeFXC11qieUSff0HGNYfuyLA\" \/>\n\t<link rel=\"canonical\" href=\"https:\/\/www.immo-invest.ch\/fr\/weiterbildung-fuer-moderne-brandschutzkompetenzen\/\" \/>\n\t<meta name=\"generator\" content=\"All in One SEO (AIOSEO) 5.0.0.1\" \/>\n\t\t<meta property=\"og:locale\" content=\"fr_FR\" \/>\n\t\t<meta property=\"og:site_name\" content=\"immo!nvest - Die Plattform f\u00fcr Standorte und Immobilien - Die\u00a0Plattform f\u00fcr Standorte und Immobilien\" \/>\n\t\t<meta property=\"og:type\" content=\"article\" \/>\n\t\t<meta property=\"og:title\" content=\"Formation continue pour des comp\u00e9tences modernes en mati\u00e8re de s\u00e9curit\u00e9 incendie - immo!nvest - Die Plattform f\u00fcr Standorte und Immobilien\" \/>\n\t\t<meta property=\"og:description\" content=\"L&#039;Acad\u00e9mie AFC a lanc\u00e9 un concept de recyclage modulaire \u00e0 l&#039;occasion de l&#039;entr\u00e9e en vigueur des nouvelles prescriptions de protection incendie BSV 2026. La formation continue, ax\u00e9e sur la pratique, donne un aper\u00e7u des principales nouveaut\u00e9s ainsi qu&#039;une formation aux m\u00e9thodes de documentation nouvellement requises.\" \/>\n\t\t<meta property=\"og:url\" content=\"https:\/\/www.immo-invest.ch\/fr\/weiterbildung-fuer-moderne-brandschutzkompetenzen\/\" \/>\n\t\t<meta property=\"og:image\" content=\"https:\/\/www.immo-invest.ch\/wp-content\/uploads\/2025\/10\/banoviag_realistic_modern_training_room_with_architectural_pl_03416632-0fd9-4606-ab38-59b33a38ac3a_0.png\" \/>\n\t\t<meta property=\"og:image:secure_url\" content=\"https:\/\/www.immo-invest.ch\/wp-content\/uploads\/2025\/10\/banoviag_realistic_modern_training_room_with_architectural_pl_03416632-0fd9-4606-ab38-59b33a38ac3a_0.png\" \/>\n\t\t<meta property=\"og:image:width\" content=\"1536\" \/>\n\t\t<meta property=\"og:image:height\" content=\"768\" \/>\n\t\t<meta property=\"article:published_time\" content=\"2025-11-07T07:20:00+00:00\" \/>\n\t\t<meta property=\"article:modified_time\" content=\"2025-11-06T07:28:44+00:00\" \/>\n\t\t<meta property=\"article:publisher\" content=\"https:\/\/www.facebook.com\/people\/Immoinvest\/100077962920504\/\" \/>\n\t\t<meta name=\"twitter:card\" content=\"summary_large_image\" \/>\n\t\t<meta name=\"twitter:site\" content=\"@i\" \/>\n\t\t<meta name=\"twitter:title\" content=\"Formation continue pour des comp\u00e9tences modernes en mati\u00e8re de s\u00e9curit\u00e9 incendie - immo!nvest - Die Plattform f\u00fcr Standorte und Immobilien\" \/>\n\t\t<meta name=\"twitter:description\" content=\"L&#039;Acad\u00e9mie AFC a lanc\u00e9 un concept de recyclage modulaire \u00e0 l&#039;occasion de l&#039;entr\u00e9e en vigueur des nouvelles prescriptions de protection incendie BSV 2026. La formation continue, ax\u00e9e sur la pratique, donne un aper\u00e7u des principales nouveaut\u00e9s ainsi qu&#039;une formation aux m\u00e9thodes de documentation nouvellement requises.\" \/>\n\t\t<meta name=\"twitter:creator\" content=\"@i\" \/>\n\t\t<meta name=\"twitter:image\" content=\"https:\/\/www.immo-invest.ch\/wp-content\/uploads\/2025\/10\/banoviag_realistic_modern_training_room_with_architectural_pl_03416632-0fd9-4606-ab38-59b33a38ac3a_0.png\" \/>\n\t\t<script type=\"application\/ld+json\" class=\"aioseo-schema\">\n\t\t\t{\"@context\":\"https:\\\/\\\/schema.org\",\"@graph\":[{\"@type\":\"BlogPosting\",\"@id\":\"https:\\\/\\\/www.immo-invest.ch\\\/fr\\\/weiterbildung-fuer-moderne-brandschutzkompetenzen\\\/#blogposting\",\"name\":\"Formation continue pour des comp\\u00e9tences modernes en mati\\u00e8re de s\\u00e9curit\\u00e9 incendie - immo!nvest - Die Plattform f\\u00fcr Standorte und Immobilien\",\"headline\":\"Formation continue pour des comp\\u00e9tences modernes en mati\\u00e8re de s\\u00e9curit\\u00e9 incendie\",\"author\":{\"@id\":\"https:\\\/\\\/www.immo-invest.ch\\\/fr\\\/author\\\/immovestuser\\\/#author\"},\"publisher\":{\"@id\":\"https:\\\/\\\/www.immo-invest.ch\\\/fr\\\/#organization\"},\"image\":{\"@type\":\"ImageObject\",\"url\":\"https:\\\/\\\/www.immo-invest.ch\\\/wp-content\\\/uploads\\\/2025\\\/10\\\/banoviag_realistic_modern_training_room_with_architectural_pl_03416632-0fd9-4606-ab38-59b33a38ac3a_0.png\",\"width\":1536,\"height\":768},\"datePublished\":\"2025-11-07T08:20:00+01:00\",\"dateModified\":\"2025-11-06T08:28:44+01:00\",\"inLanguage\":\"fr-FR\",\"mainEntityOfPage\":{\"@id\":\"https:\\\/\\\/www.immo-invest.ch\\\/fr\\\/weiterbildung-fuer-moderne-brandschutzkompetenzen\\\/#webpage\"},\"isPartOf\":{\"@id\":\"https:\\\/\\\/www.immo-invest.ch\\\/fr\\\/weiterbildung-fuer-moderne-brandschutzkompetenzen\\\/#webpage\"},\"articleSection\":\"Durabilit\\u00e9, Entreprise, immoNews, Industrie du b\\u00e2timent, propTech, Brandschutzvorschriften, Gebaeudetechnik, Immoinvest, immoNews, News, Weiterbildung, Facultatif\"},{\"@type\":\"BreadcrumbList\",\"@id\":\"https:\\\/\\\/www.immo-invest.ch\\\/fr\\\/weiterbildung-fuer-moderne-brandschutzkompetenzen\\\/#breadcrumblist\",\"itemListElement\":[{\"@type\":\"ListItem\",\"@id\":\"https:\\\/\\\/www.immo-invest.ch\\\/fr\\\/#listItem\",\"position\":1,\"name\":\"Home\",\"item\":\"https:\\\/\\\/www.immo-invest.ch\\\/fr\\\/\",\"nextItem\":{\"@type\":\"ListItem\",\"@id\":\"https:\\\/\\\/www.immo-invest.ch\\\/fr\\\/categories\\\/trends-fr\\\/#listItem\",\"name\":\"Trends\"}},{\"@type\":\"ListItem\",\"@id\":\"https:\\\/\\\/www.immo-invest.ch\\\/fr\\\/categories\\\/trends-fr\\\/#listItem\",\"position\":2,\"name\":\"Trends\",\"item\":\"https:\\\/\\\/www.immo-invest.ch\\\/fr\\\/categories\\\/trends-fr\\\/\",\"nextItem\":{\"@type\":\"ListItem\",\"@id\":\"https:\\\/\\\/www.immo-invest.ch\\\/fr\\\/categories\\\/trends-fr\\\/proptech-fr\\\/#listItem\",\"name\":\"propTech\"},\"previousItem\":{\"@type\":\"ListItem\",\"@id\":\"https:\\\/\\\/www.immo-invest.ch\\\/fr\\\/#listItem\",\"name\":\"Home\"}},{\"@type\":\"ListItem\",\"@id\":\"https:\\\/\\\/www.immo-invest.ch\\\/fr\\\/categories\\\/trends-fr\\\/proptech-fr\\\/#listItem\",\"position\":3,\"name\":\"propTech\",\"item\":\"https:\\\/\\\/www.immo-invest.ch\\\/fr\\\/categories\\\/trends-fr\\\/proptech-fr\\\/\",\"nextItem\":{\"@type\":\"ListItem\",\"@id\":\"https:\\\/\\\/www.immo-invest.ch\\\/fr\\\/weiterbildung-fuer-moderne-brandschutzkompetenzen\\\/#listItem\",\"name\":\"Formation continue pour des comp\\u00e9tences modernes en mati\\u00e8re de s\\u00e9curit\\u00e9 incendie\"},\"previousItem\":{\"@type\":\"ListItem\",\"@id\":\"https:\\\/\\\/www.immo-invest.ch\\\/fr\\\/categories\\\/trends-fr\\\/#listItem\",\"name\":\"Trends\"}},{\"@type\":\"ListItem\",\"@id\":\"https:\\\/\\\/www.immo-invest.ch\\\/fr\\\/weiterbildung-fuer-moderne-brandschutzkompetenzen\\\/#listItem\",\"position\":4,\"name\":\"Formation continue pour des comp\\u00e9tences modernes en mati\\u00e8re de s\\u00e9curit\\u00e9 incendie\",\"previousItem\":{\"@type\":\"ListItem\",\"@id\":\"https:\\\/\\\/www.immo-invest.ch\\\/fr\\\/categories\\\/trends-fr\\\/proptech-fr\\\/#listItem\",\"name\":\"propTech\"}}]},{\"@type\":\"Organization\",\"@id\":\"https:\\\/\\\/www.immo-invest.ch\\\/fr\\\/#organization\",\"name\":\"immo!nvest - Die Plattform f\\u00fcr Standorte und Immobilien\",\"description\":\"Die\\u00a0Plattform f\\u00fcr Standorte und Immobilien\",\"url\":\"https:\\\/\\\/www.immo-invest.ch\\\/fr\\\/\",\"email\":\"admin@immomedia.ag\",\"telephone\":\"+41444420002\",\"logo\":{\"@type\":\"ImageObject\",\"url\":\"https:\\\/\\\/www.immo-invest.ch\\\/wp-content\\\/uploads\\\/2024\\\/09\\\/immoinvest_sm-scaled.jpg\",\"@id\":\"https:\\\/\\\/www.immo-invest.ch\\\/fr\\\/weiterbildung-fuer-moderne-brandschutzkompetenzen\\\/#organizationLogo\",\"width\":2560,\"height\":1340},\"image\":{\"@id\":\"https:\\\/\\\/www.immo-invest.ch\\\/fr\\\/weiterbildung-fuer-moderne-brandschutzkompetenzen\\\/#organizationLogo\"},\"sameAs\":[\"https:\\\/\\\/www.facebook.com\\\/people\\\/Immoinvest\\\/100077962920504\\\/\",\"https:\\\/\\\/x.com\\\/i\\\/flow\\\/login?redirect_after_login=immoinvest_ch\",\"https:\\\/\\\/www.instagram.com\\\/immoinvest_ch\\\/\",\"https:\\\/\\\/www.linkedin.com\\\/company\\\/immoinvest-swiss\"]},{\"@type\":\"Person\",\"@id\":\"https:\\\/\\\/www.immo-invest.ch\\\/fr\\\/author\\\/immovestuser\\\/#author\",\"url\":\"https:\\\/\\\/www.immo-invest.ch\\\/fr\\\/author\\\/immovestuser\\\/\",\"name\":\"immovestuser\",\"image\":{\"@type\":\"ImageObject\",\"@id\":\"https:\\\/\\\/www.immo-invest.ch\\\/fr\\\/weiterbildung-fuer-moderne-brandschutzkompetenzen\\\/#authorImage\",\"url\":\"https:\\\/\\\/secure.gravatar.com\\\/avatar\\\/8e01f4d99f2eeea7a362ebb93305e1172a70e9293ba250f897a65c39f54cdd1e?s=96&d=mm&r=g\",\"width\":96,\"height\":96,\"caption\":\"immovestuser\"}},{\"@type\":\"WebPage\",\"@id\":\"https:\\\/\\\/www.immo-invest.ch\\\/fr\\\/weiterbildung-fuer-moderne-brandschutzkompetenzen\\\/#webpage\",\"url\":\"https:\\\/\\\/www.immo-invest.ch\\\/fr\\\/weiterbildung-fuer-moderne-brandschutzkompetenzen\\\/\",\"name\":\"Formation continue pour des comp\\u00e9tences modernes en mati\\u00e8re de s\\u00e9curit\\u00e9 incendie - immo!nvest - Die Plattform f\\u00fcr Standorte und Immobilien\",\"description\":\"L'Acad\\u00e9mie AFC a lanc\\u00e9 un concept de recyclage modulaire \\u00e0 l'occasion de l'entr\\u00e9e en vigueur des nouvelles prescriptions de protection incendie BSV 2026. La formation continue, ax\\u00e9e sur la pratique, donne un aper\\u00e7u des principales nouveaut\\u00e9s ainsi qu'une formation aux m\\u00e9thodes de documentation nouvellement requises.\",\"inLanguage\":\"fr-FR\",\"isPartOf\":{\"@id\":\"https:\\\/\\\/www.immo-invest.ch\\\/fr\\\/#website\"},\"breadcrumb\":{\"@id\":\"https:\\\/\\\/www.immo-invest.ch\\\/fr\\\/weiterbildung-fuer-moderne-brandschutzkompetenzen\\\/#breadcrumblist\"},\"author\":{\"@id\":\"https:\\\/\\\/www.immo-invest.ch\\\/fr\\\/author\\\/immovestuser\\\/#author\"},\"creator\":{\"@id\":\"https:\\\/\\\/www.immo-invest.ch\\\/fr\\\/author\\\/immovestuser\\\/#author\"},\"image\":{\"@type\":\"ImageObject\",\"url\":\"https:\\\/\\\/www.immo-invest.ch\\\/wp-content\\\/uploads\\\/2025\\\/10\\\/banoviag_realistic_modern_training_room_with_architectural_pl_03416632-0fd9-4606-ab38-59b33a38ac3a_0.png\",\"@id\":\"https:\\\/\\\/www.immo-invest.ch\\\/fr\\\/weiterbildung-fuer-moderne-brandschutzkompetenzen\\\/#mainImage\",\"width\":1536,\"height\":768},\"primaryImageOfPage\":{\"@id\":\"https:\\\/\\\/www.immo-invest.ch\\\/fr\\\/weiterbildung-fuer-moderne-brandschutzkompetenzen\\\/#mainImage\"},\"datePublished\":\"2025-11-07T08:20:00+01:00\",\"dateModified\":\"2025-11-06T08:28:44+01:00\"},{\"@type\":\"WebSite\",\"@id\":\"https:\\\/\\\/www.immo-invest.ch\\\/fr\\\/#website\",\"url\":\"https:\\\/\\\/www.immo-invest.ch\\\/fr\\\/\",\"name\":\"immo!nvest - Die Plattform f\\u00fcr Standorte und Immobilien\",\"description\":\"Die\\u00a0Plattform f\\u00fcr Standorte und Immobilien\",\"inLanguage\":\"fr-FR\",\"publisher\":{\"@id\":\"https:\\\/\\\/www.immo-invest.ch\\\/fr\\\/#organization\"}}]}\n\t\t<\/script>\n\t\t<!-- All in One SEO -->\n\n","aioseo_head_json":{"title":"Formation continue pour des comp\u00e9tences modernes en mati\u00e8re de s\u00e9curit\u00e9 incendie - immo!nvest - Die Plattform f\u00fcr Standorte und Immobilien","description":"L'Acad\u00e9mie AFC a lanc\u00e9 un concept de recyclage modulaire \u00e0 l'occasion de l'entr\u00e9e en vigueur des nouvelles prescriptions de protection incendie BSV 2026. La formation continue, ax\u00e9e sur la pratique, donne un aper\u00e7u des principales nouveaut\u00e9s ainsi qu'une formation aux m\u00e9thodes de documentation nouvellement requises.","canonical_url":"https:\/\/www.immo-invest.ch\/fr\/weiterbildung-fuer-moderne-brandschutzkompetenzen\/","robots":"max-image-preview:large","keywords":"","webmasterTools":{"google-site-verification":"fHJKvgWpZCR2zVBHWfkQeFXC11qieUSff0HGNYfuyLA","miscellaneous":""},"schema":{"@context":"https:\/\/schema.org","@graph":[{"@type":"BlogPosting","@id":"https:\/\/www.immo-invest.ch\/fr\/weiterbildung-fuer-moderne-brandschutzkompetenzen\/#blogposting","name":"Formation continue pour des comp\u00e9tences modernes en mati\u00e8re de s\u00e9curit\u00e9 incendie - immo!nvest - Die Plattform f\u00fcr Standorte und Immobilien","headline":"Formation continue pour des comp\u00e9tences modernes en mati\u00e8re de s\u00e9curit\u00e9 incendie","author":{"@id":"https:\/\/www.immo-invest.ch\/fr\/author\/immovestuser\/#author"},"publisher":{"@id":"https:\/\/www.immo-invest.ch\/fr\/#organization"},"image":{"@type":"ImageObject","url":"https:\/\/www.immo-invest.ch\/wp-content\/uploads\/2025\/10\/banoviag_realistic_modern_training_room_with_architectural_pl_03416632-0fd9-4606-ab38-59b33a38ac3a_0.png","width":1536,"height":768},"datePublished":"2025-11-07T08:20:00+01:00","dateModified":"2025-11-06T08:28:44+01:00","inLanguage":"fr-FR","mainEntityOfPage":{"@id":"https:\/\/www.immo-invest.ch\/fr\/weiterbildung-fuer-moderne-brandschutzkompetenzen\/#webpage"},"isPartOf":{"@id":"https:\/\/www.immo-invest.ch\/fr\/weiterbildung-fuer-moderne-brandschutzkompetenzen\/#webpage"},"articleSection":"Durabilit\u00e9, Entreprise, immoNews, Industrie du b\u00e2timent, propTech, Brandschutzvorschriften, Gebaeudetechnik, Immoinvest, immoNews, News, Weiterbildung, Facultatif"},{"@type":"BreadcrumbList","@id":"https:\/\/www.immo-invest.ch\/fr\/weiterbildung-fuer-moderne-brandschutzkompetenzen\/#breadcrumblist","itemListElement":[{"@type":"ListItem","@id":"https:\/\/www.immo-invest.ch\/fr\/#listItem","position":1,"name":"Home","item":"https:\/\/www.immo-invest.ch\/fr\/","nextItem":{"@type":"ListItem","@id":"https:\/\/www.immo-invest.ch\/fr\/categories\/trends-fr\/#listItem","name":"Trends"}},{"@type":"ListItem","@id":"https:\/\/www.immo-invest.ch\/fr\/categories\/trends-fr\/#listItem","position":2,"name":"Trends","item":"https:\/\/www.immo-invest.ch\/fr\/categories\/trends-fr\/","nextItem":{"@type":"ListItem","@id":"https:\/\/www.immo-invest.ch\/fr\/categories\/trends-fr\/proptech-fr\/#listItem","name":"propTech"},"previousItem":{"@type":"ListItem","@id":"https:\/\/www.immo-invest.ch\/fr\/#listItem","name":"Home"}},{"@type":"ListItem","@id":"https:\/\/www.immo-invest.ch\/fr\/categories\/trends-fr\/proptech-fr\/#listItem","position":3,"name":"propTech","item":"https:\/\/www.immo-invest.ch\/fr\/categories\/trends-fr\/proptech-fr\/","nextItem":{"@type":"ListItem","@id":"https:\/\/www.immo-invest.ch\/fr\/weiterbildung-fuer-moderne-brandschutzkompetenzen\/#listItem","name":"Formation continue pour des comp\u00e9tences modernes en mati\u00e8re de s\u00e9curit\u00e9 incendie"},"previousItem":{"@type":"ListItem","@id":"https:\/\/www.immo-invest.ch\/fr\/categories\/trends-fr\/#listItem","name":"Trends"}},{"@type":"ListItem","@id":"https:\/\/www.immo-invest.ch\/fr\/weiterbildung-fuer-moderne-brandschutzkompetenzen\/#listItem","position":4,"name":"Formation continue pour des comp\u00e9tences modernes en mati\u00e8re de s\u00e9curit\u00e9 incendie","previousItem":{"@type":"ListItem","@id":"https:\/\/www.immo-invest.ch\/fr\/categories\/trends-fr\/proptech-fr\/#listItem","name":"propTech"}}]},{"@type":"Organization","@id":"https:\/\/www.immo-invest.ch\/fr\/#organization","name":"immo!nvest - Die Plattform f\u00fcr Standorte und Immobilien","description":"Die\u00a0Plattform f\u00fcr Standorte und Immobilien","url":"https:\/\/www.immo-invest.ch\/fr\/","email":"admin@immomedia.ag","telephone":"+41444420002","logo":{"@type":"ImageObject","url":"https:\/\/www.immo-invest.ch\/wp-content\/uploads\/2024\/09\/immoinvest_sm-scaled.jpg","@id":"https:\/\/www.immo-invest.ch\/fr\/weiterbildung-fuer-moderne-brandschutzkompetenzen\/#organizationLogo","width":2560,"height":1340},"image":{"@id":"https:\/\/www.immo-invest.ch\/fr\/weiterbildung-fuer-moderne-brandschutzkompetenzen\/#organizationLogo"},"sameAs":["https:\/\/www.facebook.com\/people\/Immoinvest\/100077962920504\/","https:\/\/x.com\/i\/flow\/login?redirect_after_login=immoinvest_ch","https:\/\/www.instagram.com\/immoinvest_ch\/","https:\/\/www.linkedin.com\/company\/immoinvest-swiss"]},{"@type":"Person","@id":"https:\/\/www.immo-invest.ch\/fr\/author\/immovestuser\/#author","url":"https:\/\/www.immo-invest.ch\/fr\/author\/immovestuser\/","name":"immovestuser","image":{"@type":"ImageObject","@id":"https:\/\/www.immo-invest.ch\/fr\/weiterbildung-fuer-moderne-brandschutzkompetenzen\/#authorImage","url":"https:\/\/secure.gravatar.com\/avatar\/8e01f4d99f2eeea7a362ebb93305e1172a70e9293ba250f897a65c39f54cdd1e?s=96&d=mm&r=g","width":96,"height":96,"caption":"immovestuser"}},{"@type":"WebPage","@id":"https:\/\/www.immo-invest.ch\/fr\/weiterbildung-fuer-moderne-brandschutzkompetenzen\/#webpage","url":"https:\/\/www.immo-invest.ch\/fr\/weiterbildung-fuer-moderne-brandschutzkompetenzen\/","name":"Formation continue pour des comp\u00e9tences modernes en mati\u00e8re de s\u00e9curit\u00e9 incendie - immo!nvest - Die Plattform f\u00fcr Standorte und Immobilien","description":"L'Acad\u00e9mie AFC a lanc\u00e9 un concept de recyclage modulaire \u00e0 l'occasion de l'entr\u00e9e en vigueur des nouvelles prescriptions de protection incendie BSV 2026. La formation continue, ax\u00e9e sur la pratique, donne un aper\u00e7u des principales nouveaut\u00e9s ainsi qu'une formation aux m\u00e9thodes de documentation nouvellement requises.","inLanguage":"fr-FR","isPartOf":{"@id":"https:\/\/www.immo-invest.ch\/fr\/#website"},"breadcrumb":{"@id":"https:\/\/www.immo-invest.ch\/fr\/weiterbildung-fuer-moderne-brandschutzkompetenzen\/#breadcrumblist"},"author":{"@id":"https:\/\/www.immo-invest.ch\/fr\/author\/immovestuser\/#author"},"creator":{"@id":"https:\/\/www.immo-invest.ch\/fr\/author\/immovestuser\/#author"},"image":{"@type":"ImageObject","url":"https:\/\/www.immo-invest.ch\/wp-content\/uploads\/2025\/10\/banoviag_realistic_modern_training_room_with_architectural_pl_03416632-0fd9-4606-ab38-59b33a38ac3a_0.png","@id":"https:\/\/www.immo-invest.ch\/fr\/weiterbildung-fuer-moderne-brandschutzkompetenzen\/#mainImage","width":1536,"height":768},"primaryImageOfPage":{"@id":"https:\/\/www.immo-invest.ch\/fr\/weiterbildung-fuer-moderne-brandschutzkompetenzen\/#mainImage"},"datePublished":"2025-11-07T08:20:00+01:00","dateModified":"2025-11-06T08:28:44+01:00"},{"@type":"WebSite","@id":"https:\/\/www.immo-invest.ch\/fr\/#website","url":"https:\/\/www.immo-invest.ch\/fr\/","name":"immo!nvest - Die Plattform f\u00fcr Standorte und Immobilien","description":"Die\u00a0Plattform f\u00fcr Standorte und Immobilien","inLanguage":"fr-FR","publisher":{"@id":"https:\/\/www.immo-invest.ch\/fr\/#organization"}}]},"og:locale":"fr_FR","og:site_name":"immo!nvest - Die Plattform f\u00fcr Standorte und Immobilien - Die\u00a0Plattform f\u00fcr Standorte und Immobilien","og:type":"article","og:title":"Formation continue pour des comp\u00e9tences modernes en mati\u00e8re de s\u00e9curit\u00e9 incendie - immo!nvest - Die Plattform f\u00fcr Standorte und Immobilien","og:description":"L'Acad\u00e9mie AFC a lanc\u00e9 un concept de recyclage modulaire \u00e0 l'occasion de l'entr\u00e9e en vigueur des nouvelles prescriptions de protection incendie BSV 2026. La formation continue, ax\u00e9e sur la pratique, donne un aper\u00e7u des principales nouveaut\u00e9s ainsi qu'une formation aux m\u00e9thodes de documentation nouvellement requises.","og:url":"https:\/\/www.immo-invest.ch\/fr\/weiterbildung-fuer-moderne-brandschutzkompetenzen\/","og:image":"https:\/\/www.immo-invest.ch\/wp-content\/uploads\/2025\/10\/banoviag_realistic_modern_training_room_with_architectural_pl_03416632-0fd9-4606-ab38-59b33a38ac3a_0.png","og:image:secure_url":"https:\/\/www.immo-invest.ch\/wp-content\/uploads\/2025\/10\/banoviag_realistic_modern_training_room_with_architectural_pl_03416632-0fd9-4606-ab38-59b33a38ac3a_0.png","og:image:width":1536,"og:image:height":768,"article:published_time":"2025-11-07T07:20:00+00:00","article:modified_time":"2025-11-06T07:28:44+00:00","article:publisher":"https:\/\/www.facebook.com\/people\/Immoinvest\/100077962920504\/","twitter:card":"summary_large_image","twitter:site":"@i","twitter:title":"Formation continue pour des comp\u00e9tences modernes en mati\u00e8re de s\u00e9curit\u00e9 incendie - immo!nvest - Die Plattform f\u00fcr Standorte und Immobilien","twitter:description":"L'Acad\u00e9mie AFC a lanc\u00e9 un concept de recyclage modulaire \u00e0 l'occasion de l'entr\u00e9e en vigueur des nouvelles prescriptions de protection incendie BSV 2026. La formation continue, ax\u00e9e sur la pratique, donne un aper\u00e7u des principales nouveaut\u00e9s ainsi qu'une formation aux m\u00e9thodes de documentation nouvellement requises.","twitter:creator":"@i","twitter:image":"https:\/\/www.immo-invest.ch\/wp-content\/uploads\/2025\/10\/banoviag_realistic_modern_training_room_with_architectural_pl_03416632-0fd9-4606-ab38-59b33a38ac3a_0.png"},"aioseo_meta_data":{"post_id":"143256","title":null,"description":null,"keywords":null,"keyphrases":{"focus":{"keyphrase":"","score":0,"analysis":{"keyphraseInTitle":{"score":0,"maxScore":9,"error":1}}},"additional":[]},"primary_term":null,"canonical_url":null,"og_title":null,"og_description":null,"og_object_type":"default","og_image_type":"default","og_image_url":null,"og_image_width":null,"og_image_height":null,"og_image_custom_url":null,"og_image_custom_fields":null,"og_video":"","og_custom_url":null,"og_article_section":null,"og_article_tags":null,"twitter_use_og":false,"twitter_card":"default","twitter_image_type":"default","twitter_image_url":null,"twitter_image_custom_url":null,"twitter_image_custom_fields":null,"twitter_title":null,"twitter_description":null,"schema":{"blockGraphs":[],"customGraphs":[],"default":{"data":{"Article":[],"Course":[],"Dataset":[],"FAQPage":[],"Movie":[],"Person":[],"Product":[],"ProductReview":[],"Car":[],"Recipe":[],"Service":[],"SoftwareApplication":[],"WebPage":[]},"graphName":"BlogPosting","isEnabled":true},"graphs":[]},"schema_type":"default","schema_type_options":null,"pillar_content":false,"robots_default":true,"robots_noindex":false,"robots_noarchive":false,"robots_nosnippet":false,"robots_nofollow":false,"robots_noimageindex":false,"robots_noodp":false,"robots_notranslate":false,"robots_max_snippet":"-1","robots_max_videopreview":"-1","robots_max_imagepreview":"large","priority":null,"frequency":"default","local_seo":null,"breadcrumb_settings":null,"limit_modified_date":false,"ai":{"faqs":[],"keyPoints":[],"titles":[],"descriptions":[],"socialPosts":{"email":[],"linkedin":[],"twitter":[],"facebook":[],"instagram":[]}},"created":"2025-11-05 08:32:52","updated":"2025-11-07 07:37:44","seo_analyzer_scan_date":null,"focus_keyword":null,"additional_keywords":null,"truseo_locale":null},"aioseo_breadcrumb":"<div class=\"aioseo-breadcrumbs\"><span class=\"aioseo-breadcrumb\">\n\t\t\t<a href=\"https:\/\/www.immo-invest.ch\/fr\/\" title=\"Home\">Home<\/a>\n\t\t<\/span><span class=\"aioseo-breadcrumb-separator\">&raquo;<\/span><span class=\"aioseo-breadcrumb\">\n\t\t\t<a href=\"https:\/\/www.immo-invest.ch\/fr\/categories\/trends-fr\/\" title=\"Trends\">Trends<\/a>\n\t\t<\/span><span class=\"aioseo-breadcrumb-separator\">&raquo;<\/span><span class=\"aioseo-breadcrumb\">\n\t\t\t<a href=\"https:\/\/www.immo-invest.ch\/fr\/categories\/trends-fr\/proptech-fr\/\" title=\"propTech\">propTech<\/a>\n\t\t<\/span><span class=\"aioseo-breadcrumb-separator\">&raquo;<\/span><span class=\"aioseo-breadcrumb\">\n\t\t\tFormation continue pour des comp\u00e9tences modernes en mati\u00e8re de s\u00e9curit\u00e9 incendie\n\t\t<\/span><\/div>","aioseo_breadcrumb_json":[{"label":"Home","link":"https:\/\/www.immo-invest.ch\/fr\/"},{"label":"Trends","link":"https:\/\/www.immo-invest.ch\/fr\/categories\/trends-fr\/"},{"label":"propTech","link":"https:\/\/www.immo-invest.ch\/fr\/categories\/trends-fr\/proptech-fr\/"},{"label":"Formation continue pour des comp\u00e9tences modernes en mati\u00e8re de s\u00e9curit\u00e9 incendie","link":"https:\/\/www.immo-invest.ch\/fr\/weiterbildung-fuer-moderne-brandschutzkompetenzen\/"}],"featured_image_src":"https:\/\/www.immo-invest.ch\/wp-content\/uploads\/2025\/10\/banoviag_realistic_modern_training_room_with_architectural_pl_03416632-0fd9-4606-ab38-59b33a38ac3a_0-336x168.png","_links":{"self":[{"href":"https:\/\/www.immo-invest.ch\/fr\/wp-json\/wp\/v2\/posts\/143256","targetHints":{"allow":["GET"]}}],"collection":[{"href":"https:\/\/www.immo-invest.ch\/fr\/wp-json\/wp\/v2\/posts"}],"about":[{"href":"https:\/\/www.immo-invest.ch\/fr\/wp-json\/wp\/v2\/types\/post"}],"author":[{"embeddable":true,"href":"https:\/\/www.immo-invest.ch\/fr\/wp-json\/wp\/v2\/users\/2"}],"replies":[{"embeddable":true,"href":"https:\/\/www.immo-invest.ch\/fr\/wp-json\/wp\/v2\/comments?post=143256"}],"version-history":[{"count":0,"href":"https:\/\/www.immo-invest.ch\/fr\/wp-json\/wp\/v2\/posts\/143256\/revisions"}],"wp:featuredmedia":[{"embeddable":true,"href":"https:\/\/www.immo-invest.ch\/fr\/wp-json\/wp\/v2\/media\/143257"}],"wp:attachment":[{"href":"https:\/\/www.immo-invest.ch\/fr\/wp-json\/wp\/v2\/media?parent=143256"}],"wp:term":[{"taxonomy":"category","embeddable":true,"href":"https:\/\/www.immo-invest.ch\/fr\/wp-json\/wp\/v2\/categories?post=143256"},{"taxonomy":"post_tag","embeddable":true,"href":"https:\/\/www.immo-invest.ch\/fr\/wp-json\/wp\/v2\/tags?post=143256"}],"curies":[{"name":"wp","href":"https:\/\/api.w.org\/{rel}","templated":true}]}}