{"id":142968,"date":"2025-11-05T08:20:00","date_gmt":"2025-11-05T07:20:00","guid":{"rendered":"https:\/\/www.immo-invest.ch\/?p=142968"},"modified":"2025-10-31T09:54:52","modified_gmt":"2025-10-31T08:54:52","slug":"ausbau-im-bereich-wandloesungen","status":"publish","type":"post","link":"https:\/\/www.immo-invest.ch\/fr\/ausbau-im-bereich-wandloesungen\/","title":{"rendered":"Extension dans le domaine des solutions murales"},"content":{"rendered":"<p class=\"bodytext\"><a href=\"https:\/\/www.holcim.com\/\" target=\"_blank\" rel=\"noopener\">Holcim AG<\/a> fait l&rsquo;acquisition de <a href=\"https:\/\/www.xella.com\/de_DE\/\" target=\"_blank\" rel=\"noopener\">Xella International GmbH<\/a>. Ce groupe europ&eacute;en, dont le si&egrave;ge est &agrave; Duisbourg, est sp&eacute;cialis&eacute; dans les mat&eacute;riaux de construction, les mat&eacute;riaux d&rsquo;<span class=\"glossaryLink\" aria-describedby=\"tt\" data-cmtooltip=\"&lt;div class=glossaryItemTitle&gt;Isolation&lt;\/div&gt;&lt;div class=glossaryItemBody&gt;Abdichtung zur Verhinderung des Durchgangs von Gas, Wasser, W&auml;rme, Elektrizit&auml;t etc., z.B. Ummantelung von Elektrokabeln oder Rohrleitungen, W&auml;rmeisolation&lt;\/div&gt;\" data-mobile-support=\"0\" data-gt-translate-attributes='[{\"attribute\":\"data-cmtooltip\", \"format\":\"html\"}]' tabindex=\"0\" role=\"link\">isolation<\/span> et les services pour l&rsquo;enveloppe des b&acirc;timents. Avec cette acquisition, Holcim entend &eacute;largir son propre portefeuille avec l&rsquo;offre compl&eacute;mentaire de Xella, explique le groupe de mat&eacute;riaux de construction zougois dans un <a href=\"https:\/\/www.holcim.com\/sites\/holcim\/files\/docs\/20251020-media-acquisition-holcim-xella-de.pdf\" target=\"_blank\" rel=\"noopener\">communiqu&eacute;<\/a> correspondant.<\/p>\n<p class=\"bodytext\">&laquo;&nbsp;Cette acquisition strat&eacute;gique marque une &eacute;tape importante dans notre vision d&rsquo;&ecirc;tre le partenaire de r&eacute;f&eacute;rence pour la construction durable et acc&eacute;l&egrave;re le d&eacute;veloppement de notre division Building Solutions &agrave; forte valeur ajout&eacute;e, conform&eacute;ment &agrave; notre strat&eacute;gie NextGen Growth 2030&nbsp;&raquo;, y est cit&eacute; Miljan Gutovic, CEO de Holcim. &laquo;&nbsp;En compl&eacute;tant notre offre sur le march&eacute; tr&egrave;s attractif des solutions de murs, qui repr&eacute;sente plus de 12 milliards d&rsquo;euros, Xella nous offrira des opportunit&eacute;s de ventes crois&eacute;es et de ventes de syst&egrave;mes&nbsp;&raquo; Le montant de la transaction est &eacute;valu&eacute; &agrave; 1,85 milliard d&rsquo;euros dans le communiqu&eacute;. L&rsquo;acquisition devrait &ecirc;tre finalis&eacute;e au cours du second semestre 2026.<\/p>\n","protected":false},"excerpt":{"rendered":"<p>Holcim a conclu un accord pour l&rsquo;acquisition de Xella. Ce groupe paneurop\u00e9en de syst\u00e8mes de murs doit compl\u00e9ter le portefeuille du groupe de mat\u00e9riaux de construction zougois. Le montant de la transaction s&rsquo;\u00e9l\u00e8ve \u00e0 1,85 milliard d&rsquo;euros.<\/p>\n","protected":false},"author":2,"featured_media":142953,"comment_status":"open","ping_status":"open","sticky":false,"template":"","format":"standard","meta":{"pmpro_default_level":"","inline_featured_image":false,"_monsterinsights_skip_tracking":false,"footnotes":""},"categories":[22696,743,22357,739,22438],"tags":[5675,55146,872,3931,2002,55147],"class_list":["post-142968","post","type-post","status-publish","format-standard","has-post-thumbnail","hentry","category-entreprise","category-immonews-fr","category-industrie-du-batiment","category-projects","category-trends-fr","tag-baustoffe-fr","tag-building-solutions","tag-immoinvest-fr","tag-immonews-fr","tag-news-fr","tag-uebernahme-3","pmpro-has-access"],"acf":{"bild_mit_ki_erstellt_worden":[],"lead":"Holcim a conclu un accord pour l'acquisition de Xella. Ce groupe paneurop\u00e9en de syst\u00e8mes de murs doit compl\u00e9ter le portefeuille du groupe de mat\u00e9riaux de construction zougois. Le montant de la transaction s'\u00e9l\u00e8ve \u00e0 1,85 milliard d'euros.","autor":"ce\/hs","ort":"Zug\/Duisburg","bildunterschrift":"","bild_im_grid":false,"gallerie":"","newsim":""},"aioseo_notices":[],"aioseo_head":"\n\t\t<!-- All in One SEO 5.0.0.1 - aioseo.com -->\n\t<meta name=\"description\" content=\"Holcim a conclu un accord pour l&#039;acquisition de Xella. Ce groupe paneurop\u00e9en de syst\u00e8mes de murs doit compl\u00e9ter le portefeuille du groupe de mat\u00e9riaux de construction zougois. Le montant de la transaction s&#039;\u00e9l\u00e8ve \u00e0 1,85 milliard d&#039;euros.\" \/>\n\t<meta name=\"robots\" content=\"max-image-preview:large\" \/>\n\t<meta name=\"author\" content=\"immovestuser\"\/>\n\t<meta name=\"google-site-verification\" content=\"fHJKvgWpZCR2zVBHWfkQeFXC11qieUSff0HGNYfuyLA\" \/>\n\t<link rel=\"canonical\" href=\"https:\/\/www.immo-invest.ch\/fr\/ausbau-im-bereich-wandloesungen\/\" \/>\n\t<meta name=\"generator\" content=\"All in One SEO (AIOSEO) 5.0.0.1\" \/>\n\t\t<meta property=\"og:locale\" content=\"fr_FR\" \/>\n\t\t<meta property=\"og:site_name\" content=\"immo!nvest - Die Plattform f\u00fcr Standorte und Immobilien - Die\u00a0Plattform f\u00fcr Standorte und Immobilien\" \/>\n\t\t<meta property=\"og:type\" content=\"article\" \/>\n\t\t<meta property=\"og:title\" content=\"Extension dans le domaine des solutions murales - immo!nvest - Die Plattform f\u00fcr Standorte und Immobilien\" \/>\n\t\t<meta property=\"og:description\" content=\"Holcim a conclu un accord pour l&#039;acquisition de Xella. Ce groupe paneurop\u00e9en de syst\u00e8mes de murs doit compl\u00e9ter le portefeuille du groupe de mat\u00e9riaux de construction zougois. Le montant de la transaction s&#039;\u00e9l\u00e8ve \u00e0 1,85 milliard d&#039;euros.\" \/>\n\t\t<meta property=\"og:url\" content=\"https:\/\/www.immo-invest.ch\/fr\/ausbau-im-bereich-wandloesungen\/\" \/>\n\t\t<meta property=\"og:image\" content=\"https:\/\/www.immo-invest.ch\/wp-content\/uploads\/2025\/10\/banoviag_realistic_modern_industrial_architecture_scene_showi_d32dde53-0897-4b20-8d4c-46c5c7e88417_3.png\" \/>\n\t\t<meta property=\"og:image:secure_url\" content=\"https:\/\/www.immo-invest.ch\/wp-content\/uploads\/2025\/10\/banoviag_realistic_modern_industrial_architecture_scene_showi_d32dde53-0897-4b20-8d4c-46c5c7e88417_3.png\" \/>\n\t\t<meta property=\"og:image:width\" content=\"1536\" \/>\n\t\t<meta property=\"og:image:height\" content=\"768\" \/>\n\t\t<meta property=\"article:published_time\" content=\"2025-11-05T07:20:00+00:00\" \/>\n\t\t<meta property=\"article:modified_time\" content=\"2025-10-31T08:54:52+00:00\" \/>\n\t\t<meta property=\"article:publisher\" content=\"https:\/\/www.facebook.com\/people\/Immoinvest\/100077962920504\/\" \/>\n\t\t<meta name=\"twitter:card\" content=\"summary_large_image\" \/>\n\t\t<meta name=\"twitter:site\" content=\"@i\" \/>\n\t\t<meta name=\"twitter:title\" content=\"Extension dans le domaine des solutions murales - immo!nvest - Die Plattform f\u00fcr Standorte und Immobilien\" \/>\n\t\t<meta name=\"twitter:description\" content=\"Holcim a conclu un accord pour l&#039;acquisition de Xella. Ce groupe paneurop\u00e9en de syst\u00e8mes de murs doit compl\u00e9ter le portefeuille du groupe de mat\u00e9riaux de construction zougois. Le montant de la transaction s&#039;\u00e9l\u00e8ve \u00e0 1,85 milliard d&#039;euros.\" \/>\n\t\t<meta name=\"twitter:creator\" content=\"@i\" \/>\n\t\t<meta name=\"twitter:image\" content=\"https:\/\/www.immo-invest.ch\/wp-content\/uploads\/2025\/10\/banoviag_realistic_modern_industrial_architecture_scene_showi_d32dde53-0897-4b20-8d4c-46c5c7e88417_3.png\" \/>\n\t\t<script type=\"application\/ld+json\" class=\"aioseo-schema\">\n\t\t\t{\"@context\":\"https:\\\/\\\/schema.org\",\"@graph\":[{\"@type\":\"BlogPosting\",\"@id\":\"https:\\\/\\\/www.immo-invest.ch\\\/fr\\\/ausbau-im-bereich-wandloesungen\\\/#blogposting\",\"name\":\"Extension dans le domaine des solutions murales - immo!nvest - Die Plattform f\\u00fcr Standorte und Immobilien\",\"headline\":\"Extension dans le domaine des solutions murales\",\"author\":{\"@id\":\"https:\\\/\\\/www.immo-invest.ch\\\/fr\\\/author\\\/immovestuser\\\/#author\"},\"publisher\":{\"@id\":\"https:\\\/\\\/www.immo-invest.ch\\\/fr\\\/#organization\"},\"image\":{\"@type\":\"ImageObject\",\"url\":\"https:\\\/\\\/www.immo-invest.ch\\\/wp-content\\\/uploads\\\/2025\\\/10\\\/banoviag_realistic_modern_industrial_architecture_scene_showi_d32dde53-0897-4b20-8d4c-46c5c7e88417_3.png\",\"width\":1536,\"height\":768},\"datePublished\":\"2025-11-05T08:20:00+01:00\",\"dateModified\":\"2025-10-31T09:54:52+01:00\",\"inLanguage\":\"fr-FR\",\"mainEntityOfPage\":{\"@id\":\"https:\\\/\\\/www.immo-invest.ch\\\/fr\\\/ausbau-im-bereich-wandloesungen\\\/#webpage\"},\"isPartOf\":{\"@id\":\"https:\\\/\\\/www.immo-invest.ch\\\/fr\\\/ausbau-im-bereich-wandloesungen\\\/#webpage\"},\"articleSection\":\"Entreprise, immoNews, Industrie du b\\u00e2timent, Projects, Trends, Baustoffe, Building Solutions, Immoinvest, immoNews, News, Uebernahme, Facultatif\"},{\"@type\":\"BreadcrumbList\",\"@id\":\"https:\\\/\\\/www.immo-invest.ch\\\/fr\\\/ausbau-im-bereich-wandloesungen\\\/#breadcrumblist\",\"itemListElement\":[{\"@type\":\"ListItem\",\"@id\":\"https:\\\/\\\/www.immo-invest.ch\\\/fr\\\/#listItem\",\"position\":1,\"name\":\"Home\",\"item\":\"https:\\\/\\\/www.immo-invest.ch\\\/fr\\\/\",\"nextItem\":{\"@type\":\"ListItem\",\"@id\":\"https:\\\/\\\/www.immo-invest.ch\\\/fr\\\/categories\\\/trends-fr\\\/#listItem\",\"name\":\"Trends\"}},{\"@type\":\"ListItem\",\"@id\":\"https:\\\/\\\/www.immo-invest.ch\\\/fr\\\/categories\\\/trends-fr\\\/#listItem\",\"position\":2,\"name\":\"Trends\",\"item\":\"https:\\\/\\\/www.immo-invest.ch\\\/fr\\\/categories\\\/trends-fr\\\/\",\"nextItem\":{\"@type\":\"ListItem\",\"@id\":\"https:\\\/\\\/www.immo-invest.ch\\\/fr\\\/categories\\\/trends-fr\\\/industrie-du-batiment\\\/#listItem\",\"name\":\"Industrie du b\\u00e2timent\"},\"previousItem\":{\"@type\":\"ListItem\",\"@id\":\"https:\\\/\\\/www.immo-invest.ch\\\/fr\\\/#listItem\",\"name\":\"Home\"}},{\"@type\":\"ListItem\",\"@id\":\"https:\\\/\\\/www.immo-invest.ch\\\/fr\\\/categories\\\/trends-fr\\\/industrie-du-batiment\\\/#listItem\",\"position\":3,\"name\":\"Industrie du b\\u00e2timent\",\"item\":\"https:\\\/\\\/www.immo-invest.ch\\\/fr\\\/categories\\\/trends-fr\\\/industrie-du-batiment\\\/\",\"nextItem\":{\"@type\":\"ListItem\",\"@id\":\"https:\\\/\\\/www.immo-invest.ch\\\/fr\\\/ausbau-im-bereich-wandloesungen\\\/#listItem\",\"name\":\"Extension dans le domaine des solutions murales\"},\"previousItem\":{\"@type\":\"ListItem\",\"@id\":\"https:\\\/\\\/www.immo-invest.ch\\\/fr\\\/categories\\\/trends-fr\\\/#listItem\",\"name\":\"Trends\"}},{\"@type\":\"ListItem\",\"@id\":\"https:\\\/\\\/www.immo-invest.ch\\\/fr\\\/ausbau-im-bereich-wandloesungen\\\/#listItem\",\"position\":4,\"name\":\"Extension dans le domaine des solutions murales\",\"previousItem\":{\"@type\":\"ListItem\",\"@id\":\"https:\\\/\\\/www.immo-invest.ch\\\/fr\\\/categories\\\/trends-fr\\\/industrie-du-batiment\\\/#listItem\",\"name\":\"Industrie du b\\u00e2timent\"}}]},{\"@type\":\"Organization\",\"@id\":\"https:\\\/\\\/www.immo-invest.ch\\\/fr\\\/#organization\",\"name\":\"immo!nvest - Die Plattform f\\u00fcr Standorte und Immobilien\",\"description\":\"Die\\u00a0Plattform f\\u00fcr Standorte und Immobilien\",\"url\":\"https:\\\/\\\/www.immo-invest.ch\\\/fr\\\/\",\"email\":\"admin@immomedia.ag\",\"telephone\":\"+41444420002\",\"logo\":{\"@type\":\"ImageObject\",\"url\":\"https:\\\/\\\/www.immo-invest.ch\\\/wp-content\\\/uploads\\\/2024\\\/09\\\/immoinvest_sm-scaled.jpg\",\"@id\":\"https:\\\/\\\/www.immo-invest.ch\\\/fr\\\/ausbau-im-bereich-wandloesungen\\\/#organizationLogo\",\"width\":2560,\"height\":1340},\"image\":{\"@id\":\"https:\\\/\\\/www.immo-invest.ch\\\/fr\\\/ausbau-im-bereich-wandloesungen\\\/#organizationLogo\"},\"sameAs\":[\"https:\\\/\\\/www.facebook.com\\\/people\\\/Immoinvest\\\/100077962920504\\\/\",\"https:\\\/\\\/x.com\\\/i\\\/flow\\\/login?redirect_after_login=immoinvest_ch\",\"https:\\\/\\\/www.instagram.com\\\/immoinvest_ch\\\/\",\"https:\\\/\\\/www.linkedin.com\\\/company\\\/immoinvest-swiss\"]},{\"@type\":\"Person\",\"@id\":\"https:\\\/\\\/www.immo-invest.ch\\\/fr\\\/author\\\/immovestuser\\\/#author\",\"url\":\"https:\\\/\\\/www.immo-invest.ch\\\/fr\\\/author\\\/immovestuser\\\/\",\"name\":\"immovestuser\",\"image\":{\"@type\":\"ImageObject\",\"@id\":\"https:\\\/\\\/www.immo-invest.ch\\\/fr\\\/ausbau-im-bereich-wandloesungen\\\/#authorImage\",\"url\":\"https:\\\/\\\/secure.gravatar.com\\\/avatar\\\/8e01f4d99f2eeea7a362ebb93305e1172a70e9293ba250f897a65c39f54cdd1e?s=96&d=mm&r=g\",\"width\":96,\"height\":96,\"caption\":\"immovestuser\"}},{\"@type\":\"WebPage\",\"@id\":\"https:\\\/\\\/www.immo-invest.ch\\\/fr\\\/ausbau-im-bereich-wandloesungen\\\/#webpage\",\"url\":\"https:\\\/\\\/www.immo-invest.ch\\\/fr\\\/ausbau-im-bereich-wandloesungen\\\/\",\"name\":\"Extension dans le domaine des solutions murales - immo!nvest - Die Plattform f\\u00fcr Standorte und Immobilien\",\"description\":\"Holcim a conclu un accord pour l'acquisition de Xella. Ce groupe paneurop\\u00e9en de syst\\u00e8mes de murs doit compl\\u00e9ter le portefeuille du groupe de mat\\u00e9riaux de construction zougois. Le montant de la transaction s'\\u00e9l\\u00e8ve \\u00e0 1,85 milliard d'euros.\",\"inLanguage\":\"fr-FR\",\"isPartOf\":{\"@id\":\"https:\\\/\\\/www.immo-invest.ch\\\/fr\\\/#website\"},\"breadcrumb\":{\"@id\":\"https:\\\/\\\/www.immo-invest.ch\\\/fr\\\/ausbau-im-bereich-wandloesungen\\\/#breadcrumblist\"},\"author\":{\"@id\":\"https:\\\/\\\/www.immo-invest.ch\\\/fr\\\/author\\\/immovestuser\\\/#author\"},\"creator\":{\"@id\":\"https:\\\/\\\/www.immo-invest.ch\\\/fr\\\/author\\\/immovestuser\\\/#author\"},\"image\":{\"@type\":\"ImageObject\",\"url\":\"https:\\\/\\\/www.immo-invest.ch\\\/wp-content\\\/uploads\\\/2025\\\/10\\\/banoviag_realistic_modern_industrial_architecture_scene_showi_d32dde53-0897-4b20-8d4c-46c5c7e88417_3.png\",\"@id\":\"https:\\\/\\\/www.immo-invest.ch\\\/fr\\\/ausbau-im-bereich-wandloesungen\\\/#mainImage\",\"width\":1536,\"height\":768},\"primaryImageOfPage\":{\"@id\":\"https:\\\/\\\/www.immo-invest.ch\\\/fr\\\/ausbau-im-bereich-wandloesungen\\\/#mainImage\"},\"datePublished\":\"2025-11-05T08:20:00+01:00\",\"dateModified\":\"2025-10-31T09:54:52+01:00\"},{\"@type\":\"WebSite\",\"@id\":\"https:\\\/\\\/www.immo-invest.ch\\\/fr\\\/#website\",\"url\":\"https:\\\/\\\/www.immo-invest.ch\\\/fr\\\/\",\"name\":\"immo!nvest - Die Plattform f\\u00fcr Standorte und Immobilien\",\"description\":\"Die\\u00a0Plattform f\\u00fcr Standorte und Immobilien\",\"inLanguage\":\"fr-FR\",\"publisher\":{\"@id\":\"https:\\\/\\\/www.immo-invest.ch\\\/fr\\\/#organization\"}}]}\n\t\t<\/script>\n\t\t<!-- All in One SEO -->\n\n","aioseo_head_json":{"title":"Extension dans le domaine des solutions murales - immo!nvest - Die Plattform f\u00fcr Standorte und Immobilien","description":"Holcim a conclu un accord pour l'acquisition de Xella. Ce groupe paneurop\u00e9en de syst\u00e8mes de murs doit compl\u00e9ter le portefeuille du groupe de mat\u00e9riaux de construction zougois. Le montant de la transaction s'\u00e9l\u00e8ve \u00e0 1,85 milliard d'euros.","canonical_url":"https:\/\/www.immo-invest.ch\/fr\/ausbau-im-bereich-wandloesungen\/","robots":"max-image-preview:large","keywords":"","webmasterTools":{"google-site-verification":"fHJKvgWpZCR2zVBHWfkQeFXC11qieUSff0HGNYfuyLA","miscellaneous":""},"schema":{"@context":"https:\/\/schema.org","@graph":[{"@type":"BlogPosting","@id":"https:\/\/www.immo-invest.ch\/fr\/ausbau-im-bereich-wandloesungen\/#blogposting","name":"Extension dans le domaine des solutions murales - immo!nvest - Die Plattform f\u00fcr Standorte und Immobilien","headline":"Extension dans le domaine des solutions murales","author":{"@id":"https:\/\/www.immo-invest.ch\/fr\/author\/immovestuser\/#author"},"publisher":{"@id":"https:\/\/www.immo-invest.ch\/fr\/#organization"},"image":{"@type":"ImageObject","url":"https:\/\/www.immo-invest.ch\/wp-content\/uploads\/2025\/10\/banoviag_realistic_modern_industrial_architecture_scene_showi_d32dde53-0897-4b20-8d4c-46c5c7e88417_3.png","width":1536,"height":768},"datePublished":"2025-11-05T08:20:00+01:00","dateModified":"2025-10-31T09:54:52+01:00","inLanguage":"fr-FR","mainEntityOfPage":{"@id":"https:\/\/www.immo-invest.ch\/fr\/ausbau-im-bereich-wandloesungen\/#webpage"},"isPartOf":{"@id":"https:\/\/www.immo-invest.ch\/fr\/ausbau-im-bereich-wandloesungen\/#webpage"},"articleSection":"Entreprise, immoNews, Industrie du b\u00e2timent, Projects, Trends, Baustoffe, Building Solutions, Immoinvest, immoNews, News, Uebernahme, Facultatif"},{"@type":"BreadcrumbList","@id":"https:\/\/www.immo-invest.ch\/fr\/ausbau-im-bereich-wandloesungen\/#breadcrumblist","itemListElement":[{"@type":"ListItem","@id":"https:\/\/www.immo-invest.ch\/fr\/#listItem","position":1,"name":"Home","item":"https:\/\/www.immo-invest.ch\/fr\/","nextItem":{"@type":"ListItem","@id":"https:\/\/www.immo-invest.ch\/fr\/categories\/trends-fr\/#listItem","name":"Trends"}},{"@type":"ListItem","@id":"https:\/\/www.immo-invest.ch\/fr\/categories\/trends-fr\/#listItem","position":2,"name":"Trends","item":"https:\/\/www.immo-invest.ch\/fr\/categories\/trends-fr\/","nextItem":{"@type":"ListItem","@id":"https:\/\/www.immo-invest.ch\/fr\/categories\/trends-fr\/industrie-du-batiment\/#listItem","name":"Industrie du b\u00e2timent"},"previousItem":{"@type":"ListItem","@id":"https:\/\/www.immo-invest.ch\/fr\/#listItem","name":"Home"}},{"@type":"ListItem","@id":"https:\/\/www.immo-invest.ch\/fr\/categories\/trends-fr\/industrie-du-batiment\/#listItem","position":3,"name":"Industrie du b\u00e2timent","item":"https:\/\/www.immo-invest.ch\/fr\/categories\/trends-fr\/industrie-du-batiment\/","nextItem":{"@type":"ListItem","@id":"https:\/\/www.immo-invest.ch\/fr\/ausbau-im-bereich-wandloesungen\/#listItem","name":"Extension dans le domaine des solutions murales"},"previousItem":{"@type":"ListItem","@id":"https:\/\/www.immo-invest.ch\/fr\/categories\/trends-fr\/#listItem","name":"Trends"}},{"@type":"ListItem","@id":"https:\/\/www.immo-invest.ch\/fr\/ausbau-im-bereich-wandloesungen\/#listItem","position":4,"name":"Extension dans le domaine des solutions murales","previousItem":{"@type":"ListItem","@id":"https:\/\/www.immo-invest.ch\/fr\/categories\/trends-fr\/industrie-du-batiment\/#listItem","name":"Industrie du b\u00e2timent"}}]},{"@type":"Organization","@id":"https:\/\/www.immo-invest.ch\/fr\/#organization","name":"immo!nvest - Die Plattform f\u00fcr Standorte und Immobilien","description":"Die\u00a0Plattform f\u00fcr Standorte und Immobilien","url":"https:\/\/www.immo-invest.ch\/fr\/","email":"admin@immomedia.ag","telephone":"+41444420002","logo":{"@type":"ImageObject","url":"https:\/\/www.immo-invest.ch\/wp-content\/uploads\/2024\/09\/immoinvest_sm-scaled.jpg","@id":"https:\/\/www.immo-invest.ch\/fr\/ausbau-im-bereich-wandloesungen\/#organizationLogo","width":2560,"height":1340},"image":{"@id":"https:\/\/www.immo-invest.ch\/fr\/ausbau-im-bereich-wandloesungen\/#organizationLogo"},"sameAs":["https:\/\/www.facebook.com\/people\/Immoinvest\/100077962920504\/","https:\/\/x.com\/i\/flow\/login?redirect_after_login=immoinvest_ch","https:\/\/www.instagram.com\/immoinvest_ch\/","https:\/\/www.linkedin.com\/company\/immoinvest-swiss"]},{"@type":"Person","@id":"https:\/\/www.immo-invest.ch\/fr\/author\/immovestuser\/#author","url":"https:\/\/www.immo-invest.ch\/fr\/author\/immovestuser\/","name":"immovestuser","image":{"@type":"ImageObject","@id":"https:\/\/www.immo-invest.ch\/fr\/ausbau-im-bereich-wandloesungen\/#authorImage","url":"https:\/\/secure.gravatar.com\/avatar\/8e01f4d99f2eeea7a362ebb93305e1172a70e9293ba250f897a65c39f54cdd1e?s=96&d=mm&r=g","width":96,"height":96,"caption":"immovestuser"}},{"@type":"WebPage","@id":"https:\/\/www.immo-invest.ch\/fr\/ausbau-im-bereich-wandloesungen\/#webpage","url":"https:\/\/www.immo-invest.ch\/fr\/ausbau-im-bereich-wandloesungen\/","name":"Extension dans le domaine des solutions murales - immo!nvest - Die Plattform f\u00fcr Standorte und Immobilien","description":"Holcim a conclu un accord pour l'acquisition de Xella. Ce groupe paneurop\u00e9en de syst\u00e8mes de murs doit compl\u00e9ter le portefeuille du groupe de mat\u00e9riaux de construction zougois. Le montant de la transaction s'\u00e9l\u00e8ve \u00e0 1,85 milliard d'euros.","inLanguage":"fr-FR","isPartOf":{"@id":"https:\/\/www.immo-invest.ch\/fr\/#website"},"breadcrumb":{"@id":"https:\/\/www.immo-invest.ch\/fr\/ausbau-im-bereich-wandloesungen\/#breadcrumblist"},"author":{"@id":"https:\/\/www.immo-invest.ch\/fr\/author\/immovestuser\/#author"},"creator":{"@id":"https:\/\/www.immo-invest.ch\/fr\/author\/immovestuser\/#author"},"image":{"@type":"ImageObject","url":"https:\/\/www.immo-invest.ch\/wp-content\/uploads\/2025\/10\/banoviag_realistic_modern_industrial_architecture_scene_showi_d32dde53-0897-4b20-8d4c-46c5c7e88417_3.png","@id":"https:\/\/www.immo-invest.ch\/fr\/ausbau-im-bereich-wandloesungen\/#mainImage","width":1536,"height":768},"primaryImageOfPage":{"@id":"https:\/\/www.immo-invest.ch\/fr\/ausbau-im-bereich-wandloesungen\/#mainImage"},"datePublished":"2025-11-05T08:20:00+01:00","dateModified":"2025-10-31T09:54:52+01:00"},{"@type":"WebSite","@id":"https:\/\/www.immo-invest.ch\/fr\/#website","url":"https:\/\/www.immo-invest.ch\/fr\/","name":"immo!nvest - Die Plattform f\u00fcr Standorte und Immobilien","description":"Die\u00a0Plattform f\u00fcr Standorte und Immobilien","inLanguage":"fr-FR","publisher":{"@id":"https:\/\/www.immo-invest.ch\/fr\/#organization"}}]},"og:locale":"fr_FR","og:site_name":"immo!nvest - Die Plattform f\u00fcr Standorte und Immobilien - Die\u00a0Plattform f\u00fcr Standorte und Immobilien","og:type":"article","og:title":"Extension dans le domaine des solutions murales - immo!nvest - Die Plattform f\u00fcr Standorte und Immobilien","og:description":"Holcim a conclu un accord pour l'acquisition de Xella. Ce groupe paneurop\u00e9en de syst\u00e8mes de murs doit compl\u00e9ter le portefeuille du groupe de mat\u00e9riaux de construction zougois. Le montant de la transaction s'\u00e9l\u00e8ve \u00e0 1,85 milliard d'euros.","og:url":"https:\/\/www.immo-invest.ch\/fr\/ausbau-im-bereich-wandloesungen\/","og:image":"https:\/\/www.immo-invest.ch\/wp-content\/uploads\/2025\/10\/banoviag_realistic_modern_industrial_architecture_scene_showi_d32dde53-0897-4b20-8d4c-46c5c7e88417_3.png","og:image:secure_url":"https:\/\/www.immo-invest.ch\/wp-content\/uploads\/2025\/10\/banoviag_realistic_modern_industrial_architecture_scene_showi_d32dde53-0897-4b20-8d4c-46c5c7e88417_3.png","og:image:width":1536,"og:image:height":768,"article:published_time":"2025-11-05T07:20:00+00:00","article:modified_time":"2025-10-31T08:54:52+00:00","article:publisher":"https:\/\/www.facebook.com\/people\/Immoinvest\/100077962920504\/","twitter:card":"summary_large_image","twitter:site":"@i","twitter:title":"Extension dans le domaine des solutions murales - immo!nvest - Die Plattform f\u00fcr Standorte und Immobilien","twitter:description":"Holcim a conclu un accord pour l'acquisition de Xella. Ce groupe paneurop\u00e9en de syst\u00e8mes de murs doit compl\u00e9ter le portefeuille du groupe de mat\u00e9riaux de construction zougois. Le montant de la transaction s'\u00e9l\u00e8ve \u00e0 1,85 milliard d'euros.","twitter:creator":"@i","twitter:image":"https:\/\/www.immo-invest.ch\/wp-content\/uploads\/2025\/10\/banoviag_realistic_modern_industrial_architecture_scene_showi_d32dde53-0897-4b20-8d4c-46c5c7e88417_3.png"},"aioseo_meta_data":{"post_id":"142968","title":null,"description":null,"keywords":null,"keyphrases":{"focus":{"keyphrase":"","score":0,"analysis":{"keyphraseInTitle":{"score":0,"maxScore":9,"error":1}}},"additional":[]},"primary_term":null,"canonical_url":null,"og_title":null,"og_description":null,"og_object_type":"default","og_image_type":"default","og_image_url":null,"og_image_width":null,"og_image_height":null,"og_image_custom_url":null,"og_image_custom_fields":null,"og_video":"","og_custom_url":null,"og_article_section":null,"og_article_tags":null,"twitter_use_og":false,"twitter_card":"default","twitter_image_type":"default","twitter_image_url":null,"twitter_image_custom_url":null,"twitter_image_custom_fields":null,"twitter_title":null,"twitter_description":null,"schema":{"blockGraphs":[],"customGraphs":[],"default":{"data":{"Article":[],"Course":[],"Dataset":[],"FAQPage":[],"Movie":[],"Person":[],"Product":[],"ProductReview":[],"Car":[],"Recipe":[],"Service":[],"SoftwareApplication":[],"WebPage":[]},"graphName":"BlogPosting","isEnabled":true},"graphs":[]},"schema_type":"default","schema_type_options":null,"pillar_content":false,"robots_default":true,"robots_noindex":false,"robots_noarchive":false,"robots_nosnippet":false,"robots_nofollow":false,"robots_noimageindex":false,"robots_noodp":false,"robots_notranslate":false,"robots_max_snippet":"-1","robots_max_videopreview":"-1","robots_max_imagepreview":"large","priority":null,"frequency":"default","local_seo":null,"breadcrumb_settings":null,"limit_modified_date":false,"ai":{"faqs":[],"keyPoints":[],"titles":[],"descriptions":[],"socialPosts":{"email":[],"linkedin":[],"twitter":[],"facebook":[],"instagram":[]}},"created":"2025-10-31 08:54:54","updated":"2025-11-05 07:26:03","seo_analyzer_scan_date":null,"focus_keyword":null,"additional_keywords":null,"truseo_locale":null},"aioseo_breadcrumb":"<div class=\"aioseo-breadcrumbs\"><span class=\"aioseo-breadcrumb\">\n\t\t\t<a href=\"https:\/\/www.immo-invest.ch\/fr\/\" title=\"Home\">Home<\/a>\n\t\t<\/span><span class=\"aioseo-breadcrumb-separator\">&raquo;<\/span><span class=\"aioseo-breadcrumb\">\n\t\t\t<a href=\"https:\/\/www.immo-invest.ch\/fr\/categories\/trends-fr\/\" title=\"Trends\">Trends<\/a>\n\t\t<\/span><span class=\"aioseo-breadcrumb-separator\">&raquo;<\/span><span class=\"aioseo-breadcrumb\">\n\t\t\t<a href=\"https:\/\/www.immo-invest.ch\/fr\/categories\/trends-fr\/industrie-du-batiment\/\" title=\"Industrie du b\u00e2timent\">Industrie du b\u00e2timent<\/a>\n\t\t<\/span><span class=\"aioseo-breadcrumb-separator\">&raquo;<\/span><span class=\"aioseo-breadcrumb\">\n\t\t\tExtension dans le domaine des solutions murales\n\t\t<\/span><\/div>","aioseo_breadcrumb_json":[{"label":"Home","link":"https:\/\/www.immo-invest.ch\/fr\/"},{"label":"Trends","link":"https:\/\/www.immo-invest.ch\/fr\/categories\/trends-fr\/"},{"label":"Industrie du b\u00e2timent","link":"https:\/\/www.immo-invest.ch\/fr\/categories\/trends-fr\/industrie-du-batiment\/"},{"label":"Extension dans le domaine des solutions murales","link":"https:\/\/www.immo-invest.ch\/fr\/ausbau-im-bereich-wandloesungen\/"}],"featured_image_src":"https:\/\/www.immo-invest.ch\/wp-content\/uploads\/2025\/10\/banoviag_realistic_modern_industrial_architecture_scene_showi_d32dde53-0897-4b20-8d4c-46c5c7e88417_3-336x168.png","_links":{"self":[{"href":"https:\/\/www.immo-invest.ch\/fr\/wp-json\/wp\/v2\/posts\/142968","targetHints":{"allow":["GET"]}}],"collection":[{"href":"https:\/\/www.immo-invest.ch\/fr\/wp-json\/wp\/v2\/posts"}],"about":[{"href":"https:\/\/www.immo-invest.ch\/fr\/wp-json\/wp\/v2\/types\/post"}],"author":[{"embeddable":true,"href":"https:\/\/www.immo-invest.ch\/fr\/wp-json\/wp\/v2\/users\/2"}],"replies":[{"embeddable":true,"href":"https:\/\/www.immo-invest.ch\/fr\/wp-json\/wp\/v2\/comments?post=142968"}],"version-history":[{"count":0,"href":"https:\/\/www.immo-invest.ch\/fr\/wp-json\/wp\/v2\/posts\/142968\/revisions"}],"wp:featuredmedia":[{"embeddable":true,"href":"https:\/\/www.immo-invest.ch\/fr\/wp-json\/wp\/v2\/media\/142953"}],"wp:attachment":[{"href":"https:\/\/www.immo-invest.ch\/fr\/wp-json\/wp\/v2\/media?parent=142968"}],"wp:term":[{"taxonomy":"category","embeddable":true,"href":"https:\/\/www.immo-invest.ch\/fr\/wp-json\/wp\/v2\/categories?post=142968"},{"taxonomy":"post_tag","embeddable":true,"href":"https:\/\/www.immo-invest.ch\/fr\/wp-json\/wp\/v2\/tags?post=142968"}],"curies":[{"name":"wp","href":"https:\/\/api.w.org\/{rel}","templated":true}]}}