{"id":141978,"date":"2025-10-21T12:00:00","date_gmt":"2025-10-21T10:00:00","guid":{"rendered":"https:\/\/www.immo-invest.ch\/?p=141978"},"modified":"2025-10-21T11:39:29","modified_gmt":"2025-10-21T09:39:29","slug":"strategischer-schritt-im-europaeischen-bausektor","status":"publish","type":"post","link":"https:\/\/www.immo-invest.ch\/fr\/strategischer-schritt-im-europaeischen-bausektor\/","title":{"rendered":"Une \u00e9tape strat\u00e9gique dans le secteur europ\u00e9en de la construction"},"content":{"rendered":"<p class=\"wp-block-paragraph\">Cette int&eacute;gration permet &agrave; Holcim d&rsquo;&eacute;largir son portefeuille de produits en proposant des solutions de transformation circulaires et &agrave; haut rendement &eacute;nerg&eacute;tique sur un march&eacute; europ&eacute;en de plus de 12 milliards d&rsquo;euros. Cette d&eacute;marche s&rsquo;inscrit dans le cadre de l&rsquo;initiative strat&eacute;gique &laquo;&nbsp;NextGen Growth 2030&nbsp;&raquo;, qui se concentre sur des activit&eacute;s &agrave; forte <span class=\"glossaryLink\"  aria-describedby=\"tt\"  data-cmtooltip=\"&lt;div class=glossaryItemTitle&gt;Marge&lt;\/div&gt;&lt;div class=glossaryItemBody&gt;Gewinnspanne, prozentualer Gewinn je Leistungseinheit; Handel: Handelsspanne, Differenz zwischen An- und Verkaufspreis&lt;\/div&gt;\"  data-mobile-support=\"0\"  data-gt-translate-attributes='[{\"attribute\":\"data-cmtooltip\", \"format\":\"html\"}]' tabindex='0' role='link'>marge<\/span> au-del&agrave; des activit&eacute;s traditionnelles li&eacute;es au ciment.<\/p>\n\n\n\n\n\n<p class=\"wp-block-paragraph\">En particulier, l&rsquo;offre de produits min&eacute;raux l&eacute;gers et de b&eacute;ton cellulaire ainsi que les plateformes num&eacute;riques comme blue.sprint et Building Companion doivent renforcer la vente de syst&egrave;mes et l&rsquo;interaction entre les mat&eacute;riaux de construction, les &eacute;l&eacute;ments pr&eacute;fabriqu&eacute;s et les outils de planification num&eacute;riques. Il en r&eacute;sulte un mod&egrave;le de cr&eacute;ation de valeur int&eacute;gr&eacute; qui mise sur l&rsquo;efficacit&eacute;, la durabilit&eacute; et la s&eacute;curit&eacute; de la planification.<\/p>\n\n\n\n\n\n<p class=\"wp-block-paragraph\"><strong>Perspectives financi&egrave;res de la transaction<br><\/strong>Le prix d&rsquo;achat est de 1,85 milliard d&rsquo;euros. Cela correspond &agrave; un multiple d&rsquo;EBITDA pro forma pour 2026 d&rsquo;environ 8,9 et 6,9 respectivement, apr&egrave;s des synergies pr&eacute;vues de 60 millions d&rsquo;euros la troisi&egrave;me ann&eacute;e. Une contribution positive au b&eacute;n&eacute;fice par action et au flux de tr&eacute;sorerie disponible est attendue d&egrave;s la premi&egrave;re ann&eacute;e apr&egrave;s la cl&ocirc;ture. Le retour sur investissement devrait augmenter &agrave; partir de la troisi&egrave;me ann&eacute;e.<\/p>\n\n\n\n\n\n<p class=\"wp-block-paragraph\">L&rsquo;acquisition est soumise &agrave; l&rsquo;approbation des autorit&eacute;s et devrait &ecirc;tre finalis&eacute;e au second semestre 2026. Holcim souligne que la transaction s&rsquo;inscrit dans le cadre d&rsquo;une strat&eacute;gie de capital disciplin&eacute;e qui allie croissance durable et stabilit&eacute; financi&egrave;re.<\/p>\n\n\n\n\n\n<p class=\"wp-block-paragraph\"><strong>Importance pour la structure de l&rsquo;industrie de la construction<br><\/strong>Cette op&eacute;ration place les syst&egrave;mes de construction pr&eacute;fabriqu&eacute;s et les solutions modulaires davantage au c&oelig;ur de la cr&eacute;ation de valeur industrielle. Holcim r&eacute;pond ainsi &agrave; la demande continue de construction efficace en termes de ressources et respectueuse du climat en Europe, tout en r&eacute;pondant aux exigences r&eacute;glementaires croissantes en mati&egrave;re de technique du b&acirc;timent et d&rsquo;efficacit&eacute; &eacute;nerg&eacute;tique.<\/p>\n\n\n\n\n\n<p class=\"wp-block-paragraph\">La combinaison de l&rsquo;expertise en mat&eacute;riaux de construction, de la production avanc&eacute;e et de l&rsquo;ing&eacute;nierie num&eacute;rique repousse les limites des industries de mat&eacute;riaux classiques. Pour le secteur europ&eacute;en de la construction, cette acquisition pourrait donner une impulsion vers des processus de construction plus interconnect&eacute;s et plus industriels.<\/p>\n\n","protected":false},"excerpt":{"rendered":"<p>Holcim a sign\u00e9 un accord contraignant pour l&rsquo;acquisition du groupe europ\u00e9en Xella. L&rsquo;entreprise, qui poss\u00e8de des marques comme Ytong, Silka, Hebel et Multipor, emploie plus de 4000 personnes sur 21 march\u00e9s et r\u00e9alise un chiffre d&rsquo;affaires annuel d&rsquo;environ un milliard d&rsquo;euros. Cette acquisition devrait permettre \u00e0 Holcim de d\u00e9velopper de mani\u00e8re cibl\u00e9e son secteur Building Solutions, orient\u00e9 vers la croissance, et de consolider consid\u00e9rablement sa position de fournisseur de syst\u00e8mes de construction durables.<\/p>\n","protected":false},"author":2,"featured_media":141965,"comment_status":"open","ping_status":"open","sticky":false,"template":"","format":"standard","meta":{"pmpro_default_level":"","inline_featured_image":false,"_monsterinsights_skip_tracking":false,"footnotes":""},"categories":[22696,743,22357,22438],"tags":[40675,8883,872,3931,4360,2002],"class_list":["post-141978","post","type-post","status-publish","format-standard","has-post-thumbnail","hentry","category-entreprise","category-immonews-fr","category-industrie-du-batiment","category-trends-fr","tag-bausektor-fr","tag-expansion-fr","tag-immoinvest-fr","tag-immonews-fr","tag-nachhaltiges-bauen-fr","tag-news-fr","pmpro-has-access"],"acf":{"bild_mit_ki_erstellt_worden":[],"lead":"Holcim a sign\u00e9 un accord contraignant pour l'acquisition du groupe europ\u00e9en Xella. L'entreprise, qui poss\u00e8de des marques comme Ytong, Silka, Hebel et Multipor, emploie plus de 4000 personnes sur 21 march\u00e9s et r\u00e9alise un chiffre d'affaires annuel d'environ un milliard d'euros. Cette acquisition devrait permettre \u00e0 Holcim de d\u00e9velopper de mani\u00e8re cibl\u00e9e son secteur Building Solutions, orient\u00e9 vers la croissance, et de consolider consid\u00e9rablement sa position de fournisseur de syst\u00e8mes de construction durables.","autor":"Quelle: Swissquote, Bild: Xella","ort":"","bildunterschrift":"","bild_im_grid":false,"gallerie":"","newsim":""},"aioseo_notices":[],"aioseo_head":"\n\t\t<!-- All in One SEO 5.0.0.1 - aioseo.com -->\n\t<meta name=\"description\" content=\"Holcim a sign\u00e9 un accord contraignant pour l&#039;acquisition du groupe europ\u00e9en Xella. L&#039;entreprise, qui poss\u00e8de des marques comme Ytong, Silka, Hebel et Multipor, emploie plus de 4000 personnes sur 21 march\u00e9s et r\u00e9alise un chiffre d&#039;affaires annuel d&#039;environ un milliard d&#039;euros. Cette acquisition devrait permettre \u00e0 Holcim de d\u00e9velopper de mani\u00e8re cibl\u00e9e son secteur Building Solutions, orient\u00e9 vers la croissance, et de consolider consid\u00e9rablement sa position de fournisseur de syst\u00e8mes de construction durables.\" \/>\n\t<meta name=\"robots\" content=\"max-image-preview:large\" \/>\n\t<meta name=\"author\" content=\"immovestuser\"\/>\n\t<meta name=\"google-site-verification\" content=\"fHJKvgWpZCR2zVBHWfkQeFXC11qieUSff0HGNYfuyLA\" \/>\n\t<link rel=\"canonical\" href=\"https:\/\/www.immo-invest.ch\/fr\/strategischer-schritt-im-europaeischen-bausektor\/\" \/>\n\t<meta name=\"generator\" content=\"All in One SEO (AIOSEO) 5.0.0.1\" \/>\n\t\t<meta property=\"og:locale\" content=\"fr_FR\" \/>\n\t\t<meta property=\"og:site_name\" content=\"immo!nvest - Die Plattform f\u00fcr Standorte und Immobilien - Die\u00a0Plattform f\u00fcr Standorte und Immobilien\" \/>\n\t\t<meta property=\"og:type\" content=\"article\" \/>\n\t\t<meta property=\"og:title\" content=\"Une \u00e9tape strat\u00e9gique dans le secteur europ\u00e9en de la construction - immo!nvest - Die Plattform f\u00fcr Standorte und Immobilien\" \/>\n\t\t<meta property=\"og:description\" content=\"Holcim a sign\u00e9 un accord contraignant pour l&#039;acquisition du groupe europ\u00e9en Xella. L&#039;entreprise, qui poss\u00e8de des marques comme Ytong, Silka, Hebel et Multipor, emploie plus de 4000 personnes sur 21 march\u00e9s et r\u00e9alise un chiffre d&#039;affaires annuel d&#039;environ un milliard d&#039;euros. Cette acquisition devrait permettre \u00e0 Holcim de d\u00e9velopper de mani\u00e8re cibl\u00e9e son secteur Building Solutions, orient\u00e9 vers la croissance, et de consolider consid\u00e9rablement sa position de fournisseur de syst\u00e8mes de construction durables.\" \/>\n\t\t<meta property=\"og:url\" content=\"https:\/\/www.immo-invest.ch\/fr\/strategischer-schritt-im-europaeischen-bausektor\/\" \/>\n\t\t<meta property=\"og:image\" content=\"https:\/\/www.immo-invest.ch\/wp-content\/uploads\/2025\/10\/immo-invest-bauwirtschaft-trends-unternehmen-e1761037579887.jpg\" \/>\n\t\t<meta property=\"og:image:secure_url\" content=\"https:\/\/www.immo-invest.ch\/wp-content\/uploads\/2025\/10\/immo-invest-bauwirtschaft-trends-unternehmen-e1761037579887.jpg\" \/>\n\t\t<meta property=\"og:image:width\" content=\"2048\" \/>\n\t\t<meta property=\"og:image:height\" content=\"1365\" \/>\n\t\t<meta property=\"article:published_time\" content=\"2025-10-21T10:00:00+00:00\" \/>\n\t\t<meta property=\"article:modified_time\" content=\"2025-10-21T09:39:29+00:00\" \/>\n\t\t<meta property=\"article:publisher\" content=\"https:\/\/www.facebook.com\/people\/Immoinvest\/100077962920504\/\" \/>\n\t\t<meta name=\"twitter:card\" content=\"summary_large_image\" \/>\n\t\t<meta name=\"twitter:site\" content=\"@i\" \/>\n\t\t<meta name=\"twitter:title\" content=\"Une \u00e9tape strat\u00e9gique dans le secteur europ\u00e9en de la construction - immo!nvest - Die Plattform f\u00fcr Standorte und Immobilien\" \/>\n\t\t<meta name=\"twitter:description\" content=\"Holcim a sign\u00e9 un accord contraignant pour l&#039;acquisition du groupe europ\u00e9en Xella. L&#039;entreprise, qui poss\u00e8de des marques comme Ytong, Silka, Hebel et Multipor, emploie plus de 4000 personnes sur 21 march\u00e9s et r\u00e9alise un chiffre d&#039;affaires annuel d&#039;environ un milliard d&#039;euros. Cette acquisition devrait permettre \u00e0 Holcim de d\u00e9velopper de mani\u00e8re cibl\u00e9e son secteur Building Solutions, orient\u00e9 vers la croissance, et de consolider consid\u00e9rablement sa position de fournisseur de syst\u00e8mes de construction durables.\" \/>\n\t\t<meta name=\"twitter:creator\" content=\"@i\" \/>\n\t\t<meta name=\"twitter:image\" content=\"https:\/\/www.immo-invest.ch\/wp-content\/uploads\/2025\/10\/immo-invest-bauwirtschaft-trends-unternehmen-e1761037579887.jpg\" \/>\n\t\t<script type=\"application\/ld+json\" class=\"aioseo-schema\">\n\t\t\t{\"@context\":\"https:\\\/\\\/schema.org\",\"@graph\":[{\"@type\":\"BlogPosting\",\"@id\":\"https:\\\/\\\/www.immo-invest.ch\\\/fr\\\/strategischer-schritt-im-europaeischen-bausektor\\\/#blogposting\",\"name\":\"Une \\u00e9tape strat\\u00e9gique dans le secteur europ\\u00e9en de la construction - immo!nvest - Die Plattform f\\u00fcr Standorte und Immobilien\",\"headline\":\"Une \\u00e9tape strat\\u00e9gique dans le secteur europ\\u00e9en de la construction\",\"author\":{\"@id\":\"https:\\\/\\\/www.immo-invest.ch\\\/fr\\\/author\\\/immovestuser\\\/#author\"},\"publisher\":{\"@id\":\"https:\\\/\\\/www.immo-invest.ch\\\/fr\\\/#organization\"},\"image\":{\"@type\":\"ImageObject\",\"url\":\"https:\\\/\\\/www.immo-invest.ch\\\/wp-content\\\/uploads\\\/2025\\\/10\\\/immo-invest-bauwirtschaft-trends-unternehmen-e1761037579887.jpg\",\"width\":2048,\"height\":1365},\"datePublished\":\"2025-10-21T12:00:00+02:00\",\"dateModified\":\"2025-10-21T11:39:29+02:00\",\"inLanguage\":\"fr-FR\",\"mainEntityOfPage\":{\"@id\":\"https:\\\/\\\/www.immo-invest.ch\\\/fr\\\/strategischer-schritt-im-europaeischen-bausektor\\\/#webpage\"},\"isPartOf\":{\"@id\":\"https:\\\/\\\/www.immo-invest.ch\\\/fr\\\/strategischer-schritt-im-europaeischen-bausektor\\\/#webpage\"},\"articleSection\":\"Entreprise, immoNews, Industrie du b\\u00e2timent, Trends, Bausektor, Expansion, Immoinvest, immoNews, nachhaltiges Bauen, News, Facultatif\"},{\"@type\":\"BreadcrumbList\",\"@id\":\"https:\\\/\\\/www.immo-invest.ch\\\/fr\\\/strategischer-schritt-im-europaeischen-bausektor\\\/#breadcrumblist\",\"itemListElement\":[{\"@type\":\"ListItem\",\"@id\":\"https:\\\/\\\/www.immo-invest.ch\\\/fr\\\/#listItem\",\"position\":1,\"name\":\"Home\",\"item\":\"https:\\\/\\\/www.immo-invest.ch\\\/fr\\\/\",\"nextItem\":{\"@type\":\"ListItem\",\"@id\":\"https:\\\/\\\/www.immo-invest.ch\\\/fr\\\/categories\\\/trends-fr\\\/#listItem\",\"name\":\"Trends\"}},{\"@type\":\"ListItem\",\"@id\":\"https:\\\/\\\/www.immo-invest.ch\\\/fr\\\/categories\\\/trends-fr\\\/#listItem\",\"position\":2,\"name\":\"Trends\",\"item\":\"https:\\\/\\\/www.immo-invest.ch\\\/fr\\\/categories\\\/trends-fr\\\/\",\"nextItem\":{\"@type\":\"ListItem\",\"@id\":\"https:\\\/\\\/www.immo-invest.ch\\\/fr\\\/categories\\\/trends-fr\\\/industrie-du-batiment\\\/#listItem\",\"name\":\"Industrie du b\\u00e2timent\"},\"previousItem\":{\"@type\":\"ListItem\",\"@id\":\"https:\\\/\\\/www.immo-invest.ch\\\/fr\\\/#listItem\",\"name\":\"Home\"}},{\"@type\":\"ListItem\",\"@id\":\"https:\\\/\\\/www.immo-invest.ch\\\/fr\\\/categories\\\/trends-fr\\\/industrie-du-batiment\\\/#listItem\",\"position\":3,\"name\":\"Industrie du b\\u00e2timent\",\"item\":\"https:\\\/\\\/www.immo-invest.ch\\\/fr\\\/categories\\\/trends-fr\\\/industrie-du-batiment\\\/\",\"nextItem\":{\"@type\":\"ListItem\",\"@id\":\"https:\\\/\\\/www.immo-invest.ch\\\/fr\\\/strategischer-schritt-im-europaeischen-bausektor\\\/#listItem\",\"name\":\"Une \\u00e9tape strat\\u00e9gique dans le secteur europ\\u00e9en de la construction\"},\"previousItem\":{\"@type\":\"ListItem\",\"@id\":\"https:\\\/\\\/www.immo-invest.ch\\\/fr\\\/categories\\\/trends-fr\\\/#listItem\",\"name\":\"Trends\"}},{\"@type\":\"ListItem\",\"@id\":\"https:\\\/\\\/www.immo-invest.ch\\\/fr\\\/strategischer-schritt-im-europaeischen-bausektor\\\/#listItem\",\"position\":4,\"name\":\"Une \\u00e9tape strat\\u00e9gique dans le secteur europ\\u00e9en de la construction\",\"previousItem\":{\"@type\":\"ListItem\",\"@id\":\"https:\\\/\\\/www.immo-invest.ch\\\/fr\\\/categories\\\/trends-fr\\\/industrie-du-batiment\\\/#listItem\",\"name\":\"Industrie du b\\u00e2timent\"}}]},{\"@type\":\"Organization\",\"@id\":\"https:\\\/\\\/www.immo-invest.ch\\\/fr\\\/#organization\",\"name\":\"immo!nvest - Die Plattform f\\u00fcr Standorte und Immobilien\",\"description\":\"Die\\u00a0Plattform f\\u00fcr Standorte und Immobilien\",\"url\":\"https:\\\/\\\/www.immo-invest.ch\\\/fr\\\/\",\"email\":\"admin@immomedia.ag\",\"telephone\":\"+41444420002\",\"logo\":{\"@type\":\"ImageObject\",\"url\":\"https:\\\/\\\/www.immo-invest.ch\\\/wp-content\\\/uploads\\\/2024\\\/09\\\/immoinvest_sm-scaled.jpg\",\"@id\":\"https:\\\/\\\/www.immo-invest.ch\\\/fr\\\/strategischer-schritt-im-europaeischen-bausektor\\\/#organizationLogo\",\"width\":2560,\"height\":1340},\"image\":{\"@id\":\"https:\\\/\\\/www.immo-invest.ch\\\/fr\\\/strategischer-schritt-im-europaeischen-bausektor\\\/#organizationLogo\"},\"sameAs\":[\"https:\\\/\\\/www.facebook.com\\\/people\\\/Immoinvest\\\/100077962920504\\\/\",\"https:\\\/\\\/x.com\\\/i\\\/flow\\\/login?redirect_after_login=immoinvest_ch\",\"https:\\\/\\\/www.instagram.com\\\/immoinvest_ch\\\/\",\"https:\\\/\\\/www.linkedin.com\\\/company\\\/immoinvest-swiss\"]},{\"@type\":\"Person\",\"@id\":\"https:\\\/\\\/www.immo-invest.ch\\\/fr\\\/author\\\/immovestuser\\\/#author\",\"url\":\"https:\\\/\\\/www.immo-invest.ch\\\/fr\\\/author\\\/immovestuser\\\/\",\"name\":\"immovestuser\",\"image\":{\"@type\":\"ImageObject\",\"@id\":\"https:\\\/\\\/www.immo-invest.ch\\\/fr\\\/strategischer-schritt-im-europaeischen-bausektor\\\/#authorImage\",\"url\":\"https:\\\/\\\/secure.gravatar.com\\\/avatar\\\/8e01f4d99f2eeea7a362ebb93305e1172a70e9293ba250f897a65c39f54cdd1e?s=96&d=mm&r=g\",\"width\":96,\"height\":96,\"caption\":\"immovestuser\"}},{\"@type\":\"WebPage\",\"@id\":\"https:\\\/\\\/www.immo-invest.ch\\\/fr\\\/strategischer-schritt-im-europaeischen-bausektor\\\/#webpage\",\"url\":\"https:\\\/\\\/www.immo-invest.ch\\\/fr\\\/strategischer-schritt-im-europaeischen-bausektor\\\/\",\"name\":\"Une \\u00e9tape strat\\u00e9gique dans le secteur europ\\u00e9en de la construction - immo!nvest - Die Plattform f\\u00fcr Standorte und Immobilien\",\"description\":\"Holcim a sign\\u00e9 un accord contraignant pour l'acquisition du groupe europ\\u00e9en Xella. L'entreprise, qui poss\\u00e8de des marques comme Ytong, Silka, Hebel et Multipor, emploie plus de 4000 personnes sur 21 march\\u00e9s et r\\u00e9alise un chiffre d'affaires annuel d'environ un milliard d'euros. Cette acquisition devrait permettre \\u00e0 Holcim de d\\u00e9velopper de mani\\u00e8re cibl\\u00e9e son secteur Building Solutions, orient\\u00e9 vers la croissance, et de consolider consid\\u00e9rablement sa position de fournisseur de syst\\u00e8mes de construction durables.\",\"inLanguage\":\"fr-FR\",\"isPartOf\":{\"@id\":\"https:\\\/\\\/www.immo-invest.ch\\\/fr\\\/#website\"},\"breadcrumb\":{\"@id\":\"https:\\\/\\\/www.immo-invest.ch\\\/fr\\\/strategischer-schritt-im-europaeischen-bausektor\\\/#breadcrumblist\"},\"author\":{\"@id\":\"https:\\\/\\\/www.immo-invest.ch\\\/fr\\\/author\\\/immovestuser\\\/#author\"},\"creator\":{\"@id\":\"https:\\\/\\\/www.immo-invest.ch\\\/fr\\\/author\\\/immovestuser\\\/#author\"},\"image\":{\"@type\":\"ImageObject\",\"url\":\"https:\\\/\\\/www.immo-invest.ch\\\/wp-content\\\/uploads\\\/2025\\\/10\\\/immo-invest-bauwirtschaft-trends-unternehmen-e1761037579887.jpg\",\"@id\":\"https:\\\/\\\/www.immo-invest.ch\\\/fr\\\/strategischer-schritt-im-europaeischen-bausektor\\\/#mainImage\",\"width\":2048,\"height\":1365},\"primaryImageOfPage\":{\"@id\":\"https:\\\/\\\/www.immo-invest.ch\\\/fr\\\/strategischer-schritt-im-europaeischen-bausektor\\\/#mainImage\"},\"datePublished\":\"2025-10-21T12:00:00+02:00\",\"dateModified\":\"2025-10-21T11:39:29+02:00\"},{\"@type\":\"WebSite\",\"@id\":\"https:\\\/\\\/www.immo-invest.ch\\\/fr\\\/#website\",\"url\":\"https:\\\/\\\/www.immo-invest.ch\\\/fr\\\/\",\"name\":\"immo!nvest - Die Plattform f\\u00fcr Standorte und Immobilien\",\"description\":\"Die\\u00a0Plattform f\\u00fcr Standorte und Immobilien\",\"inLanguage\":\"fr-FR\",\"publisher\":{\"@id\":\"https:\\\/\\\/www.immo-invest.ch\\\/fr\\\/#organization\"}}]}\n\t\t<\/script>\n\t\t<!-- All in One SEO -->\n\n","aioseo_head_json":{"title":"Une \u00e9tape strat\u00e9gique dans le secteur europ\u00e9en de la construction - immo!nvest - Die Plattform f\u00fcr Standorte und Immobilien","description":"Holcim a sign\u00e9 un accord contraignant pour l'acquisition du groupe europ\u00e9en Xella. L'entreprise, qui poss\u00e8de des marques comme Ytong, Silka, Hebel et Multipor, emploie plus de 4000 personnes sur 21 march\u00e9s et r\u00e9alise un chiffre d'affaires annuel d'environ un milliard d'euros. Cette acquisition devrait permettre \u00e0 Holcim de d\u00e9velopper de mani\u00e8re cibl\u00e9e son secteur Building Solutions, orient\u00e9 vers la croissance, et de consolider consid\u00e9rablement sa position de fournisseur de syst\u00e8mes de construction durables.","canonical_url":"https:\/\/www.immo-invest.ch\/fr\/strategischer-schritt-im-europaeischen-bausektor\/","robots":"max-image-preview:large","keywords":"","webmasterTools":{"google-site-verification":"fHJKvgWpZCR2zVBHWfkQeFXC11qieUSff0HGNYfuyLA","miscellaneous":""},"schema":{"@context":"https:\/\/schema.org","@graph":[{"@type":"BlogPosting","@id":"https:\/\/www.immo-invest.ch\/fr\/strategischer-schritt-im-europaeischen-bausektor\/#blogposting","name":"Une \u00e9tape strat\u00e9gique dans le secteur europ\u00e9en de la construction - immo!nvest - Die Plattform f\u00fcr Standorte und Immobilien","headline":"Une \u00e9tape strat\u00e9gique dans le secteur europ\u00e9en de la construction","author":{"@id":"https:\/\/www.immo-invest.ch\/fr\/author\/immovestuser\/#author"},"publisher":{"@id":"https:\/\/www.immo-invest.ch\/fr\/#organization"},"image":{"@type":"ImageObject","url":"https:\/\/www.immo-invest.ch\/wp-content\/uploads\/2025\/10\/immo-invest-bauwirtschaft-trends-unternehmen-e1761037579887.jpg","width":2048,"height":1365},"datePublished":"2025-10-21T12:00:00+02:00","dateModified":"2025-10-21T11:39:29+02:00","inLanguage":"fr-FR","mainEntityOfPage":{"@id":"https:\/\/www.immo-invest.ch\/fr\/strategischer-schritt-im-europaeischen-bausektor\/#webpage"},"isPartOf":{"@id":"https:\/\/www.immo-invest.ch\/fr\/strategischer-schritt-im-europaeischen-bausektor\/#webpage"},"articleSection":"Entreprise, immoNews, Industrie du b\u00e2timent, Trends, Bausektor, Expansion, Immoinvest, immoNews, nachhaltiges Bauen, News, Facultatif"},{"@type":"BreadcrumbList","@id":"https:\/\/www.immo-invest.ch\/fr\/strategischer-schritt-im-europaeischen-bausektor\/#breadcrumblist","itemListElement":[{"@type":"ListItem","@id":"https:\/\/www.immo-invest.ch\/fr\/#listItem","position":1,"name":"Home","item":"https:\/\/www.immo-invest.ch\/fr\/","nextItem":{"@type":"ListItem","@id":"https:\/\/www.immo-invest.ch\/fr\/categories\/trends-fr\/#listItem","name":"Trends"}},{"@type":"ListItem","@id":"https:\/\/www.immo-invest.ch\/fr\/categories\/trends-fr\/#listItem","position":2,"name":"Trends","item":"https:\/\/www.immo-invest.ch\/fr\/categories\/trends-fr\/","nextItem":{"@type":"ListItem","@id":"https:\/\/www.immo-invest.ch\/fr\/categories\/trends-fr\/industrie-du-batiment\/#listItem","name":"Industrie du b\u00e2timent"},"previousItem":{"@type":"ListItem","@id":"https:\/\/www.immo-invest.ch\/fr\/#listItem","name":"Home"}},{"@type":"ListItem","@id":"https:\/\/www.immo-invest.ch\/fr\/categories\/trends-fr\/industrie-du-batiment\/#listItem","position":3,"name":"Industrie du b\u00e2timent","item":"https:\/\/www.immo-invest.ch\/fr\/categories\/trends-fr\/industrie-du-batiment\/","nextItem":{"@type":"ListItem","@id":"https:\/\/www.immo-invest.ch\/fr\/strategischer-schritt-im-europaeischen-bausektor\/#listItem","name":"Une \u00e9tape strat\u00e9gique dans le secteur europ\u00e9en de la construction"},"previousItem":{"@type":"ListItem","@id":"https:\/\/www.immo-invest.ch\/fr\/categories\/trends-fr\/#listItem","name":"Trends"}},{"@type":"ListItem","@id":"https:\/\/www.immo-invest.ch\/fr\/strategischer-schritt-im-europaeischen-bausektor\/#listItem","position":4,"name":"Une \u00e9tape strat\u00e9gique dans le secteur europ\u00e9en de la construction","previousItem":{"@type":"ListItem","@id":"https:\/\/www.immo-invest.ch\/fr\/categories\/trends-fr\/industrie-du-batiment\/#listItem","name":"Industrie du b\u00e2timent"}}]},{"@type":"Organization","@id":"https:\/\/www.immo-invest.ch\/fr\/#organization","name":"immo!nvest - Die Plattform f\u00fcr Standorte und Immobilien","description":"Die\u00a0Plattform f\u00fcr Standorte und Immobilien","url":"https:\/\/www.immo-invest.ch\/fr\/","email":"admin@immomedia.ag","telephone":"+41444420002","logo":{"@type":"ImageObject","url":"https:\/\/www.immo-invest.ch\/wp-content\/uploads\/2024\/09\/immoinvest_sm-scaled.jpg","@id":"https:\/\/www.immo-invest.ch\/fr\/strategischer-schritt-im-europaeischen-bausektor\/#organizationLogo","width":2560,"height":1340},"image":{"@id":"https:\/\/www.immo-invest.ch\/fr\/strategischer-schritt-im-europaeischen-bausektor\/#organizationLogo"},"sameAs":["https:\/\/www.facebook.com\/people\/Immoinvest\/100077962920504\/","https:\/\/x.com\/i\/flow\/login?redirect_after_login=immoinvest_ch","https:\/\/www.instagram.com\/immoinvest_ch\/","https:\/\/www.linkedin.com\/company\/immoinvest-swiss"]},{"@type":"Person","@id":"https:\/\/www.immo-invest.ch\/fr\/author\/immovestuser\/#author","url":"https:\/\/www.immo-invest.ch\/fr\/author\/immovestuser\/","name":"immovestuser","image":{"@type":"ImageObject","@id":"https:\/\/www.immo-invest.ch\/fr\/strategischer-schritt-im-europaeischen-bausektor\/#authorImage","url":"https:\/\/secure.gravatar.com\/avatar\/8e01f4d99f2eeea7a362ebb93305e1172a70e9293ba250f897a65c39f54cdd1e?s=96&d=mm&r=g","width":96,"height":96,"caption":"immovestuser"}},{"@type":"WebPage","@id":"https:\/\/www.immo-invest.ch\/fr\/strategischer-schritt-im-europaeischen-bausektor\/#webpage","url":"https:\/\/www.immo-invest.ch\/fr\/strategischer-schritt-im-europaeischen-bausektor\/","name":"Une \u00e9tape strat\u00e9gique dans le secteur europ\u00e9en de la construction - immo!nvest - Die Plattform f\u00fcr Standorte und Immobilien","description":"Holcim a sign\u00e9 un accord contraignant pour l'acquisition du groupe europ\u00e9en Xella. L'entreprise, qui poss\u00e8de des marques comme Ytong, Silka, Hebel et Multipor, emploie plus de 4000 personnes sur 21 march\u00e9s et r\u00e9alise un chiffre d'affaires annuel d'environ un milliard d'euros. Cette acquisition devrait permettre \u00e0 Holcim de d\u00e9velopper de mani\u00e8re cibl\u00e9e son secteur Building Solutions, orient\u00e9 vers la croissance, et de consolider consid\u00e9rablement sa position de fournisseur de syst\u00e8mes de construction durables.","inLanguage":"fr-FR","isPartOf":{"@id":"https:\/\/www.immo-invest.ch\/fr\/#website"},"breadcrumb":{"@id":"https:\/\/www.immo-invest.ch\/fr\/strategischer-schritt-im-europaeischen-bausektor\/#breadcrumblist"},"author":{"@id":"https:\/\/www.immo-invest.ch\/fr\/author\/immovestuser\/#author"},"creator":{"@id":"https:\/\/www.immo-invest.ch\/fr\/author\/immovestuser\/#author"},"image":{"@type":"ImageObject","url":"https:\/\/www.immo-invest.ch\/wp-content\/uploads\/2025\/10\/immo-invest-bauwirtschaft-trends-unternehmen-e1761037579887.jpg","@id":"https:\/\/www.immo-invest.ch\/fr\/strategischer-schritt-im-europaeischen-bausektor\/#mainImage","width":2048,"height":1365},"primaryImageOfPage":{"@id":"https:\/\/www.immo-invest.ch\/fr\/strategischer-schritt-im-europaeischen-bausektor\/#mainImage"},"datePublished":"2025-10-21T12:00:00+02:00","dateModified":"2025-10-21T11:39:29+02:00"},{"@type":"WebSite","@id":"https:\/\/www.immo-invest.ch\/fr\/#website","url":"https:\/\/www.immo-invest.ch\/fr\/","name":"immo!nvest - Die Plattform f\u00fcr Standorte und Immobilien","description":"Die\u00a0Plattform f\u00fcr Standorte und Immobilien","inLanguage":"fr-FR","publisher":{"@id":"https:\/\/www.immo-invest.ch\/fr\/#organization"}}]},"og:locale":"fr_FR","og:site_name":"immo!nvest - Die Plattform f\u00fcr Standorte und Immobilien - Die\u00a0Plattform f\u00fcr Standorte und Immobilien","og:type":"article","og:title":"Une \u00e9tape strat\u00e9gique dans le secteur europ\u00e9en de la construction - immo!nvest - Die Plattform f\u00fcr Standorte und Immobilien","og:description":"Holcim a sign\u00e9 un accord contraignant pour l'acquisition du groupe europ\u00e9en Xella. L'entreprise, qui poss\u00e8de des marques comme Ytong, Silka, Hebel et Multipor, emploie plus de 4000 personnes sur 21 march\u00e9s et r\u00e9alise un chiffre d'affaires annuel d'environ un milliard d'euros. Cette acquisition devrait permettre \u00e0 Holcim de d\u00e9velopper de mani\u00e8re cibl\u00e9e son secteur Building Solutions, orient\u00e9 vers la croissance, et de consolider consid\u00e9rablement sa position de fournisseur de syst\u00e8mes de construction durables.","og:url":"https:\/\/www.immo-invest.ch\/fr\/strategischer-schritt-im-europaeischen-bausektor\/","og:image":"https:\/\/www.immo-invest.ch\/wp-content\/uploads\/2025\/10\/immo-invest-bauwirtschaft-trends-unternehmen-e1761037579887.jpg","og:image:secure_url":"https:\/\/www.immo-invest.ch\/wp-content\/uploads\/2025\/10\/immo-invest-bauwirtschaft-trends-unternehmen-e1761037579887.jpg","og:image:width":2048,"og:image:height":1365,"article:published_time":"2025-10-21T10:00:00+00:00","article:modified_time":"2025-10-21T09:39:29+00:00","article:publisher":"https:\/\/www.facebook.com\/people\/Immoinvest\/100077962920504\/","twitter:card":"summary_large_image","twitter:site":"@i","twitter:title":"Une \u00e9tape strat\u00e9gique dans le secteur europ\u00e9en de la construction - immo!nvest - Die Plattform f\u00fcr Standorte und Immobilien","twitter:description":"Holcim a sign\u00e9 un accord contraignant pour l'acquisition du groupe europ\u00e9en Xella. L'entreprise, qui poss\u00e8de des marques comme Ytong, Silka, Hebel et Multipor, emploie plus de 4000 personnes sur 21 march\u00e9s et r\u00e9alise un chiffre d'affaires annuel d'environ un milliard d'euros. Cette acquisition devrait permettre \u00e0 Holcim de d\u00e9velopper de mani\u00e8re cibl\u00e9e son secteur Building Solutions, orient\u00e9 vers la croissance, et de consolider consid\u00e9rablement sa position de fournisseur de syst\u00e8mes de construction durables.","twitter:creator":"@i","twitter:image":"https:\/\/www.immo-invest.ch\/wp-content\/uploads\/2025\/10\/immo-invest-bauwirtschaft-trends-unternehmen-e1761037579887.jpg"},"aioseo_meta_data":{"post_id":"141978","title":null,"description":null,"keywords":null,"keyphrases":{"focus":{"keyphrase":"","score":0,"analysis":{"keyphraseInTitle":{"score":0,"maxScore":9,"error":1}}},"additional":[]},"primary_term":null,"canonical_url":null,"og_title":null,"og_description":null,"og_object_type":"default","og_image_type":"default","og_image_url":null,"og_image_width":null,"og_image_height":null,"og_image_custom_url":null,"og_image_custom_fields":null,"og_video":"","og_custom_url":null,"og_article_section":null,"og_article_tags":null,"twitter_use_og":false,"twitter_card":"default","twitter_image_type":"default","twitter_image_url":null,"twitter_image_custom_url":null,"twitter_image_custom_fields":null,"twitter_title":null,"twitter_description":null,"schema":{"blockGraphs":[],"customGraphs":[],"default":{"data":{"Article":[],"Course":[],"Dataset":[],"FAQPage":[],"Movie":[],"Person":[],"Product":[],"ProductReview":[],"Car":[],"Recipe":[],"Service":[],"SoftwareApplication":[],"WebPage":[]},"graphName":"BlogPosting","isEnabled":true},"graphs":[]},"schema_type":"default","schema_type_options":null,"pillar_content":false,"robots_default":true,"robots_noindex":false,"robots_noarchive":false,"robots_nosnippet":false,"robots_nofollow":false,"robots_noimageindex":false,"robots_noodp":false,"robots_notranslate":false,"robots_max_snippet":"-1","robots_max_videopreview":"-1","robots_max_imagepreview":"large","priority":null,"frequency":"default","local_seo":null,"breadcrumb_settings":null,"limit_modified_date":false,"ai":{"faqs":[],"keyPoints":[],"titles":[],"descriptions":[],"socialPosts":{"email":[],"linkedin":[],"twitter":[],"facebook":[],"instagram":[]}},"created":"2025-10-21 09:34:32","updated":"2025-10-25 03:35:12","seo_analyzer_scan_date":null,"focus_keyword":null,"additional_keywords":null,"truseo_locale":null},"aioseo_breadcrumb":"<div class=\"aioseo-breadcrumbs\"><span class=\"aioseo-breadcrumb\">\n\t\t\t<a href=\"https:\/\/www.immo-invest.ch\/fr\/\" title=\"Home\">Home<\/a>\n\t\t<\/span><span class=\"aioseo-breadcrumb-separator\">&raquo;<\/span><span class=\"aioseo-breadcrumb\">\n\t\t\t<a href=\"https:\/\/www.immo-invest.ch\/fr\/categories\/trends-fr\/\" title=\"Trends\">Trends<\/a>\n\t\t<\/span><span class=\"aioseo-breadcrumb-separator\">&raquo;<\/span><span class=\"aioseo-breadcrumb\">\n\t\t\t<a href=\"https:\/\/www.immo-invest.ch\/fr\/categories\/trends-fr\/industrie-du-batiment\/\" title=\"Industrie du b\u00e2timent\">Industrie du b\u00e2timent<\/a>\n\t\t<\/span><span class=\"aioseo-breadcrumb-separator\">&raquo;<\/span><span class=\"aioseo-breadcrumb\">\n\t\t\tUne \u00e9tape strat\u00e9gique dans le secteur europ\u00e9en de la construction\n\t\t<\/span><\/div>","aioseo_breadcrumb_json":[{"label":"Home","link":"https:\/\/www.immo-invest.ch\/fr\/"},{"label":"Trends","link":"https:\/\/www.immo-invest.ch\/fr\/categories\/trends-fr\/"},{"label":"Industrie du b\u00e2timent","link":"https:\/\/www.immo-invest.ch\/fr\/categories\/trends-fr\/industrie-du-batiment\/"},{"label":"Une \u00e9tape strat\u00e9gique dans le secteur europ\u00e9en de la construction","link":"https:\/\/www.immo-invest.ch\/fr\/strategischer-schritt-im-europaeischen-bausektor\/"}],"featured_image_src":"https:\/\/www.immo-invest.ch\/wp-content\/uploads\/2025\/10\/immo-invest-bauwirtschaft-trends-unternehmen-336x168.jpg","_links":{"self":[{"href":"https:\/\/www.immo-invest.ch\/fr\/wp-json\/wp\/v2\/posts\/141978","targetHints":{"allow":["GET"]}}],"collection":[{"href":"https:\/\/www.immo-invest.ch\/fr\/wp-json\/wp\/v2\/posts"}],"about":[{"href":"https:\/\/www.immo-invest.ch\/fr\/wp-json\/wp\/v2\/types\/post"}],"author":[{"embeddable":true,"href":"https:\/\/www.immo-invest.ch\/fr\/wp-json\/wp\/v2\/users\/2"}],"replies":[{"embeddable":true,"href":"https:\/\/www.immo-invest.ch\/fr\/wp-json\/wp\/v2\/comments?post=141978"}],"version-history":[{"count":0,"href":"https:\/\/www.immo-invest.ch\/fr\/wp-json\/wp\/v2\/posts\/141978\/revisions"}],"wp:featuredmedia":[{"embeddable":true,"href":"https:\/\/www.immo-invest.ch\/fr\/wp-json\/wp\/v2\/media\/141965"}],"wp:attachment":[{"href":"https:\/\/www.immo-invest.ch\/fr\/wp-json\/wp\/v2\/media?parent=141978"}],"wp:term":[{"taxonomy":"category","embeddable":true,"href":"https:\/\/www.immo-invest.ch\/fr\/wp-json\/wp\/v2\/categories?post=141978"},{"taxonomy":"post_tag","embeddable":true,"href":"https:\/\/www.immo-invest.ch\/fr\/wp-json\/wp\/v2\/tags?post=141978"}],"curies":[{"name":"wp","href":"https:\/\/api.w.org\/{rel}","templated":true}]}}